{"id":139950,"date":"2013-12-02T00:00:00","date_gmt":"2013-12-02T00:00:00","guid":{"rendered":"http:\/\/kt.printandscreen.rs\/stankoviq-vetem-bisedat-i-zgjidhin-problemet\/"},"modified":"2024-07-30T20:14:07","modified_gmt":"2024-07-30T20:14:07","slug":"stankoviq-vetem-bisedat-i-zgjidhin-problemet","status":"publish","type":"post","link":"https:\/\/kt.gov.rs\/sq\/stankoviq-vetem-bisedat-i-zgjidhin-problemet\/","title":{"rendered":"STANKOVIQ: VET\u00cbM BISEDAT I ZGJIDHIN PROBLEM\u00cbT"},"content":{"rendered":"<p>\n\t<img decoding=\"async\" alt=\"\" src=\"https:\/\/kt.gov.rs\/wp-content\/uploads\/2024\/07\/newspic358vv-4.jpg\" style=\"width: 640px; height: 366px;\" \/><\/p>\n<p>\n\tKryetari i Trupit koordinues Qeveris\u00eb Republik\u00ebs s\u00eb S\u00ebrbis\u00eb p\u00ebr komunat Preshev\u00eb, Bujanoc dhe Medvegj\u00eb, Zoran Stankoviq, ka deklaruar sot q\u00eb kusht\u00ebzimi askujt nuk i sjell mir\u00eb e as lider\u00ebve shqiptar\u00eb nga ajo zon\u00eb, t\u00eb cil\u00ebt ashtu jan\u00eb shprehur dhe ka cekur se vet\u00ebm bisedat munden ti zgjidhin problemet.<\/p>\n<p>\n\tStankoviqi ka th\u00ebn\u00eb se pret shum\u00eb shpejt prap t\u00eb ulen n\u00eb tryez t\u00eb bisedimeve dhe ka cekur q\u00eb Qeveria e S\u00ebrbis\u00eb \u00ebsht\u00eb p\u00ebr vazhdimin e bisedimeve t\u00eb cilat duhen t\u00eb zgjidhen t\u00eb gjitha ato pyetje p\u00ebr cilat p\u00ebrfaqsuesit e bashk\u00ebsis\u00eb shqiptare mendojn\u00eb q\u00eb jan\u00eb problematike.<\/p>\n<p>\n\tStankoviqi duke folur p\u00ebr k\u00ebrkesat e liderve shqiptar\u00eb mbi rradhitjene e gjykatave dhe prokurorive n\u00eb at\u00eb zone, ka th\u00ebn\u00eb q\u00eb numri i atyre caktohet n\u00eb baz\u00eb t\u00eb numrit t\u00eb l\u00ebnd\u00ebve p\u00ebr gjyqtar\u00eb.<\/p>\n<p>\n\tStankoviqi ka cekur q\u00eb edhe p\u00ebr k\u00ebt\u00eb duhet b\u00ebr\u00eb llogari rreth p\u00ebrmbajtjes s\u00eb popullsis\u00eb dhe p\u00ebr disa kriteriume, jo vet\u00ebm p\u00ebr k\u00ebt\u00eb mjedis, patjet\u00ebr duhen pak t\u00eb ndryshohen dhe t\u00eb p\u00ebrshtaten.<\/p>\n<p>\n\tGjithasht, aj ka rikujtuar se do t\u00eb formohet sh\u00ebrbimi i notar\u00ebve q\u00eb do ta marrin nj\u00eb pjes\u00eb t\u00eb madhe t\u00eb pun\u00ebs s\u00eb gjykatave, si dhe notar\u00ebt do t\u00eb jen\u00eb n\u00eb at\u00eb mjedis, kurse n\u00eb Preshev\u00eb do t\u00eb caktohet edhe \u201cdita gjykimit\u201d kur gjykats\u00ebsit aty do t\u00eb vijn\u00eb.<\/p>\n<p>\n\tVet\u00ebm bisedat munden me i zgjidh\u00eb t\u00eb gjitha kto dyshimet q\u00eb jan\u00eb formuar artificialisht, ka th\u00ebn\u00eb Stankoviqi, i cili ka spejguar q\u00eb \u00ebsht\u00eb p\u00ebrdorimi i flamurit t\u00eb bashksive nacionale e rregulluar me ligj\u00eb.<\/p>\n<p>\n\tSipas fjal\u00ebve t\u00eb tij, flamuri i shqiptar\u00ebve, t\u00eb cilin Shqiptar\u00ebt e p\u00ebrdorin n\u00ebp\u00ebr festa, patjet\u00ebr duhet n\u00eb ndonj\u00eb detal t\u00eb dalloj n\u00eb p\u00ebrpuethshm\u00ebri me flamurin e shtetit t\u00eb Shqip\u00ebris\u00eb.<\/p>\n<p>\n\tDuke biseduar p\u00ebr bisedat me p\u00ebrfaqsuesit e bashksis\u00eb shqiptare, Stankoviqi ka th\u00ebn\u00eb q\u00eb \u00ebsht\u00eb me r\u00ebnd\u00ebsi q\u00eb ato biseda t\u00eb ken\u00eb ndokend si \u201cd\u00ebshmitar\u00eb\u201d ose garancion q\u00eb \u00ebsht\u00eb arritur marveshja, ku roli \u00ebsht\u00eb p\u00ebr OSBE-n\u00eb ku informohen edhe subjektet tjera nd\u00ebrkomb\u00ebtare. \u00a0<\/p>\n<p>\n\t<strong>Burimi: Tanjug dhe Trupi koordinues<\/strong><\/p>\n<p>\n\t\u00a0<\/p>\n","protected":false},"excerpt":{"rendered":"<p>Kryetari i Trupit koordinues Qeveris\u00eb Republik\u00ebs s\u00eb S\u00ebrbis\u00eb p\u00ebr komunat Preshev\u00eb, Bujanoc dhe Medvegj\u00eb, Zoran Stankoviq, ka deklaruar sot q\u00eb kusht\u00ebzimi askujt nuk i sjell mir\u00eb e as lider\u00ebve shqiptar\u00eb nga ajo zon\u00eb, t\u00eb cil\u00ebt ashtu jan\u00eb shprehur dhe ka cekur se vet\u00ebm bisedat munden\u2026<\/p>\n","protected":false},"author":1,"featured_media":139955,"comment_status":"closed","ping_status":"closed","sticky":false,"template":"","format":"standard","meta":{"footnotes":""},"categories":[55],"tags":[],"class_list":["post-139950","post","type-post","status-publish","format-standard","has-post-thumbnail","hentry","category-lajme"],"yoast_head":"<!-- This site is optimized with the Yoast SEO plugin v27.5 - https:\/\/yoast.com\/product\/yoast-seo-wordpress\/ -->\n<title>STANKOVIQ: VET\u00cbM BISEDAT I ZGJIDHIN PROBLEM\u00cbT - Republika e S\u00ebrbis\u00eb Trupi Koordinues p\u00ebr komunat Bujanoc, Preshev\u00eb dhe Medvegj\u00eb<\/title>\n<meta name=\"robots\" content=\"index, follow, max-snippet:-1, max-image-preview:large, max-video-preview:-1\" \/>\n<link rel=\"canonical\" href=\"https:\/\/kt.gov.rs\/sq\/stankoviq-vetem-bisedat-i-zgjidhin-problemet\/\" \/>\n<meta property=\"og:locale\" content=\"sq_AL\" \/>\n<meta property=\"og:type\" content=\"article\" \/>\n<meta property=\"og:title\" content=\"STANKOVIQ: VET\u00cbM BISEDAT I ZGJIDHIN PROBLEM\u00cbT - Republika e S\u00ebrbis\u00eb Trupi Koordinues p\u00ebr komunat Bujanoc, Preshev\u00eb dhe Medvegj\u00eb\" \/>\n<meta property=\"og:description\" content=\"Kryetari i Trupit koordinues Qeveris\u00eb Republik\u00ebs s\u00eb S\u00ebrbis\u00eb p\u00ebr komunat Preshev\u00eb, Bujanoc dhe Medvegj\u00eb, Zoran Stankoviq, ka deklaruar sot q\u00eb kusht\u00ebzimi askujt nuk i sjell mir\u00eb e as lider\u00ebve shqiptar\u00eb nga ajo zon\u00eb, t\u00eb cil\u00ebt ashtu jan\u00eb shprehur dhe ka cekur se vet\u00ebm bisedat munden...\" \/>\n<meta property=\"og:url\" content=\"https:\/\/kt.gov.rs\/sq\/stankoviq-vetem-bisedat-i-zgjidhin-problemet\/\" \/>\n<meta property=\"og:site_name\" content=\"Republika e S\u00ebrbis\u00eb Trupi Koordinues p\u00ebr komunat Bujanoc, Preshev\u00eb dhe Medvegj\u00eb\" \/>\n<meta property=\"article:publisher\" content=\"https:\/\/www.facebook.com\/SluzbaKoordinacionogTelaVladeRepublikeSrbije\" \/>\n<meta property=\"article:published_time\" content=\"2013-12-02T00:00:00+00:00\" \/>\n<meta property=\"article:modified_time\" content=\"2024-07-30T20:14:07+00:00\" \/>\n<meta property=\"og:image\" content=\"https:\/\/kt.gov.rs\/wp-content\/uploads\/2024\/07\/newspic358vv-5.jpg\" \/>\n\t<meta property=\"og:image:width\" content=\"640\" \/>\n\t<meta property=\"og:image:height\" content=\"366\" \/>\n\t<meta property=\"og:image:type\" content=\"image\/jpeg\" \/>\n<meta name=\"author\" content=\"ktmin\" \/>\n<meta name=\"twitter:card\" content=\"summary_large_image\" \/>\n<meta name=\"twitter:creator\" content=\"@kt_gov\" \/>\n<meta name=\"twitter:site\" content=\"@kt_gov\" \/>\n<meta name=\"twitter:label1\" content=\"Written by\" \/>\n\t<meta name=\"twitter:data1\" content=\"ktmin\" \/>\n\t<meta name=\"twitter:label2\" content=\"Est. reading time\" \/>\n\t<meta name=\"twitter:data2\" content=\"3 minutes\" \/>\n<script type=\"application\/ld+json\" class=\"yoast-schema-graph\">{\"@context\":\"https:\\\/\\\/schema.org\",\"@graph\":[{\"@type\":\"Article\",\"@id\":\"https:\\\/\\\/kt.gov.rs\\\/sq\\\/stankoviq-vetem-bisedat-i-zgjidhin-problemet\\\/#article\",\"isPartOf\":{\"@id\":\"https:\\\/\\\/kt.gov.rs\\\/sq\\\/stankoviq-vetem-bisedat-i-zgjidhin-problemet\\\/\"},\"author\":{\"name\":\"ktmin\",\"@id\":\"https:\\\/\\\/kt.gov.rs\\\/#\\\/schema\\\/person\\\/e426459ddb4173309103390602694571\"},\"headline\":\"STANKOVIQ: VET\u00cbM BISEDAT I ZGJIDHIN PROBLEM\u00cbT\",\"datePublished\":\"2013-12-02T00:00:00+00:00\",\"dateModified\":\"2024-07-30T20:14:07+00:00\",\"mainEntityOfPage\":{\"@id\":\"https:\\\/\\\/kt.gov.rs\\\/sq\\\/stankoviq-vetem-bisedat-i-zgjidhin-problemet\\\/\"},\"wordCount\":531,\"publisher\":{\"@id\":\"https:\\\/\\\/kt.gov.rs\\\/#organization\"},\"image\":{\"@id\":\"https:\\\/\\\/kt.gov.rs\\\/sq\\\/stankoviq-vetem-bisedat-i-zgjidhin-problemet\\\/#primaryimage\"},\"thumbnailUrl\":\"https:\\\/\\\/kt.gov.rs\\\/wp-content\\\/uploads\\\/2024\\\/07\\\/newspic358vv-5.jpg\",\"articleSection\":[\"Lajme\"],\"inLanguage\":\"sq-AL\"},{\"@type\":\"WebPage\",\"@id\":\"https:\\\/\\\/kt.gov.rs\\\/sq\\\/stankoviq-vetem-bisedat-i-zgjidhin-problemet\\\/\",\"url\":\"https:\\\/\\\/kt.gov.rs\\\/sq\\\/stankoviq-vetem-bisedat-i-zgjidhin-problemet\\\/\",\"name\":\"STANKOVIQ: VET\u00cbM BISEDAT I ZGJIDHIN PROBLEM\u00cbT - Republika e S\u00ebrbis\u00eb Trupi Koordinues p\u00ebr komunat Bujanoc, Preshev\u00eb dhe Medvegj\u00eb\",\"isPartOf\":{\"@id\":\"https:\\\/\\\/kt.gov.rs\\\/#website\"},\"primaryImageOfPage\":{\"@id\":\"https:\\\/\\\/kt.gov.rs\\\/sq\\\/stankoviq-vetem-bisedat-i-zgjidhin-problemet\\\/#primaryimage\"},\"image\":{\"@id\":\"https:\\\/\\\/kt.gov.rs\\\/sq\\\/stankoviq-vetem-bisedat-i-zgjidhin-problemet\\\/#primaryimage\"},\"thumbnailUrl\":\"https:\\\/\\\/kt.gov.rs\\\/wp-content\\\/uploads\\\/2024\\\/07\\\/newspic358vv-5.jpg\",\"datePublished\":\"2013-12-02T00:00:00+00:00\",\"dateModified\":\"2024-07-30T20:14:07+00:00\",\"breadcrumb\":{\"@id\":\"https:\\\/\\\/kt.gov.rs\\\/sq\\\/stankoviq-vetem-bisedat-i-zgjidhin-problemet\\\/#breadcrumb\"},\"inLanguage\":\"sq-AL\",\"potentialAction\":[{\"@type\":\"ReadAction\",\"target\":[\"https:\\\/\\\/kt.gov.rs\\\/sq\\\/stankoviq-vetem-bisedat-i-zgjidhin-problemet\\\/\"]}]},{\"@type\":\"ImageObject\",\"inLanguage\":\"sq-AL\",\"@id\":\"https:\\\/\\\/kt.gov.rs\\\/sq\\\/stankoviq-vetem-bisedat-i-zgjidhin-problemet\\\/#primaryimage\",\"url\":\"https:\\\/\\\/kt.gov.rs\\\/wp-content\\\/uploads\\\/2024\\\/07\\\/newspic358vv-5.jpg\",\"contentUrl\":\"https:\\\/\\\/kt.gov.rs\\\/wp-content\\\/uploads\\\/2024\\\/07\\\/newspic358vv-5.jpg\",\"width\":640,\"height\":366},{\"@type\":\"BreadcrumbList\",\"@id\":\"https:\\\/\\\/kt.gov.rs\\\/sq\\\/stankoviq-vetem-bisedat-i-zgjidhin-problemet\\\/#breadcrumb\",\"itemListElement\":[{\"@type\":\"ListItem\",\"position\":1,\"name\":\"\u041f\u043e\u0447\u0435\u0442\u043d\u0430\",\"item\":\"https:\\\/\\\/kt.gov.rs\\\/sq\\\/\"},{\"@type\":\"ListItem\",\"position\":2,\"name\":\"STANKOVIQ: VET\u00cbM BISEDAT I ZGJIDHIN PROBLEM\u00cbT\"}]},{\"@type\":\"WebSite\",\"@id\":\"https:\\\/\\\/kt.gov.rs\\\/#website\",\"url\":\"https:\\\/\\\/kt.gov.rs\\\/\",\"name\":\"\u041a\u043e\u043e\u0440\u0434\u0438\u043d\u0430\u0446\u0438\u043e\u043d\u043e \u0442\u0435\u043b\u043e \u0412\u043b\u0430\u0434\u0435 \u0420\u0435\u043f\u0443\u0431\u043b\u0438\u043a\u0435 \u0421\u0440\u0431\u0438\u0458\u0435 \u0437\u0430 \u043e\u043f\u0448\u0442\u0438\u043d\u0435 \u041f\u0440\u0435\u0448\u0435\u0432\u043e, \u0411\u0443\u0458\u0430\u043d\u043e\u0432\u0430\u0446 \u0438 \u041c\u0435\u0434\u0432\u0435\u0452a\",\"description\":\"\",\"publisher\":{\"@id\":\"https:\\\/\\\/kt.gov.rs\\\/#organization\"},\"alternateName\":\"\u041a\u043e\u043e\u0440\u0434\u0438\u043d\u0430\u0446\u0438\u043e\u043d\u043e \u0442\u0435\u043b\u043e\",\"potentialAction\":[{\"@type\":\"SearchAction\",\"target\":{\"@type\":\"EntryPoint\",\"urlTemplate\":\"https:\\\/\\\/kt.gov.rs\\\/?s={search_term_string}\"},\"query-input\":{\"@type\":\"PropertyValueSpecification\",\"valueRequired\":true,\"valueName\":\"search_term_string\"}}],\"inLanguage\":\"sq-AL\"},{\"@type\":\"Organization\",\"@id\":\"https:\\\/\\\/kt.gov.rs\\\/#organization\",\"name\":\"\u041a\u043e\u043e\u0440\u0434\u0438\u043d\u0430\u0446\u0438\u043e\u043d\u043e \u0442\u0435\u043b\u043e \u0412\u043b\u0430\u0434\u0435 \u0420\u0435\u043f\u0443\u0431\u043b\u0438\u043a\u0435 \u0421\u0440\u0431\u0438\u0458\u0435 \u0437\u0430 \u043e\u043f\u0448\u0442\u0438\u043d\u0435 \u041f\u0440\u0435\u0448\u0435\u0432\u043e, \u0411\u0443\u0458\u0430\u043d\u043e\u0432\u0430\u0446 \u0438 \u041c\u0435\u0434\u0432\u0435\u0452a\",\"alternateName\":\"\u041a\u043e\u043e\u0440\u0434\u0438\u043d\u0430\u0446\u0438\u043e\u043d\u043e \u0442\u0435\u043b\u043e\",\"url\":\"https:\\\/\\\/kt.gov.rs\\\/\",\"logo\":{\"@type\":\"ImageObject\",\"inLanguage\":\"sq-AL\",\"@id\":\"https:\\\/\\\/kt.gov.rs\\\/#\\\/schema\\\/logo\\\/image\\\/\",\"url\":\"https:\\\/\\\/kt.gov.rs\\\/wp-content\\\/uploads\\\/2024\\\/12\\\/koord2.jpg\",\"contentUrl\":\"https:\\\/\\\/kt.gov.rs\\\/wp-content\\\/uploads\\\/2024\\\/12\\\/koord2.jpg\",\"width\":640,\"height\":480,\"caption\":\"\u041a\u043e\u043e\u0440\u0434\u0438\u043d\u0430\u0446\u0438\u043e\u043d\u043e \u0442\u0435\u043b\u043e \u0412\u043b\u0430\u0434\u0435 \u0420\u0435\u043f\u0443\u0431\u043b\u0438\u043a\u0435 \u0421\u0440\u0431\u0438\u0458\u0435 \u0437\u0430 \u043e\u043f\u0448\u0442\u0438\u043d\u0435 \u041f\u0440\u0435\u0448\u0435\u0432\u043e, \u0411\u0443\u0458\u0430\u043d\u043e\u0432\u0430\u0446 \u0438 \u041c\u0435\u0434\u0432\u0435\u0452a\"},\"image\":{\"@id\":\"https:\\\/\\\/kt.gov.rs\\\/#\\\/schema\\\/logo\\\/image\\\/\"},\"sameAs\":[\"https:\\\/\\\/www.facebook.com\\\/SluzbaKoordinacionogTelaVladeRepublikeSrbije\",\"https:\\\/\\\/x.com\\\/kt_gov\",\"https:\\\/\\\/www.youtube.com\\\/@koordinacionotelo\"]},{\"@type\":\"Person\",\"@id\":\"https:\\\/\\\/kt.gov.rs\\\/#\\\/schema\\\/person\\\/e426459ddb4173309103390602694571\",\"name\":\"ktmin\",\"image\":{\"@type\":\"ImageObject\",\"inLanguage\":\"sq-AL\",\"@id\":\"https:\\\/\\\/secure.gravatar.com\\\/avatar\\\/3985c961109853010c3fbc7ba30365bfba5db3dd6c525831d9c595c7525a615a?s=96&d=mm&r=g\",\"url\":\"https:\\\/\\\/secure.gravatar.com\\\/avatar\\\/3985c961109853010c3fbc7ba30365bfba5db3dd6c525831d9c595c7525a615a?s=96&d=mm&r=g\",\"contentUrl\":\"https:\\\/\\\/secure.gravatar.com\\\/avatar\\\/3985c961109853010c3fbc7ba30365bfba5db3dd6c525831d9c595c7525a615a?s=96&d=mm&r=g\",\"caption\":\"ktmin\"},\"sameAs\":[\"https:\\\/\\\/kt.gov.rs\"],\"url\":\"https:\\\/\\\/kt.gov.rs\\\/sq\\\/author\\\/ktmin\\\/\"}]}<\/script>\n<!-- \/ Yoast SEO plugin. -->","yoast_head_json":{"title":"STANKOVIQ: VET\u00cbM BISEDAT I ZGJIDHIN PROBLEM\u00cbT - Republika e S\u00ebrbis\u00eb Trupi Koordinues p\u00ebr komunat Bujanoc, Preshev\u00eb dhe Medvegj\u00eb","robots":{"index":"index","follow":"follow","max-snippet":"max-snippet:-1","max-image-preview":"max-image-preview:large","max-video-preview":"max-video-preview:-1"},"canonical":"https:\/\/kt.gov.rs\/sq\/stankoviq-vetem-bisedat-i-zgjidhin-problemet\/","og_locale":"sq_AL","og_type":"article","og_title":"STANKOVIQ: VET\u00cbM BISEDAT I ZGJIDHIN PROBLEM\u00cbT - Republika e S\u00ebrbis\u00eb Trupi Koordinues p\u00ebr komunat Bujanoc, Preshev\u00eb dhe Medvegj\u00eb","og_description":"Kryetari i Trupit koordinues Qeveris\u00eb Republik\u00ebs s\u00eb S\u00ebrbis\u00eb p\u00ebr komunat Preshev\u00eb, Bujanoc dhe Medvegj\u00eb, Zoran Stankoviq, ka deklaruar sot q\u00eb kusht\u00ebzimi askujt nuk i sjell mir\u00eb e as lider\u00ebve shqiptar\u00eb nga ajo zon\u00eb, t\u00eb cil\u00ebt ashtu jan\u00eb shprehur dhe ka cekur se vet\u00ebm bisedat munden...","og_url":"https:\/\/kt.gov.rs\/sq\/stankoviq-vetem-bisedat-i-zgjidhin-problemet\/","og_site_name":"Republika e S\u00ebrbis\u00eb Trupi Koordinues p\u00ebr komunat Bujanoc, Preshev\u00eb dhe Medvegj\u00eb","article_publisher":"https:\/\/www.facebook.com\/SluzbaKoordinacionogTelaVladeRepublikeSrbije","article_published_time":"2013-12-02T00:00:00+00:00","article_modified_time":"2024-07-30T20:14:07+00:00","og_image":[{"width":640,"height":366,"url":"https:\/\/kt.gov.rs\/wp-content\/uploads\/2024\/07\/newspic358vv-5.jpg","type":"image\/jpeg"}],"author":"ktmin","twitter_card":"summary_large_image","twitter_creator":"@kt_gov","twitter_site":"@kt_gov","twitter_misc":{"Written by":"ktmin","Est. reading time":"3 minutes"},"schema":{"@context":"https:\/\/schema.org","@graph":[{"@type":"Article","@id":"https:\/\/kt.gov.rs\/sq\/stankoviq-vetem-bisedat-i-zgjidhin-problemet\/#article","isPartOf":{"@id":"https:\/\/kt.gov.rs\/sq\/stankoviq-vetem-bisedat-i-zgjidhin-problemet\/"},"author":{"name":"ktmin","@id":"https:\/\/kt.gov.rs\/#\/schema\/person\/e426459ddb4173309103390602694571"},"headline":"STANKOVIQ: VET\u00cbM BISEDAT I ZGJIDHIN PROBLEM\u00cbT","datePublished":"2013-12-02T00:00:00+00:00","dateModified":"2024-07-30T20:14:07+00:00","mainEntityOfPage":{"@id":"https:\/\/kt.gov.rs\/sq\/stankoviq-vetem-bisedat-i-zgjidhin-problemet\/"},"wordCount":531,"publisher":{"@id":"https:\/\/kt.gov.rs\/#organization"},"image":{"@id":"https:\/\/kt.gov.rs\/sq\/stankoviq-vetem-bisedat-i-zgjidhin-problemet\/#primaryimage"},"thumbnailUrl":"https:\/\/kt.gov.rs\/wp-content\/uploads\/2024\/07\/newspic358vv-5.jpg","articleSection":["Lajme"],"inLanguage":"sq-AL"},{"@type":"WebPage","@id":"https:\/\/kt.gov.rs\/sq\/stankoviq-vetem-bisedat-i-zgjidhin-problemet\/","url":"https:\/\/kt.gov.rs\/sq\/stankoviq-vetem-bisedat-i-zgjidhin-problemet\/","name":"STANKOVIQ: VET\u00cbM BISEDAT I ZGJIDHIN PROBLEM\u00cbT - Republika e S\u00ebrbis\u00eb Trupi Koordinues p\u00ebr komunat Bujanoc, Preshev\u00eb dhe Medvegj\u00eb","isPartOf":{"@id":"https:\/\/kt.gov.rs\/#website"},"primaryImageOfPage":{"@id":"https:\/\/kt.gov.rs\/sq\/stankoviq-vetem-bisedat-i-zgjidhin-problemet\/#primaryimage"},"image":{"@id":"https:\/\/kt.gov.rs\/sq\/stankoviq-vetem-bisedat-i-zgjidhin-problemet\/#primaryimage"},"thumbnailUrl":"https:\/\/kt.gov.rs\/wp-content\/uploads\/2024\/07\/newspic358vv-5.jpg","datePublished":"2013-12-02T00:00:00+00:00","dateModified":"2024-07-30T20:14:07+00:00","breadcrumb":{"@id":"https:\/\/kt.gov.rs\/sq\/stankoviq-vetem-bisedat-i-zgjidhin-problemet\/#breadcrumb"},"inLanguage":"sq-AL","potentialAction":[{"@type":"ReadAction","target":["https:\/\/kt.gov.rs\/sq\/stankoviq-vetem-bisedat-i-zgjidhin-problemet\/"]}]},{"@type":"ImageObject","inLanguage":"sq-AL","@id":"https:\/\/kt.gov.rs\/sq\/stankoviq-vetem-bisedat-i-zgjidhin-problemet\/#primaryimage","url":"https:\/\/kt.gov.rs\/wp-content\/uploads\/2024\/07\/newspic358vv-5.jpg","contentUrl":"https:\/\/kt.gov.rs\/wp-content\/uploads\/2024\/07\/newspic358vv-5.jpg","width":640,"height":366},{"@type":"BreadcrumbList","@id":"https:\/\/kt.gov.rs\/sq\/stankoviq-vetem-bisedat-i-zgjidhin-problemet\/#breadcrumb","itemListElement":[{"@type":"ListItem","position":1,"name":"\u041f\u043e\u0447\u0435\u0442\u043d\u0430","item":"https:\/\/kt.gov.rs\/sq\/"},{"@type":"ListItem","position":2,"name":"STANKOVIQ: VET\u00cbM BISEDAT I ZGJIDHIN PROBLEM\u00cbT"}]},{"@type":"WebSite","@id":"https:\/\/kt.gov.rs\/#website","url":"https:\/\/kt.gov.rs\/","name":"\u041a\u043e\u043e\u0440\u0434\u0438\u043d\u0430\u0446\u0438\u043e\u043d\u043e \u0442\u0435\u043b\u043e \u0412\u043b\u0430\u0434\u0435 \u0420\u0435\u043f\u0443\u0431\u043b\u0438\u043a\u0435 \u0421\u0440\u0431\u0438\u0458\u0435 \u0437\u0430 \u043e\u043f\u0448\u0442\u0438\u043d\u0435 \u041f\u0440\u0435\u0448\u0435\u0432\u043e, \u0411\u0443\u0458\u0430\u043d\u043e\u0432\u0430\u0446 \u0438 \u041c\u0435\u0434\u0432\u0435\u0452a","description":"","publisher":{"@id":"https:\/\/kt.gov.rs\/#organization"},"alternateName":"\u041a\u043e\u043e\u0440\u0434\u0438\u043d\u0430\u0446\u0438\u043e\u043d\u043e \u0442\u0435\u043b\u043e","potentialAction":[{"@type":"SearchAction","target":{"@type":"EntryPoint","urlTemplate":"https:\/\/kt.gov.rs\/?s={search_term_string}"},"query-input":{"@type":"PropertyValueSpecification","valueRequired":true,"valueName":"search_term_string"}}],"inLanguage":"sq-AL"},{"@type":"Organization","@id":"https:\/\/kt.gov.rs\/#organization","name":"\u041a\u043e\u043e\u0440\u0434\u0438\u043d\u0430\u0446\u0438\u043e\u043d\u043e \u0442\u0435\u043b\u043e \u0412\u043b\u0430\u0434\u0435 \u0420\u0435\u043f\u0443\u0431\u043b\u0438\u043a\u0435 \u0421\u0440\u0431\u0438\u0458\u0435 \u0437\u0430 \u043e\u043f\u0448\u0442\u0438\u043d\u0435 \u041f\u0440\u0435\u0448\u0435\u0432\u043e, \u0411\u0443\u0458\u0430\u043d\u043e\u0432\u0430\u0446 \u0438 \u041c\u0435\u0434\u0432\u0435\u0452a","alternateName":"\u041a\u043e\u043e\u0440\u0434\u0438\u043d\u0430\u0446\u0438\u043e\u043d\u043e \u0442\u0435\u043b\u043e","url":"https:\/\/kt.gov.rs\/","logo":{"@type":"ImageObject","inLanguage":"sq-AL","@id":"https:\/\/kt.gov.rs\/#\/schema\/logo\/image\/","url":"https:\/\/kt.gov.rs\/wp-content\/uploads\/2024\/12\/koord2.jpg","contentUrl":"https:\/\/kt.gov.rs\/wp-content\/uploads\/2024\/12\/koord2.jpg","width":640,"height":480,"caption":"\u041a\u043e\u043e\u0440\u0434\u0438\u043d\u0430\u0446\u0438\u043e\u043d\u043e \u0442\u0435\u043b\u043e \u0412\u043b\u0430\u0434\u0435 \u0420\u0435\u043f\u0443\u0431\u043b\u0438\u043a\u0435 \u0421\u0440\u0431\u0438\u0458\u0435 \u0437\u0430 \u043e\u043f\u0448\u0442\u0438\u043d\u0435 \u041f\u0440\u0435\u0448\u0435\u0432\u043e, \u0411\u0443\u0458\u0430\u043d\u043e\u0432\u0430\u0446 \u0438 \u041c\u0435\u0434\u0432\u0435\u0452a"},"image":{"@id":"https:\/\/kt.gov.rs\/#\/schema\/logo\/image\/"},"sameAs":["https:\/\/www.facebook.com\/SluzbaKoordinacionogTelaVladeRepublikeSrbije","https:\/\/x.com\/kt_gov","https:\/\/www.youtube.com\/@koordinacionotelo"]},{"@type":"Person","@id":"https:\/\/kt.gov.rs\/#\/schema\/person\/e426459ddb4173309103390602694571","name":"ktmin","image":{"@type":"ImageObject","inLanguage":"sq-AL","@id":"https:\/\/secure.gravatar.com\/avatar\/3985c961109853010c3fbc7ba30365bfba5db3dd6c525831d9c595c7525a615a?s=96&d=mm&r=g","url":"https:\/\/secure.gravatar.com\/avatar\/3985c961109853010c3fbc7ba30365bfba5db3dd6c525831d9c595c7525a615a?s=96&d=mm&r=g","contentUrl":"https:\/\/secure.gravatar.com\/avatar\/3985c961109853010c3fbc7ba30365bfba5db3dd6c525831d9c595c7525a615a?s=96&d=mm&r=g","caption":"ktmin"},"sameAs":["https:\/\/kt.gov.rs"],"url":"https:\/\/kt.gov.rs\/sq\/author\/ktmin\/"}]}},"_links":{"self":[{"href":"https:\/\/kt.gov.rs\/sq\/wp-json\/wp\/v2\/posts\/139950","targetHints":{"allow":["GET"]}}],"collection":[{"href":"https:\/\/kt.gov.rs\/sq\/wp-json\/wp\/v2\/posts"}],"about":[{"href":"https:\/\/kt.gov.rs\/sq\/wp-json\/wp\/v2\/types\/post"}],"author":[{"embeddable":true,"href":"https:\/\/kt.gov.rs\/sq\/wp-json\/wp\/v2\/users\/1"}],"replies":[{"embeddable":true,"href":"https:\/\/kt.gov.rs\/sq\/wp-json\/wp\/v2\/comments?post=139950"}],"version-history":[{"count":1,"href":"https:\/\/kt.gov.rs\/sq\/wp-json\/wp\/v2\/posts\/139950\/revisions"}],"predecessor-version":[{"id":139954,"href":"https:\/\/kt.gov.rs\/sq\/wp-json\/wp\/v2\/posts\/139950\/revisions\/139954"}],"wp:featuredmedia":[{"embeddable":true,"href":"https:\/\/kt.gov.rs\/sq\/wp-json\/wp\/v2\/media\/139955"}],"wp:attachment":[{"href":"https:\/\/kt.gov.rs\/sq\/wp-json\/wp\/v2\/media?parent=139950"}],"wp:term":[{"taxonomy":"category","embeddable":true,"href":"https:\/\/kt.gov.rs\/sq\/wp-json\/wp\/v2\/categories?post=139950"},{"taxonomy":"post_tag","embeddable":true,"href":"https:\/\/kt.gov.rs\/sq\/wp-json\/wp\/v2\/tags?post=139950"}],"curies":[{"name":"wp","href":"https:\/\/api.w.org\/{rel}","templated":true}]}}