{"id":139934,"date":"2013-12-06T00:00:00","date_gmt":"2013-12-06T00:00:00","guid":{"rendered":"http:\/\/kt.printandscreen.rs\/projekti-zhvillimi-i-sektorit-privat-ne-jug-dhe-jugperendim-te-serbise\/"},"modified":"2024-07-30T20:14:05","modified_gmt":"2024-07-30T20:14:05","slug":"projekti-zhvillimi-i-sektorit-privat-ne-jug-dhe-jugperendim-te-serbise","status":"publish","type":"post","link":"https:\/\/kt.gov.rs\/sq\/projekti-zhvillimi-i-sektorit-privat-ne-jug-dhe-jugperendim-te-serbise\/","title":{"rendered":"PROJEKTI \u201cZHVILLIMI I SEKTORIT PRIVAT N\u00cb JUG DHE JUGPERENDIM T\u00cb S\u00cbRBIS\u00cb\u201d"},"content":{"rendered":"<p>\n\t<img decoding=\"async\" alt=\"\" src=\"https:\/\/kt.gov.rs\/wp-content\/uploads\/2024\/07\/newspic354v-8.jpg\" style=\"width: 315px; height: 220px; float: left;\" \/>Ministri i zhvillimit regjional dhe vet\u00ebqeverisjes lokale Igor Miroviq me ambasadorin e SHBA n\u00eb S\u00ebrbi Majk\u00ebll Kirbin, u.d. drejtori Agjencionit nacional p\u00ebr zhvillim regjional (ANZHR) Millosh Ignjatoviq dhe kryetarin e qytetit t\u00eb Leskovcit Goran Cvetkoviq sot kan\u00eb folur n\u00eb promovimin e Projektit \u201c Zhvillimi i sektorit privat n\u00eb jug dhe jugperendim t\u00eb S\u00ebrbis\u00eb\u201d.<\/p>\n<p>\n\tQ\u00ebllimi i k\u00ebtij projektit i cili finasohet s\u00eb bashku me Agjencionin nacional p\u00ebr zhvillim regjional, t\u00eb cilin e realizon Agjencioni amerikan p\u00ebr zhvillim nd\u00ebrkomb\u00ebtar\u00eb (USAID), \u00ebsht\u00eb p\u00ebrmisim i sektorit t\u00eb nd\u00ebrrmarjeve t\u00eb vogla dhe t\u00eb mesme dhe t\u00eb nd\u00ebrmarr\u00ebsive, rritja e shitjes, p\u00ebrmisimi i eksporit dhe krimi i vendeve t\u00eb reja t\u00eb pun\u00ebs.<\/p>\n<p>\n\tNga Ambasada e SHBA-ve \u00ebsht\u00eb deklaruar q\u00eb aj projekt p\u00ebr zhvillimin e sektorit privat t\u00eb realizohet n\u00eb 12 komuna q\u00eb ekonomikisht jan\u00eb t\u00eb prekuara n\u00eb jug dhe jugperendim t\u00eb S\u00ebrbis\u00eb, t\u00eb cilat jan\u00eb: Leskovci, Vranja, Presheva, Bujanoci, Medvegja, Rashka, Novi Pazari, Sjenica, Tutini, Priboji, Prepolja dhe Novi Varoshi.<\/p>\n<p>\n\tNga projeti p\u00ebr zhvillim e sektorit privat, vler\u00eb 4,1 milion\u00eb dollar\u00eb priten q\u00eb t\u00eb p\u00ebrmisojn\u00eb kualitetit e jet\u00ebs n\u00eb k\u00ebto dy regjione, duke i ndihmuar kompanive t\u00eb rrisin investimet dhe t\u00eb hapin vende t\u00eb reja t\u00eb pun\u00ebs p\u00ebr rritjen e tregut p\u00ebr prodhimet e veta, shkruhet n\u00eb deklarat\u00eb.<\/p>\n<p>\n\tUSAID-i dhe ANZHR do ti ndihmojn\u00eb nd\u00ebrrmarjeve t\u00eb vogla dhe t\u00eb mesme q\u00eb leht\u00eb t\u00eb fitojn\u00eb tregun e ri t\u00eb p\u00ebrmisojn\u00eb drejtimin e vet\u00eb t\u00eb praktik\u00ebs dhe p\u00ebrforcimin e prodhimit dhe tregut shoqror\u00eb. Nd\u00ebrrmarjet e reja n\u00eb pron\u00eb t\u00eb gruas dhe t\u00eb rinj\u00ebve gjitha ashtu do t\u00eb jen\u00eb t\u00eb afruara trajnim dhe mjete t\u00eb pakthyeshme.<\/p>\n<p>\n\tDrejtori i partneritetit USAID dhe Qeveria e S\u00ebrbis\u00eb n\u00eb k\u00ebt\u00eb projekt \u00ebsht\u00eb shej e p\u00ebrforcimit t\u00eb lidhjes mes dy qeverive, \u00ebsht\u00eb cekur n\u00eb njoftimin e Ambasad\u00ebs SHBA-s\u00eb. Projekti p\u00ebr zhvillim e sekrorit privat do t\u00eb shqyrtoj ANZHR n\u00ebp\u00ebrmjet rrjetit t\u00eb vet\u00eb Zhvillimit regjional t\u00eb agjencioneve.<\/p>\n<p>\n\tVlersohet se agjencioni p\u00ebr zhvillim regjional n\u00eb Leskovc\u00eb, Kralev\u00eb, Uzhic\u00eb dhe Novi Pazar\u00eb n\u00eb bashkpunim me Agjencionin MSP nga Vranja, do t\u00eb afrojn\u00eb ndihm\u00eb p\u00ebr 120 kompani orjentuese p\u00ebr eksport\u00eb dhe m\u00eb s\u00eb paku kat\u00ebr Grupe (kleser) dhe shoqata t\u00eb biznesit, q\u00eb t\u00eb mund\u00eb t\u00eb hapin vende t\u00eb reja t\u00eb pun\u00ebs dhe t\u00eb rrisin shitjen dhe eksportin n\u00ebp\u00ebrmjet ndihm\u00ebsteknike,trajnimit dhe paraqitja n\u00ebp\u00ebr panairet e trektis\u00eb.<\/p>\n<p>\n\t<strong>Burimi: Tanjug dhe Trupi koordinues<\/strong><\/p>\n<p>\n\t\u00a0<\/p>\n","protected":false},"excerpt":{"rendered":"<p>Ministri i zhvillimit regjional dhe vet\u00ebqeverisjes lokale Igor Miroviq me ambasadorin e SHBA n\u00eb S\u00ebrbi Majk\u00ebll Kirbin, u.d. drejtori Agjencionit nacional p\u00ebr zhvillim regjional (ANZHR) Millosh Ignjatoviq dhe kryetarin e qytetit t\u00eb Leskovcit Goran Cvetkoviq sot kan\u00eb folur n\u00eb promovimin e Projektit \u201c Zhvillimi i sektorit privat n\u00eb jug dhe jugperendim t\u00eb S\u00ebrbis\u00eb\u201d.<\/p>\n","protected":false},"author":1,"featured_media":139939,"comment_status":"closed","ping_status":"closed","sticky":false,"template":"","format":"standard","meta":{"footnotes":""},"categories":[55],"tags":[],"class_list":["post-139934","post","type-post","status-publish","format-standard","has-post-thumbnail","hentry","category-lajme"],"yoast_head":"<!-- This site is optimized with the Yoast SEO plugin v27.5 - https:\/\/yoast.com\/product\/yoast-seo-wordpress\/ -->\n<title>PROJEKTI \u201cZHVILLIMI I SEKTORIT PRIVAT N\u00cb JUG DHE JUGPERENDIM T\u00cb S\u00cbRBIS\u00cb\u201d - Republika e S\u00ebrbis\u00eb Trupi Koordinues p\u00ebr komunat Bujanoc, Preshev\u00eb dhe Medvegj\u00eb<\/title>\n<meta name=\"robots\" content=\"index, follow, max-snippet:-1, max-image-preview:large, max-video-preview:-1\" \/>\n<link rel=\"canonical\" href=\"https:\/\/kt.gov.rs\/sq\/projekti-zhvillimi-i-sektorit-privat-ne-jug-dhe-jugperendim-te-serbise\/\" \/>\n<meta property=\"og:locale\" content=\"sq_AL\" \/>\n<meta property=\"og:type\" content=\"article\" \/>\n<meta property=\"og:title\" content=\"PROJEKTI \u201cZHVILLIMI I SEKTORIT PRIVAT N\u00cb JUG DHE JUGPERENDIM T\u00cb S\u00cbRBIS\u00cb\u201d - Republika e S\u00ebrbis\u00eb Trupi Koordinues p\u00ebr komunat Bujanoc, Preshev\u00eb dhe Medvegj\u00eb\" \/>\n<meta property=\"og:description\" content=\"Ministri i zhvillimit regjional dhe vet\u00ebqeverisjes lokale Igor Miroviq me ambasadorin e SHBA n\u00eb S\u00ebrbi Majk\u00ebll Kirbin, u.d. drejtori Agjencionit nacional p\u00ebr zhvillim regjional (ANZHR) Millosh Ignjatoviq dhe kryetarin e qytetit t\u00eb Leskovcit Goran Cvetkoviq sot kan\u00eb folur n\u00eb promovimin e Projektit \u201c Zhvillimi i sektorit privat n\u00eb jug dhe jugperendim t\u00eb S\u00ebrbis\u00eb\u201d.\" \/>\n<meta property=\"og:url\" content=\"https:\/\/kt.gov.rs\/sq\/projekti-zhvillimi-i-sektorit-privat-ne-jug-dhe-jugperendim-te-serbise\/\" \/>\n<meta property=\"og:site_name\" content=\"Republika e S\u00ebrbis\u00eb Trupi Koordinues p\u00ebr komunat Bujanoc, Preshev\u00eb dhe Medvegj\u00eb\" \/>\n<meta property=\"article:publisher\" content=\"https:\/\/www.facebook.com\/SluzbaKoordinacionogTelaVladeRepublikeSrbije\" \/>\n<meta property=\"article:published_time\" content=\"2013-12-06T00:00:00+00:00\" \/>\n<meta property=\"article:modified_time\" content=\"2024-07-30T20:14:05+00:00\" \/>\n<meta property=\"og:image\" content=\"https:\/\/kt.gov.rs\/wp-content\/uploads\/2024\/07\/newspic354v-9.jpg\" \/>\n\t<meta property=\"og:image:width\" content=\"315\" \/>\n\t<meta property=\"og:image:height\" content=\"220\" \/>\n\t<meta property=\"og:image:type\" content=\"image\/jpeg\" \/>\n<meta name=\"author\" content=\"ktmin\" \/>\n<meta name=\"twitter:card\" content=\"summary_large_image\" \/>\n<meta name=\"twitter:creator\" content=\"@kt_gov\" \/>\n<meta name=\"twitter:site\" content=\"@kt_gov\" \/>\n<meta name=\"twitter:label1\" content=\"Written by\" \/>\n\t<meta name=\"twitter:data1\" content=\"ktmin\" \/>\n\t<meta name=\"twitter:label2\" content=\"Est. reading time\" \/>\n\t<meta name=\"twitter:data2\" content=\"3 minutes\" \/>\n<script type=\"application\/ld+json\" class=\"yoast-schema-graph\">{\"@context\":\"https:\\\/\\\/schema.org\",\"@graph\":[{\"@type\":\"Article\",\"@id\":\"https:\\\/\\\/kt.gov.rs\\\/sq\\\/projekti-zhvillimi-i-sektorit-privat-ne-jug-dhe-jugperendim-te-serbise\\\/#article\",\"isPartOf\":{\"@id\":\"https:\\\/\\\/kt.gov.rs\\\/sq\\\/projekti-zhvillimi-i-sektorit-privat-ne-jug-dhe-jugperendim-te-serbise\\\/\"},\"author\":{\"name\":\"ktmin\",\"@id\":\"https:\\\/\\\/kt.gov.rs\\\/#\\\/schema\\\/person\\\/e426459ddb4173309103390602694571\"},\"headline\":\"PROJEKTI \u201cZHVILLIMI I SEKTORIT PRIVAT N\u00cb JUG DHE JUGPERENDIM T\u00cb S\u00cbRBIS\u00cb\u201d\",\"datePublished\":\"2013-12-06T00:00:00+00:00\",\"dateModified\":\"2024-07-30T20:14:05+00:00\",\"mainEntityOfPage\":{\"@id\":\"https:\\\/\\\/kt.gov.rs\\\/sq\\\/projekti-zhvillimi-i-sektorit-privat-ne-jug-dhe-jugperendim-te-serbise\\\/\"},\"wordCount\":582,\"publisher\":{\"@id\":\"https:\\\/\\\/kt.gov.rs\\\/#organization\"},\"image\":{\"@id\":\"https:\\\/\\\/kt.gov.rs\\\/sq\\\/projekti-zhvillimi-i-sektorit-privat-ne-jug-dhe-jugperendim-te-serbise\\\/#primaryimage\"},\"thumbnailUrl\":\"https:\\\/\\\/kt.gov.rs\\\/wp-content\\\/uploads\\\/2024\\\/07\\\/newspic354v-9.jpg\",\"articleSection\":[\"Lajme\"],\"inLanguage\":\"sq-AL\"},{\"@type\":\"WebPage\",\"@id\":\"https:\\\/\\\/kt.gov.rs\\\/sq\\\/projekti-zhvillimi-i-sektorit-privat-ne-jug-dhe-jugperendim-te-serbise\\\/\",\"url\":\"https:\\\/\\\/kt.gov.rs\\\/sq\\\/projekti-zhvillimi-i-sektorit-privat-ne-jug-dhe-jugperendim-te-serbise\\\/\",\"name\":\"PROJEKTI \u201cZHVILLIMI I SEKTORIT PRIVAT N\u00cb JUG DHE JUGPERENDIM T\u00cb S\u00cbRBIS\u00cb\u201d - Republika e S\u00ebrbis\u00eb Trupi Koordinues p\u00ebr komunat Bujanoc, Preshev\u00eb dhe Medvegj\u00eb\",\"isPartOf\":{\"@id\":\"https:\\\/\\\/kt.gov.rs\\\/#website\"},\"primaryImageOfPage\":{\"@id\":\"https:\\\/\\\/kt.gov.rs\\\/sq\\\/projekti-zhvillimi-i-sektorit-privat-ne-jug-dhe-jugperendim-te-serbise\\\/#primaryimage\"},\"image\":{\"@id\":\"https:\\\/\\\/kt.gov.rs\\\/sq\\\/projekti-zhvillimi-i-sektorit-privat-ne-jug-dhe-jugperendim-te-serbise\\\/#primaryimage\"},\"thumbnailUrl\":\"https:\\\/\\\/kt.gov.rs\\\/wp-content\\\/uploads\\\/2024\\\/07\\\/newspic354v-9.jpg\",\"datePublished\":\"2013-12-06T00:00:00+00:00\",\"dateModified\":\"2024-07-30T20:14:05+00:00\",\"breadcrumb\":{\"@id\":\"https:\\\/\\\/kt.gov.rs\\\/sq\\\/projekti-zhvillimi-i-sektorit-privat-ne-jug-dhe-jugperendim-te-serbise\\\/#breadcrumb\"},\"inLanguage\":\"sq-AL\",\"potentialAction\":[{\"@type\":\"ReadAction\",\"target\":[\"https:\\\/\\\/kt.gov.rs\\\/sq\\\/projekti-zhvillimi-i-sektorit-privat-ne-jug-dhe-jugperendim-te-serbise\\\/\"]}]},{\"@type\":\"ImageObject\",\"inLanguage\":\"sq-AL\",\"@id\":\"https:\\\/\\\/kt.gov.rs\\\/sq\\\/projekti-zhvillimi-i-sektorit-privat-ne-jug-dhe-jugperendim-te-serbise\\\/#primaryimage\",\"url\":\"https:\\\/\\\/kt.gov.rs\\\/wp-content\\\/uploads\\\/2024\\\/07\\\/newspic354v-9.jpg\",\"contentUrl\":\"https:\\\/\\\/kt.gov.rs\\\/wp-content\\\/uploads\\\/2024\\\/07\\\/newspic354v-9.jpg\",\"width\":315,\"height\":220},{\"@type\":\"BreadcrumbList\",\"@id\":\"https:\\\/\\\/kt.gov.rs\\\/sq\\\/projekti-zhvillimi-i-sektorit-privat-ne-jug-dhe-jugperendim-te-serbise\\\/#breadcrumb\",\"itemListElement\":[{\"@type\":\"ListItem\",\"position\":1,\"name\":\"\u041f\u043e\u0447\u0435\u0442\u043d\u0430\",\"item\":\"https:\\\/\\\/kt.gov.rs\\\/sq\\\/\"},{\"@type\":\"ListItem\",\"position\":2,\"name\":\"PROJEKTI \u201cZHVILLIMI I SEKTORIT PRIVAT N\u00cb JUG DHE JUGPERENDIM T\u00cb S\u00cbRBIS\u00cb\u201d\"}]},{\"@type\":\"WebSite\",\"@id\":\"https:\\\/\\\/kt.gov.rs\\\/#website\",\"url\":\"https:\\\/\\\/kt.gov.rs\\\/\",\"name\":\"\u041a\u043e\u043e\u0440\u0434\u0438\u043d\u0430\u0446\u0438\u043e\u043d\u043e \u0442\u0435\u043b\u043e \u0412\u043b\u0430\u0434\u0435 \u0420\u0435\u043f\u0443\u0431\u043b\u0438\u043a\u0435 \u0421\u0440\u0431\u0438\u0458\u0435 \u0437\u0430 \u043e\u043f\u0448\u0442\u0438\u043d\u0435 \u041f\u0440\u0435\u0448\u0435\u0432\u043e, \u0411\u0443\u0458\u0430\u043d\u043e\u0432\u0430\u0446 \u0438 \u041c\u0435\u0434\u0432\u0435\u0452a\",\"description\":\"\",\"publisher\":{\"@id\":\"https:\\\/\\\/kt.gov.rs\\\/#organization\"},\"alternateName\":\"\u041a\u043e\u043e\u0440\u0434\u0438\u043d\u0430\u0446\u0438\u043e\u043d\u043e \u0442\u0435\u043b\u043e\",\"potentialAction\":[{\"@type\":\"SearchAction\",\"target\":{\"@type\":\"EntryPoint\",\"urlTemplate\":\"https:\\\/\\\/kt.gov.rs\\\/?s={search_term_string}\"},\"query-input\":{\"@type\":\"PropertyValueSpecification\",\"valueRequired\":true,\"valueName\":\"search_term_string\"}}],\"inLanguage\":\"sq-AL\"},{\"@type\":\"Organization\",\"@id\":\"https:\\\/\\\/kt.gov.rs\\\/#organization\",\"name\":\"\u041a\u043e\u043e\u0440\u0434\u0438\u043d\u0430\u0446\u0438\u043e\u043d\u043e \u0442\u0435\u043b\u043e \u0412\u043b\u0430\u0434\u0435 \u0420\u0435\u043f\u0443\u0431\u043b\u0438\u043a\u0435 \u0421\u0440\u0431\u0438\u0458\u0435 \u0437\u0430 \u043e\u043f\u0448\u0442\u0438\u043d\u0435 \u041f\u0440\u0435\u0448\u0435\u0432\u043e, \u0411\u0443\u0458\u0430\u043d\u043e\u0432\u0430\u0446 \u0438 \u041c\u0435\u0434\u0432\u0435\u0452a\",\"alternateName\":\"\u041a\u043e\u043e\u0440\u0434\u0438\u043d\u0430\u0446\u0438\u043e\u043d\u043e \u0442\u0435\u043b\u043e\",\"url\":\"https:\\\/\\\/kt.gov.rs\\\/\",\"logo\":{\"@type\":\"ImageObject\",\"inLanguage\":\"sq-AL\",\"@id\":\"https:\\\/\\\/kt.gov.rs\\\/#\\\/schema\\\/logo\\\/image\\\/\",\"url\":\"https:\\\/\\\/kt.gov.rs\\\/wp-content\\\/uploads\\\/2024\\\/12\\\/koord2.jpg\",\"contentUrl\":\"https:\\\/\\\/kt.gov.rs\\\/wp-content\\\/uploads\\\/2024\\\/12\\\/koord2.jpg\",\"width\":640,\"height\":480,\"caption\":\"\u041a\u043e\u043e\u0440\u0434\u0438\u043d\u0430\u0446\u0438\u043e\u043d\u043e \u0442\u0435\u043b\u043e \u0412\u043b\u0430\u0434\u0435 \u0420\u0435\u043f\u0443\u0431\u043b\u0438\u043a\u0435 \u0421\u0440\u0431\u0438\u0458\u0435 \u0437\u0430 \u043e\u043f\u0448\u0442\u0438\u043d\u0435 \u041f\u0440\u0435\u0448\u0435\u0432\u043e, \u0411\u0443\u0458\u0430\u043d\u043e\u0432\u0430\u0446 \u0438 \u041c\u0435\u0434\u0432\u0435\u0452a\"},\"image\":{\"@id\":\"https:\\\/\\\/kt.gov.rs\\\/#\\\/schema\\\/logo\\\/image\\\/\"},\"sameAs\":[\"https:\\\/\\\/www.facebook.com\\\/SluzbaKoordinacionogTelaVladeRepublikeSrbije\",\"https:\\\/\\\/x.com\\\/kt_gov\",\"https:\\\/\\\/www.youtube.com\\\/@koordinacionotelo\"]},{\"@type\":\"Person\",\"@id\":\"https:\\\/\\\/kt.gov.rs\\\/#\\\/schema\\\/person\\\/e426459ddb4173309103390602694571\",\"name\":\"ktmin\",\"image\":{\"@type\":\"ImageObject\",\"inLanguage\":\"sq-AL\",\"@id\":\"https:\\\/\\\/secure.gravatar.com\\\/avatar\\\/3985c961109853010c3fbc7ba30365bfba5db3dd6c525831d9c595c7525a615a?s=96&d=mm&r=g\",\"url\":\"https:\\\/\\\/secure.gravatar.com\\\/avatar\\\/3985c961109853010c3fbc7ba30365bfba5db3dd6c525831d9c595c7525a615a?s=96&d=mm&r=g\",\"contentUrl\":\"https:\\\/\\\/secure.gravatar.com\\\/avatar\\\/3985c961109853010c3fbc7ba30365bfba5db3dd6c525831d9c595c7525a615a?s=96&d=mm&r=g\",\"caption\":\"ktmin\"},\"sameAs\":[\"https:\\\/\\\/kt.gov.rs\"],\"url\":\"https:\\\/\\\/kt.gov.rs\\\/sq\\\/author\\\/ktmin\\\/\"}]}<\/script>\n<!-- \/ Yoast SEO plugin. -->","yoast_head_json":{"title":"PROJEKTI \u201cZHVILLIMI I SEKTORIT PRIVAT N\u00cb JUG DHE JUGPERENDIM T\u00cb S\u00cbRBIS\u00cb\u201d - Republika e S\u00ebrbis\u00eb Trupi Koordinues p\u00ebr komunat Bujanoc, Preshev\u00eb dhe Medvegj\u00eb","robots":{"index":"index","follow":"follow","max-snippet":"max-snippet:-1","max-image-preview":"max-image-preview:large","max-video-preview":"max-video-preview:-1"},"canonical":"https:\/\/kt.gov.rs\/sq\/projekti-zhvillimi-i-sektorit-privat-ne-jug-dhe-jugperendim-te-serbise\/","og_locale":"sq_AL","og_type":"article","og_title":"PROJEKTI \u201cZHVILLIMI I SEKTORIT PRIVAT N\u00cb JUG DHE JUGPERENDIM T\u00cb S\u00cbRBIS\u00cb\u201d - Republika e S\u00ebrbis\u00eb Trupi Koordinues p\u00ebr komunat Bujanoc, Preshev\u00eb dhe Medvegj\u00eb","og_description":"Ministri i zhvillimit regjional dhe vet\u00ebqeverisjes lokale Igor Miroviq me ambasadorin e SHBA n\u00eb S\u00ebrbi Majk\u00ebll Kirbin, u.d. drejtori Agjencionit nacional p\u00ebr zhvillim regjional (ANZHR) Millosh Ignjatoviq dhe kryetarin e qytetit t\u00eb Leskovcit Goran Cvetkoviq sot kan\u00eb folur n\u00eb promovimin e Projektit \u201c Zhvillimi i sektorit privat n\u00eb jug dhe jugperendim t\u00eb S\u00ebrbis\u00eb\u201d.","og_url":"https:\/\/kt.gov.rs\/sq\/projekti-zhvillimi-i-sektorit-privat-ne-jug-dhe-jugperendim-te-serbise\/","og_site_name":"Republika e S\u00ebrbis\u00eb Trupi Koordinues p\u00ebr komunat Bujanoc, Preshev\u00eb dhe Medvegj\u00eb","article_publisher":"https:\/\/www.facebook.com\/SluzbaKoordinacionogTelaVladeRepublikeSrbije","article_published_time":"2013-12-06T00:00:00+00:00","article_modified_time":"2024-07-30T20:14:05+00:00","og_image":[{"width":315,"height":220,"url":"https:\/\/kt.gov.rs\/wp-content\/uploads\/2024\/07\/newspic354v-9.jpg","type":"image\/jpeg"}],"author":"ktmin","twitter_card":"summary_large_image","twitter_creator":"@kt_gov","twitter_site":"@kt_gov","twitter_misc":{"Written by":"ktmin","Est. reading time":"3 minutes"},"schema":{"@context":"https:\/\/schema.org","@graph":[{"@type":"Article","@id":"https:\/\/kt.gov.rs\/sq\/projekti-zhvillimi-i-sektorit-privat-ne-jug-dhe-jugperendim-te-serbise\/#article","isPartOf":{"@id":"https:\/\/kt.gov.rs\/sq\/projekti-zhvillimi-i-sektorit-privat-ne-jug-dhe-jugperendim-te-serbise\/"},"author":{"name":"ktmin","@id":"https:\/\/kt.gov.rs\/#\/schema\/person\/e426459ddb4173309103390602694571"},"headline":"PROJEKTI \u201cZHVILLIMI I SEKTORIT PRIVAT N\u00cb JUG DHE JUGPERENDIM T\u00cb S\u00cbRBIS\u00cb\u201d","datePublished":"2013-12-06T00:00:00+00:00","dateModified":"2024-07-30T20:14:05+00:00","mainEntityOfPage":{"@id":"https:\/\/kt.gov.rs\/sq\/projekti-zhvillimi-i-sektorit-privat-ne-jug-dhe-jugperendim-te-serbise\/"},"wordCount":582,"publisher":{"@id":"https:\/\/kt.gov.rs\/#organization"},"image":{"@id":"https:\/\/kt.gov.rs\/sq\/projekti-zhvillimi-i-sektorit-privat-ne-jug-dhe-jugperendim-te-serbise\/#primaryimage"},"thumbnailUrl":"https:\/\/kt.gov.rs\/wp-content\/uploads\/2024\/07\/newspic354v-9.jpg","articleSection":["Lajme"],"inLanguage":"sq-AL"},{"@type":"WebPage","@id":"https:\/\/kt.gov.rs\/sq\/projekti-zhvillimi-i-sektorit-privat-ne-jug-dhe-jugperendim-te-serbise\/","url":"https:\/\/kt.gov.rs\/sq\/projekti-zhvillimi-i-sektorit-privat-ne-jug-dhe-jugperendim-te-serbise\/","name":"PROJEKTI \u201cZHVILLIMI I SEKTORIT PRIVAT N\u00cb JUG DHE JUGPERENDIM T\u00cb S\u00cbRBIS\u00cb\u201d - Republika e S\u00ebrbis\u00eb Trupi Koordinues p\u00ebr komunat Bujanoc, Preshev\u00eb dhe Medvegj\u00eb","isPartOf":{"@id":"https:\/\/kt.gov.rs\/#website"},"primaryImageOfPage":{"@id":"https:\/\/kt.gov.rs\/sq\/projekti-zhvillimi-i-sektorit-privat-ne-jug-dhe-jugperendim-te-serbise\/#primaryimage"},"image":{"@id":"https:\/\/kt.gov.rs\/sq\/projekti-zhvillimi-i-sektorit-privat-ne-jug-dhe-jugperendim-te-serbise\/#primaryimage"},"thumbnailUrl":"https:\/\/kt.gov.rs\/wp-content\/uploads\/2024\/07\/newspic354v-9.jpg","datePublished":"2013-12-06T00:00:00+00:00","dateModified":"2024-07-30T20:14:05+00:00","breadcrumb":{"@id":"https:\/\/kt.gov.rs\/sq\/projekti-zhvillimi-i-sektorit-privat-ne-jug-dhe-jugperendim-te-serbise\/#breadcrumb"},"inLanguage":"sq-AL","potentialAction":[{"@type":"ReadAction","target":["https:\/\/kt.gov.rs\/sq\/projekti-zhvillimi-i-sektorit-privat-ne-jug-dhe-jugperendim-te-serbise\/"]}]},{"@type":"ImageObject","inLanguage":"sq-AL","@id":"https:\/\/kt.gov.rs\/sq\/projekti-zhvillimi-i-sektorit-privat-ne-jug-dhe-jugperendim-te-serbise\/#primaryimage","url":"https:\/\/kt.gov.rs\/wp-content\/uploads\/2024\/07\/newspic354v-9.jpg","contentUrl":"https:\/\/kt.gov.rs\/wp-content\/uploads\/2024\/07\/newspic354v-9.jpg","width":315,"height":220},{"@type":"BreadcrumbList","@id":"https:\/\/kt.gov.rs\/sq\/projekti-zhvillimi-i-sektorit-privat-ne-jug-dhe-jugperendim-te-serbise\/#breadcrumb","itemListElement":[{"@type":"ListItem","position":1,"name":"\u041f\u043e\u0447\u0435\u0442\u043d\u0430","item":"https:\/\/kt.gov.rs\/sq\/"},{"@type":"ListItem","position":2,"name":"PROJEKTI \u201cZHVILLIMI I SEKTORIT PRIVAT N\u00cb JUG DHE JUGPERENDIM T\u00cb S\u00cbRBIS\u00cb\u201d"}]},{"@type":"WebSite","@id":"https:\/\/kt.gov.rs\/#website","url":"https:\/\/kt.gov.rs\/","name":"\u041a\u043e\u043e\u0440\u0434\u0438\u043d\u0430\u0446\u0438\u043e\u043d\u043e \u0442\u0435\u043b\u043e \u0412\u043b\u0430\u0434\u0435 \u0420\u0435\u043f\u0443\u0431\u043b\u0438\u043a\u0435 \u0421\u0440\u0431\u0438\u0458\u0435 \u0437\u0430 \u043e\u043f\u0448\u0442\u0438\u043d\u0435 \u041f\u0440\u0435\u0448\u0435\u0432\u043e, \u0411\u0443\u0458\u0430\u043d\u043e\u0432\u0430\u0446 \u0438 \u041c\u0435\u0434\u0432\u0435\u0452a","description":"","publisher":{"@id":"https:\/\/kt.gov.rs\/#organization"},"alternateName":"\u041a\u043e\u043e\u0440\u0434\u0438\u043d\u0430\u0446\u0438\u043e\u043d\u043e \u0442\u0435\u043b\u043e","potentialAction":[{"@type":"SearchAction","target":{"@type":"EntryPoint","urlTemplate":"https:\/\/kt.gov.rs\/?s={search_term_string}"},"query-input":{"@type":"PropertyValueSpecification","valueRequired":true,"valueName":"search_term_string"}}],"inLanguage":"sq-AL"},{"@type":"Organization","@id":"https:\/\/kt.gov.rs\/#organization","name":"\u041a\u043e\u043e\u0440\u0434\u0438\u043d\u0430\u0446\u0438\u043e\u043d\u043e \u0442\u0435\u043b\u043e \u0412\u043b\u0430\u0434\u0435 \u0420\u0435\u043f\u0443\u0431\u043b\u0438\u043a\u0435 \u0421\u0440\u0431\u0438\u0458\u0435 \u0437\u0430 \u043e\u043f\u0448\u0442\u0438\u043d\u0435 \u041f\u0440\u0435\u0448\u0435\u0432\u043e, \u0411\u0443\u0458\u0430\u043d\u043e\u0432\u0430\u0446 \u0438 \u041c\u0435\u0434\u0432\u0435\u0452a","alternateName":"\u041a\u043e\u043e\u0440\u0434\u0438\u043d\u0430\u0446\u0438\u043e\u043d\u043e \u0442\u0435\u043b\u043e","url":"https:\/\/kt.gov.rs\/","logo":{"@type":"ImageObject","inLanguage":"sq-AL","@id":"https:\/\/kt.gov.rs\/#\/schema\/logo\/image\/","url":"https:\/\/kt.gov.rs\/wp-content\/uploads\/2024\/12\/koord2.jpg","contentUrl":"https:\/\/kt.gov.rs\/wp-content\/uploads\/2024\/12\/koord2.jpg","width":640,"height":480,"caption":"\u041a\u043e\u043e\u0440\u0434\u0438\u043d\u0430\u0446\u0438\u043e\u043d\u043e \u0442\u0435\u043b\u043e \u0412\u043b\u0430\u0434\u0435 \u0420\u0435\u043f\u0443\u0431\u043b\u0438\u043a\u0435 \u0421\u0440\u0431\u0438\u0458\u0435 \u0437\u0430 \u043e\u043f\u0448\u0442\u0438\u043d\u0435 \u041f\u0440\u0435\u0448\u0435\u0432\u043e, \u0411\u0443\u0458\u0430\u043d\u043e\u0432\u0430\u0446 \u0438 \u041c\u0435\u0434\u0432\u0435\u0452a"},"image":{"@id":"https:\/\/kt.gov.rs\/#\/schema\/logo\/image\/"},"sameAs":["https:\/\/www.facebook.com\/SluzbaKoordinacionogTelaVladeRepublikeSrbije","https:\/\/x.com\/kt_gov","https:\/\/www.youtube.com\/@koordinacionotelo"]},{"@type":"Person","@id":"https:\/\/kt.gov.rs\/#\/schema\/person\/e426459ddb4173309103390602694571","name":"ktmin","image":{"@type":"ImageObject","inLanguage":"sq-AL","@id":"https:\/\/secure.gravatar.com\/avatar\/3985c961109853010c3fbc7ba30365bfba5db3dd6c525831d9c595c7525a615a?s=96&d=mm&r=g","url":"https:\/\/secure.gravatar.com\/avatar\/3985c961109853010c3fbc7ba30365bfba5db3dd6c525831d9c595c7525a615a?s=96&d=mm&r=g","contentUrl":"https:\/\/secure.gravatar.com\/avatar\/3985c961109853010c3fbc7ba30365bfba5db3dd6c525831d9c595c7525a615a?s=96&d=mm&r=g","caption":"ktmin"},"sameAs":["https:\/\/kt.gov.rs"],"url":"https:\/\/kt.gov.rs\/sq\/author\/ktmin\/"}]}},"_links":{"self":[{"href":"https:\/\/kt.gov.rs\/sq\/wp-json\/wp\/v2\/posts\/139934","targetHints":{"allow":["GET"]}}],"collection":[{"href":"https:\/\/kt.gov.rs\/sq\/wp-json\/wp\/v2\/posts"}],"about":[{"href":"https:\/\/kt.gov.rs\/sq\/wp-json\/wp\/v2\/types\/post"}],"author":[{"embeddable":true,"href":"https:\/\/kt.gov.rs\/sq\/wp-json\/wp\/v2\/users\/1"}],"replies":[{"embeddable":true,"href":"https:\/\/kt.gov.rs\/sq\/wp-json\/wp\/v2\/comments?post=139934"}],"version-history":[{"count":1,"href":"https:\/\/kt.gov.rs\/sq\/wp-json\/wp\/v2\/posts\/139934\/revisions"}],"predecessor-version":[{"id":139938,"href":"https:\/\/kt.gov.rs\/sq\/wp-json\/wp\/v2\/posts\/139934\/revisions\/139938"}],"wp:featuredmedia":[{"embeddable":true,"href":"https:\/\/kt.gov.rs\/sq\/wp-json\/wp\/v2\/media\/139939"}],"wp:attachment":[{"href":"https:\/\/kt.gov.rs\/sq\/wp-json\/wp\/v2\/media?parent=139934"}],"wp:term":[{"taxonomy":"category","embeddable":true,"href":"https:\/\/kt.gov.rs\/sq\/wp-json\/wp\/v2\/categories?post=139934"},{"taxonomy":"post_tag","embeddable":true,"href":"https:\/\/kt.gov.rs\/sq\/wp-json\/wp\/v2\/tags?post=139934"}],"curies":[{"name":"wp","href":"https:\/\/api.w.org\/{rel}","templated":true}]}}