{"id":139918,"date":"2013-12-09T00:00:00","date_gmt":"2013-12-09T00:00:00","guid":{"rendered":"http:\/\/kt.printandscreen.rs\/stankoviq-regjistrimi-i-ri-ne-jug-vitin-e-ardheshem\/"},"modified":"2024-07-30T20:14:03","modified_gmt":"2024-07-30T20:14:03","slug":"stankoviq-regjistrimi-i-ri-ne-jug-vitin-e-ardheshem","status":"publish","type":"post","link":"https:\/\/kt.gov.rs\/sq\/stankoviq-regjistrimi-i-ri-ne-jug-vitin-e-ardheshem\/","title":{"rendered":"STANKOVIQ: REGJISTRIMI I RI N\u00cb JUG VITIN E ARDH\u00cbSH\u00cbM"},"content":{"rendered":"<p>\n\t<strong><img decoding=\"async\" alt=\"\" src=\"https:\/\/kt.gov.rs\/wp-content\/uploads\/2024\/07\/newspic731-4.jpg\" style=\"width: 315px; height: 220px; float: left;\" \/>Realisht \u00ebsht\u00eb q\u00eb regjistrimi i ri n\u00eb komunat Preshev, Bujanoc dhe Medvegj\u00eb t\u00eb jet\u00eb vitin e ardh\u00ebsh\u00ebm, ka th\u00ebn\u00eb kryetari i Trupit koordinues p\u00ebr tri komunat Zoran Stankoviq. P\u00ebrshkak q\u00eb n\u00eb buxhet vitin e ardh\u00ebsh\u00ebm nuk jan\u00eb parapar\u00eb mjete p\u00ebr regjistrim, parat\u00eb do t\u00eb k\u00ebrkohen n\u00eb vend tjet\u00ebr, ka deklaruar Stankoviq. <\/strong><\/p>\n<p>\n\tKryetari i Trupit koordinues p\u00ebr komunat Preshev\u00eb, Bujanoc dhe Medvegj\u00eb Zoran Stankoviq ka th\u00ebn\u00eb q\u00eb realisht\u00eb \u00ebsht\u00eb q\u00eb regjistrimi i ri i popullsis\u00eb n\u00eb ato komuna t\u00eb b\u00ebhet vitin e ardh\u00ebsh\u00ebm.<\/p>\n<p>\n\t\u00a0\u201cPlani \u00ebsht\u00eb t\u00eb b\u00ebhet regjistrimi me kritere nd\u00ebrkomb\u00ebtare. T\u00eb zgjidhen problemet n\u00eb baz\u00eb t\u00eb Kushtetut\u00ebs dhe konventave nd\u00ebrkomb\u00ebtare, q\u00eb regjistrimi t\u00eb filloj me marveshje p\u00ebr Shqiptar\u00ebt lokal dhe me prezenc\u00ebn e bashk\u00ebsis\u00eb nd\u00ebrkomb\u00ebtare si d\u00ebshmitar\u00eb\u201d, ka th\u00ebn\u00eb Stankoviqi n\u00eb Ditarin e RTS-it<\/p>\n<p>\n\t\u00cbsht\u00eb treguar q\u00eb vet\u00ebqeverisjet lokale k\u00ebt\u00eb vit\u00eb kan\u00eb marr\u00eb shuma t\u00eb plota t\u00eb mjeteve t\u00eb cilat jan\u00eb t\u00eb parapara p\u00ebr vitin e ardh\u00ebsh\u00ebm dhe t\u00eb planifikuara mjetet adekuate, me k\u00ebt\u00eb q\u00eb Shqiptar\u00ebt nuk jan\u00eb pru n\u00eb pozit var\u00ebsie.<\/p>\n<p>\n\tStankoviqi ka th\u00ebn\u00eb q\u00eb jan\u00eb parapar\u00eb rritja e mjeteve p\u00ebr vet\u00ebqeverisjet lokale n\u00eb shum\u00eb prej dhjet\u00eb p\u00ebrqind\u00eb.<\/p>\n<p>\n\t\u00a0\u201cN\u00eb vazhdimsi 12 vite Trupi koordinues i ka drejtuar 70 milion euro p\u00ebr Bujanocin, Preshev\u00ebn dhe Medvegj\u00ebn si dhe bashk\u00ebsia nd\u00ebrkomb\u00ebtare i ka siguruar mjete shtes\u00eb\u201d, ka rikujtuar Stankoviq<\/p>\n<p>\n\tKa theksuar q\u00eb n\u00eb k\u00ebt\u00eb periudh\u00eb vet\u00ebqeverisjet lokale punojn normal dhe q\u00eb nuk ka problem n\u00eb pun\u00ebn e vet\u00ebadministrimit. Stankoviq ka th\u00ebn\u00eb q\u00eb personat e thjesht\u00eb vuajn\u00eb, p\u00ebrshkak q\u00eb nuk merremi me pyetjet ekonomike por me ato politike.<\/p>\n<p>\n\tDuke folur p\u00ebr rrjet\u00ebn e re t\u00eb gjykatave, p\u00ebr \u00e7ka Shqiptar\u00ebt nga jugu i S\u00ebrbis\u00eb jan\u00eb t\u00eb paknaqur, Stankoviq ka th\u00ebn\u00eb q\u00eb ato problem zgjidhen edhe pa regjistrimin e ri. Si ka th\u00ebn\u00eb, vet\u00ebqeverisjet lokale i kan\u00eb marr\u00eb t\u00eb gjitha mjetet q\u00eb kan\u00eb qen\u00eb t\u00eb definuara n\u00eb buxhet.<\/p>\n<p>\n\tKur \u00ebsht\u00eb fjala p\u00ebr nd\u00ebrprerjen e bisedimeve Shqiptar\u00ebt nga jugu i S\u00ebrbis\u00eb me p\u00ebrfaqsusit e Qeveris\u00eb Republik\u00ebs s\u00eb S\u00ebrbis\u00eb, Stankoviqi ka th\u00ebn\u00eb q\u00eb pret q\u00eb ato shum\u00eb shpejt t\u00eb vazhdojn\u00eb. Ka deklaruar q\u00eb n\u00eb bisedime marrin pjes\u00eb 13 ministria me shum\u00eb p\u00ebrgjegj\u00ebsi p\u00ebr njerz\u00eb. Si shembull e ka p\u00ebrmendur delagacionin e Ministris\u00eb s\u00eb sh\u00ebndetsis\u00eb t\u00eb cil\u00ebn e ka udh\u00ebhequr mistrja Sllavica Gjukiq Dejanoviq.\u00a0<\/p>\n<p>\n\t\u00a0\u201cBisedat kan\u00eb p\u00ebr q\u00ebllim zbatimin e gjith asaj q\u00eb 12 vite jan\u00eb marr\u00eb vesh\u00eb me shtetin si dhe q\u00eb k\u00ebto tri komuna t\u00eb funksionojn\u00eb si tjerat komuna\u201d, ka th\u00ebn\u00eb Stankoviq.<\/p>\n<p>\n\tKa spjeguar se bisedat nuk udh\u00ebheqen me Trupin koordinues por me Qeverin\u00eb e Republik\u00ebs s\u00eb S\u00ebrbis\u00eb dhe q\u00eb Shqiptar\u00ebt bisedat i kan\u00eb pasur me kryeministrin Daqiqin dhe Aleksad\u00ebr Vu\u00e7iqin \u00a0ka qen\u00eb n\u00eb k\u00ebrkes e tyre.<\/p>\n<p>\n\tStankoviqi ka p\u00ebrmendur q\u00eb \u00ebsht\u00eb marr\u00eb vesh q\u00eb n\u00eb \u00e7do tre muaj t\u00eb b\u00ebjn\u00eb analiz\u00ebn se kush \u00e7ka ka realizuar nga marveshja.<\/p>\n<p>\n\t<strong>Burim: RTS1 dhe Trupi koordinues<\/strong><\/p>\n<p>\n\t\u00a0<\/p>\n","protected":false},"excerpt":{"rendered":"<p>Realisht \u00ebsht\u00eb q\u00eb regjistrimi i ri n\u00eb komunat Preshev, Bujanoc dhe Medvegj\u00eb t\u00eb jet\u00eb vitin e ardh\u00ebsh\u00ebm, ka th\u00ebn\u00eb kryetari i Trupit koordinues p\u00ebr tri komunat Zoran Stankoviq. P\u00ebrshkak q\u00eb n\u00eb buxhet vitin e ardh\u00ebsh\u00ebm nuk jan\u00eb parapar\u00eb mjete p\u00ebr regjistrim\u2026<\/p>\n","protected":false},"author":1,"featured_media":139923,"comment_status":"closed","ping_status":"closed","sticky":false,"template":"","format":"standard","meta":{"footnotes":""},"categories":[55],"tags":[],"class_list":["post-139918","post","type-post","status-publish","format-standard","has-post-thumbnail","hentry","category-lajme"],"yoast_head":"<!-- This site is optimized with the Yoast SEO plugin v27.5 - https:\/\/yoast.com\/product\/yoast-seo-wordpress\/ -->\n<title>STANKOVIQ: REGJISTRIMI I RI N\u00cb JUG VITIN E ARDH\u00cbSH\u00cbM - Republika e S\u00ebrbis\u00eb Trupi Koordinues p\u00ebr komunat Bujanoc, Preshev\u00eb dhe Medvegj\u00eb<\/title>\n<meta name=\"robots\" content=\"index, follow, max-snippet:-1, max-image-preview:large, max-video-preview:-1\" \/>\n<link rel=\"canonical\" href=\"https:\/\/kt.gov.rs\/sq\/stankoviq-regjistrimi-i-ri-ne-jug-vitin-e-ardheshem\/\" \/>\n<meta property=\"og:locale\" content=\"sq_AL\" \/>\n<meta property=\"og:type\" content=\"article\" \/>\n<meta property=\"og:title\" content=\"STANKOVIQ: REGJISTRIMI I RI N\u00cb JUG VITIN E ARDH\u00cbSH\u00cbM - Republika e S\u00ebrbis\u00eb Trupi Koordinues p\u00ebr komunat Bujanoc, Preshev\u00eb dhe Medvegj\u00eb\" \/>\n<meta property=\"og:description\" content=\"Realisht \u00ebsht\u00eb q\u00eb regjistrimi i ri n\u00eb komunat Preshev, Bujanoc dhe Medvegj\u00eb t\u00eb jet\u00eb vitin e ardh\u00ebsh\u00ebm, ka th\u00ebn\u00eb kryetari i Trupit koordinues p\u00ebr tri komunat Zoran Stankoviq. P\u00ebrshkak q\u00eb n\u00eb buxhet vitin e ardh\u00ebsh\u00ebm nuk jan\u00eb parapar\u00eb mjete p\u00ebr regjistrim...\" \/>\n<meta property=\"og:url\" content=\"https:\/\/kt.gov.rs\/sq\/stankoviq-regjistrimi-i-ri-ne-jug-vitin-e-ardheshem\/\" \/>\n<meta property=\"og:site_name\" content=\"Republika e S\u00ebrbis\u00eb Trupi Koordinues p\u00ebr komunat Bujanoc, Preshev\u00eb dhe Medvegj\u00eb\" \/>\n<meta property=\"article:publisher\" content=\"https:\/\/www.facebook.com\/SluzbaKoordinacionogTelaVladeRepublikeSrbije\" \/>\n<meta property=\"article:published_time\" content=\"2013-12-09T00:00:00+00:00\" \/>\n<meta property=\"article:modified_time\" content=\"2024-07-30T20:14:03+00:00\" \/>\n<meta property=\"og:image\" content=\"https:\/\/kt.gov.rs\/wp-content\/uploads\/2024\/07\/newspic731-5.jpg\" \/>\n\t<meta property=\"og:image:width\" content=\"315\" \/>\n\t<meta property=\"og:image:height\" content=\"220\" \/>\n\t<meta property=\"og:image:type\" content=\"image\/jpeg\" \/>\n<meta name=\"author\" content=\"ktmin\" \/>\n<meta name=\"twitter:card\" content=\"summary_large_image\" \/>\n<meta name=\"twitter:creator\" content=\"@kt_gov\" \/>\n<meta name=\"twitter:site\" content=\"@kt_gov\" \/>\n<meta name=\"twitter:label1\" content=\"Written by\" \/>\n\t<meta name=\"twitter:data1\" content=\"ktmin\" \/>\n\t<meta name=\"twitter:label2\" content=\"Est. reading time\" \/>\n\t<meta name=\"twitter:data2\" content=\"4 minutes\" \/>\n<script type=\"application\/ld+json\" class=\"yoast-schema-graph\">{\"@context\":\"https:\\\/\\\/schema.org\",\"@graph\":[{\"@type\":\"Article\",\"@id\":\"https:\\\/\\\/kt.gov.rs\\\/sq\\\/stankoviq-regjistrimi-i-ri-ne-jug-vitin-e-ardheshem\\\/#article\",\"isPartOf\":{\"@id\":\"https:\\\/\\\/kt.gov.rs\\\/sq\\\/stankoviq-regjistrimi-i-ri-ne-jug-vitin-e-ardheshem\\\/\"},\"author\":{\"name\":\"ktmin\",\"@id\":\"https:\\\/\\\/kt.gov.rs\\\/#\\\/schema\\\/person\\\/e426459ddb4173309103390602694571\"},\"headline\":\"STANKOVIQ: REGJISTRIMI I RI N\u00cb JUG VITIN E ARDH\u00cbSH\u00cbM\",\"datePublished\":\"2013-12-09T00:00:00+00:00\",\"dateModified\":\"2024-07-30T20:14:03+00:00\",\"mainEntityOfPage\":{\"@id\":\"https:\\\/\\\/kt.gov.rs\\\/sq\\\/stankoviq-regjistrimi-i-ri-ne-jug-vitin-e-ardheshem\\\/\"},\"wordCount\":788,\"publisher\":{\"@id\":\"https:\\\/\\\/kt.gov.rs\\\/#organization\"},\"image\":{\"@id\":\"https:\\\/\\\/kt.gov.rs\\\/sq\\\/stankoviq-regjistrimi-i-ri-ne-jug-vitin-e-ardheshem\\\/#primaryimage\"},\"thumbnailUrl\":\"https:\\\/\\\/kt.gov.rs\\\/wp-content\\\/uploads\\\/2024\\\/07\\\/newspic731-5.jpg\",\"articleSection\":[\"Lajme\"],\"inLanguage\":\"sq-AL\"},{\"@type\":\"WebPage\",\"@id\":\"https:\\\/\\\/kt.gov.rs\\\/sq\\\/stankoviq-regjistrimi-i-ri-ne-jug-vitin-e-ardheshem\\\/\",\"url\":\"https:\\\/\\\/kt.gov.rs\\\/sq\\\/stankoviq-regjistrimi-i-ri-ne-jug-vitin-e-ardheshem\\\/\",\"name\":\"STANKOVIQ: REGJISTRIMI I RI N\u00cb JUG VITIN E ARDH\u00cbSH\u00cbM - Republika e S\u00ebrbis\u00eb Trupi Koordinues p\u00ebr komunat Bujanoc, Preshev\u00eb dhe Medvegj\u00eb\",\"isPartOf\":{\"@id\":\"https:\\\/\\\/kt.gov.rs\\\/#website\"},\"primaryImageOfPage\":{\"@id\":\"https:\\\/\\\/kt.gov.rs\\\/sq\\\/stankoviq-regjistrimi-i-ri-ne-jug-vitin-e-ardheshem\\\/#primaryimage\"},\"image\":{\"@id\":\"https:\\\/\\\/kt.gov.rs\\\/sq\\\/stankoviq-regjistrimi-i-ri-ne-jug-vitin-e-ardheshem\\\/#primaryimage\"},\"thumbnailUrl\":\"https:\\\/\\\/kt.gov.rs\\\/wp-content\\\/uploads\\\/2024\\\/07\\\/newspic731-5.jpg\",\"datePublished\":\"2013-12-09T00:00:00+00:00\",\"dateModified\":\"2024-07-30T20:14:03+00:00\",\"breadcrumb\":{\"@id\":\"https:\\\/\\\/kt.gov.rs\\\/sq\\\/stankoviq-regjistrimi-i-ri-ne-jug-vitin-e-ardheshem\\\/#breadcrumb\"},\"inLanguage\":\"sq-AL\",\"potentialAction\":[{\"@type\":\"ReadAction\",\"target\":[\"https:\\\/\\\/kt.gov.rs\\\/sq\\\/stankoviq-regjistrimi-i-ri-ne-jug-vitin-e-ardheshem\\\/\"]}]},{\"@type\":\"ImageObject\",\"inLanguage\":\"sq-AL\",\"@id\":\"https:\\\/\\\/kt.gov.rs\\\/sq\\\/stankoviq-regjistrimi-i-ri-ne-jug-vitin-e-ardheshem\\\/#primaryimage\",\"url\":\"https:\\\/\\\/kt.gov.rs\\\/wp-content\\\/uploads\\\/2024\\\/07\\\/newspic731-5.jpg\",\"contentUrl\":\"https:\\\/\\\/kt.gov.rs\\\/wp-content\\\/uploads\\\/2024\\\/07\\\/newspic731-5.jpg\",\"width\":315,\"height\":220},{\"@type\":\"BreadcrumbList\",\"@id\":\"https:\\\/\\\/kt.gov.rs\\\/sq\\\/stankoviq-regjistrimi-i-ri-ne-jug-vitin-e-ardheshem\\\/#breadcrumb\",\"itemListElement\":[{\"@type\":\"ListItem\",\"position\":1,\"name\":\"\u041f\u043e\u0447\u0435\u0442\u043d\u0430\",\"item\":\"https:\\\/\\\/kt.gov.rs\\\/sq\\\/\"},{\"@type\":\"ListItem\",\"position\":2,\"name\":\"STANKOVIQ: REGJISTRIMI I RI N\u00cb JUG VITIN E ARDH\u00cbSH\u00cbM\"}]},{\"@type\":\"WebSite\",\"@id\":\"https:\\\/\\\/kt.gov.rs\\\/#website\",\"url\":\"https:\\\/\\\/kt.gov.rs\\\/\",\"name\":\"\u041a\u043e\u043e\u0440\u0434\u0438\u043d\u0430\u0446\u0438\u043e\u043d\u043e \u0442\u0435\u043b\u043e \u0412\u043b\u0430\u0434\u0435 \u0420\u0435\u043f\u0443\u0431\u043b\u0438\u043a\u0435 \u0421\u0440\u0431\u0438\u0458\u0435 \u0437\u0430 \u043e\u043f\u0448\u0442\u0438\u043d\u0435 \u041f\u0440\u0435\u0448\u0435\u0432\u043e, \u0411\u0443\u0458\u0430\u043d\u043e\u0432\u0430\u0446 \u0438 \u041c\u0435\u0434\u0432\u0435\u0452a\",\"description\":\"\",\"publisher\":{\"@id\":\"https:\\\/\\\/kt.gov.rs\\\/#organization\"},\"alternateName\":\"\u041a\u043e\u043e\u0440\u0434\u0438\u043d\u0430\u0446\u0438\u043e\u043d\u043e \u0442\u0435\u043b\u043e\",\"potentialAction\":[{\"@type\":\"SearchAction\",\"target\":{\"@type\":\"EntryPoint\",\"urlTemplate\":\"https:\\\/\\\/kt.gov.rs\\\/?s={search_term_string}\"},\"query-input\":{\"@type\":\"PropertyValueSpecification\",\"valueRequired\":true,\"valueName\":\"search_term_string\"}}],\"inLanguage\":\"sq-AL\"},{\"@type\":\"Organization\",\"@id\":\"https:\\\/\\\/kt.gov.rs\\\/#organization\",\"name\":\"\u041a\u043e\u043e\u0440\u0434\u0438\u043d\u0430\u0446\u0438\u043e\u043d\u043e \u0442\u0435\u043b\u043e \u0412\u043b\u0430\u0434\u0435 \u0420\u0435\u043f\u0443\u0431\u043b\u0438\u043a\u0435 \u0421\u0440\u0431\u0438\u0458\u0435 \u0437\u0430 \u043e\u043f\u0448\u0442\u0438\u043d\u0435 \u041f\u0440\u0435\u0448\u0435\u0432\u043e, \u0411\u0443\u0458\u0430\u043d\u043e\u0432\u0430\u0446 \u0438 \u041c\u0435\u0434\u0432\u0435\u0452a\",\"alternateName\":\"\u041a\u043e\u043e\u0440\u0434\u0438\u043d\u0430\u0446\u0438\u043e\u043d\u043e \u0442\u0435\u043b\u043e\",\"url\":\"https:\\\/\\\/kt.gov.rs\\\/\",\"logo\":{\"@type\":\"ImageObject\",\"inLanguage\":\"sq-AL\",\"@id\":\"https:\\\/\\\/kt.gov.rs\\\/#\\\/schema\\\/logo\\\/image\\\/\",\"url\":\"https:\\\/\\\/kt.gov.rs\\\/wp-content\\\/uploads\\\/2024\\\/12\\\/koord2.jpg\",\"contentUrl\":\"https:\\\/\\\/kt.gov.rs\\\/wp-content\\\/uploads\\\/2024\\\/12\\\/koord2.jpg\",\"width\":640,\"height\":480,\"caption\":\"\u041a\u043e\u043e\u0440\u0434\u0438\u043d\u0430\u0446\u0438\u043e\u043d\u043e \u0442\u0435\u043b\u043e \u0412\u043b\u0430\u0434\u0435 \u0420\u0435\u043f\u0443\u0431\u043b\u0438\u043a\u0435 \u0421\u0440\u0431\u0438\u0458\u0435 \u0437\u0430 \u043e\u043f\u0448\u0442\u0438\u043d\u0435 \u041f\u0440\u0435\u0448\u0435\u0432\u043e, \u0411\u0443\u0458\u0430\u043d\u043e\u0432\u0430\u0446 \u0438 \u041c\u0435\u0434\u0432\u0435\u0452a\"},\"image\":{\"@id\":\"https:\\\/\\\/kt.gov.rs\\\/#\\\/schema\\\/logo\\\/image\\\/\"},\"sameAs\":[\"https:\\\/\\\/www.facebook.com\\\/SluzbaKoordinacionogTelaVladeRepublikeSrbije\",\"https:\\\/\\\/x.com\\\/kt_gov\",\"https:\\\/\\\/www.youtube.com\\\/@koordinacionotelo\"]},{\"@type\":\"Person\",\"@id\":\"https:\\\/\\\/kt.gov.rs\\\/#\\\/schema\\\/person\\\/e426459ddb4173309103390602694571\",\"name\":\"ktmin\",\"image\":{\"@type\":\"ImageObject\",\"inLanguage\":\"sq-AL\",\"@id\":\"https:\\\/\\\/secure.gravatar.com\\\/avatar\\\/3985c961109853010c3fbc7ba30365bfba5db3dd6c525831d9c595c7525a615a?s=96&d=mm&r=g\",\"url\":\"https:\\\/\\\/secure.gravatar.com\\\/avatar\\\/3985c961109853010c3fbc7ba30365bfba5db3dd6c525831d9c595c7525a615a?s=96&d=mm&r=g\",\"contentUrl\":\"https:\\\/\\\/secure.gravatar.com\\\/avatar\\\/3985c961109853010c3fbc7ba30365bfba5db3dd6c525831d9c595c7525a615a?s=96&d=mm&r=g\",\"caption\":\"ktmin\"},\"sameAs\":[\"https:\\\/\\\/kt.gov.rs\"],\"url\":\"https:\\\/\\\/kt.gov.rs\\\/sq\\\/author\\\/ktmin\\\/\"}]}<\/script>\n<!-- \/ Yoast SEO plugin. -->","yoast_head_json":{"title":"STANKOVIQ: REGJISTRIMI I RI N\u00cb JUG VITIN E ARDH\u00cbSH\u00cbM - Republika e S\u00ebrbis\u00eb Trupi Koordinues p\u00ebr komunat Bujanoc, Preshev\u00eb dhe Medvegj\u00eb","robots":{"index":"index","follow":"follow","max-snippet":"max-snippet:-1","max-image-preview":"max-image-preview:large","max-video-preview":"max-video-preview:-1"},"canonical":"https:\/\/kt.gov.rs\/sq\/stankoviq-regjistrimi-i-ri-ne-jug-vitin-e-ardheshem\/","og_locale":"sq_AL","og_type":"article","og_title":"STANKOVIQ: REGJISTRIMI I RI N\u00cb JUG VITIN E ARDH\u00cbSH\u00cbM - Republika e S\u00ebrbis\u00eb Trupi Koordinues p\u00ebr komunat Bujanoc, Preshev\u00eb dhe Medvegj\u00eb","og_description":"Realisht \u00ebsht\u00eb q\u00eb regjistrimi i ri n\u00eb komunat Preshev, Bujanoc dhe Medvegj\u00eb t\u00eb jet\u00eb vitin e ardh\u00ebsh\u00ebm, ka th\u00ebn\u00eb kryetari i Trupit koordinues p\u00ebr tri komunat Zoran Stankoviq. P\u00ebrshkak q\u00eb n\u00eb buxhet vitin e ardh\u00ebsh\u00ebm nuk jan\u00eb parapar\u00eb mjete p\u00ebr regjistrim...","og_url":"https:\/\/kt.gov.rs\/sq\/stankoviq-regjistrimi-i-ri-ne-jug-vitin-e-ardheshem\/","og_site_name":"Republika e S\u00ebrbis\u00eb Trupi Koordinues p\u00ebr komunat Bujanoc, Preshev\u00eb dhe Medvegj\u00eb","article_publisher":"https:\/\/www.facebook.com\/SluzbaKoordinacionogTelaVladeRepublikeSrbije","article_published_time":"2013-12-09T00:00:00+00:00","article_modified_time":"2024-07-30T20:14:03+00:00","og_image":[{"width":315,"height":220,"url":"https:\/\/kt.gov.rs\/wp-content\/uploads\/2024\/07\/newspic731-5.jpg","type":"image\/jpeg"}],"author":"ktmin","twitter_card":"summary_large_image","twitter_creator":"@kt_gov","twitter_site":"@kt_gov","twitter_misc":{"Written by":"ktmin","Est. reading time":"4 minutes"},"schema":{"@context":"https:\/\/schema.org","@graph":[{"@type":"Article","@id":"https:\/\/kt.gov.rs\/sq\/stankoviq-regjistrimi-i-ri-ne-jug-vitin-e-ardheshem\/#article","isPartOf":{"@id":"https:\/\/kt.gov.rs\/sq\/stankoviq-regjistrimi-i-ri-ne-jug-vitin-e-ardheshem\/"},"author":{"name":"ktmin","@id":"https:\/\/kt.gov.rs\/#\/schema\/person\/e426459ddb4173309103390602694571"},"headline":"STANKOVIQ: REGJISTRIMI I RI N\u00cb JUG VITIN E ARDH\u00cbSH\u00cbM","datePublished":"2013-12-09T00:00:00+00:00","dateModified":"2024-07-30T20:14:03+00:00","mainEntityOfPage":{"@id":"https:\/\/kt.gov.rs\/sq\/stankoviq-regjistrimi-i-ri-ne-jug-vitin-e-ardheshem\/"},"wordCount":788,"publisher":{"@id":"https:\/\/kt.gov.rs\/#organization"},"image":{"@id":"https:\/\/kt.gov.rs\/sq\/stankoviq-regjistrimi-i-ri-ne-jug-vitin-e-ardheshem\/#primaryimage"},"thumbnailUrl":"https:\/\/kt.gov.rs\/wp-content\/uploads\/2024\/07\/newspic731-5.jpg","articleSection":["Lajme"],"inLanguage":"sq-AL"},{"@type":"WebPage","@id":"https:\/\/kt.gov.rs\/sq\/stankoviq-regjistrimi-i-ri-ne-jug-vitin-e-ardheshem\/","url":"https:\/\/kt.gov.rs\/sq\/stankoviq-regjistrimi-i-ri-ne-jug-vitin-e-ardheshem\/","name":"STANKOVIQ: REGJISTRIMI I RI N\u00cb JUG VITIN E ARDH\u00cbSH\u00cbM - Republika e S\u00ebrbis\u00eb Trupi Koordinues p\u00ebr komunat Bujanoc, Preshev\u00eb dhe Medvegj\u00eb","isPartOf":{"@id":"https:\/\/kt.gov.rs\/#website"},"primaryImageOfPage":{"@id":"https:\/\/kt.gov.rs\/sq\/stankoviq-regjistrimi-i-ri-ne-jug-vitin-e-ardheshem\/#primaryimage"},"image":{"@id":"https:\/\/kt.gov.rs\/sq\/stankoviq-regjistrimi-i-ri-ne-jug-vitin-e-ardheshem\/#primaryimage"},"thumbnailUrl":"https:\/\/kt.gov.rs\/wp-content\/uploads\/2024\/07\/newspic731-5.jpg","datePublished":"2013-12-09T00:00:00+00:00","dateModified":"2024-07-30T20:14:03+00:00","breadcrumb":{"@id":"https:\/\/kt.gov.rs\/sq\/stankoviq-regjistrimi-i-ri-ne-jug-vitin-e-ardheshem\/#breadcrumb"},"inLanguage":"sq-AL","potentialAction":[{"@type":"ReadAction","target":["https:\/\/kt.gov.rs\/sq\/stankoviq-regjistrimi-i-ri-ne-jug-vitin-e-ardheshem\/"]}]},{"@type":"ImageObject","inLanguage":"sq-AL","@id":"https:\/\/kt.gov.rs\/sq\/stankoviq-regjistrimi-i-ri-ne-jug-vitin-e-ardheshem\/#primaryimage","url":"https:\/\/kt.gov.rs\/wp-content\/uploads\/2024\/07\/newspic731-5.jpg","contentUrl":"https:\/\/kt.gov.rs\/wp-content\/uploads\/2024\/07\/newspic731-5.jpg","width":315,"height":220},{"@type":"BreadcrumbList","@id":"https:\/\/kt.gov.rs\/sq\/stankoviq-regjistrimi-i-ri-ne-jug-vitin-e-ardheshem\/#breadcrumb","itemListElement":[{"@type":"ListItem","position":1,"name":"\u041f\u043e\u0447\u0435\u0442\u043d\u0430","item":"https:\/\/kt.gov.rs\/sq\/"},{"@type":"ListItem","position":2,"name":"STANKOVIQ: REGJISTRIMI I RI N\u00cb JUG VITIN E ARDH\u00cbSH\u00cbM"}]},{"@type":"WebSite","@id":"https:\/\/kt.gov.rs\/#website","url":"https:\/\/kt.gov.rs\/","name":"\u041a\u043e\u043e\u0440\u0434\u0438\u043d\u0430\u0446\u0438\u043e\u043d\u043e \u0442\u0435\u043b\u043e \u0412\u043b\u0430\u0434\u0435 \u0420\u0435\u043f\u0443\u0431\u043b\u0438\u043a\u0435 \u0421\u0440\u0431\u0438\u0458\u0435 \u0437\u0430 \u043e\u043f\u0448\u0442\u0438\u043d\u0435 \u041f\u0440\u0435\u0448\u0435\u0432\u043e, \u0411\u0443\u0458\u0430\u043d\u043e\u0432\u0430\u0446 \u0438 \u041c\u0435\u0434\u0432\u0435\u0452a","description":"","publisher":{"@id":"https:\/\/kt.gov.rs\/#organization"},"alternateName":"\u041a\u043e\u043e\u0440\u0434\u0438\u043d\u0430\u0446\u0438\u043e\u043d\u043e \u0442\u0435\u043b\u043e","potentialAction":[{"@type":"SearchAction","target":{"@type":"EntryPoint","urlTemplate":"https:\/\/kt.gov.rs\/?s={search_term_string}"},"query-input":{"@type":"PropertyValueSpecification","valueRequired":true,"valueName":"search_term_string"}}],"inLanguage":"sq-AL"},{"@type":"Organization","@id":"https:\/\/kt.gov.rs\/#organization","name":"\u041a\u043e\u043e\u0440\u0434\u0438\u043d\u0430\u0446\u0438\u043e\u043d\u043e \u0442\u0435\u043b\u043e \u0412\u043b\u0430\u0434\u0435 \u0420\u0435\u043f\u0443\u0431\u043b\u0438\u043a\u0435 \u0421\u0440\u0431\u0438\u0458\u0435 \u0437\u0430 \u043e\u043f\u0448\u0442\u0438\u043d\u0435 \u041f\u0440\u0435\u0448\u0435\u0432\u043e, \u0411\u0443\u0458\u0430\u043d\u043e\u0432\u0430\u0446 \u0438 \u041c\u0435\u0434\u0432\u0435\u0452a","alternateName":"\u041a\u043e\u043e\u0440\u0434\u0438\u043d\u0430\u0446\u0438\u043e\u043d\u043e \u0442\u0435\u043b\u043e","url":"https:\/\/kt.gov.rs\/","logo":{"@type":"ImageObject","inLanguage":"sq-AL","@id":"https:\/\/kt.gov.rs\/#\/schema\/logo\/image\/","url":"https:\/\/kt.gov.rs\/wp-content\/uploads\/2024\/12\/koord2.jpg","contentUrl":"https:\/\/kt.gov.rs\/wp-content\/uploads\/2024\/12\/koord2.jpg","width":640,"height":480,"caption":"\u041a\u043e\u043e\u0440\u0434\u0438\u043d\u0430\u0446\u0438\u043e\u043d\u043e \u0442\u0435\u043b\u043e \u0412\u043b\u0430\u0434\u0435 \u0420\u0435\u043f\u0443\u0431\u043b\u0438\u043a\u0435 \u0421\u0440\u0431\u0438\u0458\u0435 \u0437\u0430 \u043e\u043f\u0448\u0442\u0438\u043d\u0435 \u041f\u0440\u0435\u0448\u0435\u0432\u043e, \u0411\u0443\u0458\u0430\u043d\u043e\u0432\u0430\u0446 \u0438 \u041c\u0435\u0434\u0432\u0435\u0452a"},"image":{"@id":"https:\/\/kt.gov.rs\/#\/schema\/logo\/image\/"},"sameAs":["https:\/\/www.facebook.com\/SluzbaKoordinacionogTelaVladeRepublikeSrbije","https:\/\/x.com\/kt_gov","https:\/\/www.youtube.com\/@koordinacionotelo"]},{"@type":"Person","@id":"https:\/\/kt.gov.rs\/#\/schema\/person\/e426459ddb4173309103390602694571","name":"ktmin","image":{"@type":"ImageObject","inLanguage":"sq-AL","@id":"https:\/\/secure.gravatar.com\/avatar\/3985c961109853010c3fbc7ba30365bfba5db3dd6c525831d9c595c7525a615a?s=96&d=mm&r=g","url":"https:\/\/secure.gravatar.com\/avatar\/3985c961109853010c3fbc7ba30365bfba5db3dd6c525831d9c595c7525a615a?s=96&d=mm&r=g","contentUrl":"https:\/\/secure.gravatar.com\/avatar\/3985c961109853010c3fbc7ba30365bfba5db3dd6c525831d9c595c7525a615a?s=96&d=mm&r=g","caption":"ktmin"},"sameAs":["https:\/\/kt.gov.rs"],"url":"https:\/\/kt.gov.rs\/sq\/author\/ktmin\/"}]}},"_links":{"self":[{"href":"https:\/\/kt.gov.rs\/sq\/wp-json\/wp\/v2\/posts\/139918","targetHints":{"allow":["GET"]}}],"collection":[{"href":"https:\/\/kt.gov.rs\/sq\/wp-json\/wp\/v2\/posts"}],"about":[{"href":"https:\/\/kt.gov.rs\/sq\/wp-json\/wp\/v2\/types\/post"}],"author":[{"embeddable":true,"href":"https:\/\/kt.gov.rs\/sq\/wp-json\/wp\/v2\/users\/1"}],"replies":[{"embeddable":true,"href":"https:\/\/kt.gov.rs\/sq\/wp-json\/wp\/v2\/comments?post=139918"}],"version-history":[{"count":1,"href":"https:\/\/kt.gov.rs\/sq\/wp-json\/wp\/v2\/posts\/139918\/revisions"}],"predecessor-version":[{"id":139922,"href":"https:\/\/kt.gov.rs\/sq\/wp-json\/wp\/v2\/posts\/139918\/revisions\/139922"}],"wp:featuredmedia":[{"embeddable":true,"href":"https:\/\/kt.gov.rs\/sq\/wp-json\/wp\/v2\/media\/139923"}],"wp:attachment":[{"href":"https:\/\/kt.gov.rs\/sq\/wp-json\/wp\/v2\/media?parent=139918"}],"wp:term":[{"taxonomy":"category","embeddable":true,"href":"https:\/\/kt.gov.rs\/sq\/wp-json\/wp\/v2\/categories?post=139918"},{"taxonomy":"post_tag","embeddable":true,"href":"https:\/\/kt.gov.rs\/sq\/wp-json\/wp\/v2\/tags?post=139918"}],"curies":[{"name":"wp","href":"https:\/\/api.w.org\/{rel}","templated":true}]}}