{"id":139910,"date":"2013-12-10T00:00:00","date_gmt":"2013-12-10T00:00:00","guid":{"rendered":"http:\/\/kt.printandscreen.rs\/njoftim-per-media-10-12-2013\/"},"modified":"2024-07-30T20:14:02","modified_gmt":"2024-07-30T20:14:02","slug":"njoftim-per-media-10-12-2013","status":"publish","type":"post","link":"https:\/\/kt.gov.rs\/sq\/njoftim-per-media-10-12-2013\/","title":{"rendered":"NJOFTIM P\u00cbR MEDIA \u2013 10.12.2013."},"content":{"rendered":"<p>\n\t<img decoding=\"async\" alt=\"\" src=\"https:\/\/kt.gov.rs\/wp-content\/uploads\/2024\/07\/newspic_sm-316.jpg\" style=\"width: 315px; height: 180px; float: left;\" \/>Kryetari i Trupit koordinues p\u00ebr komunat Preshev\u00eb, Bujanoc dhe Medvegj\u00eb, Zoran Stankoviq ka q\u00ebndruar sot n\u00eb Klenik\u00eb me puntor\u00ebt e \u201cGumoplastik\u00ebs\u201d nga Bujanoci dhe me at\u00eb rast \u00ebsht\u00eb biseduar p\u00ebr planin e periudh\u00ebs s\u00eb ardh\u00ebshme p\u00ebr problemet e nd\u00ebrprerjes s\u00eb mardh\u00ebnj\u00ebs pun\u00ebs. Puntorve q\u00eb ishin tubuar, kryetari i Trupit koordinues e ka paraqitur planin e vet se n\u00eb \u00e7far m\u00ebnyre t\u00eb kalohet gjendje e krijuar.<\/p>\n<p>\n\tT\u00eb tubuarit ishin t\u00eb nj\u00eb fjale n\u00eb k\u00ebrkes\u00ebn q\u00eb sa m\u00eb par\u00eb t\u00eb filloj prodhimi dhe procesi i pun\u00ebs. Kryetari i Trupi koordinues ka theksuar se i kupton dhe i mb\u00ebshtet k\u00ebrkesat e puntorve dhe ka spjeguar q\u00eb \u00ebsht\u00eb e nevojshme q\u00eb sa m\u00eb shpejt q\u00eb gjindet partner strategjik, a p\u00ebr at\u00eb duhet edhe pak\u00eb koh\u00eb. Stankoviqi puntorve t\u00eb tubuar i ka thirrur t\u00eb jen\u00eb t\u00eb duruesh\u00ebm dhe ka spjeguar q\u00eb duhet t\u00eb pritet vendimi i gjykat\u00ebs Ekonomike me t\u00eb cil\u00ebn v\u00ebrtetohet dalja nga falimentimi i \u201cGumoplastik\u00ebs\u201d.<\/p>\n<p>\n\t\u201cQellimi \u00ebsht\u00eb q\u00eb puntor\u00ebt q\u00eb ekzistojn\u00eb t\u00eb mbahen n\u00eb vendet e veta t\u00eb pun\u00ebs. \u00cbsht\u00eb e nevojshme t\u00eb renovohen objektet e bratisura dhe shkatrruara ku nuk ka ngohje, po dhe kushtet n\u00eb t\u00eb cilat punoni jan\u00eb t\u00eb pap\u00ebrshtatsh\u00ebm. Nevojitet t\u00eb blehen edhe maqina t\u00eb reja, sepse ato q\u00eb ekzistojn\u00eb jan\u00eb t\u00eb rr\u00ebnuara p\u00ebr at\u00eb duhen me sjell teknologji t\u00eb re,\u00a0 si dhe menaxhmenti duhet profesional t\u00eb ngrihet n\u00eb nivel m\u00eb t\u00eb lart\u00eb\u201d, ka th\u00ebn\u00eb Stankoviq dhe ka shtuar se deri tash vet\u00ebm juristi i falimentuar e ka fakultetin e krym\u00eb. Kryetari i Trupit koordinues ka theksuar se Qeveria e S\u00ebrbis\u00eb \u00ebsht\u00eb shum\u00eb e vendosur q\u00eb k\u00ebt\u00eb fabrik t\u00eb qoj n\u00eb at\u00eb nivel n\u00eb t\u00eb cilin m\u00eb her\u00ebt e ka pas\u00eb dhe \u00ebsht\u00eb k\u00ebmb\u00ebgul\u00ebs n\u00eb at\u00eb.\u00a0\u00a0<\/p>\n<p>\n\t\u201cFakti \u00ebsht\u00eb se n\u00eb 15 vitet e fundit gjat\u00eb ramjes s\u00eb \u201cGumoplastik\u00ebs\u201d Qeveria e m\u00eb hershme ka provuar disa here q\u00eb ta nxjerr nga falimentimi dhe t\u00eb nis\u00eb prodhimin. Megjith\u00ebat\u00eb ne jemi t\u00eb p\u00ebrkushtuar q\u00eb n\u00eb k\u00ebt\u00eb t\u00eb p\u00ebrparojm\u00eb dhe ju q\u00eb me vite punoni n\u00eb k\u00ebt\u00eb fabrik dhe q\u00eb i ushqeni familjet nga kjo, nuk e l\u00ebshojm rastin\u201d, ka premtuar Stankoviq, duke shtuar, \u00a0furnizime t\u00eb materialit pa p\u00ebrpunuar dhe mbathjeve q\u00eb jan\u00eb t\u00eb shiten q\u00eb n\u00eb periudh sa m\u00eb t\u00eb shkurt t\u00eb b\u00ebjm\u00eb zgjidhje pozitive n\u00eb k\u00ebt\u00eb drejtim.<\/p>\n<p>\n\tStankoviq ka p\u00ebrmendur q\u00eb \u00ebsht\u00eb shum\u00eb i vet\u00ebdish\u00ebm p\u00ebrgjegj\u00ebsive kur \u201cGumoplastika\u201d n\u00eb pyetjen q\u00eb ajo dikur ka qen\u00eb gjikante dhe q\u00eb detyrat t\u00eb cil\u00ebt jan\u00eb para asaj jan\u00eb t\u00eb kopleksuara dhe k\u00ebrkon koh p\u00ebr t\u00eb cil\u00ebn nuk ka zgjidhje t\u00eb shpejt\u00eb.<\/p>\n<p>\n\t\u00a0<\/p>\n","protected":false},"excerpt":{"rendered":"<p>Kryetari i Trupit koordinues p\u00ebr komunat Preshev\u00eb, Bujanoc dhe Medvegj\u00eb, Zoran Stankoviq ka q\u00ebndruar sot n\u00eb Klenik\u00eb me puntor\u00ebt e \u201cGumoplastik\u00ebs\u201d nga Bujanoci dhe me at\u00eb rast \u00ebsht\u00eb biseduar p\u00ebr planin e periudh\u00ebs s\u00eb ardh\u00ebshme p\u00ebr problemet e nd\u00ebrprerjes s\u00eb mardh\u00ebnj\u00ebs pun\u00ebs.<\/p>\n","protected":false},"author":1,"featured_media":139915,"comment_status":"closed","ping_status":"closed","sticky":false,"template":"","format":"standard","meta":{"footnotes":""},"categories":[55],"tags":[],"class_list":["post-139910","post","type-post","status-publish","format-standard","has-post-thumbnail","hentry","category-lajme"],"yoast_head":"<!-- This site is optimized with the Yoast SEO plugin v27.5 - https:\/\/yoast.com\/product\/yoast-seo-wordpress\/ -->\n<title>NJOFTIM P\u00cbR MEDIA - 10.12.2013. - Republika e S\u00ebrbis\u00eb Trupi Koordinues p\u00ebr komunat Bujanoc, Preshev\u00eb dhe Medvegj\u00eb<\/title>\n<meta name=\"robots\" content=\"index, follow, max-snippet:-1, max-image-preview:large, max-video-preview:-1\" \/>\n<link rel=\"canonical\" href=\"https:\/\/kt.gov.rs\/sq\/njoftim-per-media-10-12-2013\/\" \/>\n<meta property=\"og:locale\" content=\"sq_AL\" \/>\n<meta property=\"og:type\" content=\"article\" \/>\n<meta property=\"og:title\" content=\"NJOFTIM P\u00cbR MEDIA - 10.12.2013. - Republika e S\u00ebrbis\u00eb Trupi Koordinues p\u00ebr komunat Bujanoc, Preshev\u00eb dhe Medvegj\u00eb\" \/>\n<meta property=\"og:description\" content=\"Kryetari i Trupit koordinues p\u00ebr komunat Preshev\u00eb, Bujanoc dhe Medvegj\u00eb, Zoran Stankoviq ka q\u00ebndruar sot n\u00eb Klenik\u00eb me puntor\u00ebt e \u201cGumoplastik\u00ebs\u201d nga Bujanoci dhe me at\u00eb rast \u00ebsht\u00eb biseduar p\u00ebr planin e periudh\u00ebs s\u00eb ardh\u00ebshme p\u00ebr problemet e nd\u00ebrprerjes s\u00eb mardh\u00ebnj\u00ebs pun\u00ebs.\" \/>\n<meta property=\"og:url\" content=\"https:\/\/kt.gov.rs\/sq\/njoftim-per-media-10-12-2013\/\" \/>\n<meta property=\"og:site_name\" content=\"Republika e S\u00ebrbis\u00eb Trupi Koordinues p\u00ebr komunat Bujanoc, Preshev\u00eb dhe Medvegj\u00eb\" \/>\n<meta property=\"article:publisher\" content=\"https:\/\/www.facebook.com\/SluzbaKoordinacionogTelaVladeRepublikeSrbije\" \/>\n<meta property=\"article:published_time\" content=\"2013-12-10T00:00:00+00:00\" \/>\n<meta property=\"article:modified_time\" content=\"2024-07-30T20:14:02+00:00\" \/>\n<meta property=\"og:image\" content=\"https:\/\/kt.gov.rs\/wp-content\/uploads\/2024\/07\/newspic_sm-317.jpg\" \/>\n\t<meta property=\"og:image:width\" content=\"315\" \/>\n\t<meta property=\"og:image:height\" content=\"180\" \/>\n\t<meta property=\"og:image:type\" content=\"image\/jpeg\" \/>\n<meta name=\"author\" content=\"ktmin\" \/>\n<meta name=\"twitter:card\" content=\"summary_large_image\" \/>\n<meta name=\"twitter:creator\" content=\"@kt_gov\" \/>\n<meta name=\"twitter:site\" content=\"@kt_gov\" \/>\n<meta name=\"twitter:label1\" content=\"Written by\" \/>\n\t<meta name=\"twitter:data1\" content=\"ktmin\" \/>\n\t<meta name=\"twitter:label2\" content=\"Est. reading time\" \/>\n\t<meta name=\"twitter:data2\" content=\"3 minutes\" \/>\n<script type=\"application\/ld+json\" class=\"yoast-schema-graph\">{\"@context\":\"https:\\\/\\\/schema.org\",\"@graph\":[{\"@type\":\"Article\",\"@id\":\"https:\\\/\\\/kt.gov.rs\\\/sq\\\/njoftim-per-media-10-12-2013\\\/#article\",\"isPartOf\":{\"@id\":\"https:\\\/\\\/kt.gov.rs\\\/sq\\\/njoftim-per-media-10-12-2013\\\/\"},\"author\":{\"name\":\"ktmin\",\"@id\":\"https:\\\/\\\/kt.gov.rs\\\/#\\\/schema\\\/person\\\/e426459ddb4173309103390602694571\"},\"headline\":\"NJOFTIM P\u00cbR MEDIA \u2013 10.12.2013.\",\"datePublished\":\"2013-12-10T00:00:00+00:00\",\"dateModified\":\"2024-07-30T20:14:02+00:00\",\"mainEntityOfPage\":{\"@id\":\"https:\\\/\\\/kt.gov.rs\\\/sq\\\/njoftim-per-media-10-12-2013\\\/\"},\"wordCount\":673,\"publisher\":{\"@id\":\"https:\\\/\\\/kt.gov.rs\\\/#organization\"},\"image\":{\"@id\":\"https:\\\/\\\/kt.gov.rs\\\/sq\\\/njoftim-per-media-10-12-2013\\\/#primaryimage\"},\"thumbnailUrl\":\"https:\\\/\\\/kt.gov.rs\\\/wp-content\\\/uploads\\\/2024\\\/07\\\/newspic_sm-317.jpg\",\"articleSection\":[\"Lajme\"],\"inLanguage\":\"sq-AL\"},{\"@type\":\"WebPage\",\"@id\":\"https:\\\/\\\/kt.gov.rs\\\/sq\\\/njoftim-per-media-10-12-2013\\\/\",\"url\":\"https:\\\/\\\/kt.gov.rs\\\/sq\\\/njoftim-per-media-10-12-2013\\\/\",\"name\":\"NJOFTIM P\u00cbR MEDIA - 10.12.2013. - Republika e S\u00ebrbis\u00eb Trupi Koordinues p\u00ebr komunat Bujanoc, Preshev\u00eb dhe Medvegj\u00eb\",\"isPartOf\":{\"@id\":\"https:\\\/\\\/kt.gov.rs\\\/#website\"},\"primaryImageOfPage\":{\"@id\":\"https:\\\/\\\/kt.gov.rs\\\/sq\\\/njoftim-per-media-10-12-2013\\\/#primaryimage\"},\"image\":{\"@id\":\"https:\\\/\\\/kt.gov.rs\\\/sq\\\/njoftim-per-media-10-12-2013\\\/#primaryimage\"},\"thumbnailUrl\":\"https:\\\/\\\/kt.gov.rs\\\/wp-content\\\/uploads\\\/2024\\\/07\\\/newspic_sm-317.jpg\",\"datePublished\":\"2013-12-10T00:00:00+00:00\",\"dateModified\":\"2024-07-30T20:14:02+00:00\",\"breadcrumb\":{\"@id\":\"https:\\\/\\\/kt.gov.rs\\\/sq\\\/njoftim-per-media-10-12-2013\\\/#breadcrumb\"},\"inLanguage\":\"sq-AL\",\"potentialAction\":[{\"@type\":\"ReadAction\",\"target\":[\"https:\\\/\\\/kt.gov.rs\\\/sq\\\/njoftim-per-media-10-12-2013\\\/\"]}]},{\"@type\":\"ImageObject\",\"inLanguage\":\"sq-AL\",\"@id\":\"https:\\\/\\\/kt.gov.rs\\\/sq\\\/njoftim-per-media-10-12-2013\\\/#primaryimage\",\"url\":\"https:\\\/\\\/kt.gov.rs\\\/wp-content\\\/uploads\\\/2024\\\/07\\\/newspic_sm-317.jpg\",\"contentUrl\":\"https:\\\/\\\/kt.gov.rs\\\/wp-content\\\/uploads\\\/2024\\\/07\\\/newspic_sm-317.jpg\",\"width\":315,\"height\":180},{\"@type\":\"BreadcrumbList\",\"@id\":\"https:\\\/\\\/kt.gov.rs\\\/sq\\\/njoftim-per-media-10-12-2013\\\/#breadcrumb\",\"itemListElement\":[{\"@type\":\"ListItem\",\"position\":1,\"name\":\"\u041f\u043e\u0447\u0435\u0442\u043d\u0430\",\"item\":\"https:\\\/\\\/kt.gov.rs\\\/sq\\\/\"},{\"@type\":\"ListItem\",\"position\":2,\"name\":\"NJOFTIM P\u00cbR MEDIA \u2013 10.12.2013.\"}]},{\"@type\":\"WebSite\",\"@id\":\"https:\\\/\\\/kt.gov.rs\\\/#website\",\"url\":\"https:\\\/\\\/kt.gov.rs\\\/\",\"name\":\"\u041a\u043e\u043e\u0440\u0434\u0438\u043d\u0430\u0446\u0438\u043e\u043d\u043e \u0442\u0435\u043b\u043e \u0412\u043b\u0430\u0434\u0435 \u0420\u0435\u043f\u0443\u0431\u043b\u0438\u043a\u0435 \u0421\u0440\u0431\u0438\u0458\u0435 \u0437\u0430 \u043e\u043f\u0448\u0442\u0438\u043d\u0435 \u041f\u0440\u0435\u0448\u0435\u0432\u043e, \u0411\u0443\u0458\u0430\u043d\u043e\u0432\u0430\u0446 \u0438 \u041c\u0435\u0434\u0432\u0435\u0452a\",\"description\":\"\",\"publisher\":{\"@id\":\"https:\\\/\\\/kt.gov.rs\\\/#organization\"},\"alternateName\":\"\u041a\u043e\u043e\u0440\u0434\u0438\u043d\u0430\u0446\u0438\u043e\u043d\u043e \u0442\u0435\u043b\u043e\",\"potentialAction\":[{\"@type\":\"SearchAction\",\"target\":{\"@type\":\"EntryPoint\",\"urlTemplate\":\"https:\\\/\\\/kt.gov.rs\\\/?s={search_term_string}\"},\"query-input\":{\"@type\":\"PropertyValueSpecification\",\"valueRequired\":true,\"valueName\":\"search_term_string\"}}],\"inLanguage\":\"sq-AL\"},{\"@type\":\"Organization\",\"@id\":\"https:\\\/\\\/kt.gov.rs\\\/#organization\",\"name\":\"\u041a\u043e\u043e\u0440\u0434\u0438\u043d\u0430\u0446\u0438\u043e\u043d\u043e \u0442\u0435\u043b\u043e \u0412\u043b\u0430\u0434\u0435 \u0420\u0435\u043f\u0443\u0431\u043b\u0438\u043a\u0435 \u0421\u0440\u0431\u0438\u0458\u0435 \u0437\u0430 \u043e\u043f\u0448\u0442\u0438\u043d\u0435 \u041f\u0440\u0435\u0448\u0435\u0432\u043e, \u0411\u0443\u0458\u0430\u043d\u043e\u0432\u0430\u0446 \u0438 \u041c\u0435\u0434\u0432\u0435\u0452a\",\"alternateName\":\"\u041a\u043e\u043e\u0440\u0434\u0438\u043d\u0430\u0446\u0438\u043e\u043d\u043e \u0442\u0435\u043b\u043e\",\"url\":\"https:\\\/\\\/kt.gov.rs\\\/\",\"logo\":{\"@type\":\"ImageObject\",\"inLanguage\":\"sq-AL\",\"@id\":\"https:\\\/\\\/kt.gov.rs\\\/#\\\/schema\\\/logo\\\/image\\\/\",\"url\":\"https:\\\/\\\/kt.gov.rs\\\/wp-content\\\/uploads\\\/2024\\\/12\\\/koord2.jpg\",\"contentUrl\":\"https:\\\/\\\/kt.gov.rs\\\/wp-content\\\/uploads\\\/2024\\\/12\\\/koord2.jpg\",\"width\":640,\"height\":480,\"caption\":\"\u041a\u043e\u043e\u0440\u0434\u0438\u043d\u0430\u0446\u0438\u043e\u043d\u043e \u0442\u0435\u043b\u043e \u0412\u043b\u0430\u0434\u0435 \u0420\u0435\u043f\u0443\u0431\u043b\u0438\u043a\u0435 \u0421\u0440\u0431\u0438\u0458\u0435 \u0437\u0430 \u043e\u043f\u0448\u0442\u0438\u043d\u0435 \u041f\u0440\u0435\u0448\u0435\u0432\u043e, \u0411\u0443\u0458\u0430\u043d\u043e\u0432\u0430\u0446 \u0438 \u041c\u0435\u0434\u0432\u0435\u0452a\"},\"image\":{\"@id\":\"https:\\\/\\\/kt.gov.rs\\\/#\\\/schema\\\/logo\\\/image\\\/\"},\"sameAs\":[\"https:\\\/\\\/www.facebook.com\\\/SluzbaKoordinacionogTelaVladeRepublikeSrbije\",\"https:\\\/\\\/x.com\\\/kt_gov\",\"https:\\\/\\\/www.youtube.com\\\/@koordinacionotelo\"]},{\"@type\":\"Person\",\"@id\":\"https:\\\/\\\/kt.gov.rs\\\/#\\\/schema\\\/person\\\/e426459ddb4173309103390602694571\",\"name\":\"ktmin\",\"image\":{\"@type\":\"ImageObject\",\"inLanguage\":\"sq-AL\",\"@id\":\"https:\\\/\\\/secure.gravatar.com\\\/avatar\\\/3985c961109853010c3fbc7ba30365bfba5db3dd6c525831d9c595c7525a615a?s=96&d=mm&r=g\",\"url\":\"https:\\\/\\\/secure.gravatar.com\\\/avatar\\\/3985c961109853010c3fbc7ba30365bfba5db3dd6c525831d9c595c7525a615a?s=96&d=mm&r=g\",\"contentUrl\":\"https:\\\/\\\/secure.gravatar.com\\\/avatar\\\/3985c961109853010c3fbc7ba30365bfba5db3dd6c525831d9c595c7525a615a?s=96&d=mm&r=g\",\"caption\":\"ktmin\"},\"sameAs\":[\"https:\\\/\\\/kt.gov.rs\"],\"url\":\"https:\\\/\\\/kt.gov.rs\\\/sq\\\/author\\\/ktmin\\\/\"}]}<\/script>\n<!-- \/ Yoast SEO plugin. -->","yoast_head_json":{"title":"NJOFTIM P\u00cbR MEDIA - 10.12.2013. - Republika e S\u00ebrbis\u00eb Trupi Koordinues p\u00ebr komunat Bujanoc, Preshev\u00eb dhe Medvegj\u00eb","robots":{"index":"index","follow":"follow","max-snippet":"max-snippet:-1","max-image-preview":"max-image-preview:large","max-video-preview":"max-video-preview:-1"},"canonical":"https:\/\/kt.gov.rs\/sq\/njoftim-per-media-10-12-2013\/","og_locale":"sq_AL","og_type":"article","og_title":"NJOFTIM P\u00cbR MEDIA - 10.12.2013. - Republika e S\u00ebrbis\u00eb Trupi Koordinues p\u00ebr komunat Bujanoc, Preshev\u00eb dhe Medvegj\u00eb","og_description":"Kryetari i Trupit koordinues p\u00ebr komunat Preshev\u00eb, Bujanoc dhe Medvegj\u00eb, Zoran Stankoviq ka q\u00ebndruar sot n\u00eb Klenik\u00eb me puntor\u00ebt e \u201cGumoplastik\u00ebs\u201d nga Bujanoci dhe me at\u00eb rast \u00ebsht\u00eb biseduar p\u00ebr planin e periudh\u00ebs s\u00eb ardh\u00ebshme p\u00ebr problemet e nd\u00ebrprerjes s\u00eb mardh\u00ebnj\u00ebs pun\u00ebs.","og_url":"https:\/\/kt.gov.rs\/sq\/njoftim-per-media-10-12-2013\/","og_site_name":"Republika e S\u00ebrbis\u00eb Trupi Koordinues p\u00ebr komunat Bujanoc, Preshev\u00eb dhe Medvegj\u00eb","article_publisher":"https:\/\/www.facebook.com\/SluzbaKoordinacionogTelaVladeRepublikeSrbije","article_published_time":"2013-12-10T00:00:00+00:00","article_modified_time":"2024-07-30T20:14:02+00:00","og_image":[{"width":315,"height":180,"url":"https:\/\/kt.gov.rs\/wp-content\/uploads\/2024\/07\/newspic_sm-317.jpg","type":"image\/jpeg"}],"author":"ktmin","twitter_card":"summary_large_image","twitter_creator":"@kt_gov","twitter_site":"@kt_gov","twitter_misc":{"Written by":"ktmin","Est. reading time":"3 minutes"},"schema":{"@context":"https:\/\/schema.org","@graph":[{"@type":"Article","@id":"https:\/\/kt.gov.rs\/sq\/njoftim-per-media-10-12-2013\/#article","isPartOf":{"@id":"https:\/\/kt.gov.rs\/sq\/njoftim-per-media-10-12-2013\/"},"author":{"name":"ktmin","@id":"https:\/\/kt.gov.rs\/#\/schema\/person\/e426459ddb4173309103390602694571"},"headline":"NJOFTIM P\u00cbR MEDIA \u2013 10.12.2013.","datePublished":"2013-12-10T00:00:00+00:00","dateModified":"2024-07-30T20:14:02+00:00","mainEntityOfPage":{"@id":"https:\/\/kt.gov.rs\/sq\/njoftim-per-media-10-12-2013\/"},"wordCount":673,"publisher":{"@id":"https:\/\/kt.gov.rs\/#organization"},"image":{"@id":"https:\/\/kt.gov.rs\/sq\/njoftim-per-media-10-12-2013\/#primaryimage"},"thumbnailUrl":"https:\/\/kt.gov.rs\/wp-content\/uploads\/2024\/07\/newspic_sm-317.jpg","articleSection":["Lajme"],"inLanguage":"sq-AL"},{"@type":"WebPage","@id":"https:\/\/kt.gov.rs\/sq\/njoftim-per-media-10-12-2013\/","url":"https:\/\/kt.gov.rs\/sq\/njoftim-per-media-10-12-2013\/","name":"NJOFTIM P\u00cbR MEDIA - 10.12.2013. - Republika e S\u00ebrbis\u00eb Trupi Koordinues p\u00ebr komunat Bujanoc, Preshev\u00eb dhe Medvegj\u00eb","isPartOf":{"@id":"https:\/\/kt.gov.rs\/#website"},"primaryImageOfPage":{"@id":"https:\/\/kt.gov.rs\/sq\/njoftim-per-media-10-12-2013\/#primaryimage"},"image":{"@id":"https:\/\/kt.gov.rs\/sq\/njoftim-per-media-10-12-2013\/#primaryimage"},"thumbnailUrl":"https:\/\/kt.gov.rs\/wp-content\/uploads\/2024\/07\/newspic_sm-317.jpg","datePublished":"2013-12-10T00:00:00+00:00","dateModified":"2024-07-30T20:14:02+00:00","breadcrumb":{"@id":"https:\/\/kt.gov.rs\/sq\/njoftim-per-media-10-12-2013\/#breadcrumb"},"inLanguage":"sq-AL","potentialAction":[{"@type":"ReadAction","target":["https:\/\/kt.gov.rs\/sq\/njoftim-per-media-10-12-2013\/"]}]},{"@type":"ImageObject","inLanguage":"sq-AL","@id":"https:\/\/kt.gov.rs\/sq\/njoftim-per-media-10-12-2013\/#primaryimage","url":"https:\/\/kt.gov.rs\/wp-content\/uploads\/2024\/07\/newspic_sm-317.jpg","contentUrl":"https:\/\/kt.gov.rs\/wp-content\/uploads\/2024\/07\/newspic_sm-317.jpg","width":315,"height":180},{"@type":"BreadcrumbList","@id":"https:\/\/kt.gov.rs\/sq\/njoftim-per-media-10-12-2013\/#breadcrumb","itemListElement":[{"@type":"ListItem","position":1,"name":"\u041f\u043e\u0447\u0435\u0442\u043d\u0430","item":"https:\/\/kt.gov.rs\/sq\/"},{"@type":"ListItem","position":2,"name":"NJOFTIM P\u00cbR MEDIA \u2013 10.12.2013."}]},{"@type":"WebSite","@id":"https:\/\/kt.gov.rs\/#website","url":"https:\/\/kt.gov.rs\/","name":"\u041a\u043e\u043e\u0440\u0434\u0438\u043d\u0430\u0446\u0438\u043e\u043d\u043e \u0442\u0435\u043b\u043e \u0412\u043b\u0430\u0434\u0435 \u0420\u0435\u043f\u0443\u0431\u043b\u0438\u043a\u0435 \u0421\u0440\u0431\u0438\u0458\u0435 \u0437\u0430 \u043e\u043f\u0448\u0442\u0438\u043d\u0435 \u041f\u0440\u0435\u0448\u0435\u0432\u043e, \u0411\u0443\u0458\u0430\u043d\u043e\u0432\u0430\u0446 \u0438 \u041c\u0435\u0434\u0432\u0435\u0452a","description":"","publisher":{"@id":"https:\/\/kt.gov.rs\/#organization"},"alternateName":"\u041a\u043e\u043e\u0440\u0434\u0438\u043d\u0430\u0446\u0438\u043e\u043d\u043e \u0442\u0435\u043b\u043e","potentialAction":[{"@type":"SearchAction","target":{"@type":"EntryPoint","urlTemplate":"https:\/\/kt.gov.rs\/?s={search_term_string}"},"query-input":{"@type":"PropertyValueSpecification","valueRequired":true,"valueName":"search_term_string"}}],"inLanguage":"sq-AL"},{"@type":"Organization","@id":"https:\/\/kt.gov.rs\/#organization","name":"\u041a\u043e\u043e\u0440\u0434\u0438\u043d\u0430\u0446\u0438\u043e\u043d\u043e \u0442\u0435\u043b\u043e \u0412\u043b\u0430\u0434\u0435 \u0420\u0435\u043f\u0443\u0431\u043b\u0438\u043a\u0435 \u0421\u0440\u0431\u0438\u0458\u0435 \u0437\u0430 \u043e\u043f\u0448\u0442\u0438\u043d\u0435 \u041f\u0440\u0435\u0448\u0435\u0432\u043e, \u0411\u0443\u0458\u0430\u043d\u043e\u0432\u0430\u0446 \u0438 \u041c\u0435\u0434\u0432\u0435\u0452a","alternateName":"\u041a\u043e\u043e\u0440\u0434\u0438\u043d\u0430\u0446\u0438\u043e\u043d\u043e \u0442\u0435\u043b\u043e","url":"https:\/\/kt.gov.rs\/","logo":{"@type":"ImageObject","inLanguage":"sq-AL","@id":"https:\/\/kt.gov.rs\/#\/schema\/logo\/image\/","url":"https:\/\/kt.gov.rs\/wp-content\/uploads\/2024\/12\/koord2.jpg","contentUrl":"https:\/\/kt.gov.rs\/wp-content\/uploads\/2024\/12\/koord2.jpg","width":640,"height":480,"caption":"\u041a\u043e\u043e\u0440\u0434\u0438\u043d\u0430\u0446\u0438\u043e\u043d\u043e \u0442\u0435\u043b\u043e \u0412\u043b\u0430\u0434\u0435 \u0420\u0435\u043f\u0443\u0431\u043b\u0438\u043a\u0435 \u0421\u0440\u0431\u0438\u0458\u0435 \u0437\u0430 \u043e\u043f\u0448\u0442\u0438\u043d\u0435 \u041f\u0440\u0435\u0448\u0435\u0432\u043e, \u0411\u0443\u0458\u0430\u043d\u043e\u0432\u0430\u0446 \u0438 \u041c\u0435\u0434\u0432\u0435\u0452a"},"image":{"@id":"https:\/\/kt.gov.rs\/#\/schema\/logo\/image\/"},"sameAs":["https:\/\/www.facebook.com\/SluzbaKoordinacionogTelaVladeRepublikeSrbije","https:\/\/x.com\/kt_gov","https:\/\/www.youtube.com\/@koordinacionotelo"]},{"@type":"Person","@id":"https:\/\/kt.gov.rs\/#\/schema\/person\/e426459ddb4173309103390602694571","name":"ktmin","image":{"@type":"ImageObject","inLanguage":"sq-AL","@id":"https:\/\/secure.gravatar.com\/avatar\/3985c961109853010c3fbc7ba30365bfba5db3dd6c525831d9c595c7525a615a?s=96&d=mm&r=g","url":"https:\/\/secure.gravatar.com\/avatar\/3985c961109853010c3fbc7ba30365bfba5db3dd6c525831d9c595c7525a615a?s=96&d=mm&r=g","contentUrl":"https:\/\/secure.gravatar.com\/avatar\/3985c961109853010c3fbc7ba30365bfba5db3dd6c525831d9c595c7525a615a?s=96&d=mm&r=g","caption":"ktmin"},"sameAs":["https:\/\/kt.gov.rs"],"url":"https:\/\/kt.gov.rs\/sq\/author\/ktmin\/"}]}},"_links":{"self":[{"href":"https:\/\/kt.gov.rs\/sq\/wp-json\/wp\/v2\/posts\/139910","targetHints":{"allow":["GET"]}}],"collection":[{"href":"https:\/\/kt.gov.rs\/sq\/wp-json\/wp\/v2\/posts"}],"about":[{"href":"https:\/\/kt.gov.rs\/sq\/wp-json\/wp\/v2\/types\/post"}],"author":[{"embeddable":true,"href":"https:\/\/kt.gov.rs\/sq\/wp-json\/wp\/v2\/users\/1"}],"replies":[{"embeddable":true,"href":"https:\/\/kt.gov.rs\/sq\/wp-json\/wp\/v2\/comments?post=139910"}],"version-history":[{"count":1,"href":"https:\/\/kt.gov.rs\/sq\/wp-json\/wp\/v2\/posts\/139910\/revisions"}],"predecessor-version":[{"id":139914,"href":"https:\/\/kt.gov.rs\/sq\/wp-json\/wp\/v2\/posts\/139910\/revisions\/139914"}],"wp:featuredmedia":[{"embeddable":true,"href":"https:\/\/kt.gov.rs\/sq\/wp-json\/wp\/v2\/media\/139915"}],"wp:attachment":[{"href":"https:\/\/kt.gov.rs\/sq\/wp-json\/wp\/v2\/media?parent=139910"}],"wp:term":[{"taxonomy":"category","embeddable":true,"href":"https:\/\/kt.gov.rs\/sq\/wp-json\/wp\/v2\/categories?post=139910"},{"taxonomy":"post_tag","embeddable":true,"href":"https:\/\/kt.gov.rs\/sq\/wp-json\/wp\/v2\/tags?post=139910"}],"curies":[{"name":"wp","href":"https:\/\/api.w.org\/{rel}","templated":true}]}}