{"id":139902,"date":"2013-12-11T00:00:00","date_gmt":"2013-12-11T00:00:00","guid":{"rendered":"http:\/\/kt.printandscreen.rs\/dita-nderkombetare-per-te-drejtat-e-njeriut-ne-vranje\/"},"modified":"2024-07-30T20:14:02","modified_gmt":"2024-07-30T20:14:02","slug":"dita-nderkombetare-per-te-drejtat-e-njeriut-ne-vranje","status":"publish","type":"post","link":"https:\/\/kt.gov.rs\/sq\/dita-nderkombetare-per-te-drejtat-e-njeriut-ne-vranje\/","title":{"rendered":"DITA ND\u00cbRKOMB\u00cbTARE P\u00cbR T\u00cb DREJTAT E NJERIUT N\u00cb VRANJ\u00cb"},"content":{"rendered":"<p>\n\t<img decoding=\"async\" alt=\"\" src=\"https:\/\/kt.gov.rs\/wp-content\/uploads\/2024\/07\/newspic732-4.jpg\" style=\"width: 315px; height: 220px; float: left;\" \/>Vranj\u00eb \u2013 Me nj\u00eb varg aktivitetesh dje n\u00eb Vranj\u00eb \u00ebsht\u00eb sh\u00ebnuar 10. Dhjetori dita Nd\u00ebrkomb\u00ebtare p\u00ebr t\u00eb drejtat e njeriut n\u00eb kuad\u00ebr t\u00eb fusht\u00ebs \u201cMi \u2013 Tu\u201d. Ky aktivitet ka pasur p\u00ebr q\u00ebllim vendosjen e tvolinave informuese me informatat p\u00ebr m\u00ebnyr\u00ebn se si qytetar\u00ebt mund t\u00eb usht\u00ebrojn t\u00eb drejtat e tyre, dhe e gjith\u00eb kjo ka filluar me nj\u00eb konferenc p\u00ebr media n\u00eb Qendr\u00ebn p\u00ebr zhvillimin e sh\u00ebrbimeve lokale dhe\u00a0 mir\u00ebqenie sociale.<\/p>\n<p>\n\tN\u00eb k\u00ebt\u00eb konfernec p\u00ebr mediat dhe p\u00ebr p\u00ebrfaqsuesit e institucioneve lokale kan\u00eb folur Maja Mitiq, avokate popullore e qytetit t\u00eb Vranj\u00ebs, Gordana Ristiq p\u00ebrfaqsuese e \u201cGjeneratorit\u201d i Stanka Milosheviq pedagog me q\u00ebndrim ditor\u00eb n\u00eb Qendr\u00ebn p\u00ebr ndihm\u00ebn e sh\u00ebrbimeve lokale dhe t\u00eb mir\u00ebqenies sociale.<\/p>\n<p>\n\tAvokatja popullore lokale e qytetit t\u00eb Vranj\u00ebs ka folur rreth respektimit t\u00eb t\u00eb drejtave t\u00eb pakicave dhe p\u00ebr mekanizmat mbrojt\u00ebs t\u00eb k\u00ebtyre t\u00eb drejtave. Nd\u00ebrsa Gordana Ristiq ka prezantuar rezultetet e nj\u00eb mini hulumtimi i cili \u00ebsht\u00eb b\u00ebr\u00eb n\u00eb kuad\u00ebr t\u00eb fushat\u00ebs \u201c Mi \u2013 Tu\u201d n\u00eb muajt e kaluar, hulumtim i cili \u00ebsht\u00eb realizuar ndermjet nx\u00ebn\u00ebsve t\u00eb shkollave t\u00eb mesme ne rrethin e P\u00e7inj\u00ebs dhe sipas q\u00ebndrimeve t\u00eb tyre n\u00eb grupe t\u00eb pakicave dhe grupe te diskriminuara.<\/p>\n<p>\n\t<strong>Rezltatet e k\u00ebtij hulumtimi tregojn\u00eb se ne Jugun e Serbis\u00eb \u00ebsht\u00eb i nevojsh\u00ebm nj\u00eb aktivitet m\u00eb i gjer\u00eb i cili do t\u00eb ndikoj n\u00eb vet\u00ebdijsimin e qytetar\u00ebve p\u00ebr t\u00eb drejtat e grupeve t\u00eb pakicave.<\/strong><\/p>\n<p>\n\t<strong>N\u00eb k\u00ebt\u00eb hulumtim jan\u00eb p\u00ebrfshir\u00eb qyteti i Vranj\u00ebs dhe komunat Vlladi\u00e7in Han, Bujanoc dhe Preshev\u00eb. N\u00eb k\u00ebt\u00eb hulumtim kan\u00eb mar\u00eb pjes\u00eb gjithsejt 27 veta prej t\u00eb cil\u00ebve 18 kan\u00eb qen\u00eb t\u00eb gjinis mashkullore dhe 9 t\u00eb gjinis femrore, e prej t\u00eb cil\u00ebve 21 pjesmarr\u00ebs kan\u00eb qen\u00eb t\u00eb komunitetit s\u00ebrb nd\u00ebrsa 6 kan\u00eb qen\u00eb t\u00eb komunitetit shqip\u00ebtar. Pikpamjet e k\u00ebsaj grupe kan\u00eb t\u00eb b\u00ebjn\u00eb me grupet e pakicave dhe grupet te cilat jan\u00eb t\u00eb diskriminuara n\u00eb shoq\u00ebri, si\u00e7 jan\u00eb pjestar\u00ebt e nacionaliteteve tjera, pjestar\u00ebt e feve dhe orjentimit seksual, personat me aft\u00ebsi t\u00eb kufizuara dhe femrat.<\/strong><\/p>\n<p>\n\t<strong>T\u00eb rinj\u00ebt n\u00eb p\u00ebrgjithsi jan\u00eb t\u00eb pajtimit se t\u00eb gjith\u00eb njerzit q\u00eb jetojn\u00eb n\u00eb t\u00eb njejtin vend duhet t\u00eb ken\u00eb t\u00eb drejtat e barabarta. Mirpo \u00ebsht\u00eb shum\u00eb specifike sa i p\u00ebrket mardh\u00ebnijeve t\u00eb pakicave dhe definicionit t\u00eb popullit shumic\u00eb, p\u00ebr shkak se shumica n\u00eb nivel shteti ndryshon kur \u00ebsht\u00eb n\u00eb pyetje shumica n\u00eb nivelin lokal, si\u00e7 \u00ebsht\u00eb rasti me Bujanocin dhe Preshev\u00ebn ku shqiptar\u00ebt jan\u00eb shumic\u00eb.<\/strong><\/p>\n<p>\n\t<strong>Ashtu q\u00eb t\u00eb rinj\u00ebt nga Vranja dhe Vlladi\u00e7in Hani n\u00eb rend t\u00eb par\u00eb i vendosin rom\u00ebt si pakic komb\u00ebtare, duke v\u00ebn\u00eb n\u00eb dukje kultur\u00ebn dhe izolimin e tyre n\u00eb shoq\u00ebri e pas tyre vin\u00eb shqip\u00ebtar\u00ebt p\u00ebr t\u00eb cil\u00ebt nuk kan\u00eb asnj\u00eb mendim negativ. Shumica e t\u00eb rinj\u00ebve jan\u00eb t\u00eb njejtit mendim se homoseksualizmi nuk \u00ebsht\u00eb smundje, dhe se p\u00ebr k\u00ebt\u00eb grup t\u00eb personave nuk ka m\u00eb shum\u00eb mendime negative. Edhe pse t\u00eb rinj\u00ebt pajtohen se sikur mashkujt edhe femrat mund\u00eb te kryejn n\u00eb m\u00ebnyr\u00eb t\u00eb njejt\u00eb pun\u00ebt e caktuara, n\u00eb mes te anketuarve \u00ebsht\u00eb vrejtur nj\u00eb dominim i madh\u00eb kur \u00ebsht\u00eb n\u00eb pyetje gjinia. T\u00eb gjith\u00eb t\u00eb anketuarit jan\u00eb t\u00eb mendimit se shoq\u00ebria, institucionet dhe individ\u00ebt duhet t\u00eb punojn\u00eb m\u00eb shum\u00eb n\u00eb m\u00ebnyr q\u00eb t\u00eb letsojn jetes\u00ebn dhe tu mundsojn\u00eb kushte t\u00eb pun\u00ebs personave me aft\u00ebsi t\u00eb kufizuara.<\/strong><\/p>\n<p>\n\tTavolinat informuese (mobile) me materialin promovues t\u00eb institucioneve shtet\u00ebrore si ( Komisionerit p\u00ebr mbrojetjen e barazis gjinore, Ombucmanit), organizatave joqeveritare ( SOS telefoni p\u00ebr viktimat e dhun\u00ebs, ndihma juridike pa pages) por edhe t\u00eb institucioneve lokale t\u00eb cilat punojn me grupet e pakicave ( policija, Zyra p\u00ebr pyetjet e rom\u00ebve) do t\u00eb vendosen n\u00eb Qendr\u00ebn p\u00ebr mbrojtje sociale, Qendr\u00ebn p\u00ebr ofrimin e ndihm\u00ebs lokale dhe mbrojtjes sociale, Sht\u00ebpin e sh\u00ebndetit, n\u00eb shkoll\u00ebn teknologjiko kimike, n\u00eb Zyr\u00ebn e obucmanit lokal t\u00eb qytetit t\u00eb Vranj\u00ebs, n\u00eb Qendr\u00ebn e sh\u00ebrbimit, n\u00eb Zyr\u00ebn p\u00ebr pyetje t\u00eb rom\u00ebve dhe n\u00eb ndertes\u00ebn administrative t\u00eb Qendr\u00ebs parashkollore \u201cF\u00ebmija Yn\u00eb\u201d<\/p>\n<p>\n\tDita nd\u00ebrkomb\u00ebtare p\u00ebr t\u00eb drejtat e njeriut \u00ebsht\u00eb sh\u00ebnuar me aktivitet rrugor n\u00eb zon\u00ebn e k\u00ebmb\u00ebsor\u00ebve n\u00eb bashk\u00ebpunim me Organizat\u00ebn studentore e t\u00eb hendikepuarve nga Beogradi. N\u00eb aktivitetin rrugor qytetar\u00ebt dhe qytetaret e Vranj\u00ebs kan\u00eb pasur mund\u00ebsin t\u00eb p\u00ebrjetojn\u00eb p\u00ebrvojat e p\u00ebrditshme t\u00eb personave me aft\u00ebsi t\u00eb kufizuara.<\/p>\n<p>\n\tAktiviteti p\u00ebr sh\u00ebnimin e Dit\u00ebs nd\u00ebrkomb\u00ebtare p\u00ebr t\u00eb drejtat e njeriut realizohet n\u00eb bashkpunim me ekipin lokal t\u00eb profesionalizuar nga institucionet dhe organizatat t\u00eb cilat punojn me pakicat n\u00eb Vranj\u00eb, dhe mb\u00ebshtetjes s\u00eb Organizat\u00ebs studntore t\u00eb t\u00eb hendikepuarve nga Beogradi.<\/p>\n<p>\n\tFushata \u201c Mi \u2013 Tu\u201drealizohet n\u00eb kuad\u00ebr t\u00eb projektit \u201cM\u00eb Tradh\u00ebto\u201d t\u00eb cilin e ralizon \u201cGjeneratori\u201dnd\u00ebrsa e financon Delegacioni i Bashkimit Evropian n\u00eb S\u00ebrbi n\u00eb kuad\u00ebr t\u00eb programit E I D H R.<\/p>\n<p>\n\t<strong>Burimi: Jugpress dhe Trupi Koordinues.<\/strong><\/p>\n<p>\n\t\u00a0<\/p>\n","protected":false},"excerpt":{"rendered":"<p>Vranj\u00eb \u2013 Me nj\u00eb varg aktivitetesh dje n\u00eb Vranj\u00eb \u00ebsht\u00eb sh\u00ebnuar 10. Dhjetori dita Nd\u00ebrkomb\u00ebtare p\u00ebr t\u00eb drejtat e njeriut n\u00eb kuad\u00ebr t\u00eb fusht\u00ebs \u201cMi \u2013 Tu\u201d. Ky aktivitet ka pasur p\u00ebr q\u00ebllim vendosjen e tvolinave informuese me informatat p\u00ebr m\u00ebnyr\u00ebn se si qytetar\u00ebt mund t\u00eb usht\u00ebrojn t\u00eb drejtat e tyre, dhe e gjith\u00eb kjo ka filluar me nj\u00eb konferenc p\u00ebr media n\u00eb Qendr\u00ebn p\u00ebr zhvillimin e sh\u00ebrbimeve lokale dhe\u00a0 mir\u00ebqenie sociale.<\/p>\n","protected":false},"author":1,"featured_media":139907,"comment_status":"closed","ping_status":"closed","sticky":false,"template":"","format":"standard","meta":{"footnotes":""},"categories":[55],"tags":[],"class_list":["post-139902","post","type-post","status-publish","format-standard","has-post-thumbnail","hentry","category-lajme"],"yoast_head":"<!-- This site is optimized with the Yoast SEO plugin v27.5 - https:\/\/yoast.com\/product\/yoast-seo-wordpress\/ -->\n<title>DITA ND\u00cbRKOMB\u00cbTARE P\u00cbR T\u00cb DREJTAT E NJERIUT N\u00cb VRANJ\u00cb - Republika e S\u00ebrbis\u00eb Trupi Koordinues p\u00ebr komunat Bujanoc, Preshev\u00eb dhe Medvegj\u00eb<\/title>\n<meta name=\"robots\" content=\"index, follow, max-snippet:-1, max-image-preview:large, max-video-preview:-1\" \/>\n<link rel=\"canonical\" href=\"https:\/\/kt.gov.rs\/sq\/dita-nderkombetare-per-te-drejtat-e-njeriut-ne-vranje\/\" \/>\n<meta property=\"og:locale\" content=\"sq_AL\" \/>\n<meta property=\"og:type\" content=\"article\" \/>\n<meta property=\"og:title\" content=\"DITA ND\u00cbRKOMB\u00cbTARE P\u00cbR T\u00cb DREJTAT E NJERIUT N\u00cb VRANJ\u00cb - Republika e S\u00ebrbis\u00eb Trupi Koordinues p\u00ebr komunat Bujanoc, Preshev\u00eb dhe Medvegj\u00eb\" \/>\n<meta property=\"og:description\" content=\"Vranj\u00eb - Me nj\u00eb varg aktivitetesh dje n\u00eb Vranj\u00eb \u00ebsht\u00eb sh\u00ebnuar 10. Dhjetori dita Nd\u00ebrkomb\u00ebtare p\u00ebr t\u00eb drejtat e njeriut n\u00eb kuad\u00ebr t\u00eb fusht\u00ebs \u201cMi \u2013 Tu\u201d. Ky aktivitet ka pasur p\u00ebr q\u00ebllim vendosjen e tvolinave informuese me informatat p\u00ebr m\u00ebnyr\u00ebn se si qytetar\u00ebt mund t\u00eb usht\u00ebrojn t\u00eb drejtat e tyre, dhe e gjith\u00eb kjo ka filluar me nj\u00eb konferenc p\u00ebr media n\u00eb Qendr\u00ebn p\u00ebr zhvillimin e sh\u00ebrbimeve lokale dhe\u00a0 mir\u00ebqenie sociale.\" \/>\n<meta property=\"og:url\" content=\"https:\/\/kt.gov.rs\/sq\/dita-nderkombetare-per-te-drejtat-e-njeriut-ne-vranje\/\" \/>\n<meta property=\"og:site_name\" content=\"Republika e S\u00ebrbis\u00eb Trupi Koordinues p\u00ebr komunat Bujanoc, Preshev\u00eb dhe Medvegj\u00eb\" \/>\n<meta property=\"article:publisher\" content=\"https:\/\/www.facebook.com\/SluzbaKoordinacionogTelaVladeRepublikeSrbije\" \/>\n<meta property=\"article:published_time\" content=\"2013-12-11T00:00:00+00:00\" \/>\n<meta property=\"article:modified_time\" content=\"2024-07-30T20:14:02+00:00\" \/>\n<meta property=\"og:image\" content=\"https:\/\/kt.gov.rs\/wp-content\/uploads\/2024\/07\/newspic732-5.jpg\" \/>\n\t<meta property=\"og:image:width\" content=\"315\" \/>\n\t<meta property=\"og:image:height\" content=\"220\" \/>\n\t<meta property=\"og:image:type\" content=\"image\/jpeg\" \/>\n<meta name=\"author\" content=\"ktmin\" \/>\n<meta name=\"twitter:card\" content=\"summary_large_image\" \/>\n<meta name=\"twitter:creator\" content=\"@kt_gov\" \/>\n<meta name=\"twitter:site\" content=\"@kt_gov\" \/>\n<meta name=\"twitter:label1\" content=\"Written by\" \/>\n\t<meta name=\"twitter:data1\" content=\"ktmin\" \/>\n\t<meta name=\"twitter:label2\" content=\"Est. reading time\" \/>\n\t<meta name=\"twitter:data2\" content=\"6 minutes\" \/>\n<script type=\"application\/ld+json\" class=\"yoast-schema-graph\">{\"@context\":\"https:\\\/\\\/schema.org\",\"@graph\":[{\"@type\":\"Article\",\"@id\":\"https:\\\/\\\/kt.gov.rs\\\/sq\\\/dita-nderkombetare-per-te-drejtat-e-njeriut-ne-vranje\\\/#article\",\"isPartOf\":{\"@id\":\"https:\\\/\\\/kt.gov.rs\\\/sq\\\/dita-nderkombetare-per-te-drejtat-e-njeriut-ne-vranje\\\/\"},\"author\":{\"name\":\"ktmin\",\"@id\":\"https:\\\/\\\/kt.gov.rs\\\/#\\\/schema\\\/person\\\/e426459ddb4173309103390602694571\"},\"headline\":\"DITA ND\u00cbRKOMB\u00cbTARE P\u00cbR T\u00cb DREJTAT E NJERIUT N\u00cb VRANJ\u00cb\",\"datePublished\":\"2013-12-11T00:00:00+00:00\",\"dateModified\":\"2024-07-30T20:14:02+00:00\",\"mainEntityOfPage\":{\"@id\":\"https:\\\/\\\/kt.gov.rs\\\/sq\\\/dita-nderkombetare-per-te-drejtat-e-njeriut-ne-vranje\\\/\"},\"wordCount\":1277,\"publisher\":{\"@id\":\"https:\\\/\\\/kt.gov.rs\\\/#organization\"},\"image\":{\"@id\":\"https:\\\/\\\/kt.gov.rs\\\/sq\\\/dita-nderkombetare-per-te-drejtat-e-njeriut-ne-vranje\\\/#primaryimage\"},\"thumbnailUrl\":\"https:\\\/\\\/kt.gov.rs\\\/wp-content\\\/uploads\\\/2024\\\/07\\\/newspic732-5.jpg\",\"articleSection\":[\"Lajme\"],\"inLanguage\":\"sq-AL\"},{\"@type\":\"WebPage\",\"@id\":\"https:\\\/\\\/kt.gov.rs\\\/sq\\\/dita-nderkombetare-per-te-drejtat-e-njeriut-ne-vranje\\\/\",\"url\":\"https:\\\/\\\/kt.gov.rs\\\/sq\\\/dita-nderkombetare-per-te-drejtat-e-njeriut-ne-vranje\\\/\",\"name\":\"DITA ND\u00cbRKOMB\u00cbTARE P\u00cbR T\u00cb DREJTAT E NJERIUT N\u00cb VRANJ\u00cb - Republika e S\u00ebrbis\u00eb Trupi Koordinues p\u00ebr komunat Bujanoc, Preshev\u00eb dhe Medvegj\u00eb\",\"isPartOf\":{\"@id\":\"https:\\\/\\\/kt.gov.rs\\\/#website\"},\"primaryImageOfPage\":{\"@id\":\"https:\\\/\\\/kt.gov.rs\\\/sq\\\/dita-nderkombetare-per-te-drejtat-e-njeriut-ne-vranje\\\/#primaryimage\"},\"image\":{\"@id\":\"https:\\\/\\\/kt.gov.rs\\\/sq\\\/dita-nderkombetare-per-te-drejtat-e-njeriut-ne-vranje\\\/#primaryimage\"},\"thumbnailUrl\":\"https:\\\/\\\/kt.gov.rs\\\/wp-content\\\/uploads\\\/2024\\\/07\\\/newspic732-5.jpg\",\"datePublished\":\"2013-12-11T00:00:00+00:00\",\"dateModified\":\"2024-07-30T20:14:02+00:00\",\"breadcrumb\":{\"@id\":\"https:\\\/\\\/kt.gov.rs\\\/sq\\\/dita-nderkombetare-per-te-drejtat-e-njeriut-ne-vranje\\\/#breadcrumb\"},\"inLanguage\":\"sq-AL\",\"potentialAction\":[{\"@type\":\"ReadAction\",\"target\":[\"https:\\\/\\\/kt.gov.rs\\\/sq\\\/dita-nderkombetare-per-te-drejtat-e-njeriut-ne-vranje\\\/\"]}]},{\"@type\":\"ImageObject\",\"inLanguage\":\"sq-AL\",\"@id\":\"https:\\\/\\\/kt.gov.rs\\\/sq\\\/dita-nderkombetare-per-te-drejtat-e-njeriut-ne-vranje\\\/#primaryimage\",\"url\":\"https:\\\/\\\/kt.gov.rs\\\/wp-content\\\/uploads\\\/2024\\\/07\\\/newspic732-5.jpg\",\"contentUrl\":\"https:\\\/\\\/kt.gov.rs\\\/wp-content\\\/uploads\\\/2024\\\/07\\\/newspic732-5.jpg\",\"width\":315,\"height\":220},{\"@type\":\"BreadcrumbList\",\"@id\":\"https:\\\/\\\/kt.gov.rs\\\/sq\\\/dita-nderkombetare-per-te-drejtat-e-njeriut-ne-vranje\\\/#breadcrumb\",\"itemListElement\":[{\"@type\":\"ListItem\",\"position\":1,\"name\":\"\u041f\u043e\u0447\u0435\u0442\u043d\u0430\",\"item\":\"https:\\\/\\\/kt.gov.rs\\\/sq\\\/\"},{\"@type\":\"ListItem\",\"position\":2,\"name\":\"DITA ND\u00cbRKOMB\u00cbTARE P\u00cbR T\u00cb DREJTAT E NJERIUT N\u00cb VRANJ\u00cb\"}]},{\"@type\":\"WebSite\",\"@id\":\"https:\\\/\\\/kt.gov.rs\\\/#website\",\"url\":\"https:\\\/\\\/kt.gov.rs\\\/\",\"name\":\"\u041a\u043e\u043e\u0440\u0434\u0438\u043d\u0430\u0446\u0438\u043e\u043d\u043e \u0442\u0435\u043b\u043e \u0412\u043b\u0430\u0434\u0435 \u0420\u0435\u043f\u0443\u0431\u043b\u0438\u043a\u0435 \u0421\u0440\u0431\u0438\u0458\u0435 \u0437\u0430 \u043e\u043f\u0448\u0442\u0438\u043d\u0435 \u041f\u0440\u0435\u0448\u0435\u0432\u043e, \u0411\u0443\u0458\u0430\u043d\u043e\u0432\u0430\u0446 \u0438 \u041c\u0435\u0434\u0432\u0435\u0452a\",\"description\":\"\",\"publisher\":{\"@id\":\"https:\\\/\\\/kt.gov.rs\\\/#organization\"},\"alternateName\":\"\u041a\u043e\u043e\u0440\u0434\u0438\u043d\u0430\u0446\u0438\u043e\u043d\u043e \u0442\u0435\u043b\u043e\",\"potentialAction\":[{\"@type\":\"SearchAction\",\"target\":{\"@type\":\"EntryPoint\",\"urlTemplate\":\"https:\\\/\\\/kt.gov.rs\\\/?s={search_term_string}\"},\"query-input\":{\"@type\":\"PropertyValueSpecification\",\"valueRequired\":true,\"valueName\":\"search_term_string\"}}],\"inLanguage\":\"sq-AL\"},{\"@type\":\"Organization\",\"@id\":\"https:\\\/\\\/kt.gov.rs\\\/#organization\",\"name\":\"\u041a\u043e\u043e\u0440\u0434\u0438\u043d\u0430\u0446\u0438\u043e\u043d\u043e \u0442\u0435\u043b\u043e \u0412\u043b\u0430\u0434\u0435 \u0420\u0435\u043f\u0443\u0431\u043b\u0438\u043a\u0435 \u0421\u0440\u0431\u0438\u0458\u0435 \u0437\u0430 \u043e\u043f\u0448\u0442\u0438\u043d\u0435 \u041f\u0440\u0435\u0448\u0435\u0432\u043e, \u0411\u0443\u0458\u0430\u043d\u043e\u0432\u0430\u0446 \u0438 \u041c\u0435\u0434\u0432\u0435\u0452a\",\"alternateName\":\"\u041a\u043e\u043e\u0440\u0434\u0438\u043d\u0430\u0446\u0438\u043e\u043d\u043e \u0442\u0435\u043b\u043e\",\"url\":\"https:\\\/\\\/kt.gov.rs\\\/\",\"logo\":{\"@type\":\"ImageObject\",\"inLanguage\":\"sq-AL\",\"@id\":\"https:\\\/\\\/kt.gov.rs\\\/#\\\/schema\\\/logo\\\/image\\\/\",\"url\":\"https:\\\/\\\/kt.gov.rs\\\/wp-content\\\/uploads\\\/2024\\\/12\\\/koord2.jpg\",\"contentUrl\":\"https:\\\/\\\/kt.gov.rs\\\/wp-content\\\/uploads\\\/2024\\\/12\\\/koord2.jpg\",\"width\":640,\"height\":480,\"caption\":\"\u041a\u043e\u043e\u0440\u0434\u0438\u043d\u0430\u0446\u0438\u043e\u043d\u043e \u0442\u0435\u043b\u043e \u0412\u043b\u0430\u0434\u0435 \u0420\u0435\u043f\u0443\u0431\u043b\u0438\u043a\u0435 \u0421\u0440\u0431\u0438\u0458\u0435 \u0437\u0430 \u043e\u043f\u0448\u0442\u0438\u043d\u0435 \u041f\u0440\u0435\u0448\u0435\u0432\u043e, \u0411\u0443\u0458\u0430\u043d\u043e\u0432\u0430\u0446 \u0438 \u041c\u0435\u0434\u0432\u0435\u0452a\"},\"image\":{\"@id\":\"https:\\\/\\\/kt.gov.rs\\\/#\\\/schema\\\/logo\\\/image\\\/\"},\"sameAs\":[\"https:\\\/\\\/www.facebook.com\\\/SluzbaKoordinacionogTelaVladeRepublikeSrbije\",\"https:\\\/\\\/x.com\\\/kt_gov\",\"https:\\\/\\\/www.youtube.com\\\/@koordinacionotelo\"]},{\"@type\":\"Person\",\"@id\":\"https:\\\/\\\/kt.gov.rs\\\/#\\\/schema\\\/person\\\/e426459ddb4173309103390602694571\",\"name\":\"ktmin\",\"image\":{\"@type\":\"ImageObject\",\"inLanguage\":\"sq-AL\",\"@id\":\"https:\\\/\\\/secure.gravatar.com\\\/avatar\\\/3985c961109853010c3fbc7ba30365bfba5db3dd6c525831d9c595c7525a615a?s=96&d=mm&r=g\",\"url\":\"https:\\\/\\\/secure.gravatar.com\\\/avatar\\\/3985c961109853010c3fbc7ba30365bfba5db3dd6c525831d9c595c7525a615a?s=96&d=mm&r=g\",\"contentUrl\":\"https:\\\/\\\/secure.gravatar.com\\\/avatar\\\/3985c961109853010c3fbc7ba30365bfba5db3dd6c525831d9c595c7525a615a?s=96&d=mm&r=g\",\"caption\":\"ktmin\"},\"sameAs\":[\"https:\\\/\\\/kt.gov.rs\"],\"url\":\"https:\\\/\\\/kt.gov.rs\\\/sq\\\/author\\\/ktmin\\\/\"}]}<\/script>\n<!-- \/ Yoast SEO plugin. -->","yoast_head_json":{"title":"DITA ND\u00cbRKOMB\u00cbTARE P\u00cbR T\u00cb DREJTAT E NJERIUT N\u00cb VRANJ\u00cb - Republika e S\u00ebrbis\u00eb Trupi Koordinues p\u00ebr komunat Bujanoc, Preshev\u00eb dhe Medvegj\u00eb","robots":{"index":"index","follow":"follow","max-snippet":"max-snippet:-1","max-image-preview":"max-image-preview:large","max-video-preview":"max-video-preview:-1"},"canonical":"https:\/\/kt.gov.rs\/sq\/dita-nderkombetare-per-te-drejtat-e-njeriut-ne-vranje\/","og_locale":"sq_AL","og_type":"article","og_title":"DITA ND\u00cbRKOMB\u00cbTARE P\u00cbR T\u00cb DREJTAT E NJERIUT N\u00cb VRANJ\u00cb - Republika e S\u00ebrbis\u00eb Trupi Koordinues p\u00ebr komunat Bujanoc, Preshev\u00eb dhe Medvegj\u00eb","og_description":"Vranj\u00eb - Me nj\u00eb varg aktivitetesh dje n\u00eb Vranj\u00eb \u00ebsht\u00eb sh\u00ebnuar 10. Dhjetori dita Nd\u00ebrkomb\u00ebtare p\u00ebr t\u00eb drejtat e njeriut n\u00eb kuad\u00ebr t\u00eb fusht\u00ebs \u201cMi \u2013 Tu\u201d. Ky aktivitet ka pasur p\u00ebr q\u00ebllim vendosjen e tvolinave informuese me informatat p\u00ebr m\u00ebnyr\u00ebn se si qytetar\u00ebt mund t\u00eb usht\u00ebrojn t\u00eb drejtat e tyre, dhe e gjith\u00eb kjo ka filluar me nj\u00eb konferenc p\u00ebr media n\u00eb Qendr\u00ebn p\u00ebr zhvillimin e sh\u00ebrbimeve lokale dhe\u00a0 mir\u00ebqenie sociale.","og_url":"https:\/\/kt.gov.rs\/sq\/dita-nderkombetare-per-te-drejtat-e-njeriut-ne-vranje\/","og_site_name":"Republika e S\u00ebrbis\u00eb Trupi Koordinues p\u00ebr komunat Bujanoc, Preshev\u00eb dhe Medvegj\u00eb","article_publisher":"https:\/\/www.facebook.com\/SluzbaKoordinacionogTelaVladeRepublikeSrbije","article_published_time":"2013-12-11T00:00:00+00:00","article_modified_time":"2024-07-30T20:14:02+00:00","og_image":[{"width":315,"height":220,"url":"https:\/\/kt.gov.rs\/wp-content\/uploads\/2024\/07\/newspic732-5.jpg","type":"image\/jpeg"}],"author":"ktmin","twitter_card":"summary_large_image","twitter_creator":"@kt_gov","twitter_site":"@kt_gov","twitter_misc":{"Written by":"ktmin","Est. reading time":"6 minutes"},"schema":{"@context":"https:\/\/schema.org","@graph":[{"@type":"Article","@id":"https:\/\/kt.gov.rs\/sq\/dita-nderkombetare-per-te-drejtat-e-njeriut-ne-vranje\/#article","isPartOf":{"@id":"https:\/\/kt.gov.rs\/sq\/dita-nderkombetare-per-te-drejtat-e-njeriut-ne-vranje\/"},"author":{"name":"ktmin","@id":"https:\/\/kt.gov.rs\/#\/schema\/person\/e426459ddb4173309103390602694571"},"headline":"DITA ND\u00cbRKOMB\u00cbTARE P\u00cbR T\u00cb DREJTAT E NJERIUT N\u00cb VRANJ\u00cb","datePublished":"2013-12-11T00:00:00+00:00","dateModified":"2024-07-30T20:14:02+00:00","mainEntityOfPage":{"@id":"https:\/\/kt.gov.rs\/sq\/dita-nderkombetare-per-te-drejtat-e-njeriut-ne-vranje\/"},"wordCount":1277,"publisher":{"@id":"https:\/\/kt.gov.rs\/#organization"},"image":{"@id":"https:\/\/kt.gov.rs\/sq\/dita-nderkombetare-per-te-drejtat-e-njeriut-ne-vranje\/#primaryimage"},"thumbnailUrl":"https:\/\/kt.gov.rs\/wp-content\/uploads\/2024\/07\/newspic732-5.jpg","articleSection":["Lajme"],"inLanguage":"sq-AL"},{"@type":"WebPage","@id":"https:\/\/kt.gov.rs\/sq\/dita-nderkombetare-per-te-drejtat-e-njeriut-ne-vranje\/","url":"https:\/\/kt.gov.rs\/sq\/dita-nderkombetare-per-te-drejtat-e-njeriut-ne-vranje\/","name":"DITA ND\u00cbRKOMB\u00cbTARE P\u00cbR T\u00cb DREJTAT E NJERIUT N\u00cb VRANJ\u00cb - Republika e S\u00ebrbis\u00eb Trupi Koordinues p\u00ebr komunat Bujanoc, Preshev\u00eb dhe Medvegj\u00eb","isPartOf":{"@id":"https:\/\/kt.gov.rs\/#website"},"primaryImageOfPage":{"@id":"https:\/\/kt.gov.rs\/sq\/dita-nderkombetare-per-te-drejtat-e-njeriut-ne-vranje\/#primaryimage"},"image":{"@id":"https:\/\/kt.gov.rs\/sq\/dita-nderkombetare-per-te-drejtat-e-njeriut-ne-vranje\/#primaryimage"},"thumbnailUrl":"https:\/\/kt.gov.rs\/wp-content\/uploads\/2024\/07\/newspic732-5.jpg","datePublished":"2013-12-11T00:00:00+00:00","dateModified":"2024-07-30T20:14:02+00:00","breadcrumb":{"@id":"https:\/\/kt.gov.rs\/sq\/dita-nderkombetare-per-te-drejtat-e-njeriut-ne-vranje\/#breadcrumb"},"inLanguage":"sq-AL","potentialAction":[{"@type":"ReadAction","target":["https:\/\/kt.gov.rs\/sq\/dita-nderkombetare-per-te-drejtat-e-njeriut-ne-vranje\/"]}]},{"@type":"ImageObject","inLanguage":"sq-AL","@id":"https:\/\/kt.gov.rs\/sq\/dita-nderkombetare-per-te-drejtat-e-njeriut-ne-vranje\/#primaryimage","url":"https:\/\/kt.gov.rs\/wp-content\/uploads\/2024\/07\/newspic732-5.jpg","contentUrl":"https:\/\/kt.gov.rs\/wp-content\/uploads\/2024\/07\/newspic732-5.jpg","width":315,"height":220},{"@type":"BreadcrumbList","@id":"https:\/\/kt.gov.rs\/sq\/dita-nderkombetare-per-te-drejtat-e-njeriut-ne-vranje\/#breadcrumb","itemListElement":[{"@type":"ListItem","position":1,"name":"\u041f\u043e\u0447\u0435\u0442\u043d\u0430","item":"https:\/\/kt.gov.rs\/sq\/"},{"@type":"ListItem","position":2,"name":"DITA ND\u00cbRKOMB\u00cbTARE P\u00cbR T\u00cb DREJTAT E NJERIUT N\u00cb VRANJ\u00cb"}]},{"@type":"WebSite","@id":"https:\/\/kt.gov.rs\/#website","url":"https:\/\/kt.gov.rs\/","name":"\u041a\u043e\u043e\u0440\u0434\u0438\u043d\u0430\u0446\u0438\u043e\u043d\u043e \u0442\u0435\u043b\u043e \u0412\u043b\u0430\u0434\u0435 \u0420\u0435\u043f\u0443\u0431\u043b\u0438\u043a\u0435 \u0421\u0440\u0431\u0438\u0458\u0435 \u0437\u0430 \u043e\u043f\u0448\u0442\u0438\u043d\u0435 \u041f\u0440\u0435\u0448\u0435\u0432\u043e, \u0411\u0443\u0458\u0430\u043d\u043e\u0432\u0430\u0446 \u0438 \u041c\u0435\u0434\u0432\u0435\u0452a","description":"","publisher":{"@id":"https:\/\/kt.gov.rs\/#organization"},"alternateName":"\u041a\u043e\u043e\u0440\u0434\u0438\u043d\u0430\u0446\u0438\u043e\u043d\u043e \u0442\u0435\u043b\u043e","potentialAction":[{"@type":"SearchAction","target":{"@type":"EntryPoint","urlTemplate":"https:\/\/kt.gov.rs\/?s={search_term_string}"},"query-input":{"@type":"PropertyValueSpecification","valueRequired":true,"valueName":"search_term_string"}}],"inLanguage":"sq-AL"},{"@type":"Organization","@id":"https:\/\/kt.gov.rs\/#organization","name":"\u041a\u043e\u043e\u0440\u0434\u0438\u043d\u0430\u0446\u0438\u043e\u043d\u043e \u0442\u0435\u043b\u043e \u0412\u043b\u0430\u0434\u0435 \u0420\u0435\u043f\u0443\u0431\u043b\u0438\u043a\u0435 \u0421\u0440\u0431\u0438\u0458\u0435 \u0437\u0430 \u043e\u043f\u0448\u0442\u0438\u043d\u0435 \u041f\u0440\u0435\u0448\u0435\u0432\u043e, \u0411\u0443\u0458\u0430\u043d\u043e\u0432\u0430\u0446 \u0438 \u041c\u0435\u0434\u0432\u0435\u0452a","alternateName":"\u041a\u043e\u043e\u0440\u0434\u0438\u043d\u0430\u0446\u0438\u043e\u043d\u043e \u0442\u0435\u043b\u043e","url":"https:\/\/kt.gov.rs\/","logo":{"@type":"ImageObject","inLanguage":"sq-AL","@id":"https:\/\/kt.gov.rs\/#\/schema\/logo\/image\/","url":"https:\/\/kt.gov.rs\/wp-content\/uploads\/2024\/12\/koord2.jpg","contentUrl":"https:\/\/kt.gov.rs\/wp-content\/uploads\/2024\/12\/koord2.jpg","width":640,"height":480,"caption":"\u041a\u043e\u043e\u0440\u0434\u0438\u043d\u0430\u0446\u0438\u043e\u043d\u043e \u0442\u0435\u043b\u043e \u0412\u043b\u0430\u0434\u0435 \u0420\u0435\u043f\u0443\u0431\u043b\u0438\u043a\u0435 \u0421\u0440\u0431\u0438\u0458\u0435 \u0437\u0430 \u043e\u043f\u0448\u0442\u0438\u043d\u0435 \u041f\u0440\u0435\u0448\u0435\u0432\u043e, \u0411\u0443\u0458\u0430\u043d\u043e\u0432\u0430\u0446 \u0438 \u041c\u0435\u0434\u0432\u0435\u0452a"},"image":{"@id":"https:\/\/kt.gov.rs\/#\/schema\/logo\/image\/"},"sameAs":["https:\/\/www.facebook.com\/SluzbaKoordinacionogTelaVladeRepublikeSrbije","https:\/\/x.com\/kt_gov","https:\/\/www.youtube.com\/@koordinacionotelo"]},{"@type":"Person","@id":"https:\/\/kt.gov.rs\/#\/schema\/person\/e426459ddb4173309103390602694571","name":"ktmin","image":{"@type":"ImageObject","inLanguage":"sq-AL","@id":"https:\/\/secure.gravatar.com\/avatar\/3985c961109853010c3fbc7ba30365bfba5db3dd6c525831d9c595c7525a615a?s=96&d=mm&r=g","url":"https:\/\/secure.gravatar.com\/avatar\/3985c961109853010c3fbc7ba30365bfba5db3dd6c525831d9c595c7525a615a?s=96&d=mm&r=g","contentUrl":"https:\/\/secure.gravatar.com\/avatar\/3985c961109853010c3fbc7ba30365bfba5db3dd6c525831d9c595c7525a615a?s=96&d=mm&r=g","caption":"ktmin"},"sameAs":["https:\/\/kt.gov.rs"],"url":"https:\/\/kt.gov.rs\/sq\/author\/ktmin\/"}]}},"_links":{"self":[{"href":"https:\/\/kt.gov.rs\/sq\/wp-json\/wp\/v2\/posts\/139902","targetHints":{"allow":["GET"]}}],"collection":[{"href":"https:\/\/kt.gov.rs\/sq\/wp-json\/wp\/v2\/posts"}],"about":[{"href":"https:\/\/kt.gov.rs\/sq\/wp-json\/wp\/v2\/types\/post"}],"author":[{"embeddable":true,"href":"https:\/\/kt.gov.rs\/sq\/wp-json\/wp\/v2\/users\/1"}],"replies":[{"embeddable":true,"href":"https:\/\/kt.gov.rs\/sq\/wp-json\/wp\/v2\/comments?post=139902"}],"version-history":[{"count":1,"href":"https:\/\/kt.gov.rs\/sq\/wp-json\/wp\/v2\/posts\/139902\/revisions"}],"predecessor-version":[{"id":139906,"href":"https:\/\/kt.gov.rs\/sq\/wp-json\/wp\/v2\/posts\/139902\/revisions\/139906"}],"wp:featuredmedia":[{"embeddable":true,"href":"https:\/\/kt.gov.rs\/sq\/wp-json\/wp\/v2\/media\/139907"}],"wp:attachment":[{"href":"https:\/\/kt.gov.rs\/sq\/wp-json\/wp\/v2\/media?parent=139902"}],"wp:term":[{"taxonomy":"category","embeddable":true,"href":"https:\/\/kt.gov.rs\/sq\/wp-json\/wp\/v2\/categories?post=139902"},{"taxonomy":"post_tag","embeddable":true,"href":"https:\/\/kt.gov.rs\/sq\/wp-json\/wp\/v2\/tags?post=139902"}],"curies":[{"name":"wp","href":"https:\/\/api.w.org\/{rel}","templated":true}]}}