{"id":139894,"date":"2013-12-11T00:00:00","date_gmt":"2013-12-11T00:00:00","guid":{"rendered":"http:\/\/kt.printandscreen.rs\/bujanoc-prezantohet-kodeksi-i-gazetareve-te-serbise\/"},"modified":"2024-07-30T20:14:01","modified_gmt":"2024-07-30T20:14:01","slug":"bujanoc-prezantohet-kodeksi-i-gazetareve-te-serbise","status":"publish","type":"post","link":"https:\/\/kt.gov.rs\/sq\/bujanoc-prezantohet-kodeksi-i-gazetareve-te-serbise\/","title":{"rendered":"BUJANOC: PREZANTOHET KODEKSI I GAZETAR\u00cbVE T\u00cb SERBIS\u00cb"},"content":{"rendered":"<p>\n\t<strong><img decoding=\"async\" alt=\"\" src=\"https:\/\/kt.gov.rs\/wp-content\/uploads\/2024\/07\/newspic733-4.jpg\" style=\"width: 315px; height: 220px; float: left;\" \/>N\u00eb zyrat e OSBE-s\u00eb n\u00eb Bujanoc \u00ebsht\u00eb prezantuar dhe diskutuar Kodeksi i Gazetar\u00ebve t\u00eb Serbis\u00eb, t\u00eb p\u00ebrkthyer n\u00eb gjuh\u00ebn shqipe dhe rome. T\u00eb pranish\u00ebm n\u00eb k\u00ebt\u00eb diskutim ishin p\u00ebrfaq\u00ebsuesit e TV \u201cPresheva\u201d, TV \u201cSpektri\u201d, RTV \u201cAldi\u201d, RTV \u201cBujanoci\u201d dhe Portali i Pavarur Informativ Titulli si dhe gazetar nga gazeta Blic e Beogradit.\u00a0<\/strong><\/p>\n<p>\tZllatko Miniq, nj\u00ebri prej autor\u00ebve t\u00eb k\u00ebtij kodeksi deklaroi n\u00eb Bujanoc se ky kodeks \u00ebsht\u00eb miratuar para gjasht\u00eb viteve nga dy shoqatat \u00a0NUNS dhe UNS, ku n\u00eb rend t\u00eb par\u00eb \u00ebsht\u00eb principi themelor mbi personalitetin si dhe mbi raportimin e drejt\u00eb t\u00eb ngjarjeve.<\/p>\n<p>\n\tNd\u00ebrsa sekretari \u00a0i Shoqat\u00ebs s\u00eb Pavarur t\u00eb Gazetar\u00ebve t\u00eb Serbis\u00eb (NUNS), Svetozar\u00a0 Rakoviq \u00ebsht\u00eb shprehur se kodeksi i gazetar\u00ebve nuk respektohet n\u00eb shumic\u00ebn e rasteve.<\/p>\n<p>\n\t\u201cFatkeq\u00ebsisht shumica nuk e respektojn\u00eb etik\u00ebn dhe kodeksin e profesionit e n\u00eb k\u00ebt\u00eb rast t\u00eb gazetarit, lirisht mund t\u00eb them se shpesh k\u00ebt\u00eb rregull e thyejn\u00eb rregullin gazetar\u00ebt, autor\u00ebt, redaktor\u00ebt si dhe pronar\u00ebt e mediave\u201d, tha Rakoviq gjat\u00eb diskutimit me gazetar n\u00eb Bujanoc.<\/p>\n<p>\n\tDrejtori i televizionit \u201cSpektri\u201d n\u00eb Bujanoc, Jeton Ismaili ka shprehur shqet\u00ebsimin e tij\u00eb p\u00ebr pun\u00ebn e disa mediave dhe gazetar\u00ebve n\u00eb komunat Bujanoc e Preshev\u00eb, t\u00eb cilat sipas tij\u00eb nuk respektojn\u00eb kodeksin e tyre t\u00eb pun\u00ebs.<\/p>\n<p>\n\t\u201cN\u00eb vendin ton\u00eb kemi munges\u00eb t\u00eb profesionalizmit n\u00eb gazetari dhe nj\u00eb pap\u00ebrgjegj\u00ebsi t\u00eb madhe ndaj shkrimeve gazetareske dhe konkurrenc\u00eb jolojale n\u00eb financimin e mediave lokale\u201d, tha Ismaili.<\/p>\n<p>\n\tKodeksi i gazetar\u00ebve t\u00eb Serbis\u00eb \u00ebsht\u00eb financuar nga Ministria e Kultur\u00ebs dhe Organizat\u00ebs p\u00ebr Siguri dhe Bashk\u00ebpunim Evropian n\u00eb Serbi dhe \u00ebsht\u00eb p\u00ebrkthyer n\u00eb gjuh\u00ebn e pakicave q\u00eb jetojn\u00eb n\u00eb Serbi.<\/p>\n<p>\n\t<strong>Burimi: Titilli dhe Trupi Koordinues<\/strong><\/p>\n<p>\n\t\u00a0<\/p>\n","protected":false},"excerpt":{"rendered":"<p>N\u00eb zyrat e OSBE-s\u00eb n\u00eb Bujanoc \u00ebsht\u00eb prezantuar dhe diskutuar Kodeksi i Gazetar\u00ebve t\u00eb Serbis\u00eb, t\u00eb p\u00ebrkthyer n\u00eb gjuh\u00ebn shqipe dhe rome. T\u00eb pranish\u00ebm n\u00eb k\u00ebt\u00eb diskutim ishin p\u00ebrfaq\u00ebsuesit e TV \u201cPresheva\u201d, TV \u201cSpektri\u201d, RTV \u201cAldi\u201d, RTV \u201cBujanoci\u201d dhe Portali i Pavarur Informativ Titulli si dhe gazetar nga gazeta Blic e Beogradit.<\/p>\n","protected":false},"author":1,"featured_media":139899,"comment_status":"closed","ping_status":"closed","sticky":false,"template":"","format":"standard","meta":{"footnotes":""},"categories":[55],"tags":[],"class_list":["post-139894","post","type-post","status-publish","format-standard","has-post-thumbnail","hentry","category-lajme"],"yoast_head":"<!-- This site is optimized with the Yoast SEO plugin v27.5 - https:\/\/yoast.com\/product\/yoast-seo-wordpress\/ -->\n<title>BUJANOC: PREZANTOHET KODEKSI I GAZETAR\u00cbVE T\u00cb SERBIS\u00cb - Republika e S\u00ebrbis\u00eb Trupi Koordinues p\u00ebr komunat Bujanoc, Preshev\u00eb dhe Medvegj\u00eb<\/title>\n<meta name=\"robots\" content=\"index, follow, max-snippet:-1, max-image-preview:large, max-video-preview:-1\" \/>\n<link rel=\"canonical\" href=\"https:\/\/kt.gov.rs\/sq\/bujanoc-prezantohet-kodeksi-i-gazetareve-te-serbise\/\" \/>\n<meta property=\"og:locale\" content=\"sq_AL\" \/>\n<meta property=\"og:type\" content=\"article\" \/>\n<meta property=\"og:title\" content=\"BUJANOC: PREZANTOHET KODEKSI I GAZETAR\u00cbVE T\u00cb SERBIS\u00cb - Republika e S\u00ebrbis\u00eb Trupi Koordinues p\u00ebr komunat Bujanoc, Preshev\u00eb dhe Medvegj\u00eb\" \/>\n<meta property=\"og:description\" content=\"N\u00eb zyrat e OSBE-s\u00eb n\u00eb Bujanoc \u00ebsht\u00eb prezantuar dhe diskutuar Kodeksi i Gazetar\u00ebve t\u00eb Serbis\u00eb, t\u00eb p\u00ebrkthyer n\u00eb gjuh\u00ebn shqipe dhe rome. T\u00eb pranish\u00ebm n\u00eb k\u00ebt\u00eb diskutim ishin p\u00ebrfaq\u00ebsuesit e TV \u201cPresheva\u201d, TV \u201cSpektri\u201d, RTV \u201cAldi\u201d, RTV \u201cBujanoci\u201d dhe Portali i Pavarur Informativ Titulli si dhe gazetar nga gazeta Blic e Beogradit.\" \/>\n<meta property=\"og:url\" content=\"https:\/\/kt.gov.rs\/sq\/bujanoc-prezantohet-kodeksi-i-gazetareve-te-serbise\/\" \/>\n<meta property=\"og:site_name\" content=\"Republika e S\u00ebrbis\u00eb Trupi Koordinues p\u00ebr komunat Bujanoc, Preshev\u00eb dhe Medvegj\u00eb\" \/>\n<meta property=\"article:publisher\" content=\"https:\/\/www.facebook.com\/SluzbaKoordinacionogTelaVladeRepublikeSrbije\" \/>\n<meta property=\"article:published_time\" content=\"2013-12-11T00:00:00+00:00\" \/>\n<meta property=\"article:modified_time\" content=\"2024-07-30T20:14:01+00:00\" \/>\n<meta property=\"og:image\" content=\"https:\/\/kt.gov.rs\/wp-content\/uploads\/2024\/07\/newspic733-5.jpg\" \/>\n\t<meta property=\"og:image:width\" content=\"315\" \/>\n\t<meta property=\"og:image:height\" content=\"220\" \/>\n\t<meta property=\"og:image:type\" content=\"image\/jpeg\" \/>\n<meta name=\"author\" content=\"ktmin\" \/>\n<meta name=\"twitter:card\" content=\"summary_large_image\" \/>\n<meta name=\"twitter:creator\" content=\"@kt_gov\" \/>\n<meta name=\"twitter:site\" content=\"@kt_gov\" \/>\n<meta name=\"twitter:label1\" content=\"Written by\" \/>\n\t<meta name=\"twitter:data1\" content=\"ktmin\" \/>\n\t<meta name=\"twitter:label2\" content=\"Est. reading time\" \/>\n\t<meta name=\"twitter:data2\" content=\"2 minutes\" \/>\n<script type=\"application\/ld+json\" class=\"yoast-schema-graph\">{\"@context\":\"https:\\\/\\\/schema.org\",\"@graph\":[{\"@type\":\"Article\",\"@id\":\"https:\\\/\\\/kt.gov.rs\\\/sq\\\/bujanoc-prezantohet-kodeksi-i-gazetareve-te-serbise\\\/#article\",\"isPartOf\":{\"@id\":\"https:\\\/\\\/kt.gov.rs\\\/sq\\\/bujanoc-prezantohet-kodeksi-i-gazetareve-te-serbise\\\/\"},\"author\":{\"name\":\"ktmin\",\"@id\":\"https:\\\/\\\/kt.gov.rs\\\/#\\\/schema\\\/person\\\/e426459ddb4173309103390602694571\"},\"headline\":\"BUJANOC: PREZANTOHET KODEKSI I GAZETAR\u00cbVE T\u00cb SERBIS\u00cb\",\"datePublished\":\"2013-12-11T00:00:00+00:00\",\"dateModified\":\"2024-07-30T20:14:01+00:00\",\"mainEntityOfPage\":{\"@id\":\"https:\\\/\\\/kt.gov.rs\\\/sq\\\/bujanoc-prezantohet-kodeksi-i-gazetareve-te-serbise\\\/\"},\"wordCount\":431,\"publisher\":{\"@id\":\"https:\\\/\\\/kt.gov.rs\\\/#organization\"},\"image\":{\"@id\":\"https:\\\/\\\/kt.gov.rs\\\/sq\\\/bujanoc-prezantohet-kodeksi-i-gazetareve-te-serbise\\\/#primaryimage\"},\"thumbnailUrl\":\"https:\\\/\\\/kt.gov.rs\\\/wp-content\\\/uploads\\\/2024\\\/07\\\/newspic733-5.jpg\",\"articleSection\":[\"Lajme\"],\"inLanguage\":\"sq-AL\"},{\"@type\":\"WebPage\",\"@id\":\"https:\\\/\\\/kt.gov.rs\\\/sq\\\/bujanoc-prezantohet-kodeksi-i-gazetareve-te-serbise\\\/\",\"url\":\"https:\\\/\\\/kt.gov.rs\\\/sq\\\/bujanoc-prezantohet-kodeksi-i-gazetareve-te-serbise\\\/\",\"name\":\"BUJANOC: PREZANTOHET KODEKSI I GAZETAR\u00cbVE T\u00cb SERBIS\u00cb - Republika e S\u00ebrbis\u00eb Trupi Koordinues p\u00ebr komunat Bujanoc, Preshev\u00eb dhe Medvegj\u00eb\",\"isPartOf\":{\"@id\":\"https:\\\/\\\/kt.gov.rs\\\/#website\"},\"primaryImageOfPage\":{\"@id\":\"https:\\\/\\\/kt.gov.rs\\\/sq\\\/bujanoc-prezantohet-kodeksi-i-gazetareve-te-serbise\\\/#primaryimage\"},\"image\":{\"@id\":\"https:\\\/\\\/kt.gov.rs\\\/sq\\\/bujanoc-prezantohet-kodeksi-i-gazetareve-te-serbise\\\/#primaryimage\"},\"thumbnailUrl\":\"https:\\\/\\\/kt.gov.rs\\\/wp-content\\\/uploads\\\/2024\\\/07\\\/newspic733-5.jpg\",\"datePublished\":\"2013-12-11T00:00:00+00:00\",\"dateModified\":\"2024-07-30T20:14:01+00:00\",\"breadcrumb\":{\"@id\":\"https:\\\/\\\/kt.gov.rs\\\/sq\\\/bujanoc-prezantohet-kodeksi-i-gazetareve-te-serbise\\\/#breadcrumb\"},\"inLanguage\":\"sq-AL\",\"potentialAction\":[{\"@type\":\"ReadAction\",\"target\":[\"https:\\\/\\\/kt.gov.rs\\\/sq\\\/bujanoc-prezantohet-kodeksi-i-gazetareve-te-serbise\\\/\"]}]},{\"@type\":\"ImageObject\",\"inLanguage\":\"sq-AL\",\"@id\":\"https:\\\/\\\/kt.gov.rs\\\/sq\\\/bujanoc-prezantohet-kodeksi-i-gazetareve-te-serbise\\\/#primaryimage\",\"url\":\"https:\\\/\\\/kt.gov.rs\\\/wp-content\\\/uploads\\\/2024\\\/07\\\/newspic733-5.jpg\",\"contentUrl\":\"https:\\\/\\\/kt.gov.rs\\\/wp-content\\\/uploads\\\/2024\\\/07\\\/newspic733-5.jpg\",\"width\":315,\"height\":220},{\"@type\":\"BreadcrumbList\",\"@id\":\"https:\\\/\\\/kt.gov.rs\\\/sq\\\/bujanoc-prezantohet-kodeksi-i-gazetareve-te-serbise\\\/#breadcrumb\",\"itemListElement\":[{\"@type\":\"ListItem\",\"position\":1,\"name\":\"\u041f\u043e\u0447\u0435\u0442\u043d\u0430\",\"item\":\"https:\\\/\\\/kt.gov.rs\\\/sq\\\/\"},{\"@type\":\"ListItem\",\"position\":2,\"name\":\"BUJANOC: PREZANTOHET KODEKSI I GAZETAR\u00cbVE T\u00cb SERBIS\u00cb\"}]},{\"@type\":\"WebSite\",\"@id\":\"https:\\\/\\\/kt.gov.rs\\\/#website\",\"url\":\"https:\\\/\\\/kt.gov.rs\\\/\",\"name\":\"\u041a\u043e\u043e\u0440\u0434\u0438\u043d\u0430\u0446\u0438\u043e\u043d\u043e \u0442\u0435\u043b\u043e \u0412\u043b\u0430\u0434\u0435 \u0420\u0435\u043f\u0443\u0431\u043b\u0438\u043a\u0435 \u0421\u0440\u0431\u0438\u0458\u0435 \u0437\u0430 \u043e\u043f\u0448\u0442\u0438\u043d\u0435 \u041f\u0440\u0435\u0448\u0435\u0432\u043e, \u0411\u0443\u0458\u0430\u043d\u043e\u0432\u0430\u0446 \u0438 \u041c\u0435\u0434\u0432\u0435\u0452a\",\"description\":\"\",\"publisher\":{\"@id\":\"https:\\\/\\\/kt.gov.rs\\\/#organization\"},\"alternateName\":\"\u041a\u043e\u043e\u0440\u0434\u0438\u043d\u0430\u0446\u0438\u043e\u043d\u043e \u0442\u0435\u043b\u043e\",\"potentialAction\":[{\"@type\":\"SearchAction\",\"target\":{\"@type\":\"EntryPoint\",\"urlTemplate\":\"https:\\\/\\\/kt.gov.rs\\\/?s={search_term_string}\"},\"query-input\":{\"@type\":\"PropertyValueSpecification\",\"valueRequired\":true,\"valueName\":\"search_term_string\"}}],\"inLanguage\":\"sq-AL\"},{\"@type\":\"Organization\",\"@id\":\"https:\\\/\\\/kt.gov.rs\\\/#organization\",\"name\":\"\u041a\u043e\u043e\u0440\u0434\u0438\u043d\u0430\u0446\u0438\u043e\u043d\u043e \u0442\u0435\u043b\u043e \u0412\u043b\u0430\u0434\u0435 \u0420\u0435\u043f\u0443\u0431\u043b\u0438\u043a\u0435 \u0421\u0440\u0431\u0438\u0458\u0435 \u0437\u0430 \u043e\u043f\u0448\u0442\u0438\u043d\u0435 \u041f\u0440\u0435\u0448\u0435\u0432\u043e, \u0411\u0443\u0458\u0430\u043d\u043e\u0432\u0430\u0446 \u0438 \u041c\u0435\u0434\u0432\u0435\u0452a\",\"alternateName\":\"\u041a\u043e\u043e\u0440\u0434\u0438\u043d\u0430\u0446\u0438\u043e\u043d\u043e \u0442\u0435\u043b\u043e\",\"url\":\"https:\\\/\\\/kt.gov.rs\\\/\",\"logo\":{\"@type\":\"ImageObject\",\"inLanguage\":\"sq-AL\",\"@id\":\"https:\\\/\\\/kt.gov.rs\\\/#\\\/schema\\\/logo\\\/image\\\/\",\"url\":\"https:\\\/\\\/kt.gov.rs\\\/wp-content\\\/uploads\\\/2024\\\/12\\\/koord2.jpg\",\"contentUrl\":\"https:\\\/\\\/kt.gov.rs\\\/wp-content\\\/uploads\\\/2024\\\/12\\\/koord2.jpg\",\"width\":640,\"height\":480,\"caption\":\"\u041a\u043e\u043e\u0440\u0434\u0438\u043d\u0430\u0446\u0438\u043e\u043d\u043e \u0442\u0435\u043b\u043e \u0412\u043b\u0430\u0434\u0435 \u0420\u0435\u043f\u0443\u0431\u043b\u0438\u043a\u0435 \u0421\u0440\u0431\u0438\u0458\u0435 \u0437\u0430 \u043e\u043f\u0448\u0442\u0438\u043d\u0435 \u041f\u0440\u0435\u0448\u0435\u0432\u043e, \u0411\u0443\u0458\u0430\u043d\u043e\u0432\u0430\u0446 \u0438 \u041c\u0435\u0434\u0432\u0435\u0452a\"},\"image\":{\"@id\":\"https:\\\/\\\/kt.gov.rs\\\/#\\\/schema\\\/logo\\\/image\\\/\"},\"sameAs\":[\"https:\\\/\\\/www.facebook.com\\\/SluzbaKoordinacionogTelaVladeRepublikeSrbije\",\"https:\\\/\\\/x.com\\\/kt_gov\",\"https:\\\/\\\/www.youtube.com\\\/@koordinacionotelo\"]},{\"@type\":\"Person\",\"@id\":\"https:\\\/\\\/kt.gov.rs\\\/#\\\/schema\\\/person\\\/e426459ddb4173309103390602694571\",\"name\":\"ktmin\",\"image\":{\"@type\":\"ImageObject\",\"inLanguage\":\"sq-AL\",\"@id\":\"https:\\\/\\\/secure.gravatar.com\\\/avatar\\\/3985c961109853010c3fbc7ba30365bfba5db3dd6c525831d9c595c7525a615a?s=96&d=mm&r=g\",\"url\":\"https:\\\/\\\/secure.gravatar.com\\\/avatar\\\/3985c961109853010c3fbc7ba30365bfba5db3dd6c525831d9c595c7525a615a?s=96&d=mm&r=g\",\"contentUrl\":\"https:\\\/\\\/secure.gravatar.com\\\/avatar\\\/3985c961109853010c3fbc7ba30365bfba5db3dd6c525831d9c595c7525a615a?s=96&d=mm&r=g\",\"caption\":\"ktmin\"},\"sameAs\":[\"https:\\\/\\\/kt.gov.rs\"],\"url\":\"https:\\\/\\\/kt.gov.rs\\\/sq\\\/author\\\/ktmin\\\/\"}]}<\/script>\n<!-- \/ Yoast SEO plugin. -->","yoast_head_json":{"title":"BUJANOC: PREZANTOHET KODEKSI I GAZETAR\u00cbVE T\u00cb SERBIS\u00cb - Republika e S\u00ebrbis\u00eb Trupi Koordinues p\u00ebr komunat Bujanoc, Preshev\u00eb dhe Medvegj\u00eb","robots":{"index":"index","follow":"follow","max-snippet":"max-snippet:-1","max-image-preview":"max-image-preview:large","max-video-preview":"max-video-preview:-1"},"canonical":"https:\/\/kt.gov.rs\/sq\/bujanoc-prezantohet-kodeksi-i-gazetareve-te-serbise\/","og_locale":"sq_AL","og_type":"article","og_title":"BUJANOC: PREZANTOHET KODEKSI I GAZETAR\u00cbVE T\u00cb SERBIS\u00cb - Republika e S\u00ebrbis\u00eb Trupi Koordinues p\u00ebr komunat Bujanoc, Preshev\u00eb dhe Medvegj\u00eb","og_description":"N\u00eb zyrat e OSBE-s\u00eb n\u00eb Bujanoc \u00ebsht\u00eb prezantuar dhe diskutuar Kodeksi i Gazetar\u00ebve t\u00eb Serbis\u00eb, t\u00eb p\u00ebrkthyer n\u00eb gjuh\u00ebn shqipe dhe rome. T\u00eb pranish\u00ebm n\u00eb k\u00ebt\u00eb diskutim ishin p\u00ebrfaq\u00ebsuesit e TV \u201cPresheva\u201d, TV \u201cSpektri\u201d, RTV \u201cAldi\u201d, RTV \u201cBujanoci\u201d dhe Portali i Pavarur Informativ Titulli si dhe gazetar nga gazeta Blic e Beogradit.","og_url":"https:\/\/kt.gov.rs\/sq\/bujanoc-prezantohet-kodeksi-i-gazetareve-te-serbise\/","og_site_name":"Republika e S\u00ebrbis\u00eb Trupi Koordinues p\u00ebr komunat Bujanoc, Preshev\u00eb dhe Medvegj\u00eb","article_publisher":"https:\/\/www.facebook.com\/SluzbaKoordinacionogTelaVladeRepublikeSrbije","article_published_time":"2013-12-11T00:00:00+00:00","article_modified_time":"2024-07-30T20:14:01+00:00","og_image":[{"width":315,"height":220,"url":"https:\/\/kt.gov.rs\/wp-content\/uploads\/2024\/07\/newspic733-5.jpg","type":"image\/jpeg"}],"author":"ktmin","twitter_card":"summary_large_image","twitter_creator":"@kt_gov","twitter_site":"@kt_gov","twitter_misc":{"Written by":"ktmin","Est. reading time":"2 minutes"},"schema":{"@context":"https:\/\/schema.org","@graph":[{"@type":"Article","@id":"https:\/\/kt.gov.rs\/sq\/bujanoc-prezantohet-kodeksi-i-gazetareve-te-serbise\/#article","isPartOf":{"@id":"https:\/\/kt.gov.rs\/sq\/bujanoc-prezantohet-kodeksi-i-gazetareve-te-serbise\/"},"author":{"name":"ktmin","@id":"https:\/\/kt.gov.rs\/#\/schema\/person\/e426459ddb4173309103390602694571"},"headline":"BUJANOC: PREZANTOHET KODEKSI I GAZETAR\u00cbVE T\u00cb SERBIS\u00cb","datePublished":"2013-12-11T00:00:00+00:00","dateModified":"2024-07-30T20:14:01+00:00","mainEntityOfPage":{"@id":"https:\/\/kt.gov.rs\/sq\/bujanoc-prezantohet-kodeksi-i-gazetareve-te-serbise\/"},"wordCount":431,"publisher":{"@id":"https:\/\/kt.gov.rs\/#organization"},"image":{"@id":"https:\/\/kt.gov.rs\/sq\/bujanoc-prezantohet-kodeksi-i-gazetareve-te-serbise\/#primaryimage"},"thumbnailUrl":"https:\/\/kt.gov.rs\/wp-content\/uploads\/2024\/07\/newspic733-5.jpg","articleSection":["Lajme"],"inLanguage":"sq-AL"},{"@type":"WebPage","@id":"https:\/\/kt.gov.rs\/sq\/bujanoc-prezantohet-kodeksi-i-gazetareve-te-serbise\/","url":"https:\/\/kt.gov.rs\/sq\/bujanoc-prezantohet-kodeksi-i-gazetareve-te-serbise\/","name":"BUJANOC: PREZANTOHET KODEKSI I GAZETAR\u00cbVE T\u00cb SERBIS\u00cb - Republika e S\u00ebrbis\u00eb Trupi Koordinues p\u00ebr komunat Bujanoc, Preshev\u00eb dhe Medvegj\u00eb","isPartOf":{"@id":"https:\/\/kt.gov.rs\/#website"},"primaryImageOfPage":{"@id":"https:\/\/kt.gov.rs\/sq\/bujanoc-prezantohet-kodeksi-i-gazetareve-te-serbise\/#primaryimage"},"image":{"@id":"https:\/\/kt.gov.rs\/sq\/bujanoc-prezantohet-kodeksi-i-gazetareve-te-serbise\/#primaryimage"},"thumbnailUrl":"https:\/\/kt.gov.rs\/wp-content\/uploads\/2024\/07\/newspic733-5.jpg","datePublished":"2013-12-11T00:00:00+00:00","dateModified":"2024-07-30T20:14:01+00:00","breadcrumb":{"@id":"https:\/\/kt.gov.rs\/sq\/bujanoc-prezantohet-kodeksi-i-gazetareve-te-serbise\/#breadcrumb"},"inLanguage":"sq-AL","potentialAction":[{"@type":"ReadAction","target":["https:\/\/kt.gov.rs\/sq\/bujanoc-prezantohet-kodeksi-i-gazetareve-te-serbise\/"]}]},{"@type":"ImageObject","inLanguage":"sq-AL","@id":"https:\/\/kt.gov.rs\/sq\/bujanoc-prezantohet-kodeksi-i-gazetareve-te-serbise\/#primaryimage","url":"https:\/\/kt.gov.rs\/wp-content\/uploads\/2024\/07\/newspic733-5.jpg","contentUrl":"https:\/\/kt.gov.rs\/wp-content\/uploads\/2024\/07\/newspic733-5.jpg","width":315,"height":220},{"@type":"BreadcrumbList","@id":"https:\/\/kt.gov.rs\/sq\/bujanoc-prezantohet-kodeksi-i-gazetareve-te-serbise\/#breadcrumb","itemListElement":[{"@type":"ListItem","position":1,"name":"\u041f\u043e\u0447\u0435\u0442\u043d\u0430","item":"https:\/\/kt.gov.rs\/sq\/"},{"@type":"ListItem","position":2,"name":"BUJANOC: PREZANTOHET KODEKSI I GAZETAR\u00cbVE T\u00cb SERBIS\u00cb"}]},{"@type":"WebSite","@id":"https:\/\/kt.gov.rs\/#website","url":"https:\/\/kt.gov.rs\/","name":"\u041a\u043e\u043e\u0440\u0434\u0438\u043d\u0430\u0446\u0438\u043e\u043d\u043e \u0442\u0435\u043b\u043e \u0412\u043b\u0430\u0434\u0435 \u0420\u0435\u043f\u0443\u0431\u043b\u0438\u043a\u0435 \u0421\u0440\u0431\u0438\u0458\u0435 \u0437\u0430 \u043e\u043f\u0448\u0442\u0438\u043d\u0435 \u041f\u0440\u0435\u0448\u0435\u0432\u043e, \u0411\u0443\u0458\u0430\u043d\u043e\u0432\u0430\u0446 \u0438 \u041c\u0435\u0434\u0432\u0435\u0452a","description":"","publisher":{"@id":"https:\/\/kt.gov.rs\/#organization"},"alternateName":"\u041a\u043e\u043e\u0440\u0434\u0438\u043d\u0430\u0446\u0438\u043e\u043d\u043e \u0442\u0435\u043b\u043e","potentialAction":[{"@type":"SearchAction","target":{"@type":"EntryPoint","urlTemplate":"https:\/\/kt.gov.rs\/?s={search_term_string}"},"query-input":{"@type":"PropertyValueSpecification","valueRequired":true,"valueName":"search_term_string"}}],"inLanguage":"sq-AL"},{"@type":"Organization","@id":"https:\/\/kt.gov.rs\/#organization","name":"\u041a\u043e\u043e\u0440\u0434\u0438\u043d\u0430\u0446\u0438\u043e\u043d\u043e \u0442\u0435\u043b\u043e \u0412\u043b\u0430\u0434\u0435 \u0420\u0435\u043f\u0443\u0431\u043b\u0438\u043a\u0435 \u0421\u0440\u0431\u0438\u0458\u0435 \u0437\u0430 \u043e\u043f\u0448\u0442\u0438\u043d\u0435 \u041f\u0440\u0435\u0448\u0435\u0432\u043e, \u0411\u0443\u0458\u0430\u043d\u043e\u0432\u0430\u0446 \u0438 \u041c\u0435\u0434\u0432\u0435\u0452a","alternateName":"\u041a\u043e\u043e\u0440\u0434\u0438\u043d\u0430\u0446\u0438\u043e\u043d\u043e \u0442\u0435\u043b\u043e","url":"https:\/\/kt.gov.rs\/","logo":{"@type":"ImageObject","inLanguage":"sq-AL","@id":"https:\/\/kt.gov.rs\/#\/schema\/logo\/image\/","url":"https:\/\/kt.gov.rs\/wp-content\/uploads\/2024\/12\/koord2.jpg","contentUrl":"https:\/\/kt.gov.rs\/wp-content\/uploads\/2024\/12\/koord2.jpg","width":640,"height":480,"caption":"\u041a\u043e\u043e\u0440\u0434\u0438\u043d\u0430\u0446\u0438\u043e\u043d\u043e \u0442\u0435\u043b\u043e \u0412\u043b\u0430\u0434\u0435 \u0420\u0435\u043f\u0443\u0431\u043b\u0438\u043a\u0435 \u0421\u0440\u0431\u0438\u0458\u0435 \u0437\u0430 \u043e\u043f\u0448\u0442\u0438\u043d\u0435 \u041f\u0440\u0435\u0448\u0435\u0432\u043e, \u0411\u0443\u0458\u0430\u043d\u043e\u0432\u0430\u0446 \u0438 \u041c\u0435\u0434\u0432\u0435\u0452a"},"image":{"@id":"https:\/\/kt.gov.rs\/#\/schema\/logo\/image\/"},"sameAs":["https:\/\/www.facebook.com\/SluzbaKoordinacionogTelaVladeRepublikeSrbije","https:\/\/x.com\/kt_gov","https:\/\/www.youtube.com\/@koordinacionotelo"]},{"@type":"Person","@id":"https:\/\/kt.gov.rs\/#\/schema\/person\/e426459ddb4173309103390602694571","name":"ktmin","image":{"@type":"ImageObject","inLanguage":"sq-AL","@id":"https:\/\/secure.gravatar.com\/avatar\/3985c961109853010c3fbc7ba30365bfba5db3dd6c525831d9c595c7525a615a?s=96&d=mm&r=g","url":"https:\/\/secure.gravatar.com\/avatar\/3985c961109853010c3fbc7ba30365bfba5db3dd6c525831d9c595c7525a615a?s=96&d=mm&r=g","contentUrl":"https:\/\/secure.gravatar.com\/avatar\/3985c961109853010c3fbc7ba30365bfba5db3dd6c525831d9c595c7525a615a?s=96&d=mm&r=g","caption":"ktmin"},"sameAs":["https:\/\/kt.gov.rs"],"url":"https:\/\/kt.gov.rs\/sq\/author\/ktmin\/"}]}},"_links":{"self":[{"href":"https:\/\/kt.gov.rs\/sq\/wp-json\/wp\/v2\/posts\/139894","targetHints":{"allow":["GET"]}}],"collection":[{"href":"https:\/\/kt.gov.rs\/sq\/wp-json\/wp\/v2\/posts"}],"about":[{"href":"https:\/\/kt.gov.rs\/sq\/wp-json\/wp\/v2\/types\/post"}],"author":[{"embeddable":true,"href":"https:\/\/kt.gov.rs\/sq\/wp-json\/wp\/v2\/users\/1"}],"replies":[{"embeddable":true,"href":"https:\/\/kt.gov.rs\/sq\/wp-json\/wp\/v2\/comments?post=139894"}],"version-history":[{"count":1,"href":"https:\/\/kt.gov.rs\/sq\/wp-json\/wp\/v2\/posts\/139894\/revisions"}],"predecessor-version":[{"id":139898,"href":"https:\/\/kt.gov.rs\/sq\/wp-json\/wp\/v2\/posts\/139894\/revisions\/139898"}],"wp:featuredmedia":[{"embeddable":true,"href":"https:\/\/kt.gov.rs\/sq\/wp-json\/wp\/v2\/media\/139899"}],"wp:attachment":[{"href":"https:\/\/kt.gov.rs\/sq\/wp-json\/wp\/v2\/media?parent=139894"}],"wp:term":[{"taxonomy":"category","embeddable":true,"href":"https:\/\/kt.gov.rs\/sq\/wp-json\/wp\/v2\/categories?post=139894"},{"taxonomy":"post_tag","embeddable":true,"href":"https:\/\/kt.gov.rs\/sq\/wp-json\/wp\/v2\/tags?post=139894"}],"curies":[{"name":"wp","href":"https:\/\/api.w.org\/{rel}","templated":true}]}}