{"id":139870,"date":"2013-12-13T00:00:00","date_gmt":"2013-12-13T00:00:00","guid":{"rendered":"http:\/\/kt.printandscreen.rs\/qytetaret-deshirojne-infrastruktur-lokale-me-te-mire\/"},"modified":"2024-07-30T20:13:58","modified_gmt":"2024-07-30T20:13:58","slug":"qytetaret-deshirojne-infrastruktur-lokale-me-te-mire","status":"publish","type":"post","link":"https:\/\/kt.gov.rs\/sq\/qytetaret-deshirojne-infrastruktur-lokale-me-te-mire\/","title":{"rendered":"QYTETAR\u00cbT D\u00cbSHIROJN\u00cb INFRASTRUKTUR LOKALE M\u00cb T\u00cb MIR\u00cb"},"content":{"rendered":"<p>\n\t<strong><img decoding=\"async\" alt=\"\" src=\"https:\/\/kt.gov.rs\/wp-content\/uploads\/2024\/07\/newspic736-4.jpg\" style=\"width: 315px; height: 220px; float: left;\" \/>Vranj\u00eb<\/strong>\u2013 M\u00eb shum\u00eb se gjysma e qytetar\u00ebve t\u00eb rrethit t\u00eb P\u00e7in\u00ebs mendojn se bujq\u00ebsia \u00ebsht\u00eb baz\u00eb p\u00ebr zhvillimin ekonomik t\u00eb k\u00ebtij rajoni, dhe \u00ebsht\u00eb e nevojshme q\u00eb t\u00eb ndahen m\u00eb shum\u00eb mjete nga buxheti p\u00ebr ti ndihmuar bujqit, tregon hulumtimi q\u00eb \u00ebsht\u00eb b\u00ebr nga Qendra p\u00ebr zgjedhje t\u00eb lira dhe demokratizim (CESID), me mb\u00ebshtetjen financiare t\u00eb Bashkimit Evropian dhe Qeveris Zvicrane n\u00ebp\u00ebrmjet programit EU PROGRES<\/p>\n<p>\n\tJan\u00eb t\u00eb shumt ata qytetar t\u00eb cil\u00ebt mund\u00ebsin e shohin n\u00eb zhvillimin e turizmit dhe industris s\u00eb leht, si dhe nga ata t\u00eb cil\u00ebt mendojn se komunat duhet t\u00eb ndihmojn nd\u00ebrmarrjet e vogla dhe t\u00eb mesme, jan\u00eb disa nga rezultatet e k\u00ebtij hulumtimi i cili \u00ebsht\u00eb b\u00ebr\u00eb n\u00eb 34 komuna n\u00eb jug dhe jugperendim t\u00eb Serbis\u00eb i cili dje \u00ebsht\u00eb paraqitur n\u00eb Vranj\u00eb.<\/p>\n<p>\n\tQytetar\u00ebt n\u00eb jug dhe jugperendim t\u00eb S\u00ebrbis\u00eb m\u00eb s\u00eb shumti i godet standardi i ult\u00eb jetsor, sepse 43% e tyre v\u00ebrtetojn\u00eb se me familje jetohet r\u00ebnd\u00eb dhe nganj\u00ebher n\u00eb m\u00ebnyr t\u00eb pa p\u00ebrbalushme, nd\u00ebrsa 44% t\u00eb anketuarve nuk kan\u00eb pun\u00ebsim t\u00eb p\u00ebrhersh\u00ebm. Gati gjysma e banor\u00ebve jetojn\u00eb me m\u00eb pak se 10.000 dinar n\u00eb muaj, deri sa \u00e7ereku i tyre kan\u00eb n\u00eb dispozicion m\u00eb pak se 20.000 dinar. Hulumtimi tregon se 60% t\u00eb anketuarve nuk jan\u00eb t\u00eb knaqur me kushtet e tyre t\u00eb jet\u00ebs\u00ebs, nd\u00ebrsa vet\u00ebm 15% prej tyre ndihen t\u00eb knaqur me m\u00ebnyr\u00ebn e t\u00eb jetuarit.<br \/>\n\t\u00a0<\/p>\n<p>\n\tT\u00eb anketuarit mendojn\u00eb se edhe dh\u00ebnija e informatave n\u00eb komun\u00eb nuk \u00ebsht\u00eb mir organizuar, 48% besojn\u00eb se duhet t\u00eb pyesin disa her\u00eb p\u00ebr t\u00eb marr\u00eb nj\u00eb informacion, dhe pastaj besohet se proceduart n\u00eb administrat\u00eb komunale jan\u00eb shum\u00eb t\u00eb komplikuara. Surdulica, Boseligradi, Presheva, Bujanoci dhe T\u00ebrgovishta karakterizohen si pushtete lokale ku procedurat administrative jan\u00eb m\u00eb pak t\u00eb komplikuara.<\/p>\n<p>\n\tHulumtimi ka treguar edhe se qytetar\u00ebt mendojn se nuk jan\u00eb mir\u00eb t\u00eb informuar n\u00eb pun\u00ebn e administrat\u00ebs komunale, a paknaq\u00ebsija m\u00eb e madh\u00eb \u00ebsht\u00eb vrejtur tek qytetar\u00ebt e Preshev\u00ebs me 62% dhe tek ata t\u00eb T\u00ebrgovisht\u00ebs me 51% t\u00eb anketurave, nd\u00ebrsa qytetar\u00ebt e Vranj\u00ebs 44% e tyre mendojn\u00eb se jan\u00eb te njoftuar m pun\u00ebs e administrat\u00ebs komunale aq sa atyre iu \u00ebsht\u00eb \u00eb nevojshme. Komunat si Boseligradi, T\u00ebrgvoishta, Presheva, Bujanovci dhe Surdulica mund\u00eb t\u00eb thuhet se i dalin n\u00eb ndihm\u00eb qytetar\u00ebve p\u00ebr problemet e tyre, por 44% e tyre mendojn se pushteti lokal duhet t\u00eb jet\u00eb m\u00eb shum\u00eb i shqetsuar p\u00ebr problemet e tyre.<\/p>\n<p>\n\tSa i p\u00ebrket korrupcionit n\u00eb pushtetet lokale nuk mendojn m\u00eb shum\u00eb se gjysma e t\u00eb anketuarve, por ekziston dyshimi se marrja e mitos nga ana e zyrtar\u00ebve t\u00eb administrat\u00ebs komunale \u00ebsht\u00eb ende e lart\u00eb. Banor\u00ebt e Boseligradit dhe Bujanovcit besojn m\u00eb shum\u00eb n\u00eb p\u00ebrfaqsuesit e pushtetit, d\u00ebrsa banor\u00ebt e Vladi\u00e7in Hanit jan\u00eb m\u00eb skeptik\u00ebt sa i p\u00ebrket pun\u00ebs s\u00eb atyre t\u00eb cil\u00ebt punojn n\u00eb administrat\u00ebn lokale.<br \/>\n\t\u00a0<\/p>\n<p>\n\tQ\u00ebllimi i k\u00ebtij hulumtimi ka qen\u00eb q\u00eb t\u00eb tregohet se sa qytatar\u00ebt jan\u00eb t\u00eb knaqur m\u00eb pushtetin lokal dhe bashkpunimin e tyre me publikun me q\u00ebllim zgjidhjen e problemve. T\u00eb dh\u00ebnat e k\u00ebsaj ankete mund t\u00eb jen\u00eb t\u00eb dobishme si udh\u00ebzim p\u00ebr pushtetet lokale t\u00eb k\u00ebtyre komunave, n\u00eb m\u00ebnyr q\u00eb tu ndihmohet qyetar\u00ebve t\u00eb tyre p\u00ebr ti zgjidhur problemet e tyre.<\/p>\n<p>\n\tN\u00eb k\u00ebt\u00eb anketim kan\u00eb marr\u00eb pjes\u00eb 8.378 qytetar t\u00eb rritur, ku jan\u00eb p\u00ebrfshir\u00eb p\u00ebrve\u00e7 komunave tjera edhe komunat Preshev\u00eb, Bujanoc dhe Medvegj\u00eb.<\/p>\n<p>\n\tBashkimi Everopian financiarisht mb\u00ebshtet Programin p\u00ebr partneritet evropian me komunat- EU PROGRES, ,me 14.1 milion euro, Qeveria Zvicrane me 2.5 milion euro, nd\u00ebrsa Qeveria e Republk\u00ebs s\u00eb S\u00ebrbis\u00eb merr\u00eb pjes\u00eb me 1.5 milion euro. EU PROGRES-i ka p\u00ebr q\u00ebllim t\u00eb mb\u00ebshtes zhvillimin ekonomik t\u00eb shoq\u00ebris n\u00eb 25 komunat n\u00eb jug dhe jugperendim t\u00eb S\u00ebrbis\u00eb<\/p>\n<p>\n\t<strong>Burimi: Jugpress dhe Trupi Koordinues<\/strong><\/p>\n<p>\n\t\u00a0<\/p>\n","protected":false},"excerpt":{"rendered":"<p>Vranj\u00eb- M\u00eb shum\u00eb se gjysma e qytetar\u00ebve t\u00eb rrethit t\u00eb P\u00e7in\u00ebs mendojn se bujq\u00ebsia \u00ebsht\u00eb baz\u00eb p\u00ebr zhvillimin ekonomik t\u00eb k\u00ebtij rajoni, dhe \u00ebsht\u00eb e nevojshme q\u00eb t\u00eb ndahen m\u00eb shum\u00eb mjete nga buxheti p\u00ebr ti ndihmuar bujqit, tregon hulumtimi q\u00eb \u00ebsht\u00eb b\u00ebr nga Qendra p\u00ebr zgjedhje t\u00eb lira dhe demokratizim (CESID), me mb\u00ebshtetjen financiare t\u00eb Bashkimit Evropian dhe Qeveris Zvicrane n\u00ebp\u00ebrmjet programit EU PROGRES<\/p>\n","protected":false},"author":1,"featured_media":139875,"comment_status":"closed","ping_status":"closed","sticky":false,"template":"","format":"standard","meta":{"footnotes":""},"categories":[55],"tags":[],"class_list":["post-139870","post","type-post","status-publish","format-standard","has-post-thumbnail","hentry","category-lajme"],"yoast_head":"<!-- This site is optimized with the Yoast SEO plugin v27.5 - https:\/\/yoast.com\/product\/yoast-seo-wordpress\/ -->\n<title>QYTETAR\u00cbT D\u00cbSHIROJN\u00cb INFRASTRUKTUR LOKALE M\u00cb T\u00cb MIR\u00cb - Republika e S\u00ebrbis\u00eb Trupi Koordinues p\u00ebr komunat Bujanoc, Preshev\u00eb dhe Medvegj\u00eb<\/title>\n<meta name=\"robots\" content=\"index, follow, max-snippet:-1, max-image-preview:large, max-video-preview:-1\" \/>\n<link rel=\"canonical\" href=\"https:\/\/kt.gov.rs\/sq\/qytetaret-deshirojne-infrastruktur-lokale-me-te-mire\/\" \/>\n<meta property=\"og:locale\" content=\"sq_AL\" \/>\n<meta property=\"og:type\" content=\"article\" \/>\n<meta property=\"og:title\" content=\"QYTETAR\u00cbT D\u00cbSHIROJN\u00cb INFRASTRUKTUR LOKALE M\u00cb T\u00cb MIR\u00cb - Republika e S\u00ebrbis\u00eb Trupi Koordinues p\u00ebr komunat Bujanoc, Preshev\u00eb dhe Medvegj\u00eb\" \/>\n<meta property=\"og:description\" content=\"Vranj\u00eb- M\u00eb shum\u00eb se gjysma e qytetar\u00ebve t\u00eb rrethit t\u00eb P\u00e7in\u00ebs mendojn se bujq\u00ebsia \u00ebsht\u00eb baz\u00eb p\u00ebr zhvillimin ekonomik t\u00eb k\u00ebtij rajoni, dhe \u00ebsht\u00eb e nevojshme q\u00eb t\u00eb ndahen m\u00eb shum\u00eb mjete nga buxheti p\u00ebr ti ndihmuar bujqit, tregon hulumtimi q\u00eb \u00ebsht\u00eb b\u00ebr nga Qendra p\u00ebr zgjedhje t\u00eb lira dhe demokratizim (CESID), me mb\u00ebshtetjen financiare t\u00eb Bashkimit Evropian dhe Qeveris Zvicrane n\u00ebp\u00ebrmjet programit EU PROGRES\" \/>\n<meta property=\"og:url\" content=\"https:\/\/kt.gov.rs\/sq\/qytetaret-deshirojne-infrastruktur-lokale-me-te-mire\/\" \/>\n<meta property=\"og:site_name\" content=\"Republika e S\u00ebrbis\u00eb Trupi Koordinues p\u00ebr komunat Bujanoc, Preshev\u00eb dhe Medvegj\u00eb\" \/>\n<meta property=\"article:publisher\" content=\"https:\/\/www.facebook.com\/SluzbaKoordinacionogTelaVladeRepublikeSrbije\" \/>\n<meta property=\"article:published_time\" content=\"2013-12-13T00:00:00+00:00\" \/>\n<meta property=\"article:modified_time\" content=\"2024-07-30T20:13:58+00:00\" \/>\n<meta property=\"og:image\" content=\"https:\/\/kt.gov.rs\/wp-content\/uploads\/2024\/07\/newspic736-5.jpg\" \/>\n\t<meta property=\"og:image:width\" content=\"315\" \/>\n\t<meta property=\"og:image:height\" content=\"220\" \/>\n\t<meta property=\"og:image:type\" content=\"image\/jpeg\" \/>\n<meta name=\"author\" content=\"ktmin\" \/>\n<meta name=\"twitter:card\" content=\"summary_large_image\" \/>\n<meta name=\"twitter:creator\" content=\"@kt_gov\" \/>\n<meta name=\"twitter:site\" content=\"@kt_gov\" \/>\n<meta name=\"twitter:label1\" content=\"Written by\" \/>\n\t<meta name=\"twitter:data1\" content=\"ktmin\" \/>\n\t<meta name=\"twitter:label2\" content=\"Est. reading time\" \/>\n\t<meta name=\"twitter:data2\" content=\"5 minutes\" \/>\n<script type=\"application\/ld+json\" class=\"yoast-schema-graph\">{\"@context\":\"https:\\\/\\\/schema.org\",\"@graph\":[{\"@type\":\"Article\",\"@id\":\"https:\\\/\\\/kt.gov.rs\\\/sq\\\/qytetaret-deshirojne-infrastruktur-lokale-me-te-mire\\\/#article\",\"isPartOf\":{\"@id\":\"https:\\\/\\\/kt.gov.rs\\\/sq\\\/qytetaret-deshirojne-infrastruktur-lokale-me-te-mire\\\/\"},\"author\":{\"name\":\"ktmin\",\"@id\":\"https:\\\/\\\/kt.gov.rs\\\/#\\\/schema\\\/person\\\/e426459ddb4173309103390602694571\"},\"headline\":\"QYTETAR\u00cbT D\u00cbSHIROJN\u00cb INFRASTRUKTUR LOKALE M\u00cb T\u00cb MIR\u00cb\",\"datePublished\":\"2013-12-13T00:00:00+00:00\",\"dateModified\":\"2024-07-30T20:13:58+00:00\",\"mainEntityOfPage\":{\"@id\":\"https:\\\/\\\/kt.gov.rs\\\/sq\\\/qytetaret-deshirojne-infrastruktur-lokale-me-te-mire\\\/\"},\"wordCount\":937,\"publisher\":{\"@id\":\"https:\\\/\\\/kt.gov.rs\\\/#organization\"},\"image\":{\"@id\":\"https:\\\/\\\/kt.gov.rs\\\/sq\\\/qytetaret-deshirojne-infrastruktur-lokale-me-te-mire\\\/#primaryimage\"},\"thumbnailUrl\":\"https:\\\/\\\/kt.gov.rs\\\/wp-content\\\/uploads\\\/2024\\\/07\\\/newspic736-5.jpg\",\"articleSection\":[\"Lajme\"],\"inLanguage\":\"sq-AL\"},{\"@type\":\"WebPage\",\"@id\":\"https:\\\/\\\/kt.gov.rs\\\/sq\\\/qytetaret-deshirojne-infrastruktur-lokale-me-te-mire\\\/\",\"url\":\"https:\\\/\\\/kt.gov.rs\\\/sq\\\/qytetaret-deshirojne-infrastruktur-lokale-me-te-mire\\\/\",\"name\":\"QYTETAR\u00cbT D\u00cbSHIROJN\u00cb INFRASTRUKTUR LOKALE M\u00cb T\u00cb MIR\u00cb - Republika e S\u00ebrbis\u00eb Trupi Koordinues p\u00ebr komunat Bujanoc, Preshev\u00eb dhe Medvegj\u00eb\",\"isPartOf\":{\"@id\":\"https:\\\/\\\/kt.gov.rs\\\/#website\"},\"primaryImageOfPage\":{\"@id\":\"https:\\\/\\\/kt.gov.rs\\\/sq\\\/qytetaret-deshirojne-infrastruktur-lokale-me-te-mire\\\/#primaryimage\"},\"image\":{\"@id\":\"https:\\\/\\\/kt.gov.rs\\\/sq\\\/qytetaret-deshirojne-infrastruktur-lokale-me-te-mire\\\/#primaryimage\"},\"thumbnailUrl\":\"https:\\\/\\\/kt.gov.rs\\\/wp-content\\\/uploads\\\/2024\\\/07\\\/newspic736-5.jpg\",\"datePublished\":\"2013-12-13T00:00:00+00:00\",\"dateModified\":\"2024-07-30T20:13:58+00:00\",\"breadcrumb\":{\"@id\":\"https:\\\/\\\/kt.gov.rs\\\/sq\\\/qytetaret-deshirojne-infrastruktur-lokale-me-te-mire\\\/#breadcrumb\"},\"inLanguage\":\"sq-AL\",\"potentialAction\":[{\"@type\":\"ReadAction\",\"target\":[\"https:\\\/\\\/kt.gov.rs\\\/sq\\\/qytetaret-deshirojne-infrastruktur-lokale-me-te-mire\\\/\"]}]},{\"@type\":\"ImageObject\",\"inLanguage\":\"sq-AL\",\"@id\":\"https:\\\/\\\/kt.gov.rs\\\/sq\\\/qytetaret-deshirojne-infrastruktur-lokale-me-te-mire\\\/#primaryimage\",\"url\":\"https:\\\/\\\/kt.gov.rs\\\/wp-content\\\/uploads\\\/2024\\\/07\\\/newspic736-5.jpg\",\"contentUrl\":\"https:\\\/\\\/kt.gov.rs\\\/wp-content\\\/uploads\\\/2024\\\/07\\\/newspic736-5.jpg\",\"width\":315,\"height\":220},{\"@type\":\"BreadcrumbList\",\"@id\":\"https:\\\/\\\/kt.gov.rs\\\/sq\\\/qytetaret-deshirojne-infrastruktur-lokale-me-te-mire\\\/#breadcrumb\",\"itemListElement\":[{\"@type\":\"ListItem\",\"position\":1,\"name\":\"\u041f\u043e\u0447\u0435\u0442\u043d\u0430\",\"item\":\"https:\\\/\\\/kt.gov.rs\\\/sq\\\/\"},{\"@type\":\"ListItem\",\"position\":2,\"name\":\"QYTETAR\u00cbT D\u00cbSHIROJN\u00cb INFRASTRUKTUR LOKALE M\u00cb T\u00cb MIR\u00cb\"}]},{\"@type\":\"WebSite\",\"@id\":\"https:\\\/\\\/kt.gov.rs\\\/#website\",\"url\":\"https:\\\/\\\/kt.gov.rs\\\/\",\"name\":\"\u041a\u043e\u043e\u0440\u0434\u0438\u043d\u0430\u0446\u0438\u043e\u043d\u043e \u0442\u0435\u043b\u043e \u0412\u043b\u0430\u0434\u0435 \u0420\u0435\u043f\u0443\u0431\u043b\u0438\u043a\u0435 \u0421\u0440\u0431\u0438\u0458\u0435 \u0437\u0430 \u043e\u043f\u0448\u0442\u0438\u043d\u0435 \u041f\u0440\u0435\u0448\u0435\u0432\u043e, \u0411\u0443\u0458\u0430\u043d\u043e\u0432\u0430\u0446 \u0438 \u041c\u0435\u0434\u0432\u0435\u0452a\",\"description\":\"\",\"publisher\":{\"@id\":\"https:\\\/\\\/kt.gov.rs\\\/#organization\"},\"alternateName\":\"\u041a\u043e\u043e\u0440\u0434\u0438\u043d\u0430\u0446\u0438\u043e\u043d\u043e \u0442\u0435\u043b\u043e\",\"potentialAction\":[{\"@type\":\"SearchAction\",\"target\":{\"@type\":\"EntryPoint\",\"urlTemplate\":\"https:\\\/\\\/kt.gov.rs\\\/?s={search_term_string}\"},\"query-input\":{\"@type\":\"PropertyValueSpecification\",\"valueRequired\":true,\"valueName\":\"search_term_string\"}}],\"inLanguage\":\"sq-AL\"},{\"@type\":\"Organization\",\"@id\":\"https:\\\/\\\/kt.gov.rs\\\/#organization\",\"name\":\"\u041a\u043e\u043e\u0440\u0434\u0438\u043d\u0430\u0446\u0438\u043e\u043d\u043e \u0442\u0435\u043b\u043e \u0412\u043b\u0430\u0434\u0435 \u0420\u0435\u043f\u0443\u0431\u043b\u0438\u043a\u0435 \u0421\u0440\u0431\u0438\u0458\u0435 \u0437\u0430 \u043e\u043f\u0448\u0442\u0438\u043d\u0435 \u041f\u0440\u0435\u0448\u0435\u0432\u043e, \u0411\u0443\u0458\u0430\u043d\u043e\u0432\u0430\u0446 \u0438 \u041c\u0435\u0434\u0432\u0435\u0452a\",\"alternateName\":\"\u041a\u043e\u043e\u0440\u0434\u0438\u043d\u0430\u0446\u0438\u043e\u043d\u043e \u0442\u0435\u043b\u043e\",\"url\":\"https:\\\/\\\/kt.gov.rs\\\/\",\"logo\":{\"@type\":\"ImageObject\",\"inLanguage\":\"sq-AL\",\"@id\":\"https:\\\/\\\/kt.gov.rs\\\/#\\\/schema\\\/logo\\\/image\\\/\",\"url\":\"https:\\\/\\\/kt.gov.rs\\\/wp-content\\\/uploads\\\/2024\\\/12\\\/koord2.jpg\",\"contentUrl\":\"https:\\\/\\\/kt.gov.rs\\\/wp-content\\\/uploads\\\/2024\\\/12\\\/koord2.jpg\",\"width\":640,\"height\":480,\"caption\":\"\u041a\u043e\u043e\u0440\u0434\u0438\u043d\u0430\u0446\u0438\u043e\u043d\u043e \u0442\u0435\u043b\u043e \u0412\u043b\u0430\u0434\u0435 \u0420\u0435\u043f\u0443\u0431\u043b\u0438\u043a\u0435 \u0421\u0440\u0431\u0438\u0458\u0435 \u0437\u0430 \u043e\u043f\u0448\u0442\u0438\u043d\u0435 \u041f\u0440\u0435\u0448\u0435\u0432\u043e, \u0411\u0443\u0458\u0430\u043d\u043e\u0432\u0430\u0446 \u0438 \u041c\u0435\u0434\u0432\u0435\u0452a\"},\"image\":{\"@id\":\"https:\\\/\\\/kt.gov.rs\\\/#\\\/schema\\\/logo\\\/image\\\/\"},\"sameAs\":[\"https:\\\/\\\/www.facebook.com\\\/SluzbaKoordinacionogTelaVladeRepublikeSrbije\",\"https:\\\/\\\/x.com\\\/kt_gov\",\"https:\\\/\\\/www.youtube.com\\\/@koordinacionotelo\"]},{\"@type\":\"Person\",\"@id\":\"https:\\\/\\\/kt.gov.rs\\\/#\\\/schema\\\/person\\\/e426459ddb4173309103390602694571\",\"name\":\"ktmin\",\"image\":{\"@type\":\"ImageObject\",\"inLanguage\":\"sq-AL\",\"@id\":\"https:\\\/\\\/secure.gravatar.com\\\/avatar\\\/3985c961109853010c3fbc7ba30365bfba5db3dd6c525831d9c595c7525a615a?s=96&d=mm&r=g\",\"url\":\"https:\\\/\\\/secure.gravatar.com\\\/avatar\\\/3985c961109853010c3fbc7ba30365bfba5db3dd6c525831d9c595c7525a615a?s=96&d=mm&r=g\",\"contentUrl\":\"https:\\\/\\\/secure.gravatar.com\\\/avatar\\\/3985c961109853010c3fbc7ba30365bfba5db3dd6c525831d9c595c7525a615a?s=96&d=mm&r=g\",\"caption\":\"ktmin\"},\"sameAs\":[\"https:\\\/\\\/kt.gov.rs\"],\"url\":\"https:\\\/\\\/kt.gov.rs\\\/sq\\\/author\\\/ktmin\\\/\"}]}<\/script>\n<!-- \/ Yoast SEO plugin. -->","yoast_head_json":{"title":"QYTETAR\u00cbT D\u00cbSHIROJN\u00cb INFRASTRUKTUR LOKALE M\u00cb T\u00cb MIR\u00cb - Republika e S\u00ebrbis\u00eb Trupi Koordinues p\u00ebr komunat Bujanoc, Preshev\u00eb dhe Medvegj\u00eb","robots":{"index":"index","follow":"follow","max-snippet":"max-snippet:-1","max-image-preview":"max-image-preview:large","max-video-preview":"max-video-preview:-1"},"canonical":"https:\/\/kt.gov.rs\/sq\/qytetaret-deshirojne-infrastruktur-lokale-me-te-mire\/","og_locale":"sq_AL","og_type":"article","og_title":"QYTETAR\u00cbT D\u00cbSHIROJN\u00cb INFRASTRUKTUR LOKALE M\u00cb T\u00cb MIR\u00cb - Republika e S\u00ebrbis\u00eb Trupi Koordinues p\u00ebr komunat Bujanoc, Preshev\u00eb dhe Medvegj\u00eb","og_description":"Vranj\u00eb- M\u00eb shum\u00eb se gjysma e qytetar\u00ebve t\u00eb rrethit t\u00eb P\u00e7in\u00ebs mendojn se bujq\u00ebsia \u00ebsht\u00eb baz\u00eb p\u00ebr zhvillimin ekonomik t\u00eb k\u00ebtij rajoni, dhe \u00ebsht\u00eb e nevojshme q\u00eb t\u00eb ndahen m\u00eb shum\u00eb mjete nga buxheti p\u00ebr ti ndihmuar bujqit, tregon hulumtimi q\u00eb \u00ebsht\u00eb b\u00ebr nga Qendra p\u00ebr zgjedhje t\u00eb lira dhe demokratizim (CESID), me mb\u00ebshtetjen financiare t\u00eb Bashkimit Evropian dhe Qeveris Zvicrane n\u00ebp\u00ebrmjet programit EU PROGRES","og_url":"https:\/\/kt.gov.rs\/sq\/qytetaret-deshirojne-infrastruktur-lokale-me-te-mire\/","og_site_name":"Republika e S\u00ebrbis\u00eb Trupi Koordinues p\u00ebr komunat Bujanoc, Preshev\u00eb dhe Medvegj\u00eb","article_publisher":"https:\/\/www.facebook.com\/SluzbaKoordinacionogTelaVladeRepublikeSrbije","article_published_time":"2013-12-13T00:00:00+00:00","article_modified_time":"2024-07-30T20:13:58+00:00","og_image":[{"width":315,"height":220,"url":"https:\/\/kt.gov.rs\/wp-content\/uploads\/2024\/07\/newspic736-5.jpg","type":"image\/jpeg"}],"author":"ktmin","twitter_card":"summary_large_image","twitter_creator":"@kt_gov","twitter_site":"@kt_gov","twitter_misc":{"Written by":"ktmin","Est. reading time":"5 minutes"},"schema":{"@context":"https:\/\/schema.org","@graph":[{"@type":"Article","@id":"https:\/\/kt.gov.rs\/sq\/qytetaret-deshirojne-infrastruktur-lokale-me-te-mire\/#article","isPartOf":{"@id":"https:\/\/kt.gov.rs\/sq\/qytetaret-deshirojne-infrastruktur-lokale-me-te-mire\/"},"author":{"name":"ktmin","@id":"https:\/\/kt.gov.rs\/#\/schema\/person\/e426459ddb4173309103390602694571"},"headline":"QYTETAR\u00cbT D\u00cbSHIROJN\u00cb INFRASTRUKTUR LOKALE M\u00cb T\u00cb MIR\u00cb","datePublished":"2013-12-13T00:00:00+00:00","dateModified":"2024-07-30T20:13:58+00:00","mainEntityOfPage":{"@id":"https:\/\/kt.gov.rs\/sq\/qytetaret-deshirojne-infrastruktur-lokale-me-te-mire\/"},"wordCount":937,"publisher":{"@id":"https:\/\/kt.gov.rs\/#organization"},"image":{"@id":"https:\/\/kt.gov.rs\/sq\/qytetaret-deshirojne-infrastruktur-lokale-me-te-mire\/#primaryimage"},"thumbnailUrl":"https:\/\/kt.gov.rs\/wp-content\/uploads\/2024\/07\/newspic736-5.jpg","articleSection":["Lajme"],"inLanguage":"sq-AL"},{"@type":"WebPage","@id":"https:\/\/kt.gov.rs\/sq\/qytetaret-deshirojne-infrastruktur-lokale-me-te-mire\/","url":"https:\/\/kt.gov.rs\/sq\/qytetaret-deshirojne-infrastruktur-lokale-me-te-mire\/","name":"QYTETAR\u00cbT D\u00cbSHIROJN\u00cb INFRASTRUKTUR LOKALE M\u00cb T\u00cb MIR\u00cb - Republika e S\u00ebrbis\u00eb Trupi Koordinues p\u00ebr komunat Bujanoc, Preshev\u00eb dhe Medvegj\u00eb","isPartOf":{"@id":"https:\/\/kt.gov.rs\/#website"},"primaryImageOfPage":{"@id":"https:\/\/kt.gov.rs\/sq\/qytetaret-deshirojne-infrastruktur-lokale-me-te-mire\/#primaryimage"},"image":{"@id":"https:\/\/kt.gov.rs\/sq\/qytetaret-deshirojne-infrastruktur-lokale-me-te-mire\/#primaryimage"},"thumbnailUrl":"https:\/\/kt.gov.rs\/wp-content\/uploads\/2024\/07\/newspic736-5.jpg","datePublished":"2013-12-13T00:00:00+00:00","dateModified":"2024-07-30T20:13:58+00:00","breadcrumb":{"@id":"https:\/\/kt.gov.rs\/sq\/qytetaret-deshirojne-infrastruktur-lokale-me-te-mire\/#breadcrumb"},"inLanguage":"sq-AL","potentialAction":[{"@type":"ReadAction","target":["https:\/\/kt.gov.rs\/sq\/qytetaret-deshirojne-infrastruktur-lokale-me-te-mire\/"]}]},{"@type":"ImageObject","inLanguage":"sq-AL","@id":"https:\/\/kt.gov.rs\/sq\/qytetaret-deshirojne-infrastruktur-lokale-me-te-mire\/#primaryimage","url":"https:\/\/kt.gov.rs\/wp-content\/uploads\/2024\/07\/newspic736-5.jpg","contentUrl":"https:\/\/kt.gov.rs\/wp-content\/uploads\/2024\/07\/newspic736-5.jpg","width":315,"height":220},{"@type":"BreadcrumbList","@id":"https:\/\/kt.gov.rs\/sq\/qytetaret-deshirojne-infrastruktur-lokale-me-te-mire\/#breadcrumb","itemListElement":[{"@type":"ListItem","position":1,"name":"\u041f\u043e\u0447\u0435\u0442\u043d\u0430","item":"https:\/\/kt.gov.rs\/sq\/"},{"@type":"ListItem","position":2,"name":"QYTETAR\u00cbT D\u00cbSHIROJN\u00cb INFRASTRUKTUR LOKALE M\u00cb T\u00cb MIR\u00cb"}]},{"@type":"WebSite","@id":"https:\/\/kt.gov.rs\/#website","url":"https:\/\/kt.gov.rs\/","name":"\u041a\u043e\u043e\u0440\u0434\u0438\u043d\u0430\u0446\u0438\u043e\u043d\u043e \u0442\u0435\u043b\u043e \u0412\u043b\u0430\u0434\u0435 \u0420\u0435\u043f\u0443\u0431\u043b\u0438\u043a\u0435 \u0421\u0440\u0431\u0438\u0458\u0435 \u0437\u0430 \u043e\u043f\u0448\u0442\u0438\u043d\u0435 \u041f\u0440\u0435\u0448\u0435\u0432\u043e, \u0411\u0443\u0458\u0430\u043d\u043e\u0432\u0430\u0446 \u0438 \u041c\u0435\u0434\u0432\u0435\u0452a","description":"","publisher":{"@id":"https:\/\/kt.gov.rs\/#organization"},"alternateName":"\u041a\u043e\u043e\u0440\u0434\u0438\u043d\u0430\u0446\u0438\u043e\u043d\u043e \u0442\u0435\u043b\u043e","potentialAction":[{"@type":"SearchAction","target":{"@type":"EntryPoint","urlTemplate":"https:\/\/kt.gov.rs\/?s={search_term_string}"},"query-input":{"@type":"PropertyValueSpecification","valueRequired":true,"valueName":"search_term_string"}}],"inLanguage":"sq-AL"},{"@type":"Organization","@id":"https:\/\/kt.gov.rs\/#organization","name":"\u041a\u043e\u043e\u0440\u0434\u0438\u043d\u0430\u0446\u0438\u043e\u043d\u043e \u0442\u0435\u043b\u043e \u0412\u043b\u0430\u0434\u0435 \u0420\u0435\u043f\u0443\u0431\u043b\u0438\u043a\u0435 \u0421\u0440\u0431\u0438\u0458\u0435 \u0437\u0430 \u043e\u043f\u0448\u0442\u0438\u043d\u0435 \u041f\u0440\u0435\u0448\u0435\u0432\u043e, \u0411\u0443\u0458\u0430\u043d\u043e\u0432\u0430\u0446 \u0438 \u041c\u0435\u0434\u0432\u0435\u0452a","alternateName":"\u041a\u043e\u043e\u0440\u0434\u0438\u043d\u0430\u0446\u0438\u043e\u043d\u043e \u0442\u0435\u043b\u043e","url":"https:\/\/kt.gov.rs\/","logo":{"@type":"ImageObject","inLanguage":"sq-AL","@id":"https:\/\/kt.gov.rs\/#\/schema\/logo\/image\/","url":"https:\/\/kt.gov.rs\/wp-content\/uploads\/2024\/12\/koord2.jpg","contentUrl":"https:\/\/kt.gov.rs\/wp-content\/uploads\/2024\/12\/koord2.jpg","width":640,"height":480,"caption":"\u041a\u043e\u043e\u0440\u0434\u0438\u043d\u0430\u0446\u0438\u043e\u043d\u043e \u0442\u0435\u043b\u043e \u0412\u043b\u0430\u0434\u0435 \u0420\u0435\u043f\u0443\u0431\u043b\u0438\u043a\u0435 \u0421\u0440\u0431\u0438\u0458\u0435 \u0437\u0430 \u043e\u043f\u0448\u0442\u0438\u043d\u0435 \u041f\u0440\u0435\u0448\u0435\u0432\u043e, \u0411\u0443\u0458\u0430\u043d\u043e\u0432\u0430\u0446 \u0438 \u041c\u0435\u0434\u0432\u0435\u0452a"},"image":{"@id":"https:\/\/kt.gov.rs\/#\/schema\/logo\/image\/"},"sameAs":["https:\/\/www.facebook.com\/SluzbaKoordinacionogTelaVladeRepublikeSrbije","https:\/\/x.com\/kt_gov","https:\/\/www.youtube.com\/@koordinacionotelo"]},{"@type":"Person","@id":"https:\/\/kt.gov.rs\/#\/schema\/person\/e426459ddb4173309103390602694571","name":"ktmin","image":{"@type":"ImageObject","inLanguage":"sq-AL","@id":"https:\/\/secure.gravatar.com\/avatar\/3985c961109853010c3fbc7ba30365bfba5db3dd6c525831d9c595c7525a615a?s=96&d=mm&r=g","url":"https:\/\/secure.gravatar.com\/avatar\/3985c961109853010c3fbc7ba30365bfba5db3dd6c525831d9c595c7525a615a?s=96&d=mm&r=g","contentUrl":"https:\/\/secure.gravatar.com\/avatar\/3985c961109853010c3fbc7ba30365bfba5db3dd6c525831d9c595c7525a615a?s=96&d=mm&r=g","caption":"ktmin"},"sameAs":["https:\/\/kt.gov.rs"],"url":"https:\/\/kt.gov.rs\/sq\/author\/ktmin\/"}]}},"_links":{"self":[{"href":"https:\/\/kt.gov.rs\/sq\/wp-json\/wp\/v2\/posts\/139870","targetHints":{"allow":["GET"]}}],"collection":[{"href":"https:\/\/kt.gov.rs\/sq\/wp-json\/wp\/v2\/posts"}],"about":[{"href":"https:\/\/kt.gov.rs\/sq\/wp-json\/wp\/v2\/types\/post"}],"author":[{"embeddable":true,"href":"https:\/\/kt.gov.rs\/sq\/wp-json\/wp\/v2\/users\/1"}],"replies":[{"embeddable":true,"href":"https:\/\/kt.gov.rs\/sq\/wp-json\/wp\/v2\/comments?post=139870"}],"version-history":[{"count":1,"href":"https:\/\/kt.gov.rs\/sq\/wp-json\/wp\/v2\/posts\/139870\/revisions"}],"predecessor-version":[{"id":139874,"href":"https:\/\/kt.gov.rs\/sq\/wp-json\/wp\/v2\/posts\/139870\/revisions\/139874"}],"wp:featuredmedia":[{"embeddable":true,"href":"https:\/\/kt.gov.rs\/sq\/wp-json\/wp\/v2\/media\/139875"}],"wp:attachment":[{"href":"https:\/\/kt.gov.rs\/sq\/wp-json\/wp\/v2\/media?parent=139870"}],"wp:term":[{"taxonomy":"category","embeddable":true,"href":"https:\/\/kt.gov.rs\/sq\/wp-json\/wp\/v2\/categories?post=139870"},{"taxonomy":"post_tag","embeddable":true,"href":"https:\/\/kt.gov.rs\/sq\/wp-json\/wp\/v2\/tags?post=139870"}],"curies":[{"name":"wp","href":"https:\/\/api.w.org\/{rel}","templated":true}]}}