{"id":139837,"date":"2013-12-18T00:00:00","date_gmt":"2013-12-18T00:00:00","guid":{"rendered":"http:\/\/kt.printandscreen.rs\/aistentet-ne-projektin-gjuha-serbe-si-gjuhe-joambetare-vizituan-sherbimin-e-trupit-koordinues\/"},"modified":"2024-07-30T20:13:53","modified_gmt":"2024-07-30T20:13:53","slug":"aistentet-ne-projektin-gjuha-serbe-si-gjuhe-joambetare-vizituan-sherbimin-e-trupit-koordinues","status":"publish","type":"post","link":"https:\/\/kt.gov.rs\/sq\/aistentet-ne-projektin-gjuha-serbe-si-gjuhe-joambetare-vizituan-sherbimin-e-trupit-koordinues\/","title":{"rendered":"AISTENT\u00cbT N\u00cb PROJEKTIN \u201c GJUHA S\u00cbRBE SI GJUH\u00cb JOAMB\u00cbTARE\u201d VIZITUAN SH\u00cbRBIMIN E TRUPIT KOORDINUES"},"content":{"rendered":"<p>\n\t<img decoding=\"async\" alt=\"\" src=\"https:\/\/kt.gov.rs\/wp-content\/uploads\/2024\/07\/newspic740v-4.jpg\" style=\"width: 640px; height: 243px;\" \/><\/p>\n<p>\n\tT\u00eb h\u00ebn\u00ebn m\u00eb 16. Dhjetor asistent\u00ebt dhe bashk\u00ebpuntor\u00ebt n\u00eb projektin \u201c Gjuha S\u00ebrbe si gjuh\u00eb\u00a0 joamb\u00ebtare\u201d q\u00ebllimi i t\u00eb cilit \u00ebsht\u00eb q\u00eb nx\u00ebn\u00ebsit e shkoll\u00ebs s\u00eb mesme \u201c Sezai Suroi\u201d n\u00eb Bujanoc t\u00eb m\u00ebsojn gjuh\u00ebn s\u00ebrbe, kan\u00eb vizituar Sh\u00ebrbimin e Trupit Koordinues. K\u00ebta t\u00eb rinj\u00eb jan\u00eb takuar me k\u00ebshilltaren e drejtoresh\u00ebs s\u00eb Sh\u00ebrbimit t\u00eb Trupit Koordinues Milica Rodiq, k\u00ebshilltarin e drejtorsh\u00ebs\u00a0 Rahim Salihin, dhe praktikantet q\u00eb b\u00ebjn\u00eb praktik\u00ebn n\u00eb Sh\u00ebrbimin e Trupit Koordinues<\/p>\n<p>\n\tMilica Rodiq n\u00eb pika t\u00eb shkurt\u00ebra ka folur p\u00ebr aktivitetet e Trupit Koordinues, por m\u00eb shum\u00eb p\u00ebr aktivitetet q\u00eb kan\u00eb t\u00eb b\u00ebjn\u00eb me kualitetin e arsimimit si\u00e7 jan\u00eb: organizimi pa pages i \u201cShkoll\u00ebs s\u00eb gjuh\u00ebs s\u00ebrbe\u201d ndarja e bursave p\u00ebr nx\u00ebn\u00ebsit e shkollave t\u00eb mesme dhe bursat p\u00ebr student, hapja e paraleles s\u00eb Fakultetit Ekonomik dhe Juridik t\u00eb Universitetit t\u00eb Nishit n\u00eb Medvegj\u00eb dhe paralelen e Fakultetit Ekonomik t\u00eb Subotic\u00ebs n\u00eb Bujanoc.<\/p>\n<p>\n\tAsistent\u00ebt kan\u00eb paraqitur p\u00ebrvojat dhe rezulatet e tyre t\u00eb katyre kat\u00ebr muajve t\u00eb pun\u00ebs me nx\u00ebn\u00ebsit e klas\u00ebve t\u00eb treta t\u00eb shkoll\u00ebs s\u00eb mesme. Kan\u00eb folur p\u00ebr problemet dhe sfidat me t\u00eb cilat jan\u00eb ballafaquar gjat\u00eb pun\u00ebs, duke potencuar se gjat\u00eb k\u00ebtyre kat\u00ebr muajve shohin hapa konkret t\u00eb cil\u00ebt kan\u00eb b\u00ebr\u00eb nx\u00ebn\u00ebsit n\u00eb m\u00ebsimin e gjuh\u00ebs s\u00ebrbe.<\/p>\n<p>\n\tNx\u00ebn\u00ebsit jan\u00eb shum\u00eb t\u00eb knaqur, dhe kan\u00eb shfaqur shum\u00eb interes p\u00ebr t\u00eb m\u00ebsuar gjuh\u00ebn s\u00ebrbe. Atyre u p\u00eblqejn metodat e tjera t\u00eb pun\u00ebs, t\u00eb cilat sipas p\u00ebrvojave t\u00eb asistent\u00ebve po japing rezultate n\u00eb nj\u00eb afat\u00eb shum\u00eb t\u00eb shkurt\u00ebr kohor. Si shembull pozitiv dhe si m\u00ebnyr m\u00eb e leht p\u00ebr t\u00eb m\u00ebsuar gjh\u00ebn s\u00ebrbe si gjuh\u00eb joamb\u00ebtare, asistent\u00ebt e rinj\u00eb q\u00eb nga fillimi i programit kan\u00eb filluar t\u00eb m\u00ebsojn gjuh\u00ebn Shqipe. Sipas fjal\u00ebve t\u00eb tyre kjo ka qen\u00eb edhe motivim sht\u00ebs q\u00eb nx\u00ebn\u00ebsit e shkollave t\u00eb mesme te jen\u00eb te lir\u00eb me asistent\u00ebt dhe me nj\u00eb entuziaz\u00ebm edhe m\u00eb t\u00eb madh\u00eb t\u00eb m\u00ebsojn gjuh\u00ebn S\u00ebrbe.Nj\u00eb num\u00ebr i konsiderush\u00ebm i k\u00ebtyre nx\u00ebn\u00ebsve t\u00eb k\u00ebsaj shkolle kan\u00eb shfaqur shpres\u00ebn p\u00ebr t\u00eb studiuar gjuh\u00ebn S\u00ebrbe, e q\u00eb \u00ebsht\u00eb nj\u00eb hap para p\u00ebr integrimin e pjestar\u00ebve t\u00eb k\u00ebsaj bashk\u00ebsie. Milica Rodiq theksoi r\u00ebnd\u00ebsin e pun\u00ebs q\u00eb e b\u00ebjn\u00eb asist\u00ebnt\u00ebt dhe i ka inkurajuar ata q\u00eb t\u00eb vazhdojn\u00eb pun\u00eben n\u00eb m\u00ebnyr\u00eb q\u00eb t\u00eb rinj\u00ebt e p\u00ebrkat\u00ebsis shqiptare sa m\u00eb mir\u00eb t\u00eb flasin gjuh\u00ebn S\u00ebrbe ashtu q\u00eb edhe t\u00eb b\u00ebhet integrimi i tyre.<\/p>\n<p>\n\t\u00a0<\/p>\n","protected":false},"excerpt":{"rendered":"<p>T\u00eb h\u00ebn\u00ebn m\u00eb 16. Dhjetor asistent\u00ebt dhe bashk\u00ebpuntor\u00ebt n\u00eb projektin \u201c Gjuha S\u00ebrbe si gjuh\u00eb\u00a0 joamb\u00ebtare\u201d q\u00ebllimi i t\u00eb cilit \u00ebsht\u00eb q\u00eb nx\u00ebn\u00ebsit e shkoll\u00ebs s\u00eb mesme \u201c Sezai Suroi\u201d n\u00eb Bujanoc t\u00eb m\u00ebsojn gjuh\u00ebn s\u00ebrbe, kan\u00eb vizituar Sh\u00ebrbimin e Trupit Koordinues\u2026<\/p>\n","protected":false},"author":1,"featured_media":139842,"comment_status":"closed","ping_status":"closed","sticky":false,"template":"","format":"standard","meta":{"footnotes":""},"categories":[55],"tags":[],"class_list":["post-139837","post","type-post","status-publish","format-standard","has-post-thumbnail","hentry","category-lajme"],"yoast_head":"<!-- This site is optimized with the Yoast SEO plugin v27.5 - https:\/\/yoast.com\/product\/yoast-seo-wordpress\/ -->\n<title>AISTENT\u00cbT N\u00cb PROJEKTIN \u201c GJUHA S\u00cbRBE SI GJUH\u00cb JOAMB\u00cbTARE\u201d VIZITUAN SH\u00cbRBIMIN E TRUPIT KOORDINUES - Republika e S\u00ebrbis\u00eb Trupi Koordinues p\u00ebr komunat Bujanoc, Preshev\u00eb dhe Medvegj\u00eb<\/title>\n<meta name=\"robots\" content=\"index, follow, max-snippet:-1, max-image-preview:large, max-video-preview:-1\" \/>\n<link rel=\"canonical\" href=\"https:\/\/kt.gov.rs\/sq\/aistentet-ne-projektin-gjuha-serbe-si-gjuhe-joambetare-vizituan-sherbimin-e-trupit-koordinues\/\" \/>\n<meta property=\"og:locale\" content=\"sq_AL\" \/>\n<meta property=\"og:type\" content=\"article\" \/>\n<meta property=\"og:title\" content=\"AISTENT\u00cbT N\u00cb PROJEKTIN \u201c GJUHA S\u00cbRBE SI GJUH\u00cb JOAMB\u00cbTARE\u201d VIZITUAN SH\u00cbRBIMIN E TRUPIT KOORDINUES - Republika e S\u00ebrbis\u00eb Trupi Koordinues p\u00ebr komunat Bujanoc, Preshev\u00eb dhe Medvegj\u00eb\" \/>\n<meta property=\"og:description\" content=\"T\u00eb h\u00ebn\u00ebn m\u00eb 16. Dhjetor asistent\u00ebt dhe bashk\u00ebpuntor\u00ebt n\u00eb projektin \u201c Gjuha S\u00ebrbe si gjuh\u00eb\u00a0 joamb\u00ebtare\u201d q\u00ebllimi i t\u00eb cilit \u00ebsht\u00eb q\u00eb nx\u00ebn\u00ebsit e shkoll\u00ebs s\u00eb mesme \u201c Sezai Suroi\u201d n\u00eb Bujanoc t\u00eb m\u00ebsojn gjuh\u00ebn s\u00ebrbe, kan\u00eb vizituar Sh\u00ebrbimin e Trupit Koordinues...\" \/>\n<meta property=\"og:url\" content=\"https:\/\/kt.gov.rs\/sq\/aistentet-ne-projektin-gjuha-serbe-si-gjuhe-joambetare-vizituan-sherbimin-e-trupit-koordinues\/\" \/>\n<meta property=\"og:site_name\" content=\"Republika e S\u00ebrbis\u00eb Trupi Koordinues p\u00ebr komunat Bujanoc, Preshev\u00eb dhe Medvegj\u00eb\" \/>\n<meta property=\"article:publisher\" content=\"https:\/\/www.facebook.com\/SluzbaKoordinacionogTelaVladeRepublikeSrbije\" \/>\n<meta property=\"article:published_time\" content=\"2013-12-18T00:00:00+00:00\" \/>\n<meta property=\"article:modified_time\" content=\"2024-07-30T20:13:53+00:00\" \/>\n<meta property=\"og:image\" content=\"https:\/\/kt.gov.rs\/wp-content\/uploads\/2024\/07\/newspic740v-5.jpg\" \/>\n\t<meta property=\"og:image:width\" content=\"640\" \/>\n\t<meta property=\"og:image:height\" content=\"243\" \/>\n\t<meta property=\"og:image:type\" content=\"image\/jpeg\" \/>\n<meta name=\"author\" content=\"ktmin\" \/>\n<meta name=\"twitter:card\" content=\"summary_large_image\" \/>\n<meta name=\"twitter:creator\" content=\"@kt_gov\" \/>\n<meta name=\"twitter:site\" content=\"@kt_gov\" \/>\n<meta name=\"twitter:label1\" content=\"Written by\" \/>\n\t<meta name=\"twitter:data1\" content=\"ktmin\" \/>\n\t<meta name=\"twitter:label2\" content=\"Est. reading time\" \/>\n\t<meta name=\"twitter:data2\" content=\"4 minutes\" \/>\n<script type=\"application\/ld+json\" class=\"yoast-schema-graph\">{\"@context\":\"https:\\\/\\\/schema.org\",\"@graph\":[{\"@type\":\"Article\",\"@id\":\"https:\\\/\\\/kt.gov.rs\\\/sq\\\/aistentet-ne-projektin-gjuha-serbe-si-gjuhe-joambetare-vizituan-sherbimin-e-trupit-koordinues\\\/#article\",\"isPartOf\":{\"@id\":\"https:\\\/\\\/kt.gov.rs\\\/sq\\\/aistentet-ne-projektin-gjuha-serbe-si-gjuhe-joambetare-vizituan-sherbimin-e-trupit-koordinues\\\/\"},\"author\":{\"name\":\"ktmin\",\"@id\":\"https:\\\/\\\/kt.gov.rs\\\/#\\\/schema\\\/person\\\/e426459ddb4173309103390602694571\"},\"headline\":\"AISTENT\u00cbT N\u00cb PROJEKTIN \u201c GJUHA S\u00cbRBE SI GJUH\u00cb JOAMB\u00cbTARE\u201d VIZITUAN SH\u00cbRBIMIN E TRUPIT KOORDINUES\",\"datePublished\":\"2013-12-18T00:00:00+00:00\",\"dateModified\":\"2024-07-30T20:13:53+00:00\",\"mainEntityOfPage\":{\"@id\":\"https:\\\/\\\/kt.gov.rs\\\/sq\\\/aistentet-ne-projektin-gjuha-serbe-si-gjuhe-joambetare-vizituan-sherbimin-e-trupit-koordinues\\\/\"},\"wordCount\":735,\"publisher\":{\"@id\":\"https:\\\/\\\/kt.gov.rs\\\/#organization\"},\"image\":{\"@id\":\"https:\\\/\\\/kt.gov.rs\\\/sq\\\/aistentet-ne-projektin-gjuha-serbe-si-gjuhe-joambetare-vizituan-sherbimin-e-trupit-koordinues\\\/#primaryimage\"},\"thumbnailUrl\":\"https:\\\/\\\/kt.gov.rs\\\/wp-content\\\/uploads\\\/2024\\\/07\\\/newspic740v-5.jpg\",\"articleSection\":[\"Lajme\"],\"inLanguage\":\"sq-AL\"},{\"@type\":\"WebPage\",\"@id\":\"https:\\\/\\\/kt.gov.rs\\\/sq\\\/aistentet-ne-projektin-gjuha-serbe-si-gjuhe-joambetare-vizituan-sherbimin-e-trupit-koordinues\\\/\",\"url\":\"https:\\\/\\\/kt.gov.rs\\\/sq\\\/aistentet-ne-projektin-gjuha-serbe-si-gjuhe-joambetare-vizituan-sherbimin-e-trupit-koordinues\\\/\",\"name\":\"AISTENT\u00cbT N\u00cb PROJEKTIN \u201c GJUHA S\u00cbRBE SI GJUH\u00cb JOAMB\u00cbTARE\u201d VIZITUAN SH\u00cbRBIMIN E TRUPIT KOORDINUES - Republika e S\u00ebrbis\u00eb Trupi Koordinues p\u00ebr komunat Bujanoc, Preshev\u00eb dhe Medvegj\u00eb\",\"isPartOf\":{\"@id\":\"https:\\\/\\\/kt.gov.rs\\\/#website\"},\"primaryImageOfPage\":{\"@id\":\"https:\\\/\\\/kt.gov.rs\\\/sq\\\/aistentet-ne-projektin-gjuha-serbe-si-gjuhe-joambetare-vizituan-sherbimin-e-trupit-koordinues\\\/#primaryimage\"},\"image\":{\"@id\":\"https:\\\/\\\/kt.gov.rs\\\/sq\\\/aistentet-ne-projektin-gjuha-serbe-si-gjuhe-joambetare-vizituan-sherbimin-e-trupit-koordinues\\\/#primaryimage\"},\"thumbnailUrl\":\"https:\\\/\\\/kt.gov.rs\\\/wp-content\\\/uploads\\\/2024\\\/07\\\/newspic740v-5.jpg\",\"datePublished\":\"2013-12-18T00:00:00+00:00\",\"dateModified\":\"2024-07-30T20:13:53+00:00\",\"breadcrumb\":{\"@id\":\"https:\\\/\\\/kt.gov.rs\\\/sq\\\/aistentet-ne-projektin-gjuha-serbe-si-gjuhe-joambetare-vizituan-sherbimin-e-trupit-koordinues\\\/#breadcrumb\"},\"inLanguage\":\"sq-AL\",\"potentialAction\":[{\"@type\":\"ReadAction\",\"target\":[\"https:\\\/\\\/kt.gov.rs\\\/sq\\\/aistentet-ne-projektin-gjuha-serbe-si-gjuhe-joambetare-vizituan-sherbimin-e-trupit-koordinues\\\/\"]}]},{\"@type\":\"ImageObject\",\"inLanguage\":\"sq-AL\",\"@id\":\"https:\\\/\\\/kt.gov.rs\\\/sq\\\/aistentet-ne-projektin-gjuha-serbe-si-gjuhe-joambetare-vizituan-sherbimin-e-trupit-koordinues\\\/#primaryimage\",\"url\":\"https:\\\/\\\/kt.gov.rs\\\/wp-content\\\/uploads\\\/2024\\\/07\\\/newspic740v-5.jpg\",\"contentUrl\":\"https:\\\/\\\/kt.gov.rs\\\/wp-content\\\/uploads\\\/2024\\\/07\\\/newspic740v-5.jpg\",\"width\":640,\"height\":243},{\"@type\":\"BreadcrumbList\",\"@id\":\"https:\\\/\\\/kt.gov.rs\\\/sq\\\/aistentet-ne-projektin-gjuha-serbe-si-gjuhe-joambetare-vizituan-sherbimin-e-trupit-koordinues\\\/#breadcrumb\",\"itemListElement\":[{\"@type\":\"ListItem\",\"position\":1,\"name\":\"\u041f\u043e\u0447\u0435\u0442\u043d\u0430\",\"item\":\"https:\\\/\\\/kt.gov.rs\\\/sq\\\/\"},{\"@type\":\"ListItem\",\"position\":2,\"name\":\"AISTENT\u00cbT N\u00cb PROJEKTIN \u201c GJUHA S\u00cbRBE SI GJUH\u00cb JOAMB\u00cbTARE\u201d VIZITUAN SH\u00cbRBIMIN E TRUPIT KOORDINUES\"}]},{\"@type\":\"WebSite\",\"@id\":\"https:\\\/\\\/kt.gov.rs\\\/#website\",\"url\":\"https:\\\/\\\/kt.gov.rs\\\/\",\"name\":\"\u041a\u043e\u043e\u0440\u0434\u0438\u043d\u0430\u0446\u0438\u043e\u043d\u043e \u0442\u0435\u043b\u043e \u0412\u043b\u0430\u0434\u0435 \u0420\u0435\u043f\u0443\u0431\u043b\u0438\u043a\u0435 \u0421\u0440\u0431\u0438\u0458\u0435 \u0437\u0430 \u043e\u043f\u0448\u0442\u0438\u043d\u0435 \u041f\u0440\u0435\u0448\u0435\u0432\u043e, \u0411\u0443\u0458\u0430\u043d\u043e\u0432\u0430\u0446 \u0438 \u041c\u0435\u0434\u0432\u0435\u0452a\",\"description\":\"\",\"publisher\":{\"@id\":\"https:\\\/\\\/kt.gov.rs\\\/#organization\"},\"alternateName\":\"\u041a\u043e\u043e\u0440\u0434\u0438\u043d\u0430\u0446\u0438\u043e\u043d\u043e \u0442\u0435\u043b\u043e\",\"potentialAction\":[{\"@type\":\"SearchAction\",\"target\":{\"@type\":\"EntryPoint\",\"urlTemplate\":\"https:\\\/\\\/kt.gov.rs\\\/?s={search_term_string}\"},\"query-input\":{\"@type\":\"PropertyValueSpecification\",\"valueRequired\":true,\"valueName\":\"search_term_string\"}}],\"inLanguage\":\"sq-AL\"},{\"@type\":\"Organization\",\"@id\":\"https:\\\/\\\/kt.gov.rs\\\/#organization\",\"name\":\"\u041a\u043e\u043e\u0440\u0434\u0438\u043d\u0430\u0446\u0438\u043e\u043d\u043e \u0442\u0435\u043b\u043e \u0412\u043b\u0430\u0434\u0435 \u0420\u0435\u043f\u0443\u0431\u043b\u0438\u043a\u0435 \u0421\u0440\u0431\u0438\u0458\u0435 \u0437\u0430 \u043e\u043f\u0448\u0442\u0438\u043d\u0435 \u041f\u0440\u0435\u0448\u0435\u0432\u043e, \u0411\u0443\u0458\u0430\u043d\u043e\u0432\u0430\u0446 \u0438 \u041c\u0435\u0434\u0432\u0435\u0452a\",\"alternateName\":\"\u041a\u043e\u043e\u0440\u0434\u0438\u043d\u0430\u0446\u0438\u043e\u043d\u043e \u0442\u0435\u043b\u043e\",\"url\":\"https:\\\/\\\/kt.gov.rs\\\/\",\"logo\":{\"@type\":\"ImageObject\",\"inLanguage\":\"sq-AL\",\"@id\":\"https:\\\/\\\/kt.gov.rs\\\/#\\\/schema\\\/logo\\\/image\\\/\",\"url\":\"https:\\\/\\\/kt.gov.rs\\\/wp-content\\\/uploads\\\/2024\\\/12\\\/koord2.jpg\",\"contentUrl\":\"https:\\\/\\\/kt.gov.rs\\\/wp-content\\\/uploads\\\/2024\\\/12\\\/koord2.jpg\",\"width\":640,\"height\":480,\"caption\":\"\u041a\u043e\u043e\u0440\u0434\u0438\u043d\u0430\u0446\u0438\u043e\u043d\u043e \u0442\u0435\u043b\u043e \u0412\u043b\u0430\u0434\u0435 \u0420\u0435\u043f\u0443\u0431\u043b\u0438\u043a\u0435 \u0421\u0440\u0431\u0438\u0458\u0435 \u0437\u0430 \u043e\u043f\u0448\u0442\u0438\u043d\u0435 \u041f\u0440\u0435\u0448\u0435\u0432\u043e, \u0411\u0443\u0458\u0430\u043d\u043e\u0432\u0430\u0446 \u0438 \u041c\u0435\u0434\u0432\u0435\u0452a\"},\"image\":{\"@id\":\"https:\\\/\\\/kt.gov.rs\\\/#\\\/schema\\\/logo\\\/image\\\/\"},\"sameAs\":[\"https:\\\/\\\/www.facebook.com\\\/SluzbaKoordinacionogTelaVladeRepublikeSrbije\",\"https:\\\/\\\/x.com\\\/kt_gov\",\"https:\\\/\\\/www.youtube.com\\\/@koordinacionotelo\"]},{\"@type\":\"Person\",\"@id\":\"https:\\\/\\\/kt.gov.rs\\\/#\\\/schema\\\/person\\\/e426459ddb4173309103390602694571\",\"name\":\"ktmin\",\"image\":{\"@type\":\"ImageObject\",\"inLanguage\":\"sq-AL\",\"@id\":\"https:\\\/\\\/secure.gravatar.com\\\/avatar\\\/3985c961109853010c3fbc7ba30365bfba5db3dd6c525831d9c595c7525a615a?s=96&d=mm&r=g\",\"url\":\"https:\\\/\\\/secure.gravatar.com\\\/avatar\\\/3985c961109853010c3fbc7ba30365bfba5db3dd6c525831d9c595c7525a615a?s=96&d=mm&r=g\",\"contentUrl\":\"https:\\\/\\\/secure.gravatar.com\\\/avatar\\\/3985c961109853010c3fbc7ba30365bfba5db3dd6c525831d9c595c7525a615a?s=96&d=mm&r=g\",\"caption\":\"ktmin\"},\"sameAs\":[\"https:\\\/\\\/kt.gov.rs\"],\"url\":\"https:\\\/\\\/kt.gov.rs\\\/sq\\\/author\\\/ktmin\\\/\"}]}<\/script>\n<!-- \/ Yoast SEO plugin. -->","yoast_head_json":{"title":"AISTENT\u00cbT N\u00cb PROJEKTIN \u201c GJUHA S\u00cbRBE SI GJUH\u00cb JOAMB\u00cbTARE\u201d VIZITUAN SH\u00cbRBIMIN E TRUPIT KOORDINUES - Republika e S\u00ebrbis\u00eb Trupi Koordinues p\u00ebr komunat Bujanoc, Preshev\u00eb dhe Medvegj\u00eb","robots":{"index":"index","follow":"follow","max-snippet":"max-snippet:-1","max-image-preview":"max-image-preview:large","max-video-preview":"max-video-preview:-1"},"canonical":"https:\/\/kt.gov.rs\/sq\/aistentet-ne-projektin-gjuha-serbe-si-gjuhe-joambetare-vizituan-sherbimin-e-trupit-koordinues\/","og_locale":"sq_AL","og_type":"article","og_title":"AISTENT\u00cbT N\u00cb PROJEKTIN \u201c GJUHA S\u00cbRBE SI GJUH\u00cb JOAMB\u00cbTARE\u201d VIZITUAN SH\u00cbRBIMIN E TRUPIT KOORDINUES - Republika e S\u00ebrbis\u00eb Trupi Koordinues p\u00ebr komunat Bujanoc, Preshev\u00eb dhe Medvegj\u00eb","og_description":"T\u00eb h\u00ebn\u00ebn m\u00eb 16. Dhjetor asistent\u00ebt dhe bashk\u00ebpuntor\u00ebt n\u00eb projektin \u201c Gjuha S\u00ebrbe si gjuh\u00eb\u00a0 joamb\u00ebtare\u201d q\u00ebllimi i t\u00eb cilit \u00ebsht\u00eb q\u00eb nx\u00ebn\u00ebsit e shkoll\u00ebs s\u00eb mesme \u201c Sezai Suroi\u201d n\u00eb Bujanoc t\u00eb m\u00ebsojn gjuh\u00ebn s\u00ebrbe, kan\u00eb vizituar Sh\u00ebrbimin e Trupit Koordinues...","og_url":"https:\/\/kt.gov.rs\/sq\/aistentet-ne-projektin-gjuha-serbe-si-gjuhe-joambetare-vizituan-sherbimin-e-trupit-koordinues\/","og_site_name":"Republika e S\u00ebrbis\u00eb Trupi Koordinues p\u00ebr komunat Bujanoc, Preshev\u00eb dhe Medvegj\u00eb","article_publisher":"https:\/\/www.facebook.com\/SluzbaKoordinacionogTelaVladeRepublikeSrbije","article_published_time":"2013-12-18T00:00:00+00:00","article_modified_time":"2024-07-30T20:13:53+00:00","og_image":[{"width":640,"height":243,"url":"https:\/\/kt.gov.rs\/wp-content\/uploads\/2024\/07\/newspic740v-5.jpg","type":"image\/jpeg"}],"author":"ktmin","twitter_card":"summary_large_image","twitter_creator":"@kt_gov","twitter_site":"@kt_gov","twitter_misc":{"Written by":"ktmin","Est. reading time":"4 minutes"},"schema":{"@context":"https:\/\/schema.org","@graph":[{"@type":"Article","@id":"https:\/\/kt.gov.rs\/sq\/aistentet-ne-projektin-gjuha-serbe-si-gjuhe-joambetare-vizituan-sherbimin-e-trupit-koordinues\/#article","isPartOf":{"@id":"https:\/\/kt.gov.rs\/sq\/aistentet-ne-projektin-gjuha-serbe-si-gjuhe-joambetare-vizituan-sherbimin-e-trupit-koordinues\/"},"author":{"name":"ktmin","@id":"https:\/\/kt.gov.rs\/#\/schema\/person\/e426459ddb4173309103390602694571"},"headline":"AISTENT\u00cbT N\u00cb PROJEKTIN \u201c GJUHA S\u00cbRBE SI GJUH\u00cb JOAMB\u00cbTARE\u201d VIZITUAN SH\u00cbRBIMIN E TRUPIT KOORDINUES","datePublished":"2013-12-18T00:00:00+00:00","dateModified":"2024-07-30T20:13:53+00:00","mainEntityOfPage":{"@id":"https:\/\/kt.gov.rs\/sq\/aistentet-ne-projektin-gjuha-serbe-si-gjuhe-joambetare-vizituan-sherbimin-e-trupit-koordinues\/"},"wordCount":735,"publisher":{"@id":"https:\/\/kt.gov.rs\/#organization"},"image":{"@id":"https:\/\/kt.gov.rs\/sq\/aistentet-ne-projektin-gjuha-serbe-si-gjuhe-joambetare-vizituan-sherbimin-e-trupit-koordinues\/#primaryimage"},"thumbnailUrl":"https:\/\/kt.gov.rs\/wp-content\/uploads\/2024\/07\/newspic740v-5.jpg","articleSection":["Lajme"],"inLanguage":"sq-AL"},{"@type":"WebPage","@id":"https:\/\/kt.gov.rs\/sq\/aistentet-ne-projektin-gjuha-serbe-si-gjuhe-joambetare-vizituan-sherbimin-e-trupit-koordinues\/","url":"https:\/\/kt.gov.rs\/sq\/aistentet-ne-projektin-gjuha-serbe-si-gjuhe-joambetare-vizituan-sherbimin-e-trupit-koordinues\/","name":"AISTENT\u00cbT N\u00cb PROJEKTIN \u201c GJUHA S\u00cbRBE SI GJUH\u00cb JOAMB\u00cbTARE\u201d VIZITUAN SH\u00cbRBIMIN E TRUPIT KOORDINUES - Republika e S\u00ebrbis\u00eb Trupi Koordinues p\u00ebr komunat Bujanoc, Preshev\u00eb dhe Medvegj\u00eb","isPartOf":{"@id":"https:\/\/kt.gov.rs\/#website"},"primaryImageOfPage":{"@id":"https:\/\/kt.gov.rs\/sq\/aistentet-ne-projektin-gjuha-serbe-si-gjuhe-joambetare-vizituan-sherbimin-e-trupit-koordinues\/#primaryimage"},"image":{"@id":"https:\/\/kt.gov.rs\/sq\/aistentet-ne-projektin-gjuha-serbe-si-gjuhe-joambetare-vizituan-sherbimin-e-trupit-koordinues\/#primaryimage"},"thumbnailUrl":"https:\/\/kt.gov.rs\/wp-content\/uploads\/2024\/07\/newspic740v-5.jpg","datePublished":"2013-12-18T00:00:00+00:00","dateModified":"2024-07-30T20:13:53+00:00","breadcrumb":{"@id":"https:\/\/kt.gov.rs\/sq\/aistentet-ne-projektin-gjuha-serbe-si-gjuhe-joambetare-vizituan-sherbimin-e-trupit-koordinues\/#breadcrumb"},"inLanguage":"sq-AL","potentialAction":[{"@type":"ReadAction","target":["https:\/\/kt.gov.rs\/sq\/aistentet-ne-projektin-gjuha-serbe-si-gjuhe-joambetare-vizituan-sherbimin-e-trupit-koordinues\/"]}]},{"@type":"ImageObject","inLanguage":"sq-AL","@id":"https:\/\/kt.gov.rs\/sq\/aistentet-ne-projektin-gjuha-serbe-si-gjuhe-joambetare-vizituan-sherbimin-e-trupit-koordinues\/#primaryimage","url":"https:\/\/kt.gov.rs\/wp-content\/uploads\/2024\/07\/newspic740v-5.jpg","contentUrl":"https:\/\/kt.gov.rs\/wp-content\/uploads\/2024\/07\/newspic740v-5.jpg","width":640,"height":243},{"@type":"BreadcrumbList","@id":"https:\/\/kt.gov.rs\/sq\/aistentet-ne-projektin-gjuha-serbe-si-gjuhe-joambetare-vizituan-sherbimin-e-trupit-koordinues\/#breadcrumb","itemListElement":[{"@type":"ListItem","position":1,"name":"\u041f\u043e\u0447\u0435\u0442\u043d\u0430","item":"https:\/\/kt.gov.rs\/sq\/"},{"@type":"ListItem","position":2,"name":"AISTENT\u00cbT N\u00cb PROJEKTIN \u201c GJUHA S\u00cbRBE SI GJUH\u00cb JOAMB\u00cbTARE\u201d VIZITUAN SH\u00cbRBIMIN E TRUPIT KOORDINUES"}]},{"@type":"WebSite","@id":"https:\/\/kt.gov.rs\/#website","url":"https:\/\/kt.gov.rs\/","name":"\u041a\u043e\u043e\u0440\u0434\u0438\u043d\u0430\u0446\u0438\u043e\u043d\u043e \u0442\u0435\u043b\u043e \u0412\u043b\u0430\u0434\u0435 \u0420\u0435\u043f\u0443\u0431\u043b\u0438\u043a\u0435 \u0421\u0440\u0431\u0438\u0458\u0435 \u0437\u0430 \u043e\u043f\u0448\u0442\u0438\u043d\u0435 \u041f\u0440\u0435\u0448\u0435\u0432\u043e, \u0411\u0443\u0458\u0430\u043d\u043e\u0432\u0430\u0446 \u0438 \u041c\u0435\u0434\u0432\u0435\u0452a","description":"","publisher":{"@id":"https:\/\/kt.gov.rs\/#organization"},"alternateName":"\u041a\u043e\u043e\u0440\u0434\u0438\u043d\u0430\u0446\u0438\u043e\u043d\u043e \u0442\u0435\u043b\u043e","potentialAction":[{"@type":"SearchAction","target":{"@type":"EntryPoint","urlTemplate":"https:\/\/kt.gov.rs\/?s={search_term_string}"},"query-input":{"@type":"PropertyValueSpecification","valueRequired":true,"valueName":"search_term_string"}}],"inLanguage":"sq-AL"},{"@type":"Organization","@id":"https:\/\/kt.gov.rs\/#organization","name":"\u041a\u043e\u043e\u0440\u0434\u0438\u043d\u0430\u0446\u0438\u043e\u043d\u043e \u0442\u0435\u043b\u043e \u0412\u043b\u0430\u0434\u0435 \u0420\u0435\u043f\u0443\u0431\u043b\u0438\u043a\u0435 \u0421\u0440\u0431\u0438\u0458\u0435 \u0437\u0430 \u043e\u043f\u0448\u0442\u0438\u043d\u0435 \u041f\u0440\u0435\u0448\u0435\u0432\u043e, \u0411\u0443\u0458\u0430\u043d\u043e\u0432\u0430\u0446 \u0438 \u041c\u0435\u0434\u0432\u0435\u0452a","alternateName":"\u041a\u043e\u043e\u0440\u0434\u0438\u043d\u0430\u0446\u0438\u043e\u043d\u043e \u0442\u0435\u043b\u043e","url":"https:\/\/kt.gov.rs\/","logo":{"@type":"ImageObject","inLanguage":"sq-AL","@id":"https:\/\/kt.gov.rs\/#\/schema\/logo\/image\/","url":"https:\/\/kt.gov.rs\/wp-content\/uploads\/2024\/12\/koord2.jpg","contentUrl":"https:\/\/kt.gov.rs\/wp-content\/uploads\/2024\/12\/koord2.jpg","width":640,"height":480,"caption":"\u041a\u043e\u043e\u0440\u0434\u0438\u043d\u0430\u0446\u0438\u043e\u043d\u043e \u0442\u0435\u043b\u043e \u0412\u043b\u0430\u0434\u0435 \u0420\u0435\u043f\u0443\u0431\u043b\u0438\u043a\u0435 \u0421\u0440\u0431\u0438\u0458\u0435 \u0437\u0430 \u043e\u043f\u0448\u0442\u0438\u043d\u0435 \u041f\u0440\u0435\u0448\u0435\u0432\u043e, \u0411\u0443\u0458\u0430\u043d\u043e\u0432\u0430\u0446 \u0438 \u041c\u0435\u0434\u0432\u0435\u0452a"},"image":{"@id":"https:\/\/kt.gov.rs\/#\/schema\/logo\/image\/"},"sameAs":["https:\/\/www.facebook.com\/SluzbaKoordinacionogTelaVladeRepublikeSrbije","https:\/\/x.com\/kt_gov","https:\/\/www.youtube.com\/@koordinacionotelo"]},{"@type":"Person","@id":"https:\/\/kt.gov.rs\/#\/schema\/person\/e426459ddb4173309103390602694571","name":"ktmin","image":{"@type":"ImageObject","inLanguage":"sq-AL","@id":"https:\/\/secure.gravatar.com\/avatar\/3985c961109853010c3fbc7ba30365bfba5db3dd6c525831d9c595c7525a615a?s=96&d=mm&r=g","url":"https:\/\/secure.gravatar.com\/avatar\/3985c961109853010c3fbc7ba30365bfba5db3dd6c525831d9c595c7525a615a?s=96&d=mm&r=g","contentUrl":"https:\/\/secure.gravatar.com\/avatar\/3985c961109853010c3fbc7ba30365bfba5db3dd6c525831d9c595c7525a615a?s=96&d=mm&r=g","caption":"ktmin"},"sameAs":["https:\/\/kt.gov.rs"],"url":"https:\/\/kt.gov.rs\/sq\/author\/ktmin\/"}]}},"_links":{"self":[{"href":"https:\/\/kt.gov.rs\/sq\/wp-json\/wp\/v2\/posts\/139837","targetHints":{"allow":["GET"]}}],"collection":[{"href":"https:\/\/kt.gov.rs\/sq\/wp-json\/wp\/v2\/posts"}],"about":[{"href":"https:\/\/kt.gov.rs\/sq\/wp-json\/wp\/v2\/types\/post"}],"author":[{"embeddable":true,"href":"https:\/\/kt.gov.rs\/sq\/wp-json\/wp\/v2\/users\/1"}],"replies":[{"embeddable":true,"href":"https:\/\/kt.gov.rs\/sq\/wp-json\/wp\/v2\/comments?post=139837"}],"version-history":[{"count":1,"href":"https:\/\/kt.gov.rs\/sq\/wp-json\/wp\/v2\/posts\/139837\/revisions"}],"predecessor-version":[{"id":139841,"href":"https:\/\/kt.gov.rs\/sq\/wp-json\/wp\/v2\/posts\/139837\/revisions\/139841"}],"wp:featuredmedia":[{"embeddable":true,"href":"https:\/\/kt.gov.rs\/sq\/wp-json\/wp\/v2\/media\/139842"}],"wp:attachment":[{"href":"https:\/\/kt.gov.rs\/sq\/wp-json\/wp\/v2\/media?parent=139837"}],"wp:term":[{"taxonomy":"category","embeddable":true,"href":"https:\/\/kt.gov.rs\/sq\/wp-json\/wp\/v2\/categories?post=139837"},{"taxonomy":"post_tag","embeddable":true,"href":"https:\/\/kt.gov.rs\/sq\/wp-json\/wp\/v2\/tags?post=139837"}],"curies":[{"name":"wp","href":"https:\/\/api.w.org\/{rel}","templated":true}]}}