{"id":139821,"date":"2013-12-20T00:00:00","date_gmt":"2013-12-20T00:00:00","guid":{"rendered":"http:\/\/kt.printandscreen.rs\/stimulohen-ndermarrjet-private\/"},"modified":"2024-07-30T20:13:51","modified_gmt":"2024-07-30T20:13:51","slug":"stimulohen-ndermarrjet-private","status":"publish","type":"post","link":"https:\/\/kt.gov.rs\/sq\/stimulohen-ndermarrjet-private\/","title":{"rendered":"STIMULOHEN ND\u00cbRMARRJET PRIVATE"},"content":{"rendered":"<p>\n\t<img decoding=\"async\" alt=\"\" src=\"https:\/\/kt.gov.rs\/wp-content\/uploads\/2024\/07\/newspic742-4.jpg\" style=\"width: 315px; height: 220px; float: left;\" \/>Pushteti lokal i Bujanocit ka n\u00ebnshkruar sot kontrat\u00eb me 36 nd\u00ebrmarrje afariste dhe p\u00ebrmes k\u00ebtij projekti do t\u00eb pun\u00ebsohen 43 pun\u00ebtor\u00eb t\u00eb rinj. Ceremonia e k\u00ebtij solemniteti \u00ebsht\u00eb mbajtur n\u00eb sall\u00ebn e kuvendit komunal t\u00eb Bujanocit dhe t\u00eb pranish\u00ebm p\u00ebrve\u00e7 udh\u00ebheq\u00ebsis\u00eb s\u00eb komun\u00ebs ishin edhe p\u00ebrfaq\u00ebsues nga Enti Republikan p\u00ebr Pun\u00ebsim.<\/p>\n<p>\n\tKryetari i komun\u00ebs s\u00eb Bujanocit, Nagip Arifi, para t\u00eb pranishme \u00ebsht\u00eb shprehur i k\u00ebnaqur q\u00eb \u00ebsht\u00eb sot n\u00eb k\u00ebt\u00eb ceremoni t\u00eb n\u00ebnshkrimit t\u00eb programeve p\u00ebr zhvillimin e komun\u00ebs s\u00eb Bujanocit dhe p\u00ebr pun\u00ebsimin e t\u00eb rinjve.<\/p>\n<p>\n\t\u00a0Po ashtu fal\u00ebnderoj edhe k\u00ebshillin p\u00ebr pun\u00ebsim e cila ka b\u00ebr\u00eb nj\u00eb pun\u00eb shum\u00eb t\u00eb madhe dhe ne nga dita e hapjes s\u00eb konkursit kemi pasur 36 firma n\u00eb territorin e komun\u00ebs s\u00eb Bujanocit q\u00eb kan\u00eb konkurruar n\u00eb k\u00ebt\u00eb projekt dhe sot do t\u00eb b\u00ebjm\u00eb n\u00ebnshkrimin e pun\u00ebsimit t\u00eb 43 pun\u00ebtor\u00ebve\u201d \u00ebsht\u00eb shprehur Arifi.<\/p>\n<p>\n\tP\u00ebrfaqsuesit e Enti Republikan p\u00ebr Pun\u00ebsim than\u00eb se ndjehen t\u00eb lumtur dhe se kan\u00eb pasur nj\u00eb q\u00ebllim t\u00eb p\u00ebrbashk\u00ebt p\u00ebr t\u00eb zhvilluar k\u00ebt\u00eb rajon dhe m\u00ebnyra e vetme \u00ebsht\u00eb rritja e pun\u00ebsimit dhe un\u00eb shpresoj se ky \u00ebsht\u00eb vet\u00ebm fillimi i nj\u00eb bashk\u00ebpunimi t\u00eb mire dhe na presin nj\u00eb varg projektesh q\u00eb kan\u00eb pq\u00eb q\u00ebllim avancimin e situat\u00ebs socio-ekonomike t\u00eb rajonit.<\/p>\n<p>\n\tEdhe p\u00ebr Fazila Azemoviq ky \u00ebsht\u00eb nj\u00eb projekt shum\u00eb i r\u00ebnd\u00ebsish\u00ebm e q\u00eb p\u00ebrkon dhe me q\u00ebllimin e Zyr\u00ebs p\u00ebr Zhvillim Ekonomik lokal q\u00eb \u00ebsht\u00eb n\u00eb kuad\u00ebr t\u00eb komun\u00ebs s\u00eb Bujanocit. Ajo m\u00eb tej ka shtuar se n\u00eb vitin 2014 do t\u00eb kemi edhe nj\u00eb projket t\u00eb ngjash\u00ebm me k\u00ebt\u00eb.<\/p>\n<p>\n\t\u00a0Vlera e k\u00ebtij projekti kap shum\u00ebn nga buxheti i komun\u00ebs s\u00eb Bujanocit \u00a03 milion 200 mij\u00eb dinar\u00eb nd\u00ebrsa pjesa tjet\u00ebr prej 2 milion e 28 mij\u00eb nga programi PBILD.<\/p>\n<p>\n\t<strong>Burimi: Titulli dhe Trupi Koordinues<\/strong><\/p>\n<p>\n\t\u00a0<\/p>\n","protected":false},"excerpt":{"rendered":"<p>Pushteti lokal i Bujanocit ka n\u00ebnshkruar sot kontrat\u00eb me 36 nd\u00ebrmarrje afariste dhe p\u00ebrmes k\u00ebtij projekti do t\u00eb pun\u00ebsohen 43 pun\u00ebtor\u00eb t\u00eb rinj. Ceremonia e k\u00ebtij solemniteti \u00ebsht\u00eb mbajtur n\u00eb sall\u00ebn e kuvendit komunal t\u00eb Bujanocit dhe t\u00eb pranish\u00ebm p\u00ebrve\u00e7 udh\u00ebheq\u00ebsis\u00eb s\u00eb komun\u00ebs\u2026<\/p>\n","protected":false},"author":1,"featured_media":139826,"comment_status":"closed","ping_status":"closed","sticky":false,"template":"","format":"standard","meta":{"footnotes":""},"categories":[55],"tags":[],"class_list":["post-139821","post","type-post","status-publish","format-standard","has-post-thumbnail","hentry","category-lajme"],"yoast_head":"<!-- This site is optimized with the Yoast SEO plugin v27.5 - https:\/\/yoast.com\/product\/yoast-seo-wordpress\/ -->\n<title>STIMULOHEN ND\u00cbRMARRJET PRIVATE - Republika e S\u00ebrbis\u00eb Trupi Koordinues p\u00ebr komunat Bujanoc, Preshev\u00eb dhe Medvegj\u00eb<\/title>\n<meta name=\"robots\" content=\"index, follow, max-snippet:-1, max-image-preview:large, max-video-preview:-1\" \/>\n<link rel=\"canonical\" href=\"https:\/\/kt.gov.rs\/sq\/stimulohen-ndermarrjet-private\/\" \/>\n<meta property=\"og:locale\" content=\"sq_AL\" \/>\n<meta property=\"og:type\" content=\"article\" \/>\n<meta property=\"og:title\" content=\"STIMULOHEN ND\u00cbRMARRJET PRIVATE - Republika e S\u00ebrbis\u00eb Trupi Koordinues p\u00ebr komunat Bujanoc, Preshev\u00eb dhe Medvegj\u00eb\" \/>\n<meta property=\"og:description\" content=\"Pushteti lokal i Bujanocit ka n\u00ebnshkruar sot kontrat\u00eb me 36 nd\u00ebrmarrje afariste dhe p\u00ebrmes k\u00ebtij projekti do t\u00eb pun\u00ebsohen 43 pun\u00ebtor\u00eb t\u00eb rinj. Ceremonia e k\u00ebtij solemniteti \u00ebsht\u00eb mbajtur n\u00eb sall\u00ebn e kuvendit komunal t\u00eb Bujanocit dhe t\u00eb pranish\u00ebm p\u00ebrve\u00e7 udh\u00ebheq\u00ebsis\u00eb s\u00eb komun\u00ebs...\" \/>\n<meta property=\"og:url\" content=\"https:\/\/kt.gov.rs\/sq\/stimulohen-ndermarrjet-private\/\" \/>\n<meta property=\"og:site_name\" content=\"Republika e S\u00ebrbis\u00eb Trupi Koordinues p\u00ebr komunat Bujanoc, Preshev\u00eb dhe Medvegj\u00eb\" \/>\n<meta property=\"article:publisher\" content=\"https:\/\/www.facebook.com\/SluzbaKoordinacionogTelaVladeRepublikeSrbije\" \/>\n<meta property=\"article:published_time\" content=\"2013-12-20T00:00:00+00:00\" \/>\n<meta property=\"article:modified_time\" content=\"2024-07-30T20:13:51+00:00\" \/>\n<meta property=\"og:image\" content=\"https:\/\/kt.gov.rs\/wp-content\/uploads\/2024\/07\/newspic742-5.jpg\" \/>\n\t<meta property=\"og:image:width\" content=\"315\" \/>\n\t<meta property=\"og:image:height\" content=\"220\" \/>\n\t<meta property=\"og:image:type\" content=\"image\/jpeg\" \/>\n<meta name=\"author\" content=\"ktmin\" \/>\n<meta name=\"twitter:card\" content=\"summary_large_image\" \/>\n<meta name=\"twitter:creator\" content=\"@kt_gov\" \/>\n<meta name=\"twitter:site\" content=\"@kt_gov\" \/>\n<meta name=\"twitter:label1\" content=\"Written by\" \/>\n\t<meta name=\"twitter:data1\" content=\"ktmin\" \/>\n\t<meta name=\"twitter:label2\" content=\"Est. reading time\" \/>\n\t<meta name=\"twitter:data2\" content=\"3 minutes\" \/>\n<script type=\"application\/ld+json\" class=\"yoast-schema-graph\">{\"@context\":\"https:\\\/\\\/schema.org\",\"@graph\":[{\"@type\":\"Article\",\"@id\":\"https:\\\/\\\/kt.gov.rs\\\/sq\\\/stimulohen-ndermarrjet-private\\\/#article\",\"isPartOf\":{\"@id\":\"https:\\\/\\\/kt.gov.rs\\\/sq\\\/stimulohen-ndermarrjet-private\\\/\"},\"author\":{\"name\":\"ktmin\",\"@id\":\"https:\\\/\\\/kt.gov.rs\\\/#\\\/schema\\\/person\\\/e426459ddb4173309103390602694571\"},\"headline\":\"STIMULOHEN ND\u00cbRMARRJET PRIVATE\",\"datePublished\":\"2013-12-20T00:00:00+00:00\",\"dateModified\":\"2024-07-30T20:13:51+00:00\",\"mainEntityOfPage\":{\"@id\":\"https:\\\/\\\/kt.gov.rs\\\/sq\\\/stimulohen-ndermarrjet-private\\\/\"},\"wordCount\":504,\"publisher\":{\"@id\":\"https:\\\/\\\/kt.gov.rs\\\/#organization\"},\"image\":{\"@id\":\"https:\\\/\\\/kt.gov.rs\\\/sq\\\/stimulohen-ndermarrjet-private\\\/#primaryimage\"},\"thumbnailUrl\":\"https:\\\/\\\/kt.gov.rs\\\/wp-content\\\/uploads\\\/2024\\\/07\\\/newspic742-5.jpg\",\"articleSection\":[\"Lajme\"],\"inLanguage\":\"sq-AL\"},{\"@type\":\"WebPage\",\"@id\":\"https:\\\/\\\/kt.gov.rs\\\/sq\\\/stimulohen-ndermarrjet-private\\\/\",\"url\":\"https:\\\/\\\/kt.gov.rs\\\/sq\\\/stimulohen-ndermarrjet-private\\\/\",\"name\":\"STIMULOHEN ND\u00cbRMARRJET PRIVATE - Republika e S\u00ebrbis\u00eb Trupi Koordinues p\u00ebr komunat Bujanoc, Preshev\u00eb dhe Medvegj\u00eb\",\"isPartOf\":{\"@id\":\"https:\\\/\\\/kt.gov.rs\\\/#website\"},\"primaryImageOfPage\":{\"@id\":\"https:\\\/\\\/kt.gov.rs\\\/sq\\\/stimulohen-ndermarrjet-private\\\/#primaryimage\"},\"image\":{\"@id\":\"https:\\\/\\\/kt.gov.rs\\\/sq\\\/stimulohen-ndermarrjet-private\\\/#primaryimage\"},\"thumbnailUrl\":\"https:\\\/\\\/kt.gov.rs\\\/wp-content\\\/uploads\\\/2024\\\/07\\\/newspic742-5.jpg\",\"datePublished\":\"2013-12-20T00:00:00+00:00\",\"dateModified\":\"2024-07-30T20:13:51+00:00\",\"breadcrumb\":{\"@id\":\"https:\\\/\\\/kt.gov.rs\\\/sq\\\/stimulohen-ndermarrjet-private\\\/#breadcrumb\"},\"inLanguage\":\"sq-AL\",\"potentialAction\":[{\"@type\":\"ReadAction\",\"target\":[\"https:\\\/\\\/kt.gov.rs\\\/sq\\\/stimulohen-ndermarrjet-private\\\/\"]}]},{\"@type\":\"ImageObject\",\"inLanguage\":\"sq-AL\",\"@id\":\"https:\\\/\\\/kt.gov.rs\\\/sq\\\/stimulohen-ndermarrjet-private\\\/#primaryimage\",\"url\":\"https:\\\/\\\/kt.gov.rs\\\/wp-content\\\/uploads\\\/2024\\\/07\\\/newspic742-5.jpg\",\"contentUrl\":\"https:\\\/\\\/kt.gov.rs\\\/wp-content\\\/uploads\\\/2024\\\/07\\\/newspic742-5.jpg\",\"width\":315,\"height\":220},{\"@type\":\"BreadcrumbList\",\"@id\":\"https:\\\/\\\/kt.gov.rs\\\/sq\\\/stimulohen-ndermarrjet-private\\\/#breadcrumb\",\"itemListElement\":[{\"@type\":\"ListItem\",\"position\":1,\"name\":\"\u041f\u043e\u0447\u0435\u0442\u043d\u0430\",\"item\":\"https:\\\/\\\/kt.gov.rs\\\/sq\\\/\"},{\"@type\":\"ListItem\",\"position\":2,\"name\":\"STIMULOHEN ND\u00cbRMARRJET PRIVATE\"}]},{\"@type\":\"WebSite\",\"@id\":\"https:\\\/\\\/kt.gov.rs\\\/#website\",\"url\":\"https:\\\/\\\/kt.gov.rs\\\/\",\"name\":\"\u041a\u043e\u043e\u0440\u0434\u0438\u043d\u0430\u0446\u0438\u043e\u043d\u043e \u0442\u0435\u043b\u043e \u0412\u043b\u0430\u0434\u0435 \u0420\u0435\u043f\u0443\u0431\u043b\u0438\u043a\u0435 \u0421\u0440\u0431\u0438\u0458\u0435 \u0437\u0430 \u043e\u043f\u0448\u0442\u0438\u043d\u0435 \u041f\u0440\u0435\u0448\u0435\u0432\u043e, \u0411\u0443\u0458\u0430\u043d\u043e\u0432\u0430\u0446 \u0438 \u041c\u0435\u0434\u0432\u0435\u0452a\",\"description\":\"\",\"publisher\":{\"@id\":\"https:\\\/\\\/kt.gov.rs\\\/#organization\"},\"alternateName\":\"\u041a\u043e\u043e\u0440\u0434\u0438\u043d\u0430\u0446\u0438\u043e\u043d\u043e \u0442\u0435\u043b\u043e\",\"potentialAction\":[{\"@type\":\"SearchAction\",\"target\":{\"@type\":\"EntryPoint\",\"urlTemplate\":\"https:\\\/\\\/kt.gov.rs\\\/?s={search_term_string}\"},\"query-input\":{\"@type\":\"PropertyValueSpecification\",\"valueRequired\":true,\"valueName\":\"search_term_string\"}}],\"inLanguage\":\"sq-AL\"},{\"@type\":\"Organization\",\"@id\":\"https:\\\/\\\/kt.gov.rs\\\/#organization\",\"name\":\"\u041a\u043e\u043e\u0440\u0434\u0438\u043d\u0430\u0446\u0438\u043e\u043d\u043e \u0442\u0435\u043b\u043e \u0412\u043b\u0430\u0434\u0435 \u0420\u0435\u043f\u0443\u0431\u043b\u0438\u043a\u0435 \u0421\u0440\u0431\u0438\u0458\u0435 \u0437\u0430 \u043e\u043f\u0448\u0442\u0438\u043d\u0435 \u041f\u0440\u0435\u0448\u0435\u0432\u043e, \u0411\u0443\u0458\u0430\u043d\u043e\u0432\u0430\u0446 \u0438 \u041c\u0435\u0434\u0432\u0435\u0452a\",\"alternateName\":\"\u041a\u043e\u043e\u0440\u0434\u0438\u043d\u0430\u0446\u0438\u043e\u043d\u043e \u0442\u0435\u043b\u043e\",\"url\":\"https:\\\/\\\/kt.gov.rs\\\/\",\"logo\":{\"@type\":\"ImageObject\",\"inLanguage\":\"sq-AL\",\"@id\":\"https:\\\/\\\/kt.gov.rs\\\/#\\\/schema\\\/logo\\\/image\\\/\",\"url\":\"https:\\\/\\\/kt.gov.rs\\\/wp-content\\\/uploads\\\/2024\\\/12\\\/koord2.jpg\",\"contentUrl\":\"https:\\\/\\\/kt.gov.rs\\\/wp-content\\\/uploads\\\/2024\\\/12\\\/koord2.jpg\",\"width\":640,\"height\":480,\"caption\":\"\u041a\u043e\u043e\u0440\u0434\u0438\u043d\u0430\u0446\u0438\u043e\u043d\u043e \u0442\u0435\u043b\u043e \u0412\u043b\u0430\u0434\u0435 \u0420\u0435\u043f\u0443\u0431\u043b\u0438\u043a\u0435 \u0421\u0440\u0431\u0438\u0458\u0435 \u0437\u0430 \u043e\u043f\u0448\u0442\u0438\u043d\u0435 \u041f\u0440\u0435\u0448\u0435\u0432\u043e, \u0411\u0443\u0458\u0430\u043d\u043e\u0432\u0430\u0446 \u0438 \u041c\u0435\u0434\u0432\u0435\u0452a\"},\"image\":{\"@id\":\"https:\\\/\\\/kt.gov.rs\\\/#\\\/schema\\\/logo\\\/image\\\/\"},\"sameAs\":[\"https:\\\/\\\/www.facebook.com\\\/SluzbaKoordinacionogTelaVladeRepublikeSrbije\",\"https:\\\/\\\/x.com\\\/kt_gov\",\"https:\\\/\\\/www.youtube.com\\\/@koordinacionotelo\"]},{\"@type\":\"Person\",\"@id\":\"https:\\\/\\\/kt.gov.rs\\\/#\\\/schema\\\/person\\\/e426459ddb4173309103390602694571\",\"name\":\"ktmin\",\"image\":{\"@type\":\"ImageObject\",\"inLanguage\":\"sq-AL\",\"@id\":\"https:\\\/\\\/secure.gravatar.com\\\/avatar\\\/3985c961109853010c3fbc7ba30365bfba5db3dd6c525831d9c595c7525a615a?s=96&d=mm&r=g\",\"url\":\"https:\\\/\\\/secure.gravatar.com\\\/avatar\\\/3985c961109853010c3fbc7ba30365bfba5db3dd6c525831d9c595c7525a615a?s=96&d=mm&r=g\",\"contentUrl\":\"https:\\\/\\\/secure.gravatar.com\\\/avatar\\\/3985c961109853010c3fbc7ba30365bfba5db3dd6c525831d9c595c7525a615a?s=96&d=mm&r=g\",\"caption\":\"ktmin\"},\"sameAs\":[\"https:\\\/\\\/kt.gov.rs\"],\"url\":\"https:\\\/\\\/kt.gov.rs\\\/sq\\\/author\\\/ktmin\\\/\"}]}<\/script>\n<!-- \/ Yoast SEO plugin. -->","yoast_head_json":{"title":"STIMULOHEN ND\u00cbRMARRJET PRIVATE - Republika e S\u00ebrbis\u00eb Trupi Koordinues p\u00ebr komunat Bujanoc, Preshev\u00eb dhe Medvegj\u00eb","robots":{"index":"index","follow":"follow","max-snippet":"max-snippet:-1","max-image-preview":"max-image-preview:large","max-video-preview":"max-video-preview:-1"},"canonical":"https:\/\/kt.gov.rs\/sq\/stimulohen-ndermarrjet-private\/","og_locale":"sq_AL","og_type":"article","og_title":"STIMULOHEN ND\u00cbRMARRJET PRIVATE - Republika e S\u00ebrbis\u00eb Trupi Koordinues p\u00ebr komunat Bujanoc, Preshev\u00eb dhe Medvegj\u00eb","og_description":"Pushteti lokal i Bujanocit ka n\u00ebnshkruar sot kontrat\u00eb me 36 nd\u00ebrmarrje afariste dhe p\u00ebrmes k\u00ebtij projekti do t\u00eb pun\u00ebsohen 43 pun\u00ebtor\u00eb t\u00eb rinj. Ceremonia e k\u00ebtij solemniteti \u00ebsht\u00eb mbajtur n\u00eb sall\u00ebn e kuvendit komunal t\u00eb Bujanocit dhe t\u00eb pranish\u00ebm p\u00ebrve\u00e7 udh\u00ebheq\u00ebsis\u00eb s\u00eb komun\u00ebs...","og_url":"https:\/\/kt.gov.rs\/sq\/stimulohen-ndermarrjet-private\/","og_site_name":"Republika e S\u00ebrbis\u00eb Trupi Koordinues p\u00ebr komunat Bujanoc, Preshev\u00eb dhe Medvegj\u00eb","article_publisher":"https:\/\/www.facebook.com\/SluzbaKoordinacionogTelaVladeRepublikeSrbije","article_published_time":"2013-12-20T00:00:00+00:00","article_modified_time":"2024-07-30T20:13:51+00:00","og_image":[{"width":315,"height":220,"url":"https:\/\/kt.gov.rs\/wp-content\/uploads\/2024\/07\/newspic742-5.jpg","type":"image\/jpeg"}],"author":"ktmin","twitter_card":"summary_large_image","twitter_creator":"@kt_gov","twitter_site":"@kt_gov","twitter_misc":{"Written by":"ktmin","Est. reading time":"3 minutes"},"schema":{"@context":"https:\/\/schema.org","@graph":[{"@type":"Article","@id":"https:\/\/kt.gov.rs\/sq\/stimulohen-ndermarrjet-private\/#article","isPartOf":{"@id":"https:\/\/kt.gov.rs\/sq\/stimulohen-ndermarrjet-private\/"},"author":{"name":"ktmin","@id":"https:\/\/kt.gov.rs\/#\/schema\/person\/e426459ddb4173309103390602694571"},"headline":"STIMULOHEN ND\u00cbRMARRJET PRIVATE","datePublished":"2013-12-20T00:00:00+00:00","dateModified":"2024-07-30T20:13:51+00:00","mainEntityOfPage":{"@id":"https:\/\/kt.gov.rs\/sq\/stimulohen-ndermarrjet-private\/"},"wordCount":504,"publisher":{"@id":"https:\/\/kt.gov.rs\/#organization"},"image":{"@id":"https:\/\/kt.gov.rs\/sq\/stimulohen-ndermarrjet-private\/#primaryimage"},"thumbnailUrl":"https:\/\/kt.gov.rs\/wp-content\/uploads\/2024\/07\/newspic742-5.jpg","articleSection":["Lajme"],"inLanguage":"sq-AL"},{"@type":"WebPage","@id":"https:\/\/kt.gov.rs\/sq\/stimulohen-ndermarrjet-private\/","url":"https:\/\/kt.gov.rs\/sq\/stimulohen-ndermarrjet-private\/","name":"STIMULOHEN ND\u00cbRMARRJET PRIVATE - Republika e S\u00ebrbis\u00eb Trupi Koordinues p\u00ebr komunat Bujanoc, Preshev\u00eb dhe Medvegj\u00eb","isPartOf":{"@id":"https:\/\/kt.gov.rs\/#website"},"primaryImageOfPage":{"@id":"https:\/\/kt.gov.rs\/sq\/stimulohen-ndermarrjet-private\/#primaryimage"},"image":{"@id":"https:\/\/kt.gov.rs\/sq\/stimulohen-ndermarrjet-private\/#primaryimage"},"thumbnailUrl":"https:\/\/kt.gov.rs\/wp-content\/uploads\/2024\/07\/newspic742-5.jpg","datePublished":"2013-12-20T00:00:00+00:00","dateModified":"2024-07-30T20:13:51+00:00","breadcrumb":{"@id":"https:\/\/kt.gov.rs\/sq\/stimulohen-ndermarrjet-private\/#breadcrumb"},"inLanguage":"sq-AL","potentialAction":[{"@type":"ReadAction","target":["https:\/\/kt.gov.rs\/sq\/stimulohen-ndermarrjet-private\/"]}]},{"@type":"ImageObject","inLanguage":"sq-AL","@id":"https:\/\/kt.gov.rs\/sq\/stimulohen-ndermarrjet-private\/#primaryimage","url":"https:\/\/kt.gov.rs\/wp-content\/uploads\/2024\/07\/newspic742-5.jpg","contentUrl":"https:\/\/kt.gov.rs\/wp-content\/uploads\/2024\/07\/newspic742-5.jpg","width":315,"height":220},{"@type":"BreadcrumbList","@id":"https:\/\/kt.gov.rs\/sq\/stimulohen-ndermarrjet-private\/#breadcrumb","itemListElement":[{"@type":"ListItem","position":1,"name":"\u041f\u043e\u0447\u0435\u0442\u043d\u0430","item":"https:\/\/kt.gov.rs\/sq\/"},{"@type":"ListItem","position":2,"name":"STIMULOHEN ND\u00cbRMARRJET PRIVATE"}]},{"@type":"WebSite","@id":"https:\/\/kt.gov.rs\/#website","url":"https:\/\/kt.gov.rs\/","name":"\u041a\u043e\u043e\u0440\u0434\u0438\u043d\u0430\u0446\u0438\u043e\u043d\u043e \u0442\u0435\u043b\u043e \u0412\u043b\u0430\u0434\u0435 \u0420\u0435\u043f\u0443\u0431\u043b\u0438\u043a\u0435 \u0421\u0440\u0431\u0438\u0458\u0435 \u0437\u0430 \u043e\u043f\u0448\u0442\u0438\u043d\u0435 \u041f\u0440\u0435\u0448\u0435\u0432\u043e, \u0411\u0443\u0458\u0430\u043d\u043e\u0432\u0430\u0446 \u0438 \u041c\u0435\u0434\u0432\u0435\u0452a","description":"","publisher":{"@id":"https:\/\/kt.gov.rs\/#organization"},"alternateName":"\u041a\u043e\u043e\u0440\u0434\u0438\u043d\u0430\u0446\u0438\u043e\u043d\u043e \u0442\u0435\u043b\u043e","potentialAction":[{"@type":"SearchAction","target":{"@type":"EntryPoint","urlTemplate":"https:\/\/kt.gov.rs\/?s={search_term_string}"},"query-input":{"@type":"PropertyValueSpecification","valueRequired":true,"valueName":"search_term_string"}}],"inLanguage":"sq-AL"},{"@type":"Organization","@id":"https:\/\/kt.gov.rs\/#organization","name":"\u041a\u043e\u043e\u0440\u0434\u0438\u043d\u0430\u0446\u0438\u043e\u043d\u043e \u0442\u0435\u043b\u043e \u0412\u043b\u0430\u0434\u0435 \u0420\u0435\u043f\u0443\u0431\u043b\u0438\u043a\u0435 \u0421\u0440\u0431\u0438\u0458\u0435 \u0437\u0430 \u043e\u043f\u0448\u0442\u0438\u043d\u0435 \u041f\u0440\u0435\u0448\u0435\u0432\u043e, \u0411\u0443\u0458\u0430\u043d\u043e\u0432\u0430\u0446 \u0438 \u041c\u0435\u0434\u0432\u0435\u0452a","alternateName":"\u041a\u043e\u043e\u0440\u0434\u0438\u043d\u0430\u0446\u0438\u043e\u043d\u043e \u0442\u0435\u043b\u043e","url":"https:\/\/kt.gov.rs\/","logo":{"@type":"ImageObject","inLanguage":"sq-AL","@id":"https:\/\/kt.gov.rs\/#\/schema\/logo\/image\/","url":"https:\/\/kt.gov.rs\/wp-content\/uploads\/2024\/12\/koord2.jpg","contentUrl":"https:\/\/kt.gov.rs\/wp-content\/uploads\/2024\/12\/koord2.jpg","width":640,"height":480,"caption":"\u041a\u043e\u043e\u0440\u0434\u0438\u043d\u0430\u0446\u0438\u043e\u043d\u043e \u0442\u0435\u043b\u043e \u0412\u043b\u0430\u0434\u0435 \u0420\u0435\u043f\u0443\u0431\u043b\u0438\u043a\u0435 \u0421\u0440\u0431\u0438\u0458\u0435 \u0437\u0430 \u043e\u043f\u0448\u0442\u0438\u043d\u0435 \u041f\u0440\u0435\u0448\u0435\u0432\u043e, \u0411\u0443\u0458\u0430\u043d\u043e\u0432\u0430\u0446 \u0438 \u041c\u0435\u0434\u0432\u0435\u0452a"},"image":{"@id":"https:\/\/kt.gov.rs\/#\/schema\/logo\/image\/"},"sameAs":["https:\/\/www.facebook.com\/SluzbaKoordinacionogTelaVladeRepublikeSrbije","https:\/\/x.com\/kt_gov","https:\/\/www.youtube.com\/@koordinacionotelo"]},{"@type":"Person","@id":"https:\/\/kt.gov.rs\/#\/schema\/person\/e426459ddb4173309103390602694571","name":"ktmin","image":{"@type":"ImageObject","inLanguage":"sq-AL","@id":"https:\/\/secure.gravatar.com\/avatar\/3985c961109853010c3fbc7ba30365bfba5db3dd6c525831d9c595c7525a615a?s=96&d=mm&r=g","url":"https:\/\/secure.gravatar.com\/avatar\/3985c961109853010c3fbc7ba30365bfba5db3dd6c525831d9c595c7525a615a?s=96&d=mm&r=g","contentUrl":"https:\/\/secure.gravatar.com\/avatar\/3985c961109853010c3fbc7ba30365bfba5db3dd6c525831d9c595c7525a615a?s=96&d=mm&r=g","caption":"ktmin"},"sameAs":["https:\/\/kt.gov.rs"],"url":"https:\/\/kt.gov.rs\/sq\/author\/ktmin\/"}]}},"_links":{"self":[{"href":"https:\/\/kt.gov.rs\/sq\/wp-json\/wp\/v2\/posts\/139821","targetHints":{"allow":["GET"]}}],"collection":[{"href":"https:\/\/kt.gov.rs\/sq\/wp-json\/wp\/v2\/posts"}],"about":[{"href":"https:\/\/kt.gov.rs\/sq\/wp-json\/wp\/v2\/types\/post"}],"author":[{"embeddable":true,"href":"https:\/\/kt.gov.rs\/sq\/wp-json\/wp\/v2\/users\/1"}],"replies":[{"embeddable":true,"href":"https:\/\/kt.gov.rs\/sq\/wp-json\/wp\/v2\/comments?post=139821"}],"version-history":[{"count":1,"href":"https:\/\/kt.gov.rs\/sq\/wp-json\/wp\/v2\/posts\/139821\/revisions"}],"predecessor-version":[{"id":139825,"href":"https:\/\/kt.gov.rs\/sq\/wp-json\/wp\/v2\/posts\/139821\/revisions\/139825"}],"wp:featuredmedia":[{"embeddable":true,"href":"https:\/\/kt.gov.rs\/sq\/wp-json\/wp\/v2\/media\/139826"}],"wp:attachment":[{"href":"https:\/\/kt.gov.rs\/sq\/wp-json\/wp\/v2\/media?parent=139821"}],"wp:term":[{"taxonomy":"category","embeddable":true,"href":"https:\/\/kt.gov.rs\/sq\/wp-json\/wp\/v2\/categories?post=139821"},{"taxonomy":"post_tag","embeddable":true,"href":"https:\/\/kt.gov.rs\/sq\/wp-json\/wp\/v2\/tags?post=139821"}],"curies":[{"name":"wp","href":"https:\/\/api.w.org\/{rel}","templated":true}]}}