{"id":139797,"date":"2013-12-26T00:00:00","date_gmt":"2013-12-26T00:00:00","guid":{"rendered":"http:\/\/kt.printandscreen.rs\/projekti-i-sipermarreseve-per-nje-bashkpunim-me-te-mire-me-parlamentin\/"},"modified":"2024-07-30T20:13:48","modified_gmt":"2024-07-30T20:13:48","slug":"projekti-i-sipermarreseve-per-nje-bashkpunim-me-te-mire-me-parlamentin","status":"publish","type":"post","link":"https:\/\/kt.gov.rs\/sq\/projekti-i-sipermarreseve-per-nje-bashkpunim-me-te-mire-me-parlamentin\/","title":{"rendered":"PROJEKTI I SIP\u00cbRMARR\u00cbSEVE P\u00cbR NJ\u00cb BASHKPUNIM M\u00cb T\u00cb MIR\u00cb ME PARLAMENTIN"},"content":{"rendered":"<p>\n\t<strong><img decoding=\"async\" alt=\"\" src=\"https:\/\/kt.gov.rs\/wp-content\/uploads\/2024\/07\/newspic745-4.jpg\" style=\"width: 315px; height: 220px; float: left;\" \/>Beograd \u2013 <\/strong>Shoqata e grave t\u00eb pun\u00ebsuara t\u00eb Serbis\u00eb e ka filluar realizimin e projektit \u201eSip\u00ebrmarr\u00ebset \u00a0kontribuojn\u00eb n\u00eb zhvillimin e politikave ekonomike n\u00eb kontekstin e ri politik\u201c q\u00eb t\u00eb forcojn\u00eb bashkpunimin n\u00eb mes shoqatatave t\u00eb sip\u00ebrmarr\u00ebseve lokale dhe parlamentit, dhe n\u00eb k\u00ebt\u00eb m\u00ebnyr t\u00eb ndikoj n\u00eb formulimin e politikave sensitive gjinore.<\/p>\n<p>\n\tPrioritet i sip\u00ebrmarr\u00ebseve n\u00eb Serbi p\u00ebr t\u00eb cil\u00ebt \u00ebsht\u00eb e nevojshme q\u00eb t\u00eb ken p\u00ebrkrahjen e parlamentit do t\u00eb jen\u00eb t\u00eb prezentuara p\u00ebrmes pun\u00ebs s\u00eb bordeve n\u00eb parlament, thuhet n\u00eb deklarat\u00eb. Aktivitetet n\u00eb k\u00ebt\u00eb projekt do t\u00eb mbahen n\u00eb shtat\u00eb qytete, n\u00eb t\u00eb cil\u00ebt qytete p\u00ebrfshihet edhe Bujanoci.<\/p>\n<p>\n\tParlamenti i ka dh\u00ebn\u00eb p\u00ebrkrahje institucionale k\u00ebtij projekti t\u00eb cil\u00ebn e finanson Delegacioni i Unionit Evropian dhe Zyra p\u00ebr bashkupim me shoq\u00ebrit\u00eb civile. Projekti p\u00ebrfshin edhe mbajtjen e pes\u00eb puntorive p\u00ebr \u201cbuxhetimin gjinor\u201d, i cili do t\u00eb realizohet n\u00eb Beograd, Ba\u00e7k\u00eb t\u00eb Petrovcit, Subotic, Zaje\u00e7ar dhe n\u00eb Bujanoc, si dhe tryeza t\u00eb rrumbullak\u00ebta n\u00eb t\u00eb gjitha shtat\u00eb qytetet, n\u00eb t\u00eb cil\u00ebt do t\u00eb prezentohet Platforma.<\/p>\n<p>\n\t<strong>Burimi: Tanjug dhe Trupi Koordinues <\/strong><\/p>\n<p>\n\t\u00a0<\/p>\n","protected":false},"excerpt":{"rendered":"<p>Beograd \u2013 Shoqata e grave t\u00eb pun\u00ebsuara t\u00eb Serbis\u00eb e ka filluar realizimin e projektit \u201eSip\u00ebrmarr\u00ebset \u00a0kontribuojn\u00eb n\u00eb zhvillimin e politikave ekonomike n\u00eb kontekstin e ri politik\u201c q\u00eb t\u00eb forcojn\u00eb bashkpunimin n\u00eb mes shoqatatave t\u00eb sip\u00ebrmarr\u00ebseve lokale dhe parlamentit\u2026<\/p>\n","protected":false},"author":1,"featured_media":139802,"comment_status":"closed","ping_status":"closed","sticky":false,"template":"","format":"standard","meta":{"footnotes":""},"categories":[55],"tags":[],"class_list":["post-139797","post","type-post","status-publish","format-standard","has-post-thumbnail","hentry","category-lajme"],"yoast_head":"<!-- This site is optimized with the Yoast SEO plugin v27.5 - https:\/\/yoast.com\/product\/yoast-seo-wordpress\/ -->\n<title>PROJEKTI I SIP\u00cbRMARR\u00cbSEVE P\u00cbR NJ\u00cb BASHKPUNIM M\u00cb T\u00cb MIR\u00cb ME PARLAMENTIN - Republika e S\u00ebrbis\u00eb Trupi Koordinues p\u00ebr komunat Bujanoc, Preshev\u00eb dhe Medvegj\u00eb<\/title>\n<meta name=\"robots\" content=\"index, follow, max-snippet:-1, max-image-preview:large, max-video-preview:-1\" \/>\n<link rel=\"canonical\" href=\"https:\/\/kt.gov.rs\/sq\/projekti-i-sipermarreseve-per-nje-bashkpunim-me-te-mire-me-parlamentin\/\" \/>\n<meta property=\"og:locale\" content=\"sq_AL\" \/>\n<meta property=\"og:type\" content=\"article\" \/>\n<meta property=\"og:title\" content=\"PROJEKTI I SIP\u00cbRMARR\u00cbSEVE P\u00cbR NJ\u00cb BASHKPUNIM M\u00cb T\u00cb MIR\u00cb ME PARLAMENTIN - Republika e S\u00ebrbis\u00eb Trupi Koordinues p\u00ebr komunat Bujanoc, Preshev\u00eb dhe Medvegj\u00eb\" \/>\n<meta property=\"og:description\" content=\"Beograd \u2013 Shoqata e grave t\u00eb pun\u00ebsuara t\u00eb Serbis\u00eb e ka filluar realizimin e projektit \u201eSip\u00ebrmarr\u00ebset \u00a0kontribuojn\u00eb n\u00eb zhvillimin e politikave ekonomike n\u00eb kontekstin e ri politik\u201c q\u00eb t\u00eb forcojn\u00eb bashkpunimin n\u00eb mes shoqatatave t\u00eb sip\u00ebrmarr\u00ebseve lokale dhe parlamentit...\" \/>\n<meta property=\"og:url\" content=\"https:\/\/kt.gov.rs\/sq\/projekti-i-sipermarreseve-per-nje-bashkpunim-me-te-mire-me-parlamentin\/\" \/>\n<meta property=\"og:site_name\" content=\"Republika e S\u00ebrbis\u00eb Trupi Koordinues p\u00ebr komunat Bujanoc, Preshev\u00eb dhe Medvegj\u00eb\" \/>\n<meta property=\"article:publisher\" content=\"https:\/\/www.facebook.com\/SluzbaKoordinacionogTelaVladeRepublikeSrbije\" \/>\n<meta property=\"article:published_time\" content=\"2013-12-26T00:00:00+00:00\" \/>\n<meta property=\"article:modified_time\" content=\"2024-07-30T20:13:48+00:00\" \/>\n<meta property=\"og:image\" content=\"https:\/\/kt.gov.rs\/wp-content\/uploads\/2024\/07\/newspic745-5.jpg\" \/>\n\t<meta property=\"og:image:width\" content=\"315\" \/>\n\t<meta property=\"og:image:height\" content=\"220\" \/>\n\t<meta property=\"og:image:type\" content=\"image\/jpeg\" \/>\n<meta name=\"author\" content=\"ktmin\" \/>\n<meta name=\"twitter:card\" content=\"summary_large_image\" \/>\n<meta name=\"twitter:creator\" content=\"@kt_gov\" \/>\n<meta name=\"twitter:site\" content=\"@kt_gov\" \/>\n<meta name=\"twitter:label1\" content=\"Written by\" \/>\n\t<meta name=\"twitter:data1\" content=\"ktmin\" \/>\n\t<meta name=\"twitter:label2\" content=\"Est. reading time\" \/>\n\t<meta name=\"twitter:data2\" content=\"1 minute\" \/>\n<script type=\"application\/ld+json\" class=\"yoast-schema-graph\">{\"@context\":\"https:\\\/\\\/schema.org\",\"@graph\":[{\"@type\":\"Article\",\"@id\":\"https:\\\/\\\/kt.gov.rs\\\/sq\\\/projekti-i-sipermarreseve-per-nje-bashkpunim-me-te-mire-me-parlamentin\\\/#article\",\"isPartOf\":{\"@id\":\"https:\\\/\\\/kt.gov.rs\\\/sq\\\/projekti-i-sipermarreseve-per-nje-bashkpunim-me-te-mire-me-parlamentin\\\/\"},\"author\":{\"name\":\"ktmin\",\"@id\":\"https:\\\/\\\/kt.gov.rs\\\/#\\\/schema\\\/person\\\/e426459ddb4173309103390602694571\"},\"headline\":\"PROJEKTI I SIP\u00cbRMARR\u00cbSEVE P\u00cbR NJ\u00cb BASHKPUNIM M\u00cb T\u00cb MIR\u00cb ME PARLAMENTIN\",\"datePublished\":\"2013-12-26T00:00:00+00:00\",\"dateModified\":\"2024-07-30T20:13:48+00:00\",\"mainEntityOfPage\":{\"@id\":\"https:\\\/\\\/kt.gov.rs\\\/sq\\\/projekti-i-sipermarreseve-per-nje-bashkpunim-me-te-mire-me-parlamentin\\\/\"},\"wordCount\":298,\"publisher\":{\"@id\":\"https:\\\/\\\/kt.gov.rs\\\/#organization\"},\"image\":{\"@id\":\"https:\\\/\\\/kt.gov.rs\\\/sq\\\/projekti-i-sipermarreseve-per-nje-bashkpunim-me-te-mire-me-parlamentin\\\/#primaryimage\"},\"thumbnailUrl\":\"https:\\\/\\\/kt.gov.rs\\\/wp-content\\\/uploads\\\/2024\\\/07\\\/newspic745-5.jpg\",\"articleSection\":[\"Lajme\"],\"inLanguage\":\"sq-AL\"},{\"@type\":\"WebPage\",\"@id\":\"https:\\\/\\\/kt.gov.rs\\\/sq\\\/projekti-i-sipermarreseve-per-nje-bashkpunim-me-te-mire-me-parlamentin\\\/\",\"url\":\"https:\\\/\\\/kt.gov.rs\\\/sq\\\/projekti-i-sipermarreseve-per-nje-bashkpunim-me-te-mire-me-parlamentin\\\/\",\"name\":\"PROJEKTI I SIP\u00cbRMARR\u00cbSEVE P\u00cbR NJ\u00cb BASHKPUNIM M\u00cb T\u00cb MIR\u00cb ME PARLAMENTIN - Republika e S\u00ebrbis\u00eb Trupi Koordinues p\u00ebr komunat Bujanoc, Preshev\u00eb dhe Medvegj\u00eb\",\"isPartOf\":{\"@id\":\"https:\\\/\\\/kt.gov.rs\\\/#website\"},\"primaryImageOfPage\":{\"@id\":\"https:\\\/\\\/kt.gov.rs\\\/sq\\\/projekti-i-sipermarreseve-per-nje-bashkpunim-me-te-mire-me-parlamentin\\\/#primaryimage\"},\"image\":{\"@id\":\"https:\\\/\\\/kt.gov.rs\\\/sq\\\/projekti-i-sipermarreseve-per-nje-bashkpunim-me-te-mire-me-parlamentin\\\/#primaryimage\"},\"thumbnailUrl\":\"https:\\\/\\\/kt.gov.rs\\\/wp-content\\\/uploads\\\/2024\\\/07\\\/newspic745-5.jpg\",\"datePublished\":\"2013-12-26T00:00:00+00:00\",\"dateModified\":\"2024-07-30T20:13:48+00:00\",\"breadcrumb\":{\"@id\":\"https:\\\/\\\/kt.gov.rs\\\/sq\\\/projekti-i-sipermarreseve-per-nje-bashkpunim-me-te-mire-me-parlamentin\\\/#breadcrumb\"},\"inLanguage\":\"sq-AL\",\"potentialAction\":[{\"@type\":\"ReadAction\",\"target\":[\"https:\\\/\\\/kt.gov.rs\\\/sq\\\/projekti-i-sipermarreseve-per-nje-bashkpunim-me-te-mire-me-parlamentin\\\/\"]}]},{\"@type\":\"ImageObject\",\"inLanguage\":\"sq-AL\",\"@id\":\"https:\\\/\\\/kt.gov.rs\\\/sq\\\/projekti-i-sipermarreseve-per-nje-bashkpunim-me-te-mire-me-parlamentin\\\/#primaryimage\",\"url\":\"https:\\\/\\\/kt.gov.rs\\\/wp-content\\\/uploads\\\/2024\\\/07\\\/newspic745-5.jpg\",\"contentUrl\":\"https:\\\/\\\/kt.gov.rs\\\/wp-content\\\/uploads\\\/2024\\\/07\\\/newspic745-5.jpg\",\"width\":315,\"height\":220},{\"@type\":\"BreadcrumbList\",\"@id\":\"https:\\\/\\\/kt.gov.rs\\\/sq\\\/projekti-i-sipermarreseve-per-nje-bashkpunim-me-te-mire-me-parlamentin\\\/#breadcrumb\",\"itemListElement\":[{\"@type\":\"ListItem\",\"position\":1,\"name\":\"\u041f\u043e\u0447\u0435\u0442\u043d\u0430\",\"item\":\"https:\\\/\\\/kt.gov.rs\\\/sq\\\/\"},{\"@type\":\"ListItem\",\"position\":2,\"name\":\"PROJEKTI I SIP\u00cbRMARR\u00cbSEVE P\u00cbR NJ\u00cb BASHKPUNIM M\u00cb T\u00cb MIR\u00cb ME PARLAMENTIN\"}]},{\"@type\":\"WebSite\",\"@id\":\"https:\\\/\\\/kt.gov.rs\\\/#website\",\"url\":\"https:\\\/\\\/kt.gov.rs\\\/\",\"name\":\"\u041a\u043e\u043e\u0440\u0434\u0438\u043d\u0430\u0446\u0438\u043e\u043d\u043e \u0442\u0435\u043b\u043e \u0412\u043b\u0430\u0434\u0435 \u0420\u0435\u043f\u0443\u0431\u043b\u0438\u043a\u0435 \u0421\u0440\u0431\u0438\u0458\u0435 \u0437\u0430 \u043e\u043f\u0448\u0442\u0438\u043d\u0435 \u041f\u0440\u0435\u0448\u0435\u0432\u043e, \u0411\u0443\u0458\u0430\u043d\u043e\u0432\u0430\u0446 \u0438 \u041c\u0435\u0434\u0432\u0435\u0452a\",\"description\":\"\",\"publisher\":{\"@id\":\"https:\\\/\\\/kt.gov.rs\\\/#organization\"},\"alternateName\":\"\u041a\u043e\u043e\u0440\u0434\u0438\u043d\u0430\u0446\u0438\u043e\u043d\u043e \u0442\u0435\u043b\u043e\",\"potentialAction\":[{\"@type\":\"SearchAction\",\"target\":{\"@type\":\"EntryPoint\",\"urlTemplate\":\"https:\\\/\\\/kt.gov.rs\\\/?s={search_term_string}\"},\"query-input\":{\"@type\":\"PropertyValueSpecification\",\"valueRequired\":true,\"valueName\":\"search_term_string\"}}],\"inLanguage\":\"sq-AL\"},{\"@type\":\"Organization\",\"@id\":\"https:\\\/\\\/kt.gov.rs\\\/#organization\",\"name\":\"\u041a\u043e\u043e\u0440\u0434\u0438\u043d\u0430\u0446\u0438\u043e\u043d\u043e \u0442\u0435\u043b\u043e \u0412\u043b\u0430\u0434\u0435 \u0420\u0435\u043f\u0443\u0431\u043b\u0438\u043a\u0435 \u0421\u0440\u0431\u0438\u0458\u0435 \u0437\u0430 \u043e\u043f\u0448\u0442\u0438\u043d\u0435 \u041f\u0440\u0435\u0448\u0435\u0432\u043e, \u0411\u0443\u0458\u0430\u043d\u043e\u0432\u0430\u0446 \u0438 \u041c\u0435\u0434\u0432\u0435\u0452a\",\"alternateName\":\"\u041a\u043e\u043e\u0440\u0434\u0438\u043d\u0430\u0446\u0438\u043e\u043d\u043e \u0442\u0435\u043b\u043e\",\"url\":\"https:\\\/\\\/kt.gov.rs\\\/\",\"logo\":{\"@type\":\"ImageObject\",\"inLanguage\":\"sq-AL\",\"@id\":\"https:\\\/\\\/kt.gov.rs\\\/#\\\/schema\\\/logo\\\/image\\\/\",\"url\":\"https:\\\/\\\/kt.gov.rs\\\/wp-content\\\/uploads\\\/2024\\\/12\\\/koord2.jpg\",\"contentUrl\":\"https:\\\/\\\/kt.gov.rs\\\/wp-content\\\/uploads\\\/2024\\\/12\\\/koord2.jpg\",\"width\":640,\"height\":480,\"caption\":\"\u041a\u043e\u043e\u0440\u0434\u0438\u043d\u0430\u0446\u0438\u043e\u043d\u043e \u0442\u0435\u043b\u043e \u0412\u043b\u0430\u0434\u0435 \u0420\u0435\u043f\u0443\u0431\u043b\u0438\u043a\u0435 \u0421\u0440\u0431\u0438\u0458\u0435 \u0437\u0430 \u043e\u043f\u0448\u0442\u0438\u043d\u0435 \u041f\u0440\u0435\u0448\u0435\u0432\u043e, \u0411\u0443\u0458\u0430\u043d\u043e\u0432\u0430\u0446 \u0438 \u041c\u0435\u0434\u0432\u0435\u0452a\"},\"image\":{\"@id\":\"https:\\\/\\\/kt.gov.rs\\\/#\\\/schema\\\/logo\\\/image\\\/\"},\"sameAs\":[\"https:\\\/\\\/www.facebook.com\\\/SluzbaKoordinacionogTelaVladeRepublikeSrbije\",\"https:\\\/\\\/x.com\\\/kt_gov\",\"https:\\\/\\\/www.youtube.com\\\/@koordinacionotelo\"]},{\"@type\":\"Person\",\"@id\":\"https:\\\/\\\/kt.gov.rs\\\/#\\\/schema\\\/person\\\/e426459ddb4173309103390602694571\",\"name\":\"ktmin\",\"image\":{\"@type\":\"ImageObject\",\"inLanguage\":\"sq-AL\",\"@id\":\"https:\\\/\\\/secure.gravatar.com\\\/avatar\\\/3985c961109853010c3fbc7ba30365bfba5db3dd6c525831d9c595c7525a615a?s=96&d=mm&r=g\",\"url\":\"https:\\\/\\\/secure.gravatar.com\\\/avatar\\\/3985c961109853010c3fbc7ba30365bfba5db3dd6c525831d9c595c7525a615a?s=96&d=mm&r=g\",\"contentUrl\":\"https:\\\/\\\/secure.gravatar.com\\\/avatar\\\/3985c961109853010c3fbc7ba30365bfba5db3dd6c525831d9c595c7525a615a?s=96&d=mm&r=g\",\"caption\":\"ktmin\"},\"sameAs\":[\"https:\\\/\\\/kt.gov.rs\"],\"url\":\"https:\\\/\\\/kt.gov.rs\\\/sq\\\/author\\\/ktmin\\\/\"}]}<\/script>\n<!-- \/ Yoast SEO plugin. -->","yoast_head_json":{"title":"PROJEKTI I SIP\u00cbRMARR\u00cbSEVE P\u00cbR NJ\u00cb BASHKPUNIM M\u00cb T\u00cb MIR\u00cb ME PARLAMENTIN - Republika e S\u00ebrbis\u00eb Trupi Koordinues p\u00ebr komunat Bujanoc, Preshev\u00eb dhe Medvegj\u00eb","robots":{"index":"index","follow":"follow","max-snippet":"max-snippet:-1","max-image-preview":"max-image-preview:large","max-video-preview":"max-video-preview:-1"},"canonical":"https:\/\/kt.gov.rs\/sq\/projekti-i-sipermarreseve-per-nje-bashkpunim-me-te-mire-me-parlamentin\/","og_locale":"sq_AL","og_type":"article","og_title":"PROJEKTI I SIP\u00cbRMARR\u00cbSEVE P\u00cbR NJ\u00cb BASHKPUNIM M\u00cb T\u00cb MIR\u00cb ME PARLAMENTIN - Republika e S\u00ebrbis\u00eb Trupi Koordinues p\u00ebr komunat Bujanoc, Preshev\u00eb dhe Medvegj\u00eb","og_description":"Beograd \u2013 Shoqata e grave t\u00eb pun\u00ebsuara t\u00eb Serbis\u00eb e ka filluar realizimin e projektit \u201eSip\u00ebrmarr\u00ebset \u00a0kontribuojn\u00eb n\u00eb zhvillimin e politikave ekonomike n\u00eb kontekstin e ri politik\u201c q\u00eb t\u00eb forcojn\u00eb bashkpunimin n\u00eb mes shoqatatave t\u00eb sip\u00ebrmarr\u00ebseve lokale dhe parlamentit...","og_url":"https:\/\/kt.gov.rs\/sq\/projekti-i-sipermarreseve-per-nje-bashkpunim-me-te-mire-me-parlamentin\/","og_site_name":"Republika e S\u00ebrbis\u00eb Trupi Koordinues p\u00ebr komunat Bujanoc, Preshev\u00eb dhe Medvegj\u00eb","article_publisher":"https:\/\/www.facebook.com\/SluzbaKoordinacionogTelaVladeRepublikeSrbije","article_published_time":"2013-12-26T00:00:00+00:00","article_modified_time":"2024-07-30T20:13:48+00:00","og_image":[{"width":315,"height":220,"url":"https:\/\/kt.gov.rs\/wp-content\/uploads\/2024\/07\/newspic745-5.jpg","type":"image\/jpeg"}],"author":"ktmin","twitter_card":"summary_large_image","twitter_creator":"@kt_gov","twitter_site":"@kt_gov","twitter_misc":{"Written by":"ktmin","Est. reading time":"1 minute"},"schema":{"@context":"https:\/\/schema.org","@graph":[{"@type":"Article","@id":"https:\/\/kt.gov.rs\/sq\/projekti-i-sipermarreseve-per-nje-bashkpunim-me-te-mire-me-parlamentin\/#article","isPartOf":{"@id":"https:\/\/kt.gov.rs\/sq\/projekti-i-sipermarreseve-per-nje-bashkpunim-me-te-mire-me-parlamentin\/"},"author":{"name":"ktmin","@id":"https:\/\/kt.gov.rs\/#\/schema\/person\/e426459ddb4173309103390602694571"},"headline":"PROJEKTI I SIP\u00cbRMARR\u00cbSEVE P\u00cbR NJ\u00cb BASHKPUNIM M\u00cb T\u00cb MIR\u00cb ME PARLAMENTIN","datePublished":"2013-12-26T00:00:00+00:00","dateModified":"2024-07-30T20:13:48+00:00","mainEntityOfPage":{"@id":"https:\/\/kt.gov.rs\/sq\/projekti-i-sipermarreseve-per-nje-bashkpunim-me-te-mire-me-parlamentin\/"},"wordCount":298,"publisher":{"@id":"https:\/\/kt.gov.rs\/#organization"},"image":{"@id":"https:\/\/kt.gov.rs\/sq\/projekti-i-sipermarreseve-per-nje-bashkpunim-me-te-mire-me-parlamentin\/#primaryimage"},"thumbnailUrl":"https:\/\/kt.gov.rs\/wp-content\/uploads\/2024\/07\/newspic745-5.jpg","articleSection":["Lajme"],"inLanguage":"sq-AL"},{"@type":"WebPage","@id":"https:\/\/kt.gov.rs\/sq\/projekti-i-sipermarreseve-per-nje-bashkpunim-me-te-mire-me-parlamentin\/","url":"https:\/\/kt.gov.rs\/sq\/projekti-i-sipermarreseve-per-nje-bashkpunim-me-te-mire-me-parlamentin\/","name":"PROJEKTI I SIP\u00cbRMARR\u00cbSEVE P\u00cbR NJ\u00cb BASHKPUNIM M\u00cb T\u00cb MIR\u00cb ME PARLAMENTIN - Republika e S\u00ebrbis\u00eb Trupi Koordinues p\u00ebr komunat Bujanoc, Preshev\u00eb dhe Medvegj\u00eb","isPartOf":{"@id":"https:\/\/kt.gov.rs\/#website"},"primaryImageOfPage":{"@id":"https:\/\/kt.gov.rs\/sq\/projekti-i-sipermarreseve-per-nje-bashkpunim-me-te-mire-me-parlamentin\/#primaryimage"},"image":{"@id":"https:\/\/kt.gov.rs\/sq\/projekti-i-sipermarreseve-per-nje-bashkpunim-me-te-mire-me-parlamentin\/#primaryimage"},"thumbnailUrl":"https:\/\/kt.gov.rs\/wp-content\/uploads\/2024\/07\/newspic745-5.jpg","datePublished":"2013-12-26T00:00:00+00:00","dateModified":"2024-07-30T20:13:48+00:00","breadcrumb":{"@id":"https:\/\/kt.gov.rs\/sq\/projekti-i-sipermarreseve-per-nje-bashkpunim-me-te-mire-me-parlamentin\/#breadcrumb"},"inLanguage":"sq-AL","potentialAction":[{"@type":"ReadAction","target":["https:\/\/kt.gov.rs\/sq\/projekti-i-sipermarreseve-per-nje-bashkpunim-me-te-mire-me-parlamentin\/"]}]},{"@type":"ImageObject","inLanguage":"sq-AL","@id":"https:\/\/kt.gov.rs\/sq\/projekti-i-sipermarreseve-per-nje-bashkpunim-me-te-mire-me-parlamentin\/#primaryimage","url":"https:\/\/kt.gov.rs\/wp-content\/uploads\/2024\/07\/newspic745-5.jpg","contentUrl":"https:\/\/kt.gov.rs\/wp-content\/uploads\/2024\/07\/newspic745-5.jpg","width":315,"height":220},{"@type":"BreadcrumbList","@id":"https:\/\/kt.gov.rs\/sq\/projekti-i-sipermarreseve-per-nje-bashkpunim-me-te-mire-me-parlamentin\/#breadcrumb","itemListElement":[{"@type":"ListItem","position":1,"name":"\u041f\u043e\u0447\u0435\u0442\u043d\u0430","item":"https:\/\/kt.gov.rs\/sq\/"},{"@type":"ListItem","position":2,"name":"PROJEKTI I SIP\u00cbRMARR\u00cbSEVE P\u00cbR NJ\u00cb BASHKPUNIM M\u00cb T\u00cb MIR\u00cb ME PARLAMENTIN"}]},{"@type":"WebSite","@id":"https:\/\/kt.gov.rs\/#website","url":"https:\/\/kt.gov.rs\/","name":"\u041a\u043e\u043e\u0440\u0434\u0438\u043d\u0430\u0446\u0438\u043e\u043d\u043e \u0442\u0435\u043b\u043e \u0412\u043b\u0430\u0434\u0435 \u0420\u0435\u043f\u0443\u0431\u043b\u0438\u043a\u0435 \u0421\u0440\u0431\u0438\u0458\u0435 \u0437\u0430 \u043e\u043f\u0448\u0442\u0438\u043d\u0435 \u041f\u0440\u0435\u0448\u0435\u0432\u043e, \u0411\u0443\u0458\u0430\u043d\u043e\u0432\u0430\u0446 \u0438 \u041c\u0435\u0434\u0432\u0435\u0452a","description":"","publisher":{"@id":"https:\/\/kt.gov.rs\/#organization"},"alternateName":"\u041a\u043e\u043e\u0440\u0434\u0438\u043d\u0430\u0446\u0438\u043e\u043d\u043e \u0442\u0435\u043b\u043e","potentialAction":[{"@type":"SearchAction","target":{"@type":"EntryPoint","urlTemplate":"https:\/\/kt.gov.rs\/?s={search_term_string}"},"query-input":{"@type":"PropertyValueSpecification","valueRequired":true,"valueName":"search_term_string"}}],"inLanguage":"sq-AL"},{"@type":"Organization","@id":"https:\/\/kt.gov.rs\/#organization","name":"\u041a\u043e\u043e\u0440\u0434\u0438\u043d\u0430\u0446\u0438\u043e\u043d\u043e \u0442\u0435\u043b\u043e \u0412\u043b\u0430\u0434\u0435 \u0420\u0435\u043f\u0443\u0431\u043b\u0438\u043a\u0435 \u0421\u0440\u0431\u0438\u0458\u0435 \u0437\u0430 \u043e\u043f\u0448\u0442\u0438\u043d\u0435 \u041f\u0440\u0435\u0448\u0435\u0432\u043e, \u0411\u0443\u0458\u0430\u043d\u043e\u0432\u0430\u0446 \u0438 \u041c\u0435\u0434\u0432\u0435\u0452a","alternateName":"\u041a\u043e\u043e\u0440\u0434\u0438\u043d\u0430\u0446\u0438\u043e\u043d\u043e \u0442\u0435\u043b\u043e","url":"https:\/\/kt.gov.rs\/","logo":{"@type":"ImageObject","inLanguage":"sq-AL","@id":"https:\/\/kt.gov.rs\/#\/schema\/logo\/image\/","url":"https:\/\/kt.gov.rs\/wp-content\/uploads\/2024\/12\/koord2.jpg","contentUrl":"https:\/\/kt.gov.rs\/wp-content\/uploads\/2024\/12\/koord2.jpg","width":640,"height":480,"caption":"\u041a\u043e\u043e\u0440\u0434\u0438\u043d\u0430\u0446\u0438\u043e\u043d\u043e \u0442\u0435\u043b\u043e \u0412\u043b\u0430\u0434\u0435 \u0420\u0435\u043f\u0443\u0431\u043b\u0438\u043a\u0435 \u0421\u0440\u0431\u0438\u0458\u0435 \u0437\u0430 \u043e\u043f\u0448\u0442\u0438\u043d\u0435 \u041f\u0440\u0435\u0448\u0435\u0432\u043e, \u0411\u0443\u0458\u0430\u043d\u043e\u0432\u0430\u0446 \u0438 \u041c\u0435\u0434\u0432\u0435\u0452a"},"image":{"@id":"https:\/\/kt.gov.rs\/#\/schema\/logo\/image\/"},"sameAs":["https:\/\/www.facebook.com\/SluzbaKoordinacionogTelaVladeRepublikeSrbije","https:\/\/x.com\/kt_gov","https:\/\/www.youtube.com\/@koordinacionotelo"]},{"@type":"Person","@id":"https:\/\/kt.gov.rs\/#\/schema\/person\/e426459ddb4173309103390602694571","name":"ktmin","image":{"@type":"ImageObject","inLanguage":"sq-AL","@id":"https:\/\/secure.gravatar.com\/avatar\/3985c961109853010c3fbc7ba30365bfba5db3dd6c525831d9c595c7525a615a?s=96&d=mm&r=g","url":"https:\/\/secure.gravatar.com\/avatar\/3985c961109853010c3fbc7ba30365bfba5db3dd6c525831d9c595c7525a615a?s=96&d=mm&r=g","contentUrl":"https:\/\/secure.gravatar.com\/avatar\/3985c961109853010c3fbc7ba30365bfba5db3dd6c525831d9c595c7525a615a?s=96&d=mm&r=g","caption":"ktmin"},"sameAs":["https:\/\/kt.gov.rs"],"url":"https:\/\/kt.gov.rs\/sq\/author\/ktmin\/"}]}},"_links":{"self":[{"href":"https:\/\/kt.gov.rs\/sq\/wp-json\/wp\/v2\/posts\/139797","targetHints":{"allow":["GET"]}}],"collection":[{"href":"https:\/\/kt.gov.rs\/sq\/wp-json\/wp\/v2\/posts"}],"about":[{"href":"https:\/\/kt.gov.rs\/sq\/wp-json\/wp\/v2\/types\/post"}],"author":[{"embeddable":true,"href":"https:\/\/kt.gov.rs\/sq\/wp-json\/wp\/v2\/users\/1"}],"replies":[{"embeddable":true,"href":"https:\/\/kt.gov.rs\/sq\/wp-json\/wp\/v2\/comments?post=139797"}],"version-history":[{"count":1,"href":"https:\/\/kt.gov.rs\/sq\/wp-json\/wp\/v2\/posts\/139797\/revisions"}],"predecessor-version":[{"id":139801,"href":"https:\/\/kt.gov.rs\/sq\/wp-json\/wp\/v2\/posts\/139797\/revisions\/139801"}],"wp:featuredmedia":[{"embeddable":true,"href":"https:\/\/kt.gov.rs\/sq\/wp-json\/wp\/v2\/media\/139802"}],"wp:attachment":[{"href":"https:\/\/kt.gov.rs\/sq\/wp-json\/wp\/v2\/media?parent=139797"}],"wp:term":[{"taxonomy":"category","embeddable":true,"href":"https:\/\/kt.gov.rs\/sq\/wp-json\/wp\/v2\/categories?post=139797"},{"taxonomy":"post_tag","embeddable":true,"href":"https:\/\/kt.gov.rs\/sq\/wp-json\/wp\/v2\/tags?post=139797"}],"curies":[{"name":"wp","href":"https:\/\/api.w.org\/{rel}","templated":true}]}}