{"id":139789,"date":"2013-12-30T00:00:00","date_gmt":"2013-12-30T00:00:00","guid":{"rendered":"http:\/\/kt.printandscreen.rs\/letra-e-zoran-stankoviqit-drejtuar-qytetareve-te-komunave-presheve-bujanoc-dhe-medvegje-2013\/"},"modified":"2024-07-30T20:13:47","modified_gmt":"2024-07-30T20:13:47","slug":"letra-e-zoran-stankoviqit-drejtuar-qytetareve-te-komunave-presheve-bujanoc-dhe-medvegje-2013","status":"publish","type":"post","link":"https:\/\/kt.gov.rs\/sq\/letra-e-zoran-stankoviqit-drejtuar-qytetareve-te-komunave-presheve-bujanoc-dhe-medvegje-2013\/","title":{"rendered":"LETRA E ZORAN STANKOVIQIT DREJTUAR QYTETAR\u00cbVE T\u00cb KOMUNAVE PRESHEV\u00cb, BUJANOC DHE MEDVEGJ\u00cb (2013)"},"content":{"rendered":"<p>\n\t<img decoding=\"async\" alt=\"\" src=\"https:\/\/kt.gov.rs\/wp-content\/uploads\/2024\/07\/newspic746v-4.jpg\" style=\"width: 640px; height: 427px;\" \/><\/p>\n<p>\n\tT\u00eb nderuar,<\/p>\n<p>\n\tPas m\u00eb shum\u00eb se nj\u00eb viti q\u00eb kur jam em\u00ebruar si kryetar i Trupit Koordinues n\u00eb Qeverin\u00eb e Republik\u00ebs s\u00eb Serbis\u00eb p\u00ebr komunat Preshev\u00eb, Bujanoc dhe Medvegj\u00eb \u00ebsht\u00eb vazhduar dhe p\u00ebrparuar p\u00ebr zgjidhjen e problemeve m\u00eb t\u00eb r\u00ebnd\u00ebsishme jetsore t\u00eb qytetar\u00ebve n\u00eb k\u00ebto treva. N\u00eb k\u00ebt\u00eb periudh\u00eb kam provuar q\u00eb s\u00eb bashku me lider\u00ebt politik shqiptar t\u00eb gjejm\u00eb zgjidhjen e problemeve ekonomike, sociale, arsimore dhe t\u00eb gjitha problemeve tjera t\u00eb cil\u00ebt ata i kan\u00eb definuar si pengesa t\u00eb cilat do t\u00eb duhen t\u00eb zgjidhen n\u00eb m\u00ebnyr q\u00eb qytatar\u00ebt t\u00eb jetojn\u00eb m\u00eb mir\u00eb, p\u00ebr realizimin e t\u00eb cilave kontribut t\u00eb plot\u00eb ka dh\u00ebn\u00eb\u00a0 Qeveria e Republik\u00eb s\u00eb Serbis\u00eb n\u00ebp\u00ebrmjet Raportit shtat\u00eb pik\u00ebsh. N\u00eb Raport gjinden p\u00ebrfaq\u00ebsimi-integrimi n\u00eb institucionet shtet\u00ebrore, rim\u00ebk\u00ebmbja ekonomike, mbrojtja sh\u00ebndetsore dhe sociale, arsimi, kultura dhe mediat, p\u00ebrdorimi zyrtar i gjuh\u00ebs, shkrimit dhe simboleve komb\u00ebtare, decentralizimi n\u00eb sistemin gjyq\u00ebsor, siguris\u00eb dhe masat p\u00ebr krijimin e besimit. Realizimin e k\u00ebtij Raporti e kemi filluar me bisedimet e suksseshme dhe konstruktive me Ministrin\u00eb e Sh\u00ebndet\u00ebsis\u00eb dhe duke i vazhduar me Ministrin\u00eb e Drejt\u00ebsis\u00eb. Edhe pse ka pasur ngecje n\u00eb bisedime, pritjet e mija jan\u00eb se gj\u00ebrat do t\u00eb ndryshojn\u00eb n\u00eb k\u00ebt\u00eb vit t\u00eb ri\u00a0 dhe se s\u00eb bashku do t\u00eb gjejn\u00eb m\u00ebnyra p\u00ebr t\u00eb vazhduar p\u00ebr zgjidhjen e t\u00eb gjitha \u00e7\u00ebshtjeve<\/p>\n<p>\n\tN\u00eb t\u00eb nj\u00ebjt\u00ebn koh\u00eb, t\u00eb udh\u00ebhequr nga parimi se t\u00eb gjith\u00eb qytetar\u00ebt e k\u00ebtyre komunave jan\u00eb nj\u00ebsoj t\u00eb r\u00ebnd\u00ebsish\u00ebm, jemi n\u00eb kontakt t\u00eb vazhduesh\u00ebm me p\u00ebrfaq\u00ebsues t\u00eb jet\u00ebs politike serbe nga komunat Preshev\u00eb, Bujanoc dhe Medvegj\u00eb. Gjat\u00eb vitit t\u00eb kaluar kemi vizituar t\u00eb gjitha fshatrat n\u00eb k\u00ebto tri komuna me shumic\u00eb serbe dhe jemi p\u00ebrpjekur p\u00ebr t\u00eb zgjidhur problemet e tyre. Nd\u00ebr t\u00eb tjera, p\u00ebrve\u00e7 papun\u00ebsis\u00eb s\u00eb lart\u00eb, ne jemi p\u00ebrballur me problemin e hedhjes s\u00eb mbeturinave dhe ristrukturimit t\u00eb deponis\u00eb n\u00eb Rakovc\u00eb, nd\u00ebrsa gjat\u00eb p\u00ebrmbytjeve t\u00eb cil\u00ebt kan\u00eb ndodhur n\u00eb Preshev\u00eb dhe Bujanoc me daljen nga shtrati t\u00eb lumit Moravica, e cila fatkeq\u00ebsi natyrore m\u00eb s\u00eb shumti e goditi fshatin Levosoj\u00eb, Trupi Koordinues ka arritur q\u00eb t\u00eb siguroj 7 milion e 455 mij\u00eb dinar\u00eb nga buxheti i Qeveris\u00eb s\u00eb Serbis\u00eb dhe t\u00eb paguaj qytetar\u00ebve pages\u00ebn e plot\u00eb t\u00eb d\u00ebmit n\u00eb k\u00ebto dy komuna. \u00cbsht\u00eb shum\u00eb e r\u00ebnd\u00ebsishme q\u00eb jemi n\u00eb kontakt t\u00eb vazhduesh\u00ebm me p\u00ebrfaq\u00ebsuesit politik t\u00eb cil\u00ebt p\u00ebrfaq\u00ebsojn\u00eb interesat e partive parlamentare n\u00eb jet\u00ebn ton\u00eb politike dhe se k\u00ebta jan\u00eb t\u00eb njoftuar me t\u00eb gjitha q\u00ebllimet tona dhe se n\u00eb m\u00ebnyr\u00eb aktive marrin pjes\u00eb n\u00eb t\u00eb gjitha vendimet. Theksoj se Trupi Koordinues prej tyre ka mb\u00ebshtetje t\u00eb madhe, mir\u00ebpo edhe ne gjithmon\u00eb jemi t\u00eb hapur dhe t\u00eb gatsh\u00ebm p\u00ebr ti ndihmuar n\u00eb t\u00eb gjitha \u00e7\u00ebshtjet me t\u00eb cilat ata ballafaqohen.<\/p>\n<p>\n\tSi\u00e7 e dini, Sh\u00ebrbimi i Trupit Koordinues edhe gjat\u00eb vitit 2013 ka shpallur konkurs p\u00ebr ndarjen e mjeteve t\u00eb pa kthyeshme p\u00ebr nd\u00ebrmarrjet e vogla dhe t\u00eb mesme me nje shum\u00eb prej 60 milion dinar. Pas p\u00ebrfundimit t\u00eb konkursit 22 nd\u00ebrmarr\u00ebs kan\u00eb p\u00ebrfituar k\u00ebto mjete, edhe at\u00eb 10 nd\u00ebrmarr\u00ebs nga komuna e Bujanocit, 8 nga komuna\u00a0 e Preshev\u00ebs dhe 4 nga komuna e Medvegj\u00ebs. Gjithashtu edhe p\u00ebr vitin 2014 p\u00ebr t\u00eb njejtin q\u00ebllim jan\u00eb parapar\u00eb 60 milion dinar. Realizimi i k\u00ebtij projekti \u00ebsht\u00eb i nj\u00eb interesi t\u00eb ve\u00e7ant, dhe rezultati i k\u00ebtij projekti \u00ebsht\u00eb se do t\u00eb shtohet numri i t\u00eb pun\u00ebsuarve, dhe zhvillohen lidhjet m\u00eb efikase t\u00eb tregut n\u00eb mes nd\u00ebrmarrsve lokal atyre rajonal, nacional, dhe nd\u00ebrkomb\u00ebtar, me q\u00ebllim zhvillimin ekonomik.<\/p>\n<p>\n\tN\u00eb Universitetin e Novi Sadit studiojn 32 t\u00eb rinj\u00eb nga Bujanoci dhe Presheva t\u00eb cil\u00ebt marrin bursa nga Sh\u00ebrbimi i Trupit Koordinues p\u00ebr t\u00eb tretin vit radhazi, me nj\u00eb shum\u00eb prej 45 dinar\u00ebve n\u00eb muaj. Jan\u00eb siguarar edhe k\u00ebt\u00eb vit\u00eb p\u00ebr t\u00eb pest\u00ebn her\u00eb radh\u00eb jan\u00eb siguruar bursat p\u00ebr nx\u00ebn\u00ebsit e shkollave t\u00eb mesme, nga familjet me t\u00eb ardhura jo t\u00eb mira materiale. Burs\u00ebn e marrin 284 nx\u00ebn\u00ebs, dhe secili prej tyre merr\u00eb nga 6000 dinar\u00eb n\u00eb muaj deri n\u00eb qershor t\u00eb k\u00ebtij viti. \u00cbsht\u00eb vazhduar m\u00eb projektin \u201c Shkolla e gjuh\u00ebs s\u00ebrbe\u201d, n\u00eb Bujanoc dhe Preshev\u00eb. P\u00ebr nx\u00ebn\u00ebsit\u00a0 e shkollave fillore \u00e7do vit\u00eb m\u00eb 1 shtator ndajm\u00eb \u00e7anta dhe mjete shkollore. Deri m\u00eb tash i kemi g\u00ebzuar p\u00ebr 5 vite me radh\u00eb m\u00eb shum\u00eb se 5500 voglush. Sh\u00ebrbimi i Trupit Koordinues tri vite me radh\u00eb ka n\u00eb mendje projektet p\u00ebr zhvillimin e arsimimit t\u00eb lart\u00eb n\u00eb k\u00ebto tri komuna prandaj n\u00eb vitin 2009 n\u00eb Medvegj\u00eb jan\u00eb hapur paralelet\u00a0 e Fakultetit Ekonomik dhe Juridik t\u00eb Universitetit t\u00eb Nishit. P\u00ebr student\u00ebt shqiptar kemi siguruar p\u00ebrkthimin e librave p\u00ebr tri vitet e para, dhe \u00e7do vit\u00eb kemi ndar\u00eb bursa p\u00ebr ata t\u00eb cilat e kan\u00eb fituar kushtin p\u00ebr tu regjistruar n\u00eb vitin e ardhsh\u00ebm. Paralelja e ndar\u00eb e Fakultetit Ekonomik nga Subotica n\u00eb Bujanoc ka regjistruar k\u00ebt\u00eb vit\u00eb gjenerat\u00ebn e tret\u00eb t\u00eb student\u00ebve, dhe p\u00ebr student\u00ebt t\u00eb cil\u00ebt m\u00ebsimin e ndjekin n\u00eb gjuh\u00ebn shqipe i kemi sigurar p\u00ebrkthimin e teksteve.<\/p>\n<p>\n\tSh\u00ebrbimi i Trupit Koordinues s\u00eb bashku me K\u00ebshillin Nacional t\u00eb Shqipatr\u00ebve n\u00eb tri vitet e fundit ka kontribuar n\u00eb sigurimin e 88 tekstve n\u00eb gjuh\u00ebn shqipe p\u00ebr nx\u00ebn\u00ebsit e shkollave fillore. P\u00ebrve\u00e7 ofrimit t\u00eb ndihm\u00ebs n\u00eb sfer\u00ebn e arsimit, Trupi Koordinues ndan\u00eb edhe mjete financiare p\u00ebr pushtet lokale, dhe ndan\u00eb ndihma p\u00ebr familjet e rrezikuara.<\/p>\n<p>\n\tZhvillimi ekonomik i Preshev\u00ebs, Bujanocit dhe Medvedj\u00ebs, \u00ebsht\u00eb nj\u00ebri nga prioritet kryesore i Trupit Koordinues dhe Qeveris\u00eb s\u00eb Republik\u00ebs s\u00eb S\u00ebrbis. Si vazhdimsi e aktiviteteve n\u00eb nxitjen e zhvillimit ekonomik dhe t\u00ebrheqjes s\u00eb investitor\u00ebve, n\u00eb mujan prill\u00a0 t\u00eb vitit t\u00eb kaluar \u00ebsht\u00eb mbajtur p\u00ebrher\u00eb t\u00eb par\u00eb Panairi i potencialeve investive n\u00eb Beograd. Q\u00eb nga fillimi i vitit t\u00eb kaluar Trupi Koordinues \u00ebsht\u00eb marr\u00eb me rilindjen e fabrik\u00ebs \u201cGumoplasika\u201d e cila dikur ka qen\u00eb gjigant i zhvillimit ekonomik t\u00eb Bujanocit. Ndaj k\u00ebsaj fabrike n\u00eb vitin 1998 \u00ebsht\u00eb filluar procedura e falimentimit. Me p\u00ebrpjekje t\u00eb p\u00ebrbashk\u00ebta t\u00eb Qeveris\u00eb s\u00eb Republk\u00ebs s\u00eb S\u00ebrbis dhe Trupit Koordinues \u201c Gumoplastika\u201d pas 15 viteve ka dalur nga falimentimi. Hapi i ardhsh\u00ebm\u00a0 \u00ebsht\u00eb gjetja e investitor\u00ebve me q\u00ebllim t\u00eb rilindjes s\u00eb kapacitetit prodhues t\u00eb k\u00ebsaj fabrike.<\/p>\n<p>\n\tK\u00ebto jan\u00eb vet\u00ebm disa nga sukseset e p\u00ebrbashk\u00ebta t\u00eb cilat i kemi arritur n\u00eb vitin 2013. D\u00ebshiroj t\u00eb paralajmroj vazhdim\u00ebsin e politik\u00ebs s\u00eb Trupit Koordinues, n\u00eb sfer\u00ebn e rim\u00ebk\u00ebmbjes ekonomike dhe pun\u00ebsimit, si dhe arsimit dhe pun\u00ebs me t\u00eb rinj\u00ebt, pun\u00ebsimin dhe mb\u00ebshtetje n\u00eb zhvillimin e sektorit civil.<\/p>\n<p>\n\tI faleminderoj mediat t\u00eb cilat p\u00ebrcjellin secilin aktivitet q\u00eb ne kemi. Bashk\u00ebpunimin ton\u00eb shum\u00eb t\u00eb ngusht do ta vazhdojm edhe n\u00eb periudh\u00ebn e cila \u00ebsht\u00eb para nesh\u00eb.<\/p>\n<p>\n\tV\u00ebmendje t\u00eb ve\u00e7ant Trupi Koordinues do ti kushtoj n\u00eb rritjes dhe forcimit t\u00eb zhvillimit ekonomik t\u00eb komunave Preshev\u00eb, Bujanoc dhe Medvegj\u00eb.<\/p>\n<p>\n\tI ftoj t\u00eb gjith\u00eb qytetar\u00ebt, p\u00ebrfaqsuesit e administratave lokale, partive politike dhe\u00a0 organizatave tjera q\u00eb me ndihm\u00ebn e organeve shtet\u00ebrore, respektimin e plot\u00eb t\u00eb Kushtetut\u00ebs, ligjeve dhe konventave nd\u00ebrkomb\u00ebtare, duke respektuar t\u00eb drejtat por edhe detyrat e secilit, bashkarisht t\u00eb zgjidhim t\u00eb gjitha pyetjet q\u00eb kan\u00eb t\u00eb b\u00ebjn\u00eb me jet\u00ebn pun\u00ebn dhe p\u00ebrmirsimin e kualitetit jetsor\u00eb. Me shpres\u00eb q\u00eb n\u00ebp\u00ebrmjet pun\u00ebs s\u00eb p\u00ebrbashk\u00ebt do t\u00eb i mund\u00ebsojm njerzve n\u00eb Preshev\u00eb, Bujanoc dhe Medvegj\u00eb t\u00eb jetojn\u00eb nj\u00eb jet\u00eb m\u00eb t\u00eb mir\u00eb, m\u00eb t\u00eb lumtur dhe me m\u00eb shum\u00eb perspektiv, Ju d\u00ebshiroj fat\u00eb individual, familjar dhe profesional<\/p>\n<p>\n\tJu d\u00ebshiroj q\u00eb viti 2014 t\u00eb jet\u00eb vit i suksessh\u00ebm.<\/p>\n<p style=\"text-align: right;\">\n\tMe respekt<\/p>\n<p style=\"text-align: right;\">\n\tKryetari<\/p>\n<p style=\"text-align: right;\">\n\tProf dr Zoran Stankoviq<\/p>\n<p>\n\t\u00a0<\/p>\n","protected":false},"excerpt":{"rendered":"<p>T\u00eb nderuar,<\/p>\n<p>\tPas m\u00eb shum\u00eb se nj\u00eb viti q\u00eb kur jam em\u00ebruar si kryetar i Trupit Koordinues n\u00eb Qeverin\u00eb e Republik\u00ebs s\u00eb Serbis\u00eb p\u00ebr komunat Preshev\u00eb, Bujanoc dhe Medvegj\u00eb \u00ebsht\u00eb vazhduar dhe p\u00ebrparuar p\u00ebr zgjidhjen e problemeve m\u00eb t\u00eb r\u00ebnd\u00ebsishme jetsore t\u00eb qytetar\u00ebve n\u00eb k\u00ebto treva\u2026<\/p>\n","protected":false},"author":1,"featured_media":139794,"comment_status":"closed","ping_status":"closed","sticky":false,"template":"","format":"standard","meta":{"footnotes":""},"categories":[55],"tags":[],"class_list":["post-139789","post","type-post","status-publish","format-standard","has-post-thumbnail","hentry","category-lajme"],"yoast_head":"<!-- This site is optimized with the Yoast SEO plugin v27.5 - https:\/\/yoast.com\/product\/yoast-seo-wordpress\/ -->\n<title>LETRA E ZORAN STANKOVIQIT DREJTUAR QYTETAR\u00cbVE T\u00cb KOMUNAVE PRESHEV\u00cb, BUJANOC DHE MEDVEGJ\u00cb (2013) - Republika e S\u00ebrbis\u00eb Trupi Koordinues p\u00ebr komunat Bujanoc, Preshev\u00eb dhe Medvegj\u00eb<\/title>\n<meta name=\"robots\" content=\"index, follow, max-snippet:-1, max-image-preview:large, max-video-preview:-1\" \/>\n<link rel=\"canonical\" href=\"https:\/\/kt.gov.rs\/sq\/letra-e-zoran-stankoviqit-drejtuar-qytetareve-te-komunave-presheve-bujanoc-dhe-medvegje-2013\/\" \/>\n<meta property=\"og:locale\" content=\"sq_AL\" \/>\n<meta property=\"og:type\" content=\"article\" \/>\n<meta property=\"og:title\" content=\"LETRA E ZORAN STANKOVIQIT DREJTUAR QYTETAR\u00cbVE T\u00cb KOMUNAVE PRESHEV\u00cb, BUJANOC DHE MEDVEGJ\u00cb (2013) - Republika e S\u00ebrbis\u00eb Trupi Koordinues p\u00ebr komunat Bujanoc, Preshev\u00eb dhe Medvegj\u00eb\" \/>\n<meta property=\"og:description\" content=\"T\u00eb nderuar,  Pas m\u00eb shum\u00eb se nj\u00eb viti q\u00eb kur jam em\u00ebruar si kryetar i Trupit Koordinues n\u00eb Qeverin\u00eb e Republik\u00ebs s\u00eb Serbis\u00eb p\u00ebr komunat Preshev\u00eb, Bujanoc dhe Medvegj\u00eb \u00ebsht\u00eb vazhduar dhe p\u00ebrparuar p\u00ebr zgjidhjen e problemeve m\u00eb t\u00eb r\u00ebnd\u00ebsishme jetsore t\u00eb qytetar\u00ebve n\u00eb k\u00ebto treva...\" \/>\n<meta property=\"og:url\" content=\"https:\/\/kt.gov.rs\/sq\/letra-e-zoran-stankoviqit-drejtuar-qytetareve-te-komunave-presheve-bujanoc-dhe-medvegje-2013\/\" \/>\n<meta property=\"og:site_name\" content=\"Republika e S\u00ebrbis\u00eb Trupi Koordinues p\u00ebr komunat Bujanoc, Preshev\u00eb dhe Medvegj\u00eb\" \/>\n<meta property=\"article:publisher\" content=\"https:\/\/www.facebook.com\/SluzbaKoordinacionogTelaVladeRepublikeSrbije\" \/>\n<meta property=\"article:published_time\" content=\"2013-12-30T00:00:00+00:00\" \/>\n<meta property=\"article:modified_time\" content=\"2024-07-30T20:13:47+00:00\" \/>\n<meta property=\"og:image\" content=\"https:\/\/kt.gov.rs\/wp-content\/uploads\/2024\/07\/newspic746v-5.jpg\" \/>\n\t<meta property=\"og:image:width\" content=\"640\" \/>\n\t<meta property=\"og:image:height\" content=\"427\" \/>\n\t<meta property=\"og:image:type\" content=\"image\/jpeg\" \/>\n<meta name=\"author\" content=\"ktmin\" \/>\n<meta name=\"twitter:card\" content=\"summary_large_image\" \/>\n<meta name=\"twitter:creator\" content=\"@kt_gov\" \/>\n<meta name=\"twitter:site\" content=\"@kt_gov\" \/>\n<meta name=\"twitter:label1\" content=\"Written by\" \/>\n\t<meta name=\"twitter:data1\" content=\"ktmin\" \/>\n\t<meta name=\"twitter:label2\" content=\"Est. reading time\" \/>\n\t<meta name=\"twitter:data2\" content=\"10 minutes\" \/>\n<script type=\"application\/ld+json\" class=\"yoast-schema-graph\">{\"@context\":\"https:\\\/\\\/schema.org\",\"@graph\":[{\"@type\":\"Article\",\"@id\":\"https:\\\/\\\/kt.gov.rs\\\/sq\\\/letra-e-zoran-stankoviqit-drejtuar-qytetareve-te-komunave-presheve-bujanoc-dhe-medvegje-2013\\\/#article\",\"isPartOf\":{\"@id\":\"https:\\\/\\\/kt.gov.rs\\\/sq\\\/letra-e-zoran-stankoviqit-drejtuar-qytetareve-te-komunave-presheve-bujanoc-dhe-medvegje-2013\\\/\"},\"author\":{\"name\":\"ktmin\",\"@id\":\"https:\\\/\\\/kt.gov.rs\\\/#\\\/schema\\\/person\\\/e426459ddb4173309103390602694571\"},\"headline\":\"LETRA E ZORAN STANKOVIQIT DREJTUAR QYTETAR\u00cbVE T\u00cb KOMUNAVE PRESHEV\u00cb, BUJANOC DHE MEDVEGJ\u00cb (2013)\",\"datePublished\":\"2013-12-30T00:00:00+00:00\",\"dateModified\":\"2024-07-30T20:13:47+00:00\",\"mainEntityOfPage\":{\"@id\":\"https:\\\/\\\/kt.gov.rs\\\/sq\\\/letra-e-zoran-stankoviqit-drejtuar-qytetareve-te-komunave-presheve-bujanoc-dhe-medvegje-2013\\\/\"},\"wordCount\":1955,\"publisher\":{\"@id\":\"https:\\\/\\\/kt.gov.rs\\\/#organization\"},\"image\":{\"@id\":\"https:\\\/\\\/kt.gov.rs\\\/sq\\\/letra-e-zoran-stankoviqit-drejtuar-qytetareve-te-komunave-presheve-bujanoc-dhe-medvegje-2013\\\/#primaryimage\"},\"thumbnailUrl\":\"https:\\\/\\\/kt.gov.rs\\\/wp-content\\\/uploads\\\/2024\\\/07\\\/newspic746v-5.jpg\",\"articleSection\":[\"Lajme\"],\"inLanguage\":\"sq-AL\"},{\"@type\":\"WebPage\",\"@id\":\"https:\\\/\\\/kt.gov.rs\\\/sq\\\/letra-e-zoran-stankoviqit-drejtuar-qytetareve-te-komunave-presheve-bujanoc-dhe-medvegje-2013\\\/\",\"url\":\"https:\\\/\\\/kt.gov.rs\\\/sq\\\/letra-e-zoran-stankoviqit-drejtuar-qytetareve-te-komunave-presheve-bujanoc-dhe-medvegje-2013\\\/\",\"name\":\"LETRA E ZORAN STANKOVIQIT DREJTUAR QYTETAR\u00cbVE T\u00cb KOMUNAVE PRESHEV\u00cb, BUJANOC DHE MEDVEGJ\u00cb (2013) - Republika e S\u00ebrbis\u00eb Trupi Koordinues p\u00ebr komunat Bujanoc, Preshev\u00eb dhe Medvegj\u00eb\",\"isPartOf\":{\"@id\":\"https:\\\/\\\/kt.gov.rs\\\/#website\"},\"primaryImageOfPage\":{\"@id\":\"https:\\\/\\\/kt.gov.rs\\\/sq\\\/letra-e-zoran-stankoviqit-drejtuar-qytetareve-te-komunave-presheve-bujanoc-dhe-medvegje-2013\\\/#primaryimage\"},\"image\":{\"@id\":\"https:\\\/\\\/kt.gov.rs\\\/sq\\\/letra-e-zoran-stankoviqit-drejtuar-qytetareve-te-komunave-presheve-bujanoc-dhe-medvegje-2013\\\/#primaryimage\"},\"thumbnailUrl\":\"https:\\\/\\\/kt.gov.rs\\\/wp-content\\\/uploads\\\/2024\\\/07\\\/newspic746v-5.jpg\",\"datePublished\":\"2013-12-30T00:00:00+00:00\",\"dateModified\":\"2024-07-30T20:13:47+00:00\",\"breadcrumb\":{\"@id\":\"https:\\\/\\\/kt.gov.rs\\\/sq\\\/letra-e-zoran-stankoviqit-drejtuar-qytetareve-te-komunave-presheve-bujanoc-dhe-medvegje-2013\\\/#breadcrumb\"},\"inLanguage\":\"sq-AL\",\"potentialAction\":[{\"@type\":\"ReadAction\",\"target\":[\"https:\\\/\\\/kt.gov.rs\\\/sq\\\/letra-e-zoran-stankoviqit-drejtuar-qytetareve-te-komunave-presheve-bujanoc-dhe-medvegje-2013\\\/\"]}]},{\"@type\":\"ImageObject\",\"inLanguage\":\"sq-AL\",\"@id\":\"https:\\\/\\\/kt.gov.rs\\\/sq\\\/letra-e-zoran-stankoviqit-drejtuar-qytetareve-te-komunave-presheve-bujanoc-dhe-medvegje-2013\\\/#primaryimage\",\"url\":\"https:\\\/\\\/kt.gov.rs\\\/wp-content\\\/uploads\\\/2024\\\/07\\\/newspic746v-5.jpg\",\"contentUrl\":\"https:\\\/\\\/kt.gov.rs\\\/wp-content\\\/uploads\\\/2024\\\/07\\\/newspic746v-5.jpg\",\"width\":640,\"height\":427},{\"@type\":\"BreadcrumbList\",\"@id\":\"https:\\\/\\\/kt.gov.rs\\\/sq\\\/letra-e-zoran-stankoviqit-drejtuar-qytetareve-te-komunave-presheve-bujanoc-dhe-medvegje-2013\\\/#breadcrumb\",\"itemListElement\":[{\"@type\":\"ListItem\",\"position\":1,\"name\":\"\u041f\u043e\u0447\u0435\u0442\u043d\u0430\",\"item\":\"https:\\\/\\\/kt.gov.rs\\\/sq\\\/\"},{\"@type\":\"ListItem\",\"position\":2,\"name\":\"LETRA E ZORAN STANKOVIQIT DREJTUAR QYTETAR\u00cbVE T\u00cb KOMUNAVE PRESHEV\u00cb, BUJANOC DHE MEDVEGJ\u00cb (2013)\"}]},{\"@type\":\"WebSite\",\"@id\":\"https:\\\/\\\/kt.gov.rs\\\/#website\",\"url\":\"https:\\\/\\\/kt.gov.rs\\\/\",\"name\":\"\u041a\u043e\u043e\u0440\u0434\u0438\u043d\u0430\u0446\u0438\u043e\u043d\u043e \u0442\u0435\u043b\u043e \u0412\u043b\u0430\u0434\u0435 \u0420\u0435\u043f\u0443\u0431\u043b\u0438\u043a\u0435 \u0421\u0440\u0431\u0438\u0458\u0435 \u0437\u0430 \u043e\u043f\u0448\u0442\u0438\u043d\u0435 \u041f\u0440\u0435\u0448\u0435\u0432\u043e, \u0411\u0443\u0458\u0430\u043d\u043e\u0432\u0430\u0446 \u0438 \u041c\u0435\u0434\u0432\u0435\u0452a\",\"description\":\"\",\"publisher\":{\"@id\":\"https:\\\/\\\/kt.gov.rs\\\/#organization\"},\"alternateName\":\"\u041a\u043e\u043e\u0440\u0434\u0438\u043d\u0430\u0446\u0438\u043e\u043d\u043e \u0442\u0435\u043b\u043e\",\"potentialAction\":[{\"@type\":\"SearchAction\",\"target\":{\"@type\":\"EntryPoint\",\"urlTemplate\":\"https:\\\/\\\/kt.gov.rs\\\/?s={search_term_string}\"},\"query-input\":{\"@type\":\"PropertyValueSpecification\",\"valueRequired\":true,\"valueName\":\"search_term_string\"}}],\"inLanguage\":\"sq-AL\"},{\"@type\":\"Organization\",\"@id\":\"https:\\\/\\\/kt.gov.rs\\\/#organization\",\"name\":\"\u041a\u043e\u043e\u0440\u0434\u0438\u043d\u0430\u0446\u0438\u043e\u043d\u043e \u0442\u0435\u043b\u043e \u0412\u043b\u0430\u0434\u0435 \u0420\u0435\u043f\u0443\u0431\u043b\u0438\u043a\u0435 \u0421\u0440\u0431\u0438\u0458\u0435 \u0437\u0430 \u043e\u043f\u0448\u0442\u0438\u043d\u0435 \u041f\u0440\u0435\u0448\u0435\u0432\u043e, \u0411\u0443\u0458\u0430\u043d\u043e\u0432\u0430\u0446 \u0438 \u041c\u0435\u0434\u0432\u0435\u0452a\",\"alternateName\":\"\u041a\u043e\u043e\u0440\u0434\u0438\u043d\u0430\u0446\u0438\u043e\u043d\u043e \u0442\u0435\u043b\u043e\",\"url\":\"https:\\\/\\\/kt.gov.rs\\\/\",\"logo\":{\"@type\":\"ImageObject\",\"inLanguage\":\"sq-AL\",\"@id\":\"https:\\\/\\\/kt.gov.rs\\\/#\\\/schema\\\/logo\\\/image\\\/\",\"url\":\"https:\\\/\\\/kt.gov.rs\\\/wp-content\\\/uploads\\\/2024\\\/12\\\/koord2.jpg\",\"contentUrl\":\"https:\\\/\\\/kt.gov.rs\\\/wp-content\\\/uploads\\\/2024\\\/12\\\/koord2.jpg\",\"width\":640,\"height\":480,\"caption\":\"\u041a\u043e\u043e\u0440\u0434\u0438\u043d\u0430\u0446\u0438\u043e\u043d\u043e \u0442\u0435\u043b\u043e \u0412\u043b\u0430\u0434\u0435 \u0420\u0435\u043f\u0443\u0431\u043b\u0438\u043a\u0435 \u0421\u0440\u0431\u0438\u0458\u0435 \u0437\u0430 \u043e\u043f\u0448\u0442\u0438\u043d\u0435 \u041f\u0440\u0435\u0448\u0435\u0432\u043e, \u0411\u0443\u0458\u0430\u043d\u043e\u0432\u0430\u0446 \u0438 \u041c\u0435\u0434\u0432\u0435\u0452a\"},\"image\":{\"@id\":\"https:\\\/\\\/kt.gov.rs\\\/#\\\/schema\\\/logo\\\/image\\\/\"},\"sameAs\":[\"https:\\\/\\\/www.facebook.com\\\/SluzbaKoordinacionogTelaVladeRepublikeSrbije\",\"https:\\\/\\\/x.com\\\/kt_gov\",\"https:\\\/\\\/www.youtube.com\\\/@koordinacionotelo\"]},{\"@type\":\"Person\",\"@id\":\"https:\\\/\\\/kt.gov.rs\\\/#\\\/schema\\\/person\\\/e426459ddb4173309103390602694571\",\"name\":\"ktmin\",\"image\":{\"@type\":\"ImageObject\",\"inLanguage\":\"sq-AL\",\"@id\":\"https:\\\/\\\/secure.gravatar.com\\\/avatar\\\/3985c961109853010c3fbc7ba30365bfba5db3dd6c525831d9c595c7525a615a?s=96&d=mm&r=g\",\"url\":\"https:\\\/\\\/secure.gravatar.com\\\/avatar\\\/3985c961109853010c3fbc7ba30365bfba5db3dd6c525831d9c595c7525a615a?s=96&d=mm&r=g\",\"contentUrl\":\"https:\\\/\\\/secure.gravatar.com\\\/avatar\\\/3985c961109853010c3fbc7ba30365bfba5db3dd6c525831d9c595c7525a615a?s=96&d=mm&r=g\",\"caption\":\"ktmin\"},\"sameAs\":[\"https:\\\/\\\/kt.gov.rs\"],\"url\":\"https:\\\/\\\/kt.gov.rs\\\/sq\\\/author\\\/ktmin\\\/\"}]}<\/script>\n<!-- \/ Yoast SEO plugin. -->","yoast_head_json":{"title":"LETRA E ZORAN STANKOVIQIT DREJTUAR QYTETAR\u00cbVE T\u00cb KOMUNAVE PRESHEV\u00cb, BUJANOC DHE MEDVEGJ\u00cb (2013) - Republika e S\u00ebrbis\u00eb Trupi Koordinues p\u00ebr komunat Bujanoc, Preshev\u00eb dhe Medvegj\u00eb","robots":{"index":"index","follow":"follow","max-snippet":"max-snippet:-1","max-image-preview":"max-image-preview:large","max-video-preview":"max-video-preview:-1"},"canonical":"https:\/\/kt.gov.rs\/sq\/letra-e-zoran-stankoviqit-drejtuar-qytetareve-te-komunave-presheve-bujanoc-dhe-medvegje-2013\/","og_locale":"sq_AL","og_type":"article","og_title":"LETRA E ZORAN STANKOVIQIT DREJTUAR QYTETAR\u00cbVE T\u00cb KOMUNAVE PRESHEV\u00cb, BUJANOC DHE MEDVEGJ\u00cb (2013) - Republika e S\u00ebrbis\u00eb Trupi Koordinues p\u00ebr komunat Bujanoc, Preshev\u00eb dhe Medvegj\u00eb","og_description":"T\u00eb nderuar,  Pas m\u00eb shum\u00eb se nj\u00eb viti q\u00eb kur jam em\u00ebruar si kryetar i Trupit Koordinues n\u00eb Qeverin\u00eb e Republik\u00ebs s\u00eb Serbis\u00eb p\u00ebr komunat Preshev\u00eb, Bujanoc dhe Medvegj\u00eb \u00ebsht\u00eb vazhduar dhe p\u00ebrparuar p\u00ebr zgjidhjen e problemeve m\u00eb t\u00eb r\u00ebnd\u00ebsishme jetsore t\u00eb qytetar\u00ebve n\u00eb k\u00ebto treva...","og_url":"https:\/\/kt.gov.rs\/sq\/letra-e-zoran-stankoviqit-drejtuar-qytetareve-te-komunave-presheve-bujanoc-dhe-medvegje-2013\/","og_site_name":"Republika e S\u00ebrbis\u00eb Trupi Koordinues p\u00ebr komunat Bujanoc, Preshev\u00eb dhe Medvegj\u00eb","article_publisher":"https:\/\/www.facebook.com\/SluzbaKoordinacionogTelaVladeRepublikeSrbije","article_published_time":"2013-12-30T00:00:00+00:00","article_modified_time":"2024-07-30T20:13:47+00:00","og_image":[{"width":640,"height":427,"url":"https:\/\/kt.gov.rs\/wp-content\/uploads\/2024\/07\/newspic746v-5.jpg","type":"image\/jpeg"}],"author":"ktmin","twitter_card":"summary_large_image","twitter_creator":"@kt_gov","twitter_site":"@kt_gov","twitter_misc":{"Written by":"ktmin","Est. reading time":"10 minutes"},"schema":{"@context":"https:\/\/schema.org","@graph":[{"@type":"Article","@id":"https:\/\/kt.gov.rs\/sq\/letra-e-zoran-stankoviqit-drejtuar-qytetareve-te-komunave-presheve-bujanoc-dhe-medvegje-2013\/#article","isPartOf":{"@id":"https:\/\/kt.gov.rs\/sq\/letra-e-zoran-stankoviqit-drejtuar-qytetareve-te-komunave-presheve-bujanoc-dhe-medvegje-2013\/"},"author":{"name":"ktmin","@id":"https:\/\/kt.gov.rs\/#\/schema\/person\/e426459ddb4173309103390602694571"},"headline":"LETRA E ZORAN STANKOVIQIT DREJTUAR QYTETAR\u00cbVE T\u00cb KOMUNAVE PRESHEV\u00cb, BUJANOC DHE MEDVEGJ\u00cb (2013)","datePublished":"2013-12-30T00:00:00+00:00","dateModified":"2024-07-30T20:13:47+00:00","mainEntityOfPage":{"@id":"https:\/\/kt.gov.rs\/sq\/letra-e-zoran-stankoviqit-drejtuar-qytetareve-te-komunave-presheve-bujanoc-dhe-medvegje-2013\/"},"wordCount":1955,"publisher":{"@id":"https:\/\/kt.gov.rs\/#organization"},"image":{"@id":"https:\/\/kt.gov.rs\/sq\/letra-e-zoran-stankoviqit-drejtuar-qytetareve-te-komunave-presheve-bujanoc-dhe-medvegje-2013\/#primaryimage"},"thumbnailUrl":"https:\/\/kt.gov.rs\/wp-content\/uploads\/2024\/07\/newspic746v-5.jpg","articleSection":["Lajme"],"inLanguage":"sq-AL"},{"@type":"WebPage","@id":"https:\/\/kt.gov.rs\/sq\/letra-e-zoran-stankoviqit-drejtuar-qytetareve-te-komunave-presheve-bujanoc-dhe-medvegje-2013\/","url":"https:\/\/kt.gov.rs\/sq\/letra-e-zoran-stankoviqit-drejtuar-qytetareve-te-komunave-presheve-bujanoc-dhe-medvegje-2013\/","name":"LETRA E ZORAN STANKOVIQIT DREJTUAR QYTETAR\u00cbVE T\u00cb KOMUNAVE PRESHEV\u00cb, BUJANOC DHE MEDVEGJ\u00cb (2013) - Republika e S\u00ebrbis\u00eb Trupi Koordinues p\u00ebr komunat Bujanoc, Preshev\u00eb dhe Medvegj\u00eb","isPartOf":{"@id":"https:\/\/kt.gov.rs\/#website"},"primaryImageOfPage":{"@id":"https:\/\/kt.gov.rs\/sq\/letra-e-zoran-stankoviqit-drejtuar-qytetareve-te-komunave-presheve-bujanoc-dhe-medvegje-2013\/#primaryimage"},"image":{"@id":"https:\/\/kt.gov.rs\/sq\/letra-e-zoran-stankoviqit-drejtuar-qytetareve-te-komunave-presheve-bujanoc-dhe-medvegje-2013\/#primaryimage"},"thumbnailUrl":"https:\/\/kt.gov.rs\/wp-content\/uploads\/2024\/07\/newspic746v-5.jpg","datePublished":"2013-12-30T00:00:00+00:00","dateModified":"2024-07-30T20:13:47+00:00","breadcrumb":{"@id":"https:\/\/kt.gov.rs\/sq\/letra-e-zoran-stankoviqit-drejtuar-qytetareve-te-komunave-presheve-bujanoc-dhe-medvegje-2013\/#breadcrumb"},"inLanguage":"sq-AL","potentialAction":[{"@type":"ReadAction","target":["https:\/\/kt.gov.rs\/sq\/letra-e-zoran-stankoviqit-drejtuar-qytetareve-te-komunave-presheve-bujanoc-dhe-medvegje-2013\/"]}]},{"@type":"ImageObject","inLanguage":"sq-AL","@id":"https:\/\/kt.gov.rs\/sq\/letra-e-zoran-stankoviqit-drejtuar-qytetareve-te-komunave-presheve-bujanoc-dhe-medvegje-2013\/#primaryimage","url":"https:\/\/kt.gov.rs\/wp-content\/uploads\/2024\/07\/newspic746v-5.jpg","contentUrl":"https:\/\/kt.gov.rs\/wp-content\/uploads\/2024\/07\/newspic746v-5.jpg","width":640,"height":427},{"@type":"BreadcrumbList","@id":"https:\/\/kt.gov.rs\/sq\/letra-e-zoran-stankoviqit-drejtuar-qytetareve-te-komunave-presheve-bujanoc-dhe-medvegje-2013\/#breadcrumb","itemListElement":[{"@type":"ListItem","position":1,"name":"\u041f\u043e\u0447\u0435\u0442\u043d\u0430","item":"https:\/\/kt.gov.rs\/sq\/"},{"@type":"ListItem","position":2,"name":"LETRA E ZORAN STANKOVIQIT DREJTUAR QYTETAR\u00cbVE T\u00cb KOMUNAVE PRESHEV\u00cb, BUJANOC DHE MEDVEGJ\u00cb (2013)"}]},{"@type":"WebSite","@id":"https:\/\/kt.gov.rs\/#website","url":"https:\/\/kt.gov.rs\/","name":"\u041a\u043e\u043e\u0440\u0434\u0438\u043d\u0430\u0446\u0438\u043e\u043d\u043e \u0442\u0435\u043b\u043e \u0412\u043b\u0430\u0434\u0435 \u0420\u0435\u043f\u0443\u0431\u043b\u0438\u043a\u0435 \u0421\u0440\u0431\u0438\u0458\u0435 \u0437\u0430 \u043e\u043f\u0448\u0442\u0438\u043d\u0435 \u041f\u0440\u0435\u0448\u0435\u0432\u043e, \u0411\u0443\u0458\u0430\u043d\u043e\u0432\u0430\u0446 \u0438 \u041c\u0435\u0434\u0432\u0435\u0452a","description":"","publisher":{"@id":"https:\/\/kt.gov.rs\/#organization"},"alternateName":"\u041a\u043e\u043e\u0440\u0434\u0438\u043d\u0430\u0446\u0438\u043e\u043d\u043e \u0442\u0435\u043b\u043e","potentialAction":[{"@type":"SearchAction","target":{"@type":"EntryPoint","urlTemplate":"https:\/\/kt.gov.rs\/?s={search_term_string}"},"query-input":{"@type":"PropertyValueSpecification","valueRequired":true,"valueName":"search_term_string"}}],"inLanguage":"sq-AL"},{"@type":"Organization","@id":"https:\/\/kt.gov.rs\/#organization","name":"\u041a\u043e\u043e\u0440\u0434\u0438\u043d\u0430\u0446\u0438\u043e\u043d\u043e \u0442\u0435\u043b\u043e \u0412\u043b\u0430\u0434\u0435 \u0420\u0435\u043f\u0443\u0431\u043b\u0438\u043a\u0435 \u0421\u0440\u0431\u0438\u0458\u0435 \u0437\u0430 \u043e\u043f\u0448\u0442\u0438\u043d\u0435 \u041f\u0440\u0435\u0448\u0435\u0432\u043e, \u0411\u0443\u0458\u0430\u043d\u043e\u0432\u0430\u0446 \u0438 \u041c\u0435\u0434\u0432\u0435\u0452a","alternateName":"\u041a\u043e\u043e\u0440\u0434\u0438\u043d\u0430\u0446\u0438\u043e\u043d\u043e \u0442\u0435\u043b\u043e","url":"https:\/\/kt.gov.rs\/","logo":{"@type":"ImageObject","inLanguage":"sq-AL","@id":"https:\/\/kt.gov.rs\/#\/schema\/logo\/image\/","url":"https:\/\/kt.gov.rs\/wp-content\/uploads\/2024\/12\/koord2.jpg","contentUrl":"https:\/\/kt.gov.rs\/wp-content\/uploads\/2024\/12\/koord2.jpg","width":640,"height":480,"caption":"\u041a\u043e\u043e\u0440\u0434\u0438\u043d\u0430\u0446\u0438\u043e\u043d\u043e \u0442\u0435\u043b\u043e \u0412\u043b\u0430\u0434\u0435 \u0420\u0435\u043f\u0443\u0431\u043b\u0438\u043a\u0435 \u0421\u0440\u0431\u0438\u0458\u0435 \u0437\u0430 \u043e\u043f\u0448\u0442\u0438\u043d\u0435 \u041f\u0440\u0435\u0448\u0435\u0432\u043e, \u0411\u0443\u0458\u0430\u043d\u043e\u0432\u0430\u0446 \u0438 \u041c\u0435\u0434\u0432\u0435\u0452a"},"image":{"@id":"https:\/\/kt.gov.rs\/#\/schema\/logo\/image\/"},"sameAs":["https:\/\/www.facebook.com\/SluzbaKoordinacionogTelaVladeRepublikeSrbije","https:\/\/x.com\/kt_gov","https:\/\/www.youtube.com\/@koordinacionotelo"]},{"@type":"Person","@id":"https:\/\/kt.gov.rs\/#\/schema\/person\/e426459ddb4173309103390602694571","name":"ktmin","image":{"@type":"ImageObject","inLanguage":"sq-AL","@id":"https:\/\/secure.gravatar.com\/avatar\/3985c961109853010c3fbc7ba30365bfba5db3dd6c525831d9c595c7525a615a?s=96&d=mm&r=g","url":"https:\/\/secure.gravatar.com\/avatar\/3985c961109853010c3fbc7ba30365bfba5db3dd6c525831d9c595c7525a615a?s=96&d=mm&r=g","contentUrl":"https:\/\/secure.gravatar.com\/avatar\/3985c961109853010c3fbc7ba30365bfba5db3dd6c525831d9c595c7525a615a?s=96&d=mm&r=g","caption":"ktmin"},"sameAs":["https:\/\/kt.gov.rs"],"url":"https:\/\/kt.gov.rs\/sq\/author\/ktmin\/"}]}},"_links":{"self":[{"href":"https:\/\/kt.gov.rs\/sq\/wp-json\/wp\/v2\/posts\/139789","targetHints":{"allow":["GET"]}}],"collection":[{"href":"https:\/\/kt.gov.rs\/sq\/wp-json\/wp\/v2\/posts"}],"about":[{"href":"https:\/\/kt.gov.rs\/sq\/wp-json\/wp\/v2\/types\/post"}],"author":[{"embeddable":true,"href":"https:\/\/kt.gov.rs\/sq\/wp-json\/wp\/v2\/users\/1"}],"replies":[{"embeddable":true,"href":"https:\/\/kt.gov.rs\/sq\/wp-json\/wp\/v2\/comments?post=139789"}],"version-history":[{"count":1,"href":"https:\/\/kt.gov.rs\/sq\/wp-json\/wp\/v2\/posts\/139789\/revisions"}],"predecessor-version":[{"id":139793,"href":"https:\/\/kt.gov.rs\/sq\/wp-json\/wp\/v2\/posts\/139789\/revisions\/139793"}],"wp:featuredmedia":[{"embeddable":true,"href":"https:\/\/kt.gov.rs\/sq\/wp-json\/wp\/v2\/media\/139794"}],"wp:attachment":[{"href":"https:\/\/kt.gov.rs\/sq\/wp-json\/wp\/v2\/media?parent=139789"}],"wp:term":[{"taxonomy":"category","embeddable":true,"href":"https:\/\/kt.gov.rs\/sq\/wp-json\/wp\/v2\/categories?post=139789"},{"taxonomy":"post_tag","embeddable":true,"href":"https:\/\/kt.gov.rs\/sq\/wp-json\/wp\/v2\/tags?post=139789"}],"curies":[{"name":"wp","href":"https:\/\/api.w.org\/{rel}","templated":true}]}}