{"id":139781,"date":"2013-12-30T00:00:00","date_gmt":"2013-12-30T00:00:00","guid":{"rendered":"http:\/\/kt.printandscreen.rs\/zoran-stankoviq-urimi-i-vitit-te-ri-video\/"},"modified":"2024-07-30T20:13:46","modified_gmt":"2024-07-30T20:13:46","slug":"zoran-stankoviq-urimi-i-vitit-te-ri-video","status":"publish","type":"post","link":"https:\/\/kt.gov.rs\/sq\/zoran-stankoviq-urimi-i-vitit-te-ri-video\/","title":{"rendered":"ZORAN STANKOVIQ \u2013 URIMI I VITIT T\u00cb RI (VIDEO)"},"content":{"rendered":"<p>\n\tN\u00eb vitin e ri 2014, m\u00eb shum\u00eb do t\u00eb punojm n\u00eb krijimin e mund\u00ebsive m\u00eb t\u00eb mira ekonomike p\u00ebr banor\u00ebt e Preshev\u00ebs, Bujanocit dhe Medvegj\u00ebs, si edhe n\u00eb krijimin e vendeve t\u00eb reja t\u00eb pun\u00ebs, ka premtuar Zoran Stankoviq, kryetar i\u00a0 Trupit Koordinues.<\/p>\n<p>\n\t<iframe allowfullscreen=\"\" frameborder=\"0\" height=\"360\" src=\"\/\/www.youtube.com\/embed\/hhme0RwDMVI\" width=\"640\"><\/iframe><\/p>\n<p>\n\t\u00a0<\/p>\n<p>\n\t<img decoding=\"async\" alt=\"\" src=\"https:\/\/kt.gov.rs\/wp-content\/uploads\/2024\/07\/newspic747v-4.jpg\" style=\"width: 640px; height: 760px;\" \/><\/p>\n<p>\n\t\u00a0<\/p>\n<p>\n\t<strong>INTERVISTA ME RASTIN E VITIT T\u00cb RI<\/strong><\/p>\n<p>\n\t<strong>Zoran Stankoviq rreth situates n\u00eb komunat Preshev\u00eb, Bujanoc dhe Medvegj\u00eb n\u00eb vitin 2013<\/strong><\/p>\n<p>\n\t\u00a0\u201cViti 2013 ka qen\u00eb nj\u00eb vit\u00eb i v\u00ebshtir\u00eb, nd\u00ebrsa situata n\u00eb Preshev\u00eb, Bujanoc dhe Medvegj\u00eb,shum\u00eb komplekse, ka vlersuar Zoran Stankoviq, kryetar i Trupit Koordinues.<\/p>\n<p>\n\t<iframe allowfullscreen=\"\" frameborder=\"0\" height=\"360\" src=\"\/\/www.youtube.com\/embed\/Ot6TKBaaffU\" width=\"640\"><\/iframe><\/p>\n<p>\n\t\u00a0<\/p>\n<p>\n\t<strong>Zoran Stankoviq rreth iniciative qytetare dhe rim\u00ebk\u00ebmbjes s\u00eb \u201cGumopllastikes\u201d<\/strong><\/p>\n<p>\n\t\u00a0\u201cQytetar\u00ebt e k\u00ebtyre komunave duhet ta kuptojn q\u00eb iniciativat t\u00eb cilat ata i japin vet\u00eb mund t\u00eb p\u00ebrmirsojn jet\u00ebn e qytetar\u00ebve, ka th\u00ebn\u00eb Stankoviq dhe ka shtuar se \u00ebsht\u00eb krijuar nj\u00eb bindje rreth asaj se shteti duhet t\u00eb b\u00ebj\u00eb gjithcka p\u00ebrderisa qytetar\u00ebt jan\u00eb vet\u00ebm v\u00ebshtrues dhe kritikues. \u00cbsht\u00eb shum\u00eb komplekse edhe problem i Gumopllastik\u00ebs e cila pas 15 viteve ka dal nga falimentimi, por jan\u00eb t\u00eb nevojshme investime t\u00eb m\u00ebdha q\u00eb t\u00eb filloj me prodhimin, t\u00eb riparohen hapsirat dhe te ngrihet menaxhmenti\u201d, ka spjeguar Stankoviq.<\/p>\n<p>\n\t<iframe allowfullscreen=\"\" frameborder=\"0\" height=\"360\" src=\"\/\/www.youtube.com\/embed\/Q6O3V024OIs\" width=\"640\"><\/iframe><\/p>\n<p>\n\t\u00a0<\/p>\n<p>\n\t<strong>Zoran Stankoviq rreth rezultateve t\u00eb arritura dhe rreth q\u00ebllimit t\u00eb bisedimeve me liderwt shqiptar<\/strong><\/p>\n<p>\n\t\u00a0\u201cQ\u00ebllimi i bisedimeve me lider\u00ebt politik Shqiptar\u00eb \u00ebsht\u00eb realizimi i t\u00eb gjith\u00eb marr\u00ebveshjeve t\u00eb arritura n\u00eb 13 vitet e fundit n\u00eb m\u00ebnyr\u00eb q\u00eb pakica Shqiptare e cila jeton n\u00eb k\u00ebto tri komuna t\u00eb integrohet n\u00eb sistemin shtet\u00ebror t\u00eb S\u00ebrbis. Kemi siguruar mb\u00ebshtetjen e plot\u00eb t\u00eb Qeveris\u00eb s\u00eb S\u00ebrbis\u00eb, kryeministrit Ivica Daciq dhe zv kryeministrit Alleksandar Vuciq\u201d, deklaroi kryetari i Trupit Koordinues.<\/p>\n<p>\n\t<iframe allowfullscreen=\"\" frameborder=\"0\" height=\"360\" src=\"\/\/www.youtube.com\/embed\/TwECbArGyMU\" width=\"640\"><\/iframe><\/p>\n<p>\n\t\u00a0<\/p>\n<p>\n\t<strong>Zoran Stankoviq rreth pritjes q\u00eb bisedimet t\u00eb vazhdohen n\u00eb vitin 2014<\/strong><\/p>\n<p>\n\t\u00a0\u201cBisedimet jan\u00eb alternative e vetme dhe shpresoj\u00eb q\u00eb lider\u00ebt politik Shqiptar\u00eb t\u00eb kthehen ne tryez\u00eb dhe q\u00eb n\u00eb periudh\u00ebn para nesh t\u00eb gjejm zgjidhje t\u00eb t\u00eb gjitha problemeve\u201d, porositi Zoran Stankoviq, kryetar i Trupit Koordinues.<\/p>\n<p>\n\t<iframe allowfullscreen=\"\" frameborder=\"0\" height=\"360\" src=\"\/\/www.youtube.com\/embed\/ToMa7VMgd-Q\" width=\"640\"><\/iframe><\/p>\n<p>\n\t\u00a0<\/p>\n<p>\n\t<strong>Zoran Stankoviq rreth r\u00ebnd\u00ebsis s\u00eb regjistrimit<\/strong><\/p>\n<p>\n\t\u00a0\u201cRegjistrimi p\u00ebr ne nuk \u00ebsht\u00eb vet\u00ebm numrimi i njer\u00ebzve, por mund\u00ebsi q\u00eb me numrin e njoftur t\u00eb banor\u00ebve n\u00eb k\u00ebto tri komuna mund n\u00eb m\u00ebnyr\u00eb me reale dhe m\u00eb mir\u00eb t\u00eb realizohen nevojat, q\u00ebllimet dhe obligimet t\u00eb cilat institucionet shtet\u00ebrore kan\u00eb nda njerzve t\u00eb cil\u00ebt jetojn n\u00eb ato komuna\u201d ka th\u00ebn\u00eb Zoran Stankoviq, kryetar i Trupit Koordinues.<\/p>\n<p>\n\t<iframe allowfullscreen=\"\" frameborder=\"0\" height=\"360\" src=\"\/\/www.youtube.com\/embed\/ejPZ-n5G218\" width=\"640\"><\/iframe><\/p>\n<p>\n\t\u00a0<\/p>\n<p>\n\t<strong>Burimi : Sh\u00ebrbimi i Trupit Koordinues<\/strong><\/p>\n<p>\n\t\u00a0<\/p>\n","protected":false},"excerpt":{"rendered":"<p>N\u00eb vitin e ri 2014, m\u00eb shum\u00eb do t\u00eb punojm n\u00eb krijimin e mund\u00ebsive m\u00eb t\u00eb mira ekonomike p\u00ebr banor\u00ebt e Preshev\u00ebs, Bujanocit dhe Medvegj\u00ebs, si edhe n\u00eb krijimin e vendeve t\u00eb reja t\u00eb pun\u00ebs, ka premtuar Zoran Stankoviq, kryetar i\u00a0 Trupit Koordinues.<\/p>\n","protected":false},"author":1,"featured_media":139786,"comment_status":"closed","ping_status":"closed","sticky":false,"template":"","format":"standard","meta":{"footnotes":""},"categories":[55],"tags":[],"class_list":["post-139781","post","type-post","status-publish","format-standard","has-post-thumbnail","hentry","category-lajme"],"yoast_head":"<!-- This site is optimized with the Yoast SEO plugin v27.5 - https:\/\/yoast.com\/product\/yoast-seo-wordpress\/ -->\n<title>ZORAN STANKOVIQ \u2013 URIMI I VITIT T\u00cb RI (VIDEO) - Republika e S\u00ebrbis\u00eb Trupi Koordinues p\u00ebr komunat Bujanoc, Preshev\u00eb dhe Medvegj\u00eb<\/title>\n<meta name=\"robots\" content=\"index, follow, max-snippet:-1, max-image-preview:large, max-video-preview:-1\" \/>\n<link rel=\"canonical\" href=\"https:\/\/kt.gov.rs\/sq\/zoran-stankoviq-urimi-i-vitit-te-ri-video\/\" \/>\n<meta property=\"og:locale\" content=\"sq_AL\" \/>\n<meta property=\"og:type\" content=\"article\" \/>\n<meta property=\"og:title\" content=\"ZORAN STANKOVIQ \u2013 URIMI I VITIT T\u00cb RI (VIDEO) - Republika e S\u00ebrbis\u00eb Trupi Koordinues p\u00ebr komunat Bujanoc, Preshev\u00eb dhe Medvegj\u00eb\" \/>\n<meta property=\"og:description\" content=\"N\u00eb vitin e ri 2014, m\u00eb shum\u00eb do t\u00eb punojm n\u00eb krijimin e mund\u00ebsive m\u00eb t\u00eb mira ekonomike p\u00ebr banor\u00ebt e Preshev\u00ebs, Bujanocit dhe Medvegj\u00ebs, si edhe n\u00eb krijimin e vendeve t\u00eb reja t\u00eb pun\u00ebs, ka premtuar Zoran Stankoviq, kryetar i\u00a0 Trupit Koordinues.\" \/>\n<meta property=\"og:url\" content=\"https:\/\/kt.gov.rs\/sq\/zoran-stankoviq-urimi-i-vitit-te-ri-video\/\" \/>\n<meta property=\"og:site_name\" content=\"Republika e S\u00ebrbis\u00eb Trupi Koordinues p\u00ebr komunat Bujanoc, Preshev\u00eb dhe Medvegj\u00eb\" \/>\n<meta property=\"article:publisher\" content=\"https:\/\/www.facebook.com\/SluzbaKoordinacionogTelaVladeRepublikeSrbije\" \/>\n<meta property=\"article:published_time\" content=\"2013-12-30T00:00:00+00:00\" \/>\n<meta property=\"article:modified_time\" content=\"2024-07-30T20:13:46+00:00\" \/>\n<meta property=\"og:image\" content=\"https:\/\/kt.gov.rs\/wp-content\/uploads\/2024\/07\/newspic747v-5.jpg\" \/>\n\t<meta property=\"og:image:width\" content=\"640\" \/>\n\t<meta property=\"og:image:height\" content=\"760\" \/>\n\t<meta property=\"og:image:type\" content=\"image\/jpeg\" \/>\n<meta name=\"author\" content=\"ktmin\" \/>\n<meta name=\"twitter:card\" content=\"summary_large_image\" \/>\n<meta name=\"twitter:creator\" content=\"@kt_gov\" \/>\n<meta name=\"twitter:site\" content=\"@kt_gov\" \/>\n<meta name=\"twitter:label1\" content=\"Written by\" \/>\n\t<meta name=\"twitter:data1\" content=\"ktmin\" \/>\n\t<meta name=\"twitter:label2\" content=\"Est. reading time\" \/>\n\t<meta name=\"twitter:data2\" content=\"3 minutes\" \/>\n<script type=\"application\/ld+json\" class=\"yoast-schema-graph\">{\"@context\":\"https:\\\/\\\/schema.org\",\"@graph\":[{\"@type\":\"Article\",\"@id\":\"https:\\\/\\\/kt.gov.rs\\\/sq\\\/zoran-stankoviq-urimi-i-vitit-te-ri-video\\\/#article\",\"isPartOf\":{\"@id\":\"https:\\\/\\\/kt.gov.rs\\\/sq\\\/zoran-stankoviq-urimi-i-vitit-te-ri-video\\\/\"},\"author\":{\"name\":\"ktmin\",\"@id\":\"https:\\\/\\\/kt.gov.rs\\\/#\\\/schema\\\/person\\\/e426459ddb4173309103390602694571\"},\"headline\":\"ZORAN STANKOVIQ \u2013 URIMI I VITIT T\u00cb RI (VIDEO)\",\"datePublished\":\"2013-12-30T00:00:00+00:00\",\"dateModified\":\"2024-07-30T20:13:46+00:00\",\"mainEntityOfPage\":{\"@id\":\"https:\\\/\\\/kt.gov.rs\\\/sq\\\/zoran-stankoviq-urimi-i-vitit-te-ri-video\\\/\"},\"wordCount\":591,\"publisher\":{\"@id\":\"https:\\\/\\\/kt.gov.rs\\\/#organization\"},\"image\":{\"@id\":\"https:\\\/\\\/kt.gov.rs\\\/sq\\\/zoran-stankoviq-urimi-i-vitit-te-ri-video\\\/#primaryimage\"},\"thumbnailUrl\":\"https:\\\/\\\/kt.gov.rs\\\/wp-content\\\/uploads\\\/2024\\\/07\\\/newspic747v-5.jpg\",\"articleSection\":[\"Lajme\"],\"inLanguage\":\"sq-AL\"},{\"@type\":\"WebPage\",\"@id\":\"https:\\\/\\\/kt.gov.rs\\\/sq\\\/zoran-stankoviq-urimi-i-vitit-te-ri-video\\\/\",\"url\":\"https:\\\/\\\/kt.gov.rs\\\/sq\\\/zoran-stankoviq-urimi-i-vitit-te-ri-video\\\/\",\"name\":\"ZORAN STANKOVIQ \u2013 URIMI I VITIT T\u00cb RI (VIDEO) - Republika e S\u00ebrbis\u00eb Trupi Koordinues p\u00ebr komunat Bujanoc, Preshev\u00eb dhe Medvegj\u00eb\",\"isPartOf\":{\"@id\":\"https:\\\/\\\/kt.gov.rs\\\/#website\"},\"primaryImageOfPage\":{\"@id\":\"https:\\\/\\\/kt.gov.rs\\\/sq\\\/zoran-stankoviq-urimi-i-vitit-te-ri-video\\\/#primaryimage\"},\"image\":{\"@id\":\"https:\\\/\\\/kt.gov.rs\\\/sq\\\/zoran-stankoviq-urimi-i-vitit-te-ri-video\\\/#primaryimage\"},\"thumbnailUrl\":\"https:\\\/\\\/kt.gov.rs\\\/wp-content\\\/uploads\\\/2024\\\/07\\\/newspic747v-5.jpg\",\"datePublished\":\"2013-12-30T00:00:00+00:00\",\"dateModified\":\"2024-07-30T20:13:46+00:00\",\"breadcrumb\":{\"@id\":\"https:\\\/\\\/kt.gov.rs\\\/sq\\\/zoran-stankoviq-urimi-i-vitit-te-ri-video\\\/#breadcrumb\"},\"inLanguage\":\"sq-AL\",\"potentialAction\":[{\"@type\":\"ReadAction\",\"target\":[\"https:\\\/\\\/kt.gov.rs\\\/sq\\\/zoran-stankoviq-urimi-i-vitit-te-ri-video\\\/\"]}]},{\"@type\":\"ImageObject\",\"inLanguage\":\"sq-AL\",\"@id\":\"https:\\\/\\\/kt.gov.rs\\\/sq\\\/zoran-stankoviq-urimi-i-vitit-te-ri-video\\\/#primaryimage\",\"url\":\"https:\\\/\\\/kt.gov.rs\\\/wp-content\\\/uploads\\\/2024\\\/07\\\/newspic747v-5.jpg\",\"contentUrl\":\"https:\\\/\\\/kt.gov.rs\\\/wp-content\\\/uploads\\\/2024\\\/07\\\/newspic747v-5.jpg\",\"width\":640,\"height\":760},{\"@type\":\"BreadcrumbList\",\"@id\":\"https:\\\/\\\/kt.gov.rs\\\/sq\\\/zoran-stankoviq-urimi-i-vitit-te-ri-video\\\/#breadcrumb\",\"itemListElement\":[{\"@type\":\"ListItem\",\"position\":1,\"name\":\"\u041f\u043e\u0447\u0435\u0442\u043d\u0430\",\"item\":\"https:\\\/\\\/kt.gov.rs\\\/sq\\\/\"},{\"@type\":\"ListItem\",\"position\":2,\"name\":\"ZORAN STANKOVIQ \u2013 URIMI I VITIT T\u00cb RI (VIDEO)\"}]},{\"@type\":\"WebSite\",\"@id\":\"https:\\\/\\\/kt.gov.rs\\\/#website\",\"url\":\"https:\\\/\\\/kt.gov.rs\\\/\",\"name\":\"\u041a\u043e\u043e\u0440\u0434\u0438\u043d\u0430\u0446\u0438\u043e\u043d\u043e \u0442\u0435\u043b\u043e \u0412\u043b\u0430\u0434\u0435 \u0420\u0435\u043f\u0443\u0431\u043b\u0438\u043a\u0435 \u0421\u0440\u0431\u0438\u0458\u0435 \u0437\u0430 \u043e\u043f\u0448\u0442\u0438\u043d\u0435 \u041f\u0440\u0435\u0448\u0435\u0432\u043e, \u0411\u0443\u0458\u0430\u043d\u043e\u0432\u0430\u0446 \u0438 \u041c\u0435\u0434\u0432\u0435\u0452a\",\"description\":\"\",\"publisher\":{\"@id\":\"https:\\\/\\\/kt.gov.rs\\\/#organization\"},\"alternateName\":\"\u041a\u043e\u043e\u0440\u0434\u0438\u043d\u0430\u0446\u0438\u043e\u043d\u043e \u0442\u0435\u043b\u043e\",\"potentialAction\":[{\"@type\":\"SearchAction\",\"target\":{\"@type\":\"EntryPoint\",\"urlTemplate\":\"https:\\\/\\\/kt.gov.rs\\\/?s={search_term_string}\"},\"query-input\":{\"@type\":\"PropertyValueSpecification\",\"valueRequired\":true,\"valueName\":\"search_term_string\"}}],\"inLanguage\":\"sq-AL\"},{\"@type\":\"Organization\",\"@id\":\"https:\\\/\\\/kt.gov.rs\\\/#organization\",\"name\":\"\u041a\u043e\u043e\u0440\u0434\u0438\u043d\u0430\u0446\u0438\u043e\u043d\u043e \u0442\u0435\u043b\u043e \u0412\u043b\u0430\u0434\u0435 \u0420\u0435\u043f\u0443\u0431\u043b\u0438\u043a\u0435 \u0421\u0440\u0431\u0438\u0458\u0435 \u0437\u0430 \u043e\u043f\u0448\u0442\u0438\u043d\u0435 \u041f\u0440\u0435\u0448\u0435\u0432\u043e, \u0411\u0443\u0458\u0430\u043d\u043e\u0432\u0430\u0446 \u0438 \u041c\u0435\u0434\u0432\u0435\u0452a\",\"alternateName\":\"\u041a\u043e\u043e\u0440\u0434\u0438\u043d\u0430\u0446\u0438\u043e\u043d\u043e \u0442\u0435\u043b\u043e\",\"url\":\"https:\\\/\\\/kt.gov.rs\\\/\",\"logo\":{\"@type\":\"ImageObject\",\"inLanguage\":\"sq-AL\",\"@id\":\"https:\\\/\\\/kt.gov.rs\\\/#\\\/schema\\\/logo\\\/image\\\/\",\"url\":\"https:\\\/\\\/kt.gov.rs\\\/wp-content\\\/uploads\\\/2024\\\/12\\\/koord2.jpg\",\"contentUrl\":\"https:\\\/\\\/kt.gov.rs\\\/wp-content\\\/uploads\\\/2024\\\/12\\\/koord2.jpg\",\"width\":640,\"height\":480,\"caption\":\"\u041a\u043e\u043e\u0440\u0434\u0438\u043d\u0430\u0446\u0438\u043e\u043d\u043e \u0442\u0435\u043b\u043e \u0412\u043b\u0430\u0434\u0435 \u0420\u0435\u043f\u0443\u0431\u043b\u0438\u043a\u0435 \u0421\u0440\u0431\u0438\u0458\u0435 \u0437\u0430 \u043e\u043f\u0448\u0442\u0438\u043d\u0435 \u041f\u0440\u0435\u0448\u0435\u0432\u043e, \u0411\u0443\u0458\u0430\u043d\u043e\u0432\u0430\u0446 \u0438 \u041c\u0435\u0434\u0432\u0435\u0452a\"},\"image\":{\"@id\":\"https:\\\/\\\/kt.gov.rs\\\/#\\\/schema\\\/logo\\\/image\\\/\"},\"sameAs\":[\"https:\\\/\\\/www.facebook.com\\\/SluzbaKoordinacionogTelaVladeRepublikeSrbije\",\"https:\\\/\\\/x.com\\\/kt_gov\",\"https:\\\/\\\/www.youtube.com\\\/@koordinacionotelo\"]},{\"@type\":\"Person\",\"@id\":\"https:\\\/\\\/kt.gov.rs\\\/#\\\/schema\\\/person\\\/e426459ddb4173309103390602694571\",\"name\":\"ktmin\",\"image\":{\"@type\":\"ImageObject\",\"inLanguage\":\"sq-AL\",\"@id\":\"https:\\\/\\\/secure.gravatar.com\\\/avatar\\\/3985c961109853010c3fbc7ba30365bfba5db3dd6c525831d9c595c7525a615a?s=96&d=mm&r=g\",\"url\":\"https:\\\/\\\/secure.gravatar.com\\\/avatar\\\/3985c961109853010c3fbc7ba30365bfba5db3dd6c525831d9c595c7525a615a?s=96&d=mm&r=g\",\"contentUrl\":\"https:\\\/\\\/secure.gravatar.com\\\/avatar\\\/3985c961109853010c3fbc7ba30365bfba5db3dd6c525831d9c595c7525a615a?s=96&d=mm&r=g\",\"caption\":\"ktmin\"},\"sameAs\":[\"https:\\\/\\\/kt.gov.rs\"],\"url\":\"https:\\\/\\\/kt.gov.rs\\\/sq\\\/author\\\/ktmin\\\/\"}]}<\/script>\n<!-- \/ Yoast SEO plugin. -->","yoast_head_json":{"title":"ZORAN STANKOVIQ \u2013 URIMI I VITIT T\u00cb RI (VIDEO) - Republika e S\u00ebrbis\u00eb Trupi Koordinues p\u00ebr komunat Bujanoc, Preshev\u00eb dhe Medvegj\u00eb","robots":{"index":"index","follow":"follow","max-snippet":"max-snippet:-1","max-image-preview":"max-image-preview:large","max-video-preview":"max-video-preview:-1"},"canonical":"https:\/\/kt.gov.rs\/sq\/zoran-stankoviq-urimi-i-vitit-te-ri-video\/","og_locale":"sq_AL","og_type":"article","og_title":"ZORAN STANKOVIQ \u2013 URIMI I VITIT T\u00cb RI (VIDEO) - Republika e S\u00ebrbis\u00eb Trupi Koordinues p\u00ebr komunat Bujanoc, Preshev\u00eb dhe Medvegj\u00eb","og_description":"N\u00eb vitin e ri 2014, m\u00eb shum\u00eb do t\u00eb punojm n\u00eb krijimin e mund\u00ebsive m\u00eb t\u00eb mira ekonomike p\u00ebr banor\u00ebt e Preshev\u00ebs, Bujanocit dhe Medvegj\u00ebs, si edhe n\u00eb krijimin e vendeve t\u00eb reja t\u00eb pun\u00ebs, ka premtuar Zoran Stankoviq, kryetar i\u00a0 Trupit Koordinues.","og_url":"https:\/\/kt.gov.rs\/sq\/zoran-stankoviq-urimi-i-vitit-te-ri-video\/","og_site_name":"Republika e S\u00ebrbis\u00eb Trupi Koordinues p\u00ebr komunat Bujanoc, Preshev\u00eb dhe Medvegj\u00eb","article_publisher":"https:\/\/www.facebook.com\/SluzbaKoordinacionogTelaVladeRepublikeSrbije","article_published_time":"2013-12-30T00:00:00+00:00","article_modified_time":"2024-07-30T20:13:46+00:00","og_image":[{"width":640,"height":760,"url":"https:\/\/kt.gov.rs\/wp-content\/uploads\/2024\/07\/newspic747v-5.jpg","type":"image\/jpeg"}],"author":"ktmin","twitter_card":"summary_large_image","twitter_creator":"@kt_gov","twitter_site":"@kt_gov","twitter_misc":{"Written by":"ktmin","Est. reading time":"3 minutes"},"schema":{"@context":"https:\/\/schema.org","@graph":[{"@type":"Article","@id":"https:\/\/kt.gov.rs\/sq\/zoran-stankoviq-urimi-i-vitit-te-ri-video\/#article","isPartOf":{"@id":"https:\/\/kt.gov.rs\/sq\/zoran-stankoviq-urimi-i-vitit-te-ri-video\/"},"author":{"name":"ktmin","@id":"https:\/\/kt.gov.rs\/#\/schema\/person\/e426459ddb4173309103390602694571"},"headline":"ZORAN STANKOVIQ \u2013 URIMI I VITIT T\u00cb RI (VIDEO)","datePublished":"2013-12-30T00:00:00+00:00","dateModified":"2024-07-30T20:13:46+00:00","mainEntityOfPage":{"@id":"https:\/\/kt.gov.rs\/sq\/zoran-stankoviq-urimi-i-vitit-te-ri-video\/"},"wordCount":591,"publisher":{"@id":"https:\/\/kt.gov.rs\/#organization"},"image":{"@id":"https:\/\/kt.gov.rs\/sq\/zoran-stankoviq-urimi-i-vitit-te-ri-video\/#primaryimage"},"thumbnailUrl":"https:\/\/kt.gov.rs\/wp-content\/uploads\/2024\/07\/newspic747v-5.jpg","articleSection":["Lajme"],"inLanguage":"sq-AL"},{"@type":"WebPage","@id":"https:\/\/kt.gov.rs\/sq\/zoran-stankoviq-urimi-i-vitit-te-ri-video\/","url":"https:\/\/kt.gov.rs\/sq\/zoran-stankoviq-urimi-i-vitit-te-ri-video\/","name":"ZORAN STANKOVIQ \u2013 URIMI I VITIT T\u00cb RI (VIDEO) - Republika e S\u00ebrbis\u00eb Trupi Koordinues p\u00ebr komunat Bujanoc, Preshev\u00eb dhe Medvegj\u00eb","isPartOf":{"@id":"https:\/\/kt.gov.rs\/#website"},"primaryImageOfPage":{"@id":"https:\/\/kt.gov.rs\/sq\/zoran-stankoviq-urimi-i-vitit-te-ri-video\/#primaryimage"},"image":{"@id":"https:\/\/kt.gov.rs\/sq\/zoran-stankoviq-urimi-i-vitit-te-ri-video\/#primaryimage"},"thumbnailUrl":"https:\/\/kt.gov.rs\/wp-content\/uploads\/2024\/07\/newspic747v-5.jpg","datePublished":"2013-12-30T00:00:00+00:00","dateModified":"2024-07-30T20:13:46+00:00","breadcrumb":{"@id":"https:\/\/kt.gov.rs\/sq\/zoran-stankoviq-urimi-i-vitit-te-ri-video\/#breadcrumb"},"inLanguage":"sq-AL","potentialAction":[{"@type":"ReadAction","target":["https:\/\/kt.gov.rs\/sq\/zoran-stankoviq-urimi-i-vitit-te-ri-video\/"]}]},{"@type":"ImageObject","inLanguage":"sq-AL","@id":"https:\/\/kt.gov.rs\/sq\/zoran-stankoviq-urimi-i-vitit-te-ri-video\/#primaryimage","url":"https:\/\/kt.gov.rs\/wp-content\/uploads\/2024\/07\/newspic747v-5.jpg","contentUrl":"https:\/\/kt.gov.rs\/wp-content\/uploads\/2024\/07\/newspic747v-5.jpg","width":640,"height":760},{"@type":"BreadcrumbList","@id":"https:\/\/kt.gov.rs\/sq\/zoran-stankoviq-urimi-i-vitit-te-ri-video\/#breadcrumb","itemListElement":[{"@type":"ListItem","position":1,"name":"\u041f\u043e\u0447\u0435\u0442\u043d\u0430","item":"https:\/\/kt.gov.rs\/sq\/"},{"@type":"ListItem","position":2,"name":"ZORAN STANKOVIQ \u2013 URIMI I VITIT T\u00cb RI (VIDEO)"}]},{"@type":"WebSite","@id":"https:\/\/kt.gov.rs\/#website","url":"https:\/\/kt.gov.rs\/","name":"\u041a\u043e\u043e\u0440\u0434\u0438\u043d\u0430\u0446\u0438\u043e\u043d\u043e \u0442\u0435\u043b\u043e \u0412\u043b\u0430\u0434\u0435 \u0420\u0435\u043f\u0443\u0431\u043b\u0438\u043a\u0435 \u0421\u0440\u0431\u0438\u0458\u0435 \u0437\u0430 \u043e\u043f\u0448\u0442\u0438\u043d\u0435 \u041f\u0440\u0435\u0448\u0435\u0432\u043e, \u0411\u0443\u0458\u0430\u043d\u043e\u0432\u0430\u0446 \u0438 \u041c\u0435\u0434\u0432\u0435\u0452a","description":"","publisher":{"@id":"https:\/\/kt.gov.rs\/#organization"},"alternateName":"\u041a\u043e\u043e\u0440\u0434\u0438\u043d\u0430\u0446\u0438\u043e\u043d\u043e \u0442\u0435\u043b\u043e","potentialAction":[{"@type":"SearchAction","target":{"@type":"EntryPoint","urlTemplate":"https:\/\/kt.gov.rs\/?s={search_term_string}"},"query-input":{"@type":"PropertyValueSpecification","valueRequired":true,"valueName":"search_term_string"}}],"inLanguage":"sq-AL"},{"@type":"Organization","@id":"https:\/\/kt.gov.rs\/#organization","name":"\u041a\u043e\u043e\u0440\u0434\u0438\u043d\u0430\u0446\u0438\u043e\u043d\u043e \u0442\u0435\u043b\u043e \u0412\u043b\u0430\u0434\u0435 \u0420\u0435\u043f\u0443\u0431\u043b\u0438\u043a\u0435 \u0421\u0440\u0431\u0438\u0458\u0435 \u0437\u0430 \u043e\u043f\u0448\u0442\u0438\u043d\u0435 \u041f\u0440\u0435\u0448\u0435\u0432\u043e, \u0411\u0443\u0458\u0430\u043d\u043e\u0432\u0430\u0446 \u0438 \u041c\u0435\u0434\u0432\u0435\u0452a","alternateName":"\u041a\u043e\u043e\u0440\u0434\u0438\u043d\u0430\u0446\u0438\u043e\u043d\u043e \u0442\u0435\u043b\u043e","url":"https:\/\/kt.gov.rs\/","logo":{"@type":"ImageObject","inLanguage":"sq-AL","@id":"https:\/\/kt.gov.rs\/#\/schema\/logo\/image\/","url":"https:\/\/kt.gov.rs\/wp-content\/uploads\/2024\/12\/koord2.jpg","contentUrl":"https:\/\/kt.gov.rs\/wp-content\/uploads\/2024\/12\/koord2.jpg","width":640,"height":480,"caption":"\u041a\u043e\u043e\u0440\u0434\u0438\u043d\u0430\u0446\u0438\u043e\u043d\u043e \u0442\u0435\u043b\u043e \u0412\u043b\u0430\u0434\u0435 \u0420\u0435\u043f\u0443\u0431\u043b\u0438\u043a\u0435 \u0421\u0440\u0431\u0438\u0458\u0435 \u0437\u0430 \u043e\u043f\u0448\u0442\u0438\u043d\u0435 \u041f\u0440\u0435\u0448\u0435\u0432\u043e, \u0411\u0443\u0458\u0430\u043d\u043e\u0432\u0430\u0446 \u0438 \u041c\u0435\u0434\u0432\u0435\u0452a"},"image":{"@id":"https:\/\/kt.gov.rs\/#\/schema\/logo\/image\/"},"sameAs":["https:\/\/www.facebook.com\/SluzbaKoordinacionogTelaVladeRepublikeSrbije","https:\/\/x.com\/kt_gov","https:\/\/www.youtube.com\/@koordinacionotelo"]},{"@type":"Person","@id":"https:\/\/kt.gov.rs\/#\/schema\/person\/e426459ddb4173309103390602694571","name":"ktmin","image":{"@type":"ImageObject","inLanguage":"sq-AL","@id":"https:\/\/secure.gravatar.com\/avatar\/3985c961109853010c3fbc7ba30365bfba5db3dd6c525831d9c595c7525a615a?s=96&d=mm&r=g","url":"https:\/\/secure.gravatar.com\/avatar\/3985c961109853010c3fbc7ba30365bfba5db3dd6c525831d9c595c7525a615a?s=96&d=mm&r=g","contentUrl":"https:\/\/secure.gravatar.com\/avatar\/3985c961109853010c3fbc7ba30365bfba5db3dd6c525831d9c595c7525a615a?s=96&d=mm&r=g","caption":"ktmin"},"sameAs":["https:\/\/kt.gov.rs"],"url":"https:\/\/kt.gov.rs\/sq\/author\/ktmin\/"}]}},"_links":{"self":[{"href":"https:\/\/kt.gov.rs\/sq\/wp-json\/wp\/v2\/posts\/139781","targetHints":{"allow":["GET"]}}],"collection":[{"href":"https:\/\/kt.gov.rs\/sq\/wp-json\/wp\/v2\/posts"}],"about":[{"href":"https:\/\/kt.gov.rs\/sq\/wp-json\/wp\/v2\/types\/post"}],"author":[{"embeddable":true,"href":"https:\/\/kt.gov.rs\/sq\/wp-json\/wp\/v2\/users\/1"}],"replies":[{"embeddable":true,"href":"https:\/\/kt.gov.rs\/sq\/wp-json\/wp\/v2\/comments?post=139781"}],"version-history":[{"count":1,"href":"https:\/\/kt.gov.rs\/sq\/wp-json\/wp\/v2\/posts\/139781\/revisions"}],"predecessor-version":[{"id":139785,"href":"https:\/\/kt.gov.rs\/sq\/wp-json\/wp\/v2\/posts\/139781\/revisions\/139785"}],"wp:featuredmedia":[{"embeddable":true,"href":"https:\/\/kt.gov.rs\/sq\/wp-json\/wp\/v2\/media\/139786"}],"wp:attachment":[{"href":"https:\/\/kt.gov.rs\/sq\/wp-json\/wp\/v2\/media?parent=139781"}],"wp:term":[{"taxonomy":"category","embeddable":true,"href":"https:\/\/kt.gov.rs\/sq\/wp-json\/wp\/v2\/categories?post=139781"},{"taxonomy":"post_tag","embeddable":true,"href":"https:\/\/kt.gov.rs\/sq\/wp-json\/wp\/v2\/tags?post=139781"}],"curies":[{"name":"wp","href":"https:\/\/api.w.org\/{rel}","templated":true}]}}