{"id":139741,"date":"2014-01-20T00:00:00","date_gmt":"2014-01-20T00:00:00","guid":{"rendered":"http:\/\/kt.printandscreen.rs\/ne-qarkun-e-jabllanices-punesohen-me-pergaditje-te-ulet-profesionale\/"},"modified":"2024-07-30T20:13:41","modified_gmt":"2024-07-30T20:13:41","slug":"ne-qarkun-e-jabllanices-punesohen-me-pergaditje-te-ulet-profesionale","status":"publish","type":"post","link":"https:\/\/kt.gov.rs\/sq\/ne-qarkun-e-jabllanices-punesohen-me-pergaditje-te-ulet-profesionale\/","title":{"rendered":"N\u00cb QARKUN E JABLLANIC\u00cbS PUN\u00cbSOHEN ME P\u00cbRGADITJE T\u00cb UL\u00cbT PROFESIONALE"},"content":{"rendered":"<p>\n\t<strong><img decoding=\"async\" alt=\"\" src=\"https:\/\/kt.gov.rs\/wp-content\/uploads\/2024\/07\/newspic754-4.jpg\" style=\"width: 315px; height: 209px; float: left;\" \/>Leskoc-<\/strong>\u00a0 N\u00eb regjistrin \u00a0e sh\u00ebrbimit nacional p\u00ebr pun\u00ebsim duksh\u00ebm \u00ebsht\u00eb reduktuar numri i t\u00eb papun\u00ebsuarve t\u00eb kategorive t\u00eb ul\u00ebta deri n\u00eb kategorit me shkollim t\u00eb mes\u00ebm, mir\u00ebpo rritet numri i t\u00eb papun\u00ebve q\u00eb i kan\u00eb kryer fakultetet.<\/p>\n<p>\n\tFilialda e sh\u00ebrbimit nacional p\u00ebr pun\u00ebsim\u00a0 n\u00eb komun\u00ebn e Leskovcit ka sh\u00ebnuar r\u00ebnijen e numrit t\u00eb papun\u00ebsuarve n\u00ebn mosh\u00ebn 30 vje\u00e7are. N\u00eb qarkun e Jabllanic\u00ebs, n\u00eb vitin 2013 jan\u00eb sh\u00ebnuar 9606 t\u00eb rinj tw papunw tw moshws nwn 30 vje\u00e7are. N\u00eb mesin e t\u00eb rinj\u00ebve t\u00eb papun\u00eb dominon numri i gjinis\u00eb mashkullore.<\/p>\n<p>\n\tN\u00eb vitin 2013 gjithsej jan\u00eb pun\u00ebsuar 19.205 persona.<\/p>\n<p>\n\tT\u00eb dh\u00ebnat e sh\u00ebrbimit nacional p\u00ebr pun\u00ebsim flasin se n\u00eb vitin 2013 p\u00ebr koh\u00eb t\u00eb pacaktuar jan\u00eb pun\u00ebsuar 11.261 persona, nd\u00ebrsa p\u00ebr pun\u00eb t\u00eb p\u00ebrkohshme dhe t\u00eb caktuar 1.434 persona. Me kontrat\u00eb n\u00eb vep\u00ebr jan\u00eb t\u00eb angazhuar 422 persona, dhe jan\u00eb evidentuar edhe 660 sip\u00ebrmarr\u00ebs.<\/p>\n<p>\n\tN\u00eb fund t\u00eb vitit 2013, n\u00eb regjistrin \u00a0e filialit t\u00eb sh\u00ebrbimit p\u00ebr pun\u00ebsim t\u00eb Leskocit kan\u00eb qen\u00eb 9444 t\u00eb papun\u00eb prej mosh\u00ebs 50 vje\u00e7are, n\u00eb mesin e t\u00eb cil\u00ebve 3554 tw gjinisw femrore.<\/p>\n<p>\n\tSipas evidenc\u00ebs n\u00eb territorin e qarkut t\u00eb Jabllanic\u00ebs jan\u00eb 65 mjek, si dhe 11 magjistra n\u00eb l\u00ebmit: specialist- teknik i kimis\u00eb, magjist\u00ebr i shkencave teknike dhe teknologjis\u00eb kimike, pedagog \u2013 master, profesor i gjuh\u00ebs engleze \u2013 master, inxhinjer i nd\u00ebrtimtaris\u00eb- master, magjist\u00ebr i shkencave ekonomike, magjist\u00ebr i shkencave ekonomike p\u00ebr tregti, magjist\u00ebr i shkencave teknike p\u00ebr elektroteknik\u00eb, magjist\u00ebr i turizmit dhe menaxher me shkollim t\u00eb lart\u00eb- master.<\/p>\n<p>\n\tPrej kompanive t\u00eb cilat njihen si shum\u00eb t\u00eb r\u00ebnd\u00ebsishme p\u00ebr rritjen e pun\u00ebsimit n\u00eb qarkun e Jabllanic\u00ebs, n\u00eb vitin e kaluar nga Sh\u00ebrbimi nacional p\u00ebr pun\u00ebsim nd\u00ebrmjet\u00ebsim kan\u00eb k\u00ebrkuar \u201eJura\u201c, n\u00eb t\u00eb cil\u00eb numri i t\u00eb pun\u00ebsuarve ka arritur n\u00eb 404 persona nga regjistri i t\u00eb papun\u00ebve. Kompanija greke \u201eAutostop interiors\u201c ka pun\u00ebsuar 48 persona. Kompanit\u00eb \u201eFalke\u201c i \u201eXhinsi\u201c n\u00eb vitin 2013 nuk kan\u00eb k\u00ebrkuar nd\u00ebrmjet\u00ebsim nga sh\u00ebrbimi, mir\u00ebpo kan\u00eb pun\u00ebsuar n\u00eb baz\u00eb t\u00eb paraqitjes t\u00eb papun\u00ebsuarve, t\u00eb cil\u00ebt CV-it e tyre i kan\u00eb dor\u00ebzuar n\u00eb panairin p\u00ebr pun\u00ebsim ose me kontakt t\u00eb drejtp\u00ebrdrejt\u00eb.<\/p>\n<p>\n\t\u00a0N\u00eb vitin 2013 jan\u00eb organizuar dy panaire p\u00ebr pun\u00ebsim: m\u00eb 18 prill dhe 13 n\u00ebntor. N\u00eb panairin e prillit jan\u00eb pun\u00ebsuar 221 persona. N\u00eb panairin tjet\u00ebr kat\u00ebr persona, nd\u00ebrsa efektet e v\u00ebrteta t\u00eb panairit t\u00eb n\u00ebntorit priten n\u00eb gjasht\u00eb muaj e ardhsh\u00ebm.<\/p>\n<p>\n\tN\u00eb mesin e t\u00eb papun\u00ebve ka m\u00eb shum\u00eb nga ata shkall\u00ebs m\u00eb t\u00eb ul\u00ebt t\u00eb shkollimit, mir\u00ebpo \u00ebsht\u00eb interesante n\u00eb k\u00ebt\u00eb kategori \u00a0n\u00eb n\u00ebntor t\u00eb vitit 2013 numri i t\u00eb papun\u00ebve \u00ebsht\u00eb zvogluar. Nga ana tjet\u00ebr \u00ebsht\u00eb rritur numri i atyr\u00ebve me fakulltetet e p\u00ebrfunduara.<\/p>\n<p>\n\tShtrohet pyetja se n\u00eb territorin e qarkut t\u00eb Jabllanic\u00ebs, m\u00eb leht\u00eb pun\u00ebsohen personat t\u00eb cil\u00ebt kan\u00eb kualifikim t\u00eb ul\u00ebt shkollor dhe kualifikim profesional nga ata t\u00eb cila\u00ebt kan\u00eb kryer shkollim m\u00eb t\u00eb lart\u00eb dhe kan\u00eb m\u00eb shum\u00eb dituri.<\/p>\n<p>\n\t<strong>Burimi : Jugpres dhe Trupi Koordinues<\/strong><\/p>\n<p>\n\t\u00a0<\/p>\n","protected":false},"excerpt":{"rendered":"<p>Leskoc-\u00a0 N\u00eb regjistrin \u00a0e sh\u00ebrbimit nacional p\u00ebr pun\u00ebsim duksh\u00ebm \u00ebsht\u00eb reduktuar numri i t\u00eb papun\u00ebsuarve t\u00eb kategorive t\u00eb ul\u00ebta deri n\u00eb kategorit me shkollim t\u00eb mes\u00ebm, mir\u00ebpo rritet numri i t\u00eb papun\u00ebve q\u00eb i kan\u00eb kryer fakultetet.<\/p>\n","protected":false},"author":1,"featured_media":139746,"comment_status":"closed","ping_status":"closed","sticky":false,"template":"","format":"standard","meta":{"footnotes":""},"categories":[55],"tags":[],"class_list":["post-139741","post","type-post","status-publish","format-standard","has-post-thumbnail","hentry","category-lajme"],"yoast_head":"<!-- This site is optimized with the Yoast SEO plugin v27.5 - https:\/\/yoast.com\/product\/yoast-seo-wordpress\/ -->\n<title>N\u00cb QARKUN E JABLLANIC\u00cbS PUN\u00cbSOHEN ME P\u00cbRGADITJE T\u00cb UL\u00cbT PROFESIONALE - Republika e S\u00ebrbis\u00eb Trupi Koordinues p\u00ebr komunat Bujanoc, Preshev\u00eb dhe Medvegj\u00eb<\/title>\n<meta name=\"robots\" content=\"index, follow, max-snippet:-1, max-image-preview:large, max-video-preview:-1\" \/>\n<link rel=\"canonical\" href=\"https:\/\/kt.gov.rs\/sq\/ne-qarkun-e-jabllanices-punesohen-me-pergaditje-te-ulet-profesionale\/\" \/>\n<meta property=\"og:locale\" content=\"sq_AL\" \/>\n<meta property=\"og:type\" content=\"article\" \/>\n<meta property=\"og:title\" content=\"N\u00cb QARKUN E JABLLANIC\u00cbS PUN\u00cbSOHEN ME P\u00cbRGADITJE T\u00cb UL\u00cbT PROFESIONALE - Republika e S\u00ebrbis\u00eb Trupi Koordinues p\u00ebr komunat Bujanoc, Preshev\u00eb dhe Medvegj\u00eb\" \/>\n<meta property=\"og:description\" content=\"Leskoc-\u00a0 N\u00eb regjistrin \u00a0e sh\u00ebrbimit nacional p\u00ebr pun\u00ebsim duksh\u00ebm \u00ebsht\u00eb reduktuar numri i t\u00eb papun\u00ebsuarve t\u00eb kategorive t\u00eb ul\u00ebta deri n\u00eb kategorit me shkollim t\u00eb mes\u00ebm, mir\u00ebpo rritet numri i t\u00eb papun\u00ebve q\u00eb i kan\u00eb kryer fakultetet.\" \/>\n<meta property=\"og:url\" content=\"https:\/\/kt.gov.rs\/sq\/ne-qarkun-e-jabllanices-punesohen-me-pergaditje-te-ulet-profesionale\/\" \/>\n<meta property=\"og:site_name\" content=\"Republika e S\u00ebrbis\u00eb Trupi Koordinues p\u00ebr komunat Bujanoc, Preshev\u00eb dhe Medvegj\u00eb\" \/>\n<meta property=\"article:publisher\" content=\"https:\/\/www.facebook.com\/SluzbaKoordinacionogTelaVladeRepublikeSrbije\" \/>\n<meta property=\"article:published_time\" content=\"2014-01-20T00:00:00+00:00\" \/>\n<meta property=\"article:modified_time\" content=\"2024-07-30T20:13:41+00:00\" \/>\n<meta property=\"og:image\" content=\"https:\/\/kt.gov.rs\/wp-content\/uploads\/2024\/07\/newspic754-5.jpg\" \/>\n\t<meta property=\"og:image:width\" content=\"315\" \/>\n\t<meta property=\"og:image:height\" content=\"209\" \/>\n\t<meta property=\"og:image:type\" content=\"image\/jpeg\" \/>\n<meta name=\"author\" content=\"ktmin\" \/>\n<meta name=\"twitter:card\" content=\"summary_large_image\" \/>\n<meta name=\"twitter:creator\" content=\"@kt_gov\" \/>\n<meta name=\"twitter:site\" content=\"@kt_gov\" \/>\n<meta name=\"twitter:label1\" content=\"Written by\" \/>\n\t<meta name=\"twitter:data1\" content=\"ktmin\" \/>\n\t<meta name=\"twitter:label2\" content=\"Est. reading time\" \/>\n\t<meta name=\"twitter:data2\" content=\"4 minutes\" \/>\n<script type=\"application\/ld+json\" class=\"yoast-schema-graph\">{\"@context\":\"https:\\\/\\\/schema.org\",\"@graph\":[{\"@type\":\"Article\",\"@id\":\"https:\\\/\\\/kt.gov.rs\\\/sq\\\/ne-qarkun-e-jabllanices-punesohen-me-pergaditje-te-ulet-profesionale\\\/#article\",\"isPartOf\":{\"@id\":\"https:\\\/\\\/kt.gov.rs\\\/sq\\\/ne-qarkun-e-jabllanices-punesohen-me-pergaditje-te-ulet-profesionale\\\/\"},\"author\":{\"name\":\"ktmin\",\"@id\":\"https:\\\/\\\/kt.gov.rs\\\/#\\\/schema\\\/person\\\/e426459ddb4173309103390602694571\"},\"headline\":\"N\u00cb QARKUN E JABLLANIC\u00cbS PUN\u00cbSOHEN ME P\u00cbRGADITJE T\u00cb UL\u00cbT PROFESIONALE\",\"datePublished\":\"2014-01-20T00:00:00+00:00\",\"dateModified\":\"2024-07-30T20:13:41+00:00\",\"mainEntityOfPage\":{\"@id\":\"https:\\\/\\\/kt.gov.rs\\\/sq\\\/ne-qarkun-e-jabllanices-punesohen-me-pergaditje-te-ulet-profesionale\\\/\"},\"wordCount\":808,\"publisher\":{\"@id\":\"https:\\\/\\\/kt.gov.rs\\\/#organization\"},\"image\":{\"@id\":\"https:\\\/\\\/kt.gov.rs\\\/sq\\\/ne-qarkun-e-jabllanices-punesohen-me-pergaditje-te-ulet-profesionale\\\/#primaryimage\"},\"thumbnailUrl\":\"https:\\\/\\\/kt.gov.rs\\\/wp-content\\\/uploads\\\/2024\\\/07\\\/newspic754-5.jpg\",\"articleSection\":[\"Lajme\"],\"inLanguage\":\"sq-AL\"},{\"@type\":\"WebPage\",\"@id\":\"https:\\\/\\\/kt.gov.rs\\\/sq\\\/ne-qarkun-e-jabllanices-punesohen-me-pergaditje-te-ulet-profesionale\\\/\",\"url\":\"https:\\\/\\\/kt.gov.rs\\\/sq\\\/ne-qarkun-e-jabllanices-punesohen-me-pergaditje-te-ulet-profesionale\\\/\",\"name\":\"N\u00cb QARKUN E JABLLANIC\u00cbS PUN\u00cbSOHEN ME P\u00cbRGADITJE T\u00cb UL\u00cbT PROFESIONALE - Republika e S\u00ebrbis\u00eb Trupi Koordinues p\u00ebr komunat Bujanoc, Preshev\u00eb dhe Medvegj\u00eb\",\"isPartOf\":{\"@id\":\"https:\\\/\\\/kt.gov.rs\\\/#website\"},\"primaryImageOfPage\":{\"@id\":\"https:\\\/\\\/kt.gov.rs\\\/sq\\\/ne-qarkun-e-jabllanices-punesohen-me-pergaditje-te-ulet-profesionale\\\/#primaryimage\"},\"image\":{\"@id\":\"https:\\\/\\\/kt.gov.rs\\\/sq\\\/ne-qarkun-e-jabllanices-punesohen-me-pergaditje-te-ulet-profesionale\\\/#primaryimage\"},\"thumbnailUrl\":\"https:\\\/\\\/kt.gov.rs\\\/wp-content\\\/uploads\\\/2024\\\/07\\\/newspic754-5.jpg\",\"datePublished\":\"2014-01-20T00:00:00+00:00\",\"dateModified\":\"2024-07-30T20:13:41+00:00\",\"breadcrumb\":{\"@id\":\"https:\\\/\\\/kt.gov.rs\\\/sq\\\/ne-qarkun-e-jabllanices-punesohen-me-pergaditje-te-ulet-profesionale\\\/#breadcrumb\"},\"inLanguage\":\"sq-AL\",\"potentialAction\":[{\"@type\":\"ReadAction\",\"target\":[\"https:\\\/\\\/kt.gov.rs\\\/sq\\\/ne-qarkun-e-jabllanices-punesohen-me-pergaditje-te-ulet-profesionale\\\/\"]}]},{\"@type\":\"ImageObject\",\"inLanguage\":\"sq-AL\",\"@id\":\"https:\\\/\\\/kt.gov.rs\\\/sq\\\/ne-qarkun-e-jabllanices-punesohen-me-pergaditje-te-ulet-profesionale\\\/#primaryimage\",\"url\":\"https:\\\/\\\/kt.gov.rs\\\/wp-content\\\/uploads\\\/2024\\\/07\\\/newspic754-5.jpg\",\"contentUrl\":\"https:\\\/\\\/kt.gov.rs\\\/wp-content\\\/uploads\\\/2024\\\/07\\\/newspic754-5.jpg\",\"width\":315,\"height\":209},{\"@type\":\"BreadcrumbList\",\"@id\":\"https:\\\/\\\/kt.gov.rs\\\/sq\\\/ne-qarkun-e-jabllanices-punesohen-me-pergaditje-te-ulet-profesionale\\\/#breadcrumb\",\"itemListElement\":[{\"@type\":\"ListItem\",\"position\":1,\"name\":\"\u041f\u043e\u0447\u0435\u0442\u043d\u0430\",\"item\":\"https:\\\/\\\/kt.gov.rs\\\/sq\\\/\"},{\"@type\":\"ListItem\",\"position\":2,\"name\":\"N\u00cb QARKUN E JABLLANIC\u00cbS PUN\u00cbSOHEN ME P\u00cbRGADITJE T\u00cb UL\u00cbT PROFESIONALE\"}]},{\"@type\":\"WebSite\",\"@id\":\"https:\\\/\\\/kt.gov.rs\\\/#website\",\"url\":\"https:\\\/\\\/kt.gov.rs\\\/\",\"name\":\"\u041a\u043e\u043e\u0440\u0434\u0438\u043d\u0430\u0446\u0438\u043e\u043d\u043e \u0442\u0435\u043b\u043e \u0412\u043b\u0430\u0434\u0435 \u0420\u0435\u043f\u0443\u0431\u043b\u0438\u043a\u0435 \u0421\u0440\u0431\u0438\u0458\u0435 \u0437\u0430 \u043e\u043f\u0448\u0442\u0438\u043d\u0435 \u041f\u0440\u0435\u0448\u0435\u0432\u043e, \u0411\u0443\u0458\u0430\u043d\u043e\u0432\u0430\u0446 \u0438 \u041c\u0435\u0434\u0432\u0435\u0452a\",\"description\":\"\",\"publisher\":{\"@id\":\"https:\\\/\\\/kt.gov.rs\\\/#organization\"},\"alternateName\":\"\u041a\u043e\u043e\u0440\u0434\u0438\u043d\u0430\u0446\u0438\u043e\u043d\u043e \u0442\u0435\u043b\u043e\",\"potentialAction\":[{\"@type\":\"SearchAction\",\"target\":{\"@type\":\"EntryPoint\",\"urlTemplate\":\"https:\\\/\\\/kt.gov.rs\\\/?s={search_term_string}\"},\"query-input\":{\"@type\":\"PropertyValueSpecification\",\"valueRequired\":true,\"valueName\":\"search_term_string\"}}],\"inLanguage\":\"sq-AL\"},{\"@type\":\"Organization\",\"@id\":\"https:\\\/\\\/kt.gov.rs\\\/#organization\",\"name\":\"\u041a\u043e\u043e\u0440\u0434\u0438\u043d\u0430\u0446\u0438\u043e\u043d\u043e \u0442\u0435\u043b\u043e \u0412\u043b\u0430\u0434\u0435 \u0420\u0435\u043f\u0443\u0431\u043b\u0438\u043a\u0435 \u0421\u0440\u0431\u0438\u0458\u0435 \u0437\u0430 \u043e\u043f\u0448\u0442\u0438\u043d\u0435 \u041f\u0440\u0435\u0448\u0435\u0432\u043e, \u0411\u0443\u0458\u0430\u043d\u043e\u0432\u0430\u0446 \u0438 \u041c\u0435\u0434\u0432\u0435\u0452a\",\"alternateName\":\"\u041a\u043e\u043e\u0440\u0434\u0438\u043d\u0430\u0446\u0438\u043e\u043d\u043e \u0442\u0435\u043b\u043e\",\"url\":\"https:\\\/\\\/kt.gov.rs\\\/\",\"logo\":{\"@type\":\"ImageObject\",\"inLanguage\":\"sq-AL\",\"@id\":\"https:\\\/\\\/kt.gov.rs\\\/#\\\/schema\\\/logo\\\/image\\\/\",\"url\":\"https:\\\/\\\/kt.gov.rs\\\/wp-content\\\/uploads\\\/2024\\\/12\\\/koord2.jpg\",\"contentUrl\":\"https:\\\/\\\/kt.gov.rs\\\/wp-content\\\/uploads\\\/2024\\\/12\\\/koord2.jpg\",\"width\":640,\"height\":480,\"caption\":\"\u041a\u043e\u043e\u0440\u0434\u0438\u043d\u0430\u0446\u0438\u043e\u043d\u043e \u0442\u0435\u043b\u043e \u0412\u043b\u0430\u0434\u0435 \u0420\u0435\u043f\u0443\u0431\u043b\u0438\u043a\u0435 \u0421\u0440\u0431\u0438\u0458\u0435 \u0437\u0430 \u043e\u043f\u0448\u0442\u0438\u043d\u0435 \u041f\u0440\u0435\u0448\u0435\u0432\u043e, \u0411\u0443\u0458\u0430\u043d\u043e\u0432\u0430\u0446 \u0438 \u041c\u0435\u0434\u0432\u0435\u0452a\"},\"image\":{\"@id\":\"https:\\\/\\\/kt.gov.rs\\\/#\\\/schema\\\/logo\\\/image\\\/\"},\"sameAs\":[\"https:\\\/\\\/www.facebook.com\\\/SluzbaKoordinacionogTelaVladeRepublikeSrbije\",\"https:\\\/\\\/x.com\\\/kt_gov\",\"https:\\\/\\\/www.youtube.com\\\/@koordinacionotelo\"]},{\"@type\":\"Person\",\"@id\":\"https:\\\/\\\/kt.gov.rs\\\/#\\\/schema\\\/person\\\/e426459ddb4173309103390602694571\",\"name\":\"ktmin\",\"image\":{\"@type\":\"ImageObject\",\"inLanguage\":\"sq-AL\",\"@id\":\"https:\\\/\\\/secure.gravatar.com\\\/avatar\\\/3985c961109853010c3fbc7ba30365bfba5db3dd6c525831d9c595c7525a615a?s=96&d=mm&r=g\",\"url\":\"https:\\\/\\\/secure.gravatar.com\\\/avatar\\\/3985c961109853010c3fbc7ba30365bfba5db3dd6c525831d9c595c7525a615a?s=96&d=mm&r=g\",\"contentUrl\":\"https:\\\/\\\/secure.gravatar.com\\\/avatar\\\/3985c961109853010c3fbc7ba30365bfba5db3dd6c525831d9c595c7525a615a?s=96&d=mm&r=g\",\"caption\":\"ktmin\"},\"sameAs\":[\"https:\\\/\\\/kt.gov.rs\"],\"url\":\"https:\\\/\\\/kt.gov.rs\\\/sq\\\/author\\\/ktmin\\\/\"}]}<\/script>\n<!-- \/ Yoast SEO plugin. -->","yoast_head_json":{"title":"N\u00cb QARKUN E JABLLANIC\u00cbS PUN\u00cbSOHEN ME P\u00cbRGADITJE T\u00cb UL\u00cbT PROFESIONALE - Republika e S\u00ebrbis\u00eb Trupi Koordinues p\u00ebr komunat Bujanoc, Preshev\u00eb dhe Medvegj\u00eb","robots":{"index":"index","follow":"follow","max-snippet":"max-snippet:-1","max-image-preview":"max-image-preview:large","max-video-preview":"max-video-preview:-1"},"canonical":"https:\/\/kt.gov.rs\/sq\/ne-qarkun-e-jabllanices-punesohen-me-pergaditje-te-ulet-profesionale\/","og_locale":"sq_AL","og_type":"article","og_title":"N\u00cb QARKUN E JABLLANIC\u00cbS PUN\u00cbSOHEN ME P\u00cbRGADITJE T\u00cb UL\u00cbT PROFESIONALE - Republika e S\u00ebrbis\u00eb Trupi Koordinues p\u00ebr komunat Bujanoc, Preshev\u00eb dhe Medvegj\u00eb","og_description":"Leskoc-\u00a0 N\u00eb regjistrin \u00a0e sh\u00ebrbimit nacional p\u00ebr pun\u00ebsim duksh\u00ebm \u00ebsht\u00eb reduktuar numri i t\u00eb papun\u00ebsuarve t\u00eb kategorive t\u00eb ul\u00ebta deri n\u00eb kategorit me shkollim t\u00eb mes\u00ebm, mir\u00ebpo rritet numri i t\u00eb papun\u00ebve q\u00eb i kan\u00eb kryer fakultetet.","og_url":"https:\/\/kt.gov.rs\/sq\/ne-qarkun-e-jabllanices-punesohen-me-pergaditje-te-ulet-profesionale\/","og_site_name":"Republika e S\u00ebrbis\u00eb Trupi Koordinues p\u00ebr komunat Bujanoc, Preshev\u00eb dhe Medvegj\u00eb","article_publisher":"https:\/\/www.facebook.com\/SluzbaKoordinacionogTelaVladeRepublikeSrbije","article_published_time":"2014-01-20T00:00:00+00:00","article_modified_time":"2024-07-30T20:13:41+00:00","og_image":[{"width":315,"height":209,"url":"https:\/\/kt.gov.rs\/wp-content\/uploads\/2024\/07\/newspic754-5.jpg","type":"image\/jpeg"}],"author":"ktmin","twitter_card":"summary_large_image","twitter_creator":"@kt_gov","twitter_site":"@kt_gov","twitter_misc":{"Written by":"ktmin","Est. reading time":"4 minutes"},"schema":{"@context":"https:\/\/schema.org","@graph":[{"@type":"Article","@id":"https:\/\/kt.gov.rs\/sq\/ne-qarkun-e-jabllanices-punesohen-me-pergaditje-te-ulet-profesionale\/#article","isPartOf":{"@id":"https:\/\/kt.gov.rs\/sq\/ne-qarkun-e-jabllanices-punesohen-me-pergaditje-te-ulet-profesionale\/"},"author":{"name":"ktmin","@id":"https:\/\/kt.gov.rs\/#\/schema\/person\/e426459ddb4173309103390602694571"},"headline":"N\u00cb QARKUN E JABLLANIC\u00cbS PUN\u00cbSOHEN ME P\u00cbRGADITJE T\u00cb UL\u00cbT PROFESIONALE","datePublished":"2014-01-20T00:00:00+00:00","dateModified":"2024-07-30T20:13:41+00:00","mainEntityOfPage":{"@id":"https:\/\/kt.gov.rs\/sq\/ne-qarkun-e-jabllanices-punesohen-me-pergaditje-te-ulet-profesionale\/"},"wordCount":808,"publisher":{"@id":"https:\/\/kt.gov.rs\/#organization"},"image":{"@id":"https:\/\/kt.gov.rs\/sq\/ne-qarkun-e-jabllanices-punesohen-me-pergaditje-te-ulet-profesionale\/#primaryimage"},"thumbnailUrl":"https:\/\/kt.gov.rs\/wp-content\/uploads\/2024\/07\/newspic754-5.jpg","articleSection":["Lajme"],"inLanguage":"sq-AL"},{"@type":"WebPage","@id":"https:\/\/kt.gov.rs\/sq\/ne-qarkun-e-jabllanices-punesohen-me-pergaditje-te-ulet-profesionale\/","url":"https:\/\/kt.gov.rs\/sq\/ne-qarkun-e-jabllanices-punesohen-me-pergaditje-te-ulet-profesionale\/","name":"N\u00cb QARKUN E JABLLANIC\u00cbS PUN\u00cbSOHEN ME P\u00cbRGADITJE T\u00cb UL\u00cbT PROFESIONALE - Republika e S\u00ebrbis\u00eb Trupi Koordinues p\u00ebr komunat Bujanoc, Preshev\u00eb dhe Medvegj\u00eb","isPartOf":{"@id":"https:\/\/kt.gov.rs\/#website"},"primaryImageOfPage":{"@id":"https:\/\/kt.gov.rs\/sq\/ne-qarkun-e-jabllanices-punesohen-me-pergaditje-te-ulet-profesionale\/#primaryimage"},"image":{"@id":"https:\/\/kt.gov.rs\/sq\/ne-qarkun-e-jabllanices-punesohen-me-pergaditje-te-ulet-profesionale\/#primaryimage"},"thumbnailUrl":"https:\/\/kt.gov.rs\/wp-content\/uploads\/2024\/07\/newspic754-5.jpg","datePublished":"2014-01-20T00:00:00+00:00","dateModified":"2024-07-30T20:13:41+00:00","breadcrumb":{"@id":"https:\/\/kt.gov.rs\/sq\/ne-qarkun-e-jabllanices-punesohen-me-pergaditje-te-ulet-profesionale\/#breadcrumb"},"inLanguage":"sq-AL","potentialAction":[{"@type":"ReadAction","target":["https:\/\/kt.gov.rs\/sq\/ne-qarkun-e-jabllanices-punesohen-me-pergaditje-te-ulet-profesionale\/"]}]},{"@type":"ImageObject","inLanguage":"sq-AL","@id":"https:\/\/kt.gov.rs\/sq\/ne-qarkun-e-jabllanices-punesohen-me-pergaditje-te-ulet-profesionale\/#primaryimage","url":"https:\/\/kt.gov.rs\/wp-content\/uploads\/2024\/07\/newspic754-5.jpg","contentUrl":"https:\/\/kt.gov.rs\/wp-content\/uploads\/2024\/07\/newspic754-5.jpg","width":315,"height":209},{"@type":"BreadcrumbList","@id":"https:\/\/kt.gov.rs\/sq\/ne-qarkun-e-jabllanices-punesohen-me-pergaditje-te-ulet-profesionale\/#breadcrumb","itemListElement":[{"@type":"ListItem","position":1,"name":"\u041f\u043e\u0447\u0435\u0442\u043d\u0430","item":"https:\/\/kt.gov.rs\/sq\/"},{"@type":"ListItem","position":2,"name":"N\u00cb QARKUN E JABLLANIC\u00cbS PUN\u00cbSOHEN ME P\u00cbRGADITJE T\u00cb UL\u00cbT PROFESIONALE"}]},{"@type":"WebSite","@id":"https:\/\/kt.gov.rs\/#website","url":"https:\/\/kt.gov.rs\/","name":"\u041a\u043e\u043e\u0440\u0434\u0438\u043d\u0430\u0446\u0438\u043e\u043d\u043e \u0442\u0435\u043b\u043e \u0412\u043b\u0430\u0434\u0435 \u0420\u0435\u043f\u0443\u0431\u043b\u0438\u043a\u0435 \u0421\u0440\u0431\u0438\u0458\u0435 \u0437\u0430 \u043e\u043f\u0448\u0442\u0438\u043d\u0435 \u041f\u0440\u0435\u0448\u0435\u0432\u043e, \u0411\u0443\u0458\u0430\u043d\u043e\u0432\u0430\u0446 \u0438 \u041c\u0435\u0434\u0432\u0435\u0452a","description":"","publisher":{"@id":"https:\/\/kt.gov.rs\/#organization"},"alternateName":"\u041a\u043e\u043e\u0440\u0434\u0438\u043d\u0430\u0446\u0438\u043e\u043d\u043e \u0442\u0435\u043b\u043e","potentialAction":[{"@type":"SearchAction","target":{"@type":"EntryPoint","urlTemplate":"https:\/\/kt.gov.rs\/?s={search_term_string}"},"query-input":{"@type":"PropertyValueSpecification","valueRequired":true,"valueName":"search_term_string"}}],"inLanguage":"sq-AL"},{"@type":"Organization","@id":"https:\/\/kt.gov.rs\/#organization","name":"\u041a\u043e\u043e\u0440\u0434\u0438\u043d\u0430\u0446\u0438\u043e\u043d\u043e \u0442\u0435\u043b\u043e \u0412\u043b\u0430\u0434\u0435 \u0420\u0435\u043f\u0443\u0431\u043b\u0438\u043a\u0435 \u0421\u0440\u0431\u0438\u0458\u0435 \u0437\u0430 \u043e\u043f\u0448\u0442\u0438\u043d\u0435 \u041f\u0440\u0435\u0448\u0435\u0432\u043e, \u0411\u0443\u0458\u0430\u043d\u043e\u0432\u0430\u0446 \u0438 \u041c\u0435\u0434\u0432\u0435\u0452a","alternateName":"\u041a\u043e\u043e\u0440\u0434\u0438\u043d\u0430\u0446\u0438\u043e\u043d\u043e \u0442\u0435\u043b\u043e","url":"https:\/\/kt.gov.rs\/","logo":{"@type":"ImageObject","inLanguage":"sq-AL","@id":"https:\/\/kt.gov.rs\/#\/schema\/logo\/image\/","url":"https:\/\/kt.gov.rs\/wp-content\/uploads\/2024\/12\/koord2.jpg","contentUrl":"https:\/\/kt.gov.rs\/wp-content\/uploads\/2024\/12\/koord2.jpg","width":640,"height":480,"caption":"\u041a\u043e\u043e\u0440\u0434\u0438\u043d\u0430\u0446\u0438\u043e\u043d\u043e \u0442\u0435\u043b\u043e \u0412\u043b\u0430\u0434\u0435 \u0420\u0435\u043f\u0443\u0431\u043b\u0438\u043a\u0435 \u0421\u0440\u0431\u0438\u0458\u0435 \u0437\u0430 \u043e\u043f\u0448\u0442\u0438\u043d\u0435 \u041f\u0440\u0435\u0448\u0435\u0432\u043e, \u0411\u0443\u0458\u0430\u043d\u043e\u0432\u0430\u0446 \u0438 \u041c\u0435\u0434\u0432\u0435\u0452a"},"image":{"@id":"https:\/\/kt.gov.rs\/#\/schema\/logo\/image\/"},"sameAs":["https:\/\/www.facebook.com\/SluzbaKoordinacionogTelaVladeRepublikeSrbije","https:\/\/x.com\/kt_gov","https:\/\/www.youtube.com\/@koordinacionotelo"]},{"@type":"Person","@id":"https:\/\/kt.gov.rs\/#\/schema\/person\/e426459ddb4173309103390602694571","name":"ktmin","image":{"@type":"ImageObject","inLanguage":"sq-AL","@id":"https:\/\/secure.gravatar.com\/avatar\/3985c961109853010c3fbc7ba30365bfba5db3dd6c525831d9c595c7525a615a?s=96&d=mm&r=g","url":"https:\/\/secure.gravatar.com\/avatar\/3985c961109853010c3fbc7ba30365bfba5db3dd6c525831d9c595c7525a615a?s=96&d=mm&r=g","contentUrl":"https:\/\/secure.gravatar.com\/avatar\/3985c961109853010c3fbc7ba30365bfba5db3dd6c525831d9c595c7525a615a?s=96&d=mm&r=g","caption":"ktmin"},"sameAs":["https:\/\/kt.gov.rs"],"url":"https:\/\/kt.gov.rs\/sq\/author\/ktmin\/"}]}},"_links":{"self":[{"href":"https:\/\/kt.gov.rs\/sq\/wp-json\/wp\/v2\/posts\/139741","targetHints":{"allow":["GET"]}}],"collection":[{"href":"https:\/\/kt.gov.rs\/sq\/wp-json\/wp\/v2\/posts"}],"about":[{"href":"https:\/\/kt.gov.rs\/sq\/wp-json\/wp\/v2\/types\/post"}],"author":[{"embeddable":true,"href":"https:\/\/kt.gov.rs\/sq\/wp-json\/wp\/v2\/users\/1"}],"replies":[{"embeddable":true,"href":"https:\/\/kt.gov.rs\/sq\/wp-json\/wp\/v2\/comments?post=139741"}],"version-history":[{"count":1,"href":"https:\/\/kt.gov.rs\/sq\/wp-json\/wp\/v2\/posts\/139741\/revisions"}],"predecessor-version":[{"id":139745,"href":"https:\/\/kt.gov.rs\/sq\/wp-json\/wp\/v2\/posts\/139741\/revisions\/139745"}],"wp:featuredmedia":[{"embeddable":true,"href":"https:\/\/kt.gov.rs\/sq\/wp-json\/wp\/v2\/media\/139746"}],"wp:attachment":[{"href":"https:\/\/kt.gov.rs\/sq\/wp-json\/wp\/v2\/media?parent=139741"}],"wp:term":[{"taxonomy":"category","embeddable":true,"href":"https:\/\/kt.gov.rs\/sq\/wp-json\/wp\/v2\/categories?post=139741"},{"taxonomy":"post_tag","embeddable":true,"href":"https:\/\/kt.gov.rs\/sq\/wp-json\/wp\/v2\/tags?post=139741"}],"curies":[{"name":"wp","href":"https:\/\/api.w.org\/{rel}","templated":true}]}}