{"id":139693,"date":"2014-01-24T00:00:00","date_gmt":"2014-01-24T00:00:00","guid":{"rendered":"http:\/\/kt.printandscreen.rs\/fillimi-i-fushates-gjeni-kohe\/"},"modified":"2024-07-30T20:13:36","modified_gmt":"2024-07-30T20:13:36","slug":"fillimi-i-fushates-gjeni-kohe","status":"publish","type":"post","link":"https:\/\/kt.gov.rs\/sq\/fillimi-i-fushates-gjeni-kohe\/","title":{"rendered":"FILLIMI I FUSHAT\u00cbS \u201eGJENI KOH\u00cb\u201c"},"content":{"rendered":"<p>\n\t<strong><img decoding=\"async\" alt=\"\" src=\"https:\/\/kt.gov.rs\/wp-content\/uploads\/2024\/07\/newspic761-4.jpg\" style=\"width: 315px; height: 209px; float: left;\" \/>Beograd- \u00a0<\/strong>N\u00eb kuad\u00ebr t\u00eb Jav\u00ebs Evropiane t\u00eb parandalimin e kancerit t\u00eb qaf\u00ebs s\u00eb mitr\u00ebs, n\u00eb Vranj\u00eb, Preshev\u00eb dhe Bujanoc do t\u00eb filloj\u00eb fushata &quot;Gjeni koh\u00eb&quot;, synim i t\u00eb cil\u00ebs \u00ebsht\u00eb t\u00eb informaj\u00eb dhe edukoj\u00eb publikun p\u00ebr r\u00ebnd\u00ebsin\u00eb e ruajtjes dhe p\u00ebrmir\u00ebsimin e sh\u00ebndetit t\u00eb grave.<\/p>\n<p>\n\tFushat\u00ebn e financon Bashkimi Europian dhe Qeveria e Zvicrr\u00ebs, p\u00ebrmes programit p\u00ebr partneritet me komunat (EU Progres), nd\u00ebrsa n\u00eb teren e praktikon agjensioni V+O Communication. Fushata do t\u00eb p\u00ebrfshij aktivitete t\u00eb ndryshme, dhe p\u00ebrmes secilit aktivitet do t\u00eb t\u00ebrhiqet v\u00ebmendja publikut q\u00eb kujdesi p\u00ebr sh\u00ebndetin \u00ebsht\u00eb breng\u00eb e njejt\u00eb si breng\u00eb p\u00ebr pasardh\u00ebsit, si dhe parandalimi \u00ebsht\u00eb ila\u00e7 p\u00ebr nj\u00eb jet\u00eb t\u00eb sh\u00ebndetshme.<\/p>\n<p>\n\tAktivitetin e par\u00eb do ta paraqesin student\u00ebt e mjek\u00ebsis\u00eb, t\u00eb cil\u00ebt si mjek t\u00eb ardhsh\u00ebm, do t\u00eb k\u00ebshillojn\u00eb qytetar\u00ebt p\u00ebr r\u00ebnd\u00ebsin e kontrolleve t\u00eb rregullta gjenekologjike dhe p\u00ebr pasojat p\u00ebr moskujdes t\u00eb sh\u00ebndetit t\u00eb tyre. Ata t\u00eb shtun\u00ebn, m\u00eb 25 janar, n\u00eb qendrat tregtare t\u00eb qyteteve n\u00eb Vranj\u00eb, Preshev\u00eb dhe Bujanoc, qytetar\u00ebve do t\u00eb shp\u00ebrndajn\u00eb broshura informative dhe bexhe, t\u00eb cilat do t\u00eb duhet t\u00eb iu a rikujtojn\u00eb q\u00eb t\u00eb gjejn\u00eb pak\u00ebz koh\u00eb p\u00ebr veten e tyre dhe kontrollet e rregullta.<\/p>\n<p>\n\t\u201eMe rolin aktiv t\u00eb grave dhe kontrolleve t\u00eb \u00a0rregullta mund t\u00eb arrijm\u00eb deri te \u00a0zbulimi i hersh\u00ebm i kancerit t\u00eb gjirit dhe kancerit t\u00eb qaf\u00ebs s\u00eb mitr\u00ebs dhe t\u00eb ndihmoj\u00eb n\u00eb sh\u00ebrimin dhe ruajtjen e sh\u00ebndetit. Duke marr\u00eb parasysh k\u00ebt\u00eb, me d\u00ebshir\u00ebn q\u00eb kualiteti i mbrojtjes s\u00eb sh\u00ebndetit t\u00eb grave\u00a0 n\u00eb k\u00ebt\u00eb territor t\u00eb zhvillohet sa m\u00eb shum\u00eb, Qeveria e Serbis\u00eb, komuna e Preshev\u00ebs, Bashkimi Europian dhe Qeveria e Zvicrr\u00ebs, p\u00ebrmes programit t\u00eb EU Progresit, kan\u00eb financuar nd\u00ebrtimin dhe paijisimin e maternitetit n\u00eb Preshev\u00eb\u201c- i ka deklaruar Ana Nedelkoviq, bashkpun\u00ebtor\u00ebve p\u00ebr nj\u00eb menaxhim t\u00eb mir\u00eb.<\/p>\n<p>\n\tP\u00ebrve\u00e7 k\u00ebsaj fushata \u201cGjeni koh\u00eb\u201d parasheh edhe emitimin e spotit televiziv dhe \u00a0reklamave n\u00eb radio, q\u00eb do t\u00eb transmetohen n\u00eb televizionet dhe radiot lokale, si dhe n\u00eb billborde t\u00eb cil\u00ebt jan\u00eb t\u00eb shp\u00ebrndara n\u00eb disa lokacione t\u00eb Vraj\u00ebs, Preshev\u00ebs dhe Bujanocit. Mbledhja profesionale dhe konferenca do t\u00eb mbahen n\u00eb Bujanoc m\u00eb 4 shkurt 2014, n\u00eb Dit\u00ebn Nd\u00ebrkombtar\u00eb Kund\u00ebr Kancerit, nd\u00ebrsa p\u00ebr gjimnazist\u00ebt dhe student\u00ebt do t\u00eb organizohet ligjerata t\u00eb ndryshme edukative n\u00eb rritjen e njohurive t\u00eb t\u00eb rinjve p\u00ebr q\u00ebndrim p\u00ebrgjegj\u00ebs ndaj nj\u00eb sjellje t\u00eb p\u00ebrgjegjshme seksuale dhe r\u00ebnd\u00ebsin\u00eb e sh\u00ebndetit reproduktiv, i cili ligj\u00ebrim do t\u00eb kryhet nga\u00a0 student\u00ebt e mjek\u00ebsis\u00eb.<\/p>\n<p>\n\t<strong>Burimi: Kontrollimi ekonomik, Jugmedia dhe Trupi Koordinues<\/strong><\/p>\n<p>\n\t\u00a0<\/p>\n","protected":false},"excerpt":{"rendered":"<p>Beograd- \u00a0N\u00eb kuad\u00ebr t\u00eb Jav\u00ebs Evropiane t\u00eb parandalimin e kancerit t\u00eb qaf\u00ebs s\u00eb mitr\u00ebs, n\u00eb Vranj\u00eb, Preshev\u00eb dhe Bujanoc do t\u00eb filloj\u00eb fushata &quot;Gjeni koh\u00eb&quot;, synim i t\u00eb cil\u00ebs \u00ebsht\u00eb t\u00eb informaj\u00eb dhe edukoj\u00eb publikun p\u00ebr r\u00ebnd\u00ebsin\u00eb e ruajtjes dhe p\u00ebrmir\u00ebsimin e sh\u00ebndetit t\u00eb grave.<\/p>\n","protected":false},"author":1,"featured_media":139698,"comment_status":"closed","ping_status":"closed","sticky":false,"template":"","format":"standard","meta":{"footnotes":""},"categories":[55],"tags":[],"class_list":["post-139693","post","type-post","status-publish","format-standard","has-post-thumbnail","hentry","category-lajme"],"yoast_head":"<!-- This site is optimized with the Yoast SEO plugin v27.5 - https:\/\/yoast.com\/product\/yoast-seo-wordpress\/ -->\n<title>FILLIMI I FUSHAT\u00cbS \u201eGJENI KOH\u00cb\u201c - Republika e S\u00ebrbis\u00eb Trupi Koordinues p\u00ebr komunat Bujanoc, Preshev\u00eb dhe Medvegj\u00eb<\/title>\n<meta name=\"robots\" content=\"index, follow, max-snippet:-1, max-image-preview:large, max-video-preview:-1\" \/>\n<link rel=\"canonical\" href=\"https:\/\/kt.gov.rs\/sq\/fillimi-i-fushates-gjeni-kohe\/\" \/>\n<meta property=\"og:locale\" content=\"sq_AL\" \/>\n<meta property=\"og:type\" content=\"article\" \/>\n<meta property=\"og:title\" content=\"FILLIMI I FUSHAT\u00cbS \u201eGJENI KOH\u00cb\u201c - Republika e S\u00ebrbis\u00eb Trupi Koordinues p\u00ebr komunat Bujanoc, Preshev\u00eb dhe Medvegj\u00eb\" \/>\n<meta property=\"og:description\" content=\"Beograd- \u00a0N\u00eb kuad\u00ebr t\u00eb Jav\u00ebs Evropiane t\u00eb parandalimin e kancerit t\u00eb qaf\u00ebs s\u00eb mitr\u00ebs, n\u00eb Vranj\u00eb, Preshev\u00eb dhe Bujanoc do t\u00eb filloj\u00eb fushata &quot;Gjeni koh\u00eb&quot;, synim i t\u00eb cil\u00ebs \u00ebsht\u00eb t\u00eb informaj\u00eb dhe edukoj\u00eb publikun p\u00ebr r\u00ebnd\u00ebsin\u00eb e ruajtjes dhe p\u00ebrmir\u00ebsimin e sh\u00ebndetit t\u00eb grave.\" \/>\n<meta property=\"og:url\" content=\"https:\/\/kt.gov.rs\/sq\/fillimi-i-fushates-gjeni-kohe\/\" \/>\n<meta property=\"og:site_name\" content=\"Republika e S\u00ebrbis\u00eb Trupi Koordinues p\u00ebr komunat Bujanoc, Preshev\u00eb dhe Medvegj\u00eb\" \/>\n<meta property=\"article:publisher\" content=\"https:\/\/www.facebook.com\/SluzbaKoordinacionogTelaVladeRepublikeSrbije\" \/>\n<meta property=\"article:published_time\" content=\"2014-01-24T00:00:00+00:00\" \/>\n<meta property=\"article:modified_time\" content=\"2024-07-30T20:13:36+00:00\" \/>\n<meta property=\"og:image\" content=\"https:\/\/kt.gov.rs\/wp-content\/uploads\/2024\/07\/newspic761-5.jpg\" \/>\n\t<meta property=\"og:image:width\" content=\"315\" \/>\n\t<meta property=\"og:image:height\" content=\"209\" \/>\n\t<meta property=\"og:image:type\" content=\"image\/jpeg\" \/>\n<meta name=\"author\" content=\"ktmin\" \/>\n<meta name=\"twitter:card\" content=\"summary_large_image\" \/>\n<meta name=\"twitter:creator\" content=\"@kt_gov\" \/>\n<meta name=\"twitter:site\" content=\"@kt_gov\" \/>\n<meta name=\"twitter:label1\" content=\"Written by\" \/>\n\t<meta name=\"twitter:data1\" content=\"ktmin\" \/>\n\t<meta name=\"twitter:label2\" content=\"Est. reading time\" \/>\n\t<meta name=\"twitter:data2\" content=\"3 minutes\" \/>\n<script type=\"application\/ld+json\" class=\"yoast-schema-graph\">{\"@context\":\"https:\\\/\\\/schema.org\",\"@graph\":[{\"@type\":\"Article\",\"@id\":\"https:\\\/\\\/kt.gov.rs\\\/sq\\\/fillimi-i-fushates-gjeni-kohe\\\/#article\",\"isPartOf\":{\"@id\":\"https:\\\/\\\/kt.gov.rs\\\/sq\\\/fillimi-i-fushates-gjeni-kohe\\\/\"},\"author\":{\"name\":\"ktmin\",\"@id\":\"https:\\\/\\\/kt.gov.rs\\\/#\\\/schema\\\/person\\\/e426459ddb4173309103390602694571\"},\"headline\":\"FILLIMI I FUSHAT\u00cbS \u201eGJENI KOH\u00cb\u201c\",\"datePublished\":\"2014-01-24T00:00:00+00:00\",\"dateModified\":\"2024-07-30T20:13:36+00:00\",\"mainEntityOfPage\":{\"@id\":\"https:\\\/\\\/kt.gov.rs\\\/sq\\\/fillimi-i-fushates-gjeni-kohe\\\/\"},\"wordCount\":695,\"publisher\":{\"@id\":\"https:\\\/\\\/kt.gov.rs\\\/#organization\"},\"image\":{\"@id\":\"https:\\\/\\\/kt.gov.rs\\\/sq\\\/fillimi-i-fushates-gjeni-kohe\\\/#primaryimage\"},\"thumbnailUrl\":\"https:\\\/\\\/kt.gov.rs\\\/wp-content\\\/uploads\\\/2024\\\/07\\\/newspic761-5.jpg\",\"articleSection\":[\"Lajme\"],\"inLanguage\":\"sq-AL\"},{\"@type\":\"WebPage\",\"@id\":\"https:\\\/\\\/kt.gov.rs\\\/sq\\\/fillimi-i-fushates-gjeni-kohe\\\/\",\"url\":\"https:\\\/\\\/kt.gov.rs\\\/sq\\\/fillimi-i-fushates-gjeni-kohe\\\/\",\"name\":\"FILLIMI I FUSHAT\u00cbS \u201eGJENI KOH\u00cb\u201c - Republika e S\u00ebrbis\u00eb Trupi Koordinues p\u00ebr komunat Bujanoc, Preshev\u00eb dhe Medvegj\u00eb\",\"isPartOf\":{\"@id\":\"https:\\\/\\\/kt.gov.rs\\\/#website\"},\"primaryImageOfPage\":{\"@id\":\"https:\\\/\\\/kt.gov.rs\\\/sq\\\/fillimi-i-fushates-gjeni-kohe\\\/#primaryimage\"},\"image\":{\"@id\":\"https:\\\/\\\/kt.gov.rs\\\/sq\\\/fillimi-i-fushates-gjeni-kohe\\\/#primaryimage\"},\"thumbnailUrl\":\"https:\\\/\\\/kt.gov.rs\\\/wp-content\\\/uploads\\\/2024\\\/07\\\/newspic761-5.jpg\",\"datePublished\":\"2014-01-24T00:00:00+00:00\",\"dateModified\":\"2024-07-30T20:13:36+00:00\",\"breadcrumb\":{\"@id\":\"https:\\\/\\\/kt.gov.rs\\\/sq\\\/fillimi-i-fushates-gjeni-kohe\\\/#breadcrumb\"},\"inLanguage\":\"sq-AL\",\"potentialAction\":[{\"@type\":\"ReadAction\",\"target\":[\"https:\\\/\\\/kt.gov.rs\\\/sq\\\/fillimi-i-fushates-gjeni-kohe\\\/\"]}]},{\"@type\":\"ImageObject\",\"inLanguage\":\"sq-AL\",\"@id\":\"https:\\\/\\\/kt.gov.rs\\\/sq\\\/fillimi-i-fushates-gjeni-kohe\\\/#primaryimage\",\"url\":\"https:\\\/\\\/kt.gov.rs\\\/wp-content\\\/uploads\\\/2024\\\/07\\\/newspic761-5.jpg\",\"contentUrl\":\"https:\\\/\\\/kt.gov.rs\\\/wp-content\\\/uploads\\\/2024\\\/07\\\/newspic761-5.jpg\",\"width\":315,\"height\":209},{\"@type\":\"BreadcrumbList\",\"@id\":\"https:\\\/\\\/kt.gov.rs\\\/sq\\\/fillimi-i-fushates-gjeni-kohe\\\/#breadcrumb\",\"itemListElement\":[{\"@type\":\"ListItem\",\"position\":1,\"name\":\"\u041f\u043e\u0447\u0435\u0442\u043d\u0430\",\"item\":\"https:\\\/\\\/kt.gov.rs\\\/sq\\\/\"},{\"@type\":\"ListItem\",\"position\":2,\"name\":\"FILLIMI I FUSHAT\u00cbS \u201eGJENI KOH\u00cb\u201c\"}]},{\"@type\":\"WebSite\",\"@id\":\"https:\\\/\\\/kt.gov.rs\\\/#website\",\"url\":\"https:\\\/\\\/kt.gov.rs\\\/\",\"name\":\"\u041a\u043e\u043e\u0440\u0434\u0438\u043d\u0430\u0446\u0438\u043e\u043d\u043e \u0442\u0435\u043b\u043e \u0412\u043b\u0430\u0434\u0435 \u0420\u0435\u043f\u0443\u0431\u043b\u0438\u043a\u0435 \u0421\u0440\u0431\u0438\u0458\u0435 \u0437\u0430 \u043e\u043f\u0448\u0442\u0438\u043d\u0435 \u041f\u0440\u0435\u0448\u0435\u0432\u043e, \u0411\u0443\u0458\u0430\u043d\u043e\u0432\u0430\u0446 \u0438 \u041c\u0435\u0434\u0432\u0435\u0452a\",\"description\":\"\",\"publisher\":{\"@id\":\"https:\\\/\\\/kt.gov.rs\\\/#organization\"},\"alternateName\":\"\u041a\u043e\u043e\u0440\u0434\u0438\u043d\u0430\u0446\u0438\u043e\u043d\u043e \u0442\u0435\u043b\u043e\",\"potentialAction\":[{\"@type\":\"SearchAction\",\"target\":{\"@type\":\"EntryPoint\",\"urlTemplate\":\"https:\\\/\\\/kt.gov.rs\\\/?s={search_term_string}\"},\"query-input\":{\"@type\":\"PropertyValueSpecification\",\"valueRequired\":true,\"valueName\":\"search_term_string\"}}],\"inLanguage\":\"sq-AL\"},{\"@type\":\"Organization\",\"@id\":\"https:\\\/\\\/kt.gov.rs\\\/#organization\",\"name\":\"\u041a\u043e\u043e\u0440\u0434\u0438\u043d\u0430\u0446\u0438\u043e\u043d\u043e \u0442\u0435\u043b\u043e \u0412\u043b\u0430\u0434\u0435 \u0420\u0435\u043f\u0443\u0431\u043b\u0438\u043a\u0435 \u0421\u0440\u0431\u0438\u0458\u0435 \u0437\u0430 \u043e\u043f\u0448\u0442\u0438\u043d\u0435 \u041f\u0440\u0435\u0448\u0435\u0432\u043e, \u0411\u0443\u0458\u0430\u043d\u043e\u0432\u0430\u0446 \u0438 \u041c\u0435\u0434\u0432\u0435\u0452a\",\"alternateName\":\"\u041a\u043e\u043e\u0440\u0434\u0438\u043d\u0430\u0446\u0438\u043e\u043d\u043e \u0442\u0435\u043b\u043e\",\"url\":\"https:\\\/\\\/kt.gov.rs\\\/\",\"logo\":{\"@type\":\"ImageObject\",\"inLanguage\":\"sq-AL\",\"@id\":\"https:\\\/\\\/kt.gov.rs\\\/#\\\/schema\\\/logo\\\/image\\\/\",\"url\":\"https:\\\/\\\/kt.gov.rs\\\/wp-content\\\/uploads\\\/2024\\\/12\\\/koord2.jpg\",\"contentUrl\":\"https:\\\/\\\/kt.gov.rs\\\/wp-content\\\/uploads\\\/2024\\\/12\\\/koord2.jpg\",\"width\":640,\"height\":480,\"caption\":\"\u041a\u043e\u043e\u0440\u0434\u0438\u043d\u0430\u0446\u0438\u043e\u043d\u043e \u0442\u0435\u043b\u043e \u0412\u043b\u0430\u0434\u0435 \u0420\u0435\u043f\u0443\u0431\u043b\u0438\u043a\u0435 \u0421\u0440\u0431\u0438\u0458\u0435 \u0437\u0430 \u043e\u043f\u0448\u0442\u0438\u043d\u0435 \u041f\u0440\u0435\u0448\u0435\u0432\u043e, \u0411\u0443\u0458\u0430\u043d\u043e\u0432\u0430\u0446 \u0438 \u041c\u0435\u0434\u0432\u0435\u0452a\"},\"image\":{\"@id\":\"https:\\\/\\\/kt.gov.rs\\\/#\\\/schema\\\/logo\\\/image\\\/\"},\"sameAs\":[\"https:\\\/\\\/www.facebook.com\\\/SluzbaKoordinacionogTelaVladeRepublikeSrbije\",\"https:\\\/\\\/x.com\\\/kt_gov\",\"https:\\\/\\\/www.youtube.com\\\/@koordinacionotelo\"]},{\"@type\":\"Person\",\"@id\":\"https:\\\/\\\/kt.gov.rs\\\/#\\\/schema\\\/person\\\/e426459ddb4173309103390602694571\",\"name\":\"ktmin\",\"image\":{\"@type\":\"ImageObject\",\"inLanguage\":\"sq-AL\",\"@id\":\"https:\\\/\\\/secure.gravatar.com\\\/avatar\\\/3985c961109853010c3fbc7ba30365bfba5db3dd6c525831d9c595c7525a615a?s=96&d=mm&r=g\",\"url\":\"https:\\\/\\\/secure.gravatar.com\\\/avatar\\\/3985c961109853010c3fbc7ba30365bfba5db3dd6c525831d9c595c7525a615a?s=96&d=mm&r=g\",\"contentUrl\":\"https:\\\/\\\/secure.gravatar.com\\\/avatar\\\/3985c961109853010c3fbc7ba30365bfba5db3dd6c525831d9c595c7525a615a?s=96&d=mm&r=g\",\"caption\":\"ktmin\"},\"sameAs\":[\"https:\\\/\\\/kt.gov.rs\"],\"url\":\"https:\\\/\\\/kt.gov.rs\\\/sq\\\/author\\\/ktmin\\\/\"}]}<\/script>\n<!-- \/ Yoast SEO plugin. -->","yoast_head_json":{"title":"FILLIMI I FUSHAT\u00cbS \u201eGJENI KOH\u00cb\u201c - Republika e S\u00ebrbis\u00eb Trupi Koordinues p\u00ebr komunat Bujanoc, Preshev\u00eb dhe Medvegj\u00eb","robots":{"index":"index","follow":"follow","max-snippet":"max-snippet:-1","max-image-preview":"max-image-preview:large","max-video-preview":"max-video-preview:-1"},"canonical":"https:\/\/kt.gov.rs\/sq\/fillimi-i-fushates-gjeni-kohe\/","og_locale":"sq_AL","og_type":"article","og_title":"FILLIMI I FUSHAT\u00cbS \u201eGJENI KOH\u00cb\u201c - Republika e S\u00ebrbis\u00eb Trupi Koordinues p\u00ebr komunat Bujanoc, Preshev\u00eb dhe Medvegj\u00eb","og_description":"Beograd- \u00a0N\u00eb kuad\u00ebr t\u00eb Jav\u00ebs Evropiane t\u00eb parandalimin e kancerit t\u00eb qaf\u00ebs s\u00eb mitr\u00ebs, n\u00eb Vranj\u00eb, Preshev\u00eb dhe Bujanoc do t\u00eb filloj\u00eb fushata &quot;Gjeni koh\u00eb&quot;, synim i t\u00eb cil\u00ebs \u00ebsht\u00eb t\u00eb informaj\u00eb dhe edukoj\u00eb publikun p\u00ebr r\u00ebnd\u00ebsin\u00eb e ruajtjes dhe p\u00ebrmir\u00ebsimin e sh\u00ebndetit t\u00eb grave.","og_url":"https:\/\/kt.gov.rs\/sq\/fillimi-i-fushates-gjeni-kohe\/","og_site_name":"Republika e S\u00ebrbis\u00eb Trupi Koordinues p\u00ebr komunat Bujanoc, Preshev\u00eb dhe Medvegj\u00eb","article_publisher":"https:\/\/www.facebook.com\/SluzbaKoordinacionogTelaVladeRepublikeSrbije","article_published_time":"2014-01-24T00:00:00+00:00","article_modified_time":"2024-07-30T20:13:36+00:00","og_image":[{"width":315,"height":209,"url":"https:\/\/kt.gov.rs\/wp-content\/uploads\/2024\/07\/newspic761-5.jpg","type":"image\/jpeg"}],"author":"ktmin","twitter_card":"summary_large_image","twitter_creator":"@kt_gov","twitter_site":"@kt_gov","twitter_misc":{"Written by":"ktmin","Est. reading time":"3 minutes"},"schema":{"@context":"https:\/\/schema.org","@graph":[{"@type":"Article","@id":"https:\/\/kt.gov.rs\/sq\/fillimi-i-fushates-gjeni-kohe\/#article","isPartOf":{"@id":"https:\/\/kt.gov.rs\/sq\/fillimi-i-fushates-gjeni-kohe\/"},"author":{"name":"ktmin","@id":"https:\/\/kt.gov.rs\/#\/schema\/person\/e426459ddb4173309103390602694571"},"headline":"FILLIMI I FUSHAT\u00cbS \u201eGJENI KOH\u00cb\u201c","datePublished":"2014-01-24T00:00:00+00:00","dateModified":"2024-07-30T20:13:36+00:00","mainEntityOfPage":{"@id":"https:\/\/kt.gov.rs\/sq\/fillimi-i-fushates-gjeni-kohe\/"},"wordCount":695,"publisher":{"@id":"https:\/\/kt.gov.rs\/#organization"},"image":{"@id":"https:\/\/kt.gov.rs\/sq\/fillimi-i-fushates-gjeni-kohe\/#primaryimage"},"thumbnailUrl":"https:\/\/kt.gov.rs\/wp-content\/uploads\/2024\/07\/newspic761-5.jpg","articleSection":["Lajme"],"inLanguage":"sq-AL"},{"@type":"WebPage","@id":"https:\/\/kt.gov.rs\/sq\/fillimi-i-fushates-gjeni-kohe\/","url":"https:\/\/kt.gov.rs\/sq\/fillimi-i-fushates-gjeni-kohe\/","name":"FILLIMI I FUSHAT\u00cbS \u201eGJENI KOH\u00cb\u201c - Republika e S\u00ebrbis\u00eb Trupi Koordinues p\u00ebr komunat Bujanoc, Preshev\u00eb dhe Medvegj\u00eb","isPartOf":{"@id":"https:\/\/kt.gov.rs\/#website"},"primaryImageOfPage":{"@id":"https:\/\/kt.gov.rs\/sq\/fillimi-i-fushates-gjeni-kohe\/#primaryimage"},"image":{"@id":"https:\/\/kt.gov.rs\/sq\/fillimi-i-fushates-gjeni-kohe\/#primaryimage"},"thumbnailUrl":"https:\/\/kt.gov.rs\/wp-content\/uploads\/2024\/07\/newspic761-5.jpg","datePublished":"2014-01-24T00:00:00+00:00","dateModified":"2024-07-30T20:13:36+00:00","breadcrumb":{"@id":"https:\/\/kt.gov.rs\/sq\/fillimi-i-fushates-gjeni-kohe\/#breadcrumb"},"inLanguage":"sq-AL","potentialAction":[{"@type":"ReadAction","target":["https:\/\/kt.gov.rs\/sq\/fillimi-i-fushates-gjeni-kohe\/"]}]},{"@type":"ImageObject","inLanguage":"sq-AL","@id":"https:\/\/kt.gov.rs\/sq\/fillimi-i-fushates-gjeni-kohe\/#primaryimage","url":"https:\/\/kt.gov.rs\/wp-content\/uploads\/2024\/07\/newspic761-5.jpg","contentUrl":"https:\/\/kt.gov.rs\/wp-content\/uploads\/2024\/07\/newspic761-5.jpg","width":315,"height":209},{"@type":"BreadcrumbList","@id":"https:\/\/kt.gov.rs\/sq\/fillimi-i-fushates-gjeni-kohe\/#breadcrumb","itemListElement":[{"@type":"ListItem","position":1,"name":"\u041f\u043e\u0447\u0435\u0442\u043d\u0430","item":"https:\/\/kt.gov.rs\/sq\/"},{"@type":"ListItem","position":2,"name":"FILLIMI I FUSHAT\u00cbS \u201eGJENI KOH\u00cb\u201c"}]},{"@type":"WebSite","@id":"https:\/\/kt.gov.rs\/#website","url":"https:\/\/kt.gov.rs\/","name":"\u041a\u043e\u043e\u0440\u0434\u0438\u043d\u0430\u0446\u0438\u043e\u043d\u043e \u0442\u0435\u043b\u043e \u0412\u043b\u0430\u0434\u0435 \u0420\u0435\u043f\u0443\u0431\u043b\u0438\u043a\u0435 \u0421\u0440\u0431\u0438\u0458\u0435 \u0437\u0430 \u043e\u043f\u0448\u0442\u0438\u043d\u0435 \u041f\u0440\u0435\u0448\u0435\u0432\u043e, \u0411\u0443\u0458\u0430\u043d\u043e\u0432\u0430\u0446 \u0438 \u041c\u0435\u0434\u0432\u0435\u0452a","description":"","publisher":{"@id":"https:\/\/kt.gov.rs\/#organization"},"alternateName":"\u041a\u043e\u043e\u0440\u0434\u0438\u043d\u0430\u0446\u0438\u043e\u043d\u043e \u0442\u0435\u043b\u043e","potentialAction":[{"@type":"SearchAction","target":{"@type":"EntryPoint","urlTemplate":"https:\/\/kt.gov.rs\/?s={search_term_string}"},"query-input":{"@type":"PropertyValueSpecification","valueRequired":true,"valueName":"search_term_string"}}],"inLanguage":"sq-AL"},{"@type":"Organization","@id":"https:\/\/kt.gov.rs\/#organization","name":"\u041a\u043e\u043e\u0440\u0434\u0438\u043d\u0430\u0446\u0438\u043e\u043d\u043e \u0442\u0435\u043b\u043e \u0412\u043b\u0430\u0434\u0435 \u0420\u0435\u043f\u0443\u0431\u043b\u0438\u043a\u0435 \u0421\u0440\u0431\u0438\u0458\u0435 \u0437\u0430 \u043e\u043f\u0448\u0442\u0438\u043d\u0435 \u041f\u0440\u0435\u0448\u0435\u0432\u043e, \u0411\u0443\u0458\u0430\u043d\u043e\u0432\u0430\u0446 \u0438 \u041c\u0435\u0434\u0432\u0435\u0452a","alternateName":"\u041a\u043e\u043e\u0440\u0434\u0438\u043d\u0430\u0446\u0438\u043e\u043d\u043e \u0442\u0435\u043b\u043e","url":"https:\/\/kt.gov.rs\/","logo":{"@type":"ImageObject","inLanguage":"sq-AL","@id":"https:\/\/kt.gov.rs\/#\/schema\/logo\/image\/","url":"https:\/\/kt.gov.rs\/wp-content\/uploads\/2024\/12\/koord2.jpg","contentUrl":"https:\/\/kt.gov.rs\/wp-content\/uploads\/2024\/12\/koord2.jpg","width":640,"height":480,"caption":"\u041a\u043e\u043e\u0440\u0434\u0438\u043d\u0430\u0446\u0438\u043e\u043d\u043e \u0442\u0435\u043b\u043e \u0412\u043b\u0430\u0434\u0435 \u0420\u0435\u043f\u0443\u0431\u043b\u0438\u043a\u0435 \u0421\u0440\u0431\u0438\u0458\u0435 \u0437\u0430 \u043e\u043f\u0448\u0442\u0438\u043d\u0435 \u041f\u0440\u0435\u0448\u0435\u0432\u043e, \u0411\u0443\u0458\u0430\u043d\u043e\u0432\u0430\u0446 \u0438 \u041c\u0435\u0434\u0432\u0435\u0452a"},"image":{"@id":"https:\/\/kt.gov.rs\/#\/schema\/logo\/image\/"},"sameAs":["https:\/\/www.facebook.com\/SluzbaKoordinacionogTelaVladeRepublikeSrbije","https:\/\/x.com\/kt_gov","https:\/\/www.youtube.com\/@koordinacionotelo"]},{"@type":"Person","@id":"https:\/\/kt.gov.rs\/#\/schema\/person\/e426459ddb4173309103390602694571","name":"ktmin","image":{"@type":"ImageObject","inLanguage":"sq-AL","@id":"https:\/\/secure.gravatar.com\/avatar\/3985c961109853010c3fbc7ba30365bfba5db3dd6c525831d9c595c7525a615a?s=96&d=mm&r=g","url":"https:\/\/secure.gravatar.com\/avatar\/3985c961109853010c3fbc7ba30365bfba5db3dd6c525831d9c595c7525a615a?s=96&d=mm&r=g","contentUrl":"https:\/\/secure.gravatar.com\/avatar\/3985c961109853010c3fbc7ba30365bfba5db3dd6c525831d9c595c7525a615a?s=96&d=mm&r=g","caption":"ktmin"},"sameAs":["https:\/\/kt.gov.rs"],"url":"https:\/\/kt.gov.rs\/sq\/author\/ktmin\/"}]}},"_links":{"self":[{"href":"https:\/\/kt.gov.rs\/sq\/wp-json\/wp\/v2\/posts\/139693","targetHints":{"allow":["GET"]}}],"collection":[{"href":"https:\/\/kt.gov.rs\/sq\/wp-json\/wp\/v2\/posts"}],"about":[{"href":"https:\/\/kt.gov.rs\/sq\/wp-json\/wp\/v2\/types\/post"}],"author":[{"embeddable":true,"href":"https:\/\/kt.gov.rs\/sq\/wp-json\/wp\/v2\/users\/1"}],"replies":[{"embeddable":true,"href":"https:\/\/kt.gov.rs\/sq\/wp-json\/wp\/v2\/comments?post=139693"}],"version-history":[{"count":1,"href":"https:\/\/kt.gov.rs\/sq\/wp-json\/wp\/v2\/posts\/139693\/revisions"}],"predecessor-version":[{"id":139697,"href":"https:\/\/kt.gov.rs\/sq\/wp-json\/wp\/v2\/posts\/139693\/revisions\/139697"}],"wp:featuredmedia":[{"embeddable":true,"href":"https:\/\/kt.gov.rs\/sq\/wp-json\/wp\/v2\/media\/139698"}],"wp:attachment":[{"href":"https:\/\/kt.gov.rs\/sq\/wp-json\/wp\/v2\/media?parent=139693"}],"wp:term":[{"taxonomy":"category","embeddable":true,"href":"https:\/\/kt.gov.rs\/sq\/wp-json\/wp\/v2\/categories?post=139693"},{"taxonomy":"post_tag","embeddable":true,"href":"https:\/\/kt.gov.rs\/sq\/wp-json\/wp\/v2\/tags?post=139693"}],"curies":[{"name":"wp","href":"https:\/\/api.w.org\/{rel}","templated":true}]}}