{"id":139669,"date":"2014-01-27T00:00:00","date_gmt":"2014-01-27T00:00:00","guid":{"rendered":"http:\/\/kt.printandscreen.rs\/ekonomia-e-qarkut-te-jabllanices-dhe-pcinjes\/"},"modified":"2024-07-30T20:13:33","modified_gmt":"2024-07-30T20:13:33","slug":"ekonomia-e-qarkut-te-jabllanices-dhe-pcinjes","status":"publish","type":"post","link":"https:\/\/kt.gov.rs\/sq\/ekonomia-e-qarkut-te-jabllanices-dhe-pcinjes\/","title":{"rendered":"EKONOMIA E QARKUT T\u00cb JABLLANIC\u00cbS DHE  P\u00c7INJ\u00cbS"},"content":{"rendered":"<p>\n\t<strong><img decoding=\"async\" alt=\"\" src=\"https:\/\/kt.gov.rs\/wp-content\/uploads\/2024\/07\/newspic763-4.jpg\" style=\"width: 315px; height: 209px; float: left;\" \/>Leskoc\u00eb-<\/strong> \u201eMjedisi makroekonomik n\u00eb t\u00eb cil\u00ebn gjenden qyteti i Leksocit dhe Vraj\u00ebs, prezanton faktor\u00ebt e v\u00ebshtir\u00eb p\u00ebr biznismen\u00ebt, ve\u00e7an\u00ebrisht p\u00ebr shkak se n\u00eb k\u00ebt\u00eb zon\u00eb jan\u00eb 11 komuna t\u00eb cilat i p\u00ebrkasin komunave t\u00eb pazhvilluara. P\u00ebrve\u00e7 k\u00ebsaj, e pranishm\u00eb \u00ebsht\u00eb edhe r\u00ebnia e k\u00ebrkes\u00ebs vendore dhe jashtme, mosdisponueshm\u00ebria e burimeve p\u00ebr financim, e cila p\u00ebrve\u00e7 s\u00eb gjithash reflektohet n\u00eb kredi t\u00eb shtrenjta bankare t\u00eb cilat jan\u00eb t\u00eb pap\u00ebrshtatshme p\u00ebr sip\u00ebrmarr\u00ebsit. Aty hyjn\u00eb edhe harxhimet e larta t\u00eb prodhimit, harxhimet e larta infrastrukturale dhe komunale. Gjithashtu \u00ebsht\u00eb e lart\u00eb edhe shkalla e papun\u00ebsis\u00eb, p\u00ebrshkak t\u00eb pun\u00ebve t\u00eb v\u00ebshtira, paraqitet edhe problemi i mosdh\u00ebnies dhe pagave t\u00eb ul\u00ebta, ka deklaruar, Natasha Dobriq, bashk\u00ebpuntore profesionale n\u00eb Od\u00ebn Ekonomike Regjionale t\u00eb Leskocit (OERL).<\/p>\n<p>\n\tN\u00eb Qarkun e Jabllanic\u00ebs eksporti ka arritur n\u00eb 126 milion\u00eb dollar\u00eb dhe \u00ebsht\u00eb rritur p\u00ebr 28% p\u00ebr dallim nga 10 muajt e par\u00eb t\u00eb vitit 2012. Kjo \u00ebsht\u00eb pasoj\u00eb e asaj se n\u00eb Leskoc\u00eb momentalisht gjinden nd\u00ebrrmarrjet \u201cFallke\u201d, \u201cInstabull Xhinsi\u201d dhe \u201cJura\u201d, t\u00eb cilat gjitha prodhimet e veta i eksportojn\u00eb. Eksporti arrin n\u00eb 90,7 milion\u00eb dollar\u00eb dhe ai \u00ebsht\u00eb 19% m\u00eb i\u00a0 ul\u00ebt p\u00ebr dallim nga 10 muajt e par\u00eb t\u00eb 2012. N\u00eb Qarkun e P\u00e7inj\u00ebs eksporti arrin 137,2 milion\u00eb dollar\u00eb dhe 9% m\u00eb i lart\u00eb, nd\u00ebrsa importi \u00ebsht\u00eb 131,3 dhe \u00ebsht\u00eb rritur p\u00ebr 18%\u201d, ka sqaruar ajo.<\/p>\n<p>\n\tTregtia m\u00eb e madhe zhvillohet me vendet e BE-s\u00eb, duke arritur n\u00eb 67%, me vendet an\u00ebtar\u00eb t\u00eb CEFTA-s \u00ebsht\u00eb 16% dhe me vendet tjera e kalon 17% t\u00eb treg\u00ebtis\u00eb s\u00eb jashtm\u00eb n\u00eb p\u00ebrgjith\u00ebsi. Sipas t\u00eb dh\u00ebnave t\u00eb Entit statistikor, \u00e7mimet e prodhimit dhe sh\u00ebrbimit, jan\u00eb rritur p\u00ebr 0,2%. \u00c7mimet e konsumit n\u00eb tetor t\u00eb 2013 jan\u00eb rritur 2,2% p\u00ebr dallim nga muaji po i njejt\u00eb i 2012, deri sa p\u00ebr dallim nga dhjetori i 2012, jan\u00eb rritur p\u00ebr 2,6%.<\/p>\n<p>\n\t\u00a0Fitimet neto t\u00eb paguara, pa tatim dhe pa kontribute, n\u00eb Qarkun e Jabllanic\u00ebs arrijn\u00eb 33.324 dinar\u00eb, nd\u00ebrsa n\u00eb t\u00eb P\u00e7inj\u00ebs 34.056 dinar\u00eb.<\/p>\n<p>\n\tKur b\u00ebh\u00ebt fjal\u00eb p\u00ebr papun\u00ebsin\u00eb, sipas t\u00eb dh\u00ebnurave nga Sh\u00ebrbimi Nacional p\u00ebr Pun\u00ebsim,\u00a0 n\u00eb Qarkun e Jabllanic\u00ebs gjithsej jan\u00eb 37.274 t\u00eb papun\u00ebsuar, nd\u00ebrsa n\u00eb t\u00eb P\u00e7inj\u00ebs numri i t\u00eb papun\u00ebsuarve arrin n\u00eb 28.097.<\/p>\n<p>\n\t<strong>Burimi: Jugpres dhe Trupi Koordinues <\/strong><\/p>\n<p>\n\t\u00a0<\/p>\n","protected":false},"excerpt":{"rendered":"<p>Leskoc\u00eb- \u201eMjedisi makroekonomik n\u00eb t\u00eb cil\u00ebn gjenden qyteti i Leksocit dhe Vraj\u00ebs, prezanton faktor\u00ebt e v\u00ebshtir\u00eb p\u00ebr biznismen\u00ebt, ve\u00e7an\u00ebrisht p\u00ebr shkak se n\u00eb k\u00ebt\u00eb zon\u00eb jan\u00eb 11 komuna t\u00eb cilat i p\u00ebrkasin komunave t\u00eb pazhvilluara. P\u00ebrve\u00e7 k\u00ebsaj, e pranishm\u00eb \u00ebsht\u00eb edhe r\u00ebnia e k\u00ebrkes\u00ebs vendore dhe jashtme\u2026<\/p>\n","protected":false},"author":1,"featured_media":139674,"comment_status":"closed","ping_status":"closed","sticky":false,"template":"","format":"standard","meta":{"footnotes":""},"categories":[55],"tags":[],"class_list":["post-139669","post","type-post","status-publish","format-standard","has-post-thumbnail","hentry","category-lajme"],"yoast_head":"<!-- This site is optimized with the Yoast SEO plugin v27.5 - https:\/\/yoast.com\/product\/yoast-seo-wordpress\/ -->\n<title>EKONOMIA E QARKUT T\u00cb JABLLANIC\u00cbS DHE P\u00c7INJ\u00cbS - Republika e S\u00ebrbis\u00eb Trupi Koordinues p\u00ebr komunat Bujanoc, Preshev\u00eb dhe Medvegj\u00eb<\/title>\n<meta name=\"robots\" content=\"index, follow, max-snippet:-1, max-image-preview:large, max-video-preview:-1\" \/>\n<link rel=\"canonical\" href=\"https:\/\/kt.gov.rs\/sq\/ekonomia-e-qarkut-te-jabllanices-dhe-pcinjes\/\" \/>\n<meta property=\"og:locale\" content=\"sq_AL\" \/>\n<meta property=\"og:type\" content=\"article\" \/>\n<meta property=\"og:title\" content=\"EKONOMIA E QARKUT T\u00cb JABLLANIC\u00cbS DHE P\u00c7INJ\u00cbS - Republika e S\u00ebrbis\u00eb Trupi Koordinues p\u00ebr komunat Bujanoc, Preshev\u00eb dhe Medvegj\u00eb\" \/>\n<meta property=\"og:description\" content=\"Leskoc\u00eb- \u201eMjedisi makroekonomik n\u00eb t\u00eb cil\u00ebn gjenden qyteti i Leksocit dhe Vraj\u00ebs, prezanton faktor\u00ebt e v\u00ebshtir\u00eb p\u00ebr biznismen\u00ebt, ve\u00e7an\u00ebrisht p\u00ebr shkak se n\u00eb k\u00ebt\u00eb zon\u00eb jan\u00eb 11 komuna t\u00eb cilat i p\u00ebrkasin komunave t\u00eb pazhvilluara. P\u00ebrve\u00e7 k\u00ebsaj, e pranishm\u00eb \u00ebsht\u00eb edhe r\u00ebnia e k\u00ebrkes\u00ebs vendore dhe jashtme...\" \/>\n<meta property=\"og:url\" content=\"https:\/\/kt.gov.rs\/sq\/ekonomia-e-qarkut-te-jabllanices-dhe-pcinjes\/\" \/>\n<meta property=\"og:site_name\" content=\"Republika e S\u00ebrbis\u00eb Trupi Koordinues p\u00ebr komunat Bujanoc, Preshev\u00eb dhe Medvegj\u00eb\" \/>\n<meta property=\"article:publisher\" content=\"https:\/\/www.facebook.com\/SluzbaKoordinacionogTelaVladeRepublikeSrbije\" \/>\n<meta property=\"article:published_time\" content=\"2014-01-27T00:00:00+00:00\" \/>\n<meta property=\"article:modified_time\" content=\"2024-07-30T20:13:33+00:00\" \/>\n<meta property=\"og:image\" content=\"https:\/\/kt.gov.rs\/wp-content\/uploads\/2024\/07\/newspic763-5.jpg\" \/>\n\t<meta property=\"og:image:width\" content=\"315\" \/>\n\t<meta property=\"og:image:height\" content=\"209\" \/>\n\t<meta property=\"og:image:type\" content=\"image\/jpeg\" \/>\n<meta name=\"author\" content=\"ktmin\" \/>\n<meta name=\"twitter:card\" content=\"summary_large_image\" \/>\n<meta name=\"twitter:creator\" content=\"@kt_gov\" \/>\n<meta name=\"twitter:site\" content=\"@kt_gov\" \/>\n<meta name=\"twitter:label1\" content=\"Written by\" \/>\n\t<meta name=\"twitter:data1\" content=\"ktmin\" \/>\n\t<meta name=\"twitter:label2\" content=\"Est. reading time\" \/>\n\t<meta name=\"twitter:data2\" content=\"3 minutes\" \/>\n<script type=\"application\/ld+json\" class=\"yoast-schema-graph\">{\"@context\":\"https:\\\/\\\/schema.org\",\"@graph\":[{\"@type\":\"Article\",\"@id\":\"https:\\\/\\\/kt.gov.rs\\\/sq\\\/ekonomia-e-qarkut-te-jabllanices-dhe-pcinjes\\\/#article\",\"isPartOf\":{\"@id\":\"https:\\\/\\\/kt.gov.rs\\\/sq\\\/ekonomia-e-qarkut-te-jabllanices-dhe-pcinjes\\\/\"},\"author\":{\"name\":\"ktmin\",\"@id\":\"https:\\\/\\\/kt.gov.rs\\\/#\\\/schema\\\/person\\\/e426459ddb4173309103390602694571\"},\"headline\":\"EKONOMIA E QARKUT T\u00cb JABLLANIC\u00cbS DHE P\u00c7INJ\u00cbS\",\"datePublished\":\"2014-01-27T00:00:00+00:00\",\"dateModified\":\"2024-07-30T20:13:33+00:00\",\"mainEntityOfPage\":{\"@id\":\"https:\\\/\\\/kt.gov.rs\\\/sq\\\/ekonomia-e-qarkut-te-jabllanices-dhe-pcinjes\\\/\"},\"wordCount\":594,\"publisher\":{\"@id\":\"https:\\\/\\\/kt.gov.rs\\\/#organization\"},\"image\":{\"@id\":\"https:\\\/\\\/kt.gov.rs\\\/sq\\\/ekonomia-e-qarkut-te-jabllanices-dhe-pcinjes\\\/#primaryimage\"},\"thumbnailUrl\":\"https:\\\/\\\/kt.gov.rs\\\/wp-content\\\/uploads\\\/2024\\\/07\\\/newspic763-5.jpg\",\"articleSection\":[\"Lajme\"],\"inLanguage\":\"sq-AL\"},{\"@type\":\"WebPage\",\"@id\":\"https:\\\/\\\/kt.gov.rs\\\/sq\\\/ekonomia-e-qarkut-te-jabllanices-dhe-pcinjes\\\/\",\"url\":\"https:\\\/\\\/kt.gov.rs\\\/sq\\\/ekonomia-e-qarkut-te-jabllanices-dhe-pcinjes\\\/\",\"name\":\"EKONOMIA E QARKUT T\u00cb JABLLANIC\u00cbS DHE P\u00c7INJ\u00cbS - Republika e S\u00ebrbis\u00eb Trupi Koordinues p\u00ebr komunat Bujanoc, Preshev\u00eb dhe Medvegj\u00eb\",\"isPartOf\":{\"@id\":\"https:\\\/\\\/kt.gov.rs\\\/#website\"},\"primaryImageOfPage\":{\"@id\":\"https:\\\/\\\/kt.gov.rs\\\/sq\\\/ekonomia-e-qarkut-te-jabllanices-dhe-pcinjes\\\/#primaryimage\"},\"image\":{\"@id\":\"https:\\\/\\\/kt.gov.rs\\\/sq\\\/ekonomia-e-qarkut-te-jabllanices-dhe-pcinjes\\\/#primaryimage\"},\"thumbnailUrl\":\"https:\\\/\\\/kt.gov.rs\\\/wp-content\\\/uploads\\\/2024\\\/07\\\/newspic763-5.jpg\",\"datePublished\":\"2014-01-27T00:00:00+00:00\",\"dateModified\":\"2024-07-30T20:13:33+00:00\",\"breadcrumb\":{\"@id\":\"https:\\\/\\\/kt.gov.rs\\\/sq\\\/ekonomia-e-qarkut-te-jabllanices-dhe-pcinjes\\\/#breadcrumb\"},\"inLanguage\":\"sq-AL\",\"potentialAction\":[{\"@type\":\"ReadAction\",\"target\":[\"https:\\\/\\\/kt.gov.rs\\\/sq\\\/ekonomia-e-qarkut-te-jabllanices-dhe-pcinjes\\\/\"]}]},{\"@type\":\"ImageObject\",\"inLanguage\":\"sq-AL\",\"@id\":\"https:\\\/\\\/kt.gov.rs\\\/sq\\\/ekonomia-e-qarkut-te-jabllanices-dhe-pcinjes\\\/#primaryimage\",\"url\":\"https:\\\/\\\/kt.gov.rs\\\/wp-content\\\/uploads\\\/2024\\\/07\\\/newspic763-5.jpg\",\"contentUrl\":\"https:\\\/\\\/kt.gov.rs\\\/wp-content\\\/uploads\\\/2024\\\/07\\\/newspic763-5.jpg\",\"width\":315,\"height\":209},{\"@type\":\"BreadcrumbList\",\"@id\":\"https:\\\/\\\/kt.gov.rs\\\/sq\\\/ekonomia-e-qarkut-te-jabllanices-dhe-pcinjes\\\/#breadcrumb\",\"itemListElement\":[{\"@type\":\"ListItem\",\"position\":1,\"name\":\"\u041f\u043e\u0447\u0435\u0442\u043d\u0430\",\"item\":\"https:\\\/\\\/kt.gov.rs\\\/sq\\\/\"},{\"@type\":\"ListItem\",\"position\":2,\"name\":\"EKONOMIA E QARKUT T\u00cb JABLLANIC\u00cbS DHE P\u00c7INJ\u00cbS\"}]},{\"@type\":\"WebSite\",\"@id\":\"https:\\\/\\\/kt.gov.rs\\\/#website\",\"url\":\"https:\\\/\\\/kt.gov.rs\\\/\",\"name\":\"\u041a\u043e\u043e\u0440\u0434\u0438\u043d\u0430\u0446\u0438\u043e\u043d\u043e \u0442\u0435\u043b\u043e \u0412\u043b\u0430\u0434\u0435 \u0420\u0435\u043f\u0443\u0431\u043b\u0438\u043a\u0435 \u0421\u0440\u0431\u0438\u0458\u0435 \u0437\u0430 \u043e\u043f\u0448\u0442\u0438\u043d\u0435 \u041f\u0440\u0435\u0448\u0435\u0432\u043e, \u0411\u0443\u0458\u0430\u043d\u043e\u0432\u0430\u0446 \u0438 \u041c\u0435\u0434\u0432\u0435\u0452a\",\"description\":\"\",\"publisher\":{\"@id\":\"https:\\\/\\\/kt.gov.rs\\\/#organization\"},\"alternateName\":\"\u041a\u043e\u043e\u0440\u0434\u0438\u043d\u0430\u0446\u0438\u043e\u043d\u043e \u0442\u0435\u043b\u043e\",\"potentialAction\":[{\"@type\":\"SearchAction\",\"target\":{\"@type\":\"EntryPoint\",\"urlTemplate\":\"https:\\\/\\\/kt.gov.rs\\\/?s={search_term_string}\"},\"query-input\":{\"@type\":\"PropertyValueSpecification\",\"valueRequired\":true,\"valueName\":\"search_term_string\"}}],\"inLanguage\":\"sq-AL\"},{\"@type\":\"Organization\",\"@id\":\"https:\\\/\\\/kt.gov.rs\\\/#organization\",\"name\":\"\u041a\u043e\u043e\u0440\u0434\u0438\u043d\u0430\u0446\u0438\u043e\u043d\u043e \u0442\u0435\u043b\u043e \u0412\u043b\u0430\u0434\u0435 \u0420\u0435\u043f\u0443\u0431\u043b\u0438\u043a\u0435 \u0421\u0440\u0431\u0438\u0458\u0435 \u0437\u0430 \u043e\u043f\u0448\u0442\u0438\u043d\u0435 \u041f\u0440\u0435\u0448\u0435\u0432\u043e, \u0411\u0443\u0458\u0430\u043d\u043e\u0432\u0430\u0446 \u0438 \u041c\u0435\u0434\u0432\u0435\u0452a\",\"alternateName\":\"\u041a\u043e\u043e\u0440\u0434\u0438\u043d\u0430\u0446\u0438\u043e\u043d\u043e \u0442\u0435\u043b\u043e\",\"url\":\"https:\\\/\\\/kt.gov.rs\\\/\",\"logo\":{\"@type\":\"ImageObject\",\"inLanguage\":\"sq-AL\",\"@id\":\"https:\\\/\\\/kt.gov.rs\\\/#\\\/schema\\\/logo\\\/image\\\/\",\"url\":\"https:\\\/\\\/kt.gov.rs\\\/wp-content\\\/uploads\\\/2024\\\/12\\\/koord2.jpg\",\"contentUrl\":\"https:\\\/\\\/kt.gov.rs\\\/wp-content\\\/uploads\\\/2024\\\/12\\\/koord2.jpg\",\"width\":640,\"height\":480,\"caption\":\"\u041a\u043e\u043e\u0440\u0434\u0438\u043d\u0430\u0446\u0438\u043e\u043d\u043e \u0442\u0435\u043b\u043e \u0412\u043b\u0430\u0434\u0435 \u0420\u0435\u043f\u0443\u0431\u043b\u0438\u043a\u0435 \u0421\u0440\u0431\u0438\u0458\u0435 \u0437\u0430 \u043e\u043f\u0448\u0442\u0438\u043d\u0435 \u041f\u0440\u0435\u0448\u0435\u0432\u043e, \u0411\u0443\u0458\u0430\u043d\u043e\u0432\u0430\u0446 \u0438 \u041c\u0435\u0434\u0432\u0435\u0452a\"},\"image\":{\"@id\":\"https:\\\/\\\/kt.gov.rs\\\/#\\\/schema\\\/logo\\\/image\\\/\"},\"sameAs\":[\"https:\\\/\\\/www.facebook.com\\\/SluzbaKoordinacionogTelaVladeRepublikeSrbije\",\"https:\\\/\\\/x.com\\\/kt_gov\",\"https:\\\/\\\/www.youtube.com\\\/@koordinacionotelo\"]},{\"@type\":\"Person\",\"@id\":\"https:\\\/\\\/kt.gov.rs\\\/#\\\/schema\\\/person\\\/e426459ddb4173309103390602694571\",\"name\":\"ktmin\",\"image\":{\"@type\":\"ImageObject\",\"inLanguage\":\"sq-AL\",\"@id\":\"https:\\\/\\\/secure.gravatar.com\\\/avatar\\\/3985c961109853010c3fbc7ba30365bfba5db3dd6c525831d9c595c7525a615a?s=96&d=mm&r=g\",\"url\":\"https:\\\/\\\/secure.gravatar.com\\\/avatar\\\/3985c961109853010c3fbc7ba30365bfba5db3dd6c525831d9c595c7525a615a?s=96&d=mm&r=g\",\"contentUrl\":\"https:\\\/\\\/secure.gravatar.com\\\/avatar\\\/3985c961109853010c3fbc7ba30365bfba5db3dd6c525831d9c595c7525a615a?s=96&d=mm&r=g\",\"caption\":\"ktmin\"},\"sameAs\":[\"https:\\\/\\\/kt.gov.rs\"],\"url\":\"https:\\\/\\\/kt.gov.rs\\\/sq\\\/author\\\/ktmin\\\/\"}]}<\/script>\n<!-- \/ Yoast SEO plugin. -->","yoast_head_json":{"title":"EKONOMIA E QARKUT T\u00cb JABLLANIC\u00cbS DHE P\u00c7INJ\u00cbS - Republika e S\u00ebrbis\u00eb Trupi Koordinues p\u00ebr komunat Bujanoc, Preshev\u00eb dhe Medvegj\u00eb","robots":{"index":"index","follow":"follow","max-snippet":"max-snippet:-1","max-image-preview":"max-image-preview:large","max-video-preview":"max-video-preview:-1"},"canonical":"https:\/\/kt.gov.rs\/sq\/ekonomia-e-qarkut-te-jabllanices-dhe-pcinjes\/","og_locale":"sq_AL","og_type":"article","og_title":"EKONOMIA E QARKUT T\u00cb JABLLANIC\u00cbS DHE P\u00c7INJ\u00cbS - Republika e S\u00ebrbis\u00eb Trupi Koordinues p\u00ebr komunat Bujanoc, Preshev\u00eb dhe Medvegj\u00eb","og_description":"Leskoc\u00eb- \u201eMjedisi makroekonomik n\u00eb t\u00eb cil\u00ebn gjenden qyteti i Leksocit dhe Vraj\u00ebs, prezanton faktor\u00ebt e v\u00ebshtir\u00eb p\u00ebr biznismen\u00ebt, ve\u00e7an\u00ebrisht p\u00ebr shkak se n\u00eb k\u00ebt\u00eb zon\u00eb jan\u00eb 11 komuna t\u00eb cilat i p\u00ebrkasin komunave t\u00eb pazhvilluara. P\u00ebrve\u00e7 k\u00ebsaj, e pranishm\u00eb \u00ebsht\u00eb edhe r\u00ebnia e k\u00ebrkes\u00ebs vendore dhe jashtme...","og_url":"https:\/\/kt.gov.rs\/sq\/ekonomia-e-qarkut-te-jabllanices-dhe-pcinjes\/","og_site_name":"Republika e S\u00ebrbis\u00eb Trupi Koordinues p\u00ebr komunat Bujanoc, Preshev\u00eb dhe Medvegj\u00eb","article_publisher":"https:\/\/www.facebook.com\/SluzbaKoordinacionogTelaVladeRepublikeSrbije","article_published_time":"2014-01-27T00:00:00+00:00","article_modified_time":"2024-07-30T20:13:33+00:00","og_image":[{"width":315,"height":209,"url":"https:\/\/kt.gov.rs\/wp-content\/uploads\/2024\/07\/newspic763-5.jpg","type":"image\/jpeg"}],"author":"ktmin","twitter_card":"summary_large_image","twitter_creator":"@kt_gov","twitter_site":"@kt_gov","twitter_misc":{"Written by":"ktmin","Est. reading time":"3 minutes"},"schema":{"@context":"https:\/\/schema.org","@graph":[{"@type":"Article","@id":"https:\/\/kt.gov.rs\/sq\/ekonomia-e-qarkut-te-jabllanices-dhe-pcinjes\/#article","isPartOf":{"@id":"https:\/\/kt.gov.rs\/sq\/ekonomia-e-qarkut-te-jabllanices-dhe-pcinjes\/"},"author":{"name":"ktmin","@id":"https:\/\/kt.gov.rs\/#\/schema\/person\/e426459ddb4173309103390602694571"},"headline":"EKONOMIA E QARKUT T\u00cb JABLLANIC\u00cbS DHE P\u00c7INJ\u00cbS","datePublished":"2014-01-27T00:00:00+00:00","dateModified":"2024-07-30T20:13:33+00:00","mainEntityOfPage":{"@id":"https:\/\/kt.gov.rs\/sq\/ekonomia-e-qarkut-te-jabllanices-dhe-pcinjes\/"},"wordCount":594,"publisher":{"@id":"https:\/\/kt.gov.rs\/#organization"},"image":{"@id":"https:\/\/kt.gov.rs\/sq\/ekonomia-e-qarkut-te-jabllanices-dhe-pcinjes\/#primaryimage"},"thumbnailUrl":"https:\/\/kt.gov.rs\/wp-content\/uploads\/2024\/07\/newspic763-5.jpg","articleSection":["Lajme"],"inLanguage":"sq-AL"},{"@type":"WebPage","@id":"https:\/\/kt.gov.rs\/sq\/ekonomia-e-qarkut-te-jabllanices-dhe-pcinjes\/","url":"https:\/\/kt.gov.rs\/sq\/ekonomia-e-qarkut-te-jabllanices-dhe-pcinjes\/","name":"EKONOMIA E QARKUT T\u00cb JABLLANIC\u00cbS DHE P\u00c7INJ\u00cbS - Republika e S\u00ebrbis\u00eb Trupi Koordinues p\u00ebr komunat Bujanoc, Preshev\u00eb dhe Medvegj\u00eb","isPartOf":{"@id":"https:\/\/kt.gov.rs\/#website"},"primaryImageOfPage":{"@id":"https:\/\/kt.gov.rs\/sq\/ekonomia-e-qarkut-te-jabllanices-dhe-pcinjes\/#primaryimage"},"image":{"@id":"https:\/\/kt.gov.rs\/sq\/ekonomia-e-qarkut-te-jabllanices-dhe-pcinjes\/#primaryimage"},"thumbnailUrl":"https:\/\/kt.gov.rs\/wp-content\/uploads\/2024\/07\/newspic763-5.jpg","datePublished":"2014-01-27T00:00:00+00:00","dateModified":"2024-07-30T20:13:33+00:00","breadcrumb":{"@id":"https:\/\/kt.gov.rs\/sq\/ekonomia-e-qarkut-te-jabllanices-dhe-pcinjes\/#breadcrumb"},"inLanguage":"sq-AL","potentialAction":[{"@type":"ReadAction","target":["https:\/\/kt.gov.rs\/sq\/ekonomia-e-qarkut-te-jabllanices-dhe-pcinjes\/"]}]},{"@type":"ImageObject","inLanguage":"sq-AL","@id":"https:\/\/kt.gov.rs\/sq\/ekonomia-e-qarkut-te-jabllanices-dhe-pcinjes\/#primaryimage","url":"https:\/\/kt.gov.rs\/wp-content\/uploads\/2024\/07\/newspic763-5.jpg","contentUrl":"https:\/\/kt.gov.rs\/wp-content\/uploads\/2024\/07\/newspic763-5.jpg","width":315,"height":209},{"@type":"BreadcrumbList","@id":"https:\/\/kt.gov.rs\/sq\/ekonomia-e-qarkut-te-jabllanices-dhe-pcinjes\/#breadcrumb","itemListElement":[{"@type":"ListItem","position":1,"name":"\u041f\u043e\u0447\u0435\u0442\u043d\u0430","item":"https:\/\/kt.gov.rs\/sq\/"},{"@type":"ListItem","position":2,"name":"EKONOMIA E QARKUT T\u00cb JABLLANIC\u00cbS DHE P\u00c7INJ\u00cbS"}]},{"@type":"WebSite","@id":"https:\/\/kt.gov.rs\/#website","url":"https:\/\/kt.gov.rs\/","name":"\u041a\u043e\u043e\u0440\u0434\u0438\u043d\u0430\u0446\u0438\u043e\u043d\u043e \u0442\u0435\u043b\u043e \u0412\u043b\u0430\u0434\u0435 \u0420\u0435\u043f\u0443\u0431\u043b\u0438\u043a\u0435 \u0421\u0440\u0431\u0438\u0458\u0435 \u0437\u0430 \u043e\u043f\u0448\u0442\u0438\u043d\u0435 \u041f\u0440\u0435\u0448\u0435\u0432\u043e, \u0411\u0443\u0458\u0430\u043d\u043e\u0432\u0430\u0446 \u0438 \u041c\u0435\u0434\u0432\u0435\u0452a","description":"","publisher":{"@id":"https:\/\/kt.gov.rs\/#organization"},"alternateName":"\u041a\u043e\u043e\u0440\u0434\u0438\u043d\u0430\u0446\u0438\u043e\u043d\u043e \u0442\u0435\u043b\u043e","potentialAction":[{"@type":"SearchAction","target":{"@type":"EntryPoint","urlTemplate":"https:\/\/kt.gov.rs\/?s={search_term_string}"},"query-input":{"@type":"PropertyValueSpecification","valueRequired":true,"valueName":"search_term_string"}}],"inLanguage":"sq-AL"},{"@type":"Organization","@id":"https:\/\/kt.gov.rs\/#organization","name":"\u041a\u043e\u043e\u0440\u0434\u0438\u043d\u0430\u0446\u0438\u043e\u043d\u043e \u0442\u0435\u043b\u043e \u0412\u043b\u0430\u0434\u0435 \u0420\u0435\u043f\u0443\u0431\u043b\u0438\u043a\u0435 \u0421\u0440\u0431\u0438\u0458\u0435 \u0437\u0430 \u043e\u043f\u0448\u0442\u0438\u043d\u0435 \u041f\u0440\u0435\u0448\u0435\u0432\u043e, \u0411\u0443\u0458\u0430\u043d\u043e\u0432\u0430\u0446 \u0438 \u041c\u0435\u0434\u0432\u0435\u0452a","alternateName":"\u041a\u043e\u043e\u0440\u0434\u0438\u043d\u0430\u0446\u0438\u043e\u043d\u043e \u0442\u0435\u043b\u043e","url":"https:\/\/kt.gov.rs\/","logo":{"@type":"ImageObject","inLanguage":"sq-AL","@id":"https:\/\/kt.gov.rs\/#\/schema\/logo\/image\/","url":"https:\/\/kt.gov.rs\/wp-content\/uploads\/2024\/12\/koord2.jpg","contentUrl":"https:\/\/kt.gov.rs\/wp-content\/uploads\/2024\/12\/koord2.jpg","width":640,"height":480,"caption":"\u041a\u043e\u043e\u0440\u0434\u0438\u043d\u0430\u0446\u0438\u043e\u043d\u043e \u0442\u0435\u043b\u043e \u0412\u043b\u0430\u0434\u0435 \u0420\u0435\u043f\u0443\u0431\u043b\u0438\u043a\u0435 \u0421\u0440\u0431\u0438\u0458\u0435 \u0437\u0430 \u043e\u043f\u0448\u0442\u0438\u043d\u0435 \u041f\u0440\u0435\u0448\u0435\u0432\u043e, \u0411\u0443\u0458\u0430\u043d\u043e\u0432\u0430\u0446 \u0438 \u041c\u0435\u0434\u0432\u0435\u0452a"},"image":{"@id":"https:\/\/kt.gov.rs\/#\/schema\/logo\/image\/"},"sameAs":["https:\/\/www.facebook.com\/SluzbaKoordinacionogTelaVladeRepublikeSrbije","https:\/\/x.com\/kt_gov","https:\/\/www.youtube.com\/@koordinacionotelo"]},{"@type":"Person","@id":"https:\/\/kt.gov.rs\/#\/schema\/person\/e426459ddb4173309103390602694571","name":"ktmin","image":{"@type":"ImageObject","inLanguage":"sq-AL","@id":"https:\/\/secure.gravatar.com\/avatar\/3985c961109853010c3fbc7ba30365bfba5db3dd6c525831d9c595c7525a615a?s=96&d=mm&r=g","url":"https:\/\/secure.gravatar.com\/avatar\/3985c961109853010c3fbc7ba30365bfba5db3dd6c525831d9c595c7525a615a?s=96&d=mm&r=g","contentUrl":"https:\/\/secure.gravatar.com\/avatar\/3985c961109853010c3fbc7ba30365bfba5db3dd6c525831d9c595c7525a615a?s=96&d=mm&r=g","caption":"ktmin"},"sameAs":["https:\/\/kt.gov.rs"],"url":"https:\/\/kt.gov.rs\/sq\/author\/ktmin\/"}]}},"_links":{"self":[{"href":"https:\/\/kt.gov.rs\/sq\/wp-json\/wp\/v2\/posts\/139669","targetHints":{"allow":["GET"]}}],"collection":[{"href":"https:\/\/kt.gov.rs\/sq\/wp-json\/wp\/v2\/posts"}],"about":[{"href":"https:\/\/kt.gov.rs\/sq\/wp-json\/wp\/v2\/types\/post"}],"author":[{"embeddable":true,"href":"https:\/\/kt.gov.rs\/sq\/wp-json\/wp\/v2\/users\/1"}],"replies":[{"embeddable":true,"href":"https:\/\/kt.gov.rs\/sq\/wp-json\/wp\/v2\/comments?post=139669"}],"version-history":[{"count":1,"href":"https:\/\/kt.gov.rs\/sq\/wp-json\/wp\/v2\/posts\/139669\/revisions"}],"predecessor-version":[{"id":139673,"href":"https:\/\/kt.gov.rs\/sq\/wp-json\/wp\/v2\/posts\/139669\/revisions\/139673"}],"wp:featuredmedia":[{"embeddable":true,"href":"https:\/\/kt.gov.rs\/sq\/wp-json\/wp\/v2\/media\/139674"}],"wp:attachment":[{"href":"https:\/\/kt.gov.rs\/sq\/wp-json\/wp\/v2\/media?parent=139669"}],"wp:term":[{"taxonomy":"category","embeddable":true,"href":"https:\/\/kt.gov.rs\/sq\/wp-json\/wp\/v2\/categories?post=139669"},{"taxonomy":"post_tag","embeddable":true,"href":"https:\/\/kt.gov.rs\/sq\/wp-json\/wp\/v2\/tags?post=139669"}],"curies":[{"name":"wp","href":"https:\/\/api.w.org\/{rel}","templated":true}]}}