{"id":139661,"date":"2014-01-28T00:00:00","date_gmt":"2014-01-28T00:00:00","guid":{"rendered":"http:\/\/kt.printandscreen.rs\/eshte-djegur-konaku-i-mbretit-ne-manastirin-e-prohor-pcinjes\/"},"modified":"2024-07-30T20:13:33","modified_gmt":"2024-07-30T20:13:33","slug":"eshte-djegur-konaku-i-mbretit-ne-manastirin-e-prohor-pcinjes","status":"publish","type":"post","link":"https:\/\/kt.gov.rs\/sq\/eshte-djegur-konaku-i-mbretit-ne-manastirin-e-prohor-pcinjes\/","title":{"rendered":"\u00cbSHT\u00cb DJEGUR KONAKU I MBRETIT N\u00cb MANASTIRIN E PROHOR P\u00c7INJ\u00cbS"},"content":{"rendered":"<p>\n\t<strong><img decoding=\"async\" alt=\"\" src=\"https:\/\/kt.gov.rs\/wp-content\/uploads\/2024\/07\/newspic764v-4.jpg\" style=\"width: 640px; height: 243px;\" \/><\/strong><\/p>\n<p>\n\t<strong>Bujanoc-<\/strong>\u00a0 Z\u00ebdh\u00ebn\u00ebsi i krytarit t\u00eb komun\u00ebs s\u00eb Bujanocit, Stojan\u00e7e Arsiq, ka deklaruar se n\u00eb zjarrin i cili shp\u00ebrtheu dje n\u00eb or\u00ebt e paradit\u00ebs, \u00ebsht\u00eb djegur Konaku i Mbretit n\u00eb manastirin e Prohor P\u00e7inj\u00ebs.<\/p>\n<p>\n\t\u00a0\u201c\u00cbsht\u00eb djegur kulmi i nd\u00ebrtes\u00ebs i cili ndodhet n\u00eb pjes\u00ebn e majt\u00eb t\u00eb hymjes p\u00ebr n\u00eb manastir, si dhe tavanet dhe dyshemet\u00eb. Tjerat jan\u00eb vet\u00ebm mure\u201d, ka th\u00ebn\u00eb Arsiq.<\/p>\n<p>\n\tZjarri i cili kaploj konakun e manastirit mban emrin \u201cKonaku i Mbretit\u201d.<\/p>\n<p>\n\tArsiq ka th\u00ebn\u00eb se p\u00ebr shuarjen e zjarrit kan\u00eb qen\u00eb t\u00eb angazhuar murgjit, banor\u00ebt dhe nj\u00ebsit e zjarr\u00ebfik\u00ebsve mir\u00ebpo nuk kan\u00eb arrit q\u00eb t\u00eb ndalojn\u00eb q\u00eb zjarri t\u00eb mos e kaploj\u00eb konakun.<\/p>\n<p>\n\t\u00a0\u201cUjin e kan\u00eb nxjerr\u00eb direkt nga lumi P\u00e7inja, shum\u00eb mir\u00eb kan\u00eb qen\u00eb t\u00eb organizuar, mir\u00ebpo kjo nuk ka ndihmuar n\u00eb fikjen e zjarrit\u201d- ka th\u00ebn\u00eb Arsiq.<\/p>\n<p>\n\tPortparolli i administrat\u00ebs policore t\u00eb Vranj\u00ebs, Dragan Stamenkoviq, ka th\u00ebn\u00eb se n\u00eb fikjen e zjarrit kan\u00eb qen\u00eb t\u00eb angazhuar t\u00eb gjitha ekipet e disponueshme, poashtu ai ka th\u00ebn\u00eb se ende nuk dihet se cili ka q\u00ebn\u00eb shkaktari i zjarrit.<\/p>\n<p>\n\tMir\u00ebpo, thuhet se zjarrin e ka shkaktuar koftor\u00ebt e ndezur, dhe se gypi i tymit kishte dal direkt n\u00eb tavan i cili ishte prej druri dhe i cili ishte pa oxhak.<\/p>\n<p>\n\tManastiri i Prohor P\u00e7inj\u00ebs \u00ebsht\u00eb rekostruktuar n\u00eb fillim t\u00eb decenies s\u00eb par\u00eb t\u00eb vitit 2000.<\/p>\n<p>\n\t<strong>Burimi: Jugpres dhe Trupi Koordinues<\/strong><\/p>\n<p>\n\t\u00a0<\/p>\n","protected":false},"excerpt":{"rendered":"<p>Bujanoc-\u00a0 Z\u00ebdh\u00ebn\u00ebsi i krytarit t\u00eb komun\u00ebs s\u00eb Bujanocit, Stojan\u00e7e Arsiq, ka deklaruar se n\u00eb zjarrin i cili shp\u00ebrtheu dje n\u00eb or\u00ebt e paradit\u00ebs, \u00ebsht\u00eb djegur Konaku i Mbretit n\u00eb manastirin e Prohor P\u00e7inj\u00ebs.<\/p>\n","protected":false},"author":1,"featured_media":139666,"comment_status":"closed","ping_status":"closed","sticky":false,"template":"","format":"standard","meta":{"footnotes":""},"categories":[55],"tags":[],"class_list":["post-139661","post","type-post","status-publish","format-standard","has-post-thumbnail","hentry","category-lajme"],"yoast_head":"<!-- This site is optimized with the Yoast SEO plugin v27.5 - https:\/\/yoast.com\/product\/yoast-seo-wordpress\/ -->\n<title>\u00cbSHT\u00cb DJEGUR KONAKU I MBRETIT N\u00cb MANASTIRIN E PROHOR P\u00c7INJ\u00cbS - Republika e S\u00ebrbis\u00eb Trupi Koordinues p\u00ebr komunat Bujanoc, Preshev\u00eb dhe Medvegj\u00eb<\/title>\n<meta name=\"robots\" content=\"index, follow, max-snippet:-1, max-image-preview:large, max-video-preview:-1\" \/>\n<link rel=\"canonical\" href=\"https:\/\/kt.gov.rs\/sq\/eshte-djegur-konaku-i-mbretit-ne-manastirin-e-prohor-pcinjes\/\" \/>\n<meta property=\"og:locale\" content=\"sq_AL\" \/>\n<meta property=\"og:type\" content=\"article\" \/>\n<meta property=\"og:title\" content=\"\u00cbSHT\u00cb DJEGUR KONAKU I MBRETIT N\u00cb MANASTIRIN E PROHOR P\u00c7INJ\u00cbS - Republika e S\u00ebrbis\u00eb Trupi Koordinues p\u00ebr komunat Bujanoc, Preshev\u00eb dhe Medvegj\u00eb\" \/>\n<meta property=\"og:description\" content=\"Bujanoc-\u00a0 Z\u00ebdh\u00ebn\u00ebsi i krytarit t\u00eb komun\u00ebs s\u00eb Bujanocit, Stojan\u00e7e Arsiq, ka deklaruar se n\u00eb zjarrin i cili shp\u00ebrtheu dje n\u00eb or\u00ebt e paradit\u00ebs, \u00ebsht\u00eb djegur Konaku i Mbretit n\u00eb manastirin e Prohor P\u00e7inj\u00ebs.\" \/>\n<meta property=\"og:url\" content=\"https:\/\/kt.gov.rs\/sq\/eshte-djegur-konaku-i-mbretit-ne-manastirin-e-prohor-pcinjes\/\" \/>\n<meta property=\"og:site_name\" content=\"Republika e S\u00ebrbis\u00eb Trupi Koordinues p\u00ebr komunat Bujanoc, Preshev\u00eb dhe Medvegj\u00eb\" \/>\n<meta property=\"article:publisher\" content=\"https:\/\/www.facebook.com\/SluzbaKoordinacionogTelaVladeRepublikeSrbije\" \/>\n<meta property=\"article:published_time\" content=\"2014-01-28T00:00:00+00:00\" \/>\n<meta property=\"article:modified_time\" content=\"2024-07-30T20:13:33+00:00\" \/>\n<meta property=\"og:image\" content=\"https:\/\/kt.gov.rs\/wp-content\/uploads\/2024\/07\/newspic764v-5.jpg\" \/>\n\t<meta property=\"og:image:width\" content=\"640\" \/>\n\t<meta property=\"og:image:height\" content=\"243\" \/>\n\t<meta property=\"og:image:type\" content=\"image\/jpeg\" \/>\n<meta name=\"author\" content=\"ktmin\" \/>\n<meta name=\"twitter:card\" content=\"summary_large_image\" \/>\n<meta name=\"twitter:creator\" content=\"@kt_gov\" \/>\n<meta name=\"twitter:site\" content=\"@kt_gov\" \/>\n<meta name=\"twitter:label1\" content=\"Written by\" \/>\n\t<meta name=\"twitter:data1\" content=\"ktmin\" \/>\n\t<meta name=\"twitter:label2\" content=\"Est. reading time\" \/>\n\t<meta name=\"twitter:data2\" content=\"2 minutes\" \/>\n<script type=\"application\/ld+json\" class=\"yoast-schema-graph\">{\"@context\":\"https:\\\/\\\/schema.org\",\"@graph\":[{\"@type\":\"Article\",\"@id\":\"https:\\\/\\\/kt.gov.rs\\\/sq\\\/eshte-djegur-konaku-i-mbretit-ne-manastirin-e-prohor-pcinjes\\\/#article\",\"isPartOf\":{\"@id\":\"https:\\\/\\\/kt.gov.rs\\\/sq\\\/eshte-djegur-konaku-i-mbretit-ne-manastirin-e-prohor-pcinjes\\\/\"},\"author\":{\"name\":\"ktmin\",\"@id\":\"https:\\\/\\\/kt.gov.rs\\\/#\\\/schema\\\/person\\\/e426459ddb4173309103390602694571\"},\"headline\":\"\u00cbSHT\u00cb DJEGUR KONAKU I MBRETIT N\u00cb MANASTIRIN E PROHOR P\u00c7INJ\u00cbS\",\"datePublished\":\"2014-01-28T00:00:00+00:00\",\"dateModified\":\"2024-07-30T20:13:33+00:00\",\"mainEntityOfPage\":{\"@id\":\"https:\\\/\\\/kt.gov.rs\\\/sq\\\/eshte-djegur-konaku-i-mbretit-ne-manastirin-e-prohor-pcinjes\\\/\"},\"wordCount\":367,\"publisher\":{\"@id\":\"https:\\\/\\\/kt.gov.rs\\\/#organization\"},\"image\":{\"@id\":\"https:\\\/\\\/kt.gov.rs\\\/sq\\\/eshte-djegur-konaku-i-mbretit-ne-manastirin-e-prohor-pcinjes\\\/#primaryimage\"},\"thumbnailUrl\":\"https:\\\/\\\/kt.gov.rs\\\/wp-content\\\/uploads\\\/2024\\\/07\\\/newspic764v-5.jpg\",\"articleSection\":[\"Lajme\"],\"inLanguage\":\"sq-AL\"},{\"@type\":\"WebPage\",\"@id\":\"https:\\\/\\\/kt.gov.rs\\\/sq\\\/eshte-djegur-konaku-i-mbretit-ne-manastirin-e-prohor-pcinjes\\\/\",\"url\":\"https:\\\/\\\/kt.gov.rs\\\/sq\\\/eshte-djegur-konaku-i-mbretit-ne-manastirin-e-prohor-pcinjes\\\/\",\"name\":\"\u00cbSHT\u00cb DJEGUR KONAKU I MBRETIT N\u00cb MANASTIRIN E PROHOR P\u00c7INJ\u00cbS - Republika e S\u00ebrbis\u00eb Trupi Koordinues p\u00ebr komunat Bujanoc, Preshev\u00eb dhe Medvegj\u00eb\",\"isPartOf\":{\"@id\":\"https:\\\/\\\/kt.gov.rs\\\/#website\"},\"primaryImageOfPage\":{\"@id\":\"https:\\\/\\\/kt.gov.rs\\\/sq\\\/eshte-djegur-konaku-i-mbretit-ne-manastirin-e-prohor-pcinjes\\\/#primaryimage\"},\"image\":{\"@id\":\"https:\\\/\\\/kt.gov.rs\\\/sq\\\/eshte-djegur-konaku-i-mbretit-ne-manastirin-e-prohor-pcinjes\\\/#primaryimage\"},\"thumbnailUrl\":\"https:\\\/\\\/kt.gov.rs\\\/wp-content\\\/uploads\\\/2024\\\/07\\\/newspic764v-5.jpg\",\"datePublished\":\"2014-01-28T00:00:00+00:00\",\"dateModified\":\"2024-07-30T20:13:33+00:00\",\"breadcrumb\":{\"@id\":\"https:\\\/\\\/kt.gov.rs\\\/sq\\\/eshte-djegur-konaku-i-mbretit-ne-manastirin-e-prohor-pcinjes\\\/#breadcrumb\"},\"inLanguage\":\"sq-AL\",\"potentialAction\":[{\"@type\":\"ReadAction\",\"target\":[\"https:\\\/\\\/kt.gov.rs\\\/sq\\\/eshte-djegur-konaku-i-mbretit-ne-manastirin-e-prohor-pcinjes\\\/\"]}]},{\"@type\":\"ImageObject\",\"inLanguage\":\"sq-AL\",\"@id\":\"https:\\\/\\\/kt.gov.rs\\\/sq\\\/eshte-djegur-konaku-i-mbretit-ne-manastirin-e-prohor-pcinjes\\\/#primaryimage\",\"url\":\"https:\\\/\\\/kt.gov.rs\\\/wp-content\\\/uploads\\\/2024\\\/07\\\/newspic764v-5.jpg\",\"contentUrl\":\"https:\\\/\\\/kt.gov.rs\\\/wp-content\\\/uploads\\\/2024\\\/07\\\/newspic764v-5.jpg\",\"width\":640,\"height\":243},{\"@type\":\"BreadcrumbList\",\"@id\":\"https:\\\/\\\/kt.gov.rs\\\/sq\\\/eshte-djegur-konaku-i-mbretit-ne-manastirin-e-prohor-pcinjes\\\/#breadcrumb\",\"itemListElement\":[{\"@type\":\"ListItem\",\"position\":1,\"name\":\"\u041f\u043e\u0447\u0435\u0442\u043d\u0430\",\"item\":\"https:\\\/\\\/kt.gov.rs\\\/sq\\\/\"},{\"@type\":\"ListItem\",\"position\":2,\"name\":\"\u00cbSHT\u00cb DJEGUR KONAKU I MBRETIT N\u00cb MANASTIRIN E PROHOR P\u00c7INJ\u00cbS\"}]},{\"@type\":\"WebSite\",\"@id\":\"https:\\\/\\\/kt.gov.rs\\\/#website\",\"url\":\"https:\\\/\\\/kt.gov.rs\\\/\",\"name\":\"\u041a\u043e\u043e\u0440\u0434\u0438\u043d\u0430\u0446\u0438\u043e\u043d\u043e \u0442\u0435\u043b\u043e \u0412\u043b\u0430\u0434\u0435 \u0420\u0435\u043f\u0443\u0431\u043b\u0438\u043a\u0435 \u0421\u0440\u0431\u0438\u0458\u0435 \u0437\u0430 \u043e\u043f\u0448\u0442\u0438\u043d\u0435 \u041f\u0440\u0435\u0448\u0435\u0432\u043e, \u0411\u0443\u0458\u0430\u043d\u043e\u0432\u0430\u0446 \u0438 \u041c\u0435\u0434\u0432\u0435\u0452a\",\"description\":\"\",\"publisher\":{\"@id\":\"https:\\\/\\\/kt.gov.rs\\\/#organization\"},\"alternateName\":\"\u041a\u043e\u043e\u0440\u0434\u0438\u043d\u0430\u0446\u0438\u043e\u043d\u043e \u0442\u0435\u043b\u043e\",\"potentialAction\":[{\"@type\":\"SearchAction\",\"target\":{\"@type\":\"EntryPoint\",\"urlTemplate\":\"https:\\\/\\\/kt.gov.rs\\\/?s={search_term_string}\"},\"query-input\":{\"@type\":\"PropertyValueSpecification\",\"valueRequired\":true,\"valueName\":\"search_term_string\"}}],\"inLanguage\":\"sq-AL\"},{\"@type\":\"Organization\",\"@id\":\"https:\\\/\\\/kt.gov.rs\\\/#organization\",\"name\":\"\u041a\u043e\u043e\u0440\u0434\u0438\u043d\u0430\u0446\u0438\u043e\u043d\u043e \u0442\u0435\u043b\u043e \u0412\u043b\u0430\u0434\u0435 \u0420\u0435\u043f\u0443\u0431\u043b\u0438\u043a\u0435 \u0421\u0440\u0431\u0438\u0458\u0435 \u0437\u0430 \u043e\u043f\u0448\u0442\u0438\u043d\u0435 \u041f\u0440\u0435\u0448\u0435\u0432\u043e, \u0411\u0443\u0458\u0430\u043d\u043e\u0432\u0430\u0446 \u0438 \u041c\u0435\u0434\u0432\u0435\u0452a\",\"alternateName\":\"\u041a\u043e\u043e\u0440\u0434\u0438\u043d\u0430\u0446\u0438\u043e\u043d\u043e \u0442\u0435\u043b\u043e\",\"url\":\"https:\\\/\\\/kt.gov.rs\\\/\",\"logo\":{\"@type\":\"ImageObject\",\"inLanguage\":\"sq-AL\",\"@id\":\"https:\\\/\\\/kt.gov.rs\\\/#\\\/schema\\\/logo\\\/image\\\/\",\"url\":\"https:\\\/\\\/kt.gov.rs\\\/wp-content\\\/uploads\\\/2024\\\/12\\\/koord2.jpg\",\"contentUrl\":\"https:\\\/\\\/kt.gov.rs\\\/wp-content\\\/uploads\\\/2024\\\/12\\\/koord2.jpg\",\"width\":640,\"height\":480,\"caption\":\"\u041a\u043e\u043e\u0440\u0434\u0438\u043d\u0430\u0446\u0438\u043e\u043d\u043e \u0442\u0435\u043b\u043e \u0412\u043b\u0430\u0434\u0435 \u0420\u0435\u043f\u0443\u0431\u043b\u0438\u043a\u0435 \u0421\u0440\u0431\u0438\u0458\u0435 \u0437\u0430 \u043e\u043f\u0448\u0442\u0438\u043d\u0435 \u041f\u0440\u0435\u0448\u0435\u0432\u043e, \u0411\u0443\u0458\u0430\u043d\u043e\u0432\u0430\u0446 \u0438 \u041c\u0435\u0434\u0432\u0435\u0452a\"},\"image\":{\"@id\":\"https:\\\/\\\/kt.gov.rs\\\/#\\\/schema\\\/logo\\\/image\\\/\"},\"sameAs\":[\"https:\\\/\\\/www.facebook.com\\\/SluzbaKoordinacionogTelaVladeRepublikeSrbije\",\"https:\\\/\\\/x.com\\\/kt_gov\",\"https:\\\/\\\/www.youtube.com\\\/@koordinacionotelo\"]},{\"@type\":\"Person\",\"@id\":\"https:\\\/\\\/kt.gov.rs\\\/#\\\/schema\\\/person\\\/e426459ddb4173309103390602694571\",\"name\":\"ktmin\",\"image\":{\"@type\":\"ImageObject\",\"inLanguage\":\"sq-AL\",\"@id\":\"https:\\\/\\\/secure.gravatar.com\\\/avatar\\\/3985c961109853010c3fbc7ba30365bfba5db3dd6c525831d9c595c7525a615a?s=96&d=mm&r=g\",\"url\":\"https:\\\/\\\/secure.gravatar.com\\\/avatar\\\/3985c961109853010c3fbc7ba30365bfba5db3dd6c525831d9c595c7525a615a?s=96&d=mm&r=g\",\"contentUrl\":\"https:\\\/\\\/secure.gravatar.com\\\/avatar\\\/3985c961109853010c3fbc7ba30365bfba5db3dd6c525831d9c595c7525a615a?s=96&d=mm&r=g\",\"caption\":\"ktmin\"},\"sameAs\":[\"https:\\\/\\\/kt.gov.rs\"],\"url\":\"https:\\\/\\\/kt.gov.rs\\\/sq\\\/author\\\/ktmin\\\/\"}]}<\/script>\n<!-- \/ Yoast SEO plugin. -->","yoast_head_json":{"title":"\u00cbSHT\u00cb DJEGUR KONAKU I MBRETIT N\u00cb MANASTIRIN E PROHOR P\u00c7INJ\u00cbS - Republika e S\u00ebrbis\u00eb Trupi Koordinues p\u00ebr komunat Bujanoc, Preshev\u00eb dhe Medvegj\u00eb","robots":{"index":"index","follow":"follow","max-snippet":"max-snippet:-1","max-image-preview":"max-image-preview:large","max-video-preview":"max-video-preview:-1"},"canonical":"https:\/\/kt.gov.rs\/sq\/eshte-djegur-konaku-i-mbretit-ne-manastirin-e-prohor-pcinjes\/","og_locale":"sq_AL","og_type":"article","og_title":"\u00cbSHT\u00cb DJEGUR KONAKU I MBRETIT N\u00cb MANASTIRIN E PROHOR P\u00c7INJ\u00cbS - Republika e S\u00ebrbis\u00eb Trupi Koordinues p\u00ebr komunat Bujanoc, Preshev\u00eb dhe Medvegj\u00eb","og_description":"Bujanoc-\u00a0 Z\u00ebdh\u00ebn\u00ebsi i krytarit t\u00eb komun\u00ebs s\u00eb Bujanocit, Stojan\u00e7e Arsiq, ka deklaruar se n\u00eb zjarrin i cili shp\u00ebrtheu dje n\u00eb or\u00ebt e paradit\u00ebs, \u00ebsht\u00eb djegur Konaku i Mbretit n\u00eb manastirin e Prohor P\u00e7inj\u00ebs.","og_url":"https:\/\/kt.gov.rs\/sq\/eshte-djegur-konaku-i-mbretit-ne-manastirin-e-prohor-pcinjes\/","og_site_name":"Republika e S\u00ebrbis\u00eb Trupi Koordinues p\u00ebr komunat Bujanoc, Preshev\u00eb dhe Medvegj\u00eb","article_publisher":"https:\/\/www.facebook.com\/SluzbaKoordinacionogTelaVladeRepublikeSrbije","article_published_time":"2014-01-28T00:00:00+00:00","article_modified_time":"2024-07-30T20:13:33+00:00","og_image":[{"width":640,"height":243,"url":"https:\/\/kt.gov.rs\/wp-content\/uploads\/2024\/07\/newspic764v-5.jpg","type":"image\/jpeg"}],"author":"ktmin","twitter_card":"summary_large_image","twitter_creator":"@kt_gov","twitter_site":"@kt_gov","twitter_misc":{"Written by":"ktmin","Est. reading time":"2 minutes"},"schema":{"@context":"https:\/\/schema.org","@graph":[{"@type":"Article","@id":"https:\/\/kt.gov.rs\/sq\/eshte-djegur-konaku-i-mbretit-ne-manastirin-e-prohor-pcinjes\/#article","isPartOf":{"@id":"https:\/\/kt.gov.rs\/sq\/eshte-djegur-konaku-i-mbretit-ne-manastirin-e-prohor-pcinjes\/"},"author":{"name":"ktmin","@id":"https:\/\/kt.gov.rs\/#\/schema\/person\/e426459ddb4173309103390602694571"},"headline":"\u00cbSHT\u00cb DJEGUR KONAKU I MBRETIT N\u00cb MANASTIRIN E PROHOR P\u00c7INJ\u00cbS","datePublished":"2014-01-28T00:00:00+00:00","dateModified":"2024-07-30T20:13:33+00:00","mainEntityOfPage":{"@id":"https:\/\/kt.gov.rs\/sq\/eshte-djegur-konaku-i-mbretit-ne-manastirin-e-prohor-pcinjes\/"},"wordCount":367,"publisher":{"@id":"https:\/\/kt.gov.rs\/#organization"},"image":{"@id":"https:\/\/kt.gov.rs\/sq\/eshte-djegur-konaku-i-mbretit-ne-manastirin-e-prohor-pcinjes\/#primaryimage"},"thumbnailUrl":"https:\/\/kt.gov.rs\/wp-content\/uploads\/2024\/07\/newspic764v-5.jpg","articleSection":["Lajme"],"inLanguage":"sq-AL"},{"@type":"WebPage","@id":"https:\/\/kt.gov.rs\/sq\/eshte-djegur-konaku-i-mbretit-ne-manastirin-e-prohor-pcinjes\/","url":"https:\/\/kt.gov.rs\/sq\/eshte-djegur-konaku-i-mbretit-ne-manastirin-e-prohor-pcinjes\/","name":"\u00cbSHT\u00cb DJEGUR KONAKU I MBRETIT N\u00cb MANASTIRIN E PROHOR P\u00c7INJ\u00cbS - Republika e S\u00ebrbis\u00eb Trupi Koordinues p\u00ebr komunat Bujanoc, Preshev\u00eb dhe Medvegj\u00eb","isPartOf":{"@id":"https:\/\/kt.gov.rs\/#website"},"primaryImageOfPage":{"@id":"https:\/\/kt.gov.rs\/sq\/eshte-djegur-konaku-i-mbretit-ne-manastirin-e-prohor-pcinjes\/#primaryimage"},"image":{"@id":"https:\/\/kt.gov.rs\/sq\/eshte-djegur-konaku-i-mbretit-ne-manastirin-e-prohor-pcinjes\/#primaryimage"},"thumbnailUrl":"https:\/\/kt.gov.rs\/wp-content\/uploads\/2024\/07\/newspic764v-5.jpg","datePublished":"2014-01-28T00:00:00+00:00","dateModified":"2024-07-30T20:13:33+00:00","breadcrumb":{"@id":"https:\/\/kt.gov.rs\/sq\/eshte-djegur-konaku-i-mbretit-ne-manastirin-e-prohor-pcinjes\/#breadcrumb"},"inLanguage":"sq-AL","potentialAction":[{"@type":"ReadAction","target":["https:\/\/kt.gov.rs\/sq\/eshte-djegur-konaku-i-mbretit-ne-manastirin-e-prohor-pcinjes\/"]}]},{"@type":"ImageObject","inLanguage":"sq-AL","@id":"https:\/\/kt.gov.rs\/sq\/eshte-djegur-konaku-i-mbretit-ne-manastirin-e-prohor-pcinjes\/#primaryimage","url":"https:\/\/kt.gov.rs\/wp-content\/uploads\/2024\/07\/newspic764v-5.jpg","contentUrl":"https:\/\/kt.gov.rs\/wp-content\/uploads\/2024\/07\/newspic764v-5.jpg","width":640,"height":243},{"@type":"BreadcrumbList","@id":"https:\/\/kt.gov.rs\/sq\/eshte-djegur-konaku-i-mbretit-ne-manastirin-e-prohor-pcinjes\/#breadcrumb","itemListElement":[{"@type":"ListItem","position":1,"name":"\u041f\u043e\u0447\u0435\u0442\u043d\u0430","item":"https:\/\/kt.gov.rs\/sq\/"},{"@type":"ListItem","position":2,"name":"\u00cbSHT\u00cb DJEGUR KONAKU I MBRETIT N\u00cb MANASTIRIN E PROHOR P\u00c7INJ\u00cbS"}]},{"@type":"WebSite","@id":"https:\/\/kt.gov.rs\/#website","url":"https:\/\/kt.gov.rs\/","name":"\u041a\u043e\u043e\u0440\u0434\u0438\u043d\u0430\u0446\u0438\u043e\u043d\u043e \u0442\u0435\u043b\u043e \u0412\u043b\u0430\u0434\u0435 \u0420\u0435\u043f\u0443\u0431\u043b\u0438\u043a\u0435 \u0421\u0440\u0431\u0438\u0458\u0435 \u0437\u0430 \u043e\u043f\u0448\u0442\u0438\u043d\u0435 \u041f\u0440\u0435\u0448\u0435\u0432\u043e, \u0411\u0443\u0458\u0430\u043d\u043e\u0432\u0430\u0446 \u0438 \u041c\u0435\u0434\u0432\u0435\u0452a","description":"","publisher":{"@id":"https:\/\/kt.gov.rs\/#organization"},"alternateName":"\u041a\u043e\u043e\u0440\u0434\u0438\u043d\u0430\u0446\u0438\u043e\u043d\u043e \u0442\u0435\u043b\u043e","potentialAction":[{"@type":"SearchAction","target":{"@type":"EntryPoint","urlTemplate":"https:\/\/kt.gov.rs\/?s={search_term_string}"},"query-input":{"@type":"PropertyValueSpecification","valueRequired":true,"valueName":"search_term_string"}}],"inLanguage":"sq-AL"},{"@type":"Organization","@id":"https:\/\/kt.gov.rs\/#organization","name":"\u041a\u043e\u043e\u0440\u0434\u0438\u043d\u0430\u0446\u0438\u043e\u043d\u043e \u0442\u0435\u043b\u043e \u0412\u043b\u0430\u0434\u0435 \u0420\u0435\u043f\u0443\u0431\u043b\u0438\u043a\u0435 \u0421\u0440\u0431\u0438\u0458\u0435 \u0437\u0430 \u043e\u043f\u0448\u0442\u0438\u043d\u0435 \u041f\u0440\u0435\u0448\u0435\u0432\u043e, \u0411\u0443\u0458\u0430\u043d\u043e\u0432\u0430\u0446 \u0438 \u041c\u0435\u0434\u0432\u0435\u0452a","alternateName":"\u041a\u043e\u043e\u0440\u0434\u0438\u043d\u0430\u0446\u0438\u043e\u043d\u043e \u0442\u0435\u043b\u043e","url":"https:\/\/kt.gov.rs\/","logo":{"@type":"ImageObject","inLanguage":"sq-AL","@id":"https:\/\/kt.gov.rs\/#\/schema\/logo\/image\/","url":"https:\/\/kt.gov.rs\/wp-content\/uploads\/2024\/12\/koord2.jpg","contentUrl":"https:\/\/kt.gov.rs\/wp-content\/uploads\/2024\/12\/koord2.jpg","width":640,"height":480,"caption":"\u041a\u043e\u043e\u0440\u0434\u0438\u043d\u0430\u0446\u0438\u043e\u043d\u043e \u0442\u0435\u043b\u043e \u0412\u043b\u0430\u0434\u0435 \u0420\u0435\u043f\u0443\u0431\u043b\u0438\u043a\u0435 \u0421\u0440\u0431\u0438\u0458\u0435 \u0437\u0430 \u043e\u043f\u0448\u0442\u0438\u043d\u0435 \u041f\u0440\u0435\u0448\u0435\u0432\u043e, \u0411\u0443\u0458\u0430\u043d\u043e\u0432\u0430\u0446 \u0438 \u041c\u0435\u0434\u0432\u0435\u0452a"},"image":{"@id":"https:\/\/kt.gov.rs\/#\/schema\/logo\/image\/"},"sameAs":["https:\/\/www.facebook.com\/SluzbaKoordinacionogTelaVladeRepublikeSrbije","https:\/\/x.com\/kt_gov","https:\/\/www.youtube.com\/@koordinacionotelo"]},{"@type":"Person","@id":"https:\/\/kt.gov.rs\/#\/schema\/person\/e426459ddb4173309103390602694571","name":"ktmin","image":{"@type":"ImageObject","inLanguage":"sq-AL","@id":"https:\/\/secure.gravatar.com\/avatar\/3985c961109853010c3fbc7ba30365bfba5db3dd6c525831d9c595c7525a615a?s=96&d=mm&r=g","url":"https:\/\/secure.gravatar.com\/avatar\/3985c961109853010c3fbc7ba30365bfba5db3dd6c525831d9c595c7525a615a?s=96&d=mm&r=g","contentUrl":"https:\/\/secure.gravatar.com\/avatar\/3985c961109853010c3fbc7ba30365bfba5db3dd6c525831d9c595c7525a615a?s=96&d=mm&r=g","caption":"ktmin"},"sameAs":["https:\/\/kt.gov.rs"],"url":"https:\/\/kt.gov.rs\/sq\/author\/ktmin\/"}]}},"_links":{"self":[{"href":"https:\/\/kt.gov.rs\/sq\/wp-json\/wp\/v2\/posts\/139661","targetHints":{"allow":["GET"]}}],"collection":[{"href":"https:\/\/kt.gov.rs\/sq\/wp-json\/wp\/v2\/posts"}],"about":[{"href":"https:\/\/kt.gov.rs\/sq\/wp-json\/wp\/v2\/types\/post"}],"author":[{"embeddable":true,"href":"https:\/\/kt.gov.rs\/sq\/wp-json\/wp\/v2\/users\/1"}],"replies":[{"embeddable":true,"href":"https:\/\/kt.gov.rs\/sq\/wp-json\/wp\/v2\/comments?post=139661"}],"version-history":[{"count":1,"href":"https:\/\/kt.gov.rs\/sq\/wp-json\/wp\/v2\/posts\/139661\/revisions"}],"predecessor-version":[{"id":139665,"href":"https:\/\/kt.gov.rs\/sq\/wp-json\/wp\/v2\/posts\/139661\/revisions\/139665"}],"wp:featuredmedia":[{"embeddable":true,"href":"https:\/\/kt.gov.rs\/sq\/wp-json\/wp\/v2\/media\/139666"}],"wp:attachment":[{"href":"https:\/\/kt.gov.rs\/sq\/wp-json\/wp\/v2\/media?parent=139661"}],"wp:term":[{"taxonomy":"category","embeddable":true,"href":"https:\/\/kt.gov.rs\/sq\/wp-json\/wp\/v2\/categories?post=139661"},{"taxonomy":"post_tag","embeddable":true,"href":"https:\/\/kt.gov.rs\/sq\/wp-json\/wp\/v2\/tags?post=139661"}],"curies":[{"name":"wp","href":"https:\/\/api.w.org\/{rel}","templated":true}]}}