{"id":139645,"date":"2014-02-03T00:00:00","date_gmt":"2014-02-03T00:00:00","guid":{"rendered":"http:\/\/kt.printandscreen.rs\/ftese-shqpiptareve-nga-jugu-i-serbise-te-marrin-pjese-ne-zgjedhje\/"},"modified":"2024-07-30T20:13:31","modified_gmt":"2024-07-30T20:13:31","slug":"ftese-shqpiptareve-nga-jugu-i-serbise-te-marrin-pjese-ne-zgjedhje","status":"publish","type":"post","link":"https:\/\/kt.gov.rs\/sq\/ftese-shqpiptareve-nga-jugu-i-serbise-te-marrin-pjese-ne-zgjedhje\/","title":{"rendered":"FTES\u00cb SHQPIPTAR\u00cbVE NGA JUGU I SERBIS\u00cb T\u00cb MARRIN PJES\u00cb N\u00cb ZGJEDHJE"},"content":{"rendered":"<p>\n\t<strong><img decoding=\"async\" alt=\"\" src=\"https:\/\/kt.gov.rs\/wp-content\/uploads\/2024\/07\/newspic766-4.jpg\" style=\"width: 315px; height: 209px; float: left;\" \/>Zoran Stankoviq, kryetar i Trupit Koordinues i Qeveris\u00eb s\u00eb Serbis\u00eb p\u00ebr komunat Preshev\u00eb, Bujanoc dhe Medvegj\u00eb, ka ftuar shqiptar\u00ebt t\u00eb cil\u00ebt jetojn\u00eb n\u00eb k\u00ebto tri komuna q\u00eb t\u00eb marrin pjes\u00eb n\u00eb zgjedhjet e ardhshme t\u00eb parakohshme dhe q\u00eb n\u00eb k\u00ebt\u00eb m\u00ebnyr\u00eb t\u00eb marrin pjes\u00eb n\u00eb qeverisje. Majk\u00ebll Devenport, shef i delegacionit t\u00eb UE-s\u00eb n\u00eb Serbi, ftoi udh\u00ebheq\u00ebsit e tri komunave q\u00eb t\u00eb shfryt\u00ebzojn\u00eb mund\u00ebsit\u00eb p\u00ebr bashk\u00ebpunim me komunat e tjera nga jugu i Serbis\u00eb dhe jasht\u00eb vendit, p\u00ebr qasje t\u00eb p\u00ebrbashk\u00ebt n\u00eb fondet e BE-s\u00eb.<\/strong><\/p>\n<p>\n\tKryetari i Trupit Koordinues i Qeveris\u00eb s\u00eb Serbis\u00eb p\u00ebr komunat Preshev\u00eb, Bujanoc dhe Medvegj\u00eb, Zoran Stankoviq n\u00eb tribune mbi fillimin e bisedimeve t\u00eb Serbis\u00eb dhe BE-s\u00eb, t\u00eb cil\u00ebn e ka organizuar Delegacioni i UE-s\u00eb n\u00eb Serbi, n\u00eb bashk\u00ebpunim me Trupin Koordinues, ka th\u00ebn\u00eb se pjes\u00ebmarrja n\u00eb zgjedhjet e 16 marsit, \u00ebsht\u00eb nj\u00eb shanc\u00eb edhe p\u00ebr shqiptar\u00ebt, sepse pjes\u00ebmarrja e tyre n\u00eb organet qeveris\u00ebse mund t\u00eb ndikoj p\u00ebr zgjedhjen e problemeve t\u00eb tyre n\u00eb m\u00ebnyr\u00eb t\u00eb shpejt\u00eb.<\/p>\n<p>\n\tKomuniteti shqiptar\u00eb shumic\u00eb n\u00eb jug t\u00eb Serbis\u00eb i bojkoton zgjedhjet parlamentare dhe presedenciale, edhe pse n\u00eb k\u00ebto dy her\u00ebt e fundit ka marr\u00eb pjes\u00eb edhe \u201cKualicioni i Shqiptar\u00ebve t\u00eb Lugin\u00ebs s\u00eb Preshev\u00ebs\u201d, i cili kualicion n\u00eb Kuvendin Komb\u00ebtar deri m\u00eb tani ka pasur nj\u00eb deputet.<\/p>\n<p>\n\tStankoviqi ka ftuar shqiptar\u00ebt q\u00eb t\u00eb nd\u00ebrpresin bojkotin e bisedimeve me p\u00ebrfaq\u00ebsuesit e Qeveris\u00eb s\u00eb Serbis\u00eb, deri te cili bojkot kishte ardhur n\u00eb n\u00ebntor t\u00eb vitit t\u00eb kaluar p\u00ebrshkak t\u00eb Ligjit p\u00ebr selit\u00eb e gjykatave dhe nj\u00ebsive gjyq\u00ebsore, q\u00eb sipas t\u00eb cilit Gjykat\u00ebn Themelore dhe Prokurorin\u00eb Themelore e kishte fituar vet\u00ebm Bujanoci, e jo edhe Presheva, \u00e7ka ishte edhe k\u00ebrkesa e shqiptar\u00ebve.<\/p>\n<p>\n\t\u00a0\u201cMe bisedime zgjidhen problemet, nd\u00ebrsa bojkoti deri m\u00eb tani nuk ka sjell\u00eb asnj\u00eb rezultat\u201d, ka th\u00ebn\u00eb Stankoviq.<\/p>\n<p>\n\tStankoviqi ka p\u00ebrmedur se p\u00ebrmes Trupit Koordinues n\u00eb 12 vitet e fundit nga buxheti republikan ka ndar\u00eb 70 milion euro, komunave t\u00eb Bujanocit, Preshev\u00ebs dhe Medvegj\u00ebs, nd\u00ebrsa nga bashk\u00ebsia nd\u00ebrkomb\u00ebtare jan\u00eb ndar\u00eb 35 milion euro, p\u00ebr projektet nj\u00ebri prej t\u00eb cil\u00ebve \u00ebsht\u00eb nd\u00ebrtimi i maternitetit n\u00eb Preshev\u00eb.<\/p>\n<p>\n\t\u201cNd\u00ebrtimin dhe pajisimin\u00a0 e maternitetit n\u00eb Preshev\u00eb e kan\u00eb financuar Qeveria e Serbis\u00eb, EU Progres-i dhe qeverisja lokale dhe se ky maternitet do t\u00eb jet\u00eb nj\u00ebri nd\u00ebr m\u00eb bashk\u00ebkohor\u00ebt n\u00eb k\u00ebt\u00eb pjes\u00eb t\u00eb vendit\u201d, ka th\u00ebn\u00eb Stankoviq.<\/p>\n<p>\n\tSipas fjal\u00ebve t\u00eb tij, n\u00eb Bujanoc ende nuk ka filluar nd\u00ebrtimi i objektit t\u00eb paraleles s\u00eb Fakultetit Ekonomik t\u00eb Subotic\u00ebs, e cila paralele \u00ebsht\u00eb hapur n\u00eb vitin 2011, edhepse p\u00ebr k\u00ebt\u00eb jan\u00eb siguruar 1,2 milion euro, egziston nj\u00eb problem juridiko-pron\u00ebsor p\u00ebr parcell\u00ebn ku \u00ebsht\u00eb planifikuar t\u00eb nd\u00ebrtohet objekti i paraleles.<\/p>\n<p>\n\tShefi i delegacionit t\u00eb BE-s\u00eb n\u00eb Serbi, Majk\u00ebll Devenport, ftoi n\u00eb Bujanoc udh\u00ebheq\u00ebsit e komun\u00ebs q\u00eb t\u00eb shfryt\u00ebzojn\u00eb gjitha mund\u00ebsit p\u00ebr bashk\u00ebpunim me komunat tjera n\u00eb jugun e Serbis\u00eb dhe jasht\u00eb vendit, p\u00ebr nj\u00eb qasje t\u00eb p\u00ebrbashk\u00ebt n\u00eb fondet e BE-s\u00eb.<\/p>\n<p>\n\tN\u00eb tribun\u00ebn e organizuar n\u00eb Bujanoc, rreth ndikimit\u00a0 p\u00ebrafrimit t\u00eb Serbis\u00eb p\u00ebr\u00a0 antarsim n\u00eb BE, morr\u00ebn pjes\u00eb edhe kryetari i Trupit Koordinues, Zoran Stankoviq, kryetari i komun\u00ebs s\u00eb Bujanocit, Nagip Arifi, drejtoresha e Zyr\u00ebs p\u00ebr t\u00eb drejtat e njeriut dhe pakicave, Suzana Paunoviq, kryetari i Komisionit t\u00eb regjimit pa viza, Nenad Banoviq dhe kryetari i K\u00ebshillit Nacional t\u00eb Shqiptar\u00ebve, Galip Beqiri.<\/p>\n<p>\n\tKryetari i kom\u00ebs s\u00eb Bujanocit, Nagip Arifi, ka th\u00ebn\u00eb se komuna planifikon trajnim t\u00eb disa t\u00eb rinj\u00ebve, njer\u00ebz t\u00eb arsimuar, t\u00eb cil\u00ebt do t\u00eb jen\u00eb t\u00eb p\u00ebrgjegj\u00ebs p\u00ebr kontakte me BE-n\u00eb dhe p\u00ebr konkurim n\u00eb fondet e disponueshme t\u00eb UE-s\u00eb.<\/p>\n<p>\n\tDrejtoresha e Zyr\u00ebs p\u00ebr t\u00eb drejtat e njeriut dhe pakicave, Suzana Paunoviq, ka deklaruar se Srbija \u201cka ratifikuar gjitha konventat nd\u00ebrkombtare nga fushat e drejtave t\u00eb njeriut dhe pakicave dhe se ka mbetur zbatimi i ligjeve\u201d<\/p>\n<p>\n\tGalip Beqiri, kryetar i K\u00ebshillit Nacional t\u00eb Shqiptar\u00ebve, ka p\u00ebrmendur se p\u00ebr t\u00eb qen\u00eb rezultati m\u00eb i mir\u00eb rreth sigurimit t\u00eb teksteve n\u00eb gjuh\u00ebn shqipe, duhet q\u00eb drejtor\u00ebt e shkollave t\u00eb mesne t\u00eb bashk\u00ebpunojn\u00eb m\u00eb shum\u00eb, sepse egziston mund\u00ebsia q\u00eb me propozim t\u00eb k\u00ebshillit t\u00eb Ministris\u00eb s\u00eb Arsimit t\u00eb sigurohet transporti nga Shqip\u00ebria, i teksteve p\u00ebr l\u00ebnd\u00ebt profesionale n\u00eb gjuh\u00ebn shqipe.<\/p>\n<p>\n\tKryetari i komisionit p\u00ebr p\u00ebrcjelljen e regjimit pa viza, Nenad Banoviq, ka th\u00ebn\u00eb se pret q\u00eb nuk do t\u00eb ket\u00eb p\u00ebrs\u00ebri me vendosjen e vizave p\u00ebr udh\u00ebtim p\u00ebr shtetasit e Serbis\u00eb n\u00eb UE, sepse \u00ebsht\u00eb duke r\u00ebn\u00eb numri i azilant\u00ebve nga Serbia.<\/p>\n<p>\n\t<strong>Burimi: RTS dhe Trupi Koordinues<\/strong><\/p>\n<p>\n\t\u00a0<\/p>\n","protected":false},"excerpt":{"rendered":"<p>Zoran Stankoviq, kryetar i Trupit Koordinues i Qeveris\u00eb s\u00eb Serbis\u00eb p\u00ebr komunat Preshev\u00eb, Bujanoc dhe Medvegj\u00eb, ka ftuar shqiptar\u00ebt t\u00eb cil\u00ebt jetojn\u00eb n\u00eb k\u00ebto tri komuna q\u00eb t\u00eb marrin pjes\u00eb n\u00eb zgjedhjet e ardhshme t\u00eb parakohshme dhe q\u00eb n\u00eb k\u00ebt\u00eb m\u00ebnyr\u00eb t\u00eb marrin pjes\u00eb n\u00eb qeverisje.<\/p>\n","protected":false},"author":1,"featured_media":139650,"comment_status":"closed","ping_status":"closed","sticky":false,"template":"","format":"standard","meta":{"footnotes":""},"categories":[55],"tags":[],"class_list":["post-139645","post","type-post","status-publish","format-standard","has-post-thumbnail","hentry","category-lajme"],"yoast_head":"<!-- This site is optimized with the Yoast SEO plugin v27.5 - https:\/\/yoast.com\/product\/yoast-seo-wordpress\/ -->\n<title>FTES\u00cb SHQPIPTAR\u00cbVE NGA JUGU I SERBIS\u00cb T\u00cb MARRIN PJES\u00cb N\u00cb ZGJEDHJE - Republika e S\u00ebrbis\u00eb Trupi Koordinues p\u00ebr komunat Bujanoc, Preshev\u00eb dhe Medvegj\u00eb<\/title>\n<meta name=\"robots\" content=\"index, follow, max-snippet:-1, max-image-preview:large, max-video-preview:-1\" \/>\n<link rel=\"canonical\" href=\"https:\/\/kt.gov.rs\/sq\/ftese-shqpiptareve-nga-jugu-i-serbise-te-marrin-pjese-ne-zgjedhje\/\" \/>\n<meta property=\"og:locale\" content=\"sq_AL\" \/>\n<meta property=\"og:type\" content=\"article\" \/>\n<meta property=\"og:title\" content=\"FTES\u00cb SHQPIPTAR\u00cbVE NGA JUGU I SERBIS\u00cb T\u00cb MARRIN PJES\u00cb N\u00cb ZGJEDHJE - Republika e S\u00ebrbis\u00eb Trupi Koordinues p\u00ebr komunat Bujanoc, Preshev\u00eb dhe Medvegj\u00eb\" \/>\n<meta property=\"og:description\" content=\"Zoran Stankoviq, kryetar i Trupit Koordinues i Qeveris\u00eb s\u00eb Serbis\u00eb p\u00ebr komunat Preshev\u00eb, Bujanoc dhe Medvegj\u00eb, ka ftuar shqiptar\u00ebt t\u00eb cil\u00ebt jetojn\u00eb n\u00eb k\u00ebto tri komuna q\u00eb t\u00eb marrin pjes\u00eb n\u00eb zgjedhjet e ardhshme t\u00eb parakohshme dhe q\u00eb n\u00eb k\u00ebt\u00eb m\u00ebnyr\u00eb t\u00eb marrin pjes\u00eb n\u00eb qeverisje.\" \/>\n<meta property=\"og:url\" content=\"https:\/\/kt.gov.rs\/sq\/ftese-shqpiptareve-nga-jugu-i-serbise-te-marrin-pjese-ne-zgjedhje\/\" \/>\n<meta property=\"og:site_name\" content=\"Republika e S\u00ebrbis\u00eb Trupi Koordinues p\u00ebr komunat Bujanoc, Preshev\u00eb dhe Medvegj\u00eb\" \/>\n<meta property=\"article:publisher\" content=\"https:\/\/www.facebook.com\/SluzbaKoordinacionogTelaVladeRepublikeSrbije\" \/>\n<meta property=\"article:published_time\" content=\"2014-02-03T00:00:00+00:00\" \/>\n<meta property=\"article:modified_time\" content=\"2024-07-30T20:13:31+00:00\" \/>\n<meta property=\"og:image\" content=\"https:\/\/kt.gov.rs\/wp-content\/uploads\/2024\/07\/newspic766-5.jpg\" \/>\n\t<meta property=\"og:image:width\" content=\"315\" \/>\n\t<meta property=\"og:image:height\" content=\"209\" \/>\n\t<meta property=\"og:image:type\" content=\"image\/jpeg\" \/>\n<meta name=\"author\" content=\"ktmin\" \/>\n<meta name=\"twitter:card\" content=\"summary_large_image\" \/>\n<meta name=\"twitter:creator\" content=\"@kt_gov\" \/>\n<meta name=\"twitter:site\" content=\"@kt_gov\" \/>\n<meta name=\"twitter:label1\" content=\"Written by\" \/>\n\t<meta name=\"twitter:data1\" content=\"ktmin\" \/>\n\t<meta name=\"twitter:label2\" content=\"Est. reading time\" \/>\n\t<meta name=\"twitter:data2\" content=\"6 minutes\" \/>\n<script type=\"application\/ld+json\" class=\"yoast-schema-graph\">{\"@context\":\"https:\\\/\\\/schema.org\",\"@graph\":[{\"@type\":\"Article\",\"@id\":\"https:\\\/\\\/kt.gov.rs\\\/sq\\\/ftese-shqpiptareve-nga-jugu-i-serbise-te-marrin-pjese-ne-zgjedhje\\\/#article\",\"isPartOf\":{\"@id\":\"https:\\\/\\\/kt.gov.rs\\\/sq\\\/ftese-shqpiptareve-nga-jugu-i-serbise-te-marrin-pjese-ne-zgjedhje\\\/\"},\"author\":{\"name\":\"ktmin\",\"@id\":\"https:\\\/\\\/kt.gov.rs\\\/#\\\/schema\\\/person\\\/e426459ddb4173309103390602694571\"},\"headline\":\"FTES\u00cb SHQPIPTAR\u00cbVE NGA JUGU I SERBIS\u00cb T\u00cb MARRIN PJES\u00cb N\u00cb ZGJEDHJE\",\"datePublished\":\"2014-02-03T00:00:00+00:00\",\"dateModified\":\"2024-07-30T20:13:31+00:00\",\"mainEntityOfPage\":{\"@id\":\"https:\\\/\\\/kt.gov.rs\\\/sq\\\/ftese-shqpiptareve-nga-jugu-i-serbise-te-marrin-pjese-ne-zgjedhje\\\/\"},\"wordCount\":1181,\"publisher\":{\"@id\":\"https:\\\/\\\/kt.gov.rs\\\/#organization\"},\"image\":{\"@id\":\"https:\\\/\\\/kt.gov.rs\\\/sq\\\/ftese-shqpiptareve-nga-jugu-i-serbise-te-marrin-pjese-ne-zgjedhje\\\/#primaryimage\"},\"thumbnailUrl\":\"https:\\\/\\\/kt.gov.rs\\\/wp-content\\\/uploads\\\/2024\\\/07\\\/newspic766-5.jpg\",\"articleSection\":[\"Lajme\"],\"inLanguage\":\"sq-AL\"},{\"@type\":\"WebPage\",\"@id\":\"https:\\\/\\\/kt.gov.rs\\\/sq\\\/ftese-shqpiptareve-nga-jugu-i-serbise-te-marrin-pjese-ne-zgjedhje\\\/\",\"url\":\"https:\\\/\\\/kt.gov.rs\\\/sq\\\/ftese-shqpiptareve-nga-jugu-i-serbise-te-marrin-pjese-ne-zgjedhje\\\/\",\"name\":\"FTES\u00cb SHQPIPTAR\u00cbVE NGA JUGU I SERBIS\u00cb T\u00cb MARRIN PJES\u00cb N\u00cb ZGJEDHJE - Republika e S\u00ebrbis\u00eb Trupi Koordinues p\u00ebr komunat Bujanoc, Preshev\u00eb dhe Medvegj\u00eb\",\"isPartOf\":{\"@id\":\"https:\\\/\\\/kt.gov.rs\\\/#website\"},\"primaryImageOfPage\":{\"@id\":\"https:\\\/\\\/kt.gov.rs\\\/sq\\\/ftese-shqpiptareve-nga-jugu-i-serbise-te-marrin-pjese-ne-zgjedhje\\\/#primaryimage\"},\"image\":{\"@id\":\"https:\\\/\\\/kt.gov.rs\\\/sq\\\/ftese-shqpiptareve-nga-jugu-i-serbise-te-marrin-pjese-ne-zgjedhje\\\/#primaryimage\"},\"thumbnailUrl\":\"https:\\\/\\\/kt.gov.rs\\\/wp-content\\\/uploads\\\/2024\\\/07\\\/newspic766-5.jpg\",\"datePublished\":\"2014-02-03T00:00:00+00:00\",\"dateModified\":\"2024-07-30T20:13:31+00:00\",\"breadcrumb\":{\"@id\":\"https:\\\/\\\/kt.gov.rs\\\/sq\\\/ftese-shqpiptareve-nga-jugu-i-serbise-te-marrin-pjese-ne-zgjedhje\\\/#breadcrumb\"},\"inLanguage\":\"sq-AL\",\"potentialAction\":[{\"@type\":\"ReadAction\",\"target\":[\"https:\\\/\\\/kt.gov.rs\\\/sq\\\/ftese-shqpiptareve-nga-jugu-i-serbise-te-marrin-pjese-ne-zgjedhje\\\/\"]}]},{\"@type\":\"ImageObject\",\"inLanguage\":\"sq-AL\",\"@id\":\"https:\\\/\\\/kt.gov.rs\\\/sq\\\/ftese-shqpiptareve-nga-jugu-i-serbise-te-marrin-pjese-ne-zgjedhje\\\/#primaryimage\",\"url\":\"https:\\\/\\\/kt.gov.rs\\\/wp-content\\\/uploads\\\/2024\\\/07\\\/newspic766-5.jpg\",\"contentUrl\":\"https:\\\/\\\/kt.gov.rs\\\/wp-content\\\/uploads\\\/2024\\\/07\\\/newspic766-5.jpg\",\"width\":315,\"height\":209},{\"@type\":\"BreadcrumbList\",\"@id\":\"https:\\\/\\\/kt.gov.rs\\\/sq\\\/ftese-shqpiptareve-nga-jugu-i-serbise-te-marrin-pjese-ne-zgjedhje\\\/#breadcrumb\",\"itemListElement\":[{\"@type\":\"ListItem\",\"position\":1,\"name\":\"\u041f\u043e\u0447\u0435\u0442\u043d\u0430\",\"item\":\"https:\\\/\\\/kt.gov.rs\\\/sq\\\/\"},{\"@type\":\"ListItem\",\"position\":2,\"name\":\"FTES\u00cb SHQPIPTAR\u00cbVE NGA JUGU I SERBIS\u00cb T\u00cb MARRIN PJES\u00cb N\u00cb ZGJEDHJE\"}]},{\"@type\":\"WebSite\",\"@id\":\"https:\\\/\\\/kt.gov.rs\\\/#website\",\"url\":\"https:\\\/\\\/kt.gov.rs\\\/\",\"name\":\"\u041a\u043e\u043e\u0440\u0434\u0438\u043d\u0430\u0446\u0438\u043e\u043d\u043e \u0442\u0435\u043b\u043e \u0412\u043b\u0430\u0434\u0435 \u0420\u0435\u043f\u0443\u0431\u043b\u0438\u043a\u0435 \u0421\u0440\u0431\u0438\u0458\u0435 \u0437\u0430 \u043e\u043f\u0448\u0442\u0438\u043d\u0435 \u041f\u0440\u0435\u0448\u0435\u0432\u043e, \u0411\u0443\u0458\u0430\u043d\u043e\u0432\u0430\u0446 \u0438 \u041c\u0435\u0434\u0432\u0435\u0452a\",\"description\":\"\",\"publisher\":{\"@id\":\"https:\\\/\\\/kt.gov.rs\\\/#organization\"},\"alternateName\":\"\u041a\u043e\u043e\u0440\u0434\u0438\u043d\u0430\u0446\u0438\u043e\u043d\u043e \u0442\u0435\u043b\u043e\",\"potentialAction\":[{\"@type\":\"SearchAction\",\"target\":{\"@type\":\"EntryPoint\",\"urlTemplate\":\"https:\\\/\\\/kt.gov.rs\\\/?s={search_term_string}\"},\"query-input\":{\"@type\":\"PropertyValueSpecification\",\"valueRequired\":true,\"valueName\":\"search_term_string\"}}],\"inLanguage\":\"sq-AL\"},{\"@type\":\"Organization\",\"@id\":\"https:\\\/\\\/kt.gov.rs\\\/#organization\",\"name\":\"\u041a\u043e\u043e\u0440\u0434\u0438\u043d\u0430\u0446\u0438\u043e\u043d\u043e \u0442\u0435\u043b\u043e \u0412\u043b\u0430\u0434\u0435 \u0420\u0435\u043f\u0443\u0431\u043b\u0438\u043a\u0435 \u0421\u0440\u0431\u0438\u0458\u0435 \u0437\u0430 \u043e\u043f\u0448\u0442\u0438\u043d\u0435 \u041f\u0440\u0435\u0448\u0435\u0432\u043e, \u0411\u0443\u0458\u0430\u043d\u043e\u0432\u0430\u0446 \u0438 \u041c\u0435\u0434\u0432\u0435\u0452a\",\"alternateName\":\"\u041a\u043e\u043e\u0440\u0434\u0438\u043d\u0430\u0446\u0438\u043e\u043d\u043e \u0442\u0435\u043b\u043e\",\"url\":\"https:\\\/\\\/kt.gov.rs\\\/\",\"logo\":{\"@type\":\"ImageObject\",\"inLanguage\":\"sq-AL\",\"@id\":\"https:\\\/\\\/kt.gov.rs\\\/#\\\/schema\\\/logo\\\/image\\\/\",\"url\":\"https:\\\/\\\/kt.gov.rs\\\/wp-content\\\/uploads\\\/2024\\\/12\\\/koord2.jpg\",\"contentUrl\":\"https:\\\/\\\/kt.gov.rs\\\/wp-content\\\/uploads\\\/2024\\\/12\\\/koord2.jpg\",\"width\":640,\"height\":480,\"caption\":\"\u041a\u043e\u043e\u0440\u0434\u0438\u043d\u0430\u0446\u0438\u043e\u043d\u043e \u0442\u0435\u043b\u043e \u0412\u043b\u0430\u0434\u0435 \u0420\u0435\u043f\u0443\u0431\u043b\u0438\u043a\u0435 \u0421\u0440\u0431\u0438\u0458\u0435 \u0437\u0430 \u043e\u043f\u0448\u0442\u0438\u043d\u0435 \u041f\u0440\u0435\u0448\u0435\u0432\u043e, \u0411\u0443\u0458\u0430\u043d\u043e\u0432\u0430\u0446 \u0438 \u041c\u0435\u0434\u0432\u0435\u0452a\"},\"image\":{\"@id\":\"https:\\\/\\\/kt.gov.rs\\\/#\\\/schema\\\/logo\\\/image\\\/\"},\"sameAs\":[\"https:\\\/\\\/www.facebook.com\\\/SluzbaKoordinacionogTelaVladeRepublikeSrbije\",\"https:\\\/\\\/x.com\\\/kt_gov\",\"https:\\\/\\\/www.youtube.com\\\/@koordinacionotelo\"]},{\"@type\":\"Person\",\"@id\":\"https:\\\/\\\/kt.gov.rs\\\/#\\\/schema\\\/person\\\/e426459ddb4173309103390602694571\",\"name\":\"ktmin\",\"image\":{\"@type\":\"ImageObject\",\"inLanguage\":\"sq-AL\",\"@id\":\"https:\\\/\\\/secure.gravatar.com\\\/avatar\\\/3985c961109853010c3fbc7ba30365bfba5db3dd6c525831d9c595c7525a615a?s=96&d=mm&r=g\",\"url\":\"https:\\\/\\\/secure.gravatar.com\\\/avatar\\\/3985c961109853010c3fbc7ba30365bfba5db3dd6c525831d9c595c7525a615a?s=96&d=mm&r=g\",\"contentUrl\":\"https:\\\/\\\/secure.gravatar.com\\\/avatar\\\/3985c961109853010c3fbc7ba30365bfba5db3dd6c525831d9c595c7525a615a?s=96&d=mm&r=g\",\"caption\":\"ktmin\"},\"sameAs\":[\"https:\\\/\\\/kt.gov.rs\"],\"url\":\"https:\\\/\\\/kt.gov.rs\\\/sq\\\/author\\\/ktmin\\\/\"}]}<\/script>\n<!-- \/ Yoast SEO plugin. -->","yoast_head_json":{"title":"FTES\u00cb SHQPIPTAR\u00cbVE NGA JUGU I SERBIS\u00cb T\u00cb MARRIN PJES\u00cb N\u00cb ZGJEDHJE - Republika e S\u00ebrbis\u00eb Trupi Koordinues p\u00ebr komunat Bujanoc, Preshev\u00eb dhe Medvegj\u00eb","robots":{"index":"index","follow":"follow","max-snippet":"max-snippet:-1","max-image-preview":"max-image-preview:large","max-video-preview":"max-video-preview:-1"},"canonical":"https:\/\/kt.gov.rs\/sq\/ftese-shqpiptareve-nga-jugu-i-serbise-te-marrin-pjese-ne-zgjedhje\/","og_locale":"sq_AL","og_type":"article","og_title":"FTES\u00cb SHQPIPTAR\u00cbVE NGA JUGU I SERBIS\u00cb T\u00cb MARRIN PJES\u00cb N\u00cb ZGJEDHJE - Republika e S\u00ebrbis\u00eb Trupi Koordinues p\u00ebr komunat Bujanoc, Preshev\u00eb dhe Medvegj\u00eb","og_description":"Zoran Stankoviq, kryetar i Trupit Koordinues i Qeveris\u00eb s\u00eb Serbis\u00eb p\u00ebr komunat Preshev\u00eb, Bujanoc dhe Medvegj\u00eb, ka ftuar shqiptar\u00ebt t\u00eb cil\u00ebt jetojn\u00eb n\u00eb k\u00ebto tri komuna q\u00eb t\u00eb marrin pjes\u00eb n\u00eb zgjedhjet e ardhshme t\u00eb parakohshme dhe q\u00eb n\u00eb k\u00ebt\u00eb m\u00ebnyr\u00eb t\u00eb marrin pjes\u00eb n\u00eb qeverisje.","og_url":"https:\/\/kt.gov.rs\/sq\/ftese-shqpiptareve-nga-jugu-i-serbise-te-marrin-pjese-ne-zgjedhje\/","og_site_name":"Republika e S\u00ebrbis\u00eb Trupi Koordinues p\u00ebr komunat Bujanoc, Preshev\u00eb dhe Medvegj\u00eb","article_publisher":"https:\/\/www.facebook.com\/SluzbaKoordinacionogTelaVladeRepublikeSrbije","article_published_time":"2014-02-03T00:00:00+00:00","article_modified_time":"2024-07-30T20:13:31+00:00","og_image":[{"width":315,"height":209,"url":"https:\/\/kt.gov.rs\/wp-content\/uploads\/2024\/07\/newspic766-5.jpg","type":"image\/jpeg"}],"author":"ktmin","twitter_card":"summary_large_image","twitter_creator":"@kt_gov","twitter_site":"@kt_gov","twitter_misc":{"Written by":"ktmin","Est. reading time":"6 minutes"},"schema":{"@context":"https:\/\/schema.org","@graph":[{"@type":"Article","@id":"https:\/\/kt.gov.rs\/sq\/ftese-shqpiptareve-nga-jugu-i-serbise-te-marrin-pjese-ne-zgjedhje\/#article","isPartOf":{"@id":"https:\/\/kt.gov.rs\/sq\/ftese-shqpiptareve-nga-jugu-i-serbise-te-marrin-pjese-ne-zgjedhje\/"},"author":{"name":"ktmin","@id":"https:\/\/kt.gov.rs\/#\/schema\/person\/e426459ddb4173309103390602694571"},"headline":"FTES\u00cb SHQPIPTAR\u00cbVE NGA JUGU I SERBIS\u00cb T\u00cb MARRIN PJES\u00cb N\u00cb ZGJEDHJE","datePublished":"2014-02-03T00:00:00+00:00","dateModified":"2024-07-30T20:13:31+00:00","mainEntityOfPage":{"@id":"https:\/\/kt.gov.rs\/sq\/ftese-shqpiptareve-nga-jugu-i-serbise-te-marrin-pjese-ne-zgjedhje\/"},"wordCount":1181,"publisher":{"@id":"https:\/\/kt.gov.rs\/#organization"},"image":{"@id":"https:\/\/kt.gov.rs\/sq\/ftese-shqpiptareve-nga-jugu-i-serbise-te-marrin-pjese-ne-zgjedhje\/#primaryimage"},"thumbnailUrl":"https:\/\/kt.gov.rs\/wp-content\/uploads\/2024\/07\/newspic766-5.jpg","articleSection":["Lajme"],"inLanguage":"sq-AL"},{"@type":"WebPage","@id":"https:\/\/kt.gov.rs\/sq\/ftese-shqpiptareve-nga-jugu-i-serbise-te-marrin-pjese-ne-zgjedhje\/","url":"https:\/\/kt.gov.rs\/sq\/ftese-shqpiptareve-nga-jugu-i-serbise-te-marrin-pjese-ne-zgjedhje\/","name":"FTES\u00cb SHQPIPTAR\u00cbVE NGA JUGU I SERBIS\u00cb T\u00cb MARRIN PJES\u00cb N\u00cb ZGJEDHJE - Republika e S\u00ebrbis\u00eb Trupi Koordinues p\u00ebr komunat Bujanoc, Preshev\u00eb dhe Medvegj\u00eb","isPartOf":{"@id":"https:\/\/kt.gov.rs\/#website"},"primaryImageOfPage":{"@id":"https:\/\/kt.gov.rs\/sq\/ftese-shqpiptareve-nga-jugu-i-serbise-te-marrin-pjese-ne-zgjedhje\/#primaryimage"},"image":{"@id":"https:\/\/kt.gov.rs\/sq\/ftese-shqpiptareve-nga-jugu-i-serbise-te-marrin-pjese-ne-zgjedhje\/#primaryimage"},"thumbnailUrl":"https:\/\/kt.gov.rs\/wp-content\/uploads\/2024\/07\/newspic766-5.jpg","datePublished":"2014-02-03T00:00:00+00:00","dateModified":"2024-07-30T20:13:31+00:00","breadcrumb":{"@id":"https:\/\/kt.gov.rs\/sq\/ftese-shqpiptareve-nga-jugu-i-serbise-te-marrin-pjese-ne-zgjedhje\/#breadcrumb"},"inLanguage":"sq-AL","potentialAction":[{"@type":"ReadAction","target":["https:\/\/kt.gov.rs\/sq\/ftese-shqpiptareve-nga-jugu-i-serbise-te-marrin-pjese-ne-zgjedhje\/"]}]},{"@type":"ImageObject","inLanguage":"sq-AL","@id":"https:\/\/kt.gov.rs\/sq\/ftese-shqpiptareve-nga-jugu-i-serbise-te-marrin-pjese-ne-zgjedhje\/#primaryimage","url":"https:\/\/kt.gov.rs\/wp-content\/uploads\/2024\/07\/newspic766-5.jpg","contentUrl":"https:\/\/kt.gov.rs\/wp-content\/uploads\/2024\/07\/newspic766-5.jpg","width":315,"height":209},{"@type":"BreadcrumbList","@id":"https:\/\/kt.gov.rs\/sq\/ftese-shqpiptareve-nga-jugu-i-serbise-te-marrin-pjese-ne-zgjedhje\/#breadcrumb","itemListElement":[{"@type":"ListItem","position":1,"name":"\u041f\u043e\u0447\u0435\u0442\u043d\u0430","item":"https:\/\/kt.gov.rs\/sq\/"},{"@type":"ListItem","position":2,"name":"FTES\u00cb SHQPIPTAR\u00cbVE NGA JUGU I SERBIS\u00cb T\u00cb MARRIN PJES\u00cb N\u00cb ZGJEDHJE"}]},{"@type":"WebSite","@id":"https:\/\/kt.gov.rs\/#website","url":"https:\/\/kt.gov.rs\/","name":"\u041a\u043e\u043e\u0440\u0434\u0438\u043d\u0430\u0446\u0438\u043e\u043d\u043e \u0442\u0435\u043b\u043e \u0412\u043b\u0430\u0434\u0435 \u0420\u0435\u043f\u0443\u0431\u043b\u0438\u043a\u0435 \u0421\u0440\u0431\u0438\u0458\u0435 \u0437\u0430 \u043e\u043f\u0448\u0442\u0438\u043d\u0435 \u041f\u0440\u0435\u0448\u0435\u0432\u043e, \u0411\u0443\u0458\u0430\u043d\u043e\u0432\u0430\u0446 \u0438 \u041c\u0435\u0434\u0432\u0435\u0452a","description":"","publisher":{"@id":"https:\/\/kt.gov.rs\/#organization"},"alternateName":"\u041a\u043e\u043e\u0440\u0434\u0438\u043d\u0430\u0446\u0438\u043e\u043d\u043e \u0442\u0435\u043b\u043e","potentialAction":[{"@type":"SearchAction","target":{"@type":"EntryPoint","urlTemplate":"https:\/\/kt.gov.rs\/?s={search_term_string}"},"query-input":{"@type":"PropertyValueSpecification","valueRequired":true,"valueName":"search_term_string"}}],"inLanguage":"sq-AL"},{"@type":"Organization","@id":"https:\/\/kt.gov.rs\/#organization","name":"\u041a\u043e\u043e\u0440\u0434\u0438\u043d\u0430\u0446\u0438\u043e\u043d\u043e \u0442\u0435\u043b\u043e \u0412\u043b\u0430\u0434\u0435 \u0420\u0435\u043f\u0443\u0431\u043b\u0438\u043a\u0435 \u0421\u0440\u0431\u0438\u0458\u0435 \u0437\u0430 \u043e\u043f\u0448\u0442\u0438\u043d\u0435 \u041f\u0440\u0435\u0448\u0435\u0432\u043e, \u0411\u0443\u0458\u0430\u043d\u043e\u0432\u0430\u0446 \u0438 \u041c\u0435\u0434\u0432\u0435\u0452a","alternateName":"\u041a\u043e\u043e\u0440\u0434\u0438\u043d\u0430\u0446\u0438\u043e\u043d\u043e \u0442\u0435\u043b\u043e","url":"https:\/\/kt.gov.rs\/","logo":{"@type":"ImageObject","inLanguage":"sq-AL","@id":"https:\/\/kt.gov.rs\/#\/schema\/logo\/image\/","url":"https:\/\/kt.gov.rs\/wp-content\/uploads\/2024\/12\/koord2.jpg","contentUrl":"https:\/\/kt.gov.rs\/wp-content\/uploads\/2024\/12\/koord2.jpg","width":640,"height":480,"caption":"\u041a\u043e\u043e\u0440\u0434\u0438\u043d\u0430\u0446\u0438\u043e\u043d\u043e \u0442\u0435\u043b\u043e \u0412\u043b\u0430\u0434\u0435 \u0420\u0435\u043f\u0443\u0431\u043b\u0438\u043a\u0435 \u0421\u0440\u0431\u0438\u0458\u0435 \u0437\u0430 \u043e\u043f\u0448\u0442\u0438\u043d\u0435 \u041f\u0440\u0435\u0448\u0435\u0432\u043e, \u0411\u0443\u0458\u0430\u043d\u043e\u0432\u0430\u0446 \u0438 \u041c\u0435\u0434\u0432\u0435\u0452a"},"image":{"@id":"https:\/\/kt.gov.rs\/#\/schema\/logo\/image\/"},"sameAs":["https:\/\/www.facebook.com\/SluzbaKoordinacionogTelaVladeRepublikeSrbije","https:\/\/x.com\/kt_gov","https:\/\/www.youtube.com\/@koordinacionotelo"]},{"@type":"Person","@id":"https:\/\/kt.gov.rs\/#\/schema\/person\/e426459ddb4173309103390602694571","name":"ktmin","image":{"@type":"ImageObject","inLanguage":"sq-AL","@id":"https:\/\/secure.gravatar.com\/avatar\/3985c961109853010c3fbc7ba30365bfba5db3dd6c525831d9c595c7525a615a?s=96&d=mm&r=g","url":"https:\/\/secure.gravatar.com\/avatar\/3985c961109853010c3fbc7ba30365bfba5db3dd6c525831d9c595c7525a615a?s=96&d=mm&r=g","contentUrl":"https:\/\/secure.gravatar.com\/avatar\/3985c961109853010c3fbc7ba30365bfba5db3dd6c525831d9c595c7525a615a?s=96&d=mm&r=g","caption":"ktmin"},"sameAs":["https:\/\/kt.gov.rs"],"url":"https:\/\/kt.gov.rs\/sq\/author\/ktmin\/"}]}},"_links":{"self":[{"href":"https:\/\/kt.gov.rs\/sq\/wp-json\/wp\/v2\/posts\/139645","targetHints":{"allow":["GET"]}}],"collection":[{"href":"https:\/\/kt.gov.rs\/sq\/wp-json\/wp\/v2\/posts"}],"about":[{"href":"https:\/\/kt.gov.rs\/sq\/wp-json\/wp\/v2\/types\/post"}],"author":[{"embeddable":true,"href":"https:\/\/kt.gov.rs\/sq\/wp-json\/wp\/v2\/users\/1"}],"replies":[{"embeddable":true,"href":"https:\/\/kt.gov.rs\/sq\/wp-json\/wp\/v2\/comments?post=139645"}],"version-history":[{"count":1,"href":"https:\/\/kt.gov.rs\/sq\/wp-json\/wp\/v2\/posts\/139645\/revisions"}],"predecessor-version":[{"id":139649,"href":"https:\/\/kt.gov.rs\/sq\/wp-json\/wp\/v2\/posts\/139645\/revisions\/139649"}],"wp:featuredmedia":[{"embeddable":true,"href":"https:\/\/kt.gov.rs\/sq\/wp-json\/wp\/v2\/media\/139650"}],"wp:attachment":[{"href":"https:\/\/kt.gov.rs\/sq\/wp-json\/wp\/v2\/media?parent=139645"}],"wp:term":[{"taxonomy":"category","embeddable":true,"href":"https:\/\/kt.gov.rs\/sq\/wp-json\/wp\/v2\/categories?post=139645"},{"taxonomy":"post_tag","embeddable":true,"href":"https:\/\/kt.gov.rs\/sq\/wp-json\/wp\/v2\/tags?post=139645"}],"curies":[{"name":"wp","href":"https:\/\/api.w.org\/{rel}","templated":true}]}}