{"id":139644,"date":"2014-02-03T00:00:00","date_gmt":"2014-02-03T00:00:00","guid":{"rendered":"http:\/\/kt.printandscreen.rs\/projekt-ligji-per-ndihme-juridike-pa-pagese\/"},"modified":"2014-02-03T00:00:00","modified_gmt":"2014-02-03T00:00:00","slug":"projekt-ligji-per-ndihme-juridike-pa-pagese","status":"publish","type":"post","link":"https:\/\/kt.gov.rs\/sq\/projekt-ligji-per-ndihme-juridike-pa-pagese\/","title":{"rendered":"PROJEKT LIGJI P\u00cbR NDIHM\u00cb  JURIDIKE PA PAGES\u00cb"},"content":{"rendered":"<p>\n\tMinistria e Drejt\u00ebsis\u00eb dhe Administrat\u00ebs Shtet\u00ebrore, Trupi Koordinues i Qeveris\u00eb s\u00eb Republik\u00ebs s\u00eb Serbis\u00eb p\u00ebr komunat Preshev\u00eb, Bujanoc dhe Medvegj\u00eb, komuna e Bujanocit, Oda e Avokat\u00ebve n\u00eb Nish dhe Partner\u00ebt p\u00ebr ndryshime demokratike Serbia<\/p>\n<p style=\"text-align: center;\">\n\t<br \/>\n\t<strong>Ju ftojn\u00eb n\u00eb<\/p>\n<p>\tDiskutimin publik rreth Projekt\u2010ligjit p\u00ebr ndihm\u00eb juridike pa pages\u00eb<\/strong><\/p>\n<p>\tE cila do t\u00eb mbahet t\u00eb mart\u00ebn, m\u00eb 4 shkurt 2014, ora 13.15 \u2013 15.00<\/p>\n<p>\tN\u00eb sall\u00ebn e vog\u00ebl t\u00eb Sht\u00ebpis\u00eb s\u00eb Kultur\u00ebs n\u00eb Bujanoc<\/p>\n<p>\n\t<br \/>\n\tPjes\u00ebmarr\u00ebsve do t\u00eb iu drejtohet Nagip Arifi, kryetar i komun\u00ebs s\u00eb Bujanocit, prof. dr Zoran Stankoviq, kryetar i Trupit Koordinues i Qeveris\u00eb s\u00eb Republik\u00ebs s\u00eb Serbis\u00eb p\u00ebr komunat Preshev\u00eb, Bujanoc dhe Medvegj\u00eb, nd\u00ebrsa p\u00ebr projekt Ligjin p\u00ebr ndihm\u00eb juridike pa pages\u00eb, do t\u00eb prezantoj Negjo Jovanoviq, Sekretar shet\u00ebror n\u00eb Ministrin\u00eb e Drejt\u00ebsis\u00eb dhe Administrat\u00ebs Shtet\u00ebrore, an\u00ebtaret e grupit punues krijimit t\u00eb Ligjit p\u00ebr pun\u00eb juridike falas, Dragi K\u00ebrstiq, kryetari i Od\u00ebs s\u00eb Avokat\u00ebve t\u00eb Nishit dhe Bllazho<br \/>\n\tNediq, Partner\u00ebt p\u00ebr ndryshime demokratike Serbia, nd\u00ebrsa avokat\u00ebt e angazhuar n\u00eb pun\u00ebn Sh\u00ebrbimit t\u00eb ndihm\u00ebs juridike pa pages\u00eb, do t\u00eb ndajn\u00eb p\u00ebrvojat e tyre nga praktika e deritanishme.<\/p>\n<p>\tI ftojm\u00eb gjith\u00eb qytetar\u00ebt si dhe publikun profesional q\u00eb t\u00eb njoftohen me pun\u00ebn n\u00eb tekstin rreth Projektligjit p\u00ebr ndihm\u00eb falas juridike ( n\u00eb adres\u00ebn <a href=\"http:\/\/www.mpravde.gov.rs\/sekcija\/53\/radne\u2010verzijepropisa.php\">http:\/\/www.mpravde.gov.rs\/sekcija\/53\/radne\u2010verzijepropisa.php<\/a>) dhe t\u00eb japin komentet e tyre n\u00eb k\u00ebt\u00eb Projektligj.<\/p>\n<p>\tT\u00eb bashkangjitur e keni agjend\u00ebn e k\u00ebtij takimi.<\/p>\n<p>\tJu lusim q\u00eb pjes\u00ebmarrjen tuaj ta konfirmoni m\u00eb s\u00eb voni deri t\u00eb h\u00ebn\u00ebn, 3 shkurt 2014 deri n\u00eb ora 15:00 n\u00eb adres\u00ebn <a href=\"mailto:office@partners\u2010serbia.org\">office@partners\u2010serbia.org<\/a> ose n\u00eb tel. 011\/32\u201031\u2010551.<\/p>\n<p>\n\t<strong>Let\u00ebr Ftes\u00eb<\/strong><br \/>\n\t<a href=\"http:\/\/www.kt.gov.rs\/images\/Pozivno_pismo_BPP_Bujanovac_alb03.02.2014.pdf\">Shkarko dokumentin<\/a><\/p>\n<p>\t<strong>Program<\/strong><br \/>\n\t<a href=\"http:\/\/www.kt.gov.rs\/images\/dnevni_red_alb03.02.2014.pdf\">Shkarko dokumentin<\/a><\/p>\n<p>\n\t\u00a0<\/p>\n","protected":false},"excerpt":{"rendered":"<p>Ministria e Drejt\u00ebsis\u00eb dhe Administrat\u00ebs Shtet\u00ebrore, Trupi Koordinues i Qeveris\u00eb s\u00eb Republik\u00ebs s\u00eb Serbis\u00eb p\u00ebr komunat Preshev\u00eb, Bujanoc dhe Medvegj\u00eb, komuna e Bujanocit, Oda e Avokat\u00ebve n\u00eb Nish dhe Partner\u00ebt p\u00ebr ndryshime demokratike Serbia<\/p>\n<p>\tLet\u00ebr Ftes\u00eb<br \/>\n\tShkarko dokumentin<\/p>\n<p>\tProgram<br \/>\n\tShkarko dokumentin<\/p>\n","protected":false},"author":1,"featured_media":0,"comment_status":"closed","ping_status":"closed","sticky":false,"template":"","format":"standard","meta":{"footnotes":""},"categories":[55],"tags":[],"class_list":["post-139644","post","type-post","status-publish","format-standard","hentry","category-lajme"],"yoast_head":"<!-- This site is optimized with the Yoast SEO plugin v27.5 - https:\/\/yoast.com\/product\/yoast-seo-wordpress\/ -->\n<title>PROJEKT LIGJI P\u00cbR NDIHM\u00cb JURIDIKE PA PAGES\u00cb - Republika e S\u00ebrbis\u00eb Trupi Koordinues p\u00ebr komunat Bujanoc, Preshev\u00eb dhe Medvegj\u00eb<\/title>\n<meta name=\"robots\" content=\"index, follow, max-snippet:-1, max-image-preview:large, max-video-preview:-1\" \/>\n<link rel=\"canonical\" href=\"https:\/\/kt.gov.rs\/sq\/projekt-ligji-per-ndihme-juridike-pa-pagese\/\" \/>\n<meta property=\"og:locale\" content=\"sq_AL\" \/>\n<meta property=\"og:type\" content=\"article\" \/>\n<meta property=\"og:title\" content=\"PROJEKT LIGJI P\u00cbR NDIHM\u00cb JURIDIKE PA PAGES\u00cb - Republika e S\u00ebrbis\u00eb Trupi Koordinues p\u00ebr komunat Bujanoc, Preshev\u00eb dhe Medvegj\u00eb\" \/>\n<meta property=\"og:description\" content=\"Ministria e Drejt\u00ebsis\u00eb dhe Administrat\u00ebs Shtet\u00ebrore, Trupi Koordinues i Qeveris\u00eb s\u00eb Republik\u00ebs s\u00eb Serbis\u00eb p\u00ebr komunat Preshev\u00eb, Bujanoc dhe Medvegj\u00eb, komuna e Bujanocit, Oda e Avokat\u00ebve n\u00eb Nish dhe Partner\u00ebt p\u00ebr ndryshime demokratike Serbia  Let\u00ebr Ftes\u00eb Shkarko dokumentin  Program Shkarko dokumentin\" \/>\n<meta property=\"og:url\" content=\"https:\/\/kt.gov.rs\/sq\/projekt-ligji-per-ndihme-juridike-pa-pagese\/\" \/>\n<meta property=\"og:site_name\" content=\"Republika e S\u00ebrbis\u00eb Trupi Koordinues p\u00ebr komunat Bujanoc, Preshev\u00eb dhe Medvegj\u00eb\" \/>\n<meta property=\"article:publisher\" content=\"https:\/\/www.facebook.com\/SluzbaKoordinacionogTelaVladeRepublikeSrbije\" \/>\n<meta property=\"article:published_time\" content=\"2014-02-03T00:00:00+00:00\" \/>\n<meta name=\"author\" content=\"ktmin\" \/>\n<meta name=\"twitter:card\" content=\"summary_large_image\" \/>\n<meta name=\"twitter:creator\" content=\"@kt_gov\" \/>\n<meta name=\"twitter:site\" content=\"@kt_gov\" \/>\n<meta name=\"twitter:label1\" content=\"Written by\" \/>\n\t<meta name=\"twitter:data1\" content=\"ktmin\" \/>\n\t<meta name=\"twitter:label2\" content=\"Est. reading time\" \/>\n\t<meta name=\"twitter:data2\" content=\"2 minutes\" \/>\n<script type=\"application\/ld+json\" class=\"yoast-schema-graph\">{\"@context\":\"https:\\\/\\\/schema.org\",\"@graph\":[{\"@type\":\"Article\",\"@id\":\"https:\\\/\\\/kt.gov.rs\\\/sq\\\/projekt-ligji-per-ndihme-juridike-pa-pagese\\\/#article\",\"isPartOf\":{\"@id\":\"https:\\\/\\\/kt.gov.rs\\\/sq\\\/projekt-ligji-per-ndihme-juridike-pa-pagese\\\/\"},\"author\":{\"name\":\"ktmin\",\"@id\":\"https:\\\/\\\/kt.gov.rs\\\/#\\\/schema\\\/person\\\/e426459ddb4173309103390602694571\"},\"headline\":\"PROJEKT LIGJI P\u00cbR NDIHM\u00cb JURIDIKE PA PAGES\u00cb\",\"datePublished\":\"2014-02-03T00:00:00+00:00\",\"mainEntityOfPage\":{\"@id\":\"https:\\\/\\\/kt.gov.rs\\\/sq\\\/projekt-ligji-per-ndihme-juridike-pa-pagese\\\/\"},\"wordCount\":428,\"publisher\":{\"@id\":\"https:\\\/\\\/kt.gov.rs\\\/#organization\"},\"articleSection\":[\"Lajme\"],\"inLanguage\":\"sq-AL\"},{\"@type\":\"WebPage\",\"@id\":\"https:\\\/\\\/kt.gov.rs\\\/sq\\\/projekt-ligji-per-ndihme-juridike-pa-pagese\\\/\",\"url\":\"https:\\\/\\\/kt.gov.rs\\\/sq\\\/projekt-ligji-per-ndihme-juridike-pa-pagese\\\/\",\"name\":\"PROJEKT LIGJI P\u00cbR NDIHM\u00cb JURIDIKE PA PAGES\u00cb - Republika e S\u00ebrbis\u00eb Trupi Koordinues p\u00ebr komunat Bujanoc, Preshev\u00eb dhe Medvegj\u00eb\",\"isPartOf\":{\"@id\":\"https:\\\/\\\/kt.gov.rs\\\/#website\"},\"datePublished\":\"2014-02-03T00:00:00+00:00\",\"breadcrumb\":{\"@id\":\"https:\\\/\\\/kt.gov.rs\\\/sq\\\/projekt-ligji-per-ndihme-juridike-pa-pagese\\\/#breadcrumb\"},\"inLanguage\":\"sq-AL\",\"potentialAction\":[{\"@type\":\"ReadAction\",\"target\":[\"https:\\\/\\\/kt.gov.rs\\\/sq\\\/projekt-ligji-per-ndihme-juridike-pa-pagese\\\/\"]}]},{\"@type\":\"BreadcrumbList\",\"@id\":\"https:\\\/\\\/kt.gov.rs\\\/sq\\\/projekt-ligji-per-ndihme-juridike-pa-pagese\\\/#breadcrumb\",\"itemListElement\":[{\"@type\":\"ListItem\",\"position\":1,\"name\":\"\u041f\u043e\u0447\u0435\u0442\u043d\u0430\",\"item\":\"https:\\\/\\\/kt.gov.rs\\\/sq\\\/\"},{\"@type\":\"ListItem\",\"position\":2,\"name\":\"PROJEKT LIGJI P\u00cbR NDIHM\u00cb JURIDIKE PA PAGES\u00cb\"}]},{\"@type\":\"WebSite\",\"@id\":\"https:\\\/\\\/kt.gov.rs\\\/#website\",\"url\":\"https:\\\/\\\/kt.gov.rs\\\/\",\"name\":\"\u041a\u043e\u043e\u0440\u0434\u0438\u043d\u0430\u0446\u0438\u043e\u043d\u043e \u0442\u0435\u043b\u043e \u0412\u043b\u0430\u0434\u0435 \u0420\u0435\u043f\u0443\u0431\u043b\u0438\u043a\u0435 \u0421\u0440\u0431\u0438\u0458\u0435 \u0437\u0430 \u043e\u043f\u0448\u0442\u0438\u043d\u0435 \u041f\u0440\u0435\u0448\u0435\u0432\u043e, \u0411\u0443\u0458\u0430\u043d\u043e\u0432\u0430\u0446 \u0438 \u041c\u0435\u0434\u0432\u0435\u0452a\",\"description\":\"\",\"publisher\":{\"@id\":\"https:\\\/\\\/kt.gov.rs\\\/#organization\"},\"alternateName\":\"\u041a\u043e\u043e\u0440\u0434\u0438\u043d\u0430\u0446\u0438\u043e\u043d\u043e \u0442\u0435\u043b\u043e\",\"potentialAction\":[{\"@type\":\"SearchAction\",\"target\":{\"@type\":\"EntryPoint\",\"urlTemplate\":\"https:\\\/\\\/kt.gov.rs\\\/?s={search_term_string}\"},\"query-input\":{\"@type\":\"PropertyValueSpecification\",\"valueRequired\":true,\"valueName\":\"search_term_string\"}}],\"inLanguage\":\"sq-AL\"},{\"@type\":\"Organization\",\"@id\":\"https:\\\/\\\/kt.gov.rs\\\/#organization\",\"name\":\"\u041a\u043e\u043e\u0440\u0434\u0438\u043d\u0430\u0446\u0438\u043e\u043d\u043e \u0442\u0435\u043b\u043e \u0412\u043b\u0430\u0434\u0435 \u0420\u0435\u043f\u0443\u0431\u043b\u0438\u043a\u0435 \u0421\u0440\u0431\u0438\u0458\u0435 \u0437\u0430 \u043e\u043f\u0448\u0442\u0438\u043d\u0435 \u041f\u0440\u0435\u0448\u0435\u0432\u043e, \u0411\u0443\u0458\u0430\u043d\u043e\u0432\u0430\u0446 \u0438 \u041c\u0435\u0434\u0432\u0435\u0452a\",\"alternateName\":\"\u041a\u043e\u043e\u0440\u0434\u0438\u043d\u0430\u0446\u0438\u043e\u043d\u043e \u0442\u0435\u043b\u043e\",\"url\":\"https:\\\/\\\/kt.gov.rs\\\/\",\"logo\":{\"@type\":\"ImageObject\",\"inLanguage\":\"sq-AL\",\"@id\":\"https:\\\/\\\/kt.gov.rs\\\/#\\\/schema\\\/logo\\\/image\\\/\",\"url\":\"https:\\\/\\\/kt.gov.rs\\\/wp-content\\\/uploads\\\/2024\\\/12\\\/koord2.jpg\",\"contentUrl\":\"https:\\\/\\\/kt.gov.rs\\\/wp-content\\\/uploads\\\/2024\\\/12\\\/koord2.jpg\",\"width\":640,\"height\":480,\"caption\":\"\u041a\u043e\u043e\u0440\u0434\u0438\u043d\u0430\u0446\u0438\u043e\u043d\u043e \u0442\u0435\u043b\u043e \u0412\u043b\u0430\u0434\u0435 \u0420\u0435\u043f\u0443\u0431\u043b\u0438\u043a\u0435 \u0421\u0440\u0431\u0438\u0458\u0435 \u0437\u0430 \u043e\u043f\u0448\u0442\u0438\u043d\u0435 \u041f\u0440\u0435\u0448\u0435\u0432\u043e, \u0411\u0443\u0458\u0430\u043d\u043e\u0432\u0430\u0446 \u0438 \u041c\u0435\u0434\u0432\u0435\u0452a\"},\"image\":{\"@id\":\"https:\\\/\\\/kt.gov.rs\\\/#\\\/schema\\\/logo\\\/image\\\/\"},\"sameAs\":[\"https:\\\/\\\/www.facebook.com\\\/SluzbaKoordinacionogTelaVladeRepublikeSrbije\",\"https:\\\/\\\/x.com\\\/kt_gov\",\"https:\\\/\\\/www.youtube.com\\\/@koordinacionotelo\"]},{\"@type\":\"Person\",\"@id\":\"https:\\\/\\\/kt.gov.rs\\\/#\\\/schema\\\/person\\\/e426459ddb4173309103390602694571\",\"name\":\"ktmin\",\"image\":{\"@type\":\"ImageObject\",\"inLanguage\":\"sq-AL\",\"@id\":\"https:\\\/\\\/secure.gravatar.com\\\/avatar\\\/3985c961109853010c3fbc7ba30365bfba5db3dd6c525831d9c595c7525a615a?s=96&d=mm&r=g\",\"url\":\"https:\\\/\\\/secure.gravatar.com\\\/avatar\\\/3985c961109853010c3fbc7ba30365bfba5db3dd6c525831d9c595c7525a615a?s=96&d=mm&r=g\",\"contentUrl\":\"https:\\\/\\\/secure.gravatar.com\\\/avatar\\\/3985c961109853010c3fbc7ba30365bfba5db3dd6c525831d9c595c7525a615a?s=96&d=mm&r=g\",\"caption\":\"ktmin\"},\"sameAs\":[\"https:\\\/\\\/kt.gov.rs\"],\"url\":\"https:\\\/\\\/kt.gov.rs\\\/sq\\\/author\\\/ktmin\\\/\"}]}<\/script>\n<!-- \/ Yoast SEO plugin. -->","yoast_head_json":{"title":"PROJEKT LIGJI P\u00cbR NDIHM\u00cb JURIDIKE PA PAGES\u00cb - Republika e S\u00ebrbis\u00eb Trupi Koordinues p\u00ebr komunat Bujanoc, Preshev\u00eb dhe Medvegj\u00eb","robots":{"index":"index","follow":"follow","max-snippet":"max-snippet:-1","max-image-preview":"max-image-preview:large","max-video-preview":"max-video-preview:-1"},"canonical":"https:\/\/kt.gov.rs\/sq\/projekt-ligji-per-ndihme-juridike-pa-pagese\/","og_locale":"sq_AL","og_type":"article","og_title":"PROJEKT LIGJI P\u00cbR NDIHM\u00cb JURIDIKE PA PAGES\u00cb - Republika e S\u00ebrbis\u00eb Trupi Koordinues p\u00ebr komunat Bujanoc, Preshev\u00eb dhe Medvegj\u00eb","og_description":"Ministria e Drejt\u00ebsis\u00eb dhe Administrat\u00ebs Shtet\u00ebrore, Trupi Koordinues i Qeveris\u00eb s\u00eb Republik\u00ebs s\u00eb Serbis\u00eb p\u00ebr komunat Preshev\u00eb, Bujanoc dhe Medvegj\u00eb, komuna e Bujanocit, Oda e Avokat\u00ebve n\u00eb Nish dhe Partner\u00ebt p\u00ebr ndryshime demokratike Serbia  Let\u00ebr Ftes\u00eb Shkarko dokumentin  Program Shkarko dokumentin","og_url":"https:\/\/kt.gov.rs\/sq\/projekt-ligji-per-ndihme-juridike-pa-pagese\/","og_site_name":"Republika e S\u00ebrbis\u00eb Trupi Koordinues p\u00ebr komunat Bujanoc, Preshev\u00eb dhe Medvegj\u00eb","article_publisher":"https:\/\/www.facebook.com\/SluzbaKoordinacionogTelaVladeRepublikeSrbije","article_published_time":"2014-02-03T00:00:00+00:00","author":"ktmin","twitter_card":"summary_large_image","twitter_creator":"@kt_gov","twitter_site":"@kt_gov","twitter_misc":{"Written by":"ktmin","Est. reading time":"2 minutes"},"schema":{"@context":"https:\/\/schema.org","@graph":[{"@type":"Article","@id":"https:\/\/kt.gov.rs\/sq\/projekt-ligji-per-ndihme-juridike-pa-pagese\/#article","isPartOf":{"@id":"https:\/\/kt.gov.rs\/sq\/projekt-ligji-per-ndihme-juridike-pa-pagese\/"},"author":{"name":"ktmin","@id":"https:\/\/kt.gov.rs\/#\/schema\/person\/e426459ddb4173309103390602694571"},"headline":"PROJEKT LIGJI P\u00cbR NDIHM\u00cb JURIDIKE PA PAGES\u00cb","datePublished":"2014-02-03T00:00:00+00:00","mainEntityOfPage":{"@id":"https:\/\/kt.gov.rs\/sq\/projekt-ligji-per-ndihme-juridike-pa-pagese\/"},"wordCount":428,"publisher":{"@id":"https:\/\/kt.gov.rs\/#organization"},"articleSection":["Lajme"],"inLanguage":"sq-AL"},{"@type":"WebPage","@id":"https:\/\/kt.gov.rs\/sq\/projekt-ligji-per-ndihme-juridike-pa-pagese\/","url":"https:\/\/kt.gov.rs\/sq\/projekt-ligji-per-ndihme-juridike-pa-pagese\/","name":"PROJEKT LIGJI P\u00cbR NDIHM\u00cb JURIDIKE PA PAGES\u00cb - Republika e S\u00ebrbis\u00eb Trupi Koordinues p\u00ebr komunat Bujanoc, Preshev\u00eb dhe Medvegj\u00eb","isPartOf":{"@id":"https:\/\/kt.gov.rs\/#website"},"datePublished":"2014-02-03T00:00:00+00:00","breadcrumb":{"@id":"https:\/\/kt.gov.rs\/sq\/projekt-ligji-per-ndihme-juridike-pa-pagese\/#breadcrumb"},"inLanguage":"sq-AL","potentialAction":[{"@type":"ReadAction","target":["https:\/\/kt.gov.rs\/sq\/projekt-ligji-per-ndihme-juridike-pa-pagese\/"]}]},{"@type":"BreadcrumbList","@id":"https:\/\/kt.gov.rs\/sq\/projekt-ligji-per-ndihme-juridike-pa-pagese\/#breadcrumb","itemListElement":[{"@type":"ListItem","position":1,"name":"\u041f\u043e\u0447\u0435\u0442\u043d\u0430","item":"https:\/\/kt.gov.rs\/sq\/"},{"@type":"ListItem","position":2,"name":"PROJEKT LIGJI P\u00cbR NDIHM\u00cb JURIDIKE PA PAGES\u00cb"}]},{"@type":"WebSite","@id":"https:\/\/kt.gov.rs\/#website","url":"https:\/\/kt.gov.rs\/","name":"\u041a\u043e\u043e\u0440\u0434\u0438\u043d\u0430\u0446\u0438\u043e\u043d\u043e \u0442\u0435\u043b\u043e \u0412\u043b\u0430\u0434\u0435 \u0420\u0435\u043f\u0443\u0431\u043b\u0438\u043a\u0435 \u0421\u0440\u0431\u0438\u0458\u0435 \u0437\u0430 \u043e\u043f\u0448\u0442\u0438\u043d\u0435 \u041f\u0440\u0435\u0448\u0435\u0432\u043e, \u0411\u0443\u0458\u0430\u043d\u043e\u0432\u0430\u0446 \u0438 \u041c\u0435\u0434\u0432\u0435\u0452a","description":"","publisher":{"@id":"https:\/\/kt.gov.rs\/#organization"},"alternateName":"\u041a\u043e\u043e\u0440\u0434\u0438\u043d\u0430\u0446\u0438\u043e\u043d\u043e \u0442\u0435\u043b\u043e","potentialAction":[{"@type":"SearchAction","target":{"@type":"EntryPoint","urlTemplate":"https:\/\/kt.gov.rs\/?s={search_term_string}"},"query-input":{"@type":"PropertyValueSpecification","valueRequired":true,"valueName":"search_term_string"}}],"inLanguage":"sq-AL"},{"@type":"Organization","@id":"https:\/\/kt.gov.rs\/#organization","name":"\u041a\u043e\u043e\u0440\u0434\u0438\u043d\u0430\u0446\u0438\u043e\u043d\u043e \u0442\u0435\u043b\u043e \u0412\u043b\u0430\u0434\u0435 \u0420\u0435\u043f\u0443\u0431\u043b\u0438\u043a\u0435 \u0421\u0440\u0431\u0438\u0458\u0435 \u0437\u0430 \u043e\u043f\u0448\u0442\u0438\u043d\u0435 \u041f\u0440\u0435\u0448\u0435\u0432\u043e, \u0411\u0443\u0458\u0430\u043d\u043e\u0432\u0430\u0446 \u0438 \u041c\u0435\u0434\u0432\u0435\u0452a","alternateName":"\u041a\u043e\u043e\u0440\u0434\u0438\u043d\u0430\u0446\u0438\u043e\u043d\u043e \u0442\u0435\u043b\u043e","url":"https:\/\/kt.gov.rs\/","logo":{"@type":"ImageObject","inLanguage":"sq-AL","@id":"https:\/\/kt.gov.rs\/#\/schema\/logo\/image\/","url":"https:\/\/kt.gov.rs\/wp-content\/uploads\/2024\/12\/koord2.jpg","contentUrl":"https:\/\/kt.gov.rs\/wp-content\/uploads\/2024\/12\/koord2.jpg","width":640,"height":480,"caption":"\u041a\u043e\u043e\u0440\u0434\u0438\u043d\u0430\u0446\u0438\u043e\u043d\u043e \u0442\u0435\u043b\u043e \u0412\u043b\u0430\u0434\u0435 \u0420\u0435\u043f\u0443\u0431\u043b\u0438\u043a\u0435 \u0421\u0440\u0431\u0438\u0458\u0435 \u0437\u0430 \u043e\u043f\u0448\u0442\u0438\u043d\u0435 \u041f\u0440\u0435\u0448\u0435\u0432\u043e, \u0411\u0443\u0458\u0430\u043d\u043e\u0432\u0430\u0446 \u0438 \u041c\u0435\u0434\u0432\u0435\u0452a"},"image":{"@id":"https:\/\/kt.gov.rs\/#\/schema\/logo\/image\/"},"sameAs":["https:\/\/www.facebook.com\/SluzbaKoordinacionogTelaVladeRepublikeSrbije","https:\/\/x.com\/kt_gov","https:\/\/www.youtube.com\/@koordinacionotelo"]},{"@type":"Person","@id":"https:\/\/kt.gov.rs\/#\/schema\/person\/e426459ddb4173309103390602694571","name":"ktmin","image":{"@type":"ImageObject","inLanguage":"sq-AL","@id":"https:\/\/secure.gravatar.com\/avatar\/3985c961109853010c3fbc7ba30365bfba5db3dd6c525831d9c595c7525a615a?s=96&d=mm&r=g","url":"https:\/\/secure.gravatar.com\/avatar\/3985c961109853010c3fbc7ba30365bfba5db3dd6c525831d9c595c7525a615a?s=96&d=mm&r=g","contentUrl":"https:\/\/secure.gravatar.com\/avatar\/3985c961109853010c3fbc7ba30365bfba5db3dd6c525831d9c595c7525a615a?s=96&d=mm&r=g","caption":"ktmin"},"sameAs":["https:\/\/kt.gov.rs"],"url":"https:\/\/kt.gov.rs\/sq\/author\/ktmin\/"}]}},"_links":{"self":[{"href":"https:\/\/kt.gov.rs\/sq\/wp-json\/wp\/v2\/posts\/139644","targetHints":{"allow":["GET"]}}],"collection":[{"href":"https:\/\/kt.gov.rs\/sq\/wp-json\/wp\/v2\/posts"}],"about":[{"href":"https:\/\/kt.gov.rs\/sq\/wp-json\/wp\/v2\/types\/post"}],"author":[{"embeddable":true,"href":"https:\/\/kt.gov.rs\/sq\/wp-json\/wp\/v2\/users\/1"}],"replies":[{"embeddable":true,"href":"https:\/\/kt.gov.rs\/sq\/wp-json\/wp\/v2\/comments?post=139644"}],"version-history":[{"count":0,"href":"https:\/\/kt.gov.rs\/sq\/wp-json\/wp\/v2\/posts\/139644\/revisions"}],"wp:attachment":[{"href":"https:\/\/kt.gov.rs\/sq\/wp-json\/wp\/v2\/media?parent=139644"}],"wp:term":[{"taxonomy":"category","embeddable":true,"href":"https:\/\/kt.gov.rs\/sq\/wp-json\/wp\/v2\/categories?post=139644"},{"taxonomy":"post_tag","embeddable":true,"href":"https:\/\/kt.gov.rs\/sq\/wp-json\/wp\/v2\/tags?post=139644"}],"curies":[{"name":"wp","href":"https:\/\/api.w.org\/{rel}","templated":true}]}}