{"id":139636,"date":"2014-02-04T00:00:00","date_gmt":"2014-02-04T00:00:00","guid":{"rendered":"http:\/\/kt.printandscreen.rs\/eshte-bere-pajisimi-i-plotesishem-i-maternitetit-ne-presheve\/"},"modified":"2024-07-30T20:13:29","modified_gmt":"2024-07-30T20:13:29","slug":"eshte-bere-pajisimi-i-plotesishem-i-maternitetit-ne-presheve","status":"publish","type":"post","link":"https:\/\/kt.gov.rs\/sq\/eshte-bere-pajisimi-i-plotesishem-i-maternitetit-ne-presheve\/","title":{"rendered":"\u00cbSHT\u00cb B\u00cbR\u00cb PAJISIMI I  PLOT\u00cbSISH\u00cbM I MATERNITETIT N\u00cb PRESHEV\u00cb"},"content":{"rendered":"<p>\n\t<strong><img decoding=\"async\" alt=\"\" src=\"https:\/\/kt.gov.rs\/wp-content\/uploads\/2024\/07\/newspic767-4.jpg\" style=\"width: 315px; height: 209px; float: left;\" \/>Preshev\u00eb \u2013<\/strong>\u00a0 N\u00eb Preshev\u00eb \u00ebsht\u00eb restauruar plot\u00ebsisht materniteti dhe jan\u00eb siguruar t\u00eb gjitha paisjet e duhura. N\u00eb katin p\u00ebrdhes\u00eb t\u00eb nd\u00ebrtes\u00ebs \u00ebsht\u00eb vendosur departamenti i gjinekologjis\u00eb, nd\u00ebrsa n\u00eb katin e par\u00eb jan\u00eb dy salla p\u00ebr lindje dhe blloku stacionar. Materniteti do t\u00eb filloj pun\u00ebn n\u00eb fund t\u00eb marsit ose n\u00eb fillim t\u00eb prillit, pas mbarimit t\u00eb trajnimit t\u00eb mjek\u00ebve n\u00eb qendr\u00ebn e sh\u00ebndetit n\u00eb Vraj\u00eb.<\/p>\n<p>\n\tSipas rregullave t\u00eb mjek\u00ebsis\u00eb, etik\u00ebs dhe humanizmit\u00a0 materniteti i Preshev\u00ebs, nuk do t\u00eb mbetet mbrapa nga maternitetet tjera modern n\u00eb vend, si\u00e7 ka th\u00ebn\u00eb ministresha e sh\u00ebndet\u00ebsis\u00eb, Sllavica Gjukiq-Dejanoviq, me rastin e\u00a0 vizit\u00ebs s\u00eb saj n\u00eb maternitet.<\/p>\n<p>\n\t\u00a0\u201eGrat\u00eb nga Presheva dhe rrethina do t\u00eb lindin n\u00eb k\u00ebt\u00eb maternitet modern, q\u00eb sipas gjitha rregullave t\u00eb profesionit, etik\u00ebs dhe humanizmit nuk mbetet mbrapa nga ata t\u00eb vendeve evropiane\u201c, ka th\u00ebn\u00eb ministresha e sh\u00ebndet\u00ebsis\u00eb, Sllavica Gjukiq-Dejanoviq.<\/p>\n<p>\n\tShefi i Delegacionit t\u00eb Unionit Europian n\u00eb Republik\u00ebn e Serbis\u00eb, Majk\u00ebll Devenport, ka th\u00ebn\u00eb se vet\u00ebm me kujdesin e mir\u00eb sh\u00ebndet\u00ebsor dhe me kushtet kualitative p\u00ebr kujdesin e grave shtatz\u00ebna dhe t\u00eb grave q\u00eb lindin mund t\u00eb shpresojm\u00eb n\u00eb pasardh\u00ebs t\u00eb sh\u00ebndetsh\u00ebm.<\/p>\n<p>\n\tZoran Stankoviq, kryetar i Trupit Koordinues, ka shprehur k\u00ebnaq\u00ebsin\u00eb p\u00ebr shkak t\u00eb pajisimit t\u00eb plot\u00eb t\u00eb maternitetit dhe se do t\u00eb afrohen kushtet p\u00ebr lindje, t\u00eb cilat mund t\u00eb krahasohen me ato m\u00eb moderne n\u00eb Europ\u00eb.<\/p>\n<p>\n\t\u201eAjo \u00e7ka \u00ebsht\u00eb m\u00eb me r\u00ebnd\u00ebsi \u00ebsht\u00eb se kemi siguruar vendin dhe aparatur\u00ebn, nd\u00ebrsa kan\u00eb filluar edhe trajnimet profesionale t\u00eb kat\u00ebr specialist\u00ebve nga Presheva, t\u00eb cil\u00ebt do t\u00eb punojn\u00eb n\u00eb maternitet\u201c, ka deklaruar Stankoviq, duke theksuar se nd\u00ebrtimi i maternitetit \u00ebsht\u00eb shembull i bashk\u00ebpunimit t\u00eb mir\u00eb n\u00eb mes Qeveris\u00eb s\u00eb Serbis\u00eb, Unionit Europian dhe qeverisjes lokale.<\/p>\n<p>\n\tGazetar\u00ebve iu ka interesuar se me hapjen e maternitetit a do t\u00eb thot\u00eb s\u00eb \u00ebsht\u00eb b\u00ebr\u00eb edhe vazhdimi i bisedimeve mes shqiptar\u00ebve dhe organeve shtet\u00ebrore t\u00eb Serbis\u00eb. Ragmi Mustafa, kryetar i komun\u00ebs s\u00eb Preshev\u00ebs, ka th\u00ebn\u00eb se bisedimet mund t\u00eb vazhdojn\u00eb vet\u00ebm me Sllavica Gjukiq Dejanoviqin, sepse kjo ministri ka p\u00ebrmbushur gjitha dispozitat e marr\u00ebveshjes rreth kujdesit sh\u00ebndet\u00ebsor.<\/p>\n<p>\n\tMeritor\u00eb p\u00ebr nd\u00ebrtimin e maternitetit n\u00eb Preshev\u00eb jan\u00eb Ministria e Sh\u00ebndetsis\u00eb, Trupi Koordinues i Qeveris\u00eb s\u00eb Republik\u00ebs s\u00eb Serbis\u00eb p\u00ebr komunat Preshev\u00eb, Bujanoc dhe Medvegj\u00eb dhe komuna e Preshev\u00ebs. Nd\u00ebrtimin e kan\u00eb ndihmuar Unioni Europian dhe Qeveria e Zvicrr\u00ebs me 250.000 euro. Me nd\u00ebrmjet\u00ebsimin e Programit p\u00ebr partneritet europian me komunat (EU Proges), Unioni Europian dhe Qeveria e Zvicrr\u00ebs kan\u00eb siguruar inkubatorin, ultra-z\u00ebrin dhe mjetet tjera t\u00eb duhura.<\/p>\n<p>\n\tMaterniteti n\u00eb Preshev\u00eb \u00ebsht\u00eb mbyllur nga viti 1989, ku pas k\u00ebsaj, grat\u00eb nga ky vend jan\u00eb detyruar t\u00eb udh\u00ebtojn\u00eb 70 km drejt Vraj\u00ebs, Shkupit, Gjilanit, Prishtin\u00ebs dhe Kumanov\u00ebs q\u00eb t\u00eb lindin. Nd\u00ebrtimi i maternitetit ka zgjatur kat\u00ebr vite dhe n\u00eb t\u00eb jan\u00eb invenstuar rreth nj\u00eb milion\u00eb e gjys\u00eb euro. Materniteti ka dy salla t\u00eb lindjes dhe 12 postela.<\/p>\n<p>\n\tSipas statistikave, n\u00eb k\u00ebt\u00eb maternitet \u00e7do vit\u00eb do t\u00eb mund t\u00eb lindin 400 gra nga Presheva.<\/p>\n<p>\n\t<strong>Burimi: Trupi Koordinues <\/strong><\/p>\n<p>\n\t\u00a0<\/p>\n","protected":false},"excerpt":{"rendered":"<p>Preshev\u00eb \u2013\u00a0 N\u00eb Preshev\u00eb \u00ebsht\u00eb restauruar plot\u00ebsisht materniteti dhe jan\u00eb siguruar t\u00eb gjitha paisjet e duhura. N\u00eb katin p\u00ebrdhes\u00eb t\u00eb nd\u00ebrtes\u00ebs \u00ebsht\u00eb vendosur departamenti i gjinekologjis\u00eb, nd\u00ebrsa n\u00eb katin e par\u00eb jan\u00eb dy salla p\u00ebr lindje dhe blloku stacionar.<\/p>\n","protected":false},"author":1,"featured_media":139641,"comment_status":"closed","ping_status":"closed","sticky":false,"template":"","format":"standard","meta":{"footnotes":""},"categories":[55],"tags":[],"class_list":["post-139636","post","type-post","status-publish","format-standard","has-post-thumbnail","hentry","category-lajme"],"yoast_head":"<!-- This site is optimized with the Yoast SEO plugin v27.5 - https:\/\/yoast.com\/product\/yoast-seo-wordpress\/ -->\n<title>\u00cbSHT\u00cb B\u00cbR\u00cb PAJISIMI I PLOT\u00cbSISH\u00cbM I MATERNITETIT N\u00cb PRESHEV\u00cb - Republika e S\u00ebrbis\u00eb Trupi Koordinues p\u00ebr komunat Bujanoc, Preshev\u00eb dhe Medvegj\u00eb<\/title>\n<meta name=\"robots\" content=\"index, follow, max-snippet:-1, max-image-preview:large, max-video-preview:-1\" \/>\n<link rel=\"canonical\" href=\"https:\/\/kt.gov.rs\/sq\/eshte-bere-pajisimi-i-plotesishem-i-maternitetit-ne-presheve\/\" \/>\n<meta property=\"og:locale\" content=\"sq_AL\" \/>\n<meta property=\"og:type\" content=\"article\" \/>\n<meta property=\"og:title\" content=\"\u00cbSHT\u00cb B\u00cbR\u00cb PAJISIMI I PLOT\u00cbSISH\u00cbM I MATERNITETIT N\u00cb PRESHEV\u00cb - Republika e S\u00ebrbis\u00eb Trupi Koordinues p\u00ebr komunat Bujanoc, Preshev\u00eb dhe Medvegj\u00eb\" \/>\n<meta property=\"og:description\" content=\"Preshev\u00eb -\u00a0 N\u00eb Preshev\u00eb \u00ebsht\u00eb restauruar plot\u00ebsisht materniteti dhe jan\u00eb siguruar t\u00eb gjitha paisjet e duhura. N\u00eb katin p\u00ebrdhes\u00eb t\u00eb nd\u00ebrtes\u00ebs \u00ebsht\u00eb vendosur departamenti i gjinekologjis\u00eb, nd\u00ebrsa n\u00eb katin e par\u00eb jan\u00eb dy salla p\u00ebr lindje dhe blloku stacionar.\" \/>\n<meta property=\"og:url\" content=\"https:\/\/kt.gov.rs\/sq\/eshte-bere-pajisimi-i-plotesishem-i-maternitetit-ne-presheve\/\" \/>\n<meta property=\"og:site_name\" content=\"Republika e S\u00ebrbis\u00eb Trupi Koordinues p\u00ebr komunat Bujanoc, Preshev\u00eb dhe Medvegj\u00eb\" \/>\n<meta property=\"article:publisher\" content=\"https:\/\/www.facebook.com\/SluzbaKoordinacionogTelaVladeRepublikeSrbije\" \/>\n<meta property=\"article:published_time\" content=\"2014-02-04T00:00:00+00:00\" \/>\n<meta property=\"article:modified_time\" content=\"2024-07-30T20:13:29+00:00\" \/>\n<meta property=\"og:image\" content=\"https:\/\/kt.gov.rs\/wp-content\/uploads\/2024\/07\/newspic767-5.jpg\" \/>\n\t<meta property=\"og:image:width\" content=\"315\" \/>\n\t<meta property=\"og:image:height\" content=\"209\" \/>\n\t<meta property=\"og:image:type\" content=\"image\/jpeg\" \/>\n<meta name=\"author\" content=\"ktmin\" \/>\n<meta name=\"twitter:card\" content=\"summary_large_image\" \/>\n<meta name=\"twitter:creator\" content=\"@kt_gov\" \/>\n<meta name=\"twitter:site\" content=\"@kt_gov\" \/>\n<meta name=\"twitter:label1\" content=\"Written by\" \/>\n\t<meta name=\"twitter:data1\" content=\"ktmin\" \/>\n\t<meta name=\"twitter:label2\" content=\"Est. reading time\" \/>\n\t<meta name=\"twitter:data2\" content=\"4 minutes\" \/>\n<script type=\"application\/ld+json\" class=\"yoast-schema-graph\">{\"@context\":\"https:\\\/\\\/schema.org\",\"@graph\":[{\"@type\":\"Article\",\"@id\":\"https:\\\/\\\/kt.gov.rs\\\/sq\\\/eshte-bere-pajisimi-i-plotesishem-i-maternitetit-ne-presheve\\\/#article\",\"isPartOf\":{\"@id\":\"https:\\\/\\\/kt.gov.rs\\\/sq\\\/eshte-bere-pajisimi-i-plotesishem-i-maternitetit-ne-presheve\\\/\"},\"author\":{\"name\":\"ktmin\",\"@id\":\"https:\\\/\\\/kt.gov.rs\\\/#\\\/schema\\\/person\\\/e426459ddb4173309103390602694571\"},\"headline\":\"\u00cbSHT\u00cb B\u00cbR\u00cb PAJISIMI I PLOT\u00cbSISH\u00cbM I MATERNITETIT N\u00cb PRESHEV\u00cb\",\"datePublished\":\"2014-02-04T00:00:00+00:00\",\"dateModified\":\"2024-07-30T20:13:29+00:00\",\"mainEntityOfPage\":{\"@id\":\"https:\\\/\\\/kt.gov.rs\\\/sq\\\/eshte-bere-pajisimi-i-plotesishem-i-maternitetit-ne-presheve\\\/\"},\"wordCount\":784,\"publisher\":{\"@id\":\"https:\\\/\\\/kt.gov.rs\\\/#organization\"},\"image\":{\"@id\":\"https:\\\/\\\/kt.gov.rs\\\/sq\\\/eshte-bere-pajisimi-i-plotesishem-i-maternitetit-ne-presheve\\\/#primaryimage\"},\"thumbnailUrl\":\"https:\\\/\\\/kt.gov.rs\\\/wp-content\\\/uploads\\\/2024\\\/07\\\/newspic767-5.jpg\",\"articleSection\":[\"Lajme\"],\"inLanguage\":\"sq-AL\"},{\"@type\":\"WebPage\",\"@id\":\"https:\\\/\\\/kt.gov.rs\\\/sq\\\/eshte-bere-pajisimi-i-plotesishem-i-maternitetit-ne-presheve\\\/\",\"url\":\"https:\\\/\\\/kt.gov.rs\\\/sq\\\/eshte-bere-pajisimi-i-plotesishem-i-maternitetit-ne-presheve\\\/\",\"name\":\"\u00cbSHT\u00cb B\u00cbR\u00cb PAJISIMI I PLOT\u00cbSISH\u00cbM I MATERNITETIT N\u00cb PRESHEV\u00cb - Republika e S\u00ebrbis\u00eb Trupi Koordinues p\u00ebr komunat Bujanoc, Preshev\u00eb dhe Medvegj\u00eb\",\"isPartOf\":{\"@id\":\"https:\\\/\\\/kt.gov.rs\\\/#website\"},\"primaryImageOfPage\":{\"@id\":\"https:\\\/\\\/kt.gov.rs\\\/sq\\\/eshte-bere-pajisimi-i-plotesishem-i-maternitetit-ne-presheve\\\/#primaryimage\"},\"image\":{\"@id\":\"https:\\\/\\\/kt.gov.rs\\\/sq\\\/eshte-bere-pajisimi-i-plotesishem-i-maternitetit-ne-presheve\\\/#primaryimage\"},\"thumbnailUrl\":\"https:\\\/\\\/kt.gov.rs\\\/wp-content\\\/uploads\\\/2024\\\/07\\\/newspic767-5.jpg\",\"datePublished\":\"2014-02-04T00:00:00+00:00\",\"dateModified\":\"2024-07-30T20:13:29+00:00\",\"breadcrumb\":{\"@id\":\"https:\\\/\\\/kt.gov.rs\\\/sq\\\/eshte-bere-pajisimi-i-plotesishem-i-maternitetit-ne-presheve\\\/#breadcrumb\"},\"inLanguage\":\"sq-AL\",\"potentialAction\":[{\"@type\":\"ReadAction\",\"target\":[\"https:\\\/\\\/kt.gov.rs\\\/sq\\\/eshte-bere-pajisimi-i-plotesishem-i-maternitetit-ne-presheve\\\/\"]}]},{\"@type\":\"ImageObject\",\"inLanguage\":\"sq-AL\",\"@id\":\"https:\\\/\\\/kt.gov.rs\\\/sq\\\/eshte-bere-pajisimi-i-plotesishem-i-maternitetit-ne-presheve\\\/#primaryimage\",\"url\":\"https:\\\/\\\/kt.gov.rs\\\/wp-content\\\/uploads\\\/2024\\\/07\\\/newspic767-5.jpg\",\"contentUrl\":\"https:\\\/\\\/kt.gov.rs\\\/wp-content\\\/uploads\\\/2024\\\/07\\\/newspic767-5.jpg\",\"width\":315,\"height\":209},{\"@type\":\"BreadcrumbList\",\"@id\":\"https:\\\/\\\/kt.gov.rs\\\/sq\\\/eshte-bere-pajisimi-i-plotesishem-i-maternitetit-ne-presheve\\\/#breadcrumb\",\"itemListElement\":[{\"@type\":\"ListItem\",\"position\":1,\"name\":\"\u041f\u043e\u0447\u0435\u0442\u043d\u0430\",\"item\":\"https:\\\/\\\/kt.gov.rs\\\/sq\\\/\"},{\"@type\":\"ListItem\",\"position\":2,\"name\":\"\u00cbSHT\u00cb B\u00cbR\u00cb PAJISIMI I PLOT\u00cbSISH\u00cbM I MATERNITETIT N\u00cb PRESHEV\u00cb\"}]},{\"@type\":\"WebSite\",\"@id\":\"https:\\\/\\\/kt.gov.rs\\\/#website\",\"url\":\"https:\\\/\\\/kt.gov.rs\\\/\",\"name\":\"\u041a\u043e\u043e\u0440\u0434\u0438\u043d\u0430\u0446\u0438\u043e\u043d\u043e \u0442\u0435\u043b\u043e \u0412\u043b\u0430\u0434\u0435 \u0420\u0435\u043f\u0443\u0431\u043b\u0438\u043a\u0435 \u0421\u0440\u0431\u0438\u0458\u0435 \u0437\u0430 \u043e\u043f\u0448\u0442\u0438\u043d\u0435 \u041f\u0440\u0435\u0448\u0435\u0432\u043e, \u0411\u0443\u0458\u0430\u043d\u043e\u0432\u0430\u0446 \u0438 \u041c\u0435\u0434\u0432\u0435\u0452a\",\"description\":\"\",\"publisher\":{\"@id\":\"https:\\\/\\\/kt.gov.rs\\\/#organization\"},\"alternateName\":\"\u041a\u043e\u043e\u0440\u0434\u0438\u043d\u0430\u0446\u0438\u043e\u043d\u043e \u0442\u0435\u043b\u043e\",\"potentialAction\":[{\"@type\":\"SearchAction\",\"target\":{\"@type\":\"EntryPoint\",\"urlTemplate\":\"https:\\\/\\\/kt.gov.rs\\\/?s={search_term_string}\"},\"query-input\":{\"@type\":\"PropertyValueSpecification\",\"valueRequired\":true,\"valueName\":\"search_term_string\"}}],\"inLanguage\":\"sq-AL\"},{\"@type\":\"Organization\",\"@id\":\"https:\\\/\\\/kt.gov.rs\\\/#organization\",\"name\":\"\u041a\u043e\u043e\u0440\u0434\u0438\u043d\u0430\u0446\u0438\u043e\u043d\u043e \u0442\u0435\u043b\u043e \u0412\u043b\u0430\u0434\u0435 \u0420\u0435\u043f\u0443\u0431\u043b\u0438\u043a\u0435 \u0421\u0440\u0431\u0438\u0458\u0435 \u0437\u0430 \u043e\u043f\u0448\u0442\u0438\u043d\u0435 \u041f\u0440\u0435\u0448\u0435\u0432\u043e, \u0411\u0443\u0458\u0430\u043d\u043e\u0432\u0430\u0446 \u0438 \u041c\u0435\u0434\u0432\u0435\u0452a\",\"alternateName\":\"\u041a\u043e\u043e\u0440\u0434\u0438\u043d\u0430\u0446\u0438\u043e\u043d\u043e \u0442\u0435\u043b\u043e\",\"url\":\"https:\\\/\\\/kt.gov.rs\\\/\",\"logo\":{\"@type\":\"ImageObject\",\"inLanguage\":\"sq-AL\",\"@id\":\"https:\\\/\\\/kt.gov.rs\\\/#\\\/schema\\\/logo\\\/image\\\/\",\"url\":\"https:\\\/\\\/kt.gov.rs\\\/wp-content\\\/uploads\\\/2024\\\/12\\\/koord2.jpg\",\"contentUrl\":\"https:\\\/\\\/kt.gov.rs\\\/wp-content\\\/uploads\\\/2024\\\/12\\\/koord2.jpg\",\"width\":640,\"height\":480,\"caption\":\"\u041a\u043e\u043e\u0440\u0434\u0438\u043d\u0430\u0446\u0438\u043e\u043d\u043e \u0442\u0435\u043b\u043e \u0412\u043b\u0430\u0434\u0435 \u0420\u0435\u043f\u0443\u0431\u043b\u0438\u043a\u0435 \u0421\u0440\u0431\u0438\u0458\u0435 \u0437\u0430 \u043e\u043f\u0448\u0442\u0438\u043d\u0435 \u041f\u0440\u0435\u0448\u0435\u0432\u043e, \u0411\u0443\u0458\u0430\u043d\u043e\u0432\u0430\u0446 \u0438 \u041c\u0435\u0434\u0432\u0435\u0452a\"},\"image\":{\"@id\":\"https:\\\/\\\/kt.gov.rs\\\/#\\\/schema\\\/logo\\\/image\\\/\"},\"sameAs\":[\"https:\\\/\\\/www.facebook.com\\\/SluzbaKoordinacionogTelaVladeRepublikeSrbije\",\"https:\\\/\\\/x.com\\\/kt_gov\",\"https:\\\/\\\/www.youtube.com\\\/@koordinacionotelo\"]},{\"@type\":\"Person\",\"@id\":\"https:\\\/\\\/kt.gov.rs\\\/#\\\/schema\\\/person\\\/e426459ddb4173309103390602694571\",\"name\":\"ktmin\",\"image\":{\"@type\":\"ImageObject\",\"inLanguage\":\"sq-AL\",\"@id\":\"https:\\\/\\\/secure.gravatar.com\\\/avatar\\\/3985c961109853010c3fbc7ba30365bfba5db3dd6c525831d9c595c7525a615a?s=96&d=mm&r=g\",\"url\":\"https:\\\/\\\/secure.gravatar.com\\\/avatar\\\/3985c961109853010c3fbc7ba30365bfba5db3dd6c525831d9c595c7525a615a?s=96&d=mm&r=g\",\"contentUrl\":\"https:\\\/\\\/secure.gravatar.com\\\/avatar\\\/3985c961109853010c3fbc7ba30365bfba5db3dd6c525831d9c595c7525a615a?s=96&d=mm&r=g\",\"caption\":\"ktmin\"},\"sameAs\":[\"https:\\\/\\\/kt.gov.rs\"],\"url\":\"https:\\\/\\\/kt.gov.rs\\\/sq\\\/author\\\/ktmin\\\/\"}]}<\/script>\n<!-- \/ Yoast SEO plugin. -->","yoast_head_json":{"title":"\u00cbSHT\u00cb B\u00cbR\u00cb PAJISIMI I PLOT\u00cbSISH\u00cbM I MATERNITETIT N\u00cb PRESHEV\u00cb - Republika e S\u00ebrbis\u00eb Trupi Koordinues p\u00ebr komunat Bujanoc, Preshev\u00eb dhe Medvegj\u00eb","robots":{"index":"index","follow":"follow","max-snippet":"max-snippet:-1","max-image-preview":"max-image-preview:large","max-video-preview":"max-video-preview:-1"},"canonical":"https:\/\/kt.gov.rs\/sq\/eshte-bere-pajisimi-i-plotesishem-i-maternitetit-ne-presheve\/","og_locale":"sq_AL","og_type":"article","og_title":"\u00cbSHT\u00cb B\u00cbR\u00cb PAJISIMI I PLOT\u00cbSISH\u00cbM I MATERNITETIT N\u00cb PRESHEV\u00cb - Republika e S\u00ebrbis\u00eb Trupi Koordinues p\u00ebr komunat Bujanoc, Preshev\u00eb dhe Medvegj\u00eb","og_description":"Preshev\u00eb -\u00a0 N\u00eb Preshev\u00eb \u00ebsht\u00eb restauruar plot\u00ebsisht materniteti dhe jan\u00eb siguruar t\u00eb gjitha paisjet e duhura. N\u00eb katin p\u00ebrdhes\u00eb t\u00eb nd\u00ebrtes\u00ebs \u00ebsht\u00eb vendosur departamenti i gjinekologjis\u00eb, nd\u00ebrsa n\u00eb katin e par\u00eb jan\u00eb dy salla p\u00ebr lindje dhe blloku stacionar.","og_url":"https:\/\/kt.gov.rs\/sq\/eshte-bere-pajisimi-i-plotesishem-i-maternitetit-ne-presheve\/","og_site_name":"Republika e S\u00ebrbis\u00eb Trupi Koordinues p\u00ebr komunat Bujanoc, Preshev\u00eb dhe Medvegj\u00eb","article_publisher":"https:\/\/www.facebook.com\/SluzbaKoordinacionogTelaVladeRepublikeSrbije","article_published_time":"2014-02-04T00:00:00+00:00","article_modified_time":"2024-07-30T20:13:29+00:00","og_image":[{"width":315,"height":209,"url":"https:\/\/kt.gov.rs\/wp-content\/uploads\/2024\/07\/newspic767-5.jpg","type":"image\/jpeg"}],"author":"ktmin","twitter_card":"summary_large_image","twitter_creator":"@kt_gov","twitter_site":"@kt_gov","twitter_misc":{"Written by":"ktmin","Est. reading time":"4 minutes"},"schema":{"@context":"https:\/\/schema.org","@graph":[{"@type":"Article","@id":"https:\/\/kt.gov.rs\/sq\/eshte-bere-pajisimi-i-plotesishem-i-maternitetit-ne-presheve\/#article","isPartOf":{"@id":"https:\/\/kt.gov.rs\/sq\/eshte-bere-pajisimi-i-plotesishem-i-maternitetit-ne-presheve\/"},"author":{"name":"ktmin","@id":"https:\/\/kt.gov.rs\/#\/schema\/person\/e426459ddb4173309103390602694571"},"headline":"\u00cbSHT\u00cb B\u00cbR\u00cb PAJISIMI I PLOT\u00cbSISH\u00cbM I MATERNITETIT N\u00cb PRESHEV\u00cb","datePublished":"2014-02-04T00:00:00+00:00","dateModified":"2024-07-30T20:13:29+00:00","mainEntityOfPage":{"@id":"https:\/\/kt.gov.rs\/sq\/eshte-bere-pajisimi-i-plotesishem-i-maternitetit-ne-presheve\/"},"wordCount":784,"publisher":{"@id":"https:\/\/kt.gov.rs\/#organization"},"image":{"@id":"https:\/\/kt.gov.rs\/sq\/eshte-bere-pajisimi-i-plotesishem-i-maternitetit-ne-presheve\/#primaryimage"},"thumbnailUrl":"https:\/\/kt.gov.rs\/wp-content\/uploads\/2024\/07\/newspic767-5.jpg","articleSection":["Lajme"],"inLanguage":"sq-AL"},{"@type":"WebPage","@id":"https:\/\/kt.gov.rs\/sq\/eshte-bere-pajisimi-i-plotesishem-i-maternitetit-ne-presheve\/","url":"https:\/\/kt.gov.rs\/sq\/eshte-bere-pajisimi-i-plotesishem-i-maternitetit-ne-presheve\/","name":"\u00cbSHT\u00cb B\u00cbR\u00cb PAJISIMI I PLOT\u00cbSISH\u00cbM I MATERNITETIT N\u00cb PRESHEV\u00cb - Republika e S\u00ebrbis\u00eb Trupi Koordinues p\u00ebr komunat Bujanoc, Preshev\u00eb dhe Medvegj\u00eb","isPartOf":{"@id":"https:\/\/kt.gov.rs\/#website"},"primaryImageOfPage":{"@id":"https:\/\/kt.gov.rs\/sq\/eshte-bere-pajisimi-i-plotesishem-i-maternitetit-ne-presheve\/#primaryimage"},"image":{"@id":"https:\/\/kt.gov.rs\/sq\/eshte-bere-pajisimi-i-plotesishem-i-maternitetit-ne-presheve\/#primaryimage"},"thumbnailUrl":"https:\/\/kt.gov.rs\/wp-content\/uploads\/2024\/07\/newspic767-5.jpg","datePublished":"2014-02-04T00:00:00+00:00","dateModified":"2024-07-30T20:13:29+00:00","breadcrumb":{"@id":"https:\/\/kt.gov.rs\/sq\/eshte-bere-pajisimi-i-plotesishem-i-maternitetit-ne-presheve\/#breadcrumb"},"inLanguage":"sq-AL","potentialAction":[{"@type":"ReadAction","target":["https:\/\/kt.gov.rs\/sq\/eshte-bere-pajisimi-i-plotesishem-i-maternitetit-ne-presheve\/"]}]},{"@type":"ImageObject","inLanguage":"sq-AL","@id":"https:\/\/kt.gov.rs\/sq\/eshte-bere-pajisimi-i-plotesishem-i-maternitetit-ne-presheve\/#primaryimage","url":"https:\/\/kt.gov.rs\/wp-content\/uploads\/2024\/07\/newspic767-5.jpg","contentUrl":"https:\/\/kt.gov.rs\/wp-content\/uploads\/2024\/07\/newspic767-5.jpg","width":315,"height":209},{"@type":"BreadcrumbList","@id":"https:\/\/kt.gov.rs\/sq\/eshte-bere-pajisimi-i-plotesishem-i-maternitetit-ne-presheve\/#breadcrumb","itemListElement":[{"@type":"ListItem","position":1,"name":"\u041f\u043e\u0447\u0435\u0442\u043d\u0430","item":"https:\/\/kt.gov.rs\/sq\/"},{"@type":"ListItem","position":2,"name":"\u00cbSHT\u00cb B\u00cbR\u00cb PAJISIMI I PLOT\u00cbSISH\u00cbM I MATERNITETIT N\u00cb PRESHEV\u00cb"}]},{"@type":"WebSite","@id":"https:\/\/kt.gov.rs\/#website","url":"https:\/\/kt.gov.rs\/","name":"\u041a\u043e\u043e\u0440\u0434\u0438\u043d\u0430\u0446\u0438\u043e\u043d\u043e \u0442\u0435\u043b\u043e \u0412\u043b\u0430\u0434\u0435 \u0420\u0435\u043f\u0443\u0431\u043b\u0438\u043a\u0435 \u0421\u0440\u0431\u0438\u0458\u0435 \u0437\u0430 \u043e\u043f\u0448\u0442\u0438\u043d\u0435 \u041f\u0440\u0435\u0448\u0435\u0432\u043e, \u0411\u0443\u0458\u0430\u043d\u043e\u0432\u0430\u0446 \u0438 \u041c\u0435\u0434\u0432\u0435\u0452a","description":"","publisher":{"@id":"https:\/\/kt.gov.rs\/#organization"},"alternateName":"\u041a\u043e\u043e\u0440\u0434\u0438\u043d\u0430\u0446\u0438\u043e\u043d\u043e \u0442\u0435\u043b\u043e","potentialAction":[{"@type":"SearchAction","target":{"@type":"EntryPoint","urlTemplate":"https:\/\/kt.gov.rs\/?s={search_term_string}"},"query-input":{"@type":"PropertyValueSpecification","valueRequired":true,"valueName":"search_term_string"}}],"inLanguage":"sq-AL"},{"@type":"Organization","@id":"https:\/\/kt.gov.rs\/#organization","name":"\u041a\u043e\u043e\u0440\u0434\u0438\u043d\u0430\u0446\u0438\u043e\u043d\u043e \u0442\u0435\u043b\u043e \u0412\u043b\u0430\u0434\u0435 \u0420\u0435\u043f\u0443\u0431\u043b\u0438\u043a\u0435 \u0421\u0440\u0431\u0438\u0458\u0435 \u0437\u0430 \u043e\u043f\u0448\u0442\u0438\u043d\u0435 \u041f\u0440\u0435\u0448\u0435\u0432\u043e, \u0411\u0443\u0458\u0430\u043d\u043e\u0432\u0430\u0446 \u0438 \u041c\u0435\u0434\u0432\u0435\u0452a","alternateName":"\u041a\u043e\u043e\u0440\u0434\u0438\u043d\u0430\u0446\u0438\u043e\u043d\u043e \u0442\u0435\u043b\u043e","url":"https:\/\/kt.gov.rs\/","logo":{"@type":"ImageObject","inLanguage":"sq-AL","@id":"https:\/\/kt.gov.rs\/#\/schema\/logo\/image\/","url":"https:\/\/kt.gov.rs\/wp-content\/uploads\/2024\/12\/koord2.jpg","contentUrl":"https:\/\/kt.gov.rs\/wp-content\/uploads\/2024\/12\/koord2.jpg","width":640,"height":480,"caption":"\u041a\u043e\u043e\u0440\u0434\u0438\u043d\u0430\u0446\u0438\u043e\u043d\u043e \u0442\u0435\u043b\u043e \u0412\u043b\u0430\u0434\u0435 \u0420\u0435\u043f\u0443\u0431\u043b\u0438\u043a\u0435 \u0421\u0440\u0431\u0438\u0458\u0435 \u0437\u0430 \u043e\u043f\u0448\u0442\u0438\u043d\u0435 \u041f\u0440\u0435\u0448\u0435\u0432\u043e, \u0411\u0443\u0458\u0430\u043d\u043e\u0432\u0430\u0446 \u0438 \u041c\u0435\u0434\u0432\u0435\u0452a"},"image":{"@id":"https:\/\/kt.gov.rs\/#\/schema\/logo\/image\/"},"sameAs":["https:\/\/www.facebook.com\/SluzbaKoordinacionogTelaVladeRepublikeSrbije","https:\/\/x.com\/kt_gov","https:\/\/www.youtube.com\/@koordinacionotelo"]},{"@type":"Person","@id":"https:\/\/kt.gov.rs\/#\/schema\/person\/e426459ddb4173309103390602694571","name":"ktmin","image":{"@type":"ImageObject","inLanguage":"sq-AL","@id":"https:\/\/secure.gravatar.com\/avatar\/3985c961109853010c3fbc7ba30365bfba5db3dd6c525831d9c595c7525a615a?s=96&d=mm&r=g","url":"https:\/\/secure.gravatar.com\/avatar\/3985c961109853010c3fbc7ba30365bfba5db3dd6c525831d9c595c7525a615a?s=96&d=mm&r=g","contentUrl":"https:\/\/secure.gravatar.com\/avatar\/3985c961109853010c3fbc7ba30365bfba5db3dd6c525831d9c595c7525a615a?s=96&d=mm&r=g","caption":"ktmin"},"sameAs":["https:\/\/kt.gov.rs"],"url":"https:\/\/kt.gov.rs\/sq\/author\/ktmin\/"}]}},"_links":{"self":[{"href":"https:\/\/kt.gov.rs\/sq\/wp-json\/wp\/v2\/posts\/139636","targetHints":{"allow":["GET"]}}],"collection":[{"href":"https:\/\/kt.gov.rs\/sq\/wp-json\/wp\/v2\/posts"}],"about":[{"href":"https:\/\/kt.gov.rs\/sq\/wp-json\/wp\/v2\/types\/post"}],"author":[{"embeddable":true,"href":"https:\/\/kt.gov.rs\/sq\/wp-json\/wp\/v2\/users\/1"}],"replies":[{"embeddable":true,"href":"https:\/\/kt.gov.rs\/sq\/wp-json\/wp\/v2\/comments?post=139636"}],"version-history":[{"count":1,"href":"https:\/\/kt.gov.rs\/sq\/wp-json\/wp\/v2\/posts\/139636\/revisions"}],"predecessor-version":[{"id":139640,"href":"https:\/\/kt.gov.rs\/sq\/wp-json\/wp\/v2\/posts\/139636\/revisions\/139640"}],"wp:featuredmedia":[{"embeddable":true,"href":"https:\/\/kt.gov.rs\/sq\/wp-json\/wp\/v2\/media\/139641"}],"wp:attachment":[{"href":"https:\/\/kt.gov.rs\/sq\/wp-json\/wp\/v2\/media?parent=139636"}],"wp:term":[{"taxonomy":"category","embeddable":true,"href":"https:\/\/kt.gov.rs\/sq\/wp-json\/wp\/v2\/categories?post=139636"},{"taxonomy":"post_tag","embeddable":true,"href":"https:\/\/kt.gov.rs\/sq\/wp-json\/wp\/v2\/tags?post=139636"}],"curies":[{"name":"wp","href":"https:\/\/api.w.org\/{rel}","templated":true}]}}