{"id":139628,"date":"2014-02-06T00:00:00","date_gmt":"2014-02-06T00:00:00","guid":{"rendered":"http:\/\/kt.printandscreen.rs\/bisedimet-e-partive-politike-nga-jugu-i-serbise\/"},"modified":"2024-07-30T20:13:28","modified_gmt":"2024-07-30T20:13:28","slug":"bisedimet-e-partive-politike-nga-jugu-i-serbise","status":"publish","type":"post","link":"https:\/\/kt.gov.rs\/sq\/bisedimet-e-partive-politike-nga-jugu-i-serbise\/","title":{"rendered":"BISEDIMET E PARTIVE POLITIKE NGA JUGU I SERBIS\u00cb"},"content":{"rendered":"<p>\n\t<img decoding=\"async\" alt=\"\" src=\"https:\/\/kt.gov.rs\/wp-content\/uploads\/2024\/07\/newspic768-4.jpg\" style=\"width: 315px; height: 209px; float: left;\" \/>Kryetari i Trupit Koordinues p\u00ebr komunat Preshev\u00eb, Bujanoc dhe Medvegj\u00eb, Zoran Stankoviq, ka deklaruar se pret q\u00eb deri n\u00eb fund t\u00eb jav\u00ebs, lider\u00ebt shqiptar\u00eb t\u00eb partive politike nga jugu i Serbis\u00eb t\u00eb sjellin vendim se a do t\u00eb dalin n\u00eb zgjedhjet e parakohshme parlamentare.<\/p>\n<p>\n\t\u00a0\u201ePres q\u00eb ata deri at\u00ebher\u00eb definitivisht t\u00eb sjellin vendim dhe t\u00eb dalin me nj\u00eb q\u00ebndrim t\u00eb p\u00ebrbashk\u00ebt\u201c, ka th\u00ebn\u00eb kryetari i Trupi Koordinues, duke sqaruar se deputeti popullor Riza Halimi ka pohuar se me partin\u00eb e tij do t\u00eb dal\u00eb n\u00eb zgjedhje. \u201ePres\u00eb q\u00eb edhe lidert\u00ebt tjer\u00eb shqiptar\u00eb do ta b\u00ebjn\u00eb t\u00eb njejt\u00ebn gj\u00eb n\u00eb periudh\u00ebn n\u00eb vijim\u201c, ka deklaruar Stankoviq.<\/p>\n<p>\n\tStankoviq ka th\u00ebn\u00eb se t\u00eb gjitha subjektet vendore dhe nd\u00ebrkomb\u00ebtare, si dhe ministri i pun\u00ebve t\u00eb jashtme t\u00eb Shqip\u00ebris\u00eb dhe kryetari i i kuvendit komunal t\u00eb Bujanocit, kan\u00eb propozuar q\u00eb t\u00eb dilet n\u00eb zgjedhje.<\/p>\n<p>\n\t\u00a0\u201eN\u00ebse dalin me num\u00ebr t\u00eb plot\u00eb, ata mund t\u00eb ken\u00eb dy deputet\u00eb, n\u00eb vend se nj\u00eb q\u00eb e kan\u00eb pasur deri m\u00eb tani. N\u00eb k\u00ebt\u00eb m\u00ebnyr\u00eb do t\u00eb ken\u00eb mund\u00ebsin\u00eb q\u00eb z\u00ebri i tyre t\u00eb d\u00ebgjohet m\u00eb shum\u00eb, t\u00eb sjellin vendime, t\u00eb propozojn\u00eb ligje dhe m\u00eb aktivisht t\u00eb marrin pjes\u00eb n\u00eb jet\u00ebn politike t\u00eb vendit. P\u00ebrmes k\u00ebsaj, pres q\u00eb t\u00eb kuptojn\u00eb se dalja n\u00eb zgjedhje \u00ebsht\u00eb n\u00eb interesin e tyre\u201c- ka th\u00ebn\u00eb Stankoviq duke shtuar se bisedimet me lider\u00ebt shqiptar \u00e7do dit\u00eb na d\u00ebrgojn rreth gjitha \u00e7\u00ebshtjeve t\u00eb r\u00ebnd\u00ebsishme p\u00ebr nj\u00eb funksionim sa m\u00eb t\u00eb mir\u00eb t\u00eb k\u00ebtyre komunave.<\/p>\n<p>\n\t<strong>Burimi: Trupi Koordinues <\/strong><\/p>\n<p>\n\t\u00a0<\/p>\n","protected":false},"excerpt":{"rendered":"<p>Kryetari i Trupit Koordinues p\u00ebr komunat Preshev\u00eb, Bujanoc dhe Medvegj\u00eb, Zoran Stankoviq, ka deklaruar se pret q\u00eb deri n\u00eb fund t\u00eb jav\u00ebs, lider\u00ebt shqiptar\u00eb t\u00eb partive politike nga jugu i Serbis\u00eb t\u00eb sjellin vendim se a do t\u00eb dalin n\u00eb zgjedhjet e parakohshme parlamentare.<\/p>\n","protected":false},"author":1,"featured_media":139633,"comment_status":"closed","ping_status":"closed","sticky":false,"template":"","format":"standard","meta":{"footnotes":""},"categories":[55],"tags":[],"class_list":["post-139628","post","type-post","status-publish","format-standard","has-post-thumbnail","hentry","category-lajme"],"yoast_head":"<!-- This site is optimized with the Yoast SEO plugin v27.5 - https:\/\/yoast.com\/product\/yoast-seo-wordpress\/ -->\n<title>BISEDIMET E PARTIVE POLITIKE NGA JUGU I SERBIS\u00cb - Republika e S\u00ebrbis\u00eb Trupi Koordinues p\u00ebr komunat Bujanoc, Preshev\u00eb dhe Medvegj\u00eb<\/title>\n<meta name=\"robots\" content=\"index, follow, max-snippet:-1, max-image-preview:large, max-video-preview:-1\" \/>\n<link rel=\"canonical\" href=\"https:\/\/kt.gov.rs\/sq\/bisedimet-e-partive-politike-nga-jugu-i-serbise\/\" \/>\n<meta property=\"og:locale\" content=\"sq_AL\" \/>\n<meta property=\"og:type\" content=\"article\" \/>\n<meta property=\"og:title\" content=\"BISEDIMET E PARTIVE POLITIKE NGA JUGU I SERBIS\u00cb - Republika e S\u00ebrbis\u00eb Trupi Koordinues p\u00ebr komunat Bujanoc, Preshev\u00eb dhe Medvegj\u00eb\" \/>\n<meta property=\"og:description\" content=\"Kryetari i Trupit Koordinues p\u00ebr komunat Preshev\u00eb, Bujanoc dhe Medvegj\u00eb, Zoran Stankoviq, ka deklaruar se pret q\u00eb deri n\u00eb fund t\u00eb jav\u00ebs, lider\u00ebt shqiptar\u00eb t\u00eb partive politike nga jugu i Serbis\u00eb t\u00eb sjellin vendim se a do t\u00eb dalin n\u00eb zgjedhjet e parakohshme parlamentare.\" \/>\n<meta property=\"og:url\" content=\"https:\/\/kt.gov.rs\/sq\/bisedimet-e-partive-politike-nga-jugu-i-serbise\/\" \/>\n<meta property=\"og:site_name\" content=\"Republika e S\u00ebrbis\u00eb Trupi Koordinues p\u00ebr komunat Bujanoc, Preshev\u00eb dhe Medvegj\u00eb\" \/>\n<meta property=\"article:publisher\" content=\"https:\/\/www.facebook.com\/SluzbaKoordinacionogTelaVladeRepublikeSrbije\" \/>\n<meta property=\"article:published_time\" content=\"2014-02-06T00:00:00+00:00\" \/>\n<meta property=\"article:modified_time\" content=\"2024-07-30T20:13:28+00:00\" \/>\n<meta property=\"og:image\" content=\"https:\/\/kt.gov.rs\/wp-content\/uploads\/2024\/07\/newspic768-5.jpg\" \/>\n\t<meta property=\"og:image:width\" content=\"315\" \/>\n\t<meta property=\"og:image:height\" content=\"209\" \/>\n\t<meta property=\"og:image:type\" content=\"image\/jpeg\" \/>\n<meta name=\"author\" content=\"ktmin\" \/>\n<meta name=\"twitter:card\" content=\"summary_large_image\" \/>\n<meta name=\"twitter:creator\" content=\"@kt_gov\" \/>\n<meta name=\"twitter:site\" content=\"@kt_gov\" \/>\n<meta name=\"twitter:label1\" content=\"Written by\" \/>\n\t<meta name=\"twitter:data1\" content=\"ktmin\" \/>\n\t<meta name=\"twitter:label2\" content=\"Est. reading time\" \/>\n\t<meta name=\"twitter:data2\" content=\"2 minutes\" \/>\n<script type=\"application\/ld+json\" class=\"yoast-schema-graph\">{\"@context\":\"https:\\\/\\\/schema.org\",\"@graph\":[{\"@type\":\"Article\",\"@id\":\"https:\\\/\\\/kt.gov.rs\\\/sq\\\/bisedimet-e-partive-politike-nga-jugu-i-serbise\\\/#article\",\"isPartOf\":{\"@id\":\"https:\\\/\\\/kt.gov.rs\\\/sq\\\/bisedimet-e-partive-politike-nga-jugu-i-serbise\\\/\"},\"author\":{\"name\":\"ktmin\",\"@id\":\"https:\\\/\\\/kt.gov.rs\\\/#\\\/schema\\\/person\\\/e426459ddb4173309103390602694571\"},\"headline\":\"BISEDIMET E PARTIVE POLITIKE NGA JUGU I SERBIS\u00cb\",\"datePublished\":\"2014-02-06T00:00:00+00:00\",\"dateModified\":\"2024-07-30T20:13:28+00:00\",\"mainEntityOfPage\":{\"@id\":\"https:\\\/\\\/kt.gov.rs\\\/sq\\\/bisedimet-e-partive-politike-nga-jugu-i-serbise\\\/\"},\"wordCount\":414,\"publisher\":{\"@id\":\"https:\\\/\\\/kt.gov.rs\\\/#organization\"},\"image\":{\"@id\":\"https:\\\/\\\/kt.gov.rs\\\/sq\\\/bisedimet-e-partive-politike-nga-jugu-i-serbise\\\/#primaryimage\"},\"thumbnailUrl\":\"https:\\\/\\\/kt.gov.rs\\\/wp-content\\\/uploads\\\/2024\\\/07\\\/newspic768-5.jpg\",\"articleSection\":[\"Lajme\"],\"inLanguage\":\"sq-AL\"},{\"@type\":\"WebPage\",\"@id\":\"https:\\\/\\\/kt.gov.rs\\\/sq\\\/bisedimet-e-partive-politike-nga-jugu-i-serbise\\\/\",\"url\":\"https:\\\/\\\/kt.gov.rs\\\/sq\\\/bisedimet-e-partive-politike-nga-jugu-i-serbise\\\/\",\"name\":\"BISEDIMET E PARTIVE POLITIKE NGA JUGU I SERBIS\u00cb - Republika e S\u00ebrbis\u00eb Trupi Koordinues p\u00ebr komunat Bujanoc, Preshev\u00eb dhe Medvegj\u00eb\",\"isPartOf\":{\"@id\":\"https:\\\/\\\/kt.gov.rs\\\/#website\"},\"primaryImageOfPage\":{\"@id\":\"https:\\\/\\\/kt.gov.rs\\\/sq\\\/bisedimet-e-partive-politike-nga-jugu-i-serbise\\\/#primaryimage\"},\"image\":{\"@id\":\"https:\\\/\\\/kt.gov.rs\\\/sq\\\/bisedimet-e-partive-politike-nga-jugu-i-serbise\\\/#primaryimage\"},\"thumbnailUrl\":\"https:\\\/\\\/kt.gov.rs\\\/wp-content\\\/uploads\\\/2024\\\/07\\\/newspic768-5.jpg\",\"datePublished\":\"2014-02-06T00:00:00+00:00\",\"dateModified\":\"2024-07-30T20:13:28+00:00\",\"breadcrumb\":{\"@id\":\"https:\\\/\\\/kt.gov.rs\\\/sq\\\/bisedimet-e-partive-politike-nga-jugu-i-serbise\\\/#breadcrumb\"},\"inLanguage\":\"sq-AL\",\"potentialAction\":[{\"@type\":\"ReadAction\",\"target\":[\"https:\\\/\\\/kt.gov.rs\\\/sq\\\/bisedimet-e-partive-politike-nga-jugu-i-serbise\\\/\"]}]},{\"@type\":\"ImageObject\",\"inLanguage\":\"sq-AL\",\"@id\":\"https:\\\/\\\/kt.gov.rs\\\/sq\\\/bisedimet-e-partive-politike-nga-jugu-i-serbise\\\/#primaryimage\",\"url\":\"https:\\\/\\\/kt.gov.rs\\\/wp-content\\\/uploads\\\/2024\\\/07\\\/newspic768-5.jpg\",\"contentUrl\":\"https:\\\/\\\/kt.gov.rs\\\/wp-content\\\/uploads\\\/2024\\\/07\\\/newspic768-5.jpg\",\"width\":315,\"height\":209},{\"@type\":\"BreadcrumbList\",\"@id\":\"https:\\\/\\\/kt.gov.rs\\\/sq\\\/bisedimet-e-partive-politike-nga-jugu-i-serbise\\\/#breadcrumb\",\"itemListElement\":[{\"@type\":\"ListItem\",\"position\":1,\"name\":\"\u041f\u043e\u0447\u0435\u0442\u043d\u0430\",\"item\":\"https:\\\/\\\/kt.gov.rs\\\/sq\\\/\"},{\"@type\":\"ListItem\",\"position\":2,\"name\":\"BISEDIMET E PARTIVE POLITIKE NGA JUGU I SERBIS\u00cb\"}]},{\"@type\":\"WebSite\",\"@id\":\"https:\\\/\\\/kt.gov.rs\\\/#website\",\"url\":\"https:\\\/\\\/kt.gov.rs\\\/\",\"name\":\"\u041a\u043e\u043e\u0440\u0434\u0438\u043d\u0430\u0446\u0438\u043e\u043d\u043e \u0442\u0435\u043b\u043e \u0412\u043b\u0430\u0434\u0435 \u0420\u0435\u043f\u0443\u0431\u043b\u0438\u043a\u0435 \u0421\u0440\u0431\u0438\u0458\u0435 \u0437\u0430 \u043e\u043f\u0448\u0442\u0438\u043d\u0435 \u041f\u0440\u0435\u0448\u0435\u0432\u043e, \u0411\u0443\u0458\u0430\u043d\u043e\u0432\u0430\u0446 \u0438 \u041c\u0435\u0434\u0432\u0435\u0452a\",\"description\":\"\",\"publisher\":{\"@id\":\"https:\\\/\\\/kt.gov.rs\\\/#organization\"},\"alternateName\":\"\u041a\u043e\u043e\u0440\u0434\u0438\u043d\u0430\u0446\u0438\u043e\u043d\u043e \u0442\u0435\u043b\u043e\",\"potentialAction\":[{\"@type\":\"SearchAction\",\"target\":{\"@type\":\"EntryPoint\",\"urlTemplate\":\"https:\\\/\\\/kt.gov.rs\\\/?s={search_term_string}\"},\"query-input\":{\"@type\":\"PropertyValueSpecification\",\"valueRequired\":true,\"valueName\":\"search_term_string\"}}],\"inLanguage\":\"sq-AL\"},{\"@type\":\"Organization\",\"@id\":\"https:\\\/\\\/kt.gov.rs\\\/#organization\",\"name\":\"\u041a\u043e\u043e\u0440\u0434\u0438\u043d\u0430\u0446\u0438\u043e\u043d\u043e \u0442\u0435\u043b\u043e \u0412\u043b\u0430\u0434\u0435 \u0420\u0435\u043f\u0443\u0431\u043b\u0438\u043a\u0435 \u0421\u0440\u0431\u0438\u0458\u0435 \u0437\u0430 \u043e\u043f\u0448\u0442\u0438\u043d\u0435 \u041f\u0440\u0435\u0448\u0435\u0432\u043e, \u0411\u0443\u0458\u0430\u043d\u043e\u0432\u0430\u0446 \u0438 \u041c\u0435\u0434\u0432\u0435\u0452a\",\"alternateName\":\"\u041a\u043e\u043e\u0440\u0434\u0438\u043d\u0430\u0446\u0438\u043e\u043d\u043e \u0442\u0435\u043b\u043e\",\"url\":\"https:\\\/\\\/kt.gov.rs\\\/\",\"logo\":{\"@type\":\"ImageObject\",\"inLanguage\":\"sq-AL\",\"@id\":\"https:\\\/\\\/kt.gov.rs\\\/#\\\/schema\\\/logo\\\/image\\\/\",\"url\":\"https:\\\/\\\/kt.gov.rs\\\/wp-content\\\/uploads\\\/2024\\\/12\\\/koord2.jpg\",\"contentUrl\":\"https:\\\/\\\/kt.gov.rs\\\/wp-content\\\/uploads\\\/2024\\\/12\\\/koord2.jpg\",\"width\":640,\"height\":480,\"caption\":\"\u041a\u043e\u043e\u0440\u0434\u0438\u043d\u0430\u0446\u0438\u043e\u043d\u043e \u0442\u0435\u043b\u043e \u0412\u043b\u0430\u0434\u0435 \u0420\u0435\u043f\u0443\u0431\u043b\u0438\u043a\u0435 \u0421\u0440\u0431\u0438\u0458\u0435 \u0437\u0430 \u043e\u043f\u0448\u0442\u0438\u043d\u0435 \u041f\u0440\u0435\u0448\u0435\u0432\u043e, \u0411\u0443\u0458\u0430\u043d\u043e\u0432\u0430\u0446 \u0438 \u041c\u0435\u0434\u0432\u0435\u0452a\"},\"image\":{\"@id\":\"https:\\\/\\\/kt.gov.rs\\\/#\\\/schema\\\/logo\\\/image\\\/\"},\"sameAs\":[\"https:\\\/\\\/www.facebook.com\\\/SluzbaKoordinacionogTelaVladeRepublikeSrbije\",\"https:\\\/\\\/x.com\\\/kt_gov\",\"https:\\\/\\\/www.youtube.com\\\/@koordinacionotelo\"]},{\"@type\":\"Person\",\"@id\":\"https:\\\/\\\/kt.gov.rs\\\/#\\\/schema\\\/person\\\/e426459ddb4173309103390602694571\",\"name\":\"ktmin\",\"image\":{\"@type\":\"ImageObject\",\"inLanguage\":\"sq-AL\",\"@id\":\"https:\\\/\\\/secure.gravatar.com\\\/avatar\\\/3985c961109853010c3fbc7ba30365bfba5db3dd6c525831d9c595c7525a615a?s=96&d=mm&r=g\",\"url\":\"https:\\\/\\\/secure.gravatar.com\\\/avatar\\\/3985c961109853010c3fbc7ba30365bfba5db3dd6c525831d9c595c7525a615a?s=96&d=mm&r=g\",\"contentUrl\":\"https:\\\/\\\/secure.gravatar.com\\\/avatar\\\/3985c961109853010c3fbc7ba30365bfba5db3dd6c525831d9c595c7525a615a?s=96&d=mm&r=g\",\"caption\":\"ktmin\"},\"sameAs\":[\"https:\\\/\\\/kt.gov.rs\"],\"url\":\"https:\\\/\\\/kt.gov.rs\\\/sq\\\/author\\\/ktmin\\\/\"}]}<\/script>\n<!-- \/ Yoast SEO plugin. -->","yoast_head_json":{"title":"BISEDIMET E PARTIVE POLITIKE NGA JUGU I SERBIS\u00cb - Republika e S\u00ebrbis\u00eb Trupi Koordinues p\u00ebr komunat Bujanoc, Preshev\u00eb dhe Medvegj\u00eb","robots":{"index":"index","follow":"follow","max-snippet":"max-snippet:-1","max-image-preview":"max-image-preview:large","max-video-preview":"max-video-preview:-1"},"canonical":"https:\/\/kt.gov.rs\/sq\/bisedimet-e-partive-politike-nga-jugu-i-serbise\/","og_locale":"sq_AL","og_type":"article","og_title":"BISEDIMET E PARTIVE POLITIKE NGA JUGU I SERBIS\u00cb - Republika e S\u00ebrbis\u00eb Trupi Koordinues p\u00ebr komunat Bujanoc, Preshev\u00eb dhe Medvegj\u00eb","og_description":"Kryetari i Trupit Koordinues p\u00ebr komunat Preshev\u00eb, Bujanoc dhe Medvegj\u00eb, Zoran Stankoviq, ka deklaruar se pret q\u00eb deri n\u00eb fund t\u00eb jav\u00ebs, lider\u00ebt shqiptar\u00eb t\u00eb partive politike nga jugu i Serbis\u00eb t\u00eb sjellin vendim se a do t\u00eb dalin n\u00eb zgjedhjet e parakohshme parlamentare.","og_url":"https:\/\/kt.gov.rs\/sq\/bisedimet-e-partive-politike-nga-jugu-i-serbise\/","og_site_name":"Republika e S\u00ebrbis\u00eb Trupi Koordinues p\u00ebr komunat Bujanoc, Preshev\u00eb dhe Medvegj\u00eb","article_publisher":"https:\/\/www.facebook.com\/SluzbaKoordinacionogTelaVladeRepublikeSrbije","article_published_time":"2014-02-06T00:00:00+00:00","article_modified_time":"2024-07-30T20:13:28+00:00","og_image":[{"width":315,"height":209,"url":"https:\/\/kt.gov.rs\/wp-content\/uploads\/2024\/07\/newspic768-5.jpg","type":"image\/jpeg"}],"author":"ktmin","twitter_card":"summary_large_image","twitter_creator":"@kt_gov","twitter_site":"@kt_gov","twitter_misc":{"Written by":"ktmin","Est. reading time":"2 minutes"},"schema":{"@context":"https:\/\/schema.org","@graph":[{"@type":"Article","@id":"https:\/\/kt.gov.rs\/sq\/bisedimet-e-partive-politike-nga-jugu-i-serbise\/#article","isPartOf":{"@id":"https:\/\/kt.gov.rs\/sq\/bisedimet-e-partive-politike-nga-jugu-i-serbise\/"},"author":{"name":"ktmin","@id":"https:\/\/kt.gov.rs\/#\/schema\/person\/e426459ddb4173309103390602694571"},"headline":"BISEDIMET E PARTIVE POLITIKE NGA JUGU I SERBIS\u00cb","datePublished":"2014-02-06T00:00:00+00:00","dateModified":"2024-07-30T20:13:28+00:00","mainEntityOfPage":{"@id":"https:\/\/kt.gov.rs\/sq\/bisedimet-e-partive-politike-nga-jugu-i-serbise\/"},"wordCount":414,"publisher":{"@id":"https:\/\/kt.gov.rs\/#organization"},"image":{"@id":"https:\/\/kt.gov.rs\/sq\/bisedimet-e-partive-politike-nga-jugu-i-serbise\/#primaryimage"},"thumbnailUrl":"https:\/\/kt.gov.rs\/wp-content\/uploads\/2024\/07\/newspic768-5.jpg","articleSection":["Lajme"],"inLanguage":"sq-AL"},{"@type":"WebPage","@id":"https:\/\/kt.gov.rs\/sq\/bisedimet-e-partive-politike-nga-jugu-i-serbise\/","url":"https:\/\/kt.gov.rs\/sq\/bisedimet-e-partive-politike-nga-jugu-i-serbise\/","name":"BISEDIMET E PARTIVE POLITIKE NGA JUGU I SERBIS\u00cb - Republika e S\u00ebrbis\u00eb Trupi Koordinues p\u00ebr komunat Bujanoc, Preshev\u00eb dhe Medvegj\u00eb","isPartOf":{"@id":"https:\/\/kt.gov.rs\/#website"},"primaryImageOfPage":{"@id":"https:\/\/kt.gov.rs\/sq\/bisedimet-e-partive-politike-nga-jugu-i-serbise\/#primaryimage"},"image":{"@id":"https:\/\/kt.gov.rs\/sq\/bisedimet-e-partive-politike-nga-jugu-i-serbise\/#primaryimage"},"thumbnailUrl":"https:\/\/kt.gov.rs\/wp-content\/uploads\/2024\/07\/newspic768-5.jpg","datePublished":"2014-02-06T00:00:00+00:00","dateModified":"2024-07-30T20:13:28+00:00","breadcrumb":{"@id":"https:\/\/kt.gov.rs\/sq\/bisedimet-e-partive-politike-nga-jugu-i-serbise\/#breadcrumb"},"inLanguage":"sq-AL","potentialAction":[{"@type":"ReadAction","target":["https:\/\/kt.gov.rs\/sq\/bisedimet-e-partive-politike-nga-jugu-i-serbise\/"]}]},{"@type":"ImageObject","inLanguage":"sq-AL","@id":"https:\/\/kt.gov.rs\/sq\/bisedimet-e-partive-politike-nga-jugu-i-serbise\/#primaryimage","url":"https:\/\/kt.gov.rs\/wp-content\/uploads\/2024\/07\/newspic768-5.jpg","contentUrl":"https:\/\/kt.gov.rs\/wp-content\/uploads\/2024\/07\/newspic768-5.jpg","width":315,"height":209},{"@type":"BreadcrumbList","@id":"https:\/\/kt.gov.rs\/sq\/bisedimet-e-partive-politike-nga-jugu-i-serbise\/#breadcrumb","itemListElement":[{"@type":"ListItem","position":1,"name":"\u041f\u043e\u0447\u0435\u0442\u043d\u0430","item":"https:\/\/kt.gov.rs\/sq\/"},{"@type":"ListItem","position":2,"name":"BISEDIMET E PARTIVE POLITIKE NGA JUGU I SERBIS\u00cb"}]},{"@type":"WebSite","@id":"https:\/\/kt.gov.rs\/#website","url":"https:\/\/kt.gov.rs\/","name":"\u041a\u043e\u043e\u0440\u0434\u0438\u043d\u0430\u0446\u0438\u043e\u043d\u043e \u0442\u0435\u043b\u043e \u0412\u043b\u0430\u0434\u0435 \u0420\u0435\u043f\u0443\u0431\u043b\u0438\u043a\u0435 \u0421\u0440\u0431\u0438\u0458\u0435 \u0437\u0430 \u043e\u043f\u0448\u0442\u0438\u043d\u0435 \u041f\u0440\u0435\u0448\u0435\u0432\u043e, \u0411\u0443\u0458\u0430\u043d\u043e\u0432\u0430\u0446 \u0438 \u041c\u0435\u0434\u0432\u0435\u0452a","description":"","publisher":{"@id":"https:\/\/kt.gov.rs\/#organization"},"alternateName":"\u041a\u043e\u043e\u0440\u0434\u0438\u043d\u0430\u0446\u0438\u043e\u043d\u043e \u0442\u0435\u043b\u043e","potentialAction":[{"@type":"SearchAction","target":{"@type":"EntryPoint","urlTemplate":"https:\/\/kt.gov.rs\/?s={search_term_string}"},"query-input":{"@type":"PropertyValueSpecification","valueRequired":true,"valueName":"search_term_string"}}],"inLanguage":"sq-AL"},{"@type":"Organization","@id":"https:\/\/kt.gov.rs\/#organization","name":"\u041a\u043e\u043e\u0440\u0434\u0438\u043d\u0430\u0446\u0438\u043e\u043d\u043e \u0442\u0435\u043b\u043e \u0412\u043b\u0430\u0434\u0435 \u0420\u0435\u043f\u0443\u0431\u043b\u0438\u043a\u0435 \u0421\u0440\u0431\u0438\u0458\u0435 \u0437\u0430 \u043e\u043f\u0448\u0442\u0438\u043d\u0435 \u041f\u0440\u0435\u0448\u0435\u0432\u043e, \u0411\u0443\u0458\u0430\u043d\u043e\u0432\u0430\u0446 \u0438 \u041c\u0435\u0434\u0432\u0435\u0452a","alternateName":"\u041a\u043e\u043e\u0440\u0434\u0438\u043d\u0430\u0446\u0438\u043e\u043d\u043e \u0442\u0435\u043b\u043e","url":"https:\/\/kt.gov.rs\/","logo":{"@type":"ImageObject","inLanguage":"sq-AL","@id":"https:\/\/kt.gov.rs\/#\/schema\/logo\/image\/","url":"https:\/\/kt.gov.rs\/wp-content\/uploads\/2024\/12\/koord2.jpg","contentUrl":"https:\/\/kt.gov.rs\/wp-content\/uploads\/2024\/12\/koord2.jpg","width":640,"height":480,"caption":"\u041a\u043e\u043e\u0440\u0434\u0438\u043d\u0430\u0446\u0438\u043e\u043d\u043e \u0442\u0435\u043b\u043e \u0412\u043b\u0430\u0434\u0435 \u0420\u0435\u043f\u0443\u0431\u043b\u0438\u043a\u0435 \u0421\u0440\u0431\u0438\u0458\u0435 \u0437\u0430 \u043e\u043f\u0448\u0442\u0438\u043d\u0435 \u041f\u0440\u0435\u0448\u0435\u0432\u043e, \u0411\u0443\u0458\u0430\u043d\u043e\u0432\u0430\u0446 \u0438 \u041c\u0435\u0434\u0432\u0435\u0452a"},"image":{"@id":"https:\/\/kt.gov.rs\/#\/schema\/logo\/image\/"},"sameAs":["https:\/\/www.facebook.com\/SluzbaKoordinacionogTelaVladeRepublikeSrbije","https:\/\/x.com\/kt_gov","https:\/\/www.youtube.com\/@koordinacionotelo"]},{"@type":"Person","@id":"https:\/\/kt.gov.rs\/#\/schema\/person\/e426459ddb4173309103390602694571","name":"ktmin","image":{"@type":"ImageObject","inLanguage":"sq-AL","@id":"https:\/\/secure.gravatar.com\/avatar\/3985c961109853010c3fbc7ba30365bfba5db3dd6c525831d9c595c7525a615a?s=96&d=mm&r=g","url":"https:\/\/secure.gravatar.com\/avatar\/3985c961109853010c3fbc7ba30365bfba5db3dd6c525831d9c595c7525a615a?s=96&d=mm&r=g","contentUrl":"https:\/\/secure.gravatar.com\/avatar\/3985c961109853010c3fbc7ba30365bfba5db3dd6c525831d9c595c7525a615a?s=96&d=mm&r=g","caption":"ktmin"},"sameAs":["https:\/\/kt.gov.rs"],"url":"https:\/\/kt.gov.rs\/sq\/author\/ktmin\/"}]}},"_links":{"self":[{"href":"https:\/\/kt.gov.rs\/sq\/wp-json\/wp\/v2\/posts\/139628","targetHints":{"allow":["GET"]}}],"collection":[{"href":"https:\/\/kt.gov.rs\/sq\/wp-json\/wp\/v2\/posts"}],"about":[{"href":"https:\/\/kt.gov.rs\/sq\/wp-json\/wp\/v2\/types\/post"}],"author":[{"embeddable":true,"href":"https:\/\/kt.gov.rs\/sq\/wp-json\/wp\/v2\/users\/1"}],"replies":[{"embeddable":true,"href":"https:\/\/kt.gov.rs\/sq\/wp-json\/wp\/v2\/comments?post=139628"}],"version-history":[{"count":1,"href":"https:\/\/kt.gov.rs\/sq\/wp-json\/wp\/v2\/posts\/139628\/revisions"}],"predecessor-version":[{"id":139632,"href":"https:\/\/kt.gov.rs\/sq\/wp-json\/wp\/v2\/posts\/139628\/revisions\/139632"}],"wp:featuredmedia":[{"embeddable":true,"href":"https:\/\/kt.gov.rs\/sq\/wp-json\/wp\/v2\/media\/139633"}],"wp:attachment":[{"href":"https:\/\/kt.gov.rs\/sq\/wp-json\/wp\/v2\/media?parent=139628"}],"wp:term":[{"taxonomy":"category","embeddable":true,"href":"https:\/\/kt.gov.rs\/sq\/wp-json\/wp\/v2\/categories?post=139628"},{"taxonomy":"post_tag","embeddable":true,"href":"https:\/\/kt.gov.rs\/sq\/wp-json\/wp\/v2\/tags?post=139628"}],"curies":[{"name":"wp","href":"https:\/\/api.w.org\/{rel}","templated":true}]}}