{"id":139612,"date":"2014-02-07T00:00:00","date_gmt":"2014-02-07T00:00:00","guid":{"rendered":"http:\/\/kt.printandscreen.rs\/ambasadori-i-finlandes-ftone-shqiptaret-ne-zgjedhje\/"},"modified":"2024-07-30T20:13:26","modified_gmt":"2024-07-30T20:13:26","slug":"ambasadori-i-finlandes-ftone-shqiptaret-ne-zgjedhje","status":"publish","type":"post","link":"https:\/\/kt.gov.rs\/sq\/ambasadori-i-finlandes-ftone-shqiptaret-ne-zgjedhje\/","title":{"rendered":"AMBASADORI I FINLAND\u00cbS FTON\u00cb SHQIPTAR\u00cbT N\u00cb ZGJEDHJE"},"content":{"rendered":"<p>\n\t<strong><img decoding=\"async\" alt=\"\" src=\"https:\/\/kt.gov.rs\/wp-content\/uploads\/2024\/07\/newspic769-4.jpg\" style=\"width: 315px; height: 209px; float: left;\" \/>Bujanoc <\/strong>\u2013 Ambasadori i Finland\u00ebs n\u00eb Serbi, Peka Orpana, ka biseduar n\u00eb Bujanoc me kryetarin e komun\u00ebs s\u00eb Bujanocit, Nagip Arifin, rreth pjes\u00ebmarrjes s\u00eb shqiptar\u00ebve n\u00eb zgjedhjet parlamentare t\u00eb 16 marsit, kan\u00eb njoftuar mediat lokale.<\/p>\n<p>\n\tN\u00eb nj\u00eb konferenc\u00eb p\u00ebr gazetar\u00eb t\u00eb mbajtur n\u00eb Bujanoc, n\u00eb t\u00eb cil\u00ebn gazetar\u00ebt t\u00eb cil\u00ebt raportojn\u00eb n\u00eb gjuh\u00ebn serbe nuk kan\u00eb qen\u00eb t\u00eb ftuar, ambasadori finlandez ka th\u00ebn\u00eb se \u201eFinlanda, si pjes\u00eb e EU-s\u00eb, \u00ebsht\u00eb e interesuar p\u00ebr ti ofruar p\u00ebrkrahje Serbis\u00eb n\u00eb procesin e bisedimeve p\u00ebr an\u00ebtar\u00ebsim, dhe se n\u00eb kuad\u00ebr t\u00eb k\u00ebtij procesi \u00ebsht\u00eb e interesuar t\u00eb shoh p\u00ebrparim n\u00eb komun\u00ebn e Preshev\u00ebs n\u00eb fusha t\u00eb caktuara\u201c<\/p>\n<p>\n\tAmbasadori Oprana, i cili n\u00eb Bujanoc ka qen\u00eb p\u00ebr t\u00eb par\u00ebn her\u00eb, ka ftuar lider\u00ebt shqiptar\u00eb q\u00eb t\u00eb gjejn\u00eb gjuh\u00eb t\u00eb p\u00ebrbashk\u00ebt p\u00ebr pjes\u00ebmarrje n\u00eb zgjedhjet parlamentare t\u00eb 16 marsit.<\/p>\n<p>\n\tOprana ka deklaruar se edhe Finlanda do t\u00eb mb\u00ebshtes\u00eb dhe promovoj\u00eb vazhdimin e bisedimeve n\u00eb mes Beogradit dhe lider\u00ebve t\u00eb partive shqiptare t\u00eb Bujanocit dhe Preshev\u00ebs, t\u00eb cil\u00ebt kryesisht bojkotojn\u00eb zgjedhjet parlamentare n\u00eb Serbi. Lider\u00ebt e partive shqiptare kan\u00eb bidedur rreth mund\u00ebsis\u00eb p\u00ebr nj\u00eb qasje t\u00eb p\u00ebrbashk\u00ebt, mir\u00ebpo ende nuk kan\u00eb arritur marr\u00ebveshjen.<\/p>\n<p>\n\t<strong>Burimi: Trupi Koordinues, Danas, B92<\/strong><\/p>\n<p>\n\t\u00a0<\/p>\n","protected":false},"excerpt":{"rendered":"<p>Bujanoc \u2013 Ambasadori i Finland\u00ebs n\u00eb Serbi, Peka Orpana, ka biseduar n\u00eb Bujanoc me kryetarin e komun\u00ebs s\u00eb Bujanocit, Nagip Arifin, rreth pjes\u00ebmarrjes s\u00eb shqiptar\u00ebve n\u00eb zgjedhjet parlamentare t\u00eb 16 marsit, kan\u00eb njoftuar mediat lokale.<\/p>\n","protected":false},"author":1,"featured_media":139617,"comment_status":"closed","ping_status":"closed","sticky":false,"template":"","format":"standard","meta":{"footnotes":""},"categories":[55],"tags":[],"class_list":["post-139612","post","type-post","status-publish","format-standard","has-post-thumbnail","hentry","category-lajme"],"yoast_head":"<!-- This site is optimized with the Yoast SEO plugin v27.5 - https:\/\/yoast.com\/product\/yoast-seo-wordpress\/ -->\n<title>AMBASADORI I FINLAND\u00cbS FTON\u00cb SHQIPTAR\u00cbT N\u00cb ZGJEDHJE - Republika e S\u00ebrbis\u00eb Trupi Koordinues p\u00ebr komunat Bujanoc, Preshev\u00eb dhe Medvegj\u00eb<\/title>\n<meta name=\"robots\" content=\"index, follow, max-snippet:-1, max-image-preview:large, max-video-preview:-1\" \/>\n<link rel=\"canonical\" href=\"https:\/\/kt.gov.rs\/sq\/ambasadori-i-finlandes-ftone-shqiptaret-ne-zgjedhje\/\" \/>\n<meta property=\"og:locale\" content=\"sq_AL\" \/>\n<meta property=\"og:type\" content=\"article\" \/>\n<meta property=\"og:title\" content=\"AMBASADORI I FINLAND\u00cbS FTON\u00cb SHQIPTAR\u00cbT N\u00cb ZGJEDHJE - Republika e S\u00ebrbis\u00eb Trupi Koordinues p\u00ebr komunat Bujanoc, Preshev\u00eb dhe Medvegj\u00eb\" \/>\n<meta property=\"og:description\" content=\"Bujanoc \u2013 Ambasadori i Finland\u00ebs n\u00eb Serbi, Peka Orpana, ka biseduar n\u00eb Bujanoc me kryetarin e komun\u00ebs s\u00eb Bujanocit, Nagip Arifin, rreth pjes\u00ebmarrjes s\u00eb shqiptar\u00ebve n\u00eb zgjedhjet parlamentare t\u00eb 16 marsit, kan\u00eb njoftuar mediat lokale.\" \/>\n<meta property=\"og:url\" content=\"https:\/\/kt.gov.rs\/sq\/ambasadori-i-finlandes-ftone-shqiptaret-ne-zgjedhje\/\" \/>\n<meta property=\"og:site_name\" content=\"Republika e S\u00ebrbis\u00eb Trupi Koordinues p\u00ebr komunat Bujanoc, Preshev\u00eb dhe Medvegj\u00eb\" \/>\n<meta property=\"article:publisher\" content=\"https:\/\/www.facebook.com\/SluzbaKoordinacionogTelaVladeRepublikeSrbije\" \/>\n<meta property=\"article:published_time\" content=\"2014-02-07T00:00:00+00:00\" \/>\n<meta property=\"article:modified_time\" content=\"2024-07-30T20:13:26+00:00\" \/>\n<meta property=\"og:image\" content=\"https:\/\/kt.gov.rs\/wp-content\/uploads\/2024\/07\/newspic769-5.jpg\" \/>\n\t<meta property=\"og:image:width\" content=\"315\" \/>\n\t<meta property=\"og:image:height\" content=\"209\" \/>\n\t<meta property=\"og:image:type\" content=\"image\/jpeg\" \/>\n<meta name=\"author\" content=\"ktmin\" \/>\n<meta name=\"twitter:card\" content=\"summary_large_image\" \/>\n<meta name=\"twitter:creator\" content=\"@kt_gov\" \/>\n<meta name=\"twitter:site\" content=\"@kt_gov\" \/>\n<meta name=\"twitter:label1\" content=\"Written by\" \/>\n\t<meta name=\"twitter:data1\" content=\"ktmin\" \/>\n\t<meta name=\"twitter:label2\" content=\"Est. reading time\" \/>\n\t<meta name=\"twitter:data2\" content=\"2 minutes\" \/>\n<script type=\"application\/ld+json\" class=\"yoast-schema-graph\">{\"@context\":\"https:\\\/\\\/schema.org\",\"@graph\":[{\"@type\":\"Article\",\"@id\":\"https:\\\/\\\/kt.gov.rs\\\/sq\\\/ambasadori-i-finlandes-ftone-shqiptaret-ne-zgjedhje\\\/#article\",\"isPartOf\":{\"@id\":\"https:\\\/\\\/kt.gov.rs\\\/sq\\\/ambasadori-i-finlandes-ftone-shqiptaret-ne-zgjedhje\\\/\"},\"author\":{\"name\":\"ktmin\",\"@id\":\"https:\\\/\\\/kt.gov.rs\\\/#\\\/schema\\\/person\\\/e426459ddb4173309103390602694571\"},\"headline\":\"AMBASADORI I FINLAND\u00cbS FTON\u00cb SHQIPTAR\u00cbT N\u00cb ZGJEDHJE\",\"datePublished\":\"2014-02-07T00:00:00+00:00\",\"dateModified\":\"2024-07-30T20:13:26+00:00\",\"mainEntityOfPage\":{\"@id\":\"https:\\\/\\\/kt.gov.rs\\\/sq\\\/ambasadori-i-finlandes-ftone-shqiptaret-ne-zgjedhje\\\/\"},\"wordCount\":340,\"publisher\":{\"@id\":\"https:\\\/\\\/kt.gov.rs\\\/#organization\"},\"image\":{\"@id\":\"https:\\\/\\\/kt.gov.rs\\\/sq\\\/ambasadori-i-finlandes-ftone-shqiptaret-ne-zgjedhje\\\/#primaryimage\"},\"thumbnailUrl\":\"https:\\\/\\\/kt.gov.rs\\\/wp-content\\\/uploads\\\/2024\\\/07\\\/newspic769-5.jpg\",\"articleSection\":[\"Lajme\"],\"inLanguage\":\"sq-AL\"},{\"@type\":\"WebPage\",\"@id\":\"https:\\\/\\\/kt.gov.rs\\\/sq\\\/ambasadori-i-finlandes-ftone-shqiptaret-ne-zgjedhje\\\/\",\"url\":\"https:\\\/\\\/kt.gov.rs\\\/sq\\\/ambasadori-i-finlandes-ftone-shqiptaret-ne-zgjedhje\\\/\",\"name\":\"AMBASADORI I FINLAND\u00cbS FTON\u00cb SHQIPTAR\u00cbT N\u00cb ZGJEDHJE - Republika e S\u00ebrbis\u00eb Trupi Koordinues p\u00ebr komunat Bujanoc, Preshev\u00eb dhe Medvegj\u00eb\",\"isPartOf\":{\"@id\":\"https:\\\/\\\/kt.gov.rs\\\/#website\"},\"primaryImageOfPage\":{\"@id\":\"https:\\\/\\\/kt.gov.rs\\\/sq\\\/ambasadori-i-finlandes-ftone-shqiptaret-ne-zgjedhje\\\/#primaryimage\"},\"image\":{\"@id\":\"https:\\\/\\\/kt.gov.rs\\\/sq\\\/ambasadori-i-finlandes-ftone-shqiptaret-ne-zgjedhje\\\/#primaryimage\"},\"thumbnailUrl\":\"https:\\\/\\\/kt.gov.rs\\\/wp-content\\\/uploads\\\/2024\\\/07\\\/newspic769-5.jpg\",\"datePublished\":\"2014-02-07T00:00:00+00:00\",\"dateModified\":\"2024-07-30T20:13:26+00:00\",\"breadcrumb\":{\"@id\":\"https:\\\/\\\/kt.gov.rs\\\/sq\\\/ambasadori-i-finlandes-ftone-shqiptaret-ne-zgjedhje\\\/#breadcrumb\"},\"inLanguage\":\"sq-AL\",\"potentialAction\":[{\"@type\":\"ReadAction\",\"target\":[\"https:\\\/\\\/kt.gov.rs\\\/sq\\\/ambasadori-i-finlandes-ftone-shqiptaret-ne-zgjedhje\\\/\"]}]},{\"@type\":\"ImageObject\",\"inLanguage\":\"sq-AL\",\"@id\":\"https:\\\/\\\/kt.gov.rs\\\/sq\\\/ambasadori-i-finlandes-ftone-shqiptaret-ne-zgjedhje\\\/#primaryimage\",\"url\":\"https:\\\/\\\/kt.gov.rs\\\/wp-content\\\/uploads\\\/2024\\\/07\\\/newspic769-5.jpg\",\"contentUrl\":\"https:\\\/\\\/kt.gov.rs\\\/wp-content\\\/uploads\\\/2024\\\/07\\\/newspic769-5.jpg\",\"width\":315,\"height\":209},{\"@type\":\"BreadcrumbList\",\"@id\":\"https:\\\/\\\/kt.gov.rs\\\/sq\\\/ambasadori-i-finlandes-ftone-shqiptaret-ne-zgjedhje\\\/#breadcrumb\",\"itemListElement\":[{\"@type\":\"ListItem\",\"position\":1,\"name\":\"\u041f\u043e\u0447\u0435\u0442\u043d\u0430\",\"item\":\"https:\\\/\\\/kt.gov.rs\\\/sq\\\/\"},{\"@type\":\"ListItem\",\"position\":2,\"name\":\"AMBASADORI I FINLAND\u00cbS FTON\u00cb SHQIPTAR\u00cbT N\u00cb ZGJEDHJE\"}]},{\"@type\":\"WebSite\",\"@id\":\"https:\\\/\\\/kt.gov.rs\\\/#website\",\"url\":\"https:\\\/\\\/kt.gov.rs\\\/\",\"name\":\"\u041a\u043e\u043e\u0440\u0434\u0438\u043d\u0430\u0446\u0438\u043e\u043d\u043e \u0442\u0435\u043b\u043e \u0412\u043b\u0430\u0434\u0435 \u0420\u0435\u043f\u0443\u0431\u043b\u0438\u043a\u0435 \u0421\u0440\u0431\u0438\u0458\u0435 \u0437\u0430 \u043e\u043f\u0448\u0442\u0438\u043d\u0435 \u041f\u0440\u0435\u0448\u0435\u0432\u043e, \u0411\u0443\u0458\u0430\u043d\u043e\u0432\u0430\u0446 \u0438 \u041c\u0435\u0434\u0432\u0435\u0452a\",\"description\":\"\",\"publisher\":{\"@id\":\"https:\\\/\\\/kt.gov.rs\\\/#organization\"},\"alternateName\":\"\u041a\u043e\u043e\u0440\u0434\u0438\u043d\u0430\u0446\u0438\u043e\u043d\u043e \u0442\u0435\u043b\u043e\",\"potentialAction\":[{\"@type\":\"SearchAction\",\"target\":{\"@type\":\"EntryPoint\",\"urlTemplate\":\"https:\\\/\\\/kt.gov.rs\\\/?s={search_term_string}\"},\"query-input\":{\"@type\":\"PropertyValueSpecification\",\"valueRequired\":true,\"valueName\":\"search_term_string\"}}],\"inLanguage\":\"sq-AL\"},{\"@type\":\"Organization\",\"@id\":\"https:\\\/\\\/kt.gov.rs\\\/#organization\",\"name\":\"\u041a\u043e\u043e\u0440\u0434\u0438\u043d\u0430\u0446\u0438\u043e\u043d\u043e \u0442\u0435\u043b\u043e \u0412\u043b\u0430\u0434\u0435 \u0420\u0435\u043f\u0443\u0431\u043b\u0438\u043a\u0435 \u0421\u0440\u0431\u0438\u0458\u0435 \u0437\u0430 \u043e\u043f\u0448\u0442\u0438\u043d\u0435 \u041f\u0440\u0435\u0448\u0435\u0432\u043e, \u0411\u0443\u0458\u0430\u043d\u043e\u0432\u0430\u0446 \u0438 \u041c\u0435\u0434\u0432\u0435\u0452a\",\"alternateName\":\"\u041a\u043e\u043e\u0440\u0434\u0438\u043d\u0430\u0446\u0438\u043e\u043d\u043e \u0442\u0435\u043b\u043e\",\"url\":\"https:\\\/\\\/kt.gov.rs\\\/\",\"logo\":{\"@type\":\"ImageObject\",\"inLanguage\":\"sq-AL\",\"@id\":\"https:\\\/\\\/kt.gov.rs\\\/#\\\/schema\\\/logo\\\/image\\\/\",\"url\":\"https:\\\/\\\/kt.gov.rs\\\/wp-content\\\/uploads\\\/2024\\\/12\\\/koord2.jpg\",\"contentUrl\":\"https:\\\/\\\/kt.gov.rs\\\/wp-content\\\/uploads\\\/2024\\\/12\\\/koord2.jpg\",\"width\":640,\"height\":480,\"caption\":\"\u041a\u043e\u043e\u0440\u0434\u0438\u043d\u0430\u0446\u0438\u043e\u043d\u043e \u0442\u0435\u043b\u043e \u0412\u043b\u0430\u0434\u0435 \u0420\u0435\u043f\u0443\u0431\u043b\u0438\u043a\u0435 \u0421\u0440\u0431\u0438\u0458\u0435 \u0437\u0430 \u043e\u043f\u0448\u0442\u0438\u043d\u0435 \u041f\u0440\u0435\u0448\u0435\u0432\u043e, \u0411\u0443\u0458\u0430\u043d\u043e\u0432\u0430\u0446 \u0438 \u041c\u0435\u0434\u0432\u0435\u0452a\"},\"image\":{\"@id\":\"https:\\\/\\\/kt.gov.rs\\\/#\\\/schema\\\/logo\\\/image\\\/\"},\"sameAs\":[\"https:\\\/\\\/www.facebook.com\\\/SluzbaKoordinacionogTelaVladeRepublikeSrbije\",\"https:\\\/\\\/x.com\\\/kt_gov\",\"https:\\\/\\\/www.youtube.com\\\/@koordinacionotelo\"]},{\"@type\":\"Person\",\"@id\":\"https:\\\/\\\/kt.gov.rs\\\/#\\\/schema\\\/person\\\/e426459ddb4173309103390602694571\",\"name\":\"ktmin\",\"image\":{\"@type\":\"ImageObject\",\"inLanguage\":\"sq-AL\",\"@id\":\"https:\\\/\\\/secure.gravatar.com\\\/avatar\\\/3985c961109853010c3fbc7ba30365bfba5db3dd6c525831d9c595c7525a615a?s=96&d=mm&r=g\",\"url\":\"https:\\\/\\\/secure.gravatar.com\\\/avatar\\\/3985c961109853010c3fbc7ba30365bfba5db3dd6c525831d9c595c7525a615a?s=96&d=mm&r=g\",\"contentUrl\":\"https:\\\/\\\/secure.gravatar.com\\\/avatar\\\/3985c961109853010c3fbc7ba30365bfba5db3dd6c525831d9c595c7525a615a?s=96&d=mm&r=g\",\"caption\":\"ktmin\"},\"sameAs\":[\"https:\\\/\\\/kt.gov.rs\"],\"url\":\"https:\\\/\\\/kt.gov.rs\\\/sq\\\/author\\\/ktmin\\\/\"}]}<\/script>\n<!-- \/ Yoast SEO plugin. -->","yoast_head_json":{"title":"AMBASADORI I FINLAND\u00cbS FTON\u00cb SHQIPTAR\u00cbT N\u00cb ZGJEDHJE - Republika e S\u00ebrbis\u00eb Trupi Koordinues p\u00ebr komunat Bujanoc, Preshev\u00eb dhe Medvegj\u00eb","robots":{"index":"index","follow":"follow","max-snippet":"max-snippet:-1","max-image-preview":"max-image-preview:large","max-video-preview":"max-video-preview:-1"},"canonical":"https:\/\/kt.gov.rs\/sq\/ambasadori-i-finlandes-ftone-shqiptaret-ne-zgjedhje\/","og_locale":"sq_AL","og_type":"article","og_title":"AMBASADORI I FINLAND\u00cbS FTON\u00cb SHQIPTAR\u00cbT N\u00cb ZGJEDHJE - Republika e S\u00ebrbis\u00eb Trupi Koordinues p\u00ebr komunat Bujanoc, Preshev\u00eb dhe Medvegj\u00eb","og_description":"Bujanoc \u2013 Ambasadori i Finland\u00ebs n\u00eb Serbi, Peka Orpana, ka biseduar n\u00eb Bujanoc me kryetarin e komun\u00ebs s\u00eb Bujanocit, Nagip Arifin, rreth pjes\u00ebmarrjes s\u00eb shqiptar\u00ebve n\u00eb zgjedhjet parlamentare t\u00eb 16 marsit, kan\u00eb njoftuar mediat lokale.","og_url":"https:\/\/kt.gov.rs\/sq\/ambasadori-i-finlandes-ftone-shqiptaret-ne-zgjedhje\/","og_site_name":"Republika e S\u00ebrbis\u00eb Trupi Koordinues p\u00ebr komunat Bujanoc, Preshev\u00eb dhe Medvegj\u00eb","article_publisher":"https:\/\/www.facebook.com\/SluzbaKoordinacionogTelaVladeRepublikeSrbije","article_published_time":"2014-02-07T00:00:00+00:00","article_modified_time":"2024-07-30T20:13:26+00:00","og_image":[{"width":315,"height":209,"url":"https:\/\/kt.gov.rs\/wp-content\/uploads\/2024\/07\/newspic769-5.jpg","type":"image\/jpeg"}],"author":"ktmin","twitter_card":"summary_large_image","twitter_creator":"@kt_gov","twitter_site":"@kt_gov","twitter_misc":{"Written by":"ktmin","Est. reading time":"2 minutes"},"schema":{"@context":"https:\/\/schema.org","@graph":[{"@type":"Article","@id":"https:\/\/kt.gov.rs\/sq\/ambasadori-i-finlandes-ftone-shqiptaret-ne-zgjedhje\/#article","isPartOf":{"@id":"https:\/\/kt.gov.rs\/sq\/ambasadori-i-finlandes-ftone-shqiptaret-ne-zgjedhje\/"},"author":{"name":"ktmin","@id":"https:\/\/kt.gov.rs\/#\/schema\/person\/e426459ddb4173309103390602694571"},"headline":"AMBASADORI I FINLAND\u00cbS FTON\u00cb SHQIPTAR\u00cbT N\u00cb ZGJEDHJE","datePublished":"2014-02-07T00:00:00+00:00","dateModified":"2024-07-30T20:13:26+00:00","mainEntityOfPage":{"@id":"https:\/\/kt.gov.rs\/sq\/ambasadori-i-finlandes-ftone-shqiptaret-ne-zgjedhje\/"},"wordCount":340,"publisher":{"@id":"https:\/\/kt.gov.rs\/#organization"},"image":{"@id":"https:\/\/kt.gov.rs\/sq\/ambasadori-i-finlandes-ftone-shqiptaret-ne-zgjedhje\/#primaryimage"},"thumbnailUrl":"https:\/\/kt.gov.rs\/wp-content\/uploads\/2024\/07\/newspic769-5.jpg","articleSection":["Lajme"],"inLanguage":"sq-AL"},{"@type":"WebPage","@id":"https:\/\/kt.gov.rs\/sq\/ambasadori-i-finlandes-ftone-shqiptaret-ne-zgjedhje\/","url":"https:\/\/kt.gov.rs\/sq\/ambasadori-i-finlandes-ftone-shqiptaret-ne-zgjedhje\/","name":"AMBASADORI I FINLAND\u00cbS FTON\u00cb SHQIPTAR\u00cbT N\u00cb ZGJEDHJE - Republika e S\u00ebrbis\u00eb Trupi Koordinues p\u00ebr komunat Bujanoc, Preshev\u00eb dhe Medvegj\u00eb","isPartOf":{"@id":"https:\/\/kt.gov.rs\/#website"},"primaryImageOfPage":{"@id":"https:\/\/kt.gov.rs\/sq\/ambasadori-i-finlandes-ftone-shqiptaret-ne-zgjedhje\/#primaryimage"},"image":{"@id":"https:\/\/kt.gov.rs\/sq\/ambasadori-i-finlandes-ftone-shqiptaret-ne-zgjedhje\/#primaryimage"},"thumbnailUrl":"https:\/\/kt.gov.rs\/wp-content\/uploads\/2024\/07\/newspic769-5.jpg","datePublished":"2014-02-07T00:00:00+00:00","dateModified":"2024-07-30T20:13:26+00:00","breadcrumb":{"@id":"https:\/\/kt.gov.rs\/sq\/ambasadori-i-finlandes-ftone-shqiptaret-ne-zgjedhje\/#breadcrumb"},"inLanguage":"sq-AL","potentialAction":[{"@type":"ReadAction","target":["https:\/\/kt.gov.rs\/sq\/ambasadori-i-finlandes-ftone-shqiptaret-ne-zgjedhje\/"]}]},{"@type":"ImageObject","inLanguage":"sq-AL","@id":"https:\/\/kt.gov.rs\/sq\/ambasadori-i-finlandes-ftone-shqiptaret-ne-zgjedhje\/#primaryimage","url":"https:\/\/kt.gov.rs\/wp-content\/uploads\/2024\/07\/newspic769-5.jpg","contentUrl":"https:\/\/kt.gov.rs\/wp-content\/uploads\/2024\/07\/newspic769-5.jpg","width":315,"height":209},{"@type":"BreadcrumbList","@id":"https:\/\/kt.gov.rs\/sq\/ambasadori-i-finlandes-ftone-shqiptaret-ne-zgjedhje\/#breadcrumb","itemListElement":[{"@type":"ListItem","position":1,"name":"\u041f\u043e\u0447\u0435\u0442\u043d\u0430","item":"https:\/\/kt.gov.rs\/sq\/"},{"@type":"ListItem","position":2,"name":"AMBASADORI I FINLAND\u00cbS FTON\u00cb SHQIPTAR\u00cbT N\u00cb ZGJEDHJE"}]},{"@type":"WebSite","@id":"https:\/\/kt.gov.rs\/#website","url":"https:\/\/kt.gov.rs\/","name":"\u041a\u043e\u043e\u0440\u0434\u0438\u043d\u0430\u0446\u0438\u043e\u043d\u043e \u0442\u0435\u043b\u043e \u0412\u043b\u0430\u0434\u0435 \u0420\u0435\u043f\u0443\u0431\u043b\u0438\u043a\u0435 \u0421\u0440\u0431\u0438\u0458\u0435 \u0437\u0430 \u043e\u043f\u0448\u0442\u0438\u043d\u0435 \u041f\u0440\u0435\u0448\u0435\u0432\u043e, \u0411\u0443\u0458\u0430\u043d\u043e\u0432\u0430\u0446 \u0438 \u041c\u0435\u0434\u0432\u0435\u0452a","description":"","publisher":{"@id":"https:\/\/kt.gov.rs\/#organization"},"alternateName":"\u041a\u043e\u043e\u0440\u0434\u0438\u043d\u0430\u0446\u0438\u043e\u043d\u043e \u0442\u0435\u043b\u043e","potentialAction":[{"@type":"SearchAction","target":{"@type":"EntryPoint","urlTemplate":"https:\/\/kt.gov.rs\/?s={search_term_string}"},"query-input":{"@type":"PropertyValueSpecification","valueRequired":true,"valueName":"search_term_string"}}],"inLanguage":"sq-AL"},{"@type":"Organization","@id":"https:\/\/kt.gov.rs\/#organization","name":"\u041a\u043e\u043e\u0440\u0434\u0438\u043d\u0430\u0446\u0438\u043e\u043d\u043e \u0442\u0435\u043b\u043e \u0412\u043b\u0430\u0434\u0435 \u0420\u0435\u043f\u0443\u0431\u043b\u0438\u043a\u0435 \u0421\u0440\u0431\u0438\u0458\u0435 \u0437\u0430 \u043e\u043f\u0448\u0442\u0438\u043d\u0435 \u041f\u0440\u0435\u0448\u0435\u0432\u043e, \u0411\u0443\u0458\u0430\u043d\u043e\u0432\u0430\u0446 \u0438 \u041c\u0435\u0434\u0432\u0435\u0452a","alternateName":"\u041a\u043e\u043e\u0440\u0434\u0438\u043d\u0430\u0446\u0438\u043e\u043d\u043e \u0442\u0435\u043b\u043e","url":"https:\/\/kt.gov.rs\/","logo":{"@type":"ImageObject","inLanguage":"sq-AL","@id":"https:\/\/kt.gov.rs\/#\/schema\/logo\/image\/","url":"https:\/\/kt.gov.rs\/wp-content\/uploads\/2024\/12\/koord2.jpg","contentUrl":"https:\/\/kt.gov.rs\/wp-content\/uploads\/2024\/12\/koord2.jpg","width":640,"height":480,"caption":"\u041a\u043e\u043e\u0440\u0434\u0438\u043d\u0430\u0446\u0438\u043e\u043d\u043e \u0442\u0435\u043b\u043e \u0412\u043b\u0430\u0434\u0435 \u0420\u0435\u043f\u0443\u0431\u043b\u0438\u043a\u0435 \u0421\u0440\u0431\u0438\u0458\u0435 \u0437\u0430 \u043e\u043f\u0448\u0442\u0438\u043d\u0435 \u041f\u0440\u0435\u0448\u0435\u0432\u043e, \u0411\u0443\u0458\u0430\u043d\u043e\u0432\u0430\u0446 \u0438 \u041c\u0435\u0434\u0432\u0435\u0452a"},"image":{"@id":"https:\/\/kt.gov.rs\/#\/schema\/logo\/image\/"},"sameAs":["https:\/\/www.facebook.com\/SluzbaKoordinacionogTelaVladeRepublikeSrbije","https:\/\/x.com\/kt_gov","https:\/\/www.youtube.com\/@koordinacionotelo"]},{"@type":"Person","@id":"https:\/\/kt.gov.rs\/#\/schema\/person\/e426459ddb4173309103390602694571","name":"ktmin","image":{"@type":"ImageObject","inLanguage":"sq-AL","@id":"https:\/\/secure.gravatar.com\/avatar\/3985c961109853010c3fbc7ba30365bfba5db3dd6c525831d9c595c7525a615a?s=96&d=mm&r=g","url":"https:\/\/secure.gravatar.com\/avatar\/3985c961109853010c3fbc7ba30365bfba5db3dd6c525831d9c595c7525a615a?s=96&d=mm&r=g","contentUrl":"https:\/\/secure.gravatar.com\/avatar\/3985c961109853010c3fbc7ba30365bfba5db3dd6c525831d9c595c7525a615a?s=96&d=mm&r=g","caption":"ktmin"},"sameAs":["https:\/\/kt.gov.rs"],"url":"https:\/\/kt.gov.rs\/sq\/author\/ktmin\/"}]}},"_links":{"self":[{"href":"https:\/\/kt.gov.rs\/sq\/wp-json\/wp\/v2\/posts\/139612","targetHints":{"allow":["GET"]}}],"collection":[{"href":"https:\/\/kt.gov.rs\/sq\/wp-json\/wp\/v2\/posts"}],"about":[{"href":"https:\/\/kt.gov.rs\/sq\/wp-json\/wp\/v2\/types\/post"}],"author":[{"embeddable":true,"href":"https:\/\/kt.gov.rs\/sq\/wp-json\/wp\/v2\/users\/1"}],"replies":[{"embeddable":true,"href":"https:\/\/kt.gov.rs\/sq\/wp-json\/wp\/v2\/comments?post=139612"}],"version-history":[{"count":1,"href":"https:\/\/kt.gov.rs\/sq\/wp-json\/wp\/v2\/posts\/139612\/revisions"}],"predecessor-version":[{"id":139616,"href":"https:\/\/kt.gov.rs\/sq\/wp-json\/wp\/v2\/posts\/139612\/revisions\/139616"}],"wp:featuredmedia":[{"embeddable":true,"href":"https:\/\/kt.gov.rs\/sq\/wp-json\/wp\/v2\/media\/139617"}],"wp:attachment":[{"href":"https:\/\/kt.gov.rs\/sq\/wp-json\/wp\/v2\/media?parent=139612"}],"wp:term":[{"taxonomy":"category","embeddable":true,"href":"https:\/\/kt.gov.rs\/sq\/wp-json\/wp\/v2\/categories?post=139612"},{"taxonomy":"post_tag","embeddable":true,"href":"https:\/\/kt.gov.rs\/sq\/wp-json\/wp\/v2\/tags?post=139612"}],"curies":[{"name":"wp","href":"https:\/\/api.w.org\/{rel}","templated":true}]}}