{"id":139588,"date":"2014-02-11T00:00:00","date_gmt":"2014-02-11T00:00:00","guid":{"rendered":"http:\/\/kt.printandscreen.rs\/shqiptaret-sipas-gjitha-gjasave-do-te-kene-nje-perfaqesues-ne-garen-zgjedhore\/"},"modified":"2024-07-30T20:13:24","modified_gmt":"2024-07-30T20:13:24","slug":"shqiptaret-sipas-gjitha-gjasave-do-te-kene-nje-perfaqesues-ne-garen-zgjedhore","status":"publish","type":"post","link":"https:\/\/kt.gov.rs\/sq\/shqiptaret-sipas-gjitha-gjasave-do-te-kene-nje-perfaqesues-ne-garen-zgjedhore\/","title":{"rendered":"SHQIPTAR\u00cbT SIPAS GJITHA GJASAVE DO T\u00cb KEN\u00cb NJ\u00cb P\u00cbRFAQESUES N\u00cb GAR\u00cbN ZGJEDHORE"},"content":{"rendered":"<p>\n\t<img decoding=\"async\" alt=\"\" src=\"https:\/\/kt.gov.rs\/wp-content\/uploads\/2024\/07\/newspic772-4.jpg\" style=\"width: 315px; height: 209px; float: left;\" \/>Partia p\u00ebr Veprim Demokratik e Riza Halimit do t\u00eb jet\u00eb e vetmja parti shqiptare nga jugu i Serbis\u00eb e cila nuk do t\u00eb bojkotoj\u00eb zgjedhjet parlamentare t\u00eb 16 marsit.<\/p>\n<p>\n\tP\u00ebr dallim nga vitet e m\u00ebparshme, kur Halimi para votuesve kishte dalur n\u00eb kualicion me partit\u00eb tjera shqiptare, k\u00ebt\u00eb her\u00eb ai \u00ebsht\u00eb af\u00ebr vendimit q\u00eb n\u00eb zgjedhje t\u00eb merr pjes\u00eb me partit\u00eb tjera t\u00eb pakicave \u2013 asaj kroate, hungareze dhe boshnjake.<\/p>\n<p>\n\tK\u00ebshtu q\u00eb vendimi i m\u00ebparsh\u00ebm i gjasht\u00eb partive shqiptare nga jugu i Serbis\u00eb p\u00ebr bojkot n\u00eb zgjedhjet parlamentare nuk do t\u00eb ndikoj\u00eb p\u00ebrfundimisht q\u00eb votuesit e k\u00ebtij nacionaliteti t\u00eb q\u00ebndrojn\u00eb n\u00eb sht\u00ebpit\u00eb e tyre m\u00eb 16 mars.<\/p>\n<p>\n\tSipas mendimit t\u00eb Dushan Janjiqit nga Forumi Etnik, q\u00ebndrimi i bojkotuesve shqiptar\u00eb drejt\u00ebp\u00ebrdrejt\u00eb \u00ebsht\u00eb i lidhur me tendenc\u00ebn e tyre q\u00eb raportet me Qeverin\u00eb e Serbis\u00eb t\u00eb q\u00ebndrojn\u00eb \u201et\u00eb ngrira\u201c, si dhe me q\u00ebllim t\u00eb internacionalizimit t\u00eb problemeve p\u00ebr t\u00eb cilat probleme zgjidhje presin nga Beogradi.<\/p>\n<p>\n\t\u00a0\u201ePas s\u00eb gjithave q\u00ebndron nj\u00eb q\u00ebllim i v\u00ebrtet\u00eb \u2013 q\u00eb gjith\u00eb shqiptar\u00ebt t\u00eb jen\u00eb t\u00eb bashkuar. Motivi tjet\u00ebr \u00ebsht\u00eb q\u00eb politikisht ta shkat\u00ebrrojn\u00eb Halimin, ku ndikimi i tij ve\u00e7 \u00ebsht\u00eb dob\u00ebsuar. Ai shum\u00eb ka b\u00ebr\u00eb n\u00eb lidhje me Beogradin dhe n\u00eb zgjedhjet e kaluara ka hyr\u00eb n\u00eb parlamentin serb, me t\u00eb cil\u00ebn kishte v\u00ebrtetuar se Presheva \u00ebsht\u00eb pjes\u00eb e Serbis\u00eb, kurse p\u00ebr disa shqiptar\u00eb nuk q\u00ebndron ashtu\u201c, ka th\u00ebn\u00eb Janjiq, sipas t\u00eb cilit t\u00ebrheqja e Halimit nga zgjedhjet do t\u00eb ishte nj\u00eb vet\u00ebvrasje politike e tij.<\/p>\n<p>\n\tKryetari i Trupit Koordinues p\u00ebr komunat Preshev\u00eb, Bujanoc dhe Medvegj\u00eb, Zoran Stankoviq, ka deklaruar se Beogradi, lider\u00ebve shqiptar\u00eb nga jugu i Serbis\u00eb gjithmon\u00eb i ka p\u00ebrcjell\u00eb d\u00ebshir\u00ebn p\u00ebr pjes\u00ebmarrje n\u00eb zgjedhje. Ashtu edhe k\u00ebt\u00eb her\u00eb:<\/p>\n<p>\n\t\u00a0\u201eI ftojm\u00eb t\u00eb zgjedhin p\u00ebrfaq\u00ebsuesit e tyre n\u00eb Kuvendin Komb\u00ebtar dhe k\u00ebshtu ti realizojn\u00eb k\u00ebrkesat e tyre n\u00eb miratimin e ligjeve n\u00eb t\u00eb cilat sigurisht mund t\u00eb ndikojn\u00eb si deputet t\u00eb pavarur ose s\u00ebbashku me ndonj\u00eb grup parlamentar. N\u00eb k\u00ebt\u00eb m\u00ebnyr\u00eb z\u00ebri tyre do t\u00eb nd\u00ebgjohet m\u00eb shum\u00eb dhe mund t\u00eb marrin pjes\u00eb n\u00eb jet\u00ebn politike t\u00eb Serbis\u00eb dhe krijimin e ligjeve, t\u00eb cilat ligje do ti mund\u00ebsojn\u00eb kushte edhe m\u00eb\u00a0 t\u00eb mira p\u00ebr jetes\u00eb dhe pun\u00eb.<\/p>\n<p>\n\t<strong>Burimi: Ve\u00e7ernje Novosti dhe Trupi Koordinues <\/strong><\/p>\n<p>\n\t\u00a0<\/p>\n","protected":false},"excerpt":{"rendered":"<p>Partia p\u00ebr Veprim Demokratik e Riza Halimit do t\u00eb jet\u00eb e vetmja parti shqiptare nga jugu i Serbis\u00eb e cila nuk do t\u00eb bojkotoj\u00eb zgjedhjet parlamentare t\u00eb 16 marsit.<\/p>\n","protected":false},"author":1,"featured_media":139593,"comment_status":"closed","ping_status":"closed","sticky":false,"template":"","format":"standard","meta":{"footnotes":""},"categories":[55],"tags":[],"class_list":["post-139588","post","type-post","status-publish","format-standard","has-post-thumbnail","hentry","category-lajme"],"yoast_head":"<!-- This site is optimized with the Yoast SEO plugin v27.5 - https:\/\/yoast.com\/product\/yoast-seo-wordpress\/ -->\n<title>SHQIPTAR\u00cbT SIPAS GJITHA GJASAVE DO T\u00cb KEN\u00cb NJ\u00cb P\u00cbRFAQESUES N\u00cb GAR\u00cbN ZGJEDHORE - Republika e S\u00ebrbis\u00eb Trupi Koordinues p\u00ebr komunat Bujanoc, Preshev\u00eb dhe Medvegj\u00eb<\/title>\n<meta name=\"robots\" content=\"index, follow, max-snippet:-1, max-image-preview:large, max-video-preview:-1\" \/>\n<link rel=\"canonical\" href=\"https:\/\/kt.gov.rs\/sq\/shqiptaret-sipas-gjitha-gjasave-do-te-kene-nje-perfaqesues-ne-garen-zgjedhore\/\" \/>\n<meta property=\"og:locale\" content=\"sq_AL\" \/>\n<meta property=\"og:type\" content=\"article\" \/>\n<meta property=\"og:title\" content=\"SHQIPTAR\u00cbT SIPAS GJITHA GJASAVE DO T\u00cb KEN\u00cb NJ\u00cb P\u00cbRFAQESUES N\u00cb GAR\u00cbN ZGJEDHORE - Republika e S\u00ebrbis\u00eb Trupi Koordinues p\u00ebr komunat Bujanoc, Preshev\u00eb dhe Medvegj\u00eb\" \/>\n<meta property=\"og:description\" content=\"Partia p\u00ebr Veprim Demokratik e Riza Halimit do t\u00eb jet\u00eb e vetmja parti shqiptare nga jugu i Serbis\u00eb e cila nuk do t\u00eb bojkotoj\u00eb zgjedhjet parlamentare t\u00eb 16 marsit.\" \/>\n<meta property=\"og:url\" content=\"https:\/\/kt.gov.rs\/sq\/shqiptaret-sipas-gjitha-gjasave-do-te-kene-nje-perfaqesues-ne-garen-zgjedhore\/\" \/>\n<meta property=\"og:site_name\" content=\"Republika e S\u00ebrbis\u00eb Trupi Koordinues p\u00ebr komunat Bujanoc, Preshev\u00eb dhe Medvegj\u00eb\" \/>\n<meta property=\"article:publisher\" content=\"https:\/\/www.facebook.com\/SluzbaKoordinacionogTelaVladeRepublikeSrbije\" \/>\n<meta property=\"article:published_time\" content=\"2014-02-11T00:00:00+00:00\" \/>\n<meta property=\"article:modified_time\" content=\"2024-07-30T20:13:24+00:00\" \/>\n<meta property=\"og:image\" content=\"https:\/\/kt.gov.rs\/wp-content\/uploads\/2024\/07\/newspic772-5.jpg\" \/>\n\t<meta property=\"og:image:width\" content=\"315\" \/>\n\t<meta property=\"og:image:height\" content=\"209\" \/>\n\t<meta property=\"og:image:type\" content=\"image\/jpeg\" \/>\n<meta name=\"author\" content=\"ktmin\" \/>\n<meta name=\"twitter:card\" content=\"summary_large_image\" \/>\n<meta name=\"twitter:creator\" content=\"@kt_gov\" \/>\n<meta name=\"twitter:site\" content=\"@kt_gov\" \/>\n<meta name=\"twitter:label1\" content=\"Written by\" \/>\n\t<meta name=\"twitter:data1\" content=\"ktmin\" \/>\n\t<meta name=\"twitter:label2\" content=\"Est. reading time\" \/>\n\t<meta name=\"twitter:data2\" content=\"3 minutes\" \/>\n<script type=\"application\/ld+json\" class=\"yoast-schema-graph\">{\"@context\":\"https:\\\/\\\/schema.org\",\"@graph\":[{\"@type\":\"Article\",\"@id\":\"https:\\\/\\\/kt.gov.rs\\\/sq\\\/shqiptaret-sipas-gjitha-gjasave-do-te-kene-nje-perfaqesues-ne-garen-zgjedhore\\\/#article\",\"isPartOf\":{\"@id\":\"https:\\\/\\\/kt.gov.rs\\\/sq\\\/shqiptaret-sipas-gjitha-gjasave-do-te-kene-nje-perfaqesues-ne-garen-zgjedhore\\\/\"},\"author\":{\"name\":\"ktmin\",\"@id\":\"https:\\\/\\\/kt.gov.rs\\\/#\\\/schema\\\/person\\\/e426459ddb4173309103390602694571\"},\"headline\":\"SHQIPTAR\u00cbT SIPAS GJITHA GJASAVE DO T\u00cb KEN\u00cb NJ\u00cb P\u00cbRFAQESUES N\u00cb GAR\u00cbN ZGJEDHORE\",\"datePublished\":\"2014-02-11T00:00:00+00:00\",\"dateModified\":\"2024-07-30T20:13:24+00:00\",\"mainEntityOfPage\":{\"@id\":\"https:\\\/\\\/kt.gov.rs\\\/sq\\\/shqiptaret-sipas-gjitha-gjasave-do-te-kene-nje-perfaqesues-ne-garen-zgjedhore\\\/\"},\"wordCount\":605,\"publisher\":{\"@id\":\"https:\\\/\\\/kt.gov.rs\\\/#organization\"},\"image\":{\"@id\":\"https:\\\/\\\/kt.gov.rs\\\/sq\\\/shqiptaret-sipas-gjitha-gjasave-do-te-kene-nje-perfaqesues-ne-garen-zgjedhore\\\/#primaryimage\"},\"thumbnailUrl\":\"https:\\\/\\\/kt.gov.rs\\\/wp-content\\\/uploads\\\/2024\\\/07\\\/newspic772-5.jpg\",\"articleSection\":[\"Lajme\"],\"inLanguage\":\"sq-AL\"},{\"@type\":\"WebPage\",\"@id\":\"https:\\\/\\\/kt.gov.rs\\\/sq\\\/shqiptaret-sipas-gjitha-gjasave-do-te-kene-nje-perfaqesues-ne-garen-zgjedhore\\\/\",\"url\":\"https:\\\/\\\/kt.gov.rs\\\/sq\\\/shqiptaret-sipas-gjitha-gjasave-do-te-kene-nje-perfaqesues-ne-garen-zgjedhore\\\/\",\"name\":\"SHQIPTAR\u00cbT SIPAS GJITHA GJASAVE DO T\u00cb KEN\u00cb NJ\u00cb P\u00cbRFAQESUES N\u00cb GAR\u00cbN ZGJEDHORE - Republika e S\u00ebrbis\u00eb Trupi Koordinues p\u00ebr komunat Bujanoc, Preshev\u00eb dhe Medvegj\u00eb\",\"isPartOf\":{\"@id\":\"https:\\\/\\\/kt.gov.rs\\\/#website\"},\"primaryImageOfPage\":{\"@id\":\"https:\\\/\\\/kt.gov.rs\\\/sq\\\/shqiptaret-sipas-gjitha-gjasave-do-te-kene-nje-perfaqesues-ne-garen-zgjedhore\\\/#primaryimage\"},\"image\":{\"@id\":\"https:\\\/\\\/kt.gov.rs\\\/sq\\\/shqiptaret-sipas-gjitha-gjasave-do-te-kene-nje-perfaqesues-ne-garen-zgjedhore\\\/#primaryimage\"},\"thumbnailUrl\":\"https:\\\/\\\/kt.gov.rs\\\/wp-content\\\/uploads\\\/2024\\\/07\\\/newspic772-5.jpg\",\"datePublished\":\"2014-02-11T00:00:00+00:00\",\"dateModified\":\"2024-07-30T20:13:24+00:00\",\"breadcrumb\":{\"@id\":\"https:\\\/\\\/kt.gov.rs\\\/sq\\\/shqiptaret-sipas-gjitha-gjasave-do-te-kene-nje-perfaqesues-ne-garen-zgjedhore\\\/#breadcrumb\"},\"inLanguage\":\"sq-AL\",\"potentialAction\":[{\"@type\":\"ReadAction\",\"target\":[\"https:\\\/\\\/kt.gov.rs\\\/sq\\\/shqiptaret-sipas-gjitha-gjasave-do-te-kene-nje-perfaqesues-ne-garen-zgjedhore\\\/\"]}]},{\"@type\":\"ImageObject\",\"inLanguage\":\"sq-AL\",\"@id\":\"https:\\\/\\\/kt.gov.rs\\\/sq\\\/shqiptaret-sipas-gjitha-gjasave-do-te-kene-nje-perfaqesues-ne-garen-zgjedhore\\\/#primaryimage\",\"url\":\"https:\\\/\\\/kt.gov.rs\\\/wp-content\\\/uploads\\\/2024\\\/07\\\/newspic772-5.jpg\",\"contentUrl\":\"https:\\\/\\\/kt.gov.rs\\\/wp-content\\\/uploads\\\/2024\\\/07\\\/newspic772-5.jpg\",\"width\":315,\"height\":209},{\"@type\":\"BreadcrumbList\",\"@id\":\"https:\\\/\\\/kt.gov.rs\\\/sq\\\/shqiptaret-sipas-gjitha-gjasave-do-te-kene-nje-perfaqesues-ne-garen-zgjedhore\\\/#breadcrumb\",\"itemListElement\":[{\"@type\":\"ListItem\",\"position\":1,\"name\":\"\u041f\u043e\u0447\u0435\u0442\u043d\u0430\",\"item\":\"https:\\\/\\\/kt.gov.rs\\\/sq\\\/\"},{\"@type\":\"ListItem\",\"position\":2,\"name\":\"SHQIPTAR\u00cbT SIPAS GJITHA GJASAVE DO T\u00cb KEN\u00cb NJ\u00cb P\u00cbRFAQESUES N\u00cb GAR\u00cbN ZGJEDHORE\"}]},{\"@type\":\"WebSite\",\"@id\":\"https:\\\/\\\/kt.gov.rs\\\/#website\",\"url\":\"https:\\\/\\\/kt.gov.rs\\\/\",\"name\":\"\u041a\u043e\u043e\u0440\u0434\u0438\u043d\u0430\u0446\u0438\u043e\u043d\u043e \u0442\u0435\u043b\u043e \u0412\u043b\u0430\u0434\u0435 \u0420\u0435\u043f\u0443\u0431\u043b\u0438\u043a\u0435 \u0421\u0440\u0431\u0438\u0458\u0435 \u0437\u0430 \u043e\u043f\u0448\u0442\u0438\u043d\u0435 \u041f\u0440\u0435\u0448\u0435\u0432\u043e, \u0411\u0443\u0458\u0430\u043d\u043e\u0432\u0430\u0446 \u0438 \u041c\u0435\u0434\u0432\u0435\u0452a\",\"description\":\"\",\"publisher\":{\"@id\":\"https:\\\/\\\/kt.gov.rs\\\/#organization\"},\"alternateName\":\"\u041a\u043e\u043e\u0440\u0434\u0438\u043d\u0430\u0446\u0438\u043e\u043d\u043e \u0442\u0435\u043b\u043e\",\"potentialAction\":[{\"@type\":\"SearchAction\",\"target\":{\"@type\":\"EntryPoint\",\"urlTemplate\":\"https:\\\/\\\/kt.gov.rs\\\/?s={search_term_string}\"},\"query-input\":{\"@type\":\"PropertyValueSpecification\",\"valueRequired\":true,\"valueName\":\"search_term_string\"}}],\"inLanguage\":\"sq-AL\"},{\"@type\":\"Organization\",\"@id\":\"https:\\\/\\\/kt.gov.rs\\\/#organization\",\"name\":\"\u041a\u043e\u043e\u0440\u0434\u0438\u043d\u0430\u0446\u0438\u043e\u043d\u043e \u0442\u0435\u043b\u043e \u0412\u043b\u0430\u0434\u0435 \u0420\u0435\u043f\u0443\u0431\u043b\u0438\u043a\u0435 \u0421\u0440\u0431\u0438\u0458\u0435 \u0437\u0430 \u043e\u043f\u0448\u0442\u0438\u043d\u0435 \u041f\u0440\u0435\u0448\u0435\u0432\u043e, \u0411\u0443\u0458\u0430\u043d\u043e\u0432\u0430\u0446 \u0438 \u041c\u0435\u0434\u0432\u0435\u0452a\",\"alternateName\":\"\u041a\u043e\u043e\u0440\u0434\u0438\u043d\u0430\u0446\u0438\u043e\u043d\u043e \u0442\u0435\u043b\u043e\",\"url\":\"https:\\\/\\\/kt.gov.rs\\\/\",\"logo\":{\"@type\":\"ImageObject\",\"inLanguage\":\"sq-AL\",\"@id\":\"https:\\\/\\\/kt.gov.rs\\\/#\\\/schema\\\/logo\\\/image\\\/\",\"url\":\"https:\\\/\\\/kt.gov.rs\\\/wp-content\\\/uploads\\\/2024\\\/12\\\/koord2.jpg\",\"contentUrl\":\"https:\\\/\\\/kt.gov.rs\\\/wp-content\\\/uploads\\\/2024\\\/12\\\/koord2.jpg\",\"width\":640,\"height\":480,\"caption\":\"\u041a\u043e\u043e\u0440\u0434\u0438\u043d\u0430\u0446\u0438\u043e\u043d\u043e \u0442\u0435\u043b\u043e \u0412\u043b\u0430\u0434\u0435 \u0420\u0435\u043f\u0443\u0431\u043b\u0438\u043a\u0435 \u0421\u0440\u0431\u0438\u0458\u0435 \u0437\u0430 \u043e\u043f\u0448\u0442\u0438\u043d\u0435 \u041f\u0440\u0435\u0448\u0435\u0432\u043e, \u0411\u0443\u0458\u0430\u043d\u043e\u0432\u0430\u0446 \u0438 \u041c\u0435\u0434\u0432\u0435\u0452a\"},\"image\":{\"@id\":\"https:\\\/\\\/kt.gov.rs\\\/#\\\/schema\\\/logo\\\/image\\\/\"},\"sameAs\":[\"https:\\\/\\\/www.facebook.com\\\/SluzbaKoordinacionogTelaVladeRepublikeSrbije\",\"https:\\\/\\\/x.com\\\/kt_gov\",\"https:\\\/\\\/www.youtube.com\\\/@koordinacionotelo\"]},{\"@type\":\"Person\",\"@id\":\"https:\\\/\\\/kt.gov.rs\\\/#\\\/schema\\\/person\\\/e426459ddb4173309103390602694571\",\"name\":\"ktmin\",\"image\":{\"@type\":\"ImageObject\",\"inLanguage\":\"sq-AL\",\"@id\":\"https:\\\/\\\/secure.gravatar.com\\\/avatar\\\/3985c961109853010c3fbc7ba30365bfba5db3dd6c525831d9c595c7525a615a?s=96&d=mm&r=g\",\"url\":\"https:\\\/\\\/secure.gravatar.com\\\/avatar\\\/3985c961109853010c3fbc7ba30365bfba5db3dd6c525831d9c595c7525a615a?s=96&d=mm&r=g\",\"contentUrl\":\"https:\\\/\\\/secure.gravatar.com\\\/avatar\\\/3985c961109853010c3fbc7ba30365bfba5db3dd6c525831d9c595c7525a615a?s=96&d=mm&r=g\",\"caption\":\"ktmin\"},\"sameAs\":[\"https:\\\/\\\/kt.gov.rs\"],\"url\":\"https:\\\/\\\/kt.gov.rs\\\/sq\\\/author\\\/ktmin\\\/\"}]}<\/script>\n<!-- \/ Yoast SEO plugin. -->","yoast_head_json":{"title":"SHQIPTAR\u00cbT SIPAS GJITHA GJASAVE DO T\u00cb KEN\u00cb NJ\u00cb P\u00cbRFAQESUES N\u00cb GAR\u00cbN ZGJEDHORE - Republika e S\u00ebrbis\u00eb Trupi Koordinues p\u00ebr komunat Bujanoc, Preshev\u00eb dhe Medvegj\u00eb","robots":{"index":"index","follow":"follow","max-snippet":"max-snippet:-1","max-image-preview":"max-image-preview:large","max-video-preview":"max-video-preview:-1"},"canonical":"https:\/\/kt.gov.rs\/sq\/shqiptaret-sipas-gjitha-gjasave-do-te-kene-nje-perfaqesues-ne-garen-zgjedhore\/","og_locale":"sq_AL","og_type":"article","og_title":"SHQIPTAR\u00cbT SIPAS GJITHA GJASAVE DO T\u00cb KEN\u00cb NJ\u00cb P\u00cbRFAQESUES N\u00cb GAR\u00cbN ZGJEDHORE - Republika e S\u00ebrbis\u00eb Trupi Koordinues p\u00ebr komunat Bujanoc, Preshev\u00eb dhe Medvegj\u00eb","og_description":"Partia p\u00ebr Veprim Demokratik e Riza Halimit do t\u00eb jet\u00eb e vetmja parti shqiptare nga jugu i Serbis\u00eb e cila nuk do t\u00eb bojkotoj\u00eb zgjedhjet parlamentare t\u00eb 16 marsit.","og_url":"https:\/\/kt.gov.rs\/sq\/shqiptaret-sipas-gjitha-gjasave-do-te-kene-nje-perfaqesues-ne-garen-zgjedhore\/","og_site_name":"Republika e S\u00ebrbis\u00eb Trupi Koordinues p\u00ebr komunat Bujanoc, Preshev\u00eb dhe Medvegj\u00eb","article_publisher":"https:\/\/www.facebook.com\/SluzbaKoordinacionogTelaVladeRepublikeSrbije","article_published_time":"2014-02-11T00:00:00+00:00","article_modified_time":"2024-07-30T20:13:24+00:00","og_image":[{"width":315,"height":209,"url":"https:\/\/kt.gov.rs\/wp-content\/uploads\/2024\/07\/newspic772-5.jpg","type":"image\/jpeg"}],"author":"ktmin","twitter_card":"summary_large_image","twitter_creator":"@kt_gov","twitter_site":"@kt_gov","twitter_misc":{"Written by":"ktmin","Est. reading time":"3 minutes"},"schema":{"@context":"https:\/\/schema.org","@graph":[{"@type":"Article","@id":"https:\/\/kt.gov.rs\/sq\/shqiptaret-sipas-gjitha-gjasave-do-te-kene-nje-perfaqesues-ne-garen-zgjedhore\/#article","isPartOf":{"@id":"https:\/\/kt.gov.rs\/sq\/shqiptaret-sipas-gjitha-gjasave-do-te-kene-nje-perfaqesues-ne-garen-zgjedhore\/"},"author":{"name":"ktmin","@id":"https:\/\/kt.gov.rs\/#\/schema\/person\/e426459ddb4173309103390602694571"},"headline":"SHQIPTAR\u00cbT SIPAS GJITHA GJASAVE DO T\u00cb KEN\u00cb NJ\u00cb P\u00cbRFAQESUES N\u00cb GAR\u00cbN ZGJEDHORE","datePublished":"2014-02-11T00:00:00+00:00","dateModified":"2024-07-30T20:13:24+00:00","mainEntityOfPage":{"@id":"https:\/\/kt.gov.rs\/sq\/shqiptaret-sipas-gjitha-gjasave-do-te-kene-nje-perfaqesues-ne-garen-zgjedhore\/"},"wordCount":605,"publisher":{"@id":"https:\/\/kt.gov.rs\/#organization"},"image":{"@id":"https:\/\/kt.gov.rs\/sq\/shqiptaret-sipas-gjitha-gjasave-do-te-kene-nje-perfaqesues-ne-garen-zgjedhore\/#primaryimage"},"thumbnailUrl":"https:\/\/kt.gov.rs\/wp-content\/uploads\/2024\/07\/newspic772-5.jpg","articleSection":["Lajme"],"inLanguage":"sq-AL"},{"@type":"WebPage","@id":"https:\/\/kt.gov.rs\/sq\/shqiptaret-sipas-gjitha-gjasave-do-te-kene-nje-perfaqesues-ne-garen-zgjedhore\/","url":"https:\/\/kt.gov.rs\/sq\/shqiptaret-sipas-gjitha-gjasave-do-te-kene-nje-perfaqesues-ne-garen-zgjedhore\/","name":"SHQIPTAR\u00cbT SIPAS GJITHA GJASAVE DO T\u00cb KEN\u00cb NJ\u00cb P\u00cbRFAQESUES N\u00cb GAR\u00cbN ZGJEDHORE - Republika e S\u00ebrbis\u00eb Trupi Koordinues p\u00ebr komunat Bujanoc, Preshev\u00eb dhe Medvegj\u00eb","isPartOf":{"@id":"https:\/\/kt.gov.rs\/#website"},"primaryImageOfPage":{"@id":"https:\/\/kt.gov.rs\/sq\/shqiptaret-sipas-gjitha-gjasave-do-te-kene-nje-perfaqesues-ne-garen-zgjedhore\/#primaryimage"},"image":{"@id":"https:\/\/kt.gov.rs\/sq\/shqiptaret-sipas-gjitha-gjasave-do-te-kene-nje-perfaqesues-ne-garen-zgjedhore\/#primaryimage"},"thumbnailUrl":"https:\/\/kt.gov.rs\/wp-content\/uploads\/2024\/07\/newspic772-5.jpg","datePublished":"2014-02-11T00:00:00+00:00","dateModified":"2024-07-30T20:13:24+00:00","breadcrumb":{"@id":"https:\/\/kt.gov.rs\/sq\/shqiptaret-sipas-gjitha-gjasave-do-te-kene-nje-perfaqesues-ne-garen-zgjedhore\/#breadcrumb"},"inLanguage":"sq-AL","potentialAction":[{"@type":"ReadAction","target":["https:\/\/kt.gov.rs\/sq\/shqiptaret-sipas-gjitha-gjasave-do-te-kene-nje-perfaqesues-ne-garen-zgjedhore\/"]}]},{"@type":"ImageObject","inLanguage":"sq-AL","@id":"https:\/\/kt.gov.rs\/sq\/shqiptaret-sipas-gjitha-gjasave-do-te-kene-nje-perfaqesues-ne-garen-zgjedhore\/#primaryimage","url":"https:\/\/kt.gov.rs\/wp-content\/uploads\/2024\/07\/newspic772-5.jpg","contentUrl":"https:\/\/kt.gov.rs\/wp-content\/uploads\/2024\/07\/newspic772-5.jpg","width":315,"height":209},{"@type":"BreadcrumbList","@id":"https:\/\/kt.gov.rs\/sq\/shqiptaret-sipas-gjitha-gjasave-do-te-kene-nje-perfaqesues-ne-garen-zgjedhore\/#breadcrumb","itemListElement":[{"@type":"ListItem","position":1,"name":"\u041f\u043e\u0447\u0435\u0442\u043d\u0430","item":"https:\/\/kt.gov.rs\/sq\/"},{"@type":"ListItem","position":2,"name":"SHQIPTAR\u00cbT SIPAS GJITHA GJASAVE DO T\u00cb KEN\u00cb NJ\u00cb P\u00cbRFAQESUES N\u00cb GAR\u00cbN ZGJEDHORE"}]},{"@type":"WebSite","@id":"https:\/\/kt.gov.rs\/#website","url":"https:\/\/kt.gov.rs\/","name":"\u041a\u043e\u043e\u0440\u0434\u0438\u043d\u0430\u0446\u0438\u043e\u043d\u043e \u0442\u0435\u043b\u043e \u0412\u043b\u0430\u0434\u0435 \u0420\u0435\u043f\u0443\u0431\u043b\u0438\u043a\u0435 \u0421\u0440\u0431\u0438\u0458\u0435 \u0437\u0430 \u043e\u043f\u0448\u0442\u0438\u043d\u0435 \u041f\u0440\u0435\u0448\u0435\u0432\u043e, \u0411\u0443\u0458\u0430\u043d\u043e\u0432\u0430\u0446 \u0438 \u041c\u0435\u0434\u0432\u0435\u0452a","description":"","publisher":{"@id":"https:\/\/kt.gov.rs\/#organization"},"alternateName":"\u041a\u043e\u043e\u0440\u0434\u0438\u043d\u0430\u0446\u0438\u043e\u043d\u043e \u0442\u0435\u043b\u043e","potentialAction":[{"@type":"SearchAction","target":{"@type":"EntryPoint","urlTemplate":"https:\/\/kt.gov.rs\/?s={search_term_string}"},"query-input":{"@type":"PropertyValueSpecification","valueRequired":true,"valueName":"search_term_string"}}],"inLanguage":"sq-AL"},{"@type":"Organization","@id":"https:\/\/kt.gov.rs\/#organization","name":"\u041a\u043e\u043e\u0440\u0434\u0438\u043d\u0430\u0446\u0438\u043e\u043d\u043e \u0442\u0435\u043b\u043e \u0412\u043b\u0430\u0434\u0435 \u0420\u0435\u043f\u0443\u0431\u043b\u0438\u043a\u0435 \u0421\u0440\u0431\u0438\u0458\u0435 \u0437\u0430 \u043e\u043f\u0448\u0442\u0438\u043d\u0435 \u041f\u0440\u0435\u0448\u0435\u0432\u043e, \u0411\u0443\u0458\u0430\u043d\u043e\u0432\u0430\u0446 \u0438 \u041c\u0435\u0434\u0432\u0435\u0452a","alternateName":"\u041a\u043e\u043e\u0440\u0434\u0438\u043d\u0430\u0446\u0438\u043e\u043d\u043e \u0442\u0435\u043b\u043e","url":"https:\/\/kt.gov.rs\/","logo":{"@type":"ImageObject","inLanguage":"sq-AL","@id":"https:\/\/kt.gov.rs\/#\/schema\/logo\/image\/","url":"https:\/\/kt.gov.rs\/wp-content\/uploads\/2024\/12\/koord2.jpg","contentUrl":"https:\/\/kt.gov.rs\/wp-content\/uploads\/2024\/12\/koord2.jpg","width":640,"height":480,"caption":"\u041a\u043e\u043e\u0440\u0434\u0438\u043d\u0430\u0446\u0438\u043e\u043d\u043e \u0442\u0435\u043b\u043e \u0412\u043b\u0430\u0434\u0435 \u0420\u0435\u043f\u0443\u0431\u043b\u0438\u043a\u0435 \u0421\u0440\u0431\u0438\u0458\u0435 \u0437\u0430 \u043e\u043f\u0448\u0442\u0438\u043d\u0435 \u041f\u0440\u0435\u0448\u0435\u0432\u043e, \u0411\u0443\u0458\u0430\u043d\u043e\u0432\u0430\u0446 \u0438 \u041c\u0435\u0434\u0432\u0435\u0452a"},"image":{"@id":"https:\/\/kt.gov.rs\/#\/schema\/logo\/image\/"},"sameAs":["https:\/\/www.facebook.com\/SluzbaKoordinacionogTelaVladeRepublikeSrbije","https:\/\/x.com\/kt_gov","https:\/\/www.youtube.com\/@koordinacionotelo"]},{"@type":"Person","@id":"https:\/\/kt.gov.rs\/#\/schema\/person\/e426459ddb4173309103390602694571","name":"ktmin","image":{"@type":"ImageObject","inLanguage":"sq-AL","@id":"https:\/\/secure.gravatar.com\/avatar\/3985c961109853010c3fbc7ba30365bfba5db3dd6c525831d9c595c7525a615a?s=96&d=mm&r=g","url":"https:\/\/secure.gravatar.com\/avatar\/3985c961109853010c3fbc7ba30365bfba5db3dd6c525831d9c595c7525a615a?s=96&d=mm&r=g","contentUrl":"https:\/\/secure.gravatar.com\/avatar\/3985c961109853010c3fbc7ba30365bfba5db3dd6c525831d9c595c7525a615a?s=96&d=mm&r=g","caption":"ktmin"},"sameAs":["https:\/\/kt.gov.rs"],"url":"https:\/\/kt.gov.rs\/sq\/author\/ktmin\/"}]}},"_links":{"self":[{"href":"https:\/\/kt.gov.rs\/sq\/wp-json\/wp\/v2\/posts\/139588","targetHints":{"allow":["GET"]}}],"collection":[{"href":"https:\/\/kt.gov.rs\/sq\/wp-json\/wp\/v2\/posts"}],"about":[{"href":"https:\/\/kt.gov.rs\/sq\/wp-json\/wp\/v2\/types\/post"}],"author":[{"embeddable":true,"href":"https:\/\/kt.gov.rs\/sq\/wp-json\/wp\/v2\/users\/1"}],"replies":[{"embeddable":true,"href":"https:\/\/kt.gov.rs\/sq\/wp-json\/wp\/v2\/comments?post=139588"}],"version-history":[{"count":1,"href":"https:\/\/kt.gov.rs\/sq\/wp-json\/wp\/v2\/posts\/139588\/revisions"}],"predecessor-version":[{"id":139592,"href":"https:\/\/kt.gov.rs\/sq\/wp-json\/wp\/v2\/posts\/139588\/revisions\/139592"}],"wp:featuredmedia":[{"embeddable":true,"href":"https:\/\/kt.gov.rs\/sq\/wp-json\/wp\/v2\/media\/139593"}],"wp:attachment":[{"href":"https:\/\/kt.gov.rs\/sq\/wp-json\/wp\/v2\/media?parent=139588"}],"wp:term":[{"taxonomy":"category","embeddable":true,"href":"https:\/\/kt.gov.rs\/sq\/wp-json\/wp\/v2\/categories?post=139588"},{"taxonomy":"post_tag","embeddable":true,"href":"https:\/\/kt.gov.rs\/sq\/wp-json\/wp\/v2\/tags?post=139588"}],"curies":[{"name":"wp","href":"https:\/\/api.w.org\/{rel}","templated":true}]}}