{"id":139580,"date":"2014-02-11T00:00:00","date_gmt":"2014-02-11T00:00:00","guid":{"rendered":"http:\/\/kt.printandscreen.rs\/halimi-pvd-del-ne-zgjedhje\/"},"modified":"2024-07-30T20:13:23","modified_gmt":"2024-07-30T20:13:23","slug":"halimi-pvd-del-ne-zgjedhje","status":"publish","type":"post","link":"https:\/\/kt.gov.rs\/sq\/halimi-pvd-del-ne-zgjedhje\/","title":{"rendered":"HALIMI: PVD DEL N\u00cb ZGJEDHJE"},"content":{"rendered":"<p>\n\t<strong><img decoding=\"async\" alt=\"\" src=\"https:\/\/kt.gov.rs\/wp-content\/uploads\/2024\/07\/newspic774-4.jpg\" style=\"width: 315px; height: 209px; float: left;\" \/>Preshev\u00eb \u2013<\/strong> Kryetari i Partis\u00eb p\u00ebr Veprim Demokratik (PVD), Riza Halimi ka deklaruar se Kuvendi i k\u00ebsaj partie ka vendosur t\u00eb marr\u00eb pjes\u00eb n\u00eb zgjedhjet parlamentare t\u00eb 16 marsit.<\/p>\n<p>\n\tKy vendim u mor edhe p\u00ebrkund\u00ebr pak\u00ebnaq\u00ebsis\u00eb p\u00ebr shkak t\u00eb problemeve n\u00eb Preshev\u00eb dhe Bujanoc si dhe pas heqjen s\u00eb Gjykat\u00ebs Themelore n\u00eb Preshev\u00eb.<\/p>\n<p>\n\tHalimi ka th\u00ebn\u00eb se do t\u00eb jet\u00eb v\u00ebshtir\u00eb pa partit\u00eb tjera dhe grupet e qytetar\u00ebve t\u00eb Preshev\u00ebs dhe Bujanocit, t\u00eb cilat marrin pjes\u00eb n\u00eb qeverisjet lokale dhe t\u00eb cilat kan\u00eb vendosur q\u00eb ti bojkotojn\u00eb zgjedhjet parlamentare, mir\u00ebpo pret q\u00eb PVD deri m\u00eb 28 shkurt do t\u00eb arrij\u00eb ti mbledh\u00eb 10.000 n\u00ebnshkrime p\u00ebr dor\u00ebzimin e list\u00ebs p\u00ebr deputet.<\/p>\n<p>\t\u00a0\u201cShumica e an\u00ebtar\u00ebve t\u00eb Kuvendit PVD-s\u00eb, mbr\u00ebm\u00eb n\u00eb Preshev\u00eb kan\u00eb votuar pro vazhdimit aktiv n\u00eb t\u00eb gjitha nivelet zgjedhore, para s\u00eb gjithash n\u00eb zgjedhjet lokale dhe parlamentare, si dhe p\u00ebr K\u00ebshillin Nacional t\u00eb Shqiptar\u00ebve, edhe pse gjat\u00eb t\u00ebr\u00eb koh\u00ebs p\u00ebr diskutim jan\u00eb shtjelluar probleme t\u00eb m\u00ebdha dhe pak\u00ebnaq\u00ebsit\u00eb e shum\u00ebta, sidomos n\u00eb Preshev\u00eb, pas heqjes s\u00eb Gjykat\u00ebs Themelore\u201d- ka deklaruar Halimi.<\/p>\n<p>\tAi theksoi se ende nuk \u00ebsht\u00eb marr\u00eb vendim se cili do t\u00eb jet\u00eb n\u00eb krye t\u00eb list\u00ebs p\u00ebr deputet, por p\u00ebr k\u00ebt\u00eb do t\u00eb b\u00ebhet nj\u00eb diskutim i gj\u00ebr\u00eb paralelisht me grumbullimin e n\u00ebnshkrimeve.<\/p>\n<p>\tPVD n\u00eb dy zgjedhjet e kaluara t\u00eb vitit 2008 dhe 2012, ka marr\u00eb pjes\u00eb n\u00eb zgjedhjet parlamentare me \u201cKualicionin e shqiptar\u00ebve t\u00eb Lugin\u00ebs s\u00eb Preshev\u00ebs\u201d, ku partit\u00eb shqiptare nga jugu i Serbis\u00eb kishin arritur t\u00eb fitojn\u00eb nj\u00eb mandat deputeti, ku p\u00ebr deputet n\u00eb Parlamentin e Serbis\u00eb p\u00ebr dy mandate ishte Riza Halimi.<\/p>\n<p>\tPartit\u00eb shqiptare t\u00eb cilat n\u00eb zgjedhjet e kaluara ishin pjes\u00eb e \u201cKualicionit t\u00eb shqiptar\u00ebve t\u00eb Lugin\u00ebs s\u00eb Preshev\u00ebs\u201d, L\u00ebvizja p\u00ebr Progres Demokratik (LPD), lider i t\u00eb cil\u00ebs \u00ebsht\u00eb Jonuz Musliu, Bashkimi Demokratik i Lugin\u00ebs (BDL), lider i t\u00eb cil\u00ebs \u00ebsht\u00eb Skender Destani dhe Unioni Demokratik i Shqiptar\u00ebve (UDSH), lider i t\u00eb cil\u00ebs \u00ebsht\u00eb Rahmi Zylfiu, kan\u00eb vendosur p\u00ebr mospjes\u00ebmarrje n\u00eb zgjedhje.<\/p>\n<p>\tK\u00ebsisoj vendimi kan\u00eb marr\u00eb edhe Partia Demokratike Shqiptare (PDSH), lider i t\u00eb cil\u00ebs \u00ebsht\u00eb Ragmi Mustafa, si dhe Partia Demokratike (PD), lider i t\u00eb cil\u00ebs \u00ebsht\u00eb Nagip Arifi, t\u00eb cil\u00ebt kan\u00eb shumic\u00ebn n\u00eb pushtetet lokale n\u00eb Preshev\u00eb dhe Bujanoc, ku jan\u00eb bart\u00ebs t\u00eb kualicioneve qeveris\u00ebse, nd\u00ebrsa PVD n\u00eb t\u00eb dy komunat \u00ebsht\u00eb opozit\u00eb.<\/p>\n<p>\n\t<strong>Burimi: B92 dhe Trupi Koordinues <\/strong><\/p>\n<p>\n\t\u00a0<\/p>\n","protected":false},"excerpt":{"rendered":"<p>Preshev\u00eb \u2013 Kryetari i Partis\u00eb p\u00ebr Veprim Demokratik (PVD), Riza Halimi ka deklaruar se Kuvendi i k\u00ebsaj partie ka vendosur t\u00eb marr\u00eb pjes\u00eb n\u00eb zgjedhjet parlamentare t\u00eb 16 marsit.<\/p>\n","protected":false},"author":1,"featured_media":139585,"comment_status":"closed","ping_status":"closed","sticky":false,"template":"","format":"standard","meta":{"footnotes":""},"categories":[55],"tags":[],"class_list":["post-139580","post","type-post","status-publish","format-standard","has-post-thumbnail","hentry","category-lajme"],"yoast_head":"<!-- This site is optimized with the Yoast SEO plugin v27.5 - https:\/\/yoast.com\/product\/yoast-seo-wordpress\/ -->\n<title>HALIMI: PVD DEL N\u00cb ZGJEDHJE - Republika e S\u00ebrbis\u00eb Trupi Koordinues p\u00ebr komunat Bujanoc, Preshev\u00eb dhe Medvegj\u00eb<\/title>\n<meta name=\"robots\" content=\"index, follow, max-snippet:-1, max-image-preview:large, max-video-preview:-1\" \/>\n<link rel=\"canonical\" href=\"https:\/\/kt.gov.rs\/sq\/halimi-pvd-del-ne-zgjedhje\/\" \/>\n<meta property=\"og:locale\" content=\"sq_AL\" \/>\n<meta property=\"og:type\" content=\"article\" \/>\n<meta property=\"og:title\" content=\"HALIMI: PVD DEL N\u00cb ZGJEDHJE - Republika e S\u00ebrbis\u00eb Trupi Koordinues p\u00ebr komunat Bujanoc, Preshev\u00eb dhe Medvegj\u00eb\" \/>\n<meta property=\"og:description\" content=\"Preshev\u00eb \u2013 Kryetari i Partis\u00eb p\u00ebr Veprim Demokratik (PVD), Riza Halimi ka deklaruar se Kuvendi i k\u00ebsaj partie ka vendosur t\u00eb marr\u00eb pjes\u00eb n\u00eb zgjedhjet parlamentare t\u00eb 16 marsit.\" \/>\n<meta property=\"og:url\" content=\"https:\/\/kt.gov.rs\/sq\/halimi-pvd-del-ne-zgjedhje\/\" \/>\n<meta property=\"og:site_name\" content=\"Republika e S\u00ebrbis\u00eb Trupi Koordinues p\u00ebr komunat Bujanoc, Preshev\u00eb dhe Medvegj\u00eb\" \/>\n<meta property=\"article:publisher\" content=\"https:\/\/www.facebook.com\/SluzbaKoordinacionogTelaVladeRepublikeSrbije\" \/>\n<meta property=\"article:published_time\" content=\"2014-02-11T00:00:00+00:00\" \/>\n<meta property=\"article:modified_time\" content=\"2024-07-30T20:13:23+00:00\" \/>\n<meta property=\"og:image\" content=\"https:\/\/kt.gov.rs\/wp-content\/uploads\/2024\/07\/newspic774-5.jpg\" \/>\n\t<meta property=\"og:image:width\" content=\"315\" \/>\n\t<meta property=\"og:image:height\" content=\"209\" \/>\n\t<meta property=\"og:image:type\" content=\"image\/jpeg\" \/>\n<meta name=\"author\" content=\"ktmin\" \/>\n<meta name=\"twitter:card\" content=\"summary_large_image\" \/>\n<meta name=\"twitter:creator\" content=\"@kt_gov\" \/>\n<meta name=\"twitter:site\" content=\"@kt_gov\" \/>\n<meta name=\"twitter:label1\" content=\"Written by\" \/>\n\t<meta name=\"twitter:data1\" content=\"ktmin\" \/>\n\t<meta name=\"twitter:label2\" content=\"Est. reading time\" \/>\n\t<meta name=\"twitter:data2\" content=\"3 minutes\" \/>\n<script type=\"application\/ld+json\" class=\"yoast-schema-graph\">{\"@context\":\"https:\\\/\\\/schema.org\",\"@graph\":[{\"@type\":\"Article\",\"@id\":\"https:\\\/\\\/kt.gov.rs\\\/sq\\\/halimi-pvd-del-ne-zgjedhje\\\/#article\",\"isPartOf\":{\"@id\":\"https:\\\/\\\/kt.gov.rs\\\/sq\\\/halimi-pvd-del-ne-zgjedhje\\\/\"},\"author\":{\"name\":\"ktmin\",\"@id\":\"https:\\\/\\\/kt.gov.rs\\\/#\\\/schema\\\/person\\\/e426459ddb4173309103390602694571\"},\"headline\":\"HALIMI: PVD DEL N\u00cb ZGJEDHJE\",\"datePublished\":\"2014-02-11T00:00:00+00:00\",\"dateModified\":\"2024-07-30T20:13:23+00:00\",\"mainEntityOfPage\":{\"@id\":\"https:\\\/\\\/kt.gov.rs\\\/sq\\\/halimi-pvd-del-ne-zgjedhje\\\/\"},\"wordCount\":627,\"publisher\":{\"@id\":\"https:\\\/\\\/kt.gov.rs\\\/#organization\"},\"image\":{\"@id\":\"https:\\\/\\\/kt.gov.rs\\\/sq\\\/halimi-pvd-del-ne-zgjedhje\\\/#primaryimage\"},\"thumbnailUrl\":\"https:\\\/\\\/kt.gov.rs\\\/wp-content\\\/uploads\\\/2024\\\/07\\\/newspic774-5.jpg\",\"articleSection\":[\"Lajme\"],\"inLanguage\":\"sq-AL\"},{\"@type\":\"WebPage\",\"@id\":\"https:\\\/\\\/kt.gov.rs\\\/sq\\\/halimi-pvd-del-ne-zgjedhje\\\/\",\"url\":\"https:\\\/\\\/kt.gov.rs\\\/sq\\\/halimi-pvd-del-ne-zgjedhje\\\/\",\"name\":\"HALIMI: PVD DEL N\u00cb ZGJEDHJE - Republika e S\u00ebrbis\u00eb Trupi Koordinues p\u00ebr komunat Bujanoc, Preshev\u00eb dhe Medvegj\u00eb\",\"isPartOf\":{\"@id\":\"https:\\\/\\\/kt.gov.rs\\\/#website\"},\"primaryImageOfPage\":{\"@id\":\"https:\\\/\\\/kt.gov.rs\\\/sq\\\/halimi-pvd-del-ne-zgjedhje\\\/#primaryimage\"},\"image\":{\"@id\":\"https:\\\/\\\/kt.gov.rs\\\/sq\\\/halimi-pvd-del-ne-zgjedhje\\\/#primaryimage\"},\"thumbnailUrl\":\"https:\\\/\\\/kt.gov.rs\\\/wp-content\\\/uploads\\\/2024\\\/07\\\/newspic774-5.jpg\",\"datePublished\":\"2014-02-11T00:00:00+00:00\",\"dateModified\":\"2024-07-30T20:13:23+00:00\",\"breadcrumb\":{\"@id\":\"https:\\\/\\\/kt.gov.rs\\\/sq\\\/halimi-pvd-del-ne-zgjedhje\\\/#breadcrumb\"},\"inLanguage\":\"sq-AL\",\"potentialAction\":[{\"@type\":\"ReadAction\",\"target\":[\"https:\\\/\\\/kt.gov.rs\\\/sq\\\/halimi-pvd-del-ne-zgjedhje\\\/\"]}]},{\"@type\":\"ImageObject\",\"inLanguage\":\"sq-AL\",\"@id\":\"https:\\\/\\\/kt.gov.rs\\\/sq\\\/halimi-pvd-del-ne-zgjedhje\\\/#primaryimage\",\"url\":\"https:\\\/\\\/kt.gov.rs\\\/wp-content\\\/uploads\\\/2024\\\/07\\\/newspic774-5.jpg\",\"contentUrl\":\"https:\\\/\\\/kt.gov.rs\\\/wp-content\\\/uploads\\\/2024\\\/07\\\/newspic774-5.jpg\",\"width\":315,\"height\":209},{\"@type\":\"BreadcrumbList\",\"@id\":\"https:\\\/\\\/kt.gov.rs\\\/sq\\\/halimi-pvd-del-ne-zgjedhje\\\/#breadcrumb\",\"itemListElement\":[{\"@type\":\"ListItem\",\"position\":1,\"name\":\"\u041f\u043e\u0447\u0435\u0442\u043d\u0430\",\"item\":\"https:\\\/\\\/kt.gov.rs\\\/sq\\\/\"},{\"@type\":\"ListItem\",\"position\":2,\"name\":\"HALIMI: PVD DEL N\u00cb ZGJEDHJE\"}]},{\"@type\":\"WebSite\",\"@id\":\"https:\\\/\\\/kt.gov.rs\\\/#website\",\"url\":\"https:\\\/\\\/kt.gov.rs\\\/\",\"name\":\"\u041a\u043e\u043e\u0440\u0434\u0438\u043d\u0430\u0446\u0438\u043e\u043d\u043e \u0442\u0435\u043b\u043e \u0412\u043b\u0430\u0434\u0435 \u0420\u0435\u043f\u0443\u0431\u043b\u0438\u043a\u0435 \u0421\u0440\u0431\u0438\u0458\u0435 \u0437\u0430 \u043e\u043f\u0448\u0442\u0438\u043d\u0435 \u041f\u0440\u0435\u0448\u0435\u0432\u043e, \u0411\u0443\u0458\u0430\u043d\u043e\u0432\u0430\u0446 \u0438 \u041c\u0435\u0434\u0432\u0435\u0452a\",\"description\":\"\",\"publisher\":{\"@id\":\"https:\\\/\\\/kt.gov.rs\\\/#organization\"},\"alternateName\":\"\u041a\u043e\u043e\u0440\u0434\u0438\u043d\u0430\u0446\u0438\u043e\u043d\u043e \u0442\u0435\u043b\u043e\",\"potentialAction\":[{\"@type\":\"SearchAction\",\"target\":{\"@type\":\"EntryPoint\",\"urlTemplate\":\"https:\\\/\\\/kt.gov.rs\\\/?s={search_term_string}\"},\"query-input\":{\"@type\":\"PropertyValueSpecification\",\"valueRequired\":true,\"valueName\":\"search_term_string\"}}],\"inLanguage\":\"sq-AL\"},{\"@type\":\"Organization\",\"@id\":\"https:\\\/\\\/kt.gov.rs\\\/#organization\",\"name\":\"\u041a\u043e\u043e\u0440\u0434\u0438\u043d\u0430\u0446\u0438\u043e\u043d\u043e \u0442\u0435\u043b\u043e \u0412\u043b\u0430\u0434\u0435 \u0420\u0435\u043f\u0443\u0431\u043b\u0438\u043a\u0435 \u0421\u0440\u0431\u0438\u0458\u0435 \u0437\u0430 \u043e\u043f\u0448\u0442\u0438\u043d\u0435 \u041f\u0440\u0435\u0448\u0435\u0432\u043e, \u0411\u0443\u0458\u0430\u043d\u043e\u0432\u0430\u0446 \u0438 \u041c\u0435\u0434\u0432\u0435\u0452a\",\"alternateName\":\"\u041a\u043e\u043e\u0440\u0434\u0438\u043d\u0430\u0446\u0438\u043e\u043d\u043e \u0442\u0435\u043b\u043e\",\"url\":\"https:\\\/\\\/kt.gov.rs\\\/\",\"logo\":{\"@type\":\"ImageObject\",\"inLanguage\":\"sq-AL\",\"@id\":\"https:\\\/\\\/kt.gov.rs\\\/#\\\/schema\\\/logo\\\/image\\\/\",\"url\":\"https:\\\/\\\/kt.gov.rs\\\/wp-content\\\/uploads\\\/2024\\\/12\\\/koord2.jpg\",\"contentUrl\":\"https:\\\/\\\/kt.gov.rs\\\/wp-content\\\/uploads\\\/2024\\\/12\\\/koord2.jpg\",\"width\":640,\"height\":480,\"caption\":\"\u041a\u043e\u043e\u0440\u0434\u0438\u043d\u0430\u0446\u0438\u043e\u043d\u043e \u0442\u0435\u043b\u043e \u0412\u043b\u0430\u0434\u0435 \u0420\u0435\u043f\u0443\u0431\u043b\u0438\u043a\u0435 \u0421\u0440\u0431\u0438\u0458\u0435 \u0437\u0430 \u043e\u043f\u0448\u0442\u0438\u043d\u0435 \u041f\u0440\u0435\u0448\u0435\u0432\u043e, \u0411\u0443\u0458\u0430\u043d\u043e\u0432\u0430\u0446 \u0438 \u041c\u0435\u0434\u0432\u0435\u0452a\"},\"image\":{\"@id\":\"https:\\\/\\\/kt.gov.rs\\\/#\\\/schema\\\/logo\\\/image\\\/\"},\"sameAs\":[\"https:\\\/\\\/www.facebook.com\\\/SluzbaKoordinacionogTelaVladeRepublikeSrbije\",\"https:\\\/\\\/x.com\\\/kt_gov\",\"https:\\\/\\\/www.youtube.com\\\/@koordinacionotelo\"]},{\"@type\":\"Person\",\"@id\":\"https:\\\/\\\/kt.gov.rs\\\/#\\\/schema\\\/person\\\/e426459ddb4173309103390602694571\",\"name\":\"ktmin\",\"image\":{\"@type\":\"ImageObject\",\"inLanguage\":\"sq-AL\",\"@id\":\"https:\\\/\\\/secure.gravatar.com\\\/avatar\\\/3985c961109853010c3fbc7ba30365bfba5db3dd6c525831d9c595c7525a615a?s=96&d=mm&r=g\",\"url\":\"https:\\\/\\\/secure.gravatar.com\\\/avatar\\\/3985c961109853010c3fbc7ba30365bfba5db3dd6c525831d9c595c7525a615a?s=96&d=mm&r=g\",\"contentUrl\":\"https:\\\/\\\/secure.gravatar.com\\\/avatar\\\/3985c961109853010c3fbc7ba30365bfba5db3dd6c525831d9c595c7525a615a?s=96&d=mm&r=g\",\"caption\":\"ktmin\"},\"sameAs\":[\"https:\\\/\\\/kt.gov.rs\"],\"url\":\"https:\\\/\\\/kt.gov.rs\\\/sq\\\/author\\\/ktmin\\\/\"}]}<\/script>\n<!-- \/ Yoast SEO plugin. -->","yoast_head_json":{"title":"HALIMI: PVD DEL N\u00cb ZGJEDHJE - Republika e S\u00ebrbis\u00eb Trupi Koordinues p\u00ebr komunat Bujanoc, Preshev\u00eb dhe Medvegj\u00eb","robots":{"index":"index","follow":"follow","max-snippet":"max-snippet:-1","max-image-preview":"max-image-preview:large","max-video-preview":"max-video-preview:-1"},"canonical":"https:\/\/kt.gov.rs\/sq\/halimi-pvd-del-ne-zgjedhje\/","og_locale":"sq_AL","og_type":"article","og_title":"HALIMI: PVD DEL N\u00cb ZGJEDHJE - Republika e S\u00ebrbis\u00eb Trupi Koordinues p\u00ebr komunat Bujanoc, Preshev\u00eb dhe Medvegj\u00eb","og_description":"Preshev\u00eb \u2013 Kryetari i Partis\u00eb p\u00ebr Veprim Demokratik (PVD), Riza Halimi ka deklaruar se Kuvendi i k\u00ebsaj partie ka vendosur t\u00eb marr\u00eb pjes\u00eb n\u00eb zgjedhjet parlamentare t\u00eb 16 marsit.","og_url":"https:\/\/kt.gov.rs\/sq\/halimi-pvd-del-ne-zgjedhje\/","og_site_name":"Republika e S\u00ebrbis\u00eb Trupi Koordinues p\u00ebr komunat Bujanoc, Preshev\u00eb dhe Medvegj\u00eb","article_publisher":"https:\/\/www.facebook.com\/SluzbaKoordinacionogTelaVladeRepublikeSrbije","article_published_time":"2014-02-11T00:00:00+00:00","article_modified_time":"2024-07-30T20:13:23+00:00","og_image":[{"width":315,"height":209,"url":"https:\/\/kt.gov.rs\/wp-content\/uploads\/2024\/07\/newspic774-5.jpg","type":"image\/jpeg"}],"author":"ktmin","twitter_card":"summary_large_image","twitter_creator":"@kt_gov","twitter_site":"@kt_gov","twitter_misc":{"Written by":"ktmin","Est. reading time":"3 minutes"},"schema":{"@context":"https:\/\/schema.org","@graph":[{"@type":"Article","@id":"https:\/\/kt.gov.rs\/sq\/halimi-pvd-del-ne-zgjedhje\/#article","isPartOf":{"@id":"https:\/\/kt.gov.rs\/sq\/halimi-pvd-del-ne-zgjedhje\/"},"author":{"name":"ktmin","@id":"https:\/\/kt.gov.rs\/#\/schema\/person\/e426459ddb4173309103390602694571"},"headline":"HALIMI: PVD DEL N\u00cb ZGJEDHJE","datePublished":"2014-02-11T00:00:00+00:00","dateModified":"2024-07-30T20:13:23+00:00","mainEntityOfPage":{"@id":"https:\/\/kt.gov.rs\/sq\/halimi-pvd-del-ne-zgjedhje\/"},"wordCount":627,"publisher":{"@id":"https:\/\/kt.gov.rs\/#organization"},"image":{"@id":"https:\/\/kt.gov.rs\/sq\/halimi-pvd-del-ne-zgjedhje\/#primaryimage"},"thumbnailUrl":"https:\/\/kt.gov.rs\/wp-content\/uploads\/2024\/07\/newspic774-5.jpg","articleSection":["Lajme"],"inLanguage":"sq-AL"},{"@type":"WebPage","@id":"https:\/\/kt.gov.rs\/sq\/halimi-pvd-del-ne-zgjedhje\/","url":"https:\/\/kt.gov.rs\/sq\/halimi-pvd-del-ne-zgjedhje\/","name":"HALIMI: PVD DEL N\u00cb ZGJEDHJE - Republika e S\u00ebrbis\u00eb Trupi Koordinues p\u00ebr komunat Bujanoc, Preshev\u00eb dhe Medvegj\u00eb","isPartOf":{"@id":"https:\/\/kt.gov.rs\/#website"},"primaryImageOfPage":{"@id":"https:\/\/kt.gov.rs\/sq\/halimi-pvd-del-ne-zgjedhje\/#primaryimage"},"image":{"@id":"https:\/\/kt.gov.rs\/sq\/halimi-pvd-del-ne-zgjedhje\/#primaryimage"},"thumbnailUrl":"https:\/\/kt.gov.rs\/wp-content\/uploads\/2024\/07\/newspic774-5.jpg","datePublished":"2014-02-11T00:00:00+00:00","dateModified":"2024-07-30T20:13:23+00:00","breadcrumb":{"@id":"https:\/\/kt.gov.rs\/sq\/halimi-pvd-del-ne-zgjedhje\/#breadcrumb"},"inLanguage":"sq-AL","potentialAction":[{"@type":"ReadAction","target":["https:\/\/kt.gov.rs\/sq\/halimi-pvd-del-ne-zgjedhje\/"]}]},{"@type":"ImageObject","inLanguage":"sq-AL","@id":"https:\/\/kt.gov.rs\/sq\/halimi-pvd-del-ne-zgjedhje\/#primaryimage","url":"https:\/\/kt.gov.rs\/wp-content\/uploads\/2024\/07\/newspic774-5.jpg","contentUrl":"https:\/\/kt.gov.rs\/wp-content\/uploads\/2024\/07\/newspic774-5.jpg","width":315,"height":209},{"@type":"BreadcrumbList","@id":"https:\/\/kt.gov.rs\/sq\/halimi-pvd-del-ne-zgjedhje\/#breadcrumb","itemListElement":[{"@type":"ListItem","position":1,"name":"\u041f\u043e\u0447\u0435\u0442\u043d\u0430","item":"https:\/\/kt.gov.rs\/sq\/"},{"@type":"ListItem","position":2,"name":"HALIMI: PVD DEL N\u00cb ZGJEDHJE"}]},{"@type":"WebSite","@id":"https:\/\/kt.gov.rs\/#website","url":"https:\/\/kt.gov.rs\/","name":"\u041a\u043e\u043e\u0440\u0434\u0438\u043d\u0430\u0446\u0438\u043e\u043d\u043e \u0442\u0435\u043b\u043e \u0412\u043b\u0430\u0434\u0435 \u0420\u0435\u043f\u0443\u0431\u043b\u0438\u043a\u0435 \u0421\u0440\u0431\u0438\u0458\u0435 \u0437\u0430 \u043e\u043f\u0448\u0442\u0438\u043d\u0435 \u041f\u0440\u0435\u0448\u0435\u0432\u043e, \u0411\u0443\u0458\u0430\u043d\u043e\u0432\u0430\u0446 \u0438 \u041c\u0435\u0434\u0432\u0435\u0452a","description":"","publisher":{"@id":"https:\/\/kt.gov.rs\/#organization"},"alternateName":"\u041a\u043e\u043e\u0440\u0434\u0438\u043d\u0430\u0446\u0438\u043e\u043d\u043e \u0442\u0435\u043b\u043e","potentialAction":[{"@type":"SearchAction","target":{"@type":"EntryPoint","urlTemplate":"https:\/\/kt.gov.rs\/?s={search_term_string}"},"query-input":{"@type":"PropertyValueSpecification","valueRequired":true,"valueName":"search_term_string"}}],"inLanguage":"sq-AL"},{"@type":"Organization","@id":"https:\/\/kt.gov.rs\/#organization","name":"\u041a\u043e\u043e\u0440\u0434\u0438\u043d\u0430\u0446\u0438\u043e\u043d\u043e \u0442\u0435\u043b\u043e \u0412\u043b\u0430\u0434\u0435 \u0420\u0435\u043f\u0443\u0431\u043b\u0438\u043a\u0435 \u0421\u0440\u0431\u0438\u0458\u0435 \u0437\u0430 \u043e\u043f\u0448\u0442\u0438\u043d\u0435 \u041f\u0440\u0435\u0448\u0435\u0432\u043e, \u0411\u0443\u0458\u0430\u043d\u043e\u0432\u0430\u0446 \u0438 \u041c\u0435\u0434\u0432\u0435\u0452a","alternateName":"\u041a\u043e\u043e\u0440\u0434\u0438\u043d\u0430\u0446\u0438\u043e\u043d\u043e \u0442\u0435\u043b\u043e","url":"https:\/\/kt.gov.rs\/","logo":{"@type":"ImageObject","inLanguage":"sq-AL","@id":"https:\/\/kt.gov.rs\/#\/schema\/logo\/image\/","url":"https:\/\/kt.gov.rs\/wp-content\/uploads\/2024\/12\/koord2.jpg","contentUrl":"https:\/\/kt.gov.rs\/wp-content\/uploads\/2024\/12\/koord2.jpg","width":640,"height":480,"caption":"\u041a\u043e\u043e\u0440\u0434\u0438\u043d\u0430\u0446\u0438\u043e\u043d\u043e \u0442\u0435\u043b\u043e \u0412\u043b\u0430\u0434\u0435 \u0420\u0435\u043f\u0443\u0431\u043b\u0438\u043a\u0435 \u0421\u0440\u0431\u0438\u0458\u0435 \u0437\u0430 \u043e\u043f\u0448\u0442\u0438\u043d\u0435 \u041f\u0440\u0435\u0448\u0435\u0432\u043e, \u0411\u0443\u0458\u0430\u043d\u043e\u0432\u0430\u0446 \u0438 \u041c\u0435\u0434\u0432\u0435\u0452a"},"image":{"@id":"https:\/\/kt.gov.rs\/#\/schema\/logo\/image\/"},"sameAs":["https:\/\/www.facebook.com\/SluzbaKoordinacionogTelaVladeRepublikeSrbije","https:\/\/x.com\/kt_gov","https:\/\/www.youtube.com\/@koordinacionotelo"]},{"@type":"Person","@id":"https:\/\/kt.gov.rs\/#\/schema\/person\/e426459ddb4173309103390602694571","name":"ktmin","image":{"@type":"ImageObject","inLanguage":"sq-AL","@id":"https:\/\/secure.gravatar.com\/avatar\/3985c961109853010c3fbc7ba30365bfba5db3dd6c525831d9c595c7525a615a?s=96&d=mm&r=g","url":"https:\/\/secure.gravatar.com\/avatar\/3985c961109853010c3fbc7ba30365bfba5db3dd6c525831d9c595c7525a615a?s=96&d=mm&r=g","contentUrl":"https:\/\/secure.gravatar.com\/avatar\/3985c961109853010c3fbc7ba30365bfba5db3dd6c525831d9c595c7525a615a?s=96&d=mm&r=g","caption":"ktmin"},"sameAs":["https:\/\/kt.gov.rs"],"url":"https:\/\/kt.gov.rs\/sq\/author\/ktmin\/"}]}},"_links":{"self":[{"href":"https:\/\/kt.gov.rs\/sq\/wp-json\/wp\/v2\/posts\/139580","targetHints":{"allow":["GET"]}}],"collection":[{"href":"https:\/\/kt.gov.rs\/sq\/wp-json\/wp\/v2\/posts"}],"about":[{"href":"https:\/\/kt.gov.rs\/sq\/wp-json\/wp\/v2\/types\/post"}],"author":[{"embeddable":true,"href":"https:\/\/kt.gov.rs\/sq\/wp-json\/wp\/v2\/users\/1"}],"replies":[{"embeddable":true,"href":"https:\/\/kt.gov.rs\/sq\/wp-json\/wp\/v2\/comments?post=139580"}],"version-history":[{"count":1,"href":"https:\/\/kt.gov.rs\/sq\/wp-json\/wp\/v2\/posts\/139580\/revisions"}],"predecessor-version":[{"id":139584,"href":"https:\/\/kt.gov.rs\/sq\/wp-json\/wp\/v2\/posts\/139580\/revisions\/139584"}],"wp:featuredmedia":[{"embeddable":true,"href":"https:\/\/kt.gov.rs\/sq\/wp-json\/wp\/v2\/media\/139585"}],"wp:attachment":[{"href":"https:\/\/kt.gov.rs\/sq\/wp-json\/wp\/v2\/media?parent=139580"}],"wp:term":[{"taxonomy":"category","embeddable":true,"href":"https:\/\/kt.gov.rs\/sq\/wp-json\/wp\/v2\/categories?post=139580"},{"taxonomy":"post_tag","embeddable":true,"href":"https:\/\/kt.gov.rs\/sq\/wp-json\/wp\/v2\/tags?post=139580"}],"curies":[{"name":"wp","href":"https:\/\/api.w.org\/{rel}","templated":true}]}}