{"id":139529,"date":"2014-02-13T00:00:00","date_gmt":"2014-02-13T00:00:00","guid":{"rendered":"http:\/\/kt.printandscreen.rs\/konkurs-per-mbeshtetje-te-mediave-lokale-fondi-sllavko-quruvia\/"},"modified":"2024-07-30T20:13:17","modified_gmt":"2024-07-30T20:13:17","slug":"konkurs-per-mbeshtetje-te-mediave-lokale-fondi-sllavko-quruvia","status":"publish","type":"post","link":"https:\/\/kt.gov.rs\/sq\/konkurs-per-mbeshtetje-te-mediave-lokale-fondi-sllavko-quruvia\/","title":{"rendered":"KONKURS P\u00cbR MB\u00cbSHTETJE T\u00cb MEDIAVE LOKALE \u201eFONDI SLLAVKO QURUVIA\u201c"},"content":{"rendered":"<p>\n\t<strong><img decoding=\"async\" alt=\"\" src=\"https:\/\/kt.gov.rs\/wp-content\/uploads\/2024\/07\/newspic779-4.jpg\" style=\"width: 315px; height: 209px; float: left;\" \/>Beograd<\/strong><strong> \u2013<\/strong> \u201c Fondacioni Sllavko Quruvija\u201d (FSQ) ka hapur konkurs p\u00ebr mb\u00ebshtetjen e televizioneve dhe radiove lokale \u201cP\u00ebr \u00e7ka S\u00ebrbia hesht?\u201d.<\/p>\n<p>\n\t\u00a0\u201c Fondacionin Sllavko Quruvija\u201d (FSQ) e kan\u00eb formuar Jelena dhe Rade Quruvija, vajza dhe djali i Sllavka Quruvij\u00ebs. Me ndihm\u00ebn e miq\u00ebve nga sektori joqeveritar i Serbis\u00eb dhe me ndihm\u00eb e \u201cFondit V\u00ebllez\u00ebrit Rokfeller\u201d nga Njujorku, n\u00eb n\u00ebntor t\u00eb vitit t\u00eb kaluar fondacioni ka filluar t\u00eb punoj\u00eb. Q\u00ebllimet e k\u00ebtij fondacioni jan\u00eb p\u00ebrmir\u00ebsimi i kualitetit t\u00eb gazetaris\u00eb n\u00eb Serbi, mb\u00ebshtetja mediave lokale, mb\u00ebshtetja e gazetaris\u00eb hulumtuese, si dhe puna me t\u00eb rinj\u00ebt t\u00eb cil\u00ebt hyjn\u00eb n\u00eb bot\u00ebn e gazetaris\u00eb.<\/p>\n<p>\n\tKonkursi ka p\u00ebr q\u00ebllim ti aft\u00ebsoj\u00eb mediat lokale q\u00eb t\u00eb flasin rreth \u00e7\u00ebshtjeve t\u00eb r\u00ebnd\u00ebsishme p\u00ebr qytetar\u00ebt dhe komunitetet lokale, ashtu q\u00eb t\u00eb sh\u00ebrbejn\u00eb si kontroll i qeverisjes lokale.<\/p>\n<p>\n\tK\u00ebrkohet q\u00eb temat t\u00eb cilat do t\u00eb shtjellohen, deri m\u00eb tani t\u00eb mos kishin pas mbulim t\u00eb madh mediatik. Poashtu, temat e propozuara duhen t\u00eb merren me problemet e komuniteteve lokale p\u00ebrmes p\u00ebrgaditjeve ashtu q\u00eb qytetar\u00ebt mund t\u00eb ndihmojn\u00eb n\u00eb zgjidhjen e problemeve si kontroll demokratike mbi qeverisjet lokale. Duhen t\u00eb shqyrtohet puna e autoriteteve lokale dhe n\u00eb k\u00ebt\u00eb m\u00ebnyr\u00eb t\u00eb kontribuoj\u00eb n\u00eb forcimin e rolit t\u00eb mediave lokale, si kontroll i qeverisjeve t\u00eb niveleve lokale dhe regjionale.<\/p>\n<p>\n\tM\u00eb shum\u00eb informacione rreth konkursit p\u00ebr mb\u00ebshtetjen e telivizioneve dhe radiove lokale t\u00eb Fondacionit Sllavko Quruvije mund t\u00eb shihni n\u00eb ueb adr\u00ebs\u00ebn:<\/p>\n<p>\n\t<u><a href=\"http:\/\/www.slavkocuruvijafondacija.rs\/konkursi\">http:\/\/www.slavkocuruvijafondacija.rs\/konkursi<\/a><\/u><\/p>\n<p>\n\tKonkursi \u00ebsht\u00eb i hapur deri m\u00eb 7 mars 2014, dhe vendimi se cilat media e kan\u00eb fituar mb\u00ebshtetjen do t\u00eb ipet me rastin e fillit t\u00eb pun\u00ebs t\u00eb fondacionit, 27 mars t\u00eb vitit 2014.<\/p>\n<p>\n\t<strong>Burimi: Jugmedia dhe Trupi Koordinues <\/strong><\/p>\n<p>\n\t\u00a0<\/p>\n","protected":false},"excerpt":{"rendered":"<p>Beograd \u2013 \u201c Fondacioni Sllavko Quruvija\u201d (FSQ) ka hapur konkurs p\u00ebr mb\u00ebshtetjen e televizioneve dhe radiove lokale \u201cP\u00ebr \u00e7ka S\u00ebrbia hesht?\u201d.<\/p>\n","protected":false},"author":1,"featured_media":139534,"comment_status":"closed","ping_status":"closed","sticky":false,"template":"","format":"standard","meta":{"footnotes":""},"categories":[55],"tags":[],"class_list":["post-139529","post","type-post","status-publish","format-standard","has-post-thumbnail","hentry","category-lajme"],"yoast_head":"<!-- This site is optimized with the Yoast SEO plugin v27.5 - https:\/\/yoast.com\/product\/yoast-seo-wordpress\/ -->\n<title>KONKURS P\u00cbR MB\u00cbSHTETJE T\u00cb MEDIAVE LOKALE \u201eFONDI SLLAVKO QURUVIA\u201c - Republika e S\u00ebrbis\u00eb Trupi Koordinues p\u00ebr komunat Bujanoc, Preshev\u00eb dhe Medvegj\u00eb<\/title>\n<meta name=\"robots\" content=\"index, follow, max-snippet:-1, max-image-preview:large, max-video-preview:-1\" \/>\n<link rel=\"canonical\" href=\"https:\/\/kt.gov.rs\/sq\/konkurs-per-mbeshtetje-te-mediave-lokale-fondi-sllavko-quruvia\/\" \/>\n<meta property=\"og:locale\" content=\"sq_AL\" \/>\n<meta property=\"og:type\" content=\"article\" \/>\n<meta property=\"og:title\" content=\"KONKURS P\u00cbR MB\u00cbSHTETJE T\u00cb MEDIAVE LOKALE \u201eFONDI SLLAVKO QURUVIA\u201c - Republika e S\u00ebrbis\u00eb Trupi Koordinues p\u00ebr komunat Bujanoc, Preshev\u00eb dhe Medvegj\u00eb\" \/>\n<meta property=\"og:description\" content=\"Beograd \u2013 \u201c Fondacioni Sllavko Quruvija\u201d (FSQ) ka hapur konkurs p\u00ebr mb\u00ebshtetjen e televizioneve dhe radiove lokale \u201cP\u00ebr \u00e7ka S\u00ebrbia hesht?\u201d.\" \/>\n<meta property=\"og:url\" content=\"https:\/\/kt.gov.rs\/sq\/konkurs-per-mbeshtetje-te-mediave-lokale-fondi-sllavko-quruvia\/\" \/>\n<meta property=\"og:site_name\" content=\"Republika e S\u00ebrbis\u00eb Trupi Koordinues p\u00ebr komunat Bujanoc, Preshev\u00eb dhe Medvegj\u00eb\" \/>\n<meta property=\"article:publisher\" content=\"https:\/\/www.facebook.com\/SluzbaKoordinacionogTelaVladeRepublikeSrbije\" \/>\n<meta property=\"article:published_time\" content=\"2014-02-13T00:00:00+00:00\" \/>\n<meta property=\"article:modified_time\" content=\"2024-07-30T20:13:17+00:00\" \/>\n<meta property=\"og:image\" content=\"https:\/\/kt.gov.rs\/wp-content\/uploads\/2024\/07\/newspic779-5.jpg\" \/>\n\t<meta property=\"og:image:width\" content=\"315\" \/>\n\t<meta property=\"og:image:height\" content=\"209\" \/>\n\t<meta property=\"og:image:type\" content=\"image\/jpeg\" \/>\n<meta name=\"author\" content=\"ktmin\" \/>\n<meta name=\"twitter:card\" content=\"summary_large_image\" \/>\n<meta name=\"twitter:creator\" content=\"@kt_gov\" \/>\n<meta name=\"twitter:site\" content=\"@kt_gov\" \/>\n<meta name=\"twitter:label1\" content=\"Written by\" \/>\n\t<meta name=\"twitter:data1\" content=\"ktmin\" \/>\n\t<meta name=\"twitter:label2\" content=\"Est. reading time\" \/>\n\t<meta name=\"twitter:data2\" content=\"2 minutes\" \/>\n<script type=\"application\/ld+json\" class=\"yoast-schema-graph\">{\"@context\":\"https:\\\/\\\/schema.org\",\"@graph\":[{\"@type\":\"Article\",\"@id\":\"https:\\\/\\\/kt.gov.rs\\\/sq\\\/konkurs-per-mbeshtetje-te-mediave-lokale-fondi-sllavko-quruvia\\\/#article\",\"isPartOf\":{\"@id\":\"https:\\\/\\\/kt.gov.rs\\\/sq\\\/konkurs-per-mbeshtetje-te-mediave-lokale-fondi-sllavko-quruvia\\\/\"},\"author\":{\"name\":\"ktmin\",\"@id\":\"https:\\\/\\\/kt.gov.rs\\\/#\\\/schema\\\/person\\\/e426459ddb4173309103390602694571\"},\"headline\":\"KONKURS P\u00cbR MB\u00cbSHTETJE T\u00cb MEDIAVE LOKALE \u201eFONDI SLLAVKO QURUVIA\u201c\",\"datePublished\":\"2014-02-13T00:00:00+00:00\",\"dateModified\":\"2024-07-30T20:13:17+00:00\",\"mainEntityOfPage\":{\"@id\":\"https:\\\/\\\/kt.gov.rs\\\/sq\\\/konkurs-per-mbeshtetje-te-mediave-lokale-fondi-sllavko-quruvia\\\/\"},\"wordCount\":427,\"publisher\":{\"@id\":\"https:\\\/\\\/kt.gov.rs\\\/#organization\"},\"image\":{\"@id\":\"https:\\\/\\\/kt.gov.rs\\\/sq\\\/konkurs-per-mbeshtetje-te-mediave-lokale-fondi-sllavko-quruvia\\\/#primaryimage\"},\"thumbnailUrl\":\"https:\\\/\\\/kt.gov.rs\\\/wp-content\\\/uploads\\\/2024\\\/07\\\/newspic779-5.jpg\",\"articleSection\":[\"Lajme\"],\"inLanguage\":\"sq-AL\"},{\"@type\":\"WebPage\",\"@id\":\"https:\\\/\\\/kt.gov.rs\\\/sq\\\/konkurs-per-mbeshtetje-te-mediave-lokale-fondi-sllavko-quruvia\\\/\",\"url\":\"https:\\\/\\\/kt.gov.rs\\\/sq\\\/konkurs-per-mbeshtetje-te-mediave-lokale-fondi-sllavko-quruvia\\\/\",\"name\":\"KONKURS P\u00cbR MB\u00cbSHTETJE T\u00cb MEDIAVE LOKALE \u201eFONDI SLLAVKO QURUVIA\u201c - Republika e S\u00ebrbis\u00eb Trupi Koordinues p\u00ebr komunat Bujanoc, Preshev\u00eb dhe Medvegj\u00eb\",\"isPartOf\":{\"@id\":\"https:\\\/\\\/kt.gov.rs\\\/#website\"},\"primaryImageOfPage\":{\"@id\":\"https:\\\/\\\/kt.gov.rs\\\/sq\\\/konkurs-per-mbeshtetje-te-mediave-lokale-fondi-sllavko-quruvia\\\/#primaryimage\"},\"image\":{\"@id\":\"https:\\\/\\\/kt.gov.rs\\\/sq\\\/konkurs-per-mbeshtetje-te-mediave-lokale-fondi-sllavko-quruvia\\\/#primaryimage\"},\"thumbnailUrl\":\"https:\\\/\\\/kt.gov.rs\\\/wp-content\\\/uploads\\\/2024\\\/07\\\/newspic779-5.jpg\",\"datePublished\":\"2014-02-13T00:00:00+00:00\",\"dateModified\":\"2024-07-30T20:13:17+00:00\",\"breadcrumb\":{\"@id\":\"https:\\\/\\\/kt.gov.rs\\\/sq\\\/konkurs-per-mbeshtetje-te-mediave-lokale-fondi-sllavko-quruvia\\\/#breadcrumb\"},\"inLanguage\":\"sq-AL\",\"potentialAction\":[{\"@type\":\"ReadAction\",\"target\":[\"https:\\\/\\\/kt.gov.rs\\\/sq\\\/konkurs-per-mbeshtetje-te-mediave-lokale-fondi-sllavko-quruvia\\\/\"]}]},{\"@type\":\"ImageObject\",\"inLanguage\":\"sq-AL\",\"@id\":\"https:\\\/\\\/kt.gov.rs\\\/sq\\\/konkurs-per-mbeshtetje-te-mediave-lokale-fondi-sllavko-quruvia\\\/#primaryimage\",\"url\":\"https:\\\/\\\/kt.gov.rs\\\/wp-content\\\/uploads\\\/2024\\\/07\\\/newspic779-5.jpg\",\"contentUrl\":\"https:\\\/\\\/kt.gov.rs\\\/wp-content\\\/uploads\\\/2024\\\/07\\\/newspic779-5.jpg\",\"width\":315,\"height\":209},{\"@type\":\"BreadcrumbList\",\"@id\":\"https:\\\/\\\/kt.gov.rs\\\/sq\\\/konkurs-per-mbeshtetje-te-mediave-lokale-fondi-sllavko-quruvia\\\/#breadcrumb\",\"itemListElement\":[{\"@type\":\"ListItem\",\"position\":1,\"name\":\"\u041f\u043e\u0447\u0435\u0442\u043d\u0430\",\"item\":\"https:\\\/\\\/kt.gov.rs\\\/sq\\\/\"},{\"@type\":\"ListItem\",\"position\":2,\"name\":\"KONKURS P\u00cbR MB\u00cbSHTETJE T\u00cb MEDIAVE LOKALE \u201eFONDI SLLAVKO QURUVIA\u201c\"}]},{\"@type\":\"WebSite\",\"@id\":\"https:\\\/\\\/kt.gov.rs\\\/#website\",\"url\":\"https:\\\/\\\/kt.gov.rs\\\/\",\"name\":\"\u041a\u043e\u043e\u0440\u0434\u0438\u043d\u0430\u0446\u0438\u043e\u043d\u043e \u0442\u0435\u043b\u043e \u0412\u043b\u0430\u0434\u0435 \u0420\u0435\u043f\u0443\u0431\u043b\u0438\u043a\u0435 \u0421\u0440\u0431\u0438\u0458\u0435 \u0437\u0430 \u043e\u043f\u0448\u0442\u0438\u043d\u0435 \u041f\u0440\u0435\u0448\u0435\u0432\u043e, \u0411\u0443\u0458\u0430\u043d\u043e\u0432\u0430\u0446 \u0438 \u041c\u0435\u0434\u0432\u0435\u0452a\",\"description\":\"\",\"publisher\":{\"@id\":\"https:\\\/\\\/kt.gov.rs\\\/#organization\"},\"alternateName\":\"\u041a\u043e\u043e\u0440\u0434\u0438\u043d\u0430\u0446\u0438\u043e\u043d\u043e \u0442\u0435\u043b\u043e\",\"potentialAction\":[{\"@type\":\"SearchAction\",\"target\":{\"@type\":\"EntryPoint\",\"urlTemplate\":\"https:\\\/\\\/kt.gov.rs\\\/?s={search_term_string}\"},\"query-input\":{\"@type\":\"PropertyValueSpecification\",\"valueRequired\":true,\"valueName\":\"search_term_string\"}}],\"inLanguage\":\"sq-AL\"},{\"@type\":\"Organization\",\"@id\":\"https:\\\/\\\/kt.gov.rs\\\/#organization\",\"name\":\"\u041a\u043e\u043e\u0440\u0434\u0438\u043d\u0430\u0446\u0438\u043e\u043d\u043e \u0442\u0435\u043b\u043e \u0412\u043b\u0430\u0434\u0435 \u0420\u0435\u043f\u0443\u0431\u043b\u0438\u043a\u0435 \u0421\u0440\u0431\u0438\u0458\u0435 \u0437\u0430 \u043e\u043f\u0448\u0442\u0438\u043d\u0435 \u041f\u0440\u0435\u0448\u0435\u0432\u043e, \u0411\u0443\u0458\u0430\u043d\u043e\u0432\u0430\u0446 \u0438 \u041c\u0435\u0434\u0432\u0435\u0452a\",\"alternateName\":\"\u041a\u043e\u043e\u0440\u0434\u0438\u043d\u0430\u0446\u0438\u043e\u043d\u043e \u0442\u0435\u043b\u043e\",\"url\":\"https:\\\/\\\/kt.gov.rs\\\/\",\"logo\":{\"@type\":\"ImageObject\",\"inLanguage\":\"sq-AL\",\"@id\":\"https:\\\/\\\/kt.gov.rs\\\/#\\\/schema\\\/logo\\\/image\\\/\",\"url\":\"https:\\\/\\\/kt.gov.rs\\\/wp-content\\\/uploads\\\/2024\\\/12\\\/koord2.jpg\",\"contentUrl\":\"https:\\\/\\\/kt.gov.rs\\\/wp-content\\\/uploads\\\/2024\\\/12\\\/koord2.jpg\",\"width\":640,\"height\":480,\"caption\":\"\u041a\u043e\u043e\u0440\u0434\u0438\u043d\u0430\u0446\u0438\u043e\u043d\u043e \u0442\u0435\u043b\u043e \u0412\u043b\u0430\u0434\u0435 \u0420\u0435\u043f\u0443\u0431\u043b\u0438\u043a\u0435 \u0421\u0440\u0431\u0438\u0458\u0435 \u0437\u0430 \u043e\u043f\u0448\u0442\u0438\u043d\u0435 \u041f\u0440\u0435\u0448\u0435\u0432\u043e, \u0411\u0443\u0458\u0430\u043d\u043e\u0432\u0430\u0446 \u0438 \u041c\u0435\u0434\u0432\u0435\u0452a\"},\"image\":{\"@id\":\"https:\\\/\\\/kt.gov.rs\\\/#\\\/schema\\\/logo\\\/image\\\/\"},\"sameAs\":[\"https:\\\/\\\/www.facebook.com\\\/SluzbaKoordinacionogTelaVladeRepublikeSrbije\",\"https:\\\/\\\/x.com\\\/kt_gov\",\"https:\\\/\\\/www.youtube.com\\\/@koordinacionotelo\"]},{\"@type\":\"Person\",\"@id\":\"https:\\\/\\\/kt.gov.rs\\\/#\\\/schema\\\/person\\\/e426459ddb4173309103390602694571\",\"name\":\"ktmin\",\"image\":{\"@type\":\"ImageObject\",\"inLanguage\":\"sq-AL\",\"@id\":\"https:\\\/\\\/secure.gravatar.com\\\/avatar\\\/3985c961109853010c3fbc7ba30365bfba5db3dd6c525831d9c595c7525a615a?s=96&d=mm&r=g\",\"url\":\"https:\\\/\\\/secure.gravatar.com\\\/avatar\\\/3985c961109853010c3fbc7ba30365bfba5db3dd6c525831d9c595c7525a615a?s=96&d=mm&r=g\",\"contentUrl\":\"https:\\\/\\\/secure.gravatar.com\\\/avatar\\\/3985c961109853010c3fbc7ba30365bfba5db3dd6c525831d9c595c7525a615a?s=96&d=mm&r=g\",\"caption\":\"ktmin\"},\"sameAs\":[\"https:\\\/\\\/kt.gov.rs\"],\"url\":\"https:\\\/\\\/kt.gov.rs\\\/sq\\\/author\\\/ktmin\\\/\"}]}<\/script>\n<!-- \/ Yoast SEO plugin. -->","yoast_head_json":{"title":"KONKURS P\u00cbR MB\u00cbSHTETJE T\u00cb MEDIAVE LOKALE \u201eFONDI SLLAVKO QURUVIA\u201c - Republika e S\u00ebrbis\u00eb Trupi Koordinues p\u00ebr komunat Bujanoc, Preshev\u00eb dhe Medvegj\u00eb","robots":{"index":"index","follow":"follow","max-snippet":"max-snippet:-1","max-image-preview":"max-image-preview:large","max-video-preview":"max-video-preview:-1"},"canonical":"https:\/\/kt.gov.rs\/sq\/konkurs-per-mbeshtetje-te-mediave-lokale-fondi-sllavko-quruvia\/","og_locale":"sq_AL","og_type":"article","og_title":"KONKURS P\u00cbR MB\u00cbSHTETJE T\u00cb MEDIAVE LOKALE \u201eFONDI SLLAVKO QURUVIA\u201c - Republika e S\u00ebrbis\u00eb Trupi Koordinues p\u00ebr komunat Bujanoc, Preshev\u00eb dhe Medvegj\u00eb","og_description":"Beograd \u2013 \u201c Fondacioni Sllavko Quruvija\u201d (FSQ) ka hapur konkurs p\u00ebr mb\u00ebshtetjen e televizioneve dhe radiove lokale \u201cP\u00ebr \u00e7ka S\u00ebrbia hesht?\u201d.","og_url":"https:\/\/kt.gov.rs\/sq\/konkurs-per-mbeshtetje-te-mediave-lokale-fondi-sllavko-quruvia\/","og_site_name":"Republika e S\u00ebrbis\u00eb Trupi Koordinues p\u00ebr komunat Bujanoc, Preshev\u00eb dhe Medvegj\u00eb","article_publisher":"https:\/\/www.facebook.com\/SluzbaKoordinacionogTelaVladeRepublikeSrbije","article_published_time":"2014-02-13T00:00:00+00:00","article_modified_time":"2024-07-30T20:13:17+00:00","og_image":[{"width":315,"height":209,"url":"https:\/\/kt.gov.rs\/wp-content\/uploads\/2024\/07\/newspic779-5.jpg","type":"image\/jpeg"}],"author":"ktmin","twitter_card":"summary_large_image","twitter_creator":"@kt_gov","twitter_site":"@kt_gov","twitter_misc":{"Written by":"ktmin","Est. reading time":"2 minutes"},"schema":{"@context":"https:\/\/schema.org","@graph":[{"@type":"Article","@id":"https:\/\/kt.gov.rs\/sq\/konkurs-per-mbeshtetje-te-mediave-lokale-fondi-sllavko-quruvia\/#article","isPartOf":{"@id":"https:\/\/kt.gov.rs\/sq\/konkurs-per-mbeshtetje-te-mediave-lokale-fondi-sllavko-quruvia\/"},"author":{"name":"ktmin","@id":"https:\/\/kt.gov.rs\/#\/schema\/person\/e426459ddb4173309103390602694571"},"headline":"KONKURS P\u00cbR MB\u00cbSHTETJE T\u00cb MEDIAVE LOKALE \u201eFONDI SLLAVKO QURUVIA\u201c","datePublished":"2014-02-13T00:00:00+00:00","dateModified":"2024-07-30T20:13:17+00:00","mainEntityOfPage":{"@id":"https:\/\/kt.gov.rs\/sq\/konkurs-per-mbeshtetje-te-mediave-lokale-fondi-sllavko-quruvia\/"},"wordCount":427,"publisher":{"@id":"https:\/\/kt.gov.rs\/#organization"},"image":{"@id":"https:\/\/kt.gov.rs\/sq\/konkurs-per-mbeshtetje-te-mediave-lokale-fondi-sllavko-quruvia\/#primaryimage"},"thumbnailUrl":"https:\/\/kt.gov.rs\/wp-content\/uploads\/2024\/07\/newspic779-5.jpg","articleSection":["Lajme"],"inLanguage":"sq-AL"},{"@type":"WebPage","@id":"https:\/\/kt.gov.rs\/sq\/konkurs-per-mbeshtetje-te-mediave-lokale-fondi-sllavko-quruvia\/","url":"https:\/\/kt.gov.rs\/sq\/konkurs-per-mbeshtetje-te-mediave-lokale-fondi-sllavko-quruvia\/","name":"KONKURS P\u00cbR MB\u00cbSHTETJE T\u00cb MEDIAVE LOKALE \u201eFONDI SLLAVKO QURUVIA\u201c - Republika e S\u00ebrbis\u00eb Trupi Koordinues p\u00ebr komunat Bujanoc, Preshev\u00eb dhe Medvegj\u00eb","isPartOf":{"@id":"https:\/\/kt.gov.rs\/#website"},"primaryImageOfPage":{"@id":"https:\/\/kt.gov.rs\/sq\/konkurs-per-mbeshtetje-te-mediave-lokale-fondi-sllavko-quruvia\/#primaryimage"},"image":{"@id":"https:\/\/kt.gov.rs\/sq\/konkurs-per-mbeshtetje-te-mediave-lokale-fondi-sllavko-quruvia\/#primaryimage"},"thumbnailUrl":"https:\/\/kt.gov.rs\/wp-content\/uploads\/2024\/07\/newspic779-5.jpg","datePublished":"2014-02-13T00:00:00+00:00","dateModified":"2024-07-30T20:13:17+00:00","breadcrumb":{"@id":"https:\/\/kt.gov.rs\/sq\/konkurs-per-mbeshtetje-te-mediave-lokale-fondi-sllavko-quruvia\/#breadcrumb"},"inLanguage":"sq-AL","potentialAction":[{"@type":"ReadAction","target":["https:\/\/kt.gov.rs\/sq\/konkurs-per-mbeshtetje-te-mediave-lokale-fondi-sllavko-quruvia\/"]}]},{"@type":"ImageObject","inLanguage":"sq-AL","@id":"https:\/\/kt.gov.rs\/sq\/konkurs-per-mbeshtetje-te-mediave-lokale-fondi-sllavko-quruvia\/#primaryimage","url":"https:\/\/kt.gov.rs\/wp-content\/uploads\/2024\/07\/newspic779-5.jpg","contentUrl":"https:\/\/kt.gov.rs\/wp-content\/uploads\/2024\/07\/newspic779-5.jpg","width":315,"height":209},{"@type":"BreadcrumbList","@id":"https:\/\/kt.gov.rs\/sq\/konkurs-per-mbeshtetje-te-mediave-lokale-fondi-sllavko-quruvia\/#breadcrumb","itemListElement":[{"@type":"ListItem","position":1,"name":"\u041f\u043e\u0447\u0435\u0442\u043d\u0430","item":"https:\/\/kt.gov.rs\/sq\/"},{"@type":"ListItem","position":2,"name":"KONKURS P\u00cbR MB\u00cbSHTETJE T\u00cb MEDIAVE LOKALE \u201eFONDI SLLAVKO QURUVIA\u201c"}]},{"@type":"WebSite","@id":"https:\/\/kt.gov.rs\/#website","url":"https:\/\/kt.gov.rs\/","name":"\u041a\u043e\u043e\u0440\u0434\u0438\u043d\u0430\u0446\u0438\u043e\u043d\u043e \u0442\u0435\u043b\u043e \u0412\u043b\u0430\u0434\u0435 \u0420\u0435\u043f\u0443\u0431\u043b\u0438\u043a\u0435 \u0421\u0440\u0431\u0438\u0458\u0435 \u0437\u0430 \u043e\u043f\u0448\u0442\u0438\u043d\u0435 \u041f\u0440\u0435\u0448\u0435\u0432\u043e, \u0411\u0443\u0458\u0430\u043d\u043e\u0432\u0430\u0446 \u0438 \u041c\u0435\u0434\u0432\u0435\u0452a","description":"","publisher":{"@id":"https:\/\/kt.gov.rs\/#organization"},"alternateName":"\u041a\u043e\u043e\u0440\u0434\u0438\u043d\u0430\u0446\u0438\u043e\u043d\u043e \u0442\u0435\u043b\u043e","potentialAction":[{"@type":"SearchAction","target":{"@type":"EntryPoint","urlTemplate":"https:\/\/kt.gov.rs\/?s={search_term_string}"},"query-input":{"@type":"PropertyValueSpecification","valueRequired":true,"valueName":"search_term_string"}}],"inLanguage":"sq-AL"},{"@type":"Organization","@id":"https:\/\/kt.gov.rs\/#organization","name":"\u041a\u043e\u043e\u0440\u0434\u0438\u043d\u0430\u0446\u0438\u043e\u043d\u043e \u0442\u0435\u043b\u043e \u0412\u043b\u0430\u0434\u0435 \u0420\u0435\u043f\u0443\u0431\u043b\u0438\u043a\u0435 \u0421\u0440\u0431\u0438\u0458\u0435 \u0437\u0430 \u043e\u043f\u0448\u0442\u0438\u043d\u0435 \u041f\u0440\u0435\u0448\u0435\u0432\u043e, \u0411\u0443\u0458\u0430\u043d\u043e\u0432\u0430\u0446 \u0438 \u041c\u0435\u0434\u0432\u0435\u0452a","alternateName":"\u041a\u043e\u043e\u0440\u0434\u0438\u043d\u0430\u0446\u0438\u043e\u043d\u043e \u0442\u0435\u043b\u043e","url":"https:\/\/kt.gov.rs\/","logo":{"@type":"ImageObject","inLanguage":"sq-AL","@id":"https:\/\/kt.gov.rs\/#\/schema\/logo\/image\/","url":"https:\/\/kt.gov.rs\/wp-content\/uploads\/2024\/12\/koord2.jpg","contentUrl":"https:\/\/kt.gov.rs\/wp-content\/uploads\/2024\/12\/koord2.jpg","width":640,"height":480,"caption":"\u041a\u043e\u043e\u0440\u0434\u0438\u043d\u0430\u0446\u0438\u043e\u043d\u043e \u0442\u0435\u043b\u043e \u0412\u043b\u0430\u0434\u0435 \u0420\u0435\u043f\u0443\u0431\u043b\u0438\u043a\u0435 \u0421\u0440\u0431\u0438\u0458\u0435 \u0437\u0430 \u043e\u043f\u0448\u0442\u0438\u043d\u0435 \u041f\u0440\u0435\u0448\u0435\u0432\u043e, \u0411\u0443\u0458\u0430\u043d\u043e\u0432\u0430\u0446 \u0438 \u041c\u0435\u0434\u0432\u0435\u0452a"},"image":{"@id":"https:\/\/kt.gov.rs\/#\/schema\/logo\/image\/"},"sameAs":["https:\/\/www.facebook.com\/SluzbaKoordinacionogTelaVladeRepublikeSrbije","https:\/\/x.com\/kt_gov","https:\/\/www.youtube.com\/@koordinacionotelo"]},{"@type":"Person","@id":"https:\/\/kt.gov.rs\/#\/schema\/person\/e426459ddb4173309103390602694571","name":"ktmin","image":{"@type":"ImageObject","inLanguage":"sq-AL","@id":"https:\/\/secure.gravatar.com\/avatar\/3985c961109853010c3fbc7ba30365bfba5db3dd6c525831d9c595c7525a615a?s=96&d=mm&r=g","url":"https:\/\/secure.gravatar.com\/avatar\/3985c961109853010c3fbc7ba30365bfba5db3dd6c525831d9c595c7525a615a?s=96&d=mm&r=g","contentUrl":"https:\/\/secure.gravatar.com\/avatar\/3985c961109853010c3fbc7ba30365bfba5db3dd6c525831d9c595c7525a615a?s=96&d=mm&r=g","caption":"ktmin"},"sameAs":["https:\/\/kt.gov.rs"],"url":"https:\/\/kt.gov.rs\/sq\/author\/ktmin\/"}]}},"_links":{"self":[{"href":"https:\/\/kt.gov.rs\/sq\/wp-json\/wp\/v2\/posts\/139529","targetHints":{"allow":["GET"]}}],"collection":[{"href":"https:\/\/kt.gov.rs\/sq\/wp-json\/wp\/v2\/posts"}],"about":[{"href":"https:\/\/kt.gov.rs\/sq\/wp-json\/wp\/v2\/types\/post"}],"author":[{"embeddable":true,"href":"https:\/\/kt.gov.rs\/sq\/wp-json\/wp\/v2\/users\/1"}],"replies":[{"embeddable":true,"href":"https:\/\/kt.gov.rs\/sq\/wp-json\/wp\/v2\/comments?post=139529"}],"version-history":[{"count":1,"href":"https:\/\/kt.gov.rs\/sq\/wp-json\/wp\/v2\/posts\/139529\/revisions"}],"predecessor-version":[{"id":139533,"href":"https:\/\/kt.gov.rs\/sq\/wp-json\/wp\/v2\/posts\/139529\/revisions\/139533"}],"wp:featuredmedia":[{"embeddable":true,"href":"https:\/\/kt.gov.rs\/sq\/wp-json\/wp\/v2\/media\/139534"}],"wp:attachment":[{"href":"https:\/\/kt.gov.rs\/sq\/wp-json\/wp\/v2\/media?parent=139529"}],"wp:term":[{"taxonomy":"category","embeddable":true,"href":"https:\/\/kt.gov.rs\/sq\/wp-json\/wp\/v2\/categories?post=139529"},{"taxonomy":"post_tag","embeddable":true,"href":"https:\/\/kt.gov.rs\/sq\/wp-json\/wp\/v2\/tags?post=139529"}],"curies":[{"name":"wp","href":"https:\/\/api.w.org\/{rel}","templated":true}]}}