{"id":139521,"date":"2014-02-13T00:00:00","date_gmt":"2014-02-13T00:00:00","guid":{"rendered":"http:\/\/kt.printandscreen.rs\/eshte-mbajtur-senaca-e-kryesise-se-trupit-koordinues\/"},"modified":"2024-07-30T20:13:16","modified_gmt":"2024-07-30T20:13:16","slug":"eshte-mbajtur-senaca-e-kryesise-se-trupit-koordinues","status":"publish","type":"post","link":"https:\/\/kt.gov.rs\/sq\/eshte-mbajtur-senaca-e-kryesise-se-trupit-koordinues\/","title":{"rendered":"\u00cbSHT\u00cb MBAJTUR SENACA E KRYESIS\u00cb S\u00cb TRUPIT KOORDINUES"},"content":{"rendered":"<p>\n\t<img decoding=\"async\" alt=\"\" src=\"https:\/\/kt.gov.rs\/wp-content\/uploads\/2024\/07\/newspic780v-4.jpg\" style=\"width: 640px; height: 369px;\" \/><\/p>\n<p>\n\tSeanca e kryesis\u00eb s\u00eb Trupit Koordinues p\u00ebr komunat Preshev\u00eb, Bujanoc dhe Medvegj\u00eb \u00ebsht\u00eb mbajtur n\u00eb Beograd. P\u00ebrve\u00e7 kryetarit t\u00eb Trupit Koordinues Zoran Stankoviq, n\u00eb senac\u00eb morr\u00ebn pjes\u00eb edhe kryetar\u00ebt e tri komunave, Nagip Arifi, Ragmi Mustafa dhe Sllobodan Drashkoviq.\u00a0<\/p>\n<p>\n\tN\u00eb nj\u00eb prononcim p\u00ebr gazetar\u00ebt, Stankoviq ka theksuar se nuk ka pas v\u00ebrejtje n\u00eb pun\u00ebn dhe realizimin e projekteve p\u00ebr t\u00eb cilat m\u00eb her\u00ebt pal\u00ebt jan\u00eb marr\u00eb vesh dhe se bisedimet n\u00eb seanc\u00ebn e sotme kan\u00eb kaluar n\u00eb m\u00ebnyr\u00eb konstruktive dhe t\u00eb p\u00ebrgjegj\u00ebshme. Kryetari i Trupit Koordinues ka theksuar se kjo \u00ebsht\u00eb edhe nj\u00eb fakt i takimeve t\u00eb rregullta \u00a0q\u00eb ka Qeveria e Serbis\u00eb me njer\u00ebzit ky\u00e7 q\u00eb drejtojn\u00eb\u00a0vet\u00ebqeverisjet lokale.<\/p>\n<p>\n\t\u201cAjo q\u00eb po e brengos\u00eb udh\u00ebheq\u00ebsin\u00eb lokale n\u00eb 2014-t\u00ebn, \u00ebsht\u00eb kryesisht problemi i papun\u00ebsis\u00eb\u201d, ka th\u00ebn\u00eb Stankoviq, dhe ka theksuar se n\u00eb k\u00ebt\u00eb takim jemi marr\u00eb vesh\u00a0se n\u00eb koh\u00ebn q\u00eb kemi para nesh do t\u00eb realizohem gjitha marr\u00ebveshjet\u00a0\u00a0t\u00eb cilat do t\u00eb mund t\u00eb kontribuonin n\u00eb jet\u00ebn dhe pun\u00ebn e njer\u00ebzve n\u00eb k\u00ebt\u00eb rajon.<\/p>\n<p>\n\tNga projektet p\u00ebr k\u00ebt\u00eb vit, n\u00eb Bujanoc, ve\u00e7an\u00ebrisht\u00a0\u00a0 \u00ebsht\u00eb theksuar nd\u00ebrtimi i objektit t\u00eb deg\u00ebs s\u00eb Fakultetit Ekonomik t\u00eb Subotic\u00ebs, p\u00ebr t\u00eb cil\u00ebn jan\u00eb siguruar 1.5 milion euro<\/p>\n<p>\n\t<strong>Burimi: Trupi Koordinues<\/strong><\/p>\n<p>\n\t\u00a0<\/p>\n","protected":false},"excerpt":{"rendered":"<p>Seanca e kryesis\u00eb s\u00eb Trupit Koordinues p\u00ebr komunat Preshev\u00eb, Bujanoc dhe Medvegj\u00eb \u00ebsht\u00eb mbajtur n\u00eb Beograd. P\u00ebrve\u00e7 kryetarit t\u00eb Trupit Koordinues Zoran Stankoviq\u2026<\/p>\n","protected":false},"author":1,"featured_media":139526,"comment_status":"closed","ping_status":"closed","sticky":false,"template":"","format":"standard","meta":{"footnotes":""},"categories":[55],"tags":[],"class_list":["post-139521","post","type-post","status-publish","format-standard","has-post-thumbnail","hentry","category-lajme"],"yoast_head":"<!-- This site is optimized with the Yoast SEO plugin v27.5 - https:\/\/yoast.com\/product\/yoast-seo-wordpress\/ -->\n<title>\u00cbSHT\u00cb MBAJTUR SENACA E KRYESIS\u00cb S\u00cb TRUPIT KOORDINUES - Republika e S\u00ebrbis\u00eb Trupi Koordinues p\u00ebr komunat Bujanoc, Preshev\u00eb dhe Medvegj\u00eb<\/title>\n<meta name=\"robots\" content=\"index, follow, max-snippet:-1, max-image-preview:large, max-video-preview:-1\" \/>\n<link rel=\"canonical\" href=\"https:\/\/kt.gov.rs\/sq\/eshte-mbajtur-senaca-e-kryesise-se-trupit-koordinues\/\" \/>\n<meta property=\"og:locale\" content=\"sq_AL\" \/>\n<meta property=\"og:type\" content=\"article\" \/>\n<meta property=\"og:title\" content=\"\u00cbSHT\u00cb MBAJTUR SENACA E KRYESIS\u00cb S\u00cb TRUPIT KOORDINUES - Republika e S\u00ebrbis\u00eb Trupi Koordinues p\u00ebr komunat Bujanoc, Preshev\u00eb dhe Medvegj\u00eb\" \/>\n<meta property=\"og:description\" content=\"Seanca e kryesis\u00eb s\u00eb Trupit Koordinues p\u00ebr komunat Preshev\u00eb, Bujanoc dhe Medvegj\u00eb \u00ebsht\u00eb mbajtur n\u00eb Beograd. P\u00ebrve\u00e7 kryetarit t\u00eb Trupit Koordinues Zoran Stankoviq...\" \/>\n<meta property=\"og:url\" content=\"https:\/\/kt.gov.rs\/sq\/eshte-mbajtur-senaca-e-kryesise-se-trupit-koordinues\/\" \/>\n<meta property=\"og:site_name\" content=\"Republika e S\u00ebrbis\u00eb Trupi Koordinues p\u00ebr komunat Bujanoc, Preshev\u00eb dhe Medvegj\u00eb\" \/>\n<meta property=\"article:publisher\" content=\"https:\/\/www.facebook.com\/SluzbaKoordinacionogTelaVladeRepublikeSrbije\" \/>\n<meta property=\"article:published_time\" content=\"2014-02-13T00:00:00+00:00\" \/>\n<meta property=\"article:modified_time\" content=\"2024-07-30T20:13:16+00:00\" \/>\n<meta property=\"og:image\" content=\"https:\/\/kt.gov.rs\/wp-content\/uploads\/2024\/07\/newspic780v-5.jpg\" \/>\n\t<meta property=\"og:image:width\" content=\"640\" \/>\n\t<meta property=\"og:image:height\" content=\"369\" \/>\n\t<meta property=\"og:image:type\" content=\"image\/jpeg\" \/>\n<meta name=\"author\" content=\"ktmin\" \/>\n<meta name=\"twitter:card\" content=\"summary_large_image\" \/>\n<meta name=\"twitter:creator\" content=\"@kt_gov\" \/>\n<meta name=\"twitter:site\" content=\"@kt_gov\" \/>\n<meta name=\"twitter:label1\" content=\"Written by\" \/>\n\t<meta name=\"twitter:data1\" content=\"ktmin\" \/>\n\t<meta name=\"twitter:label2\" content=\"Est. reading time\" \/>\n\t<meta name=\"twitter:data2\" content=\"2 minutes\" \/>\n<script type=\"application\/ld+json\" class=\"yoast-schema-graph\">{\"@context\":\"https:\\\/\\\/schema.org\",\"@graph\":[{\"@type\":\"Article\",\"@id\":\"https:\\\/\\\/kt.gov.rs\\\/sq\\\/eshte-mbajtur-senaca-e-kryesise-se-trupit-koordinues\\\/#article\",\"isPartOf\":{\"@id\":\"https:\\\/\\\/kt.gov.rs\\\/sq\\\/eshte-mbajtur-senaca-e-kryesise-se-trupit-koordinues\\\/\"},\"author\":{\"name\":\"ktmin\",\"@id\":\"https:\\\/\\\/kt.gov.rs\\\/#\\\/schema\\\/person\\\/e426459ddb4173309103390602694571\"},\"headline\":\"\u00cbSHT\u00cb MBAJTUR SENACA E KRYESIS\u00cb S\u00cb TRUPIT KOORDINUES\",\"datePublished\":\"2014-02-13T00:00:00+00:00\",\"dateModified\":\"2024-07-30T20:13:16+00:00\",\"mainEntityOfPage\":{\"@id\":\"https:\\\/\\\/kt.gov.rs\\\/sq\\\/eshte-mbajtur-senaca-e-kryesise-se-trupit-koordinues\\\/\"},\"wordCount\":352,\"publisher\":{\"@id\":\"https:\\\/\\\/kt.gov.rs\\\/#organization\"},\"image\":{\"@id\":\"https:\\\/\\\/kt.gov.rs\\\/sq\\\/eshte-mbajtur-senaca-e-kryesise-se-trupit-koordinues\\\/#primaryimage\"},\"thumbnailUrl\":\"https:\\\/\\\/kt.gov.rs\\\/wp-content\\\/uploads\\\/2024\\\/07\\\/newspic780v-5.jpg\",\"articleSection\":[\"Lajme\"],\"inLanguage\":\"sq-AL\"},{\"@type\":\"WebPage\",\"@id\":\"https:\\\/\\\/kt.gov.rs\\\/sq\\\/eshte-mbajtur-senaca-e-kryesise-se-trupit-koordinues\\\/\",\"url\":\"https:\\\/\\\/kt.gov.rs\\\/sq\\\/eshte-mbajtur-senaca-e-kryesise-se-trupit-koordinues\\\/\",\"name\":\"\u00cbSHT\u00cb MBAJTUR SENACA E KRYESIS\u00cb S\u00cb TRUPIT KOORDINUES - Republika e S\u00ebrbis\u00eb Trupi Koordinues p\u00ebr komunat Bujanoc, Preshev\u00eb dhe Medvegj\u00eb\",\"isPartOf\":{\"@id\":\"https:\\\/\\\/kt.gov.rs\\\/#website\"},\"primaryImageOfPage\":{\"@id\":\"https:\\\/\\\/kt.gov.rs\\\/sq\\\/eshte-mbajtur-senaca-e-kryesise-se-trupit-koordinues\\\/#primaryimage\"},\"image\":{\"@id\":\"https:\\\/\\\/kt.gov.rs\\\/sq\\\/eshte-mbajtur-senaca-e-kryesise-se-trupit-koordinues\\\/#primaryimage\"},\"thumbnailUrl\":\"https:\\\/\\\/kt.gov.rs\\\/wp-content\\\/uploads\\\/2024\\\/07\\\/newspic780v-5.jpg\",\"datePublished\":\"2014-02-13T00:00:00+00:00\",\"dateModified\":\"2024-07-30T20:13:16+00:00\",\"breadcrumb\":{\"@id\":\"https:\\\/\\\/kt.gov.rs\\\/sq\\\/eshte-mbajtur-senaca-e-kryesise-se-trupit-koordinues\\\/#breadcrumb\"},\"inLanguage\":\"sq-AL\",\"potentialAction\":[{\"@type\":\"ReadAction\",\"target\":[\"https:\\\/\\\/kt.gov.rs\\\/sq\\\/eshte-mbajtur-senaca-e-kryesise-se-trupit-koordinues\\\/\"]}]},{\"@type\":\"ImageObject\",\"inLanguage\":\"sq-AL\",\"@id\":\"https:\\\/\\\/kt.gov.rs\\\/sq\\\/eshte-mbajtur-senaca-e-kryesise-se-trupit-koordinues\\\/#primaryimage\",\"url\":\"https:\\\/\\\/kt.gov.rs\\\/wp-content\\\/uploads\\\/2024\\\/07\\\/newspic780v-5.jpg\",\"contentUrl\":\"https:\\\/\\\/kt.gov.rs\\\/wp-content\\\/uploads\\\/2024\\\/07\\\/newspic780v-5.jpg\",\"width\":640,\"height\":369},{\"@type\":\"BreadcrumbList\",\"@id\":\"https:\\\/\\\/kt.gov.rs\\\/sq\\\/eshte-mbajtur-senaca-e-kryesise-se-trupit-koordinues\\\/#breadcrumb\",\"itemListElement\":[{\"@type\":\"ListItem\",\"position\":1,\"name\":\"\u041f\u043e\u0447\u0435\u0442\u043d\u0430\",\"item\":\"https:\\\/\\\/kt.gov.rs\\\/sq\\\/\"},{\"@type\":\"ListItem\",\"position\":2,\"name\":\"\u00cbSHT\u00cb MBAJTUR SENACA E KRYESIS\u00cb S\u00cb TRUPIT KOORDINUES\"}]},{\"@type\":\"WebSite\",\"@id\":\"https:\\\/\\\/kt.gov.rs\\\/#website\",\"url\":\"https:\\\/\\\/kt.gov.rs\\\/\",\"name\":\"\u041a\u043e\u043e\u0440\u0434\u0438\u043d\u0430\u0446\u0438\u043e\u043d\u043e \u0442\u0435\u043b\u043e \u0412\u043b\u0430\u0434\u0435 \u0420\u0435\u043f\u0443\u0431\u043b\u0438\u043a\u0435 \u0421\u0440\u0431\u0438\u0458\u0435 \u0437\u0430 \u043e\u043f\u0448\u0442\u0438\u043d\u0435 \u041f\u0440\u0435\u0448\u0435\u0432\u043e, \u0411\u0443\u0458\u0430\u043d\u043e\u0432\u0430\u0446 \u0438 \u041c\u0435\u0434\u0432\u0435\u0452a\",\"description\":\"\",\"publisher\":{\"@id\":\"https:\\\/\\\/kt.gov.rs\\\/#organization\"},\"alternateName\":\"\u041a\u043e\u043e\u0440\u0434\u0438\u043d\u0430\u0446\u0438\u043e\u043d\u043e \u0442\u0435\u043b\u043e\",\"potentialAction\":[{\"@type\":\"SearchAction\",\"target\":{\"@type\":\"EntryPoint\",\"urlTemplate\":\"https:\\\/\\\/kt.gov.rs\\\/?s={search_term_string}\"},\"query-input\":{\"@type\":\"PropertyValueSpecification\",\"valueRequired\":true,\"valueName\":\"search_term_string\"}}],\"inLanguage\":\"sq-AL\"},{\"@type\":\"Organization\",\"@id\":\"https:\\\/\\\/kt.gov.rs\\\/#organization\",\"name\":\"\u041a\u043e\u043e\u0440\u0434\u0438\u043d\u0430\u0446\u0438\u043e\u043d\u043e \u0442\u0435\u043b\u043e \u0412\u043b\u0430\u0434\u0435 \u0420\u0435\u043f\u0443\u0431\u043b\u0438\u043a\u0435 \u0421\u0440\u0431\u0438\u0458\u0435 \u0437\u0430 \u043e\u043f\u0448\u0442\u0438\u043d\u0435 \u041f\u0440\u0435\u0448\u0435\u0432\u043e, \u0411\u0443\u0458\u0430\u043d\u043e\u0432\u0430\u0446 \u0438 \u041c\u0435\u0434\u0432\u0435\u0452a\",\"alternateName\":\"\u041a\u043e\u043e\u0440\u0434\u0438\u043d\u0430\u0446\u0438\u043e\u043d\u043e \u0442\u0435\u043b\u043e\",\"url\":\"https:\\\/\\\/kt.gov.rs\\\/\",\"logo\":{\"@type\":\"ImageObject\",\"inLanguage\":\"sq-AL\",\"@id\":\"https:\\\/\\\/kt.gov.rs\\\/#\\\/schema\\\/logo\\\/image\\\/\",\"url\":\"https:\\\/\\\/kt.gov.rs\\\/wp-content\\\/uploads\\\/2024\\\/12\\\/koord2.jpg\",\"contentUrl\":\"https:\\\/\\\/kt.gov.rs\\\/wp-content\\\/uploads\\\/2024\\\/12\\\/koord2.jpg\",\"width\":640,\"height\":480,\"caption\":\"\u041a\u043e\u043e\u0440\u0434\u0438\u043d\u0430\u0446\u0438\u043e\u043d\u043e \u0442\u0435\u043b\u043e \u0412\u043b\u0430\u0434\u0435 \u0420\u0435\u043f\u0443\u0431\u043b\u0438\u043a\u0435 \u0421\u0440\u0431\u0438\u0458\u0435 \u0437\u0430 \u043e\u043f\u0448\u0442\u0438\u043d\u0435 \u041f\u0440\u0435\u0448\u0435\u0432\u043e, \u0411\u0443\u0458\u0430\u043d\u043e\u0432\u0430\u0446 \u0438 \u041c\u0435\u0434\u0432\u0435\u0452a\"},\"image\":{\"@id\":\"https:\\\/\\\/kt.gov.rs\\\/#\\\/schema\\\/logo\\\/image\\\/\"},\"sameAs\":[\"https:\\\/\\\/www.facebook.com\\\/SluzbaKoordinacionogTelaVladeRepublikeSrbije\",\"https:\\\/\\\/x.com\\\/kt_gov\",\"https:\\\/\\\/www.youtube.com\\\/@koordinacionotelo\"]},{\"@type\":\"Person\",\"@id\":\"https:\\\/\\\/kt.gov.rs\\\/#\\\/schema\\\/person\\\/e426459ddb4173309103390602694571\",\"name\":\"ktmin\",\"image\":{\"@type\":\"ImageObject\",\"inLanguage\":\"sq-AL\",\"@id\":\"https:\\\/\\\/secure.gravatar.com\\\/avatar\\\/3985c961109853010c3fbc7ba30365bfba5db3dd6c525831d9c595c7525a615a?s=96&d=mm&r=g\",\"url\":\"https:\\\/\\\/secure.gravatar.com\\\/avatar\\\/3985c961109853010c3fbc7ba30365bfba5db3dd6c525831d9c595c7525a615a?s=96&d=mm&r=g\",\"contentUrl\":\"https:\\\/\\\/secure.gravatar.com\\\/avatar\\\/3985c961109853010c3fbc7ba30365bfba5db3dd6c525831d9c595c7525a615a?s=96&d=mm&r=g\",\"caption\":\"ktmin\"},\"sameAs\":[\"https:\\\/\\\/kt.gov.rs\"],\"url\":\"https:\\\/\\\/kt.gov.rs\\\/sq\\\/author\\\/ktmin\\\/\"}]}<\/script>\n<!-- \/ Yoast SEO plugin. -->","yoast_head_json":{"title":"\u00cbSHT\u00cb MBAJTUR SENACA E KRYESIS\u00cb S\u00cb TRUPIT KOORDINUES - Republika e S\u00ebrbis\u00eb Trupi Koordinues p\u00ebr komunat Bujanoc, Preshev\u00eb dhe Medvegj\u00eb","robots":{"index":"index","follow":"follow","max-snippet":"max-snippet:-1","max-image-preview":"max-image-preview:large","max-video-preview":"max-video-preview:-1"},"canonical":"https:\/\/kt.gov.rs\/sq\/eshte-mbajtur-senaca-e-kryesise-se-trupit-koordinues\/","og_locale":"sq_AL","og_type":"article","og_title":"\u00cbSHT\u00cb MBAJTUR SENACA E KRYESIS\u00cb S\u00cb TRUPIT KOORDINUES - Republika e S\u00ebrbis\u00eb Trupi Koordinues p\u00ebr komunat Bujanoc, Preshev\u00eb dhe Medvegj\u00eb","og_description":"Seanca e kryesis\u00eb s\u00eb Trupit Koordinues p\u00ebr komunat Preshev\u00eb, Bujanoc dhe Medvegj\u00eb \u00ebsht\u00eb mbajtur n\u00eb Beograd. P\u00ebrve\u00e7 kryetarit t\u00eb Trupit Koordinues Zoran Stankoviq...","og_url":"https:\/\/kt.gov.rs\/sq\/eshte-mbajtur-senaca-e-kryesise-se-trupit-koordinues\/","og_site_name":"Republika e S\u00ebrbis\u00eb Trupi Koordinues p\u00ebr komunat Bujanoc, Preshev\u00eb dhe Medvegj\u00eb","article_publisher":"https:\/\/www.facebook.com\/SluzbaKoordinacionogTelaVladeRepublikeSrbije","article_published_time":"2014-02-13T00:00:00+00:00","article_modified_time":"2024-07-30T20:13:16+00:00","og_image":[{"width":640,"height":369,"url":"https:\/\/kt.gov.rs\/wp-content\/uploads\/2024\/07\/newspic780v-5.jpg","type":"image\/jpeg"}],"author":"ktmin","twitter_card":"summary_large_image","twitter_creator":"@kt_gov","twitter_site":"@kt_gov","twitter_misc":{"Written by":"ktmin","Est. reading time":"2 minutes"},"schema":{"@context":"https:\/\/schema.org","@graph":[{"@type":"Article","@id":"https:\/\/kt.gov.rs\/sq\/eshte-mbajtur-senaca-e-kryesise-se-trupit-koordinues\/#article","isPartOf":{"@id":"https:\/\/kt.gov.rs\/sq\/eshte-mbajtur-senaca-e-kryesise-se-trupit-koordinues\/"},"author":{"name":"ktmin","@id":"https:\/\/kt.gov.rs\/#\/schema\/person\/e426459ddb4173309103390602694571"},"headline":"\u00cbSHT\u00cb MBAJTUR SENACA E KRYESIS\u00cb S\u00cb TRUPIT KOORDINUES","datePublished":"2014-02-13T00:00:00+00:00","dateModified":"2024-07-30T20:13:16+00:00","mainEntityOfPage":{"@id":"https:\/\/kt.gov.rs\/sq\/eshte-mbajtur-senaca-e-kryesise-se-trupit-koordinues\/"},"wordCount":352,"publisher":{"@id":"https:\/\/kt.gov.rs\/#organization"},"image":{"@id":"https:\/\/kt.gov.rs\/sq\/eshte-mbajtur-senaca-e-kryesise-se-trupit-koordinues\/#primaryimage"},"thumbnailUrl":"https:\/\/kt.gov.rs\/wp-content\/uploads\/2024\/07\/newspic780v-5.jpg","articleSection":["Lajme"],"inLanguage":"sq-AL"},{"@type":"WebPage","@id":"https:\/\/kt.gov.rs\/sq\/eshte-mbajtur-senaca-e-kryesise-se-trupit-koordinues\/","url":"https:\/\/kt.gov.rs\/sq\/eshte-mbajtur-senaca-e-kryesise-se-trupit-koordinues\/","name":"\u00cbSHT\u00cb MBAJTUR SENACA E KRYESIS\u00cb S\u00cb TRUPIT KOORDINUES - Republika e S\u00ebrbis\u00eb Trupi Koordinues p\u00ebr komunat Bujanoc, Preshev\u00eb dhe Medvegj\u00eb","isPartOf":{"@id":"https:\/\/kt.gov.rs\/#website"},"primaryImageOfPage":{"@id":"https:\/\/kt.gov.rs\/sq\/eshte-mbajtur-senaca-e-kryesise-se-trupit-koordinues\/#primaryimage"},"image":{"@id":"https:\/\/kt.gov.rs\/sq\/eshte-mbajtur-senaca-e-kryesise-se-trupit-koordinues\/#primaryimage"},"thumbnailUrl":"https:\/\/kt.gov.rs\/wp-content\/uploads\/2024\/07\/newspic780v-5.jpg","datePublished":"2014-02-13T00:00:00+00:00","dateModified":"2024-07-30T20:13:16+00:00","breadcrumb":{"@id":"https:\/\/kt.gov.rs\/sq\/eshte-mbajtur-senaca-e-kryesise-se-trupit-koordinues\/#breadcrumb"},"inLanguage":"sq-AL","potentialAction":[{"@type":"ReadAction","target":["https:\/\/kt.gov.rs\/sq\/eshte-mbajtur-senaca-e-kryesise-se-trupit-koordinues\/"]}]},{"@type":"ImageObject","inLanguage":"sq-AL","@id":"https:\/\/kt.gov.rs\/sq\/eshte-mbajtur-senaca-e-kryesise-se-trupit-koordinues\/#primaryimage","url":"https:\/\/kt.gov.rs\/wp-content\/uploads\/2024\/07\/newspic780v-5.jpg","contentUrl":"https:\/\/kt.gov.rs\/wp-content\/uploads\/2024\/07\/newspic780v-5.jpg","width":640,"height":369},{"@type":"BreadcrumbList","@id":"https:\/\/kt.gov.rs\/sq\/eshte-mbajtur-senaca-e-kryesise-se-trupit-koordinues\/#breadcrumb","itemListElement":[{"@type":"ListItem","position":1,"name":"\u041f\u043e\u0447\u0435\u0442\u043d\u0430","item":"https:\/\/kt.gov.rs\/sq\/"},{"@type":"ListItem","position":2,"name":"\u00cbSHT\u00cb MBAJTUR SENACA E KRYESIS\u00cb S\u00cb TRUPIT KOORDINUES"}]},{"@type":"WebSite","@id":"https:\/\/kt.gov.rs\/#website","url":"https:\/\/kt.gov.rs\/","name":"\u041a\u043e\u043e\u0440\u0434\u0438\u043d\u0430\u0446\u0438\u043e\u043d\u043e \u0442\u0435\u043b\u043e \u0412\u043b\u0430\u0434\u0435 \u0420\u0435\u043f\u0443\u0431\u043b\u0438\u043a\u0435 \u0421\u0440\u0431\u0438\u0458\u0435 \u0437\u0430 \u043e\u043f\u0448\u0442\u0438\u043d\u0435 \u041f\u0440\u0435\u0448\u0435\u0432\u043e, \u0411\u0443\u0458\u0430\u043d\u043e\u0432\u0430\u0446 \u0438 \u041c\u0435\u0434\u0432\u0435\u0452a","description":"","publisher":{"@id":"https:\/\/kt.gov.rs\/#organization"},"alternateName":"\u041a\u043e\u043e\u0440\u0434\u0438\u043d\u0430\u0446\u0438\u043e\u043d\u043e \u0442\u0435\u043b\u043e","potentialAction":[{"@type":"SearchAction","target":{"@type":"EntryPoint","urlTemplate":"https:\/\/kt.gov.rs\/?s={search_term_string}"},"query-input":{"@type":"PropertyValueSpecification","valueRequired":true,"valueName":"search_term_string"}}],"inLanguage":"sq-AL"},{"@type":"Organization","@id":"https:\/\/kt.gov.rs\/#organization","name":"\u041a\u043e\u043e\u0440\u0434\u0438\u043d\u0430\u0446\u0438\u043e\u043d\u043e \u0442\u0435\u043b\u043e \u0412\u043b\u0430\u0434\u0435 \u0420\u0435\u043f\u0443\u0431\u043b\u0438\u043a\u0435 \u0421\u0440\u0431\u0438\u0458\u0435 \u0437\u0430 \u043e\u043f\u0448\u0442\u0438\u043d\u0435 \u041f\u0440\u0435\u0448\u0435\u0432\u043e, \u0411\u0443\u0458\u0430\u043d\u043e\u0432\u0430\u0446 \u0438 \u041c\u0435\u0434\u0432\u0435\u0452a","alternateName":"\u041a\u043e\u043e\u0440\u0434\u0438\u043d\u0430\u0446\u0438\u043e\u043d\u043e \u0442\u0435\u043b\u043e","url":"https:\/\/kt.gov.rs\/","logo":{"@type":"ImageObject","inLanguage":"sq-AL","@id":"https:\/\/kt.gov.rs\/#\/schema\/logo\/image\/","url":"https:\/\/kt.gov.rs\/wp-content\/uploads\/2024\/12\/koord2.jpg","contentUrl":"https:\/\/kt.gov.rs\/wp-content\/uploads\/2024\/12\/koord2.jpg","width":640,"height":480,"caption":"\u041a\u043e\u043e\u0440\u0434\u0438\u043d\u0430\u0446\u0438\u043e\u043d\u043e \u0442\u0435\u043b\u043e \u0412\u043b\u0430\u0434\u0435 \u0420\u0435\u043f\u0443\u0431\u043b\u0438\u043a\u0435 \u0421\u0440\u0431\u0438\u0458\u0435 \u0437\u0430 \u043e\u043f\u0448\u0442\u0438\u043d\u0435 \u041f\u0440\u0435\u0448\u0435\u0432\u043e, \u0411\u0443\u0458\u0430\u043d\u043e\u0432\u0430\u0446 \u0438 \u041c\u0435\u0434\u0432\u0435\u0452a"},"image":{"@id":"https:\/\/kt.gov.rs\/#\/schema\/logo\/image\/"},"sameAs":["https:\/\/www.facebook.com\/SluzbaKoordinacionogTelaVladeRepublikeSrbije","https:\/\/x.com\/kt_gov","https:\/\/www.youtube.com\/@koordinacionotelo"]},{"@type":"Person","@id":"https:\/\/kt.gov.rs\/#\/schema\/person\/e426459ddb4173309103390602694571","name":"ktmin","image":{"@type":"ImageObject","inLanguage":"sq-AL","@id":"https:\/\/secure.gravatar.com\/avatar\/3985c961109853010c3fbc7ba30365bfba5db3dd6c525831d9c595c7525a615a?s=96&d=mm&r=g","url":"https:\/\/secure.gravatar.com\/avatar\/3985c961109853010c3fbc7ba30365bfba5db3dd6c525831d9c595c7525a615a?s=96&d=mm&r=g","contentUrl":"https:\/\/secure.gravatar.com\/avatar\/3985c961109853010c3fbc7ba30365bfba5db3dd6c525831d9c595c7525a615a?s=96&d=mm&r=g","caption":"ktmin"},"sameAs":["https:\/\/kt.gov.rs"],"url":"https:\/\/kt.gov.rs\/sq\/author\/ktmin\/"}]}},"_links":{"self":[{"href":"https:\/\/kt.gov.rs\/sq\/wp-json\/wp\/v2\/posts\/139521","targetHints":{"allow":["GET"]}}],"collection":[{"href":"https:\/\/kt.gov.rs\/sq\/wp-json\/wp\/v2\/posts"}],"about":[{"href":"https:\/\/kt.gov.rs\/sq\/wp-json\/wp\/v2\/types\/post"}],"author":[{"embeddable":true,"href":"https:\/\/kt.gov.rs\/sq\/wp-json\/wp\/v2\/users\/1"}],"replies":[{"embeddable":true,"href":"https:\/\/kt.gov.rs\/sq\/wp-json\/wp\/v2\/comments?post=139521"}],"version-history":[{"count":1,"href":"https:\/\/kt.gov.rs\/sq\/wp-json\/wp\/v2\/posts\/139521\/revisions"}],"predecessor-version":[{"id":139525,"href":"https:\/\/kt.gov.rs\/sq\/wp-json\/wp\/v2\/posts\/139521\/revisions\/139525"}],"wp:featuredmedia":[{"embeddable":true,"href":"https:\/\/kt.gov.rs\/sq\/wp-json\/wp\/v2\/media\/139526"}],"wp:attachment":[{"href":"https:\/\/kt.gov.rs\/sq\/wp-json\/wp\/v2\/media?parent=139521"}],"wp:term":[{"taxonomy":"category","embeddable":true,"href":"https:\/\/kt.gov.rs\/sq\/wp-json\/wp\/v2\/categories?post=139521"},{"taxonomy":"post_tag","embeddable":true,"href":"https:\/\/kt.gov.rs\/sq\/wp-json\/wp\/v2\/tags?post=139521"}],"curies":[{"name":"wp","href":"https:\/\/api.w.org\/{rel}","templated":true}]}}