{"id":139505,"date":"2014-02-14T00:00:00","date_gmt":"2014-02-14T00:00:00","guid":{"rendered":"http:\/\/kt.printandscreen.rs\/miliarda-ngriten-kundwr-dhunws-ndaj-grave-nw-bujanoc\/"},"modified":"2024-07-30T20:13:15","modified_gmt":"2024-07-30T20:13:15","slug":"miliarda-ngriten-kundwr-dhunws-ndaj-grave-nw-bujanoc","status":"publish","type":"post","link":"https:\/\/kt.gov.rs\/sq\/miliarda-ngriten-kundwr-dhunws-ndaj-grave-nw-bujanoc\/","title":{"rendered":"\u201cMILIARDA NGRITEN\u201d KUNDWR DHUNWS NDAJ GRAVE NW BUJANOC"},"content":{"rendered":"<p>\n\t<img decoding=\"async\" alt=\"\" src=\"https:\/\/kt.gov.rs\/wp-content\/uploads\/2024\/07\/newspic782-4.jpg\" style=\"width: 315px; height: 209px; float: left;\" \/><strong>Bujanoc \u2013<\/strong>\u00a0 Aktivist\u00ebt e rinj nga t\u00eb gjith\u00eb nacionalitetet n\u00eb Bujanoc, sot n\u00eb ora 12.00, iu jan\u00eb bashkuar l\u00ebvizjes globale \u201eMiliarda ngriten\u201c dhe kan\u00eb k\u00ebrcyer n\u00eb qend\u00ebr t\u00eb Bujanocit. N\u00eb k\u00ebt\u00eb aksion do t\u00eb marrin pjes\u00eb m\u00eb shum\u00eb se 30 t\u00eb rinj nga Bujanoci, t\u00eb mosh\u00ebs 16-25 vje\u00e7are.<\/p>\n<p>\n\tAksioni \u201cMiliarda ngriten kund\u00ebr dhun\u00eb ndaj gruas\u201d, organizat\u00ebs Generator nga Vraja, iu \u00ebsht\u00eb bashkuar edhe K\u00ebshili i t\u00eb drejtave t\u00eb njeriut n\u00eb Vraj\u00eb, Incijantivat qytetare si dhe pjes\u00ebmarr\u00ebsit e projektin Youth Build nga Bujanoci. Ky aksion \u00ebsht\u00eb organizuar me bashk\u00ebpunimin e Zyr\u00ebs p\u00ebr t\u00eb rinj n\u00eb Bujanoc dhe shkollave t\u00eb mesme \u201cSveti Sava\u201d dhe \u201cSezai Surroi\u201d n\u00eb Bujanoc, m\u00eb ndihm\u00ebn e nx\u00ebn\u00ebsve t\u00eb shkoll\u00ebs Ekonomike-tragtare dhe shkoll\u00ebs Teknike-kimike nga Vraja.<\/p>\n<p>\n\tKampanja globale \u201cMiliarda \u00e7ohen\/One Billion Rising\u201d, ka filluar n\u00eb vitin 2013 dhe kjo fton t\u00eb rinj\u00ebt t\u00eb ndalojn\u00eb dhun\u00ebn ndaj grave.<\/p>\n<p>\n\tMe k\u00ebt\u00eb aksion t\u00eb rinj\u00ebt nga jugu i Serbis\u00eb, s\u00ebpari nga yllkat dhe vajzat, serbe, shqiptare, rome, poashtu edhe moshatar\u00ebt e tyre, d\u00ebshirojn\u00eb t\u00eb ofrojn\u00eb mb\u00ebshtetje grave t\u00eb cilat i kan\u00eb mbijetuar dhun\u00ebs mashkullore, t\u00eb t\u00ebrheqin v\u00ebmendjen publikut se kjo dhun\u00eb ndaj grave \u00ebsht\u00eb krim.<\/p>\n<p>\n\tAksioni organizohet n\u00eb kuad\u00ebr t\u00eb kampanj\u00ebs \u201cMi-tu\u201d, pjes\u00eb e projektit \u201cM\u00eb barazo!\u201d n\u00eb territorin e komun\u00ebs s\u00eb Preshev\u00ebs, Buajnocit, Vraj\u00ebs dhe Vlladi\u00e7in Hanit.<\/p>\n<p>\n\tQ\u00ebllimi i projektit \u00ebsht\u00eb t\u00ebrheqja e v\u00ebmendjes t\u00eb shoq\u00ebris\u00eb n\u00eb kat\u00ebr komunat n\u00eb jug t\u00eb Serbis\u00eb p\u00ebr r\u00ebnd\u00ebsin\u00eb e respektimit t\u00eb t\u00eb drejtave t\u00eb minoriteteve, luft\u00eb kund\u00ebr diskriminimit dhe p\u00ebrfshirjes.<\/p>\n<p>\n\tProjekti ka t\u00eb b\u00ebje me grupet e pakicave t\u00eb cilat jan\u00eb m\u00eb t\u00eb diskriminuarat n\u00eb jug t\u00eb Serbis\u00eb: pakicat etnike (shqiptare dhe rome), grat\u00eb, LGBT-s\u00eb dhe personave me aft\u00ebsi t\u00eb kufizuara. Projekti realizohet me ndihm\u00ebn e Delegacionit t\u00eb UE-s\u00eb n\u00eb Serbi, p\u00ebrmes programit t\u00eb EIDHR dhe qytetit t\u00eb Vraj\u00ebs.<\/p>\n<p>\n\t<strong>Burimi: Jugmedia dhe Trupi Koordinues <\/strong><\/p>\n<p>\n\t\u00a0<\/p>\n","protected":false},"excerpt":{"rendered":"<p>Bujanoc \u2013\u00a0 Aktivist\u00ebt e rinj nga t\u00eb gjith\u00eb nacionalitetet n\u00eb Bujanoc, sot n\u00eb ora 12.00, iu jan\u00eb bashkuar l\u00ebvizjes globale \u201eMiliarda ngriten\u201c dhe kan\u00eb k\u00ebrcyer n\u00eb qend\u00ebr t\u00eb Bujanocit.<\/p>\n","protected":false},"author":1,"featured_media":139510,"comment_status":"closed","ping_status":"closed","sticky":false,"template":"","format":"standard","meta":{"footnotes":""},"categories":[55],"tags":[],"class_list":["post-139505","post","type-post","status-publish","format-standard","has-post-thumbnail","hentry","category-lajme"],"yoast_head":"<!-- This site is optimized with the Yoast SEO plugin v27.5 - https:\/\/yoast.com\/product\/yoast-seo-wordpress\/ -->\n<title>\u201cMILIARDA NGRITEN\u201d KUNDWR DHUNWS NDAJ GRAVE NW BUJANOC - Republika e S\u00ebrbis\u00eb Trupi Koordinues p\u00ebr komunat Bujanoc, Preshev\u00eb dhe Medvegj\u00eb<\/title>\n<meta name=\"robots\" content=\"index, follow, max-snippet:-1, max-image-preview:large, max-video-preview:-1\" \/>\n<link rel=\"canonical\" href=\"https:\/\/kt.gov.rs\/sq\/miliarda-ngriten-kundwr-dhunws-ndaj-grave-nw-bujanoc\/\" \/>\n<meta property=\"og:locale\" content=\"sq_AL\" \/>\n<meta property=\"og:type\" content=\"article\" \/>\n<meta property=\"og:title\" content=\"\u201cMILIARDA NGRITEN\u201d KUNDWR DHUNWS NDAJ GRAVE NW BUJANOC - Republika e S\u00ebrbis\u00eb Trupi Koordinues p\u00ebr komunat Bujanoc, Preshev\u00eb dhe Medvegj\u00eb\" \/>\n<meta property=\"og:description\" content=\"Bujanoc -\u00a0 Aktivist\u00ebt e rinj nga t\u00eb gjith\u00eb nacionalitetet n\u00eb Bujanoc, sot n\u00eb ora 12.00, iu jan\u00eb bashkuar l\u00ebvizjes globale \u201eMiliarda ngriten\u201c dhe kan\u00eb k\u00ebrcyer n\u00eb qend\u00ebr t\u00eb Bujanocit.\" \/>\n<meta property=\"og:url\" content=\"https:\/\/kt.gov.rs\/sq\/miliarda-ngriten-kundwr-dhunws-ndaj-grave-nw-bujanoc\/\" \/>\n<meta property=\"og:site_name\" content=\"Republika e S\u00ebrbis\u00eb Trupi Koordinues p\u00ebr komunat Bujanoc, Preshev\u00eb dhe Medvegj\u00eb\" \/>\n<meta property=\"article:publisher\" content=\"https:\/\/www.facebook.com\/SluzbaKoordinacionogTelaVladeRepublikeSrbije\" \/>\n<meta property=\"article:published_time\" content=\"2014-02-14T00:00:00+00:00\" \/>\n<meta property=\"article:modified_time\" content=\"2024-07-30T20:13:15+00:00\" \/>\n<meta property=\"og:image\" content=\"https:\/\/kt.gov.rs\/wp-content\/uploads\/2024\/07\/newspic782-5.jpg\" \/>\n\t<meta property=\"og:image:width\" content=\"315\" \/>\n\t<meta property=\"og:image:height\" content=\"209\" \/>\n\t<meta property=\"og:image:type\" content=\"image\/jpeg\" \/>\n<meta name=\"author\" content=\"ktmin\" \/>\n<meta name=\"twitter:card\" content=\"summary_large_image\" \/>\n<meta name=\"twitter:creator\" content=\"@kt_gov\" \/>\n<meta name=\"twitter:site\" content=\"@kt_gov\" \/>\n<meta name=\"twitter:label1\" content=\"Written by\" \/>\n\t<meta name=\"twitter:data1\" content=\"ktmin\" \/>\n\t<meta name=\"twitter:label2\" content=\"Est. reading time\" \/>\n\t<meta name=\"twitter:data2\" content=\"2 minutes\" \/>\n<script type=\"application\/ld+json\" class=\"yoast-schema-graph\">{\"@context\":\"https:\\\/\\\/schema.org\",\"@graph\":[{\"@type\":\"Article\",\"@id\":\"https:\\\/\\\/kt.gov.rs\\\/sq\\\/miliarda-ngriten-kundwr-dhunws-ndaj-grave-nw-bujanoc\\\/#article\",\"isPartOf\":{\"@id\":\"https:\\\/\\\/kt.gov.rs\\\/sq\\\/miliarda-ngriten-kundwr-dhunws-ndaj-grave-nw-bujanoc\\\/\"},\"author\":{\"name\":\"ktmin\",\"@id\":\"https:\\\/\\\/kt.gov.rs\\\/#\\\/schema\\\/person\\\/e426459ddb4173309103390602694571\"},\"headline\":\"\u201cMILIARDA NGRITEN\u201d KUNDWR DHUNWS NDAJ GRAVE NW BUJANOC\",\"datePublished\":\"2014-02-14T00:00:00+00:00\",\"dateModified\":\"2024-07-30T20:13:15+00:00\",\"mainEntityOfPage\":{\"@id\":\"https:\\\/\\\/kt.gov.rs\\\/sq\\\/miliarda-ngriten-kundwr-dhunws-ndaj-grave-nw-bujanoc\\\/\"},\"wordCount\":500,\"publisher\":{\"@id\":\"https:\\\/\\\/kt.gov.rs\\\/#organization\"},\"image\":{\"@id\":\"https:\\\/\\\/kt.gov.rs\\\/sq\\\/miliarda-ngriten-kundwr-dhunws-ndaj-grave-nw-bujanoc\\\/#primaryimage\"},\"thumbnailUrl\":\"https:\\\/\\\/kt.gov.rs\\\/wp-content\\\/uploads\\\/2024\\\/07\\\/newspic782-5.jpg\",\"articleSection\":[\"Lajme\"],\"inLanguage\":\"sq-AL\"},{\"@type\":\"WebPage\",\"@id\":\"https:\\\/\\\/kt.gov.rs\\\/sq\\\/miliarda-ngriten-kundwr-dhunws-ndaj-grave-nw-bujanoc\\\/\",\"url\":\"https:\\\/\\\/kt.gov.rs\\\/sq\\\/miliarda-ngriten-kundwr-dhunws-ndaj-grave-nw-bujanoc\\\/\",\"name\":\"\u201cMILIARDA NGRITEN\u201d KUNDWR DHUNWS NDAJ GRAVE NW BUJANOC - Republika e S\u00ebrbis\u00eb Trupi Koordinues p\u00ebr komunat Bujanoc, Preshev\u00eb dhe Medvegj\u00eb\",\"isPartOf\":{\"@id\":\"https:\\\/\\\/kt.gov.rs\\\/#website\"},\"primaryImageOfPage\":{\"@id\":\"https:\\\/\\\/kt.gov.rs\\\/sq\\\/miliarda-ngriten-kundwr-dhunws-ndaj-grave-nw-bujanoc\\\/#primaryimage\"},\"image\":{\"@id\":\"https:\\\/\\\/kt.gov.rs\\\/sq\\\/miliarda-ngriten-kundwr-dhunws-ndaj-grave-nw-bujanoc\\\/#primaryimage\"},\"thumbnailUrl\":\"https:\\\/\\\/kt.gov.rs\\\/wp-content\\\/uploads\\\/2024\\\/07\\\/newspic782-5.jpg\",\"datePublished\":\"2014-02-14T00:00:00+00:00\",\"dateModified\":\"2024-07-30T20:13:15+00:00\",\"breadcrumb\":{\"@id\":\"https:\\\/\\\/kt.gov.rs\\\/sq\\\/miliarda-ngriten-kundwr-dhunws-ndaj-grave-nw-bujanoc\\\/#breadcrumb\"},\"inLanguage\":\"sq-AL\",\"potentialAction\":[{\"@type\":\"ReadAction\",\"target\":[\"https:\\\/\\\/kt.gov.rs\\\/sq\\\/miliarda-ngriten-kundwr-dhunws-ndaj-grave-nw-bujanoc\\\/\"]}]},{\"@type\":\"ImageObject\",\"inLanguage\":\"sq-AL\",\"@id\":\"https:\\\/\\\/kt.gov.rs\\\/sq\\\/miliarda-ngriten-kundwr-dhunws-ndaj-grave-nw-bujanoc\\\/#primaryimage\",\"url\":\"https:\\\/\\\/kt.gov.rs\\\/wp-content\\\/uploads\\\/2024\\\/07\\\/newspic782-5.jpg\",\"contentUrl\":\"https:\\\/\\\/kt.gov.rs\\\/wp-content\\\/uploads\\\/2024\\\/07\\\/newspic782-5.jpg\",\"width\":315,\"height\":209},{\"@type\":\"BreadcrumbList\",\"@id\":\"https:\\\/\\\/kt.gov.rs\\\/sq\\\/miliarda-ngriten-kundwr-dhunws-ndaj-grave-nw-bujanoc\\\/#breadcrumb\",\"itemListElement\":[{\"@type\":\"ListItem\",\"position\":1,\"name\":\"\u041f\u043e\u0447\u0435\u0442\u043d\u0430\",\"item\":\"https:\\\/\\\/kt.gov.rs\\\/sq\\\/\"},{\"@type\":\"ListItem\",\"position\":2,\"name\":\"\u201cMILIARDA NGRITEN\u201d KUNDWR DHUNWS NDAJ GRAVE NW BUJANOC\"}]},{\"@type\":\"WebSite\",\"@id\":\"https:\\\/\\\/kt.gov.rs\\\/#website\",\"url\":\"https:\\\/\\\/kt.gov.rs\\\/\",\"name\":\"\u041a\u043e\u043e\u0440\u0434\u0438\u043d\u0430\u0446\u0438\u043e\u043d\u043e \u0442\u0435\u043b\u043e \u0412\u043b\u0430\u0434\u0435 \u0420\u0435\u043f\u0443\u0431\u043b\u0438\u043a\u0435 \u0421\u0440\u0431\u0438\u0458\u0435 \u0437\u0430 \u043e\u043f\u0448\u0442\u0438\u043d\u0435 \u041f\u0440\u0435\u0448\u0435\u0432\u043e, \u0411\u0443\u0458\u0430\u043d\u043e\u0432\u0430\u0446 \u0438 \u041c\u0435\u0434\u0432\u0435\u0452a\",\"description\":\"\",\"publisher\":{\"@id\":\"https:\\\/\\\/kt.gov.rs\\\/#organization\"},\"alternateName\":\"\u041a\u043e\u043e\u0440\u0434\u0438\u043d\u0430\u0446\u0438\u043e\u043d\u043e \u0442\u0435\u043b\u043e\",\"potentialAction\":[{\"@type\":\"SearchAction\",\"target\":{\"@type\":\"EntryPoint\",\"urlTemplate\":\"https:\\\/\\\/kt.gov.rs\\\/?s={search_term_string}\"},\"query-input\":{\"@type\":\"PropertyValueSpecification\",\"valueRequired\":true,\"valueName\":\"search_term_string\"}}],\"inLanguage\":\"sq-AL\"},{\"@type\":\"Organization\",\"@id\":\"https:\\\/\\\/kt.gov.rs\\\/#organization\",\"name\":\"\u041a\u043e\u043e\u0440\u0434\u0438\u043d\u0430\u0446\u0438\u043e\u043d\u043e \u0442\u0435\u043b\u043e \u0412\u043b\u0430\u0434\u0435 \u0420\u0435\u043f\u0443\u0431\u043b\u0438\u043a\u0435 \u0421\u0440\u0431\u0438\u0458\u0435 \u0437\u0430 \u043e\u043f\u0448\u0442\u0438\u043d\u0435 \u041f\u0440\u0435\u0448\u0435\u0432\u043e, \u0411\u0443\u0458\u0430\u043d\u043e\u0432\u0430\u0446 \u0438 \u041c\u0435\u0434\u0432\u0435\u0452a\",\"alternateName\":\"\u041a\u043e\u043e\u0440\u0434\u0438\u043d\u0430\u0446\u0438\u043e\u043d\u043e \u0442\u0435\u043b\u043e\",\"url\":\"https:\\\/\\\/kt.gov.rs\\\/\",\"logo\":{\"@type\":\"ImageObject\",\"inLanguage\":\"sq-AL\",\"@id\":\"https:\\\/\\\/kt.gov.rs\\\/#\\\/schema\\\/logo\\\/image\\\/\",\"url\":\"https:\\\/\\\/kt.gov.rs\\\/wp-content\\\/uploads\\\/2024\\\/12\\\/koord2.jpg\",\"contentUrl\":\"https:\\\/\\\/kt.gov.rs\\\/wp-content\\\/uploads\\\/2024\\\/12\\\/koord2.jpg\",\"width\":640,\"height\":480,\"caption\":\"\u041a\u043e\u043e\u0440\u0434\u0438\u043d\u0430\u0446\u0438\u043e\u043d\u043e \u0442\u0435\u043b\u043e \u0412\u043b\u0430\u0434\u0435 \u0420\u0435\u043f\u0443\u0431\u043b\u0438\u043a\u0435 \u0421\u0440\u0431\u0438\u0458\u0435 \u0437\u0430 \u043e\u043f\u0448\u0442\u0438\u043d\u0435 \u041f\u0440\u0435\u0448\u0435\u0432\u043e, \u0411\u0443\u0458\u0430\u043d\u043e\u0432\u0430\u0446 \u0438 \u041c\u0435\u0434\u0432\u0435\u0452a\"},\"image\":{\"@id\":\"https:\\\/\\\/kt.gov.rs\\\/#\\\/schema\\\/logo\\\/image\\\/\"},\"sameAs\":[\"https:\\\/\\\/www.facebook.com\\\/SluzbaKoordinacionogTelaVladeRepublikeSrbije\",\"https:\\\/\\\/x.com\\\/kt_gov\",\"https:\\\/\\\/www.youtube.com\\\/@koordinacionotelo\"]},{\"@type\":\"Person\",\"@id\":\"https:\\\/\\\/kt.gov.rs\\\/#\\\/schema\\\/person\\\/e426459ddb4173309103390602694571\",\"name\":\"ktmin\",\"image\":{\"@type\":\"ImageObject\",\"inLanguage\":\"sq-AL\",\"@id\":\"https:\\\/\\\/secure.gravatar.com\\\/avatar\\\/3985c961109853010c3fbc7ba30365bfba5db3dd6c525831d9c595c7525a615a?s=96&d=mm&r=g\",\"url\":\"https:\\\/\\\/secure.gravatar.com\\\/avatar\\\/3985c961109853010c3fbc7ba30365bfba5db3dd6c525831d9c595c7525a615a?s=96&d=mm&r=g\",\"contentUrl\":\"https:\\\/\\\/secure.gravatar.com\\\/avatar\\\/3985c961109853010c3fbc7ba30365bfba5db3dd6c525831d9c595c7525a615a?s=96&d=mm&r=g\",\"caption\":\"ktmin\"},\"sameAs\":[\"https:\\\/\\\/kt.gov.rs\"],\"url\":\"https:\\\/\\\/kt.gov.rs\\\/sq\\\/author\\\/ktmin\\\/\"}]}<\/script>\n<!-- \/ Yoast SEO plugin. -->","yoast_head_json":{"title":"\u201cMILIARDA NGRITEN\u201d KUNDWR DHUNWS NDAJ GRAVE NW BUJANOC - Republika e S\u00ebrbis\u00eb Trupi Koordinues p\u00ebr komunat Bujanoc, Preshev\u00eb dhe Medvegj\u00eb","robots":{"index":"index","follow":"follow","max-snippet":"max-snippet:-1","max-image-preview":"max-image-preview:large","max-video-preview":"max-video-preview:-1"},"canonical":"https:\/\/kt.gov.rs\/sq\/miliarda-ngriten-kundwr-dhunws-ndaj-grave-nw-bujanoc\/","og_locale":"sq_AL","og_type":"article","og_title":"\u201cMILIARDA NGRITEN\u201d KUNDWR DHUNWS NDAJ GRAVE NW BUJANOC - Republika e S\u00ebrbis\u00eb Trupi Koordinues p\u00ebr komunat Bujanoc, Preshev\u00eb dhe Medvegj\u00eb","og_description":"Bujanoc -\u00a0 Aktivist\u00ebt e rinj nga t\u00eb gjith\u00eb nacionalitetet n\u00eb Bujanoc, sot n\u00eb ora 12.00, iu jan\u00eb bashkuar l\u00ebvizjes globale \u201eMiliarda ngriten\u201c dhe kan\u00eb k\u00ebrcyer n\u00eb qend\u00ebr t\u00eb Bujanocit.","og_url":"https:\/\/kt.gov.rs\/sq\/miliarda-ngriten-kundwr-dhunws-ndaj-grave-nw-bujanoc\/","og_site_name":"Republika e S\u00ebrbis\u00eb Trupi Koordinues p\u00ebr komunat Bujanoc, Preshev\u00eb dhe Medvegj\u00eb","article_publisher":"https:\/\/www.facebook.com\/SluzbaKoordinacionogTelaVladeRepublikeSrbije","article_published_time":"2014-02-14T00:00:00+00:00","article_modified_time":"2024-07-30T20:13:15+00:00","og_image":[{"width":315,"height":209,"url":"https:\/\/kt.gov.rs\/wp-content\/uploads\/2024\/07\/newspic782-5.jpg","type":"image\/jpeg"}],"author":"ktmin","twitter_card":"summary_large_image","twitter_creator":"@kt_gov","twitter_site":"@kt_gov","twitter_misc":{"Written by":"ktmin","Est. reading time":"2 minutes"},"schema":{"@context":"https:\/\/schema.org","@graph":[{"@type":"Article","@id":"https:\/\/kt.gov.rs\/sq\/miliarda-ngriten-kundwr-dhunws-ndaj-grave-nw-bujanoc\/#article","isPartOf":{"@id":"https:\/\/kt.gov.rs\/sq\/miliarda-ngriten-kundwr-dhunws-ndaj-grave-nw-bujanoc\/"},"author":{"name":"ktmin","@id":"https:\/\/kt.gov.rs\/#\/schema\/person\/e426459ddb4173309103390602694571"},"headline":"\u201cMILIARDA NGRITEN\u201d KUNDWR DHUNWS NDAJ GRAVE NW BUJANOC","datePublished":"2014-02-14T00:00:00+00:00","dateModified":"2024-07-30T20:13:15+00:00","mainEntityOfPage":{"@id":"https:\/\/kt.gov.rs\/sq\/miliarda-ngriten-kundwr-dhunws-ndaj-grave-nw-bujanoc\/"},"wordCount":500,"publisher":{"@id":"https:\/\/kt.gov.rs\/#organization"},"image":{"@id":"https:\/\/kt.gov.rs\/sq\/miliarda-ngriten-kundwr-dhunws-ndaj-grave-nw-bujanoc\/#primaryimage"},"thumbnailUrl":"https:\/\/kt.gov.rs\/wp-content\/uploads\/2024\/07\/newspic782-5.jpg","articleSection":["Lajme"],"inLanguage":"sq-AL"},{"@type":"WebPage","@id":"https:\/\/kt.gov.rs\/sq\/miliarda-ngriten-kundwr-dhunws-ndaj-grave-nw-bujanoc\/","url":"https:\/\/kt.gov.rs\/sq\/miliarda-ngriten-kundwr-dhunws-ndaj-grave-nw-bujanoc\/","name":"\u201cMILIARDA NGRITEN\u201d KUNDWR DHUNWS NDAJ GRAVE NW BUJANOC - Republika e S\u00ebrbis\u00eb Trupi Koordinues p\u00ebr komunat Bujanoc, Preshev\u00eb dhe Medvegj\u00eb","isPartOf":{"@id":"https:\/\/kt.gov.rs\/#website"},"primaryImageOfPage":{"@id":"https:\/\/kt.gov.rs\/sq\/miliarda-ngriten-kundwr-dhunws-ndaj-grave-nw-bujanoc\/#primaryimage"},"image":{"@id":"https:\/\/kt.gov.rs\/sq\/miliarda-ngriten-kundwr-dhunws-ndaj-grave-nw-bujanoc\/#primaryimage"},"thumbnailUrl":"https:\/\/kt.gov.rs\/wp-content\/uploads\/2024\/07\/newspic782-5.jpg","datePublished":"2014-02-14T00:00:00+00:00","dateModified":"2024-07-30T20:13:15+00:00","breadcrumb":{"@id":"https:\/\/kt.gov.rs\/sq\/miliarda-ngriten-kundwr-dhunws-ndaj-grave-nw-bujanoc\/#breadcrumb"},"inLanguage":"sq-AL","potentialAction":[{"@type":"ReadAction","target":["https:\/\/kt.gov.rs\/sq\/miliarda-ngriten-kundwr-dhunws-ndaj-grave-nw-bujanoc\/"]}]},{"@type":"ImageObject","inLanguage":"sq-AL","@id":"https:\/\/kt.gov.rs\/sq\/miliarda-ngriten-kundwr-dhunws-ndaj-grave-nw-bujanoc\/#primaryimage","url":"https:\/\/kt.gov.rs\/wp-content\/uploads\/2024\/07\/newspic782-5.jpg","contentUrl":"https:\/\/kt.gov.rs\/wp-content\/uploads\/2024\/07\/newspic782-5.jpg","width":315,"height":209},{"@type":"BreadcrumbList","@id":"https:\/\/kt.gov.rs\/sq\/miliarda-ngriten-kundwr-dhunws-ndaj-grave-nw-bujanoc\/#breadcrumb","itemListElement":[{"@type":"ListItem","position":1,"name":"\u041f\u043e\u0447\u0435\u0442\u043d\u0430","item":"https:\/\/kt.gov.rs\/sq\/"},{"@type":"ListItem","position":2,"name":"\u201cMILIARDA NGRITEN\u201d KUNDWR DHUNWS NDAJ GRAVE NW BUJANOC"}]},{"@type":"WebSite","@id":"https:\/\/kt.gov.rs\/#website","url":"https:\/\/kt.gov.rs\/","name":"\u041a\u043e\u043e\u0440\u0434\u0438\u043d\u0430\u0446\u0438\u043e\u043d\u043e \u0442\u0435\u043b\u043e \u0412\u043b\u0430\u0434\u0435 \u0420\u0435\u043f\u0443\u0431\u043b\u0438\u043a\u0435 \u0421\u0440\u0431\u0438\u0458\u0435 \u0437\u0430 \u043e\u043f\u0448\u0442\u0438\u043d\u0435 \u041f\u0440\u0435\u0448\u0435\u0432\u043e, \u0411\u0443\u0458\u0430\u043d\u043e\u0432\u0430\u0446 \u0438 \u041c\u0435\u0434\u0432\u0435\u0452a","description":"","publisher":{"@id":"https:\/\/kt.gov.rs\/#organization"},"alternateName":"\u041a\u043e\u043e\u0440\u0434\u0438\u043d\u0430\u0446\u0438\u043e\u043d\u043e \u0442\u0435\u043b\u043e","potentialAction":[{"@type":"SearchAction","target":{"@type":"EntryPoint","urlTemplate":"https:\/\/kt.gov.rs\/?s={search_term_string}"},"query-input":{"@type":"PropertyValueSpecification","valueRequired":true,"valueName":"search_term_string"}}],"inLanguage":"sq-AL"},{"@type":"Organization","@id":"https:\/\/kt.gov.rs\/#organization","name":"\u041a\u043e\u043e\u0440\u0434\u0438\u043d\u0430\u0446\u0438\u043e\u043d\u043e \u0442\u0435\u043b\u043e \u0412\u043b\u0430\u0434\u0435 \u0420\u0435\u043f\u0443\u0431\u043b\u0438\u043a\u0435 \u0421\u0440\u0431\u0438\u0458\u0435 \u0437\u0430 \u043e\u043f\u0448\u0442\u0438\u043d\u0435 \u041f\u0440\u0435\u0448\u0435\u0432\u043e, \u0411\u0443\u0458\u0430\u043d\u043e\u0432\u0430\u0446 \u0438 \u041c\u0435\u0434\u0432\u0435\u0452a","alternateName":"\u041a\u043e\u043e\u0440\u0434\u0438\u043d\u0430\u0446\u0438\u043e\u043d\u043e \u0442\u0435\u043b\u043e","url":"https:\/\/kt.gov.rs\/","logo":{"@type":"ImageObject","inLanguage":"sq-AL","@id":"https:\/\/kt.gov.rs\/#\/schema\/logo\/image\/","url":"https:\/\/kt.gov.rs\/wp-content\/uploads\/2024\/12\/koord2.jpg","contentUrl":"https:\/\/kt.gov.rs\/wp-content\/uploads\/2024\/12\/koord2.jpg","width":640,"height":480,"caption":"\u041a\u043e\u043e\u0440\u0434\u0438\u043d\u0430\u0446\u0438\u043e\u043d\u043e \u0442\u0435\u043b\u043e \u0412\u043b\u0430\u0434\u0435 \u0420\u0435\u043f\u0443\u0431\u043b\u0438\u043a\u0435 \u0421\u0440\u0431\u0438\u0458\u0435 \u0437\u0430 \u043e\u043f\u0448\u0442\u0438\u043d\u0435 \u041f\u0440\u0435\u0448\u0435\u0432\u043e, \u0411\u0443\u0458\u0430\u043d\u043e\u0432\u0430\u0446 \u0438 \u041c\u0435\u0434\u0432\u0435\u0452a"},"image":{"@id":"https:\/\/kt.gov.rs\/#\/schema\/logo\/image\/"},"sameAs":["https:\/\/www.facebook.com\/SluzbaKoordinacionogTelaVladeRepublikeSrbije","https:\/\/x.com\/kt_gov","https:\/\/www.youtube.com\/@koordinacionotelo"]},{"@type":"Person","@id":"https:\/\/kt.gov.rs\/#\/schema\/person\/e426459ddb4173309103390602694571","name":"ktmin","image":{"@type":"ImageObject","inLanguage":"sq-AL","@id":"https:\/\/secure.gravatar.com\/avatar\/3985c961109853010c3fbc7ba30365bfba5db3dd6c525831d9c595c7525a615a?s=96&d=mm&r=g","url":"https:\/\/secure.gravatar.com\/avatar\/3985c961109853010c3fbc7ba30365bfba5db3dd6c525831d9c595c7525a615a?s=96&d=mm&r=g","contentUrl":"https:\/\/secure.gravatar.com\/avatar\/3985c961109853010c3fbc7ba30365bfba5db3dd6c525831d9c595c7525a615a?s=96&d=mm&r=g","caption":"ktmin"},"sameAs":["https:\/\/kt.gov.rs"],"url":"https:\/\/kt.gov.rs\/sq\/author\/ktmin\/"}]}},"_links":{"self":[{"href":"https:\/\/kt.gov.rs\/sq\/wp-json\/wp\/v2\/posts\/139505","targetHints":{"allow":["GET"]}}],"collection":[{"href":"https:\/\/kt.gov.rs\/sq\/wp-json\/wp\/v2\/posts"}],"about":[{"href":"https:\/\/kt.gov.rs\/sq\/wp-json\/wp\/v2\/types\/post"}],"author":[{"embeddable":true,"href":"https:\/\/kt.gov.rs\/sq\/wp-json\/wp\/v2\/users\/1"}],"replies":[{"embeddable":true,"href":"https:\/\/kt.gov.rs\/sq\/wp-json\/wp\/v2\/comments?post=139505"}],"version-history":[{"count":1,"href":"https:\/\/kt.gov.rs\/sq\/wp-json\/wp\/v2\/posts\/139505\/revisions"}],"predecessor-version":[{"id":139509,"href":"https:\/\/kt.gov.rs\/sq\/wp-json\/wp\/v2\/posts\/139505\/revisions\/139509"}],"wp:featuredmedia":[{"embeddable":true,"href":"https:\/\/kt.gov.rs\/sq\/wp-json\/wp\/v2\/media\/139510"}],"wp:attachment":[{"href":"https:\/\/kt.gov.rs\/sq\/wp-json\/wp\/v2\/media?parent=139505"}],"wp:term":[{"taxonomy":"category","embeddable":true,"href":"https:\/\/kt.gov.rs\/sq\/wp-json\/wp\/v2\/categories?post=139505"},{"taxonomy":"post_tag","embeddable":true,"href":"https:\/\/kt.gov.rs\/sq\/wp-json\/wp\/v2\/tags?post=139505"}],"curies":[{"name":"wp","href":"https:\/\/api.w.org\/{rel}","templated":true}]}}