{"id":139478,"date":"2014-02-19T00:00:00","date_gmt":"2014-02-19T00:00:00","guid":{"rendered":"http:\/\/kt.printandscreen.rs\/integrimi-i-pakicave-proces-pa-fund\/"},"modified":"2024-07-30T20:13:12","modified_gmt":"2024-07-30T20:13:12","slug":"integrimi-i-pakicave-proces-pa-fund","status":"publish","type":"post","link":"https:\/\/kt.gov.rs\/sq\/integrimi-i-pakicave-proces-pa-fund\/","title":{"rendered":"INTEGRIMI I PAKICAVE PRO\u00c7ES PA FUND"},"content":{"rendered":"<p>\n\t<strong><img decoding=\"async\" alt=\"\" src=\"https:\/\/kt.gov.rs\/wp-content\/uploads\/2024\/07\/newspic785-4.jpg\" style=\"width: 315px; height: 209px; float: left;\" \/>Preshev\u00eb \u2013<\/strong> Kryetari i organizat\u00ebs joqeveritare \u201cForumi p\u00ebr mardh\u00ebnie nd\u00ebrentike\u201d, Dushan Janjiq ka deklaruar se p\u00ebrfaq\u00ebsuesit shqiptar\u00eb nga Presheva dhe Bujanoci kan\u00eb treguar gadishm\u00ebri q\u00eb n\u00eb nj\u00eb form\u00eb t\u00eb vazhdojn\u00eb dialogun me Qeverin\u00eb e Serbis\u00eb.<\/p>\n<p>\n\tJanjiq ka deklaruar se shqiptar\u00ebt n\u00eb truez\u00ebn e rrumbullak\u00ebt n\u00eb Preshev\u00eb t\u00eb dedikuar p\u00ebr avancimin e politikave t\u00eb pakicave n\u00eb Serbi kan\u00eb treguar gadishm\u00ebri \u201cq\u00eb t\u00eb arrihet ndonj\u00eb marr\u00ebveshje p\u00ebr zgjidhjen e problemeve n\u00eb Preshev\u00eb dhe Bujanoc dhe q\u00eb ato probleme t\u00eb hiqen nga rendi i dit\u00ebs\u201d.<\/p>\n<p>\n\tJanjiq ka p\u00ebrmendur se n\u00eb truez\u00ebn e rrumbullak\u00ebt nuk \u00ebsht\u00eb diskutuar rreth zgjedhjeve parlamentare, t\u00eb cilat zgjedhje i kan\u00eb bojkotuar pes\u00eb partit\u00eb shqiptare nga Presheva dhe Bujanoci, mir\u00ebpo u diskutua p\u00ebr problemet t\u00eb cilat PDD-ja e Halimit ka rreth regjistrimit t\u00eb n\u00ebnshkrimeve.<\/p>\n<p>\n\tKryetari i Trupit Koordinues p\u00ebr komunat Bujanoc, Preshev\u00eb dhe Medvegj\u00eb, Zoran Stankoviq ka th\u00ebn\u00eb se ai nuk mund ta kuptoj vendimin e lider\u00ebve shqiptar p\u00ebr bojkot t\u00eb pro\u00e7eseve t\u00eb cilat kan\u00eb p\u00ebr q\u00ebllim zgjidhjen e problemeve t\u00eb komunitit t\u00eb tyre.<\/p>\n<p>\n\t\u00a0\u201cGjith\u00e7ka q\u00eb punojm\u00eb \u00ebsht\u00eb e r\u00ebnd\u00ebsishme, p\u00ebrve\u00e7 dialogut dhe dh\u00ebnies s\u00eb infromatave t\u00eb sakta. N\u00eb nj\u00eb mbledhje me ambasador\u00ebt n\u00eb Beograd \u00ebsht\u00eb th\u00ebn\u00eb se S\u00ebrbia asgj\u00eb nuk b\u00ebn\u00eb p\u00ebr shqiptar\u00ebt nga jugu i Serbis\u00eb dhe se ai diskriminim shihet edhe n\u00eb at\u00eb se nuk mund t\u00eb b\u00ebh\u00ebt nostrifikimi i diplomave nga Kosova dhe Metohia dhe Univerzitetit t\u00eb Tetov\u00ebs dhe se ka 400 k\u00ebrkesa t\u00eb pazgjidhura. Kam kontrolluar k\u00ebt\u00eb dhe \u00ebsht\u00eb par\u00eb se t\u00eb dh\u00ebnat jan\u00eb t\u00ebr\u00ebsisht tjera, jan\u00eb parashtruar 317 k\u00ebrkesa p\u00ebr nostrifikim t\u00eb diplomave, 284 jan\u00eb t\u00eb zgjidhura pozitivisht, nd\u00ebrsa k\u00ebrkesat tjera jan\u00eb n\u00eb procedur\u00eb ose jan\u00eb refuzuar\u201d, ka th\u00ebn\u00eb Stankoviq.<\/p>\n<p>\n\tKryetari i Komisarit t\u00eb Lart\u00eb i OSBE-s\u00eb p\u00ebr pakicat komb\u00ebtare, Aleksandar Hug ka th\u00ebn\u00eb n\u00eb Preshev\u00eb se integrimi i pakicave \u00ebsht\u00eb pro\u00e7es q\u00eb nuk ka mbarim.<\/p>\n<p>\n\t\u00a0\u201cIntegrimi i pakicave n\u00eb shoq\u00ebri \u00ebsht\u00eb shum\u00eb i r\u00ebnd\u00ebsish\u00ebm mir\u00ebpo ajo nuk guxon q\u00eb t\u00eb b\u00ebhet asimilim\u201d, ka th\u00ebn\u00eb Hug n\u00eb truez\u00ebn e rrumbullak\u00ebt t\u00eb em\u00ebruar \u201cAvancimi i politikave t\u00eb pakicave n\u00eb Serbi \u2013 n\u00eb hap m\u00eb integrimin\u201d, t\u00eb cil\u00ebn e ka organizuar Forumi p\u00ebr mardh\u00ebnie nd\u00ebretnike n\u00eb Preshev\u00eb.<\/p>\n<p>\n\tAi ka shtuar se mardh\u00ebniet e tilla jo vet\u00ebm n\u00eb Serbi, mund t\u00eb \u201cshihen edhe n\u00eb gjitha regjionet dhe gjitha shoq\u00ebrit\u201d.<\/p>\n<p>\n\tHug ka p\u00ebrmendur r\u00ebnd\u00ebsim\u00eb e zbatimit t\u00eb drejtave t\u00eb pakicave n\u00eb jet\u00ebn e p\u00ebrdit\u00ebshme dhe ka shtuar se \u201cpakicat nuk mund ti ken\u00eb k\u00ebrkesat e makimale n\u00eb lidhje me drejtat e tyre\u201d.\u00a0<\/p>\n<p>\n\tKryetari i komun\u00ebs s\u00eb Preshev\u00ebs, Ragmi Mustafa ka mb\u00ebshtetur zbatimin e t\u00eb njejtit parim\u00a0 p\u00ebr shqiptar\u00ebt nga jugu i Serbis\u00eb i nj\u00ebjt\u00eb si i serb\u00ebve n\u00eb Kosov\u00eb dhe Metohi.<\/p>\n<p>\n\tDeputeti i deritanish\u00ebm n\u00eb Asamblen\u00eb Komb\u00ebtare t\u00eb Serbis\u00eb, Riza Halimi, si shembull joadekuat i mardh\u00ebnies s\u00eb shtetit ndaj shqiptar\u00ebve ka p\u00ebrmendur vendimin e rrjetit t\u00eb ri t\u00eb gjykatave, ku n\u00eb t\u00eb cilin nuk jan\u00eb pranuar k\u00ebrkesat e lider\u00ebve lokal q\u00eb edhe Presheva t\u00eb fitoj\u00eb Gjykat\u00ebn Themelore.<\/p>\n<p>\n\tAi ka shtuar se \u201cshqiptar\u00ebt kan\u00eb pasur m\u00eb shum\u00eb t\u00eb drejta gjat\u00eb viteve shtat\u00ebdhjeta dhe tet\u00ebdhjeta t\u00eb shekullit t\u00eb kaluar\u201d.<\/p>\n<p>\n\tHalimi ka theksuar edhe problemin e numrit t\u00eb vog\u00ebl t\u00eb shqiptar\u00ebve n\u00eb institucionet gjyq\u00ebsore n\u00eb Bujanoc dhe Vraj\u00eb.<\/p>\n<p>\n\tSekretari shtet\u00ebror n\u00eb Ministrin\u00eb e Drejt\u00ebsis\u00eb dhe Administrat\u00ebs Shtet\u00ebrore, Negjo Jovanoviq ka th\u00ebn\u00eb se qytetar\u00ebve t\u00eb komun\u00ebs s\u00eb Bujanocit dhe Preshev\u00ebs nuk iu jan\u00eb zvogluar t\u00eb drejtat n\u00eb gjykim t\u00eb drejt\u00eb dhe se situata do t\u00eb b\u00ebhet edhe m\u00eb e mire nga 1 shtatori kur do t\u00eb fillojn\u00eb pun\u00ebn notar\u00ebt.<\/p>\n<p>\n\t\u00a0\u201cMe rrjetin e ri t\u00eb gjykatave, Bujanoci ka fituar Gjykat\u00ebn Themelore nd\u00ebrsa Presheva prokurorin\u00eb. Nga ana tjet\u00ebr, ligjet mund t\u00eb ndryshohen kur t\u00eb tregohet se p\u00ebr ato t\u00eb arrihen kushtet\u201d, ka th\u00ebn\u00eb ai.<\/p>\n<p>\n\tJovanoviq ka ftuar shqiptar\u00ebt q\u00eb t\u00eb konkurojn\u00eb p\u00ebr pun\u00eb n\u00eb gjykata, duke theksuar \u00a0se n\u00eb gjykat\u00ebn e Bujanocit n\u00eb ka vende t\u00eb lira t\u00eb pun\u00eb.<\/p>\n<p>\n\t<strong>Izvor: B92, Jugpres dhe Trupi Koordinues<\/strong><\/p>\n<p>\n\t\u00a0<\/p>\n","protected":false},"excerpt":{"rendered":"<p>Preshev\u00eb \u2013 Kryetari i organizat\u00ebs joqeveritare \u201cForumi p\u00ebr mardh\u00ebnie nd\u00ebrentike\u201d, Dushan Janjiq ka deklaruar se p\u00ebrfaq\u00ebsuesit shqiptar\u00eb nga Presheva dhe Bujanoci kan\u00eb treguar gadishm\u00ebri q\u00eb n\u00eb nj\u00eb form\u00eb t\u00eb vazhdojn\u00eb dialogun me Qeverin\u00eb e Serbis\u00eb.<\/p>\n","protected":false},"author":1,"featured_media":139483,"comment_status":"closed","ping_status":"closed","sticky":false,"template":"","format":"standard","meta":{"footnotes":""},"categories":[55],"tags":[],"class_list":["post-139478","post","type-post","status-publish","format-standard","has-post-thumbnail","hentry","category-lajme"],"yoast_head":"<!-- This site is optimized with the Yoast SEO plugin v27.5 - https:\/\/yoast.com\/product\/yoast-seo-wordpress\/ -->\n<title>INTEGRIMI I PAKICAVE PRO\u00c7ES PA FUND - Republika e S\u00ebrbis\u00eb Trupi Koordinues p\u00ebr komunat Bujanoc, Preshev\u00eb dhe Medvegj\u00eb<\/title>\n<meta name=\"robots\" content=\"index, follow, max-snippet:-1, max-image-preview:large, max-video-preview:-1\" \/>\n<link rel=\"canonical\" href=\"https:\/\/kt.gov.rs\/sq\/integrimi-i-pakicave-proces-pa-fund\/\" \/>\n<meta property=\"og:locale\" content=\"sq_AL\" \/>\n<meta property=\"og:type\" content=\"article\" \/>\n<meta property=\"og:title\" content=\"INTEGRIMI I PAKICAVE PRO\u00c7ES PA FUND - Republika e S\u00ebrbis\u00eb Trupi Koordinues p\u00ebr komunat Bujanoc, Preshev\u00eb dhe Medvegj\u00eb\" \/>\n<meta property=\"og:description\" content=\"Preshev\u00eb \u2013 Kryetari i organizat\u00ebs joqeveritare \u201cForumi p\u00ebr mardh\u00ebnie nd\u00ebrentike\u201d, Dushan Janjiq ka deklaruar se p\u00ebrfaq\u00ebsuesit shqiptar\u00eb nga Presheva dhe Bujanoci kan\u00eb treguar gadishm\u00ebri q\u00eb n\u00eb nj\u00eb form\u00eb t\u00eb vazhdojn\u00eb dialogun me Qeverin\u00eb e Serbis\u00eb.\" \/>\n<meta property=\"og:url\" content=\"https:\/\/kt.gov.rs\/sq\/integrimi-i-pakicave-proces-pa-fund\/\" \/>\n<meta property=\"og:site_name\" content=\"Republika e S\u00ebrbis\u00eb Trupi Koordinues p\u00ebr komunat Bujanoc, Preshev\u00eb dhe Medvegj\u00eb\" \/>\n<meta property=\"article:publisher\" content=\"https:\/\/www.facebook.com\/SluzbaKoordinacionogTelaVladeRepublikeSrbije\" \/>\n<meta property=\"article:published_time\" content=\"2014-02-19T00:00:00+00:00\" \/>\n<meta property=\"article:modified_time\" content=\"2024-07-30T20:13:12+00:00\" \/>\n<meta property=\"og:image\" content=\"https:\/\/kt.gov.rs\/wp-content\/uploads\/2024\/07\/newspic785-5.jpg\" \/>\n\t<meta property=\"og:image:width\" content=\"315\" \/>\n\t<meta property=\"og:image:height\" content=\"209\" \/>\n\t<meta property=\"og:image:type\" content=\"image\/jpeg\" \/>\n<meta name=\"author\" content=\"ktmin\" \/>\n<meta name=\"twitter:card\" content=\"summary_large_image\" \/>\n<meta name=\"twitter:creator\" content=\"@kt_gov\" \/>\n<meta name=\"twitter:site\" content=\"@kt_gov\" \/>\n<meta name=\"twitter:label1\" content=\"Written by\" \/>\n\t<meta name=\"twitter:data1\" content=\"ktmin\" \/>\n\t<meta name=\"twitter:label2\" content=\"Est. reading time\" \/>\n\t<meta name=\"twitter:data2\" content=\"5 minutes\" \/>\n<script type=\"application\/ld+json\" class=\"yoast-schema-graph\">{\"@context\":\"https:\\\/\\\/schema.org\",\"@graph\":[{\"@type\":\"Article\",\"@id\":\"https:\\\/\\\/kt.gov.rs\\\/sq\\\/integrimi-i-pakicave-proces-pa-fund\\\/#article\",\"isPartOf\":{\"@id\":\"https:\\\/\\\/kt.gov.rs\\\/sq\\\/integrimi-i-pakicave-proces-pa-fund\\\/\"},\"author\":{\"name\":\"ktmin\",\"@id\":\"https:\\\/\\\/kt.gov.rs\\\/#\\\/schema\\\/person\\\/e426459ddb4173309103390602694571\"},\"headline\":\"INTEGRIMI I PAKICAVE PRO\u00c7ES PA FUND\",\"datePublished\":\"2014-02-19T00:00:00+00:00\",\"dateModified\":\"2024-07-30T20:13:12+00:00\",\"mainEntityOfPage\":{\"@id\":\"https:\\\/\\\/kt.gov.rs\\\/sq\\\/integrimi-i-pakicave-proces-pa-fund\\\/\"},\"wordCount\":1063,\"publisher\":{\"@id\":\"https:\\\/\\\/kt.gov.rs\\\/#organization\"},\"image\":{\"@id\":\"https:\\\/\\\/kt.gov.rs\\\/sq\\\/integrimi-i-pakicave-proces-pa-fund\\\/#primaryimage\"},\"thumbnailUrl\":\"https:\\\/\\\/kt.gov.rs\\\/wp-content\\\/uploads\\\/2024\\\/07\\\/newspic785-5.jpg\",\"articleSection\":[\"Lajme\"],\"inLanguage\":\"sq-AL\"},{\"@type\":\"WebPage\",\"@id\":\"https:\\\/\\\/kt.gov.rs\\\/sq\\\/integrimi-i-pakicave-proces-pa-fund\\\/\",\"url\":\"https:\\\/\\\/kt.gov.rs\\\/sq\\\/integrimi-i-pakicave-proces-pa-fund\\\/\",\"name\":\"INTEGRIMI I PAKICAVE PRO\u00c7ES PA FUND - Republika e S\u00ebrbis\u00eb Trupi Koordinues p\u00ebr komunat Bujanoc, Preshev\u00eb dhe Medvegj\u00eb\",\"isPartOf\":{\"@id\":\"https:\\\/\\\/kt.gov.rs\\\/#website\"},\"primaryImageOfPage\":{\"@id\":\"https:\\\/\\\/kt.gov.rs\\\/sq\\\/integrimi-i-pakicave-proces-pa-fund\\\/#primaryimage\"},\"image\":{\"@id\":\"https:\\\/\\\/kt.gov.rs\\\/sq\\\/integrimi-i-pakicave-proces-pa-fund\\\/#primaryimage\"},\"thumbnailUrl\":\"https:\\\/\\\/kt.gov.rs\\\/wp-content\\\/uploads\\\/2024\\\/07\\\/newspic785-5.jpg\",\"datePublished\":\"2014-02-19T00:00:00+00:00\",\"dateModified\":\"2024-07-30T20:13:12+00:00\",\"breadcrumb\":{\"@id\":\"https:\\\/\\\/kt.gov.rs\\\/sq\\\/integrimi-i-pakicave-proces-pa-fund\\\/#breadcrumb\"},\"inLanguage\":\"sq-AL\",\"potentialAction\":[{\"@type\":\"ReadAction\",\"target\":[\"https:\\\/\\\/kt.gov.rs\\\/sq\\\/integrimi-i-pakicave-proces-pa-fund\\\/\"]}]},{\"@type\":\"ImageObject\",\"inLanguage\":\"sq-AL\",\"@id\":\"https:\\\/\\\/kt.gov.rs\\\/sq\\\/integrimi-i-pakicave-proces-pa-fund\\\/#primaryimage\",\"url\":\"https:\\\/\\\/kt.gov.rs\\\/wp-content\\\/uploads\\\/2024\\\/07\\\/newspic785-5.jpg\",\"contentUrl\":\"https:\\\/\\\/kt.gov.rs\\\/wp-content\\\/uploads\\\/2024\\\/07\\\/newspic785-5.jpg\",\"width\":315,\"height\":209},{\"@type\":\"BreadcrumbList\",\"@id\":\"https:\\\/\\\/kt.gov.rs\\\/sq\\\/integrimi-i-pakicave-proces-pa-fund\\\/#breadcrumb\",\"itemListElement\":[{\"@type\":\"ListItem\",\"position\":1,\"name\":\"\u041f\u043e\u0447\u0435\u0442\u043d\u0430\",\"item\":\"https:\\\/\\\/kt.gov.rs\\\/sq\\\/\"},{\"@type\":\"ListItem\",\"position\":2,\"name\":\"INTEGRIMI I PAKICAVE PRO\u00c7ES PA FUND\"}]},{\"@type\":\"WebSite\",\"@id\":\"https:\\\/\\\/kt.gov.rs\\\/#website\",\"url\":\"https:\\\/\\\/kt.gov.rs\\\/\",\"name\":\"\u041a\u043e\u043e\u0440\u0434\u0438\u043d\u0430\u0446\u0438\u043e\u043d\u043e \u0442\u0435\u043b\u043e \u0412\u043b\u0430\u0434\u0435 \u0420\u0435\u043f\u0443\u0431\u043b\u0438\u043a\u0435 \u0421\u0440\u0431\u0438\u0458\u0435 \u0437\u0430 \u043e\u043f\u0448\u0442\u0438\u043d\u0435 \u041f\u0440\u0435\u0448\u0435\u0432\u043e, \u0411\u0443\u0458\u0430\u043d\u043e\u0432\u0430\u0446 \u0438 \u041c\u0435\u0434\u0432\u0435\u0452a\",\"description\":\"\",\"publisher\":{\"@id\":\"https:\\\/\\\/kt.gov.rs\\\/#organization\"},\"alternateName\":\"\u041a\u043e\u043e\u0440\u0434\u0438\u043d\u0430\u0446\u0438\u043e\u043d\u043e \u0442\u0435\u043b\u043e\",\"potentialAction\":[{\"@type\":\"SearchAction\",\"target\":{\"@type\":\"EntryPoint\",\"urlTemplate\":\"https:\\\/\\\/kt.gov.rs\\\/?s={search_term_string}\"},\"query-input\":{\"@type\":\"PropertyValueSpecification\",\"valueRequired\":true,\"valueName\":\"search_term_string\"}}],\"inLanguage\":\"sq-AL\"},{\"@type\":\"Organization\",\"@id\":\"https:\\\/\\\/kt.gov.rs\\\/#organization\",\"name\":\"\u041a\u043e\u043e\u0440\u0434\u0438\u043d\u0430\u0446\u0438\u043e\u043d\u043e \u0442\u0435\u043b\u043e \u0412\u043b\u0430\u0434\u0435 \u0420\u0435\u043f\u0443\u0431\u043b\u0438\u043a\u0435 \u0421\u0440\u0431\u0438\u0458\u0435 \u0437\u0430 \u043e\u043f\u0448\u0442\u0438\u043d\u0435 \u041f\u0440\u0435\u0448\u0435\u0432\u043e, \u0411\u0443\u0458\u0430\u043d\u043e\u0432\u0430\u0446 \u0438 \u041c\u0435\u0434\u0432\u0435\u0452a\",\"alternateName\":\"\u041a\u043e\u043e\u0440\u0434\u0438\u043d\u0430\u0446\u0438\u043e\u043d\u043e \u0442\u0435\u043b\u043e\",\"url\":\"https:\\\/\\\/kt.gov.rs\\\/\",\"logo\":{\"@type\":\"ImageObject\",\"inLanguage\":\"sq-AL\",\"@id\":\"https:\\\/\\\/kt.gov.rs\\\/#\\\/schema\\\/logo\\\/image\\\/\",\"url\":\"https:\\\/\\\/kt.gov.rs\\\/wp-content\\\/uploads\\\/2024\\\/12\\\/koord2.jpg\",\"contentUrl\":\"https:\\\/\\\/kt.gov.rs\\\/wp-content\\\/uploads\\\/2024\\\/12\\\/koord2.jpg\",\"width\":640,\"height\":480,\"caption\":\"\u041a\u043e\u043e\u0440\u0434\u0438\u043d\u0430\u0446\u0438\u043e\u043d\u043e \u0442\u0435\u043b\u043e \u0412\u043b\u0430\u0434\u0435 \u0420\u0435\u043f\u0443\u0431\u043b\u0438\u043a\u0435 \u0421\u0440\u0431\u0438\u0458\u0435 \u0437\u0430 \u043e\u043f\u0448\u0442\u0438\u043d\u0435 \u041f\u0440\u0435\u0448\u0435\u0432\u043e, \u0411\u0443\u0458\u0430\u043d\u043e\u0432\u0430\u0446 \u0438 \u041c\u0435\u0434\u0432\u0435\u0452a\"},\"image\":{\"@id\":\"https:\\\/\\\/kt.gov.rs\\\/#\\\/schema\\\/logo\\\/image\\\/\"},\"sameAs\":[\"https:\\\/\\\/www.facebook.com\\\/SluzbaKoordinacionogTelaVladeRepublikeSrbije\",\"https:\\\/\\\/x.com\\\/kt_gov\",\"https:\\\/\\\/www.youtube.com\\\/@koordinacionotelo\"]},{\"@type\":\"Person\",\"@id\":\"https:\\\/\\\/kt.gov.rs\\\/#\\\/schema\\\/person\\\/e426459ddb4173309103390602694571\",\"name\":\"ktmin\",\"image\":{\"@type\":\"ImageObject\",\"inLanguage\":\"sq-AL\",\"@id\":\"https:\\\/\\\/secure.gravatar.com\\\/avatar\\\/3985c961109853010c3fbc7ba30365bfba5db3dd6c525831d9c595c7525a615a?s=96&d=mm&r=g\",\"url\":\"https:\\\/\\\/secure.gravatar.com\\\/avatar\\\/3985c961109853010c3fbc7ba30365bfba5db3dd6c525831d9c595c7525a615a?s=96&d=mm&r=g\",\"contentUrl\":\"https:\\\/\\\/secure.gravatar.com\\\/avatar\\\/3985c961109853010c3fbc7ba30365bfba5db3dd6c525831d9c595c7525a615a?s=96&d=mm&r=g\",\"caption\":\"ktmin\"},\"sameAs\":[\"https:\\\/\\\/kt.gov.rs\"],\"url\":\"https:\\\/\\\/kt.gov.rs\\\/sq\\\/author\\\/ktmin\\\/\"}]}<\/script>\n<!-- \/ Yoast SEO plugin. -->","yoast_head_json":{"title":"INTEGRIMI I PAKICAVE PRO\u00c7ES PA FUND - Republika e S\u00ebrbis\u00eb Trupi Koordinues p\u00ebr komunat Bujanoc, Preshev\u00eb dhe Medvegj\u00eb","robots":{"index":"index","follow":"follow","max-snippet":"max-snippet:-1","max-image-preview":"max-image-preview:large","max-video-preview":"max-video-preview:-1"},"canonical":"https:\/\/kt.gov.rs\/sq\/integrimi-i-pakicave-proces-pa-fund\/","og_locale":"sq_AL","og_type":"article","og_title":"INTEGRIMI I PAKICAVE PRO\u00c7ES PA FUND - Republika e S\u00ebrbis\u00eb Trupi Koordinues p\u00ebr komunat Bujanoc, Preshev\u00eb dhe Medvegj\u00eb","og_description":"Preshev\u00eb \u2013 Kryetari i organizat\u00ebs joqeveritare \u201cForumi p\u00ebr mardh\u00ebnie nd\u00ebrentike\u201d, Dushan Janjiq ka deklaruar se p\u00ebrfaq\u00ebsuesit shqiptar\u00eb nga Presheva dhe Bujanoci kan\u00eb treguar gadishm\u00ebri q\u00eb n\u00eb nj\u00eb form\u00eb t\u00eb vazhdojn\u00eb dialogun me Qeverin\u00eb e Serbis\u00eb.","og_url":"https:\/\/kt.gov.rs\/sq\/integrimi-i-pakicave-proces-pa-fund\/","og_site_name":"Republika e S\u00ebrbis\u00eb Trupi Koordinues p\u00ebr komunat Bujanoc, Preshev\u00eb dhe Medvegj\u00eb","article_publisher":"https:\/\/www.facebook.com\/SluzbaKoordinacionogTelaVladeRepublikeSrbije","article_published_time":"2014-02-19T00:00:00+00:00","article_modified_time":"2024-07-30T20:13:12+00:00","og_image":[{"width":315,"height":209,"url":"https:\/\/kt.gov.rs\/wp-content\/uploads\/2024\/07\/newspic785-5.jpg","type":"image\/jpeg"}],"author":"ktmin","twitter_card":"summary_large_image","twitter_creator":"@kt_gov","twitter_site":"@kt_gov","twitter_misc":{"Written by":"ktmin","Est. reading time":"5 minutes"},"schema":{"@context":"https:\/\/schema.org","@graph":[{"@type":"Article","@id":"https:\/\/kt.gov.rs\/sq\/integrimi-i-pakicave-proces-pa-fund\/#article","isPartOf":{"@id":"https:\/\/kt.gov.rs\/sq\/integrimi-i-pakicave-proces-pa-fund\/"},"author":{"name":"ktmin","@id":"https:\/\/kt.gov.rs\/#\/schema\/person\/e426459ddb4173309103390602694571"},"headline":"INTEGRIMI I PAKICAVE PRO\u00c7ES PA FUND","datePublished":"2014-02-19T00:00:00+00:00","dateModified":"2024-07-30T20:13:12+00:00","mainEntityOfPage":{"@id":"https:\/\/kt.gov.rs\/sq\/integrimi-i-pakicave-proces-pa-fund\/"},"wordCount":1063,"publisher":{"@id":"https:\/\/kt.gov.rs\/#organization"},"image":{"@id":"https:\/\/kt.gov.rs\/sq\/integrimi-i-pakicave-proces-pa-fund\/#primaryimage"},"thumbnailUrl":"https:\/\/kt.gov.rs\/wp-content\/uploads\/2024\/07\/newspic785-5.jpg","articleSection":["Lajme"],"inLanguage":"sq-AL"},{"@type":"WebPage","@id":"https:\/\/kt.gov.rs\/sq\/integrimi-i-pakicave-proces-pa-fund\/","url":"https:\/\/kt.gov.rs\/sq\/integrimi-i-pakicave-proces-pa-fund\/","name":"INTEGRIMI I PAKICAVE PRO\u00c7ES PA FUND - Republika e S\u00ebrbis\u00eb Trupi Koordinues p\u00ebr komunat Bujanoc, Preshev\u00eb dhe Medvegj\u00eb","isPartOf":{"@id":"https:\/\/kt.gov.rs\/#website"},"primaryImageOfPage":{"@id":"https:\/\/kt.gov.rs\/sq\/integrimi-i-pakicave-proces-pa-fund\/#primaryimage"},"image":{"@id":"https:\/\/kt.gov.rs\/sq\/integrimi-i-pakicave-proces-pa-fund\/#primaryimage"},"thumbnailUrl":"https:\/\/kt.gov.rs\/wp-content\/uploads\/2024\/07\/newspic785-5.jpg","datePublished":"2014-02-19T00:00:00+00:00","dateModified":"2024-07-30T20:13:12+00:00","breadcrumb":{"@id":"https:\/\/kt.gov.rs\/sq\/integrimi-i-pakicave-proces-pa-fund\/#breadcrumb"},"inLanguage":"sq-AL","potentialAction":[{"@type":"ReadAction","target":["https:\/\/kt.gov.rs\/sq\/integrimi-i-pakicave-proces-pa-fund\/"]}]},{"@type":"ImageObject","inLanguage":"sq-AL","@id":"https:\/\/kt.gov.rs\/sq\/integrimi-i-pakicave-proces-pa-fund\/#primaryimage","url":"https:\/\/kt.gov.rs\/wp-content\/uploads\/2024\/07\/newspic785-5.jpg","contentUrl":"https:\/\/kt.gov.rs\/wp-content\/uploads\/2024\/07\/newspic785-5.jpg","width":315,"height":209},{"@type":"BreadcrumbList","@id":"https:\/\/kt.gov.rs\/sq\/integrimi-i-pakicave-proces-pa-fund\/#breadcrumb","itemListElement":[{"@type":"ListItem","position":1,"name":"\u041f\u043e\u0447\u0435\u0442\u043d\u0430","item":"https:\/\/kt.gov.rs\/sq\/"},{"@type":"ListItem","position":2,"name":"INTEGRIMI I PAKICAVE PRO\u00c7ES PA FUND"}]},{"@type":"WebSite","@id":"https:\/\/kt.gov.rs\/#website","url":"https:\/\/kt.gov.rs\/","name":"\u041a\u043e\u043e\u0440\u0434\u0438\u043d\u0430\u0446\u0438\u043e\u043d\u043e \u0442\u0435\u043b\u043e \u0412\u043b\u0430\u0434\u0435 \u0420\u0435\u043f\u0443\u0431\u043b\u0438\u043a\u0435 \u0421\u0440\u0431\u0438\u0458\u0435 \u0437\u0430 \u043e\u043f\u0448\u0442\u0438\u043d\u0435 \u041f\u0440\u0435\u0448\u0435\u0432\u043e, \u0411\u0443\u0458\u0430\u043d\u043e\u0432\u0430\u0446 \u0438 \u041c\u0435\u0434\u0432\u0435\u0452a","description":"","publisher":{"@id":"https:\/\/kt.gov.rs\/#organization"},"alternateName":"\u041a\u043e\u043e\u0440\u0434\u0438\u043d\u0430\u0446\u0438\u043e\u043d\u043e \u0442\u0435\u043b\u043e","potentialAction":[{"@type":"SearchAction","target":{"@type":"EntryPoint","urlTemplate":"https:\/\/kt.gov.rs\/?s={search_term_string}"},"query-input":{"@type":"PropertyValueSpecification","valueRequired":true,"valueName":"search_term_string"}}],"inLanguage":"sq-AL"},{"@type":"Organization","@id":"https:\/\/kt.gov.rs\/#organization","name":"\u041a\u043e\u043e\u0440\u0434\u0438\u043d\u0430\u0446\u0438\u043e\u043d\u043e \u0442\u0435\u043b\u043e \u0412\u043b\u0430\u0434\u0435 \u0420\u0435\u043f\u0443\u0431\u043b\u0438\u043a\u0435 \u0421\u0440\u0431\u0438\u0458\u0435 \u0437\u0430 \u043e\u043f\u0448\u0442\u0438\u043d\u0435 \u041f\u0440\u0435\u0448\u0435\u0432\u043e, \u0411\u0443\u0458\u0430\u043d\u043e\u0432\u0430\u0446 \u0438 \u041c\u0435\u0434\u0432\u0435\u0452a","alternateName":"\u041a\u043e\u043e\u0440\u0434\u0438\u043d\u0430\u0446\u0438\u043e\u043d\u043e \u0442\u0435\u043b\u043e","url":"https:\/\/kt.gov.rs\/","logo":{"@type":"ImageObject","inLanguage":"sq-AL","@id":"https:\/\/kt.gov.rs\/#\/schema\/logo\/image\/","url":"https:\/\/kt.gov.rs\/wp-content\/uploads\/2024\/12\/koord2.jpg","contentUrl":"https:\/\/kt.gov.rs\/wp-content\/uploads\/2024\/12\/koord2.jpg","width":640,"height":480,"caption":"\u041a\u043e\u043e\u0440\u0434\u0438\u043d\u0430\u0446\u0438\u043e\u043d\u043e \u0442\u0435\u043b\u043e \u0412\u043b\u0430\u0434\u0435 \u0420\u0435\u043f\u0443\u0431\u043b\u0438\u043a\u0435 \u0421\u0440\u0431\u0438\u0458\u0435 \u0437\u0430 \u043e\u043f\u0448\u0442\u0438\u043d\u0435 \u041f\u0440\u0435\u0448\u0435\u0432\u043e, \u0411\u0443\u0458\u0430\u043d\u043e\u0432\u0430\u0446 \u0438 \u041c\u0435\u0434\u0432\u0435\u0452a"},"image":{"@id":"https:\/\/kt.gov.rs\/#\/schema\/logo\/image\/"},"sameAs":["https:\/\/www.facebook.com\/SluzbaKoordinacionogTelaVladeRepublikeSrbije","https:\/\/x.com\/kt_gov","https:\/\/www.youtube.com\/@koordinacionotelo"]},{"@type":"Person","@id":"https:\/\/kt.gov.rs\/#\/schema\/person\/e426459ddb4173309103390602694571","name":"ktmin","image":{"@type":"ImageObject","inLanguage":"sq-AL","@id":"https:\/\/secure.gravatar.com\/avatar\/3985c961109853010c3fbc7ba30365bfba5db3dd6c525831d9c595c7525a615a?s=96&d=mm&r=g","url":"https:\/\/secure.gravatar.com\/avatar\/3985c961109853010c3fbc7ba30365bfba5db3dd6c525831d9c595c7525a615a?s=96&d=mm&r=g","contentUrl":"https:\/\/secure.gravatar.com\/avatar\/3985c961109853010c3fbc7ba30365bfba5db3dd6c525831d9c595c7525a615a?s=96&d=mm&r=g","caption":"ktmin"},"sameAs":["https:\/\/kt.gov.rs"],"url":"https:\/\/kt.gov.rs\/sq\/author\/ktmin\/"}]}},"_links":{"self":[{"href":"https:\/\/kt.gov.rs\/sq\/wp-json\/wp\/v2\/posts\/139478","targetHints":{"allow":["GET"]}}],"collection":[{"href":"https:\/\/kt.gov.rs\/sq\/wp-json\/wp\/v2\/posts"}],"about":[{"href":"https:\/\/kt.gov.rs\/sq\/wp-json\/wp\/v2\/types\/post"}],"author":[{"embeddable":true,"href":"https:\/\/kt.gov.rs\/sq\/wp-json\/wp\/v2\/users\/1"}],"replies":[{"embeddable":true,"href":"https:\/\/kt.gov.rs\/sq\/wp-json\/wp\/v2\/comments?post=139478"}],"version-history":[{"count":1,"href":"https:\/\/kt.gov.rs\/sq\/wp-json\/wp\/v2\/posts\/139478\/revisions"}],"predecessor-version":[{"id":139482,"href":"https:\/\/kt.gov.rs\/sq\/wp-json\/wp\/v2\/posts\/139478\/revisions\/139482"}],"wp:featuredmedia":[{"embeddable":true,"href":"https:\/\/kt.gov.rs\/sq\/wp-json\/wp\/v2\/media\/139483"}],"wp:attachment":[{"href":"https:\/\/kt.gov.rs\/sq\/wp-json\/wp\/v2\/media?parent=139478"}],"wp:term":[{"taxonomy":"category","embeddable":true,"href":"https:\/\/kt.gov.rs\/sq\/wp-json\/wp\/v2\/categories?post=139478"},{"taxonomy":"post_tag","embeddable":true,"href":"https:\/\/kt.gov.rs\/sq\/wp-json\/wp\/v2\/tags?post=139478"}],"curies":[{"name":"wp","href":"https:\/\/api.w.org\/{rel}","templated":true}]}}