{"id":139398,"date":"2014-02-28T00:00:00","date_gmt":"2014-02-28T00:00:00","guid":{"rendered":"http:\/\/kt.printandscreen.rs\/ftese-shqiptareve-per-te-votuar\/"},"modified":"2024-07-30T20:13:04","modified_gmt":"2024-07-30T20:13:04","slug":"ftese-shqiptareve-per-te-votuar","status":"publish","type":"post","link":"https:\/\/kt.gov.rs\/sq\/ftese-shqiptareve-per-te-votuar\/","title":{"rendered":"FTES\u00cb SHQIPTAR\u00cbVE P\u00cbR T\u00cb VOTUAR"},"content":{"rendered":"<p>\n\t<img decoding=\"async\" alt=\"\" src=\"https:\/\/kt.gov.rs\/wp-content\/uploads\/2024\/07\/newspic799-4.jpg\" style=\"width: 315px; height: 209px; float: left;\" \/>Drejtoresha e zyr\u00ebs p\u00ebr t\u00eb drejtat e njeriut dhe pakicace, Suzana Paunoviq, ka porositur lider\u00ebt shqiptar\u00eb nga jugu i Serbis\u00eb q\u00eb ti ftojn\u00eb bashk\u00ebkombasit dhe bashk\u00ebqytetar\u00ebt e tyre t\u00eb dalin n\u00eb zgjedhjet parlamentare t\u00eb 16 marsit.<\/p>\n<p>\n\tAjo tha se shqiptar\u00ebt \u201eduhen aktivisht t\u00eb marrin pjes\u00eb n\u00eb jet\u00ebn politike t\u00eb Serbis\u00eb dhe vendimet ti marrin n\u00eb ato momente kur u vije rasti, sikur tani q\u00eb kan\u00eb mund\u00ebsin p\u00ebr pjes\u00ebmarrje n\u00eb zgjedhje, q\u00eb mos t\u00eb ndodh sikur n\u00eb situat\u00ebn e bojkotit t\u00eb regjistrimit\u201c. \u00a0<\/p>\n<p>\n\t\u00a0\u201eN\u00eb Qeverin\u00eb e Serbis\u00eb jan\u00eb t\u00eb gjith\u00eb t\u00eb vet\u00ebdijsh\u00ebm se numri i njer\u00ebzve t\u00eb cil\u00ebt jan\u00eb regjistruar si shqiptar t\u00eb nacionalitetit shqiptar n\u00eb vitin 2011, \u00ebsht\u00eb shum\u00eb larg numrit real q\u00eb jetojn\u00eb n\u00eb k\u00ebt\u00eb territor t\u00eb jugut t\u00eb Serbis\u00eb. Mir\u00ebpo, regjistrimi ka qen\u00eb t\u00ebr\u00ebsisht i lir\u00eb dhe qytetar\u00ebt kan\u00eb pasur mund\u00ebsi q\u00eb t\u00eb vendosin p\u00ebr pjes\u00ebmarrje apo p\u00ebr mospjes\u00ebmarrje\u201c.<\/p>\n<p>\n\t\u0414\u0438\u0440\u0435\u043a\u0442\u043e\u0440\u043a\u0430 \u041f\u0430\u0443\u043d\u043e\u0432\u0438\u045b \u0458\u0435 \u043e\u0431\u0458\u0430\u0441\u043d\u0438\u043b\u0430 \u0438 \u0434\u0430 \u043f\u043e\u0441\u0442\u043e\u0458\u0435 \u0443\u0441\u043b\u043e\u0432\u0438 \u0437\u0430 \u043f\u0440\u0435\u0434\u0430\u0458\u0443 \u0438\u0437\u0431\u043e\u0440\u043d\u0435 \u043b\u0438\u0441\u0442\u0435 \u0438 \u0434\u0430 \u0441\u0435 \u043e\u043d\u0438 \u043e\u0434\u043d\u043e\u0441\u0435 \u043d\u0430 \u0431\u0440\u043e\u0458 \u0459\u0443\u0434\u0438 \u043a\u043e\u0458\u0438 \u043d\u0430 \u0458\u0443\u0433\u0443 \u0436\u0438\u0432\u0438 \u0438, \u043a\u0430\u043e \u0458\u0435 \u043e\u0446\u0435\u043d\u0438\u043b\u0430, \u201e\u0430\u043f\u0441\u043e\u043b\u0443\u0442\u043d\u043e, \u0443 \u0442\u043e\u043c \u0441\u043c\u0438\u0441\u043b\u0443, \u043d\u0435\u043c\u0430 \u0441\u0443\u043c\u045a\u0435 \u0434\u0430 \u0441\u0443 \u0459\u0443\u0434\u0441\u043a\u0430 \u0438 \u043c\u0430\u045a\u0438\u043d\u0441\u043a\u0430 \u043f\u0440\u0430\u0432\u0430 \u0437\u0430\u0434\u043e\u0432\u043e\u0459\u0435\u043d\u0430\u201c.<\/p>\n<p>\n\tDrejtoresha Paunoviq, ka sqaruar se egzistojn kushte p\u00ebr t\u00eb dor\u00ebzuar list\u00ebn zgjedhore dhe se ata \u00a0t\u00eb bazohen n\u00eb numrin e njer\u00ebzve t\u00eb cil\u00ebt jetojn n\u00eb jug, dhe si\u00e7 ka vler\u00ebsuar \u201eapsolutisht, n\u00eb k\u00ebt\u00eb aspekt, nuk ka dyshim se t\u00eb drejtat e njeriut dhe pakicave jan\u00eb t\u00eb k\u00ebnaq\u00ebshme\u201c.<\/p>\n<p>\n\t<strong>Burimi: Ve\u00e7ernje novosti dhe <\/strong><\/p>\n<p>\n\t\u00a0<\/p>\n","protected":false},"excerpt":{"rendered":"<p>Drejtoresha e zyr\u00ebs p\u00ebr t\u00eb drejtat e njeriut dhe pakicace, Suzana Paunoviq, ka porositur lider\u00ebt shqiptar\u00eb nga jugu i Serbis\u00eb q\u00eb ti ftojn\u00eb bashk\u00ebkombasit dhe bashk\u00ebqytetar\u00ebt e tyre t\u00eb dalin n\u00eb zgjedhjet parlamentare t\u00eb 16 marsit.<\/p>\n","protected":false},"author":1,"featured_media":139403,"comment_status":"closed","ping_status":"closed","sticky":false,"template":"","format":"standard","meta":{"footnotes":""},"categories":[55],"tags":[],"class_list":["post-139398","post","type-post","status-publish","format-standard","has-post-thumbnail","hentry","category-lajme"],"yoast_head":"<!-- This site is optimized with the Yoast SEO plugin v27.5 - https:\/\/yoast.com\/product\/yoast-seo-wordpress\/ -->\n<title>FTES\u00cb SHQIPTAR\u00cbVE P\u00cbR T\u00cb VOTUAR - Republika e S\u00ebrbis\u00eb Trupi Koordinues p\u00ebr komunat Bujanoc, Preshev\u00eb dhe Medvegj\u00eb<\/title>\n<meta name=\"robots\" content=\"index, follow, max-snippet:-1, max-image-preview:large, max-video-preview:-1\" \/>\n<link rel=\"canonical\" href=\"https:\/\/kt.gov.rs\/sq\/ftese-shqiptareve-per-te-votuar\/\" \/>\n<meta property=\"og:locale\" content=\"sq_AL\" \/>\n<meta property=\"og:type\" content=\"article\" \/>\n<meta property=\"og:title\" content=\"FTES\u00cb SHQIPTAR\u00cbVE P\u00cbR T\u00cb VOTUAR - Republika e S\u00ebrbis\u00eb Trupi Koordinues p\u00ebr komunat Bujanoc, Preshev\u00eb dhe Medvegj\u00eb\" \/>\n<meta property=\"og:description\" content=\"Drejtoresha e zyr\u00ebs p\u00ebr t\u00eb drejtat e njeriut dhe pakicace, Suzana Paunoviq, ka porositur lider\u00ebt shqiptar\u00eb nga jugu i Serbis\u00eb q\u00eb ti ftojn\u00eb bashk\u00ebkombasit dhe bashk\u00ebqytetar\u00ebt e tyre t\u00eb dalin n\u00eb zgjedhjet parlamentare t\u00eb 16 marsit.\" \/>\n<meta property=\"og:url\" content=\"https:\/\/kt.gov.rs\/sq\/ftese-shqiptareve-per-te-votuar\/\" \/>\n<meta property=\"og:site_name\" content=\"Republika e S\u00ebrbis\u00eb Trupi Koordinues p\u00ebr komunat Bujanoc, Preshev\u00eb dhe Medvegj\u00eb\" \/>\n<meta property=\"article:publisher\" content=\"https:\/\/www.facebook.com\/SluzbaKoordinacionogTelaVladeRepublikeSrbije\" \/>\n<meta property=\"article:published_time\" content=\"2014-02-28T00:00:00+00:00\" \/>\n<meta property=\"article:modified_time\" content=\"2024-07-30T20:13:04+00:00\" \/>\n<meta property=\"og:image\" content=\"https:\/\/kt.gov.rs\/wp-content\/uploads\/2024\/07\/newspic799-5.jpg\" \/>\n\t<meta property=\"og:image:width\" content=\"315\" \/>\n\t<meta property=\"og:image:height\" content=\"209\" \/>\n\t<meta property=\"og:image:type\" content=\"image\/jpeg\" \/>\n<meta name=\"author\" content=\"ktmin\" \/>\n<meta name=\"twitter:card\" content=\"summary_large_image\" \/>\n<meta name=\"twitter:creator\" content=\"@kt_gov\" \/>\n<meta name=\"twitter:site\" content=\"@kt_gov\" \/>\n<meta name=\"twitter:label1\" content=\"Written by\" \/>\n\t<meta name=\"twitter:data1\" content=\"ktmin\" \/>\n\t<meta name=\"twitter:label2\" content=\"Est. reading time\" \/>\n\t<meta name=\"twitter:data2\" content=\"2 minutes\" \/>\n<script type=\"application\/ld+json\" class=\"yoast-schema-graph\">{\"@context\":\"https:\\\/\\\/schema.org\",\"@graph\":[{\"@type\":\"Article\",\"@id\":\"https:\\\/\\\/kt.gov.rs\\\/sq\\\/ftese-shqiptareve-per-te-votuar\\\/#article\",\"isPartOf\":{\"@id\":\"https:\\\/\\\/kt.gov.rs\\\/sq\\\/ftese-shqiptareve-per-te-votuar\\\/\"},\"author\":{\"name\":\"ktmin\",\"@id\":\"https:\\\/\\\/kt.gov.rs\\\/#\\\/schema\\\/person\\\/e426459ddb4173309103390602694571\"},\"headline\":\"FTES\u00cb SHQIPTAR\u00cbVE P\u00cbR T\u00cb VOTUAR\",\"datePublished\":\"2014-02-28T00:00:00+00:00\",\"dateModified\":\"2024-07-30T20:13:04+00:00\",\"mainEntityOfPage\":{\"@id\":\"https:\\\/\\\/kt.gov.rs\\\/sq\\\/ftese-shqiptareve-per-te-votuar\\\/\"},\"wordCount\":379,\"publisher\":{\"@id\":\"https:\\\/\\\/kt.gov.rs\\\/#organization\"},\"image\":{\"@id\":\"https:\\\/\\\/kt.gov.rs\\\/sq\\\/ftese-shqiptareve-per-te-votuar\\\/#primaryimage\"},\"thumbnailUrl\":\"https:\\\/\\\/kt.gov.rs\\\/wp-content\\\/uploads\\\/2024\\\/07\\\/newspic799-5.jpg\",\"articleSection\":[\"Lajme\"],\"inLanguage\":\"sq-AL\"},{\"@type\":\"WebPage\",\"@id\":\"https:\\\/\\\/kt.gov.rs\\\/sq\\\/ftese-shqiptareve-per-te-votuar\\\/\",\"url\":\"https:\\\/\\\/kt.gov.rs\\\/sq\\\/ftese-shqiptareve-per-te-votuar\\\/\",\"name\":\"FTES\u00cb SHQIPTAR\u00cbVE P\u00cbR T\u00cb VOTUAR - Republika e S\u00ebrbis\u00eb Trupi Koordinues p\u00ebr komunat Bujanoc, Preshev\u00eb dhe Medvegj\u00eb\",\"isPartOf\":{\"@id\":\"https:\\\/\\\/kt.gov.rs\\\/#website\"},\"primaryImageOfPage\":{\"@id\":\"https:\\\/\\\/kt.gov.rs\\\/sq\\\/ftese-shqiptareve-per-te-votuar\\\/#primaryimage\"},\"image\":{\"@id\":\"https:\\\/\\\/kt.gov.rs\\\/sq\\\/ftese-shqiptareve-per-te-votuar\\\/#primaryimage\"},\"thumbnailUrl\":\"https:\\\/\\\/kt.gov.rs\\\/wp-content\\\/uploads\\\/2024\\\/07\\\/newspic799-5.jpg\",\"datePublished\":\"2014-02-28T00:00:00+00:00\",\"dateModified\":\"2024-07-30T20:13:04+00:00\",\"breadcrumb\":{\"@id\":\"https:\\\/\\\/kt.gov.rs\\\/sq\\\/ftese-shqiptareve-per-te-votuar\\\/#breadcrumb\"},\"inLanguage\":\"sq-AL\",\"potentialAction\":[{\"@type\":\"ReadAction\",\"target\":[\"https:\\\/\\\/kt.gov.rs\\\/sq\\\/ftese-shqiptareve-per-te-votuar\\\/\"]}]},{\"@type\":\"ImageObject\",\"inLanguage\":\"sq-AL\",\"@id\":\"https:\\\/\\\/kt.gov.rs\\\/sq\\\/ftese-shqiptareve-per-te-votuar\\\/#primaryimage\",\"url\":\"https:\\\/\\\/kt.gov.rs\\\/wp-content\\\/uploads\\\/2024\\\/07\\\/newspic799-5.jpg\",\"contentUrl\":\"https:\\\/\\\/kt.gov.rs\\\/wp-content\\\/uploads\\\/2024\\\/07\\\/newspic799-5.jpg\",\"width\":315,\"height\":209},{\"@type\":\"BreadcrumbList\",\"@id\":\"https:\\\/\\\/kt.gov.rs\\\/sq\\\/ftese-shqiptareve-per-te-votuar\\\/#breadcrumb\",\"itemListElement\":[{\"@type\":\"ListItem\",\"position\":1,\"name\":\"\u041f\u043e\u0447\u0435\u0442\u043d\u0430\",\"item\":\"https:\\\/\\\/kt.gov.rs\\\/sq\\\/\"},{\"@type\":\"ListItem\",\"position\":2,\"name\":\"FTES\u00cb SHQIPTAR\u00cbVE P\u00cbR T\u00cb VOTUAR\"}]},{\"@type\":\"WebSite\",\"@id\":\"https:\\\/\\\/kt.gov.rs\\\/#website\",\"url\":\"https:\\\/\\\/kt.gov.rs\\\/\",\"name\":\"\u041a\u043e\u043e\u0440\u0434\u0438\u043d\u0430\u0446\u0438\u043e\u043d\u043e \u0442\u0435\u043b\u043e \u0412\u043b\u0430\u0434\u0435 \u0420\u0435\u043f\u0443\u0431\u043b\u0438\u043a\u0435 \u0421\u0440\u0431\u0438\u0458\u0435 \u0437\u0430 \u043e\u043f\u0448\u0442\u0438\u043d\u0435 \u041f\u0440\u0435\u0448\u0435\u0432\u043e, \u0411\u0443\u0458\u0430\u043d\u043e\u0432\u0430\u0446 \u0438 \u041c\u0435\u0434\u0432\u0435\u0452a\",\"description\":\"\",\"publisher\":{\"@id\":\"https:\\\/\\\/kt.gov.rs\\\/#organization\"},\"alternateName\":\"\u041a\u043e\u043e\u0440\u0434\u0438\u043d\u0430\u0446\u0438\u043e\u043d\u043e \u0442\u0435\u043b\u043e\",\"potentialAction\":[{\"@type\":\"SearchAction\",\"target\":{\"@type\":\"EntryPoint\",\"urlTemplate\":\"https:\\\/\\\/kt.gov.rs\\\/?s={search_term_string}\"},\"query-input\":{\"@type\":\"PropertyValueSpecification\",\"valueRequired\":true,\"valueName\":\"search_term_string\"}}],\"inLanguage\":\"sq-AL\"},{\"@type\":\"Organization\",\"@id\":\"https:\\\/\\\/kt.gov.rs\\\/#organization\",\"name\":\"\u041a\u043e\u043e\u0440\u0434\u0438\u043d\u0430\u0446\u0438\u043e\u043d\u043e \u0442\u0435\u043b\u043e \u0412\u043b\u0430\u0434\u0435 \u0420\u0435\u043f\u0443\u0431\u043b\u0438\u043a\u0435 \u0421\u0440\u0431\u0438\u0458\u0435 \u0437\u0430 \u043e\u043f\u0448\u0442\u0438\u043d\u0435 \u041f\u0440\u0435\u0448\u0435\u0432\u043e, \u0411\u0443\u0458\u0430\u043d\u043e\u0432\u0430\u0446 \u0438 \u041c\u0435\u0434\u0432\u0435\u0452a\",\"alternateName\":\"\u041a\u043e\u043e\u0440\u0434\u0438\u043d\u0430\u0446\u0438\u043e\u043d\u043e \u0442\u0435\u043b\u043e\",\"url\":\"https:\\\/\\\/kt.gov.rs\\\/\",\"logo\":{\"@type\":\"ImageObject\",\"inLanguage\":\"sq-AL\",\"@id\":\"https:\\\/\\\/kt.gov.rs\\\/#\\\/schema\\\/logo\\\/image\\\/\",\"url\":\"https:\\\/\\\/kt.gov.rs\\\/wp-content\\\/uploads\\\/2024\\\/12\\\/koord2.jpg\",\"contentUrl\":\"https:\\\/\\\/kt.gov.rs\\\/wp-content\\\/uploads\\\/2024\\\/12\\\/koord2.jpg\",\"width\":640,\"height\":480,\"caption\":\"\u041a\u043e\u043e\u0440\u0434\u0438\u043d\u0430\u0446\u0438\u043e\u043d\u043e \u0442\u0435\u043b\u043e \u0412\u043b\u0430\u0434\u0435 \u0420\u0435\u043f\u0443\u0431\u043b\u0438\u043a\u0435 \u0421\u0440\u0431\u0438\u0458\u0435 \u0437\u0430 \u043e\u043f\u0448\u0442\u0438\u043d\u0435 \u041f\u0440\u0435\u0448\u0435\u0432\u043e, \u0411\u0443\u0458\u0430\u043d\u043e\u0432\u0430\u0446 \u0438 \u041c\u0435\u0434\u0432\u0435\u0452a\"},\"image\":{\"@id\":\"https:\\\/\\\/kt.gov.rs\\\/#\\\/schema\\\/logo\\\/image\\\/\"},\"sameAs\":[\"https:\\\/\\\/www.facebook.com\\\/SluzbaKoordinacionogTelaVladeRepublikeSrbije\",\"https:\\\/\\\/x.com\\\/kt_gov\",\"https:\\\/\\\/www.youtube.com\\\/@koordinacionotelo\"]},{\"@type\":\"Person\",\"@id\":\"https:\\\/\\\/kt.gov.rs\\\/#\\\/schema\\\/person\\\/e426459ddb4173309103390602694571\",\"name\":\"ktmin\",\"image\":{\"@type\":\"ImageObject\",\"inLanguage\":\"sq-AL\",\"@id\":\"https:\\\/\\\/secure.gravatar.com\\\/avatar\\\/3985c961109853010c3fbc7ba30365bfba5db3dd6c525831d9c595c7525a615a?s=96&d=mm&r=g\",\"url\":\"https:\\\/\\\/secure.gravatar.com\\\/avatar\\\/3985c961109853010c3fbc7ba30365bfba5db3dd6c525831d9c595c7525a615a?s=96&d=mm&r=g\",\"contentUrl\":\"https:\\\/\\\/secure.gravatar.com\\\/avatar\\\/3985c961109853010c3fbc7ba30365bfba5db3dd6c525831d9c595c7525a615a?s=96&d=mm&r=g\",\"caption\":\"ktmin\"},\"sameAs\":[\"https:\\\/\\\/kt.gov.rs\"],\"url\":\"https:\\\/\\\/kt.gov.rs\\\/sq\\\/author\\\/ktmin\\\/\"}]}<\/script>\n<!-- \/ Yoast SEO plugin. -->","yoast_head_json":{"title":"FTES\u00cb SHQIPTAR\u00cbVE P\u00cbR T\u00cb VOTUAR - Republika e S\u00ebrbis\u00eb Trupi Koordinues p\u00ebr komunat Bujanoc, Preshev\u00eb dhe Medvegj\u00eb","robots":{"index":"index","follow":"follow","max-snippet":"max-snippet:-1","max-image-preview":"max-image-preview:large","max-video-preview":"max-video-preview:-1"},"canonical":"https:\/\/kt.gov.rs\/sq\/ftese-shqiptareve-per-te-votuar\/","og_locale":"sq_AL","og_type":"article","og_title":"FTES\u00cb SHQIPTAR\u00cbVE P\u00cbR T\u00cb VOTUAR - Republika e S\u00ebrbis\u00eb Trupi Koordinues p\u00ebr komunat Bujanoc, Preshev\u00eb dhe Medvegj\u00eb","og_description":"Drejtoresha e zyr\u00ebs p\u00ebr t\u00eb drejtat e njeriut dhe pakicace, Suzana Paunoviq, ka porositur lider\u00ebt shqiptar\u00eb nga jugu i Serbis\u00eb q\u00eb ti ftojn\u00eb bashk\u00ebkombasit dhe bashk\u00ebqytetar\u00ebt e tyre t\u00eb dalin n\u00eb zgjedhjet parlamentare t\u00eb 16 marsit.","og_url":"https:\/\/kt.gov.rs\/sq\/ftese-shqiptareve-per-te-votuar\/","og_site_name":"Republika e S\u00ebrbis\u00eb Trupi Koordinues p\u00ebr komunat Bujanoc, Preshev\u00eb dhe Medvegj\u00eb","article_publisher":"https:\/\/www.facebook.com\/SluzbaKoordinacionogTelaVladeRepublikeSrbije","article_published_time":"2014-02-28T00:00:00+00:00","article_modified_time":"2024-07-30T20:13:04+00:00","og_image":[{"width":315,"height":209,"url":"https:\/\/kt.gov.rs\/wp-content\/uploads\/2024\/07\/newspic799-5.jpg","type":"image\/jpeg"}],"author":"ktmin","twitter_card":"summary_large_image","twitter_creator":"@kt_gov","twitter_site":"@kt_gov","twitter_misc":{"Written by":"ktmin","Est. reading time":"2 minutes"},"schema":{"@context":"https:\/\/schema.org","@graph":[{"@type":"Article","@id":"https:\/\/kt.gov.rs\/sq\/ftese-shqiptareve-per-te-votuar\/#article","isPartOf":{"@id":"https:\/\/kt.gov.rs\/sq\/ftese-shqiptareve-per-te-votuar\/"},"author":{"name":"ktmin","@id":"https:\/\/kt.gov.rs\/#\/schema\/person\/e426459ddb4173309103390602694571"},"headline":"FTES\u00cb SHQIPTAR\u00cbVE P\u00cbR T\u00cb VOTUAR","datePublished":"2014-02-28T00:00:00+00:00","dateModified":"2024-07-30T20:13:04+00:00","mainEntityOfPage":{"@id":"https:\/\/kt.gov.rs\/sq\/ftese-shqiptareve-per-te-votuar\/"},"wordCount":379,"publisher":{"@id":"https:\/\/kt.gov.rs\/#organization"},"image":{"@id":"https:\/\/kt.gov.rs\/sq\/ftese-shqiptareve-per-te-votuar\/#primaryimage"},"thumbnailUrl":"https:\/\/kt.gov.rs\/wp-content\/uploads\/2024\/07\/newspic799-5.jpg","articleSection":["Lajme"],"inLanguage":"sq-AL"},{"@type":"WebPage","@id":"https:\/\/kt.gov.rs\/sq\/ftese-shqiptareve-per-te-votuar\/","url":"https:\/\/kt.gov.rs\/sq\/ftese-shqiptareve-per-te-votuar\/","name":"FTES\u00cb SHQIPTAR\u00cbVE P\u00cbR T\u00cb VOTUAR - Republika e S\u00ebrbis\u00eb Trupi Koordinues p\u00ebr komunat Bujanoc, Preshev\u00eb dhe Medvegj\u00eb","isPartOf":{"@id":"https:\/\/kt.gov.rs\/#website"},"primaryImageOfPage":{"@id":"https:\/\/kt.gov.rs\/sq\/ftese-shqiptareve-per-te-votuar\/#primaryimage"},"image":{"@id":"https:\/\/kt.gov.rs\/sq\/ftese-shqiptareve-per-te-votuar\/#primaryimage"},"thumbnailUrl":"https:\/\/kt.gov.rs\/wp-content\/uploads\/2024\/07\/newspic799-5.jpg","datePublished":"2014-02-28T00:00:00+00:00","dateModified":"2024-07-30T20:13:04+00:00","breadcrumb":{"@id":"https:\/\/kt.gov.rs\/sq\/ftese-shqiptareve-per-te-votuar\/#breadcrumb"},"inLanguage":"sq-AL","potentialAction":[{"@type":"ReadAction","target":["https:\/\/kt.gov.rs\/sq\/ftese-shqiptareve-per-te-votuar\/"]}]},{"@type":"ImageObject","inLanguage":"sq-AL","@id":"https:\/\/kt.gov.rs\/sq\/ftese-shqiptareve-per-te-votuar\/#primaryimage","url":"https:\/\/kt.gov.rs\/wp-content\/uploads\/2024\/07\/newspic799-5.jpg","contentUrl":"https:\/\/kt.gov.rs\/wp-content\/uploads\/2024\/07\/newspic799-5.jpg","width":315,"height":209},{"@type":"BreadcrumbList","@id":"https:\/\/kt.gov.rs\/sq\/ftese-shqiptareve-per-te-votuar\/#breadcrumb","itemListElement":[{"@type":"ListItem","position":1,"name":"\u041f\u043e\u0447\u0435\u0442\u043d\u0430","item":"https:\/\/kt.gov.rs\/sq\/"},{"@type":"ListItem","position":2,"name":"FTES\u00cb SHQIPTAR\u00cbVE P\u00cbR T\u00cb VOTUAR"}]},{"@type":"WebSite","@id":"https:\/\/kt.gov.rs\/#website","url":"https:\/\/kt.gov.rs\/","name":"\u041a\u043e\u043e\u0440\u0434\u0438\u043d\u0430\u0446\u0438\u043e\u043d\u043e \u0442\u0435\u043b\u043e \u0412\u043b\u0430\u0434\u0435 \u0420\u0435\u043f\u0443\u0431\u043b\u0438\u043a\u0435 \u0421\u0440\u0431\u0438\u0458\u0435 \u0437\u0430 \u043e\u043f\u0448\u0442\u0438\u043d\u0435 \u041f\u0440\u0435\u0448\u0435\u0432\u043e, \u0411\u0443\u0458\u0430\u043d\u043e\u0432\u0430\u0446 \u0438 \u041c\u0435\u0434\u0432\u0435\u0452a","description":"","publisher":{"@id":"https:\/\/kt.gov.rs\/#organization"},"alternateName":"\u041a\u043e\u043e\u0440\u0434\u0438\u043d\u0430\u0446\u0438\u043e\u043d\u043e \u0442\u0435\u043b\u043e","potentialAction":[{"@type":"SearchAction","target":{"@type":"EntryPoint","urlTemplate":"https:\/\/kt.gov.rs\/?s={search_term_string}"},"query-input":{"@type":"PropertyValueSpecification","valueRequired":true,"valueName":"search_term_string"}}],"inLanguage":"sq-AL"},{"@type":"Organization","@id":"https:\/\/kt.gov.rs\/#organization","name":"\u041a\u043e\u043e\u0440\u0434\u0438\u043d\u0430\u0446\u0438\u043e\u043d\u043e \u0442\u0435\u043b\u043e \u0412\u043b\u0430\u0434\u0435 \u0420\u0435\u043f\u0443\u0431\u043b\u0438\u043a\u0435 \u0421\u0440\u0431\u0438\u0458\u0435 \u0437\u0430 \u043e\u043f\u0448\u0442\u0438\u043d\u0435 \u041f\u0440\u0435\u0448\u0435\u0432\u043e, \u0411\u0443\u0458\u0430\u043d\u043e\u0432\u0430\u0446 \u0438 \u041c\u0435\u0434\u0432\u0435\u0452a","alternateName":"\u041a\u043e\u043e\u0440\u0434\u0438\u043d\u0430\u0446\u0438\u043e\u043d\u043e \u0442\u0435\u043b\u043e","url":"https:\/\/kt.gov.rs\/","logo":{"@type":"ImageObject","inLanguage":"sq-AL","@id":"https:\/\/kt.gov.rs\/#\/schema\/logo\/image\/","url":"https:\/\/kt.gov.rs\/wp-content\/uploads\/2024\/12\/koord2.jpg","contentUrl":"https:\/\/kt.gov.rs\/wp-content\/uploads\/2024\/12\/koord2.jpg","width":640,"height":480,"caption":"\u041a\u043e\u043e\u0440\u0434\u0438\u043d\u0430\u0446\u0438\u043e\u043d\u043e \u0442\u0435\u043b\u043e \u0412\u043b\u0430\u0434\u0435 \u0420\u0435\u043f\u0443\u0431\u043b\u0438\u043a\u0435 \u0421\u0440\u0431\u0438\u0458\u0435 \u0437\u0430 \u043e\u043f\u0448\u0442\u0438\u043d\u0435 \u041f\u0440\u0435\u0448\u0435\u0432\u043e, \u0411\u0443\u0458\u0430\u043d\u043e\u0432\u0430\u0446 \u0438 \u041c\u0435\u0434\u0432\u0435\u0452a"},"image":{"@id":"https:\/\/kt.gov.rs\/#\/schema\/logo\/image\/"},"sameAs":["https:\/\/www.facebook.com\/SluzbaKoordinacionogTelaVladeRepublikeSrbije","https:\/\/x.com\/kt_gov","https:\/\/www.youtube.com\/@koordinacionotelo"]},{"@type":"Person","@id":"https:\/\/kt.gov.rs\/#\/schema\/person\/e426459ddb4173309103390602694571","name":"ktmin","image":{"@type":"ImageObject","inLanguage":"sq-AL","@id":"https:\/\/secure.gravatar.com\/avatar\/3985c961109853010c3fbc7ba30365bfba5db3dd6c525831d9c595c7525a615a?s=96&d=mm&r=g","url":"https:\/\/secure.gravatar.com\/avatar\/3985c961109853010c3fbc7ba30365bfba5db3dd6c525831d9c595c7525a615a?s=96&d=mm&r=g","contentUrl":"https:\/\/secure.gravatar.com\/avatar\/3985c961109853010c3fbc7ba30365bfba5db3dd6c525831d9c595c7525a615a?s=96&d=mm&r=g","caption":"ktmin"},"sameAs":["https:\/\/kt.gov.rs"],"url":"https:\/\/kt.gov.rs\/sq\/author\/ktmin\/"}]}},"_links":{"self":[{"href":"https:\/\/kt.gov.rs\/sq\/wp-json\/wp\/v2\/posts\/139398","targetHints":{"allow":["GET"]}}],"collection":[{"href":"https:\/\/kt.gov.rs\/sq\/wp-json\/wp\/v2\/posts"}],"about":[{"href":"https:\/\/kt.gov.rs\/sq\/wp-json\/wp\/v2\/types\/post"}],"author":[{"embeddable":true,"href":"https:\/\/kt.gov.rs\/sq\/wp-json\/wp\/v2\/users\/1"}],"replies":[{"embeddable":true,"href":"https:\/\/kt.gov.rs\/sq\/wp-json\/wp\/v2\/comments?post=139398"}],"version-history":[{"count":1,"href":"https:\/\/kt.gov.rs\/sq\/wp-json\/wp\/v2\/posts\/139398\/revisions"}],"predecessor-version":[{"id":139402,"href":"https:\/\/kt.gov.rs\/sq\/wp-json\/wp\/v2\/posts\/139398\/revisions\/139402"}],"wp:featuredmedia":[{"embeddable":true,"href":"https:\/\/kt.gov.rs\/sq\/wp-json\/wp\/v2\/media\/139403"}],"wp:attachment":[{"href":"https:\/\/kt.gov.rs\/sq\/wp-json\/wp\/v2\/media?parent=139398"}],"wp:term":[{"taxonomy":"category","embeddable":true,"href":"https:\/\/kt.gov.rs\/sq\/wp-json\/wp\/v2\/categories?post=139398"},{"taxonomy":"post_tag","embeddable":true,"href":"https:\/\/kt.gov.rs\/sq\/wp-json\/wp\/v2\/tags?post=139398"}],"curies":[{"name":"wp","href":"https:\/\/api.w.org\/{rel}","templated":true}]}}