{"id":139363,"date":"2014-03-07T00:00:00","date_gmt":"2014-03-07T00:00:00","guid":{"rendered":"http:\/\/kt.printandscreen.rs\/thirrje-publike-per-aplikimin-e-xhez-muzikanteve-te-rinj-ne-xhaz-orkestren-e-te-rinjeve-nga-jugu-i-serbise\/"},"modified":"2024-07-30T20:13:00","modified_gmt":"2024-07-30T20:13:00","slug":"thirrje-publike-per-aplikimin-e-xhez-muzikanteve-te-rinj-ne-xhaz-orkestren-e-te-rinjeve-nga-jugu-i-serbise","status":"publish","type":"post","link":"https:\/\/kt.gov.rs\/sq\/thirrje-publike-per-aplikimin-e-xhez-muzikanteve-te-rinj-ne-xhaz-orkestren-e-te-rinjeve-nga-jugu-i-serbise\/","title":{"rendered":"THIRRJE PUBLIKE \u2013 p\u00ebr aplikimin e xhez muzikant\u00ebve t\u00eb rinj n\u00eb xhaz orkestr\u00ebn e t\u00eb rinj\u00ebve nga jugu i Serbis\u00eb"},"content":{"rendered":"<p>\n\t<img decoding=\"async\" alt=\"\" src=\"https:\/\/kt.gov.rs\/wp-content\/uploads\/2024\/07\/newspic804v-4.jpg\" style=\"width: 640px; height: 397px;\" \/><\/p>\n<p>\n\tFondi i Nishvillit dhe shkoll\u00ebs s\u00eb muzik\u00ebs n\u00eb Leskoc dhe Nish ftojn\u00eb muzikant\u00ebt e rinj t\u00eb mosh\u00ebs prej 14 deri 21 vje\u00e7are nga Nishi, Leskoci, Vranja, Vlladi\u00e7in Hani, Bosilegradi dhe Bujanoci, t\u00eb cil\u00ebt d\u00ebshirojn\u00eb t\u00eb ndjekin papages\u00eb xhez puntorin n\u00eb kuad\u00ebr t\u00eb projektit \u201eXhezi shprehje multikulturore\u201c.<\/p>\n<p>\n\tP\u00ebrve\u00e7 trajnimit muzikor n\u00eb fush\u00ebn e xhezit n\u00eb kuad\u00ebr t\u00eb puntorive, t\u00eb rinj\u00ebt nga bashk\u00ebsit\u00ebe ndryshme etnike mund t\u00eb shoq\u00ebrohen, s\u00ebbashkur t\u00eb b\u00ebjn muzik\u00eb dhe t\u00eb njihen m\u00eb mir\u00eb.<\/p>\n<p>\n\tN\u00eb secil\u00ebn prej vendeve t\u00eb p\u00ebrmendura t\u00eb rinj\u00ebt do t\u00eb punojn me koordinator\u00ebt lokal dhe t\u00eb ushtrojn\u00eb programin, t\u00eb cilin program secili prej tyre do ta paraqes m\u00eb 30 prill p\u00ebr Dit\u00ebn Bot\u00ebrore t\u00eb Xhezit. Deri n\u00eb gusht jan\u00eb planifikuar edhe tri takime \u00a0dyditore t\u00eb ndjek\u00ebs\u00ebve n\u00eb t\u00eb gjitha qytetet (n\u00eb Nish, Leskoc dhe Vranj\u00eb) p\u00ebrgjat s\u00eb cil\u00ebve n\u00eb baz\u00eb t\u00eb aranzhmaneve t\u00eb shpallura do ti performojn kompozimet e p\u00ebrbashk\u00ebta: standard \u201eWhen the Saints Go Marching In\u201c, \u201eNishville Jubilation\u201c \u2013 Dushka Gojkoviq dhe \u201eWatermelon Man\u201c \u2013 Herbija Henkoka (n\u00eb incijativ\u00ebn e t\u00eb cilit m\u00eb 30 prill do t\u00eb hyj\u00eb n\u00eb kalendarin e UNESCO-s si Dita Bot\u00ebrore e Xhezit).<\/p>\n<p>\n\tT\u00eb gjith\u00eb ndjek\u00ebsit s\u00ebbashku do t\u00eb mbajn\u00eb koncerte n\u00eb vendet nga t\u00eb cilat vijn\u00eb, duke p\u00ebrfshi dhe shfaqjen n\u00eb Nish, n\u00eb koh\u00ebn e Festivalit t\u00eb Nishvillit n\u00eb kuad\u00ebr t\u00eb programit \u201eRrjetet rinore t\u00eb xhezit\u201c.\u00a0<\/p>\n<p>\n\tOrganizator\u00ebt e puntorive sigurojn\u00eb transportin falas, akomodimin dhe shuajtjet, gjat\u00eb shk\u00ebmbimit (t\u00eb provave t\u00eb p\u00ebrbashk\u00ebta n\u00eb Nish, Leskoc dhe Vranj\u00eb), ashtu edhe n\u00eb koncertet e p\u00ebrbashk\u00ebta n\u00eb t\u00eb gjitha gjasht\u00eb qytetet gjat\u00eb kat\u00ebr dit\u00ebve t\u00eb Nishvillit.<\/p>\n<p>\n\tE papritur p\u00ebr ndjek\u00ebsit e projektit do t\u00eb jet hyrja falas n\u00eb Festivalin e xhezit Nishvill. Gjithashtu muzikant\u00ebt e rinj t\u00eb zgjedhur p\u00ebr pjes\u00ebmarrje n\u00eb projektin \u201eXhezi shprehje multikulturore\u201c, p\u00ebrgjat Nishvillit mund t\u00eb ndjekin edhe puntorin e zakonshme t\u00eb Nishvillit n\u00eb sall\u00ebn e Orkestr\u00ebs Sinfonike.<\/p>\n<p>\n\tNumri i ndjek\u00ebsve n\u00eb \u00e7do qytet \u00ebsht\u00eb i kufizuar (5 persona), nd\u00ebrsa p\u00ebr aplikim duhet q\u00eb t\u00eb mbushet formulari n\u00eb ueb faqen <a href=\"http:\/\/www.omladinskajazzmreza.nisville.com\">www.omladinskajazzmreza.nisville.com<\/a>.<\/p>\n<p>\n\t<strong>Afati p\u00ebr paraqitje \u00ebsht\u00eb 24 marsi. <\/strong><\/p>\n<p>\n\tB\u00ebhuni pjes\u00eb e pandashme e xhez kultur\u00ebs!<\/p>\n<p>\n\tProjekti realizohet me ndihm\u00ebn e Zyr\u00ebs p\u00ebr Bashk\u00ebpunim me Sektorn Civil dhe Delegacionit t\u00eb EU-s\u00eb. Realizimin e projektit n\u00eb Bujanoc e kan\u00eb mb\u00ebshtetur Sh\u00ebrbimi i Trupit<\/p>\n<p>\n\tKoordinues dhe komuna e Bujanocit.<\/p>\n<p>\n\t<img decoding=\"async\" alt=\"\" src=\"https:\/\/kt.gov.rs\/wp-content\/uploads\/2024\/07\/newspic805v-2.jpg\" style=\"width: 640px; height: 510px;\" \/><\/p>\n<p>\n\t\u00a0<\/p>\n","protected":false},"excerpt":{"rendered":"<p>Fondi i Nishvillit dhe shkoll\u00ebs s\u00eb muzik\u00ebs n\u00eb Leskoc dhe Nish ftojn\u00eb muzikant\u00ebt e rinj t\u00eb mosh\u00ebs prej 14 deri 21 vje\u00e7are nga Nishi, Leskoci, Vranja, Vlladi\u00e7in Hani, Bosilegradi dhe Bujanoci..<\/p>\n","protected":false},"author":1,"featured_media":139371,"comment_status":"closed","ping_status":"closed","sticky":false,"template":"","format":"standard","meta":{"footnotes":""},"categories":[55],"tags":[],"class_list":["post-139363","post","type-post","status-publish","format-standard","has-post-thumbnail","hentry","category-lajme"],"yoast_head":"<!-- This site is optimized with the Yoast SEO plugin v27.5 - https:\/\/yoast.com\/product\/yoast-seo-wordpress\/ -->\n<title>THIRRJE PUBLIKE - p\u00ebr aplikimin e xhez muzikant\u00ebve t\u00eb rinj n\u00eb xhaz orkestr\u00ebn e t\u00eb rinj\u00ebve nga jugu i Serbis\u00eb - Republika e S\u00ebrbis\u00eb Trupi Koordinues p\u00ebr komunat Bujanoc, Preshev\u00eb dhe Medvegj\u00eb<\/title>\n<meta name=\"robots\" content=\"index, follow, max-snippet:-1, max-image-preview:large, max-video-preview:-1\" \/>\n<link rel=\"canonical\" href=\"https:\/\/kt.gov.rs\/sq\/thirrje-publike-per-aplikimin-e-xhez-muzikanteve-te-rinj-ne-xhaz-orkestren-e-te-rinjeve-nga-jugu-i-serbise\/\" \/>\n<meta property=\"og:locale\" content=\"sq_AL\" \/>\n<meta property=\"og:type\" content=\"article\" \/>\n<meta property=\"og:title\" content=\"THIRRJE PUBLIKE - p\u00ebr aplikimin e xhez muzikant\u00ebve t\u00eb rinj n\u00eb xhaz orkestr\u00ebn e t\u00eb rinj\u00ebve nga jugu i Serbis\u00eb - Republika e S\u00ebrbis\u00eb Trupi Koordinues p\u00ebr komunat Bujanoc, Preshev\u00eb dhe Medvegj\u00eb\" \/>\n<meta property=\"og:description\" content=\"Fondi i Nishvillit dhe shkoll\u00ebs s\u00eb muzik\u00ebs n\u00eb Leskoc dhe Nish ftojn\u00eb muzikant\u00ebt e rinj t\u00eb mosh\u00ebs prej 14 deri 21 vje\u00e7are nga Nishi, Leskoci, Vranja, Vlladi\u00e7in Hani, Bosilegradi dhe Bujanoci..\" \/>\n<meta property=\"og:url\" content=\"https:\/\/kt.gov.rs\/sq\/thirrje-publike-per-aplikimin-e-xhez-muzikanteve-te-rinj-ne-xhaz-orkestren-e-te-rinjeve-nga-jugu-i-serbise\/\" \/>\n<meta property=\"og:site_name\" content=\"Republika e S\u00ebrbis\u00eb Trupi Koordinues p\u00ebr komunat Bujanoc, Preshev\u00eb dhe Medvegj\u00eb\" \/>\n<meta property=\"article:publisher\" content=\"https:\/\/www.facebook.com\/SluzbaKoordinacionogTelaVladeRepublikeSrbije\" \/>\n<meta property=\"article:published_time\" content=\"2014-03-07T00:00:00+00:00\" \/>\n<meta property=\"article:modified_time\" content=\"2024-07-30T20:13:00+00:00\" \/>\n<meta property=\"og:image\" content=\"https:\/\/kt.gov.rs\/wp-content\/uploads\/2024\/07\/newspic804v-5.jpg\" \/>\n\t<meta property=\"og:image:width\" content=\"640\" \/>\n\t<meta property=\"og:image:height\" content=\"397\" \/>\n\t<meta property=\"og:image:type\" content=\"image\/jpeg\" \/>\n<meta name=\"author\" content=\"ktmin\" \/>\n<meta name=\"twitter:card\" content=\"summary_large_image\" \/>\n<meta name=\"twitter:creator\" content=\"@kt_gov\" \/>\n<meta name=\"twitter:site\" content=\"@kt_gov\" \/>\n<meta name=\"twitter:label1\" content=\"Written by\" \/>\n\t<meta name=\"twitter:data1\" content=\"ktmin\" \/>\n\t<meta name=\"twitter:label2\" content=\"Est. reading time\" \/>\n\t<meta name=\"twitter:data2\" content=\"3 minutes\" \/>\n<script type=\"application\/ld+json\" class=\"yoast-schema-graph\">{\"@context\":\"https:\\\/\\\/schema.org\",\"@graph\":[{\"@type\":\"Article\",\"@id\":\"https:\\\/\\\/kt.gov.rs\\\/sq\\\/thirrje-publike-per-aplikimin-e-xhez-muzikanteve-te-rinj-ne-xhaz-orkestren-e-te-rinjeve-nga-jugu-i-serbise\\\/#article\",\"isPartOf\":{\"@id\":\"https:\\\/\\\/kt.gov.rs\\\/sq\\\/thirrje-publike-per-aplikimin-e-xhez-muzikanteve-te-rinj-ne-xhaz-orkestren-e-te-rinjeve-nga-jugu-i-serbise\\\/\"},\"author\":{\"name\":\"ktmin\",\"@id\":\"https:\\\/\\\/kt.gov.rs\\\/#\\\/schema\\\/person\\\/e426459ddb4173309103390602694571\"},\"headline\":\"THIRRJE PUBLIKE \u2013 p\u00ebr aplikimin e xhez muzikant\u00ebve t\u00eb rinj n\u00eb xhaz orkestr\u00ebn e t\u00eb rinj\u00ebve nga jugu i Serbis\u00eb\",\"datePublished\":\"2014-03-07T00:00:00+00:00\",\"dateModified\":\"2024-07-30T20:13:00+00:00\",\"mainEntityOfPage\":{\"@id\":\"https:\\\/\\\/kt.gov.rs\\\/sq\\\/thirrje-publike-per-aplikimin-e-xhez-muzikanteve-te-rinj-ne-xhaz-orkestren-e-te-rinjeve-nga-jugu-i-serbise\\\/\"},\"wordCount\":627,\"publisher\":{\"@id\":\"https:\\\/\\\/kt.gov.rs\\\/#organization\"},\"image\":{\"@id\":\"https:\\\/\\\/kt.gov.rs\\\/sq\\\/thirrje-publike-per-aplikimin-e-xhez-muzikanteve-te-rinj-ne-xhaz-orkestren-e-te-rinjeve-nga-jugu-i-serbise\\\/#primaryimage\"},\"thumbnailUrl\":\"https:\\\/\\\/kt.gov.rs\\\/wp-content\\\/uploads\\\/2024\\\/07\\\/newspic804v-5.jpg\",\"articleSection\":[\"Lajme\"],\"inLanguage\":\"sq-AL\"},{\"@type\":\"WebPage\",\"@id\":\"https:\\\/\\\/kt.gov.rs\\\/sq\\\/thirrje-publike-per-aplikimin-e-xhez-muzikanteve-te-rinj-ne-xhaz-orkestren-e-te-rinjeve-nga-jugu-i-serbise\\\/\",\"url\":\"https:\\\/\\\/kt.gov.rs\\\/sq\\\/thirrje-publike-per-aplikimin-e-xhez-muzikanteve-te-rinj-ne-xhaz-orkestren-e-te-rinjeve-nga-jugu-i-serbise\\\/\",\"name\":\"THIRRJE PUBLIKE - p\u00ebr aplikimin e xhez muzikant\u00ebve t\u00eb rinj n\u00eb xhaz orkestr\u00ebn e t\u00eb rinj\u00ebve nga jugu i Serbis\u00eb - Republika e S\u00ebrbis\u00eb Trupi Koordinues p\u00ebr komunat Bujanoc, Preshev\u00eb dhe Medvegj\u00eb\",\"isPartOf\":{\"@id\":\"https:\\\/\\\/kt.gov.rs\\\/#website\"},\"primaryImageOfPage\":{\"@id\":\"https:\\\/\\\/kt.gov.rs\\\/sq\\\/thirrje-publike-per-aplikimin-e-xhez-muzikanteve-te-rinj-ne-xhaz-orkestren-e-te-rinjeve-nga-jugu-i-serbise\\\/#primaryimage\"},\"image\":{\"@id\":\"https:\\\/\\\/kt.gov.rs\\\/sq\\\/thirrje-publike-per-aplikimin-e-xhez-muzikanteve-te-rinj-ne-xhaz-orkestren-e-te-rinjeve-nga-jugu-i-serbise\\\/#primaryimage\"},\"thumbnailUrl\":\"https:\\\/\\\/kt.gov.rs\\\/wp-content\\\/uploads\\\/2024\\\/07\\\/newspic804v-5.jpg\",\"datePublished\":\"2014-03-07T00:00:00+00:00\",\"dateModified\":\"2024-07-30T20:13:00+00:00\",\"breadcrumb\":{\"@id\":\"https:\\\/\\\/kt.gov.rs\\\/sq\\\/thirrje-publike-per-aplikimin-e-xhez-muzikanteve-te-rinj-ne-xhaz-orkestren-e-te-rinjeve-nga-jugu-i-serbise\\\/#breadcrumb\"},\"inLanguage\":\"sq-AL\",\"potentialAction\":[{\"@type\":\"ReadAction\",\"target\":[\"https:\\\/\\\/kt.gov.rs\\\/sq\\\/thirrje-publike-per-aplikimin-e-xhez-muzikanteve-te-rinj-ne-xhaz-orkestren-e-te-rinjeve-nga-jugu-i-serbise\\\/\"]}]},{\"@type\":\"ImageObject\",\"inLanguage\":\"sq-AL\",\"@id\":\"https:\\\/\\\/kt.gov.rs\\\/sq\\\/thirrje-publike-per-aplikimin-e-xhez-muzikanteve-te-rinj-ne-xhaz-orkestren-e-te-rinjeve-nga-jugu-i-serbise\\\/#primaryimage\",\"url\":\"https:\\\/\\\/kt.gov.rs\\\/wp-content\\\/uploads\\\/2024\\\/07\\\/newspic804v-5.jpg\",\"contentUrl\":\"https:\\\/\\\/kt.gov.rs\\\/wp-content\\\/uploads\\\/2024\\\/07\\\/newspic804v-5.jpg\",\"width\":640,\"height\":397},{\"@type\":\"BreadcrumbList\",\"@id\":\"https:\\\/\\\/kt.gov.rs\\\/sq\\\/thirrje-publike-per-aplikimin-e-xhez-muzikanteve-te-rinj-ne-xhaz-orkestren-e-te-rinjeve-nga-jugu-i-serbise\\\/#breadcrumb\",\"itemListElement\":[{\"@type\":\"ListItem\",\"position\":1,\"name\":\"\u041f\u043e\u0447\u0435\u0442\u043d\u0430\",\"item\":\"https:\\\/\\\/kt.gov.rs\\\/sq\\\/\"},{\"@type\":\"ListItem\",\"position\":2,\"name\":\"THIRRJE PUBLIKE \u2013 p\u00ebr aplikimin e xhez muzikant\u00ebve t\u00eb rinj n\u00eb xhaz orkestr\u00ebn e t\u00eb rinj\u00ebve nga jugu i Serbis\u00eb\"}]},{\"@type\":\"WebSite\",\"@id\":\"https:\\\/\\\/kt.gov.rs\\\/#website\",\"url\":\"https:\\\/\\\/kt.gov.rs\\\/\",\"name\":\"\u041a\u043e\u043e\u0440\u0434\u0438\u043d\u0430\u0446\u0438\u043e\u043d\u043e \u0442\u0435\u043b\u043e \u0412\u043b\u0430\u0434\u0435 \u0420\u0435\u043f\u0443\u0431\u043b\u0438\u043a\u0435 \u0421\u0440\u0431\u0438\u0458\u0435 \u0437\u0430 \u043e\u043f\u0448\u0442\u0438\u043d\u0435 \u041f\u0440\u0435\u0448\u0435\u0432\u043e, \u0411\u0443\u0458\u0430\u043d\u043e\u0432\u0430\u0446 \u0438 \u041c\u0435\u0434\u0432\u0435\u0452a\",\"description\":\"\",\"publisher\":{\"@id\":\"https:\\\/\\\/kt.gov.rs\\\/#organization\"},\"alternateName\":\"\u041a\u043e\u043e\u0440\u0434\u0438\u043d\u0430\u0446\u0438\u043e\u043d\u043e \u0442\u0435\u043b\u043e\",\"potentialAction\":[{\"@type\":\"SearchAction\",\"target\":{\"@type\":\"EntryPoint\",\"urlTemplate\":\"https:\\\/\\\/kt.gov.rs\\\/?s={search_term_string}\"},\"query-input\":{\"@type\":\"PropertyValueSpecification\",\"valueRequired\":true,\"valueName\":\"search_term_string\"}}],\"inLanguage\":\"sq-AL\"},{\"@type\":\"Organization\",\"@id\":\"https:\\\/\\\/kt.gov.rs\\\/#organization\",\"name\":\"\u041a\u043e\u043e\u0440\u0434\u0438\u043d\u0430\u0446\u0438\u043e\u043d\u043e \u0442\u0435\u043b\u043e \u0412\u043b\u0430\u0434\u0435 \u0420\u0435\u043f\u0443\u0431\u043b\u0438\u043a\u0435 \u0421\u0440\u0431\u0438\u0458\u0435 \u0437\u0430 \u043e\u043f\u0448\u0442\u0438\u043d\u0435 \u041f\u0440\u0435\u0448\u0435\u0432\u043e, \u0411\u0443\u0458\u0430\u043d\u043e\u0432\u0430\u0446 \u0438 \u041c\u0435\u0434\u0432\u0435\u0452a\",\"alternateName\":\"\u041a\u043e\u043e\u0440\u0434\u0438\u043d\u0430\u0446\u0438\u043e\u043d\u043e \u0442\u0435\u043b\u043e\",\"url\":\"https:\\\/\\\/kt.gov.rs\\\/\",\"logo\":{\"@type\":\"ImageObject\",\"inLanguage\":\"sq-AL\",\"@id\":\"https:\\\/\\\/kt.gov.rs\\\/#\\\/schema\\\/logo\\\/image\\\/\",\"url\":\"https:\\\/\\\/kt.gov.rs\\\/wp-content\\\/uploads\\\/2024\\\/12\\\/koord2.jpg\",\"contentUrl\":\"https:\\\/\\\/kt.gov.rs\\\/wp-content\\\/uploads\\\/2024\\\/12\\\/koord2.jpg\",\"width\":640,\"height\":480,\"caption\":\"\u041a\u043e\u043e\u0440\u0434\u0438\u043d\u0430\u0446\u0438\u043e\u043d\u043e \u0442\u0435\u043b\u043e \u0412\u043b\u0430\u0434\u0435 \u0420\u0435\u043f\u0443\u0431\u043b\u0438\u043a\u0435 \u0421\u0440\u0431\u0438\u0458\u0435 \u0437\u0430 \u043e\u043f\u0448\u0442\u0438\u043d\u0435 \u041f\u0440\u0435\u0448\u0435\u0432\u043e, \u0411\u0443\u0458\u0430\u043d\u043e\u0432\u0430\u0446 \u0438 \u041c\u0435\u0434\u0432\u0435\u0452a\"},\"image\":{\"@id\":\"https:\\\/\\\/kt.gov.rs\\\/#\\\/schema\\\/logo\\\/image\\\/\"},\"sameAs\":[\"https:\\\/\\\/www.facebook.com\\\/SluzbaKoordinacionogTelaVladeRepublikeSrbije\",\"https:\\\/\\\/x.com\\\/kt_gov\",\"https:\\\/\\\/www.youtube.com\\\/@koordinacionotelo\"]},{\"@type\":\"Person\",\"@id\":\"https:\\\/\\\/kt.gov.rs\\\/#\\\/schema\\\/person\\\/e426459ddb4173309103390602694571\",\"name\":\"ktmin\",\"image\":{\"@type\":\"ImageObject\",\"inLanguage\":\"sq-AL\",\"@id\":\"https:\\\/\\\/secure.gravatar.com\\\/avatar\\\/3985c961109853010c3fbc7ba30365bfba5db3dd6c525831d9c595c7525a615a?s=96&d=mm&r=g\",\"url\":\"https:\\\/\\\/secure.gravatar.com\\\/avatar\\\/3985c961109853010c3fbc7ba30365bfba5db3dd6c525831d9c595c7525a615a?s=96&d=mm&r=g\",\"contentUrl\":\"https:\\\/\\\/secure.gravatar.com\\\/avatar\\\/3985c961109853010c3fbc7ba30365bfba5db3dd6c525831d9c595c7525a615a?s=96&d=mm&r=g\",\"caption\":\"ktmin\"},\"sameAs\":[\"https:\\\/\\\/kt.gov.rs\"],\"url\":\"https:\\\/\\\/kt.gov.rs\\\/sq\\\/author\\\/ktmin\\\/\"}]}<\/script>\n<!-- \/ Yoast SEO plugin. -->","yoast_head_json":{"title":"THIRRJE PUBLIKE - p\u00ebr aplikimin e xhez muzikant\u00ebve t\u00eb rinj n\u00eb xhaz orkestr\u00ebn e t\u00eb rinj\u00ebve nga jugu i Serbis\u00eb - Republika e S\u00ebrbis\u00eb Trupi Koordinues p\u00ebr komunat Bujanoc, Preshev\u00eb dhe Medvegj\u00eb","robots":{"index":"index","follow":"follow","max-snippet":"max-snippet:-1","max-image-preview":"max-image-preview:large","max-video-preview":"max-video-preview:-1"},"canonical":"https:\/\/kt.gov.rs\/sq\/thirrje-publike-per-aplikimin-e-xhez-muzikanteve-te-rinj-ne-xhaz-orkestren-e-te-rinjeve-nga-jugu-i-serbise\/","og_locale":"sq_AL","og_type":"article","og_title":"THIRRJE PUBLIKE - p\u00ebr aplikimin e xhez muzikant\u00ebve t\u00eb rinj n\u00eb xhaz orkestr\u00ebn e t\u00eb rinj\u00ebve nga jugu i Serbis\u00eb - Republika e S\u00ebrbis\u00eb Trupi Koordinues p\u00ebr komunat Bujanoc, Preshev\u00eb dhe Medvegj\u00eb","og_description":"Fondi i Nishvillit dhe shkoll\u00ebs s\u00eb muzik\u00ebs n\u00eb Leskoc dhe Nish ftojn\u00eb muzikant\u00ebt e rinj t\u00eb mosh\u00ebs prej 14 deri 21 vje\u00e7are nga Nishi, Leskoci, Vranja, Vlladi\u00e7in Hani, Bosilegradi dhe Bujanoci..","og_url":"https:\/\/kt.gov.rs\/sq\/thirrje-publike-per-aplikimin-e-xhez-muzikanteve-te-rinj-ne-xhaz-orkestren-e-te-rinjeve-nga-jugu-i-serbise\/","og_site_name":"Republika e S\u00ebrbis\u00eb Trupi Koordinues p\u00ebr komunat Bujanoc, Preshev\u00eb dhe Medvegj\u00eb","article_publisher":"https:\/\/www.facebook.com\/SluzbaKoordinacionogTelaVladeRepublikeSrbije","article_published_time":"2014-03-07T00:00:00+00:00","article_modified_time":"2024-07-30T20:13:00+00:00","og_image":[{"width":640,"height":397,"url":"https:\/\/kt.gov.rs\/wp-content\/uploads\/2024\/07\/newspic804v-5.jpg","type":"image\/jpeg"}],"author":"ktmin","twitter_card":"summary_large_image","twitter_creator":"@kt_gov","twitter_site":"@kt_gov","twitter_misc":{"Written by":"ktmin","Est. reading time":"3 minutes"},"schema":{"@context":"https:\/\/schema.org","@graph":[{"@type":"Article","@id":"https:\/\/kt.gov.rs\/sq\/thirrje-publike-per-aplikimin-e-xhez-muzikanteve-te-rinj-ne-xhaz-orkestren-e-te-rinjeve-nga-jugu-i-serbise\/#article","isPartOf":{"@id":"https:\/\/kt.gov.rs\/sq\/thirrje-publike-per-aplikimin-e-xhez-muzikanteve-te-rinj-ne-xhaz-orkestren-e-te-rinjeve-nga-jugu-i-serbise\/"},"author":{"name":"ktmin","@id":"https:\/\/kt.gov.rs\/#\/schema\/person\/e426459ddb4173309103390602694571"},"headline":"THIRRJE PUBLIKE \u2013 p\u00ebr aplikimin e xhez muzikant\u00ebve t\u00eb rinj n\u00eb xhaz orkestr\u00ebn e t\u00eb rinj\u00ebve nga jugu i Serbis\u00eb","datePublished":"2014-03-07T00:00:00+00:00","dateModified":"2024-07-30T20:13:00+00:00","mainEntityOfPage":{"@id":"https:\/\/kt.gov.rs\/sq\/thirrje-publike-per-aplikimin-e-xhez-muzikanteve-te-rinj-ne-xhaz-orkestren-e-te-rinjeve-nga-jugu-i-serbise\/"},"wordCount":627,"publisher":{"@id":"https:\/\/kt.gov.rs\/#organization"},"image":{"@id":"https:\/\/kt.gov.rs\/sq\/thirrje-publike-per-aplikimin-e-xhez-muzikanteve-te-rinj-ne-xhaz-orkestren-e-te-rinjeve-nga-jugu-i-serbise\/#primaryimage"},"thumbnailUrl":"https:\/\/kt.gov.rs\/wp-content\/uploads\/2024\/07\/newspic804v-5.jpg","articleSection":["Lajme"],"inLanguage":"sq-AL"},{"@type":"WebPage","@id":"https:\/\/kt.gov.rs\/sq\/thirrje-publike-per-aplikimin-e-xhez-muzikanteve-te-rinj-ne-xhaz-orkestren-e-te-rinjeve-nga-jugu-i-serbise\/","url":"https:\/\/kt.gov.rs\/sq\/thirrje-publike-per-aplikimin-e-xhez-muzikanteve-te-rinj-ne-xhaz-orkestren-e-te-rinjeve-nga-jugu-i-serbise\/","name":"THIRRJE PUBLIKE - p\u00ebr aplikimin e xhez muzikant\u00ebve t\u00eb rinj n\u00eb xhaz orkestr\u00ebn e t\u00eb rinj\u00ebve nga jugu i Serbis\u00eb - Republika e S\u00ebrbis\u00eb Trupi Koordinues p\u00ebr komunat Bujanoc, Preshev\u00eb dhe Medvegj\u00eb","isPartOf":{"@id":"https:\/\/kt.gov.rs\/#website"},"primaryImageOfPage":{"@id":"https:\/\/kt.gov.rs\/sq\/thirrje-publike-per-aplikimin-e-xhez-muzikanteve-te-rinj-ne-xhaz-orkestren-e-te-rinjeve-nga-jugu-i-serbise\/#primaryimage"},"image":{"@id":"https:\/\/kt.gov.rs\/sq\/thirrje-publike-per-aplikimin-e-xhez-muzikanteve-te-rinj-ne-xhaz-orkestren-e-te-rinjeve-nga-jugu-i-serbise\/#primaryimage"},"thumbnailUrl":"https:\/\/kt.gov.rs\/wp-content\/uploads\/2024\/07\/newspic804v-5.jpg","datePublished":"2014-03-07T00:00:00+00:00","dateModified":"2024-07-30T20:13:00+00:00","breadcrumb":{"@id":"https:\/\/kt.gov.rs\/sq\/thirrje-publike-per-aplikimin-e-xhez-muzikanteve-te-rinj-ne-xhaz-orkestren-e-te-rinjeve-nga-jugu-i-serbise\/#breadcrumb"},"inLanguage":"sq-AL","potentialAction":[{"@type":"ReadAction","target":["https:\/\/kt.gov.rs\/sq\/thirrje-publike-per-aplikimin-e-xhez-muzikanteve-te-rinj-ne-xhaz-orkestren-e-te-rinjeve-nga-jugu-i-serbise\/"]}]},{"@type":"ImageObject","inLanguage":"sq-AL","@id":"https:\/\/kt.gov.rs\/sq\/thirrje-publike-per-aplikimin-e-xhez-muzikanteve-te-rinj-ne-xhaz-orkestren-e-te-rinjeve-nga-jugu-i-serbise\/#primaryimage","url":"https:\/\/kt.gov.rs\/wp-content\/uploads\/2024\/07\/newspic804v-5.jpg","contentUrl":"https:\/\/kt.gov.rs\/wp-content\/uploads\/2024\/07\/newspic804v-5.jpg","width":640,"height":397},{"@type":"BreadcrumbList","@id":"https:\/\/kt.gov.rs\/sq\/thirrje-publike-per-aplikimin-e-xhez-muzikanteve-te-rinj-ne-xhaz-orkestren-e-te-rinjeve-nga-jugu-i-serbise\/#breadcrumb","itemListElement":[{"@type":"ListItem","position":1,"name":"\u041f\u043e\u0447\u0435\u0442\u043d\u0430","item":"https:\/\/kt.gov.rs\/sq\/"},{"@type":"ListItem","position":2,"name":"THIRRJE PUBLIKE \u2013 p\u00ebr aplikimin e xhez muzikant\u00ebve t\u00eb rinj n\u00eb xhaz orkestr\u00ebn e t\u00eb rinj\u00ebve nga jugu i Serbis\u00eb"}]},{"@type":"WebSite","@id":"https:\/\/kt.gov.rs\/#website","url":"https:\/\/kt.gov.rs\/","name":"\u041a\u043e\u043e\u0440\u0434\u0438\u043d\u0430\u0446\u0438\u043e\u043d\u043e \u0442\u0435\u043b\u043e \u0412\u043b\u0430\u0434\u0435 \u0420\u0435\u043f\u0443\u0431\u043b\u0438\u043a\u0435 \u0421\u0440\u0431\u0438\u0458\u0435 \u0437\u0430 \u043e\u043f\u0448\u0442\u0438\u043d\u0435 \u041f\u0440\u0435\u0448\u0435\u0432\u043e, \u0411\u0443\u0458\u0430\u043d\u043e\u0432\u0430\u0446 \u0438 \u041c\u0435\u0434\u0432\u0435\u0452a","description":"","publisher":{"@id":"https:\/\/kt.gov.rs\/#organization"},"alternateName":"\u041a\u043e\u043e\u0440\u0434\u0438\u043d\u0430\u0446\u0438\u043e\u043d\u043e \u0442\u0435\u043b\u043e","potentialAction":[{"@type":"SearchAction","target":{"@type":"EntryPoint","urlTemplate":"https:\/\/kt.gov.rs\/?s={search_term_string}"},"query-input":{"@type":"PropertyValueSpecification","valueRequired":true,"valueName":"search_term_string"}}],"inLanguage":"sq-AL"},{"@type":"Organization","@id":"https:\/\/kt.gov.rs\/#organization","name":"\u041a\u043e\u043e\u0440\u0434\u0438\u043d\u0430\u0446\u0438\u043e\u043d\u043e \u0442\u0435\u043b\u043e \u0412\u043b\u0430\u0434\u0435 \u0420\u0435\u043f\u0443\u0431\u043b\u0438\u043a\u0435 \u0421\u0440\u0431\u0438\u0458\u0435 \u0437\u0430 \u043e\u043f\u0448\u0442\u0438\u043d\u0435 \u041f\u0440\u0435\u0448\u0435\u0432\u043e, \u0411\u0443\u0458\u0430\u043d\u043e\u0432\u0430\u0446 \u0438 \u041c\u0435\u0434\u0432\u0435\u0452a","alternateName":"\u041a\u043e\u043e\u0440\u0434\u0438\u043d\u0430\u0446\u0438\u043e\u043d\u043e \u0442\u0435\u043b\u043e","url":"https:\/\/kt.gov.rs\/","logo":{"@type":"ImageObject","inLanguage":"sq-AL","@id":"https:\/\/kt.gov.rs\/#\/schema\/logo\/image\/","url":"https:\/\/kt.gov.rs\/wp-content\/uploads\/2024\/12\/koord2.jpg","contentUrl":"https:\/\/kt.gov.rs\/wp-content\/uploads\/2024\/12\/koord2.jpg","width":640,"height":480,"caption":"\u041a\u043e\u043e\u0440\u0434\u0438\u043d\u0430\u0446\u0438\u043e\u043d\u043e \u0442\u0435\u043b\u043e \u0412\u043b\u0430\u0434\u0435 \u0420\u0435\u043f\u0443\u0431\u043b\u0438\u043a\u0435 \u0421\u0440\u0431\u0438\u0458\u0435 \u0437\u0430 \u043e\u043f\u0448\u0442\u0438\u043d\u0435 \u041f\u0440\u0435\u0448\u0435\u0432\u043e, \u0411\u0443\u0458\u0430\u043d\u043e\u0432\u0430\u0446 \u0438 \u041c\u0435\u0434\u0432\u0435\u0452a"},"image":{"@id":"https:\/\/kt.gov.rs\/#\/schema\/logo\/image\/"},"sameAs":["https:\/\/www.facebook.com\/SluzbaKoordinacionogTelaVladeRepublikeSrbije","https:\/\/x.com\/kt_gov","https:\/\/www.youtube.com\/@koordinacionotelo"]},{"@type":"Person","@id":"https:\/\/kt.gov.rs\/#\/schema\/person\/e426459ddb4173309103390602694571","name":"ktmin","image":{"@type":"ImageObject","inLanguage":"sq-AL","@id":"https:\/\/secure.gravatar.com\/avatar\/3985c961109853010c3fbc7ba30365bfba5db3dd6c525831d9c595c7525a615a?s=96&d=mm&r=g","url":"https:\/\/secure.gravatar.com\/avatar\/3985c961109853010c3fbc7ba30365bfba5db3dd6c525831d9c595c7525a615a?s=96&d=mm&r=g","contentUrl":"https:\/\/secure.gravatar.com\/avatar\/3985c961109853010c3fbc7ba30365bfba5db3dd6c525831d9c595c7525a615a?s=96&d=mm&r=g","caption":"ktmin"},"sameAs":["https:\/\/kt.gov.rs"],"url":"https:\/\/kt.gov.rs\/sq\/author\/ktmin\/"}]}},"_links":{"self":[{"href":"https:\/\/kt.gov.rs\/sq\/wp-json\/wp\/v2\/posts\/139363","targetHints":{"allow":["GET"]}}],"collection":[{"href":"https:\/\/kt.gov.rs\/sq\/wp-json\/wp\/v2\/posts"}],"about":[{"href":"https:\/\/kt.gov.rs\/sq\/wp-json\/wp\/v2\/types\/post"}],"author":[{"embeddable":true,"href":"https:\/\/kt.gov.rs\/sq\/wp-json\/wp\/v2\/users\/1"}],"replies":[{"embeddable":true,"href":"https:\/\/kt.gov.rs\/sq\/wp-json\/wp\/v2\/comments?post=139363"}],"version-history":[{"count":1,"href":"https:\/\/kt.gov.rs\/sq\/wp-json\/wp\/v2\/posts\/139363\/revisions"}],"predecessor-version":[{"id":139370,"href":"https:\/\/kt.gov.rs\/sq\/wp-json\/wp\/v2\/posts\/139363\/revisions\/139370"}],"wp:featuredmedia":[{"embeddable":true,"href":"https:\/\/kt.gov.rs\/sq\/wp-json\/wp\/v2\/media\/139371"}],"wp:attachment":[{"href":"https:\/\/kt.gov.rs\/sq\/wp-json\/wp\/v2\/media?parent=139363"}],"wp:term":[{"taxonomy":"category","embeddable":true,"href":"https:\/\/kt.gov.rs\/sq\/wp-json\/wp\/v2\/categories?post=139363"},{"taxonomy":"post_tag","embeddable":true,"href":"https:\/\/kt.gov.rs\/sq\/wp-json\/wp\/v2\/tags?post=139363"}],"curies":[{"name":"wp","href":"https:\/\/api.w.org\/{rel}","templated":true}]}}