{"id":139000,"date":"2014-04-24T00:00:00","date_gmt":"2014-04-24T00:00:00","guid":{"rendered":"http:\/\/kt.printandscreen.rs\/me-ndertimin-e-fakultetit-ekonomik-bujanoci-behet-qytet-universitar\/"},"modified":"2024-07-30T20:12:17","modified_gmt":"2024-07-30T20:12:17","slug":"me-ndertimin-e-fakultetit-ekonomik-bujanoci-behet-qytet-universitar","status":"publish","type":"post","link":"https:\/\/kt.gov.rs\/sq\/me-ndertimin-e-fakultetit-ekonomik-bujanoci-behet-qytet-universitar\/","title":{"rendered":"ME ND\u00cbRTIMIN E FAKULTETIT EKONOMIK, BUJANOCI B\u00cbHET QYTET UNIVERSITAR"},"content":{"rendered":"<p>\n\t<img decoding=\"async\" alt=\"\" src=\"https:\/\/kt.gov.rs\/wp-content\/uploads\/2024\/07\/newspic857-4.jpg\" style=\"width: 315px; height: 209px; float: left;\" \/>Memorandumin p\u00ebr mir\u00ebkuptim rreth nd\u00ebrtimit t\u00eb objektit t\u00eb Fakultetit Ekonomik n\u00eb Bujanoc, t\u00eb cilin do t`a finansoj Trupi Koordinues i Qeveris\u00eb s\u00eb Republik\u00ebs s\u00eb Serbis\u00eb p\u00ebr komunat Preshev\u00eb, Bujanoc dhe Medvegj\u00eb dhe Delegacioni i Unionit Europian n\u00eb Serbi, e kan\u00eb n\u00ebnshkruar Nagip Arifi, kryetari i komun\u00ebs s\u00eb Bujanocit dhe Nanad Vunjak, dekani i Fakultetit Ekonomik t\u00eb Subotic\u00ebs.\u00a0<\/p>\n<p>\n\tN\u00eb ceremonin\u00eb e n\u00ebnshkrimit morr\u00ebn pjes\u00eb Zoran Stankoviq, kryetar i Trupit Koordinues, Tomislav Jovanoviq, minist\u00ebr i arsimit n\u00eb Qeverin\u00eb teknike t\u00eb Republik\u00ebs s\u00eb Serbis\u00eb, Majk\u00ebll Devenport, shef i Delegacionit t\u00eb UE-s\u00eb n\u00eb Serbi, Peter Burkhard, shef i Misionit t\u00eb OSBE-s\u00eb dhe Gram Tyndall, p\u00ebrfaq\u00ebsus i Zyr\u00ebs s\u00eb KB p\u00ebr sh\u00ebrbime projektuese.<\/p>\n<p>\n\tZoran Stankoviq, kryetar i Trupit Koordinues p\u00ebr komunat Preshev\u00eb, Bujanoc dhe Medvegj\u00eb pas mbarimit t\u00eb ceremonis\u00eb s\u00eb n\u00ebnshkrimit s\u00eb marrveshjes n\u00eb Zyrat e KB p\u00ebr sh\u00ebrbime projektuese (UNOPS) n\u00eb Beograd, ka th\u00ebn\u00eb se Bujanoci me nd\u00ebrtimin e objektit t\u00eb Fakultetit Ekonomik do t\u00eb b\u00ebhet qyetet universitar dhe me k\u00ebt\u00eb do t\u00eb sigurohen kushtet m\u00eb moderne p\u00ebr m\u00ebsim n\u00eb gjuh\u00ebn shqipe dhe serbe, si dhe zhvillim ekonomik dhe stabilitet politik.<\/p>\n<p>\tStankoviq ka theksuar se me nd\u00ebrtimin e objektit do t`a finansoj UE-ja me 1,2 milion euro, Trupi Koordinues do t\u00eb siguroj 30 milion dinar\u00eb, nd\u00ebrsa komuna e Bujanocit t\u00eb tjerat \u00e7ka do t\u00eb nevojiten.<\/p>\n<p>\tTomisllav Jovanoviq, minist\u00ebr i arsimit, shkenc\u00ebs dhe zhvillimit teknologjik n\u00eb Qeverin\u00eb e Serbis\u00eb ka shprehur k\u00ebnaq\u00ebsin me n\u00ebnshkrimin e dokumentit, duke theksuar se me realizimin e tij, n\u00eb p\u00ebrputhje me ligjet pozitive dhe praktik\u00ebn europiana, do t\u00eb zgjidhet problemi i arsimit t\u00eb lart\u00eb n\u00eb jug t\u00eb Serbis\u00eb qendrore. Jovanoviq ka th\u00ebn\u00eb se shkollimi i t\u00eb rinj\u00ebve n\u00eb k\u00ebt\u00eb institucion t\u00eb lart\u00eb arsimor do t\u00eb kontribuoj n\u00eb zhvillimin ekonomik jo vet\u00ebm t\u00eb Bujanocit por edhe t\u00ebr\u00eb rajonit.<\/p>\n<p>\n\tDevenport ka th\u00ebn\u00eb se me n\u00ebnshkrimin e k\u00ebsaj marr\u00ebveshje \u201e\u00ebsht\u00eb b\u00ebr\u00eb ndoshta edhe hapi m\u00eb i vlefsh\u00ebm p\u00ebr nd\u00ebrtimin e institucionit t\u00eb lart\u00eb arsimor n\u00eb Bujanoc\u201c.<\/p>\n<p>\n\t\u00a0\u201eMe n\u00ebnshkrimin e memorandum mir\u00ebkuptimit krijohen kushte p\u00ebr zhvillim t\u00eb m\u00ebtutjesh\u00ebm t\u00eb arsimit t\u00eb lart\u00eb n\u00eb k\u00ebt\u00eb territor n\u00eb p\u00ebrputhshm\u00ebri t\u00eb plot\u00eb me ligjet relative t\u00eb Serbis\u00eb dhe rrespektim t\u00eb nevojave t\u00eb qeveris\u00eb lokale dhe qytetar\u00ebve\u201c, tha ai.<\/p>\n<p>\n\tDevenport theksoi se me k\u00ebnaq\u00ebsi mund t\u00eb v\u00ebrtetoj gadishm\u00ebrin\u00eb e UE-s\u00eb me Qeverin\u00eb e Serbis\u00eb p\u00ebr finansimin e nd\u00ebrtimit t\u00eb objektit \u201esa t\u00eb arrihen t\u00eb gjitha kushtet juridike dhe teknike\u201c.<\/p>\n<p>\n\t\u00a0\u201eNd\u00ebrtimi i objektit do t\u00eb i\u2019a b\u00ebj\u00eb t\u00eb mundur t\u00eb rinj\u00ebve nga Bujanoci dhe nga i t\u00ebr\u00eb rajoni \u2013 shqiptar\u00ebve, serb\u00ebve, rom\u00ebve dhe t\u00eb tjer\u00ebve \u2013 q\u00eb t\u00eb krijojn t\u00eb drejt\u00ebn p\u00ebr t\u2019u arsimuar dhe p\u00ebr t\u00eb zhvilluar potencialin e tyre \u2013 mund t\u00eb planifikojn t\u00eb ardhmen n\u00eb vendin e tyre<\/p>\n<p>\n\tBurkhard ka theksuar se n\u00ebnshkrimi i marr\u00ebveshjes \u201e\u00ebsht\u00eb hapi kryesor drejt zgjidhjes p\u00ebrfundimtare p\u00ebr paralelen e Fakultetit Ekonomik i cili ndodhet n\u00eb Bujanoc\u201c.<\/p>\n<p>\n\tAi ka rikujtuar se Misioni i OSBE-s\u00eb n\u00eb Serbi, ve\u00e7anarist zyra e tij n\u00eb Bujanoc me vite ka punuar p\u00ebr k\u00ebt\u00eb projekt nga fusha e arsimit t\u00eb lart\u00eb i cili krijon shum\u00eb mund\u00ebsi p\u00ebr t\u00eb rinj\u00ebt.<\/p>\n<p>\n\tTyndall ka theksuar se Zyra e KB p\u00ebr sh\u00ebrbime projektuese ka mb\u00ebshtetur nd\u00ebrtimin e objektit t\u00eb institucionit t\u00eb lart\u00eb arsimor n\u00eb Bujanoc dhe d\u00ebshiron q\u00eb n\u00eb k\u00ebt\u00eb projekt t\u00eb b\u00ebhet partner i mir\u00eb i UE-s\u00eb dhe Qeveris\u00eb s\u00eb Serbis\u00eb.<\/p>\n<p>\n\tArifi dhe Vunjak gjithashtu kan\u00eb shprehur k\u00ebnaq\u00ebsi me n\u00ebnshkrimin e marr\u00ebveshje, p\u00ebr t\u00eb cilin realizim jan\u00eb dh\u00ebn\u00eb p\u00ebrpjekje t\u00eb m\u00ebdha nga t\u00eb gjith\u00eb t\u00eb angazhuarit relevant n\u00eb realizimin e k\u00ebtij projekti. Arifi ka th\u00ebn\u00eb se \u201enga sot Bujanoci mund t\u00eb quhet qytet universitar\u201c, duke th\u00ebn\u00eb se ky insitucion i lart\u00eb arsimor do t\u00eb kontribuoj\u00eb \u201eedhe n\u00eb zhvillimin ekonomik dhe stabilitetin politik\u201c.<\/p>\n<p>\n\t\u00a0\u201eKu nd\u00ebrtohen shkolla dhe fakultete, mbyllen burgje\u201c, ka th\u00ebn\u00eb Arifi, duke theksuar se p\u00ebr kjo \u00ebsht\u00eb b\u00ebr\u00eb tani me n\u00ebnshkrimine memorandum mir\u00ebkuptimit.<\/p>\n<p>\n\tN\u00eb Bujanoc p\u00ebr tri vite me radh\u00eb punon paralelja e Fakultetit Ekonomik t\u00eb Subotic\u00ebs, n\u00eb t\u00eb cil\u00ebn momentalisht m\u00ebsojn 256 student \u2013 shqiptar, serb dhe rom, e cila n\u00eb vjesht regjistron gjenerat\u00ebn e kat\u00ebrt, k\u00ebshtu q\u00eb pritet q\u00eb n\u00eb vitin e ardhsh\u00ebm shkollor t\u00eb ket\u00eb 350 stundent.<\/p>\n<p>\n\t<strong>Burimi: Tanjug dhe Trupi Koordinues <\/strong><\/p>\n<p>\n\t\u00a0<\/p>\n","protected":false},"excerpt":{"rendered":"<p>Memorandumin p\u00ebr mir\u00ebkuptim rreth nd\u00ebrtimit t\u00eb objektit t\u00eb Fakultetit Ekonomik n\u00eb Bujanoc, t\u00eb cilin do t`a finansoj Trupi Koordinues i Qeveris\u00eb s\u00eb Republik\u00ebs s\u00eb Serbis\u00eb p\u00ebr komunat Preshev\u00eb, Bujanoc dhe Medvegj\u00eb dhe Delegacioni i Unionit Europian n\u00eb Serbi<\/p>\n","protected":false},"author":1,"featured_media":139005,"comment_status":"closed","ping_status":"closed","sticky":false,"template":"","format":"standard","meta":{"footnotes":""},"categories":[55],"tags":[],"class_list":["post-139000","post","type-post","status-publish","format-standard","has-post-thumbnail","hentry","category-lajme"],"yoast_head":"<!-- This site is optimized with the Yoast SEO plugin v27.5 - https:\/\/yoast.com\/product\/yoast-seo-wordpress\/ -->\n<title>ME ND\u00cbRTIMIN E FAKULTETIT EKONOMIK, BUJANOCI B\u00cbHET QYTET UNIVERSITAR - Republika e S\u00ebrbis\u00eb Trupi Koordinues p\u00ebr komunat Bujanoc, Preshev\u00eb dhe Medvegj\u00eb<\/title>\n<meta name=\"robots\" content=\"index, follow, max-snippet:-1, max-image-preview:large, max-video-preview:-1\" \/>\n<link rel=\"canonical\" href=\"https:\/\/kt.gov.rs\/sq\/me-ndertimin-e-fakultetit-ekonomik-bujanoci-behet-qytet-universitar\/\" \/>\n<meta property=\"og:locale\" content=\"sq_AL\" \/>\n<meta property=\"og:type\" content=\"article\" \/>\n<meta property=\"og:title\" content=\"ME ND\u00cbRTIMIN E FAKULTETIT EKONOMIK, BUJANOCI B\u00cbHET QYTET UNIVERSITAR - Republika e S\u00ebrbis\u00eb Trupi Koordinues p\u00ebr komunat Bujanoc, Preshev\u00eb dhe Medvegj\u00eb\" \/>\n<meta property=\"og:description\" content=\"Memorandumin p\u00ebr mir\u00ebkuptim rreth nd\u00ebrtimit t\u00eb objektit t\u00eb Fakultetit Ekonomik n\u00eb Bujanoc, t\u00eb cilin do t`a finansoj Trupi Koordinues i Qeveris\u00eb s\u00eb Republik\u00ebs s\u00eb Serbis\u00eb p\u00ebr komunat Preshev\u00eb, Bujanoc dhe Medvegj\u00eb dhe Delegacioni i Unionit Europian n\u00eb Serbi\" \/>\n<meta property=\"og:url\" content=\"https:\/\/kt.gov.rs\/sq\/me-ndertimin-e-fakultetit-ekonomik-bujanoci-behet-qytet-universitar\/\" \/>\n<meta property=\"og:site_name\" content=\"Republika e S\u00ebrbis\u00eb Trupi Koordinues p\u00ebr komunat Bujanoc, Preshev\u00eb dhe Medvegj\u00eb\" \/>\n<meta property=\"article:publisher\" content=\"https:\/\/www.facebook.com\/SluzbaKoordinacionogTelaVladeRepublikeSrbije\" \/>\n<meta property=\"article:published_time\" content=\"2014-04-24T00:00:00+00:00\" \/>\n<meta property=\"article:modified_time\" content=\"2024-07-30T20:12:17+00:00\" \/>\n<meta property=\"og:image\" content=\"https:\/\/kt.gov.rs\/wp-content\/uploads\/2024\/07\/newspic857-5.jpg\" \/>\n\t<meta property=\"og:image:width\" content=\"315\" \/>\n\t<meta property=\"og:image:height\" content=\"209\" \/>\n\t<meta property=\"og:image:type\" content=\"image\/jpeg\" \/>\n<meta name=\"author\" content=\"ktmin\" \/>\n<meta name=\"twitter:card\" content=\"summary_large_image\" \/>\n<meta name=\"twitter:creator\" content=\"@kt_gov\" \/>\n<meta name=\"twitter:site\" content=\"@kt_gov\" \/>\n<meta name=\"twitter:label1\" content=\"Written by\" \/>\n\t<meta name=\"twitter:data1\" content=\"ktmin\" \/>\n\t<meta name=\"twitter:label2\" content=\"Est. reading time\" \/>\n\t<meta name=\"twitter:data2\" content=\"5 minutes\" \/>\n<script type=\"application\/ld+json\" class=\"yoast-schema-graph\">{\"@context\":\"https:\\\/\\\/schema.org\",\"@graph\":[{\"@type\":\"Article\",\"@id\":\"https:\\\/\\\/kt.gov.rs\\\/sq\\\/me-ndertimin-e-fakultetit-ekonomik-bujanoci-behet-qytet-universitar\\\/#article\",\"isPartOf\":{\"@id\":\"https:\\\/\\\/kt.gov.rs\\\/sq\\\/me-ndertimin-e-fakultetit-ekonomik-bujanoci-behet-qytet-universitar\\\/\"},\"author\":{\"name\":\"ktmin\",\"@id\":\"https:\\\/\\\/kt.gov.rs\\\/#\\\/schema\\\/person\\\/e426459ddb4173309103390602694571\"},\"headline\":\"ME ND\u00cbRTIMIN E FAKULTETIT EKONOMIK, BUJANOCI B\u00cbHET QYTET UNIVERSITAR\",\"datePublished\":\"2014-04-24T00:00:00+00:00\",\"dateModified\":\"2024-07-30T20:12:17+00:00\",\"mainEntityOfPage\":{\"@id\":\"https:\\\/\\\/kt.gov.rs\\\/sq\\\/me-ndertimin-e-fakultetit-ekonomik-bujanoci-behet-qytet-universitar\\\/\"},\"wordCount\":1102,\"publisher\":{\"@id\":\"https:\\\/\\\/kt.gov.rs\\\/#organization\"},\"image\":{\"@id\":\"https:\\\/\\\/kt.gov.rs\\\/sq\\\/me-ndertimin-e-fakultetit-ekonomik-bujanoci-behet-qytet-universitar\\\/#primaryimage\"},\"thumbnailUrl\":\"https:\\\/\\\/kt.gov.rs\\\/wp-content\\\/uploads\\\/2024\\\/07\\\/newspic857-5.jpg\",\"articleSection\":[\"Lajme\"],\"inLanguage\":\"sq-AL\"},{\"@type\":\"WebPage\",\"@id\":\"https:\\\/\\\/kt.gov.rs\\\/sq\\\/me-ndertimin-e-fakultetit-ekonomik-bujanoci-behet-qytet-universitar\\\/\",\"url\":\"https:\\\/\\\/kt.gov.rs\\\/sq\\\/me-ndertimin-e-fakultetit-ekonomik-bujanoci-behet-qytet-universitar\\\/\",\"name\":\"ME ND\u00cbRTIMIN E FAKULTETIT EKONOMIK, BUJANOCI B\u00cbHET QYTET UNIVERSITAR - Republika e S\u00ebrbis\u00eb Trupi Koordinues p\u00ebr komunat Bujanoc, Preshev\u00eb dhe Medvegj\u00eb\",\"isPartOf\":{\"@id\":\"https:\\\/\\\/kt.gov.rs\\\/#website\"},\"primaryImageOfPage\":{\"@id\":\"https:\\\/\\\/kt.gov.rs\\\/sq\\\/me-ndertimin-e-fakultetit-ekonomik-bujanoci-behet-qytet-universitar\\\/#primaryimage\"},\"image\":{\"@id\":\"https:\\\/\\\/kt.gov.rs\\\/sq\\\/me-ndertimin-e-fakultetit-ekonomik-bujanoci-behet-qytet-universitar\\\/#primaryimage\"},\"thumbnailUrl\":\"https:\\\/\\\/kt.gov.rs\\\/wp-content\\\/uploads\\\/2024\\\/07\\\/newspic857-5.jpg\",\"datePublished\":\"2014-04-24T00:00:00+00:00\",\"dateModified\":\"2024-07-30T20:12:17+00:00\",\"breadcrumb\":{\"@id\":\"https:\\\/\\\/kt.gov.rs\\\/sq\\\/me-ndertimin-e-fakultetit-ekonomik-bujanoci-behet-qytet-universitar\\\/#breadcrumb\"},\"inLanguage\":\"sq-AL\",\"potentialAction\":[{\"@type\":\"ReadAction\",\"target\":[\"https:\\\/\\\/kt.gov.rs\\\/sq\\\/me-ndertimin-e-fakultetit-ekonomik-bujanoci-behet-qytet-universitar\\\/\"]}]},{\"@type\":\"ImageObject\",\"inLanguage\":\"sq-AL\",\"@id\":\"https:\\\/\\\/kt.gov.rs\\\/sq\\\/me-ndertimin-e-fakultetit-ekonomik-bujanoci-behet-qytet-universitar\\\/#primaryimage\",\"url\":\"https:\\\/\\\/kt.gov.rs\\\/wp-content\\\/uploads\\\/2024\\\/07\\\/newspic857-5.jpg\",\"contentUrl\":\"https:\\\/\\\/kt.gov.rs\\\/wp-content\\\/uploads\\\/2024\\\/07\\\/newspic857-5.jpg\",\"width\":315,\"height\":209},{\"@type\":\"BreadcrumbList\",\"@id\":\"https:\\\/\\\/kt.gov.rs\\\/sq\\\/me-ndertimin-e-fakultetit-ekonomik-bujanoci-behet-qytet-universitar\\\/#breadcrumb\",\"itemListElement\":[{\"@type\":\"ListItem\",\"position\":1,\"name\":\"\u041f\u043e\u0447\u0435\u0442\u043d\u0430\",\"item\":\"https:\\\/\\\/kt.gov.rs\\\/sq\\\/\"},{\"@type\":\"ListItem\",\"position\":2,\"name\":\"ME ND\u00cbRTIMIN E FAKULTETIT EKONOMIK, BUJANOCI B\u00cbHET QYTET UNIVERSITAR\"}]},{\"@type\":\"WebSite\",\"@id\":\"https:\\\/\\\/kt.gov.rs\\\/#website\",\"url\":\"https:\\\/\\\/kt.gov.rs\\\/\",\"name\":\"\u041a\u043e\u043e\u0440\u0434\u0438\u043d\u0430\u0446\u0438\u043e\u043d\u043e \u0442\u0435\u043b\u043e \u0412\u043b\u0430\u0434\u0435 \u0420\u0435\u043f\u0443\u0431\u043b\u0438\u043a\u0435 \u0421\u0440\u0431\u0438\u0458\u0435 \u0437\u0430 \u043e\u043f\u0448\u0442\u0438\u043d\u0435 \u041f\u0440\u0435\u0448\u0435\u0432\u043e, \u0411\u0443\u0458\u0430\u043d\u043e\u0432\u0430\u0446 \u0438 \u041c\u0435\u0434\u0432\u0435\u0452a\",\"description\":\"\",\"publisher\":{\"@id\":\"https:\\\/\\\/kt.gov.rs\\\/#organization\"},\"alternateName\":\"\u041a\u043e\u043e\u0440\u0434\u0438\u043d\u0430\u0446\u0438\u043e\u043d\u043e \u0442\u0435\u043b\u043e\",\"potentialAction\":[{\"@type\":\"SearchAction\",\"target\":{\"@type\":\"EntryPoint\",\"urlTemplate\":\"https:\\\/\\\/kt.gov.rs\\\/?s={search_term_string}\"},\"query-input\":{\"@type\":\"PropertyValueSpecification\",\"valueRequired\":true,\"valueName\":\"search_term_string\"}}],\"inLanguage\":\"sq-AL\"},{\"@type\":\"Organization\",\"@id\":\"https:\\\/\\\/kt.gov.rs\\\/#organization\",\"name\":\"\u041a\u043e\u043e\u0440\u0434\u0438\u043d\u0430\u0446\u0438\u043e\u043d\u043e \u0442\u0435\u043b\u043e \u0412\u043b\u0430\u0434\u0435 \u0420\u0435\u043f\u0443\u0431\u043b\u0438\u043a\u0435 \u0421\u0440\u0431\u0438\u0458\u0435 \u0437\u0430 \u043e\u043f\u0448\u0442\u0438\u043d\u0435 \u041f\u0440\u0435\u0448\u0435\u0432\u043e, \u0411\u0443\u0458\u0430\u043d\u043e\u0432\u0430\u0446 \u0438 \u041c\u0435\u0434\u0432\u0435\u0452a\",\"alternateName\":\"\u041a\u043e\u043e\u0440\u0434\u0438\u043d\u0430\u0446\u0438\u043e\u043d\u043e \u0442\u0435\u043b\u043e\",\"url\":\"https:\\\/\\\/kt.gov.rs\\\/\",\"logo\":{\"@type\":\"ImageObject\",\"inLanguage\":\"sq-AL\",\"@id\":\"https:\\\/\\\/kt.gov.rs\\\/#\\\/schema\\\/logo\\\/image\\\/\",\"url\":\"https:\\\/\\\/kt.gov.rs\\\/wp-content\\\/uploads\\\/2024\\\/12\\\/koord2.jpg\",\"contentUrl\":\"https:\\\/\\\/kt.gov.rs\\\/wp-content\\\/uploads\\\/2024\\\/12\\\/koord2.jpg\",\"width\":640,\"height\":480,\"caption\":\"\u041a\u043e\u043e\u0440\u0434\u0438\u043d\u0430\u0446\u0438\u043e\u043d\u043e \u0442\u0435\u043b\u043e \u0412\u043b\u0430\u0434\u0435 \u0420\u0435\u043f\u0443\u0431\u043b\u0438\u043a\u0435 \u0421\u0440\u0431\u0438\u0458\u0435 \u0437\u0430 \u043e\u043f\u0448\u0442\u0438\u043d\u0435 \u041f\u0440\u0435\u0448\u0435\u0432\u043e, \u0411\u0443\u0458\u0430\u043d\u043e\u0432\u0430\u0446 \u0438 \u041c\u0435\u0434\u0432\u0435\u0452a\"},\"image\":{\"@id\":\"https:\\\/\\\/kt.gov.rs\\\/#\\\/schema\\\/logo\\\/image\\\/\"},\"sameAs\":[\"https:\\\/\\\/www.facebook.com\\\/SluzbaKoordinacionogTelaVladeRepublikeSrbije\",\"https:\\\/\\\/x.com\\\/kt_gov\",\"https:\\\/\\\/www.youtube.com\\\/@koordinacionotelo\"]},{\"@type\":\"Person\",\"@id\":\"https:\\\/\\\/kt.gov.rs\\\/#\\\/schema\\\/person\\\/e426459ddb4173309103390602694571\",\"name\":\"ktmin\",\"image\":{\"@type\":\"ImageObject\",\"inLanguage\":\"sq-AL\",\"@id\":\"https:\\\/\\\/secure.gravatar.com\\\/avatar\\\/3985c961109853010c3fbc7ba30365bfba5db3dd6c525831d9c595c7525a615a?s=96&d=mm&r=g\",\"url\":\"https:\\\/\\\/secure.gravatar.com\\\/avatar\\\/3985c961109853010c3fbc7ba30365bfba5db3dd6c525831d9c595c7525a615a?s=96&d=mm&r=g\",\"contentUrl\":\"https:\\\/\\\/secure.gravatar.com\\\/avatar\\\/3985c961109853010c3fbc7ba30365bfba5db3dd6c525831d9c595c7525a615a?s=96&d=mm&r=g\",\"caption\":\"ktmin\"},\"sameAs\":[\"https:\\\/\\\/kt.gov.rs\"],\"url\":\"https:\\\/\\\/kt.gov.rs\\\/sq\\\/author\\\/ktmin\\\/\"}]}<\/script>\n<!-- \/ Yoast SEO plugin. -->","yoast_head_json":{"title":"ME ND\u00cbRTIMIN E FAKULTETIT EKONOMIK, BUJANOCI B\u00cbHET QYTET UNIVERSITAR - Republika e S\u00ebrbis\u00eb Trupi Koordinues p\u00ebr komunat Bujanoc, Preshev\u00eb dhe Medvegj\u00eb","robots":{"index":"index","follow":"follow","max-snippet":"max-snippet:-1","max-image-preview":"max-image-preview:large","max-video-preview":"max-video-preview:-1"},"canonical":"https:\/\/kt.gov.rs\/sq\/me-ndertimin-e-fakultetit-ekonomik-bujanoci-behet-qytet-universitar\/","og_locale":"sq_AL","og_type":"article","og_title":"ME ND\u00cbRTIMIN E FAKULTETIT EKONOMIK, BUJANOCI B\u00cbHET QYTET UNIVERSITAR - Republika e S\u00ebrbis\u00eb Trupi Koordinues p\u00ebr komunat Bujanoc, Preshev\u00eb dhe Medvegj\u00eb","og_description":"Memorandumin p\u00ebr mir\u00ebkuptim rreth nd\u00ebrtimit t\u00eb objektit t\u00eb Fakultetit Ekonomik n\u00eb Bujanoc, t\u00eb cilin do t`a finansoj Trupi Koordinues i Qeveris\u00eb s\u00eb Republik\u00ebs s\u00eb Serbis\u00eb p\u00ebr komunat Preshev\u00eb, Bujanoc dhe Medvegj\u00eb dhe Delegacioni i Unionit Europian n\u00eb Serbi","og_url":"https:\/\/kt.gov.rs\/sq\/me-ndertimin-e-fakultetit-ekonomik-bujanoci-behet-qytet-universitar\/","og_site_name":"Republika e S\u00ebrbis\u00eb Trupi Koordinues p\u00ebr komunat Bujanoc, Preshev\u00eb dhe Medvegj\u00eb","article_publisher":"https:\/\/www.facebook.com\/SluzbaKoordinacionogTelaVladeRepublikeSrbije","article_published_time":"2014-04-24T00:00:00+00:00","article_modified_time":"2024-07-30T20:12:17+00:00","og_image":[{"width":315,"height":209,"url":"https:\/\/kt.gov.rs\/wp-content\/uploads\/2024\/07\/newspic857-5.jpg","type":"image\/jpeg"}],"author":"ktmin","twitter_card":"summary_large_image","twitter_creator":"@kt_gov","twitter_site":"@kt_gov","twitter_misc":{"Written by":"ktmin","Est. reading time":"5 minutes"},"schema":{"@context":"https:\/\/schema.org","@graph":[{"@type":"Article","@id":"https:\/\/kt.gov.rs\/sq\/me-ndertimin-e-fakultetit-ekonomik-bujanoci-behet-qytet-universitar\/#article","isPartOf":{"@id":"https:\/\/kt.gov.rs\/sq\/me-ndertimin-e-fakultetit-ekonomik-bujanoci-behet-qytet-universitar\/"},"author":{"name":"ktmin","@id":"https:\/\/kt.gov.rs\/#\/schema\/person\/e426459ddb4173309103390602694571"},"headline":"ME ND\u00cbRTIMIN E FAKULTETIT EKONOMIK, BUJANOCI B\u00cbHET QYTET UNIVERSITAR","datePublished":"2014-04-24T00:00:00+00:00","dateModified":"2024-07-30T20:12:17+00:00","mainEntityOfPage":{"@id":"https:\/\/kt.gov.rs\/sq\/me-ndertimin-e-fakultetit-ekonomik-bujanoci-behet-qytet-universitar\/"},"wordCount":1102,"publisher":{"@id":"https:\/\/kt.gov.rs\/#organization"},"image":{"@id":"https:\/\/kt.gov.rs\/sq\/me-ndertimin-e-fakultetit-ekonomik-bujanoci-behet-qytet-universitar\/#primaryimage"},"thumbnailUrl":"https:\/\/kt.gov.rs\/wp-content\/uploads\/2024\/07\/newspic857-5.jpg","articleSection":["Lajme"],"inLanguage":"sq-AL"},{"@type":"WebPage","@id":"https:\/\/kt.gov.rs\/sq\/me-ndertimin-e-fakultetit-ekonomik-bujanoci-behet-qytet-universitar\/","url":"https:\/\/kt.gov.rs\/sq\/me-ndertimin-e-fakultetit-ekonomik-bujanoci-behet-qytet-universitar\/","name":"ME ND\u00cbRTIMIN E FAKULTETIT EKONOMIK, BUJANOCI B\u00cbHET QYTET UNIVERSITAR - Republika e S\u00ebrbis\u00eb Trupi Koordinues p\u00ebr komunat Bujanoc, Preshev\u00eb dhe Medvegj\u00eb","isPartOf":{"@id":"https:\/\/kt.gov.rs\/#website"},"primaryImageOfPage":{"@id":"https:\/\/kt.gov.rs\/sq\/me-ndertimin-e-fakultetit-ekonomik-bujanoci-behet-qytet-universitar\/#primaryimage"},"image":{"@id":"https:\/\/kt.gov.rs\/sq\/me-ndertimin-e-fakultetit-ekonomik-bujanoci-behet-qytet-universitar\/#primaryimage"},"thumbnailUrl":"https:\/\/kt.gov.rs\/wp-content\/uploads\/2024\/07\/newspic857-5.jpg","datePublished":"2014-04-24T00:00:00+00:00","dateModified":"2024-07-30T20:12:17+00:00","breadcrumb":{"@id":"https:\/\/kt.gov.rs\/sq\/me-ndertimin-e-fakultetit-ekonomik-bujanoci-behet-qytet-universitar\/#breadcrumb"},"inLanguage":"sq-AL","potentialAction":[{"@type":"ReadAction","target":["https:\/\/kt.gov.rs\/sq\/me-ndertimin-e-fakultetit-ekonomik-bujanoci-behet-qytet-universitar\/"]}]},{"@type":"ImageObject","inLanguage":"sq-AL","@id":"https:\/\/kt.gov.rs\/sq\/me-ndertimin-e-fakultetit-ekonomik-bujanoci-behet-qytet-universitar\/#primaryimage","url":"https:\/\/kt.gov.rs\/wp-content\/uploads\/2024\/07\/newspic857-5.jpg","contentUrl":"https:\/\/kt.gov.rs\/wp-content\/uploads\/2024\/07\/newspic857-5.jpg","width":315,"height":209},{"@type":"BreadcrumbList","@id":"https:\/\/kt.gov.rs\/sq\/me-ndertimin-e-fakultetit-ekonomik-bujanoci-behet-qytet-universitar\/#breadcrumb","itemListElement":[{"@type":"ListItem","position":1,"name":"\u041f\u043e\u0447\u0435\u0442\u043d\u0430","item":"https:\/\/kt.gov.rs\/sq\/"},{"@type":"ListItem","position":2,"name":"ME ND\u00cbRTIMIN E FAKULTETIT EKONOMIK, BUJANOCI B\u00cbHET QYTET UNIVERSITAR"}]},{"@type":"WebSite","@id":"https:\/\/kt.gov.rs\/#website","url":"https:\/\/kt.gov.rs\/","name":"\u041a\u043e\u043e\u0440\u0434\u0438\u043d\u0430\u0446\u0438\u043e\u043d\u043e \u0442\u0435\u043b\u043e \u0412\u043b\u0430\u0434\u0435 \u0420\u0435\u043f\u0443\u0431\u043b\u0438\u043a\u0435 \u0421\u0440\u0431\u0438\u0458\u0435 \u0437\u0430 \u043e\u043f\u0448\u0442\u0438\u043d\u0435 \u041f\u0440\u0435\u0448\u0435\u0432\u043e, \u0411\u0443\u0458\u0430\u043d\u043e\u0432\u0430\u0446 \u0438 \u041c\u0435\u0434\u0432\u0435\u0452a","description":"","publisher":{"@id":"https:\/\/kt.gov.rs\/#organization"},"alternateName":"\u041a\u043e\u043e\u0440\u0434\u0438\u043d\u0430\u0446\u0438\u043e\u043d\u043e \u0442\u0435\u043b\u043e","potentialAction":[{"@type":"SearchAction","target":{"@type":"EntryPoint","urlTemplate":"https:\/\/kt.gov.rs\/?s={search_term_string}"},"query-input":{"@type":"PropertyValueSpecification","valueRequired":true,"valueName":"search_term_string"}}],"inLanguage":"sq-AL"},{"@type":"Organization","@id":"https:\/\/kt.gov.rs\/#organization","name":"\u041a\u043e\u043e\u0440\u0434\u0438\u043d\u0430\u0446\u0438\u043e\u043d\u043e \u0442\u0435\u043b\u043e \u0412\u043b\u0430\u0434\u0435 \u0420\u0435\u043f\u0443\u0431\u043b\u0438\u043a\u0435 \u0421\u0440\u0431\u0438\u0458\u0435 \u0437\u0430 \u043e\u043f\u0448\u0442\u0438\u043d\u0435 \u041f\u0440\u0435\u0448\u0435\u0432\u043e, \u0411\u0443\u0458\u0430\u043d\u043e\u0432\u0430\u0446 \u0438 \u041c\u0435\u0434\u0432\u0435\u0452a","alternateName":"\u041a\u043e\u043e\u0440\u0434\u0438\u043d\u0430\u0446\u0438\u043e\u043d\u043e \u0442\u0435\u043b\u043e","url":"https:\/\/kt.gov.rs\/","logo":{"@type":"ImageObject","inLanguage":"sq-AL","@id":"https:\/\/kt.gov.rs\/#\/schema\/logo\/image\/","url":"https:\/\/kt.gov.rs\/wp-content\/uploads\/2024\/12\/koord2.jpg","contentUrl":"https:\/\/kt.gov.rs\/wp-content\/uploads\/2024\/12\/koord2.jpg","width":640,"height":480,"caption":"\u041a\u043e\u043e\u0440\u0434\u0438\u043d\u0430\u0446\u0438\u043e\u043d\u043e \u0442\u0435\u043b\u043e \u0412\u043b\u0430\u0434\u0435 \u0420\u0435\u043f\u0443\u0431\u043b\u0438\u043a\u0435 \u0421\u0440\u0431\u0438\u0458\u0435 \u0437\u0430 \u043e\u043f\u0448\u0442\u0438\u043d\u0435 \u041f\u0440\u0435\u0448\u0435\u0432\u043e, \u0411\u0443\u0458\u0430\u043d\u043e\u0432\u0430\u0446 \u0438 \u041c\u0435\u0434\u0432\u0435\u0452a"},"image":{"@id":"https:\/\/kt.gov.rs\/#\/schema\/logo\/image\/"},"sameAs":["https:\/\/www.facebook.com\/SluzbaKoordinacionogTelaVladeRepublikeSrbije","https:\/\/x.com\/kt_gov","https:\/\/www.youtube.com\/@koordinacionotelo"]},{"@type":"Person","@id":"https:\/\/kt.gov.rs\/#\/schema\/person\/e426459ddb4173309103390602694571","name":"ktmin","image":{"@type":"ImageObject","inLanguage":"sq-AL","@id":"https:\/\/secure.gravatar.com\/avatar\/3985c961109853010c3fbc7ba30365bfba5db3dd6c525831d9c595c7525a615a?s=96&d=mm&r=g","url":"https:\/\/secure.gravatar.com\/avatar\/3985c961109853010c3fbc7ba30365bfba5db3dd6c525831d9c595c7525a615a?s=96&d=mm&r=g","contentUrl":"https:\/\/secure.gravatar.com\/avatar\/3985c961109853010c3fbc7ba30365bfba5db3dd6c525831d9c595c7525a615a?s=96&d=mm&r=g","caption":"ktmin"},"sameAs":["https:\/\/kt.gov.rs"],"url":"https:\/\/kt.gov.rs\/sq\/author\/ktmin\/"}]}},"_links":{"self":[{"href":"https:\/\/kt.gov.rs\/sq\/wp-json\/wp\/v2\/posts\/139000","targetHints":{"allow":["GET"]}}],"collection":[{"href":"https:\/\/kt.gov.rs\/sq\/wp-json\/wp\/v2\/posts"}],"about":[{"href":"https:\/\/kt.gov.rs\/sq\/wp-json\/wp\/v2\/types\/post"}],"author":[{"embeddable":true,"href":"https:\/\/kt.gov.rs\/sq\/wp-json\/wp\/v2\/users\/1"}],"replies":[{"embeddable":true,"href":"https:\/\/kt.gov.rs\/sq\/wp-json\/wp\/v2\/comments?post=139000"}],"version-history":[{"count":1,"href":"https:\/\/kt.gov.rs\/sq\/wp-json\/wp\/v2\/posts\/139000\/revisions"}],"predecessor-version":[{"id":139004,"href":"https:\/\/kt.gov.rs\/sq\/wp-json\/wp\/v2\/posts\/139000\/revisions\/139004"}],"wp:featuredmedia":[{"embeddable":true,"href":"https:\/\/kt.gov.rs\/sq\/wp-json\/wp\/v2\/media\/139005"}],"wp:attachment":[{"href":"https:\/\/kt.gov.rs\/sq\/wp-json\/wp\/v2\/media?parent=139000"}],"wp:term":[{"taxonomy":"category","embeddable":true,"href":"https:\/\/kt.gov.rs\/sq\/wp-json\/wp\/v2\/categories?post=139000"},{"taxonomy":"post_tag","embeddable":true,"href":"https:\/\/kt.gov.rs\/sq\/wp-json\/wp\/v2\/tags?post=139000"}],"curies":[{"name":"wp","href":"https:\/\/api.w.org\/{rel}","templated":true}]}}