{"id":138909,"date":"2014-05-09T00:00:00","date_gmt":"2014-05-09T00:00:00","guid":{"rendered":"http:\/\/kt.printandscreen.rs\/konkurs-per-ndarjen-e-bursave-per-regjistrimin-e-studimeve-ne-universitetin-e-novi-sadit-2014\/"},"modified":"2024-07-30T20:12:07","modified_gmt":"2024-07-30T20:12:07","slug":"konkurs-per-ndarjen-e-bursave-per-regjistrimin-e-studimeve-ne-universitetin-e-novi-sadit-2014","status":"publish","type":"post","link":"https:\/\/kt.gov.rs\/sq\/konkurs-per-ndarjen-e-bursave-per-regjistrimin-e-studimeve-ne-universitetin-e-novi-sadit-2014\/","title":{"rendered":"Konkurs p\u00ebr ndarjen e bursave p\u00ebr regjistrimin e studimeve n\u00eb Universitetin e Novi Sadit 2014"},"content":{"rendered":"<p>\n\t<img decoding=\"async\" alt=\"\" src=\"https:\/\/kt.gov.rs\/wp-content\/uploads\/2024\/07\/news_pic10005v-4.jpg\" style=\"width: 640px; height: 322px;\" \/><\/p>\n<p>\n\tN\u00eb baz\u00eb t\u00eb Vendimit t\u00eb drejtoresh\u00ebs t\u00eb Sh\u00ebrbimit t\u00eb Trupit Koordinues i Qeveris\u00eb s\u00eb Republik\u00ebs S\u00ebrbis\u00eb p\u00ebr komunat Preshev\u00eb, Bujanoc dhe Medvegj\u00eb 100 num\u00ebr: 67-00-00043\/2014-01 \u00a0prej 08.05.2014, Sh\u00ebrbimi i Trupit Koordinues shpall\u00eb<\/p>\n<p align=\"center\">\n\t<strong>K \u00a0O \u00a0N \u00a0K \u00a0U \u00a0R \u00a0S<\/strong><\/p>\n<p align=\"center\">\n\t<strong>p\u00ebr ndarjen e bursave p\u00ebr regjistrimin e studimeve n\u00eb Universitetin e Novi Sadit<\/strong><\/p>\n<p>\n\tSh\u00ebrbimi i Trupit Koordinues, n\u00eb p\u00ebrputhshm\u00ebri me prioritetet e definuara, e ve\u00e7an\u00ebrisht duke u munduar t\u00eb p\u00ebrmirsoj\u00eb kualitetin e arsimimit n\u00eb territorin e komun\u00ebs s\u00eb Preshev\u00ebs, Bujanocit dhe Medvegj\u00ebs, shpall\u00eb konkurs p\u00ebr ndarjen e bursave studentore p\u00ebr t\u00eb rinj\u00ebt me vendbanim n\u00eb komun\u00ebn Preshev\u00ebs, Bujanocit dhe Medvegj\u00ebs.<\/p>\n<p>\n\tQ\u00ebllimi i ndarjes s\u00eb bursave \u00ebsht\u00eb sigurimi i kushteve p\u00ebr arsimim t\u00eb m\u00ebtutjesh\u00ebm dhe avancimi profesional, duke i ofruar mb\u00ebshtetje materiale rreth shpenzimeve t\u00eb studimeve themelore akademike. Shpenzimet e lartp\u00ebrmendura n\u00eb radh\u00eb t\u00eb par\u00eb kan\u00eb t\u00eb b\u00ebjn\u00eb me shpenzimet p\u00ebr banim (privat ose n\u00eb konvikte), shpenzimet p\u00ebr ushqim, udh\u00ebtim, blerjen e teksteve dhe shpenzimet tjera q\u00eb kan\u00eb t\u00eb b\u00ebjn\u00eb me studimet.<\/p>\n<p>\n\t<strong>I \u00a0KUSHTET E KONKURSIT<\/strong><\/p>\n<p>\n\tT\u00eb drejt\u00eb n\u00eb paraqitje n\u00eb konkurs kan\u00eb nx\u00ebn\u00ebsit t\u00eb cil\u00ebt e kan\u00eb mbaruar shkoll\u00ebn e mesme dhe personat tjer\u00eb deri n\u00eb mosh\u00ebn 22 vje\u00e7are, q\u00eb kan\u00eb mbaruar shkoll\u00ebn e mesme dhe t\u00eb cil\u00ebt plot\u00ebsojn\u00eb kushtet e ardhshme formale t\u00eb konkursit:<\/p>\n<p>\n\t\u2013 t\u00eb jen\u00eb shtetas t\u00eb Republik\u00ebs s\u00eb Serbis\u00eb;<\/p>\n<p>\n\t\u2013 t\u00eb ken\u00eb vendbanim n\u00eb territorin e komun\u00ebs s\u00eb Preshev\u00ebs, Bujanocit dhe Medvegj\u00ebs<\/p>\n<p>\n\t\u2013 gjat\u00eb shkollimit t\u00eb mes\u00ebm t\u00eb ken\u00eb pasur sukses t\u00eb shk\u00eblqyesh\u00ebm dhe shum\u00eb t\u00eb mir\u00eb, \u00a0\u00a0t\u00eb mos ken\u00eb p\u00ebrs\u00ebritur asnj\u00eb vit;<\/p>\n<p>\n\t\u2013 t\u00eb njohin gjuh\u00ebn serbe;<\/p>\n<p>\n\t\u2013 t\u00eb mos ken\u00eb regjistruar asnj\u00eb fakultet dhe<\/p>\n<p>\n\t\u2013 t\u00eb mos ken\u00eb fituar t\u00eb drejt\u00ebn n\u00eb burs\u00eb n\u00eb ndonj\u00eb konkurs tjet\u00ebr.<\/p>\n<p>\n\tQ\u00eb kandidati t\u00eb jet\u00eb p\u00ebrfundimisht i zgjedhur si p\u00ebrdorues i burs\u00ebs, duhet q\u00eb pas p\u00ebrmbushjes s\u00eb kushteve formale dhe pas intervist\u00ebs t`a kaloj edhe provimin kualifikues (pranues) p\u00ebr regjistrim n\u00eb vitin e par\u00eb t\u00eb studimeve themelore n\u00eb ndonj\u00ebrin nga fakultetet e Universitetit t\u00eb Novi Sadit dhe t\u00eb regjistroj vitin e par\u00eb t\u00eb studimeve.<\/p>\n<p>\n\t<strong>II DOKUMENTACIONI I NEVOJSH\u00cbM<\/strong><\/p>\n<p>\n\t\u2013 lutja;<\/p>\n<p>\n\t\u2013 biografia, p\u00ebrkatsisht CV;<\/p>\n<p>\n\t\u2013 v\u00ebrtetimi mbi n\u00ebnshtet\u00ebsin\u00eb e Republik\u00ebs s\u00eb Serbis\u00eb jo m\u00eb e vjet\u00ebr se 6 muaj (origjinal ose kopja e v\u00ebrtetuar n\u00eb komun\u00eb ose n\u00eb gjyq);<\/p>\n<p>\n\t\u2013 \u00e7ertifikata e lindjes (origjinali ose kopja e v\u00ebrtetuar n\u00eb komun\u00eb ose gjyq) jo m\u00eb e vjet\u00ebr se 6 muaj;<\/p>\n<p>\n\t\u2013 d\u00ebshmia p\u00ebr vendbanimin n\u00eb komun\u00ebn e Preshev\u00ebs,Bujanocit apo Medvegj\u00ebs, t\u00eb cil\u00ebn e jep organi komunal i Ministris\u00eb s\u00eb Pun\u00ebve t\u00eb Brendshme ose fotokopja e v\u00ebrtetuar e\u00a0 let\u00ebrnjoftimit n\u00ebse nx\u00ebn\u00ebsi \u00ebsht\u00eb i pajisur me let\u00ebrnjoftim, apo t\u00eb dh\u00ebnat e shtypura rreth vendbanimit t\u00eb deponuara nga let\u00ebrnjoftimi i ri;<\/p>\n<p>\n\t\u2013 kopja e v\u00ebrtetuar e d\u00ebftesave rreth p\u00ebrfundimit t\u00eb shkoll\u00ebs s\u00eb mesme ( p\u00ebr kat\u00ebr vitet e shkoll\u00ebs s\u00eb mesme, p\u00ebrkat\u00ebsisht p\u00ebr tri vitet e para edhe p\u00ebr gjys\u00ebm vjetorin e\u00a0 vitit t\u00eb kat\u00ebrt p\u00ebr ata\u00a0 t\u00eb cilat jan\u00eb ende n\u00eb shkoll\u00eb t\u00eb mesme);<\/p>\n<p>\n\t\u2013 letra motivuese e cila p\u00ebrmban arsyet p\u00ebr t\u00eb cilat \u00ebsht\u00eb p\u00ebrcaktuar t\u00eb regjistrohet n\u00eb fakultetin p\u00ebrkat\u00ebs, planet p\u00ebr zbatimin e njohurive t\u00eb arritura pas p\u00ebrfundimit t\u00eb studimeve dhe kontributin profesional q\u00eb presin t\u2019i japin bashk\u00ebsis\u00eb s\u00eb tyre.<\/p>\n<p>\n\t\u2013 d\u00ebshmit\u00eb rreth rezultateve t\u00eb arritura n\u00eb gara, n\u00ebse kandidati i posedon.<\/p>\n<p>\n\t<strong>III NDARJA E BURSAVE<\/strong><\/p>\n<p>\n\tProcedura p\u00ebr ndarjen e bursave studentore fillon nga marrja e Vendimit t\u00eb drejtoresh\u00ebs s\u00eb Trupit Koordinues rreth shpalljes s\u00eb konkursit dhe formimit t\u00eb komisionit. Komisioni procedur\u00ebn zgjedhore p\u00ebr ndarjen e bursave e zhvillon n\u00eb dy faza.<\/p>\n<p>\n\t1) N\u00eb faz\u00ebn e par\u00eb t\u00eb procesit t\u00eb zgjedhjes, pas kalimin t\u00eb afatit p\u00ebr paraqitje n\u00eb konkurs, Komisioni i formuar me Vendimin e drejtoresh\u00ebs do t\u00eb formuloj\u00eb list\u00ebn p\u00ebr zgjedhjen e kandidat\u00ebve p\u00ebr burs\u00eb, duke vler\u00ebsuar p\u00ebrmbushjen e kushteve formale dhe t\u00eb cil\u00ebt do t\u00eb ftohen n\u00eb intervist\u00eb.<\/p>\n<p>\n\t2) N\u00eb faz\u00ebn e dyt\u00eb t\u00eb procesit t\u00eb zgjedhjes Komisioni do t\u00eb ftoj\u00eb t\u00eb gjith\u00eb kandidat\u00ebt e paraqitur t\u00eb cilat i p\u00ebrmbushin kushtet formale. Gjat\u00eb intervist\u00ebs Komisioni do t\u00eb vler\u00ebsoj aft\u00ebsin\u00eb e komunikimit dhe motivimin e kandidatit p\u00ebr studime n\u00eb fakuletet e Universitetit t\u00eb Novi Sadit.<\/p>\n<p>\n\tMotivimin e kandidatit Komisioni e vler\u00ebson me notat nga 1 deri 3, n\u00eb k\u00ebt\u00eb m\u00ebnyr\u00eb:<\/p>\n<p style=\"margin-left:.5in;\">\n\t\u2013 Nota 3 \u2013 motivim i lart\u00eb i shprehur<\/p>\n<p style=\"margin-left:.5in;\">\n\t\u2013 Nota 2 \u2013 motivim mesatar i shprehur<\/p>\n<p style=\"margin-left:.5in;\">\n\t\u2013 Nota 1 \u2013 motivim \u00a0jo i mjaftuesh\u00ebm<\/p>\n<p>\n\tAft\u00ebsit\u00eb e komunikimit e kandidatit Komisioni e vler\u00ebson me notat nga 1 deri 3, n\u00eb k\u00ebt\u00eb m\u00ebnyr\u00eb:<\/p>\n<p style=\"margin-left:.5in;\">\n\t\u2013 Nota 3 \u2013 aft\u00ebsi e theksuar komunikuese<\/p>\n<p style=\"margin-left:.5in;\">\n\t\u2013 Nota 2 \u2013 aft\u00ebsi mesatare komunikuese<\/p>\n<p style=\"margin-left:.5in;\">\n\t\u2013 Nota 1 \u2013 aft\u00ebsi jo e theksuar komunikuese \u00a0<\/p>\n<p>\n\t\u00c7do an\u00ebtar i Komisionit n\u00eb m\u00ebnyr\u00eb t\u00eb vetme\u00a0 vler\u00ebson \u00e7do kandidat\u00eb sipas dy kritereve. Vler\u00ebsimet e t\u00eb gjith\u00eb an\u00ebtar\u00ebve t\u00eb komisionit sipas \u00e7do kriteri mblidhen dhe pastaj llogaritet nota mesatare. Shum\u00ebn e not\u00ebs mesatare p\u00ebr dy kriteriumet e jep numrin e p\u00ebrgjithsh\u00ebm t\u00eb pik\u00ebve p\u00ebr secilin kandidat\u00eb. Pas vler\u00ebsimit kandidati sipas dy kritereve, Komisioni p\u00ebrpilon list\u00ebn p\u00ebrfundimtare t\u00eb kandidat\u00ebve, t\u00eb cil\u00ebn pastaj e shpall\u00eb.<\/p>\n<p>\n\tPo n\u00ebse dy a po m\u00eb shum\u00eb kandidat\u00eb kan\u00eb numrin e njejt\u00eb t\u00eb poenave, p\u00ebrparsi do t\u00eb ket\u00eb kandidati q\u00eb ka pasur suksses t\u00eb shk\u00eblqyesh\u00ebm gjat viteve t\u00eb kaluara t\u00eb shkollimit. Po n\u00ebse edhe n\u00eb k\u00ebt\u00eb rast kemi num\u00ebr t\u00eb njejt\u00eb, p\u00ebrparsi do t\u00eb ket\u00eb kandidati i cili e ka not\u00ebn mesatare m\u00eb t\u00eb lart\u00eb gjat\u00eb viteve t\u00eb kaluara shkollimit. \u00a0<\/p>\n<p>\n\tIntervista me kandidat\u00ebt do t\u00eb mbahet n\u00eb fund t\u00eb majit, pas mbarimit t\u00eb afatit p\u00ebr paraqitje, p\u00ebr t\u00eb cil\u00ebn p\u00ebr koh\u00ebn dhe dat\u00ebn e sakt\u00eb kandidat\u00ebt do t\u00eb njoftohen m\u00eb koh\u00eb.<\/p>\n<p>\n\tVendimin p\u00ebrfundimtar rreth ndarjes s\u00eb bursave e sjell drejtoresha e Sh\u00ebrbimit t\u00eb Trupit Koordinues, mbas n\u00ebnshtrimit t\u00eb provimit kualifikues p\u00ebr regjistrim n\u00eb vitin e par\u00eb t\u00eb studimeve dhe at\u00eb vet\u00ebm p\u00ebr kandidat\u00ebt t\u00eb cil\u00ebt e kan\u00eb kaluar provimin pranues n\u00eb fakultetet e Univerzitetit t\u00eb Novi Sadit.<\/p>\n<p>\n\t<strong>IV<\/strong>\u00a0\u00a0\u00a0\u00a0 <strong>SHUMA<\/strong>\u00a0<strong>DHE<\/strong>\u00a0<strong>PAGESA<\/strong>\u00a0<strong>E<\/strong>\u00a0<strong>BURSAVE<\/strong>\u00a0 \u00a0\u00a0<\/p>\n<p>\n\tShuma neto e burs\u00ebs s\u00eb miratuar prej 45.000,00 dinar\u00ebve paguhet p\u00ebr vitin aktual t\u00eb studimeve n\u00eb 9 k\u00ebste mujore duke filluar nga tetori i vitit 2014.<\/p>\n<p>\n\tBursat do t\u00eb paguhen n\u00eb llogarin\u00eb bankare t\u00eb shryt\u00ebzuesit t\u00eb\u00a0burs\u00ebs.<\/p>\n<p>\n\tPagesa\u00a0e bursave t\u00eb miratuara\u00a0pezullohet\u00a0n\u00eb rast t\u00eb\u00a0keqp\u00ebdorimit gjat\u00eb shpenzimit,\u00a0n\u00eb rast t\u00eb mos arritjes s\u00eb kushtit p\u00ebr\u00a0regjistrimin e \u00a0vitin t\u00eb ardhsh\u00ebm\u00a0t\u00eb studimeve\u00a0dhe\u00a0n\u00ebse kandidati\u00a0l\u00eb\u00a0studimet.<\/p>\n<p>\n\tT\u00eb drejtat dhe obligimet e shfryt\u00ebzuesve t\u00eb bursave definohen me kontrat\u00ebn p\u00ebr ndarjen e bursave, t\u00eb cil\u00ebn kandidat\u00ebt, pas shpalljes s\u00eb list\u00ebs p\u00ebrfundimtare p\u00ebr ndarjen e bursave, e n\u00ebnshkruajn\u00eb me Sh\u00ebrbimin e \u00a0Trupit Koordinues.<\/p>\n<p>\n\t<strong>V\u00a0\u00a0 AFATI\u00a0 P\u00cbR PARAQITJEN DHE DOR\u00cbZIMIN E DOKUMENTEVE <\/strong><\/p>\n<p>\n\t<strong>Afati p\u00ebr paraqitje n\u00eb konkurs \u00ebsht\u00eb 11 dit\u00eb dhe fillon nga dita e par\u00eb e shpalljes s\u00eb konkursit n\u00eb gazet\u00ebn ditore Politika e cila mbulon t\u00ebr\u00eb territorin e e Republik\u00ebs s\u00eb Serbis\u00eb.<\/strong><\/p>\n<p>\n\tParaqitja n\u00eb konkursin p\u00ebr ndarjen e bursave dhe dokumentet tjera, mund t\u2019i d\u00ebrgojn me post\u00eb ose t\u2019i dor\u00ebzojn personalisht edhe at\u00eb kandidat\u00ebt nga komuna e Bujanocit duhet t\u2019i dor\u00ebzojn\u00eb n\u00eb zyr\u00ebn e Sh\u00ebrbimit t\u00eb Trupit Koordinues n\u00eb Bujanoc, (nd\u00ebrtesa e komun\u00ebs s\u00eb Buajnocit, Karagjorgje Petroviq 115 ), kandidat\u00ebt nga komuna e Preshev\u00ebs, n\u00eb zyr\u00ebn e Sh\u00ebrbimit t\u00eb Trupit Koordinues n\u00eb Preshev\u00eb (rruga Sava Kova\u00e7eviq 12), nd\u00ebrsa kandidat\u00ebt nga komuna e Medvegj\u00ebs n\u00eb n\u00eb qendr\u00ebn e sh\u00ebrbimit t\u00eb administrat\u00ebs lokale n\u00eb Medvegj\u00eb (rruga Jabllani\u00e7ka 48), n\u00eb zarfin e mbyllur me em\u00ebr: P\u00cbR KONKURS P\u00cbR BURSA STUDENTORE, MOS T\u00cb HAPET DERI N\u00cb KALIMIN E AFATIT P\u00cbR PARAQITJE.<\/p>\n<p>\n\tOrgani i cili b\u00ebn pranimin e lutjes, n\u00eb t\u00eb njejt\u00ebn vendos vul\u00ebn pranuese dhe dat\u00ebn kur \u00ebsht\u00eb pranuar lutja.<\/p>\n<p>\n\tAplikacionet e vonuara nuk do t\u00eb merren n\u00eb shqyrtim, nd\u00ebrsa aplikacionet jo t\u00eb plota dhe jo t\u00eb sakta do t\u00eb rrefuzohen.<\/p>\n<p>\n\tList\u00ebn p\u00ebrfundimtare dhe list\u00ebn e bursist\u00ebve do ta shpall\u00eb komisioni p\u00ebr ndarjen e bursave, i formuar me vendimin e drejtoresh\u00ebs s\u00eb Sh\u00ebrbimit t\u00eb Trupit Koordinues.<\/p>\n<p>\n\tT\u00eb gjith\u00eb bart\u00ebsit e aplikacioneve kan\u00eb t\u00eb drejt\u00eb t\u00eb paraqesin ankes\u00eb n\u00eb afat prej 8 dit\u00ebve nga dita e shpalljes s\u00eb rang list\u00ebs s\u00eb kandidat\u00ebve, pas p\u00ebrfundimit t\u00eb intervist\u00ebs.<\/p>\n<p>\n\tVendimin p\u00ebrfundimtar p\u00ebr ndarjen e bursave e sjell drejtoresha e Sh\u00ebrbimit t\u00eb Trupit Koordinues, pas mbarimit t\u00eb provimit pranues p\u00ebr regjistrim n\u00eb vitin e par\u00eb t\u00eb studimeve n\u00eb fakultetet e Universitetit t\u00eb Novi Sadit, p\u00ebr kandidat\u00ebt t\u00eb cil\u00ebt kan\u00eb p\u00ebrmbushur kushtet formale ligjore t\u00eb konkursit. \u00a0 \u00a0<\/p>\n<div>\n\t<a href=\"http:\/\/www.kt.gov.rs\/images\/Tekst_konkursa_Maj_2014_alb.pdf\">Shkarko dokumentin: Teksti i konkursit 2014<\/a><\/div>\n<div>\n\t\u00a0<\/div>\n<div>\n\t<a href=\"http:\/\/www.kt.gov.rs\/images\/Informator_za_studente_2014_alb.pdf\">Shkarko dokumentin: Informatori 2014<\/a><\/div>\n<p>\n\t<img decoding=\"async\" alt=\"\" src=\"https:\/\/kt.gov.rs\/wp-content\/uploads\/2024\/07\/news_pic10005v-4.jpg\" style=\"width: 640px; height: 317px;\" \/><\/p>\n<p>\n\t<strong style=\"color: rgb(0, 0, 0); font-family: Georgia; line-height: 17px;\">Burimi:\u00a0<\/strong>\u00a0<span style=\"color: rgb(0, 0, 0); font-family: Georgia; line-height: 17px;\">Trupi Koordinues i Qeveris\u00eb s\u00eb Republi\u00ebs\u00a0 s\u00eb S\u00ebrbis\u00eb<\/span><\/p>\n<div>\n\t\u00a0<\/div>\n","protected":false},"excerpt":{"rendered":"<p>N\u00eb baz\u00eb t\u00eb Vendimit t\u00eb drejtoresh\u00ebs t\u00eb Sh\u00ebrbimit t\u00eb Trupit Koordinues i Qeveris\u00eb s\u00eb Republik\u00ebs S\u00ebrbis\u00eb p\u00ebr komunat Preshev\u00eb, Bujanoc dhe Medvegj\u00eb 100 num\u00ebr: 67-00-00043\/2014-01 \u00a0prej 08.05.2014, Sh\u00ebrbimi i Trupit Koordinues shpall\u00eb\u2026<\/p>\n","protected":false},"author":1,"featured_media":138914,"comment_status":"closed","ping_status":"closed","sticky":false,"template":"","format":"standard","meta":{"footnotes":""},"categories":[55],"tags":[],"class_list":["post-138909","post","type-post","status-publish","format-standard","has-post-thumbnail","hentry","category-lajme"],"yoast_head":"<!-- This site is optimized with the Yoast SEO plugin v27.5 - https:\/\/yoast.com\/product\/yoast-seo-wordpress\/ -->\n<title>Konkurs p\u00ebr ndarjen e bursave p\u00ebr regjistrimin e studimeve n\u00eb Universitetin e Novi Sadit 2014 - Republika e S\u00ebrbis\u00eb Trupi Koordinues p\u00ebr komunat Bujanoc, Preshev\u00eb dhe Medvegj\u00eb<\/title>\n<meta name=\"robots\" content=\"index, follow, max-snippet:-1, max-image-preview:large, max-video-preview:-1\" \/>\n<link rel=\"canonical\" href=\"https:\/\/kt.gov.rs\/sq\/konkurs-per-ndarjen-e-bursave-per-regjistrimin-e-studimeve-ne-universitetin-e-novi-sadit-2014\/\" \/>\n<meta property=\"og:locale\" content=\"sq_AL\" \/>\n<meta property=\"og:type\" content=\"article\" \/>\n<meta property=\"og:title\" content=\"Konkurs p\u00ebr ndarjen e bursave p\u00ebr regjistrimin e studimeve n\u00eb Universitetin e Novi Sadit 2014 - Republika e S\u00ebrbis\u00eb Trupi Koordinues p\u00ebr komunat Bujanoc, Preshev\u00eb dhe Medvegj\u00eb\" \/>\n<meta property=\"og:description\" content=\"N\u00eb baz\u00eb t\u00eb Vendimit t\u00eb drejtoresh\u00ebs t\u00eb Sh\u00ebrbimit t\u00eb Trupit Koordinues i Qeveris\u00eb s\u00eb Republik\u00ebs S\u00ebrbis\u00eb p\u00ebr komunat Preshev\u00eb, Bujanoc dhe Medvegj\u00eb 100 num\u00ebr: 67-00-00043\/2014-01 \u00a0prej 08.05.2014, Sh\u00ebrbimi i Trupit Koordinues shpall\u00eb...\" \/>\n<meta property=\"og:url\" content=\"https:\/\/kt.gov.rs\/sq\/konkurs-per-ndarjen-e-bursave-per-regjistrimin-e-studimeve-ne-universitetin-e-novi-sadit-2014\/\" \/>\n<meta property=\"og:site_name\" content=\"Republika e S\u00ebrbis\u00eb Trupi Koordinues p\u00ebr komunat Bujanoc, Preshev\u00eb dhe Medvegj\u00eb\" \/>\n<meta property=\"article:publisher\" content=\"https:\/\/www.facebook.com\/SluzbaKoordinacionogTelaVladeRepublikeSrbije\" \/>\n<meta property=\"article:published_time\" content=\"2014-05-09T00:00:00+00:00\" \/>\n<meta property=\"article:modified_time\" content=\"2024-07-30T20:12:07+00:00\" \/>\n<meta property=\"og:image\" content=\"https:\/\/kt.gov.rs\/wp-content\/uploads\/2024\/07\/news_pic10005v-5.jpg\" \/>\n\t<meta property=\"og:image:width\" content=\"640\" \/>\n\t<meta property=\"og:image:height\" content=\"320\" \/>\n\t<meta property=\"og:image:type\" content=\"image\/jpeg\" \/>\n<meta name=\"author\" content=\"ktmin\" \/>\n<meta name=\"twitter:card\" content=\"summary_large_image\" \/>\n<meta name=\"twitter:creator\" content=\"@kt_gov\" \/>\n<meta name=\"twitter:site\" content=\"@kt_gov\" \/>\n<meta name=\"twitter:label1\" content=\"Written by\" \/>\n\t<meta name=\"twitter:data1\" content=\"ktmin\" \/>\n\t<meta name=\"twitter:label2\" content=\"Est. reading time\" \/>\n\t<meta name=\"twitter:data2\" content=\"11 minutes\" \/>\n<script type=\"application\/ld+json\" class=\"yoast-schema-graph\">{\"@context\":\"https:\\\/\\\/schema.org\",\"@graph\":[{\"@type\":\"Article\",\"@id\":\"https:\\\/\\\/kt.gov.rs\\\/sq\\\/konkurs-per-ndarjen-e-bursave-per-regjistrimin-e-studimeve-ne-universitetin-e-novi-sadit-2014\\\/#article\",\"isPartOf\":{\"@id\":\"https:\\\/\\\/kt.gov.rs\\\/sq\\\/konkurs-per-ndarjen-e-bursave-per-regjistrimin-e-studimeve-ne-universitetin-e-novi-sadit-2014\\\/\"},\"author\":{\"name\":\"ktmin\",\"@id\":\"https:\\\/\\\/kt.gov.rs\\\/#\\\/schema\\\/person\\\/e426459ddb4173309103390602694571\"},\"headline\":\"Konkurs p\u00ebr ndarjen e bursave p\u00ebr regjistrimin e studimeve n\u00eb Universitetin e Novi Sadit 2014\",\"datePublished\":\"2014-05-09T00:00:00+00:00\",\"dateModified\":\"2024-07-30T20:12:07+00:00\",\"mainEntityOfPage\":{\"@id\":\"https:\\\/\\\/kt.gov.rs\\\/sq\\\/konkurs-per-ndarjen-e-bursave-per-regjistrimin-e-studimeve-ne-universitetin-e-novi-sadit-2014\\\/\"},\"wordCount\":2261,\"publisher\":{\"@id\":\"https:\\\/\\\/kt.gov.rs\\\/#organization\"},\"image\":{\"@id\":\"https:\\\/\\\/kt.gov.rs\\\/sq\\\/konkurs-per-ndarjen-e-bursave-per-regjistrimin-e-studimeve-ne-universitetin-e-novi-sadit-2014\\\/#primaryimage\"},\"thumbnailUrl\":\"https:\\\/\\\/kt.gov.rs\\\/wp-content\\\/uploads\\\/2024\\\/07\\\/news_pic10005v-5.jpg\",\"articleSection\":[\"Lajme\"],\"inLanguage\":\"sq-AL\"},{\"@type\":\"WebPage\",\"@id\":\"https:\\\/\\\/kt.gov.rs\\\/sq\\\/konkurs-per-ndarjen-e-bursave-per-regjistrimin-e-studimeve-ne-universitetin-e-novi-sadit-2014\\\/\",\"url\":\"https:\\\/\\\/kt.gov.rs\\\/sq\\\/konkurs-per-ndarjen-e-bursave-per-regjistrimin-e-studimeve-ne-universitetin-e-novi-sadit-2014\\\/\",\"name\":\"Konkurs p\u00ebr ndarjen e bursave p\u00ebr regjistrimin e studimeve n\u00eb Universitetin e Novi Sadit 2014 - Republika e S\u00ebrbis\u00eb Trupi Koordinues p\u00ebr komunat Bujanoc, Preshev\u00eb dhe Medvegj\u00eb\",\"isPartOf\":{\"@id\":\"https:\\\/\\\/kt.gov.rs\\\/#website\"},\"primaryImageOfPage\":{\"@id\":\"https:\\\/\\\/kt.gov.rs\\\/sq\\\/konkurs-per-ndarjen-e-bursave-per-regjistrimin-e-studimeve-ne-universitetin-e-novi-sadit-2014\\\/#primaryimage\"},\"image\":{\"@id\":\"https:\\\/\\\/kt.gov.rs\\\/sq\\\/konkurs-per-ndarjen-e-bursave-per-regjistrimin-e-studimeve-ne-universitetin-e-novi-sadit-2014\\\/#primaryimage\"},\"thumbnailUrl\":\"https:\\\/\\\/kt.gov.rs\\\/wp-content\\\/uploads\\\/2024\\\/07\\\/news_pic10005v-5.jpg\",\"datePublished\":\"2014-05-09T00:00:00+00:00\",\"dateModified\":\"2024-07-30T20:12:07+00:00\",\"breadcrumb\":{\"@id\":\"https:\\\/\\\/kt.gov.rs\\\/sq\\\/konkurs-per-ndarjen-e-bursave-per-regjistrimin-e-studimeve-ne-universitetin-e-novi-sadit-2014\\\/#breadcrumb\"},\"inLanguage\":\"sq-AL\",\"potentialAction\":[{\"@type\":\"ReadAction\",\"target\":[\"https:\\\/\\\/kt.gov.rs\\\/sq\\\/konkurs-per-ndarjen-e-bursave-per-regjistrimin-e-studimeve-ne-universitetin-e-novi-sadit-2014\\\/\"]}]},{\"@type\":\"ImageObject\",\"inLanguage\":\"sq-AL\",\"@id\":\"https:\\\/\\\/kt.gov.rs\\\/sq\\\/konkurs-per-ndarjen-e-bursave-per-regjistrimin-e-studimeve-ne-universitetin-e-novi-sadit-2014\\\/#primaryimage\",\"url\":\"https:\\\/\\\/kt.gov.rs\\\/wp-content\\\/uploads\\\/2024\\\/07\\\/news_pic10005v-5.jpg\",\"contentUrl\":\"https:\\\/\\\/kt.gov.rs\\\/wp-content\\\/uploads\\\/2024\\\/07\\\/news_pic10005v-5.jpg\",\"width\":640,\"height\":320},{\"@type\":\"BreadcrumbList\",\"@id\":\"https:\\\/\\\/kt.gov.rs\\\/sq\\\/konkurs-per-ndarjen-e-bursave-per-regjistrimin-e-studimeve-ne-universitetin-e-novi-sadit-2014\\\/#breadcrumb\",\"itemListElement\":[{\"@type\":\"ListItem\",\"position\":1,\"name\":\"\u041f\u043e\u0447\u0435\u0442\u043d\u0430\",\"item\":\"https:\\\/\\\/kt.gov.rs\\\/sq\\\/\"},{\"@type\":\"ListItem\",\"position\":2,\"name\":\"Konkurs p\u00ebr ndarjen e bursave p\u00ebr regjistrimin e studimeve n\u00eb Universitetin e Novi Sadit 2014\"}]},{\"@type\":\"WebSite\",\"@id\":\"https:\\\/\\\/kt.gov.rs\\\/#website\",\"url\":\"https:\\\/\\\/kt.gov.rs\\\/\",\"name\":\"\u041a\u043e\u043e\u0440\u0434\u0438\u043d\u0430\u0446\u0438\u043e\u043d\u043e \u0442\u0435\u043b\u043e \u0412\u043b\u0430\u0434\u0435 \u0420\u0435\u043f\u0443\u0431\u043b\u0438\u043a\u0435 \u0421\u0440\u0431\u0438\u0458\u0435 \u0437\u0430 \u043e\u043f\u0448\u0442\u0438\u043d\u0435 \u041f\u0440\u0435\u0448\u0435\u0432\u043e, \u0411\u0443\u0458\u0430\u043d\u043e\u0432\u0430\u0446 \u0438 \u041c\u0435\u0434\u0432\u0435\u0452a\",\"description\":\"\",\"publisher\":{\"@id\":\"https:\\\/\\\/kt.gov.rs\\\/#organization\"},\"alternateName\":\"\u041a\u043e\u043e\u0440\u0434\u0438\u043d\u0430\u0446\u0438\u043e\u043d\u043e \u0442\u0435\u043b\u043e\",\"potentialAction\":[{\"@type\":\"SearchAction\",\"target\":{\"@type\":\"EntryPoint\",\"urlTemplate\":\"https:\\\/\\\/kt.gov.rs\\\/?s={search_term_string}\"},\"query-input\":{\"@type\":\"PropertyValueSpecification\",\"valueRequired\":true,\"valueName\":\"search_term_string\"}}],\"inLanguage\":\"sq-AL\"},{\"@type\":\"Organization\",\"@id\":\"https:\\\/\\\/kt.gov.rs\\\/#organization\",\"name\":\"\u041a\u043e\u043e\u0440\u0434\u0438\u043d\u0430\u0446\u0438\u043e\u043d\u043e \u0442\u0435\u043b\u043e \u0412\u043b\u0430\u0434\u0435 \u0420\u0435\u043f\u0443\u0431\u043b\u0438\u043a\u0435 \u0421\u0440\u0431\u0438\u0458\u0435 \u0437\u0430 \u043e\u043f\u0448\u0442\u0438\u043d\u0435 \u041f\u0440\u0435\u0448\u0435\u0432\u043e, \u0411\u0443\u0458\u0430\u043d\u043e\u0432\u0430\u0446 \u0438 \u041c\u0435\u0434\u0432\u0435\u0452a\",\"alternateName\":\"\u041a\u043e\u043e\u0440\u0434\u0438\u043d\u0430\u0446\u0438\u043e\u043d\u043e \u0442\u0435\u043b\u043e\",\"url\":\"https:\\\/\\\/kt.gov.rs\\\/\",\"logo\":{\"@type\":\"ImageObject\",\"inLanguage\":\"sq-AL\",\"@id\":\"https:\\\/\\\/kt.gov.rs\\\/#\\\/schema\\\/logo\\\/image\\\/\",\"url\":\"https:\\\/\\\/kt.gov.rs\\\/wp-content\\\/uploads\\\/2024\\\/12\\\/koord2.jpg\",\"contentUrl\":\"https:\\\/\\\/kt.gov.rs\\\/wp-content\\\/uploads\\\/2024\\\/12\\\/koord2.jpg\",\"width\":640,\"height\":480,\"caption\":\"\u041a\u043e\u043e\u0440\u0434\u0438\u043d\u0430\u0446\u0438\u043e\u043d\u043e \u0442\u0435\u043b\u043e \u0412\u043b\u0430\u0434\u0435 \u0420\u0435\u043f\u0443\u0431\u043b\u0438\u043a\u0435 \u0421\u0440\u0431\u0438\u0458\u0435 \u0437\u0430 \u043e\u043f\u0448\u0442\u0438\u043d\u0435 \u041f\u0440\u0435\u0448\u0435\u0432\u043e, \u0411\u0443\u0458\u0430\u043d\u043e\u0432\u0430\u0446 \u0438 \u041c\u0435\u0434\u0432\u0435\u0452a\"},\"image\":{\"@id\":\"https:\\\/\\\/kt.gov.rs\\\/#\\\/schema\\\/logo\\\/image\\\/\"},\"sameAs\":[\"https:\\\/\\\/www.facebook.com\\\/SluzbaKoordinacionogTelaVladeRepublikeSrbije\",\"https:\\\/\\\/x.com\\\/kt_gov\",\"https:\\\/\\\/www.youtube.com\\\/@koordinacionotelo\"]},{\"@type\":\"Person\",\"@id\":\"https:\\\/\\\/kt.gov.rs\\\/#\\\/schema\\\/person\\\/e426459ddb4173309103390602694571\",\"name\":\"ktmin\",\"image\":{\"@type\":\"ImageObject\",\"inLanguage\":\"sq-AL\",\"@id\":\"https:\\\/\\\/secure.gravatar.com\\\/avatar\\\/3985c961109853010c3fbc7ba30365bfba5db3dd6c525831d9c595c7525a615a?s=96&d=mm&r=g\",\"url\":\"https:\\\/\\\/secure.gravatar.com\\\/avatar\\\/3985c961109853010c3fbc7ba30365bfba5db3dd6c525831d9c595c7525a615a?s=96&d=mm&r=g\",\"contentUrl\":\"https:\\\/\\\/secure.gravatar.com\\\/avatar\\\/3985c961109853010c3fbc7ba30365bfba5db3dd6c525831d9c595c7525a615a?s=96&d=mm&r=g\",\"caption\":\"ktmin\"},\"sameAs\":[\"https:\\\/\\\/kt.gov.rs\"],\"url\":\"https:\\\/\\\/kt.gov.rs\\\/sq\\\/author\\\/ktmin\\\/\"}]}<\/script>\n<!-- \/ Yoast SEO plugin. -->","yoast_head_json":{"title":"Konkurs p\u00ebr ndarjen e bursave p\u00ebr regjistrimin e studimeve n\u00eb Universitetin e Novi Sadit 2014 - Republika e S\u00ebrbis\u00eb Trupi Koordinues p\u00ebr komunat Bujanoc, Preshev\u00eb dhe Medvegj\u00eb","robots":{"index":"index","follow":"follow","max-snippet":"max-snippet:-1","max-image-preview":"max-image-preview:large","max-video-preview":"max-video-preview:-1"},"canonical":"https:\/\/kt.gov.rs\/sq\/konkurs-per-ndarjen-e-bursave-per-regjistrimin-e-studimeve-ne-universitetin-e-novi-sadit-2014\/","og_locale":"sq_AL","og_type":"article","og_title":"Konkurs p\u00ebr ndarjen e bursave p\u00ebr regjistrimin e studimeve n\u00eb Universitetin e Novi Sadit 2014 - Republika e S\u00ebrbis\u00eb Trupi Koordinues p\u00ebr komunat Bujanoc, Preshev\u00eb dhe Medvegj\u00eb","og_description":"N\u00eb baz\u00eb t\u00eb Vendimit t\u00eb drejtoresh\u00ebs t\u00eb Sh\u00ebrbimit t\u00eb Trupit Koordinues i Qeveris\u00eb s\u00eb Republik\u00ebs S\u00ebrbis\u00eb p\u00ebr komunat Preshev\u00eb, Bujanoc dhe Medvegj\u00eb 100 num\u00ebr: 67-00-00043\/2014-01 \u00a0prej 08.05.2014, Sh\u00ebrbimi i Trupit Koordinues shpall\u00eb...","og_url":"https:\/\/kt.gov.rs\/sq\/konkurs-per-ndarjen-e-bursave-per-regjistrimin-e-studimeve-ne-universitetin-e-novi-sadit-2014\/","og_site_name":"Republika e S\u00ebrbis\u00eb Trupi Koordinues p\u00ebr komunat Bujanoc, Preshev\u00eb dhe Medvegj\u00eb","article_publisher":"https:\/\/www.facebook.com\/SluzbaKoordinacionogTelaVladeRepublikeSrbije","article_published_time":"2014-05-09T00:00:00+00:00","article_modified_time":"2024-07-30T20:12:07+00:00","og_image":[{"width":640,"height":320,"url":"https:\/\/kt.gov.rs\/wp-content\/uploads\/2024\/07\/news_pic10005v-5.jpg","type":"image\/jpeg"}],"author":"ktmin","twitter_card":"summary_large_image","twitter_creator":"@kt_gov","twitter_site":"@kt_gov","twitter_misc":{"Written by":"ktmin","Est. reading time":"11 minutes"},"schema":{"@context":"https:\/\/schema.org","@graph":[{"@type":"Article","@id":"https:\/\/kt.gov.rs\/sq\/konkurs-per-ndarjen-e-bursave-per-regjistrimin-e-studimeve-ne-universitetin-e-novi-sadit-2014\/#article","isPartOf":{"@id":"https:\/\/kt.gov.rs\/sq\/konkurs-per-ndarjen-e-bursave-per-regjistrimin-e-studimeve-ne-universitetin-e-novi-sadit-2014\/"},"author":{"name":"ktmin","@id":"https:\/\/kt.gov.rs\/#\/schema\/person\/e426459ddb4173309103390602694571"},"headline":"Konkurs p\u00ebr ndarjen e bursave p\u00ebr regjistrimin e studimeve n\u00eb Universitetin e Novi Sadit 2014","datePublished":"2014-05-09T00:00:00+00:00","dateModified":"2024-07-30T20:12:07+00:00","mainEntityOfPage":{"@id":"https:\/\/kt.gov.rs\/sq\/konkurs-per-ndarjen-e-bursave-per-regjistrimin-e-studimeve-ne-universitetin-e-novi-sadit-2014\/"},"wordCount":2261,"publisher":{"@id":"https:\/\/kt.gov.rs\/#organization"},"image":{"@id":"https:\/\/kt.gov.rs\/sq\/konkurs-per-ndarjen-e-bursave-per-regjistrimin-e-studimeve-ne-universitetin-e-novi-sadit-2014\/#primaryimage"},"thumbnailUrl":"https:\/\/kt.gov.rs\/wp-content\/uploads\/2024\/07\/news_pic10005v-5.jpg","articleSection":["Lajme"],"inLanguage":"sq-AL"},{"@type":"WebPage","@id":"https:\/\/kt.gov.rs\/sq\/konkurs-per-ndarjen-e-bursave-per-regjistrimin-e-studimeve-ne-universitetin-e-novi-sadit-2014\/","url":"https:\/\/kt.gov.rs\/sq\/konkurs-per-ndarjen-e-bursave-per-regjistrimin-e-studimeve-ne-universitetin-e-novi-sadit-2014\/","name":"Konkurs p\u00ebr ndarjen e bursave p\u00ebr regjistrimin e studimeve n\u00eb Universitetin e Novi Sadit 2014 - Republika e S\u00ebrbis\u00eb Trupi Koordinues p\u00ebr komunat Bujanoc, Preshev\u00eb dhe Medvegj\u00eb","isPartOf":{"@id":"https:\/\/kt.gov.rs\/#website"},"primaryImageOfPage":{"@id":"https:\/\/kt.gov.rs\/sq\/konkurs-per-ndarjen-e-bursave-per-regjistrimin-e-studimeve-ne-universitetin-e-novi-sadit-2014\/#primaryimage"},"image":{"@id":"https:\/\/kt.gov.rs\/sq\/konkurs-per-ndarjen-e-bursave-per-regjistrimin-e-studimeve-ne-universitetin-e-novi-sadit-2014\/#primaryimage"},"thumbnailUrl":"https:\/\/kt.gov.rs\/wp-content\/uploads\/2024\/07\/news_pic10005v-5.jpg","datePublished":"2014-05-09T00:00:00+00:00","dateModified":"2024-07-30T20:12:07+00:00","breadcrumb":{"@id":"https:\/\/kt.gov.rs\/sq\/konkurs-per-ndarjen-e-bursave-per-regjistrimin-e-studimeve-ne-universitetin-e-novi-sadit-2014\/#breadcrumb"},"inLanguage":"sq-AL","potentialAction":[{"@type":"ReadAction","target":["https:\/\/kt.gov.rs\/sq\/konkurs-per-ndarjen-e-bursave-per-regjistrimin-e-studimeve-ne-universitetin-e-novi-sadit-2014\/"]}]},{"@type":"ImageObject","inLanguage":"sq-AL","@id":"https:\/\/kt.gov.rs\/sq\/konkurs-per-ndarjen-e-bursave-per-regjistrimin-e-studimeve-ne-universitetin-e-novi-sadit-2014\/#primaryimage","url":"https:\/\/kt.gov.rs\/wp-content\/uploads\/2024\/07\/news_pic10005v-5.jpg","contentUrl":"https:\/\/kt.gov.rs\/wp-content\/uploads\/2024\/07\/news_pic10005v-5.jpg","width":640,"height":320},{"@type":"BreadcrumbList","@id":"https:\/\/kt.gov.rs\/sq\/konkurs-per-ndarjen-e-bursave-per-regjistrimin-e-studimeve-ne-universitetin-e-novi-sadit-2014\/#breadcrumb","itemListElement":[{"@type":"ListItem","position":1,"name":"\u041f\u043e\u0447\u0435\u0442\u043d\u0430","item":"https:\/\/kt.gov.rs\/sq\/"},{"@type":"ListItem","position":2,"name":"Konkurs p\u00ebr ndarjen e bursave p\u00ebr regjistrimin e studimeve n\u00eb Universitetin e Novi Sadit 2014"}]},{"@type":"WebSite","@id":"https:\/\/kt.gov.rs\/#website","url":"https:\/\/kt.gov.rs\/","name":"\u041a\u043e\u043e\u0440\u0434\u0438\u043d\u0430\u0446\u0438\u043e\u043d\u043e \u0442\u0435\u043b\u043e \u0412\u043b\u0430\u0434\u0435 \u0420\u0435\u043f\u0443\u0431\u043b\u0438\u043a\u0435 \u0421\u0440\u0431\u0438\u0458\u0435 \u0437\u0430 \u043e\u043f\u0448\u0442\u0438\u043d\u0435 \u041f\u0440\u0435\u0448\u0435\u0432\u043e, \u0411\u0443\u0458\u0430\u043d\u043e\u0432\u0430\u0446 \u0438 \u041c\u0435\u0434\u0432\u0435\u0452a","description":"","publisher":{"@id":"https:\/\/kt.gov.rs\/#organization"},"alternateName":"\u041a\u043e\u043e\u0440\u0434\u0438\u043d\u0430\u0446\u0438\u043e\u043d\u043e \u0442\u0435\u043b\u043e","potentialAction":[{"@type":"SearchAction","target":{"@type":"EntryPoint","urlTemplate":"https:\/\/kt.gov.rs\/?s={search_term_string}"},"query-input":{"@type":"PropertyValueSpecification","valueRequired":true,"valueName":"search_term_string"}}],"inLanguage":"sq-AL"},{"@type":"Organization","@id":"https:\/\/kt.gov.rs\/#organization","name":"\u041a\u043e\u043e\u0440\u0434\u0438\u043d\u0430\u0446\u0438\u043e\u043d\u043e \u0442\u0435\u043b\u043e \u0412\u043b\u0430\u0434\u0435 \u0420\u0435\u043f\u0443\u0431\u043b\u0438\u043a\u0435 \u0421\u0440\u0431\u0438\u0458\u0435 \u0437\u0430 \u043e\u043f\u0448\u0442\u0438\u043d\u0435 \u041f\u0440\u0435\u0448\u0435\u0432\u043e, \u0411\u0443\u0458\u0430\u043d\u043e\u0432\u0430\u0446 \u0438 \u041c\u0435\u0434\u0432\u0435\u0452a","alternateName":"\u041a\u043e\u043e\u0440\u0434\u0438\u043d\u0430\u0446\u0438\u043e\u043d\u043e \u0442\u0435\u043b\u043e","url":"https:\/\/kt.gov.rs\/","logo":{"@type":"ImageObject","inLanguage":"sq-AL","@id":"https:\/\/kt.gov.rs\/#\/schema\/logo\/image\/","url":"https:\/\/kt.gov.rs\/wp-content\/uploads\/2024\/12\/koord2.jpg","contentUrl":"https:\/\/kt.gov.rs\/wp-content\/uploads\/2024\/12\/koord2.jpg","width":640,"height":480,"caption":"\u041a\u043e\u043e\u0440\u0434\u0438\u043d\u0430\u0446\u0438\u043e\u043d\u043e \u0442\u0435\u043b\u043e \u0412\u043b\u0430\u0434\u0435 \u0420\u0435\u043f\u0443\u0431\u043b\u0438\u043a\u0435 \u0421\u0440\u0431\u0438\u0458\u0435 \u0437\u0430 \u043e\u043f\u0448\u0442\u0438\u043d\u0435 \u041f\u0440\u0435\u0448\u0435\u0432\u043e, \u0411\u0443\u0458\u0430\u043d\u043e\u0432\u0430\u0446 \u0438 \u041c\u0435\u0434\u0432\u0435\u0452a"},"image":{"@id":"https:\/\/kt.gov.rs\/#\/schema\/logo\/image\/"},"sameAs":["https:\/\/www.facebook.com\/SluzbaKoordinacionogTelaVladeRepublikeSrbije","https:\/\/x.com\/kt_gov","https:\/\/www.youtube.com\/@koordinacionotelo"]},{"@type":"Person","@id":"https:\/\/kt.gov.rs\/#\/schema\/person\/e426459ddb4173309103390602694571","name":"ktmin","image":{"@type":"ImageObject","inLanguage":"sq-AL","@id":"https:\/\/secure.gravatar.com\/avatar\/3985c961109853010c3fbc7ba30365bfba5db3dd6c525831d9c595c7525a615a?s=96&d=mm&r=g","url":"https:\/\/secure.gravatar.com\/avatar\/3985c961109853010c3fbc7ba30365bfba5db3dd6c525831d9c595c7525a615a?s=96&d=mm&r=g","contentUrl":"https:\/\/secure.gravatar.com\/avatar\/3985c961109853010c3fbc7ba30365bfba5db3dd6c525831d9c595c7525a615a?s=96&d=mm&r=g","caption":"ktmin"},"sameAs":["https:\/\/kt.gov.rs"],"url":"https:\/\/kt.gov.rs\/sq\/author\/ktmin\/"}]}},"_links":{"self":[{"href":"https:\/\/kt.gov.rs\/sq\/wp-json\/wp\/v2\/posts\/138909","targetHints":{"allow":["GET"]}}],"collection":[{"href":"https:\/\/kt.gov.rs\/sq\/wp-json\/wp\/v2\/posts"}],"about":[{"href":"https:\/\/kt.gov.rs\/sq\/wp-json\/wp\/v2\/types\/post"}],"author":[{"embeddable":true,"href":"https:\/\/kt.gov.rs\/sq\/wp-json\/wp\/v2\/users\/1"}],"replies":[{"embeddable":true,"href":"https:\/\/kt.gov.rs\/sq\/wp-json\/wp\/v2\/comments?post=138909"}],"version-history":[{"count":1,"href":"https:\/\/kt.gov.rs\/sq\/wp-json\/wp\/v2\/posts\/138909\/revisions"}],"predecessor-version":[{"id":138913,"href":"https:\/\/kt.gov.rs\/sq\/wp-json\/wp\/v2\/posts\/138909\/revisions\/138913"}],"wp:featuredmedia":[{"embeddable":true,"href":"https:\/\/kt.gov.rs\/sq\/wp-json\/wp\/v2\/media\/138914"}],"wp:attachment":[{"href":"https:\/\/kt.gov.rs\/sq\/wp-json\/wp\/v2\/media?parent=138909"}],"wp:term":[{"taxonomy":"category","embeddable":true,"href":"https:\/\/kt.gov.rs\/sq\/wp-json\/wp\/v2\/categories?post=138909"},{"taxonomy":"post_tag","embeddable":true,"href":"https:\/\/kt.gov.rs\/sq\/wp-json\/wp\/v2\/tags?post=138909"}],"curies":[{"name":"wp","href":"https:\/\/api.w.org\/{rel}","templated":true}]}}