{"id":138291,"date":"2014-07-16T00:00:00","date_gmt":"2014-07-16T00:00:00","guid":{"rendered":"http:\/\/kt.printandscreen.rs\/presheva-ka-fituar-parkun-e-internetit\/"},"modified":"2024-07-30T20:10:59","modified_gmt":"2024-07-30T20:10:59","slug":"presheva-ka-fituar-parkun-e-internetit","status":"publish","type":"post","link":"https:\/\/kt.gov.rs\/sq\/presheva-ka-fituar-parkun-e-internetit\/","title":{"rendered":"PRESHEVA KA FITUAR PARKUN E INTERNETIT"},"content":{"rendered":"<p>\n\t<strong><img decoding=\"async\" alt=\"\" src=\"https:\/\/kt.gov.rs\/wp-content\/uploads\/2024\/07\/news_pic10090-4.jpg\" style=\"width: 315px; height: 213px; float: left;\" \/>Preshev\u00eb \u2013<\/strong> Komuna e Preshev\u00ebs ka fituar internet falas n\u00eb oborrin para Sht\u00ebpis\u00eb s\u00eb Kultur\u00ebs \u201eAbdulla Krashnica\u201d.<\/p>\n<p>\n\tMe k\u00ebt\u00eb m\u00ebnyr\u00eb t\u00eb internetit falas \u00ebsht\u00eb mund\u00ebsuar \u201esurfim\u201d falas p\u00ebr telefona, tabelet dhe kompjutor duke i`u faleminderuar komun\u00ebs s\u00eb Preshev\u00ebs dhe \u201eTelenorin\u201d.<\/p>\n<p>\n\t\u00a0\u201eManifestimet kulturore do t\u00eb fitojn\u00eb tjet\u00ebr dimension p\u00ebrmes grumbullimit, sepse duke i`u faleminderuar internetit falas p\u00ebrpara Sht\u00ebpis\u00eb s\u00eb Kultur\u00ebs do t\u00eb q\u00ebndrojn\u00eb num\u00ebr i madh i banor\u00ebve tan\u00eb, por edhe mysafir dhe vizitor\u00eb. Na vjen mir\u00eb q\u00eb jemi duke bashk\u00ebpunuar me Telenorin, k\u00ebshtu duke i`u bashkuar qyteteve tjera t\u00eb cilat kan\u00eb internet falas dhe se n\u00eb k\u00ebt\u00eb m\u00ebnyr\u00eb t`i japim njohuri kompjuterike banor\u00ebve tan\u00eb\u201d, tha Ragmi Mustafa.<\/p>\n<p>\n\t\u201cTelenori nga viti 2008, ka hapur parqe t\u00eb interneteve n\u00eb t\u00eb gjith\u00eb Serbin\u00eb, me d\u00ebshir\u00eb q\u00eb t`i mund\u00ebsoj\u00eb qasje m\u00eb t\u00eb leht\u00eb n\u00eb internet p\u00ebr qytetar\u00ebt.<\/p>\n<p>\n\t<strong>Burimi: OK Radio dhe Trupi Koordinues<\/strong><\/p>\n<p>\n\t\u00a0<\/p>\n","protected":false},"excerpt":{"rendered":"<p>Preshev\u00eb \u2013 Komuna e Preshev\u00ebs ka fituar internet falas n\u00eb oborrin para Sht\u00ebpis\u00eb s\u00eb Kultur\u00ebs \u201eAbdulla Krashnica\u201d. Me k\u00ebt\u00eb m\u00ebnyr\u00eb t\u00eb internetit falas \u00ebsht\u00eb mund\u00ebsuar \u201esurfim\u201d falas p\u00ebr telefona, tabelet dhe kompjutor duke i`u faleminderuar komun\u00ebs s\u00eb Preshev\u00ebs dhe \u201eTelenorin\u201d.<\/p>\n","protected":false},"author":1,"featured_media":138296,"comment_status":"closed","ping_status":"closed","sticky":false,"template":"","format":"standard","meta":{"footnotes":""},"categories":[55],"tags":[],"class_list":["post-138291","post","type-post","status-publish","format-standard","has-post-thumbnail","hentry","category-lajme"],"yoast_head":"<!-- This site is optimized with the Yoast SEO plugin v27.5 - https:\/\/yoast.com\/product\/yoast-seo-wordpress\/ -->\n<title>PRESHEVA KA FITUAR PARKUN E INTERNETIT - Republika e S\u00ebrbis\u00eb Trupi Koordinues p\u00ebr komunat Bujanoc, Preshev\u00eb dhe Medvegj\u00eb<\/title>\n<meta name=\"robots\" content=\"index, follow, max-snippet:-1, max-image-preview:large, max-video-preview:-1\" \/>\n<link rel=\"canonical\" href=\"https:\/\/kt.gov.rs\/sq\/presheva-ka-fituar-parkun-e-internetit\/\" \/>\n<meta property=\"og:locale\" content=\"sq_AL\" \/>\n<meta property=\"og:type\" content=\"article\" \/>\n<meta property=\"og:title\" content=\"PRESHEVA KA FITUAR PARKUN E INTERNETIT - Republika e S\u00ebrbis\u00eb Trupi Koordinues p\u00ebr komunat Bujanoc, Preshev\u00eb dhe Medvegj\u00eb\" \/>\n<meta property=\"og:description\" content=\"Preshev\u00eb \u2013 Komuna e Preshev\u00ebs ka fituar internet falas n\u00eb oborrin para Sht\u00ebpis\u00eb s\u00eb Kultur\u00ebs \u201eAbdulla Krashnica\u201d. Me k\u00ebt\u00eb m\u00ebnyr\u00eb t\u00eb internetit falas \u00ebsht\u00eb mund\u00ebsuar \u201esurfim\u201d falas p\u00ebr telefona, tabelet dhe kompjutor duke i`u faleminderuar komun\u00ebs s\u00eb Preshev\u00ebs dhe \u201eTelenorin\u201d.\" \/>\n<meta property=\"og:url\" content=\"https:\/\/kt.gov.rs\/sq\/presheva-ka-fituar-parkun-e-internetit\/\" \/>\n<meta property=\"og:site_name\" content=\"Republika e S\u00ebrbis\u00eb Trupi Koordinues p\u00ebr komunat Bujanoc, Preshev\u00eb dhe Medvegj\u00eb\" \/>\n<meta property=\"article:publisher\" content=\"https:\/\/www.facebook.com\/SluzbaKoordinacionogTelaVladeRepublikeSrbije\" \/>\n<meta property=\"article:published_time\" content=\"2014-07-16T00:00:00+00:00\" \/>\n<meta property=\"article:modified_time\" content=\"2024-07-30T20:10:59+00:00\" \/>\n<meta property=\"og:image\" content=\"https:\/\/kt.gov.rs\/wp-content\/uploads\/2024\/07\/news_pic10090-5.jpg\" \/>\n\t<meta property=\"og:image:width\" content=\"315\" \/>\n\t<meta property=\"og:image:height\" content=\"213\" \/>\n\t<meta property=\"og:image:type\" content=\"image\/jpeg\" \/>\n<meta name=\"author\" content=\"ktmin\" \/>\n<meta name=\"twitter:card\" content=\"summary_large_image\" \/>\n<meta name=\"twitter:creator\" content=\"@kt_gov\" \/>\n<meta name=\"twitter:site\" content=\"@kt_gov\" \/>\n<meta name=\"twitter:label1\" content=\"Written by\" \/>\n\t<meta name=\"twitter:data1\" content=\"ktmin\" \/>\n\t<meta name=\"twitter:label2\" content=\"Est. reading time\" \/>\n\t<meta name=\"twitter:data2\" content=\"1 minute\" \/>\n<script type=\"application\/ld+json\" class=\"yoast-schema-graph\">{\"@context\":\"https:\\\/\\\/schema.org\",\"@graph\":[{\"@type\":\"Article\",\"@id\":\"https:\\\/\\\/kt.gov.rs\\\/sq\\\/presheva-ka-fituar-parkun-e-internetit\\\/#article\",\"isPartOf\":{\"@id\":\"https:\\\/\\\/kt.gov.rs\\\/sq\\\/presheva-ka-fituar-parkun-e-internetit\\\/\"},\"author\":{\"name\":\"ktmin\",\"@id\":\"https:\\\/\\\/kt.gov.rs\\\/#\\\/schema\\\/person\\\/e426459ddb4173309103390602694571\"},\"headline\":\"PRESHEVA KA FITUAR PARKUN E INTERNETIT\",\"datePublished\":\"2014-07-16T00:00:00+00:00\",\"dateModified\":\"2024-07-30T20:10:59+00:00\",\"mainEntityOfPage\":{\"@id\":\"https:\\\/\\\/kt.gov.rs\\\/sq\\\/presheva-ka-fituar-parkun-e-internetit\\\/\"},\"wordCount\":250,\"publisher\":{\"@id\":\"https:\\\/\\\/kt.gov.rs\\\/#organization\"},\"image\":{\"@id\":\"https:\\\/\\\/kt.gov.rs\\\/sq\\\/presheva-ka-fituar-parkun-e-internetit\\\/#primaryimage\"},\"thumbnailUrl\":\"https:\\\/\\\/kt.gov.rs\\\/wp-content\\\/uploads\\\/2024\\\/07\\\/news_pic10090-5.jpg\",\"articleSection\":[\"Lajme\"],\"inLanguage\":\"sq-AL\"},{\"@type\":\"WebPage\",\"@id\":\"https:\\\/\\\/kt.gov.rs\\\/sq\\\/presheva-ka-fituar-parkun-e-internetit\\\/\",\"url\":\"https:\\\/\\\/kt.gov.rs\\\/sq\\\/presheva-ka-fituar-parkun-e-internetit\\\/\",\"name\":\"PRESHEVA KA FITUAR PARKUN E INTERNETIT - Republika e S\u00ebrbis\u00eb Trupi Koordinues p\u00ebr komunat Bujanoc, Preshev\u00eb dhe Medvegj\u00eb\",\"isPartOf\":{\"@id\":\"https:\\\/\\\/kt.gov.rs\\\/#website\"},\"primaryImageOfPage\":{\"@id\":\"https:\\\/\\\/kt.gov.rs\\\/sq\\\/presheva-ka-fituar-parkun-e-internetit\\\/#primaryimage\"},\"image\":{\"@id\":\"https:\\\/\\\/kt.gov.rs\\\/sq\\\/presheva-ka-fituar-parkun-e-internetit\\\/#primaryimage\"},\"thumbnailUrl\":\"https:\\\/\\\/kt.gov.rs\\\/wp-content\\\/uploads\\\/2024\\\/07\\\/news_pic10090-5.jpg\",\"datePublished\":\"2014-07-16T00:00:00+00:00\",\"dateModified\":\"2024-07-30T20:10:59+00:00\",\"breadcrumb\":{\"@id\":\"https:\\\/\\\/kt.gov.rs\\\/sq\\\/presheva-ka-fituar-parkun-e-internetit\\\/#breadcrumb\"},\"inLanguage\":\"sq-AL\",\"potentialAction\":[{\"@type\":\"ReadAction\",\"target\":[\"https:\\\/\\\/kt.gov.rs\\\/sq\\\/presheva-ka-fituar-parkun-e-internetit\\\/\"]}]},{\"@type\":\"ImageObject\",\"inLanguage\":\"sq-AL\",\"@id\":\"https:\\\/\\\/kt.gov.rs\\\/sq\\\/presheva-ka-fituar-parkun-e-internetit\\\/#primaryimage\",\"url\":\"https:\\\/\\\/kt.gov.rs\\\/wp-content\\\/uploads\\\/2024\\\/07\\\/news_pic10090-5.jpg\",\"contentUrl\":\"https:\\\/\\\/kt.gov.rs\\\/wp-content\\\/uploads\\\/2024\\\/07\\\/news_pic10090-5.jpg\",\"width\":315,\"height\":213},{\"@type\":\"BreadcrumbList\",\"@id\":\"https:\\\/\\\/kt.gov.rs\\\/sq\\\/presheva-ka-fituar-parkun-e-internetit\\\/#breadcrumb\",\"itemListElement\":[{\"@type\":\"ListItem\",\"position\":1,\"name\":\"Po\u010detna\",\"item\":\"https:\\\/\\\/kt.gov.rs\\\/sq\\\/\"},{\"@type\":\"ListItem\",\"position\":2,\"name\":\"PRESHEVA KA FITUAR PARKUN E INTERNETIT\"}]},{\"@type\":\"WebSite\",\"@id\":\"https:\\\/\\\/kt.gov.rs\\\/#website\",\"url\":\"https:\\\/\\\/kt.gov.rs\\\/\",\"name\":\"Koordinaciono telo Vlade Republike Srbije za op\u0161tine Pre\u0161evo, Bujanovac i Medve\u0111a\",\"description\":\"\",\"publisher\":{\"@id\":\"https:\\\/\\\/kt.gov.rs\\\/#organization\"},\"alternateName\":\"Koordinaciono telo\",\"potentialAction\":[{\"@type\":\"SearchAction\",\"target\":{\"@type\":\"EntryPoint\",\"urlTemplate\":\"https:\\\/\\\/kt.gov.rs\\\/?s={search_term_string}\"},\"query-input\":{\"@type\":\"PropertyValueSpecification\",\"valueRequired\":true,\"valueName\":\"search_term_string\"}}],\"inLanguage\":\"sq-AL\"},{\"@type\":\"Organization\",\"@id\":\"https:\\\/\\\/kt.gov.rs\\\/#organization\",\"name\":\"Koordinaciono telo Vlade Republike Srbije za op\u0161tine Pre\u0161evo, Bujanovac i Medve\u0111a\",\"alternateName\":\"Koordinaciono telo\",\"url\":\"https:\\\/\\\/kt.gov.rs\\\/\",\"logo\":{\"@type\":\"ImageObject\",\"inLanguage\":\"sq-AL\",\"@id\":\"https:\\\/\\\/kt.gov.rs\\\/#\\\/schema\\\/logo\\\/image\\\/\",\"url\":\"https:\\\/\\\/kt.gov.rs\\\/wp-content\\\/uploads\\\/2024\\\/12\\\/koord2.jpg\",\"contentUrl\":\"https:\\\/\\\/kt.gov.rs\\\/wp-content\\\/uploads\\\/2024\\\/12\\\/koord2.jpg\",\"width\":640,\"height\":480,\"caption\":\"Koordinaciono telo Vlade Republike Srbije za op\u0161tine Pre\u0161evo, Bujanovac i Medve\u0111a\"},\"image\":{\"@id\":\"https:\\\/\\\/kt.gov.rs\\\/#\\\/schema\\\/logo\\\/image\\\/\"},\"sameAs\":[\"https:\\\/\\\/www.facebook.com\\\/SluzbaKoordinacionogTelaVladeRepublikeSrbije\",\"https:\\\/\\\/x.com\\\/kt_gov\",\"https:\\\/\\\/www.youtube.com\\\/@koordinacionotelo\"]},{\"@type\":\"Person\",\"@id\":\"https:\\\/\\\/kt.gov.rs\\\/#\\\/schema\\\/person\\\/e426459ddb4173309103390602694571\",\"name\":\"ktmin\",\"image\":{\"@type\":\"ImageObject\",\"inLanguage\":\"sq-AL\",\"@id\":\"https:\\\/\\\/secure.gravatar.com\\\/avatar\\\/3985c961109853010c3fbc7ba30365bfba5db3dd6c525831d9c595c7525a615a?s=96&d=mm&r=g\",\"url\":\"https:\\\/\\\/secure.gravatar.com\\\/avatar\\\/3985c961109853010c3fbc7ba30365bfba5db3dd6c525831d9c595c7525a615a?s=96&d=mm&r=g\",\"contentUrl\":\"https:\\\/\\\/secure.gravatar.com\\\/avatar\\\/3985c961109853010c3fbc7ba30365bfba5db3dd6c525831d9c595c7525a615a?s=96&d=mm&r=g\",\"caption\":\"ktmin\"},\"sameAs\":[\"https:\\\/\\\/kt.gov.rs\"],\"url\":\"https:\\\/\\\/kt.gov.rs\\\/sq\\\/author\\\/ktmin\\\/\"}]}<\/script>\n<!-- \/ Yoast SEO plugin. -->","yoast_head_json":{"title":"PRESHEVA KA FITUAR PARKUN E INTERNETIT - Republika e S\u00ebrbis\u00eb Trupi Koordinues p\u00ebr komunat Bujanoc, Preshev\u00eb dhe Medvegj\u00eb","robots":{"index":"index","follow":"follow","max-snippet":"max-snippet:-1","max-image-preview":"max-image-preview:large","max-video-preview":"max-video-preview:-1"},"canonical":"https:\/\/kt.gov.rs\/sq\/presheva-ka-fituar-parkun-e-internetit\/","og_locale":"sq_AL","og_type":"article","og_title":"PRESHEVA KA FITUAR PARKUN E INTERNETIT - Republika e S\u00ebrbis\u00eb Trupi Koordinues p\u00ebr komunat Bujanoc, Preshev\u00eb dhe Medvegj\u00eb","og_description":"Preshev\u00eb \u2013 Komuna e Preshev\u00ebs ka fituar internet falas n\u00eb oborrin para Sht\u00ebpis\u00eb s\u00eb Kultur\u00ebs \u201eAbdulla Krashnica\u201d. Me k\u00ebt\u00eb m\u00ebnyr\u00eb t\u00eb internetit falas \u00ebsht\u00eb mund\u00ebsuar \u201esurfim\u201d falas p\u00ebr telefona, tabelet dhe kompjutor duke i`u faleminderuar komun\u00ebs s\u00eb Preshev\u00ebs dhe \u201eTelenorin\u201d.","og_url":"https:\/\/kt.gov.rs\/sq\/presheva-ka-fituar-parkun-e-internetit\/","og_site_name":"Republika e S\u00ebrbis\u00eb Trupi Koordinues p\u00ebr komunat Bujanoc, Preshev\u00eb dhe Medvegj\u00eb","article_publisher":"https:\/\/www.facebook.com\/SluzbaKoordinacionogTelaVladeRepublikeSrbije","article_published_time":"2014-07-16T00:00:00+00:00","article_modified_time":"2024-07-30T20:10:59+00:00","og_image":[{"width":315,"height":213,"url":"https:\/\/kt.gov.rs\/wp-content\/uploads\/2024\/07\/news_pic10090-5.jpg","type":"image\/jpeg"}],"author":"ktmin","twitter_card":"summary_large_image","twitter_creator":"@kt_gov","twitter_site":"@kt_gov","twitter_misc":{"Written by":"ktmin","Est. reading time":"1 minute"},"schema":{"@context":"https:\/\/schema.org","@graph":[{"@type":"Article","@id":"https:\/\/kt.gov.rs\/sq\/presheva-ka-fituar-parkun-e-internetit\/#article","isPartOf":{"@id":"https:\/\/kt.gov.rs\/sq\/presheva-ka-fituar-parkun-e-internetit\/"},"author":{"name":"ktmin","@id":"https:\/\/kt.gov.rs\/#\/schema\/person\/e426459ddb4173309103390602694571"},"headline":"PRESHEVA KA FITUAR PARKUN E INTERNETIT","datePublished":"2014-07-16T00:00:00+00:00","dateModified":"2024-07-30T20:10:59+00:00","mainEntityOfPage":{"@id":"https:\/\/kt.gov.rs\/sq\/presheva-ka-fituar-parkun-e-internetit\/"},"wordCount":250,"publisher":{"@id":"https:\/\/kt.gov.rs\/#organization"},"image":{"@id":"https:\/\/kt.gov.rs\/sq\/presheva-ka-fituar-parkun-e-internetit\/#primaryimage"},"thumbnailUrl":"https:\/\/kt.gov.rs\/wp-content\/uploads\/2024\/07\/news_pic10090-5.jpg","articleSection":["Lajme"],"inLanguage":"sq-AL"},{"@type":"WebPage","@id":"https:\/\/kt.gov.rs\/sq\/presheva-ka-fituar-parkun-e-internetit\/","url":"https:\/\/kt.gov.rs\/sq\/presheva-ka-fituar-parkun-e-internetit\/","name":"PRESHEVA KA FITUAR PARKUN E INTERNETIT - Republika e S\u00ebrbis\u00eb Trupi Koordinues p\u00ebr komunat Bujanoc, Preshev\u00eb dhe Medvegj\u00eb","isPartOf":{"@id":"https:\/\/kt.gov.rs\/#website"},"primaryImageOfPage":{"@id":"https:\/\/kt.gov.rs\/sq\/presheva-ka-fituar-parkun-e-internetit\/#primaryimage"},"image":{"@id":"https:\/\/kt.gov.rs\/sq\/presheva-ka-fituar-parkun-e-internetit\/#primaryimage"},"thumbnailUrl":"https:\/\/kt.gov.rs\/wp-content\/uploads\/2024\/07\/news_pic10090-5.jpg","datePublished":"2014-07-16T00:00:00+00:00","dateModified":"2024-07-30T20:10:59+00:00","breadcrumb":{"@id":"https:\/\/kt.gov.rs\/sq\/presheva-ka-fituar-parkun-e-internetit\/#breadcrumb"},"inLanguage":"sq-AL","potentialAction":[{"@type":"ReadAction","target":["https:\/\/kt.gov.rs\/sq\/presheva-ka-fituar-parkun-e-internetit\/"]}]},{"@type":"ImageObject","inLanguage":"sq-AL","@id":"https:\/\/kt.gov.rs\/sq\/presheva-ka-fituar-parkun-e-internetit\/#primaryimage","url":"https:\/\/kt.gov.rs\/wp-content\/uploads\/2024\/07\/news_pic10090-5.jpg","contentUrl":"https:\/\/kt.gov.rs\/wp-content\/uploads\/2024\/07\/news_pic10090-5.jpg","width":315,"height":213},{"@type":"BreadcrumbList","@id":"https:\/\/kt.gov.rs\/sq\/presheva-ka-fituar-parkun-e-internetit\/#breadcrumb","itemListElement":[{"@type":"ListItem","position":1,"name":"Po\u010detna","item":"https:\/\/kt.gov.rs\/sq\/"},{"@type":"ListItem","position":2,"name":"PRESHEVA KA FITUAR PARKUN E INTERNETIT"}]},{"@type":"WebSite","@id":"https:\/\/kt.gov.rs\/#website","url":"https:\/\/kt.gov.rs\/","name":"Koordinaciono telo Vlade Republike Srbije za op\u0161tine Pre\u0161evo, Bujanovac i Medve\u0111a","description":"","publisher":{"@id":"https:\/\/kt.gov.rs\/#organization"},"alternateName":"Koordinaciono telo","potentialAction":[{"@type":"SearchAction","target":{"@type":"EntryPoint","urlTemplate":"https:\/\/kt.gov.rs\/?s={search_term_string}"},"query-input":{"@type":"PropertyValueSpecification","valueRequired":true,"valueName":"search_term_string"}}],"inLanguage":"sq-AL"},{"@type":"Organization","@id":"https:\/\/kt.gov.rs\/#organization","name":"Koordinaciono telo Vlade Republike Srbije za op\u0161tine Pre\u0161evo, Bujanovac i Medve\u0111a","alternateName":"Koordinaciono telo","url":"https:\/\/kt.gov.rs\/","logo":{"@type":"ImageObject","inLanguage":"sq-AL","@id":"https:\/\/kt.gov.rs\/#\/schema\/logo\/image\/","url":"https:\/\/kt.gov.rs\/wp-content\/uploads\/2024\/12\/koord2.jpg","contentUrl":"https:\/\/kt.gov.rs\/wp-content\/uploads\/2024\/12\/koord2.jpg","width":640,"height":480,"caption":"Koordinaciono telo Vlade Republike Srbije za op\u0161tine Pre\u0161evo, Bujanovac i Medve\u0111a"},"image":{"@id":"https:\/\/kt.gov.rs\/#\/schema\/logo\/image\/"},"sameAs":["https:\/\/www.facebook.com\/SluzbaKoordinacionogTelaVladeRepublikeSrbije","https:\/\/x.com\/kt_gov","https:\/\/www.youtube.com\/@koordinacionotelo"]},{"@type":"Person","@id":"https:\/\/kt.gov.rs\/#\/schema\/person\/e426459ddb4173309103390602694571","name":"ktmin","image":{"@type":"ImageObject","inLanguage":"sq-AL","@id":"https:\/\/secure.gravatar.com\/avatar\/3985c961109853010c3fbc7ba30365bfba5db3dd6c525831d9c595c7525a615a?s=96&d=mm&r=g","url":"https:\/\/secure.gravatar.com\/avatar\/3985c961109853010c3fbc7ba30365bfba5db3dd6c525831d9c595c7525a615a?s=96&d=mm&r=g","contentUrl":"https:\/\/secure.gravatar.com\/avatar\/3985c961109853010c3fbc7ba30365bfba5db3dd6c525831d9c595c7525a615a?s=96&d=mm&r=g","caption":"ktmin"},"sameAs":["https:\/\/kt.gov.rs"],"url":"https:\/\/kt.gov.rs\/sq\/author\/ktmin\/"}]}},"_links":{"self":[{"href":"https:\/\/kt.gov.rs\/sq\/wp-json\/wp\/v2\/posts\/138291","targetHints":{"allow":["GET"]}}],"collection":[{"href":"https:\/\/kt.gov.rs\/sq\/wp-json\/wp\/v2\/posts"}],"about":[{"href":"https:\/\/kt.gov.rs\/sq\/wp-json\/wp\/v2\/types\/post"}],"author":[{"embeddable":true,"href":"https:\/\/kt.gov.rs\/sq\/wp-json\/wp\/v2\/users\/1"}],"replies":[{"embeddable":true,"href":"https:\/\/kt.gov.rs\/sq\/wp-json\/wp\/v2\/comments?post=138291"}],"version-history":[{"count":1,"href":"https:\/\/kt.gov.rs\/sq\/wp-json\/wp\/v2\/posts\/138291\/revisions"}],"predecessor-version":[{"id":138295,"href":"https:\/\/kt.gov.rs\/sq\/wp-json\/wp\/v2\/posts\/138291\/revisions\/138295"}],"wp:featuredmedia":[{"embeddable":true,"href":"https:\/\/kt.gov.rs\/sq\/wp-json\/wp\/v2\/media\/138296"}],"wp:attachment":[{"href":"https:\/\/kt.gov.rs\/sq\/wp-json\/wp\/v2\/media?parent=138291"}],"wp:term":[{"taxonomy":"category","embeddable":true,"href":"https:\/\/kt.gov.rs\/sq\/wp-json\/wp\/v2\/categories?post=138291"},{"taxonomy":"post_tag","embeddable":true,"href":"https:\/\/kt.gov.rs\/sq\/wp-json\/wp\/v2\/tags?post=138291"}],"curies":[{"name":"wp","href":"https:\/\/api.w.org\/{rel}","templated":true}]}}