{"id":136945,"date":"2014-11-27T00:00:00","date_gmt":"2014-11-27T00:00:00","guid":{"rendered":"http:\/\/kt.printandscreen.rs\/per-luften-konkrete-kunder-trafikimit-te-duhanit\/"},"modified":"2024-07-30T19:39:06","modified_gmt":"2024-07-30T19:39:06","slug":"per-luften-konkrete-kunder-trafikimit-te-duhanit","status":"publish","type":"post","link":"https:\/\/kt.gov.rs\/sq\/per-luften-konkrete-kunder-trafikimit-te-duhanit\/","title":{"rendered":"P\u00cbR LUFT\u00cbN KONKRETE KUND\u00cbR TRAFIKIMIT T\u00cb DUHANIT"},"content":{"rendered":"<p>\n\t<strong><img decoding=\"async\" alt=\"\" src=\"https:\/\/kt.gov.rs\/wp-content\/uploads\/2024\/07\/1417086520_news_pic101392-4.jpg\" style=\"width: 315px; height: 210px; float: left;\" \/><\/strong><\/p>\n<p>\n\t<strong>Beograd, Vranje \u2013<\/strong>\u00a0P\u00ebr q\u00ebllim t\u00eb zhdukjen e treg\u00ebtis\u00eb ilegale t\u00eb prodhimeve t\u00eb duhanit, kompania British Amerikan Tobako (BAT), n\u00eb fabrik\u00ebn e vet n\u00eb Vranj\u00eb ka organizuar trajnimin p\u00ebr zyrtar\u00ebt t\u00eb cil\u00ebve veprimtaria e tyre i p\u00ebrket luft\u00ebs kund\u00ebr treg\u00ebtis\u00eb t\u00eb prodhimeve t\u00eb tilla. Pjes\u00ebtar\u00ebt e administrat\u00ebs doganore dhe tatimore, si dhe agjensionet informative t\u00eb vendeve n\u00eb rajon, kan\u00eb marr\u00eb pjes\u00eb n\u00eb ligjeratat, ushtrimeve demostrative dhe aktivisht kan\u00eb marr\u00eb pjes\u00eb n\u00eb pun\u00ebtorit\u00eb n\u00eb t\u00eb cilat kompania ka ftuar ekspert\u00ebt eminent\u00eb n\u00eb k\u00ebt\u00eb fush\u00eb nga i gjith\u00eb rajoni, thuhet n\u00eb komunikat\u00ebn e k\u00ebsaj kompanie.<\/p>\n<p>\n\tP\u00ebrgjat trajnimit dyditor, mysafir\u00ebt dhe nikoqir\u00ebt kan\u00eb diskutuar rreth m\u00ebnyrave m\u00eb efikase n\u00eb luft\u00ebn kund\u00ebr treg\u00ebtis\u00eb ilegale n\u00eb rajon, nd\u00ebrsa p\u00ebrshkak t\u00eb k\u00ebsaj preken t\u00eb ardhurat e vendeve n\u00eb rajon. N\u00eb mesin e temave kryesore kan\u00eb qen\u00eb edhe zhvillii i bashk\u00ebpunimit operativ rajonal, lidhja dhe shk\u00ebmbimi i informacioneve, si dhe v\u00ebzhgimi i p\u00ebrbashk\u00ebt i trendeve t\u00eb tregut t\u00eb duhanit. T\u00eb gjith\u00eb t\u00eb pranishmit kan\u00eb qen\u00eb t\u00eb njoftuar me m\u00ebnyrat e zbulimit t\u00eb prodhimeve t\u00eb falsifikuara t\u00eb duhanit, si dhe me vet procesin e prodhimit t\u00eb prodhimeve t\u00eb duhanit, etiketimin e tij, vendosjen e banderolave t\u00eb sigurta dhe sigurimin e paketimit.<\/p>\n<p>\n\t\u201eQ\u00ebllimi i trajnimit ka qen\u00eb ofrimi i diturive praktike t\u00eb organeve shtet\u00ebrore kompetente n\u00eb rajon dhe n\u00eb luft\u00ebn kund\u00ebr fenomenit prej t\u00eb cilit buxhetet e shteteve t\u00eb Ballkanit humbin qindra miliona euro n\u00eb vit\u201c, ka th\u00ebn\u00eb Goran Millikiq, udh\u00ebheq\u00ebs p\u00ebr siguri p\u00ebr rajonin e Adriatikut n\u00eb kompanine BAT.<\/p>\n<p>\n\tPjes\u00ebmarr\u00ebsve t\u00eb seminarit p\u00ebrvojat e veta nga kjo fush\u00eb i kan\u00eb dh\u00ebn\u00eb ekspert\u00ebt t\u00eb njohur bot\u00ebror nga fusha e industris\u00eb s\u00eb duhanit.<\/p>\n<p>\n\tN\u00eb Republik\u00ebn e Serbis\u00eb m\u00eb s\u00eb shumti duhani kontrabandohet nga Kosova dhe Metohia.\u00a0<strong>Nga fillimi i vitit, pjes\u00ebtar\u00ebt e policis\u00eb n\u00eb Vranj\u00eb, n\u00eb disa aksione t\u00eb organizuara n\u00eb territorin e Bujanocit dhe Preshev\u00ebs konfiskuar qindra kilogram t\u00eb duhanit t\u00eb pap\u00ebrpunuar, si dhe makinat p\u00ebr p\u00ebrpunimin e tij.<\/strong>\u00a0Duhan i transportuar nga Kosova dhe Metohia ka synim ka pasur p\u00ebr Serbin\u00eb juglindore, ku \u00e7mimi i tij sillet n\u00eb mes t\u00eb 1.200 dhe 2.000 dinar\u00ebve.\u00a0<\/p>\n<p>\n\t<strong>Burimi: Danas dhe Trupi Koordinues<\/strong><\/p>\n","protected":false},"excerpt":{"rendered":"<p>Beograd, Vranje \u2013 P\u00ebr q\u00ebllim t\u00eb zhdukjen e treg\u00ebtis\u00eb ilegale t\u00eb prodhimeve t\u00eb duhanit, kompania British Amerikan Tobako (BAT), n\u00eb fabrik\u00ebn e vet n\u00eb Vranj\u00eb ka organizuar trajnimin p\u00ebr zyrtar\u00ebt t\u00eb cil\u00ebve veprimtaria e tyre i p\u00ebrket luft\u00ebs kund\u00ebr treg\u00ebtis\u00eb t\u00eb prodhimeve t\u00eb tilla. Pjes\u00ebtar\u00ebt e administrat\u00ebs doganore dhe tatimore, si dhe agjensionet informative t\u00eb vendeve n\u00eb rajon, kan\u00eb marr\u00eb pjes\u00eb n\u00eb ligjeratat, ushtrimeve demostrative dhe aktivisht kan\u00eb marr\u00eb pjes\u00eb n\u00eb pun\u00ebtorit\u00eb n\u00eb t\u00eb cilat kompania ka ftuar ekspert\u00ebt eminent\u00eb n\u00eb k\u00ebt\u00eb fush\u00eb nga i gjith\u00eb rajoni, thuhet n\u00eb komunikat\u00ebn e k\u00ebsaj kompanie.<\/p>\n","protected":false},"author":1,"featured_media":136950,"comment_status":"closed","ping_status":"closed","sticky":false,"template":"","format":"standard","meta":{"footnotes":""},"categories":[55],"tags":[],"class_list":["post-136945","post","type-post","status-publish","format-standard","has-post-thumbnail","hentry","category-lajme"],"yoast_head":"<!-- This site is optimized with the Yoast SEO plugin v27.5 - https:\/\/yoast.com\/product\/yoast-seo-wordpress\/ -->\n<title>P\u00cbR LUFT\u00cbN KONKRETE KUND\u00cbR TRAFIKIMIT T\u00cb DUHANIT - Republika e S\u00ebrbis\u00eb Trupi Koordinues p\u00ebr komunat Bujanoc, Preshev\u00eb dhe Medvegj\u00eb<\/title>\n<meta name=\"robots\" content=\"index, follow, max-snippet:-1, max-image-preview:large, max-video-preview:-1\" \/>\n<link rel=\"canonical\" href=\"https:\/\/kt.gov.rs\/sq\/per-luften-konkrete-kunder-trafikimit-te-duhanit\/\" \/>\n<meta property=\"og:locale\" content=\"sq_AL\" \/>\n<meta property=\"og:type\" content=\"article\" \/>\n<meta property=\"og:title\" content=\"P\u00cbR LUFT\u00cbN KONKRETE KUND\u00cbR TRAFIKIMIT T\u00cb DUHANIT - Republika e S\u00ebrbis\u00eb Trupi Koordinues p\u00ebr komunat Bujanoc, Preshev\u00eb dhe Medvegj\u00eb\" \/>\n<meta property=\"og:description\" content=\"Beograd, Vranje \u2013 P\u00ebr q\u00ebllim t\u00eb zhdukjen e treg\u00ebtis\u00eb ilegale t\u00eb prodhimeve t\u00eb duhanit, kompania British Amerikan Tobako (BAT), n\u00eb fabrik\u00ebn e vet n\u00eb Vranj\u00eb ka organizuar trajnimin p\u00ebr zyrtar\u00ebt t\u00eb cil\u00ebve veprimtaria e tyre i p\u00ebrket luft\u00ebs kund\u00ebr treg\u00ebtis\u00eb t\u00eb prodhimeve t\u00eb tilla. Pjes\u00ebtar\u00ebt e administrat\u00ebs doganore dhe tatimore, si dhe agjensionet informative t\u00eb vendeve n\u00eb rajon, kan\u00eb marr\u00eb pjes\u00eb n\u00eb ligjeratat, ushtrimeve demostrative dhe aktivisht kan\u00eb marr\u00eb pjes\u00eb n\u00eb pun\u00ebtorit\u00eb n\u00eb t\u00eb cilat kompania ka ftuar ekspert\u00ebt eminent\u00eb n\u00eb k\u00ebt\u00eb fush\u00eb nga i gjith\u00eb rajoni, thuhet n\u00eb komunikat\u00ebn e k\u00ebsaj kompanie.\" \/>\n<meta property=\"og:url\" content=\"https:\/\/kt.gov.rs\/sq\/per-luften-konkrete-kunder-trafikimit-te-duhanit\/\" \/>\n<meta property=\"og:site_name\" content=\"Republika e S\u00ebrbis\u00eb Trupi Koordinues p\u00ebr komunat Bujanoc, Preshev\u00eb dhe Medvegj\u00eb\" \/>\n<meta property=\"article:publisher\" content=\"https:\/\/www.facebook.com\/SluzbaKoordinacionogTelaVladeRepublikeSrbije\" \/>\n<meta property=\"article:published_time\" content=\"2014-11-27T00:00:00+00:00\" \/>\n<meta property=\"article:modified_time\" content=\"2024-07-30T19:39:06+00:00\" \/>\n<meta property=\"og:image\" content=\"https:\/\/kt.gov.rs\/wp-content\/uploads\/2024\/07\/1417086520_news_pic101392-5.jpg\" \/>\n\t<meta property=\"og:image:width\" content=\"315\" \/>\n\t<meta property=\"og:image:height\" content=\"210\" \/>\n\t<meta property=\"og:image:type\" content=\"image\/jpeg\" \/>\n<meta name=\"author\" content=\"ktmin\" \/>\n<meta name=\"twitter:card\" content=\"summary_large_image\" \/>\n<meta name=\"twitter:creator\" content=\"@kt_gov\" \/>\n<meta name=\"twitter:site\" content=\"@kt_gov\" \/>\n<meta name=\"twitter:label1\" content=\"Written by\" \/>\n\t<meta name=\"twitter:data1\" content=\"ktmin\" \/>\n\t<meta name=\"twitter:label2\" content=\"Est. reading time\" \/>\n\t<meta name=\"twitter:data2\" content=\"3 minutes\" \/>\n<script type=\"application\/ld+json\" class=\"yoast-schema-graph\">{\"@context\":\"https:\\\/\\\/schema.org\",\"@graph\":[{\"@type\":\"Article\",\"@id\":\"https:\\\/\\\/kt.gov.rs\\\/sq\\\/per-luften-konkrete-kunder-trafikimit-te-duhanit\\\/#article\",\"isPartOf\":{\"@id\":\"https:\\\/\\\/kt.gov.rs\\\/sq\\\/per-luften-konkrete-kunder-trafikimit-te-duhanit\\\/\"},\"author\":{\"name\":\"ktmin\",\"@id\":\"https:\\\/\\\/kt.gov.rs\\\/#\\\/schema\\\/person\\\/e426459ddb4173309103390602694571\"},\"headline\":\"P\u00cbR LUFT\u00cbN KONKRETE KUND\u00cbR TRAFIKIMIT T\u00cb DUHANIT\",\"datePublished\":\"2014-11-27T00:00:00+00:00\",\"dateModified\":\"2024-07-30T19:39:06+00:00\",\"mainEntityOfPage\":{\"@id\":\"https:\\\/\\\/kt.gov.rs\\\/sq\\\/per-luften-konkrete-kunder-trafikimit-te-duhanit\\\/\"},\"wordCount\":560,\"publisher\":{\"@id\":\"https:\\\/\\\/kt.gov.rs\\\/#organization\"},\"image\":{\"@id\":\"https:\\\/\\\/kt.gov.rs\\\/sq\\\/per-luften-konkrete-kunder-trafikimit-te-duhanit\\\/#primaryimage\"},\"thumbnailUrl\":\"https:\\\/\\\/kt.gov.rs\\\/wp-content\\\/uploads\\\/2024\\\/07\\\/1417086520_news_pic101392-5.jpg\",\"articleSection\":[\"Lajme\"],\"inLanguage\":\"sq-AL\"},{\"@type\":\"WebPage\",\"@id\":\"https:\\\/\\\/kt.gov.rs\\\/sq\\\/per-luften-konkrete-kunder-trafikimit-te-duhanit\\\/\",\"url\":\"https:\\\/\\\/kt.gov.rs\\\/sq\\\/per-luften-konkrete-kunder-trafikimit-te-duhanit\\\/\",\"name\":\"P\u00cbR LUFT\u00cbN KONKRETE KUND\u00cbR TRAFIKIMIT T\u00cb DUHANIT - Republika e S\u00ebrbis\u00eb Trupi Koordinues p\u00ebr komunat Bujanoc, Preshev\u00eb dhe Medvegj\u00eb\",\"isPartOf\":{\"@id\":\"https:\\\/\\\/kt.gov.rs\\\/#website\"},\"primaryImageOfPage\":{\"@id\":\"https:\\\/\\\/kt.gov.rs\\\/sq\\\/per-luften-konkrete-kunder-trafikimit-te-duhanit\\\/#primaryimage\"},\"image\":{\"@id\":\"https:\\\/\\\/kt.gov.rs\\\/sq\\\/per-luften-konkrete-kunder-trafikimit-te-duhanit\\\/#primaryimage\"},\"thumbnailUrl\":\"https:\\\/\\\/kt.gov.rs\\\/wp-content\\\/uploads\\\/2024\\\/07\\\/1417086520_news_pic101392-5.jpg\",\"datePublished\":\"2014-11-27T00:00:00+00:00\",\"dateModified\":\"2024-07-30T19:39:06+00:00\",\"breadcrumb\":{\"@id\":\"https:\\\/\\\/kt.gov.rs\\\/sq\\\/per-luften-konkrete-kunder-trafikimit-te-duhanit\\\/#breadcrumb\"},\"inLanguage\":\"sq-AL\",\"potentialAction\":[{\"@type\":\"ReadAction\",\"target\":[\"https:\\\/\\\/kt.gov.rs\\\/sq\\\/per-luften-konkrete-kunder-trafikimit-te-duhanit\\\/\"]}]},{\"@type\":\"ImageObject\",\"inLanguage\":\"sq-AL\",\"@id\":\"https:\\\/\\\/kt.gov.rs\\\/sq\\\/per-luften-konkrete-kunder-trafikimit-te-duhanit\\\/#primaryimage\",\"url\":\"https:\\\/\\\/kt.gov.rs\\\/wp-content\\\/uploads\\\/2024\\\/07\\\/1417086520_news_pic101392-5.jpg\",\"contentUrl\":\"https:\\\/\\\/kt.gov.rs\\\/wp-content\\\/uploads\\\/2024\\\/07\\\/1417086520_news_pic101392-5.jpg\",\"width\":315,\"height\":210},{\"@type\":\"BreadcrumbList\",\"@id\":\"https:\\\/\\\/kt.gov.rs\\\/sq\\\/per-luften-konkrete-kunder-trafikimit-te-duhanit\\\/#breadcrumb\",\"itemListElement\":[{\"@type\":\"ListItem\",\"position\":1,\"name\":\"\u041f\u043e\u0447\u0435\u0442\u043d\u0430\",\"item\":\"https:\\\/\\\/kt.gov.rs\\\/sq\\\/\"},{\"@type\":\"ListItem\",\"position\":2,\"name\":\"P\u00cbR LUFT\u00cbN KONKRETE KUND\u00cbR TRAFIKIMIT T\u00cb DUHANIT\"}]},{\"@type\":\"WebSite\",\"@id\":\"https:\\\/\\\/kt.gov.rs\\\/#website\",\"url\":\"https:\\\/\\\/kt.gov.rs\\\/\",\"name\":\"\u041a\u043e\u043e\u0440\u0434\u0438\u043d\u0430\u0446\u0438\u043e\u043d\u043e \u0442\u0435\u043b\u043e \u0412\u043b\u0430\u0434\u0435 \u0420\u0435\u043f\u0443\u0431\u043b\u0438\u043a\u0435 \u0421\u0440\u0431\u0438\u0458\u0435 \u0437\u0430 \u043e\u043f\u0448\u0442\u0438\u043d\u0435 \u041f\u0440\u0435\u0448\u0435\u0432\u043e, \u0411\u0443\u0458\u0430\u043d\u043e\u0432\u0430\u0446 \u0438 \u041c\u0435\u0434\u0432\u0435\u0452a\",\"description\":\"\",\"publisher\":{\"@id\":\"https:\\\/\\\/kt.gov.rs\\\/#organization\"},\"alternateName\":\"\u041a\u043e\u043e\u0440\u0434\u0438\u043d\u0430\u0446\u0438\u043e\u043d\u043e \u0442\u0435\u043b\u043e\",\"potentialAction\":[{\"@type\":\"SearchAction\",\"target\":{\"@type\":\"EntryPoint\",\"urlTemplate\":\"https:\\\/\\\/kt.gov.rs\\\/?s={search_term_string}\"},\"query-input\":{\"@type\":\"PropertyValueSpecification\",\"valueRequired\":true,\"valueName\":\"search_term_string\"}}],\"inLanguage\":\"sq-AL\"},{\"@type\":\"Organization\",\"@id\":\"https:\\\/\\\/kt.gov.rs\\\/#organization\",\"name\":\"\u041a\u043e\u043e\u0440\u0434\u0438\u043d\u0430\u0446\u0438\u043e\u043d\u043e \u0442\u0435\u043b\u043e \u0412\u043b\u0430\u0434\u0435 \u0420\u0435\u043f\u0443\u0431\u043b\u0438\u043a\u0435 \u0421\u0440\u0431\u0438\u0458\u0435 \u0437\u0430 \u043e\u043f\u0448\u0442\u0438\u043d\u0435 \u041f\u0440\u0435\u0448\u0435\u0432\u043e, \u0411\u0443\u0458\u0430\u043d\u043e\u0432\u0430\u0446 \u0438 \u041c\u0435\u0434\u0432\u0435\u0452a\",\"alternateName\":\"\u041a\u043e\u043e\u0440\u0434\u0438\u043d\u0430\u0446\u0438\u043e\u043d\u043e \u0442\u0435\u043b\u043e\",\"url\":\"https:\\\/\\\/kt.gov.rs\\\/\",\"logo\":{\"@type\":\"ImageObject\",\"inLanguage\":\"sq-AL\",\"@id\":\"https:\\\/\\\/kt.gov.rs\\\/#\\\/schema\\\/logo\\\/image\\\/\",\"url\":\"https:\\\/\\\/kt.gov.rs\\\/wp-content\\\/uploads\\\/2024\\\/12\\\/koord2.jpg\",\"contentUrl\":\"https:\\\/\\\/kt.gov.rs\\\/wp-content\\\/uploads\\\/2024\\\/12\\\/koord2.jpg\",\"width\":640,\"height\":480,\"caption\":\"\u041a\u043e\u043e\u0440\u0434\u0438\u043d\u0430\u0446\u0438\u043e\u043d\u043e \u0442\u0435\u043b\u043e \u0412\u043b\u0430\u0434\u0435 \u0420\u0435\u043f\u0443\u0431\u043b\u0438\u043a\u0435 \u0421\u0440\u0431\u0438\u0458\u0435 \u0437\u0430 \u043e\u043f\u0448\u0442\u0438\u043d\u0435 \u041f\u0440\u0435\u0448\u0435\u0432\u043e, \u0411\u0443\u0458\u0430\u043d\u043e\u0432\u0430\u0446 \u0438 \u041c\u0435\u0434\u0432\u0435\u0452a\"},\"image\":{\"@id\":\"https:\\\/\\\/kt.gov.rs\\\/#\\\/schema\\\/logo\\\/image\\\/\"},\"sameAs\":[\"https:\\\/\\\/www.facebook.com\\\/SluzbaKoordinacionogTelaVladeRepublikeSrbije\",\"https:\\\/\\\/x.com\\\/kt_gov\",\"https:\\\/\\\/www.youtube.com\\\/@koordinacionotelo\"]},{\"@type\":\"Person\",\"@id\":\"https:\\\/\\\/kt.gov.rs\\\/#\\\/schema\\\/person\\\/e426459ddb4173309103390602694571\",\"name\":\"ktmin\",\"image\":{\"@type\":\"ImageObject\",\"inLanguage\":\"sq-AL\",\"@id\":\"https:\\\/\\\/secure.gravatar.com\\\/avatar\\\/3985c961109853010c3fbc7ba30365bfba5db3dd6c525831d9c595c7525a615a?s=96&d=mm&r=g\",\"url\":\"https:\\\/\\\/secure.gravatar.com\\\/avatar\\\/3985c961109853010c3fbc7ba30365bfba5db3dd6c525831d9c595c7525a615a?s=96&d=mm&r=g\",\"contentUrl\":\"https:\\\/\\\/secure.gravatar.com\\\/avatar\\\/3985c961109853010c3fbc7ba30365bfba5db3dd6c525831d9c595c7525a615a?s=96&d=mm&r=g\",\"caption\":\"ktmin\"},\"sameAs\":[\"https:\\\/\\\/kt.gov.rs\"],\"url\":\"https:\\\/\\\/kt.gov.rs\\\/sq\\\/author\\\/ktmin\\\/\"}]}<\/script>\n<!-- \/ Yoast SEO plugin. -->","yoast_head_json":{"title":"P\u00cbR LUFT\u00cbN KONKRETE KUND\u00cbR TRAFIKIMIT T\u00cb DUHANIT - Republika e S\u00ebrbis\u00eb Trupi Koordinues p\u00ebr komunat Bujanoc, Preshev\u00eb dhe Medvegj\u00eb","robots":{"index":"index","follow":"follow","max-snippet":"max-snippet:-1","max-image-preview":"max-image-preview:large","max-video-preview":"max-video-preview:-1"},"canonical":"https:\/\/kt.gov.rs\/sq\/per-luften-konkrete-kunder-trafikimit-te-duhanit\/","og_locale":"sq_AL","og_type":"article","og_title":"P\u00cbR LUFT\u00cbN KONKRETE KUND\u00cbR TRAFIKIMIT T\u00cb DUHANIT - Republika e S\u00ebrbis\u00eb Trupi Koordinues p\u00ebr komunat Bujanoc, Preshev\u00eb dhe Medvegj\u00eb","og_description":"Beograd, Vranje \u2013 P\u00ebr q\u00ebllim t\u00eb zhdukjen e treg\u00ebtis\u00eb ilegale t\u00eb prodhimeve t\u00eb duhanit, kompania British Amerikan Tobako (BAT), n\u00eb fabrik\u00ebn e vet n\u00eb Vranj\u00eb ka organizuar trajnimin p\u00ebr zyrtar\u00ebt t\u00eb cil\u00ebve veprimtaria e tyre i p\u00ebrket luft\u00ebs kund\u00ebr treg\u00ebtis\u00eb t\u00eb prodhimeve t\u00eb tilla. Pjes\u00ebtar\u00ebt e administrat\u00ebs doganore dhe tatimore, si dhe agjensionet informative t\u00eb vendeve n\u00eb rajon, kan\u00eb marr\u00eb pjes\u00eb n\u00eb ligjeratat, ushtrimeve demostrative dhe aktivisht kan\u00eb marr\u00eb pjes\u00eb n\u00eb pun\u00ebtorit\u00eb n\u00eb t\u00eb cilat kompania ka ftuar ekspert\u00ebt eminent\u00eb n\u00eb k\u00ebt\u00eb fush\u00eb nga i gjith\u00eb rajoni, thuhet n\u00eb komunikat\u00ebn e k\u00ebsaj kompanie.","og_url":"https:\/\/kt.gov.rs\/sq\/per-luften-konkrete-kunder-trafikimit-te-duhanit\/","og_site_name":"Republika e S\u00ebrbis\u00eb Trupi Koordinues p\u00ebr komunat Bujanoc, Preshev\u00eb dhe Medvegj\u00eb","article_publisher":"https:\/\/www.facebook.com\/SluzbaKoordinacionogTelaVladeRepublikeSrbije","article_published_time":"2014-11-27T00:00:00+00:00","article_modified_time":"2024-07-30T19:39:06+00:00","og_image":[{"width":315,"height":210,"url":"https:\/\/kt.gov.rs\/wp-content\/uploads\/2024\/07\/1417086520_news_pic101392-5.jpg","type":"image\/jpeg"}],"author":"ktmin","twitter_card":"summary_large_image","twitter_creator":"@kt_gov","twitter_site":"@kt_gov","twitter_misc":{"Written by":"ktmin","Est. reading time":"3 minutes"},"schema":{"@context":"https:\/\/schema.org","@graph":[{"@type":"Article","@id":"https:\/\/kt.gov.rs\/sq\/per-luften-konkrete-kunder-trafikimit-te-duhanit\/#article","isPartOf":{"@id":"https:\/\/kt.gov.rs\/sq\/per-luften-konkrete-kunder-trafikimit-te-duhanit\/"},"author":{"name":"ktmin","@id":"https:\/\/kt.gov.rs\/#\/schema\/person\/e426459ddb4173309103390602694571"},"headline":"P\u00cbR LUFT\u00cbN KONKRETE KUND\u00cbR TRAFIKIMIT T\u00cb DUHANIT","datePublished":"2014-11-27T00:00:00+00:00","dateModified":"2024-07-30T19:39:06+00:00","mainEntityOfPage":{"@id":"https:\/\/kt.gov.rs\/sq\/per-luften-konkrete-kunder-trafikimit-te-duhanit\/"},"wordCount":560,"publisher":{"@id":"https:\/\/kt.gov.rs\/#organization"},"image":{"@id":"https:\/\/kt.gov.rs\/sq\/per-luften-konkrete-kunder-trafikimit-te-duhanit\/#primaryimage"},"thumbnailUrl":"https:\/\/kt.gov.rs\/wp-content\/uploads\/2024\/07\/1417086520_news_pic101392-5.jpg","articleSection":["Lajme"],"inLanguage":"sq-AL"},{"@type":"WebPage","@id":"https:\/\/kt.gov.rs\/sq\/per-luften-konkrete-kunder-trafikimit-te-duhanit\/","url":"https:\/\/kt.gov.rs\/sq\/per-luften-konkrete-kunder-trafikimit-te-duhanit\/","name":"P\u00cbR LUFT\u00cbN KONKRETE KUND\u00cbR TRAFIKIMIT T\u00cb DUHANIT - Republika e S\u00ebrbis\u00eb Trupi Koordinues p\u00ebr komunat Bujanoc, Preshev\u00eb dhe Medvegj\u00eb","isPartOf":{"@id":"https:\/\/kt.gov.rs\/#website"},"primaryImageOfPage":{"@id":"https:\/\/kt.gov.rs\/sq\/per-luften-konkrete-kunder-trafikimit-te-duhanit\/#primaryimage"},"image":{"@id":"https:\/\/kt.gov.rs\/sq\/per-luften-konkrete-kunder-trafikimit-te-duhanit\/#primaryimage"},"thumbnailUrl":"https:\/\/kt.gov.rs\/wp-content\/uploads\/2024\/07\/1417086520_news_pic101392-5.jpg","datePublished":"2014-11-27T00:00:00+00:00","dateModified":"2024-07-30T19:39:06+00:00","breadcrumb":{"@id":"https:\/\/kt.gov.rs\/sq\/per-luften-konkrete-kunder-trafikimit-te-duhanit\/#breadcrumb"},"inLanguage":"sq-AL","potentialAction":[{"@type":"ReadAction","target":["https:\/\/kt.gov.rs\/sq\/per-luften-konkrete-kunder-trafikimit-te-duhanit\/"]}]},{"@type":"ImageObject","inLanguage":"sq-AL","@id":"https:\/\/kt.gov.rs\/sq\/per-luften-konkrete-kunder-trafikimit-te-duhanit\/#primaryimage","url":"https:\/\/kt.gov.rs\/wp-content\/uploads\/2024\/07\/1417086520_news_pic101392-5.jpg","contentUrl":"https:\/\/kt.gov.rs\/wp-content\/uploads\/2024\/07\/1417086520_news_pic101392-5.jpg","width":315,"height":210},{"@type":"BreadcrumbList","@id":"https:\/\/kt.gov.rs\/sq\/per-luften-konkrete-kunder-trafikimit-te-duhanit\/#breadcrumb","itemListElement":[{"@type":"ListItem","position":1,"name":"\u041f\u043e\u0447\u0435\u0442\u043d\u0430","item":"https:\/\/kt.gov.rs\/sq\/"},{"@type":"ListItem","position":2,"name":"P\u00cbR LUFT\u00cbN KONKRETE KUND\u00cbR TRAFIKIMIT T\u00cb DUHANIT"}]},{"@type":"WebSite","@id":"https:\/\/kt.gov.rs\/#website","url":"https:\/\/kt.gov.rs\/","name":"\u041a\u043e\u043e\u0440\u0434\u0438\u043d\u0430\u0446\u0438\u043e\u043d\u043e \u0442\u0435\u043b\u043e \u0412\u043b\u0430\u0434\u0435 \u0420\u0435\u043f\u0443\u0431\u043b\u0438\u043a\u0435 \u0421\u0440\u0431\u0438\u0458\u0435 \u0437\u0430 \u043e\u043f\u0448\u0442\u0438\u043d\u0435 \u041f\u0440\u0435\u0448\u0435\u0432\u043e, \u0411\u0443\u0458\u0430\u043d\u043e\u0432\u0430\u0446 \u0438 \u041c\u0435\u0434\u0432\u0435\u0452a","description":"","publisher":{"@id":"https:\/\/kt.gov.rs\/#organization"},"alternateName":"\u041a\u043e\u043e\u0440\u0434\u0438\u043d\u0430\u0446\u0438\u043e\u043d\u043e \u0442\u0435\u043b\u043e","potentialAction":[{"@type":"SearchAction","target":{"@type":"EntryPoint","urlTemplate":"https:\/\/kt.gov.rs\/?s={search_term_string}"},"query-input":{"@type":"PropertyValueSpecification","valueRequired":true,"valueName":"search_term_string"}}],"inLanguage":"sq-AL"},{"@type":"Organization","@id":"https:\/\/kt.gov.rs\/#organization","name":"\u041a\u043e\u043e\u0440\u0434\u0438\u043d\u0430\u0446\u0438\u043e\u043d\u043e \u0442\u0435\u043b\u043e \u0412\u043b\u0430\u0434\u0435 \u0420\u0435\u043f\u0443\u0431\u043b\u0438\u043a\u0435 \u0421\u0440\u0431\u0438\u0458\u0435 \u0437\u0430 \u043e\u043f\u0448\u0442\u0438\u043d\u0435 \u041f\u0440\u0435\u0448\u0435\u0432\u043e, \u0411\u0443\u0458\u0430\u043d\u043e\u0432\u0430\u0446 \u0438 \u041c\u0435\u0434\u0432\u0435\u0452a","alternateName":"\u041a\u043e\u043e\u0440\u0434\u0438\u043d\u0430\u0446\u0438\u043e\u043d\u043e \u0442\u0435\u043b\u043e","url":"https:\/\/kt.gov.rs\/","logo":{"@type":"ImageObject","inLanguage":"sq-AL","@id":"https:\/\/kt.gov.rs\/#\/schema\/logo\/image\/","url":"https:\/\/kt.gov.rs\/wp-content\/uploads\/2024\/12\/koord2.jpg","contentUrl":"https:\/\/kt.gov.rs\/wp-content\/uploads\/2024\/12\/koord2.jpg","width":640,"height":480,"caption":"\u041a\u043e\u043e\u0440\u0434\u0438\u043d\u0430\u0446\u0438\u043e\u043d\u043e \u0442\u0435\u043b\u043e \u0412\u043b\u0430\u0434\u0435 \u0420\u0435\u043f\u0443\u0431\u043b\u0438\u043a\u0435 \u0421\u0440\u0431\u0438\u0458\u0435 \u0437\u0430 \u043e\u043f\u0448\u0442\u0438\u043d\u0435 \u041f\u0440\u0435\u0448\u0435\u0432\u043e, \u0411\u0443\u0458\u0430\u043d\u043e\u0432\u0430\u0446 \u0438 \u041c\u0435\u0434\u0432\u0435\u0452a"},"image":{"@id":"https:\/\/kt.gov.rs\/#\/schema\/logo\/image\/"},"sameAs":["https:\/\/www.facebook.com\/SluzbaKoordinacionogTelaVladeRepublikeSrbije","https:\/\/x.com\/kt_gov","https:\/\/www.youtube.com\/@koordinacionotelo"]},{"@type":"Person","@id":"https:\/\/kt.gov.rs\/#\/schema\/person\/e426459ddb4173309103390602694571","name":"ktmin","image":{"@type":"ImageObject","inLanguage":"sq-AL","@id":"https:\/\/secure.gravatar.com\/avatar\/3985c961109853010c3fbc7ba30365bfba5db3dd6c525831d9c595c7525a615a?s=96&d=mm&r=g","url":"https:\/\/secure.gravatar.com\/avatar\/3985c961109853010c3fbc7ba30365bfba5db3dd6c525831d9c595c7525a615a?s=96&d=mm&r=g","contentUrl":"https:\/\/secure.gravatar.com\/avatar\/3985c961109853010c3fbc7ba30365bfba5db3dd6c525831d9c595c7525a615a?s=96&d=mm&r=g","caption":"ktmin"},"sameAs":["https:\/\/kt.gov.rs"],"url":"https:\/\/kt.gov.rs\/sq\/author\/ktmin\/"}]}},"_links":{"self":[{"href":"https:\/\/kt.gov.rs\/sq\/wp-json\/wp\/v2\/posts\/136945","targetHints":{"allow":["GET"]}}],"collection":[{"href":"https:\/\/kt.gov.rs\/sq\/wp-json\/wp\/v2\/posts"}],"about":[{"href":"https:\/\/kt.gov.rs\/sq\/wp-json\/wp\/v2\/types\/post"}],"author":[{"embeddable":true,"href":"https:\/\/kt.gov.rs\/sq\/wp-json\/wp\/v2\/users\/1"}],"replies":[{"embeddable":true,"href":"https:\/\/kt.gov.rs\/sq\/wp-json\/wp\/v2\/comments?post=136945"}],"version-history":[{"count":1,"href":"https:\/\/kt.gov.rs\/sq\/wp-json\/wp\/v2\/posts\/136945\/revisions"}],"predecessor-version":[{"id":136949,"href":"https:\/\/kt.gov.rs\/sq\/wp-json\/wp\/v2\/posts\/136945\/revisions\/136949"}],"wp:featuredmedia":[{"embeddable":true,"href":"https:\/\/kt.gov.rs\/sq\/wp-json\/wp\/v2\/media\/136950"}],"wp:attachment":[{"href":"https:\/\/kt.gov.rs\/sq\/wp-json\/wp\/v2\/media?parent=136945"}],"wp:term":[{"taxonomy":"category","embeddable":true,"href":"https:\/\/kt.gov.rs\/sq\/wp-json\/wp\/v2\/categories?post=136945"},{"taxonomy":"post_tag","embeddable":true,"href":"https:\/\/kt.gov.rs\/sq\/wp-json\/wp\/v2\/tags?post=136945"}],"curies":[{"name":"wp","href":"https:\/\/api.w.org\/{rel}","templated":true}]}}