{"id":136873,"date":"2014-12-01T00:00:00","date_gmt":"2014-12-01T00:00:00","guid":{"rendered":"http:\/\/kt.printandscreen.rs\/pagese-me-e-mire-e-rrymes-ne-rrethin-e-pcinjes\/"},"modified":"2024-07-30T19:38:59","modified_gmt":"2024-07-30T19:38:59","slug":"pagese-me-e-mire-e-rrymes-ne-rrethin-e-pcinjes","status":"publish","type":"post","link":"https:\/\/kt.gov.rs\/sq\/pagese-me-e-mire-e-rrymes-ne-rrethin-e-pcinjes\/","title":{"rendered":"PAGES\u00cb M\u00cb E MIR\u00cb E RRYMES N\u00cb RRETHIN E P\u00c7INJ\u00cbS"},"content":{"rendered":"<p>\n\t<img decoding=\"async\" alt=\"\" src=\"https:\/\/kt.gov.rs\/wp-content\/uploads\/2024\/07\/1417433802_news_pic101400-4.jpg\" style=\"width: 315px; height: 213px; float: left;\" \/><\/p>\n<p>\n\t\u00cbsht\u00eb rritur pagesa, jan\u00eb zvog\u00ebluar humbjet dhe \u00ebsht\u00eb ndaluar vjedhja e rrym\u00ebs \u2013 k\u00ebso lajme nuk kemi d\u00ebgjuar deri m\u00eb tani nga \u201eElektrodistribucioni\u201c, n\u00eb Vranj\u00eb. Vet\u00ebm n\u00eb fshatrat e Bujanocit dhe Preshev\u00ebs, deri para disa muajve \u00ebsht\u00eb zhdukur rreth dy t\u00eb treta e rrym\u00ebs s\u00eb tranferuar. Situata tash \u00ebsh\u00eb shum\u00eb m\u00eb e mir\u00eb, thon\u00eb personat kompetent.<\/p>\n<p>\n\tKontrollimet n\u00eb teren dhe vendosja e sht\u00ebpiz\u00ebs s\u00eb or\u00eb mat\u00ebsit p\u00ebr harxhim t\u00eb rrym\u00ebs kan\u00eb dh\u00ebn\u00eb rezulatet. Zvog\u00eblohet hymbjet n\u00eb elektro rrjetin n\u00eb rrethin e P\u00e7inj\u00ebs.<\/p>\n<p>\n\t\u201eEsht\u00eb tipike q\u00eb humbjet jan\u00eb m\u00eb t\u00eb m\u00ebdha n\u00eb Preshev\u00eb dhe Bujanoc, dhe n\u00eb k\u00ebto hapsira po punohet m\u00eb shum\u00eb q\u00eb t\u00eb zvoglohen humbjet\u201d, thot\u00eb Goran Nikoliq, drejtori i elektrodistribucionit n\u00eb Vranj\u00eb.<\/p>\n<p>\n\tBanor\u00ebt e Preshev\u00ebs dhe fshatrave n\u00eb rrethin thon\u00eb se rregullisht e paguajn rrym\u00ebn mir\u00ebpo edhe se i\u2019u \u00ebsht\u00eb gjendja ekonomike e v\u00ebshtir\u00eb.<\/p>\n<p>\n\t\u00cbsht\u00eb m\u00eb i vog\u00ebl numri i sulmeve ndaj pun\u00ebtor\u00ebve t\u00eb \u201eElektrodistribucionit\u201c. Incidentet ndodhin, mir\u00ebpo m\u00eb s\u00eb shpeshti verbalisht dhe shpejt zgjidhen.<\/p>\n<p>\n\t\u00a0\u201cEgzistojn\u00eb p\u00ebrjashtime, mir\u00ebpo edhe bashk\u00ebpunimi i mir\u00eb me policin\u00eb e Vranj\u00eb, prokurorin\u00eb dhe gjykat\u00ebn, ka arritur q\u00eb k\u00ebto raste t\u00eb incidenteve t\u00eb zgjidhen me ndihm\u00ebn e tyre\u201d, tha drejtori i elektrodistribucionit n\u00eb Vranj\u00eb.<\/p>\n<p>\n\tPagesa p\u00ebr rrym\u00eb \u00ebsht\u00eb m\u00eb e mir\u00eb, m\u00eb shum\u00eb 90% e banor\u00ebve paguajn\u00eb me rregull faturat p\u00ebr rrym\u00eb elektrike<\/p>\n<p>\n\t<strong>Burimi: RTS dhe Trupi Koordinues<\/strong><\/p>\n","protected":false},"excerpt":{"rendered":"<p>\u00cbsht\u00eb rritur pagesa, jan\u00eb zvog\u00ebluar humbjet dhe \u00ebsht\u00eb ndaluar vjedhja e rrym\u00ebs \u2013 k\u00ebso lajme nuk kemi d\u00ebgjuar deri m\u00eb tani nga \u201eElektrodistribucioni\u201c, n\u00eb Vranj\u00eb. Vet\u00ebm n\u00eb fshatrat e Bujanocit dhe Preshev\u00ebs, deri para disa muajve \u00ebsht\u00eb zhdukur rreth dy t\u00eb treta e rrym\u00ebs s\u00eb tranferuar. Situata tash \u00ebsh\u00eb shum\u00eb m\u00eb e mir\u00eb, thon\u00eb personat kompetent.<\/p>\n","protected":false},"author":1,"featured_media":136878,"comment_status":"closed","ping_status":"closed","sticky":false,"template":"","format":"standard","meta":{"footnotes":""},"categories":[55],"tags":[],"class_list":["post-136873","post","type-post","status-publish","format-standard","has-post-thumbnail","hentry","category-lajme"],"yoast_head":"<!-- This site is optimized with the Yoast SEO plugin v27.5 - https:\/\/yoast.com\/product\/yoast-seo-wordpress\/ -->\n<title>PAGES\u00cb M\u00cb E MIR\u00cb E RRYMES N\u00cb RRETHIN E P\u00c7INJ\u00cbS - Republika e S\u00ebrbis\u00eb Trupi Koordinues p\u00ebr komunat Bujanoc, Preshev\u00eb dhe Medvegj\u00eb<\/title>\n<meta name=\"robots\" content=\"index, follow, max-snippet:-1, max-image-preview:large, max-video-preview:-1\" \/>\n<link rel=\"canonical\" href=\"https:\/\/kt.gov.rs\/sq\/pagese-me-e-mire-e-rrymes-ne-rrethin-e-pcinjes\/\" \/>\n<meta property=\"og:locale\" content=\"sq_AL\" \/>\n<meta property=\"og:type\" content=\"article\" \/>\n<meta property=\"og:title\" content=\"PAGES\u00cb M\u00cb E MIR\u00cb E RRYMES N\u00cb RRETHIN E P\u00c7INJ\u00cbS - Republika e S\u00ebrbis\u00eb Trupi Koordinues p\u00ebr komunat Bujanoc, Preshev\u00eb dhe Medvegj\u00eb\" \/>\n<meta property=\"og:description\" content=\"\u00cbsht\u00eb rritur pagesa, jan\u00eb zvog\u00ebluar humbjet dhe \u00ebsht\u00eb ndaluar vjedhja e rrym\u00ebs \u2013 k\u00ebso lajme nuk kemi d\u00ebgjuar deri m\u00eb tani nga \u201eElektrodistribucioni\u201c, n\u00eb Vranj\u00eb. Vet\u00ebm n\u00eb fshatrat e Bujanocit dhe Preshev\u00ebs, deri para disa muajve \u00ebsht\u00eb zhdukur rreth dy t\u00eb treta e rrym\u00ebs s\u00eb tranferuar. Situata tash \u00ebsh\u00eb shum\u00eb m\u00eb e mir\u00eb, thon\u00eb personat kompetent.\" \/>\n<meta property=\"og:url\" content=\"https:\/\/kt.gov.rs\/sq\/pagese-me-e-mire-e-rrymes-ne-rrethin-e-pcinjes\/\" \/>\n<meta property=\"og:site_name\" content=\"Republika e S\u00ebrbis\u00eb Trupi Koordinues p\u00ebr komunat Bujanoc, Preshev\u00eb dhe Medvegj\u00eb\" \/>\n<meta property=\"article:publisher\" content=\"https:\/\/www.facebook.com\/SluzbaKoordinacionogTelaVladeRepublikeSrbije\" \/>\n<meta property=\"article:published_time\" content=\"2014-12-01T00:00:00+00:00\" \/>\n<meta property=\"article:modified_time\" content=\"2024-07-30T19:38:59+00:00\" \/>\n<meta property=\"og:image\" content=\"https:\/\/kt.gov.rs\/wp-content\/uploads\/2024\/07\/1417433802_news_pic101400-5.jpg\" \/>\n\t<meta property=\"og:image:width\" content=\"315\" \/>\n\t<meta property=\"og:image:height\" content=\"213\" \/>\n\t<meta property=\"og:image:type\" content=\"image\/jpeg\" \/>\n<meta name=\"author\" content=\"ktmin\" \/>\n<meta name=\"twitter:card\" content=\"summary_large_image\" \/>\n<meta name=\"twitter:creator\" content=\"@kt_gov\" \/>\n<meta name=\"twitter:site\" content=\"@kt_gov\" \/>\n<meta name=\"twitter:label1\" content=\"Written by\" \/>\n\t<meta name=\"twitter:data1\" content=\"ktmin\" \/>\n\t<meta name=\"twitter:label2\" content=\"Est. reading time\" \/>\n\t<meta name=\"twitter:data2\" content=\"2 minutes\" \/>\n<script type=\"application\/ld+json\" class=\"yoast-schema-graph\">{\"@context\":\"https:\\\/\\\/schema.org\",\"@graph\":[{\"@type\":\"Article\",\"@id\":\"https:\\\/\\\/kt.gov.rs\\\/sq\\\/pagese-me-e-mire-e-rrymes-ne-rrethin-e-pcinjes\\\/#article\",\"isPartOf\":{\"@id\":\"https:\\\/\\\/kt.gov.rs\\\/sq\\\/pagese-me-e-mire-e-rrymes-ne-rrethin-e-pcinjes\\\/\"},\"author\":{\"name\":\"ktmin\",\"@id\":\"https:\\\/\\\/kt.gov.rs\\\/#\\\/schema\\\/person\\\/e426459ddb4173309103390602694571\"},\"headline\":\"PAGES\u00cb M\u00cb E MIR\u00cb E RRYMES N\u00cb RRETHIN E P\u00c7INJ\u00cbS\",\"datePublished\":\"2014-12-01T00:00:00+00:00\",\"dateModified\":\"2024-07-30T19:38:59+00:00\",\"mainEntityOfPage\":{\"@id\":\"https:\\\/\\\/kt.gov.rs\\\/sq\\\/pagese-me-e-mire-e-rrymes-ne-rrethin-e-pcinjes\\\/\"},\"wordCount\":380,\"publisher\":{\"@id\":\"https:\\\/\\\/kt.gov.rs\\\/#organization\"},\"image\":{\"@id\":\"https:\\\/\\\/kt.gov.rs\\\/sq\\\/pagese-me-e-mire-e-rrymes-ne-rrethin-e-pcinjes\\\/#primaryimage\"},\"thumbnailUrl\":\"https:\\\/\\\/kt.gov.rs\\\/wp-content\\\/uploads\\\/2024\\\/07\\\/1417433802_news_pic101400-5.jpg\",\"articleSection\":[\"Lajme\"],\"inLanguage\":\"sq-AL\"},{\"@type\":\"WebPage\",\"@id\":\"https:\\\/\\\/kt.gov.rs\\\/sq\\\/pagese-me-e-mire-e-rrymes-ne-rrethin-e-pcinjes\\\/\",\"url\":\"https:\\\/\\\/kt.gov.rs\\\/sq\\\/pagese-me-e-mire-e-rrymes-ne-rrethin-e-pcinjes\\\/\",\"name\":\"PAGES\u00cb M\u00cb E MIR\u00cb E RRYMES N\u00cb RRETHIN E P\u00c7INJ\u00cbS - Republika e S\u00ebrbis\u00eb Trupi Koordinues p\u00ebr komunat Bujanoc, Preshev\u00eb dhe Medvegj\u00eb\",\"isPartOf\":{\"@id\":\"https:\\\/\\\/kt.gov.rs\\\/#website\"},\"primaryImageOfPage\":{\"@id\":\"https:\\\/\\\/kt.gov.rs\\\/sq\\\/pagese-me-e-mire-e-rrymes-ne-rrethin-e-pcinjes\\\/#primaryimage\"},\"image\":{\"@id\":\"https:\\\/\\\/kt.gov.rs\\\/sq\\\/pagese-me-e-mire-e-rrymes-ne-rrethin-e-pcinjes\\\/#primaryimage\"},\"thumbnailUrl\":\"https:\\\/\\\/kt.gov.rs\\\/wp-content\\\/uploads\\\/2024\\\/07\\\/1417433802_news_pic101400-5.jpg\",\"datePublished\":\"2014-12-01T00:00:00+00:00\",\"dateModified\":\"2024-07-30T19:38:59+00:00\",\"breadcrumb\":{\"@id\":\"https:\\\/\\\/kt.gov.rs\\\/sq\\\/pagese-me-e-mire-e-rrymes-ne-rrethin-e-pcinjes\\\/#breadcrumb\"},\"inLanguage\":\"sq-AL\",\"potentialAction\":[{\"@type\":\"ReadAction\",\"target\":[\"https:\\\/\\\/kt.gov.rs\\\/sq\\\/pagese-me-e-mire-e-rrymes-ne-rrethin-e-pcinjes\\\/\"]}]},{\"@type\":\"ImageObject\",\"inLanguage\":\"sq-AL\",\"@id\":\"https:\\\/\\\/kt.gov.rs\\\/sq\\\/pagese-me-e-mire-e-rrymes-ne-rrethin-e-pcinjes\\\/#primaryimage\",\"url\":\"https:\\\/\\\/kt.gov.rs\\\/wp-content\\\/uploads\\\/2024\\\/07\\\/1417433802_news_pic101400-5.jpg\",\"contentUrl\":\"https:\\\/\\\/kt.gov.rs\\\/wp-content\\\/uploads\\\/2024\\\/07\\\/1417433802_news_pic101400-5.jpg\",\"width\":315,\"height\":213},{\"@type\":\"BreadcrumbList\",\"@id\":\"https:\\\/\\\/kt.gov.rs\\\/sq\\\/pagese-me-e-mire-e-rrymes-ne-rrethin-e-pcinjes\\\/#breadcrumb\",\"itemListElement\":[{\"@type\":\"ListItem\",\"position\":1,\"name\":\"\u041f\u043e\u0447\u0435\u0442\u043d\u0430\",\"item\":\"https:\\\/\\\/kt.gov.rs\\\/sq\\\/\"},{\"@type\":\"ListItem\",\"position\":2,\"name\":\"PAGES\u00cb M\u00cb E MIR\u00cb E RRYMES N\u00cb RRETHIN E P\u00c7INJ\u00cbS\"}]},{\"@type\":\"WebSite\",\"@id\":\"https:\\\/\\\/kt.gov.rs\\\/#website\",\"url\":\"https:\\\/\\\/kt.gov.rs\\\/\",\"name\":\"\u041a\u043e\u043e\u0440\u0434\u0438\u043d\u0430\u0446\u0438\u043e\u043d\u043e \u0442\u0435\u043b\u043e \u0412\u043b\u0430\u0434\u0435 \u0420\u0435\u043f\u0443\u0431\u043b\u0438\u043a\u0435 \u0421\u0440\u0431\u0438\u0458\u0435 \u0437\u0430 \u043e\u043f\u0448\u0442\u0438\u043d\u0435 \u041f\u0440\u0435\u0448\u0435\u0432\u043e, \u0411\u0443\u0458\u0430\u043d\u043e\u0432\u0430\u0446 \u0438 \u041c\u0435\u0434\u0432\u0435\u0452a\",\"description\":\"\",\"publisher\":{\"@id\":\"https:\\\/\\\/kt.gov.rs\\\/#organization\"},\"alternateName\":\"\u041a\u043e\u043e\u0440\u0434\u0438\u043d\u0430\u0446\u0438\u043e\u043d\u043e \u0442\u0435\u043b\u043e\",\"potentialAction\":[{\"@type\":\"SearchAction\",\"target\":{\"@type\":\"EntryPoint\",\"urlTemplate\":\"https:\\\/\\\/kt.gov.rs\\\/?s={search_term_string}\"},\"query-input\":{\"@type\":\"PropertyValueSpecification\",\"valueRequired\":true,\"valueName\":\"search_term_string\"}}],\"inLanguage\":\"sq-AL\"},{\"@type\":\"Organization\",\"@id\":\"https:\\\/\\\/kt.gov.rs\\\/#organization\",\"name\":\"\u041a\u043e\u043e\u0440\u0434\u0438\u043d\u0430\u0446\u0438\u043e\u043d\u043e \u0442\u0435\u043b\u043e \u0412\u043b\u0430\u0434\u0435 \u0420\u0435\u043f\u0443\u0431\u043b\u0438\u043a\u0435 \u0421\u0440\u0431\u0438\u0458\u0435 \u0437\u0430 \u043e\u043f\u0448\u0442\u0438\u043d\u0435 \u041f\u0440\u0435\u0448\u0435\u0432\u043e, \u0411\u0443\u0458\u0430\u043d\u043e\u0432\u0430\u0446 \u0438 \u041c\u0435\u0434\u0432\u0435\u0452a\",\"alternateName\":\"\u041a\u043e\u043e\u0440\u0434\u0438\u043d\u0430\u0446\u0438\u043e\u043d\u043e \u0442\u0435\u043b\u043e\",\"url\":\"https:\\\/\\\/kt.gov.rs\\\/\",\"logo\":{\"@type\":\"ImageObject\",\"inLanguage\":\"sq-AL\",\"@id\":\"https:\\\/\\\/kt.gov.rs\\\/#\\\/schema\\\/logo\\\/image\\\/\",\"url\":\"https:\\\/\\\/kt.gov.rs\\\/wp-content\\\/uploads\\\/2024\\\/12\\\/koord2.jpg\",\"contentUrl\":\"https:\\\/\\\/kt.gov.rs\\\/wp-content\\\/uploads\\\/2024\\\/12\\\/koord2.jpg\",\"width\":640,\"height\":480,\"caption\":\"\u041a\u043e\u043e\u0440\u0434\u0438\u043d\u0430\u0446\u0438\u043e\u043d\u043e \u0442\u0435\u043b\u043e \u0412\u043b\u0430\u0434\u0435 \u0420\u0435\u043f\u0443\u0431\u043b\u0438\u043a\u0435 \u0421\u0440\u0431\u0438\u0458\u0435 \u0437\u0430 \u043e\u043f\u0448\u0442\u0438\u043d\u0435 \u041f\u0440\u0435\u0448\u0435\u0432\u043e, \u0411\u0443\u0458\u0430\u043d\u043e\u0432\u0430\u0446 \u0438 \u041c\u0435\u0434\u0432\u0435\u0452a\"},\"image\":{\"@id\":\"https:\\\/\\\/kt.gov.rs\\\/#\\\/schema\\\/logo\\\/image\\\/\"},\"sameAs\":[\"https:\\\/\\\/www.facebook.com\\\/SluzbaKoordinacionogTelaVladeRepublikeSrbije\",\"https:\\\/\\\/x.com\\\/kt_gov\",\"https:\\\/\\\/www.youtube.com\\\/@koordinacionotelo\"]},{\"@type\":\"Person\",\"@id\":\"https:\\\/\\\/kt.gov.rs\\\/#\\\/schema\\\/person\\\/e426459ddb4173309103390602694571\",\"name\":\"ktmin\",\"image\":{\"@type\":\"ImageObject\",\"inLanguage\":\"sq-AL\",\"@id\":\"https:\\\/\\\/secure.gravatar.com\\\/avatar\\\/3985c961109853010c3fbc7ba30365bfba5db3dd6c525831d9c595c7525a615a?s=96&d=mm&r=g\",\"url\":\"https:\\\/\\\/secure.gravatar.com\\\/avatar\\\/3985c961109853010c3fbc7ba30365bfba5db3dd6c525831d9c595c7525a615a?s=96&d=mm&r=g\",\"contentUrl\":\"https:\\\/\\\/secure.gravatar.com\\\/avatar\\\/3985c961109853010c3fbc7ba30365bfba5db3dd6c525831d9c595c7525a615a?s=96&d=mm&r=g\",\"caption\":\"ktmin\"},\"sameAs\":[\"https:\\\/\\\/kt.gov.rs\"],\"url\":\"https:\\\/\\\/kt.gov.rs\\\/sq\\\/author\\\/ktmin\\\/\"}]}<\/script>\n<!-- \/ Yoast SEO plugin. -->","yoast_head_json":{"title":"PAGES\u00cb M\u00cb E MIR\u00cb E RRYMES N\u00cb RRETHIN E P\u00c7INJ\u00cbS - Republika e S\u00ebrbis\u00eb Trupi Koordinues p\u00ebr komunat Bujanoc, Preshev\u00eb dhe Medvegj\u00eb","robots":{"index":"index","follow":"follow","max-snippet":"max-snippet:-1","max-image-preview":"max-image-preview:large","max-video-preview":"max-video-preview:-1"},"canonical":"https:\/\/kt.gov.rs\/sq\/pagese-me-e-mire-e-rrymes-ne-rrethin-e-pcinjes\/","og_locale":"sq_AL","og_type":"article","og_title":"PAGES\u00cb M\u00cb E MIR\u00cb E RRYMES N\u00cb RRETHIN E P\u00c7INJ\u00cbS - Republika e S\u00ebrbis\u00eb Trupi Koordinues p\u00ebr komunat Bujanoc, Preshev\u00eb dhe Medvegj\u00eb","og_description":"\u00cbsht\u00eb rritur pagesa, jan\u00eb zvog\u00ebluar humbjet dhe \u00ebsht\u00eb ndaluar vjedhja e rrym\u00ebs \u2013 k\u00ebso lajme nuk kemi d\u00ebgjuar deri m\u00eb tani nga \u201eElektrodistribucioni\u201c, n\u00eb Vranj\u00eb. Vet\u00ebm n\u00eb fshatrat e Bujanocit dhe Preshev\u00ebs, deri para disa muajve \u00ebsht\u00eb zhdukur rreth dy t\u00eb treta e rrym\u00ebs s\u00eb tranferuar. Situata tash \u00ebsh\u00eb shum\u00eb m\u00eb e mir\u00eb, thon\u00eb personat kompetent.","og_url":"https:\/\/kt.gov.rs\/sq\/pagese-me-e-mire-e-rrymes-ne-rrethin-e-pcinjes\/","og_site_name":"Republika e S\u00ebrbis\u00eb Trupi Koordinues p\u00ebr komunat Bujanoc, Preshev\u00eb dhe Medvegj\u00eb","article_publisher":"https:\/\/www.facebook.com\/SluzbaKoordinacionogTelaVladeRepublikeSrbije","article_published_time":"2014-12-01T00:00:00+00:00","article_modified_time":"2024-07-30T19:38:59+00:00","og_image":[{"width":315,"height":213,"url":"https:\/\/kt.gov.rs\/wp-content\/uploads\/2024\/07\/1417433802_news_pic101400-5.jpg","type":"image\/jpeg"}],"author":"ktmin","twitter_card":"summary_large_image","twitter_creator":"@kt_gov","twitter_site":"@kt_gov","twitter_misc":{"Written by":"ktmin","Est. reading time":"2 minutes"},"schema":{"@context":"https:\/\/schema.org","@graph":[{"@type":"Article","@id":"https:\/\/kt.gov.rs\/sq\/pagese-me-e-mire-e-rrymes-ne-rrethin-e-pcinjes\/#article","isPartOf":{"@id":"https:\/\/kt.gov.rs\/sq\/pagese-me-e-mire-e-rrymes-ne-rrethin-e-pcinjes\/"},"author":{"name":"ktmin","@id":"https:\/\/kt.gov.rs\/#\/schema\/person\/e426459ddb4173309103390602694571"},"headline":"PAGES\u00cb M\u00cb E MIR\u00cb E RRYMES N\u00cb RRETHIN E P\u00c7INJ\u00cbS","datePublished":"2014-12-01T00:00:00+00:00","dateModified":"2024-07-30T19:38:59+00:00","mainEntityOfPage":{"@id":"https:\/\/kt.gov.rs\/sq\/pagese-me-e-mire-e-rrymes-ne-rrethin-e-pcinjes\/"},"wordCount":380,"publisher":{"@id":"https:\/\/kt.gov.rs\/#organization"},"image":{"@id":"https:\/\/kt.gov.rs\/sq\/pagese-me-e-mire-e-rrymes-ne-rrethin-e-pcinjes\/#primaryimage"},"thumbnailUrl":"https:\/\/kt.gov.rs\/wp-content\/uploads\/2024\/07\/1417433802_news_pic101400-5.jpg","articleSection":["Lajme"],"inLanguage":"sq-AL"},{"@type":"WebPage","@id":"https:\/\/kt.gov.rs\/sq\/pagese-me-e-mire-e-rrymes-ne-rrethin-e-pcinjes\/","url":"https:\/\/kt.gov.rs\/sq\/pagese-me-e-mire-e-rrymes-ne-rrethin-e-pcinjes\/","name":"PAGES\u00cb M\u00cb E MIR\u00cb E RRYMES N\u00cb RRETHIN E P\u00c7INJ\u00cbS - Republika e S\u00ebrbis\u00eb Trupi Koordinues p\u00ebr komunat Bujanoc, Preshev\u00eb dhe Medvegj\u00eb","isPartOf":{"@id":"https:\/\/kt.gov.rs\/#website"},"primaryImageOfPage":{"@id":"https:\/\/kt.gov.rs\/sq\/pagese-me-e-mire-e-rrymes-ne-rrethin-e-pcinjes\/#primaryimage"},"image":{"@id":"https:\/\/kt.gov.rs\/sq\/pagese-me-e-mire-e-rrymes-ne-rrethin-e-pcinjes\/#primaryimage"},"thumbnailUrl":"https:\/\/kt.gov.rs\/wp-content\/uploads\/2024\/07\/1417433802_news_pic101400-5.jpg","datePublished":"2014-12-01T00:00:00+00:00","dateModified":"2024-07-30T19:38:59+00:00","breadcrumb":{"@id":"https:\/\/kt.gov.rs\/sq\/pagese-me-e-mire-e-rrymes-ne-rrethin-e-pcinjes\/#breadcrumb"},"inLanguage":"sq-AL","potentialAction":[{"@type":"ReadAction","target":["https:\/\/kt.gov.rs\/sq\/pagese-me-e-mire-e-rrymes-ne-rrethin-e-pcinjes\/"]}]},{"@type":"ImageObject","inLanguage":"sq-AL","@id":"https:\/\/kt.gov.rs\/sq\/pagese-me-e-mire-e-rrymes-ne-rrethin-e-pcinjes\/#primaryimage","url":"https:\/\/kt.gov.rs\/wp-content\/uploads\/2024\/07\/1417433802_news_pic101400-5.jpg","contentUrl":"https:\/\/kt.gov.rs\/wp-content\/uploads\/2024\/07\/1417433802_news_pic101400-5.jpg","width":315,"height":213},{"@type":"BreadcrumbList","@id":"https:\/\/kt.gov.rs\/sq\/pagese-me-e-mire-e-rrymes-ne-rrethin-e-pcinjes\/#breadcrumb","itemListElement":[{"@type":"ListItem","position":1,"name":"\u041f\u043e\u0447\u0435\u0442\u043d\u0430","item":"https:\/\/kt.gov.rs\/sq\/"},{"@type":"ListItem","position":2,"name":"PAGES\u00cb M\u00cb E MIR\u00cb E RRYMES N\u00cb RRETHIN E P\u00c7INJ\u00cbS"}]},{"@type":"WebSite","@id":"https:\/\/kt.gov.rs\/#website","url":"https:\/\/kt.gov.rs\/","name":"\u041a\u043e\u043e\u0440\u0434\u0438\u043d\u0430\u0446\u0438\u043e\u043d\u043e \u0442\u0435\u043b\u043e \u0412\u043b\u0430\u0434\u0435 \u0420\u0435\u043f\u0443\u0431\u043b\u0438\u043a\u0435 \u0421\u0440\u0431\u0438\u0458\u0435 \u0437\u0430 \u043e\u043f\u0448\u0442\u0438\u043d\u0435 \u041f\u0440\u0435\u0448\u0435\u0432\u043e, \u0411\u0443\u0458\u0430\u043d\u043e\u0432\u0430\u0446 \u0438 \u041c\u0435\u0434\u0432\u0435\u0452a","description":"","publisher":{"@id":"https:\/\/kt.gov.rs\/#organization"},"alternateName":"\u041a\u043e\u043e\u0440\u0434\u0438\u043d\u0430\u0446\u0438\u043e\u043d\u043e \u0442\u0435\u043b\u043e","potentialAction":[{"@type":"SearchAction","target":{"@type":"EntryPoint","urlTemplate":"https:\/\/kt.gov.rs\/?s={search_term_string}"},"query-input":{"@type":"PropertyValueSpecification","valueRequired":true,"valueName":"search_term_string"}}],"inLanguage":"sq-AL"},{"@type":"Organization","@id":"https:\/\/kt.gov.rs\/#organization","name":"\u041a\u043e\u043e\u0440\u0434\u0438\u043d\u0430\u0446\u0438\u043e\u043d\u043e \u0442\u0435\u043b\u043e \u0412\u043b\u0430\u0434\u0435 \u0420\u0435\u043f\u0443\u0431\u043b\u0438\u043a\u0435 \u0421\u0440\u0431\u0438\u0458\u0435 \u0437\u0430 \u043e\u043f\u0448\u0442\u0438\u043d\u0435 \u041f\u0440\u0435\u0448\u0435\u0432\u043e, \u0411\u0443\u0458\u0430\u043d\u043e\u0432\u0430\u0446 \u0438 \u041c\u0435\u0434\u0432\u0435\u0452a","alternateName":"\u041a\u043e\u043e\u0440\u0434\u0438\u043d\u0430\u0446\u0438\u043e\u043d\u043e \u0442\u0435\u043b\u043e","url":"https:\/\/kt.gov.rs\/","logo":{"@type":"ImageObject","inLanguage":"sq-AL","@id":"https:\/\/kt.gov.rs\/#\/schema\/logo\/image\/","url":"https:\/\/kt.gov.rs\/wp-content\/uploads\/2024\/12\/koord2.jpg","contentUrl":"https:\/\/kt.gov.rs\/wp-content\/uploads\/2024\/12\/koord2.jpg","width":640,"height":480,"caption":"\u041a\u043e\u043e\u0440\u0434\u0438\u043d\u0430\u0446\u0438\u043e\u043d\u043e \u0442\u0435\u043b\u043e \u0412\u043b\u0430\u0434\u0435 \u0420\u0435\u043f\u0443\u0431\u043b\u0438\u043a\u0435 \u0421\u0440\u0431\u0438\u0458\u0435 \u0437\u0430 \u043e\u043f\u0448\u0442\u0438\u043d\u0435 \u041f\u0440\u0435\u0448\u0435\u0432\u043e, \u0411\u0443\u0458\u0430\u043d\u043e\u0432\u0430\u0446 \u0438 \u041c\u0435\u0434\u0432\u0435\u0452a"},"image":{"@id":"https:\/\/kt.gov.rs\/#\/schema\/logo\/image\/"},"sameAs":["https:\/\/www.facebook.com\/SluzbaKoordinacionogTelaVladeRepublikeSrbije","https:\/\/x.com\/kt_gov","https:\/\/www.youtube.com\/@koordinacionotelo"]},{"@type":"Person","@id":"https:\/\/kt.gov.rs\/#\/schema\/person\/e426459ddb4173309103390602694571","name":"ktmin","image":{"@type":"ImageObject","inLanguage":"sq-AL","@id":"https:\/\/secure.gravatar.com\/avatar\/3985c961109853010c3fbc7ba30365bfba5db3dd6c525831d9c595c7525a615a?s=96&d=mm&r=g","url":"https:\/\/secure.gravatar.com\/avatar\/3985c961109853010c3fbc7ba30365bfba5db3dd6c525831d9c595c7525a615a?s=96&d=mm&r=g","contentUrl":"https:\/\/secure.gravatar.com\/avatar\/3985c961109853010c3fbc7ba30365bfba5db3dd6c525831d9c595c7525a615a?s=96&d=mm&r=g","caption":"ktmin"},"sameAs":["https:\/\/kt.gov.rs"],"url":"https:\/\/kt.gov.rs\/sq\/author\/ktmin\/"}]}},"_links":{"self":[{"href":"https:\/\/kt.gov.rs\/sq\/wp-json\/wp\/v2\/posts\/136873","targetHints":{"allow":["GET"]}}],"collection":[{"href":"https:\/\/kt.gov.rs\/sq\/wp-json\/wp\/v2\/posts"}],"about":[{"href":"https:\/\/kt.gov.rs\/sq\/wp-json\/wp\/v2\/types\/post"}],"author":[{"embeddable":true,"href":"https:\/\/kt.gov.rs\/sq\/wp-json\/wp\/v2\/users\/1"}],"replies":[{"embeddable":true,"href":"https:\/\/kt.gov.rs\/sq\/wp-json\/wp\/v2\/comments?post=136873"}],"version-history":[{"count":1,"href":"https:\/\/kt.gov.rs\/sq\/wp-json\/wp\/v2\/posts\/136873\/revisions"}],"predecessor-version":[{"id":136877,"href":"https:\/\/kt.gov.rs\/sq\/wp-json\/wp\/v2\/posts\/136873\/revisions\/136877"}],"wp:featuredmedia":[{"embeddable":true,"href":"https:\/\/kt.gov.rs\/sq\/wp-json\/wp\/v2\/media\/136878"}],"wp:attachment":[{"href":"https:\/\/kt.gov.rs\/sq\/wp-json\/wp\/v2\/media?parent=136873"}],"wp:term":[{"taxonomy":"category","embeddable":true,"href":"https:\/\/kt.gov.rs\/sq\/wp-json\/wp\/v2\/categories?post=136873"},{"taxonomy":"post_tag","embeddable":true,"href":"https:\/\/kt.gov.rs\/sq\/wp-json\/wp\/v2\/tags?post=136873"}],"curies":[{"name":"wp","href":"https:\/\/api.w.org\/{rel}","templated":true}]}}