{"id":136846,"date":"2014-12-04T00:00:00","date_gmt":"2014-12-04T00:00:00","guid":{"rendered":"http:\/\/kt.printandscreen.rs\/nese-eshte-dimri-nuk-eshte-luani\/"},"modified":"2024-07-30T19:38:55","modified_gmt":"2024-07-30T19:38:55","slug":"nese-eshte-dimri-nuk-eshte-luani","status":"publish","type":"post","link":"https:\/\/kt.gov.rs\/sq\/nese-eshte-dimri-nuk-eshte-luani\/","title":{"rendered":"\u201eN\u00cbSE \u00cbSHT\u00cb DIMRI, NUK \u00cbSHT\u00cb LUANI\u201c"},"content":{"rendered":"<p>\n\t<img decoding=\"async\" alt=\"\" src=\"https:\/\/kt.gov.rs\/wp-content\/uploads\/2024\/07\/1417700665_news_pic101404-4.jpg\" style=\"width: 315px; height: 235px; float: left;\" \/><\/p>\n<p>\n\tP\u00ebr her\u00eb t\u00eb par\u00eb k\u00ebt\u00eb vit, pas tenderit, mir\u00ebmbatja e rrug\u00ebve n\u00eb territorin e Vranj\u00ebs i\u2019u \u00ebsht\u00eb besuar kompanis\u00eb nga Presheva \u201eSaba Bell\u00e7a\u201d. Sipas fjal\u00ebve t\u00eb Driton Etemit, drejtorit t\u00eb k\u00ebsaj firme, ata nuk do t\u2019i befasoj bora.<\/p>\n<p>\n\t\u201eJemi gati p\u00ebr fillimin e dimrit sepse kemi m\u00eb shum\u00eb se 20 makina p\u00ebr pastrimin e bor\u00ebs. Kemi siguruar edhe sasi t\u00eb mjaftuesh\u00ebm t\u00eb krip\u00ebs. Jemi t\u00eb gatsh\u00ebm p\u00ebr dim\u00ebr, nd\u00ebrsa p\u00ebrve\u00e7 Vranj\u00ebs n\u00eb detyr\u00eb kemi marr\u00eb edhe mir\u00ebmbatjen e rrug\u00ebve n\u00eb periudh\u00ebn e dimrit n\u00eb territorin e komun\u00ebs s\u00eb Preshev\u00ebs dhe t\u00eb Bujanocit\u201c, tha Etemi.\u00a0<\/p>\n<p>\n\t\u00a0\u201eVodovodit\u201c t\u00eb Vranj\u00ebs p\u00ebr k\u00ebt\u00eb vit i\u2019u jan\u00eb besuar vet\u00ebm mir\u00ebmbatja e rrug\u00ebve n\u00eb territorin e Vranjska Banj\u00ebs. K\u00ebrsta Janjiq, drejtor i \u201eVodovodit\u201c, thot\u00eb se jan\u00eb t\u00eb gatsh\u00ebm dhe se kan\u00eb furnizim t\u00eb krip\u00ebs mjaftuesh\u00ebm dhe gjenerator, si dhe munden menj\u00ebher\u00eb t\u00eb fillojn\u00eb me pastrimin e bor\u00ebs n\u00eb rast se ajo befasisht bie.<\/p>\n<p>\n\tSipas fjal\u00ebve t\u00eb kompetent\u00ebve n\u00eb \u201eNd\u00ebrrmarjen e rrug\u00ebve\u201d t\u00eb Vranj\u00ebs, n\u00eb k\u00ebt\u00eb firm\u00eb \u00ebsht\u00eb n\u00eb fuqi shkalla e par\u00eb e angazhimit t\u00eb mekanizimit dim\u00ebror. Kan\u00eb 22 mjete p\u00ebr mir\u00ebmbatje dim\u00ebrore, nd\u00ebrsa n\u00eb shkall\u00ebn e par\u00eb angazhohen gjasht\u00eb mjete. Kemi siguruar edhe nga 2.500 zhavor dhe krip\u00eb.<\/p>\n<p>\n\t\u201eNd\u00ebrmarrja e rrug\u00ebve\u201c gjat dimrit do t\u00eb mir\u00ebmbaj\u00eb rrug\u00ebt e rendit t\u00eb par\u00eb dhe t\u00eb dyt\u00eb, rrespektivisht rrug\u00ebt magjistrale dhe rajonale n\u00eb rrethin e P\u00e7inj\u00ebs dhe Jabllanic\u00ebs.<\/p>\n<p>\n\t<strong>Burimi: OK Radio dhe Trupi Koordinues\u00a0<\/strong><\/p>\n","protected":false},"excerpt":{"rendered":"<p>P\u00ebr her\u00eb t\u00eb par\u00eb k\u00ebt\u00eb vit, pas tenderit, mir\u00ebmbatja e rrug\u00ebve n\u00eb territorin e Vranj\u00ebs i\u2019u \u00ebsht\u00eb besuar kompanis\u00eb nga Presheva \u201eSaba Bell\u00e7a\u201d. Sipas fjal\u00ebve t\u00eb Driton Etemit, drejtorit t\u00eb k\u00ebsaj firme, ata nuk do t\u2019i befasoj bora.<\/p>\n","protected":false},"author":1,"featured_media":136851,"comment_status":"closed","ping_status":"closed","sticky":false,"template":"","format":"standard","meta":{"footnotes":""},"categories":[55],"tags":[],"class_list":["post-136846","post","type-post","status-publish","format-standard","has-post-thumbnail","hentry","category-lajme"],"yoast_head":"<!-- This site is optimized with the Yoast SEO plugin v27.5 - https:\/\/yoast.com\/product\/yoast-seo-wordpress\/ -->\n<title>\u201eN\u00cbSE \u00cbSHT\u00cb DIMRI, NUK \u00cbSHT\u00cb LUANI\u201c - Republika e S\u00ebrbis\u00eb Trupi Koordinues p\u00ebr komunat Bujanoc, Preshev\u00eb dhe Medvegj\u00eb<\/title>\n<meta name=\"robots\" content=\"index, follow, max-snippet:-1, max-image-preview:large, max-video-preview:-1\" \/>\n<link rel=\"canonical\" href=\"https:\/\/kt.gov.rs\/sq\/nese-eshte-dimri-nuk-eshte-luani\/\" \/>\n<meta property=\"og:locale\" content=\"sq_AL\" \/>\n<meta property=\"og:type\" content=\"article\" \/>\n<meta property=\"og:title\" content=\"\u201eN\u00cbSE \u00cbSHT\u00cb DIMRI, NUK \u00cbSHT\u00cb LUANI\u201c - Republika e S\u00ebrbis\u00eb Trupi Koordinues p\u00ebr komunat Bujanoc, Preshev\u00eb dhe Medvegj\u00eb\" \/>\n<meta property=\"og:description\" content=\"P\u00ebr her\u00eb t\u00eb par\u00eb k\u00ebt\u00eb vit, pas tenderit, mir\u00ebmbatja e rrug\u00ebve n\u00eb territorin e Vranj\u00ebs i\u2019u \u00ebsht\u00eb besuar kompanis\u00eb nga Presheva \u201eSaba Bell\u00e7a\u201d. Sipas fjal\u00ebve t\u00eb Driton Etemit, drejtorit t\u00eb k\u00ebsaj firme, ata nuk do t\u2019i befasoj bora.\" \/>\n<meta property=\"og:url\" content=\"https:\/\/kt.gov.rs\/sq\/nese-eshte-dimri-nuk-eshte-luani\/\" \/>\n<meta property=\"og:site_name\" content=\"Republika e S\u00ebrbis\u00eb Trupi Koordinues p\u00ebr komunat Bujanoc, Preshev\u00eb dhe Medvegj\u00eb\" \/>\n<meta property=\"article:publisher\" content=\"https:\/\/www.facebook.com\/SluzbaKoordinacionogTelaVladeRepublikeSrbije\" \/>\n<meta property=\"article:published_time\" content=\"2014-12-04T00:00:00+00:00\" \/>\n<meta property=\"article:modified_time\" content=\"2024-07-30T19:38:55+00:00\" \/>\n<meta property=\"og:image\" content=\"https:\/\/kt.gov.rs\/wp-content\/uploads\/2024\/07\/1417700665_news_pic101404-5.jpg\" \/>\n\t<meta property=\"og:image:width\" content=\"315\" \/>\n\t<meta property=\"og:image:height\" content=\"235\" \/>\n\t<meta property=\"og:image:type\" content=\"image\/jpeg\" \/>\n<meta name=\"author\" content=\"ktmin\" \/>\n<meta name=\"twitter:card\" content=\"summary_large_image\" \/>\n<meta name=\"twitter:creator\" content=\"@kt_gov\" \/>\n<meta name=\"twitter:site\" content=\"@kt_gov\" \/>\n<meta name=\"twitter:label1\" content=\"Written by\" \/>\n\t<meta name=\"twitter:data1\" content=\"ktmin\" \/>\n\t<meta name=\"twitter:label2\" content=\"Est. reading time\" \/>\n\t<meta name=\"twitter:data2\" content=\"2 minutes\" \/>\n<script type=\"application\/ld+json\" class=\"yoast-schema-graph\">{\"@context\":\"https:\\\/\\\/schema.org\",\"@graph\":[{\"@type\":\"Article\",\"@id\":\"https:\\\/\\\/kt.gov.rs\\\/sq\\\/nese-eshte-dimri-nuk-eshte-luani\\\/#article\",\"isPartOf\":{\"@id\":\"https:\\\/\\\/kt.gov.rs\\\/sq\\\/nese-eshte-dimri-nuk-eshte-luani\\\/\"},\"author\":{\"name\":\"ktmin\",\"@id\":\"https:\\\/\\\/kt.gov.rs\\\/#\\\/schema\\\/person\\\/e426459ddb4173309103390602694571\"},\"headline\":\"\u201eN\u00cbSE \u00cbSHT\u00cb DIMRI, NUK \u00cbSHT\u00cb LUANI\u201c\",\"datePublished\":\"2014-12-04T00:00:00+00:00\",\"dateModified\":\"2024-07-30T19:38:55+00:00\",\"mainEntityOfPage\":{\"@id\":\"https:\\\/\\\/kt.gov.rs\\\/sq\\\/nese-eshte-dimri-nuk-eshte-luani\\\/\"},\"wordCount\":424,\"publisher\":{\"@id\":\"https:\\\/\\\/kt.gov.rs\\\/#organization\"},\"image\":{\"@id\":\"https:\\\/\\\/kt.gov.rs\\\/sq\\\/nese-eshte-dimri-nuk-eshte-luani\\\/#primaryimage\"},\"thumbnailUrl\":\"https:\\\/\\\/kt.gov.rs\\\/wp-content\\\/uploads\\\/2024\\\/07\\\/1417700665_news_pic101404-5.jpg\",\"articleSection\":[\"Lajme\"],\"inLanguage\":\"sq-AL\"},{\"@type\":\"WebPage\",\"@id\":\"https:\\\/\\\/kt.gov.rs\\\/sq\\\/nese-eshte-dimri-nuk-eshte-luani\\\/\",\"url\":\"https:\\\/\\\/kt.gov.rs\\\/sq\\\/nese-eshte-dimri-nuk-eshte-luani\\\/\",\"name\":\"\u201eN\u00cbSE \u00cbSHT\u00cb DIMRI, NUK \u00cbSHT\u00cb LUANI\u201c - Republika e S\u00ebrbis\u00eb Trupi Koordinues p\u00ebr komunat Bujanoc, Preshev\u00eb dhe Medvegj\u00eb\",\"isPartOf\":{\"@id\":\"https:\\\/\\\/kt.gov.rs\\\/#website\"},\"primaryImageOfPage\":{\"@id\":\"https:\\\/\\\/kt.gov.rs\\\/sq\\\/nese-eshte-dimri-nuk-eshte-luani\\\/#primaryimage\"},\"image\":{\"@id\":\"https:\\\/\\\/kt.gov.rs\\\/sq\\\/nese-eshte-dimri-nuk-eshte-luani\\\/#primaryimage\"},\"thumbnailUrl\":\"https:\\\/\\\/kt.gov.rs\\\/wp-content\\\/uploads\\\/2024\\\/07\\\/1417700665_news_pic101404-5.jpg\",\"datePublished\":\"2014-12-04T00:00:00+00:00\",\"dateModified\":\"2024-07-30T19:38:55+00:00\",\"breadcrumb\":{\"@id\":\"https:\\\/\\\/kt.gov.rs\\\/sq\\\/nese-eshte-dimri-nuk-eshte-luani\\\/#breadcrumb\"},\"inLanguage\":\"sq-AL\",\"potentialAction\":[{\"@type\":\"ReadAction\",\"target\":[\"https:\\\/\\\/kt.gov.rs\\\/sq\\\/nese-eshte-dimri-nuk-eshte-luani\\\/\"]}]},{\"@type\":\"ImageObject\",\"inLanguage\":\"sq-AL\",\"@id\":\"https:\\\/\\\/kt.gov.rs\\\/sq\\\/nese-eshte-dimri-nuk-eshte-luani\\\/#primaryimage\",\"url\":\"https:\\\/\\\/kt.gov.rs\\\/wp-content\\\/uploads\\\/2024\\\/07\\\/1417700665_news_pic101404-5.jpg\",\"contentUrl\":\"https:\\\/\\\/kt.gov.rs\\\/wp-content\\\/uploads\\\/2024\\\/07\\\/1417700665_news_pic101404-5.jpg\",\"width\":315,\"height\":235},{\"@type\":\"BreadcrumbList\",\"@id\":\"https:\\\/\\\/kt.gov.rs\\\/sq\\\/nese-eshte-dimri-nuk-eshte-luani\\\/#breadcrumb\",\"itemListElement\":[{\"@type\":\"ListItem\",\"position\":1,\"name\":\"\u041f\u043e\u0447\u0435\u0442\u043d\u0430\",\"item\":\"https:\\\/\\\/kt.gov.rs\\\/sq\\\/\"},{\"@type\":\"ListItem\",\"position\":2,\"name\":\"\u201eN\u00cbSE \u00cbSHT\u00cb DIMRI, NUK \u00cbSHT\u00cb LUANI\u201c\"}]},{\"@type\":\"WebSite\",\"@id\":\"https:\\\/\\\/kt.gov.rs\\\/#website\",\"url\":\"https:\\\/\\\/kt.gov.rs\\\/\",\"name\":\"\u041a\u043e\u043e\u0440\u0434\u0438\u043d\u0430\u0446\u0438\u043e\u043d\u043e \u0442\u0435\u043b\u043e \u0412\u043b\u0430\u0434\u0435 \u0420\u0435\u043f\u0443\u0431\u043b\u0438\u043a\u0435 \u0421\u0440\u0431\u0438\u0458\u0435 \u0437\u0430 \u043e\u043f\u0448\u0442\u0438\u043d\u0435 \u041f\u0440\u0435\u0448\u0435\u0432\u043e, \u0411\u0443\u0458\u0430\u043d\u043e\u0432\u0430\u0446 \u0438 \u041c\u0435\u0434\u0432\u0435\u0452a\",\"description\":\"\",\"publisher\":{\"@id\":\"https:\\\/\\\/kt.gov.rs\\\/#organization\"},\"alternateName\":\"\u041a\u043e\u043e\u0440\u0434\u0438\u043d\u0430\u0446\u0438\u043e\u043d\u043e \u0442\u0435\u043b\u043e\",\"potentialAction\":[{\"@type\":\"SearchAction\",\"target\":{\"@type\":\"EntryPoint\",\"urlTemplate\":\"https:\\\/\\\/kt.gov.rs\\\/?s={search_term_string}\"},\"query-input\":{\"@type\":\"PropertyValueSpecification\",\"valueRequired\":true,\"valueName\":\"search_term_string\"}}],\"inLanguage\":\"sq-AL\"},{\"@type\":\"Organization\",\"@id\":\"https:\\\/\\\/kt.gov.rs\\\/#organization\",\"name\":\"\u041a\u043e\u043e\u0440\u0434\u0438\u043d\u0430\u0446\u0438\u043e\u043d\u043e \u0442\u0435\u043b\u043e \u0412\u043b\u0430\u0434\u0435 \u0420\u0435\u043f\u0443\u0431\u043b\u0438\u043a\u0435 \u0421\u0440\u0431\u0438\u0458\u0435 \u0437\u0430 \u043e\u043f\u0448\u0442\u0438\u043d\u0435 \u041f\u0440\u0435\u0448\u0435\u0432\u043e, \u0411\u0443\u0458\u0430\u043d\u043e\u0432\u0430\u0446 \u0438 \u041c\u0435\u0434\u0432\u0435\u0452a\",\"alternateName\":\"\u041a\u043e\u043e\u0440\u0434\u0438\u043d\u0430\u0446\u0438\u043e\u043d\u043e \u0442\u0435\u043b\u043e\",\"url\":\"https:\\\/\\\/kt.gov.rs\\\/\",\"logo\":{\"@type\":\"ImageObject\",\"inLanguage\":\"sq-AL\",\"@id\":\"https:\\\/\\\/kt.gov.rs\\\/#\\\/schema\\\/logo\\\/image\\\/\",\"url\":\"https:\\\/\\\/kt.gov.rs\\\/wp-content\\\/uploads\\\/2024\\\/12\\\/koord2.jpg\",\"contentUrl\":\"https:\\\/\\\/kt.gov.rs\\\/wp-content\\\/uploads\\\/2024\\\/12\\\/koord2.jpg\",\"width\":640,\"height\":480,\"caption\":\"\u041a\u043e\u043e\u0440\u0434\u0438\u043d\u0430\u0446\u0438\u043e\u043d\u043e \u0442\u0435\u043b\u043e \u0412\u043b\u0430\u0434\u0435 \u0420\u0435\u043f\u0443\u0431\u043b\u0438\u043a\u0435 \u0421\u0440\u0431\u0438\u0458\u0435 \u0437\u0430 \u043e\u043f\u0448\u0442\u0438\u043d\u0435 \u041f\u0440\u0435\u0448\u0435\u0432\u043e, \u0411\u0443\u0458\u0430\u043d\u043e\u0432\u0430\u0446 \u0438 \u041c\u0435\u0434\u0432\u0435\u0452a\"},\"image\":{\"@id\":\"https:\\\/\\\/kt.gov.rs\\\/#\\\/schema\\\/logo\\\/image\\\/\"},\"sameAs\":[\"https:\\\/\\\/www.facebook.com\\\/SluzbaKoordinacionogTelaVladeRepublikeSrbije\",\"https:\\\/\\\/x.com\\\/kt_gov\",\"https:\\\/\\\/www.youtube.com\\\/@koordinacionotelo\"]},{\"@type\":\"Person\",\"@id\":\"https:\\\/\\\/kt.gov.rs\\\/#\\\/schema\\\/person\\\/e426459ddb4173309103390602694571\",\"name\":\"ktmin\",\"image\":{\"@type\":\"ImageObject\",\"inLanguage\":\"sq-AL\",\"@id\":\"https:\\\/\\\/secure.gravatar.com\\\/avatar\\\/3985c961109853010c3fbc7ba30365bfba5db3dd6c525831d9c595c7525a615a?s=96&d=mm&r=g\",\"url\":\"https:\\\/\\\/secure.gravatar.com\\\/avatar\\\/3985c961109853010c3fbc7ba30365bfba5db3dd6c525831d9c595c7525a615a?s=96&d=mm&r=g\",\"contentUrl\":\"https:\\\/\\\/secure.gravatar.com\\\/avatar\\\/3985c961109853010c3fbc7ba30365bfba5db3dd6c525831d9c595c7525a615a?s=96&d=mm&r=g\",\"caption\":\"ktmin\"},\"sameAs\":[\"https:\\\/\\\/kt.gov.rs\"],\"url\":\"https:\\\/\\\/kt.gov.rs\\\/sq\\\/author\\\/ktmin\\\/\"}]}<\/script>\n<!-- \/ Yoast SEO plugin. -->","yoast_head_json":{"title":"\u201eN\u00cbSE \u00cbSHT\u00cb DIMRI, NUK \u00cbSHT\u00cb LUANI\u201c - Republika e S\u00ebrbis\u00eb Trupi Koordinues p\u00ebr komunat Bujanoc, Preshev\u00eb dhe Medvegj\u00eb","robots":{"index":"index","follow":"follow","max-snippet":"max-snippet:-1","max-image-preview":"max-image-preview:large","max-video-preview":"max-video-preview:-1"},"canonical":"https:\/\/kt.gov.rs\/sq\/nese-eshte-dimri-nuk-eshte-luani\/","og_locale":"sq_AL","og_type":"article","og_title":"\u201eN\u00cbSE \u00cbSHT\u00cb DIMRI, NUK \u00cbSHT\u00cb LUANI\u201c - Republika e S\u00ebrbis\u00eb Trupi Koordinues p\u00ebr komunat Bujanoc, Preshev\u00eb dhe Medvegj\u00eb","og_description":"P\u00ebr her\u00eb t\u00eb par\u00eb k\u00ebt\u00eb vit, pas tenderit, mir\u00ebmbatja e rrug\u00ebve n\u00eb territorin e Vranj\u00ebs i\u2019u \u00ebsht\u00eb besuar kompanis\u00eb nga Presheva \u201eSaba Bell\u00e7a\u201d. Sipas fjal\u00ebve t\u00eb Driton Etemit, drejtorit t\u00eb k\u00ebsaj firme, ata nuk do t\u2019i befasoj bora.","og_url":"https:\/\/kt.gov.rs\/sq\/nese-eshte-dimri-nuk-eshte-luani\/","og_site_name":"Republika e S\u00ebrbis\u00eb Trupi Koordinues p\u00ebr komunat Bujanoc, Preshev\u00eb dhe Medvegj\u00eb","article_publisher":"https:\/\/www.facebook.com\/SluzbaKoordinacionogTelaVladeRepublikeSrbije","article_published_time":"2014-12-04T00:00:00+00:00","article_modified_time":"2024-07-30T19:38:55+00:00","og_image":[{"width":315,"height":235,"url":"https:\/\/kt.gov.rs\/wp-content\/uploads\/2024\/07\/1417700665_news_pic101404-5.jpg","type":"image\/jpeg"}],"author":"ktmin","twitter_card":"summary_large_image","twitter_creator":"@kt_gov","twitter_site":"@kt_gov","twitter_misc":{"Written by":"ktmin","Est. reading time":"2 minutes"},"schema":{"@context":"https:\/\/schema.org","@graph":[{"@type":"Article","@id":"https:\/\/kt.gov.rs\/sq\/nese-eshte-dimri-nuk-eshte-luani\/#article","isPartOf":{"@id":"https:\/\/kt.gov.rs\/sq\/nese-eshte-dimri-nuk-eshte-luani\/"},"author":{"name":"ktmin","@id":"https:\/\/kt.gov.rs\/#\/schema\/person\/e426459ddb4173309103390602694571"},"headline":"\u201eN\u00cbSE \u00cbSHT\u00cb DIMRI, NUK \u00cbSHT\u00cb LUANI\u201c","datePublished":"2014-12-04T00:00:00+00:00","dateModified":"2024-07-30T19:38:55+00:00","mainEntityOfPage":{"@id":"https:\/\/kt.gov.rs\/sq\/nese-eshte-dimri-nuk-eshte-luani\/"},"wordCount":424,"publisher":{"@id":"https:\/\/kt.gov.rs\/#organization"},"image":{"@id":"https:\/\/kt.gov.rs\/sq\/nese-eshte-dimri-nuk-eshte-luani\/#primaryimage"},"thumbnailUrl":"https:\/\/kt.gov.rs\/wp-content\/uploads\/2024\/07\/1417700665_news_pic101404-5.jpg","articleSection":["Lajme"],"inLanguage":"sq-AL"},{"@type":"WebPage","@id":"https:\/\/kt.gov.rs\/sq\/nese-eshte-dimri-nuk-eshte-luani\/","url":"https:\/\/kt.gov.rs\/sq\/nese-eshte-dimri-nuk-eshte-luani\/","name":"\u201eN\u00cbSE \u00cbSHT\u00cb DIMRI, NUK \u00cbSHT\u00cb LUANI\u201c - Republika e S\u00ebrbis\u00eb Trupi Koordinues p\u00ebr komunat Bujanoc, Preshev\u00eb dhe Medvegj\u00eb","isPartOf":{"@id":"https:\/\/kt.gov.rs\/#website"},"primaryImageOfPage":{"@id":"https:\/\/kt.gov.rs\/sq\/nese-eshte-dimri-nuk-eshte-luani\/#primaryimage"},"image":{"@id":"https:\/\/kt.gov.rs\/sq\/nese-eshte-dimri-nuk-eshte-luani\/#primaryimage"},"thumbnailUrl":"https:\/\/kt.gov.rs\/wp-content\/uploads\/2024\/07\/1417700665_news_pic101404-5.jpg","datePublished":"2014-12-04T00:00:00+00:00","dateModified":"2024-07-30T19:38:55+00:00","breadcrumb":{"@id":"https:\/\/kt.gov.rs\/sq\/nese-eshte-dimri-nuk-eshte-luani\/#breadcrumb"},"inLanguage":"sq-AL","potentialAction":[{"@type":"ReadAction","target":["https:\/\/kt.gov.rs\/sq\/nese-eshte-dimri-nuk-eshte-luani\/"]}]},{"@type":"ImageObject","inLanguage":"sq-AL","@id":"https:\/\/kt.gov.rs\/sq\/nese-eshte-dimri-nuk-eshte-luani\/#primaryimage","url":"https:\/\/kt.gov.rs\/wp-content\/uploads\/2024\/07\/1417700665_news_pic101404-5.jpg","contentUrl":"https:\/\/kt.gov.rs\/wp-content\/uploads\/2024\/07\/1417700665_news_pic101404-5.jpg","width":315,"height":235},{"@type":"BreadcrumbList","@id":"https:\/\/kt.gov.rs\/sq\/nese-eshte-dimri-nuk-eshte-luani\/#breadcrumb","itemListElement":[{"@type":"ListItem","position":1,"name":"\u041f\u043e\u0447\u0435\u0442\u043d\u0430","item":"https:\/\/kt.gov.rs\/sq\/"},{"@type":"ListItem","position":2,"name":"\u201eN\u00cbSE \u00cbSHT\u00cb DIMRI, NUK \u00cbSHT\u00cb LUANI\u201c"}]},{"@type":"WebSite","@id":"https:\/\/kt.gov.rs\/#website","url":"https:\/\/kt.gov.rs\/","name":"\u041a\u043e\u043e\u0440\u0434\u0438\u043d\u0430\u0446\u0438\u043e\u043d\u043e \u0442\u0435\u043b\u043e \u0412\u043b\u0430\u0434\u0435 \u0420\u0435\u043f\u0443\u0431\u043b\u0438\u043a\u0435 \u0421\u0440\u0431\u0438\u0458\u0435 \u0437\u0430 \u043e\u043f\u0448\u0442\u0438\u043d\u0435 \u041f\u0440\u0435\u0448\u0435\u0432\u043e, \u0411\u0443\u0458\u0430\u043d\u043e\u0432\u0430\u0446 \u0438 \u041c\u0435\u0434\u0432\u0435\u0452a","description":"","publisher":{"@id":"https:\/\/kt.gov.rs\/#organization"},"alternateName":"\u041a\u043e\u043e\u0440\u0434\u0438\u043d\u0430\u0446\u0438\u043e\u043d\u043e \u0442\u0435\u043b\u043e","potentialAction":[{"@type":"SearchAction","target":{"@type":"EntryPoint","urlTemplate":"https:\/\/kt.gov.rs\/?s={search_term_string}"},"query-input":{"@type":"PropertyValueSpecification","valueRequired":true,"valueName":"search_term_string"}}],"inLanguage":"sq-AL"},{"@type":"Organization","@id":"https:\/\/kt.gov.rs\/#organization","name":"\u041a\u043e\u043e\u0440\u0434\u0438\u043d\u0430\u0446\u0438\u043e\u043d\u043e \u0442\u0435\u043b\u043e \u0412\u043b\u0430\u0434\u0435 \u0420\u0435\u043f\u0443\u0431\u043b\u0438\u043a\u0435 \u0421\u0440\u0431\u0438\u0458\u0435 \u0437\u0430 \u043e\u043f\u0448\u0442\u0438\u043d\u0435 \u041f\u0440\u0435\u0448\u0435\u0432\u043e, \u0411\u0443\u0458\u0430\u043d\u043e\u0432\u0430\u0446 \u0438 \u041c\u0435\u0434\u0432\u0435\u0452a","alternateName":"\u041a\u043e\u043e\u0440\u0434\u0438\u043d\u0430\u0446\u0438\u043e\u043d\u043e \u0442\u0435\u043b\u043e","url":"https:\/\/kt.gov.rs\/","logo":{"@type":"ImageObject","inLanguage":"sq-AL","@id":"https:\/\/kt.gov.rs\/#\/schema\/logo\/image\/","url":"https:\/\/kt.gov.rs\/wp-content\/uploads\/2024\/12\/koord2.jpg","contentUrl":"https:\/\/kt.gov.rs\/wp-content\/uploads\/2024\/12\/koord2.jpg","width":640,"height":480,"caption":"\u041a\u043e\u043e\u0440\u0434\u0438\u043d\u0430\u0446\u0438\u043e\u043d\u043e \u0442\u0435\u043b\u043e \u0412\u043b\u0430\u0434\u0435 \u0420\u0435\u043f\u0443\u0431\u043b\u0438\u043a\u0435 \u0421\u0440\u0431\u0438\u0458\u0435 \u0437\u0430 \u043e\u043f\u0448\u0442\u0438\u043d\u0435 \u041f\u0440\u0435\u0448\u0435\u0432\u043e, \u0411\u0443\u0458\u0430\u043d\u043e\u0432\u0430\u0446 \u0438 \u041c\u0435\u0434\u0432\u0435\u0452a"},"image":{"@id":"https:\/\/kt.gov.rs\/#\/schema\/logo\/image\/"},"sameAs":["https:\/\/www.facebook.com\/SluzbaKoordinacionogTelaVladeRepublikeSrbije","https:\/\/x.com\/kt_gov","https:\/\/www.youtube.com\/@koordinacionotelo"]},{"@type":"Person","@id":"https:\/\/kt.gov.rs\/#\/schema\/person\/e426459ddb4173309103390602694571","name":"ktmin","image":{"@type":"ImageObject","inLanguage":"sq-AL","@id":"https:\/\/secure.gravatar.com\/avatar\/3985c961109853010c3fbc7ba30365bfba5db3dd6c525831d9c595c7525a615a?s=96&d=mm&r=g","url":"https:\/\/secure.gravatar.com\/avatar\/3985c961109853010c3fbc7ba30365bfba5db3dd6c525831d9c595c7525a615a?s=96&d=mm&r=g","contentUrl":"https:\/\/secure.gravatar.com\/avatar\/3985c961109853010c3fbc7ba30365bfba5db3dd6c525831d9c595c7525a615a?s=96&d=mm&r=g","caption":"ktmin"},"sameAs":["https:\/\/kt.gov.rs"],"url":"https:\/\/kt.gov.rs\/sq\/author\/ktmin\/"}]}},"_links":{"self":[{"href":"https:\/\/kt.gov.rs\/sq\/wp-json\/wp\/v2\/posts\/136846","targetHints":{"allow":["GET"]}}],"collection":[{"href":"https:\/\/kt.gov.rs\/sq\/wp-json\/wp\/v2\/posts"}],"about":[{"href":"https:\/\/kt.gov.rs\/sq\/wp-json\/wp\/v2\/types\/post"}],"author":[{"embeddable":true,"href":"https:\/\/kt.gov.rs\/sq\/wp-json\/wp\/v2\/users\/1"}],"replies":[{"embeddable":true,"href":"https:\/\/kt.gov.rs\/sq\/wp-json\/wp\/v2\/comments?post=136846"}],"version-history":[{"count":1,"href":"https:\/\/kt.gov.rs\/sq\/wp-json\/wp\/v2\/posts\/136846\/revisions"}],"predecessor-version":[{"id":136850,"href":"https:\/\/kt.gov.rs\/sq\/wp-json\/wp\/v2\/posts\/136846\/revisions\/136850"}],"wp:featuredmedia":[{"embeddable":true,"href":"https:\/\/kt.gov.rs\/sq\/wp-json\/wp\/v2\/media\/136851"}],"wp:attachment":[{"href":"https:\/\/kt.gov.rs\/sq\/wp-json\/wp\/v2\/media?parent=136846"}],"wp:term":[{"taxonomy":"category","embeddable":true,"href":"https:\/\/kt.gov.rs\/sq\/wp-json\/wp\/v2\/categories?post=136846"},{"taxonomy":"post_tag","embeddable":true,"href":"https:\/\/kt.gov.rs\/sq\/wp-json\/wp\/v2\/tags?post=136846"}],"curies":[{"name":"wp","href":"https:\/\/api.w.org\/{rel}","templated":true}]}}