{"id":136742,"date":"2014-12-16T00:00:00","date_gmt":"2014-12-16T00:00:00","guid":{"rendered":"http:\/\/kt.printandscreen.rs\/trupi-koordinues-sot-shenon-14-vjetorin-e-themelimit\/"},"modified":"2024-07-30T19:38:43","modified_gmt":"2024-07-30T19:38:43","slug":"trupi-koordinues-sot-shenon-14-vjetorin-e-themelimit","status":"publish","type":"post","link":"https:\/\/kt.gov.rs\/sq\/trupi-koordinues-sot-shenon-14-vjetorin-e-themelimit\/","title":{"rendered":"TRUPI KOORDINUES SOT SH\u00cbNON 14 VJETORIN E THEMELIMIT"},"content":{"rendered":"<p>\n\t<img decoding=\"async\" alt=\"\" src=\"https:\/\/kt.gov.rs\/wp-content\/uploads\/2024\/07\/1418726811_news_pic1014015-4.jpg\" style=\"width: 315px; height: 203px; float: left;\" \/><\/p>\n<p>\n\tTrupi Koordinues p\u00ebr komunat Preshev\u00eb, Bujanoc dhe Medvegj\u00eb \u00ebsht\u00eb formuar m\u00eb 16 dhjetor t\u00eb vitit 2000, n\u00eb seanc\u00ebn e p\u00ebrbashk\u00ebt t\u00eb Qeveris\u00eb s\u00eb RF Jugosllavis\u00eb dhe Qeveris\u00eb s\u00eb P\u00ebrkohshme t\u00eb Serbis\u00eb, e cila \u00ebsht\u00eb mbajtur n\u00eb Bujanoc.<\/p>\n<p>\n\tP\u00ebr kryetar t\u00eb Trupit Koordinues \u00ebsht\u00eb zgjedhur Nebojsha \u00c7oviq, n\u00ebnkryetar i at\u00ebhersh\u00ebm i Qeveris\u00eb s\u00eb Serbis\u00eb, i cili n\u00eb at\u00eb detyr\u00eb ka q\u00ebndruar deri n\u00eb mesin e vitit 2005. Kryetari i tanish\u00ebm i Trupit Koordinues p\u00ebr komunat Preshev\u00eb, Bujanoc dhe Medvegj\u00eb \u00ebsht\u00eb Zoran Stankoviq, i cili n\u00eb k\u00ebt\u00eb funksion \u00ebsht\u00eb nga 2 n\u00ebntori i vitit 2012.\u00a0<\/p>\n<p>\n\tN\u00eb 14 vitet e kaluara n\u00eb nd\u00ebrtimin e paq\u00ebs, siguris\u00eb, toleranc\u00ebs dhe menyr\u00ebs kualitative t\u00eb jet\u00ebs n\u00eb jugun e Serbis\u00eb, ve\u00e7an\u00ebrisht n\u00eb komunat Preshev\u00eb, Bujanoc dhe Medvegj\u00eb, nga buxheti i Republik\u00ebs s\u00eb Serbis\u00eb, p\u00ebrmes Trupit Koordinues, jan\u00eb investuar rreth 6,5 miliard\u00eb dinar\u00eb. N\u00eb k\u00ebt\u00eb fush\u00eb p\u00ebr kat\u00ebrmb\u00ebdhjet\u00eb vjet jan\u00eb t\u00eb pranish\u00ebm edhe shum\u00eb donator dhe organizata nd\u00ebrkomb\u00ebtare, t\u00eb cilat kan\u00eb investuar mjete t\u00eb konsiderushme n\u00eb k\u00ebto tri komuna.<\/p>\n<p>\n\tTrupi Koordinues punon n\u00eb t\u00eb gjitha sferat dhe n\u00eb shum\u00eb projekte. Disa nga projekt\u00ebt t\u00eb cil\u00ebt Trupi Koordinues me sukses i ka realizuar, duke p\u00ebrfshir\u00eb dh\u00ebnien e bursave p\u00ebr nx\u00ebn\u00ebsit e shkollave t\u00eb mesme dhe p\u00ebr student\u00eb nga k\u00ebto tri komuna, dh\u00ebnien e mjeteve t\u00eb pakthyeshme nd\u00ebrmarrjeve t\u00eb vogla dhe t\u00eb mesme, organizimin e shkoll\u00ebs s\u00eb gjuh\u00ebs serbe p\u00ebr t\u00eb rinj\u00ebt shqiptar nga komuna e Preshev\u00ebs dhe Bujanocit, hapjen e paraleles s\u00eb Fakultetit Ekonomik t\u00eb Subotic\u00ebs n\u00eb Bujanoc dhe sigurimin e mjeteve p\u00ebr nd\u00ebrtimin e nd\u00ebrtes\u00ebs s\u00eb k\u00ebsaj paraleleje, si dhe hapjen e paraleles s\u00eb Fakultetit Ekonomik dhe Juridik t\u00eb Universitetit t\u00eb Nishit n\u00eb Medvegj\u00eb, nd\u00ebrtimin e maternitetit n\u00eb Preshev\u00eb, pages\u00ebn e d\u00ebmeve nga p\u00ebrmbytjet e ndodhura n\u00eb k\u00ebto tri komuna dhe shum\u00eb\u00e7ka tjet\u00ebr.<\/p>\n<p>\n\tTrupi Koordinues p\u00ebr komunat Preshev\u00eb, Bujanoc dhe Medvegj\u00eb do t\u00eb vazhdoj\u00eb edhe m\u00ebtej q\u00eb n\u00eb m\u00ebnyr\u00eb aktive t\u00eb zbatoj politik\u00ebn e Qeveris\u00eb s\u00eb Republik\u00ebs s\u00eb Serbis\u00eb, duke zbatuar n\u00eb m\u00ebnyr\u00eb apsolute Kushtetut\u00ebn dhe n\u00eb p\u00ebrputhje me ligjet, nd\u00ebrsa duke marr\u00eb parasysh konventat nd\u00ebrkomb\u00ebtare. P\u00ebrkushtimi i Trupit Koordinues \u00ebsht\u00eb q\u00eb p\u00ebrmes bisedimeve dhe zgjidhjen e gjitha \u00e7\u00ebshtjeve p\u00ebrmes institucioneve kompetente shtet\u00ebrore t\u00eb tregoj synimin q\u00eb n\u00eb k\u00ebt\u00eb pjes\u00eb t\u00eb Serbis\u00eb t\u00eb merret n\u00eb at\u00eb m\u00ebnyr\u00eb me t\u00eb cil\u00ebn do t\u00eb p\u00ebrmir\u00ebsohen kushtet e jetes\u00ebs dhe pun\u00ebs s\u00eb banor\u00ebve lokal.\u00a0<\/p>\n<p>\n\t<strong>Burimi: Trupi Koordinues<\/strong><\/p>\n","protected":false},"excerpt":{"rendered":"<p>Trupi Koordinues p\u00ebr komunat Preshev\u00eb, Bujanoc dhe Medvegj\u00eb \u00ebsht\u00eb formuar m\u00eb 16 dhjetor t\u00eb vitit 2000, n\u00eb seanc\u00ebn e p\u00ebrbashk\u00ebt t\u00eb Qeveris\u00eb s\u00eb RF Jugosllavis\u00eb dhe Qeveris\u00eb s\u00eb P\u00ebrkohshme t\u00eb Serbis\u00eb, e cila \u00ebsht\u00eb mbajtur n\u00eb Bujanoc.<\/p>\n","protected":false},"author":1,"featured_media":136747,"comment_status":"closed","ping_status":"closed","sticky":false,"template":"","format":"standard","meta":{"footnotes":""},"categories":[55],"tags":[],"class_list":["post-136742","post","type-post","status-publish","format-standard","has-post-thumbnail","hentry","category-lajme"],"yoast_head":"<!-- This site is optimized with the Yoast SEO plugin v27.5 - https:\/\/yoast.com\/product\/yoast-seo-wordpress\/ -->\n<title>TRUPI KOORDINUES SOT SH\u00cbNON 14 VJETORIN E THEMELIMIT - Republika e S\u00ebrbis\u00eb Trupi Koordinues p\u00ebr komunat Bujanoc, Preshev\u00eb dhe Medvegj\u00eb<\/title>\n<meta name=\"robots\" content=\"index, follow, max-snippet:-1, max-image-preview:large, max-video-preview:-1\" \/>\n<link rel=\"canonical\" href=\"https:\/\/kt.gov.rs\/sq\/trupi-koordinues-sot-shenon-14-vjetorin-e-themelimit\/\" \/>\n<meta property=\"og:locale\" content=\"sq_AL\" \/>\n<meta property=\"og:type\" content=\"article\" \/>\n<meta property=\"og:title\" content=\"TRUPI KOORDINUES SOT SH\u00cbNON 14 VJETORIN E THEMELIMIT - Republika e S\u00ebrbis\u00eb Trupi Koordinues p\u00ebr komunat Bujanoc, Preshev\u00eb dhe Medvegj\u00eb\" \/>\n<meta property=\"og:description\" content=\"Trupi Koordinues p\u00ebr komunat Preshev\u00eb, Bujanoc dhe Medvegj\u00eb \u00ebsht\u00eb formuar m\u00eb 16 dhjetor t\u00eb vitit 2000, n\u00eb seanc\u00ebn e p\u00ebrbashk\u00ebt t\u00eb Qeveris\u00eb s\u00eb RF Jugosllavis\u00eb dhe Qeveris\u00eb s\u00eb P\u00ebrkohshme t\u00eb Serbis\u00eb, e cila \u00ebsht\u00eb mbajtur n\u00eb Bujanoc.\" \/>\n<meta property=\"og:url\" content=\"https:\/\/kt.gov.rs\/sq\/trupi-koordinues-sot-shenon-14-vjetorin-e-themelimit\/\" \/>\n<meta property=\"og:site_name\" content=\"Republika e S\u00ebrbis\u00eb Trupi Koordinues p\u00ebr komunat Bujanoc, Preshev\u00eb dhe Medvegj\u00eb\" \/>\n<meta property=\"article:publisher\" content=\"https:\/\/www.facebook.com\/SluzbaKoordinacionogTelaVladeRepublikeSrbije\" \/>\n<meta property=\"article:published_time\" content=\"2014-12-16T00:00:00+00:00\" \/>\n<meta property=\"article:modified_time\" content=\"2024-07-30T19:38:43+00:00\" \/>\n<meta property=\"og:image\" content=\"https:\/\/kt.gov.rs\/wp-content\/uploads\/2024\/07\/1418726811_news_pic1014015-5.jpg\" \/>\n\t<meta property=\"og:image:width\" content=\"315\" \/>\n\t<meta property=\"og:image:height\" content=\"203\" \/>\n\t<meta property=\"og:image:type\" content=\"image\/jpeg\" \/>\n<meta name=\"author\" content=\"ktmin\" \/>\n<meta name=\"twitter:card\" content=\"summary_large_image\" \/>\n<meta name=\"twitter:creator\" content=\"@kt_gov\" \/>\n<meta name=\"twitter:site\" content=\"@kt_gov\" \/>\n<meta name=\"twitter:label1\" content=\"Written by\" \/>\n\t<meta name=\"twitter:data1\" content=\"ktmin\" \/>\n\t<meta name=\"twitter:label2\" content=\"Est. reading time\" \/>\n\t<meta name=\"twitter:data2\" content=\"3 minutes\" \/>\n<script type=\"application\/ld+json\" class=\"yoast-schema-graph\">{\"@context\":\"https:\\\/\\\/schema.org\",\"@graph\":[{\"@type\":\"Article\",\"@id\":\"https:\\\/\\\/kt.gov.rs\\\/sq\\\/trupi-koordinues-sot-shenon-14-vjetorin-e-themelimit\\\/#article\",\"isPartOf\":{\"@id\":\"https:\\\/\\\/kt.gov.rs\\\/sq\\\/trupi-koordinues-sot-shenon-14-vjetorin-e-themelimit\\\/\"},\"author\":{\"name\":\"ktmin\",\"@id\":\"https:\\\/\\\/kt.gov.rs\\\/#\\\/schema\\\/person\\\/e426459ddb4173309103390602694571\"},\"headline\":\"TRUPI KOORDINUES SOT SH\u00cbNON 14 VJETORIN E THEMELIMIT\",\"datePublished\":\"2014-12-16T00:00:00+00:00\",\"dateModified\":\"2024-07-30T19:38:43+00:00\",\"mainEntityOfPage\":{\"@id\":\"https:\\\/\\\/kt.gov.rs\\\/sq\\\/trupi-koordinues-sot-shenon-14-vjetorin-e-themelimit\\\/\"},\"wordCount\":668,\"publisher\":{\"@id\":\"https:\\\/\\\/kt.gov.rs\\\/#organization\"},\"image\":{\"@id\":\"https:\\\/\\\/kt.gov.rs\\\/sq\\\/trupi-koordinues-sot-shenon-14-vjetorin-e-themelimit\\\/#primaryimage\"},\"thumbnailUrl\":\"https:\\\/\\\/kt.gov.rs\\\/wp-content\\\/uploads\\\/2024\\\/07\\\/1418726811_news_pic1014015-5.jpg\",\"articleSection\":[\"Lajme\"],\"inLanguage\":\"sq-AL\"},{\"@type\":\"WebPage\",\"@id\":\"https:\\\/\\\/kt.gov.rs\\\/sq\\\/trupi-koordinues-sot-shenon-14-vjetorin-e-themelimit\\\/\",\"url\":\"https:\\\/\\\/kt.gov.rs\\\/sq\\\/trupi-koordinues-sot-shenon-14-vjetorin-e-themelimit\\\/\",\"name\":\"TRUPI KOORDINUES SOT SH\u00cbNON 14 VJETORIN E THEMELIMIT - Republika e S\u00ebrbis\u00eb Trupi Koordinues p\u00ebr komunat Bujanoc, Preshev\u00eb dhe Medvegj\u00eb\",\"isPartOf\":{\"@id\":\"https:\\\/\\\/kt.gov.rs\\\/#website\"},\"primaryImageOfPage\":{\"@id\":\"https:\\\/\\\/kt.gov.rs\\\/sq\\\/trupi-koordinues-sot-shenon-14-vjetorin-e-themelimit\\\/#primaryimage\"},\"image\":{\"@id\":\"https:\\\/\\\/kt.gov.rs\\\/sq\\\/trupi-koordinues-sot-shenon-14-vjetorin-e-themelimit\\\/#primaryimage\"},\"thumbnailUrl\":\"https:\\\/\\\/kt.gov.rs\\\/wp-content\\\/uploads\\\/2024\\\/07\\\/1418726811_news_pic1014015-5.jpg\",\"datePublished\":\"2014-12-16T00:00:00+00:00\",\"dateModified\":\"2024-07-30T19:38:43+00:00\",\"breadcrumb\":{\"@id\":\"https:\\\/\\\/kt.gov.rs\\\/sq\\\/trupi-koordinues-sot-shenon-14-vjetorin-e-themelimit\\\/#breadcrumb\"},\"inLanguage\":\"sq-AL\",\"potentialAction\":[{\"@type\":\"ReadAction\",\"target\":[\"https:\\\/\\\/kt.gov.rs\\\/sq\\\/trupi-koordinues-sot-shenon-14-vjetorin-e-themelimit\\\/\"]}]},{\"@type\":\"ImageObject\",\"inLanguage\":\"sq-AL\",\"@id\":\"https:\\\/\\\/kt.gov.rs\\\/sq\\\/trupi-koordinues-sot-shenon-14-vjetorin-e-themelimit\\\/#primaryimage\",\"url\":\"https:\\\/\\\/kt.gov.rs\\\/wp-content\\\/uploads\\\/2024\\\/07\\\/1418726811_news_pic1014015-5.jpg\",\"contentUrl\":\"https:\\\/\\\/kt.gov.rs\\\/wp-content\\\/uploads\\\/2024\\\/07\\\/1418726811_news_pic1014015-5.jpg\",\"width\":315,\"height\":203},{\"@type\":\"BreadcrumbList\",\"@id\":\"https:\\\/\\\/kt.gov.rs\\\/sq\\\/trupi-koordinues-sot-shenon-14-vjetorin-e-themelimit\\\/#breadcrumb\",\"itemListElement\":[{\"@type\":\"ListItem\",\"position\":1,\"name\":\"\u041f\u043e\u0447\u0435\u0442\u043d\u0430\",\"item\":\"https:\\\/\\\/kt.gov.rs\\\/sq\\\/\"},{\"@type\":\"ListItem\",\"position\":2,\"name\":\"TRUPI KOORDINUES SOT SH\u00cbNON 14 VJETORIN E THEMELIMIT\"}]},{\"@type\":\"WebSite\",\"@id\":\"https:\\\/\\\/kt.gov.rs\\\/#website\",\"url\":\"https:\\\/\\\/kt.gov.rs\\\/\",\"name\":\"\u041a\u043e\u043e\u0440\u0434\u0438\u043d\u0430\u0446\u0438\u043e\u043d\u043e \u0442\u0435\u043b\u043e \u0412\u043b\u0430\u0434\u0435 \u0420\u0435\u043f\u0443\u0431\u043b\u0438\u043a\u0435 \u0421\u0440\u0431\u0438\u0458\u0435 \u0437\u0430 \u043e\u043f\u0448\u0442\u0438\u043d\u0435 \u041f\u0440\u0435\u0448\u0435\u0432\u043e, \u0411\u0443\u0458\u0430\u043d\u043e\u0432\u0430\u0446 \u0438 \u041c\u0435\u0434\u0432\u0435\u0452a\",\"description\":\"\",\"publisher\":{\"@id\":\"https:\\\/\\\/kt.gov.rs\\\/#organization\"},\"alternateName\":\"\u041a\u043e\u043e\u0440\u0434\u0438\u043d\u0430\u0446\u0438\u043e\u043d\u043e \u0442\u0435\u043b\u043e\",\"potentialAction\":[{\"@type\":\"SearchAction\",\"target\":{\"@type\":\"EntryPoint\",\"urlTemplate\":\"https:\\\/\\\/kt.gov.rs\\\/?s={search_term_string}\"},\"query-input\":{\"@type\":\"PropertyValueSpecification\",\"valueRequired\":true,\"valueName\":\"search_term_string\"}}],\"inLanguage\":\"sq-AL\"},{\"@type\":\"Organization\",\"@id\":\"https:\\\/\\\/kt.gov.rs\\\/#organization\",\"name\":\"\u041a\u043e\u043e\u0440\u0434\u0438\u043d\u0430\u0446\u0438\u043e\u043d\u043e \u0442\u0435\u043b\u043e \u0412\u043b\u0430\u0434\u0435 \u0420\u0435\u043f\u0443\u0431\u043b\u0438\u043a\u0435 \u0421\u0440\u0431\u0438\u0458\u0435 \u0437\u0430 \u043e\u043f\u0448\u0442\u0438\u043d\u0435 \u041f\u0440\u0435\u0448\u0435\u0432\u043e, \u0411\u0443\u0458\u0430\u043d\u043e\u0432\u0430\u0446 \u0438 \u041c\u0435\u0434\u0432\u0435\u0452a\",\"alternateName\":\"\u041a\u043e\u043e\u0440\u0434\u0438\u043d\u0430\u0446\u0438\u043e\u043d\u043e \u0442\u0435\u043b\u043e\",\"url\":\"https:\\\/\\\/kt.gov.rs\\\/\",\"logo\":{\"@type\":\"ImageObject\",\"inLanguage\":\"sq-AL\",\"@id\":\"https:\\\/\\\/kt.gov.rs\\\/#\\\/schema\\\/logo\\\/image\\\/\",\"url\":\"https:\\\/\\\/kt.gov.rs\\\/wp-content\\\/uploads\\\/2024\\\/12\\\/koord2.jpg\",\"contentUrl\":\"https:\\\/\\\/kt.gov.rs\\\/wp-content\\\/uploads\\\/2024\\\/12\\\/koord2.jpg\",\"width\":640,\"height\":480,\"caption\":\"\u041a\u043e\u043e\u0440\u0434\u0438\u043d\u0430\u0446\u0438\u043e\u043d\u043e \u0442\u0435\u043b\u043e \u0412\u043b\u0430\u0434\u0435 \u0420\u0435\u043f\u0443\u0431\u043b\u0438\u043a\u0435 \u0421\u0440\u0431\u0438\u0458\u0435 \u0437\u0430 \u043e\u043f\u0448\u0442\u0438\u043d\u0435 \u041f\u0440\u0435\u0448\u0435\u0432\u043e, \u0411\u0443\u0458\u0430\u043d\u043e\u0432\u0430\u0446 \u0438 \u041c\u0435\u0434\u0432\u0435\u0452a\"},\"image\":{\"@id\":\"https:\\\/\\\/kt.gov.rs\\\/#\\\/schema\\\/logo\\\/image\\\/\"},\"sameAs\":[\"https:\\\/\\\/www.facebook.com\\\/SluzbaKoordinacionogTelaVladeRepublikeSrbije\",\"https:\\\/\\\/x.com\\\/kt_gov\",\"https:\\\/\\\/www.youtube.com\\\/@koordinacionotelo\"]},{\"@type\":\"Person\",\"@id\":\"https:\\\/\\\/kt.gov.rs\\\/#\\\/schema\\\/person\\\/e426459ddb4173309103390602694571\",\"name\":\"ktmin\",\"image\":{\"@type\":\"ImageObject\",\"inLanguage\":\"sq-AL\",\"@id\":\"https:\\\/\\\/secure.gravatar.com\\\/avatar\\\/3985c961109853010c3fbc7ba30365bfba5db3dd6c525831d9c595c7525a615a?s=96&d=mm&r=g\",\"url\":\"https:\\\/\\\/secure.gravatar.com\\\/avatar\\\/3985c961109853010c3fbc7ba30365bfba5db3dd6c525831d9c595c7525a615a?s=96&d=mm&r=g\",\"contentUrl\":\"https:\\\/\\\/secure.gravatar.com\\\/avatar\\\/3985c961109853010c3fbc7ba30365bfba5db3dd6c525831d9c595c7525a615a?s=96&d=mm&r=g\",\"caption\":\"ktmin\"},\"sameAs\":[\"https:\\\/\\\/kt.gov.rs\"],\"url\":\"https:\\\/\\\/kt.gov.rs\\\/sq\\\/author\\\/ktmin\\\/\"}]}<\/script>\n<!-- \/ Yoast SEO plugin. -->","yoast_head_json":{"title":"TRUPI KOORDINUES SOT SH\u00cbNON 14 VJETORIN E THEMELIMIT - Republika e S\u00ebrbis\u00eb Trupi Koordinues p\u00ebr komunat Bujanoc, Preshev\u00eb dhe Medvegj\u00eb","robots":{"index":"index","follow":"follow","max-snippet":"max-snippet:-1","max-image-preview":"max-image-preview:large","max-video-preview":"max-video-preview:-1"},"canonical":"https:\/\/kt.gov.rs\/sq\/trupi-koordinues-sot-shenon-14-vjetorin-e-themelimit\/","og_locale":"sq_AL","og_type":"article","og_title":"TRUPI KOORDINUES SOT SH\u00cbNON 14 VJETORIN E THEMELIMIT - Republika e S\u00ebrbis\u00eb Trupi Koordinues p\u00ebr komunat Bujanoc, Preshev\u00eb dhe Medvegj\u00eb","og_description":"Trupi Koordinues p\u00ebr komunat Preshev\u00eb, Bujanoc dhe Medvegj\u00eb \u00ebsht\u00eb formuar m\u00eb 16 dhjetor t\u00eb vitit 2000, n\u00eb seanc\u00ebn e p\u00ebrbashk\u00ebt t\u00eb Qeveris\u00eb s\u00eb RF Jugosllavis\u00eb dhe Qeveris\u00eb s\u00eb P\u00ebrkohshme t\u00eb Serbis\u00eb, e cila \u00ebsht\u00eb mbajtur n\u00eb Bujanoc.","og_url":"https:\/\/kt.gov.rs\/sq\/trupi-koordinues-sot-shenon-14-vjetorin-e-themelimit\/","og_site_name":"Republika e S\u00ebrbis\u00eb Trupi Koordinues p\u00ebr komunat Bujanoc, Preshev\u00eb dhe Medvegj\u00eb","article_publisher":"https:\/\/www.facebook.com\/SluzbaKoordinacionogTelaVladeRepublikeSrbije","article_published_time":"2014-12-16T00:00:00+00:00","article_modified_time":"2024-07-30T19:38:43+00:00","og_image":[{"width":315,"height":203,"url":"https:\/\/kt.gov.rs\/wp-content\/uploads\/2024\/07\/1418726811_news_pic1014015-5.jpg","type":"image\/jpeg"}],"author":"ktmin","twitter_card":"summary_large_image","twitter_creator":"@kt_gov","twitter_site":"@kt_gov","twitter_misc":{"Written by":"ktmin","Est. reading time":"3 minutes"},"schema":{"@context":"https:\/\/schema.org","@graph":[{"@type":"Article","@id":"https:\/\/kt.gov.rs\/sq\/trupi-koordinues-sot-shenon-14-vjetorin-e-themelimit\/#article","isPartOf":{"@id":"https:\/\/kt.gov.rs\/sq\/trupi-koordinues-sot-shenon-14-vjetorin-e-themelimit\/"},"author":{"name":"ktmin","@id":"https:\/\/kt.gov.rs\/#\/schema\/person\/e426459ddb4173309103390602694571"},"headline":"TRUPI KOORDINUES SOT SH\u00cbNON 14 VJETORIN E THEMELIMIT","datePublished":"2014-12-16T00:00:00+00:00","dateModified":"2024-07-30T19:38:43+00:00","mainEntityOfPage":{"@id":"https:\/\/kt.gov.rs\/sq\/trupi-koordinues-sot-shenon-14-vjetorin-e-themelimit\/"},"wordCount":668,"publisher":{"@id":"https:\/\/kt.gov.rs\/#organization"},"image":{"@id":"https:\/\/kt.gov.rs\/sq\/trupi-koordinues-sot-shenon-14-vjetorin-e-themelimit\/#primaryimage"},"thumbnailUrl":"https:\/\/kt.gov.rs\/wp-content\/uploads\/2024\/07\/1418726811_news_pic1014015-5.jpg","articleSection":["Lajme"],"inLanguage":"sq-AL"},{"@type":"WebPage","@id":"https:\/\/kt.gov.rs\/sq\/trupi-koordinues-sot-shenon-14-vjetorin-e-themelimit\/","url":"https:\/\/kt.gov.rs\/sq\/trupi-koordinues-sot-shenon-14-vjetorin-e-themelimit\/","name":"TRUPI KOORDINUES SOT SH\u00cbNON 14 VJETORIN E THEMELIMIT - Republika e S\u00ebrbis\u00eb Trupi Koordinues p\u00ebr komunat Bujanoc, Preshev\u00eb dhe Medvegj\u00eb","isPartOf":{"@id":"https:\/\/kt.gov.rs\/#website"},"primaryImageOfPage":{"@id":"https:\/\/kt.gov.rs\/sq\/trupi-koordinues-sot-shenon-14-vjetorin-e-themelimit\/#primaryimage"},"image":{"@id":"https:\/\/kt.gov.rs\/sq\/trupi-koordinues-sot-shenon-14-vjetorin-e-themelimit\/#primaryimage"},"thumbnailUrl":"https:\/\/kt.gov.rs\/wp-content\/uploads\/2024\/07\/1418726811_news_pic1014015-5.jpg","datePublished":"2014-12-16T00:00:00+00:00","dateModified":"2024-07-30T19:38:43+00:00","breadcrumb":{"@id":"https:\/\/kt.gov.rs\/sq\/trupi-koordinues-sot-shenon-14-vjetorin-e-themelimit\/#breadcrumb"},"inLanguage":"sq-AL","potentialAction":[{"@type":"ReadAction","target":["https:\/\/kt.gov.rs\/sq\/trupi-koordinues-sot-shenon-14-vjetorin-e-themelimit\/"]}]},{"@type":"ImageObject","inLanguage":"sq-AL","@id":"https:\/\/kt.gov.rs\/sq\/trupi-koordinues-sot-shenon-14-vjetorin-e-themelimit\/#primaryimage","url":"https:\/\/kt.gov.rs\/wp-content\/uploads\/2024\/07\/1418726811_news_pic1014015-5.jpg","contentUrl":"https:\/\/kt.gov.rs\/wp-content\/uploads\/2024\/07\/1418726811_news_pic1014015-5.jpg","width":315,"height":203},{"@type":"BreadcrumbList","@id":"https:\/\/kt.gov.rs\/sq\/trupi-koordinues-sot-shenon-14-vjetorin-e-themelimit\/#breadcrumb","itemListElement":[{"@type":"ListItem","position":1,"name":"\u041f\u043e\u0447\u0435\u0442\u043d\u0430","item":"https:\/\/kt.gov.rs\/sq\/"},{"@type":"ListItem","position":2,"name":"TRUPI KOORDINUES SOT SH\u00cbNON 14 VJETORIN E THEMELIMIT"}]},{"@type":"WebSite","@id":"https:\/\/kt.gov.rs\/#website","url":"https:\/\/kt.gov.rs\/","name":"\u041a\u043e\u043e\u0440\u0434\u0438\u043d\u0430\u0446\u0438\u043e\u043d\u043e \u0442\u0435\u043b\u043e \u0412\u043b\u0430\u0434\u0435 \u0420\u0435\u043f\u0443\u0431\u043b\u0438\u043a\u0435 \u0421\u0440\u0431\u0438\u0458\u0435 \u0437\u0430 \u043e\u043f\u0448\u0442\u0438\u043d\u0435 \u041f\u0440\u0435\u0448\u0435\u0432\u043e, \u0411\u0443\u0458\u0430\u043d\u043e\u0432\u0430\u0446 \u0438 \u041c\u0435\u0434\u0432\u0435\u0452a","description":"","publisher":{"@id":"https:\/\/kt.gov.rs\/#organization"},"alternateName":"\u041a\u043e\u043e\u0440\u0434\u0438\u043d\u0430\u0446\u0438\u043e\u043d\u043e \u0442\u0435\u043b\u043e","potentialAction":[{"@type":"SearchAction","target":{"@type":"EntryPoint","urlTemplate":"https:\/\/kt.gov.rs\/?s={search_term_string}"},"query-input":{"@type":"PropertyValueSpecification","valueRequired":true,"valueName":"search_term_string"}}],"inLanguage":"sq-AL"},{"@type":"Organization","@id":"https:\/\/kt.gov.rs\/#organization","name":"\u041a\u043e\u043e\u0440\u0434\u0438\u043d\u0430\u0446\u0438\u043e\u043d\u043e \u0442\u0435\u043b\u043e \u0412\u043b\u0430\u0434\u0435 \u0420\u0435\u043f\u0443\u0431\u043b\u0438\u043a\u0435 \u0421\u0440\u0431\u0438\u0458\u0435 \u0437\u0430 \u043e\u043f\u0448\u0442\u0438\u043d\u0435 \u041f\u0440\u0435\u0448\u0435\u0432\u043e, \u0411\u0443\u0458\u0430\u043d\u043e\u0432\u0430\u0446 \u0438 \u041c\u0435\u0434\u0432\u0435\u0452a","alternateName":"\u041a\u043e\u043e\u0440\u0434\u0438\u043d\u0430\u0446\u0438\u043e\u043d\u043e \u0442\u0435\u043b\u043e","url":"https:\/\/kt.gov.rs\/","logo":{"@type":"ImageObject","inLanguage":"sq-AL","@id":"https:\/\/kt.gov.rs\/#\/schema\/logo\/image\/","url":"https:\/\/kt.gov.rs\/wp-content\/uploads\/2024\/12\/koord2.jpg","contentUrl":"https:\/\/kt.gov.rs\/wp-content\/uploads\/2024\/12\/koord2.jpg","width":640,"height":480,"caption":"\u041a\u043e\u043e\u0440\u0434\u0438\u043d\u0430\u0446\u0438\u043e\u043d\u043e \u0442\u0435\u043b\u043e \u0412\u043b\u0430\u0434\u0435 \u0420\u0435\u043f\u0443\u0431\u043b\u0438\u043a\u0435 \u0421\u0440\u0431\u0438\u0458\u0435 \u0437\u0430 \u043e\u043f\u0448\u0442\u0438\u043d\u0435 \u041f\u0440\u0435\u0448\u0435\u0432\u043e, \u0411\u0443\u0458\u0430\u043d\u043e\u0432\u0430\u0446 \u0438 \u041c\u0435\u0434\u0432\u0435\u0452a"},"image":{"@id":"https:\/\/kt.gov.rs\/#\/schema\/logo\/image\/"},"sameAs":["https:\/\/www.facebook.com\/SluzbaKoordinacionogTelaVladeRepublikeSrbije","https:\/\/x.com\/kt_gov","https:\/\/www.youtube.com\/@koordinacionotelo"]},{"@type":"Person","@id":"https:\/\/kt.gov.rs\/#\/schema\/person\/e426459ddb4173309103390602694571","name":"ktmin","image":{"@type":"ImageObject","inLanguage":"sq-AL","@id":"https:\/\/secure.gravatar.com\/avatar\/3985c961109853010c3fbc7ba30365bfba5db3dd6c525831d9c595c7525a615a?s=96&d=mm&r=g","url":"https:\/\/secure.gravatar.com\/avatar\/3985c961109853010c3fbc7ba30365bfba5db3dd6c525831d9c595c7525a615a?s=96&d=mm&r=g","contentUrl":"https:\/\/secure.gravatar.com\/avatar\/3985c961109853010c3fbc7ba30365bfba5db3dd6c525831d9c595c7525a615a?s=96&d=mm&r=g","caption":"ktmin"},"sameAs":["https:\/\/kt.gov.rs"],"url":"https:\/\/kt.gov.rs\/sq\/author\/ktmin\/"}]}},"_links":{"self":[{"href":"https:\/\/kt.gov.rs\/sq\/wp-json\/wp\/v2\/posts\/136742","targetHints":{"allow":["GET"]}}],"collection":[{"href":"https:\/\/kt.gov.rs\/sq\/wp-json\/wp\/v2\/posts"}],"about":[{"href":"https:\/\/kt.gov.rs\/sq\/wp-json\/wp\/v2\/types\/post"}],"author":[{"embeddable":true,"href":"https:\/\/kt.gov.rs\/sq\/wp-json\/wp\/v2\/users\/1"}],"replies":[{"embeddable":true,"href":"https:\/\/kt.gov.rs\/sq\/wp-json\/wp\/v2\/comments?post=136742"}],"version-history":[{"count":1,"href":"https:\/\/kt.gov.rs\/sq\/wp-json\/wp\/v2\/posts\/136742\/revisions"}],"predecessor-version":[{"id":136746,"href":"https:\/\/kt.gov.rs\/sq\/wp-json\/wp\/v2\/posts\/136742\/revisions\/136746"}],"wp:featuredmedia":[{"embeddable":true,"href":"https:\/\/kt.gov.rs\/sq\/wp-json\/wp\/v2\/media\/136747"}],"wp:attachment":[{"href":"https:\/\/kt.gov.rs\/sq\/wp-json\/wp\/v2\/media?parent=136742"}],"wp:term":[{"taxonomy":"category","embeddable":true,"href":"https:\/\/kt.gov.rs\/sq\/wp-json\/wp\/v2\/categories?post=136742"},{"taxonomy":"post_tag","embeddable":true,"href":"https:\/\/kt.gov.rs\/sq\/wp-json\/wp\/v2\/tags?post=136742"}],"curies":[{"name":"wp","href":"https:\/\/api.w.org\/{rel}","templated":true}]}}