{"id":136379,"date":"2015-02-10T00:00:00","date_gmt":"2015-02-10T00:00:00","guid":{"rendered":"http:\/\/kt.printandscreen.rs\/jane-ndare-mjete-te-pakthyeshme-per-15-projekte-per-shoqerite-civile\/"},"modified":"2024-07-30T19:38:01","modified_gmt":"2024-07-30T19:38:01","slug":"jane-ndare-mjete-te-pakthyeshme-per-15-projekte-per-shoqerite-civile","status":"publish","type":"post","link":"https:\/\/kt.gov.rs\/sq\/jane-ndare-mjete-te-pakthyeshme-per-15-projekte-per-shoqerite-civile\/","title":{"rendered":"JAN\u00cb NDAR\u00cb MJETE T\u00cb PAKTHYESHME P\u00cbR 15 PROJEKTE P\u00cbR SHOQ\u00cbRIT\u00cb CIVILE"},"content":{"rendered":"<p>\n\t<strong><img decoding=\"async\" alt=\"\" src=\"https:\/\/kt.gov.rs\/wp-content\/uploads\/2024\/07\/1423567987_news_pic1014062-4.jpg\" style=\"width: 315px; height: 235px; float: left;\" \/><\/strong><\/p>\n<p>\n\t<strong>Bujanoc\u00a0<\/strong>\u2013 Shefi i Delegacionit \u00eb Unionit Europian n\u00eb Serbi, ambasadori Majk\u00ebll Devenport, i\u2019u ka dor\u00ebzuar n\u00eb Vranj\u00eb p\u00ebrfaq\u00ebsuesve t\u00eb organizatave civile si dhe qeverisjeve lokale n\u00eb jugun e Serbis\u00eb, kontrata mbi ndarjen e mjeteve t\u00eb pakthyeshme p\u00ebr 15 projekte. Aktivitetet projektuese p\u00ebr 12 komuna t\u00eb jugut t\u00eb Serbis\u00eb, me vler\u00eb prej 300.000 eurove, do t\u2019i finansoj Unioni Europian dhe Qeveria e Zvicrr\u00ebs, p\u00ebrmes programit Progres, konkretish p\u00ebrmes Fondit p\u00ebr pjes\u00ebmarrje t\u00eb qytetar\u00ebve.<\/p>\n<p>\n\tN\u00eb jugun e Serbis\u00eb p\u00ebrmes Fondit p\u00ebr pjes\u00ebmarrje t\u00eb qytetar\u00ebve, do t\u00eb finansohen nga dy projekte n\u00eb Bosilegrad, Bujanoc dhe Surdulic\u00eb, nd\u00ebrsa nga nj\u00eb do t\u00eb realizohet n\u00eb T\u00ebrgovisht, Vlladi\u00e7in Han, Vranj\u00eb, Babushinc\u00eb, Gaxhin Han, Knjazhevc\u00eb, Leban, Leskoc dhe Vllasotinc\u00eb. Q\u00ebllimi kryesor i k\u00ebtyre projekteve \u00ebsht\u00eb q\u00eb t\u2019a ndihmojn\u00eb p\u00ebrfshirjen sociale t\u00eb qytetar\u00ebve t\u00eb nacionalitetit rom dhe personave me aft\u00ebsi t\u00eb kufizuara, q\u00eb t\u2019a p\u00ebrkrahin rim\u00ebk\u00ebmbjen ekonomike t\u00eb grave dhe t\u2019a promovojn\u00eb toleranc\u00ebn multietnike.<\/p>\n<p>\n\t\u201eProjektet e Fondit p\u00ebr pjes\u00ebmarrje t\u00eb qytetar\u00ebve m\u00eb s\u00eb shumti e shprehin karakterin europian t\u00eb programit. Partneriteti n\u00eb mes vetqeverisjeve lokale dhe organizatave joqeveritare \u00ebsht\u00eb baza e menaxhimit t\u00eb mir\u00eb dhe e vet grupit \u00ebsht\u00eb nj\u00ebra nd\u00ebr vlerat ky\u00e7e europiane, nd\u00ebrsa puna e tyre e p\u00ebrbashk\u00ebt d\u00ebrgon n\u00eb drejtim t\u00eb zgjidhjeve afatgjate t\u00eb problemeve n\u00eb komunitet\u201c, ka th\u00ebn\u00eb ambasadori Devenport.<\/p>\n<p>\n\tN\u00eb kuad\u00ebr t\u00eb turneut t\u00eb par\u00eb t\u00eb ftes\u00ebs s\u00eb Fondit t\u00eb pjes\u00ebmarrje t\u00eb qytetetar\u00ebv\u00eb gjithsej jan\u00eb miratuar 20 projekte n\u00eb jug dhe jugperendim t\u00eb Serbis\u00eb, me vler\u00eb prej 400 mij\u00eb eurove. Ambasadori Devenport ka marr\u00eb pjes\u00eb n\u00eb hapjen e trafostacionit rajonal n\u00eb Vranj\u00eb, projekt i p\u00ebrbashk\u00ebt i UE-s\u00eb dhe Elektro-rrjetit t\u00eb Serbis\u00eb, me vler\u00eb prej 19,5 milion euro, me t\u00eb cilin \u00ebsht\u00eb siguruar furnizimi me energji elektrike n\u00eb juglindje t\u00eb vendit.<\/p>\n<p>\n\tDeri m\u00eb tani jan\u00eb dor\u00ebzuar 15 kontrata mbi ndarjen e mjeteve t\u00eb pakthyeshme, nd\u00ebrsa 5 kontrata tjera do t\u00eb ndahen n\u00eb periudh\u00ebn e ardhshme p\u00ebr organizatat joqeveritare n\u00eb jugperendim t\u00eb vendit. Aktivitetet e Progresit Europian, programi i cili kontribuon n\u00eb zhvillimin e q\u00ebndruesh\u00ebm t\u00eb 34 komuna t\u00eb jugut dhe jugperendimit t\u00eb Serbis\u00eb, Unioni Europian dhe Qeveria e Zvicrr\u00ebs deri n\u00eb fund t\u00eb vitit 2017, do t\u2019a mb\u00ebshtes me gjithsej 24,46 milion euro.<\/p>\n<p>\n\t<strong>Burimi: TV Bujanoci dhe Trupi Koordinues<\/strong><\/p>\n","protected":false},"excerpt":{"rendered":"<p>Bujanoc \u2013 Shefi i Delegacionit \u00eb Unionit Europian n\u00eb Serbi, ambasadori Majk\u00ebll Devenport, i\u2019u ka dor\u00ebzuar n\u00eb Vranj\u00eb p\u00ebrfaq\u00ebsuesve t\u00eb organizatave civile si dhe qeverisjeve lokale n\u00eb jugun e Serbis\u00eb, kontrata mbi ndarjen e mjeteve t\u00eb pakthyeshme p\u00ebr 15 projekte. Aktivitetet projektuese p\u00ebr 12 komuna t\u00eb jugut t\u00eb Serbis\u00eb, me vler\u00eb prej 300.000 eurove, do t\u2019i finansoj Unioni Europian dhe Qeveria e Zvicrr\u00ebs, p\u00ebrmes programit Progres, konkretish p\u00ebrmes Fondit p\u00ebr pjes\u00ebmarrje t\u00eb qytetar\u00ebve.<\/p>\n","protected":false},"author":1,"featured_media":136384,"comment_status":"closed","ping_status":"closed","sticky":false,"template":"","format":"standard","meta":{"footnotes":""},"categories":[55],"tags":[],"class_list":["post-136379","post","type-post","status-publish","format-standard","has-post-thumbnail","hentry","category-lajme"],"yoast_head":"<!-- This site is optimized with the Yoast SEO plugin v27.5 - https:\/\/yoast.com\/product\/yoast-seo-wordpress\/ -->\n<title>JAN\u00cb NDAR\u00cb MJETE T\u00cb PAKTHYESHME P\u00cbR 15 PROJEKTE P\u00cbR SHOQ\u00cbRIT\u00cb CIVILE - Republika e S\u00ebrbis\u00eb Trupi Koordinues p\u00ebr komunat Bujanoc, Preshev\u00eb dhe Medvegj\u00eb<\/title>\n<meta name=\"robots\" content=\"index, follow, max-snippet:-1, max-image-preview:large, max-video-preview:-1\" \/>\n<link rel=\"canonical\" href=\"https:\/\/kt.gov.rs\/sq\/jane-ndare-mjete-te-pakthyeshme-per-15-projekte-per-shoqerite-civile\/\" \/>\n<meta property=\"og:locale\" content=\"sq_AL\" \/>\n<meta property=\"og:type\" content=\"article\" \/>\n<meta property=\"og:title\" content=\"JAN\u00cb NDAR\u00cb MJETE T\u00cb PAKTHYESHME P\u00cbR 15 PROJEKTE P\u00cbR SHOQ\u00cbRIT\u00cb CIVILE - Republika e S\u00ebrbis\u00eb Trupi Koordinues p\u00ebr komunat Bujanoc, Preshev\u00eb dhe Medvegj\u00eb\" \/>\n<meta property=\"og:description\" content=\"Bujanoc \u2013 Shefi i Delegacionit \u00eb Unionit Europian n\u00eb Serbi, ambasadori Majk\u00ebll Devenport, i\u2019u ka dor\u00ebzuar n\u00eb Vranj\u00eb p\u00ebrfaq\u00ebsuesve t\u00eb organizatave civile si dhe qeverisjeve lokale n\u00eb jugun e Serbis\u00eb, kontrata mbi ndarjen e mjeteve t\u00eb pakthyeshme p\u00ebr 15 projekte. Aktivitetet projektuese p\u00ebr 12 komuna t\u00eb jugut t\u00eb Serbis\u00eb, me vler\u00eb prej 300.000 eurove, do t\u2019i finansoj Unioni Europian dhe Qeveria e Zvicrr\u00ebs, p\u00ebrmes programit Progres, konkretish p\u00ebrmes Fondit p\u00ebr pjes\u00ebmarrje t\u00eb qytetar\u00ebve.\" \/>\n<meta property=\"og:url\" content=\"https:\/\/kt.gov.rs\/sq\/jane-ndare-mjete-te-pakthyeshme-per-15-projekte-per-shoqerite-civile\/\" \/>\n<meta property=\"og:site_name\" content=\"Republika e S\u00ebrbis\u00eb Trupi Koordinues p\u00ebr komunat Bujanoc, Preshev\u00eb dhe Medvegj\u00eb\" \/>\n<meta property=\"article:publisher\" content=\"https:\/\/www.facebook.com\/SluzbaKoordinacionogTelaVladeRepublikeSrbije\" \/>\n<meta property=\"article:published_time\" content=\"2015-02-10T00:00:00+00:00\" \/>\n<meta property=\"article:modified_time\" content=\"2024-07-30T19:38:01+00:00\" \/>\n<meta property=\"og:image\" content=\"https:\/\/kt.gov.rs\/wp-content\/uploads\/2024\/07\/1423567987_news_pic1014062-5.jpg\" \/>\n\t<meta property=\"og:image:width\" content=\"315\" \/>\n\t<meta property=\"og:image:height\" content=\"235\" \/>\n\t<meta property=\"og:image:type\" content=\"image\/jpeg\" \/>\n<meta name=\"author\" content=\"ktmin\" \/>\n<meta name=\"twitter:card\" content=\"summary_large_image\" \/>\n<meta name=\"twitter:creator\" content=\"@kt_gov\" \/>\n<meta name=\"twitter:site\" content=\"@kt_gov\" \/>\n<meta name=\"twitter:label1\" content=\"Written by\" \/>\n\t<meta name=\"twitter:data1\" content=\"ktmin\" \/>\n\t<meta name=\"twitter:label2\" content=\"Est. reading time\" \/>\n\t<meta name=\"twitter:data2\" content=\"3 minutes\" \/>\n<script type=\"application\/ld+json\" class=\"yoast-schema-graph\">{\"@context\":\"https:\\\/\\\/schema.org\",\"@graph\":[{\"@type\":\"Article\",\"@id\":\"https:\\\/\\\/kt.gov.rs\\\/sq\\\/jane-ndare-mjete-te-pakthyeshme-per-15-projekte-per-shoqerite-civile\\\/#article\",\"isPartOf\":{\"@id\":\"https:\\\/\\\/kt.gov.rs\\\/sq\\\/jane-ndare-mjete-te-pakthyeshme-per-15-projekte-per-shoqerite-civile\\\/\"},\"author\":{\"name\":\"ktmin\",\"@id\":\"https:\\\/\\\/kt.gov.rs\\\/#\\\/schema\\\/person\\\/e426459ddb4173309103390602694571\"},\"headline\":\"JAN\u00cb NDAR\u00cb MJETE T\u00cb PAKTHYESHME P\u00cbR 15 PROJEKTE P\u00cbR SHOQ\u00cbRIT\u00cb CIVILE\",\"datePublished\":\"2015-02-10T00:00:00+00:00\",\"dateModified\":\"2024-07-30T19:38:01+00:00\",\"mainEntityOfPage\":{\"@id\":\"https:\\\/\\\/kt.gov.rs\\\/sq\\\/jane-ndare-mjete-te-pakthyeshme-per-15-projekte-per-shoqerite-civile\\\/\"},\"wordCount\":573,\"publisher\":{\"@id\":\"https:\\\/\\\/kt.gov.rs\\\/#organization\"},\"image\":{\"@id\":\"https:\\\/\\\/kt.gov.rs\\\/sq\\\/jane-ndare-mjete-te-pakthyeshme-per-15-projekte-per-shoqerite-civile\\\/#primaryimage\"},\"thumbnailUrl\":\"https:\\\/\\\/kt.gov.rs\\\/wp-content\\\/uploads\\\/2024\\\/07\\\/1423567987_news_pic1014062-5.jpg\",\"articleSection\":[\"Lajme\"],\"inLanguage\":\"sq-AL\"},{\"@type\":\"WebPage\",\"@id\":\"https:\\\/\\\/kt.gov.rs\\\/sq\\\/jane-ndare-mjete-te-pakthyeshme-per-15-projekte-per-shoqerite-civile\\\/\",\"url\":\"https:\\\/\\\/kt.gov.rs\\\/sq\\\/jane-ndare-mjete-te-pakthyeshme-per-15-projekte-per-shoqerite-civile\\\/\",\"name\":\"JAN\u00cb NDAR\u00cb MJETE T\u00cb PAKTHYESHME P\u00cbR 15 PROJEKTE P\u00cbR SHOQ\u00cbRIT\u00cb CIVILE - Republika e S\u00ebrbis\u00eb Trupi Koordinues p\u00ebr komunat Bujanoc, Preshev\u00eb dhe Medvegj\u00eb\",\"isPartOf\":{\"@id\":\"https:\\\/\\\/kt.gov.rs\\\/#website\"},\"primaryImageOfPage\":{\"@id\":\"https:\\\/\\\/kt.gov.rs\\\/sq\\\/jane-ndare-mjete-te-pakthyeshme-per-15-projekte-per-shoqerite-civile\\\/#primaryimage\"},\"image\":{\"@id\":\"https:\\\/\\\/kt.gov.rs\\\/sq\\\/jane-ndare-mjete-te-pakthyeshme-per-15-projekte-per-shoqerite-civile\\\/#primaryimage\"},\"thumbnailUrl\":\"https:\\\/\\\/kt.gov.rs\\\/wp-content\\\/uploads\\\/2024\\\/07\\\/1423567987_news_pic1014062-5.jpg\",\"datePublished\":\"2015-02-10T00:00:00+00:00\",\"dateModified\":\"2024-07-30T19:38:01+00:00\",\"breadcrumb\":{\"@id\":\"https:\\\/\\\/kt.gov.rs\\\/sq\\\/jane-ndare-mjete-te-pakthyeshme-per-15-projekte-per-shoqerite-civile\\\/#breadcrumb\"},\"inLanguage\":\"sq-AL\",\"potentialAction\":[{\"@type\":\"ReadAction\",\"target\":[\"https:\\\/\\\/kt.gov.rs\\\/sq\\\/jane-ndare-mjete-te-pakthyeshme-per-15-projekte-per-shoqerite-civile\\\/\"]}]},{\"@type\":\"ImageObject\",\"inLanguage\":\"sq-AL\",\"@id\":\"https:\\\/\\\/kt.gov.rs\\\/sq\\\/jane-ndare-mjete-te-pakthyeshme-per-15-projekte-per-shoqerite-civile\\\/#primaryimage\",\"url\":\"https:\\\/\\\/kt.gov.rs\\\/wp-content\\\/uploads\\\/2024\\\/07\\\/1423567987_news_pic1014062-5.jpg\",\"contentUrl\":\"https:\\\/\\\/kt.gov.rs\\\/wp-content\\\/uploads\\\/2024\\\/07\\\/1423567987_news_pic1014062-5.jpg\",\"width\":315,\"height\":235},{\"@type\":\"BreadcrumbList\",\"@id\":\"https:\\\/\\\/kt.gov.rs\\\/sq\\\/jane-ndare-mjete-te-pakthyeshme-per-15-projekte-per-shoqerite-civile\\\/#breadcrumb\",\"itemListElement\":[{\"@type\":\"ListItem\",\"position\":1,\"name\":\"\u041f\u043e\u0447\u0435\u0442\u043d\u0430\",\"item\":\"https:\\\/\\\/kt.gov.rs\\\/sq\\\/\"},{\"@type\":\"ListItem\",\"position\":2,\"name\":\"JAN\u00cb NDAR\u00cb MJETE T\u00cb PAKTHYESHME P\u00cbR 15 PROJEKTE P\u00cbR SHOQ\u00cbRIT\u00cb CIVILE\"}]},{\"@type\":\"WebSite\",\"@id\":\"https:\\\/\\\/kt.gov.rs\\\/#website\",\"url\":\"https:\\\/\\\/kt.gov.rs\\\/\",\"name\":\"\u041a\u043e\u043e\u0440\u0434\u0438\u043d\u0430\u0446\u0438\u043e\u043d\u043e \u0442\u0435\u043b\u043e \u0412\u043b\u0430\u0434\u0435 \u0420\u0435\u043f\u0443\u0431\u043b\u0438\u043a\u0435 \u0421\u0440\u0431\u0438\u0458\u0435 \u0437\u0430 \u043e\u043f\u0448\u0442\u0438\u043d\u0435 \u041f\u0440\u0435\u0448\u0435\u0432\u043e, \u0411\u0443\u0458\u0430\u043d\u043e\u0432\u0430\u0446 \u0438 \u041c\u0435\u0434\u0432\u0435\u0452a\",\"description\":\"\",\"publisher\":{\"@id\":\"https:\\\/\\\/kt.gov.rs\\\/#organization\"},\"alternateName\":\"\u041a\u043e\u043e\u0440\u0434\u0438\u043d\u0430\u0446\u0438\u043e\u043d\u043e \u0442\u0435\u043b\u043e\",\"potentialAction\":[{\"@type\":\"SearchAction\",\"target\":{\"@type\":\"EntryPoint\",\"urlTemplate\":\"https:\\\/\\\/kt.gov.rs\\\/?s={search_term_string}\"},\"query-input\":{\"@type\":\"PropertyValueSpecification\",\"valueRequired\":true,\"valueName\":\"search_term_string\"}}],\"inLanguage\":\"sq-AL\"},{\"@type\":\"Organization\",\"@id\":\"https:\\\/\\\/kt.gov.rs\\\/#organization\",\"name\":\"\u041a\u043e\u043e\u0440\u0434\u0438\u043d\u0430\u0446\u0438\u043e\u043d\u043e \u0442\u0435\u043b\u043e \u0412\u043b\u0430\u0434\u0435 \u0420\u0435\u043f\u0443\u0431\u043b\u0438\u043a\u0435 \u0421\u0440\u0431\u0438\u0458\u0435 \u0437\u0430 \u043e\u043f\u0448\u0442\u0438\u043d\u0435 \u041f\u0440\u0435\u0448\u0435\u0432\u043e, \u0411\u0443\u0458\u0430\u043d\u043e\u0432\u0430\u0446 \u0438 \u041c\u0435\u0434\u0432\u0435\u0452a\",\"alternateName\":\"\u041a\u043e\u043e\u0440\u0434\u0438\u043d\u0430\u0446\u0438\u043e\u043d\u043e \u0442\u0435\u043b\u043e\",\"url\":\"https:\\\/\\\/kt.gov.rs\\\/\",\"logo\":{\"@type\":\"ImageObject\",\"inLanguage\":\"sq-AL\",\"@id\":\"https:\\\/\\\/kt.gov.rs\\\/#\\\/schema\\\/logo\\\/image\\\/\",\"url\":\"https:\\\/\\\/kt.gov.rs\\\/wp-content\\\/uploads\\\/2024\\\/12\\\/koord2.jpg\",\"contentUrl\":\"https:\\\/\\\/kt.gov.rs\\\/wp-content\\\/uploads\\\/2024\\\/12\\\/koord2.jpg\",\"width\":640,\"height\":480,\"caption\":\"\u041a\u043e\u043e\u0440\u0434\u0438\u043d\u0430\u0446\u0438\u043e\u043d\u043e \u0442\u0435\u043b\u043e \u0412\u043b\u0430\u0434\u0435 \u0420\u0435\u043f\u0443\u0431\u043b\u0438\u043a\u0435 \u0421\u0440\u0431\u0438\u0458\u0435 \u0437\u0430 \u043e\u043f\u0448\u0442\u0438\u043d\u0435 \u041f\u0440\u0435\u0448\u0435\u0432\u043e, \u0411\u0443\u0458\u0430\u043d\u043e\u0432\u0430\u0446 \u0438 \u041c\u0435\u0434\u0432\u0435\u0452a\"},\"image\":{\"@id\":\"https:\\\/\\\/kt.gov.rs\\\/#\\\/schema\\\/logo\\\/image\\\/\"},\"sameAs\":[\"https:\\\/\\\/www.facebook.com\\\/SluzbaKoordinacionogTelaVladeRepublikeSrbije\",\"https:\\\/\\\/x.com\\\/kt_gov\",\"https:\\\/\\\/www.youtube.com\\\/@koordinacionotelo\"]},{\"@type\":\"Person\",\"@id\":\"https:\\\/\\\/kt.gov.rs\\\/#\\\/schema\\\/person\\\/e426459ddb4173309103390602694571\",\"name\":\"ktmin\",\"image\":{\"@type\":\"ImageObject\",\"inLanguage\":\"sq-AL\",\"@id\":\"https:\\\/\\\/secure.gravatar.com\\\/avatar\\\/3985c961109853010c3fbc7ba30365bfba5db3dd6c525831d9c595c7525a615a?s=96&d=mm&r=g\",\"url\":\"https:\\\/\\\/secure.gravatar.com\\\/avatar\\\/3985c961109853010c3fbc7ba30365bfba5db3dd6c525831d9c595c7525a615a?s=96&d=mm&r=g\",\"contentUrl\":\"https:\\\/\\\/secure.gravatar.com\\\/avatar\\\/3985c961109853010c3fbc7ba30365bfba5db3dd6c525831d9c595c7525a615a?s=96&d=mm&r=g\",\"caption\":\"ktmin\"},\"sameAs\":[\"https:\\\/\\\/kt.gov.rs\"],\"url\":\"https:\\\/\\\/kt.gov.rs\\\/sq\\\/author\\\/ktmin\\\/\"}]}<\/script>\n<!-- \/ Yoast SEO plugin. -->","yoast_head_json":{"title":"JAN\u00cb NDAR\u00cb MJETE T\u00cb PAKTHYESHME P\u00cbR 15 PROJEKTE P\u00cbR SHOQ\u00cbRIT\u00cb CIVILE - Republika e S\u00ebrbis\u00eb Trupi Koordinues p\u00ebr komunat Bujanoc, Preshev\u00eb dhe Medvegj\u00eb","robots":{"index":"index","follow":"follow","max-snippet":"max-snippet:-1","max-image-preview":"max-image-preview:large","max-video-preview":"max-video-preview:-1"},"canonical":"https:\/\/kt.gov.rs\/sq\/jane-ndare-mjete-te-pakthyeshme-per-15-projekte-per-shoqerite-civile\/","og_locale":"sq_AL","og_type":"article","og_title":"JAN\u00cb NDAR\u00cb MJETE T\u00cb PAKTHYESHME P\u00cbR 15 PROJEKTE P\u00cbR SHOQ\u00cbRIT\u00cb CIVILE - Republika e S\u00ebrbis\u00eb Trupi Koordinues p\u00ebr komunat Bujanoc, Preshev\u00eb dhe Medvegj\u00eb","og_description":"Bujanoc \u2013 Shefi i Delegacionit \u00eb Unionit Europian n\u00eb Serbi, ambasadori Majk\u00ebll Devenport, i\u2019u ka dor\u00ebzuar n\u00eb Vranj\u00eb p\u00ebrfaq\u00ebsuesve t\u00eb organizatave civile si dhe qeverisjeve lokale n\u00eb jugun e Serbis\u00eb, kontrata mbi ndarjen e mjeteve t\u00eb pakthyeshme p\u00ebr 15 projekte. Aktivitetet projektuese p\u00ebr 12 komuna t\u00eb jugut t\u00eb Serbis\u00eb, me vler\u00eb prej 300.000 eurove, do t\u2019i finansoj Unioni Europian dhe Qeveria e Zvicrr\u00ebs, p\u00ebrmes programit Progres, konkretish p\u00ebrmes Fondit p\u00ebr pjes\u00ebmarrje t\u00eb qytetar\u00ebve.","og_url":"https:\/\/kt.gov.rs\/sq\/jane-ndare-mjete-te-pakthyeshme-per-15-projekte-per-shoqerite-civile\/","og_site_name":"Republika e S\u00ebrbis\u00eb Trupi Koordinues p\u00ebr komunat Bujanoc, Preshev\u00eb dhe Medvegj\u00eb","article_publisher":"https:\/\/www.facebook.com\/SluzbaKoordinacionogTelaVladeRepublikeSrbije","article_published_time":"2015-02-10T00:00:00+00:00","article_modified_time":"2024-07-30T19:38:01+00:00","og_image":[{"width":315,"height":235,"url":"https:\/\/kt.gov.rs\/wp-content\/uploads\/2024\/07\/1423567987_news_pic1014062-5.jpg","type":"image\/jpeg"}],"author":"ktmin","twitter_card":"summary_large_image","twitter_creator":"@kt_gov","twitter_site":"@kt_gov","twitter_misc":{"Written by":"ktmin","Est. reading time":"3 minutes"},"schema":{"@context":"https:\/\/schema.org","@graph":[{"@type":"Article","@id":"https:\/\/kt.gov.rs\/sq\/jane-ndare-mjete-te-pakthyeshme-per-15-projekte-per-shoqerite-civile\/#article","isPartOf":{"@id":"https:\/\/kt.gov.rs\/sq\/jane-ndare-mjete-te-pakthyeshme-per-15-projekte-per-shoqerite-civile\/"},"author":{"name":"ktmin","@id":"https:\/\/kt.gov.rs\/#\/schema\/person\/e426459ddb4173309103390602694571"},"headline":"JAN\u00cb NDAR\u00cb MJETE T\u00cb PAKTHYESHME P\u00cbR 15 PROJEKTE P\u00cbR SHOQ\u00cbRIT\u00cb CIVILE","datePublished":"2015-02-10T00:00:00+00:00","dateModified":"2024-07-30T19:38:01+00:00","mainEntityOfPage":{"@id":"https:\/\/kt.gov.rs\/sq\/jane-ndare-mjete-te-pakthyeshme-per-15-projekte-per-shoqerite-civile\/"},"wordCount":573,"publisher":{"@id":"https:\/\/kt.gov.rs\/#organization"},"image":{"@id":"https:\/\/kt.gov.rs\/sq\/jane-ndare-mjete-te-pakthyeshme-per-15-projekte-per-shoqerite-civile\/#primaryimage"},"thumbnailUrl":"https:\/\/kt.gov.rs\/wp-content\/uploads\/2024\/07\/1423567987_news_pic1014062-5.jpg","articleSection":["Lajme"],"inLanguage":"sq-AL"},{"@type":"WebPage","@id":"https:\/\/kt.gov.rs\/sq\/jane-ndare-mjete-te-pakthyeshme-per-15-projekte-per-shoqerite-civile\/","url":"https:\/\/kt.gov.rs\/sq\/jane-ndare-mjete-te-pakthyeshme-per-15-projekte-per-shoqerite-civile\/","name":"JAN\u00cb NDAR\u00cb MJETE T\u00cb PAKTHYESHME P\u00cbR 15 PROJEKTE P\u00cbR SHOQ\u00cbRIT\u00cb CIVILE - Republika e S\u00ebrbis\u00eb Trupi Koordinues p\u00ebr komunat Bujanoc, Preshev\u00eb dhe Medvegj\u00eb","isPartOf":{"@id":"https:\/\/kt.gov.rs\/#website"},"primaryImageOfPage":{"@id":"https:\/\/kt.gov.rs\/sq\/jane-ndare-mjete-te-pakthyeshme-per-15-projekte-per-shoqerite-civile\/#primaryimage"},"image":{"@id":"https:\/\/kt.gov.rs\/sq\/jane-ndare-mjete-te-pakthyeshme-per-15-projekte-per-shoqerite-civile\/#primaryimage"},"thumbnailUrl":"https:\/\/kt.gov.rs\/wp-content\/uploads\/2024\/07\/1423567987_news_pic1014062-5.jpg","datePublished":"2015-02-10T00:00:00+00:00","dateModified":"2024-07-30T19:38:01+00:00","breadcrumb":{"@id":"https:\/\/kt.gov.rs\/sq\/jane-ndare-mjete-te-pakthyeshme-per-15-projekte-per-shoqerite-civile\/#breadcrumb"},"inLanguage":"sq-AL","potentialAction":[{"@type":"ReadAction","target":["https:\/\/kt.gov.rs\/sq\/jane-ndare-mjete-te-pakthyeshme-per-15-projekte-per-shoqerite-civile\/"]}]},{"@type":"ImageObject","inLanguage":"sq-AL","@id":"https:\/\/kt.gov.rs\/sq\/jane-ndare-mjete-te-pakthyeshme-per-15-projekte-per-shoqerite-civile\/#primaryimage","url":"https:\/\/kt.gov.rs\/wp-content\/uploads\/2024\/07\/1423567987_news_pic1014062-5.jpg","contentUrl":"https:\/\/kt.gov.rs\/wp-content\/uploads\/2024\/07\/1423567987_news_pic1014062-5.jpg","width":315,"height":235},{"@type":"BreadcrumbList","@id":"https:\/\/kt.gov.rs\/sq\/jane-ndare-mjete-te-pakthyeshme-per-15-projekte-per-shoqerite-civile\/#breadcrumb","itemListElement":[{"@type":"ListItem","position":1,"name":"\u041f\u043e\u0447\u0435\u0442\u043d\u0430","item":"https:\/\/kt.gov.rs\/sq\/"},{"@type":"ListItem","position":2,"name":"JAN\u00cb NDAR\u00cb MJETE T\u00cb PAKTHYESHME P\u00cbR 15 PROJEKTE P\u00cbR SHOQ\u00cbRIT\u00cb CIVILE"}]},{"@type":"WebSite","@id":"https:\/\/kt.gov.rs\/#website","url":"https:\/\/kt.gov.rs\/","name":"\u041a\u043e\u043e\u0440\u0434\u0438\u043d\u0430\u0446\u0438\u043e\u043d\u043e \u0442\u0435\u043b\u043e \u0412\u043b\u0430\u0434\u0435 \u0420\u0435\u043f\u0443\u0431\u043b\u0438\u043a\u0435 \u0421\u0440\u0431\u0438\u0458\u0435 \u0437\u0430 \u043e\u043f\u0448\u0442\u0438\u043d\u0435 \u041f\u0440\u0435\u0448\u0435\u0432\u043e, \u0411\u0443\u0458\u0430\u043d\u043e\u0432\u0430\u0446 \u0438 \u041c\u0435\u0434\u0432\u0435\u0452a","description":"","publisher":{"@id":"https:\/\/kt.gov.rs\/#organization"},"alternateName":"\u041a\u043e\u043e\u0440\u0434\u0438\u043d\u0430\u0446\u0438\u043e\u043d\u043e \u0442\u0435\u043b\u043e","potentialAction":[{"@type":"SearchAction","target":{"@type":"EntryPoint","urlTemplate":"https:\/\/kt.gov.rs\/?s={search_term_string}"},"query-input":{"@type":"PropertyValueSpecification","valueRequired":true,"valueName":"search_term_string"}}],"inLanguage":"sq-AL"},{"@type":"Organization","@id":"https:\/\/kt.gov.rs\/#organization","name":"\u041a\u043e\u043e\u0440\u0434\u0438\u043d\u0430\u0446\u0438\u043e\u043d\u043e \u0442\u0435\u043b\u043e \u0412\u043b\u0430\u0434\u0435 \u0420\u0435\u043f\u0443\u0431\u043b\u0438\u043a\u0435 \u0421\u0440\u0431\u0438\u0458\u0435 \u0437\u0430 \u043e\u043f\u0448\u0442\u0438\u043d\u0435 \u041f\u0440\u0435\u0448\u0435\u0432\u043e, \u0411\u0443\u0458\u0430\u043d\u043e\u0432\u0430\u0446 \u0438 \u041c\u0435\u0434\u0432\u0435\u0452a","alternateName":"\u041a\u043e\u043e\u0440\u0434\u0438\u043d\u0430\u0446\u0438\u043e\u043d\u043e \u0442\u0435\u043b\u043e","url":"https:\/\/kt.gov.rs\/","logo":{"@type":"ImageObject","inLanguage":"sq-AL","@id":"https:\/\/kt.gov.rs\/#\/schema\/logo\/image\/","url":"https:\/\/kt.gov.rs\/wp-content\/uploads\/2024\/12\/koord2.jpg","contentUrl":"https:\/\/kt.gov.rs\/wp-content\/uploads\/2024\/12\/koord2.jpg","width":640,"height":480,"caption":"\u041a\u043e\u043e\u0440\u0434\u0438\u043d\u0430\u0446\u0438\u043e\u043d\u043e \u0442\u0435\u043b\u043e \u0412\u043b\u0430\u0434\u0435 \u0420\u0435\u043f\u0443\u0431\u043b\u0438\u043a\u0435 \u0421\u0440\u0431\u0438\u0458\u0435 \u0437\u0430 \u043e\u043f\u0448\u0442\u0438\u043d\u0435 \u041f\u0440\u0435\u0448\u0435\u0432\u043e, \u0411\u0443\u0458\u0430\u043d\u043e\u0432\u0430\u0446 \u0438 \u041c\u0435\u0434\u0432\u0435\u0452a"},"image":{"@id":"https:\/\/kt.gov.rs\/#\/schema\/logo\/image\/"},"sameAs":["https:\/\/www.facebook.com\/SluzbaKoordinacionogTelaVladeRepublikeSrbije","https:\/\/x.com\/kt_gov","https:\/\/www.youtube.com\/@koordinacionotelo"]},{"@type":"Person","@id":"https:\/\/kt.gov.rs\/#\/schema\/person\/e426459ddb4173309103390602694571","name":"ktmin","image":{"@type":"ImageObject","inLanguage":"sq-AL","@id":"https:\/\/secure.gravatar.com\/avatar\/3985c961109853010c3fbc7ba30365bfba5db3dd6c525831d9c595c7525a615a?s=96&d=mm&r=g","url":"https:\/\/secure.gravatar.com\/avatar\/3985c961109853010c3fbc7ba30365bfba5db3dd6c525831d9c595c7525a615a?s=96&d=mm&r=g","contentUrl":"https:\/\/secure.gravatar.com\/avatar\/3985c961109853010c3fbc7ba30365bfba5db3dd6c525831d9c595c7525a615a?s=96&d=mm&r=g","caption":"ktmin"},"sameAs":["https:\/\/kt.gov.rs"],"url":"https:\/\/kt.gov.rs\/sq\/author\/ktmin\/"}]}},"_links":{"self":[{"href":"https:\/\/kt.gov.rs\/sq\/wp-json\/wp\/v2\/posts\/136379","targetHints":{"allow":["GET"]}}],"collection":[{"href":"https:\/\/kt.gov.rs\/sq\/wp-json\/wp\/v2\/posts"}],"about":[{"href":"https:\/\/kt.gov.rs\/sq\/wp-json\/wp\/v2\/types\/post"}],"author":[{"embeddable":true,"href":"https:\/\/kt.gov.rs\/sq\/wp-json\/wp\/v2\/users\/1"}],"replies":[{"embeddable":true,"href":"https:\/\/kt.gov.rs\/sq\/wp-json\/wp\/v2\/comments?post=136379"}],"version-history":[{"count":1,"href":"https:\/\/kt.gov.rs\/sq\/wp-json\/wp\/v2\/posts\/136379\/revisions"}],"predecessor-version":[{"id":136383,"href":"https:\/\/kt.gov.rs\/sq\/wp-json\/wp\/v2\/posts\/136379\/revisions\/136383"}],"wp:featuredmedia":[{"embeddable":true,"href":"https:\/\/kt.gov.rs\/sq\/wp-json\/wp\/v2\/media\/136384"}],"wp:attachment":[{"href":"https:\/\/kt.gov.rs\/sq\/wp-json\/wp\/v2\/media?parent=136379"}],"wp:term":[{"taxonomy":"category","embeddable":true,"href":"https:\/\/kt.gov.rs\/sq\/wp-json\/wp\/v2\/categories?post=136379"},{"taxonomy":"post_tag","embeddable":true,"href":"https:\/\/kt.gov.rs\/sq\/wp-json\/wp\/v2\/tags?post=136379"}],"curies":[{"name":"wp","href":"https:\/\/api.w.org\/{rel}","templated":true}]}}