{"id":135652,"date":"2015-04-08T00:00:00","date_gmt":"2015-04-08T00:00:00","guid":{"rendered":"http:\/\/kt.printandscreen.rs\/te-gjithe-femijet-ne-serbi-kane-te-drejte-ne-vakciminimin-falas-te-kombinuar-pentavalent\/"},"modified":"2024-07-30T19:36:41","modified_gmt":"2024-07-30T19:36:41","slug":"te-gjithe-femijet-ne-serbi-kane-te-drejte-ne-vakciminimin-falas-te-kombinuar-pentavalent","status":"publish","type":"post","link":"https:\/\/kt.gov.rs\/sq\/te-gjithe-femijet-ne-serbi-kane-te-drejte-ne-vakciminimin-falas-te-kombinuar-pentavalent\/","title":{"rendered":"T\u00cb GJITH\u00cb F\u00cbMIJ\u00cbT N\u00cb SERBI KAN\u00cb T\u00cb DREJT\u00cb N\u00cb VAKCIMINIMIN FALAS T\u00cb KOMBINUAR PENTAVALENT"},"content":{"rendered":"<p>\n\t<img decoding=\"async\" alt=\"\" src=\"https:\/\/kt.gov.rs\/wp-content\/uploads\/2024\/07\/1428495011_news_pic1014147-4.jpg\" style=\"width: 315px; height: 155px; float: left;\" \/><\/p>\n<p>\n\tNdryshimet n\u00eb Rregulloren mbi imunizimin dhe m\u00ebnyr\u00ebs s\u00eb mbrojtjes s\u00eb barnave, t\u00eb cilat zbatohen nga e h\u00ebna, \u00ebsht\u00eb mund\u00ebsuar q\u00eb f\u00ebmij\u00ebt nga e t\u00ebr\u00eb Serbia t\u00eb ken\u00eb t\u00eb drejt\u00eb n\u00eb vakcinimin e kombinuar pantevalent.<\/p>\n<p>\n\t\u201dMe k\u00ebto ndryshimeve \u00ebsht\u00eb parapar\u00eb q\u00eb t\u00eb gjith\u00eb f\u00ebmij\u00ebt t\u00eb cil\u00ebt kan\u00eb filluar imunizimin me vakcin\u00ebn e kombinuar pantevalente gjat\u00eb vitit 2014, si dhe f\u00ebmij\u00ebt tjer\u00eb t\u00eb cil\u00ebt kan\u00eb filluar vaksinimin me k\u00ebt\u00eb vakcin\u00eb q\u00eb nga Rregullorja at\u00ebhershme, kan\u00eb t\u00eb drejt\u00eb dhe mund q\u00eb falas t\u00eb vakcinohen me t\u00eb njejt\u00ebn vakcin\u00eb edhe gjat\u00eb vitit 2015\u201d, \u00ebsht\u00eb th\u00ebn\u00eb n\u00eb komunikat\u00ebn e Ministris\u00eb s\u00eb Sh\u00ebndet\u00ebsis\u00eb.<\/p>\n<p>\n\tMe futjen e tipit t\u00eb ri t\u00eb vakcin\u00ebs s\u00eb kombinuar pantevalente kund\u00ebr difteris\u00eb, tetanusit, kollit t\u00eb ke\u00e7, paraliz\u00ebs s\u00eb f\u00ebmij\u00ebve dhe influenc\u00ebs hemofile t\u00eb tipit B, jan\u00eb definuar ndryshimet dhe plot\u00ebsimet n\u00eb Rregulloren mbi imunizimin dhe m\u00ebnyr\u00ebn e mbrotjes s\u00eb barnave, i cili ka filluar t\u00eb zbatohet nga 1 janari i k\u00ebtij viti.<\/p>\n<p>\n\t<strong>Burimi: RTV Ritam dhe Trupi Koordinues<\/strong><\/p>\n","protected":false},"excerpt":{"rendered":"<p>Ndryshimet n\u00eb Rregulloren mbi imunizimin dhe m\u00ebnyr\u00ebs s\u00eb mbrojtjes s\u00eb barnave, t\u00eb cilat zbatohen nga e h\u00ebna, \u00ebsht\u00eb mund\u00ebsuar q\u00eb f\u00ebmij\u00ebt nga e t\u00ebr\u00eb Serbia t\u00eb ken\u00eb t\u00eb drejt\u00eb n\u00eb vakcinimin e kombinuar pantevalent.<\/p>\n","protected":false},"author":1,"featured_media":135657,"comment_status":"closed","ping_status":"closed","sticky":false,"template":"","format":"standard","meta":{"footnotes":""},"categories":[55],"tags":[],"class_list":["post-135652","post","type-post","status-publish","format-standard","has-post-thumbnail","hentry","category-lajme"],"yoast_head":"<!-- This site is optimized with the Yoast SEO plugin v27.5 - https:\/\/yoast.com\/product\/yoast-seo-wordpress\/ -->\n<title>T\u00cb GJITH\u00cb F\u00cbMIJ\u00cbT N\u00cb SERBI KAN\u00cb T\u00cb DREJT\u00cb N\u00cb VAKCIMINIMIN FALAS T\u00cb KOMBINUAR PENTAVALENT - Republika e S\u00ebrbis\u00eb Trupi Koordinues p\u00ebr komunat Bujanoc, Preshev\u00eb dhe Medvegj\u00eb<\/title>\n<meta name=\"robots\" content=\"index, follow, max-snippet:-1, max-image-preview:large, max-video-preview:-1\" \/>\n<link rel=\"canonical\" href=\"https:\/\/kt.gov.rs\/sq\/te-gjithe-femijet-ne-serbi-kane-te-drejte-ne-vakciminimin-falas-te-kombinuar-pentavalent\/\" \/>\n<meta property=\"og:locale\" content=\"sq_AL\" \/>\n<meta property=\"og:type\" content=\"article\" \/>\n<meta property=\"og:title\" content=\"T\u00cb GJITH\u00cb F\u00cbMIJ\u00cbT N\u00cb SERBI KAN\u00cb T\u00cb DREJT\u00cb N\u00cb VAKCIMINIMIN FALAS T\u00cb KOMBINUAR PENTAVALENT - Republika e S\u00ebrbis\u00eb Trupi Koordinues p\u00ebr komunat Bujanoc, Preshev\u00eb dhe Medvegj\u00eb\" \/>\n<meta property=\"og:description\" content=\"Ndryshimet n\u00eb Rregulloren mbi imunizimin dhe m\u00ebnyr\u00ebs s\u00eb mbrojtjes s\u00eb barnave, t\u00eb cilat zbatohen nga e h\u00ebna, \u00ebsht\u00eb mund\u00ebsuar q\u00eb f\u00ebmij\u00ebt nga e t\u00ebr\u00eb Serbia t\u00eb ken\u00eb t\u00eb drejt\u00eb n\u00eb vakcinimin e kombinuar pantevalent.\" \/>\n<meta property=\"og:url\" content=\"https:\/\/kt.gov.rs\/sq\/te-gjithe-femijet-ne-serbi-kane-te-drejte-ne-vakciminimin-falas-te-kombinuar-pentavalent\/\" \/>\n<meta property=\"og:site_name\" content=\"Republika e S\u00ebrbis\u00eb Trupi Koordinues p\u00ebr komunat Bujanoc, Preshev\u00eb dhe Medvegj\u00eb\" \/>\n<meta property=\"article:publisher\" content=\"https:\/\/www.facebook.com\/SluzbaKoordinacionogTelaVladeRepublikeSrbije\" \/>\n<meta property=\"article:published_time\" content=\"2015-04-08T00:00:00+00:00\" \/>\n<meta property=\"article:modified_time\" content=\"2024-07-30T19:36:41+00:00\" \/>\n<meta property=\"og:image\" content=\"https:\/\/kt.gov.rs\/wp-content\/uploads\/2024\/07\/1428495011_news_pic1014147-5.jpg\" \/>\n\t<meta property=\"og:image:width\" content=\"315\" \/>\n\t<meta property=\"og:image:height\" content=\"155\" \/>\n\t<meta property=\"og:image:type\" content=\"image\/jpeg\" \/>\n<meta name=\"author\" content=\"ktmin\" \/>\n<meta name=\"twitter:card\" content=\"summary_large_image\" \/>\n<meta name=\"twitter:creator\" content=\"@kt_gov\" \/>\n<meta name=\"twitter:site\" content=\"@kt_gov\" \/>\n<meta name=\"twitter:label1\" content=\"Written by\" \/>\n\t<meta name=\"twitter:data1\" content=\"ktmin\" \/>\n\t<meta name=\"twitter:label2\" content=\"Est. reading time\" \/>\n\t<meta name=\"twitter:data2\" content=\"1 minute\" \/>\n<script type=\"application\/ld+json\" class=\"yoast-schema-graph\">{\"@context\":\"https:\\\/\\\/schema.org\",\"@graph\":[{\"@type\":\"Article\",\"@id\":\"https:\\\/\\\/kt.gov.rs\\\/sq\\\/te-gjithe-femijet-ne-serbi-kane-te-drejte-ne-vakciminimin-falas-te-kombinuar-pentavalent\\\/#article\",\"isPartOf\":{\"@id\":\"https:\\\/\\\/kt.gov.rs\\\/sq\\\/te-gjithe-femijet-ne-serbi-kane-te-drejte-ne-vakciminimin-falas-te-kombinuar-pentavalent\\\/\"},\"author\":{\"name\":\"ktmin\",\"@id\":\"https:\\\/\\\/kt.gov.rs\\\/#\\\/schema\\\/person\\\/e426459ddb4173309103390602694571\"},\"headline\":\"T\u00cb GJITH\u00cb F\u00cbMIJ\u00cbT N\u00cb SERBI KAN\u00cb T\u00cb DREJT\u00cb N\u00cb VAKCIMINIMIN FALAS T\u00cb KOMBINUAR PENTAVALENT\",\"datePublished\":\"2015-04-08T00:00:00+00:00\",\"dateModified\":\"2024-07-30T19:36:41+00:00\",\"mainEntityOfPage\":{\"@id\":\"https:\\\/\\\/kt.gov.rs\\\/sq\\\/te-gjithe-femijet-ne-serbi-kane-te-drejte-ne-vakciminimin-falas-te-kombinuar-pentavalent\\\/\"},\"wordCount\":290,\"publisher\":{\"@id\":\"https:\\\/\\\/kt.gov.rs\\\/#organization\"},\"image\":{\"@id\":\"https:\\\/\\\/kt.gov.rs\\\/sq\\\/te-gjithe-femijet-ne-serbi-kane-te-drejte-ne-vakciminimin-falas-te-kombinuar-pentavalent\\\/#primaryimage\"},\"thumbnailUrl\":\"https:\\\/\\\/kt.gov.rs\\\/wp-content\\\/uploads\\\/2024\\\/07\\\/1428495011_news_pic1014147-5.jpg\",\"articleSection\":[\"Lajme\"],\"inLanguage\":\"sq-AL\"},{\"@type\":\"WebPage\",\"@id\":\"https:\\\/\\\/kt.gov.rs\\\/sq\\\/te-gjithe-femijet-ne-serbi-kane-te-drejte-ne-vakciminimin-falas-te-kombinuar-pentavalent\\\/\",\"url\":\"https:\\\/\\\/kt.gov.rs\\\/sq\\\/te-gjithe-femijet-ne-serbi-kane-te-drejte-ne-vakciminimin-falas-te-kombinuar-pentavalent\\\/\",\"name\":\"T\u00cb GJITH\u00cb F\u00cbMIJ\u00cbT N\u00cb SERBI KAN\u00cb T\u00cb DREJT\u00cb N\u00cb VAKCIMINIMIN FALAS T\u00cb KOMBINUAR PENTAVALENT - Republika e S\u00ebrbis\u00eb Trupi Koordinues p\u00ebr komunat Bujanoc, Preshev\u00eb dhe Medvegj\u00eb\",\"isPartOf\":{\"@id\":\"https:\\\/\\\/kt.gov.rs\\\/#website\"},\"primaryImageOfPage\":{\"@id\":\"https:\\\/\\\/kt.gov.rs\\\/sq\\\/te-gjithe-femijet-ne-serbi-kane-te-drejte-ne-vakciminimin-falas-te-kombinuar-pentavalent\\\/#primaryimage\"},\"image\":{\"@id\":\"https:\\\/\\\/kt.gov.rs\\\/sq\\\/te-gjithe-femijet-ne-serbi-kane-te-drejte-ne-vakciminimin-falas-te-kombinuar-pentavalent\\\/#primaryimage\"},\"thumbnailUrl\":\"https:\\\/\\\/kt.gov.rs\\\/wp-content\\\/uploads\\\/2024\\\/07\\\/1428495011_news_pic1014147-5.jpg\",\"datePublished\":\"2015-04-08T00:00:00+00:00\",\"dateModified\":\"2024-07-30T19:36:41+00:00\",\"breadcrumb\":{\"@id\":\"https:\\\/\\\/kt.gov.rs\\\/sq\\\/te-gjithe-femijet-ne-serbi-kane-te-drejte-ne-vakciminimin-falas-te-kombinuar-pentavalent\\\/#breadcrumb\"},\"inLanguage\":\"sq-AL\",\"potentialAction\":[{\"@type\":\"ReadAction\",\"target\":[\"https:\\\/\\\/kt.gov.rs\\\/sq\\\/te-gjithe-femijet-ne-serbi-kane-te-drejte-ne-vakciminimin-falas-te-kombinuar-pentavalent\\\/\"]}]},{\"@type\":\"ImageObject\",\"inLanguage\":\"sq-AL\",\"@id\":\"https:\\\/\\\/kt.gov.rs\\\/sq\\\/te-gjithe-femijet-ne-serbi-kane-te-drejte-ne-vakciminimin-falas-te-kombinuar-pentavalent\\\/#primaryimage\",\"url\":\"https:\\\/\\\/kt.gov.rs\\\/wp-content\\\/uploads\\\/2024\\\/07\\\/1428495011_news_pic1014147-5.jpg\",\"contentUrl\":\"https:\\\/\\\/kt.gov.rs\\\/wp-content\\\/uploads\\\/2024\\\/07\\\/1428495011_news_pic1014147-5.jpg\",\"width\":315,\"height\":155},{\"@type\":\"BreadcrumbList\",\"@id\":\"https:\\\/\\\/kt.gov.rs\\\/sq\\\/te-gjithe-femijet-ne-serbi-kane-te-drejte-ne-vakciminimin-falas-te-kombinuar-pentavalent\\\/#breadcrumb\",\"itemListElement\":[{\"@type\":\"ListItem\",\"position\":1,\"name\":\"\u041f\u043e\u0447\u0435\u0442\u043d\u0430\",\"item\":\"https:\\\/\\\/kt.gov.rs\\\/sq\\\/\"},{\"@type\":\"ListItem\",\"position\":2,\"name\":\"T\u00cb GJITH\u00cb F\u00cbMIJ\u00cbT N\u00cb SERBI KAN\u00cb T\u00cb DREJT\u00cb N\u00cb VAKCIMINIMIN FALAS T\u00cb KOMBINUAR PENTAVALENT\"}]},{\"@type\":\"WebSite\",\"@id\":\"https:\\\/\\\/kt.gov.rs\\\/#website\",\"url\":\"https:\\\/\\\/kt.gov.rs\\\/\",\"name\":\"\u041a\u043e\u043e\u0440\u0434\u0438\u043d\u0430\u0446\u0438\u043e\u043d\u043e \u0442\u0435\u043b\u043e \u0412\u043b\u0430\u0434\u0435 \u0420\u0435\u043f\u0443\u0431\u043b\u0438\u043a\u0435 \u0421\u0440\u0431\u0438\u0458\u0435 \u0437\u0430 \u043e\u043f\u0448\u0442\u0438\u043d\u0435 \u041f\u0440\u0435\u0448\u0435\u0432\u043e, \u0411\u0443\u0458\u0430\u043d\u043e\u0432\u0430\u0446 \u0438 \u041c\u0435\u0434\u0432\u0435\u0452a\",\"description\":\"\",\"publisher\":{\"@id\":\"https:\\\/\\\/kt.gov.rs\\\/#organization\"},\"alternateName\":\"\u041a\u043e\u043e\u0440\u0434\u0438\u043d\u0430\u0446\u0438\u043e\u043d\u043e \u0442\u0435\u043b\u043e\",\"potentialAction\":[{\"@type\":\"SearchAction\",\"target\":{\"@type\":\"EntryPoint\",\"urlTemplate\":\"https:\\\/\\\/kt.gov.rs\\\/?s={search_term_string}\"},\"query-input\":{\"@type\":\"PropertyValueSpecification\",\"valueRequired\":true,\"valueName\":\"search_term_string\"}}],\"inLanguage\":\"sq-AL\"},{\"@type\":\"Organization\",\"@id\":\"https:\\\/\\\/kt.gov.rs\\\/#organization\",\"name\":\"\u041a\u043e\u043e\u0440\u0434\u0438\u043d\u0430\u0446\u0438\u043e\u043d\u043e \u0442\u0435\u043b\u043e \u0412\u043b\u0430\u0434\u0435 \u0420\u0435\u043f\u0443\u0431\u043b\u0438\u043a\u0435 \u0421\u0440\u0431\u0438\u0458\u0435 \u0437\u0430 \u043e\u043f\u0448\u0442\u0438\u043d\u0435 \u041f\u0440\u0435\u0448\u0435\u0432\u043e, \u0411\u0443\u0458\u0430\u043d\u043e\u0432\u0430\u0446 \u0438 \u041c\u0435\u0434\u0432\u0435\u0452a\",\"alternateName\":\"\u041a\u043e\u043e\u0440\u0434\u0438\u043d\u0430\u0446\u0438\u043e\u043d\u043e \u0442\u0435\u043b\u043e\",\"url\":\"https:\\\/\\\/kt.gov.rs\\\/\",\"logo\":{\"@type\":\"ImageObject\",\"inLanguage\":\"sq-AL\",\"@id\":\"https:\\\/\\\/kt.gov.rs\\\/#\\\/schema\\\/logo\\\/image\\\/\",\"url\":\"https:\\\/\\\/kt.gov.rs\\\/wp-content\\\/uploads\\\/2024\\\/12\\\/koord2.jpg\",\"contentUrl\":\"https:\\\/\\\/kt.gov.rs\\\/wp-content\\\/uploads\\\/2024\\\/12\\\/koord2.jpg\",\"width\":640,\"height\":480,\"caption\":\"\u041a\u043e\u043e\u0440\u0434\u0438\u043d\u0430\u0446\u0438\u043e\u043d\u043e \u0442\u0435\u043b\u043e \u0412\u043b\u0430\u0434\u0435 \u0420\u0435\u043f\u0443\u0431\u043b\u0438\u043a\u0435 \u0421\u0440\u0431\u0438\u0458\u0435 \u0437\u0430 \u043e\u043f\u0448\u0442\u0438\u043d\u0435 \u041f\u0440\u0435\u0448\u0435\u0432\u043e, \u0411\u0443\u0458\u0430\u043d\u043e\u0432\u0430\u0446 \u0438 \u041c\u0435\u0434\u0432\u0435\u0452a\"},\"image\":{\"@id\":\"https:\\\/\\\/kt.gov.rs\\\/#\\\/schema\\\/logo\\\/image\\\/\"},\"sameAs\":[\"https:\\\/\\\/www.facebook.com\\\/SluzbaKoordinacionogTelaVladeRepublikeSrbije\",\"https:\\\/\\\/x.com\\\/kt_gov\",\"https:\\\/\\\/www.youtube.com\\\/@koordinacionotelo\"]},{\"@type\":\"Person\",\"@id\":\"https:\\\/\\\/kt.gov.rs\\\/#\\\/schema\\\/person\\\/e426459ddb4173309103390602694571\",\"name\":\"ktmin\",\"image\":{\"@type\":\"ImageObject\",\"inLanguage\":\"sq-AL\",\"@id\":\"https:\\\/\\\/secure.gravatar.com\\\/avatar\\\/3985c961109853010c3fbc7ba30365bfba5db3dd6c525831d9c595c7525a615a?s=96&d=mm&r=g\",\"url\":\"https:\\\/\\\/secure.gravatar.com\\\/avatar\\\/3985c961109853010c3fbc7ba30365bfba5db3dd6c525831d9c595c7525a615a?s=96&d=mm&r=g\",\"contentUrl\":\"https:\\\/\\\/secure.gravatar.com\\\/avatar\\\/3985c961109853010c3fbc7ba30365bfba5db3dd6c525831d9c595c7525a615a?s=96&d=mm&r=g\",\"caption\":\"ktmin\"},\"sameAs\":[\"https:\\\/\\\/kt.gov.rs\"],\"url\":\"https:\\\/\\\/kt.gov.rs\\\/sq\\\/author\\\/ktmin\\\/\"}]}<\/script>\n<!-- \/ Yoast SEO plugin. -->","yoast_head_json":{"title":"T\u00cb GJITH\u00cb F\u00cbMIJ\u00cbT N\u00cb SERBI KAN\u00cb T\u00cb DREJT\u00cb N\u00cb VAKCIMINIMIN FALAS T\u00cb KOMBINUAR PENTAVALENT - Republika e S\u00ebrbis\u00eb Trupi Koordinues p\u00ebr komunat Bujanoc, Preshev\u00eb dhe Medvegj\u00eb","robots":{"index":"index","follow":"follow","max-snippet":"max-snippet:-1","max-image-preview":"max-image-preview:large","max-video-preview":"max-video-preview:-1"},"canonical":"https:\/\/kt.gov.rs\/sq\/te-gjithe-femijet-ne-serbi-kane-te-drejte-ne-vakciminimin-falas-te-kombinuar-pentavalent\/","og_locale":"sq_AL","og_type":"article","og_title":"T\u00cb GJITH\u00cb F\u00cbMIJ\u00cbT N\u00cb SERBI KAN\u00cb T\u00cb DREJT\u00cb N\u00cb VAKCIMINIMIN FALAS T\u00cb KOMBINUAR PENTAVALENT - Republika e S\u00ebrbis\u00eb Trupi Koordinues p\u00ebr komunat Bujanoc, Preshev\u00eb dhe Medvegj\u00eb","og_description":"Ndryshimet n\u00eb Rregulloren mbi imunizimin dhe m\u00ebnyr\u00ebs s\u00eb mbrojtjes s\u00eb barnave, t\u00eb cilat zbatohen nga e h\u00ebna, \u00ebsht\u00eb mund\u00ebsuar q\u00eb f\u00ebmij\u00ebt nga e t\u00ebr\u00eb Serbia t\u00eb ken\u00eb t\u00eb drejt\u00eb n\u00eb vakcinimin e kombinuar pantevalent.","og_url":"https:\/\/kt.gov.rs\/sq\/te-gjithe-femijet-ne-serbi-kane-te-drejte-ne-vakciminimin-falas-te-kombinuar-pentavalent\/","og_site_name":"Republika e S\u00ebrbis\u00eb Trupi Koordinues p\u00ebr komunat Bujanoc, Preshev\u00eb dhe Medvegj\u00eb","article_publisher":"https:\/\/www.facebook.com\/SluzbaKoordinacionogTelaVladeRepublikeSrbije","article_published_time":"2015-04-08T00:00:00+00:00","article_modified_time":"2024-07-30T19:36:41+00:00","og_image":[{"width":315,"height":155,"url":"https:\/\/kt.gov.rs\/wp-content\/uploads\/2024\/07\/1428495011_news_pic1014147-5.jpg","type":"image\/jpeg"}],"author":"ktmin","twitter_card":"summary_large_image","twitter_creator":"@kt_gov","twitter_site":"@kt_gov","twitter_misc":{"Written by":"ktmin","Est. reading time":"1 minute"},"schema":{"@context":"https:\/\/schema.org","@graph":[{"@type":"Article","@id":"https:\/\/kt.gov.rs\/sq\/te-gjithe-femijet-ne-serbi-kane-te-drejte-ne-vakciminimin-falas-te-kombinuar-pentavalent\/#article","isPartOf":{"@id":"https:\/\/kt.gov.rs\/sq\/te-gjithe-femijet-ne-serbi-kane-te-drejte-ne-vakciminimin-falas-te-kombinuar-pentavalent\/"},"author":{"name":"ktmin","@id":"https:\/\/kt.gov.rs\/#\/schema\/person\/e426459ddb4173309103390602694571"},"headline":"T\u00cb GJITH\u00cb F\u00cbMIJ\u00cbT N\u00cb SERBI KAN\u00cb T\u00cb DREJT\u00cb N\u00cb VAKCIMINIMIN FALAS T\u00cb KOMBINUAR PENTAVALENT","datePublished":"2015-04-08T00:00:00+00:00","dateModified":"2024-07-30T19:36:41+00:00","mainEntityOfPage":{"@id":"https:\/\/kt.gov.rs\/sq\/te-gjithe-femijet-ne-serbi-kane-te-drejte-ne-vakciminimin-falas-te-kombinuar-pentavalent\/"},"wordCount":290,"publisher":{"@id":"https:\/\/kt.gov.rs\/#organization"},"image":{"@id":"https:\/\/kt.gov.rs\/sq\/te-gjithe-femijet-ne-serbi-kane-te-drejte-ne-vakciminimin-falas-te-kombinuar-pentavalent\/#primaryimage"},"thumbnailUrl":"https:\/\/kt.gov.rs\/wp-content\/uploads\/2024\/07\/1428495011_news_pic1014147-5.jpg","articleSection":["Lajme"],"inLanguage":"sq-AL"},{"@type":"WebPage","@id":"https:\/\/kt.gov.rs\/sq\/te-gjithe-femijet-ne-serbi-kane-te-drejte-ne-vakciminimin-falas-te-kombinuar-pentavalent\/","url":"https:\/\/kt.gov.rs\/sq\/te-gjithe-femijet-ne-serbi-kane-te-drejte-ne-vakciminimin-falas-te-kombinuar-pentavalent\/","name":"T\u00cb GJITH\u00cb F\u00cbMIJ\u00cbT N\u00cb SERBI KAN\u00cb T\u00cb DREJT\u00cb N\u00cb VAKCIMINIMIN FALAS T\u00cb KOMBINUAR PENTAVALENT - Republika e S\u00ebrbis\u00eb Trupi Koordinues p\u00ebr komunat Bujanoc, Preshev\u00eb dhe Medvegj\u00eb","isPartOf":{"@id":"https:\/\/kt.gov.rs\/#website"},"primaryImageOfPage":{"@id":"https:\/\/kt.gov.rs\/sq\/te-gjithe-femijet-ne-serbi-kane-te-drejte-ne-vakciminimin-falas-te-kombinuar-pentavalent\/#primaryimage"},"image":{"@id":"https:\/\/kt.gov.rs\/sq\/te-gjithe-femijet-ne-serbi-kane-te-drejte-ne-vakciminimin-falas-te-kombinuar-pentavalent\/#primaryimage"},"thumbnailUrl":"https:\/\/kt.gov.rs\/wp-content\/uploads\/2024\/07\/1428495011_news_pic1014147-5.jpg","datePublished":"2015-04-08T00:00:00+00:00","dateModified":"2024-07-30T19:36:41+00:00","breadcrumb":{"@id":"https:\/\/kt.gov.rs\/sq\/te-gjithe-femijet-ne-serbi-kane-te-drejte-ne-vakciminimin-falas-te-kombinuar-pentavalent\/#breadcrumb"},"inLanguage":"sq-AL","potentialAction":[{"@type":"ReadAction","target":["https:\/\/kt.gov.rs\/sq\/te-gjithe-femijet-ne-serbi-kane-te-drejte-ne-vakciminimin-falas-te-kombinuar-pentavalent\/"]}]},{"@type":"ImageObject","inLanguage":"sq-AL","@id":"https:\/\/kt.gov.rs\/sq\/te-gjithe-femijet-ne-serbi-kane-te-drejte-ne-vakciminimin-falas-te-kombinuar-pentavalent\/#primaryimage","url":"https:\/\/kt.gov.rs\/wp-content\/uploads\/2024\/07\/1428495011_news_pic1014147-5.jpg","contentUrl":"https:\/\/kt.gov.rs\/wp-content\/uploads\/2024\/07\/1428495011_news_pic1014147-5.jpg","width":315,"height":155},{"@type":"BreadcrumbList","@id":"https:\/\/kt.gov.rs\/sq\/te-gjithe-femijet-ne-serbi-kane-te-drejte-ne-vakciminimin-falas-te-kombinuar-pentavalent\/#breadcrumb","itemListElement":[{"@type":"ListItem","position":1,"name":"\u041f\u043e\u0447\u0435\u0442\u043d\u0430","item":"https:\/\/kt.gov.rs\/sq\/"},{"@type":"ListItem","position":2,"name":"T\u00cb GJITH\u00cb F\u00cbMIJ\u00cbT N\u00cb SERBI KAN\u00cb T\u00cb DREJT\u00cb N\u00cb VAKCIMINIMIN FALAS T\u00cb KOMBINUAR PENTAVALENT"}]},{"@type":"WebSite","@id":"https:\/\/kt.gov.rs\/#website","url":"https:\/\/kt.gov.rs\/","name":"\u041a\u043e\u043e\u0440\u0434\u0438\u043d\u0430\u0446\u0438\u043e\u043d\u043e \u0442\u0435\u043b\u043e \u0412\u043b\u0430\u0434\u0435 \u0420\u0435\u043f\u0443\u0431\u043b\u0438\u043a\u0435 \u0421\u0440\u0431\u0438\u0458\u0435 \u0437\u0430 \u043e\u043f\u0448\u0442\u0438\u043d\u0435 \u041f\u0440\u0435\u0448\u0435\u0432\u043e, \u0411\u0443\u0458\u0430\u043d\u043e\u0432\u0430\u0446 \u0438 \u041c\u0435\u0434\u0432\u0435\u0452a","description":"","publisher":{"@id":"https:\/\/kt.gov.rs\/#organization"},"alternateName":"\u041a\u043e\u043e\u0440\u0434\u0438\u043d\u0430\u0446\u0438\u043e\u043d\u043e \u0442\u0435\u043b\u043e","potentialAction":[{"@type":"SearchAction","target":{"@type":"EntryPoint","urlTemplate":"https:\/\/kt.gov.rs\/?s={search_term_string}"},"query-input":{"@type":"PropertyValueSpecification","valueRequired":true,"valueName":"search_term_string"}}],"inLanguage":"sq-AL"},{"@type":"Organization","@id":"https:\/\/kt.gov.rs\/#organization","name":"\u041a\u043e\u043e\u0440\u0434\u0438\u043d\u0430\u0446\u0438\u043e\u043d\u043e \u0442\u0435\u043b\u043e \u0412\u043b\u0430\u0434\u0435 \u0420\u0435\u043f\u0443\u0431\u043b\u0438\u043a\u0435 \u0421\u0440\u0431\u0438\u0458\u0435 \u0437\u0430 \u043e\u043f\u0448\u0442\u0438\u043d\u0435 \u041f\u0440\u0435\u0448\u0435\u0432\u043e, \u0411\u0443\u0458\u0430\u043d\u043e\u0432\u0430\u0446 \u0438 \u041c\u0435\u0434\u0432\u0435\u0452a","alternateName":"\u041a\u043e\u043e\u0440\u0434\u0438\u043d\u0430\u0446\u0438\u043e\u043d\u043e \u0442\u0435\u043b\u043e","url":"https:\/\/kt.gov.rs\/","logo":{"@type":"ImageObject","inLanguage":"sq-AL","@id":"https:\/\/kt.gov.rs\/#\/schema\/logo\/image\/","url":"https:\/\/kt.gov.rs\/wp-content\/uploads\/2024\/12\/koord2.jpg","contentUrl":"https:\/\/kt.gov.rs\/wp-content\/uploads\/2024\/12\/koord2.jpg","width":640,"height":480,"caption":"\u041a\u043e\u043e\u0440\u0434\u0438\u043d\u0430\u0446\u0438\u043e\u043d\u043e \u0442\u0435\u043b\u043e \u0412\u043b\u0430\u0434\u0435 \u0420\u0435\u043f\u0443\u0431\u043b\u0438\u043a\u0435 \u0421\u0440\u0431\u0438\u0458\u0435 \u0437\u0430 \u043e\u043f\u0448\u0442\u0438\u043d\u0435 \u041f\u0440\u0435\u0448\u0435\u0432\u043e, \u0411\u0443\u0458\u0430\u043d\u043e\u0432\u0430\u0446 \u0438 \u041c\u0435\u0434\u0432\u0435\u0452a"},"image":{"@id":"https:\/\/kt.gov.rs\/#\/schema\/logo\/image\/"},"sameAs":["https:\/\/www.facebook.com\/SluzbaKoordinacionogTelaVladeRepublikeSrbije","https:\/\/x.com\/kt_gov","https:\/\/www.youtube.com\/@koordinacionotelo"]},{"@type":"Person","@id":"https:\/\/kt.gov.rs\/#\/schema\/person\/e426459ddb4173309103390602694571","name":"ktmin","image":{"@type":"ImageObject","inLanguage":"sq-AL","@id":"https:\/\/secure.gravatar.com\/avatar\/3985c961109853010c3fbc7ba30365bfba5db3dd6c525831d9c595c7525a615a?s=96&d=mm&r=g","url":"https:\/\/secure.gravatar.com\/avatar\/3985c961109853010c3fbc7ba30365bfba5db3dd6c525831d9c595c7525a615a?s=96&d=mm&r=g","contentUrl":"https:\/\/secure.gravatar.com\/avatar\/3985c961109853010c3fbc7ba30365bfba5db3dd6c525831d9c595c7525a615a?s=96&d=mm&r=g","caption":"ktmin"},"sameAs":["https:\/\/kt.gov.rs"],"url":"https:\/\/kt.gov.rs\/sq\/author\/ktmin\/"}]}},"_links":{"self":[{"href":"https:\/\/kt.gov.rs\/sq\/wp-json\/wp\/v2\/posts\/135652","targetHints":{"allow":["GET"]}}],"collection":[{"href":"https:\/\/kt.gov.rs\/sq\/wp-json\/wp\/v2\/posts"}],"about":[{"href":"https:\/\/kt.gov.rs\/sq\/wp-json\/wp\/v2\/types\/post"}],"author":[{"embeddable":true,"href":"https:\/\/kt.gov.rs\/sq\/wp-json\/wp\/v2\/users\/1"}],"replies":[{"embeddable":true,"href":"https:\/\/kt.gov.rs\/sq\/wp-json\/wp\/v2\/comments?post=135652"}],"version-history":[{"count":1,"href":"https:\/\/kt.gov.rs\/sq\/wp-json\/wp\/v2\/posts\/135652\/revisions"}],"predecessor-version":[{"id":135656,"href":"https:\/\/kt.gov.rs\/sq\/wp-json\/wp\/v2\/posts\/135652\/revisions\/135656"}],"wp:featuredmedia":[{"embeddable":true,"href":"https:\/\/kt.gov.rs\/sq\/wp-json\/wp\/v2\/media\/135657"}],"wp:attachment":[{"href":"https:\/\/kt.gov.rs\/sq\/wp-json\/wp\/v2\/media?parent=135652"}],"wp:term":[{"taxonomy":"category","embeddable":true,"href":"https:\/\/kt.gov.rs\/sq\/wp-json\/wp\/v2\/categories?post=135652"},{"taxonomy":"post_tag","embeddable":true,"href":"https:\/\/kt.gov.rs\/sq\/wp-json\/wp\/v2\/tags?post=135652"}],"curies":[{"name":"wp","href":"https:\/\/api.w.org\/{rel}","templated":true}]}}