{"id":135332,"date":"2015-05-04T00:00:00","date_gmt":"2015-05-04T00:00:00","guid":{"rendered":"http:\/\/kt.printandscreen.rs\/punetoret-e-rtv-bujanoc-it-ne-pengimin-e-privatizimit-dhe-shuarjen-e-kesaj-shtepie-mediatike\/"},"modified":"2024-07-30T19:36:10","modified_gmt":"2024-07-30T19:36:10","slug":"punetoret-e-rtv-bujanoc-it-ne-pengimin-e-privatizimit-dhe-shuarjen-e-kesaj-shtepie-mediatike","status":"publish","type":"post","link":"https:\/\/kt.gov.rs\/sq\/punetoret-e-rtv-bujanoc-it-ne-pengimin-e-privatizimit-dhe-shuarjen-e-kesaj-shtepie-mediatike\/","title":{"rendered":"PUN\u00cbTOR\u00cbT E RTV BUJANOC \u2013 IT N\u00cb PENGIMIN E PRIVATIZIMIT DHE SHUARJEN E K\u00cbSAJ SHT\u00cbPIE MEDIATIKE"},"content":{"rendered":"<p>\n\t<strong><img decoding=\"async\" alt=\"\" src=\"https:\/\/kt.gov.rs\/wp-content\/uploads\/2024\/07\/1430746041_news_pic200001-4.jpg\" style=\"width: 315px; height: 231px; float: left;\" \/>Bujanoc \u2013<\/strong> T\u00eb pun\u00ebsuarit n\u00eb Radio Televizionin e Bujanocit, an\u00ebtar\u00ebt e Sindikat\u00ebs s\u00eb Gazetar\u00ebve (SINOS), kan\u00eb d\u00ebrguar let\u00ebr t\u00eb hapur kryetarit t\u00eb Serbis\u00eb, kryetarit t\u00eb Qeveris\u00eb, kryeparlamentares, kryetar\u00ebve t\u00eb grupeve parlamentare, Ministris\u00eb s\u00eb Kultur\u00ebs dhe Informimit, Trupit Koordinues, kryetarit t\u00eb komun\u00ebs s\u00eb Bujanocit dhe Misionit t\u00eb OSBE-s\u00eb n\u00eb Serbi, me t\u00eb cil\u00ebn let\u00ebr i ftojn\u00eb q\u00eb t\u00eb parandalojn\u00eb privatazimin dhe shuarjen e sht\u00ebpis\u00eb s\u00eb tyre mediatike. K\u00ebt\u00eb apel e kan\u00eb i`a kan\u00eb d\u00ebrguar edhe Gjykat\u00ebs Kushtetuese, prej t\u00eb cil\u00ebs k\u00ebrkojn\u00eb q\u00eb urgjentisht t\u00eb deklarohen rreth kushtetueshm\u00ebris\u00eb s\u00eb ligjeve p\u00ebr media.<\/p>\n<p>\n\tApelin e kan\u00eb n\u00ebnshkruar t\u00eb pun\u00ebsuarit e t\u00eb tri nacionaliteteve t\u00eb cil\u00ebt jetojn\u00eb n\u00eb k\u00ebt\u00eb qytet, ai shqiptar, rom dhe serb, nd\u00ebrsa n\u00eb t\u00eb n\u00eb mes tjerash thuhet:<\/p>\n<p>\n\t\u201eNe, posht\u00eb n\u00ebnshkruesit apelojm\u00eb q\u00eb n\u00eb p\u00ebrputhje funskionin t\u00eb cilin e ushtroni, t\u00eb mos lejoni shuarjen e Radio Televisionit t\u00eb Bujanocit dhe t`i ndaloni pasojat t\u00eb cilat dalin nga kjo procedur\u00eb. Radio Televizioni i Bujanocit profesionalisht ushtron funskionin e vet kushtetues dhe ligjor \u2013 me koh\u00eb dhe n\u00eb m\u00ebnyr\u00eb t\u00eb t\u00ebr\u00ebsishme njofton qytetar\u00ebt rreth gjithave \u00e7\u00ebshtjeve t\u00eb r\u00ebnd\u00ebsis\u00eb jet\u00ebsore n\u00eb k\u00ebt\u00eb mjedis\u00eb. Me miratimin e setit t\u00eb ri t\u00eb ligjeve p\u00ebr media, vetqeverisja lokale duhet t\u00eb t\u00ebrhiqet nga mediat deri m\u00eb 1 korrik, nd\u00ebrsa k\u00ebshillave nacional i`u \u00ebsht\u00eb lejuar t\u00eb themelojn\u00eb media. N\u00eb k\u00ebt\u00eb m\u00ebnyr\u00eb do t\u00eb shuhet RTV Bujanoi, i cili emiton program n\u00eb gjuh\u00ebn shqipe, serbe dhe rome, nd\u00ebrsa i`u ipet mund\u00ebsi q\u00eb K\u00ebshilli Nacional i Shqiptar\u00ebve t\u00eb hap televizionin e vet.<\/p>\n<p>\n\tNe, t\u00eb pun\u00ebsuarit n\u00eb k\u00ebt\u00eb sht\u00ebpi mediatike, me mb\u00ebshtetjen e udh\u00ebheq\u00ebsis\u00eb s\u00eb komun\u00ebs, nuk d\u00ebshirojm\u00eb\u00a0 dhe nuk lejojm\u00eb q\u00eb t\u00eb n`a ndani n\u00eb baz\u00eb nacionale. K\u00ebrkojm\u00eb na Ju, q\u00eb rregulloret e ligjit t\u00eb p\u00ebrshtatni me Kushtetut\u00ebn e Serbis\u00eb, ku n\u00eb paragrafin 50, thuhet se q\u00eb gjithkush n\u00eb Serbi mund t\u00eb themeloj\u00eb media.<\/p>\n<p>\n\tJu jeni t\u00eb vetmit n\u00eb k\u00ebt\u00eb moment, q\u00eb me vendimin tuaj mund t`i parandaloni pasojat e m\u00ebdha t\u00eb cilat do t\u00eb dalin pas privatizimit t\u00eb sht\u00ebpis\u00eb son\u00eb mediatike.<\/p>\n<p>\n\tVendimi i vonuar i Gjykat\u00ebs Kushtetuese nuk mund t`i p\u00ebrmir\u00ebsoj\u00eb pasojat e pakthyeshme t\u00eb cilat mund t\u00eb b\u00ebhen\u201c.<\/p>\n<p>\n\t<strong>Burimi: Danas dhe Trupi Koordinues<\/strong><\/p>\n","protected":false},"excerpt":{"rendered":"<p>Bujanoc \u2013 T\u00eb pun\u00ebsuarit n\u00eb Radio Televizionin e Bujanocit, an\u00ebtar\u00ebt e Sindikat\u00ebs s\u00eb Gazetar\u00ebve (SINOS), kan\u00eb d\u00ebrguar let\u00ebr t\u00eb hapur kryetarit t\u00eb Serbis\u00eb, kryetarit t\u00eb Qeveris\u00eb, kryeparlamentares\u2026<\/p>\n","protected":false},"author":1,"featured_media":135337,"comment_status":"closed","ping_status":"closed","sticky":false,"template":"","format":"standard","meta":{"footnotes":""},"categories":[55],"tags":[],"class_list":["post-135332","post","type-post","status-publish","format-standard","has-post-thumbnail","hentry","category-lajme"],"yoast_head":"<!-- This site is optimized with the Yoast SEO plugin v27.5 - https:\/\/yoast.com\/product\/yoast-seo-wordpress\/ -->\n<title>PUN\u00cbTOR\u00cbT E RTV BUJANOC - IT N\u00cb PENGIMIN E PRIVATIZIMIT DHE SHUARJEN E K\u00cbSAJ SHT\u00cbPIE MEDIATIKE - Republika e S\u00ebrbis\u00eb Trupi Koordinues p\u00ebr komunat Bujanoc, Preshev\u00eb dhe Medvegj\u00eb<\/title>\n<meta name=\"robots\" content=\"index, follow, max-snippet:-1, max-image-preview:large, max-video-preview:-1\" \/>\n<link rel=\"canonical\" href=\"https:\/\/kt.gov.rs\/sq\/punetoret-e-rtv-bujanoc-it-ne-pengimin-e-privatizimit-dhe-shuarjen-e-kesaj-shtepie-mediatike\/\" \/>\n<meta property=\"og:locale\" content=\"sq_AL\" \/>\n<meta property=\"og:type\" content=\"article\" \/>\n<meta property=\"og:title\" content=\"PUN\u00cbTOR\u00cbT E RTV BUJANOC - IT N\u00cb PENGIMIN E PRIVATIZIMIT DHE SHUARJEN E K\u00cbSAJ SHT\u00cbPIE MEDIATIKE - Republika e S\u00ebrbis\u00eb Trupi Koordinues p\u00ebr komunat Bujanoc, Preshev\u00eb dhe Medvegj\u00eb\" \/>\n<meta property=\"og:description\" content=\"Bujanoc \u2013 T\u00eb pun\u00ebsuarit n\u00eb Radio Televizionin e Bujanocit, an\u00ebtar\u00ebt e Sindikat\u00ebs s\u00eb Gazetar\u00ebve (SINOS), kan\u00eb d\u00ebrguar let\u00ebr t\u00eb hapur kryetarit t\u00eb Serbis\u00eb, kryetarit t\u00eb Qeveris\u00eb, kryeparlamentares...\" \/>\n<meta property=\"og:url\" content=\"https:\/\/kt.gov.rs\/sq\/punetoret-e-rtv-bujanoc-it-ne-pengimin-e-privatizimit-dhe-shuarjen-e-kesaj-shtepie-mediatike\/\" \/>\n<meta property=\"og:site_name\" content=\"Republika e S\u00ebrbis\u00eb Trupi Koordinues p\u00ebr komunat Bujanoc, Preshev\u00eb dhe Medvegj\u00eb\" \/>\n<meta property=\"article:publisher\" content=\"https:\/\/www.facebook.com\/SluzbaKoordinacionogTelaVladeRepublikeSrbije\" \/>\n<meta property=\"article:published_time\" content=\"2015-05-04T00:00:00+00:00\" \/>\n<meta property=\"article:modified_time\" content=\"2024-07-30T19:36:10+00:00\" \/>\n<meta property=\"og:image\" content=\"https:\/\/kt.gov.rs\/wp-content\/uploads\/2024\/07\/1430746041_news_pic200001-5.jpg\" \/>\n\t<meta property=\"og:image:width\" content=\"315\" \/>\n\t<meta property=\"og:image:height\" content=\"231\" \/>\n\t<meta property=\"og:image:type\" content=\"image\/jpeg\" \/>\n<meta name=\"author\" content=\"ktmin\" \/>\n<meta name=\"twitter:card\" content=\"summary_large_image\" \/>\n<meta name=\"twitter:creator\" content=\"@kt_gov\" \/>\n<meta name=\"twitter:site\" content=\"@kt_gov\" \/>\n<meta name=\"twitter:label1\" content=\"Written by\" \/>\n\t<meta name=\"twitter:data1\" content=\"ktmin\" \/>\n\t<meta name=\"twitter:label2\" content=\"Est. reading time\" \/>\n\t<meta name=\"twitter:data2\" content=\"3 minutes\" \/>\n<script type=\"application\/ld+json\" class=\"yoast-schema-graph\">{\"@context\":\"https:\\\/\\\/schema.org\",\"@graph\":[{\"@type\":\"Article\",\"@id\":\"https:\\\/\\\/kt.gov.rs\\\/sq\\\/punetoret-e-rtv-bujanoc-it-ne-pengimin-e-privatizimit-dhe-shuarjen-e-kesaj-shtepie-mediatike\\\/#article\",\"isPartOf\":{\"@id\":\"https:\\\/\\\/kt.gov.rs\\\/sq\\\/punetoret-e-rtv-bujanoc-it-ne-pengimin-e-privatizimit-dhe-shuarjen-e-kesaj-shtepie-mediatike\\\/\"},\"author\":{\"name\":\"ktmin\",\"@id\":\"https:\\\/\\\/kt.gov.rs\\\/#\\\/schema\\\/person\\\/e426459ddb4173309103390602694571\"},\"headline\":\"PUN\u00cbTOR\u00cbT E RTV BUJANOC \u2013 IT N\u00cb PENGIMIN E PRIVATIZIMIT DHE SHUARJEN E K\u00cbSAJ SHT\u00cbPIE MEDIATIKE\",\"datePublished\":\"2015-05-04T00:00:00+00:00\",\"dateModified\":\"2024-07-30T19:36:10+00:00\",\"mainEntityOfPage\":{\"@id\":\"https:\\\/\\\/kt.gov.rs\\\/sq\\\/punetoret-e-rtv-bujanoc-it-ne-pengimin-e-privatizimit-dhe-shuarjen-e-kesaj-shtepie-mediatike\\\/\"},\"wordCount\":611,\"publisher\":{\"@id\":\"https:\\\/\\\/kt.gov.rs\\\/#organization\"},\"image\":{\"@id\":\"https:\\\/\\\/kt.gov.rs\\\/sq\\\/punetoret-e-rtv-bujanoc-it-ne-pengimin-e-privatizimit-dhe-shuarjen-e-kesaj-shtepie-mediatike\\\/#primaryimage\"},\"thumbnailUrl\":\"https:\\\/\\\/kt.gov.rs\\\/wp-content\\\/uploads\\\/2024\\\/07\\\/1430746041_news_pic200001-5.jpg\",\"articleSection\":[\"Lajme\"],\"inLanguage\":\"sq-AL\"},{\"@type\":\"WebPage\",\"@id\":\"https:\\\/\\\/kt.gov.rs\\\/sq\\\/punetoret-e-rtv-bujanoc-it-ne-pengimin-e-privatizimit-dhe-shuarjen-e-kesaj-shtepie-mediatike\\\/\",\"url\":\"https:\\\/\\\/kt.gov.rs\\\/sq\\\/punetoret-e-rtv-bujanoc-it-ne-pengimin-e-privatizimit-dhe-shuarjen-e-kesaj-shtepie-mediatike\\\/\",\"name\":\"PUN\u00cbTOR\u00cbT E RTV BUJANOC - IT N\u00cb PENGIMIN E PRIVATIZIMIT DHE SHUARJEN E K\u00cbSAJ SHT\u00cbPIE MEDIATIKE - Republika e S\u00ebrbis\u00eb Trupi Koordinues p\u00ebr komunat Bujanoc, Preshev\u00eb dhe Medvegj\u00eb\",\"isPartOf\":{\"@id\":\"https:\\\/\\\/kt.gov.rs\\\/#website\"},\"primaryImageOfPage\":{\"@id\":\"https:\\\/\\\/kt.gov.rs\\\/sq\\\/punetoret-e-rtv-bujanoc-it-ne-pengimin-e-privatizimit-dhe-shuarjen-e-kesaj-shtepie-mediatike\\\/#primaryimage\"},\"image\":{\"@id\":\"https:\\\/\\\/kt.gov.rs\\\/sq\\\/punetoret-e-rtv-bujanoc-it-ne-pengimin-e-privatizimit-dhe-shuarjen-e-kesaj-shtepie-mediatike\\\/#primaryimage\"},\"thumbnailUrl\":\"https:\\\/\\\/kt.gov.rs\\\/wp-content\\\/uploads\\\/2024\\\/07\\\/1430746041_news_pic200001-5.jpg\",\"datePublished\":\"2015-05-04T00:00:00+00:00\",\"dateModified\":\"2024-07-30T19:36:10+00:00\",\"breadcrumb\":{\"@id\":\"https:\\\/\\\/kt.gov.rs\\\/sq\\\/punetoret-e-rtv-bujanoc-it-ne-pengimin-e-privatizimit-dhe-shuarjen-e-kesaj-shtepie-mediatike\\\/#breadcrumb\"},\"inLanguage\":\"sq-AL\",\"potentialAction\":[{\"@type\":\"ReadAction\",\"target\":[\"https:\\\/\\\/kt.gov.rs\\\/sq\\\/punetoret-e-rtv-bujanoc-it-ne-pengimin-e-privatizimit-dhe-shuarjen-e-kesaj-shtepie-mediatike\\\/\"]}]},{\"@type\":\"ImageObject\",\"inLanguage\":\"sq-AL\",\"@id\":\"https:\\\/\\\/kt.gov.rs\\\/sq\\\/punetoret-e-rtv-bujanoc-it-ne-pengimin-e-privatizimit-dhe-shuarjen-e-kesaj-shtepie-mediatike\\\/#primaryimage\",\"url\":\"https:\\\/\\\/kt.gov.rs\\\/wp-content\\\/uploads\\\/2024\\\/07\\\/1430746041_news_pic200001-5.jpg\",\"contentUrl\":\"https:\\\/\\\/kt.gov.rs\\\/wp-content\\\/uploads\\\/2024\\\/07\\\/1430746041_news_pic200001-5.jpg\",\"width\":315,\"height\":231},{\"@type\":\"BreadcrumbList\",\"@id\":\"https:\\\/\\\/kt.gov.rs\\\/sq\\\/punetoret-e-rtv-bujanoc-it-ne-pengimin-e-privatizimit-dhe-shuarjen-e-kesaj-shtepie-mediatike\\\/#breadcrumb\",\"itemListElement\":[{\"@type\":\"ListItem\",\"position\":1,\"name\":\"\u041f\u043e\u0447\u0435\u0442\u043d\u0430\",\"item\":\"https:\\\/\\\/kt.gov.rs\\\/sq\\\/\"},{\"@type\":\"ListItem\",\"position\":2,\"name\":\"PUN\u00cbTOR\u00cbT E RTV BUJANOC \u2013 IT N\u00cb PENGIMIN E PRIVATIZIMIT DHE SHUARJEN E K\u00cbSAJ SHT\u00cbPIE MEDIATIKE\"}]},{\"@type\":\"WebSite\",\"@id\":\"https:\\\/\\\/kt.gov.rs\\\/#website\",\"url\":\"https:\\\/\\\/kt.gov.rs\\\/\",\"name\":\"\u041a\u043e\u043e\u0440\u0434\u0438\u043d\u0430\u0446\u0438\u043e\u043d\u043e \u0442\u0435\u043b\u043e \u0412\u043b\u0430\u0434\u0435 \u0420\u0435\u043f\u0443\u0431\u043b\u0438\u043a\u0435 \u0421\u0440\u0431\u0438\u0458\u0435 \u0437\u0430 \u043e\u043f\u0448\u0442\u0438\u043d\u0435 \u041f\u0440\u0435\u0448\u0435\u0432\u043e, \u0411\u0443\u0458\u0430\u043d\u043e\u0432\u0430\u0446 \u0438 \u041c\u0435\u0434\u0432\u0435\u0452a\",\"description\":\"\",\"publisher\":{\"@id\":\"https:\\\/\\\/kt.gov.rs\\\/#organization\"},\"alternateName\":\"\u041a\u043e\u043e\u0440\u0434\u0438\u043d\u0430\u0446\u0438\u043e\u043d\u043e \u0442\u0435\u043b\u043e\",\"potentialAction\":[{\"@type\":\"SearchAction\",\"target\":{\"@type\":\"EntryPoint\",\"urlTemplate\":\"https:\\\/\\\/kt.gov.rs\\\/?s={search_term_string}\"},\"query-input\":{\"@type\":\"PropertyValueSpecification\",\"valueRequired\":true,\"valueName\":\"search_term_string\"}}],\"inLanguage\":\"sq-AL\"},{\"@type\":\"Organization\",\"@id\":\"https:\\\/\\\/kt.gov.rs\\\/#organization\",\"name\":\"\u041a\u043e\u043e\u0440\u0434\u0438\u043d\u0430\u0446\u0438\u043e\u043d\u043e \u0442\u0435\u043b\u043e \u0412\u043b\u0430\u0434\u0435 \u0420\u0435\u043f\u0443\u0431\u043b\u0438\u043a\u0435 \u0421\u0440\u0431\u0438\u0458\u0435 \u0437\u0430 \u043e\u043f\u0448\u0442\u0438\u043d\u0435 \u041f\u0440\u0435\u0448\u0435\u0432\u043e, \u0411\u0443\u0458\u0430\u043d\u043e\u0432\u0430\u0446 \u0438 \u041c\u0435\u0434\u0432\u0435\u0452a\",\"alternateName\":\"\u041a\u043e\u043e\u0440\u0434\u0438\u043d\u0430\u0446\u0438\u043e\u043d\u043e \u0442\u0435\u043b\u043e\",\"url\":\"https:\\\/\\\/kt.gov.rs\\\/\",\"logo\":{\"@type\":\"ImageObject\",\"inLanguage\":\"sq-AL\",\"@id\":\"https:\\\/\\\/kt.gov.rs\\\/#\\\/schema\\\/logo\\\/image\\\/\",\"url\":\"https:\\\/\\\/kt.gov.rs\\\/wp-content\\\/uploads\\\/2024\\\/12\\\/koord2.jpg\",\"contentUrl\":\"https:\\\/\\\/kt.gov.rs\\\/wp-content\\\/uploads\\\/2024\\\/12\\\/koord2.jpg\",\"width\":640,\"height\":480,\"caption\":\"\u041a\u043e\u043e\u0440\u0434\u0438\u043d\u0430\u0446\u0438\u043e\u043d\u043e \u0442\u0435\u043b\u043e \u0412\u043b\u0430\u0434\u0435 \u0420\u0435\u043f\u0443\u0431\u043b\u0438\u043a\u0435 \u0421\u0440\u0431\u0438\u0458\u0435 \u0437\u0430 \u043e\u043f\u0448\u0442\u0438\u043d\u0435 \u041f\u0440\u0435\u0448\u0435\u0432\u043e, \u0411\u0443\u0458\u0430\u043d\u043e\u0432\u0430\u0446 \u0438 \u041c\u0435\u0434\u0432\u0435\u0452a\"},\"image\":{\"@id\":\"https:\\\/\\\/kt.gov.rs\\\/#\\\/schema\\\/logo\\\/image\\\/\"},\"sameAs\":[\"https:\\\/\\\/www.facebook.com\\\/SluzbaKoordinacionogTelaVladeRepublikeSrbije\",\"https:\\\/\\\/x.com\\\/kt_gov\",\"https:\\\/\\\/www.youtube.com\\\/@koordinacionotelo\"]},{\"@type\":\"Person\",\"@id\":\"https:\\\/\\\/kt.gov.rs\\\/#\\\/schema\\\/person\\\/e426459ddb4173309103390602694571\",\"name\":\"ktmin\",\"image\":{\"@type\":\"ImageObject\",\"inLanguage\":\"sq-AL\",\"@id\":\"https:\\\/\\\/secure.gravatar.com\\\/avatar\\\/3985c961109853010c3fbc7ba30365bfba5db3dd6c525831d9c595c7525a615a?s=96&d=mm&r=g\",\"url\":\"https:\\\/\\\/secure.gravatar.com\\\/avatar\\\/3985c961109853010c3fbc7ba30365bfba5db3dd6c525831d9c595c7525a615a?s=96&d=mm&r=g\",\"contentUrl\":\"https:\\\/\\\/secure.gravatar.com\\\/avatar\\\/3985c961109853010c3fbc7ba30365bfba5db3dd6c525831d9c595c7525a615a?s=96&d=mm&r=g\",\"caption\":\"ktmin\"},\"sameAs\":[\"https:\\\/\\\/kt.gov.rs\"],\"url\":\"https:\\\/\\\/kt.gov.rs\\\/sq\\\/author\\\/ktmin\\\/\"}]}<\/script>\n<!-- \/ Yoast SEO plugin. -->","yoast_head_json":{"title":"PUN\u00cbTOR\u00cbT E RTV BUJANOC - IT N\u00cb PENGIMIN E PRIVATIZIMIT DHE SHUARJEN E K\u00cbSAJ SHT\u00cbPIE MEDIATIKE - Republika e S\u00ebrbis\u00eb Trupi Koordinues p\u00ebr komunat Bujanoc, Preshev\u00eb dhe Medvegj\u00eb","robots":{"index":"index","follow":"follow","max-snippet":"max-snippet:-1","max-image-preview":"max-image-preview:large","max-video-preview":"max-video-preview:-1"},"canonical":"https:\/\/kt.gov.rs\/sq\/punetoret-e-rtv-bujanoc-it-ne-pengimin-e-privatizimit-dhe-shuarjen-e-kesaj-shtepie-mediatike\/","og_locale":"sq_AL","og_type":"article","og_title":"PUN\u00cbTOR\u00cbT E RTV BUJANOC - IT N\u00cb PENGIMIN E PRIVATIZIMIT DHE SHUARJEN E K\u00cbSAJ SHT\u00cbPIE MEDIATIKE - Republika e S\u00ebrbis\u00eb Trupi Koordinues p\u00ebr komunat Bujanoc, Preshev\u00eb dhe Medvegj\u00eb","og_description":"Bujanoc \u2013 T\u00eb pun\u00ebsuarit n\u00eb Radio Televizionin e Bujanocit, an\u00ebtar\u00ebt e Sindikat\u00ebs s\u00eb Gazetar\u00ebve (SINOS), kan\u00eb d\u00ebrguar let\u00ebr t\u00eb hapur kryetarit t\u00eb Serbis\u00eb, kryetarit t\u00eb Qeveris\u00eb, kryeparlamentares...","og_url":"https:\/\/kt.gov.rs\/sq\/punetoret-e-rtv-bujanoc-it-ne-pengimin-e-privatizimit-dhe-shuarjen-e-kesaj-shtepie-mediatike\/","og_site_name":"Republika e S\u00ebrbis\u00eb Trupi Koordinues p\u00ebr komunat Bujanoc, Preshev\u00eb dhe Medvegj\u00eb","article_publisher":"https:\/\/www.facebook.com\/SluzbaKoordinacionogTelaVladeRepublikeSrbije","article_published_time":"2015-05-04T00:00:00+00:00","article_modified_time":"2024-07-30T19:36:10+00:00","og_image":[{"width":315,"height":231,"url":"https:\/\/kt.gov.rs\/wp-content\/uploads\/2024\/07\/1430746041_news_pic200001-5.jpg","type":"image\/jpeg"}],"author":"ktmin","twitter_card":"summary_large_image","twitter_creator":"@kt_gov","twitter_site":"@kt_gov","twitter_misc":{"Written by":"ktmin","Est. reading time":"3 minutes"},"schema":{"@context":"https:\/\/schema.org","@graph":[{"@type":"Article","@id":"https:\/\/kt.gov.rs\/sq\/punetoret-e-rtv-bujanoc-it-ne-pengimin-e-privatizimit-dhe-shuarjen-e-kesaj-shtepie-mediatike\/#article","isPartOf":{"@id":"https:\/\/kt.gov.rs\/sq\/punetoret-e-rtv-bujanoc-it-ne-pengimin-e-privatizimit-dhe-shuarjen-e-kesaj-shtepie-mediatike\/"},"author":{"name":"ktmin","@id":"https:\/\/kt.gov.rs\/#\/schema\/person\/e426459ddb4173309103390602694571"},"headline":"PUN\u00cbTOR\u00cbT E RTV BUJANOC \u2013 IT N\u00cb PENGIMIN E PRIVATIZIMIT DHE SHUARJEN E K\u00cbSAJ SHT\u00cbPIE MEDIATIKE","datePublished":"2015-05-04T00:00:00+00:00","dateModified":"2024-07-30T19:36:10+00:00","mainEntityOfPage":{"@id":"https:\/\/kt.gov.rs\/sq\/punetoret-e-rtv-bujanoc-it-ne-pengimin-e-privatizimit-dhe-shuarjen-e-kesaj-shtepie-mediatike\/"},"wordCount":611,"publisher":{"@id":"https:\/\/kt.gov.rs\/#organization"},"image":{"@id":"https:\/\/kt.gov.rs\/sq\/punetoret-e-rtv-bujanoc-it-ne-pengimin-e-privatizimit-dhe-shuarjen-e-kesaj-shtepie-mediatike\/#primaryimage"},"thumbnailUrl":"https:\/\/kt.gov.rs\/wp-content\/uploads\/2024\/07\/1430746041_news_pic200001-5.jpg","articleSection":["Lajme"],"inLanguage":"sq-AL"},{"@type":"WebPage","@id":"https:\/\/kt.gov.rs\/sq\/punetoret-e-rtv-bujanoc-it-ne-pengimin-e-privatizimit-dhe-shuarjen-e-kesaj-shtepie-mediatike\/","url":"https:\/\/kt.gov.rs\/sq\/punetoret-e-rtv-bujanoc-it-ne-pengimin-e-privatizimit-dhe-shuarjen-e-kesaj-shtepie-mediatike\/","name":"PUN\u00cbTOR\u00cbT E RTV BUJANOC - IT N\u00cb PENGIMIN E PRIVATIZIMIT DHE SHUARJEN E K\u00cbSAJ SHT\u00cbPIE MEDIATIKE - Republika e S\u00ebrbis\u00eb Trupi Koordinues p\u00ebr komunat Bujanoc, Preshev\u00eb dhe Medvegj\u00eb","isPartOf":{"@id":"https:\/\/kt.gov.rs\/#website"},"primaryImageOfPage":{"@id":"https:\/\/kt.gov.rs\/sq\/punetoret-e-rtv-bujanoc-it-ne-pengimin-e-privatizimit-dhe-shuarjen-e-kesaj-shtepie-mediatike\/#primaryimage"},"image":{"@id":"https:\/\/kt.gov.rs\/sq\/punetoret-e-rtv-bujanoc-it-ne-pengimin-e-privatizimit-dhe-shuarjen-e-kesaj-shtepie-mediatike\/#primaryimage"},"thumbnailUrl":"https:\/\/kt.gov.rs\/wp-content\/uploads\/2024\/07\/1430746041_news_pic200001-5.jpg","datePublished":"2015-05-04T00:00:00+00:00","dateModified":"2024-07-30T19:36:10+00:00","breadcrumb":{"@id":"https:\/\/kt.gov.rs\/sq\/punetoret-e-rtv-bujanoc-it-ne-pengimin-e-privatizimit-dhe-shuarjen-e-kesaj-shtepie-mediatike\/#breadcrumb"},"inLanguage":"sq-AL","potentialAction":[{"@type":"ReadAction","target":["https:\/\/kt.gov.rs\/sq\/punetoret-e-rtv-bujanoc-it-ne-pengimin-e-privatizimit-dhe-shuarjen-e-kesaj-shtepie-mediatike\/"]}]},{"@type":"ImageObject","inLanguage":"sq-AL","@id":"https:\/\/kt.gov.rs\/sq\/punetoret-e-rtv-bujanoc-it-ne-pengimin-e-privatizimit-dhe-shuarjen-e-kesaj-shtepie-mediatike\/#primaryimage","url":"https:\/\/kt.gov.rs\/wp-content\/uploads\/2024\/07\/1430746041_news_pic200001-5.jpg","contentUrl":"https:\/\/kt.gov.rs\/wp-content\/uploads\/2024\/07\/1430746041_news_pic200001-5.jpg","width":315,"height":231},{"@type":"BreadcrumbList","@id":"https:\/\/kt.gov.rs\/sq\/punetoret-e-rtv-bujanoc-it-ne-pengimin-e-privatizimit-dhe-shuarjen-e-kesaj-shtepie-mediatike\/#breadcrumb","itemListElement":[{"@type":"ListItem","position":1,"name":"\u041f\u043e\u0447\u0435\u0442\u043d\u0430","item":"https:\/\/kt.gov.rs\/sq\/"},{"@type":"ListItem","position":2,"name":"PUN\u00cbTOR\u00cbT E RTV BUJANOC \u2013 IT N\u00cb PENGIMIN E PRIVATIZIMIT DHE SHUARJEN E K\u00cbSAJ SHT\u00cbPIE MEDIATIKE"}]},{"@type":"WebSite","@id":"https:\/\/kt.gov.rs\/#website","url":"https:\/\/kt.gov.rs\/","name":"\u041a\u043e\u043e\u0440\u0434\u0438\u043d\u0430\u0446\u0438\u043e\u043d\u043e \u0442\u0435\u043b\u043e \u0412\u043b\u0430\u0434\u0435 \u0420\u0435\u043f\u0443\u0431\u043b\u0438\u043a\u0435 \u0421\u0440\u0431\u0438\u0458\u0435 \u0437\u0430 \u043e\u043f\u0448\u0442\u0438\u043d\u0435 \u041f\u0440\u0435\u0448\u0435\u0432\u043e, \u0411\u0443\u0458\u0430\u043d\u043e\u0432\u0430\u0446 \u0438 \u041c\u0435\u0434\u0432\u0435\u0452a","description":"","publisher":{"@id":"https:\/\/kt.gov.rs\/#organization"},"alternateName":"\u041a\u043e\u043e\u0440\u0434\u0438\u043d\u0430\u0446\u0438\u043e\u043d\u043e \u0442\u0435\u043b\u043e","potentialAction":[{"@type":"SearchAction","target":{"@type":"EntryPoint","urlTemplate":"https:\/\/kt.gov.rs\/?s={search_term_string}"},"query-input":{"@type":"PropertyValueSpecification","valueRequired":true,"valueName":"search_term_string"}}],"inLanguage":"sq-AL"},{"@type":"Organization","@id":"https:\/\/kt.gov.rs\/#organization","name":"\u041a\u043e\u043e\u0440\u0434\u0438\u043d\u0430\u0446\u0438\u043e\u043d\u043e \u0442\u0435\u043b\u043e \u0412\u043b\u0430\u0434\u0435 \u0420\u0435\u043f\u0443\u0431\u043b\u0438\u043a\u0435 \u0421\u0440\u0431\u0438\u0458\u0435 \u0437\u0430 \u043e\u043f\u0448\u0442\u0438\u043d\u0435 \u041f\u0440\u0435\u0448\u0435\u0432\u043e, \u0411\u0443\u0458\u0430\u043d\u043e\u0432\u0430\u0446 \u0438 \u041c\u0435\u0434\u0432\u0435\u0452a","alternateName":"\u041a\u043e\u043e\u0440\u0434\u0438\u043d\u0430\u0446\u0438\u043e\u043d\u043e \u0442\u0435\u043b\u043e","url":"https:\/\/kt.gov.rs\/","logo":{"@type":"ImageObject","inLanguage":"sq-AL","@id":"https:\/\/kt.gov.rs\/#\/schema\/logo\/image\/","url":"https:\/\/kt.gov.rs\/wp-content\/uploads\/2024\/12\/koord2.jpg","contentUrl":"https:\/\/kt.gov.rs\/wp-content\/uploads\/2024\/12\/koord2.jpg","width":640,"height":480,"caption":"\u041a\u043e\u043e\u0440\u0434\u0438\u043d\u0430\u0446\u0438\u043e\u043d\u043e \u0442\u0435\u043b\u043e \u0412\u043b\u0430\u0434\u0435 \u0420\u0435\u043f\u0443\u0431\u043b\u0438\u043a\u0435 \u0421\u0440\u0431\u0438\u0458\u0435 \u0437\u0430 \u043e\u043f\u0448\u0442\u0438\u043d\u0435 \u041f\u0440\u0435\u0448\u0435\u0432\u043e, \u0411\u0443\u0458\u0430\u043d\u043e\u0432\u0430\u0446 \u0438 \u041c\u0435\u0434\u0432\u0435\u0452a"},"image":{"@id":"https:\/\/kt.gov.rs\/#\/schema\/logo\/image\/"},"sameAs":["https:\/\/www.facebook.com\/SluzbaKoordinacionogTelaVladeRepublikeSrbije","https:\/\/x.com\/kt_gov","https:\/\/www.youtube.com\/@koordinacionotelo"]},{"@type":"Person","@id":"https:\/\/kt.gov.rs\/#\/schema\/person\/e426459ddb4173309103390602694571","name":"ktmin","image":{"@type":"ImageObject","inLanguage":"sq-AL","@id":"https:\/\/secure.gravatar.com\/avatar\/3985c961109853010c3fbc7ba30365bfba5db3dd6c525831d9c595c7525a615a?s=96&d=mm&r=g","url":"https:\/\/secure.gravatar.com\/avatar\/3985c961109853010c3fbc7ba30365bfba5db3dd6c525831d9c595c7525a615a?s=96&d=mm&r=g","contentUrl":"https:\/\/secure.gravatar.com\/avatar\/3985c961109853010c3fbc7ba30365bfba5db3dd6c525831d9c595c7525a615a?s=96&d=mm&r=g","caption":"ktmin"},"sameAs":["https:\/\/kt.gov.rs"],"url":"https:\/\/kt.gov.rs\/sq\/author\/ktmin\/"}]}},"_links":{"self":[{"href":"https:\/\/kt.gov.rs\/sq\/wp-json\/wp\/v2\/posts\/135332","targetHints":{"allow":["GET"]}}],"collection":[{"href":"https:\/\/kt.gov.rs\/sq\/wp-json\/wp\/v2\/posts"}],"about":[{"href":"https:\/\/kt.gov.rs\/sq\/wp-json\/wp\/v2\/types\/post"}],"author":[{"embeddable":true,"href":"https:\/\/kt.gov.rs\/sq\/wp-json\/wp\/v2\/users\/1"}],"replies":[{"embeddable":true,"href":"https:\/\/kt.gov.rs\/sq\/wp-json\/wp\/v2\/comments?post=135332"}],"version-history":[{"count":1,"href":"https:\/\/kt.gov.rs\/sq\/wp-json\/wp\/v2\/posts\/135332\/revisions"}],"predecessor-version":[{"id":135336,"href":"https:\/\/kt.gov.rs\/sq\/wp-json\/wp\/v2\/posts\/135332\/revisions\/135336"}],"wp:featuredmedia":[{"embeddable":true,"href":"https:\/\/kt.gov.rs\/sq\/wp-json\/wp\/v2\/media\/135337"}],"wp:attachment":[{"href":"https:\/\/kt.gov.rs\/sq\/wp-json\/wp\/v2\/media?parent=135332"}],"wp:term":[{"taxonomy":"category","embeddable":true,"href":"https:\/\/kt.gov.rs\/sq\/wp-json\/wp\/v2\/categories?post=135332"},{"taxonomy":"post_tag","embeddable":true,"href":"https:\/\/kt.gov.rs\/sq\/wp-json\/wp\/v2\/tags?post=135332"}],"curies":[{"name":"wp","href":"https:\/\/api.w.org\/{rel}","templated":true}]}}