{"id":135033,"date":"2015-06-15T00:00:00","date_gmt":"2015-06-15T00:00:00","guid":{"rendered":"http:\/\/kt.printandscreen.rs\/ne-presheve-cdo-dite-paraqiten-200-emigrante\/"},"modified":"2024-07-30T19:35:37","modified_gmt":"2024-07-30T19:35:37","slug":"ne-presheve-cdo-dite-paraqiten-200-emigrante","status":"publish","type":"post","link":"https:\/\/kt.gov.rs\/sq\/ne-presheve-cdo-dite-paraqiten-200-emigrante\/","title":{"rendered":"N\u00cb PRESHEV\u00cb \u00c7DO DIT\u00cb PARAQITEN 200 EMIGRANT\u00cb"},"content":{"rendered":"<p>\n\t<strong><img decoding=\"async\" alt=\"\" src=\"https:\/\/kt.gov.rs\/wp-content\/uploads\/2024\/07\/1434369407_news_pic1014216-4.jpg\" style=\"width: 315px; height: 179px; float: left;\" \/><\/strong><\/p>\n<p>\n\t<strong>Preshev\u00eb \u2013<\/strong>\u00a0Z\u00ebdh\u00ebnsja e UNHCR-s\u00eb, Mirjana Millenkovski, ka deklaruar se kjo organizat\u00eb prej 5 qershori, n\u00eb Preshev\u00eb ka ndar\u00eb 619 paketa higjenike dhe ushqimore p\u00ebr refugjat\u00ebt t\u00eb cil\u00ebt kryesisht vijn\u00eb nga Siria dhe Afganistani.<\/p>\n<p>\n\tAta kan\u00eb arritur n\u00eb Serbi p\u00ebrmes Maqedonis\u00eb dhe kan\u00eb shprehur q\u00ebllimin q\u00eb t\u00eb k\u00ebrkojn\u00eb azil.<\/p>\n<p>\n\tMillekovski ka deklaruar se sipas raporteve t\u00eb UNHCR-s\u00eb t\u00eb cilat i merr nga vendi i ngjarjes, n\u00eb muajt e fundit rritet numri i refugjat\u00ebve t\u00eb cil\u00ebt n\u00eb Serbi arrijn\u00eb p\u00ebrmes Maqedonis\u00eb nga vendet e pushtuara nga lufta n\u00eb Lindjen e Af\u00ebrt dhe nga Afganistani, si dhe q\u00eb n\u00eb komun\u00ebn e Preshev\u00ebs n\u00eb dit\u00eb paraqiten 200 njer\u00ebz duke k\u00ebrkuar ndihm\u00eb.<\/p>\n<p>\n\t\u201eN\u00eb Preshev\u00eb \u00ebsht\u00eb organizuar pranim dhe ndihm\u00eb e jasht\u00ebzakonshme p\u00ebr refugjat\u00ebt t\u00eb cil\u00ebt organizojn\u00eb Kryqi i Kuq dhe komuna, mir\u00ebpo nuk egziston pritje zyrtare p\u00ebr k\u00ebrkuesit e azilit\u201c, ka theksuar Millenkovski.<\/p>\n<p>\n\tRekordi i deri tanish\u00ebm i numrit t\u00eb azilk\u00ebrkues\u00ebve \u00ebsht\u00eb tejkaluar \u00e7ysh n\u00eb pes\u00eb muajt e vitit 2015, kur azil n\u00eb Serbi kan\u00eb k\u00ebrkuar 22.182 persona, kryesisht qytetar\u00ebt e Siris\u00eb dhe Afganistanit, nd\u00ebrsa n\u00eb mesin e azilk\u00ebrkuesve ka edhe shtetas t\u00eb Irakut, Eritres\u00eb dhe Somalis\u00eb.<\/p>\n<p>\n\tSupozohet se \u00ebsht\u00eb larg numri i atyr\u00ebve t\u00eb cil\u00ebt p\u00ebrmes Serbis\u00eb vet\u00ebm se kalojn\u00eb n\u00eb drejtim t\u00eb vendeve t\u00eb Europ\u00ebs Perendimore, ku synojn\u00eb t\u00eb k\u00ebrkojn\u00eb azil.<\/p>\n<p>\n\t\u201cNjer\u00ebzit t\u00eb cil\u00ebt vijn\u00eb n\u00eb Serbi, pik\u00eb s\u00eb pari n\u00eb komun\u00ebn e Preshev\u00ebs, e cila \u00ebsht\u00eb n\u00eb kufi me Maqedonin\u00eb, jan\u00eb t\u00eb lodhur, t\u00eb uritur dhe t\u00eb rraskapitur dhe i duhet ndihma dhe akomodim themelor. Ata jan\u00eb njer\u00ebz nga vendet e p\u00ebrfshira nga lufta t\u00eb cil\u00ebt vijn\u00eb deri n\u00eb Serbi, n\u00eb m\u00ebnyra t\u00eb ndryshme, m\u00eb shpesh\u00eb n\u00eb k\u00ebmb\u00eb, n\u00eb mesin e tyre ka shum\u00eb gra dhe f\u00ebmij\u00eb, si dhe gra shtat\u00ebz\u00ebna\u201d, ka th\u00ebn\u00eb Millenkovski.<\/p>\n<p>\n\tMillenkovski thekson se p\u00ebr UNHCR-n\u00eb \u00ebsht\u00eb e qart\u00eb se njer\u00ebzit t\u00eb cil\u00ebt ikin nga vendet e p\u00ebrfshira n\u00eb luft\u00eb kan\u00eb status t\u00eb refugjat\u00ebe e jot \u00eb emigrant\u00ebve ilegal.<\/p>\n<p>\n\t\u201eSipas standardeve nd\u00ebrkomb\u00ebtare dhe Ligjit p\u00ebr Azil, kur kufijt\u00eb i kalojn\u00eb njer\u00ebzit t\u00eb cil\u00ebt largohen nga lufta dhe persekutimi n\u00eb vendet e veta, jo toleranc\u00ebs fetare dhe racore, ajo nuk konsiderohet kalim ilegal, sepse ata largohen nga lufta\u201c, ka th\u00ebn\u00eb Millekonkovski, duke theksuar se n\u00eb pes\u00eb vitet e fundit p\u00ebrsa edhe zgjat\u00eb lufta qytetare n\u00eb Siri, nga ky vend jan\u00eb shp\u00ebrngulur gjysma e popullat\u00ebs.<\/p>\n<p>\n\tMillenkovski ka theksuar se n\u00eb Preshev\u00eb nuk egziston qend\u00ebr zyrtare p\u00ebr strehimin e refugjat\u00ebve dhe azilk\u00ebrkuesve, por ata i udh\u00ebzojn\u00eb n\u00eb qendr\u00ebn p\u00ebr azil n\u00eb Banj\u00eb t\u00eb Kovila\u00e7it dhe n\u00eb kat\u00ebr qendra t\u00eb p\u00ebrkohshme p\u00ebr azil \u2013 n\u00eb Bogovagjq, K\u00ebrnja\u00e7, Sjnic\u00eb dhe Tutin\u00eb, t\u00eb cilat jan\u00eb n\u00eb kompetenc\u00eb t\u00eb Komesariatit Republikan p\u00ebr Refugjat\u00eb dhe Emigrim.<\/p>\n<p>\t<strong>Burimi: Mondo dhe Trupi Koordinues<\/strong><\/p>\n","protected":false},"excerpt":{"rendered":"<p>Preshev\u00eb \u2013 Z\u00ebdh\u00ebnsja e UNHCR-s\u00eb, Mirjana Millenkovski, ka deklaruar se kjo organizat\u00eb prej 5 qershori, n\u00eb Preshev\u00eb ka ndar\u00eb 619 paketa higjenike dhe ushqimore p\u00ebr refugjat\u00ebt t\u00eb cil\u00ebt kryesisht vijn\u00eb nga Siria dhe Afganistani.<\/p>\n","protected":false},"author":1,"featured_media":135038,"comment_status":"closed","ping_status":"closed","sticky":false,"template":"","format":"standard","meta":{"footnotes":""},"categories":[55],"tags":[],"class_list":["post-135033","post","type-post","status-publish","format-standard","has-post-thumbnail","hentry","category-lajme"],"yoast_head":"<!-- This site is optimized with the Yoast SEO plugin v27.5 - https:\/\/yoast.com\/product\/yoast-seo-wordpress\/ -->\n<title>N\u00cb PRESHEV\u00cb \u00c7DO DIT\u00cb PARAQITEN 200 EMIGRANT\u00cb - Republika e S\u00ebrbis\u00eb Trupi Koordinues p\u00ebr komunat Bujanoc, Preshev\u00eb dhe Medvegj\u00eb<\/title>\n<meta name=\"robots\" content=\"index, follow, max-snippet:-1, max-image-preview:large, max-video-preview:-1\" \/>\n<link rel=\"canonical\" href=\"https:\/\/kt.gov.rs\/sq\/ne-presheve-cdo-dite-paraqiten-200-emigrante\/\" \/>\n<meta property=\"og:locale\" content=\"sq_AL\" \/>\n<meta property=\"og:type\" content=\"article\" \/>\n<meta property=\"og:title\" content=\"N\u00cb PRESHEV\u00cb \u00c7DO DIT\u00cb PARAQITEN 200 EMIGRANT\u00cb - Republika e S\u00ebrbis\u00eb Trupi Koordinues p\u00ebr komunat Bujanoc, Preshev\u00eb dhe Medvegj\u00eb\" \/>\n<meta property=\"og:description\" content=\"Preshev\u00eb \u2013 Z\u00ebdh\u00ebnsja e UNHCR-s\u00eb, Mirjana Millenkovski, ka deklaruar se kjo organizat\u00eb prej 5 qershori, n\u00eb Preshev\u00eb ka ndar\u00eb 619 paketa higjenike dhe ushqimore p\u00ebr refugjat\u00ebt t\u00eb cil\u00ebt kryesisht vijn\u00eb nga Siria dhe Afganistani.\" \/>\n<meta property=\"og:url\" content=\"https:\/\/kt.gov.rs\/sq\/ne-presheve-cdo-dite-paraqiten-200-emigrante\/\" \/>\n<meta property=\"og:site_name\" content=\"Republika e S\u00ebrbis\u00eb Trupi Koordinues p\u00ebr komunat Bujanoc, Preshev\u00eb dhe Medvegj\u00eb\" \/>\n<meta property=\"article:publisher\" content=\"https:\/\/www.facebook.com\/SluzbaKoordinacionogTelaVladeRepublikeSrbije\" \/>\n<meta property=\"article:published_time\" content=\"2015-06-15T00:00:00+00:00\" \/>\n<meta property=\"article:modified_time\" content=\"2024-07-30T19:35:37+00:00\" \/>\n<meta property=\"og:image\" content=\"https:\/\/kt.gov.rs\/wp-content\/uploads\/2024\/07\/1434369407_news_pic1014216-5.jpg\" \/>\n\t<meta property=\"og:image:width\" content=\"315\" \/>\n\t<meta property=\"og:image:height\" content=\"179\" \/>\n\t<meta property=\"og:image:type\" content=\"image\/jpeg\" \/>\n<meta name=\"author\" content=\"ktmin\" \/>\n<meta name=\"twitter:card\" content=\"summary_large_image\" \/>\n<meta name=\"twitter:creator\" content=\"@kt_gov\" \/>\n<meta name=\"twitter:site\" content=\"@kt_gov\" \/>\n<meta name=\"twitter:label1\" content=\"Written by\" \/>\n\t<meta name=\"twitter:data1\" content=\"ktmin\" \/>\n\t<meta name=\"twitter:label2\" content=\"Est. reading time\" \/>\n\t<meta name=\"twitter:data2\" content=\"4 minutes\" \/>\n<script type=\"application\/ld+json\" class=\"yoast-schema-graph\">{\"@context\":\"https:\\\/\\\/schema.org\",\"@graph\":[{\"@type\":\"Article\",\"@id\":\"https:\\\/\\\/kt.gov.rs\\\/sq\\\/ne-presheve-cdo-dite-paraqiten-200-emigrante\\\/#article\",\"isPartOf\":{\"@id\":\"https:\\\/\\\/kt.gov.rs\\\/sq\\\/ne-presheve-cdo-dite-paraqiten-200-emigrante\\\/\"},\"author\":{\"name\":\"ktmin\",\"@id\":\"https:\\\/\\\/kt.gov.rs\\\/#\\\/schema\\\/person\\\/e426459ddb4173309103390602694571\"},\"headline\":\"N\u00cb PRESHEV\u00cb \u00c7DO DIT\u00cb PARAQITEN 200 EMIGRANT\u00cb\",\"datePublished\":\"2015-06-15T00:00:00+00:00\",\"dateModified\":\"2024-07-30T19:35:37+00:00\",\"mainEntityOfPage\":{\"@id\":\"https:\\\/\\\/kt.gov.rs\\\/sq\\\/ne-presheve-cdo-dite-paraqiten-200-emigrante\\\/\"},\"wordCount\":725,\"publisher\":{\"@id\":\"https:\\\/\\\/kt.gov.rs\\\/#organization\"},\"image\":{\"@id\":\"https:\\\/\\\/kt.gov.rs\\\/sq\\\/ne-presheve-cdo-dite-paraqiten-200-emigrante\\\/#primaryimage\"},\"thumbnailUrl\":\"https:\\\/\\\/kt.gov.rs\\\/wp-content\\\/uploads\\\/2024\\\/07\\\/1434369407_news_pic1014216-5.jpg\",\"articleSection\":[\"Lajme\"],\"inLanguage\":\"sq-AL\"},{\"@type\":\"WebPage\",\"@id\":\"https:\\\/\\\/kt.gov.rs\\\/sq\\\/ne-presheve-cdo-dite-paraqiten-200-emigrante\\\/\",\"url\":\"https:\\\/\\\/kt.gov.rs\\\/sq\\\/ne-presheve-cdo-dite-paraqiten-200-emigrante\\\/\",\"name\":\"N\u00cb PRESHEV\u00cb \u00c7DO DIT\u00cb PARAQITEN 200 EMIGRANT\u00cb - Republika e S\u00ebrbis\u00eb Trupi Koordinues p\u00ebr komunat Bujanoc, Preshev\u00eb dhe Medvegj\u00eb\",\"isPartOf\":{\"@id\":\"https:\\\/\\\/kt.gov.rs\\\/#website\"},\"primaryImageOfPage\":{\"@id\":\"https:\\\/\\\/kt.gov.rs\\\/sq\\\/ne-presheve-cdo-dite-paraqiten-200-emigrante\\\/#primaryimage\"},\"image\":{\"@id\":\"https:\\\/\\\/kt.gov.rs\\\/sq\\\/ne-presheve-cdo-dite-paraqiten-200-emigrante\\\/#primaryimage\"},\"thumbnailUrl\":\"https:\\\/\\\/kt.gov.rs\\\/wp-content\\\/uploads\\\/2024\\\/07\\\/1434369407_news_pic1014216-5.jpg\",\"datePublished\":\"2015-06-15T00:00:00+00:00\",\"dateModified\":\"2024-07-30T19:35:37+00:00\",\"breadcrumb\":{\"@id\":\"https:\\\/\\\/kt.gov.rs\\\/sq\\\/ne-presheve-cdo-dite-paraqiten-200-emigrante\\\/#breadcrumb\"},\"inLanguage\":\"sq-AL\",\"potentialAction\":[{\"@type\":\"ReadAction\",\"target\":[\"https:\\\/\\\/kt.gov.rs\\\/sq\\\/ne-presheve-cdo-dite-paraqiten-200-emigrante\\\/\"]}]},{\"@type\":\"ImageObject\",\"inLanguage\":\"sq-AL\",\"@id\":\"https:\\\/\\\/kt.gov.rs\\\/sq\\\/ne-presheve-cdo-dite-paraqiten-200-emigrante\\\/#primaryimage\",\"url\":\"https:\\\/\\\/kt.gov.rs\\\/wp-content\\\/uploads\\\/2024\\\/07\\\/1434369407_news_pic1014216-5.jpg\",\"contentUrl\":\"https:\\\/\\\/kt.gov.rs\\\/wp-content\\\/uploads\\\/2024\\\/07\\\/1434369407_news_pic1014216-5.jpg\",\"width\":315,\"height\":179},{\"@type\":\"BreadcrumbList\",\"@id\":\"https:\\\/\\\/kt.gov.rs\\\/sq\\\/ne-presheve-cdo-dite-paraqiten-200-emigrante\\\/#breadcrumb\",\"itemListElement\":[{\"@type\":\"ListItem\",\"position\":1,\"name\":\"\u041f\u043e\u0447\u0435\u0442\u043d\u0430\",\"item\":\"https:\\\/\\\/kt.gov.rs\\\/sq\\\/\"},{\"@type\":\"ListItem\",\"position\":2,\"name\":\"N\u00cb PRESHEV\u00cb \u00c7DO DIT\u00cb PARAQITEN 200 EMIGRANT\u00cb\"}]},{\"@type\":\"WebSite\",\"@id\":\"https:\\\/\\\/kt.gov.rs\\\/#website\",\"url\":\"https:\\\/\\\/kt.gov.rs\\\/\",\"name\":\"\u041a\u043e\u043e\u0440\u0434\u0438\u043d\u0430\u0446\u0438\u043e\u043d\u043e \u0442\u0435\u043b\u043e \u0412\u043b\u0430\u0434\u0435 \u0420\u0435\u043f\u0443\u0431\u043b\u0438\u043a\u0435 \u0421\u0440\u0431\u0438\u0458\u0435 \u0437\u0430 \u043e\u043f\u0448\u0442\u0438\u043d\u0435 \u041f\u0440\u0435\u0448\u0435\u0432\u043e, \u0411\u0443\u0458\u0430\u043d\u043e\u0432\u0430\u0446 \u0438 \u041c\u0435\u0434\u0432\u0435\u0452a\",\"description\":\"\",\"publisher\":{\"@id\":\"https:\\\/\\\/kt.gov.rs\\\/#organization\"},\"alternateName\":\"\u041a\u043e\u043e\u0440\u0434\u0438\u043d\u0430\u0446\u0438\u043e\u043d\u043e \u0442\u0435\u043b\u043e\",\"potentialAction\":[{\"@type\":\"SearchAction\",\"target\":{\"@type\":\"EntryPoint\",\"urlTemplate\":\"https:\\\/\\\/kt.gov.rs\\\/?s={search_term_string}\"},\"query-input\":{\"@type\":\"PropertyValueSpecification\",\"valueRequired\":true,\"valueName\":\"search_term_string\"}}],\"inLanguage\":\"sq-AL\"},{\"@type\":\"Organization\",\"@id\":\"https:\\\/\\\/kt.gov.rs\\\/#organization\",\"name\":\"\u041a\u043e\u043e\u0440\u0434\u0438\u043d\u0430\u0446\u0438\u043e\u043d\u043e \u0442\u0435\u043b\u043e \u0412\u043b\u0430\u0434\u0435 \u0420\u0435\u043f\u0443\u0431\u043b\u0438\u043a\u0435 \u0421\u0440\u0431\u0438\u0458\u0435 \u0437\u0430 \u043e\u043f\u0448\u0442\u0438\u043d\u0435 \u041f\u0440\u0435\u0448\u0435\u0432\u043e, \u0411\u0443\u0458\u0430\u043d\u043e\u0432\u0430\u0446 \u0438 \u041c\u0435\u0434\u0432\u0435\u0452a\",\"alternateName\":\"\u041a\u043e\u043e\u0440\u0434\u0438\u043d\u0430\u0446\u0438\u043e\u043d\u043e \u0442\u0435\u043b\u043e\",\"url\":\"https:\\\/\\\/kt.gov.rs\\\/\",\"logo\":{\"@type\":\"ImageObject\",\"inLanguage\":\"sq-AL\",\"@id\":\"https:\\\/\\\/kt.gov.rs\\\/#\\\/schema\\\/logo\\\/image\\\/\",\"url\":\"https:\\\/\\\/kt.gov.rs\\\/wp-content\\\/uploads\\\/2024\\\/12\\\/koord2.jpg\",\"contentUrl\":\"https:\\\/\\\/kt.gov.rs\\\/wp-content\\\/uploads\\\/2024\\\/12\\\/koord2.jpg\",\"width\":640,\"height\":480,\"caption\":\"\u041a\u043e\u043e\u0440\u0434\u0438\u043d\u0430\u0446\u0438\u043e\u043d\u043e \u0442\u0435\u043b\u043e \u0412\u043b\u0430\u0434\u0435 \u0420\u0435\u043f\u0443\u0431\u043b\u0438\u043a\u0435 \u0421\u0440\u0431\u0438\u0458\u0435 \u0437\u0430 \u043e\u043f\u0448\u0442\u0438\u043d\u0435 \u041f\u0440\u0435\u0448\u0435\u0432\u043e, \u0411\u0443\u0458\u0430\u043d\u043e\u0432\u0430\u0446 \u0438 \u041c\u0435\u0434\u0432\u0435\u0452a\"},\"image\":{\"@id\":\"https:\\\/\\\/kt.gov.rs\\\/#\\\/schema\\\/logo\\\/image\\\/\"},\"sameAs\":[\"https:\\\/\\\/www.facebook.com\\\/SluzbaKoordinacionogTelaVladeRepublikeSrbije\",\"https:\\\/\\\/x.com\\\/kt_gov\",\"https:\\\/\\\/www.youtube.com\\\/@koordinacionotelo\"]},{\"@type\":\"Person\",\"@id\":\"https:\\\/\\\/kt.gov.rs\\\/#\\\/schema\\\/person\\\/e426459ddb4173309103390602694571\",\"name\":\"ktmin\",\"image\":{\"@type\":\"ImageObject\",\"inLanguage\":\"sq-AL\",\"@id\":\"https:\\\/\\\/secure.gravatar.com\\\/avatar\\\/3985c961109853010c3fbc7ba30365bfba5db3dd6c525831d9c595c7525a615a?s=96&d=mm&r=g\",\"url\":\"https:\\\/\\\/secure.gravatar.com\\\/avatar\\\/3985c961109853010c3fbc7ba30365bfba5db3dd6c525831d9c595c7525a615a?s=96&d=mm&r=g\",\"contentUrl\":\"https:\\\/\\\/secure.gravatar.com\\\/avatar\\\/3985c961109853010c3fbc7ba30365bfba5db3dd6c525831d9c595c7525a615a?s=96&d=mm&r=g\",\"caption\":\"ktmin\"},\"sameAs\":[\"https:\\\/\\\/kt.gov.rs\"],\"url\":\"https:\\\/\\\/kt.gov.rs\\\/sq\\\/author\\\/ktmin\\\/\"}]}<\/script>\n<!-- \/ Yoast SEO plugin. -->","yoast_head_json":{"title":"N\u00cb PRESHEV\u00cb \u00c7DO DIT\u00cb PARAQITEN 200 EMIGRANT\u00cb - Republika e S\u00ebrbis\u00eb Trupi Koordinues p\u00ebr komunat Bujanoc, Preshev\u00eb dhe Medvegj\u00eb","robots":{"index":"index","follow":"follow","max-snippet":"max-snippet:-1","max-image-preview":"max-image-preview:large","max-video-preview":"max-video-preview:-1"},"canonical":"https:\/\/kt.gov.rs\/sq\/ne-presheve-cdo-dite-paraqiten-200-emigrante\/","og_locale":"sq_AL","og_type":"article","og_title":"N\u00cb PRESHEV\u00cb \u00c7DO DIT\u00cb PARAQITEN 200 EMIGRANT\u00cb - Republika e S\u00ebrbis\u00eb Trupi Koordinues p\u00ebr komunat Bujanoc, Preshev\u00eb dhe Medvegj\u00eb","og_description":"Preshev\u00eb \u2013 Z\u00ebdh\u00ebnsja e UNHCR-s\u00eb, Mirjana Millenkovski, ka deklaruar se kjo organizat\u00eb prej 5 qershori, n\u00eb Preshev\u00eb ka ndar\u00eb 619 paketa higjenike dhe ushqimore p\u00ebr refugjat\u00ebt t\u00eb cil\u00ebt kryesisht vijn\u00eb nga Siria dhe Afganistani.","og_url":"https:\/\/kt.gov.rs\/sq\/ne-presheve-cdo-dite-paraqiten-200-emigrante\/","og_site_name":"Republika e S\u00ebrbis\u00eb Trupi Koordinues p\u00ebr komunat Bujanoc, Preshev\u00eb dhe Medvegj\u00eb","article_publisher":"https:\/\/www.facebook.com\/SluzbaKoordinacionogTelaVladeRepublikeSrbije","article_published_time":"2015-06-15T00:00:00+00:00","article_modified_time":"2024-07-30T19:35:37+00:00","og_image":[{"width":315,"height":179,"url":"https:\/\/kt.gov.rs\/wp-content\/uploads\/2024\/07\/1434369407_news_pic1014216-5.jpg","type":"image\/jpeg"}],"author":"ktmin","twitter_card":"summary_large_image","twitter_creator":"@kt_gov","twitter_site":"@kt_gov","twitter_misc":{"Written by":"ktmin","Est. reading time":"4 minutes"},"schema":{"@context":"https:\/\/schema.org","@graph":[{"@type":"Article","@id":"https:\/\/kt.gov.rs\/sq\/ne-presheve-cdo-dite-paraqiten-200-emigrante\/#article","isPartOf":{"@id":"https:\/\/kt.gov.rs\/sq\/ne-presheve-cdo-dite-paraqiten-200-emigrante\/"},"author":{"name":"ktmin","@id":"https:\/\/kt.gov.rs\/#\/schema\/person\/e426459ddb4173309103390602694571"},"headline":"N\u00cb PRESHEV\u00cb \u00c7DO DIT\u00cb PARAQITEN 200 EMIGRANT\u00cb","datePublished":"2015-06-15T00:00:00+00:00","dateModified":"2024-07-30T19:35:37+00:00","mainEntityOfPage":{"@id":"https:\/\/kt.gov.rs\/sq\/ne-presheve-cdo-dite-paraqiten-200-emigrante\/"},"wordCount":725,"publisher":{"@id":"https:\/\/kt.gov.rs\/#organization"},"image":{"@id":"https:\/\/kt.gov.rs\/sq\/ne-presheve-cdo-dite-paraqiten-200-emigrante\/#primaryimage"},"thumbnailUrl":"https:\/\/kt.gov.rs\/wp-content\/uploads\/2024\/07\/1434369407_news_pic1014216-5.jpg","articleSection":["Lajme"],"inLanguage":"sq-AL"},{"@type":"WebPage","@id":"https:\/\/kt.gov.rs\/sq\/ne-presheve-cdo-dite-paraqiten-200-emigrante\/","url":"https:\/\/kt.gov.rs\/sq\/ne-presheve-cdo-dite-paraqiten-200-emigrante\/","name":"N\u00cb PRESHEV\u00cb \u00c7DO DIT\u00cb PARAQITEN 200 EMIGRANT\u00cb - Republika e S\u00ebrbis\u00eb Trupi Koordinues p\u00ebr komunat Bujanoc, Preshev\u00eb dhe Medvegj\u00eb","isPartOf":{"@id":"https:\/\/kt.gov.rs\/#website"},"primaryImageOfPage":{"@id":"https:\/\/kt.gov.rs\/sq\/ne-presheve-cdo-dite-paraqiten-200-emigrante\/#primaryimage"},"image":{"@id":"https:\/\/kt.gov.rs\/sq\/ne-presheve-cdo-dite-paraqiten-200-emigrante\/#primaryimage"},"thumbnailUrl":"https:\/\/kt.gov.rs\/wp-content\/uploads\/2024\/07\/1434369407_news_pic1014216-5.jpg","datePublished":"2015-06-15T00:00:00+00:00","dateModified":"2024-07-30T19:35:37+00:00","breadcrumb":{"@id":"https:\/\/kt.gov.rs\/sq\/ne-presheve-cdo-dite-paraqiten-200-emigrante\/#breadcrumb"},"inLanguage":"sq-AL","potentialAction":[{"@type":"ReadAction","target":["https:\/\/kt.gov.rs\/sq\/ne-presheve-cdo-dite-paraqiten-200-emigrante\/"]}]},{"@type":"ImageObject","inLanguage":"sq-AL","@id":"https:\/\/kt.gov.rs\/sq\/ne-presheve-cdo-dite-paraqiten-200-emigrante\/#primaryimage","url":"https:\/\/kt.gov.rs\/wp-content\/uploads\/2024\/07\/1434369407_news_pic1014216-5.jpg","contentUrl":"https:\/\/kt.gov.rs\/wp-content\/uploads\/2024\/07\/1434369407_news_pic1014216-5.jpg","width":315,"height":179},{"@type":"BreadcrumbList","@id":"https:\/\/kt.gov.rs\/sq\/ne-presheve-cdo-dite-paraqiten-200-emigrante\/#breadcrumb","itemListElement":[{"@type":"ListItem","position":1,"name":"\u041f\u043e\u0447\u0435\u0442\u043d\u0430","item":"https:\/\/kt.gov.rs\/sq\/"},{"@type":"ListItem","position":2,"name":"N\u00cb PRESHEV\u00cb \u00c7DO DIT\u00cb PARAQITEN 200 EMIGRANT\u00cb"}]},{"@type":"WebSite","@id":"https:\/\/kt.gov.rs\/#website","url":"https:\/\/kt.gov.rs\/","name":"\u041a\u043e\u043e\u0440\u0434\u0438\u043d\u0430\u0446\u0438\u043e\u043d\u043e \u0442\u0435\u043b\u043e \u0412\u043b\u0430\u0434\u0435 \u0420\u0435\u043f\u0443\u0431\u043b\u0438\u043a\u0435 \u0421\u0440\u0431\u0438\u0458\u0435 \u0437\u0430 \u043e\u043f\u0448\u0442\u0438\u043d\u0435 \u041f\u0440\u0435\u0448\u0435\u0432\u043e, \u0411\u0443\u0458\u0430\u043d\u043e\u0432\u0430\u0446 \u0438 \u041c\u0435\u0434\u0432\u0435\u0452a","description":"","publisher":{"@id":"https:\/\/kt.gov.rs\/#organization"},"alternateName":"\u041a\u043e\u043e\u0440\u0434\u0438\u043d\u0430\u0446\u0438\u043e\u043d\u043e \u0442\u0435\u043b\u043e","potentialAction":[{"@type":"SearchAction","target":{"@type":"EntryPoint","urlTemplate":"https:\/\/kt.gov.rs\/?s={search_term_string}"},"query-input":{"@type":"PropertyValueSpecification","valueRequired":true,"valueName":"search_term_string"}}],"inLanguage":"sq-AL"},{"@type":"Organization","@id":"https:\/\/kt.gov.rs\/#organization","name":"\u041a\u043e\u043e\u0440\u0434\u0438\u043d\u0430\u0446\u0438\u043e\u043d\u043e \u0442\u0435\u043b\u043e \u0412\u043b\u0430\u0434\u0435 \u0420\u0435\u043f\u0443\u0431\u043b\u0438\u043a\u0435 \u0421\u0440\u0431\u0438\u0458\u0435 \u0437\u0430 \u043e\u043f\u0448\u0442\u0438\u043d\u0435 \u041f\u0440\u0435\u0448\u0435\u0432\u043e, \u0411\u0443\u0458\u0430\u043d\u043e\u0432\u0430\u0446 \u0438 \u041c\u0435\u0434\u0432\u0435\u0452a","alternateName":"\u041a\u043e\u043e\u0440\u0434\u0438\u043d\u0430\u0446\u0438\u043e\u043d\u043e \u0442\u0435\u043b\u043e","url":"https:\/\/kt.gov.rs\/","logo":{"@type":"ImageObject","inLanguage":"sq-AL","@id":"https:\/\/kt.gov.rs\/#\/schema\/logo\/image\/","url":"https:\/\/kt.gov.rs\/wp-content\/uploads\/2024\/12\/koord2.jpg","contentUrl":"https:\/\/kt.gov.rs\/wp-content\/uploads\/2024\/12\/koord2.jpg","width":640,"height":480,"caption":"\u041a\u043e\u043e\u0440\u0434\u0438\u043d\u0430\u0446\u0438\u043e\u043d\u043e \u0442\u0435\u043b\u043e \u0412\u043b\u0430\u0434\u0435 \u0420\u0435\u043f\u0443\u0431\u043b\u0438\u043a\u0435 \u0421\u0440\u0431\u0438\u0458\u0435 \u0437\u0430 \u043e\u043f\u0448\u0442\u0438\u043d\u0435 \u041f\u0440\u0435\u0448\u0435\u0432\u043e, \u0411\u0443\u0458\u0430\u043d\u043e\u0432\u0430\u0446 \u0438 \u041c\u0435\u0434\u0432\u0435\u0452a"},"image":{"@id":"https:\/\/kt.gov.rs\/#\/schema\/logo\/image\/"},"sameAs":["https:\/\/www.facebook.com\/SluzbaKoordinacionogTelaVladeRepublikeSrbije","https:\/\/x.com\/kt_gov","https:\/\/www.youtube.com\/@koordinacionotelo"]},{"@type":"Person","@id":"https:\/\/kt.gov.rs\/#\/schema\/person\/e426459ddb4173309103390602694571","name":"ktmin","image":{"@type":"ImageObject","inLanguage":"sq-AL","@id":"https:\/\/secure.gravatar.com\/avatar\/3985c961109853010c3fbc7ba30365bfba5db3dd6c525831d9c595c7525a615a?s=96&d=mm&r=g","url":"https:\/\/secure.gravatar.com\/avatar\/3985c961109853010c3fbc7ba30365bfba5db3dd6c525831d9c595c7525a615a?s=96&d=mm&r=g","contentUrl":"https:\/\/secure.gravatar.com\/avatar\/3985c961109853010c3fbc7ba30365bfba5db3dd6c525831d9c595c7525a615a?s=96&d=mm&r=g","caption":"ktmin"},"sameAs":["https:\/\/kt.gov.rs"],"url":"https:\/\/kt.gov.rs\/sq\/author\/ktmin\/"}]}},"_links":{"self":[{"href":"https:\/\/kt.gov.rs\/sq\/wp-json\/wp\/v2\/posts\/135033","targetHints":{"allow":["GET"]}}],"collection":[{"href":"https:\/\/kt.gov.rs\/sq\/wp-json\/wp\/v2\/posts"}],"about":[{"href":"https:\/\/kt.gov.rs\/sq\/wp-json\/wp\/v2\/types\/post"}],"author":[{"embeddable":true,"href":"https:\/\/kt.gov.rs\/sq\/wp-json\/wp\/v2\/users\/1"}],"replies":[{"embeddable":true,"href":"https:\/\/kt.gov.rs\/sq\/wp-json\/wp\/v2\/comments?post=135033"}],"version-history":[{"count":1,"href":"https:\/\/kt.gov.rs\/sq\/wp-json\/wp\/v2\/posts\/135033\/revisions"}],"predecessor-version":[{"id":135037,"href":"https:\/\/kt.gov.rs\/sq\/wp-json\/wp\/v2\/posts\/135033\/revisions\/135037"}],"wp:featuredmedia":[{"embeddable":true,"href":"https:\/\/kt.gov.rs\/sq\/wp-json\/wp\/v2\/media\/135038"}],"wp:attachment":[{"href":"https:\/\/kt.gov.rs\/sq\/wp-json\/wp\/v2\/media?parent=135033"}],"wp:term":[{"taxonomy":"category","embeddable":true,"href":"https:\/\/kt.gov.rs\/sq\/wp-json\/wp\/v2\/categories?post=135033"},{"taxonomy":"post_tag","embeddable":true,"href":"https:\/\/kt.gov.rs\/sq\/wp-json\/wp\/v2\/tags?post=135033"}],"curies":[{"name":"wp","href":"https:\/\/api.w.org\/{rel}","templated":true}]}}