{"id":134936,"date":"2015-06-29T00:00:00","date_gmt":"2015-06-29T00:00:00","guid":{"rendered":"http:\/\/kt.printandscreen.rs\/konkurs-youthbuild-srbija\/"},"modified":"2015-06-29T00:00:00","modified_gmt":"2015-06-29T00:00:00","slug":"konkurs-youthbuild-srbija","status":"publish","type":"post","link":"https:\/\/kt.gov.rs\/sq\/konkurs-youthbuild-srbija\/","title":{"rendered":"Konkurs \u2013 YouthBuild Srbija"},"content":{"rendered":"<p style=\"text-align: center;\">\n\t<strong>JE E PAPUN\u00cb ?<\/strong><\/p>\n<p style=\"text-align: center;\">\n\t<strong>KE MIDIS 18 E 30 VJET?<\/strong><\/p>\n<p style=\"text-align: center;\">\n\t<strong>JETON N\u00cb BUJANOC, PRESHEV\u00cb DHE VRANJ\u00cb, NOVI PAZAR, TUTIN, SJENIC\u00cb?<\/strong><\/p>\n<p>\n\t\u00a0<\/p>\n<p>\n\t<strong>KY \u00cbSHT\u00cb KONKURS P\u00cbR TY!<\/strong><\/p>\n<p>\n\tInkuadrohu n\u00eb programin YouthBuild Srbija dhe m\u00ebso se si ndertohet dhe mbahet web faqja, t\u00eb gjesh\u00eb pun\u00eb apo t\u00eb fillosh biznesin t\u00ebnd dhe kontribo n\u00eb zhvillimin e komunitetit.<\/p>\n<p>\n\tT\u00eb ofrojm\u00eb \u00a0m\u00ebsim, vullnetariz\u00ebm,\u00a0 fitimin e p\u00ebrvoj\u00ebs dhe nj\u00eb shans q\u00eb si pjes\u00eb e nj\u00eb ekipi prej 30 femrave t\u00eb reja, t\u00eb b\u00ebsh di\u00e7ka p\u00ebr veten dhe komunitetin t\u00ebnd.<\/p>\n<p>\n\tD\u00ebrgoje t\u00eb plot\u00ebsuar\u00a0<a href=\"https:\/\/docs.google.com\/a\/gradjanske.org\/file\/d\/0B0m3OMMsQla3bkp1ZjVWMVNYeW8\/edit?pli=1\">formularin p\u00ebr aplikim<\/a>\u00a0 deri m\u00eb 10.qershor 2015, n\u00eb\u00a0<a href=\"mailto:konkurs@gradjanske.org\">konkurs@gradjanske.org<\/a>\u00a0dhe b\u00ebhu pjes\u00eb e ekipit t\u00eb YouthBuild Srbija! Formularin\u00a0 e aplikimit mund t\u00eb shkarkohet m\u00eb posht\u00eb<\/p>\n<p>\n\tDo t\u00eb ftojm\u00eb n\u00eb trajnimin seleksionues n\u00eb fillim t\u00eb korrikut, ku do t\u00eb b\u00ebhet p\u00ebrzgjedhja p\u00ebrfundimtare e pjes\u00ebmarrseve n\u00eb program.<\/p>\n<p>\n\t<strong>NUK KE D\u00cbGJUAR P\u00cbR YOUTHBUILD?<\/strong><\/p>\n<p>\n\tB\u00ebj\u00eb\u00a0 nj\u00eb sh\u00ebtitje n\u00ebp\u00ebr lagje dhe do t\u00eb njoftohesh me moshatar\u00ebt\u00a0 e tu, t\u00eb cil\u00ebt kan\u00eb ndjekur\u00a0 programin YouthBuild.<\/p>\n<p>\n\t\u00a0N\u00eb Qendrat e trajnimit n\u00eb Bujanoc dhe\u00a0 Novi Pazar, ata kishin trajnime\u00a0 t\u00eb p\u00ebrditshme mbi temat:\u00a0 puna n\u00eb komunitet, aft\u00ebsit\u00eb e komunikimit, shkrimin e projekteve , dhe n\u00eb t\u00eb nj\u00ebjt\u00ebn koh\u00eb\u00a0 kan\u00eb organizuar aksione vullnetare.<\/p>\n<p>\n\t<strong>CILI \u00cbSHT\u00cb Q\u00cbLLIMI I K\u00cbTIJ PROGRAMI?<\/strong><\/p>\n<p>\n\tTRAJNIMI I \u00a0VAJZAVE- GRAVE T\u00cb\u00a0 REJA P\u00cbR T\u00cb GJETUR \u00a0PUN\u00cb OSE\u00a0 FILLUAR BIZNESIN \u00a0E TYRE, T\u00cb B\u00cbHEN AKTIVE N\u00cb KOMUNITET DHE T\u00cb KONTRIBUOJ\u00cb N\u00cb ZHVILLIMIN E SAJ.<\/p>\n<p>\n\t<strong>M\u00cb SHUM\u00cb P\u00cbR PROGRAMIN:<\/strong><\/p>\n<p>\n\tN\u00eb faz\u00ebn e par\u00eb t\u00eb programit (korrik-gusht 2015) \u2013 p\u00ebrmes trajnimeve p\u00ebr \u00a0zhvillimin e faqeve t\u00eb internetit, pjes\u00ebmarr\u00ebset e projektit do t\u00eb fitojn\u00eb aft\u00ebsit\u00eb e k\u00ebrkuara p\u00ebr \u00a0tregun e pun\u00ebs, ve\u00e7an\u00ebrisht n\u00eb komunat e p\u00ebrzgjedhura, do t\u00eb forcojn\u00eb \u00a0pozit\u00ebn e tyre n\u00eb komunitet duke u b\u00ebr nj\u00eb burim i r\u00ebnd\u00ebsish\u00ebm p\u00ebr organizatat dhe institucionet vendore . Kursi do t\u00eb zhvillohet p\u00ebr 20 dit\u00eb (gjithsej 40 dit\u00eb\u00a0 trajnimi, 20 n\u00eb Bujanoc \u00a0dhe 20 n\u00eb Novi Pazar) n\u00eb secil\u00ebn prej dit\u00ebve t\u00eb trajnimit do t\u00eb mbahet nga 8 or\u00eb. Minimumi 160 leksione\u00a0 do t\u00eb mbulojn\u00eb temat e m\u00ebposhtme: Interneti si medium, klient\u00ebt dhe serverat, trendet bashk\u00ebkohore n\u00eb teknologji, elementet e Web dijaznit (tipografi, photography, layout faqe, etj), gjuha e \u00a0programimit \u00a0HTML5, \u00a0gjuha e programimit CSS\u00a0 3, WordPress, etj<\/p>\n<p>\n\tKy trajnim ofrohet nga shkolla profesionale\u00a0 \u201e shkolla e Kroja\u00e7ev\u00ebs&quot;- fituese e \u00e7mimeve t\u00eb r\u00ebnd\u00ebsishme vendore p\u00ebr TI (Teknologji informative) dhe shum\u00eb mir\u00ebnjohjeve, nx\u00ebn\u00ebsit e k\u00ebsaj shkolle jan\u00eb autor t\u00eb m\u00eb shum\u00eb se 500 prezentimeve n\u00eb internet. Shkolla e Kroja\u00e7ev\u00ebs \u00ebsht\u00eb zyrtarisht qendra regjionale e trajnimeve p\u00ebr Apple. Af\u00ebr 90% t\u00eb nx\u00ebn\u00ebsve t\u00eb shkoll\u00ebs \u00a0s\u00eb Kroja\u00e7ev\u00ebs\u00a0 punojn\u00eb pas p\u00ebrfundimit t\u00eb programit ose kan\u00eb filluar biznesin e tyre. \u00c7mimi komercial i trajnimeve p\u00ebr mir\u00ebmbajtjen dhe zhvillimin e web faqeve q\u00eb ofron shkolla e Kroja\u00e7ev\u00ebs \u00ebsht\u00eb 150.000 dinar p\u00ebr person. Xxx jane falas<\/p>\n<p>\n\tN\u00eb faz\u00ebn e dyt\u00eb t\u00eb programit (shtator-tetor 2015) pjesmarr\u00ebset e projektit do t\u00eb fuqizohen q\u00eb t\u00eb jen\u00eb t\u00eb pavarura dhe proaktive, si dhe do t\u00eb fitojn\u00eb njohuri p\u00ebr zhvillimi lokal, aktivizmin, vendosjen e partneritetit lokal, participimin e t\u00eb rinj\u00ebve, por edhe p\u00ebr nd\u00ebrlidhjen e k\u00ebtyre temave me fuqizimin individual t\u00eb t\u00eb rinj\u00ebve p\u00ebrmes avancimit t\u00eb kompetencave individuale dhe aft\u00ebsive, ve\u00e7anarisht p\u00ebr gjetjen e pun\u00ebs ose p\u00ebr fillimin e biznesit. Pjesmarr\u00ebset do t\u00eb njoftohen me proceset e integrimit Evropian dhe rolin e t\u00eb rinj\u00ebve n\u00eb k\u00ebt\u00eb process, si dhe me temat q\u00eb jan\u00eb relevante p\u00ebr k\u00ebt\u00eb grup t\u00eb caktuar- t\u00eb drejtat e pakicave dhe t\u00eb njeriut, me focus t\u00eb va\u00e7ant n\u00eb t\u00eb drejtat e gruas.<\/p>\n<p>\n\tGjat\u00eb ndjekjes se programit, pjesmarr\u00ebset do t\u00eb ken\u00eb mund\u00ebsi t\u00eb zhvillojn web prezentime p\u00ebr institucionet publike, nd\u00ebrrmarjet dhe organizatat jofitimprur\u00ebse e vendeve t\u00eb tyre, gj\u00eb q\u00eb do ti ndihmoj ti prezentojn\u00eb aft\u00ebsit e veta duke I leht\u00ebsuar vet\u00ebs p\u00ebr t\u00eb gjetur pun\u00eb ose filluar biznesin, \u00a0por edhe t\u00eb implementojn\u00eb aktivitetet q\u00eb kan\u00eb p\u00ebr q\u00ebllim p\u00ebrparimin(avancimin) e komuniteteve lokale.<\/p>\n<p>\n\tN\u00eb kuad\u00ebr t\u00eb programit do t\u00eb organizohen vizita studimore kompanive q\u00eb mirren me teknologjin\u00eb informative dhe organizatave q\u00eb nxisin p\u00ebr aktiviz\u00ebm qytetar dhe zhvillimin e komuniteteve lokale.<\/p>\n<p>\n\tN\u00eb p\u00ebrfundim t\u00eb Programit pjesmarr\u00ebset do t\u00eb marrin \u00e7ertifikatat t\u00eb cilat do t\u00eb mund ti p\u00ebrdorin kur t\u00eb aplikojn\u00eb p\u00ebr pun\u00eb, t\u00eb cilat do t\u00eb d\u00ebshmojn\u00eb p\u00ebr kapacitetet e tyre p\u00ebr t\u00eb p\u00ebrmir\u00ebsuar (avancuar) komunitetin lokal.<\/p>\n<p>\n\tBashkohu edhe ti!<\/p>\n<p>\n\tProgramin YouthBuild- T\u00eb rinjt\u00eb e edukuar dhe aktiv, e zbaton Incijativa qytetare\u00a0\u00a0\u00a0 me sukses n\u00eb Serbi q\u00eb nga viti 2011, \u00ebsht\u00eb model i cili prej vitit 1994\u00a0 zbatohet dhe jep rezultate t\u00eb jasht\u00ebzakonshme n\u00eb 15 vende n\u00eb mbar\u00eb bot\u00ebn. Gjat\u00eb 30 viteve p\u00ebrvoj\u00eb, YouthBuild ka p\u00ebrgatitur mbi 110.000 njer\u00ebz t\u00eb rinj\u00eb p\u00ebr t\u00eb qen\u00eb aktiv, t\u00eb angazhuar dhe p\u00ebr t\u00eb nd\u00ebrtuar vet\u00eb komunitetin e tyre. K\u00ebt\u00eb vit programi zbatohet, me mb\u00ebshtetjen e Ministris\u00eb s\u00eb Rinis\u00eb dhe Sportit\u00a0 dhe YouthBuild International.<\/p>\n<p>\n\t\u00a0<\/p>\n<p style=\"text-align: center;\">\n\tInformata shtes\u00eb p\u00ebr programin mund t\u00eb gjeni n\u00eb adresat e m\u00ebposhtme:<\/p>\n<p align=\"center\">\n\t\u00a0<\/p>\n<p align=\"center\">\n\t:: <a href=\"http:\/\/www.youthbuildsrbija.org\/\">www.youthbuildsrbija.org<\/a> :: <a href=\"https:\/\/www.facebook.com\/YouthBuildSrbija\">facebook.com\/YouthBuildSrbija<\/a> :: <a href=\"http:\/\/www.gradjanske.org\/\">www.gradjanske.org<\/a> :: <a href=\"https:\/\/www.facebook.com\/GradjanskeInicijative\">facebook.com\/GradjanskeInicijative<\/a><\/p>\n<p>\n\t<a href=\"http:\/\/www.kt.gov.rs\/images\/aplikacioni formular ybit (2)shqip.docx\" target=\"_blank\" rel=\"noopener\">Download<\/a><\/p>\n","protected":false},"excerpt":{"rendered":"<p>Inkuadrohu n\u00eb programin YouthBuild Srbija dhe m\u00ebso se si ndertohet dhe mbahet web faqja, t\u00eb gjesh\u00eb pun\u00eb apo t\u00eb fillosh biznesin t\u00ebnd dhe kontribo n\u00eb zhvillimin e komunitetit.<\/p>\n<p>\tT\u00eb ofrojm\u00eb \u00a0m\u00ebsim, vullnetariz\u00ebm,\u00a0 fitimin e p\u00ebrvoj\u00ebs dhe nj\u00eb shans q\u00eb si pjes\u00eb e nj\u00eb ekipi prej 30 femrave t\u00eb reja, t\u00eb b\u00ebsh di\u00e7ka p\u00ebr veten dhe komunitetin t\u00ebnd.<\/p>\n","protected":false},"author":1,"featured_media":0,"comment_status":"closed","ping_status":"closed","sticky":false,"template":"","format":"standard","meta":{"footnotes":""},"categories":[55],"tags":[],"class_list":["post-134936","post","type-post","status-publish","format-standard","hentry","category-lajme"],"yoast_head":"<!-- This site is optimized with the Yoast SEO plugin v27.5 - https:\/\/yoast.com\/product\/yoast-seo-wordpress\/ -->\n<title>Konkurs - YouthBuild Srbija - Republika e S\u00ebrbis\u00eb Trupi Koordinues p\u00ebr komunat Bujanoc, Preshev\u00eb dhe Medvegj\u00eb<\/title>\n<meta name=\"robots\" content=\"index, follow, max-snippet:-1, max-image-preview:large, max-video-preview:-1\" \/>\n<link rel=\"canonical\" href=\"https:\/\/kt.gov.rs\/sq\/konkurs-youthbuild-srbija\/\" \/>\n<meta property=\"og:locale\" content=\"sq_AL\" \/>\n<meta property=\"og:type\" content=\"article\" \/>\n<meta property=\"og:title\" content=\"Konkurs - YouthBuild Srbija - Republika e S\u00ebrbis\u00eb Trupi Koordinues p\u00ebr komunat Bujanoc, Preshev\u00eb dhe Medvegj\u00eb\" \/>\n<meta property=\"og:description\" content=\"Inkuadrohu n\u00eb programin YouthBuild Srbija dhe m\u00ebso se si ndertohet dhe mbahet web faqja, t\u00eb gjesh\u00eb pun\u00eb apo t\u00eb fillosh biznesin t\u00ebnd dhe kontribo n\u00eb zhvillimin e komunitetit.  T\u00eb ofrojm\u00eb \u00a0m\u00ebsim, vullnetariz\u00ebm,\u00a0 fitimin e p\u00ebrvoj\u00ebs dhe nj\u00eb shans q\u00eb si pjes\u00eb e nj\u00eb ekipi prej 30 femrave t\u00eb reja, t\u00eb b\u00ebsh di\u00e7ka p\u00ebr veten dhe komunitetin t\u00ebnd.\" \/>\n<meta property=\"og:url\" content=\"https:\/\/kt.gov.rs\/sq\/konkurs-youthbuild-srbija\/\" \/>\n<meta property=\"og:site_name\" content=\"Republika e S\u00ebrbis\u00eb Trupi Koordinues p\u00ebr komunat Bujanoc, Preshev\u00eb dhe Medvegj\u00eb\" \/>\n<meta property=\"article:publisher\" content=\"https:\/\/www.facebook.com\/SluzbaKoordinacionogTelaVladeRepublikeSrbije\" \/>\n<meta property=\"article:published_time\" content=\"2015-06-29T00:00:00+00:00\" \/>\n<meta name=\"author\" content=\"ktmin\" \/>\n<meta name=\"twitter:card\" content=\"summary_large_image\" \/>\n<meta name=\"twitter:creator\" content=\"@kt_gov\" \/>\n<meta name=\"twitter:site\" content=\"@kt_gov\" \/>\n<meta name=\"twitter:label1\" content=\"Written by\" \/>\n\t<meta name=\"twitter:data1\" content=\"ktmin\" \/>\n\t<meta name=\"twitter:label2\" content=\"Est. reading time\" \/>\n\t<meta name=\"twitter:data2\" content=\"6 minutes\" \/>\n<script type=\"application\/ld+json\" class=\"yoast-schema-graph\">{\"@context\":\"https:\\\/\\\/schema.org\",\"@graph\":[{\"@type\":\"Article\",\"@id\":\"https:\\\/\\\/kt.gov.rs\\\/sq\\\/konkurs-youthbuild-srbija\\\/#article\",\"isPartOf\":{\"@id\":\"https:\\\/\\\/kt.gov.rs\\\/sq\\\/konkurs-youthbuild-srbija\\\/\"},\"author\":{\"name\":\"ktmin\",\"@id\":\"https:\\\/\\\/kt.gov.rs\\\/#\\\/schema\\\/person\\\/e426459ddb4173309103390602694571\"},\"headline\":\"Konkurs \u2013 YouthBuild Srbija\",\"datePublished\":\"2015-06-29T00:00:00+00:00\",\"mainEntityOfPage\":{\"@id\":\"https:\\\/\\\/kt.gov.rs\\\/sq\\\/konkurs-youthbuild-srbija\\\/\"},\"wordCount\":1284,\"publisher\":{\"@id\":\"https:\\\/\\\/kt.gov.rs\\\/#organization\"},\"articleSection\":[\"Lajme\"],\"inLanguage\":\"sq-AL\"},{\"@type\":\"WebPage\",\"@id\":\"https:\\\/\\\/kt.gov.rs\\\/sq\\\/konkurs-youthbuild-srbija\\\/\",\"url\":\"https:\\\/\\\/kt.gov.rs\\\/sq\\\/konkurs-youthbuild-srbija\\\/\",\"name\":\"Konkurs - YouthBuild Srbija - Republika e S\u00ebrbis\u00eb Trupi Koordinues p\u00ebr komunat Bujanoc, Preshev\u00eb dhe Medvegj\u00eb\",\"isPartOf\":{\"@id\":\"https:\\\/\\\/kt.gov.rs\\\/#website\"},\"datePublished\":\"2015-06-29T00:00:00+00:00\",\"breadcrumb\":{\"@id\":\"https:\\\/\\\/kt.gov.rs\\\/sq\\\/konkurs-youthbuild-srbija\\\/#breadcrumb\"},\"inLanguage\":\"sq-AL\",\"potentialAction\":[{\"@type\":\"ReadAction\",\"target\":[\"https:\\\/\\\/kt.gov.rs\\\/sq\\\/konkurs-youthbuild-srbija\\\/\"]}]},{\"@type\":\"BreadcrumbList\",\"@id\":\"https:\\\/\\\/kt.gov.rs\\\/sq\\\/konkurs-youthbuild-srbija\\\/#breadcrumb\",\"itemListElement\":[{\"@type\":\"ListItem\",\"position\":1,\"name\":\"\u041f\u043e\u0447\u0435\u0442\u043d\u0430\",\"item\":\"https:\\\/\\\/kt.gov.rs\\\/sq\\\/\"},{\"@type\":\"ListItem\",\"position\":2,\"name\":\"Konkurs \u2013 YouthBuild Srbija\"}]},{\"@type\":\"WebSite\",\"@id\":\"https:\\\/\\\/kt.gov.rs\\\/#website\",\"url\":\"https:\\\/\\\/kt.gov.rs\\\/\",\"name\":\"\u041a\u043e\u043e\u0440\u0434\u0438\u043d\u0430\u0446\u0438\u043e\u043d\u043e \u0442\u0435\u043b\u043e \u0412\u043b\u0430\u0434\u0435 \u0420\u0435\u043f\u0443\u0431\u043b\u0438\u043a\u0435 \u0421\u0440\u0431\u0438\u0458\u0435 \u0437\u0430 \u043e\u043f\u0448\u0442\u0438\u043d\u0435 \u041f\u0440\u0435\u0448\u0435\u0432\u043e, \u0411\u0443\u0458\u0430\u043d\u043e\u0432\u0430\u0446 \u0438 \u041c\u0435\u0434\u0432\u0435\u0452a\",\"description\":\"\",\"publisher\":{\"@id\":\"https:\\\/\\\/kt.gov.rs\\\/#organization\"},\"alternateName\":\"\u041a\u043e\u043e\u0440\u0434\u0438\u043d\u0430\u0446\u0438\u043e\u043d\u043e \u0442\u0435\u043b\u043e\",\"potentialAction\":[{\"@type\":\"SearchAction\",\"target\":{\"@type\":\"EntryPoint\",\"urlTemplate\":\"https:\\\/\\\/kt.gov.rs\\\/?s={search_term_string}\"},\"query-input\":{\"@type\":\"PropertyValueSpecification\",\"valueRequired\":true,\"valueName\":\"search_term_string\"}}],\"inLanguage\":\"sq-AL\"},{\"@type\":\"Organization\",\"@id\":\"https:\\\/\\\/kt.gov.rs\\\/#organization\",\"name\":\"\u041a\u043e\u043e\u0440\u0434\u0438\u043d\u0430\u0446\u0438\u043e\u043d\u043e \u0442\u0435\u043b\u043e \u0412\u043b\u0430\u0434\u0435 \u0420\u0435\u043f\u0443\u0431\u043b\u0438\u043a\u0435 \u0421\u0440\u0431\u0438\u0458\u0435 \u0437\u0430 \u043e\u043f\u0448\u0442\u0438\u043d\u0435 \u041f\u0440\u0435\u0448\u0435\u0432\u043e, \u0411\u0443\u0458\u0430\u043d\u043e\u0432\u0430\u0446 \u0438 \u041c\u0435\u0434\u0432\u0435\u0452a\",\"alternateName\":\"\u041a\u043e\u043e\u0440\u0434\u0438\u043d\u0430\u0446\u0438\u043e\u043d\u043e \u0442\u0435\u043b\u043e\",\"url\":\"https:\\\/\\\/kt.gov.rs\\\/\",\"logo\":{\"@type\":\"ImageObject\",\"inLanguage\":\"sq-AL\",\"@id\":\"https:\\\/\\\/kt.gov.rs\\\/#\\\/schema\\\/logo\\\/image\\\/\",\"url\":\"https:\\\/\\\/kt.gov.rs\\\/wp-content\\\/uploads\\\/2024\\\/12\\\/koord2.jpg\",\"contentUrl\":\"https:\\\/\\\/kt.gov.rs\\\/wp-content\\\/uploads\\\/2024\\\/12\\\/koord2.jpg\",\"width\":640,\"height\":480,\"caption\":\"\u041a\u043e\u043e\u0440\u0434\u0438\u043d\u0430\u0446\u0438\u043e\u043d\u043e \u0442\u0435\u043b\u043e \u0412\u043b\u0430\u0434\u0435 \u0420\u0435\u043f\u0443\u0431\u043b\u0438\u043a\u0435 \u0421\u0440\u0431\u0438\u0458\u0435 \u0437\u0430 \u043e\u043f\u0448\u0442\u0438\u043d\u0435 \u041f\u0440\u0435\u0448\u0435\u0432\u043e, \u0411\u0443\u0458\u0430\u043d\u043e\u0432\u0430\u0446 \u0438 \u041c\u0435\u0434\u0432\u0435\u0452a\"},\"image\":{\"@id\":\"https:\\\/\\\/kt.gov.rs\\\/#\\\/schema\\\/logo\\\/image\\\/\"},\"sameAs\":[\"https:\\\/\\\/www.facebook.com\\\/SluzbaKoordinacionogTelaVladeRepublikeSrbije\",\"https:\\\/\\\/x.com\\\/kt_gov\",\"https:\\\/\\\/www.youtube.com\\\/@koordinacionotelo\"]},{\"@type\":\"Person\",\"@id\":\"https:\\\/\\\/kt.gov.rs\\\/#\\\/schema\\\/person\\\/e426459ddb4173309103390602694571\",\"name\":\"ktmin\",\"image\":{\"@type\":\"ImageObject\",\"inLanguage\":\"sq-AL\",\"@id\":\"https:\\\/\\\/secure.gravatar.com\\\/avatar\\\/3985c961109853010c3fbc7ba30365bfba5db3dd6c525831d9c595c7525a615a?s=96&d=mm&r=g\",\"url\":\"https:\\\/\\\/secure.gravatar.com\\\/avatar\\\/3985c961109853010c3fbc7ba30365bfba5db3dd6c525831d9c595c7525a615a?s=96&d=mm&r=g\",\"contentUrl\":\"https:\\\/\\\/secure.gravatar.com\\\/avatar\\\/3985c961109853010c3fbc7ba30365bfba5db3dd6c525831d9c595c7525a615a?s=96&d=mm&r=g\",\"caption\":\"ktmin\"},\"sameAs\":[\"https:\\\/\\\/kt.gov.rs\"],\"url\":\"https:\\\/\\\/kt.gov.rs\\\/sq\\\/author\\\/ktmin\\\/\"}]}<\/script>\n<!-- \/ Yoast SEO plugin. -->","yoast_head_json":{"title":"Konkurs - YouthBuild Srbija - Republika e S\u00ebrbis\u00eb Trupi Koordinues p\u00ebr komunat Bujanoc, Preshev\u00eb dhe Medvegj\u00eb","robots":{"index":"index","follow":"follow","max-snippet":"max-snippet:-1","max-image-preview":"max-image-preview:large","max-video-preview":"max-video-preview:-1"},"canonical":"https:\/\/kt.gov.rs\/sq\/konkurs-youthbuild-srbija\/","og_locale":"sq_AL","og_type":"article","og_title":"Konkurs - YouthBuild Srbija - Republika e S\u00ebrbis\u00eb Trupi Koordinues p\u00ebr komunat Bujanoc, Preshev\u00eb dhe Medvegj\u00eb","og_description":"Inkuadrohu n\u00eb programin YouthBuild Srbija dhe m\u00ebso se si ndertohet dhe mbahet web faqja, t\u00eb gjesh\u00eb pun\u00eb apo t\u00eb fillosh biznesin t\u00ebnd dhe kontribo n\u00eb zhvillimin e komunitetit.  T\u00eb ofrojm\u00eb \u00a0m\u00ebsim, vullnetariz\u00ebm,\u00a0 fitimin e p\u00ebrvoj\u00ebs dhe nj\u00eb shans q\u00eb si pjes\u00eb e nj\u00eb ekipi prej 30 femrave t\u00eb reja, t\u00eb b\u00ebsh di\u00e7ka p\u00ebr veten dhe komunitetin t\u00ebnd.","og_url":"https:\/\/kt.gov.rs\/sq\/konkurs-youthbuild-srbija\/","og_site_name":"Republika e S\u00ebrbis\u00eb Trupi Koordinues p\u00ebr komunat Bujanoc, Preshev\u00eb dhe Medvegj\u00eb","article_publisher":"https:\/\/www.facebook.com\/SluzbaKoordinacionogTelaVladeRepublikeSrbije","article_published_time":"2015-06-29T00:00:00+00:00","author":"ktmin","twitter_card":"summary_large_image","twitter_creator":"@kt_gov","twitter_site":"@kt_gov","twitter_misc":{"Written by":"ktmin","Est. reading time":"6 minutes"},"schema":{"@context":"https:\/\/schema.org","@graph":[{"@type":"Article","@id":"https:\/\/kt.gov.rs\/sq\/konkurs-youthbuild-srbija\/#article","isPartOf":{"@id":"https:\/\/kt.gov.rs\/sq\/konkurs-youthbuild-srbija\/"},"author":{"name":"ktmin","@id":"https:\/\/kt.gov.rs\/#\/schema\/person\/e426459ddb4173309103390602694571"},"headline":"Konkurs \u2013 YouthBuild Srbija","datePublished":"2015-06-29T00:00:00+00:00","mainEntityOfPage":{"@id":"https:\/\/kt.gov.rs\/sq\/konkurs-youthbuild-srbija\/"},"wordCount":1284,"publisher":{"@id":"https:\/\/kt.gov.rs\/#organization"},"articleSection":["Lajme"],"inLanguage":"sq-AL"},{"@type":"WebPage","@id":"https:\/\/kt.gov.rs\/sq\/konkurs-youthbuild-srbija\/","url":"https:\/\/kt.gov.rs\/sq\/konkurs-youthbuild-srbija\/","name":"Konkurs - YouthBuild Srbija - Republika e S\u00ebrbis\u00eb Trupi Koordinues p\u00ebr komunat Bujanoc, Preshev\u00eb dhe Medvegj\u00eb","isPartOf":{"@id":"https:\/\/kt.gov.rs\/#website"},"datePublished":"2015-06-29T00:00:00+00:00","breadcrumb":{"@id":"https:\/\/kt.gov.rs\/sq\/konkurs-youthbuild-srbija\/#breadcrumb"},"inLanguage":"sq-AL","potentialAction":[{"@type":"ReadAction","target":["https:\/\/kt.gov.rs\/sq\/konkurs-youthbuild-srbija\/"]}]},{"@type":"BreadcrumbList","@id":"https:\/\/kt.gov.rs\/sq\/konkurs-youthbuild-srbija\/#breadcrumb","itemListElement":[{"@type":"ListItem","position":1,"name":"\u041f\u043e\u0447\u0435\u0442\u043d\u0430","item":"https:\/\/kt.gov.rs\/sq\/"},{"@type":"ListItem","position":2,"name":"Konkurs \u2013 YouthBuild Srbija"}]},{"@type":"WebSite","@id":"https:\/\/kt.gov.rs\/#website","url":"https:\/\/kt.gov.rs\/","name":"\u041a\u043e\u043e\u0440\u0434\u0438\u043d\u0430\u0446\u0438\u043e\u043d\u043e \u0442\u0435\u043b\u043e \u0412\u043b\u0430\u0434\u0435 \u0420\u0435\u043f\u0443\u0431\u043b\u0438\u043a\u0435 \u0421\u0440\u0431\u0438\u0458\u0435 \u0437\u0430 \u043e\u043f\u0448\u0442\u0438\u043d\u0435 \u041f\u0440\u0435\u0448\u0435\u0432\u043e, \u0411\u0443\u0458\u0430\u043d\u043e\u0432\u0430\u0446 \u0438 \u041c\u0435\u0434\u0432\u0435\u0452a","description":"","publisher":{"@id":"https:\/\/kt.gov.rs\/#organization"},"alternateName":"\u041a\u043e\u043e\u0440\u0434\u0438\u043d\u0430\u0446\u0438\u043e\u043d\u043e \u0442\u0435\u043b\u043e","potentialAction":[{"@type":"SearchAction","target":{"@type":"EntryPoint","urlTemplate":"https:\/\/kt.gov.rs\/?s={search_term_string}"},"query-input":{"@type":"PropertyValueSpecification","valueRequired":true,"valueName":"search_term_string"}}],"inLanguage":"sq-AL"},{"@type":"Organization","@id":"https:\/\/kt.gov.rs\/#organization","name":"\u041a\u043e\u043e\u0440\u0434\u0438\u043d\u0430\u0446\u0438\u043e\u043d\u043e \u0442\u0435\u043b\u043e \u0412\u043b\u0430\u0434\u0435 \u0420\u0435\u043f\u0443\u0431\u043b\u0438\u043a\u0435 \u0421\u0440\u0431\u0438\u0458\u0435 \u0437\u0430 \u043e\u043f\u0448\u0442\u0438\u043d\u0435 \u041f\u0440\u0435\u0448\u0435\u0432\u043e, \u0411\u0443\u0458\u0430\u043d\u043e\u0432\u0430\u0446 \u0438 \u041c\u0435\u0434\u0432\u0435\u0452a","alternateName":"\u041a\u043e\u043e\u0440\u0434\u0438\u043d\u0430\u0446\u0438\u043e\u043d\u043e \u0442\u0435\u043b\u043e","url":"https:\/\/kt.gov.rs\/","logo":{"@type":"ImageObject","inLanguage":"sq-AL","@id":"https:\/\/kt.gov.rs\/#\/schema\/logo\/image\/","url":"https:\/\/kt.gov.rs\/wp-content\/uploads\/2024\/12\/koord2.jpg","contentUrl":"https:\/\/kt.gov.rs\/wp-content\/uploads\/2024\/12\/koord2.jpg","width":640,"height":480,"caption":"\u041a\u043e\u043e\u0440\u0434\u0438\u043d\u0430\u0446\u0438\u043e\u043d\u043e \u0442\u0435\u043b\u043e \u0412\u043b\u0430\u0434\u0435 \u0420\u0435\u043f\u0443\u0431\u043b\u0438\u043a\u0435 \u0421\u0440\u0431\u0438\u0458\u0435 \u0437\u0430 \u043e\u043f\u0448\u0442\u0438\u043d\u0435 \u041f\u0440\u0435\u0448\u0435\u0432\u043e, \u0411\u0443\u0458\u0430\u043d\u043e\u0432\u0430\u0446 \u0438 \u041c\u0435\u0434\u0432\u0435\u0452a"},"image":{"@id":"https:\/\/kt.gov.rs\/#\/schema\/logo\/image\/"},"sameAs":["https:\/\/www.facebook.com\/SluzbaKoordinacionogTelaVladeRepublikeSrbije","https:\/\/x.com\/kt_gov","https:\/\/www.youtube.com\/@koordinacionotelo"]},{"@type":"Person","@id":"https:\/\/kt.gov.rs\/#\/schema\/person\/e426459ddb4173309103390602694571","name":"ktmin","image":{"@type":"ImageObject","inLanguage":"sq-AL","@id":"https:\/\/secure.gravatar.com\/avatar\/3985c961109853010c3fbc7ba30365bfba5db3dd6c525831d9c595c7525a615a?s=96&d=mm&r=g","url":"https:\/\/secure.gravatar.com\/avatar\/3985c961109853010c3fbc7ba30365bfba5db3dd6c525831d9c595c7525a615a?s=96&d=mm&r=g","contentUrl":"https:\/\/secure.gravatar.com\/avatar\/3985c961109853010c3fbc7ba30365bfba5db3dd6c525831d9c595c7525a615a?s=96&d=mm&r=g","caption":"ktmin"},"sameAs":["https:\/\/kt.gov.rs"],"url":"https:\/\/kt.gov.rs\/sq\/author\/ktmin\/"}]}},"_links":{"self":[{"href":"https:\/\/kt.gov.rs\/sq\/wp-json\/wp\/v2\/posts\/134936","targetHints":{"allow":["GET"]}}],"collection":[{"href":"https:\/\/kt.gov.rs\/sq\/wp-json\/wp\/v2\/posts"}],"about":[{"href":"https:\/\/kt.gov.rs\/sq\/wp-json\/wp\/v2\/types\/post"}],"author":[{"embeddable":true,"href":"https:\/\/kt.gov.rs\/sq\/wp-json\/wp\/v2\/users\/1"}],"replies":[{"embeddable":true,"href":"https:\/\/kt.gov.rs\/sq\/wp-json\/wp\/v2\/comments?post=134936"}],"version-history":[{"count":0,"href":"https:\/\/kt.gov.rs\/sq\/wp-json\/wp\/v2\/posts\/134936\/revisions"}],"wp:attachment":[{"href":"https:\/\/kt.gov.rs\/sq\/wp-json\/wp\/v2\/media?parent=134936"}],"wp:term":[{"taxonomy":"category","embeddable":true,"href":"https:\/\/kt.gov.rs\/sq\/wp-json\/wp\/v2\/categories?post=134936"},{"taxonomy":"post_tag","embeddable":true,"href":"https:\/\/kt.gov.rs\/sq\/wp-json\/wp\/v2\/tags?post=134936"}],"curies":[{"name":"wp","href":"https:\/\/api.w.org\/{rel}","templated":true}]}}