{"id":134808,"date":"2015-07-10T00:00:00","date_gmt":"2015-07-10T00:00:00","guid":{"rendered":"http:\/\/kt.printandscreen.rs\/qytetaret-te-sigurte-ne-mjedisin-multietnik\/"},"modified":"2024-07-30T19:35:13","modified_gmt":"2024-07-30T19:35:13","slug":"qytetaret-te-sigurte-ne-mjedisin-multietnik","status":"publish","type":"post","link":"https:\/\/kt.gov.rs\/sq\/qytetaret-te-sigurte-ne-mjedisin-multietnik\/","title":{"rendered":"QYTETAR\u00cbT T\u00cb SIGURT\u00cb N\u00cb MJEDISIN MULTIETNIK"},"content":{"rendered":"<p>\n\t<strong><img decoding=\"async\" alt=\"\" src=\"https:\/\/kt.gov.rs\/wp-content\/uploads\/2024\/07\/1436521003_news_pic1014244-4.jpg\" style=\"width: 315px; height: 192px; float: left;\" \/>Beograd \u2013<\/strong> M\u00eb shum\u00eb se 88 p\u00ebrqind e qytetar\u00ebve n\u00eb mjediset multietnike \u2013 Medvegj\u00eb, Prijepol\u00eb, Ba\u00e7 dhe Ba\u00e7ka Pallank\u00eb, ndjehen t\u00eb sigurt\u00eb n\u00eb vendin ku jetojn\u00eb, nd\u00ebrsa m\u00eb shum\u00eb se 50 p\u00ebrqind ndihen m\u00eb t\u00eb sigurt\u00eb sot se gjat\u00eb viteve t\u00eb 90-ta, ka treguar hulumtimi i Shoqat\u00ebs Viktimologjis\u00eb s\u00eb Serbis\u00eb (VDS)<\/p>\n<p>\n\t\u00a0\u201eN\u00eb kuad\u00ebr t\u00eb hulumtimit i cili \u00ebsht\u00eb pjes\u00eb e projektit \u201eInkurajimi i dialogut n\u00eb shoq\u00ebrin\u00eb multietnike p\u00ebrmes fuqizimit t\u00eb viktimave\u201c, \u00ebsht\u00eb cil\u00ebsuar periudha prej fillimit t\u00eb viteve t\u00eb 90-ta deri n\u00eb vitin 2013, p\u00ebrgjat s\u00eb cil\u00ebs \u00ebsht\u00eb kryer edhe hulumtimi.<\/p>\n<p>\n\tSipas fjal\u00ebve t\u00eb hulumtuesit t\u00eb VDS-s\u00eb, Nikolla Petroviqit, prej 1.423 anketues, 26,9 prej tyre kan\u00eb th\u00ebn\u00eb se kan\u00eb p\u00ebrjetuar ndonj\u00eb form\u00eb t\u00eb vuajtjes p\u00ebrgjat viteve 1990 deri n\u00eb momentin e anketimit.<\/p>\n<p>\n\t\u201eT\u00eb anketuarit t\u00eb cil\u00ebt jan\u00eb ballafaquar me ndonj\u00eb lloj t\u00eb vuajtjes n\u00eb k\u00ebt\u00eb periudh\u00ebn kan\u00eb deklaruar gjithsej 1.367 incidenta apo sjellje t\u00eb l\u00ebndueshme\u201c, ka theksuar Petroviq, duke shtuar se shumica e rasteve n\u00eb t\u00eb cilat t\u00eb anketuarit kan\u00eb theksuar se m\u00eb shum\u00eb kan\u00eb qen\u00eb t\u00eb l\u00ebnduar kan\u00eb qen\u00eb t\u00eb natyr\u00ebs multietnike.<\/p>\n<p>\n\tPjesa m\u00eb e madhe e viktimizimit kan\u00eb ndohd\u00eb viteve 90-ta, n\u00eb koh\u00ebn e konfliktit t\u00eb armatosur n\u00eb Kroaci, Bosnj\u00eb dhe Hercegovin\u00eb dhe Kosov\u00eb e Metohi, nd\u00ebrsa nj\u00eb pjes\u00eb shum\u00eb e vog\u00ebl kan\u00eb ndodh\u00eb pas vitit 2000.<\/p>\n<p>\n\tT\u00eb anketuarit nga Medvegja, me mas\u00eb t\u00eb madhe jan\u00eb p\u00ebrgjigjur se kan\u00eb qen\u00eb t\u00eb viktimizuar n\u00eb krahasim me t\u00eb anketuarit nga Ba\u00e7a, Ba\u00e7ka Pallanka dhe Prijepola.<\/p>\n<p>\n\tPetroviq ka shtuar se t\u00eb dh\u00ebnat e hulumtimit kan\u00eb treguar n\u00eb egzistimin e aspekteve t\u00eb ndryshme t\u00eb jo-siguris\u00eb, si fizike, ekonomike, juridike, sociale dhe politike.<\/p>\n<p>\n\t<strong>Burimi: Danas, Dnevnik dhe Trupi Koordinues<\/strong><\/p>\n<p>\n\t\u00a0<\/p>\n","protected":false},"excerpt":{"rendered":"<p>Beograd \u2013 M\u00eb shum\u00eb se 88 p\u00ebrqind e qytetar\u00ebve n\u00eb mjediset multietnike \u2013 Medvegj\u00eb, Prijepol\u00eb, Ba\u00e7 dhe Ba\u00e7ka Pallank\u00eb, ndjehen t\u00eb sigurt\u00eb n\u00eb vendin ku jetojn\u00eb, nd\u00ebrsa m\u00eb shum\u00eb se 50 p\u00ebrqind ndihen m\u00eb t\u00eb sigurt\u00eb sot se gjat\u00eb viteve t\u00eb 90-ta, ka treguar hulumtimi i Shoqat\u00ebs Viktimologjis\u00eb s\u00eb Serbis\u00eb (VDS).<\/p>\n","protected":false},"author":1,"featured_media":134813,"comment_status":"closed","ping_status":"closed","sticky":false,"template":"","format":"standard","meta":{"footnotes":""},"categories":[55],"tags":[],"class_list":["post-134808","post","type-post","status-publish","format-standard","has-post-thumbnail","hentry","category-lajme"],"yoast_head":"<!-- This site is optimized with the Yoast SEO plugin v27.5 - https:\/\/yoast.com\/product\/yoast-seo-wordpress\/ -->\n<title>QYTETAR\u00cbT T\u00cb SIGURT\u00cb N\u00cb MJEDISIN MULTIETNIK - Republika e S\u00ebrbis\u00eb Trupi Koordinues p\u00ebr komunat Bujanoc, Preshev\u00eb dhe Medvegj\u00eb<\/title>\n<meta name=\"robots\" content=\"index, follow, max-snippet:-1, max-image-preview:large, max-video-preview:-1\" \/>\n<link rel=\"canonical\" href=\"https:\/\/kt.gov.rs\/sq\/qytetaret-te-sigurte-ne-mjedisin-multietnik\/\" \/>\n<meta property=\"og:locale\" content=\"sq_AL\" \/>\n<meta property=\"og:type\" content=\"article\" \/>\n<meta property=\"og:title\" content=\"QYTETAR\u00cbT T\u00cb SIGURT\u00cb N\u00cb MJEDISIN MULTIETNIK - Republika e S\u00ebrbis\u00eb Trupi Koordinues p\u00ebr komunat Bujanoc, Preshev\u00eb dhe Medvegj\u00eb\" \/>\n<meta property=\"og:description\" content=\"Beograd \u2013 M\u00eb shum\u00eb se 88 p\u00ebrqind e qytetar\u00ebve n\u00eb mjediset multietnike \u2013 Medvegj\u00eb, Prijepol\u00eb, Ba\u00e7 dhe Ba\u00e7ka Pallank\u00eb, ndjehen t\u00eb sigurt\u00eb n\u00eb vendin ku jetojn\u00eb, nd\u00ebrsa m\u00eb shum\u00eb se 50 p\u00ebrqind ndihen m\u00eb t\u00eb sigurt\u00eb sot se gjat\u00eb viteve t\u00eb 90-ta, ka treguar hulumtimi i Shoqat\u00ebs Viktimologjis\u00eb s\u00eb Serbis\u00eb (VDS).\" \/>\n<meta property=\"og:url\" content=\"https:\/\/kt.gov.rs\/sq\/qytetaret-te-sigurte-ne-mjedisin-multietnik\/\" \/>\n<meta property=\"og:site_name\" content=\"Republika e S\u00ebrbis\u00eb Trupi Koordinues p\u00ebr komunat Bujanoc, Preshev\u00eb dhe Medvegj\u00eb\" \/>\n<meta property=\"article:publisher\" content=\"https:\/\/www.facebook.com\/SluzbaKoordinacionogTelaVladeRepublikeSrbije\" \/>\n<meta property=\"article:published_time\" content=\"2015-07-10T00:00:00+00:00\" \/>\n<meta property=\"article:modified_time\" content=\"2024-07-30T19:35:13+00:00\" \/>\n<meta property=\"og:image\" content=\"https:\/\/kt.gov.rs\/wp-content\/uploads\/2024\/07\/1436521003_news_pic1014244-5.jpg\" \/>\n\t<meta property=\"og:image:width\" content=\"315\" \/>\n\t<meta property=\"og:image:height\" content=\"192\" \/>\n\t<meta property=\"og:image:type\" content=\"image\/jpeg\" \/>\n<meta name=\"author\" content=\"ktmin\" \/>\n<meta name=\"twitter:card\" content=\"summary_large_image\" \/>\n<meta name=\"twitter:creator\" content=\"@kt_gov\" \/>\n<meta name=\"twitter:site\" content=\"@kt_gov\" \/>\n<meta name=\"twitter:label1\" content=\"Written by\" \/>\n\t<meta name=\"twitter:data1\" content=\"ktmin\" \/>\n\t<meta name=\"twitter:label2\" content=\"Est. reading time\" \/>\n\t<meta name=\"twitter:data2\" content=\"2 minutes\" \/>\n<script type=\"application\/ld+json\" class=\"yoast-schema-graph\">{\"@context\":\"https:\\\/\\\/schema.org\",\"@graph\":[{\"@type\":\"Article\",\"@id\":\"https:\\\/\\\/kt.gov.rs\\\/sq\\\/qytetaret-te-sigurte-ne-mjedisin-multietnik\\\/#article\",\"isPartOf\":{\"@id\":\"https:\\\/\\\/kt.gov.rs\\\/sq\\\/qytetaret-te-sigurte-ne-mjedisin-multietnik\\\/\"},\"author\":{\"name\":\"ktmin\",\"@id\":\"https:\\\/\\\/kt.gov.rs\\\/#\\\/schema\\\/person\\\/e426459ddb4173309103390602694571\"},\"headline\":\"QYTETAR\u00cbT T\u00cb SIGURT\u00cb N\u00cb MJEDISIN MULTIETNIK\",\"datePublished\":\"2015-07-10T00:00:00+00:00\",\"dateModified\":\"2024-07-30T19:35:13+00:00\",\"mainEntityOfPage\":{\"@id\":\"https:\\\/\\\/kt.gov.rs\\\/sq\\\/qytetaret-te-sigurte-ne-mjedisin-multietnik\\\/\"},\"wordCount\":427,\"publisher\":{\"@id\":\"https:\\\/\\\/kt.gov.rs\\\/#organization\"},\"image\":{\"@id\":\"https:\\\/\\\/kt.gov.rs\\\/sq\\\/qytetaret-te-sigurte-ne-mjedisin-multietnik\\\/#primaryimage\"},\"thumbnailUrl\":\"https:\\\/\\\/kt.gov.rs\\\/wp-content\\\/uploads\\\/2024\\\/07\\\/1436521003_news_pic1014244-5.jpg\",\"articleSection\":[\"Lajme\"],\"inLanguage\":\"sq-AL\"},{\"@type\":\"WebPage\",\"@id\":\"https:\\\/\\\/kt.gov.rs\\\/sq\\\/qytetaret-te-sigurte-ne-mjedisin-multietnik\\\/\",\"url\":\"https:\\\/\\\/kt.gov.rs\\\/sq\\\/qytetaret-te-sigurte-ne-mjedisin-multietnik\\\/\",\"name\":\"QYTETAR\u00cbT T\u00cb SIGURT\u00cb N\u00cb MJEDISIN MULTIETNIK - Republika e S\u00ebrbis\u00eb Trupi Koordinues p\u00ebr komunat Bujanoc, Preshev\u00eb dhe Medvegj\u00eb\",\"isPartOf\":{\"@id\":\"https:\\\/\\\/kt.gov.rs\\\/#website\"},\"primaryImageOfPage\":{\"@id\":\"https:\\\/\\\/kt.gov.rs\\\/sq\\\/qytetaret-te-sigurte-ne-mjedisin-multietnik\\\/#primaryimage\"},\"image\":{\"@id\":\"https:\\\/\\\/kt.gov.rs\\\/sq\\\/qytetaret-te-sigurte-ne-mjedisin-multietnik\\\/#primaryimage\"},\"thumbnailUrl\":\"https:\\\/\\\/kt.gov.rs\\\/wp-content\\\/uploads\\\/2024\\\/07\\\/1436521003_news_pic1014244-5.jpg\",\"datePublished\":\"2015-07-10T00:00:00+00:00\",\"dateModified\":\"2024-07-30T19:35:13+00:00\",\"breadcrumb\":{\"@id\":\"https:\\\/\\\/kt.gov.rs\\\/sq\\\/qytetaret-te-sigurte-ne-mjedisin-multietnik\\\/#breadcrumb\"},\"inLanguage\":\"sq-AL\",\"potentialAction\":[{\"@type\":\"ReadAction\",\"target\":[\"https:\\\/\\\/kt.gov.rs\\\/sq\\\/qytetaret-te-sigurte-ne-mjedisin-multietnik\\\/\"]}]},{\"@type\":\"ImageObject\",\"inLanguage\":\"sq-AL\",\"@id\":\"https:\\\/\\\/kt.gov.rs\\\/sq\\\/qytetaret-te-sigurte-ne-mjedisin-multietnik\\\/#primaryimage\",\"url\":\"https:\\\/\\\/kt.gov.rs\\\/wp-content\\\/uploads\\\/2024\\\/07\\\/1436521003_news_pic1014244-5.jpg\",\"contentUrl\":\"https:\\\/\\\/kt.gov.rs\\\/wp-content\\\/uploads\\\/2024\\\/07\\\/1436521003_news_pic1014244-5.jpg\",\"width\":315,\"height\":192},{\"@type\":\"BreadcrumbList\",\"@id\":\"https:\\\/\\\/kt.gov.rs\\\/sq\\\/qytetaret-te-sigurte-ne-mjedisin-multietnik\\\/#breadcrumb\",\"itemListElement\":[{\"@type\":\"ListItem\",\"position\":1,\"name\":\"\u041f\u043e\u0447\u0435\u0442\u043d\u0430\",\"item\":\"https:\\\/\\\/kt.gov.rs\\\/sq\\\/\"},{\"@type\":\"ListItem\",\"position\":2,\"name\":\"QYTETAR\u00cbT T\u00cb SIGURT\u00cb N\u00cb MJEDISIN MULTIETNIK\"}]},{\"@type\":\"WebSite\",\"@id\":\"https:\\\/\\\/kt.gov.rs\\\/#website\",\"url\":\"https:\\\/\\\/kt.gov.rs\\\/\",\"name\":\"\u041a\u043e\u043e\u0440\u0434\u0438\u043d\u0430\u0446\u0438\u043e\u043d\u043e \u0442\u0435\u043b\u043e \u0412\u043b\u0430\u0434\u0435 \u0420\u0435\u043f\u0443\u0431\u043b\u0438\u043a\u0435 \u0421\u0440\u0431\u0438\u0458\u0435 \u0437\u0430 \u043e\u043f\u0448\u0442\u0438\u043d\u0435 \u041f\u0440\u0435\u0448\u0435\u0432\u043e, \u0411\u0443\u0458\u0430\u043d\u043e\u0432\u0430\u0446 \u0438 \u041c\u0435\u0434\u0432\u0435\u0452a\",\"description\":\"\",\"publisher\":{\"@id\":\"https:\\\/\\\/kt.gov.rs\\\/#organization\"},\"alternateName\":\"\u041a\u043e\u043e\u0440\u0434\u0438\u043d\u0430\u0446\u0438\u043e\u043d\u043e \u0442\u0435\u043b\u043e\",\"potentialAction\":[{\"@type\":\"SearchAction\",\"target\":{\"@type\":\"EntryPoint\",\"urlTemplate\":\"https:\\\/\\\/kt.gov.rs\\\/?s={search_term_string}\"},\"query-input\":{\"@type\":\"PropertyValueSpecification\",\"valueRequired\":true,\"valueName\":\"search_term_string\"}}],\"inLanguage\":\"sq-AL\"},{\"@type\":\"Organization\",\"@id\":\"https:\\\/\\\/kt.gov.rs\\\/#organization\",\"name\":\"\u041a\u043e\u043e\u0440\u0434\u0438\u043d\u0430\u0446\u0438\u043e\u043d\u043e \u0442\u0435\u043b\u043e \u0412\u043b\u0430\u0434\u0435 \u0420\u0435\u043f\u0443\u0431\u043b\u0438\u043a\u0435 \u0421\u0440\u0431\u0438\u0458\u0435 \u0437\u0430 \u043e\u043f\u0448\u0442\u0438\u043d\u0435 \u041f\u0440\u0435\u0448\u0435\u0432\u043e, \u0411\u0443\u0458\u0430\u043d\u043e\u0432\u0430\u0446 \u0438 \u041c\u0435\u0434\u0432\u0435\u0452a\",\"alternateName\":\"\u041a\u043e\u043e\u0440\u0434\u0438\u043d\u0430\u0446\u0438\u043e\u043d\u043e \u0442\u0435\u043b\u043e\",\"url\":\"https:\\\/\\\/kt.gov.rs\\\/\",\"logo\":{\"@type\":\"ImageObject\",\"inLanguage\":\"sq-AL\",\"@id\":\"https:\\\/\\\/kt.gov.rs\\\/#\\\/schema\\\/logo\\\/image\\\/\",\"url\":\"https:\\\/\\\/kt.gov.rs\\\/wp-content\\\/uploads\\\/2024\\\/12\\\/koord2.jpg\",\"contentUrl\":\"https:\\\/\\\/kt.gov.rs\\\/wp-content\\\/uploads\\\/2024\\\/12\\\/koord2.jpg\",\"width\":640,\"height\":480,\"caption\":\"\u041a\u043e\u043e\u0440\u0434\u0438\u043d\u0430\u0446\u0438\u043e\u043d\u043e \u0442\u0435\u043b\u043e \u0412\u043b\u0430\u0434\u0435 \u0420\u0435\u043f\u0443\u0431\u043b\u0438\u043a\u0435 \u0421\u0440\u0431\u0438\u0458\u0435 \u0437\u0430 \u043e\u043f\u0448\u0442\u0438\u043d\u0435 \u041f\u0440\u0435\u0448\u0435\u0432\u043e, \u0411\u0443\u0458\u0430\u043d\u043e\u0432\u0430\u0446 \u0438 \u041c\u0435\u0434\u0432\u0435\u0452a\"},\"image\":{\"@id\":\"https:\\\/\\\/kt.gov.rs\\\/#\\\/schema\\\/logo\\\/image\\\/\"},\"sameAs\":[\"https:\\\/\\\/www.facebook.com\\\/SluzbaKoordinacionogTelaVladeRepublikeSrbije\",\"https:\\\/\\\/x.com\\\/kt_gov\",\"https:\\\/\\\/www.youtube.com\\\/@koordinacionotelo\"]},{\"@type\":\"Person\",\"@id\":\"https:\\\/\\\/kt.gov.rs\\\/#\\\/schema\\\/person\\\/e426459ddb4173309103390602694571\",\"name\":\"ktmin\",\"image\":{\"@type\":\"ImageObject\",\"inLanguage\":\"sq-AL\",\"@id\":\"https:\\\/\\\/secure.gravatar.com\\\/avatar\\\/3985c961109853010c3fbc7ba30365bfba5db3dd6c525831d9c595c7525a615a?s=96&d=mm&r=g\",\"url\":\"https:\\\/\\\/secure.gravatar.com\\\/avatar\\\/3985c961109853010c3fbc7ba30365bfba5db3dd6c525831d9c595c7525a615a?s=96&d=mm&r=g\",\"contentUrl\":\"https:\\\/\\\/secure.gravatar.com\\\/avatar\\\/3985c961109853010c3fbc7ba30365bfba5db3dd6c525831d9c595c7525a615a?s=96&d=mm&r=g\",\"caption\":\"ktmin\"},\"sameAs\":[\"https:\\\/\\\/kt.gov.rs\"],\"url\":\"https:\\\/\\\/kt.gov.rs\\\/sq\\\/author\\\/ktmin\\\/\"}]}<\/script>\n<!-- \/ Yoast SEO plugin. -->","yoast_head_json":{"title":"QYTETAR\u00cbT T\u00cb SIGURT\u00cb N\u00cb MJEDISIN MULTIETNIK - Republika e S\u00ebrbis\u00eb Trupi Koordinues p\u00ebr komunat Bujanoc, Preshev\u00eb dhe Medvegj\u00eb","robots":{"index":"index","follow":"follow","max-snippet":"max-snippet:-1","max-image-preview":"max-image-preview:large","max-video-preview":"max-video-preview:-1"},"canonical":"https:\/\/kt.gov.rs\/sq\/qytetaret-te-sigurte-ne-mjedisin-multietnik\/","og_locale":"sq_AL","og_type":"article","og_title":"QYTETAR\u00cbT T\u00cb SIGURT\u00cb N\u00cb MJEDISIN MULTIETNIK - Republika e S\u00ebrbis\u00eb Trupi Koordinues p\u00ebr komunat Bujanoc, Preshev\u00eb dhe Medvegj\u00eb","og_description":"Beograd \u2013 M\u00eb shum\u00eb se 88 p\u00ebrqind e qytetar\u00ebve n\u00eb mjediset multietnike \u2013 Medvegj\u00eb, Prijepol\u00eb, Ba\u00e7 dhe Ba\u00e7ka Pallank\u00eb, ndjehen t\u00eb sigurt\u00eb n\u00eb vendin ku jetojn\u00eb, nd\u00ebrsa m\u00eb shum\u00eb se 50 p\u00ebrqind ndihen m\u00eb t\u00eb sigurt\u00eb sot se gjat\u00eb viteve t\u00eb 90-ta, ka treguar hulumtimi i Shoqat\u00ebs Viktimologjis\u00eb s\u00eb Serbis\u00eb (VDS).","og_url":"https:\/\/kt.gov.rs\/sq\/qytetaret-te-sigurte-ne-mjedisin-multietnik\/","og_site_name":"Republika e S\u00ebrbis\u00eb Trupi Koordinues p\u00ebr komunat Bujanoc, Preshev\u00eb dhe Medvegj\u00eb","article_publisher":"https:\/\/www.facebook.com\/SluzbaKoordinacionogTelaVladeRepublikeSrbije","article_published_time":"2015-07-10T00:00:00+00:00","article_modified_time":"2024-07-30T19:35:13+00:00","og_image":[{"width":315,"height":192,"url":"https:\/\/kt.gov.rs\/wp-content\/uploads\/2024\/07\/1436521003_news_pic1014244-5.jpg","type":"image\/jpeg"}],"author":"ktmin","twitter_card":"summary_large_image","twitter_creator":"@kt_gov","twitter_site":"@kt_gov","twitter_misc":{"Written by":"ktmin","Est. reading time":"2 minutes"},"schema":{"@context":"https:\/\/schema.org","@graph":[{"@type":"Article","@id":"https:\/\/kt.gov.rs\/sq\/qytetaret-te-sigurte-ne-mjedisin-multietnik\/#article","isPartOf":{"@id":"https:\/\/kt.gov.rs\/sq\/qytetaret-te-sigurte-ne-mjedisin-multietnik\/"},"author":{"name":"ktmin","@id":"https:\/\/kt.gov.rs\/#\/schema\/person\/e426459ddb4173309103390602694571"},"headline":"QYTETAR\u00cbT T\u00cb SIGURT\u00cb N\u00cb MJEDISIN MULTIETNIK","datePublished":"2015-07-10T00:00:00+00:00","dateModified":"2024-07-30T19:35:13+00:00","mainEntityOfPage":{"@id":"https:\/\/kt.gov.rs\/sq\/qytetaret-te-sigurte-ne-mjedisin-multietnik\/"},"wordCount":427,"publisher":{"@id":"https:\/\/kt.gov.rs\/#organization"},"image":{"@id":"https:\/\/kt.gov.rs\/sq\/qytetaret-te-sigurte-ne-mjedisin-multietnik\/#primaryimage"},"thumbnailUrl":"https:\/\/kt.gov.rs\/wp-content\/uploads\/2024\/07\/1436521003_news_pic1014244-5.jpg","articleSection":["Lajme"],"inLanguage":"sq-AL"},{"@type":"WebPage","@id":"https:\/\/kt.gov.rs\/sq\/qytetaret-te-sigurte-ne-mjedisin-multietnik\/","url":"https:\/\/kt.gov.rs\/sq\/qytetaret-te-sigurte-ne-mjedisin-multietnik\/","name":"QYTETAR\u00cbT T\u00cb SIGURT\u00cb N\u00cb MJEDISIN MULTIETNIK - Republika e S\u00ebrbis\u00eb Trupi Koordinues p\u00ebr komunat Bujanoc, Preshev\u00eb dhe Medvegj\u00eb","isPartOf":{"@id":"https:\/\/kt.gov.rs\/#website"},"primaryImageOfPage":{"@id":"https:\/\/kt.gov.rs\/sq\/qytetaret-te-sigurte-ne-mjedisin-multietnik\/#primaryimage"},"image":{"@id":"https:\/\/kt.gov.rs\/sq\/qytetaret-te-sigurte-ne-mjedisin-multietnik\/#primaryimage"},"thumbnailUrl":"https:\/\/kt.gov.rs\/wp-content\/uploads\/2024\/07\/1436521003_news_pic1014244-5.jpg","datePublished":"2015-07-10T00:00:00+00:00","dateModified":"2024-07-30T19:35:13+00:00","breadcrumb":{"@id":"https:\/\/kt.gov.rs\/sq\/qytetaret-te-sigurte-ne-mjedisin-multietnik\/#breadcrumb"},"inLanguage":"sq-AL","potentialAction":[{"@type":"ReadAction","target":["https:\/\/kt.gov.rs\/sq\/qytetaret-te-sigurte-ne-mjedisin-multietnik\/"]}]},{"@type":"ImageObject","inLanguage":"sq-AL","@id":"https:\/\/kt.gov.rs\/sq\/qytetaret-te-sigurte-ne-mjedisin-multietnik\/#primaryimage","url":"https:\/\/kt.gov.rs\/wp-content\/uploads\/2024\/07\/1436521003_news_pic1014244-5.jpg","contentUrl":"https:\/\/kt.gov.rs\/wp-content\/uploads\/2024\/07\/1436521003_news_pic1014244-5.jpg","width":315,"height":192},{"@type":"BreadcrumbList","@id":"https:\/\/kt.gov.rs\/sq\/qytetaret-te-sigurte-ne-mjedisin-multietnik\/#breadcrumb","itemListElement":[{"@type":"ListItem","position":1,"name":"\u041f\u043e\u0447\u0435\u0442\u043d\u0430","item":"https:\/\/kt.gov.rs\/sq\/"},{"@type":"ListItem","position":2,"name":"QYTETAR\u00cbT T\u00cb SIGURT\u00cb N\u00cb MJEDISIN MULTIETNIK"}]},{"@type":"WebSite","@id":"https:\/\/kt.gov.rs\/#website","url":"https:\/\/kt.gov.rs\/","name":"\u041a\u043e\u043e\u0440\u0434\u0438\u043d\u0430\u0446\u0438\u043e\u043d\u043e \u0442\u0435\u043b\u043e \u0412\u043b\u0430\u0434\u0435 \u0420\u0435\u043f\u0443\u0431\u043b\u0438\u043a\u0435 \u0421\u0440\u0431\u0438\u0458\u0435 \u0437\u0430 \u043e\u043f\u0448\u0442\u0438\u043d\u0435 \u041f\u0440\u0435\u0448\u0435\u0432\u043e, \u0411\u0443\u0458\u0430\u043d\u043e\u0432\u0430\u0446 \u0438 \u041c\u0435\u0434\u0432\u0435\u0452a","description":"","publisher":{"@id":"https:\/\/kt.gov.rs\/#organization"},"alternateName":"\u041a\u043e\u043e\u0440\u0434\u0438\u043d\u0430\u0446\u0438\u043e\u043d\u043e \u0442\u0435\u043b\u043e","potentialAction":[{"@type":"SearchAction","target":{"@type":"EntryPoint","urlTemplate":"https:\/\/kt.gov.rs\/?s={search_term_string}"},"query-input":{"@type":"PropertyValueSpecification","valueRequired":true,"valueName":"search_term_string"}}],"inLanguage":"sq-AL"},{"@type":"Organization","@id":"https:\/\/kt.gov.rs\/#organization","name":"\u041a\u043e\u043e\u0440\u0434\u0438\u043d\u0430\u0446\u0438\u043e\u043d\u043e \u0442\u0435\u043b\u043e \u0412\u043b\u0430\u0434\u0435 \u0420\u0435\u043f\u0443\u0431\u043b\u0438\u043a\u0435 \u0421\u0440\u0431\u0438\u0458\u0435 \u0437\u0430 \u043e\u043f\u0448\u0442\u0438\u043d\u0435 \u041f\u0440\u0435\u0448\u0435\u0432\u043e, \u0411\u0443\u0458\u0430\u043d\u043e\u0432\u0430\u0446 \u0438 \u041c\u0435\u0434\u0432\u0435\u0452a","alternateName":"\u041a\u043e\u043e\u0440\u0434\u0438\u043d\u0430\u0446\u0438\u043e\u043d\u043e \u0442\u0435\u043b\u043e","url":"https:\/\/kt.gov.rs\/","logo":{"@type":"ImageObject","inLanguage":"sq-AL","@id":"https:\/\/kt.gov.rs\/#\/schema\/logo\/image\/","url":"https:\/\/kt.gov.rs\/wp-content\/uploads\/2024\/12\/koord2.jpg","contentUrl":"https:\/\/kt.gov.rs\/wp-content\/uploads\/2024\/12\/koord2.jpg","width":640,"height":480,"caption":"\u041a\u043e\u043e\u0440\u0434\u0438\u043d\u0430\u0446\u0438\u043e\u043d\u043e \u0442\u0435\u043b\u043e \u0412\u043b\u0430\u0434\u0435 \u0420\u0435\u043f\u0443\u0431\u043b\u0438\u043a\u0435 \u0421\u0440\u0431\u0438\u0458\u0435 \u0437\u0430 \u043e\u043f\u0448\u0442\u0438\u043d\u0435 \u041f\u0440\u0435\u0448\u0435\u0432\u043e, \u0411\u0443\u0458\u0430\u043d\u043e\u0432\u0430\u0446 \u0438 \u041c\u0435\u0434\u0432\u0435\u0452a"},"image":{"@id":"https:\/\/kt.gov.rs\/#\/schema\/logo\/image\/"},"sameAs":["https:\/\/www.facebook.com\/SluzbaKoordinacionogTelaVladeRepublikeSrbije","https:\/\/x.com\/kt_gov","https:\/\/www.youtube.com\/@koordinacionotelo"]},{"@type":"Person","@id":"https:\/\/kt.gov.rs\/#\/schema\/person\/e426459ddb4173309103390602694571","name":"ktmin","image":{"@type":"ImageObject","inLanguage":"sq-AL","@id":"https:\/\/secure.gravatar.com\/avatar\/3985c961109853010c3fbc7ba30365bfba5db3dd6c525831d9c595c7525a615a?s=96&d=mm&r=g","url":"https:\/\/secure.gravatar.com\/avatar\/3985c961109853010c3fbc7ba30365bfba5db3dd6c525831d9c595c7525a615a?s=96&d=mm&r=g","contentUrl":"https:\/\/secure.gravatar.com\/avatar\/3985c961109853010c3fbc7ba30365bfba5db3dd6c525831d9c595c7525a615a?s=96&d=mm&r=g","caption":"ktmin"},"sameAs":["https:\/\/kt.gov.rs"],"url":"https:\/\/kt.gov.rs\/sq\/author\/ktmin\/"}]}},"_links":{"self":[{"href":"https:\/\/kt.gov.rs\/sq\/wp-json\/wp\/v2\/posts\/134808","targetHints":{"allow":["GET"]}}],"collection":[{"href":"https:\/\/kt.gov.rs\/sq\/wp-json\/wp\/v2\/posts"}],"about":[{"href":"https:\/\/kt.gov.rs\/sq\/wp-json\/wp\/v2\/types\/post"}],"author":[{"embeddable":true,"href":"https:\/\/kt.gov.rs\/sq\/wp-json\/wp\/v2\/users\/1"}],"replies":[{"embeddable":true,"href":"https:\/\/kt.gov.rs\/sq\/wp-json\/wp\/v2\/comments?post=134808"}],"version-history":[{"count":1,"href":"https:\/\/kt.gov.rs\/sq\/wp-json\/wp\/v2\/posts\/134808\/revisions"}],"predecessor-version":[{"id":134812,"href":"https:\/\/kt.gov.rs\/sq\/wp-json\/wp\/v2\/posts\/134808\/revisions\/134812"}],"wp:featuredmedia":[{"embeddable":true,"href":"https:\/\/kt.gov.rs\/sq\/wp-json\/wp\/v2\/media\/134813"}],"wp:attachment":[{"href":"https:\/\/kt.gov.rs\/sq\/wp-json\/wp\/v2\/media?parent=134808"}],"wp:term":[{"taxonomy":"category","embeddable":true,"href":"https:\/\/kt.gov.rs\/sq\/wp-json\/wp\/v2\/categories?post=134808"},{"taxonomy":"post_tag","embeddable":true,"href":"https:\/\/kt.gov.rs\/sq\/wp-json\/wp\/v2\/tags?post=134808"}],"curies":[{"name":"wp","href":"https:\/\/api.w.org\/{rel}","templated":true}]}}