{"id":134071,"date":"2015-09-18T00:00:00","date_gmt":"2015-09-18T00:00:00","guid":{"rendered":"http:\/\/kt.printandscreen.rs\/rusia-i-ka-dhuruar-serbise-mjete-te-reja-per-zjarrefikesit\/"},"modified":"2024-07-30T19:33:57","modified_gmt":"2024-07-30T19:33:57","slug":"rusia-i-ka-dhuruar-serbise-mjete-te-reja-per-zjarrefikesit","status":"publish","type":"post","link":"https:\/\/kt.gov.rs\/sq\/rusia-i-ka-dhuruar-serbise-mjete-te-reja-per-zjarrefikesit\/","title":{"rendered":"RUSIA I KA DHURUAR SERBIS\u00cb MJETE T\u00cb REJA P\u00cbR ZJARR\u00cbFIK\u00cbSIT"},"content":{"rendered":"<p>\n\t\u00a0<\/p>\n<p>\n\t<strong><img decoding=\"async\" alt=\"\" src=\"https:\/\/kt.gov.rs\/wp-content\/uploads\/2024\/07\/1442569491_news_pic9182015-4.jpg\" style=\"width: 315px; height: 208px; float: left;\" \/><\/strong><\/p>\n<p>\n\t<strong>Nish \u2013<\/strong>\u00a0Ministri i Pun\u00ebve t\u00eb Brendshme, Nebojsha Stefanoviq, s\u00ebbashku me bashk\u00ebpuntor\u00ebt e tij, dje n\u00eb n\u00eb selin\u00eb e Qendr\u00ebs Humanitare Serbo-Ruse (SRHC) n\u00eb Nish, i morri \u00e7elsat e pes\u00eb autocisternave p\u00ebr fikjen e zjarrit, t\u00eb cilat i ka siguruar Rusia p\u00ebr Serbin\u00eb.\u00a0<\/p>\n<p>\n\t<strong>Nj\u00eb automjet menj\u00ebher\u00eb do t\u00eb d\u00ebrgohet n\u00eb Preshev\u00eb, nd\u00ebrsa tjetri n\u00eb Kanjizh\u00eb, ku gjenden refugjat\u00ebt,<\/strong>\u00a0\u00ebsht\u00eb th\u00ebn\u00eb gjat\u00eb dor\u00ebzimit t\u00eb \u00e7elsave, nd\u00ebrsa \u00e7elsat e tre automjeteve do t\u00eb d\u00ebrgohen n\u00eb parqet nacionale.<\/p>\n<p>\n\tStefanoviq duke faleminderuar k\u00ebt\u00eb donacion tha se ky \u00ebsht\u00eb vet\u00ebm nj\u00eb hap i bashk\u00ebpunimit t\u00eb p\u00ebrbashk\u00ebt i cila do t\u00eb zhvillohet m\u00eb tej p\u00ebrmes modeleve t\u00eb reja.<\/p>\n<p>\n\tAi ka kujtuar ndihm\u00ebn e Qendr\u00ebs n\u00eb zjarret q\u00eb kan\u00eb ndodhur viteve tjera dhe v\u00ebrshimeve t\u00eb vitit t\u00eb kaluar, kur pjes\u00ebtar\u00ebt e SRHC-s\u00eb t\u00eb par\u00ebt kan\u00eb dal n\u00eb ndihm\u00eb, si edhe<strong>\u00a0ndihmwn q\u00eb Qendra i ka treguar nw kujdesin e refugjat\u00ebve duke \u00a0dh\u00ebn\u00eb shatora, mbulesa dhe gjeneratorw.<\/strong><\/p>\n<p>\n\tAmbasadori i Rusis\u00eb n\u00eb Serbi, Alleksandar \u00c7epurin ka th\u00ebn\u00eb se ky \u00ebsht\u00eb nj\u00eb gjest simbolik, por i sinqert\u00eb dhe i hapur, duke shtuar se<strong>\u00a0ndihma do t\u00eb d\u00ebrgohet n\u00eb vendet ku gjenden refugjat\u00ebt.<\/strong><\/p>\n<p>\n\tKryeshefi i Sektorit p\u00ebr Situata t\u00eb Jasht\u00ebzakonshme, Predrag Mariq, wshtw faleminderuar p\u00ebr ndihm\u00ebn, p\u00ebr t\u00eb cil\u00ebn tha se \u00ebsht\u00eb ndihm\u00eb e madhe, duke shtuar se automjetet iu jan\u00eb t\u00eb nevojshme k\u00ebtij sektorit.<\/p>\n<p>\n\tVlera e pes\u00eb autocisternave \u00ebsht\u00eb rreth tre milion dollar\u00ebve, nd\u00ebrsa vlera e kat\u00ebr moduleve p\u00ebr shuarjen e zjarreve n\u00eb vendet e paarritshme \u00ebsht\u00eb rreth 80.000 dollar\u00ebve.<\/p>\n<p>\n\t<strong>Burimi: Tanjug dhe Trupi Koordinues<\/strong><\/p>\n","protected":false},"excerpt":{"rendered":"<p>Nish \u2013 Ministri i Pun\u00ebve t\u00eb Brendshme, Nebojsha Stefanoviq, s\u00ebbashku me bashk\u00ebpuntor\u00ebt e tij, dje n\u00eb n\u00eb selin\u00eb e Qendr\u00ebs Humanitare Serbo-Ruse (SRHC) n\u00eb Nish, i morri \u00e7elsat e pes\u00eb autocisternave p\u00ebr fikjen e zjarrit, t\u00eb cilat i ka siguruar Rusia p\u00ebr Serbin\u00eb.<\/p>\n","protected":false},"author":1,"featured_media":134076,"comment_status":"closed","ping_status":"closed","sticky":false,"template":"","format":"standard","meta":{"footnotes":""},"categories":[55],"tags":[],"class_list":["post-134071","post","type-post","status-publish","format-standard","has-post-thumbnail","hentry","category-lajme"],"yoast_head":"<!-- This site is optimized with the Yoast SEO plugin v27.5 - https:\/\/yoast.com\/product\/yoast-seo-wordpress\/ -->\n<title>RUSIA I KA DHURUAR SERBIS\u00cb MJETE T\u00cb REJA P\u00cbR ZJARR\u00cbFIK\u00cbSIT - Republika e S\u00ebrbis\u00eb Trupi Koordinues p\u00ebr komunat Bujanoc, Preshev\u00eb dhe Medvegj\u00eb<\/title>\n<meta name=\"robots\" content=\"index, follow, max-snippet:-1, max-image-preview:large, max-video-preview:-1\" \/>\n<link rel=\"canonical\" href=\"https:\/\/kt.gov.rs\/sq\/rusia-i-ka-dhuruar-serbise-mjete-te-reja-per-zjarrefikesit\/\" \/>\n<meta property=\"og:locale\" content=\"sq_AL\" \/>\n<meta property=\"og:type\" content=\"article\" \/>\n<meta property=\"og:title\" content=\"RUSIA I KA DHURUAR SERBIS\u00cb MJETE T\u00cb REJA P\u00cbR ZJARR\u00cbFIK\u00cbSIT - Republika e S\u00ebrbis\u00eb Trupi Koordinues p\u00ebr komunat Bujanoc, Preshev\u00eb dhe Medvegj\u00eb\" \/>\n<meta property=\"og:description\" content=\"Nish \u2013 Ministri i Pun\u00ebve t\u00eb Brendshme, Nebojsha Stefanoviq, s\u00ebbashku me bashk\u00ebpuntor\u00ebt e tij, dje n\u00eb n\u00eb selin\u00eb e Qendr\u00ebs Humanitare Serbo-Ruse (SRHC) n\u00eb Nish, i morri \u00e7elsat e pes\u00eb autocisternave p\u00ebr fikjen e zjarrit, t\u00eb cilat i ka siguruar Rusia p\u00ebr Serbin\u00eb.\" \/>\n<meta property=\"og:url\" content=\"https:\/\/kt.gov.rs\/sq\/rusia-i-ka-dhuruar-serbise-mjete-te-reja-per-zjarrefikesit\/\" \/>\n<meta property=\"og:site_name\" content=\"Republika e S\u00ebrbis\u00eb Trupi Koordinues p\u00ebr komunat Bujanoc, Preshev\u00eb dhe Medvegj\u00eb\" \/>\n<meta property=\"article:publisher\" content=\"https:\/\/www.facebook.com\/SluzbaKoordinacionogTelaVladeRepublikeSrbije\" \/>\n<meta property=\"article:published_time\" content=\"2015-09-18T00:00:00+00:00\" \/>\n<meta property=\"article:modified_time\" content=\"2024-07-30T19:33:57+00:00\" \/>\n<meta property=\"og:image\" content=\"https:\/\/kt.gov.rs\/wp-content\/uploads\/2024\/07\/1442569491_news_pic9182015-5.jpg\" \/>\n\t<meta property=\"og:image:width\" content=\"315\" \/>\n\t<meta property=\"og:image:height\" content=\"208\" \/>\n\t<meta property=\"og:image:type\" content=\"image\/jpeg\" \/>\n<meta name=\"author\" content=\"ktmin\" \/>\n<meta name=\"twitter:card\" content=\"summary_large_image\" \/>\n<meta name=\"twitter:creator\" content=\"@kt_gov\" \/>\n<meta name=\"twitter:site\" content=\"@kt_gov\" \/>\n<meta name=\"twitter:label1\" content=\"Written by\" \/>\n\t<meta name=\"twitter:data1\" content=\"ktmin\" \/>\n\t<meta name=\"twitter:label2\" content=\"Est. reading time\" \/>\n\t<meta name=\"twitter:data2\" content=\"2 minutes\" \/>\n<script type=\"application\/ld+json\" class=\"yoast-schema-graph\">{\"@context\":\"https:\\\/\\\/schema.org\",\"@graph\":[{\"@type\":\"Article\",\"@id\":\"https:\\\/\\\/kt.gov.rs\\\/sq\\\/rusia-i-ka-dhuruar-serbise-mjete-te-reja-per-zjarrefikesit\\\/#article\",\"isPartOf\":{\"@id\":\"https:\\\/\\\/kt.gov.rs\\\/sq\\\/rusia-i-ka-dhuruar-serbise-mjete-te-reja-per-zjarrefikesit\\\/\"},\"author\":{\"name\":\"ktmin\",\"@id\":\"https:\\\/\\\/kt.gov.rs\\\/#\\\/schema\\\/person\\\/e426459ddb4173309103390602694571\"},\"headline\":\"RUSIA I KA DHURUAR SERBIS\u00cb MJETE T\u00cb REJA P\u00cbR ZJARR\u00cbFIK\u00cbSIT\",\"datePublished\":\"2015-09-18T00:00:00+00:00\",\"dateModified\":\"2024-07-30T19:33:57+00:00\",\"mainEntityOfPage\":{\"@id\":\"https:\\\/\\\/kt.gov.rs\\\/sq\\\/rusia-i-ka-dhuruar-serbise-mjete-te-reja-per-zjarrefikesit\\\/\"},\"wordCount\":420,\"publisher\":{\"@id\":\"https:\\\/\\\/kt.gov.rs\\\/#organization\"},\"image\":{\"@id\":\"https:\\\/\\\/kt.gov.rs\\\/sq\\\/rusia-i-ka-dhuruar-serbise-mjete-te-reja-per-zjarrefikesit\\\/#primaryimage\"},\"thumbnailUrl\":\"https:\\\/\\\/kt.gov.rs\\\/wp-content\\\/uploads\\\/2024\\\/07\\\/1442569491_news_pic9182015-5.jpg\",\"articleSection\":[\"Lajme\"],\"inLanguage\":\"sq-AL\"},{\"@type\":\"WebPage\",\"@id\":\"https:\\\/\\\/kt.gov.rs\\\/sq\\\/rusia-i-ka-dhuruar-serbise-mjete-te-reja-per-zjarrefikesit\\\/\",\"url\":\"https:\\\/\\\/kt.gov.rs\\\/sq\\\/rusia-i-ka-dhuruar-serbise-mjete-te-reja-per-zjarrefikesit\\\/\",\"name\":\"RUSIA I KA DHURUAR SERBIS\u00cb MJETE T\u00cb REJA P\u00cbR ZJARR\u00cbFIK\u00cbSIT - Republika e S\u00ebrbis\u00eb Trupi Koordinues p\u00ebr komunat Bujanoc, Preshev\u00eb dhe Medvegj\u00eb\",\"isPartOf\":{\"@id\":\"https:\\\/\\\/kt.gov.rs\\\/#website\"},\"primaryImageOfPage\":{\"@id\":\"https:\\\/\\\/kt.gov.rs\\\/sq\\\/rusia-i-ka-dhuruar-serbise-mjete-te-reja-per-zjarrefikesit\\\/#primaryimage\"},\"image\":{\"@id\":\"https:\\\/\\\/kt.gov.rs\\\/sq\\\/rusia-i-ka-dhuruar-serbise-mjete-te-reja-per-zjarrefikesit\\\/#primaryimage\"},\"thumbnailUrl\":\"https:\\\/\\\/kt.gov.rs\\\/wp-content\\\/uploads\\\/2024\\\/07\\\/1442569491_news_pic9182015-5.jpg\",\"datePublished\":\"2015-09-18T00:00:00+00:00\",\"dateModified\":\"2024-07-30T19:33:57+00:00\",\"breadcrumb\":{\"@id\":\"https:\\\/\\\/kt.gov.rs\\\/sq\\\/rusia-i-ka-dhuruar-serbise-mjete-te-reja-per-zjarrefikesit\\\/#breadcrumb\"},\"inLanguage\":\"sq-AL\",\"potentialAction\":[{\"@type\":\"ReadAction\",\"target\":[\"https:\\\/\\\/kt.gov.rs\\\/sq\\\/rusia-i-ka-dhuruar-serbise-mjete-te-reja-per-zjarrefikesit\\\/\"]}]},{\"@type\":\"ImageObject\",\"inLanguage\":\"sq-AL\",\"@id\":\"https:\\\/\\\/kt.gov.rs\\\/sq\\\/rusia-i-ka-dhuruar-serbise-mjete-te-reja-per-zjarrefikesit\\\/#primaryimage\",\"url\":\"https:\\\/\\\/kt.gov.rs\\\/wp-content\\\/uploads\\\/2024\\\/07\\\/1442569491_news_pic9182015-5.jpg\",\"contentUrl\":\"https:\\\/\\\/kt.gov.rs\\\/wp-content\\\/uploads\\\/2024\\\/07\\\/1442569491_news_pic9182015-5.jpg\",\"width\":315,\"height\":208},{\"@type\":\"BreadcrumbList\",\"@id\":\"https:\\\/\\\/kt.gov.rs\\\/sq\\\/rusia-i-ka-dhuruar-serbise-mjete-te-reja-per-zjarrefikesit\\\/#breadcrumb\",\"itemListElement\":[{\"@type\":\"ListItem\",\"position\":1,\"name\":\"\u041f\u043e\u0447\u0435\u0442\u043d\u0430\",\"item\":\"https:\\\/\\\/kt.gov.rs\\\/sq\\\/\"},{\"@type\":\"ListItem\",\"position\":2,\"name\":\"RUSIA I KA DHURUAR SERBIS\u00cb MJETE T\u00cb REJA P\u00cbR ZJARR\u00cbFIK\u00cbSIT\"}]},{\"@type\":\"WebSite\",\"@id\":\"https:\\\/\\\/kt.gov.rs\\\/#website\",\"url\":\"https:\\\/\\\/kt.gov.rs\\\/\",\"name\":\"\u041a\u043e\u043e\u0440\u0434\u0438\u043d\u0430\u0446\u0438\u043e\u043d\u043e \u0442\u0435\u043b\u043e \u0412\u043b\u0430\u0434\u0435 \u0420\u0435\u043f\u0443\u0431\u043b\u0438\u043a\u0435 \u0421\u0440\u0431\u0438\u0458\u0435 \u0437\u0430 \u043e\u043f\u0448\u0442\u0438\u043d\u0435 \u041f\u0440\u0435\u0448\u0435\u0432\u043e, \u0411\u0443\u0458\u0430\u043d\u043e\u0432\u0430\u0446 \u0438 \u041c\u0435\u0434\u0432\u0435\u0452a\",\"description\":\"\",\"publisher\":{\"@id\":\"https:\\\/\\\/kt.gov.rs\\\/#organization\"},\"alternateName\":\"\u041a\u043e\u043e\u0440\u0434\u0438\u043d\u0430\u0446\u0438\u043e\u043d\u043e \u0442\u0435\u043b\u043e\",\"potentialAction\":[{\"@type\":\"SearchAction\",\"target\":{\"@type\":\"EntryPoint\",\"urlTemplate\":\"https:\\\/\\\/kt.gov.rs\\\/?s={search_term_string}\"},\"query-input\":{\"@type\":\"PropertyValueSpecification\",\"valueRequired\":true,\"valueName\":\"search_term_string\"}}],\"inLanguage\":\"sq-AL\"},{\"@type\":\"Organization\",\"@id\":\"https:\\\/\\\/kt.gov.rs\\\/#organization\",\"name\":\"\u041a\u043e\u043e\u0440\u0434\u0438\u043d\u0430\u0446\u0438\u043e\u043d\u043e \u0442\u0435\u043b\u043e \u0412\u043b\u0430\u0434\u0435 \u0420\u0435\u043f\u0443\u0431\u043b\u0438\u043a\u0435 \u0421\u0440\u0431\u0438\u0458\u0435 \u0437\u0430 \u043e\u043f\u0448\u0442\u0438\u043d\u0435 \u041f\u0440\u0435\u0448\u0435\u0432\u043e, \u0411\u0443\u0458\u0430\u043d\u043e\u0432\u0430\u0446 \u0438 \u041c\u0435\u0434\u0432\u0435\u0452a\",\"alternateName\":\"\u041a\u043e\u043e\u0440\u0434\u0438\u043d\u0430\u0446\u0438\u043e\u043d\u043e \u0442\u0435\u043b\u043e\",\"url\":\"https:\\\/\\\/kt.gov.rs\\\/\",\"logo\":{\"@type\":\"ImageObject\",\"inLanguage\":\"sq-AL\",\"@id\":\"https:\\\/\\\/kt.gov.rs\\\/#\\\/schema\\\/logo\\\/image\\\/\",\"url\":\"https:\\\/\\\/kt.gov.rs\\\/wp-content\\\/uploads\\\/2024\\\/12\\\/koord2.jpg\",\"contentUrl\":\"https:\\\/\\\/kt.gov.rs\\\/wp-content\\\/uploads\\\/2024\\\/12\\\/koord2.jpg\",\"width\":640,\"height\":480,\"caption\":\"\u041a\u043e\u043e\u0440\u0434\u0438\u043d\u0430\u0446\u0438\u043e\u043d\u043e \u0442\u0435\u043b\u043e \u0412\u043b\u0430\u0434\u0435 \u0420\u0435\u043f\u0443\u0431\u043b\u0438\u043a\u0435 \u0421\u0440\u0431\u0438\u0458\u0435 \u0437\u0430 \u043e\u043f\u0448\u0442\u0438\u043d\u0435 \u041f\u0440\u0435\u0448\u0435\u0432\u043e, \u0411\u0443\u0458\u0430\u043d\u043e\u0432\u0430\u0446 \u0438 \u041c\u0435\u0434\u0432\u0435\u0452a\"},\"image\":{\"@id\":\"https:\\\/\\\/kt.gov.rs\\\/#\\\/schema\\\/logo\\\/image\\\/\"},\"sameAs\":[\"https:\\\/\\\/www.facebook.com\\\/SluzbaKoordinacionogTelaVladeRepublikeSrbije\",\"https:\\\/\\\/x.com\\\/kt_gov\",\"https:\\\/\\\/www.youtube.com\\\/@koordinacionotelo\"]},{\"@type\":\"Person\",\"@id\":\"https:\\\/\\\/kt.gov.rs\\\/#\\\/schema\\\/person\\\/e426459ddb4173309103390602694571\",\"name\":\"ktmin\",\"image\":{\"@type\":\"ImageObject\",\"inLanguage\":\"sq-AL\",\"@id\":\"https:\\\/\\\/secure.gravatar.com\\\/avatar\\\/3985c961109853010c3fbc7ba30365bfba5db3dd6c525831d9c595c7525a615a?s=96&d=mm&r=g\",\"url\":\"https:\\\/\\\/secure.gravatar.com\\\/avatar\\\/3985c961109853010c3fbc7ba30365bfba5db3dd6c525831d9c595c7525a615a?s=96&d=mm&r=g\",\"contentUrl\":\"https:\\\/\\\/secure.gravatar.com\\\/avatar\\\/3985c961109853010c3fbc7ba30365bfba5db3dd6c525831d9c595c7525a615a?s=96&d=mm&r=g\",\"caption\":\"ktmin\"},\"sameAs\":[\"https:\\\/\\\/kt.gov.rs\"],\"url\":\"https:\\\/\\\/kt.gov.rs\\\/sq\\\/author\\\/ktmin\\\/\"}]}<\/script>\n<!-- \/ Yoast SEO plugin. -->","yoast_head_json":{"title":"RUSIA I KA DHURUAR SERBIS\u00cb MJETE T\u00cb REJA P\u00cbR ZJARR\u00cbFIK\u00cbSIT - Republika e S\u00ebrbis\u00eb Trupi Koordinues p\u00ebr komunat Bujanoc, Preshev\u00eb dhe Medvegj\u00eb","robots":{"index":"index","follow":"follow","max-snippet":"max-snippet:-1","max-image-preview":"max-image-preview:large","max-video-preview":"max-video-preview:-1"},"canonical":"https:\/\/kt.gov.rs\/sq\/rusia-i-ka-dhuruar-serbise-mjete-te-reja-per-zjarrefikesit\/","og_locale":"sq_AL","og_type":"article","og_title":"RUSIA I KA DHURUAR SERBIS\u00cb MJETE T\u00cb REJA P\u00cbR ZJARR\u00cbFIK\u00cbSIT - Republika e S\u00ebrbis\u00eb Trupi Koordinues p\u00ebr komunat Bujanoc, Preshev\u00eb dhe Medvegj\u00eb","og_description":"Nish \u2013 Ministri i Pun\u00ebve t\u00eb Brendshme, Nebojsha Stefanoviq, s\u00ebbashku me bashk\u00ebpuntor\u00ebt e tij, dje n\u00eb n\u00eb selin\u00eb e Qendr\u00ebs Humanitare Serbo-Ruse (SRHC) n\u00eb Nish, i morri \u00e7elsat e pes\u00eb autocisternave p\u00ebr fikjen e zjarrit, t\u00eb cilat i ka siguruar Rusia p\u00ebr Serbin\u00eb.","og_url":"https:\/\/kt.gov.rs\/sq\/rusia-i-ka-dhuruar-serbise-mjete-te-reja-per-zjarrefikesit\/","og_site_name":"Republika e S\u00ebrbis\u00eb Trupi Koordinues p\u00ebr komunat Bujanoc, Preshev\u00eb dhe Medvegj\u00eb","article_publisher":"https:\/\/www.facebook.com\/SluzbaKoordinacionogTelaVladeRepublikeSrbije","article_published_time":"2015-09-18T00:00:00+00:00","article_modified_time":"2024-07-30T19:33:57+00:00","og_image":[{"width":315,"height":208,"url":"https:\/\/kt.gov.rs\/wp-content\/uploads\/2024\/07\/1442569491_news_pic9182015-5.jpg","type":"image\/jpeg"}],"author":"ktmin","twitter_card":"summary_large_image","twitter_creator":"@kt_gov","twitter_site":"@kt_gov","twitter_misc":{"Written by":"ktmin","Est. reading time":"2 minutes"},"schema":{"@context":"https:\/\/schema.org","@graph":[{"@type":"Article","@id":"https:\/\/kt.gov.rs\/sq\/rusia-i-ka-dhuruar-serbise-mjete-te-reja-per-zjarrefikesit\/#article","isPartOf":{"@id":"https:\/\/kt.gov.rs\/sq\/rusia-i-ka-dhuruar-serbise-mjete-te-reja-per-zjarrefikesit\/"},"author":{"name":"ktmin","@id":"https:\/\/kt.gov.rs\/#\/schema\/person\/e426459ddb4173309103390602694571"},"headline":"RUSIA I KA DHURUAR SERBIS\u00cb MJETE T\u00cb REJA P\u00cbR ZJARR\u00cbFIK\u00cbSIT","datePublished":"2015-09-18T00:00:00+00:00","dateModified":"2024-07-30T19:33:57+00:00","mainEntityOfPage":{"@id":"https:\/\/kt.gov.rs\/sq\/rusia-i-ka-dhuruar-serbise-mjete-te-reja-per-zjarrefikesit\/"},"wordCount":420,"publisher":{"@id":"https:\/\/kt.gov.rs\/#organization"},"image":{"@id":"https:\/\/kt.gov.rs\/sq\/rusia-i-ka-dhuruar-serbise-mjete-te-reja-per-zjarrefikesit\/#primaryimage"},"thumbnailUrl":"https:\/\/kt.gov.rs\/wp-content\/uploads\/2024\/07\/1442569491_news_pic9182015-5.jpg","articleSection":["Lajme"],"inLanguage":"sq-AL"},{"@type":"WebPage","@id":"https:\/\/kt.gov.rs\/sq\/rusia-i-ka-dhuruar-serbise-mjete-te-reja-per-zjarrefikesit\/","url":"https:\/\/kt.gov.rs\/sq\/rusia-i-ka-dhuruar-serbise-mjete-te-reja-per-zjarrefikesit\/","name":"RUSIA I KA DHURUAR SERBIS\u00cb MJETE T\u00cb REJA P\u00cbR ZJARR\u00cbFIK\u00cbSIT - Republika e S\u00ebrbis\u00eb Trupi Koordinues p\u00ebr komunat Bujanoc, Preshev\u00eb dhe Medvegj\u00eb","isPartOf":{"@id":"https:\/\/kt.gov.rs\/#website"},"primaryImageOfPage":{"@id":"https:\/\/kt.gov.rs\/sq\/rusia-i-ka-dhuruar-serbise-mjete-te-reja-per-zjarrefikesit\/#primaryimage"},"image":{"@id":"https:\/\/kt.gov.rs\/sq\/rusia-i-ka-dhuruar-serbise-mjete-te-reja-per-zjarrefikesit\/#primaryimage"},"thumbnailUrl":"https:\/\/kt.gov.rs\/wp-content\/uploads\/2024\/07\/1442569491_news_pic9182015-5.jpg","datePublished":"2015-09-18T00:00:00+00:00","dateModified":"2024-07-30T19:33:57+00:00","breadcrumb":{"@id":"https:\/\/kt.gov.rs\/sq\/rusia-i-ka-dhuruar-serbise-mjete-te-reja-per-zjarrefikesit\/#breadcrumb"},"inLanguage":"sq-AL","potentialAction":[{"@type":"ReadAction","target":["https:\/\/kt.gov.rs\/sq\/rusia-i-ka-dhuruar-serbise-mjete-te-reja-per-zjarrefikesit\/"]}]},{"@type":"ImageObject","inLanguage":"sq-AL","@id":"https:\/\/kt.gov.rs\/sq\/rusia-i-ka-dhuruar-serbise-mjete-te-reja-per-zjarrefikesit\/#primaryimage","url":"https:\/\/kt.gov.rs\/wp-content\/uploads\/2024\/07\/1442569491_news_pic9182015-5.jpg","contentUrl":"https:\/\/kt.gov.rs\/wp-content\/uploads\/2024\/07\/1442569491_news_pic9182015-5.jpg","width":315,"height":208},{"@type":"BreadcrumbList","@id":"https:\/\/kt.gov.rs\/sq\/rusia-i-ka-dhuruar-serbise-mjete-te-reja-per-zjarrefikesit\/#breadcrumb","itemListElement":[{"@type":"ListItem","position":1,"name":"\u041f\u043e\u0447\u0435\u0442\u043d\u0430","item":"https:\/\/kt.gov.rs\/sq\/"},{"@type":"ListItem","position":2,"name":"RUSIA I KA DHURUAR SERBIS\u00cb MJETE T\u00cb REJA P\u00cbR ZJARR\u00cbFIK\u00cbSIT"}]},{"@type":"WebSite","@id":"https:\/\/kt.gov.rs\/#website","url":"https:\/\/kt.gov.rs\/","name":"\u041a\u043e\u043e\u0440\u0434\u0438\u043d\u0430\u0446\u0438\u043e\u043d\u043e \u0442\u0435\u043b\u043e \u0412\u043b\u0430\u0434\u0435 \u0420\u0435\u043f\u0443\u0431\u043b\u0438\u043a\u0435 \u0421\u0440\u0431\u0438\u0458\u0435 \u0437\u0430 \u043e\u043f\u0448\u0442\u0438\u043d\u0435 \u041f\u0440\u0435\u0448\u0435\u0432\u043e, \u0411\u0443\u0458\u0430\u043d\u043e\u0432\u0430\u0446 \u0438 \u041c\u0435\u0434\u0432\u0435\u0452a","description":"","publisher":{"@id":"https:\/\/kt.gov.rs\/#organization"},"alternateName":"\u041a\u043e\u043e\u0440\u0434\u0438\u043d\u0430\u0446\u0438\u043e\u043d\u043e \u0442\u0435\u043b\u043e","potentialAction":[{"@type":"SearchAction","target":{"@type":"EntryPoint","urlTemplate":"https:\/\/kt.gov.rs\/?s={search_term_string}"},"query-input":{"@type":"PropertyValueSpecification","valueRequired":true,"valueName":"search_term_string"}}],"inLanguage":"sq-AL"},{"@type":"Organization","@id":"https:\/\/kt.gov.rs\/#organization","name":"\u041a\u043e\u043e\u0440\u0434\u0438\u043d\u0430\u0446\u0438\u043e\u043d\u043e \u0442\u0435\u043b\u043e \u0412\u043b\u0430\u0434\u0435 \u0420\u0435\u043f\u0443\u0431\u043b\u0438\u043a\u0435 \u0421\u0440\u0431\u0438\u0458\u0435 \u0437\u0430 \u043e\u043f\u0448\u0442\u0438\u043d\u0435 \u041f\u0440\u0435\u0448\u0435\u0432\u043e, \u0411\u0443\u0458\u0430\u043d\u043e\u0432\u0430\u0446 \u0438 \u041c\u0435\u0434\u0432\u0435\u0452a","alternateName":"\u041a\u043e\u043e\u0440\u0434\u0438\u043d\u0430\u0446\u0438\u043e\u043d\u043e \u0442\u0435\u043b\u043e","url":"https:\/\/kt.gov.rs\/","logo":{"@type":"ImageObject","inLanguage":"sq-AL","@id":"https:\/\/kt.gov.rs\/#\/schema\/logo\/image\/","url":"https:\/\/kt.gov.rs\/wp-content\/uploads\/2024\/12\/koord2.jpg","contentUrl":"https:\/\/kt.gov.rs\/wp-content\/uploads\/2024\/12\/koord2.jpg","width":640,"height":480,"caption":"\u041a\u043e\u043e\u0440\u0434\u0438\u043d\u0430\u0446\u0438\u043e\u043d\u043e \u0442\u0435\u043b\u043e \u0412\u043b\u0430\u0434\u0435 \u0420\u0435\u043f\u0443\u0431\u043b\u0438\u043a\u0435 \u0421\u0440\u0431\u0438\u0458\u0435 \u0437\u0430 \u043e\u043f\u0448\u0442\u0438\u043d\u0435 \u041f\u0440\u0435\u0448\u0435\u0432\u043e, \u0411\u0443\u0458\u0430\u043d\u043e\u0432\u0430\u0446 \u0438 \u041c\u0435\u0434\u0432\u0435\u0452a"},"image":{"@id":"https:\/\/kt.gov.rs\/#\/schema\/logo\/image\/"},"sameAs":["https:\/\/www.facebook.com\/SluzbaKoordinacionogTelaVladeRepublikeSrbije","https:\/\/x.com\/kt_gov","https:\/\/www.youtube.com\/@koordinacionotelo"]},{"@type":"Person","@id":"https:\/\/kt.gov.rs\/#\/schema\/person\/e426459ddb4173309103390602694571","name":"ktmin","image":{"@type":"ImageObject","inLanguage":"sq-AL","@id":"https:\/\/secure.gravatar.com\/avatar\/3985c961109853010c3fbc7ba30365bfba5db3dd6c525831d9c595c7525a615a?s=96&d=mm&r=g","url":"https:\/\/secure.gravatar.com\/avatar\/3985c961109853010c3fbc7ba30365bfba5db3dd6c525831d9c595c7525a615a?s=96&d=mm&r=g","contentUrl":"https:\/\/secure.gravatar.com\/avatar\/3985c961109853010c3fbc7ba30365bfba5db3dd6c525831d9c595c7525a615a?s=96&d=mm&r=g","caption":"ktmin"},"sameAs":["https:\/\/kt.gov.rs"],"url":"https:\/\/kt.gov.rs\/sq\/author\/ktmin\/"}]}},"_links":{"self":[{"href":"https:\/\/kt.gov.rs\/sq\/wp-json\/wp\/v2\/posts\/134071","targetHints":{"allow":["GET"]}}],"collection":[{"href":"https:\/\/kt.gov.rs\/sq\/wp-json\/wp\/v2\/posts"}],"about":[{"href":"https:\/\/kt.gov.rs\/sq\/wp-json\/wp\/v2\/types\/post"}],"author":[{"embeddable":true,"href":"https:\/\/kt.gov.rs\/sq\/wp-json\/wp\/v2\/users\/1"}],"replies":[{"embeddable":true,"href":"https:\/\/kt.gov.rs\/sq\/wp-json\/wp\/v2\/comments?post=134071"}],"version-history":[{"count":1,"href":"https:\/\/kt.gov.rs\/sq\/wp-json\/wp\/v2\/posts\/134071\/revisions"}],"predecessor-version":[{"id":134075,"href":"https:\/\/kt.gov.rs\/sq\/wp-json\/wp\/v2\/posts\/134071\/revisions\/134075"}],"wp:featuredmedia":[{"embeddable":true,"href":"https:\/\/kt.gov.rs\/sq\/wp-json\/wp\/v2\/media\/134076"}],"wp:attachment":[{"href":"https:\/\/kt.gov.rs\/sq\/wp-json\/wp\/v2\/media?parent=134071"}],"wp:term":[{"taxonomy":"category","embeddable":true,"href":"https:\/\/kt.gov.rs\/sq\/wp-json\/wp\/v2\/categories?post=134071"},{"taxonomy":"post_tag","embeddable":true,"href":"https:\/\/kt.gov.rs\/sq\/wp-json\/wp\/v2\/tags?post=134071"}],"curies":[{"name":"wp","href":"https:\/\/api.w.org\/{rel}","templated":true}]}}