{"id":124857,"date":"2017-09-04T00:00:00","date_gmt":"2017-09-04T00:00:00","guid":{"rendered":"http:\/\/kt.printandscreen.rs\/ne-shkollen-fillore-branko-radiceviq-ne-bujanoc-nje-paralele-me-pak-e-fatosave\/"},"modified":"2024-07-30T19:16:44","modified_gmt":"2024-07-30T19:16:44","slug":"ne-shkollen-fillore-branko-radiceviq-ne-bujanoc-nje-paralele-me-pak-e-fatosave","status":"publish","type":"post","link":"https:\/\/kt.gov.rs\/sq\/ne-shkollen-fillore-branko-radiceviq-ne-bujanoc-nje-paralele-me-pak-e-fatosave\/","title":{"rendered":"N\u00cb SHKOLL\u00cbN FILLORE \u201cBRANKO RADI\u00c7EVIQ\u201d N\u00cb BUJANOC NJ\u00cb PARALELE M\u00cb PAK E FATOSAVE"},"content":{"rendered":"<p>\n\t<strong><img decoding=\"async\" alt=\"\" src=\"https:\/\/kt.gov.rs\/wp-content\/uploads\/2024\/07\/1504529436_news_pic_04092017_2-2.jpg\" style=\"width: 315px; height: 230px; float: left;\" \/><\/strong><strong>Bujanoc \u2013<\/strong> N\u00eb shkoll\u00ebn fillore \u201cBranko Radi\u00e7eviq\u201d, n\u00eb klas\u00eb t\u00eb par\u00eb jan\u00eb regjistrua 125 fatosa, 26 m\u00eb pak p\u00ebr dallim nga viti i kaluar, nd\u00ebrsa n\u00eb shkoll\u00ebn fillore n\u00eb territorin e komun\u00ebs s\u00eb Bujanocit jan\u00eb pranuar 383 nx\u00ebn\u00ebs t\u00eb rinj.<\/p>\n<p>\n\tFatosat, n\u00eb shkoll\u00ebn \u201cBranko Radi\u00e7eviq\u201d, i ka pritur drejtoresha Gordana Zllatkoviq me arsimtar t\u00eb cil\u00ebt do t\u00eb kujdesen edhe p\u00ebr nj\u00eb gjenerat\u00eb, nd\u00ebrsa mir\u00ebseardhje i ka d\u00ebshiruar nx\u00ebn\u00ebsve edhe nx\u00ebn\u00ebsit e klasave tjera t\u00eb cil\u00ebt p\u00ebr k\u00ebt\u00eb rast, si p\u00ebr \u00e7do vit, kan\u00eb organizuar program manifestiv.<\/p>\n<p>\n\t\u201eD\u00ebshiroj q\u00eb gjithmon\u00eb t\u00eb jen\u00eb t\u00eb sh\u00ebndetsh\u00ebm dhe t\u00eb qeshur dhe t\u00eb rrespektoni prind\u00ebrit tuaj, q\u00eb t\u00eb shoq\u00ebroheni me shok\u00ebt dhe m\u00ebsuesit tuaj, por edhe me t\u00eb gjith\u00eb neve n\u00eb shkoll\u00eb t\u00eb b\u00ebni shok\u00eb dhe k\u00ebtu t\u00eb m\u00ebsoni shum\u00eb. Ju faleminderit, qofshi t\u00eb lumtur dhe mir\u00eb s\u00eb keni ardhur\u201d, ka porositur drejtoresha Zllatkoviq.<\/p>\n<p>\n\tSipas fjal\u00ebve t\u00eb pedagoges Natalia Stankoviq, k\u00ebt\u00eb vit n\u00eb klas\u00eb t\u00eb par\u00eb jan\u00eb regjistrua 125 nx\u00ebn\u00ebs, gj\u00eb q\u00eb \u00ebsht\u00eb 26 m\u00eb pak p\u00ebr dallim t\u00eb vitit t\u00eb kaluar, dhe k\u00ebshtu n\u00eb vend se n\u00eb gjasht\u00eb paralele, fatosat do t\u00eb rradhiten n\u00eb pes\u00eb paralele. Ajo ka shtuar se p\u00ebrve\u00e7 \u00e7antave dhe pajisjeve shkollore, fatosat por edhe nx\u00ebn\u00ebsit e klasave tjera, prind\u00ebrit apo kujdestar\u00ebt e t\u00eb cil\u00ebve jan\u00eb shfryt\u00ebzues t\u00eb ndihm\u00ebs sociale, kan\u00eb marr\u00eb edhe tekstet shkollore falas. Stankoviq ka theksuar se prej k\u00ebtij viti p\u00ebr nx\u00ebn\u00ebsit e klasave t\u00eb pesta, si l\u00ebnd\u00eb obliguese iu \u00ebsht\u00eb shtuar edhe informatika, edukata fizike me elemente t\u00eb arsimit dhe sip\u00ebrmarr\u00ebsia, n\u00eb t\u00eb cilat m\u00ebsohet n\u00eb or\u00ebt e teknologjis\u00eb teknike dhe teknologjike.<\/p>\n<p>\n\tTrupi Koordinues i Qeveris\u00eb s\u00eb Republik\u00ebs s\u00eb Serbis\u00eb p\u00ebr komunat Preshev\u00eb, Bujanoc dhe Medvegj\u00eb edhe k\u00ebt\u00eb vit p\u00ebr fatosat do t\u00eb siguroj falas \u00e7antat dhe artikujt p\u00ebr nx\u00ebn\u00ebs, t\u00eb cilat sipas fjal\u00ebve t\u00eb prind\u00ebrve t\u00eb f\u00ebmij\u00ebve shum\u00eb do t`i ndihmojn\u00eb kursimit t\u00eb buxhetit sht\u00ebpiak.<\/p>\n<p>\n\t<strong>Burimi: Jugpres dhe Trupi Koordinues\u00a0<\/strong><\/p>\n<p>\n\t\u00a0<\/p>\n","protected":false},"excerpt":{"rendered":"<p>Bujanoc \u2013\u00a0N\u00eb shkoll\u00ebn fillore \u201cBranko Radi\u00e7eviq\u201d, n\u00eb klas\u00eb t\u00eb par\u00eb jan\u00eb regjistrua 125 fatosa, 26 m\u00eb pak p\u00ebr dallim nga viti i kaluar, nd\u00ebrsa n\u00eb shkoll\u00ebn fillore n\u00eb territorin e komun\u00ebs s\u00eb Bujanocit jan\u00eb pranuar 383 nx\u00ebn\u00ebs t\u00eb rinj.<\/p>\n","protected":false},"author":1,"featured_media":124862,"comment_status":"closed","ping_status":"closed","sticky":false,"template":"","format":"standard","meta":{"footnotes":""},"categories":[55],"tags":[],"class_list":["post-124857","post","type-post","status-publish","format-standard","has-post-thumbnail","hentry","category-lajme"],"yoast_head":"<!-- This site is optimized with the Yoast SEO plugin v27.4 - https:\/\/yoast.com\/product\/yoast-seo-wordpress\/ -->\n<title>N\u00cb SHKOLL\u00cbN FILLORE \u201cBRANKO RADI\u00c7EVIQ\u201d N\u00cb BUJANOC NJ\u00cb PARALELE M\u00cb PAK E FATOSAVE - Republika e S\u00ebrbis\u00eb Trupi Koordinues p\u00ebr komunat Bujanoc, Preshev\u00eb dhe Medvegj\u00eb<\/title>\n<meta name=\"robots\" content=\"index, follow, max-snippet:-1, max-image-preview:large, max-video-preview:-1\" \/>\n<link rel=\"canonical\" href=\"https:\/\/kt.gov.rs\/sq\/ne-shkollen-fillore-branko-radiceviq-ne-bujanoc-nje-paralele-me-pak-e-fatosave\/\" \/>\n<meta property=\"og:locale\" content=\"sq_AL\" \/>\n<meta property=\"og:type\" content=\"article\" \/>\n<meta property=\"og:title\" content=\"N\u00cb SHKOLL\u00cbN FILLORE \u201cBRANKO RADI\u00c7EVIQ\u201d N\u00cb BUJANOC NJ\u00cb PARALELE M\u00cb PAK E FATOSAVE - Republika e S\u00ebrbis\u00eb Trupi Koordinues p\u00ebr komunat Bujanoc, Preshev\u00eb dhe Medvegj\u00eb\" \/>\n<meta property=\"og:description\" content=\"Bujanoc \u2013\u00a0N\u00eb shkoll\u00ebn fillore \u201cBranko Radi\u00e7eviq\u201d, n\u00eb klas\u00eb t\u00eb par\u00eb jan\u00eb regjistrua 125 fatosa, 26 m\u00eb pak p\u00ebr dallim nga viti i kaluar, nd\u00ebrsa n\u00eb shkoll\u00ebn fillore n\u00eb territorin e komun\u00ebs s\u00eb Bujanocit jan\u00eb pranuar 383 nx\u00ebn\u00ebs t\u00eb rinj.\" \/>\n<meta property=\"og:url\" content=\"https:\/\/kt.gov.rs\/sq\/ne-shkollen-fillore-branko-radiceviq-ne-bujanoc-nje-paralele-me-pak-e-fatosave\/\" \/>\n<meta property=\"og:site_name\" content=\"Republika e S\u00ebrbis\u00eb Trupi Koordinues p\u00ebr komunat Bujanoc, Preshev\u00eb dhe Medvegj\u00eb\" \/>\n<meta property=\"article:publisher\" content=\"https:\/\/www.facebook.com\/SluzbaKoordinacionogTelaVladeRepublikeSrbije\" \/>\n<meta property=\"article:published_time\" content=\"2017-09-04T00:00:00+00:00\" \/>\n<meta property=\"article:modified_time\" content=\"2024-07-30T19:16:44+00:00\" \/>\n<meta property=\"og:image\" content=\"https:\/\/kt.gov.rs\/wp-content\/uploads\/2024\/07\/1504529436_news_pic_04092017_2-3.jpg\" \/>\n\t<meta property=\"og:image:width\" content=\"315\" \/>\n\t<meta property=\"og:image:height\" content=\"230\" \/>\n\t<meta property=\"og:image:type\" content=\"image\/jpeg\" \/>\n<meta name=\"author\" content=\"ktmin\" \/>\n<meta name=\"twitter:card\" content=\"summary_large_image\" \/>\n<meta name=\"twitter:creator\" content=\"@kt_gov\" \/>\n<meta name=\"twitter:site\" content=\"@kt_gov\" \/>\n<meta name=\"twitter:label1\" content=\"Written by\" \/>\n\t<meta name=\"twitter:data1\" content=\"ktmin\" \/>\n\t<meta name=\"twitter:label2\" content=\"Est. reading time\" \/>\n\t<meta name=\"twitter:data2\" content=\"3 minutes\" \/>\n<script type=\"application\/ld+json\" class=\"yoast-schema-graph\">{\"@context\":\"https:\\\/\\\/schema.org\",\"@graph\":[{\"@type\":\"Article\",\"@id\":\"https:\\\/\\\/kt.gov.rs\\\/sq\\\/ne-shkollen-fillore-branko-radiceviq-ne-bujanoc-nje-paralele-me-pak-e-fatosave\\\/#article\",\"isPartOf\":{\"@id\":\"https:\\\/\\\/kt.gov.rs\\\/sq\\\/ne-shkollen-fillore-branko-radiceviq-ne-bujanoc-nje-paralele-me-pak-e-fatosave\\\/\"},\"author\":{\"name\":\"ktmin\",\"@id\":\"https:\\\/\\\/kt.gov.rs\\\/#\\\/schema\\\/person\\\/e426459ddb4173309103390602694571\"},\"headline\":\"N\u00cb SHKOLL\u00cbN FILLORE \u201cBRANKO RADI\u00c7EVIQ\u201d N\u00cb BUJANOC NJ\u00cb PARALELE M\u00cb PAK E FATOSAVE\",\"datePublished\":\"2017-09-04T00:00:00+00:00\",\"dateModified\":\"2024-07-30T19:16:44+00:00\",\"mainEntityOfPage\":{\"@id\":\"https:\\\/\\\/kt.gov.rs\\\/sq\\\/ne-shkollen-fillore-branko-radiceviq-ne-bujanoc-nje-paralele-me-pak-e-fatosave\\\/\"},\"wordCount\":551,\"publisher\":{\"@id\":\"https:\\\/\\\/kt.gov.rs\\\/#organization\"},\"image\":{\"@id\":\"https:\\\/\\\/kt.gov.rs\\\/sq\\\/ne-shkollen-fillore-branko-radiceviq-ne-bujanoc-nje-paralele-me-pak-e-fatosave\\\/#primaryimage\"},\"thumbnailUrl\":\"https:\\\/\\\/kt.gov.rs\\\/wp-content\\\/uploads\\\/2024\\\/07\\\/1504529436_news_pic_04092017_2-3.jpg\",\"articleSection\":[\"Lajme\"],\"inLanguage\":\"sq-AL\"},{\"@type\":\"WebPage\",\"@id\":\"https:\\\/\\\/kt.gov.rs\\\/sq\\\/ne-shkollen-fillore-branko-radiceviq-ne-bujanoc-nje-paralele-me-pak-e-fatosave\\\/\",\"url\":\"https:\\\/\\\/kt.gov.rs\\\/sq\\\/ne-shkollen-fillore-branko-radiceviq-ne-bujanoc-nje-paralele-me-pak-e-fatosave\\\/\",\"name\":\"N\u00cb SHKOLL\u00cbN FILLORE \u201cBRANKO RADI\u00c7EVIQ\u201d N\u00cb BUJANOC NJ\u00cb PARALELE M\u00cb PAK E FATOSAVE - Republika e S\u00ebrbis\u00eb Trupi Koordinues p\u00ebr komunat Bujanoc, Preshev\u00eb dhe Medvegj\u00eb\",\"isPartOf\":{\"@id\":\"https:\\\/\\\/kt.gov.rs\\\/#website\"},\"primaryImageOfPage\":{\"@id\":\"https:\\\/\\\/kt.gov.rs\\\/sq\\\/ne-shkollen-fillore-branko-radiceviq-ne-bujanoc-nje-paralele-me-pak-e-fatosave\\\/#primaryimage\"},\"image\":{\"@id\":\"https:\\\/\\\/kt.gov.rs\\\/sq\\\/ne-shkollen-fillore-branko-radiceviq-ne-bujanoc-nje-paralele-me-pak-e-fatosave\\\/#primaryimage\"},\"thumbnailUrl\":\"https:\\\/\\\/kt.gov.rs\\\/wp-content\\\/uploads\\\/2024\\\/07\\\/1504529436_news_pic_04092017_2-3.jpg\",\"datePublished\":\"2017-09-04T00:00:00+00:00\",\"dateModified\":\"2024-07-30T19:16:44+00:00\",\"breadcrumb\":{\"@id\":\"https:\\\/\\\/kt.gov.rs\\\/sq\\\/ne-shkollen-fillore-branko-radiceviq-ne-bujanoc-nje-paralele-me-pak-e-fatosave\\\/#breadcrumb\"},\"inLanguage\":\"sq-AL\",\"potentialAction\":[{\"@type\":\"ReadAction\",\"target\":[\"https:\\\/\\\/kt.gov.rs\\\/sq\\\/ne-shkollen-fillore-branko-radiceviq-ne-bujanoc-nje-paralele-me-pak-e-fatosave\\\/\"]}]},{\"@type\":\"ImageObject\",\"inLanguage\":\"sq-AL\",\"@id\":\"https:\\\/\\\/kt.gov.rs\\\/sq\\\/ne-shkollen-fillore-branko-radiceviq-ne-bujanoc-nje-paralele-me-pak-e-fatosave\\\/#primaryimage\",\"url\":\"https:\\\/\\\/kt.gov.rs\\\/wp-content\\\/uploads\\\/2024\\\/07\\\/1504529436_news_pic_04092017_2-3.jpg\",\"contentUrl\":\"https:\\\/\\\/kt.gov.rs\\\/wp-content\\\/uploads\\\/2024\\\/07\\\/1504529436_news_pic_04092017_2-3.jpg\",\"width\":315,\"height\":230},{\"@type\":\"BreadcrumbList\",\"@id\":\"https:\\\/\\\/kt.gov.rs\\\/sq\\\/ne-shkollen-fillore-branko-radiceviq-ne-bujanoc-nje-paralele-me-pak-e-fatosave\\\/#breadcrumb\",\"itemListElement\":[{\"@type\":\"ListItem\",\"position\":1,\"name\":\"\u041f\u043e\u0447\u0435\u0442\u043d\u0430\",\"item\":\"https:\\\/\\\/kt.gov.rs\\\/sq\\\/\"},{\"@type\":\"ListItem\",\"position\":2,\"name\":\"N\u00cb SHKOLL\u00cbN FILLORE \u201cBRANKO RADI\u00c7EVIQ\u201d N\u00cb BUJANOC NJ\u00cb PARALELE M\u00cb PAK E FATOSAVE\"}]},{\"@type\":\"WebSite\",\"@id\":\"https:\\\/\\\/kt.gov.rs\\\/#website\",\"url\":\"https:\\\/\\\/kt.gov.rs\\\/\",\"name\":\"\u041a\u043e\u043e\u0440\u0434\u0438\u043d\u0430\u0446\u0438\u043e\u043d\u043e \u0442\u0435\u043b\u043e \u0412\u043b\u0430\u0434\u0435 \u0420\u0435\u043f\u0443\u0431\u043b\u0438\u043a\u0435 \u0421\u0440\u0431\u0438\u0458\u0435 \u0437\u0430 \u043e\u043f\u0448\u0442\u0438\u043d\u0435 \u041f\u0440\u0435\u0448\u0435\u0432\u043e, \u0411\u0443\u0458\u0430\u043d\u043e\u0432\u0430\u0446 \u0438 \u041c\u0435\u0434\u0432\u0435\u0452a\",\"description\":\"\",\"publisher\":{\"@id\":\"https:\\\/\\\/kt.gov.rs\\\/#organization\"},\"alternateName\":\"\u041a\u043e\u043e\u0440\u0434\u0438\u043d\u0430\u0446\u0438\u043e\u043d\u043e \u0442\u0435\u043b\u043e\",\"potentialAction\":[{\"@type\":\"SearchAction\",\"target\":{\"@type\":\"EntryPoint\",\"urlTemplate\":\"https:\\\/\\\/kt.gov.rs\\\/?s={search_term_string}\"},\"query-input\":{\"@type\":\"PropertyValueSpecification\",\"valueRequired\":true,\"valueName\":\"search_term_string\"}}],\"inLanguage\":\"sq-AL\"},{\"@type\":\"Organization\",\"@id\":\"https:\\\/\\\/kt.gov.rs\\\/#organization\",\"name\":\"\u041a\u043e\u043e\u0440\u0434\u0438\u043d\u0430\u0446\u0438\u043e\u043d\u043e \u0442\u0435\u043b\u043e \u0412\u043b\u0430\u0434\u0435 \u0420\u0435\u043f\u0443\u0431\u043b\u0438\u043a\u0435 \u0421\u0440\u0431\u0438\u0458\u0435 \u0437\u0430 \u043e\u043f\u0448\u0442\u0438\u043d\u0435 \u041f\u0440\u0435\u0448\u0435\u0432\u043e, \u0411\u0443\u0458\u0430\u043d\u043e\u0432\u0430\u0446 \u0438 \u041c\u0435\u0434\u0432\u0435\u0452a\",\"alternateName\":\"\u041a\u043e\u043e\u0440\u0434\u0438\u043d\u0430\u0446\u0438\u043e\u043d\u043e \u0442\u0435\u043b\u043e\",\"url\":\"https:\\\/\\\/kt.gov.rs\\\/\",\"logo\":{\"@type\":\"ImageObject\",\"inLanguage\":\"sq-AL\",\"@id\":\"https:\\\/\\\/kt.gov.rs\\\/#\\\/schema\\\/logo\\\/image\\\/\",\"url\":\"https:\\\/\\\/kt.gov.rs\\\/wp-content\\\/uploads\\\/2024\\\/12\\\/koord2.jpg\",\"contentUrl\":\"https:\\\/\\\/kt.gov.rs\\\/wp-content\\\/uploads\\\/2024\\\/12\\\/koord2.jpg\",\"width\":640,\"height\":480,\"caption\":\"\u041a\u043e\u043e\u0440\u0434\u0438\u043d\u0430\u0446\u0438\u043e\u043d\u043e \u0442\u0435\u043b\u043e \u0412\u043b\u0430\u0434\u0435 \u0420\u0435\u043f\u0443\u0431\u043b\u0438\u043a\u0435 \u0421\u0440\u0431\u0438\u0458\u0435 \u0437\u0430 \u043e\u043f\u0448\u0442\u0438\u043d\u0435 \u041f\u0440\u0435\u0448\u0435\u0432\u043e, \u0411\u0443\u0458\u0430\u043d\u043e\u0432\u0430\u0446 \u0438 \u041c\u0435\u0434\u0432\u0435\u0452a\"},\"image\":{\"@id\":\"https:\\\/\\\/kt.gov.rs\\\/#\\\/schema\\\/logo\\\/image\\\/\"},\"sameAs\":[\"https:\\\/\\\/www.facebook.com\\\/SluzbaKoordinacionogTelaVladeRepublikeSrbije\",\"https:\\\/\\\/x.com\\\/kt_gov\",\"https:\\\/\\\/www.youtube.com\\\/@koordinacionotelo\"]},{\"@type\":\"Person\",\"@id\":\"https:\\\/\\\/kt.gov.rs\\\/#\\\/schema\\\/person\\\/e426459ddb4173309103390602694571\",\"name\":\"ktmin\",\"image\":{\"@type\":\"ImageObject\",\"inLanguage\":\"sq-AL\",\"@id\":\"https:\\\/\\\/secure.gravatar.com\\\/avatar\\\/3985c961109853010c3fbc7ba30365bfba5db3dd6c525831d9c595c7525a615a?s=96&d=mm&r=g\",\"url\":\"https:\\\/\\\/secure.gravatar.com\\\/avatar\\\/3985c961109853010c3fbc7ba30365bfba5db3dd6c525831d9c595c7525a615a?s=96&d=mm&r=g\",\"contentUrl\":\"https:\\\/\\\/secure.gravatar.com\\\/avatar\\\/3985c961109853010c3fbc7ba30365bfba5db3dd6c525831d9c595c7525a615a?s=96&d=mm&r=g\",\"caption\":\"ktmin\"},\"sameAs\":[\"https:\\\/\\\/kt.gov.rs\"],\"url\":\"https:\\\/\\\/kt.gov.rs\\\/sq\\\/author\\\/ktmin\\\/\"}]}<\/script>\n<!-- \/ Yoast SEO plugin. -->","yoast_head_json":{"title":"N\u00cb SHKOLL\u00cbN FILLORE \u201cBRANKO RADI\u00c7EVIQ\u201d N\u00cb BUJANOC NJ\u00cb PARALELE M\u00cb PAK E FATOSAVE - Republika e S\u00ebrbis\u00eb Trupi Koordinues p\u00ebr komunat Bujanoc, Preshev\u00eb dhe Medvegj\u00eb","robots":{"index":"index","follow":"follow","max-snippet":"max-snippet:-1","max-image-preview":"max-image-preview:large","max-video-preview":"max-video-preview:-1"},"canonical":"https:\/\/kt.gov.rs\/sq\/ne-shkollen-fillore-branko-radiceviq-ne-bujanoc-nje-paralele-me-pak-e-fatosave\/","og_locale":"sq_AL","og_type":"article","og_title":"N\u00cb SHKOLL\u00cbN FILLORE \u201cBRANKO RADI\u00c7EVIQ\u201d N\u00cb BUJANOC NJ\u00cb PARALELE M\u00cb PAK E FATOSAVE - Republika e S\u00ebrbis\u00eb Trupi Koordinues p\u00ebr komunat Bujanoc, Preshev\u00eb dhe Medvegj\u00eb","og_description":"Bujanoc \u2013\u00a0N\u00eb shkoll\u00ebn fillore \u201cBranko Radi\u00e7eviq\u201d, n\u00eb klas\u00eb t\u00eb par\u00eb jan\u00eb regjistrua 125 fatosa, 26 m\u00eb pak p\u00ebr dallim nga viti i kaluar, nd\u00ebrsa n\u00eb shkoll\u00ebn fillore n\u00eb territorin e komun\u00ebs s\u00eb Bujanocit jan\u00eb pranuar 383 nx\u00ebn\u00ebs t\u00eb rinj.","og_url":"https:\/\/kt.gov.rs\/sq\/ne-shkollen-fillore-branko-radiceviq-ne-bujanoc-nje-paralele-me-pak-e-fatosave\/","og_site_name":"Republika e S\u00ebrbis\u00eb Trupi Koordinues p\u00ebr komunat Bujanoc, Preshev\u00eb dhe Medvegj\u00eb","article_publisher":"https:\/\/www.facebook.com\/SluzbaKoordinacionogTelaVladeRepublikeSrbije","article_published_time":"2017-09-04T00:00:00+00:00","article_modified_time":"2024-07-30T19:16:44+00:00","og_image":[{"width":315,"height":230,"url":"https:\/\/kt.gov.rs\/wp-content\/uploads\/2024\/07\/1504529436_news_pic_04092017_2-3.jpg","type":"image\/jpeg"}],"author":"ktmin","twitter_card":"summary_large_image","twitter_creator":"@kt_gov","twitter_site":"@kt_gov","twitter_misc":{"Written by":"ktmin","Est. reading time":"3 minutes"},"schema":{"@context":"https:\/\/schema.org","@graph":[{"@type":"Article","@id":"https:\/\/kt.gov.rs\/sq\/ne-shkollen-fillore-branko-radiceviq-ne-bujanoc-nje-paralele-me-pak-e-fatosave\/#article","isPartOf":{"@id":"https:\/\/kt.gov.rs\/sq\/ne-shkollen-fillore-branko-radiceviq-ne-bujanoc-nje-paralele-me-pak-e-fatosave\/"},"author":{"name":"ktmin","@id":"https:\/\/kt.gov.rs\/#\/schema\/person\/e426459ddb4173309103390602694571"},"headline":"N\u00cb SHKOLL\u00cbN FILLORE \u201cBRANKO RADI\u00c7EVIQ\u201d N\u00cb BUJANOC NJ\u00cb PARALELE M\u00cb PAK E FATOSAVE","datePublished":"2017-09-04T00:00:00+00:00","dateModified":"2024-07-30T19:16:44+00:00","mainEntityOfPage":{"@id":"https:\/\/kt.gov.rs\/sq\/ne-shkollen-fillore-branko-radiceviq-ne-bujanoc-nje-paralele-me-pak-e-fatosave\/"},"wordCount":551,"publisher":{"@id":"https:\/\/kt.gov.rs\/#organization"},"image":{"@id":"https:\/\/kt.gov.rs\/sq\/ne-shkollen-fillore-branko-radiceviq-ne-bujanoc-nje-paralele-me-pak-e-fatosave\/#primaryimage"},"thumbnailUrl":"https:\/\/kt.gov.rs\/wp-content\/uploads\/2024\/07\/1504529436_news_pic_04092017_2-3.jpg","articleSection":["Lajme"],"inLanguage":"sq-AL"},{"@type":"WebPage","@id":"https:\/\/kt.gov.rs\/sq\/ne-shkollen-fillore-branko-radiceviq-ne-bujanoc-nje-paralele-me-pak-e-fatosave\/","url":"https:\/\/kt.gov.rs\/sq\/ne-shkollen-fillore-branko-radiceviq-ne-bujanoc-nje-paralele-me-pak-e-fatosave\/","name":"N\u00cb SHKOLL\u00cbN FILLORE \u201cBRANKO RADI\u00c7EVIQ\u201d N\u00cb BUJANOC NJ\u00cb PARALELE M\u00cb PAK E FATOSAVE - Republika e S\u00ebrbis\u00eb Trupi Koordinues p\u00ebr komunat Bujanoc, Preshev\u00eb dhe Medvegj\u00eb","isPartOf":{"@id":"https:\/\/kt.gov.rs\/#website"},"primaryImageOfPage":{"@id":"https:\/\/kt.gov.rs\/sq\/ne-shkollen-fillore-branko-radiceviq-ne-bujanoc-nje-paralele-me-pak-e-fatosave\/#primaryimage"},"image":{"@id":"https:\/\/kt.gov.rs\/sq\/ne-shkollen-fillore-branko-radiceviq-ne-bujanoc-nje-paralele-me-pak-e-fatosave\/#primaryimage"},"thumbnailUrl":"https:\/\/kt.gov.rs\/wp-content\/uploads\/2024\/07\/1504529436_news_pic_04092017_2-3.jpg","datePublished":"2017-09-04T00:00:00+00:00","dateModified":"2024-07-30T19:16:44+00:00","breadcrumb":{"@id":"https:\/\/kt.gov.rs\/sq\/ne-shkollen-fillore-branko-radiceviq-ne-bujanoc-nje-paralele-me-pak-e-fatosave\/#breadcrumb"},"inLanguage":"sq-AL","potentialAction":[{"@type":"ReadAction","target":["https:\/\/kt.gov.rs\/sq\/ne-shkollen-fillore-branko-radiceviq-ne-bujanoc-nje-paralele-me-pak-e-fatosave\/"]}]},{"@type":"ImageObject","inLanguage":"sq-AL","@id":"https:\/\/kt.gov.rs\/sq\/ne-shkollen-fillore-branko-radiceviq-ne-bujanoc-nje-paralele-me-pak-e-fatosave\/#primaryimage","url":"https:\/\/kt.gov.rs\/wp-content\/uploads\/2024\/07\/1504529436_news_pic_04092017_2-3.jpg","contentUrl":"https:\/\/kt.gov.rs\/wp-content\/uploads\/2024\/07\/1504529436_news_pic_04092017_2-3.jpg","width":315,"height":230},{"@type":"BreadcrumbList","@id":"https:\/\/kt.gov.rs\/sq\/ne-shkollen-fillore-branko-radiceviq-ne-bujanoc-nje-paralele-me-pak-e-fatosave\/#breadcrumb","itemListElement":[{"@type":"ListItem","position":1,"name":"\u041f\u043e\u0447\u0435\u0442\u043d\u0430","item":"https:\/\/kt.gov.rs\/sq\/"},{"@type":"ListItem","position":2,"name":"N\u00cb SHKOLL\u00cbN FILLORE \u201cBRANKO RADI\u00c7EVIQ\u201d N\u00cb BUJANOC NJ\u00cb PARALELE M\u00cb PAK E FATOSAVE"}]},{"@type":"WebSite","@id":"https:\/\/kt.gov.rs\/#website","url":"https:\/\/kt.gov.rs\/","name":"\u041a\u043e\u043e\u0440\u0434\u0438\u043d\u0430\u0446\u0438\u043e\u043d\u043e \u0442\u0435\u043b\u043e \u0412\u043b\u0430\u0434\u0435 \u0420\u0435\u043f\u0443\u0431\u043b\u0438\u043a\u0435 \u0421\u0440\u0431\u0438\u0458\u0435 \u0437\u0430 \u043e\u043f\u0448\u0442\u0438\u043d\u0435 \u041f\u0440\u0435\u0448\u0435\u0432\u043e, \u0411\u0443\u0458\u0430\u043d\u043e\u0432\u0430\u0446 \u0438 \u041c\u0435\u0434\u0432\u0435\u0452a","description":"","publisher":{"@id":"https:\/\/kt.gov.rs\/#organization"},"alternateName":"\u041a\u043e\u043e\u0440\u0434\u0438\u043d\u0430\u0446\u0438\u043e\u043d\u043e \u0442\u0435\u043b\u043e","potentialAction":[{"@type":"SearchAction","target":{"@type":"EntryPoint","urlTemplate":"https:\/\/kt.gov.rs\/?s={search_term_string}"},"query-input":{"@type":"PropertyValueSpecification","valueRequired":true,"valueName":"search_term_string"}}],"inLanguage":"sq-AL"},{"@type":"Organization","@id":"https:\/\/kt.gov.rs\/#organization","name":"\u041a\u043e\u043e\u0440\u0434\u0438\u043d\u0430\u0446\u0438\u043e\u043d\u043e \u0442\u0435\u043b\u043e \u0412\u043b\u0430\u0434\u0435 \u0420\u0435\u043f\u0443\u0431\u043b\u0438\u043a\u0435 \u0421\u0440\u0431\u0438\u0458\u0435 \u0437\u0430 \u043e\u043f\u0448\u0442\u0438\u043d\u0435 \u041f\u0440\u0435\u0448\u0435\u0432\u043e, \u0411\u0443\u0458\u0430\u043d\u043e\u0432\u0430\u0446 \u0438 \u041c\u0435\u0434\u0432\u0435\u0452a","alternateName":"\u041a\u043e\u043e\u0440\u0434\u0438\u043d\u0430\u0446\u0438\u043e\u043d\u043e \u0442\u0435\u043b\u043e","url":"https:\/\/kt.gov.rs\/","logo":{"@type":"ImageObject","inLanguage":"sq-AL","@id":"https:\/\/kt.gov.rs\/#\/schema\/logo\/image\/","url":"https:\/\/kt.gov.rs\/wp-content\/uploads\/2024\/12\/koord2.jpg","contentUrl":"https:\/\/kt.gov.rs\/wp-content\/uploads\/2024\/12\/koord2.jpg","width":640,"height":480,"caption":"\u041a\u043e\u043e\u0440\u0434\u0438\u043d\u0430\u0446\u0438\u043e\u043d\u043e \u0442\u0435\u043b\u043e \u0412\u043b\u0430\u0434\u0435 \u0420\u0435\u043f\u0443\u0431\u043b\u0438\u043a\u0435 \u0421\u0440\u0431\u0438\u0458\u0435 \u0437\u0430 \u043e\u043f\u0448\u0442\u0438\u043d\u0435 \u041f\u0440\u0435\u0448\u0435\u0432\u043e, \u0411\u0443\u0458\u0430\u043d\u043e\u0432\u0430\u0446 \u0438 \u041c\u0435\u0434\u0432\u0435\u0452a"},"image":{"@id":"https:\/\/kt.gov.rs\/#\/schema\/logo\/image\/"},"sameAs":["https:\/\/www.facebook.com\/SluzbaKoordinacionogTelaVladeRepublikeSrbije","https:\/\/x.com\/kt_gov","https:\/\/www.youtube.com\/@koordinacionotelo"]},{"@type":"Person","@id":"https:\/\/kt.gov.rs\/#\/schema\/person\/e426459ddb4173309103390602694571","name":"ktmin","image":{"@type":"ImageObject","inLanguage":"sq-AL","@id":"https:\/\/secure.gravatar.com\/avatar\/3985c961109853010c3fbc7ba30365bfba5db3dd6c525831d9c595c7525a615a?s=96&d=mm&r=g","url":"https:\/\/secure.gravatar.com\/avatar\/3985c961109853010c3fbc7ba30365bfba5db3dd6c525831d9c595c7525a615a?s=96&d=mm&r=g","contentUrl":"https:\/\/secure.gravatar.com\/avatar\/3985c961109853010c3fbc7ba30365bfba5db3dd6c525831d9c595c7525a615a?s=96&d=mm&r=g","caption":"ktmin"},"sameAs":["https:\/\/kt.gov.rs"],"url":"https:\/\/kt.gov.rs\/sq\/author\/ktmin\/"}]}},"_links":{"self":[{"href":"https:\/\/kt.gov.rs\/sq\/wp-json\/wp\/v2\/posts\/124857","targetHints":{"allow":["GET"]}}],"collection":[{"href":"https:\/\/kt.gov.rs\/sq\/wp-json\/wp\/v2\/posts"}],"about":[{"href":"https:\/\/kt.gov.rs\/sq\/wp-json\/wp\/v2\/types\/post"}],"author":[{"embeddable":true,"href":"https:\/\/kt.gov.rs\/sq\/wp-json\/wp\/v2\/users\/1"}],"replies":[{"embeddable":true,"href":"https:\/\/kt.gov.rs\/sq\/wp-json\/wp\/v2\/comments?post=124857"}],"version-history":[{"count":1,"href":"https:\/\/kt.gov.rs\/sq\/wp-json\/wp\/v2\/posts\/124857\/revisions"}],"predecessor-version":[{"id":124861,"href":"https:\/\/kt.gov.rs\/sq\/wp-json\/wp\/v2\/posts\/124857\/revisions\/124861"}],"wp:featuredmedia":[{"embeddable":true,"href":"https:\/\/kt.gov.rs\/sq\/wp-json\/wp\/v2\/media\/124862"}],"wp:attachment":[{"href":"https:\/\/kt.gov.rs\/sq\/wp-json\/wp\/v2\/media?parent=124857"}],"wp:term":[{"taxonomy":"category","embeddable":true,"href":"https:\/\/kt.gov.rs\/sq\/wp-json\/wp\/v2\/categories?post=124857"},{"taxonomy":"post_tag","embeddable":true,"href":"https:\/\/kt.gov.rs\/sq\/wp-json\/wp\/v2\/tags?post=124857"}],"curies":[{"name":"wp","href":"https:\/\/api.w.org\/{rel}","templated":true}]}}