{"id":120195,"date":"2018-09-27T00:00:00","date_gmt":"2018-09-27T00:00:00","guid":{"rendered":"http:\/\/kt.printandscreen.rs\/milazimi-furretari-nga-bujanoci-ushqen-femijet-ne-vraje\/"},"modified":"2024-07-30T19:08:41","modified_gmt":"2024-07-30T19:08:41","slug":"milazimi-furretari-nga-bujanoci-ushqen-femijet-ne-vraje","status":"publish","type":"post","link":"https:\/\/kt.gov.rs\/sq\/milazimi-furretari-nga-bujanoci-ushqen-femijet-ne-vraje\/","title":{"rendered":"MILAZIMI, FURR\u00cbTARI NGA BUJANOCI USHQEN F\u00cbMIJ\u00cbT N\u00cb VRAJ\u00cb"},"content":{"rendered":"<p>\n\t<strong><img decoding=\"async\" alt=\"\" src=\"https:\/\/kt.gov.rs\/wp-content\/uploads\/2024\/07\/1538042928_news_pic_27082018_2-2.jpg\" style=\"width: 315px; height: 230px; float: left;\" \/><\/strong><strong>Bujanoc \u2013<\/strong> Shqiptari nga Bujanoci, Milazim Gegulaj p\u00ebr kat\u00ebr vite \u00e7do dit\u00eb siguron shuajtje p\u00ebr dhjetra f\u00ebmij\u00eb t\u00eb s\u00ebmuar nga Vraja.<\/p>\n<p>\n\tFamilja e Milazimit jan\u00eb me prejardhje nga Prizreni, kur n\u00eb vitet e tet\u00ebdhjeta t\u00eb vitit t\u00eb kaluar jan\u00eb transferuar n\u00eb Bujanoc dhe aty kan\u00eb filluar biznesin. Milazimi me gruan e tij e cila quhet Sada e cila shquhet si humaniste e madhe, por p\u00ebr k\u00ebt\u00eb rrall\u00eb flitet. Meq\u00ebn\u00ebse furra ndodhet pran\u00eb mjediseve ku q\u00ebndrojn\u00eb f\u00ebmij\u00ebt nga Shoqata p\u00ebr Ndihm\u00eb t\u00eb Personave me Aft\u00ebsi t\u00eb Kufizuara, ka filluar t\u00eb lind nj\u00eb miq\u00ebsi e pazakont\u00eb mes f\u00ebmij\u00ebve dhe furr\u00ebtarit.<\/p>\n<p>\n\t&quot;Nga Shoqata kan\u00eb k\u00ebrkuar q\u00eb dikush t`i ndihmojm\u00eb ata disi dhe ne vendos\u00ebm t&#39;u sigurojm\u00eb atyre nj\u00eb shuajtje t\u00eb leht\u00eb \u00e7do dit\u00eb. Ndonj\u00ebher\u00eb \u00ebsht\u00eb burek, nganj\u00ebher\u00eb kifle, kifle me virshlle, t\u00eb kripura ose t\u00eb \u00ebmb\u00ebla. Nga f\u00ebmij\u00ebt e Shoqat\u00ebs p\u00ebr \u00e7do Vitin e Ri, ne marrim nj\u00eb urim t\u00eb shkruar n\u00eb gjuh\u00ebn shqipe, me d\u00ebshirat m\u00eb t\u00eb bukura p\u00ebr mua dhe familjen time &quot;, tha Milazimi, duke shtuar se buz\u00ebqeshjet e f\u00ebmij\u00ebve t\u00eb s\u00ebmur\u00eb, sinqeriteti i tyre \u00ebsht\u00eb shp\u00ebrblimi i tij m\u00eb i madh.<\/p>\n<p>\n\tAi thot\u00eb se nuk ka pasur kurr\u00eb probleme deri tani duke i p\u00ebrfshir\u00eb ve\u00e7an\u00ebrisht ato n\u00eb baza komb\u00ebtare.<\/p>\n<p>\n\t&quot;Babai im ishte nga Prizreni dhe na edukuar gjithmon\u00eb se ka vet\u00ebm njer\u00ebz t\u00eb mir\u00eb dhe t\u00eb k\u00ebqinj, dhe t\u00eb mos i ndajm\u00eb ata p\u00ebr nga komb\u00ebsia, feja apo raca. Kemi shum\u00eb klient\u00eb k\u00ebtu, t\u00eb gjith\u00eb jan\u00eb t\u00eb k\u00ebnaqur. Kam nj\u00eb num\u00ebr t\u00eb madh miqsh dhe n\u00eb mesin e punontor\u00ebve\u00a0 serb\u00eb dhe shqiptar\u00eb. Serb\u00ebt q\u00eb punojn\u00eb me mua jan\u00eb nga Vraja dhe Vrajska Banja, nd\u00ebrsa shqiptar\u00ebt udh\u00ebtojn\u00eb nga Bujanoci&quot;, tha Milazimi.<\/p>\n<p>\n\tAi beson se kjo nuk b\u00ebn asgj\u00eb t\u00eb ve\u00e7ant\u00eb, por se \u00e7do njeri ka nevoj\u00ebn personale p\u00ebr t\u00eb b\u00ebr\u00eb di\u00e7ka t\u00eb mir\u00eb duke ndihmuar t\u00eb tjer\u00ebt, duke theksuar se ai ka tre f\u00ebmij\u00eb t\u00eb cil\u00ebt luajn\u00eb me f\u00ebmij\u00ebt nga Shoqata me t\u00eb cil\u00ebt ata u b\u00ebn\u00eb miq t\u00eb m\u00ebdhenj.<\/p>\n<p>\n\t<strong>Burimi: OK Radio dhe Trupi Koordinues <\/strong><\/p>\n<p>\n\t\u00a0<\/p>\n","protected":false},"excerpt":{"rendered":"<p>Bujanoc \u2013\u00a0Shqiptari nga Bujanoci, Milazim Gegulaj p\u00ebr kat\u00ebr vite \u00e7do dit\u00eb siguron shuajtje p\u00ebr dhjetra f\u00ebmij\u00eb t\u00eb s\u00ebmuar nga Vraja.<\/p>\n","protected":false},"author":1,"featured_media":120200,"comment_status":"closed","ping_status":"closed","sticky":false,"template":"","format":"standard","meta":{"footnotes":""},"categories":[55],"tags":[],"class_list":["post-120195","post","type-post","status-publish","format-standard","has-post-thumbnail","hentry","category-lajme"],"yoast_head":"<!-- This site is optimized with the Yoast SEO plugin v27.5 - https:\/\/yoast.com\/product\/yoast-seo-wordpress\/ -->\n<title>MILAZIMI, FURR\u00cbTARI NGA BUJANOCI USHQEN F\u00cbMIJ\u00cbT N\u00cb VRAJ\u00cb - Republika e S\u00ebrbis\u00eb Trupi Koordinues p\u00ebr komunat Bujanoc, Preshev\u00eb dhe Medvegj\u00eb<\/title>\n<meta name=\"robots\" content=\"index, follow, max-snippet:-1, max-image-preview:large, max-video-preview:-1\" \/>\n<link rel=\"canonical\" href=\"https:\/\/kt.gov.rs\/sq\/milazimi-furretari-nga-bujanoci-ushqen-femijet-ne-vraje\/\" \/>\n<meta property=\"og:locale\" content=\"sq_AL\" \/>\n<meta property=\"og:type\" content=\"article\" \/>\n<meta property=\"og:title\" content=\"MILAZIMI, FURR\u00cbTARI NGA BUJANOCI USHQEN F\u00cbMIJ\u00cbT N\u00cb VRAJ\u00cb - Republika e S\u00ebrbis\u00eb Trupi Koordinues p\u00ebr komunat Bujanoc, Preshev\u00eb dhe Medvegj\u00eb\" \/>\n<meta property=\"og:description\" content=\"Bujanoc \u2013\u00a0Shqiptari nga Bujanoci, Milazim Gegulaj p\u00ebr kat\u00ebr vite \u00e7do dit\u00eb siguron shuajtje p\u00ebr dhjetra f\u00ebmij\u00eb t\u00eb s\u00ebmuar nga Vraja.\" \/>\n<meta property=\"og:url\" content=\"https:\/\/kt.gov.rs\/sq\/milazimi-furretari-nga-bujanoci-ushqen-femijet-ne-vraje\/\" \/>\n<meta property=\"og:site_name\" content=\"Republika e S\u00ebrbis\u00eb Trupi Koordinues p\u00ebr komunat Bujanoc, Preshev\u00eb dhe Medvegj\u00eb\" \/>\n<meta property=\"article:publisher\" content=\"https:\/\/www.facebook.com\/SluzbaKoordinacionogTelaVladeRepublikeSrbije\" \/>\n<meta property=\"article:published_time\" content=\"2018-09-27T00:00:00+00:00\" \/>\n<meta property=\"article:modified_time\" content=\"2024-07-30T19:08:41+00:00\" \/>\n<meta property=\"og:image\" content=\"https:\/\/kt.gov.rs\/wp-content\/uploads\/2024\/07\/1538042928_news_pic_27082018_2-3.jpg\" \/>\n\t<meta property=\"og:image:width\" content=\"315\" \/>\n\t<meta property=\"og:image:height\" content=\"230\" \/>\n\t<meta property=\"og:image:type\" content=\"image\/jpeg\" \/>\n<meta name=\"author\" content=\"ktmin\" \/>\n<meta name=\"twitter:card\" content=\"summary_large_image\" \/>\n<meta name=\"twitter:creator\" content=\"@kt_gov\" \/>\n<meta name=\"twitter:site\" content=\"@kt_gov\" \/>\n<meta name=\"twitter:label1\" content=\"Written by\" \/>\n\t<meta name=\"twitter:data1\" content=\"ktmin\" \/>\n\t<meta name=\"twitter:label2\" content=\"Est. reading time\" \/>\n\t<meta name=\"twitter:data2\" content=\"3 minutes\" \/>\n<script type=\"application\/ld+json\" class=\"yoast-schema-graph\">{\"@context\":\"https:\\\/\\\/schema.org\",\"@graph\":[{\"@type\":\"Article\",\"@id\":\"https:\\\/\\\/kt.gov.rs\\\/sq\\\/milazimi-furretari-nga-bujanoci-ushqen-femijet-ne-vraje\\\/#article\",\"isPartOf\":{\"@id\":\"https:\\\/\\\/kt.gov.rs\\\/sq\\\/milazimi-furretari-nga-bujanoci-ushqen-femijet-ne-vraje\\\/\"},\"author\":{\"name\":\"ktmin\",\"@id\":\"https:\\\/\\\/kt.gov.rs\\\/#\\\/schema\\\/person\\\/e426459ddb4173309103390602694571\"},\"headline\":\"MILAZIMI, FURR\u00cbTARI NGA BUJANOCI USHQEN F\u00cbMIJ\u00cbT N\u00cb VRAJ\u00cb\",\"datePublished\":\"2018-09-27T00:00:00+00:00\",\"dateModified\":\"2024-07-30T19:08:41+00:00\",\"mainEntityOfPage\":{\"@id\":\"https:\\\/\\\/kt.gov.rs\\\/sq\\\/milazimi-furretari-nga-bujanoci-ushqen-femijet-ne-vraje\\\/\"},\"wordCount\":566,\"publisher\":{\"@id\":\"https:\\\/\\\/kt.gov.rs\\\/#organization\"},\"image\":{\"@id\":\"https:\\\/\\\/kt.gov.rs\\\/sq\\\/milazimi-furretari-nga-bujanoci-ushqen-femijet-ne-vraje\\\/#primaryimage\"},\"thumbnailUrl\":\"https:\\\/\\\/kt.gov.rs\\\/wp-content\\\/uploads\\\/2024\\\/07\\\/1538042928_news_pic_27082018_2-3.jpg\",\"articleSection\":[\"Lajme\"],\"inLanguage\":\"sq-AL\"},{\"@type\":\"WebPage\",\"@id\":\"https:\\\/\\\/kt.gov.rs\\\/sq\\\/milazimi-furretari-nga-bujanoci-ushqen-femijet-ne-vraje\\\/\",\"url\":\"https:\\\/\\\/kt.gov.rs\\\/sq\\\/milazimi-furretari-nga-bujanoci-ushqen-femijet-ne-vraje\\\/\",\"name\":\"MILAZIMI, FURR\u00cbTARI NGA BUJANOCI USHQEN F\u00cbMIJ\u00cbT N\u00cb VRAJ\u00cb - Republika e S\u00ebrbis\u00eb Trupi Koordinues p\u00ebr komunat Bujanoc, Preshev\u00eb dhe Medvegj\u00eb\",\"isPartOf\":{\"@id\":\"https:\\\/\\\/kt.gov.rs\\\/#website\"},\"primaryImageOfPage\":{\"@id\":\"https:\\\/\\\/kt.gov.rs\\\/sq\\\/milazimi-furretari-nga-bujanoci-ushqen-femijet-ne-vraje\\\/#primaryimage\"},\"image\":{\"@id\":\"https:\\\/\\\/kt.gov.rs\\\/sq\\\/milazimi-furretari-nga-bujanoci-ushqen-femijet-ne-vraje\\\/#primaryimage\"},\"thumbnailUrl\":\"https:\\\/\\\/kt.gov.rs\\\/wp-content\\\/uploads\\\/2024\\\/07\\\/1538042928_news_pic_27082018_2-3.jpg\",\"datePublished\":\"2018-09-27T00:00:00+00:00\",\"dateModified\":\"2024-07-30T19:08:41+00:00\",\"breadcrumb\":{\"@id\":\"https:\\\/\\\/kt.gov.rs\\\/sq\\\/milazimi-furretari-nga-bujanoci-ushqen-femijet-ne-vraje\\\/#breadcrumb\"},\"inLanguage\":\"sq-AL\",\"potentialAction\":[{\"@type\":\"ReadAction\",\"target\":[\"https:\\\/\\\/kt.gov.rs\\\/sq\\\/milazimi-furretari-nga-bujanoci-ushqen-femijet-ne-vraje\\\/\"]}]},{\"@type\":\"ImageObject\",\"inLanguage\":\"sq-AL\",\"@id\":\"https:\\\/\\\/kt.gov.rs\\\/sq\\\/milazimi-furretari-nga-bujanoci-ushqen-femijet-ne-vraje\\\/#primaryimage\",\"url\":\"https:\\\/\\\/kt.gov.rs\\\/wp-content\\\/uploads\\\/2024\\\/07\\\/1538042928_news_pic_27082018_2-3.jpg\",\"contentUrl\":\"https:\\\/\\\/kt.gov.rs\\\/wp-content\\\/uploads\\\/2024\\\/07\\\/1538042928_news_pic_27082018_2-3.jpg\",\"width\":315,\"height\":230},{\"@type\":\"BreadcrumbList\",\"@id\":\"https:\\\/\\\/kt.gov.rs\\\/sq\\\/milazimi-furretari-nga-bujanoci-ushqen-femijet-ne-vraje\\\/#breadcrumb\",\"itemListElement\":[{\"@type\":\"ListItem\",\"position\":1,\"name\":\"\u041f\u043e\u0447\u0435\u0442\u043d\u0430\",\"item\":\"https:\\\/\\\/kt.gov.rs\\\/sq\\\/\"},{\"@type\":\"ListItem\",\"position\":2,\"name\":\"MILAZIMI, FURR\u00cbTARI NGA BUJANOCI USHQEN F\u00cbMIJ\u00cbT N\u00cb VRAJ\u00cb\"}]},{\"@type\":\"WebSite\",\"@id\":\"https:\\\/\\\/kt.gov.rs\\\/#website\",\"url\":\"https:\\\/\\\/kt.gov.rs\\\/\",\"name\":\"\u041a\u043e\u043e\u0440\u0434\u0438\u043d\u0430\u0446\u0438\u043e\u043d\u043e \u0442\u0435\u043b\u043e \u0412\u043b\u0430\u0434\u0435 \u0420\u0435\u043f\u0443\u0431\u043b\u0438\u043a\u0435 \u0421\u0440\u0431\u0438\u0458\u0435 \u0437\u0430 \u043e\u043f\u0448\u0442\u0438\u043d\u0435 \u041f\u0440\u0435\u0448\u0435\u0432\u043e, \u0411\u0443\u0458\u0430\u043d\u043e\u0432\u0430\u0446 \u0438 \u041c\u0435\u0434\u0432\u0435\u0452a\",\"description\":\"\",\"publisher\":{\"@id\":\"https:\\\/\\\/kt.gov.rs\\\/#organization\"},\"alternateName\":\"\u041a\u043e\u043e\u0440\u0434\u0438\u043d\u0430\u0446\u0438\u043e\u043d\u043e \u0442\u0435\u043b\u043e\",\"potentialAction\":[{\"@type\":\"SearchAction\",\"target\":{\"@type\":\"EntryPoint\",\"urlTemplate\":\"https:\\\/\\\/kt.gov.rs\\\/?s={search_term_string}\"},\"query-input\":{\"@type\":\"PropertyValueSpecification\",\"valueRequired\":true,\"valueName\":\"search_term_string\"}}],\"inLanguage\":\"sq-AL\"},{\"@type\":\"Organization\",\"@id\":\"https:\\\/\\\/kt.gov.rs\\\/#organization\",\"name\":\"\u041a\u043e\u043e\u0440\u0434\u0438\u043d\u0430\u0446\u0438\u043e\u043d\u043e \u0442\u0435\u043b\u043e \u0412\u043b\u0430\u0434\u0435 \u0420\u0435\u043f\u0443\u0431\u043b\u0438\u043a\u0435 \u0421\u0440\u0431\u0438\u0458\u0435 \u0437\u0430 \u043e\u043f\u0448\u0442\u0438\u043d\u0435 \u041f\u0440\u0435\u0448\u0435\u0432\u043e, \u0411\u0443\u0458\u0430\u043d\u043e\u0432\u0430\u0446 \u0438 \u041c\u0435\u0434\u0432\u0435\u0452a\",\"alternateName\":\"\u041a\u043e\u043e\u0440\u0434\u0438\u043d\u0430\u0446\u0438\u043e\u043d\u043e \u0442\u0435\u043b\u043e\",\"url\":\"https:\\\/\\\/kt.gov.rs\\\/\",\"logo\":{\"@type\":\"ImageObject\",\"inLanguage\":\"sq-AL\",\"@id\":\"https:\\\/\\\/kt.gov.rs\\\/#\\\/schema\\\/logo\\\/image\\\/\",\"url\":\"https:\\\/\\\/kt.gov.rs\\\/wp-content\\\/uploads\\\/2024\\\/12\\\/koord2.jpg\",\"contentUrl\":\"https:\\\/\\\/kt.gov.rs\\\/wp-content\\\/uploads\\\/2024\\\/12\\\/koord2.jpg\",\"width\":640,\"height\":480,\"caption\":\"\u041a\u043e\u043e\u0440\u0434\u0438\u043d\u0430\u0446\u0438\u043e\u043d\u043e \u0442\u0435\u043b\u043e \u0412\u043b\u0430\u0434\u0435 \u0420\u0435\u043f\u0443\u0431\u043b\u0438\u043a\u0435 \u0421\u0440\u0431\u0438\u0458\u0435 \u0437\u0430 \u043e\u043f\u0448\u0442\u0438\u043d\u0435 \u041f\u0440\u0435\u0448\u0435\u0432\u043e, \u0411\u0443\u0458\u0430\u043d\u043e\u0432\u0430\u0446 \u0438 \u041c\u0435\u0434\u0432\u0435\u0452a\"},\"image\":{\"@id\":\"https:\\\/\\\/kt.gov.rs\\\/#\\\/schema\\\/logo\\\/image\\\/\"},\"sameAs\":[\"https:\\\/\\\/www.facebook.com\\\/SluzbaKoordinacionogTelaVladeRepublikeSrbije\",\"https:\\\/\\\/x.com\\\/kt_gov\",\"https:\\\/\\\/www.youtube.com\\\/@koordinacionotelo\"]},{\"@type\":\"Person\",\"@id\":\"https:\\\/\\\/kt.gov.rs\\\/#\\\/schema\\\/person\\\/e426459ddb4173309103390602694571\",\"name\":\"ktmin\",\"image\":{\"@type\":\"ImageObject\",\"inLanguage\":\"sq-AL\",\"@id\":\"https:\\\/\\\/secure.gravatar.com\\\/avatar\\\/3985c961109853010c3fbc7ba30365bfba5db3dd6c525831d9c595c7525a615a?s=96&d=mm&r=g\",\"url\":\"https:\\\/\\\/secure.gravatar.com\\\/avatar\\\/3985c961109853010c3fbc7ba30365bfba5db3dd6c525831d9c595c7525a615a?s=96&d=mm&r=g\",\"contentUrl\":\"https:\\\/\\\/secure.gravatar.com\\\/avatar\\\/3985c961109853010c3fbc7ba30365bfba5db3dd6c525831d9c595c7525a615a?s=96&d=mm&r=g\",\"caption\":\"ktmin\"},\"sameAs\":[\"https:\\\/\\\/kt.gov.rs\"],\"url\":\"https:\\\/\\\/kt.gov.rs\\\/sq\\\/author\\\/ktmin\\\/\"}]}<\/script>\n<!-- \/ Yoast SEO plugin. -->","yoast_head_json":{"title":"MILAZIMI, FURR\u00cbTARI NGA BUJANOCI USHQEN F\u00cbMIJ\u00cbT N\u00cb VRAJ\u00cb - Republika e S\u00ebrbis\u00eb Trupi Koordinues p\u00ebr komunat Bujanoc, Preshev\u00eb dhe Medvegj\u00eb","robots":{"index":"index","follow":"follow","max-snippet":"max-snippet:-1","max-image-preview":"max-image-preview:large","max-video-preview":"max-video-preview:-1"},"canonical":"https:\/\/kt.gov.rs\/sq\/milazimi-furretari-nga-bujanoci-ushqen-femijet-ne-vraje\/","og_locale":"sq_AL","og_type":"article","og_title":"MILAZIMI, FURR\u00cbTARI NGA BUJANOCI USHQEN F\u00cbMIJ\u00cbT N\u00cb VRAJ\u00cb - Republika e S\u00ebrbis\u00eb Trupi Koordinues p\u00ebr komunat Bujanoc, Preshev\u00eb dhe Medvegj\u00eb","og_description":"Bujanoc \u2013\u00a0Shqiptari nga Bujanoci, Milazim Gegulaj p\u00ebr kat\u00ebr vite \u00e7do dit\u00eb siguron shuajtje p\u00ebr dhjetra f\u00ebmij\u00eb t\u00eb s\u00ebmuar nga Vraja.","og_url":"https:\/\/kt.gov.rs\/sq\/milazimi-furretari-nga-bujanoci-ushqen-femijet-ne-vraje\/","og_site_name":"Republika e S\u00ebrbis\u00eb Trupi Koordinues p\u00ebr komunat Bujanoc, Preshev\u00eb dhe Medvegj\u00eb","article_publisher":"https:\/\/www.facebook.com\/SluzbaKoordinacionogTelaVladeRepublikeSrbije","article_published_time":"2018-09-27T00:00:00+00:00","article_modified_time":"2024-07-30T19:08:41+00:00","og_image":[{"width":315,"height":230,"url":"https:\/\/kt.gov.rs\/wp-content\/uploads\/2024\/07\/1538042928_news_pic_27082018_2-3.jpg","type":"image\/jpeg"}],"author":"ktmin","twitter_card":"summary_large_image","twitter_creator":"@kt_gov","twitter_site":"@kt_gov","twitter_misc":{"Written by":"ktmin","Est. reading time":"3 minutes"},"schema":{"@context":"https:\/\/schema.org","@graph":[{"@type":"Article","@id":"https:\/\/kt.gov.rs\/sq\/milazimi-furretari-nga-bujanoci-ushqen-femijet-ne-vraje\/#article","isPartOf":{"@id":"https:\/\/kt.gov.rs\/sq\/milazimi-furretari-nga-bujanoci-ushqen-femijet-ne-vraje\/"},"author":{"name":"ktmin","@id":"https:\/\/kt.gov.rs\/#\/schema\/person\/e426459ddb4173309103390602694571"},"headline":"MILAZIMI, FURR\u00cbTARI NGA BUJANOCI USHQEN F\u00cbMIJ\u00cbT N\u00cb VRAJ\u00cb","datePublished":"2018-09-27T00:00:00+00:00","dateModified":"2024-07-30T19:08:41+00:00","mainEntityOfPage":{"@id":"https:\/\/kt.gov.rs\/sq\/milazimi-furretari-nga-bujanoci-ushqen-femijet-ne-vraje\/"},"wordCount":566,"publisher":{"@id":"https:\/\/kt.gov.rs\/#organization"},"image":{"@id":"https:\/\/kt.gov.rs\/sq\/milazimi-furretari-nga-bujanoci-ushqen-femijet-ne-vraje\/#primaryimage"},"thumbnailUrl":"https:\/\/kt.gov.rs\/wp-content\/uploads\/2024\/07\/1538042928_news_pic_27082018_2-3.jpg","articleSection":["Lajme"],"inLanguage":"sq-AL"},{"@type":"WebPage","@id":"https:\/\/kt.gov.rs\/sq\/milazimi-furretari-nga-bujanoci-ushqen-femijet-ne-vraje\/","url":"https:\/\/kt.gov.rs\/sq\/milazimi-furretari-nga-bujanoci-ushqen-femijet-ne-vraje\/","name":"MILAZIMI, FURR\u00cbTARI NGA BUJANOCI USHQEN F\u00cbMIJ\u00cbT N\u00cb VRAJ\u00cb - Republika e S\u00ebrbis\u00eb Trupi Koordinues p\u00ebr komunat Bujanoc, Preshev\u00eb dhe Medvegj\u00eb","isPartOf":{"@id":"https:\/\/kt.gov.rs\/#website"},"primaryImageOfPage":{"@id":"https:\/\/kt.gov.rs\/sq\/milazimi-furretari-nga-bujanoci-ushqen-femijet-ne-vraje\/#primaryimage"},"image":{"@id":"https:\/\/kt.gov.rs\/sq\/milazimi-furretari-nga-bujanoci-ushqen-femijet-ne-vraje\/#primaryimage"},"thumbnailUrl":"https:\/\/kt.gov.rs\/wp-content\/uploads\/2024\/07\/1538042928_news_pic_27082018_2-3.jpg","datePublished":"2018-09-27T00:00:00+00:00","dateModified":"2024-07-30T19:08:41+00:00","breadcrumb":{"@id":"https:\/\/kt.gov.rs\/sq\/milazimi-furretari-nga-bujanoci-ushqen-femijet-ne-vraje\/#breadcrumb"},"inLanguage":"sq-AL","potentialAction":[{"@type":"ReadAction","target":["https:\/\/kt.gov.rs\/sq\/milazimi-furretari-nga-bujanoci-ushqen-femijet-ne-vraje\/"]}]},{"@type":"ImageObject","inLanguage":"sq-AL","@id":"https:\/\/kt.gov.rs\/sq\/milazimi-furretari-nga-bujanoci-ushqen-femijet-ne-vraje\/#primaryimage","url":"https:\/\/kt.gov.rs\/wp-content\/uploads\/2024\/07\/1538042928_news_pic_27082018_2-3.jpg","contentUrl":"https:\/\/kt.gov.rs\/wp-content\/uploads\/2024\/07\/1538042928_news_pic_27082018_2-3.jpg","width":315,"height":230},{"@type":"BreadcrumbList","@id":"https:\/\/kt.gov.rs\/sq\/milazimi-furretari-nga-bujanoci-ushqen-femijet-ne-vraje\/#breadcrumb","itemListElement":[{"@type":"ListItem","position":1,"name":"\u041f\u043e\u0447\u0435\u0442\u043d\u0430","item":"https:\/\/kt.gov.rs\/sq\/"},{"@type":"ListItem","position":2,"name":"MILAZIMI, FURR\u00cbTARI NGA BUJANOCI USHQEN F\u00cbMIJ\u00cbT N\u00cb VRAJ\u00cb"}]},{"@type":"WebSite","@id":"https:\/\/kt.gov.rs\/#website","url":"https:\/\/kt.gov.rs\/","name":"\u041a\u043e\u043e\u0440\u0434\u0438\u043d\u0430\u0446\u0438\u043e\u043d\u043e \u0442\u0435\u043b\u043e \u0412\u043b\u0430\u0434\u0435 \u0420\u0435\u043f\u0443\u0431\u043b\u0438\u043a\u0435 \u0421\u0440\u0431\u0438\u0458\u0435 \u0437\u0430 \u043e\u043f\u0448\u0442\u0438\u043d\u0435 \u041f\u0440\u0435\u0448\u0435\u0432\u043e, \u0411\u0443\u0458\u0430\u043d\u043e\u0432\u0430\u0446 \u0438 \u041c\u0435\u0434\u0432\u0435\u0452a","description":"","publisher":{"@id":"https:\/\/kt.gov.rs\/#organization"},"alternateName":"\u041a\u043e\u043e\u0440\u0434\u0438\u043d\u0430\u0446\u0438\u043e\u043d\u043e \u0442\u0435\u043b\u043e","potentialAction":[{"@type":"SearchAction","target":{"@type":"EntryPoint","urlTemplate":"https:\/\/kt.gov.rs\/?s={search_term_string}"},"query-input":{"@type":"PropertyValueSpecification","valueRequired":true,"valueName":"search_term_string"}}],"inLanguage":"sq-AL"},{"@type":"Organization","@id":"https:\/\/kt.gov.rs\/#organization","name":"\u041a\u043e\u043e\u0440\u0434\u0438\u043d\u0430\u0446\u0438\u043e\u043d\u043e \u0442\u0435\u043b\u043e \u0412\u043b\u0430\u0434\u0435 \u0420\u0435\u043f\u0443\u0431\u043b\u0438\u043a\u0435 \u0421\u0440\u0431\u0438\u0458\u0435 \u0437\u0430 \u043e\u043f\u0448\u0442\u0438\u043d\u0435 \u041f\u0440\u0435\u0448\u0435\u0432\u043e, \u0411\u0443\u0458\u0430\u043d\u043e\u0432\u0430\u0446 \u0438 \u041c\u0435\u0434\u0432\u0435\u0452a","alternateName":"\u041a\u043e\u043e\u0440\u0434\u0438\u043d\u0430\u0446\u0438\u043e\u043d\u043e \u0442\u0435\u043b\u043e","url":"https:\/\/kt.gov.rs\/","logo":{"@type":"ImageObject","inLanguage":"sq-AL","@id":"https:\/\/kt.gov.rs\/#\/schema\/logo\/image\/","url":"https:\/\/kt.gov.rs\/wp-content\/uploads\/2024\/12\/koord2.jpg","contentUrl":"https:\/\/kt.gov.rs\/wp-content\/uploads\/2024\/12\/koord2.jpg","width":640,"height":480,"caption":"\u041a\u043e\u043e\u0440\u0434\u0438\u043d\u0430\u0446\u0438\u043e\u043d\u043e \u0442\u0435\u043b\u043e \u0412\u043b\u0430\u0434\u0435 \u0420\u0435\u043f\u0443\u0431\u043b\u0438\u043a\u0435 \u0421\u0440\u0431\u0438\u0458\u0435 \u0437\u0430 \u043e\u043f\u0448\u0442\u0438\u043d\u0435 \u041f\u0440\u0435\u0448\u0435\u0432\u043e, \u0411\u0443\u0458\u0430\u043d\u043e\u0432\u0430\u0446 \u0438 \u041c\u0435\u0434\u0432\u0435\u0452a"},"image":{"@id":"https:\/\/kt.gov.rs\/#\/schema\/logo\/image\/"},"sameAs":["https:\/\/www.facebook.com\/SluzbaKoordinacionogTelaVladeRepublikeSrbije","https:\/\/x.com\/kt_gov","https:\/\/www.youtube.com\/@koordinacionotelo"]},{"@type":"Person","@id":"https:\/\/kt.gov.rs\/#\/schema\/person\/e426459ddb4173309103390602694571","name":"ktmin","image":{"@type":"ImageObject","inLanguage":"sq-AL","@id":"https:\/\/secure.gravatar.com\/avatar\/3985c961109853010c3fbc7ba30365bfba5db3dd6c525831d9c595c7525a615a?s=96&d=mm&r=g","url":"https:\/\/secure.gravatar.com\/avatar\/3985c961109853010c3fbc7ba30365bfba5db3dd6c525831d9c595c7525a615a?s=96&d=mm&r=g","contentUrl":"https:\/\/secure.gravatar.com\/avatar\/3985c961109853010c3fbc7ba30365bfba5db3dd6c525831d9c595c7525a615a?s=96&d=mm&r=g","caption":"ktmin"},"sameAs":["https:\/\/kt.gov.rs"],"url":"https:\/\/kt.gov.rs\/sq\/author\/ktmin\/"}]}},"_links":{"self":[{"href":"https:\/\/kt.gov.rs\/sq\/wp-json\/wp\/v2\/posts\/120195","targetHints":{"allow":["GET"]}}],"collection":[{"href":"https:\/\/kt.gov.rs\/sq\/wp-json\/wp\/v2\/posts"}],"about":[{"href":"https:\/\/kt.gov.rs\/sq\/wp-json\/wp\/v2\/types\/post"}],"author":[{"embeddable":true,"href":"https:\/\/kt.gov.rs\/sq\/wp-json\/wp\/v2\/users\/1"}],"replies":[{"embeddable":true,"href":"https:\/\/kt.gov.rs\/sq\/wp-json\/wp\/v2\/comments?post=120195"}],"version-history":[{"count":1,"href":"https:\/\/kt.gov.rs\/sq\/wp-json\/wp\/v2\/posts\/120195\/revisions"}],"predecessor-version":[{"id":120199,"href":"https:\/\/kt.gov.rs\/sq\/wp-json\/wp\/v2\/posts\/120195\/revisions\/120199"}],"wp:featuredmedia":[{"embeddable":true,"href":"https:\/\/kt.gov.rs\/sq\/wp-json\/wp\/v2\/media\/120200"}],"wp:attachment":[{"href":"https:\/\/kt.gov.rs\/sq\/wp-json\/wp\/v2\/media?parent=120195"}],"wp:term":[{"taxonomy":"category","embeddable":true,"href":"https:\/\/kt.gov.rs\/sq\/wp-json\/wp\/v2\/categories?post=120195"},{"taxonomy":"post_tag","embeddable":true,"href":"https:\/\/kt.gov.rs\/sq\/wp-json\/wp\/v2\/tags?post=120195"}],"curies":[{"name":"wp","href":"https:\/\/api.w.org\/{rel}","templated":true}]}}