{"id":120138,"date":"2018-09-28T00:00:00","date_gmt":"2018-09-28T00:00:00","guid":{"rendered":"http:\/\/kt.printandscreen.rs\/hasani-pvd-do-te-marre-pjese-ne-zgjedhjet-per-keshilla-nacional-te-shqiptareve\/"},"modified":"2024-07-30T19:08:34","modified_gmt":"2024-07-30T19:08:34","slug":"hasani-pvd-do-te-marre-pjese-ne-zgjedhjet-per-keshilla-nacional-te-shqiptareve","status":"publish","type":"post","link":"https:\/\/kt.gov.rs\/sq\/hasani-pvd-do-te-marre-pjese-ne-zgjedhjet-per-keshilla-nacional-te-shqiptareve\/","title":{"rendered":"HASANI: PVD DO T\u00cb MARR\u00cb PJES\u00cb N\u00cb ZGJEDHJET P\u00cbR K\u00cbSHILLA NACIONAL T\u00cb SHQIPTAR\u00cbVE"},"content":{"rendered":"<p>\n\t<strong><img decoding=\"async\" alt=\"\" src=\"https:\/\/kt.gov.rs\/wp-content\/uploads\/2024\/07\/1538122768_news_pic_28082018_1-2.jpg\" style=\"width: 315px; height: 230px; float: left;\" \/><\/strong><strong>Preshev\u00eb \u2013<\/strong> Partia p\u00ebr Veprim Demokratik (PVD), lider i t\u00eb cil\u00ebs \u00ebsht\u00eb Riza Halimi, ka sjellur vendim q\u00eb t\u00eb marr\u00eb pjes\u00eb n\u00eb zgjedhjet p\u00ebr k\u00ebshilla komb\u00ebtar, t\u00eb cilat mbahen m\u00eb 4 n\u00ebntor.<\/p>\n<p>\n\tHasani tha se k\u00ebt\u00eb vendim e ka sjellur, sepse disa parti tjera kan\u00eb marr\u00eb vendim q\u00eb t\u00eb marrin n\u00eb k\u00ebto zgjedhje.<\/p>\n<p>\n\tHasani i cili \u00ebsht\u00eb i mendimit se do t\u00eb ishte mir\u00eb q\u00eb t`i bojkotojm\u00eb k\u00ebto zgjedhje p\u00ebr KNSH-\u00ebn, \u00ebsht\u00eb deputet i vet\u00ebm n\u00eb Kuvendin e Serbis\u00eb. Ai tha se n\u00eb mesin e arsyeve m\u00eb t\u00eb r\u00ebnd\u00ebsishme p\u00ebr bojkot t\u00eb zgjedhjeve \u00ebsht\u00eb zvog\u00eblimi i numrit t\u00eb an\u00ebtar\u00ebve t\u00eb k\u00ebshillit nacional por edhe zvoglimi i buxhetit, p\u00ebrcakton se n\u00eb Serbi jetojn\u00eb vet\u00ebm 5.800 shqiptar\u00eb, sa jan\u00eb t\u00eb regjistruar n\u00eb regjistrimin e fundit.<\/p>\n<p>\n\t&quot;N\u00eb mandatin e dyt\u00eb t\u00eb K\u00ebshillit Komb\u00ebtar t\u00eb Shqiptar\u00ebve do t\u00eb ket\u00eb 15 an\u00ebtar\u00eb n\u00eb vend t\u00eb 29 sa ishin pas zgjedhjeve t\u00eb para, nj\u00eb num\u00ebr i an\u00ebtar\u00ebve \u00ebsht\u00eb i zvog\u00ebluar p\u00ebr shkak se shqiptar\u00ebt bojkotuan regjistrimin e popullsis\u00eb t\u00eb vitit 2011, kur n\u00eb t\u00eb gjith\u00eb Serbin\u00eb u regjistruan vet\u00ebm 5800 shqiptar\u00eb&quot;, tha Hasani.<\/p>\n<p>\n\tMegjithat\u00eb, PVD-ja do t\u00eb marr\u00eb pjes\u00eb n\u00eb zgjedhjet e KNSH-\u00ebs.<\/p>\n<p>\n\tDeri m\u00eb tani, vendimi p\u00ebr t\u00eb marr\u00eb pjes\u00eb n\u00eb zgjedhjet p\u00ebr K\u00ebshillin Komb\u00ebtar t\u00eb Shqiptar\u00ebve e ka marr\u00eb vet\u00ebm Alternativ\u00eb p\u00ebr Ndryshim, lideri i t\u00eb cil\u00ebs \u00ebsht\u00eb Shqiprim Arifi dhe kryetari i komun\u00ebs s\u00eb Preshev\u00ebs, nd\u00ebrsa bojkotin p\u00ebr zgjedhet p\u00ebr K\u00ebshill Komb\u00ebtar t\u00eb Shqiptar\u00ebve deri tani e ka shpallur Partin\u00eb Demokratike e Shqiptar\u00ebve (PDSH), lideri i s\u00eb cil\u00ebs \u00ebsht\u00eb Ragmi Mustafa.<\/p>\n<p>\n\t<strong>Burimi: Beta dhe Trupi Koordinues <\/strong><\/p>\n<p>\n\t\u00a0<\/p>\n","protected":false},"excerpt":{"rendered":"<p>Preshev\u00eb \u2013\u00a0Partia p\u00ebr Veprim Demokratik (PVD), lider i t\u00eb cil\u00ebs \u00ebsht\u00eb Riza Halimi, ka sjellur vendim q\u00eb t\u00eb marr\u00eb pjes\u00eb n\u00eb zgjedhjet p\u00ebr k\u00ebshilla komb\u00ebtar, t\u00eb cilat mbahen m\u00eb 4 n\u00ebntor.<\/p>\n","protected":false},"author":1,"featured_media":120143,"comment_status":"closed","ping_status":"closed","sticky":false,"template":"","format":"standard","meta":{"footnotes":""},"categories":[55],"tags":[],"class_list":["post-120138","post","type-post","status-publish","format-standard","has-post-thumbnail","hentry","category-lajme"],"yoast_head":"<!-- This site is optimized with the Yoast SEO plugin v27.5 - https:\/\/yoast.com\/product\/yoast-seo-wordpress\/ -->\n<title>HASANI: PVD DO T\u00cb MARR\u00cb PJES\u00cb N\u00cb ZGJEDHJET P\u00cbR K\u00cbSHILLA NACIONAL T\u00cb SHQIPTAR\u00cbVE - Republika e S\u00ebrbis\u00eb Trupi Koordinues p\u00ebr komunat Bujanoc, Preshev\u00eb dhe Medvegj\u00eb<\/title>\n<meta name=\"robots\" content=\"index, follow, max-snippet:-1, max-image-preview:large, max-video-preview:-1\" \/>\n<link rel=\"canonical\" href=\"https:\/\/kt.gov.rs\/sq\/hasani-pvd-do-te-marre-pjese-ne-zgjedhjet-per-keshilla-nacional-te-shqiptareve\/\" \/>\n<meta property=\"og:locale\" content=\"sq_AL\" \/>\n<meta property=\"og:type\" content=\"article\" \/>\n<meta property=\"og:title\" content=\"HASANI: PVD DO T\u00cb MARR\u00cb PJES\u00cb N\u00cb ZGJEDHJET P\u00cbR K\u00cbSHILLA NACIONAL T\u00cb SHQIPTAR\u00cbVE - Republika e S\u00ebrbis\u00eb Trupi Koordinues p\u00ebr komunat Bujanoc, Preshev\u00eb dhe Medvegj\u00eb\" \/>\n<meta property=\"og:description\" content=\"Preshev\u00eb \u2013\u00a0Partia p\u00ebr Veprim Demokratik (PVD), lider i t\u00eb cil\u00ebs \u00ebsht\u00eb Riza Halimi, ka sjellur vendim q\u00eb t\u00eb marr\u00eb pjes\u00eb n\u00eb zgjedhjet p\u00ebr k\u00ebshilla komb\u00ebtar, t\u00eb cilat mbahen m\u00eb 4 n\u00ebntor.\" \/>\n<meta property=\"og:url\" content=\"https:\/\/kt.gov.rs\/sq\/hasani-pvd-do-te-marre-pjese-ne-zgjedhjet-per-keshilla-nacional-te-shqiptareve\/\" \/>\n<meta property=\"og:site_name\" content=\"Republika e S\u00ebrbis\u00eb Trupi Koordinues p\u00ebr komunat Bujanoc, Preshev\u00eb dhe Medvegj\u00eb\" \/>\n<meta property=\"article:publisher\" content=\"https:\/\/www.facebook.com\/SluzbaKoordinacionogTelaVladeRepublikeSrbije\" \/>\n<meta property=\"article:published_time\" content=\"2018-09-28T00:00:00+00:00\" \/>\n<meta property=\"article:modified_time\" content=\"2024-07-30T19:08:34+00:00\" \/>\n<meta property=\"og:image\" content=\"https:\/\/kt.gov.rs\/wp-content\/uploads\/2024\/07\/1538122768_news_pic_28082018_1-3.jpg\" \/>\n\t<meta property=\"og:image:width\" content=\"315\" \/>\n\t<meta property=\"og:image:height\" content=\"230\" \/>\n\t<meta property=\"og:image:type\" content=\"image\/jpeg\" \/>\n<meta name=\"author\" content=\"ktmin\" \/>\n<meta name=\"twitter:card\" content=\"summary_large_image\" \/>\n<meta name=\"twitter:creator\" content=\"@kt_gov\" \/>\n<meta name=\"twitter:site\" content=\"@kt_gov\" \/>\n<meta name=\"twitter:label1\" content=\"Written by\" \/>\n\t<meta name=\"twitter:data1\" content=\"ktmin\" \/>\n\t<meta name=\"twitter:label2\" content=\"Est. reading time\" \/>\n\t<meta name=\"twitter:data2\" content=\"2 minutes\" \/>\n<script type=\"application\/ld+json\" class=\"yoast-schema-graph\">{\"@context\":\"https:\\\/\\\/schema.org\",\"@graph\":[{\"@type\":\"Article\",\"@id\":\"https:\\\/\\\/kt.gov.rs\\\/sq\\\/hasani-pvd-do-te-marre-pjese-ne-zgjedhjet-per-keshilla-nacional-te-shqiptareve\\\/#article\",\"isPartOf\":{\"@id\":\"https:\\\/\\\/kt.gov.rs\\\/sq\\\/hasani-pvd-do-te-marre-pjese-ne-zgjedhjet-per-keshilla-nacional-te-shqiptareve\\\/\"},\"author\":{\"name\":\"ktmin\",\"@id\":\"https:\\\/\\\/kt.gov.rs\\\/#\\\/schema\\\/person\\\/e426459ddb4173309103390602694571\"},\"headline\":\"HASANI: PVD DO T\u00cb MARR\u00cb PJES\u00cb N\u00cb ZGJEDHJET P\u00cbR K\u00cbSHILLA NACIONAL T\u00cb SHQIPTAR\u00cbVE\",\"datePublished\":\"2018-09-28T00:00:00+00:00\",\"dateModified\":\"2024-07-30T19:08:34+00:00\",\"mainEntityOfPage\":{\"@id\":\"https:\\\/\\\/kt.gov.rs\\\/sq\\\/hasani-pvd-do-te-marre-pjese-ne-zgjedhjet-per-keshilla-nacional-te-shqiptareve\\\/\"},\"wordCount\":452,\"publisher\":{\"@id\":\"https:\\\/\\\/kt.gov.rs\\\/#organization\"},\"image\":{\"@id\":\"https:\\\/\\\/kt.gov.rs\\\/sq\\\/hasani-pvd-do-te-marre-pjese-ne-zgjedhjet-per-keshilla-nacional-te-shqiptareve\\\/#primaryimage\"},\"thumbnailUrl\":\"https:\\\/\\\/kt.gov.rs\\\/wp-content\\\/uploads\\\/2024\\\/07\\\/1538122768_news_pic_28082018_1-3.jpg\",\"articleSection\":[\"Lajme\"],\"inLanguage\":\"sq-AL\"},{\"@type\":\"WebPage\",\"@id\":\"https:\\\/\\\/kt.gov.rs\\\/sq\\\/hasani-pvd-do-te-marre-pjese-ne-zgjedhjet-per-keshilla-nacional-te-shqiptareve\\\/\",\"url\":\"https:\\\/\\\/kt.gov.rs\\\/sq\\\/hasani-pvd-do-te-marre-pjese-ne-zgjedhjet-per-keshilla-nacional-te-shqiptareve\\\/\",\"name\":\"HASANI: PVD DO T\u00cb MARR\u00cb PJES\u00cb N\u00cb ZGJEDHJET P\u00cbR K\u00cbSHILLA NACIONAL T\u00cb SHQIPTAR\u00cbVE - Republika e S\u00ebrbis\u00eb Trupi Koordinues p\u00ebr komunat Bujanoc, Preshev\u00eb dhe Medvegj\u00eb\",\"isPartOf\":{\"@id\":\"https:\\\/\\\/kt.gov.rs\\\/#website\"},\"primaryImageOfPage\":{\"@id\":\"https:\\\/\\\/kt.gov.rs\\\/sq\\\/hasani-pvd-do-te-marre-pjese-ne-zgjedhjet-per-keshilla-nacional-te-shqiptareve\\\/#primaryimage\"},\"image\":{\"@id\":\"https:\\\/\\\/kt.gov.rs\\\/sq\\\/hasani-pvd-do-te-marre-pjese-ne-zgjedhjet-per-keshilla-nacional-te-shqiptareve\\\/#primaryimage\"},\"thumbnailUrl\":\"https:\\\/\\\/kt.gov.rs\\\/wp-content\\\/uploads\\\/2024\\\/07\\\/1538122768_news_pic_28082018_1-3.jpg\",\"datePublished\":\"2018-09-28T00:00:00+00:00\",\"dateModified\":\"2024-07-30T19:08:34+00:00\",\"breadcrumb\":{\"@id\":\"https:\\\/\\\/kt.gov.rs\\\/sq\\\/hasani-pvd-do-te-marre-pjese-ne-zgjedhjet-per-keshilla-nacional-te-shqiptareve\\\/#breadcrumb\"},\"inLanguage\":\"sq-AL\",\"potentialAction\":[{\"@type\":\"ReadAction\",\"target\":[\"https:\\\/\\\/kt.gov.rs\\\/sq\\\/hasani-pvd-do-te-marre-pjese-ne-zgjedhjet-per-keshilla-nacional-te-shqiptareve\\\/\"]}]},{\"@type\":\"ImageObject\",\"inLanguage\":\"sq-AL\",\"@id\":\"https:\\\/\\\/kt.gov.rs\\\/sq\\\/hasani-pvd-do-te-marre-pjese-ne-zgjedhjet-per-keshilla-nacional-te-shqiptareve\\\/#primaryimage\",\"url\":\"https:\\\/\\\/kt.gov.rs\\\/wp-content\\\/uploads\\\/2024\\\/07\\\/1538122768_news_pic_28082018_1-3.jpg\",\"contentUrl\":\"https:\\\/\\\/kt.gov.rs\\\/wp-content\\\/uploads\\\/2024\\\/07\\\/1538122768_news_pic_28082018_1-3.jpg\",\"width\":315,\"height\":230},{\"@type\":\"BreadcrumbList\",\"@id\":\"https:\\\/\\\/kt.gov.rs\\\/sq\\\/hasani-pvd-do-te-marre-pjese-ne-zgjedhjet-per-keshilla-nacional-te-shqiptareve\\\/#breadcrumb\",\"itemListElement\":[{\"@type\":\"ListItem\",\"position\":1,\"name\":\"Po\u010detna\",\"item\":\"https:\\\/\\\/kt.gov.rs\\\/sq\\\/\"},{\"@type\":\"ListItem\",\"position\":2,\"name\":\"HASANI: PVD DO T\u00cb MARR\u00cb PJES\u00cb N\u00cb ZGJEDHJET P\u00cbR K\u00cbSHILLA NACIONAL T\u00cb SHQIPTAR\u00cbVE\"}]},{\"@type\":\"WebSite\",\"@id\":\"https:\\\/\\\/kt.gov.rs\\\/#website\",\"url\":\"https:\\\/\\\/kt.gov.rs\\\/\",\"name\":\"Koordinaciono telo Vlade Republike Srbije za op\u0161tine Pre\u0161evo, Bujanovac i Medve\u0111a\",\"description\":\"\",\"publisher\":{\"@id\":\"https:\\\/\\\/kt.gov.rs\\\/#organization\"},\"alternateName\":\"Koordinaciono telo\",\"potentialAction\":[{\"@type\":\"SearchAction\",\"target\":{\"@type\":\"EntryPoint\",\"urlTemplate\":\"https:\\\/\\\/kt.gov.rs\\\/?s={search_term_string}\"},\"query-input\":{\"@type\":\"PropertyValueSpecification\",\"valueRequired\":true,\"valueName\":\"search_term_string\"}}],\"inLanguage\":\"sq-AL\"},{\"@type\":\"Organization\",\"@id\":\"https:\\\/\\\/kt.gov.rs\\\/#organization\",\"name\":\"Koordinaciono telo Vlade Republike Srbije za op\u0161tine Pre\u0161evo, Bujanovac i Medve\u0111a\",\"alternateName\":\"Koordinaciono telo\",\"url\":\"https:\\\/\\\/kt.gov.rs\\\/\",\"logo\":{\"@type\":\"ImageObject\",\"inLanguage\":\"sq-AL\",\"@id\":\"https:\\\/\\\/kt.gov.rs\\\/#\\\/schema\\\/logo\\\/image\\\/\",\"url\":\"https:\\\/\\\/kt.gov.rs\\\/wp-content\\\/uploads\\\/2024\\\/12\\\/koord2.jpg\",\"contentUrl\":\"https:\\\/\\\/kt.gov.rs\\\/wp-content\\\/uploads\\\/2024\\\/12\\\/koord2.jpg\",\"width\":640,\"height\":480,\"caption\":\"Koordinaciono telo Vlade Republike Srbije za op\u0161tine Pre\u0161evo, Bujanovac i Medve\u0111a\"},\"image\":{\"@id\":\"https:\\\/\\\/kt.gov.rs\\\/#\\\/schema\\\/logo\\\/image\\\/\"},\"sameAs\":[\"https:\\\/\\\/www.facebook.com\\\/SluzbaKoordinacionogTelaVladeRepublikeSrbije\",\"https:\\\/\\\/x.com\\\/kt_gov\",\"https:\\\/\\\/www.youtube.com\\\/@koordinacionotelo\"]},{\"@type\":\"Person\",\"@id\":\"https:\\\/\\\/kt.gov.rs\\\/#\\\/schema\\\/person\\\/e426459ddb4173309103390602694571\",\"name\":\"ktmin\",\"image\":{\"@type\":\"ImageObject\",\"inLanguage\":\"sq-AL\",\"@id\":\"https:\\\/\\\/secure.gravatar.com\\\/avatar\\\/3985c961109853010c3fbc7ba30365bfba5db3dd6c525831d9c595c7525a615a?s=96&d=mm&r=g\",\"url\":\"https:\\\/\\\/secure.gravatar.com\\\/avatar\\\/3985c961109853010c3fbc7ba30365bfba5db3dd6c525831d9c595c7525a615a?s=96&d=mm&r=g\",\"contentUrl\":\"https:\\\/\\\/secure.gravatar.com\\\/avatar\\\/3985c961109853010c3fbc7ba30365bfba5db3dd6c525831d9c595c7525a615a?s=96&d=mm&r=g\",\"caption\":\"ktmin\"},\"sameAs\":[\"https:\\\/\\\/kt.gov.rs\"],\"url\":\"https:\\\/\\\/kt.gov.rs\\\/sq\\\/author\\\/ktmin\\\/\"}]}<\/script>\n<!-- \/ Yoast SEO plugin. -->","yoast_head_json":{"title":"HASANI: PVD DO T\u00cb MARR\u00cb PJES\u00cb N\u00cb ZGJEDHJET P\u00cbR K\u00cbSHILLA NACIONAL T\u00cb SHQIPTAR\u00cbVE - Republika e S\u00ebrbis\u00eb Trupi Koordinues p\u00ebr komunat Bujanoc, Preshev\u00eb dhe Medvegj\u00eb","robots":{"index":"index","follow":"follow","max-snippet":"max-snippet:-1","max-image-preview":"max-image-preview:large","max-video-preview":"max-video-preview:-1"},"canonical":"https:\/\/kt.gov.rs\/sq\/hasani-pvd-do-te-marre-pjese-ne-zgjedhjet-per-keshilla-nacional-te-shqiptareve\/","og_locale":"sq_AL","og_type":"article","og_title":"HASANI: PVD DO T\u00cb MARR\u00cb PJES\u00cb N\u00cb ZGJEDHJET P\u00cbR K\u00cbSHILLA NACIONAL T\u00cb SHQIPTAR\u00cbVE - Republika e S\u00ebrbis\u00eb Trupi Koordinues p\u00ebr komunat Bujanoc, Preshev\u00eb dhe Medvegj\u00eb","og_description":"Preshev\u00eb \u2013\u00a0Partia p\u00ebr Veprim Demokratik (PVD), lider i t\u00eb cil\u00ebs \u00ebsht\u00eb Riza Halimi, ka sjellur vendim q\u00eb t\u00eb marr\u00eb pjes\u00eb n\u00eb zgjedhjet p\u00ebr k\u00ebshilla komb\u00ebtar, t\u00eb cilat mbahen m\u00eb 4 n\u00ebntor.","og_url":"https:\/\/kt.gov.rs\/sq\/hasani-pvd-do-te-marre-pjese-ne-zgjedhjet-per-keshilla-nacional-te-shqiptareve\/","og_site_name":"Republika e S\u00ebrbis\u00eb Trupi Koordinues p\u00ebr komunat Bujanoc, Preshev\u00eb dhe Medvegj\u00eb","article_publisher":"https:\/\/www.facebook.com\/SluzbaKoordinacionogTelaVladeRepublikeSrbije","article_published_time":"2018-09-28T00:00:00+00:00","article_modified_time":"2024-07-30T19:08:34+00:00","og_image":[{"width":315,"height":230,"url":"https:\/\/kt.gov.rs\/wp-content\/uploads\/2024\/07\/1538122768_news_pic_28082018_1-3.jpg","type":"image\/jpeg"}],"author":"ktmin","twitter_card":"summary_large_image","twitter_creator":"@kt_gov","twitter_site":"@kt_gov","twitter_misc":{"Written by":"ktmin","Est. reading time":"2 minutes"},"schema":{"@context":"https:\/\/schema.org","@graph":[{"@type":"Article","@id":"https:\/\/kt.gov.rs\/sq\/hasani-pvd-do-te-marre-pjese-ne-zgjedhjet-per-keshilla-nacional-te-shqiptareve\/#article","isPartOf":{"@id":"https:\/\/kt.gov.rs\/sq\/hasani-pvd-do-te-marre-pjese-ne-zgjedhjet-per-keshilla-nacional-te-shqiptareve\/"},"author":{"name":"ktmin","@id":"https:\/\/kt.gov.rs\/#\/schema\/person\/e426459ddb4173309103390602694571"},"headline":"HASANI: PVD DO T\u00cb MARR\u00cb PJES\u00cb N\u00cb ZGJEDHJET P\u00cbR K\u00cbSHILLA NACIONAL T\u00cb SHQIPTAR\u00cbVE","datePublished":"2018-09-28T00:00:00+00:00","dateModified":"2024-07-30T19:08:34+00:00","mainEntityOfPage":{"@id":"https:\/\/kt.gov.rs\/sq\/hasani-pvd-do-te-marre-pjese-ne-zgjedhjet-per-keshilla-nacional-te-shqiptareve\/"},"wordCount":452,"publisher":{"@id":"https:\/\/kt.gov.rs\/#organization"},"image":{"@id":"https:\/\/kt.gov.rs\/sq\/hasani-pvd-do-te-marre-pjese-ne-zgjedhjet-per-keshilla-nacional-te-shqiptareve\/#primaryimage"},"thumbnailUrl":"https:\/\/kt.gov.rs\/wp-content\/uploads\/2024\/07\/1538122768_news_pic_28082018_1-3.jpg","articleSection":["Lajme"],"inLanguage":"sq-AL"},{"@type":"WebPage","@id":"https:\/\/kt.gov.rs\/sq\/hasani-pvd-do-te-marre-pjese-ne-zgjedhjet-per-keshilla-nacional-te-shqiptareve\/","url":"https:\/\/kt.gov.rs\/sq\/hasani-pvd-do-te-marre-pjese-ne-zgjedhjet-per-keshilla-nacional-te-shqiptareve\/","name":"HASANI: PVD DO T\u00cb MARR\u00cb PJES\u00cb N\u00cb ZGJEDHJET P\u00cbR K\u00cbSHILLA NACIONAL T\u00cb SHQIPTAR\u00cbVE - Republika e S\u00ebrbis\u00eb Trupi Koordinues p\u00ebr komunat Bujanoc, Preshev\u00eb dhe Medvegj\u00eb","isPartOf":{"@id":"https:\/\/kt.gov.rs\/#website"},"primaryImageOfPage":{"@id":"https:\/\/kt.gov.rs\/sq\/hasani-pvd-do-te-marre-pjese-ne-zgjedhjet-per-keshilla-nacional-te-shqiptareve\/#primaryimage"},"image":{"@id":"https:\/\/kt.gov.rs\/sq\/hasani-pvd-do-te-marre-pjese-ne-zgjedhjet-per-keshilla-nacional-te-shqiptareve\/#primaryimage"},"thumbnailUrl":"https:\/\/kt.gov.rs\/wp-content\/uploads\/2024\/07\/1538122768_news_pic_28082018_1-3.jpg","datePublished":"2018-09-28T00:00:00+00:00","dateModified":"2024-07-30T19:08:34+00:00","breadcrumb":{"@id":"https:\/\/kt.gov.rs\/sq\/hasani-pvd-do-te-marre-pjese-ne-zgjedhjet-per-keshilla-nacional-te-shqiptareve\/#breadcrumb"},"inLanguage":"sq-AL","potentialAction":[{"@type":"ReadAction","target":["https:\/\/kt.gov.rs\/sq\/hasani-pvd-do-te-marre-pjese-ne-zgjedhjet-per-keshilla-nacional-te-shqiptareve\/"]}]},{"@type":"ImageObject","inLanguage":"sq-AL","@id":"https:\/\/kt.gov.rs\/sq\/hasani-pvd-do-te-marre-pjese-ne-zgjedhjet-per-keshilla-nacional-te-shqiptareve\/#primaryimage","url":"https:\/\/kt.gov.rs\/wp-content\/uploads\/2024\/07\/1538122768_news_pic_28082018_1-3.jpg","contentUrl":"https:\/\/kt.gov.rs\/wp-content\/uploads\/2024\/07\/1538122768_news_pic_28082018_1-3.jpg","width":315,"height":230},{"@type":"BreadcrumbList","@id":"https:\/\/kt.gov.rs\/sq\/hasani-pvd-do-te-marre-pjese-ne-zgjedhjet-per-keshilla-nacional-te-shqiptareve\/#breadcrumb","itemListElement":[{"@type":"ListItem","position":1,"name":"Po\u010detna","item":"https:\/\/kt.gov.rs\/sq\/"},{"@type":"ListItem","position":2,"name":"HASANI: PVD DO T\u00cb MARR\u00cb PJES\u00cb N\u00cb ZGJEDHJET P\u00cbR K\u00cbSHILLA NACIONAL T\u00cb SHQIPTAR\u00cbVE"}]},{"@type":"WebSite","@id":"https:\/\/kt.gov.rs\/#website","url":"https:\/\/kt.gov.rs\/","name":"Koordinaciono telo Vlade Republike Srbije za op\u0161tine Pre\u0161evo, Bujanovac i Medve\u0111a","description":"","publisher":{"@id":"https:\/\/kt.gov.rs\/#organization"},"alternateName":"Koordinaciono telo","potentialAction":[{"@type":"SearchAction","target":{"@type":"EntryPoint","urlTemplate":"https:\/\/kt.gov.rs\/?s={search_term_string}"},"query-input":{"@type":"PropertyValueSpecification","valueRequired":true,"valueName":"search_term_string"}}],"inLanguage":"sq-AL"},{"@type":"Organization","@id":"https:\/\/kt.gov.rs\/#organization","name":"Koordinaciono telo Vlade Republike Srbije za op\u0161tine Pre\u0161evo, Bujanovac i Medve\u0111a","alternateName":"Koordinaciono telo","url":"https:\/\/kt.gov.rs\/","logo":{"@type":"ImageObject","inLanguage":"sq-AL","@id":"https:\/\/kt.gov.rs\/#\/schema\/logo\/image\/","url":"https:\/\/kt.gov.rs\/wp-content\/uploads\/2024\/12\/koord2.jpg","contentUrl":"https:\/\/kt.gov.rs\/wp-content\/uploads\/2024\/12\/koord2.jpg","width":640,"height":480,"caption":"Koordinaciono telo Vlade Republike Srbije za op\u0161tine Pre\u0161evo, Bujanovac i Medve\u0111a"},"image":{"@id":"https:\/\/kt.gov.rs\/#\/schema\/logo\/image\/"},"sameAs":["https:\/\/www.facebook.com\/SluzbaKoordinacionogTelaVladeRepublikeSrbije","https:\/\/x.com\/kt_gov","https:\/\/www.youtube.com\/@koordinacionotelo"]},{"@type":"Person","@id":"https:\/\/kt.gov.rs\/#\/schema\/person\/e426459ddb4173309103390602694571","name":"ktmin","image":{"@type":"ImageObject","inLanguage":"sq-AL","@id":"https:\/\/secure.gravatar.com\/avatar\/3985c961109853010c3fbc7ba30365bfba5db3dd6c525831d9c595c7525a615a?s=96&d=mm&r=g","url":"https:\/\/secure.gravatar.com\/avatar\/3985c961109853010c3fbc7ba30365bfba5db3dd6c525831d9c595c7525a615a?s=96&d=mm&r=g","contentUrl":"https:\/\/secure.gravatar.com\/avatar\/3985c961109853010c3fbc7ba30365bfba5db3dd6c525831d9c595c7525a615a?s=96&d=mm&r=g","caption":"ktmin"},"sameAs":["https:\/\/kt.gov.rs"],"url":"https:\/\/kt.gov.rs\/sq\/author\/ktmin\/"}]}},"_links":{"self":[{"href":"https:\/\/kt.gov.rs\/sq\/wp-json\/wp\/v2\/posts\/120138","targetHints":{"allow":["GET"]}}],"collection":[{"href":"https:\/\/kt.gov.rs\/sq\/wp-json\/wp\/v2\/posts"}],"about":[{"href":"https:\/\/kt.gov.rs\/sq\/wp-json\/wp\/v2\/types\/post"}],"author":[{"embeddable":true,"href":"https:\/\/kt.gov.rs\/sq\/wp-json\/wp\/v2\/users\/1"}],"replies":[{"embeddable":true,"href":"https:\/\/kt.gov.rs\/sq\/wp-json\/wp\/v2\/comments?post=120138"}],"version-history":[{"count":1,"href":"https:\/\/kt.gov.rs\/sq\/wp-json\/wp\/v2\/posts\/120138\/revisions"}],"predecessor-version":[{"id":120142,"href":"https:\/\/kt.gov.rs\/sq\/wp-json\/wp\/v2\/posts\/120138\/revisions\/120142"}],"wp:featuredmedia":[{"embeddable":true,"href":"https:\/\/kt.gov.rs\/sq\/wp-json\/wp\/v2\/media\/120143"}],"wp:attachment":[{"href":"https:\/\/kt.gov.rs\/sq\/wp-json\/wp\/v2\/media?parent=120138"}],"wp:term":[{"taxonomy":"category","embeddable":true,"href":"https:\/\/kt.gov.rs\/sq\/wp-json\/wp\/v2\/categories?post=120138"},{"taxonomy":"post_tag","embeddable":true,"href":"https:\/\/kt.gov.rs\/sq\/wp-json\/wp\/v2\/tags?post=120138"}],"curies":[{"name":"wp","href":"https:\/\/api.w.org\/{rel}","templated":true}]}}