{"id":120114,"date":"2018-10-03T00:00:00","date_gmt":"2018-10-03T00:00:00","guid":{"rendered":"http:\/\/kt.printandscreen.rs\/shfaqja-e-gezimit-per-femijet-ne-medvegje\/"},"modified":"2024-07-30T19:08:31","modified_gmt":"2024-07-30T19:08:31","slug":"shfaqja-e-gezimit-per-femijet-ne-medvegje","status":"publish","type":"post","link":"https:\/\/kt.gov.rs\/sq\/shfaqja-e-gezimit-per-femijet-ne-medvegje\/","title":{"rendered":"\u201cSHFAQJA E G\u00cbZIMIT\u201d P\u00cbR F\u00cbMIJ\u00cbT N\u00cb MEDVEGJ\u00cb"},"content":{"rendered":"<p>\n\t<strong><img decoding=\"async\" alt=\"\" src=\"https:\/\/kt.gov.rs\/wp-content\/uploads\/2024\/07\/1538557515_news_pic_03102018_1-4.jpg\" style=\"width: 315px; height: 230px; float: left;\" \/><\/strong><strong>Medvegj\u00eb \u2013<\/strong> Pun\u00ebtoria interaktive skenike n\u00eb Qendr\u00ebn Kulturore n\u00eb Medvegj\u00eb \u00ebsht\u00eb mbajtur n\u00eb kuad\u00ebr t\u00eb \u201cShfaqjes s\u00eb g\u00ebzimit\u201d, gjat\u00eb s\u00eb cil\u00ebs aktori Gile Brankoviq, n\u00eb programin nj\u00ebor\u00ebsh, d\u00ebmij\u00ebt e mosh\u00ebs parashkollore dhe klasave t\u00eb ulta t\u00eb shkoll\u00ebs fillore nga k\u00ebto mjedise iu jan\u00eb ofruar temat themelore n\u00eb teat\u00ebr, shfaqja publike dhe elementet themelore t\u00eb aktrimit. Shfaqja n\u00eb Medvegj\u00eb ka qen\u00eb finale, sepse Brankoviq dit\u00ebve t\u00eb kaluara ka vizituar shkoll\u00ebn fillore n\u00eb Tupall\u00eb, Tullar\u00eb, Bu\u00e7umet, Rujkovc\u00eb, Gazdar\u00eb dhe Lece, ku ka shfaqur program t\u00eb ngjajsh\u00ebm.<\/p>\n<p>\n\tRealizimi i projektit &quot;Shpresa e Re p\u00ebr Medvegj\u00eb&quot;, e mb\u00ebshtetur nga Ministria e Kultur\u00ebs dhe Informacionit, filloi me realizimin e k\u00ebtij projekti. Projekti p\u00ebrfshin bashk\u00ebpunimin e f\u00ebmij\u00ebve nga komunitet e ndryshme etnike dhe nga vendet t\u00eb ndryushme, fshatra apo qytete t\u00eb ndryshme, n\u00eb pun\u00ebtori interaktive p\u00ebrmes shfaqjeve.<\/p>\n<p>\n\t&quot;Para komun\u00ebs s\u00eb Medvegj\u00ebs, kemi pasur nj\u00eb koncept t\u00eb ngjash\u00ebm, dhe n\u00eb komun\u00ebn e Bojnukut, dhe pas k\u00ebsaj ne do t\u00eb shkojm\u00eb n\u00eb Sjenic\u00eb&quot;, tha Gile Brankoviq.<\/p>\n<p>\n\t&quot;K\u00ebto shfaqje jan\u00eb, aq sa un\u00eb mund ta shoh, por edhe d\u00ebgjoj\u00eb n\u00eb bised me m\u00ebsuesit dhe edukator\u00ebt, f\u00ebmij\u00ebve iu ishte interesant dhe arg\u00ebtuese. Shumica e tyre jan\u00eb hasur p\u00ebr her\u00eb t\u00eb par\u00eb n\u00eb m\u00ebnyr\u00eb t\u00eb drejtp\u00ebrdrejt\u00eb me teat\u00ebr, me aktrimin, dhe p\u00ebr t\u00eb marr\u00eb nj\u00eb shans p\u00ebr t\u00eb marr\u00eb pjes\u00eb n\u00eb sken\u00eb dhe t\u00eb shohin se si duket. Q\u00ebllimi yn\u00eb \u00ebsht\u00eb p\u00ebr t&#39;i dh\u00ebn\u00eb atyre, p\u00ebrve\u00e7 afrimit t\u00eb teatrit dhe aktrimit, duke shpjeguar se ai puna \u00ebsht\u00eb di\u00e7ka q\u00eb \u00ebsht\u00eb shum\u00eb e r\u00ebnd\u00ebsishme n\u00eb jet\u00eb, se duhet t\u00eb lexojn\u00eb, t\u00eb ushtrojn\u00eb \u2026 Kjo \u00ebsht\u00eb arsyeja pse ne jemi n\u00eb shfaqjen e fundit n\u00eb Medvegj\u00eb pasur dhe xhonglerin, Dejan Cvetkoviq Cveksa, sepse ai \u00ebsht\u00eb nj\u00eb shembull i mir\u00eb i asaj q\u00eb mund t\u00eb arrihet kur ju ushtroni me k\u00ebmbulje&quot;.<\/p>\n<p>\n\tMile Brankoviq dhe Strahinja Nikoliq gjithashtu u shfaq\u00ebn n\u00eb &quot;Shfaqen e g\u00ebzimit&quot; p\u00ebrve\u00e7 Brankoviq dhe Cvetkoviq.<\/p>\n<p>\n\tSi nj\u00eb performanc\u00eb ve\u00e7an\u00ebrisht interesante, Gile Brankoviq e ve\u00e7on at\u00eb n\u00eb shkoll\u00ebn n\u00eb Tupall\u00eb. \u00cbsht\u00eb nj\u00eb fshat ku jeton pakica komb\u00ebtare shqiptare, k\u00ebshtu q\u00eb u krijua problemi i komunikimit.<\/p>\n<p>\n\t&quot;F\u00ebmij\u00ebt e njohin gjuh\u00ebn serbe, dikush m\u00eb shum\u00eb dikush m\u00eb pak, madje e di m\u00eb pak shqipen, k\u00ebshtu q\u00eb u morr\u00ebm vesh disi. Kur jan\u00eb fjal\u00ebt e faleminderit jemi marr\u00eb vesh me duar, k\u00ebmb\u00ebt dhe mimika, dhe kur mungojshin ato at\u00ebher\u00eb nd\u00ebrhyshin m\u00ebsuesit duke p\u00ebrkthyer. K\u00ebshtu q\u00eb ua m\u00ebsova atyre aktrimin, ata mua gjuh\u00ebn dhe jemi shoq\u00ebruar n\u00eb m\u00ebnyr\u00eb t\u00eb shk\u00eblqyeshme.<\/p>\n<p>\n\t<strong>Burimi: Jugpres dhe Trupi Koordinues <\/strong><\/p>\n<p>\n\t\u00a0<\/p>\n","protected":false},"excerpt":{"rendered":"<p>Medvegj\u00eb \u2013\u00a0Pun\u00ebtoria interaktive skenike n\u00eb Qendr\u00ebn Kulturore n\u00eb Medvegj\u00eb \u00ebsht\u00eb mbajtur n\u00eb kuad\u00ebr t\u00eb \u201cShfaqjes s\u00eb g\u00ebzimit\u201d, gjat\u00eb s\u00eb cil\u00ebs aktori Gile Brankoviq, n\u00eb programin nj\u00ebor\u00ebsh, d\u00ebmij\u00ebt e mosh\u00ebs parashkollore dhe klasave t\u00eb ulta t\u00eb shkoll\u00ebs fillore nga k\u00ebto mjedise iu jan\u00eb ofruar temat themelore n\u00eb teat\u00ebr\u2026<\/p>\n","protected":false},"author":1,"featured_media":120119,"comment_status":"closed","ping_status":"closed","sticky":false,"template":"","format":"standard","meta":{"footnotes":""},"categories":[55],"tags":[],"class_list":["post-120114","post","type-post","status-publish","format-standard","has-post-thumbnail","hentry","category-lajme"],"yoast_head":"<!-- This site is optimized with the Yoast SEO plugin v27.5 - https:\/\/yoast.com\/product\/yoast-seo-wordpress\/ -->\n<title>\u201cSHFAQJA E G\u00cbZIMIT\u201d P\u00cbR F\u00cbMIJ\u00cbT N\u00cb MEDVEGJ\u00cb - Republika e S\u00ebrbis\u00eb Trupi Koordinues p\u00ebr komunat Bujanoc, Preshev\u00eb dhe Medvegj\u00eb<\/title>\n<meta name=\"robots\" content=\"index, follow, max-snippet:-1, max-image-preview:large, max-video-preview:-1\" \/>\n<link rel=\"canonical\" href=\"https:\/\/kt.gov.rs\/sq\/shfaqja-e-gezimit-per-femijet-ne-medvegje\/\" \/>\n<meta property=\"og:locale\" content=\"sq_AL\" \/>\n<meta property=\"og:type\" content=\"article\" \/>\n<meta property=\"og:title\" content=\"\u201cSHFAQJA E G\u00cbZIMIT\u201d P\u00cbR F\u00cbMIJ\u00cbT N\u00cb MEDVEGJ\u00cb - Republika e S\u00ebrbis\u00eb Trupi Koordinues p\u00ebr komunat Bujanoc, Preshev\u00eb dhe Medvegj\u00eb\" \/>\n<meta property=\"og:description\" content=\"Medvegj\u00eb \u2013\u00a0Pun\u00ebtoria interaktive skenike n\u00eb Qendr\u00ebn Kulturore n\u00eb Medvegj\u00eb \u00ebsht\u00eb mbajtur n\u00eb kuad\u00ebr t\u00eb \u201cShfaqjes s\u00eb g\u00ebzimit\u201d, gjat\u00eb s\u00eb cil\u00ebs aktori Gile Brankoviq, n\u00eb programin nj\u00ebor\u00ebsh, d\u00ebmij\u00ebt e mosh\u00ebs parashkollore dhe klasave t\u00eb ulta t\u00eb shkoll\u00ebs fillore nga k\u00ebto mjedise iu jan\u00eb ofruar temat themelore n\u00eb teat\u00ebr...\" \/>\n<meta property=\"og:url\" content=\"https:\/\/kt.gov.rs\/sq\/shfaqja-e-gezimit-per-femijet-ne-medvegje\/\" \/>\n<meta property=\"og:site_name\" content=\"Republika e S\u00ebrbis\u00eb Trupi Koordinues p\u00ebr komunat Bujanoc, Preshev\u00eb dhe Medvegj\u00eb\" \/>\n<meta property=\"article:publisher\" content=\"https:\/\/www.facebook.com\/SluzbaKoordinacionogTelaVladeRepublikeSrbije\" \/>\n<meta property=\"article:published_time\" content=\"2018-10-03T00:00:00+00:00\" \/>\n<meta property=\"article:modified_time\" content=\"2024-07-30T19:08:31+00:00\" \/>\n<meta property=\"og:image\" content=\"https:\/\/kt.gov.rs\/wp-content\/uploads\/2024\/07\/1538557515_news_pic_03102018_1-5.jpg\" \/>\n\t<meta property=\"og:image:width\" content=\"315\" \/>\n\t<meta property=\"og:image:height\" content=\"230\" \/>\n\t<meta property=\"og:image:type\" content=\"image\/jpeg\" \/>\n<meta name=\"author\" content=\"ktmin\" \/>\n<meta name=\"twitter:card\" content=\"summary_large_image\" \/>\n<meta name=\"twitter:creator\" content=\"@kt_gov\" \/>\n<meta name=\"twitter:site\" content=\"@kt_gov\" \/>\n<meta name=\"twitter:label1\" content=\"Written by\" \/>\n\t<meta name=\"twitter:data1\" content=\"ktmin\" \/>\n\t<meta name=\"twitter:label2\" content=\"Est. reading time\" \/>\n\t<meta name=\"twitter:data2\" content=\"3 minutes\" \/>\n<script type=\"application\/ld+json\" class=\"yoast-schema-graph\">{\"@context\":\"https:\\\/\\\/schema.org\",\"@graph\":[{\"@type\":\"Article\",\"@id\":\"https:\\\/\\\/kt.gov.rs\\\/sq\\\/shfaqja-e-gezimit-per-femijet-ne-medvegje\\\/#article\",\"isPartOf\":{\"@id\":\"https:\\\/\\\/kt.gov.rs\\\/sq\\\/shfaqja-e-gezimit-per-femijet-ne-medvegje\\\/\"},\"author\":{\"name\":\"ktmin\",\"@id\":\"https:\\\/\\\/kt.gov.rs\\\/#\\\/schema\\\/person\\\/e426459ddb4173309103390602694571\"},\"headline\":\"\u201cSHFAQJA E G\u00cbZIMIT\u201d P\u00cbR F\u00cbMIJ\u00cbT N\u00cb MEDVEGJ\u00cb\",\"datePublished\":\"2018-10-03T00:00:00+00:00\",\"dateModified\":\"2024-07-30T19:08:31+00:00\",\"mainEntityOfPage\":{\"@id\":\"https:\\\/\\\/kt.gov.rs\\\/sq\\\/shfaqja-e-gezimit-per-femijet-ne-medvegje\\\/\"},\"wordCount\":694,\"publisher\":{\"@id\":\"https:\\\/\\\/kt.gov.rs\\\/#organization\"},\"image\":{\"@id\":\"https:\\\/\\\/kt.gov.rs\\\/sq\\\/shfaqja-e-gezimit-per-femijet-ne-medvegje\\\/#primaryimage\"},\"thumbnailUrl\":\"https:\\\/\\\/kt.gov.rs\\\/wp-content\\\/uploads\\\/2024\\\/07\\\/1538557515_news_pic_03102018_1-5.jpg\",\"articleSection\":[\"Lajme\"],\"inLanguage\":\"sq-AL\"},{\"@type\":\"WebPage\",\"@id\":\"https:\\\/\\\/kt.gov.rs\\\/sq\\\/shfaqja-e-gezimit-per-femijet-ne-medvegje\\\/\",\"url\":\"https:\\\/\\\/kt.gov.rs\\\/sq\\\/shfaqja-e-gezimit-per-femijet-ne-medvegje\\\/\",\"name\":\"\u201cSHFAQJA E G\u00cbZIMIT\u201d P\u00cbR F\u00cbMIJ\u00cbT N\u00cb MEDVEGJ\u00cb - Republika e S\u00ebrbis\u00eb Trupi Koordinues p\u00ebr komunat Bujanoc, Preshev\u00eb dhe Medvegj\u00eb\",\"isPartOf\":{\"@id\":\"https:\\\/\\\/kt.gov.rs\\\/#website\"},\"primaryImageOfPage\":{\"@id\":\"https:\\\/\\\/kt.gov.rs\\\/sq\\\/shfaqja-e-gezimit-per-femijet-ne-medvegje\\\/#primaryimage\"},\"image\":{\"@id\":\"https:\\\/\\\/kt.gov.rs\\\/sq\\\/shfaqja-e-gezimit-per-femijet-ne-medvegje\\\/#primaryimage\"},\"thumbnailUrl\":\"https:\\\/\\\/kt.gov.rs\\\/wp-content\\\/uploads\\\/2024\\\/07\\\/1538557515_news_pic_03102018_1-5.jpg\",\"datePublished\":\"2018-10-03T00:00:00+00:00\",\"dateModified\":\"2024-07-30T19:08:31+00:00\",\"breadcrumb\":{\"@id\":\"https:\\\/\\\/kt.gov.rs\\\/sq\\\/shfaqja-e-gezimit-per-femijet-ne-medvegje\\\/#breadcrumb\"},\"inLanguage\":\"sq-AL\",\"potentialAction\":[{\"@type\":\"ReadAction\",\"target\":[\"https:\\\/\\\/kt.gov.rs\\\/sq\\\/shfaqja-e-gezimit-per-femijet-ne-medvegje\\\/\"]}]},{\"@type\":\"ImageObject\",\"inLanguage\":\"sq-AL\",\"@id\":\"https:\\\/\\\/kt.gov.rs\\\/sq\\\/shfaqja-e-gezimit-per-femijet-ne-medvegje\\\/#primaryimage\",\"url\":\"https:\\\/\\\/kt.gov.rs\\\/wp-content\\\/uploads\\\/2024\\\/07\\\/1538557515_news_pic_03102018_1-5.jpg\",\"contentUrl\":\"https:\\\/\\\/kt.gov.rs\\\/wp-content\\\/uploads\\\/2024\\\/07\\\/1538557515_news_pic_03102018_1-5.jpg\",\"width\":315,\"height\":230},{\"@type\":\"BreadcrumbList\",\"@id\":\"https:\\\/\\\/kt.gov.rs\\\/sq\\\/shfaqja-e-gezimit-per-femijet-ne-medvegje\\\/#breadcrumb\",\"itemListElement\":[{\"@type\":\"ListItem\",\"position\":1,\"name\":\"\u041f\u043e\u0447\u0435\u0442\u043d\u0430\",\"item\":\"https:\\\/\\\/kt.gov.rs\\\/sq\\\/\"},{\"@type\":\"ListItem\",\"position\":2,\"name\":\"\u201cSHFAQJA E G\u00cbZIMIT\u201d P\u00cbR F\u00cbMIJ\u00cbT N\u00cb MEDVEGJ\u00cb\"}]},{\"@type\":\"WebSite\",\"@id\":\"https:\\\/\\\/kt.gov.rs\\\/#website\",\"url\":\"https:\\\/\\\/kt.gov.rs\\\/\",\"name\":\"\u041a\u043e\u043e\u0440\u0434\u0438\u043d\u0430\u0446\u0438\u043e\u043d\u043e \u0442\u0435\u043b\u043e \u0412\u043b\u0430\u0434\u0435 \u0420\u0435\u043f\u0443\u0431\u043b\u0438\u043a\u0435 \u0421\u0440\u0431\u0438\u0458\u0435 \u0437\u0430 \u043e\u043f\u0448\u0442\u0438\u043d\u0435 \u041f\u0440\u0435\u0448\u0435\u0432\u043e, \u0411\u0443\u0458\u0430\u043d\u043e\u0432\u0430\u0446 \u0438 \u041c\u0435\u0434\u0432\u0435\u0452a\",\"description\":\"\",\"publisher\":{\"@id\":\"https:\\\/\\\/kt.gov.rs\\\/#organization\"},\"alternateName\":\"\u041a\u043e\u043e\u0440\u0434\u0438\u043d\u0430\u0446\u0438\u043e\u043d\u043e \u0442\u0435\u043b\u043e\",\"potentialAction\":[{\"@type\":\"SearchAction\",\"target\":{\"@type\":\"EntryPoint\",\"urlTemplate\":\"https:\\\/\\\/kt.gov.rs\\\/?s={search_term_string}\"},\"query-input\":{\"@type\":\"PropertyValueSpecification\",\"valueRequired\":true,\"valueName\":\"search_term_string\"}}],\"inLanguage\":\"sq-AL\"},{\"@type\":\"Organization\",\"@id\":\"https:\\\/\\\/kt.gov.rs\\\/#organization\",\"name\":\"\u041a\u043e\u043e\u0440\u0434\u0438\u043d\u0430\u0446\u0438\u043e\u043d\u043e \u0442\u0435\u043b\u043e \u0412\u043b\u0430\u0434\u0435 \u0420\u0435\u043f\u0443\u0431\u043b\u0438\u043a\u0435 \u0421\u0440\u0431\u0438\u0458\u0435 \u0437\u0430 \u043e\u043f\u0448\u0442\u0438\u043d\u0435 \u041f\u0440\u0435\u0448\u0435\u0432\u043e, \u0411\u0443\u0458\u0430\u043d\u043e\u0432\u0430\u0446 \u0438 \u041c\u0435\u0434\u0432\u0435\u0452a\",\"alternateName\":\"\u041a\u043e\u043e\u0440\u0434\u0438\u043d\u0430\u0446\u0438\u043e\u043d\u043e \u0442\u0435\u043b\u043e\",\"url\":\"https:\\\/\\\/kt.gov.rs\\\/\",\"logo\":{\"@type\":\"ImageObject\",\"inLanguage\":\"sq-AL\",\"@id\":\"https:\\\/\\\/kt.gov.rs\\\/#\\\/schema\\\/logo\\\/image\\\/\",\"url\":\"https:\\\/\\\/kt.gov.rs\\\/wp-content\\\/uploads\\\/2024\\\/12\\\/koord2.jpg\",\"contentUrl\":\"https:\\\/\\\/kt.gov.rs\\\/wp-content\\\/uploads\\\/2024\\\/12\\\/koord2.jpg\",\"width\":640,\"height\":480,\"caption\":\"\u041a\u043e\u043e\u0440\u0434\u0438\u043d\u0430\u0446\u0438\u043e\u043d\u043e \u0442\u0435\u043b\u043e \u0412\u043b\u0430\u0434\u0435 \u0420\u0435\u043f\u0443\u0431\u043b\u0438\u043a\u0435 \u0421\u0440\u0431\u0438\u0458\u0435 \u0437\u0430 \u043e\u043f\u0448\u0442\u0438\u043d\u0435 \u041f\u0440\u0435\u0448\u0435\u0432\u043e, \u0411\u0443\u0458\u0430\u043d\u043e\u0432\u0430\u0446 \u0438 \u041c\u0435\u0434\u0432\u0435\u0452a\"},\"image\":{\"@id\":\"https:\\\/\\\/kt.gov.rs\\\/#\\\/schema\\\/logo\\\/image\\\/\"},\"sameAs\":[\"https:\\\/\\\/www.facebook.com\\\/SluzbaKoordinacionogTelaVladeRepublikeSrbije\",\"https:\\\/\\\/x.com\\\/kt_gov\",\"https:\\\/\\\/www.youtube.com\\\/@koordinacionotelo\"]},{\"@type\":\"Person\",\"@id\":\"https:\\\/\\\/kt.gov.rs\\\/#\\\/schema\\\/person\\\/e426459ddb4173309103390602694571\",\"name\":\"ktmin\",\"image\":{\"@type\":\"ImageObject\",\"inLanguage\":\"sq-AL\",\"@id\":\"https:\\\/\\\/secure.gravatar.com\\\/avatar\\\/3985c961109853010c3fbc7ba30365bfba5db3dd6c525831d9c595c7525a615a?s=96&d=mm&r=g\",\"url\":\"https:\\\/\\\/secure.gravatar.com\\\/avatar\\\/3985c961109853010c3fbc7ba30365bfba5db3dd6c525831d9c595c7525a615a?s=96&d=mm&r=g\",\"contentUrl\":\"https:\\\/\\\/secure.gravatar.com\\\/avatar\\\/3985c961109853010c3fbc7ba30365bfba5db3dd6c525831d9c595c7525a615a?s=96&d=mm&r=g\",\"caption\":\"ktmin\"},\"sameAs\":[\"https:\\\/\\\/kt.gov.rs\"],\"url\":\"https:\\\/\\\/kt.gov.rs\\\/sq\\\/author\\\/ktmin\\\/\"}]}<\/script>\n<!-- \/ Yoast SEO plugin. -->","yoast_head_json":{"title":"\u201cSHFAQJA E G\u00cbZIMIT\u201d P\u00cbR F\u00cbMIJ\u00cbT N\u00cb MEDVEGJ\u00cb - Republika e S\u00ebrbis\u00eb Trupi Koordinues p\u00ebr komunat Bujanoc, Preshev\u00eb dhe Medvegj\u00eb","robots":{"index":"index","follow":"follow","max-snippet":"max-snippet:-1","max-image-preview":"max-image-preview:large","max-video-preview":"max-video-preview:-1"},"canonical":"https:\/\/kt.gov.rs\/sq\/shfaqja-e-gezimit-per-femijet-ne-medvegje\/","og_locale":"sq_AL","og_type":"article","og_title":"\u201cSHFAQJA E G\u00cbZIMIT\u201d P\u00cbR F\u00cbMIJ\u00cbT N\u00cb MEDVEGJ\u00cb - Republika e S\u00ebrbis\u00eb Trupi Koordinues p\u00ebr komunat Bujanoc, Preshev\u00eb dhe Medvegj\u00eb","og_description":"Medvegj\u00eb \u2013\u00a0Pun\u00ebtoria interaktive skenike n\u00eb Qendr\u00ebn Kulturore n\u00eb Medvegj\u00eb \u00ebsht\u00eb mbajtur n\u00eb kuad\u00ebr t\u00eb \u201cShfaqjes s\u00eb g\u00ebzimit\u201d, gjat\u00eb s\u00eb cil\u00ebs aktori Gile Brankoviq, n\u00eb programin nj\u00ebor\u00ebsh, d\u00ebmij\u00ebt e mosh\u00ebs parashkollore dhe klasave t\u00eb ulta t\u00eb shkoll\u00ebs fillore nga k\u00ebto mjedise iu jan\u00eb ofruar temat themelore n\u00eb teat\u00ebr...","og_url":"https:\/\/kt.gov.rs\/sq\/shfaqja-e-gezimit-per-femijet-ne-medvegje\/","og_site_name":"Republika e S\u00ebrbis\u00eb Trupi Koordinues p\u00ebr komunat Bujanoc, Preshev\u00eb dhe Medvegj\u00eb","article_publisher":"https:\/\/www.facebook.com\/SluzbaKoordinacionogTelaVladeRepublikeSrbije","article_published_time":"2018-10-03T00:00:00+00:00","article_modified_time":"2024-07-30T19:08:31+00:00","og_image":[{"width":315,"height":230,"url":"https:\/\/kt.gov.rs\/wp-content\/uploads\/2024\/07\/1538557515_news_pic_03102018_1-5.jpg","type":"image\/jpeg"}],"author":"ktmin","twitter_card":"summary_large_image","twitter_creator":"@kt_gov","twitter_site":"@kt_gov","twitter_misc":{"Written by":"ktmin","Est. reading time":"3 minutes"},"schema":{"@context":"https:\/\/schema.org","@graph":[{"@type":"Article","@id":"https:\/\/kt.gov.rs\/sq\/shfaqja-e-gezimit-per-femijet-ne-medvegje\/#article","isPartOf":{"@id":"https:\/\/kt.gov.rs\/sq\/shfaqja-e-gezimit-per-femijet-ne-medvegje\/"},"author":{"name":"ktmin","@id":"https:\/\/kt.gov.rs\/#\/schema\/person\/e426459ddb4173309103390602694571"},"headline":"\u201cSHFAQJA E G\u00cbZIMIT\u201d P\u00cbR F\u00cbMIJ\u00cbT N\u00cb MEDVEGJ\u00cb","datePublished":"2018-10-03T00:00:00+00:00","dateModified":"2024-07-30T19:08:31+00:00","mainEntityOfPage":{"@id":"https:\/\/kt.gov.rs\/sq\/shfaqja-e-gezimit-per-femijet-ne-medvegje\/"},"wordCount":694,"publisher":{"@id":"https:\/\/kt.gov.rs\/#organization"},"image":{"@id":"https:\/\/kt.gov.rs\/sq\/shfaqja-e-gezimit-per-femijet-ne-medvegje\/#primaryimage"},"thumbnailUrl":"https:\/\/kt.gov.rs\/wp-content\/uploads\/2024\/07\/1538557515_news_pic_03102018_1-5.jpg","articleSection":["Lajme"],"inLanguage":"sq-AL"},{"@type":"WebPage","@id":"https:\/\/kt.gov.rs\/sq\/shfaqja-e-gezimit-per-femijet-ne-medvegje\/","url":"https:\/\/kt.gov.rs\/sq\/shfaqja-e-gezimit-per-femijet-ne-medvegje\/","name":"\u201cSHFAQJA E G\u00cbZIMIT\u201d P\u00cbR F\u00cbMIJ\u00cbT N\u00cb MEDVEGJ\u00cb - Republika e S\u00ebrbis\u00eb Trupi Koordinues p\u00ebr komunat Bujanoc, Preshev\u00eb dhe Medvegj\u00eb","isPartOf":{"@id":"https:\/\/kt.gov.rs\/#website"},"primaryImageOfPage":{"@id":"https:\/\/kt.gov.rs\/sq\/shfaqja-e-gezimit-per-femijet-ne-medvegje\/#primaryimage"},"image":{"@id":"https:\/\/kt.gov.rs\/sq\/shfaqja-e-gezimit-per-femijet-ne-medvegje\/#primaryimage"},"thumbnailUrl":"https:\/\/kt.gov.rs\/wp-content\/uploads\/2024\/07\/1538557515_news_pic_03102018_1-5.jpg","datePublished":"2018-10-03T00:00:00+00:00","dateModified":"2024-07-30T19:08:31+00:00","breadcrumb":{"@id":"https:\/\/kt.gov.rs\/sq\/shfaqja-e-gezimit-per-femijet-ne-medvegje\/#breadcrumb"},"inLanguage":"sq-AL","potentialAction":[{"@type":"ReadAction","target":["https:\/\/kt.gov.rs\/sq\/shfaqja-e-gezimit-per-femijet-ne-medvegje\/"]}]},{"@type":"ImageObject","inLanguage":"sq-AL","@id":"https:\/\/kt.gov.rs\/sq\/shfaqja-e-gezimit-per-femijet-ne-medvegje\/#primaryimage","url":"https:\/\/kt.gov.rs\/wp-content\/uploads\/2024\/07\/1538557515_news_pic_03102018_1-5.jpg","contentUrl":"https:\/\/kt.gov.rs\/wp-content\/uploads\/2024\/07\/1538557515_news_pic_03102018_1-5.jpg","width":315,"height":230},{"@type":"BreadcrumbList","@id":"https:\/\/kt.gov.rs\/sq\/shfaqja-e-gezimit-per-femijet-ne-medvegje\/#breadcrumb","itemListElement":[{"@type":"ListItem","position":1,"name":"\u041f\u043e\u0447\u0435\u0442\u043d\u0430","item":"https:\/\/kt.gov.rs\/sq\/"},{"@type":"ListItem","position":2,"name":"\u201cSHFAQJA E G\u00cbZIMIT\u201d P\u00cbR F\u00cbMIJ\u00cbT N\u00cb MEDVEGJ\u00cb"}]},{"@type":"WebSite","@id":"https:\/\/kt.gov.rs\/#website","url":"https:\/\/kt.gov.rs\/","name":"\u041a\u043e\u043e\u0440\u0434\u0438\u043d\u0430\u0446\u0438\u043e\u043d\u043e \u0442\u0435\u043b\u043e \u0412\u043b\u0430\u0434\u0435 \u0420\u0435\u043f\u0443\u0431\u043b\u0438\u043a\u0435 \u0421\u0440\u0431\u0438\u0458\u0435 \u0437\u0430 \u043e\u043f\u0448\u0442\u0438\u043d\u0435 \u041f\u0440\u0435\u0448\u0435\u0432\u043e, \u0411\u0443\u0458\u0430\u043d\u043e\u0432\u0430\u0446 \u0438 \u041c\u0435\u0434\u0432\u0435\u0452a","description":"","publisher":{"@id":"https:\/\/kt.gov.rs\/#organization"},"alternateName":"\u041a\u043e\u043e\u0440\u0434\u0438\u043d\u0430\u0446\u0438\u043e\u043d\u043e \u0442\u0435\u043b\u043e","potentialAction":[{"@type":"SearchAction","target":{"@type":"EntryPoint","urlTemplate":"https:\/\/kt.gov.rs\/?s={search_term_string}"},"query-input":{"@type":"PropertyValueSpecification","valueRequired":true,"valueName":"search_term_string"}}],"inLanguage":"sq-AL"},{"@type":"Organization","@id":"https:\/\/kt.gov.rs\/#organization","name":"\u041a\u043e\u043e\u0440\u0434\u0438\u043d\u0430\u0446\u0438\u043e\u043d\u043e \u0442\u0435\u043b\u043e \u0412\u043b\u0430\u0434\u0435 \u0420\u0435\u043f\u0443\u0431\u043b\u0438\u043a\u0435 \u0421\u0440\u0431\u0438\u0458\u0435 \u0437\u0430 \u043e\u043f\u0448\u0442\u0438\u043d\u0435 \u041f\u0440\u0435\u0448\u0435\u0432\u043e, \u0411\u0443\u0458\u0430\u043d\u043e\u0432\u0430\u0446 \u0438 \u041c\u0435\u0434\u0432\u0435\u0452a","alternateName":"\u041a\u043e\u043e\u0440\u0434\u0438\u043d\u0430\u0446\u0438\u043e\u043d\u043e \u0442\u0435\u043b\u043e","url":"https:\/\/kt.gov.rs\/","logo":{"@type":"ImageObject","inLanguage":"sq-AL","@id":"https:\/\/kt.gov.rs\/#\/schema\/logo\/image\/","url":"https:\/\/kt.gov.rs\/wp-content\/uploads\/2024\/12\/koord2.jpg","contentUrl":"https:\/\/kt.gov.rs\/wp-content\/uploads\/2024\/12\/koord2.jpg","width":640,"height":480,"caption":"\u041a\u043e\u043e\u0440\u0434\u0438\u043d\u0430\u0446\u0438\u043e\u043d\u043e \u0442\u0435\u043b\u043e \u0412\u043b\u0430\u0434\u0435 \u0420\u0435\u043f\u0443\u0431\u043b\u0438\u043a\u0435 \u0421\u0440\u0431\u0438\u0458\u0435 \u0437\u0430 \u043e\u043f\u0448\u0442\u0438\u043d\u0435 \u041f\u0440\u0435\u0448\u0435\u0432\u043e, \u0411\u0443\u0458\u0430\u043d\u043e\u0432\u0430\u0446 \u0438 \u041c\u0435\u0434\u0432\u0435\u0452a"},"image":{"@id":"https:\/\/kt.gov.rs\/#\/schema\/logo\/image\/"},"sameAs":["https:\/\/www.facebook.com\/SluzbaKoordinacionogTelaVladeRepublikeSrbije","https:\/\/x.com\/kt_gov","https:\/\/www.youtube.com\/@koordinacionotelo"]},{"@type":"Person","@id":"https:\/\/kt.gov.rs\/#\/schema\/person\/e426459ddb4173309103390602694571","name":"ktmin","image":{"@type":"ImageObject","inLanguage":"sq-AL","@id":"https:\/\/secure.gravatar.com\/avatar\/3985c961109853010c3fbc7ba30365bfba5db3dd6c525831d9c595c7525a615a?s=96&d=mm&r=g","url":"https:\/\/secure.gravatar.com\/avatar\/3985c961109853010c3fbc7ba30365bfba5db3dd6c525831d9c595c7525a615a?s=96&d=mm&r=g","contentUrl":"https:\/\/secure.gravatar.com\/avatar\/3985c961109853010c3fbc7ba30365bfba5db3dd6c525831d9c595c7525a615a?s=96&d=mm&r=g","caption":"ktmin"},"sameAs":["https:\/\/kt.gov.rs"],"url":"https:\/\/kt.gov.rs\/sq\/author\/ktmin\/"}]}},"_links":{"self":[{"href":"https:\/\/kt.gov.rs\/sq\/wp-json\/wp\/v2\/posts\/120114","targetHints":{"allow":["GET"]}}],"collection":[{"href":"https:\/\/kt.gov.rs\/sq\/wp-json\/wp\/v2\/posts"}],"about":[{"href":"https:\/\/kt.gov.rs\/sq\/wp-json\/wp\/v2\/types\/post"}],"author":[{"embeddable":true,"href":"https:\/\/kt.gov.rs\/sq\/wp-json\/wp\/v2\/users\/1"}],"replies":[{"embeddable":true,"href":"https:\/\/kt.gov.rs\/sq\/wp-json\/wp\/v2\/comments?post=120114"}],"version-history":[{"count":1,"href":"https:\/\/kt.gov.rs\/sq\/wp-json\/wp\/v2\/posts\/120114\/revisions"}],"predecessor-version":[{"id":120118,"href":"https:\/\/kt.gov.rs\/sq\/wp-json\/wp\/v2\/posts\/120114\/revisions\/120118"}],"wp:featuredmedia":[{"embeddable":true,"href":"https:\/\/kt.gov.rs\/sq\/wp-json\/wp\/v2\/media\/120119"}],"wp:attachment":[{"href":"https:\/\/kt.gov.rs\/sq\/wp-json\/wp\/v2\/media?parent=120114"}],"wp:term":[{"taxonomy":"category","embeddable":true,"href":"https:\/\/kt.gov.rs\/sq\/wp-json\/wp\/v2\/categories?post=120114"},{"taxonomy":"post_tag","embeddable":true,"href":"https:\/\/kt.gov.rs\/sq\/wp-json\/wp\/v2\/tags?post=120114"}],"curies":[{"name":"wp","href":"https:\/\/api.w.org\/{rel}","templated":true}]}}