{"id":119666,"date":"2018-11-14T00:00:00","date_gmt":"2018-11-14T00:00:00","guid":{"rendered":"http:\/\/kt.printandscreen.rs\/trajnimi-profesional-i-emigranteve-ne-jugun-e-serbise\/"},"modified":"2024-07-30T19:07:47","modified_gmt":"2024-07-30T19:07:47","slug":"trajnimi-profesional-i-emigranteve-ne-jugun-e-serbise","status":"publish","type":"post","link":"https:\/\/kt.gov.rs\/sq\/trajnimi-profesional-i-emigranteve-ne-jugun-e-serbise\/","title":{"rendered":"TRAJNIMI PROFESIONAL I EMIGRANT\u00cbVE N\u00cb JUGUN E SERBIS\u00cb"},"content":{"rendered":"<p>\n\t<strong><img decoding=\"async\" alt=\"\" src=\"https:\/\/kt.gov.rs\/wp-content\/uploads\/2024\/07\/1542182921_news_pic14112018_3-4.jpg\" style=\"width: 315px; height: 230px; float: left;\" \/><\/strong><strong>Bujanoc \u2013<\/strong> P\u00ebr t\u00eb gjetur nj\u00eb pun\u00eb m\u00eb t\u00eb leht\u00eb, Universiteti Komb\u00ebtar i Vraj\u00ebs ka filluar trajnimin p\u00ebr 8 emigrant\u00eb nga Qendra Pranuese n\u00eb Vraj\u00eb p\u00ebr kujdesin e kujdestar\u00ebve dhe pun\u00ebn kompjuterike, nd\u00ebrsa dit\u00ebn e h\u00ebn\u00eb do t\u00eb fillojn\u00eb edhe tet\u00eb persona trajnimin p\u00ebr floktar\u00eb. Gjithashtu, trajnimi i grave emigrante p\u00ebr rrobaqep\u00ebsi, qepje dhe bizhuteri t\u00eb punuar me dor\u00eb filloi n\u00eb Qendr\u00ebn e Strehimit n\u00eb Bujanoc.<\/p>\n<p>\n\tUniversiteti Komb\u00ebtar i k\u00ebtij trajnimi po zbaton n\u00eb bashk\u00ebpunim me Organizat\u00ebn Nd\u00ebrkomb\u00ebtare p\u00ebr Emigracion (IOM) dhe organizat\u00ebn joqeveritare &quot;Caritas Luxemburg&quot;.<\/p>\n<p>\n\t&quot;Q\u00ebllimi i aktiviteteve dhe trajnimeve t\u00eb projektit ka ofruar ndihm\u00eb p\u00ebr refugjat\u00ebt, emigrant\u00ebt dhe popullat\u00ebs s\u00eb c\u00ebnuar lokale n\u00eb drejtim t\u00eb marrjes s\u00eb edukimit formal dhe marrjen e nj\u00eb certifikat\u00eb t\u00eb akredituar, n\u00eb m\u00ebnyr\u00eb p\u00ebr t\u00eb p\u00ebrmir\u00ebsuar gjendjen e tyre dhe t\u00eb siguroj\u00eb atyre mund\u00ebsin\u00eb p\u00ebr t\u00eb gjetur pun\u00eb n\u00eb zon\u00ebn e mbuluar nga trajnimi&quot;, shpjegon Gordana Dimitrijeviq, drejtoresh\u00eb e Universitetit Komb\u00ebtar.<\/p>\n<p>\n\tAjo shton se, sipas marr\u00ebveshjes s\u00eb Universitetit Komb\u00ebtar dhe k\u00ebtyre organizatave \u00e7do muaj do t\u00eb formohen grupe t\u00eb reja p\u00ebr profesione t\u00eb ndryshme, dhe \u00ebsht\u00eb planifikuar q\u00eb trajnimi t\u00eb implementohet deri n\u00eb fund t\u00eb k\u00ebtij dhe vitit t\u00eb ardhsh\u00ebm.<\/p>\n<p>\n\t<strong>Burimi: Jugpress dhe Trupi Koordinues <\/strong><\/p>\n<p>\n\t\u00a0<\/p>\n","protected":false},"excerpt":{"rendered":"<p>Bujanoc \u2013\u00a0P\u00ebr t\u00eb gjetur nj\u00eb pun\u00eb m\u00eb t\u00eb leht\u00eb, Universiteti Komb\u00ebtar i Vraj\u00ebs ka filluar trajnimin p\u00ebr 8 emigrant\u00eb nga Qendra Pranuese n\u00eb Vraj\u00eb p\u00ebr kujdesin e kujdestar\u00ebve dhe pun\u00ebn kompjuterike, nd\u00ebrsa dit\u00ebn e h\u00ebn\u00eb do t\u00eb fillojn\u00eb edhe tet\u00eb persona trajnimin p\u00ebr floktar\u00eb. Gjithashtu, trajnimi i grave emigrante p\u00ebr rrobaqep\u00ebsi, qepje dhe bizhuteri t\u00eb punuar me dor\u00eb filloi n\u00eb Qendr\u00ebn e Strehimit n\u00eb Bujanoc.<\/p>\n","protected":false},"author":1,"featured_media":119671,"comment_status":"closed","ping_status":"closed","sticky":false,"template":"","format":"standard","meta":{"footnotes":""},"categories":[55],"tags":[],"class_list":["post-119666","post","type-post","status-publish","format-standard","has-post-thumbnail","hentry","category-lajme"],"yoast_head":"<!-- This site is optimized with the Yoast SEO plugin v27.5 - https:\/\/yoast.com\/product\/yoast-seo-wordpress\/ -->\n<title>TRAJNIMI PROFESIONAL I EMIGRANT\u00cbVE N\u00cb JUGUN E SERBIS\u00cb - Republika e S\u00ebrbis\u00eb Trupi Koordinues p\u00ebr komunat Bujanoc, Preshev\u00eb dhe Medvegj\u00eb<\/title>\n<meta name=\"robots\" content=\"index, follow, max-snippet:-1, max-image-preview:large, max-video-preview:-1\" \/>\n<link rel=\"canonical\" href=\"https:\/\/kt.gov.rs\/sq\/trajnimi-profesional-i-emigranteve-ne-jugun-e-serbise\/\" \/>\n<meta property=\"og:locale\" content=\"sq_AL\" \/>\n<meta property=\"og:type\" content=\"article\" \/>\n<meta property=\"og:title\" content=\"TRAJNIMI PROFESIONAL I EMIGRANT\u00cbVE N\u00cb JUGUN E SERBIS\u00cb - Republika e S\u00ebrbis\u00eb Trupi Koordinues p\u00ebr komunat Bujanoc, Preshev\u00eb dhe Medvegj\u00eb\" \/>\n<meta property=\"og:description\" content=\"Bujanoc -\u00a0P\u00ebr t\u00eb gjetur nj\u00eb pun\u00eb m\u00eb t\u00eb leht\u00eb, Universiteti Komb\u00ebtar i Vraj\u00ebs ka filluar trajnimin p\u00ebr 8 emigrant\u00eb nga Qendra Pranuese n\u00eb Vraj\u00eb p\u00ebr kujdesin e kujdestar\u00ebve dhe pun\u00ebn kompjuterike, nd\u00ebrsa dit\u00ebn e h\u00ebn\u00eb do t\u00eb fillojn\u00eb edhe tet\u00eb persona trajnimin p\u00ebr floktar\u00eb. Gjithashtu, trajnimi i grave emigrante p\u00ebr rrobaqep\u00ebsi, qepje dhe bizhuteri t\u00eb punuar me dor\u00eb filloi n\u00eb Qendr\u00ebn e Strehimit n\u00eb Bujanoc.\" \/>\n<meta property=\"og:url\" content=\"https:\/\/kt.gov.rs\/sq\/trajnimi-profesional-i-emigranteve-ne-jugun-e-serbise\/\" \/>\n<meta property=\"og:site_name\" content=\"Republika e S\u00ebrbis\u00eb Trupi Koordinues p\u00ebr komunat Bujanoc, Preshev\u00eb dhe Medvegj\u00eb\" \/>\n<meta property=\"article:publisher\" content=\"https:\/\/www.facebook.com\/SluzbaKoordinacionogTelaVladeRepublikeSrbije\" \/>\n<meta property=\"article:published_time\" content=\"2018-11-14T00:00:00+00:00\" \/>\n<meta property=\"article:modified_time\" content=\"2024-07-30T19:07:47+00:00\" \/>\n<meta property=\"og:image\" content=\"https:\/\/kt.gov.rs\/wp-content\/uploads\/2024\/07\/1542182921_news_pic14112018_3-5.jpg\" \/>\n\t<meta property=\"og:image:width\" content=\"315\" \/>\n\t<meta property=\"og:image:height\" content=\"230\" \/>\n\t<meta property=\"og:image:type\" content=\"image\/jpeg\" \/>\n<meta name=\"author\" content=\"ktmin\" \/>\n<meta name=\"twitter:card\" content=\"summary_large_image\" \/>\n<meta name=\"twitter:creator\" content=\"@kt_gov\" \/>\n<meta name=\"twitter:site\" content=\"@kt_gov\" \/>\n<meta name=\"twitter:label1\" content=\"Written by\" \/>\n\t<meta name=\"twitter:data1\" content=\"ktmin\" \/>\n\t<meta name=\"twitter:label2\" content=\"Est. reading time\" \/>\n\t<meta name=\"twitter:data2\" content=\"2 minutes\" \/>\n<script type=\"application\/ld+json\" class=\"yoast-schema-graph\">{\"@context\":\"https:\\\/\\\/schema.org\",\"@graph\":[{\"@type\":\"Article\",\"@id\":\"https:\\\/\\\/kt.gov.rs\\\/sq\\\/trajnimi-profesional-i-emigranteve-ne-jugun-e-serbise\\\/#article\",\"isPartOf\":{\"@id\":\"https:\\\/\\\/kt.gov.rs\\\/sq\\\/trajnimi-profesional-i-emigranteve-ne-jugun-e-serbise\\\/\"},\"author\":{\"name\":\"ktmin\",\"@id\":\"https:\\\/\\\/kt.gov.rs\\\/#\\\/schema\\\/person\\\/e426459ddb4173309103390602694571\"},\"headline\":\"TRAJNIMI PROFESIONAL I EMIGRANT\u00cbVE N\u00cb JUGUN E SERBIS\u00cb\",\"datePublished\":\"2018-11-14T00:00:00+00:00\",\"dateModified\":\"2024-07-30T19:07:47+00:00\",\"mainEntityOfPage\":{\"@id\":\"https:\\\/\\\/kt.gov.rs\\\/sq\\\/trajnimi-profesional-i-emigranteve-ne-jugun-e-serbise\\\/\"},\"wordCount\":339,\"publisher\":{\"@id\":\"https:\\\/\\\/kt.gov.rs\\\/#organization\"},\"image\":{\"@id\":\"https:\\\/\\\/kt.gov.rs\\\/sq\\\/trajnimi-profesional-i-emigranteve-ne-jugun-e-serbise\\\/#primaryimage\"},\"thumbnailUrl\":\"https:\\\/\\\/kt.gov.rs\\\/wp-content\\\/uploads\\\/2024\\\/07\\\/1542182921_news_pic14112018_3-5.jpg\",\"articleSection\":[\"Lajme\"],\"inLanguage\":\"sq-AL\"},{\"@type\":\"WebPage\",\"@id\":\"https:\\\/\\\/kt.gov.rs\\\/sq\\\/trajnimi-profesional-i-emigranteve-ne-jugun-e-serbise\\\/\",\"url\":\"https:\\\/\\\/kt.gov.rs\\\/sq\\\/trajnimi-profesional-i-emigranteve-ne-jugun-e-serbise\\\/\",\"name\":\"TRAJNIMI PROFESIONAL I EMIGRANT\u00cbVE N\u00cb JUGUN E SERBIS\u00cb - Republika e S\u00ebrbis\u00eb Trupi Koordinues p\u00ebr komunat Bujanoc, Preshev\u00eb dhe Medvegj\u00eb\",\"isPartOf\":{\"@id\":\"https:\\\/\\\/kt.gov.rs\\\/#website\"},\"primaryImageOfPage\":{\"@id\":\"https:\\\/\\\/kt.gov.rs\\\/sq\\\/trajnimi-profesional-i-emigranteve-ne-jugun-e-serbise\\\/#primaryimage\"},\"image\":{\"@id\":\"https:\\\/\\\/kt.gov.rs\\\/sq\\\/trajnimi-profesional-i-emigranteve-ne-jugun-e-serbise\\\/#primaryimage\"},\"thumbnailUrl\":\"https:\\\/\\\/kt.gov.rs\\\/wp-content\\\/uploads\\\/2024\\\/07\\\/1542182921_news_pic14112018_3-5.jpg\",\"datePublished\":\"2018-11-14T00:00:00+00:00\",\"dateModified\":\"2024-07-30T19:07:47+00:00\",\"breadcrumb\":{\"@id\":\"https:\\\/\\\/kt.gov.rs\\\/sq\\\/trajnimi-profesional-i-emigranteve-ne-jugun-e-serbise\\\/#breadcrumb\"},\"inLanguage\":\"sq-AL\",\"potentialAction\":[{\"@type\":\"ReadAction\",\"target\":[\"https:\\\/\\\/kt.gov.rs\\\/sq\\\/trajnimi-profesional-i-emigranteve-ne-jugun-e-serbise\\\/\"]}]},{\"@type\":\"ImageObject\",\"inLanguage\":\"sq-AL\",\"@id\":\"https:\\\/\\\/kt.gov.rs\\\/sq\\\/trajnimi-profesional-i-emigranteve-ne-jugun-e-serbise\\\/#primaryimage\",\"url\":\"https:\\\/\\\/kt.gov.rs\\\/wp-content\\\/uploads\\\/2024\\\/07\\\/1542182921_news_pic14112018_3-5.jpg\",\"contentUrl\":\"https:\\\/\\\/kt.gov.rs\\\/wp-content\\\/uploads\\\/2024\\\/07\\\/1542182921_news_pic14112018_3-5.jpg\",\"width\":315,\"height\":230},{\"@type\":\"BreadcrumbList\",\"@id\":\"https:\\\/\\\/kt.gov.rs\\\/sq\\\/trajnimi-profesional-i-emigranteve-ne-jugun-e-serbise\\\/#breadcrumb\",\"itemListElement\":[{\"@type\":\"ListItem\",\"position\":1,\"name\":\"\u041f\u043e\u0447\u0435\u0442\u043d\u0430\",\"item\":\"https:\\\/\\\/kt.gov.rs\\\/sq\\\/\"},{\"@type\":\"ListItem\",\"position\":2,\"name\":\"TRAJNIMI PROFESIONAL I EMIGRANT\u00cbVE N\u00cb JUGUN E SERBIS\u00cb\"}]},{\"@type\":\"WebSite\",\"@id\":\"https:\\\/\\\/kt.gov.rs\\\/#website\",\"url\":\"https:\\\/\\\/kt.gov.rs\\\/\",\"name\":\"\u041a\u043e\u043e\u0440\u0434\u0438\u043d\u0430\u0446\u0438\u043e\u043d\u043e \u0442\u0435\u043b\u043e \u0412\u043b\u0430\u0434\u0435 \u0420\u0435\u043f\u0443\u0431\u043b\u0438\u043a\u0435 \u0421\u0440\u0431\u0438\u0458\u0435 \u0437\u0430 \u043e\u043f\u0448\u0442\u0438\u043d\u0435 \u041f\u0440\u0435\u0448\u0435\u0432\u043e, \u0411\u0443\u0458\u0430\u043d\u043e\u0432\u0430\u0446 \u0438 \u041c\u0435\u0434\u0432\u0435\u0452a\",\"description\":\"\",\"publisher\":{\"@id\":\"https:\\\/\\\/kt.gov.rs\\\/#organization\"},\"alternateName\":\"\u041a\u043e\u043e\u0440\u0434\u0438\u043d\u0430\u0446\u0438\u043e\u043d\u043e \u0442\u0435\u043b\u043e\",\"potentialAction\":[{\"@type\":\"SearchAction\",\"target\":{\"@type\":\"EntryPoint\",\"urlTemplate\":\"https:\\\/\\\/kt.gov.rs\\\/?s={search_term_string}\"},\"query-input\":{\"@type\":\"PropertyValueSpecification\",\"valueRequired\":true,\"valueName\":\"search_term_string\"}}],\"inLanguage\":\"sq-AL\"},{\"@type\":\"Organization\",\"@id\":\"https:\\\/\\\/kt.gov.rs\\\/#organization\",\"name\":\"\u041a\u043e\u043e\u0440\u0434\u0438\u043d\u0430\u0446\u0438\u043e\u043d\u043e \u0442\u0435\u043b\u043e \u0412\u043b\u0430\u0434\u0435 \u0420\u0435\u043f\u0443\u0431\u043b\u0438\u043a\u0435 \u0421\u0440\u0431\u0438\u0458\u0435 \u0437\u0430 \u043e\u043f\u0448\u0442\u0438\u043d\u0435 \u041f\u0440\u0435\u0448\u0435\u0432\u043e, \u0411\u0443\u0458\u0430\u043d\u043e\u0432\u0430\u0446 \u0438 \u041c\u0435\u0434\u0432\u0435\u0452a\",\"alternateName\":\"\u041a\u043e\u043e\u0440\u0434\u0438\u043d\u0430\u0446\u0438\u043e\u043d\u043e \u0442\u0435\u043b\u043e\",\"url\":\"https:\\\/\\\/kt.gov.rs\\\/\",\"logo\":{\"@type\":\"ImageObject\",\"inLanguage\":\"sq-AL\",\"@id\":\"https:\\\/\\\/kt.gov.rs\\\/#\\\/schema\\\/logo\\\/image\\\/\",\"url\":\"https:\\\/\\\/kt.gov.rs\\\/wp-content\\\/uploads\\\/2024\\\/12\\\/koord2.jpg\",\"contentUrl\":\"https:\\\/\\\/kt.gov.rs\\\/wp-content\\\/uploads\\\/2024\\\/12\\\/koord2.jpg\",\"width\":640,\"height\":480,\"caption\":\"\u041a\u043e\u043e\u0440\u0434\u0438\u043d\u0430\u0446\u0438\u043e\u043d\u043e \u0442\u0435\u043b\u043e \u0412\u043b\u0430\u0434\u0435 \u0420\u0435\u043f\u0443\u0431\u043b\u0438\u043a\u0435 \u0421\u0440\u0431\u0438\u0458\u0435 \u0437\u0430 \u043e\u043f\u0448\u0442\u0438\u043d\u0435 \u041f\u0440\u0435\u0448\u0435\u0432\u043e, \u0411\u0443\u0458\u0430\u043d\u043e\u0432\u0430\u0446 \u0438 \u041c\u0435\u0434\u0432\u0435\u0452a\"},\"image\":{\"@id\":\"https:\\\/\\\/kt.gov.rs\\\/#\\\/schema\\\/logo\\\/image\\\/\"},\"sameAs\":[\"https:\\\/\\\/www.facebook.com\\\/SluzbaKoordinacionogTelaVladeRepublikeSrbije\",\"https:\\\/\\\/x.com\\\/kt_gov\",\"https:\\\/\\\/www.youtube.com\\\/@koordinacionotelo\"]},{\"@type\":\"Person\",\"@id\":\"https:\\\/\\\/kt.gov.rs\\\/#\\\/schema\\\/person\\\/e426459ddb4173309103390602694571\",\"name\":\"ktmin\",\"image\":{\"@type\":\"ImageObject\",\"inLanguage\":\"sq-AL\",\"@id\":\"https:\\\/\\\/secure.gravatar.com\\\/avatar\\\/3985c961109853010c3fbc7ba30365bfba5db3dd6c525831d9c595c7525a615a?s=96&d=mm&r=g\",\"url\":\"https:\\\/\\\/secure.gravatar.com\\\/avatar\\\/3985c961109853010c3fbc7ba30365bfba5db3dd6c525831d9c595c7525a615a?s=96&d=mm&r=g\",\"contentUrl\":\"https:\\\/\\\/secure.gravatar.com\\\/avatar\\\/3985c961109853010c3fbc7ba30365bfba5db3dd6c525831d9c595c7525a615a?s=96&d=mm&r=g\",\"caption\":\"ktmin\"},\"sameAs\":[\"https:\\\/\\\/kt.gov.rs\"],\"url\":\"https:\\\/\\\/kt.gov.rs\\\/sq\\\/author\\\/ktmin\\\/\"}]}<\/script>\n<!-- \/ Yoast SEO plugin. -->","yoast_head_json":{"title":"TRAJNIMI PROFESIONAL I EMIGRANT\u00cbVE N\u00cb JUGUN E SERBIS\u00cb - Republika e S\u00ebrbis\u00eb Trupi Koordinues p\u00ebr komunat Bujanoc, Preshev\u00eb dhe Medvegj\u00eb","robots":{"index":"index","follow":"follow","max-snippet":"max-snippet:-1","max-image-preview":"max-image-preview:large","max-video-preview":"max-video-preview:-1"},"canonical":"https:\/\/kt.gov.rs\/sq\/trajnimi-profesional-i-emigranteve-ne-jugun-e-serbise\/","og_locale":"sq_AL","og_type":"article","og_title":"TRAJNIMI PROFESIONAL I EMIGRANT\u00cbVE N\u00cb JUGUN E SERBIS\u00cb - Republika e S\u00ebrbis\u00eb Trupi Koordinues p\u00ebr komunat Bujanoc, Preshev\u00eb dhe Medvegj\u00eb","og_description":"Bujanoc -\u00a0P\u00ebr t\u00eb gjetur nj\u00eb pun\u00eb m\u00eb t\u00eb leht\u00eb, Universiteti Komb\u00ebtar i Vraj\u00ebs ka filluar trajnimin p\u00ebr 8 emigrant\u00eb nga Qendra Pranuese n\u00eb Vraj\u00eb p\u00ebr kujdesin e kujdestar\u00ebve dhe pun\u00ebn kompjuterike, nd\u00ebrsa dit\u00ebn e h\u00ebn\u00eb do t\u00eb fillojn\u00eb edhe tet\u00eb persona trajnimin p\u00ebr floktar\u00eb. Gjithashtu, trajnimi i grave emigrante p\u00ebr rrobaqep\u00ebsi, qepje dhe bizhuteri t\u00eb punuar me dor\u00eb filloi n\u00eb Qendr\u00ebn e Strehimit n\u00eb Bujanoc.","og_url":"https:\/\/kt.gov.rs\/sq\/trajnimi-profesional-i-emigranteve-ne-jugun-e-serbise\/","og_site_name":"Republika e S\u00ebrbis\u00eb Trupi Koordinues p\u00ebr komunat Bujanoc, Preshev\u00eb dhe Medvegj\u00eb","article_publisher":"https:\/\/www.facebook.com\/SluzbaKoordinacionogTelaVladeRepublikeSrbije","article_published_time":"2018-11-14T00:00:00+00:00","article_modified_time":"2024-07-30T19:07:47+00:00","og_image":[{"width":315,"height":230,"url":"https:\/\/kt.gov.rs\/wp-content\/uploads\/2024\/07\/1542182921_news_pic14112018_3-5.jpg","type":"image\/jpeg"}],"author":"ktmin","twitter_card":"summary_large_image","twitter_creator":"@kt_gov","twitter_site":"@kt_gov","twitter_misc":{"Written by":"ktmin","Est. reading time":"2 minutes"},"schema":{"@context":"https:\/\/schema.org","@graph":[{"@type":"Article","@id":"https:\/\/kt.gov.rs\/sq\/trajnimi-profesional-i-emigranteve-ne-jugun-e-serbise\/#article","isPartOf":{"@id":"https:\/\/kt.gov.rs\/sq\/trajnimi-profesional-i-emigranteve-ne-jugun-e-serbise\/"},"author":{"name":"ktmin","@id":"https:\/\/kt.gov.rs\/#\/schema\/person\/e426459ddb4173309103390602694571"},"headline":"TRAJNIMI PROFESIONAL I EMIGRANT\u00cbVE N\u00cb JUGUN E SERBIS\u00cb","datePublished":"2018-11-14T00:00:00+00:00","dateModified":"2024-07-30T19:07:47+00:00","mainEntityOfPage":{"@id":"https:\/\/kt.gov.rs\/sq\/trajnimi-profesional-i-emigranteve-ne-jugun-e-serbise\/"},"wordCount":339,"publisher":{"@id":"https:\/\/kt.gov.rs\/#organization"},"image":{"@id":"https:\/\/kt.gov.rs\/sq\/trajnimi-profesional-i-emigranteve-ne-jugun-e-serbise\/#primaryimage"},"thumbnailUrl":"https:\/\/kt.gov.rs\/wp-content\/uploads\/2024\/07\/1542182921_news_pic14112018_3-5.jpg","articleSection":["Lajme"],"inLanguage":"sq-AL"},{"@type":"WebPage","@id":"https:\/\/kt.gov.rs\/sq\/trajnimi-profesional-i-emigranteve-ne-jugun-e-serbise\/","url":"https:\/\/kt.gov.rs\/sq\/trajnimi-profesional-i-emigranteve-ne-jugun-e-serbise\/","name":"TRAJNIMI PROFESIONAL I EMIGRANT\u00cbVE N\u00cb JUGUN E SERBIS\u00cb - Republika e S\u00ebrbis\u00eb Trupi Koordinues p\u00ebr komunat Bujanoc, Preshev\u00eb dhe Medvegj\u00eb","isPartOf":{"@id":"https:\/\/kt.gov.rs\/#website"},"primaryImageOfPage":{"@id":"https:\/\/kt.gov.rs\/sq\/trajnimi-profesional-i-emigranteve-ne-jugun-e-serbise\/#primaryimage"},"image":{"@id":"https:\/\/kt.gov.rs\/sq\/trajnimi-profesional-i-emigranteve-ne-jugun-e-serbise\/#primaryimage"},"thumbnailUrl":"https:\/\/kt.gov.rs\/wp-content\/uploads\/2024\/07\/1542182921_news_pic14112018_3-5.jpg","datePublished":"2018-11-14T00:00:00+00:00","dateModified":"2024-07-30T19:07:47+00:00","breadcrumb":{"@id":"https:\/\/kt.gov.rs\/sq\/trajnimi-profesional-i-emigranteve-ne-jugun-e-serbise\/#breadcrumb"},"inLanguage":"sq-AL","potentialAction":[{"@type":"ReadAction","target":["https:\/\/kt.gov.rs\/sq\/trajnimi-profesional-i-emigranteve-ne-jugun-e-serbise\/"]}]},{"@type":"ImageObject","inLanguage":"sq-AL","@id":"https:\/\/kt.gov.rs\/sq\/trajnimi-profesional-i-emigranteve-ne-jugun-e-serbise\/#primaryimage","url":"https:\/\/kt.gov.rs\/wp-content\/uploads\/2024\/07\/1542182921_news_pic14112018_3-5.jpg","contentUrl":"https:\/\/kt.gov.rs\/wp-content\/uploads\/2024\/07\/1542182921_news_pic14112018_3-5.jpg","width":315,"height":230},{"@type":"BreadcrumbList","@id":"https:\/\/kt.gov.rs\/sq\/trajnimi-profesional-i-emigranteve-ne-jugun-e-serbise\/#breadcrumb","itemListElement":[{"@type":"ListItem","position":1,"name":"\u041f\u043e\u0447\u0435\u0442\u043d\u0430","item":"https:\/\/kt.gov.rs\/sq\/"},{"@type":"ListItem","position":2,"name":"TRAJNIMI PROFESIONAL I EMIGRANT\u00cbVE N\u00cb JUGUN E SERBIS\u00cb"}]},{"@type":"WebSite","@id":"https:\/\/kt.gov.rs\/#website","url":"https:\/\/kt.gov.rs\/","name":"\u041a\u043e\u043e\u0440\u0434\u0438\u043d\u0430\u0446\u0438\u043e\u043d\u043e \u0442\u0435\u043b\u043e \u0412\u043b\u0430\u0434\u0435 \u0420\u0435\u043f\u0443\u0431\u043b\u0438\u043a\u0435 \u0421\u0440\u0431\u0438\u0458\u0435 \u0437\u0430 \u043e\u043f\u0448\u0442\u0438\u043d\u0435 \u041f\u0440\u0435\u0448\u0435\u0432\u043e, \u0411\u0443\u0458\u0430\u043d\u043e\u0432\u0430\u0446 \u0438 \u041c\u0435\u0434\u0432\u0435\u0452a","description":"","publisher":{"@id":"https:\/\/kt.gov.rs\/#organization"},"alternateName":"\u041a\u043e\u043e\u0440\u0434\u0438\u043d\u0430\u0446\u0438\u043e\u043d\u043e \u0442\u0435\u043b\u043e","potentialAction":[{"@type":"SearchAction","target":{"@type":"EntryPoint","urlTemplate":"https:\/\/kt.gov.rs\/?s={search_term_string}"},"query-input":{"@type":"PropertyValueSpecification","valueRequired":true,"valueName":"search_term_string"}}],"inLanguage":"sq-AL"},{"@type":"Organization","@id":"https:\/\/kt.gov.rs\/#organization","name":"\u041a\u043e\u043e\u0440\u0434\u0438\u043d\u0430\u0446\u0438\u043e\u043d\u043e \u0442\u0435\u043b\u043e \u0412\u043b\u0430\u0434\u0435 \u0420\u0435\u043f\u0443\u0431\u043b\u0438\u043a\u0435 \u0421\u0440\u0431\u0438\u0458\u0435 \u0437\u0430 \u043e\u043f\u0448\u0442\u0438\u043d\u0435 \u041f\u0440\u0435\u0448\u0435\u0432\u043e, \u0411\u0443\u0458\u0430\u043d\u043e\u0432\u0430\u0446 \u0438 \u041c\u0435\u0434\u0432\u0435\u0452a","alternateName":"\u041a\u043e\u043e\u0440\u0434\u0438\u043d\u0430\u0446\u0438\u043e\u043d\u043e \u0442\u0435\u043b\u043e","url":"https:\/\/kt.gov.rs\/","logo":{"@type":"ImageObject","inLanguage":"sq-AL","@id":"https:\/\/kt.gov.rs\/#\/schema\/logo\/image\/","url":"https:\/\/kt.gov.rs\/wp-content\/uploads\/2024\/12\/koord2.jpg","contentUrl":"https:\/\/kt.gov.rs\/wp-content\/uploads\/2024\/12\/koord2.jpg","width":640,"height":480,"caption":"\u041a\u043e\u043e\u0440\u0434\u0438\u043d\u0430\u0446\u0438\u043e\u043d\u043e \u0442\u0435\u043b\u043e \u0412\u043b\u0430\u0434\u0435 \u0420\u0435\u043f\u0443\u0431\u043b\u0438\u043a\u0435 \u0421\u0440\u0431\u0438\u0458\u0435 \u0437\u0430 \u043e\u043f\u0448\u0442\u0438\u043d\u0435 \u041f\u0440\u0435\u0448\u0435\u0432\u043e, \u0411\u0443\u0458\u0430\u043d\u043e\u0432\u0430\u0446 \u0438 \u041c\u0435\u0434\u0432\u0435\u0452a"},"image":{"@id":"https:\/\/kt.gov.rs\/#\/schema\/logo\/image\/"},"sameAs":["https:\/\/www.facebook.com\/SluzbaKoordinacionogTelaVladeRepublikeSrbije","https:\/\/x.com\/kt_gov","https:\/\/www.youtube.com\/@koordinacionotelo"]},{"@type":"Person","@id":"https:\/\/kt.gov.rs\/#\/schema\/person\/e426459ddb4173309103390602694571","name":"ktmin","image":{"@type":"ImageObject","inLanguage":"sq-AL","@id":"https:\/\/secure.gravatar.com\/avatar\/3985c961109853010c3fbc7ba30365bfba5db3dd6c525831d9c595c7525a615a?s=96&d=mm&r=g","url":"https:\/\/secure.gravatar.com\/avatar\/3985c961109853010c3fbc7ba30365bfba5db3dd6c525831d9c595c7525a615a?s=96&d=mm&r=g","contentUrl":"https:\/\/secure.gravatar.com\/avatar\/3985c961109853010c3fbc7ba30365bfba5db3dd6c525831d9c595c7525a615a?s=96&d=mm&r=g","caption":"ktmin"},"sameAs":["https:\/\/kt.gov.rs"],"url":"https:\/\/kt.gov.rs\/sq\/author\/ktmin\/"}]}},"_links":{"self":[{"href":"https:\/\/kt.gov.rs\/sq\/wp-json\/wp\/v2\/posts\/119666","targetHints":{"allow":["GET"]}}],"collection":[{"href":"https:\/\/kt.gov.rs\/sq\/wp-json\/wp\/v2\/posts"}],"about":[{"href":"https:\/\/kt.gov.rs\/sq\/wp-json\/wp\/v2\/types\/post"}],"author":[{"embeddable":true,"href":"https:\/\/kt.gov.rs\/sq\/wp-json\/wp\/v2\/users\/1"}],"replies":[{"embeddable":true,"href":"https:\/\/kt.gov.rs\/sq\/wp-json\/wp\/v2\/comments?post=119666"}],"version-history":[{"count":1,"href":"https:\/\/kt.gov.rs\/sq\/wp-json\/wp\/v2\/posts\/119666\/revisions"}],"predecessor-version":[{"id":119670,"href":"https:\/\/kt.gov.rs\/sq\/wp-json\/wp\/v2\/posts\/119666\/revisions\/119670"}],"wp:featuredmedia":[{"embeddable":true,"href":"https:\/\/kt.gov.rs\/sq\/wp-json\/wp\/v2\/media\/119671"}],"wp:attachment":[{"href":"https:\/\/kt.gov.rs\/sq\/wp-json\/wp\/v2\/media?parent=119666"}],"wp:term":[{"taxonomy":"category","embeddable":true,"href":"https:\/\/kt.gov.rs\/sq\/wp-json\/wp\/v2\/categories?post=119666"},{"taxonomy":"post_tag","embeddable":true,"href":"https:\/\/kt.gov.rs\/sq\/wp-json\/wp\/v2\/tags?post=119666"}],"curies":[{"name":"wp","href":"https:\/\/api.w.org\/{rel}","templated":true}]}}