{"id":119642,"date":"2018-11-16T00:00:00","date_gmt":"2018-11-16T00:00:00","guid":{"rendered":"http:\/\/kt.printandscreen.rs\/dua-nuk-dua-pikerisht-ate-fakultet\/"},"modified":"2024-07-30T19:07:45","modified_gmt":"2024-07-30T19:07:45","slug":"dua-nuk-dua-pikerisht-ate-fakultet","status":"publish","type":"post","link":"https:\/\/kt.gov.rs\/sq\/dua-nuk-dua-pikerisht-ate-fakultet\/","title":{"rendered":"DUA-NUK DUA PIK\u00cbRISHT AT\u00cb FAKULTET!"},"content":{"rendered":"<p>\n\t<strong><img decoding=\"async\" alt=\"\" src=\"https:\/\/kt.gov.rs\/wp-content\/uploads\/2024\/07\/1542362158_news_pic16112018_2-4.jpg\" style=\"width: 315px; height: 230px; float: left;\" \/><\/strong><strong>Preshev\u00eb, Bujanoc, Medvegj\u00eb \u2013<\/strong> Shoqata e Entuziast\u00eb t\u00eb Rinj <strong>nga data 1 deri n\u00eb 3 shkurt 2019<\/strong>, do t\u00eb mbaj\u00eb konferenc\u00eb p\u00ebr nx\u00ebn\u00ebsit e shkollave t\u00eb mesme nga Serbia. N\u00ebp\u00ebrmjet leksioneve, profesor\u00ebt do t&#39;i ndihmojn\u00eb nx\u00ebn\u00ebsit t\u00eb zgjedhin fakultetin p\u00ebr t\u00eb studiuar, ose t&#39;i afrojn\u00eb ata m\u00eb af\u00ebr me d\u00ebshir\u00ebn. Ajo q\u00eb mund t\u00eb ndikojn\u00eb n\u00eb vendimin tuaj p\u00ebr t\u00eb n\u00ebnshkruar \u00ebsht\u00eb fakti q\u00eb t\u00eb gjith\u00eb pjes\u00ebmarr\u00ebsit, me nj\u00eb pjes\u00ebmarrje minimale financiare, t\u00eb siguruar me strehim n\u00eb hotel &quot;Banjica&quot; n\u00eb Sokobanj\u00eb, ku ju do t\u00eb q\u00ebndroni me koleg\u00ebt e tuaj p\u00ebr tre dit\u00eb. Projekti realizohet p\u00ebr her\u00eb t\u00eb dhjet\u00eb dhe deri tani mbi 4000 nx\u00ebn\u00ebs t\u00eb shkollave t\u00eb mesme kan\u00eb zgjedhur fakultetin e duhur.<\/p>\n<p>\n\tKjo konferenc\u00eb tre-ditore synon t\u00eb ndihmoj\u00eb nx\u00ebn\u00ebsit e shkollave t\u00eb mesme n\u00eb zgjedhjen e fakulteteve p\u00ebr t&#39;u regjistruar, si dhe profesionet me t\u00eb cilat ata do t\u00eb merren. N\u00ebse regjistroheni, do t\u00eb keni mund\u00ebsi t\u00eb d\u00ebgjoni leksione nga profesor\u00eb dhe ekspert\u00eb t\u00eb shquar n\u00eb fush\u00ebn e ekonomis\u00eb, juridikut, arkitektur\u00ebs, mjek\u00ebsis\u00eb, kimis\u00eb, inxhinieris\u00eb mekanike, shkencave organizative, arteve dramatike, filozofis\u00eb dhe shum\u00eb t\u00eb tjerave. Ligj\u00ebratat jan\u00eb interaktive, interesante dhe nuk k\u00ebrkojn\u00eb para-njohuri.<\/p>\n<p>\n\tParaqituni n\u00eb k\u00ebt\u00eb link: <a href=\"https:\/\/docs.google.com\/forms\/d\/e\/1FAIpQLScKO9I8m6CucQqLxfrZsibEqlMM0coOPczqiTkwmqPdUJPr6A\/viewform\">https:\/\/docs.google.com\/forms\/d\/e\/1FAIpQLScKO9I8m6CucQqLxfrZsibEqlMM0coOPczqiTkwmqPdUJPr6A\/viewform<\/a><\/p>\n<p>\n\t<strong>Burimi: Portal Mladi dhe Trupi Koordinues <\/strong><\/p>\n<p>\n\t\u00a0<\/p>\n","protected":false},"excerpt":{"rendered":"<p>Preshev\u00eb, Bujanoc, Medvegj\u00eb \u2013\u00a0Shoqata e Entuziast\u00eb t\u00eb Rinj\u00a0nga data 1 deri n\u00eb 3 shkurt 2019, do t\u00eb mbaj\u00eb konferenc\u00eb p\u00ebr nx\u00ebn\u00ebsit e shkollave t\u00eb mesme nga Serbia. N\u00ebp\u00ebrmjet leksioneve, profesor\u00ebt do t&#39;i ndihmojn\u00eb nx\u00ebn\u00ebsit t\u00eb zgjedhin fakultetin p\u00ebr t\u00eb studiuar, ose t&#39;i afrojn\u00eb ata m\u00eb af\u00ebr me d\u00ebshir\u00ebn.<\/p>\n","protected":false},"author":1,"featured_media":119647,"comment_status":"closed","ping_status":"closed","sticky":false,"template":"","format":"standard","meta":{"footnotes":""},"categories":[55],"tags":[],"class_list":["post-119642","post","type-post","status-publish","format-standard","has-post-thumbnail","hentry","category-lajme"],"yoast_head":"<!-- This site is optimized with the Yoast SEO plugin v27.5 - https:\/\/yoast.com\/product\/yoast-seo-wordpress\/ -->\n<title>DUA-NUK DUA PIK\u00cbRISHT AT\u00cb FAKULTET! - Republika e S\u00ebrbis\u00eb Trupi Koordinues p\u00ebr komunat Bujanoc, Preshev\u00eb dhe Medvegj\u00eb<\/title>\n<meta name=\"robots\" content=\"index, follow, max-snippet:-1, max-image-preview:large, max-video-preview:-1\" \/>\n<link rel=\"canonical\" href=\"https:\/\/kt.gov.rs\/sq\/dua-nuk-dua-pikerisht-ate-fakultet\/\" \/>\n<meta property=\"og:locale\" content=\"sq_AL\" \/>\n<meta property=\"og:type\" content=\"article\" \/>\n<meta property=\"og:title\" content=\"DUA-NUK DUA PIK\u00cbRISHT AT\u00cb FAKULTET! - Republika e S\u00ebrbis\u00eb Trupi Koordinues p\u00ebr komunat Bujanoc, Preshev\u00eb dhe Medvegj\u00eb\" \/>\n<meta property=\"og:description\" content=\"Preshev\u00eb, Bujanoc, Medvegj\u00eb -\u00a0Shoqata e Entuziast\u00eb t\u00eb Rinj\u00a0nga data 1 deri n\u00eb 3 shkurt 2019, do t\u00eb mbaj\u00eb konferenc\u00eb p\u00ebr nx\u00ebn\u00ebsit e shkollave t\u00eb mesme nga Serbia. N\u00ebp\u00ebrmjet leksioneve, profesor\u00ebt do t&#039;i ndihmojn\u00eb nx\u00ebn\u00ebsit t\u00eb zgjedhin fakultetin p\u00ebr t\u00eb studiuar, ose t&#039;i afrojn\u00eb ata m\u00eb af\u00ebr me d\u00ebshir\u00ebn.\" \/>\n<meta property=\"og:url\" content=\"https:\/\/kt.gov.rs\/sq\/dua-nuk-dua-pikerisht-ate-fakultet\/\" \/>\n<meta property=\"og:site_name\" content=\"Republika e S\u00ebrbis\u00eb Trupi Koordinues p\u00ebr komunat Bujanoc, Preshev\u00eb dhe Medvegj\u00eb\" \/>\n<meta property=\"article:publisher\" content=\"https:\/\/www.facebook.com\/SluzbaKoordinacionogTelaVladeRepublikeSrbije\" \/>\n<meta property=\"article:published_time\" content=\"2018-11-16T00:00:00+00:00\" \/>\n<meta property=\"article:modified_time\" content=\"2024-07-30T19:07:45+00:00\" \/>\n<meta property=\"og:image\" content=\"https:\/\/kt.gov.rs\/wp-content\/uploads\/2024\/07\/1542362158_news_pic16112018_2-5.jpg\" \/>\n\t<meta property=\"og:image:width\" content=\"315\" \/>\n\t<meta property=\"og:image:height\" content=\"230\" \/>\n\t<meta property=\"og:image:type\" content=\"image\/jpeg\" \/>\n<meta name=\"author\" content=\"ktmin\" \/>\n<meta name=\"twitter:card\" content=\"summary_large_image\" \/>\n<meta name=\"twitter:creator\" content=\"@kt_gov\" \/>\n<meta name=\"twitter:site\" content=\"@kt_gov\" \/>\n<meta name=\"twitter:label1\" content=\"Written by\" \/>\n\t<meta name=\"twitter:data1\" content=\"ktmin\" \/>\n\t<meta name=\"twitter:label2\" content=\"Est. reading time\" \/>\n\t<meta name=\"twitter:data2\" content=\"2 minutes\" \/>\n<script type=\"application\/ld+json\" class=\"yoast-schema-graph\">{\"@context\":\"https:\\\/\\\/schema.org\",\"@graph\":[{\"@type\":\"Article\",\"@id\":\"https:\\\/\\\/kt.gov.rs\\\/sq\\\/dua-nuk-dua-pikerisht-ate-fakultet\\\/#article\",\"isPartOf\":{\"@id\":\"https:\\\/\\\/kt.gov.rs\\\/sq\\\/dua-nuk-dua-pikerisht-ate-fakultet\\\/\"},\"author\":{\"name\":\"ktmin\",\"@id\":\"https:\\\/\\\/kt.gov.rs\\\/#\\\/schema\\\/person\\\/e426459ddb4173309103390602694571\"},\"headline\":\"DUA-NUK DUA PIK\u00cbRISHT AT\u00cb FAKULTET!\",\"datePublished\":\"2018-11-16T00:00:00+00:00\",\"dateModified\":\"2024-07-30T19:07:45+00:00\",\"mainEntityOfPage\":{\"@id\":\"https:\\\/\\\/kt.gov.rs\\\/sq\\\/dua-nuk-dua-pikerisht-ate-fakultet\\\/\"},\"wordCount\":347,\"publisher\":{\"@id\":\"https:\\\/\\\/kt.gov.rs\\\/#organization\"},\"image\":{\"@id\":\"https:\\\/\\\/kt.gov.rs\\\/sq\\\/dua-nuk-dua-pikerisht-ate-fakultet\\\/#primaryimage\"},\"thumbnailUrl\":\"https:\\\/\\\/kt.gov.rs\\\/wp-content\\\/uploads\\\/2024\\\/07\\\/1542362158_news_pic16112018_2-5.jpg\",\"articleSection\":[\"Lajme\"],\"inLanguage\":\"sq-AL\"},{\"@type\":\"WebPage\",\"@id\":\"https:\\\/\\\/kt.gov.rs\\\/sq\\\/dua-nuk-dua-pikerisht-ate-fakultet\\\/\",\"url\":\"https:\\\/\\\/kt.gov.rs\\\/sq\\\/dua-nuk-dua-pikerisht-ate-fakultet\\\/\",\"name\":\"DUA-NUK DUA PIK\u00cbRISHT AT\u00cb FAKULTET! - Republika e S\u00ebrbis\u00eb Trupi Koordinues p\u00ebr komunat Bujanoc, Preshev\u00eb dhe Medvegj\u00eb\",\"isPartOf\":{\"@id\":\"https:\\\/\\\/kt.gov.rs\\\/#website\"},\"primaryImageOfPage\":{\"@id\":\"https:\\\/\\\/kt.gov.rs\\\/sq\\\/dua-nuk-dua-pikerisht-ate-fakultet\\\/#primaryimage\"},\"image\":{\"@id\":\"https:\\\/\\\/kt.gov.rs\\\/sq\\\/dua-nuk-dua-pikerisht-ate-fakultet\\\/#primaryimage\"},\"thumbnailUrl\":\"https:\\\/\\\/kt.gov.rs\\\/wp-content\\\/uploads\\\/2024\\\/07\\\/1542362158_news_pic16112018_2-5.jpg\",\"datePublished\":\"2018-11-16T00:00:00+00:00\",\"dateModified\":\"2024-07-30T19:07:45+00:00\",\"breadcrumb\":{\"@id\":\"https:\\\/\\\/kt.gov.rs\\\/sq\\\/dua-nuk-dua-pikerisht-ate-fakultet\\\/#breadcrumb\"},\"inLanguage\":\"sq-AL\",\"potentialAction\":[{\"@type\":\"ReadAction\",\"target\":[\"https:\\\/\\\/kt.gov.rs\\\/sq\\\/dua-nuk-dua-pikerisht-ate-fakultet\\\/\"]}]},{\"@type\":\"ImageObject\",\"inLanguage\":\"sq-AL\",\"@id\":\"https:\\\/\\\/kt.gov.rs\\\/sq\\\/dua-nuk-dua-pikerisht-ate-fakultet\\\/#primaryimage\",\"url\":\"https:\\\/\\\/kt.gov.rs\\\/wp-content\\\/uploads\\\/2024\\\/07\\\/1542362158_news_pic16112018_2-5.jpg\",\"contentUrl\":\"https:\\\/\\\/kt.gov.rs\\\/wp-content\\\/uploads\\\/2024\\\/07\\\/1542362158_news_pic16112018_2-5.jpg\",\"width\":315,\"height\":230},{\"@type\":\"BreadcrumbList\",\"@id\":\"https:\\\/\\\/kt.gov.rs\\\/sq\\\/dua-nuk-dua-pikerisht-ate-fakultet\\\/#breadcrumb\",\"itemListElement\":[{\"@type\":\"ListItem\",\"position\":1,\"name\":\"\u041f\u043e\u0447\u0435\u0442\u043d\u0430\",\"item\":\"https:\\\/\\\/kt.gov.rs\\\/sq\\\/\"},{\"@type\":\"ListItem\",\"position\":2,\"name\":\"DUA-NUK DUA PIK\u00cbRISHT AT\u00cb FAKULTET!\"}]},{\"@type\":\"WebSite\",\"@id\":\"https:\\\/\\\/kt.gov.rs\\\/#website\",\"url\":\"https:\\\/\\\/kt.gov.rs\\\/\",\"name\":\"\u041a\u043e\u043e\u0440\u0434\u0438\u043d\u0430\u0446\u0438\u043e\u043d\u043e \u0442\u0435\u043b\u043e \u0412\u043b\u0430\u0434\u0435 \u0420\u0435\u043f\u0443\u0431\u043b\u0438\u043a\u0435 \u0421\u0440\u0431\u0438\u0458\u0435 \u0437\u0430 \u043e\u043f\u0448\u0442\u0438\u043d\u0435 \u041f\u0440\u0435\u0448\u0435\u0432\u043e, \u0411\u0443\u0458\u0430\u043d\u043e\u0432\u0430\u0446 \u0438 \u041c\u0435\u0434\u0432\u0435\u0452a\",\"description\":\"\",\"publisher\":{\"@id\":\"https:\\\/\\\/kt.gov.rs\\\/#organization\"},\"alternateName\":\"\u041a\u043e\u043e\u0440\u0434\u0438\u043d\u0430\u0446\u0438\u043e\u043d\u043e \u0442\u0435\u043b\u043e\",\"potentialAction\":[{\"@type\":\"SearchAction\",\"target\":{\"@type\":\"EntryPoint\",\"urlTemplate\":\"https:\\\/\\\/kt.gov.rs\\\/?s={search_term_string}\"},\"query-input\":{\"@type\":\"PropertyValueSpecification\",\"valueRequired\":true,\"valueName\":\"search_term_string\"}}],\"inLanguage\":\"sq-AL\"},{\"@type\":\"Organization\",\"@id\":\"https:\\\/\\\/kt.gov.rs\\\/#organization\",\"name\":\"\u041a\u043e\u043e\u0440\u0434\u0438\u043d\u0430\u0446\u0438\u043e\u043d\u043e \u0442\u0435\u043b\u043e \u0412\u043b\u0430\u0434\u0435 \u0420\u0435\u043f\u0443\u0431\u043b\u0438\u043a\u0435 \u0421\u0440\u0431\u0438\u0458\u0435 \u0437\u0430 \u043e\u043f\u0448\u0442\u0438\u043d\u0435 \u041f\u0440\u0435\u0448\u0435\u0432\u043e, \u0411\u0443\u0458\u0430\u043d\u043e\u0432\u0430\u0446 \u0438 \u041c\u0435\u0434\u0432\u0435\u0452a\",\"alternateName\":\"\u041a\u043e\u043e\u0440\u0434\u0438\u043d\u0430\u0446\u0438\u043e\u043d\u043e \u0442\u0435\u043b\u043e\",\"url\":\"https:\\\/\\\/kt.gov.rs\\\/\",\"logo\":{\"@type\":\"ImageObject\",\"inLanguage\":\"sq-AL\",\"@id\":\"https:\\\/\\\/kt.gov.rs\\\/#\\\/schema\\\/logo\\\/image\\\/\",\"url\":\"https:\\\/\\\/kt.gov.rs\\\/wp-content\\\/uploads\\\/2024\\\/12\\\/koord2.jpg\",\"contentUrl\":\"https:\\\/\\\/kt.gov.rs\\\/wp-content\\\/uploads\\\/2024\\\/12\\\/koord2.jpg\",\"width\":640,\"height\":480,\"caption\":\"\u041a\u043e\u043e\u0440\u0434\u0438\u043d\u0430\u0446\u0438\u043e\u043d\u043e \u0442\u0435\u043b\u043e \u0412\u043b\u0430\u0434\u0435 \u0420\u0435\u043f\u0443\u0431\u043b\u0438\u043a\u0435 \u0421\u0440\u0431\u0438\u0458\u0435 \u0437\u0430 \u043e\u043f\u0448\u0442\u0438\u043d\u0435 \u041f\u0440\u0435\u0448\u0435\u0432\u043e, \u0411\u0443\u0458\u0430\u043d\u043e\u0432\u0430\u0446 \u0438 \u041c\u0435\u0434\u0432\u0435\u0452a\"},\"image\":{\"@id\":\"https:\\\/\\\/kt.gov.rs\\\/#\\\/schema\\\/logo\\\/image\\\/\"},\"sameAs\":[\"https:\\\/\\\/www.facebook.com\\\/SluzbaKoordinacionogTelaVladeRepublikeSrbije\",\"https:\\\/\\\/x.com\\\/kt_gov\",\"https:\\\/\\\/www.youtube.com\\\/@koordinacionotelo\"]},{\"@type\":\"Person\",\"@id\":\"https:\\\/\\\/kt.gov.rs\\\/#\\\/schema\\\/person\\\/e426459ddb4173309103390602694571\",\"name\":\"ktmin\",\"image\":{\"@type\":\"ImageObject\",\"inLanguage\":\"sq-AL\",\"@id\":\"https:\\\/\\\/secure.gravatar.com\\\/avatar\\\/3985c961109853010c3fbc7ba30365bfba5db3dd6c525831d9c595c7525a615a?s=96&d=mm&r=g\",\"url\":\"https:\\\/\\\/secure.gravatar.com\\\/avatar\\\/3985c961109853010c3fbc7ba30365bfba5db3dd6c525831d9c595c7525a615a?s=96&d=mm&r=g\",\"contentUrl\":\"https:\\\/\\\/secure.gravatar.com\\\/avatar\\\/3985c961109853010c3fbc7ba30365bfba5db3dd6c525831d9c595c7525a615a?s=96&d=mm&r=g\",\"caption\":\"ktmin\"},\"sameAs\":[\"https:\\\/\\\/kt.gov.rs\"],\"url\":\"https:\\\/\\\/kt.gov.rs\\\/sq\\\/author\\\/ktmin\\\/\"}]}<\/script>\n<!-- \/ Yoast SEO plugin. -->","yoast_head_json":{"title":"DUA-NUK DUA PIK\u00cbRISHT AT\u00cb FAKULTET! - Republika e S\u00ebrbis\u00eb Trupi Koordinues p\u00ebr komunat Bujanoc, Preshev\u00eb dhe Medvegj\u00eb","robots":{"index":"index","follow":"follow","max-snippet":"max-snippet:-1","max-image-preview":"max-image-preview:large","max-video-preview":"max-video-preview:-1"},"canonical":"https:\/\/kt.gov.rs\/sq\/dua-nuk-dua-pikerisht-ate-fakultet\/","og_locale":"sq_AL","og_type":"article","og_title":"DUA-NUK DUA PIK\u00cbRISHT AT\u00cb FAKULTET! - Republika e S\u00ebrbis\u00eb Trupi Koordinues p\u00ebr komunat Bujanoc, Preshev\u00eb dhe Medvegj\u00eb","og_description":"Preshev\u00eb, Bujanoc, Medvegj\u00eb -\u00a0Shoqata e Entuziast\u00eb t\u00eb Rinj\u00a0nga data 1 deri n\u00eb 3 shkurt 2019, do t\u00eb mbaj\u00eb konferenc\u00eb p\u00ebr nx\u00ebn\u00ebsit e shkollave t\u00eb mesme nga Serbia. N\u00ebp\u00ebrmjet leksioneve, profesor\u00ebt do t&#39;i ndihmojn\u00eb nx\u00ebn\u00ebsit t\u00eb zgjedhin fakultetin p\u00ebr t\u00eb studiuar, ose t&#39;i afrojn\u00eb ata m\u00eb af\u00ebr me d\u00ebshir\u00ebn.","og_url":"https:\/\/kt.gov.rs\/sq\/dua-nuk-dua-pikerisht-ate-fakultet\/","og_site_name":"Republika e S\u00ebrbis\u00eb Trupi Koordinues p\u00ebr komunat Bujanoc, Preshev\u00eb dhe Medvegj\u00eb","article_publisher":"https:\/\/www.facebook.com\/SluzbaKoordinacionogTelaVladeRepublikeSrbije","article_published_time":"2018-11-16T00:00:00+00:00","article_modified_time":"2024-07-30T19:07:45+00:00","og_image":[{"width":315,"height":230,"url":"https:\/\/kt.gov.rs\/wp-content\/uploads\/2024\/07\/1542362158_news_pic16112018_2-5.jpg","type":"image\/jpeg"}],"author":"ktmin","twitter_card":"summary_large_image","twitter_creator":"@kt_gov","twitter_site":"@kt_gov","twitter_misc":{"Written by":"ktmin","Est. reading time":"2 minutes"},"schema":{"@context":"https:\/\/schema.org","@graph":[{"@type":"Article","@id":"https:\/\/kt.gov.rs\/sq\/dua-nuk-dua-pikerisht-ate-fakultet\/#article","isPartOf":{"@id":"https:\/\/kt.gov.rs\/sq\/dua-nuk-dua-pikerisht-ate-fakultet\/"},"author":{"name":"ktmin","@id":"https:\/\/kt.gov.rs\/#\/schema\/person\/e426459ddb4173309103390602694571"},"headline":"DUA-NUK DUA PIK\u00cbRISHT AT\u00cb FAKULTET!","datePublished":"2018-11-16T00:00:00+00:00","dateModified":"2024-07-30T19:07:45+00:00","mainEntityOfPage":{"@id":"https:\/\/kt.gov.rs\/sq\/dua-nuk-dua-pikerisht-ate-fakultet\/"},"wordCount":347,"publisher":{"@id":"https:\/\/kt.gov.rs\/#organization"},"image":{"@id":"https:\/\/kt.gov.rs\/sq\/dua-nuk-dua-pikerisht-ate-fakultet\/#primaryimage"},"thumbnailUrl":"https:\/\/kt.gov.rs\/wp-content\/uploads\/2024\/07\/1542362158_news_pic16112018_2-5.jpg","articleSection":["Lajme"],"inLanguage":"sq-AL"},{"@type":"WebPage","@id":"https:\/\/kt.gov.rs\/sq\/dua-nuk-dua-pikerisht-ate-fakultet\/","url":"https:\/\/kt.gov.rs\/sq\/dua-nuk-dua-pikerisht-ate-fakultet\/","name":"DUA-NUK DUA PIK\u00cbRISHT AT\u00cb FAKULTET! - Republika e S\u00ebrbis\u00eb Trupi Koordinues p\u00ebr komunat Bujanoc, Preshev\u00eb dhe Medvegj\u00eb","isPartOf":{"@id":"https:\/\/kt.gov.rs\/#website"},"primaryImageOfPage":{"@id":"https:\/\/kt.gov.rs\/sq\/dua-nuk-dua-pikerisht-ate-fakultet\/#primaryimage"},"image":{"@id":"https:\/\/kt.gov.rs\/sq\/dua-nuk-dua-pikerisht-ate-fakultet\/#primaryimage"},"thumbnailUrl":"https:\/\/kt.gov.rs\/wp-content\/uploads\/2024\/07\/1542362158_news_pic16112018_2-5.jpg","datePublished":"2018-11-16T00:00:00+00:00","dateModified":"2024-07-30T19:07:45+00:00","breadcrumb":{"@id":"https:\/\/kt.gov.rs\/sq\/dua-nuk-dua-pikerisht-ate-fakultet\/#breadcrumb"},"inLanguage":"sq-AL","potentialAction":[{"@type":"ReadAction","target":["https:\/\/kt.gov.rs\/sq\/dua-nuk-dua-pikerisht-ate-fakultet\/"]}]},{"@type":"ImageObject","inLanguage":"sq-AL","@id":"https:\/\/kt.gov.rs\/sq\/dua-nuk-dua-pikerisht-ate-fakultet\/#primaryimage","url":"https:\/\/kt.gov.rs\/wp-content\/uploads\/2024\/07\/1542362158_news_pic16112018_2-5.jpg","contentUrl":"https:\/\/kt.gov.rs\/wp-content\/uploads\/2024\/07\/1542362158_news_pic16112018_2-5.jpg","width":315,"height":230},{"@type":"BreadcrumbList","@id":"https:\/\/kt.gov.rs\/sq\/dua-nuk-dua-pikerisht-ate-fakultet\/#breadcrumb","itemListElement":[{"@type":"ListItem","position":1,"name":"\u041f\u043e\u0447\u0435\u0442\u043d\u0430","item":"https:\/\/kt.gov.rs\/sq\/"},{"@type":"ListItem","position":2,"name":"DUA-NUK DUA PIK\u00cbRISHT AT\u00cb FAKULTET!"}]},{"@type":"WebSite","@id":"https:\/\/kt.gov.rs\/#website","url":"https:\/\/kt.gov.rs\/","name":"\u041a\u043e\u043e\u0440\u0434\u0438\u043d\u0430\u0446\u0438\u043e\u043d\u043e \u0442\u0435\u043b\u043e \u0412\u043b\u0430\u0434\u0435 \u0420\u0435\u043f\u0443\u0431\u043b\u0438\u043a\u0435 \u0421\u0440\u0431\u0438\u0458\u0435 \u0437\u0430 \u043e\u043f\u0448\u0442\u0438\u043d\u0435 \u041f\u0440\u0435\u0448\u0435\u0432\u043e, \u0411\u0443\u0458\u0430\u043d\u043e\u0432\u0430\u0446 \u0438 \u041c\u0435\u0434\u0432\u0435\u0452a","description":"","publisher":{"@id":"https:\/\/kt.gov.rs\/#organization"},"alternateName":"\u041a\u043e\u043e\u0440\u0434\u0438\u043d\u0430\u0446\u0438\u043e\u043d\u043e \u0442\u0435\u043b\u043e","potentialAction":[{"@type":"SearchAction","target":{"@type":"EntryPoint","urlTemplate":"https:\/\/kt.gov.rs\/?s={search_term_string}"},"query-input":{"@type":"PropertyValueSpecification","valueRequired":true,"valueName":"search_term_string"}}],"inLanguage":"sq-AL"},{"@type":"Organization","@id":"https:\/\/kt.gov.rs\/#organization","name":"\u041a\u043e\u043e\u0440\u0434\u0438\u043d\u0430\u0446\u0438\u043e\u043d\u043e \u0442\u0435\u043b\u043e \u0412\u043b\u0430\u0434\u0435 \u0420\u0435\u043f\u0443\u0431\u043b\u0438\u043a\u0435 \u0421\u0440\u0431\u0438\u0458\u0435 \u0437\u0430 \u043e\u043f\u0448\u0442\u0438\u043d\u0435 \u041f\u0440\u0435\u0448\u0435\u0432\u043e, \u0411\u0443\u0458\u0430\u043d\u043e\u0432\u0430\u0446 \u0438 \u041c\u0435\u0434\u0432\u0435\u0452a","alternateName":"\u041a\u043e\u043e\u0440\u0434\u0438\u043d\u0430\u0446\u0438\u043e\u043d\u043e \u0442\u0435\u043b\u043e","url":"https:\/\/kt.gov.rs\/","logo":{"@type":"ImageObject","inLanguage":"sq-AL","@id":"https:\/\/kt.gov.rs\/#\/schema\/logo\/image\/","url":"https:\/\/kt.gov.rs\/wp-content\/uploads\/2024\/12\/koord2.jpg","contentUrl":"https:\/\/kt.gov.rs\/wp-content\/uploads\/2024\/12\/koord2.jpg","width":640,"height":480,"caption":"\u041a\u043e\u043e\u0440\u0434\u0438\u043d\u0430\u0446\u0438\u043e\u043d\u043e \u0442\u0435\u043b\u043e \u0412\u043b\u0430\u0434\u0435 \u0420\u0435\u043f\u0443\u0431\u043b\u0438\u043a\u0435 \u0421\u0440\u0431\u0438\u0458\u0435 \u0437\u0430 \u043e\u043f\u0448\u0442\u0438\u043d\u0435 \u041f\u0440\u0435\u0448\u0435\u0432\u043e, \u0411\u0443\u0458\u0430\u043d\u043e\u0432\u0430\u0446 \u0438 \u041c\u0435\u0434\u0432\u0435\u0452a"},"image":{"@id":"https:\/\/kt.gov.rs\/#\/schema\/logo\/image\/"},"sameAs":["https:\/\/www.facebook.com\/SluzbaKoordinacionogTelaVladeRepublikeSrbije","https:\/\/x.com\/kt_gov","https:\/\/www.youtube.com\/@koordinacionotelo"]},{"@type":"Person","@id":"https:\/\/kt.gov.rs\/#\/schema\/person\/e426459ddb4173309103390602694571","name":"ktmin","image":{"@type":"ImageObject","inLanguage":"sq-AL","@id":"https:\/\/secure.gravatar.com\/avatar\/3985c961109853010c3fbc7ba30365bfba5db3dd6c525831d9c595c7525a615a?s=96&d=mm&r=g","url":"https:\/\/secure.gravatar.com\/avatar\/3985c961109853010c3fbc7ba30365bfba5db3dd6c525831d9c595c7525a615a?s=96&d=mm&r=g","contentUrl":"https:\/\/secure.gravatar.com\/avatar\/3985c961109853010c3fbc7ba30365bfba5db3dd6c525831d9c595c7525a615a?s=96&d=mm&r=g","caption":"ktmin"},"sameAs":["https:\/\/kt.gov.rs"],"url":"https:\/\/kt.gov.rs\/sq\/author\/ktmin\/"}]}},"_links":{"self":[{"href":"https:\/\/kt.gov.rs\/sq\/wp-json\/wp\/v2\/posts\/119642","targetHints":{"allow":["GET"]}}],"collection":[{"href":"https:\/\/kt.gov.rs\/sq\/wp-json\/wp\/v2\/posts"}],"about":[{"href":"https:\/\/kt.gov.rs\/sq\/wp-json\/wp\/v2\/types\/post"}],"author":[{"embeddable":true,"href":"https:\/\/kt.gov.rs\/sq\/wp-json\/wp\/v2\/users\/1"}],"replies":[{"embeddable":true,"href":"https:\/\/kt.gov.rs\/sq\/wp-json\/wp\/v2\/comments?post=119642"}],"version-history":[{"count":1,"href":"https:\/\/kt.gov.rs\/sq\/wp-json\/wp\/v2\/posts\/119642\/revisions"}],"predecessor-version":[{"id":119646,"href":"https:\/\/kt.gov.rs\/sq\/wp-json\/wp\/v2\/posts\/119642\/revisions\/119646"}],"wp:featuredmedia":[{"embeddable":true,"href":"https:\/\/kt.gov.rs\/sq\/wp-json\/wp\/v2\/media\/119647"}],"wp:attachment":[{"href":"https:\/\/kt.gov.rs\/sq\/wp-json\/wp\/v2\/media?parent=119642"}],"wp:term":[{"taxonomy":"category","embeddable":true,"href":"https:\/\/kt.gov.rs\/sq\/wp-json\/wp\/v2\/categories?post=119642"},{"taxonomy":"post_tag","embeddable":true,"href":"https:\/\/kt.gov.rs\/sq\/wp-json\/wp\/v2\/tags?post=119642"}],"curies":[{"name":"wp","href":"https:\/\/api.w.org\/{rel}","templated":true}]}}