{"id":119538,"date":"2018-11-23T00:00:00","date_gmt":"2018-11-23T00:00:00","guid":{"rendered":"http:\/\/kt.printandscreen.rs\/kreditet-per-mjetet-e-perhershme-te-fondit-per-zhvillimin-e-republikes-se-serbise-afati-31-12-2018\/"},"modified":"2024-07-30T19:07:35","modified_gmt":"2024-07-30T19:07:35","slug":"kreditet-per-mjetet-e-perhershme-te-fondit-per-zhvillimin-e-republikes-se-serbise-afati-31-12-2018","status":"publish","type":"post","link":"https:\/\/kt.gov.rs\/sq\/kreditet-per-mjetet-e-perhershme-te-fondit-per-zhvillimin-e-republikes-se-serbise-afati-31-12-2018\/","title":{"rendered":"KREDITET P\u00cbR MJETET E P\u00cbRHERSHME T\u00cb FONDIT P\u00cbR ZHVILLIMIN E REPUBLIK\u00cbS S\u00cb SERBIS\u00cb (AFATI: 31.12.2018)"},"content":{"rendered":"<p>\n\t<img decoding=\"async\" alt=\"\" src=\"https:\/\/kt.gov.rs\/wp-content\/uploads\/2024\/07\/1542970275_news_pic23112018_1-4.jpg\" style=\"width: 315px; height: 230px; float: left;\" \/>Aktivet rrjedh\u00ebse t\u00eb p\u00ebrhershme jan\u00eb fonde t\u00eb nevojshme p\u00ebr t\u00eb financuar detyrimet aktuale q\u00eb rrjedhin nga aktivitetet e rregullta afariste t\u00eb p\u00ebrdoruesit p\u00ebrfundimtar t\u00eb kredis\u00eb, t\u00eb cilat kan\u00eb t\u00eb b\u00ebjn\u00eb me prokurimin e l\u00ebnd\u00ebve t\u00eb para dhe materialeve, inventar\u00ebve, si dhe kostove t\u00eb tjera t\u00eb prodhimit, t\u00eb ark\u00ebtueshmeve t\u00eb klient\u00ebve dhe detyrimeve ndaj furnitor\u00ebve.<\/p>\n<p>\n\tP\u00ebrfitoni nga kushtet e favorshme t\u00eb huadh\u00ebnies p\u00ebr t\u00eb bler\u00eb kapitalin e nevojsh\u00ebm t\u00eb pun\u00ebs.<\/p>\n<p>\n\t<strong>P\u00cbR P\u00cbRSONAT JURIDIK MIRKO, T\u00cb VOGJ\u00cbL, T\u00cb MESME DHE T\u00cb M\u00cbDHA <\/strong><\/p>\n<p>\n\tKredit\u00eb p\u00ebr kapital t\u00eb p\u00ebrhersh\u00ebm t\u00eb pun\u00ebs do t\u00eb miratohen me afatin e pagimit deri n\u00eb kat\u00ebr vjet brenda s\u00eb cil\u00ebs grejs periudha \u00ebsht\u00eb deri n\u00eb n\u00ebnt\u00eb muaj. Norma e interesit \u00ebsht\u00eb 1.5% n\u00eb vit n\u00ebse kolaterali \u00ebsht\u00eb nj\u00eb garanci e nj\u00eb banke tregtare, dhe n\u00eb raste t\u00eb tjera 3% n\u00eb vit, me zbatimin e nj\u00eb klauzole t\u00eb monedh\u00ebs.<\/p>\n<p>\n\tShuma e kredive dhe afati i fundit p\u00ebrcaktohen n\u00eb lidhje me aft\u00ebsin\u00eb kreditore t\u00eb nj\u00ebsis\u00eb ekonomike dhe instrumentet e siguris\u00eb.<\/p>\n<p>\n\t<strong>P\u00cbR SIP\u00cbRMARR\u00cbSIT<\/strong><\/p>\n<p>\n\tKredit\u00eb p\u00ebr kapitalin e p\u00ebrhersh\u00ebm t\u00eb pun\u00ebs do t&#39;u jepen sip\u00ebrmarr\u00ebsve, me nj\u00eb periudh\u00eb shlyerjeje deri n\u00eb kat\u00ebr vjet brenda s\u00eb cil\u00ebs periudha e mospagimit \u00ebsht\u00eb deri n\u00eb n\u00ebnt\u00eb muaj. Shuma e norm\u00ebs s\u00eb interesit, llogaritjes dhe mbledhjes s\u00eb kredive do t\u00eb b\u00ebhet p\u00ebr subjektet juridike mikro, t\u00eb vogla, t\u00eb mesme dhe t\u00eb m\u00ebdha.<\/p>\n<p>\n\tInformacion shtes\u00eb p\u00ebr k\u00ebt\u00eb lloj kredie, dokumentacioni i nevojsh\u00ebm dhe k\u00ebrkesa p\u00ebr marrjen e nj\u00eb kredie jan\u00eb n\u00eb dispozicion n\u00eb \u00a0<a href=\"http:\/\/www.centarzarazvoj.org\/vest.php?id=742&oblast=konkursi\">http:\/\/www.centarzarazvoj.org\/vest.php?id=742&oblast=konkursi<\/a><\/p>\n<p>\n\t<strong>Burimi: Qendra p\u00ebr Zhvillim t\u00eb Rrethit t\u00eb Jabllanic\u00ebs dhe P\u00e7inj\u00ebs dhe Trupi Koordinues <\/strong><\/p>\n<p>\n\t\u00a0<\/p>\n","protected":false},"excerpt":{"rendered":"<p>Aktivet rrjedh\u00ebse t\u00eb p\u00ebrhershme jan\u00eb fonde t\u00eb nevojshme p\u00ebr t\u00eb financuar detyrimet aktuale q\u00eb rrjedhin nga aktivitetet e rregullta afariste t\u00eb p\u00ebrdoruesit p\u00ebrfundimtar t\u00eb kredis\u00eb, t\u00eb cilat kan\u00eb t\u00eb b\u00ebjn\u00eb me prokurimin e l\u00ebnd\u00ebve t\u00eb para dhe materialeve, inventar\u00ebve, si dhe kostove t\u00eb tjera t\u00eb prodhimit, t\u00eb ark\u00ebtueshmeve t\u00eb klient\u00ebve dhe detyrimeve ndaj furnitor\u00ebve.<\/p>\n","protected":false},"author":1,"featured_media":119543,"comment_status":"closed","ping_status":"closed","sticky":false,"template":"","format":"standard","meta":{"footnotes":""},"categories":[55],"tags":[],"class_list":["post-119538","post","type-post","status-publish","format-standard","has-post-thumbnail","hentry","category-lajme"],"yoast_head":"<!-- This site is optimized with the Yoast SEO plugin v27.5 - https:\/\/yoast.com\/product\/yoast-seo-wordpress\/ -->\n<title>KREDITET P\u00cbR MJETET E P\u00cbRHERSHME T\u00cb FONDIT P\u00cbR ZHVILLIMIN E REPUBLIK\u00cbS S\u00cb SERBIS\u00cb (AFATI: 31.12.2018) - Republika e S\u00ebrbis\u00eb Trupi Koordinues p\u00ebr komunat Bujanoc, Preshev\u00eb dhe Medvegj\u00eb<\/title>\n<meta name=\"robots\" content=\"index, follow, max-snippet:-1, max-image-preview:large, max-video-preview:-1\" \/>\n<link rel=\"canonical\" href=\"https:\/\/kt.gov.rs\/sq\/kreditet-per-mjetet-e-perhershme-te-fondit-per-zhvillimin-e-republikes-se-serbise-afati-31-12-2018\/\" \/>\n<meta property=\"og:locale\" content=\"sq_AL\" \/>\n<meta property=\"og:type\" content=\"article\" \/>\n<meta property=\"og:title\" content=\"KREDITET P\u00cbR MJETET E P\u00cbRHERSHME T\u00cb FONDIT P\u00cbR ZHVILLIMIN E REPUBLIK\u00cbS S\u00cb SERBIS\u00cb (AFATI: 31.12.2018) - Republika e S\u00ebrbis\u00eb Trupi Koordinues p\u00ebr komunat Bujanoc, Preshev\u00eb dhe Medvegj\u00eb\" \/>\n<meta property=\"og:description\" content=\"Aktivet rrjedh\u00ebse t\u00eb p\u00ebrhershme jan\u00eb fonde t\u00eb nevojshme p\u00ebr t\u00eb financuar detyrimet aktuale q\u00eb rrjedhin nga aktivitetet e rregullta afariste t\u00eb p\u00ebrdoruesit p\u00ebrfundimtar t\u00eb kredis\u00eb, t\u00eb cilat kan\u00eb t\u00eb b\u00ebjn\u00eb me prokurimin e l\u00ebnd\u00ebve t\u00eb para dhe materialeve, inventar\u00ebve, si dhe kostove t\u00eb tjera t\u00eb prodhimit, t\u00eb ark\u00ebtueshmeve t\u00eb klient\u00ebve dhe detyrimeve ndaj furnitor\u00ebve.\" \/>\n<meta property=\"og:url\" content=\"https:\/\/kt.gov.rs\/sq\/kreditet-per-mjetet-e-perhershme-te-fondit-per-zhvillimin-e-republikes-se-serbise-afati-31-12-2018\/\" \/>\n<meta property=\"og:site_name\" content=\"Republika e S\u00ebrbis\u00eb Trupi Koordinues p\u00ebr komunat Bujanoc, Preshev\u00eb dhe Medvegj\u00eb\" \/>\n<meta property=\"article:publisher\" content=\"https:\/\/www.facebook.com\/SluzbaKoordinacionogTelaVladeRepublikeSrbije\" \/>\n<meta property=\"article:published_time\" content=\"2018-11-23T00:00:00+00:00\" \/>\n<meta property=\"article:modified_time\" content=\"2024-07-30T19:07:35+00:00\" \/>\n<meta property=\"og:image\" content=\"https:\/\/kt.gov.rs\/wp-content\/uploads\/2024\/07\/1542970275_news_pic23112018_1-5.jpg\" \/>\n\t<meta property=\"og:image:width\" content=\"315\" \/>\n\t<meta property=\"og:image:height\" content=\"230\" \/>\n\t<meta property=\"og:image:type\" content=\"image\/jpeg\" \/>\n<meta name=\"author\" content=\"ktmin\" \/>\n<meta name=\"twitter:card\" content=\"summary_large_image\" \/>\n<meta name=\"twitter:creator\" content=\"@kt_gov\" \/>\n<meta name=\"twitter:site\" content=\"@kt_gov\" \/>\n<meta name=\"twitter:label1\" content=\"Written by\" \/>\n\t<meta name=\"twitter:data1\" content=\"ktmin\" \/>\n\t<meta name=\"twitter:label2\" content=\"Est. reading time\" \/>\n\t<meta name=\"twitter:data2\" content=\"2 minutes\" \/>\n<script type=\"application\/ld+json\" class=\"yoast-schema-graph\">{\"@context\":\"https:\\\/\\\/schema.org\",\"@graph\":[{\"@type\":\"Article\",\"@id\":\"https:\\\/\\\/kt.gov.rs\\\/sq\\\/kreditet-per-mjetet-e-perhershme-te-fondit-per-zhvillimin-e-republikes-se-serbise-afati-31-12-2018\\\/#article\",\"isPartOf\":{\"@id\":\"https:\\\/\\\/kt.gov.rs\\\/sq\\\/kreditet-per-mjetet-e-perhershme-te-fondit-per-zhvillimin-e-republikes-se-serbise-afati-31-12-2018\\\/\"},\"author\":{\"name\":\"ktmin\",\"@id\":\"https:\\\/\\\/kt.gov.rs\\\/#\\\/schema\\\/person\\\/e426459ddb4173309103390602694571\"},\"headline\":\"KREDITET P\u00cbR MJETET E P\u00cbRHERSHME T\u00cb FONDIT P\u00cbR ZHVILLIMIN E REPUBLIK\u00cbS S\u00cb SERBIS\u00cb (AFATI: 31.12.2018)\",\"datePublished\":\"2018-11-23T00:00:00+00:00\",\"dateModified\":\"2024-07-30T19:07:35+00:00\",\"mainEntityOfPage\":{\"@id\":\"https:\\\/\\\/kt.gov.rs\\\/sq\\\/kreditet-per-mjetet-e-perhershme-te-fondit-per-zhvillimin-e-republikes-se-serbise-afati-31-12-2018\\\/\"},\"wordCount\":468,\"publisher\":{\"@id\":\"https:\\\/\\\/kt.gov.rs\\\/#organization\"},\"image\":{\"@id\":\"https:\\\/\\\/kt.gov.rs\\\/sq\\\/kreditet-per-mjetet-e-perhershme-te-fondit-per-zhvillimin-e-republikes-se-serbise-afati-31-12-2018\\\/#primaryimage\"},\"thumbnailUrl\":\"https:\\\/\\\/kt.gov.rs\\\/wp-content\\\/uploads\\\/2024\\\/07\\\/1542970275_news_pic23112018_1-5.jpg\",\"articleSection\":[\"Lajme\"],\"inLanguage\":\"sq-AL\"},{\"@type\":\"WebPage\",\"@id\":\"https:\\\/\\\/kt.gov.rs\\\/sq\\\/kreditet-per-mjetet-e-perhershme-te-fondit-per-zhvillimin-e-republikes-se-serbise-afati-31-12-2018\\\/\",\"url\":\"https:\\\/\\\/kt.gov.rs\\\/sq\\\/kreditet-per-mjetet-e-perhershme-te-fondit-per-zhvillimin-e-republikes-se-serbise-afati-31-12-2018\\\/\",\"name\":\"KREDITET P\u00cbR MJETET E P\u00cbRHERSHME T\u00cb FONDIT P\u00cbR ZHVILLIMIN E REPUBLIK\u00cbS S\u00cb SERBIS\u00cb (AFATI: 31.12.2018) - Republika e S\u00ebrbis\u00eb Trupi Koordinues p\u00ebr komunat Bujanoc, Preshev\u00eb dhe Medvegj\u00eb\",\"isPartOf\":{\"@id\":\"https:\\\/\\\/kt.gov.rs\\\/#website\"},\"primaryImageOfPage\":{\"@id\":\"https:\\\/\\\/kt.gov.rs\\\/sq\\\/kreditet-per-mjetet-e-perhershme-te-fondit-per-zhvillimin-e-republikes-se-serbise-afati-31-12-2018\\\/#primaryimage\"},\"image\":{\"@id\":\"https:\\\/\\\/kt.gov.rs\\\/sq\\\/kreditet-per-mjetet-e-perhershme-te-fondit-per-zhvillimin-e-republikes-se-serbise-afati-31-12-2018\\\/#primaryimage\"},\"thumbnailUrl\":\"https:\\\/\\\/kt.gov.rs\\\/wp-content\\\/uploads\\\/2024\\\/07\\\/1542970275_news_pic23112018_1-5.jpg\",\"datePublished\":\"2018-11-23T00:00:00+00:00\",\"dateModified\":\"2024-07-30T19:07:35+00:00\",\"breadcrumb\":{\"@id\":\"https:\\\/\\\/kt.gov.rs\\\/sq\\\/kreditet-per-mjetet-e-perhershme-te-fondit-per-zhvillimin-e-republikes-se-serbise-afati-31-12-2018\\\/#breadcrumb\"},\"inLanguage\":\"sq-AL\",\"potentialAction\":[{\"@type\":\"ReadAction\",\"target\":[\"https:\\\/\\\/kt.gov.rs\\\/sq\\\/kreditet-per-mjetet-e-perhershme-te-fondit-per-zhvillimin-e-republikes-se-serbise-afati-31-12-2018\\\/\"]}]},{\"@type\":\"ImageObject\",\"inLanguage\":\"sq-AL\",\"@id\":\"https:\\\/\\\/kt.gov.rs\\\/sq\\\/kreditet-per-mjetet-e-perhershme-te-fondit-per-zhvillimin-e-republikes-se-serbise-afati-31-12-2018\\\/#primaryimage\",\"url\":\"https:\\\/\\\/kt.gov.rs\\\/wp-content\\\/uploads\\\/2024\\\/07\\\/1542970275_news_pic23112018_1-5.jpg\",\"contentUrl\":\"https:\\\/\\\/kt.gov.rs\\\/wp-content\\\/uploads\\\/2024\\\/07\\\/1542970275_news_pic23112018_1-5.jpg\",\"width\":315,\"height\":230},{\"@type\":\"BreadcrumbList\",\"@id\":\"https:\\\/\\\/kt.gov.rs\\\/sq\\\/kreditet-per-mjetet-e-perhershme-te-fondit-per-zhvillimin-e-republikes-se-serbise-afati-31-12-2018\\\/#breadcrumb\",\"itemListElement\":[{\"@type\":\"ListItem\",\"position\":1,\"name\":\"\u041f\u043e\u0447\u0435\u0442\u043d\u0430\",\"item\":\"https:\\\/\\\/kt.gov.rs\\\/sq\\\/\"},{\"@type\":\"ListItem\",\"position\":2,\"name\":\"KREDITET P\u00cbR MJETET E P\u00cbRHERSHME T\u00cb FONDIT P\u00cbR ZHVILLIMIN E REPUBLIK\u00cbS S\u00cb SERBIS\u00cb (AFATI: 31.12.2018)\"}]},{\"@type\":\"WebSite\",\"@id\":\"https:\\\/\\\/kt.gov.rs\\\/#website\",\"url\":\"https:\\\/\\\/kt.gov.rs\\\/\",\"name\":\"\u041a\u043e\u043e\u0440\u0434\u0438\u043d\u0430\u0446\u0438\u043e\u043d\u043e \u0442\u0435\u043b\u043e \u0412\u043b\u0430\u0434\u0435 \u0420\u0435\u043f\u0443\u0431\u043b\u0438\u043a\u0435 \u0421\u0440\u0431\u0438\u0458\u0435 \u0437\u0430 \u043e\u043f\u0448\u0442\u0438\u043d\u0435 \u041f\u0440\u0435\u0448\u0435\u0432\u043e, \u0411\u0443\u0458\u0430\u043d\u043e\u0432\u0430\u0446 \u0438 \u041c\u0435\u0434\u0432\u0435\u0452a\",\"description\":\"\",\"publisher\":{\"@id\":\"https:\\\/\\\/kt.gov.rs\\\/#organization\"},\"alternateName\":\"\u041a\u043e\u043e\u0440\u0434\u0438\u043d\u0430\u0446\u0438\u043e\u043d\u043e \u0442\u0435\u043b\u043e\",\"potentialAction\":[{\"@type\":\"SearchAction\",\"target\":{\"@type\":\"EntryPoint\",\"urlTemplate\":\"https:\\\/\\\/kt.gov.rs\\\/?s={search_term_string}\"},\"query-input\":{\"@type\":\"PropertyValueSpecification\",\"valueRequired\":true,\"valueName\":\"search_term_string\"}}],\"inLanguage\":\"sq-AL\"},{\"@type\":\"Organization\",\"@id\":\"https:\\\/\\\/kt.gov.rs\\\/#organization\",\"name\":\"\u041a\u043e\u043e\u0440\u0434\u0438\u043d\u0430\u0446\u0438\u043e\u043d\u043e \u0442\u0435\u043b\u043e \u0412\u043b\u0430\u0434\u0435 \u0420\u0435\u043f\u0443\u0431\u043b\u0438\u043a\u0435 \u0421\u0440\u0431\u0438\u0458\u0435 \u0437\u0430 \u043e\u043f\u0448\u0442\u0438\u043d\u0435 \u041f\u0440\u0435\u0448\u0435\u0432\u043e, \u0411\u0443\u0458\u0430\u043d\u043e\u0432\u0430\u0446 \u0438 \u041c\u0435\u0434\u0432\u0435\u0452a\",\"alternateName\":\"\u041a\u043e\u043e\u0440\u0434\u0438\u043d\u0430\u0446\u0438\u043e\u043d\u043e \u0442\u0435\u043b\u043e\",\"url\":\"https:\\\/\\\/kt.gov.rs\\\/\",\"logo\":{\"@type\":\"ImageObject\",\"inLanguage\":\"sq-AL\",\"@id\":\"https:\\\/\\\/kt.gov.rs\\\/#\\\/schema\\\/logo\\\/image\\\/\",\"url\":\"https:\\\/\\\/kt.gov.rs\\\/wp-content\\\/uploads\\\/2024\\\/12\\\/koord2.jpg\",\"contentUrl\":\"https:\\\/\\\/kt.gov.rs\\\/wp-content\\\/uploads\\\/2024\\\/12\\\/koord2.jpg\",\"width\":640,\"height\":480,\"caption\":\"\u041a\u043e\u043e\u0440\u0434\u0438\u043d\u0430\u0446\u0438\u043e\u043d\u043e \u0442\u0435\u043b\u043e \u0412\u043b\u0430\u0434\u0435 \u0420\u0435\u043f\u0443\u0431\u043b\u0438\u043a\u0435 \u0421\u0440\u0431\u0438\u0458\u0435 \u0437\u0430 \u043e\u043f\u0448\u0442\u0438\u043d\u0435 \u041f\u0440\u0435\u0448\u0435\u0432\u043e, \u0411\u0443\u0458\u0430\u043d\u043e\u0432\u0430\u0446 \u0438 \u041c\u0435\u0434\u0432\u0435\u0452a\"},\"image\":{\"@id\":\"https:\\\/\\\/kt.gov.rs\\\/#\\\/schema\\\/logo\\\/image\\\/\"},\"sameAs\":[\"https:\\\/\\\/www.facebook.com\\\/SluzbaKoordinacionogTelaVladeRepublikeSrbije\",\"https:\\\/\\\/x.com\\\/kt_gov\",\"https:\\\/\\\/www.youtube.com\\\/@koordinacionotelo\"]},{\"@type\":\"Person\",\"@id\":\"https:\\\/\\\/kt.gov.rs\\\/#\\\/schema\\\/person\\\/e426459ddb4173309103390602694571\",\"name\":\"ktmin\",\"image\":{\"@type\":\"ImageObject\",\"inLanguage\":\"sq-AL\",\"@id\":\"https:\\\/\\\/secure.gravatar.com\\\/avatar\\\/3985c961109853010c3fbc7ba30365bfba5db3dd6c525831d9c595c7525a615a?s=96&d=mm&r=g\",\"url\":\"https:\\\/\\\/secure.gravatar.com\\\/avatar\\\/3985c961109853010c3fbc7ba30365bfba5db3dd6c525831d9c595c7525a615a?s=96&d=mm&r=g\",\"contentUrl\":\"https:\\\/\\\/secure.gravatar.com\\\/avatar\\\/3985c961109853010c3fbc7ba30365bfba5db3dd6c525831d9c595c7525a615a?s=96&d=mm&r=g\",\"caption\":\"ktmin\"},\"sameAs\":[\"https:\\\/\\\/kt.gov.rs\"],\"url\":\"https:\\\/\\\/kt.gov.rs\\\/sq\\\/author\\\/ktmin\\\/\"}]}<\/script>\n<!-- \/ Yoast SEO plugin. -->","yoast_head_json":{"title":"KREDITET P\u00cbR MJETET E P\u00cbRHERSHME T\u00cb FONDIT P\u00cbR ZHVILLIMIN E REPUBLIK\u00cbS S\u00cb SERBIS\u00cb (AFATI: 31.12.2018) - Republika e S\u00ebrbis\u00eb Trupi Koordinues p\u00ebr komunat Bujanoc, Preshev\u00eb dhe Medvegj\u00eb","robots":{"index":"index","follow":"follow","max-snippet":"max-snippet:-1","max-image-preview":"max-image-preview:large","max-video-preview":"max-video-preview:-1"},"canonical":"https:\/\/kt.gov.rs\/sq\/kreditet-per-mjetet-e-perhershme-te-fondit-per-zhvillimin-e-republikes-se-serbise-afati-31-12-2018\/","og_locale":"sq_AL","og_type":"article","og_title":"KREDITET P\u00cbR MJETET E P\u00cbRHERSHME T\u00cb FONDIT P\u00cbR ZHVILLIMIN E REPUBLIK\u00cbS S\u00cb SERBIS\u00cb (AFATI: 31.12.2018) - Republika e S\u00ebrbis\u00eb Trupi Koordinues p\u00ebr komunat Bujanoc, Preshev\u00eb dhe Medvegj\u00eb","og_description":"Aktivet rrjedh\u00ebse t\u00eb p\u00ebrhershme jan\u00eb fonde t\u00eb nevojshme p\u00ebr t\u00eb financuar detyrimet aktuale q\u00eb rrjedhin nga aktivitetet e rregullta afariste t\u00eb p\u00ebrdoruesit p\u00ebrfundimtar t\u00eb kredis\u00eb, t\u00eb cilat kan\u00eb t\u00eb b\u00ebjn\u00eb me prokurimin e l\u00ebnd\u00ebve t\u00eb para dhe materialeve, inventar\u00ebve, si dhe kostove t\u00eb tjera t\u00eb prodhimit, t\u00eb ark\u00ebtueshmeve t\u00eb klient\u00ebve dhe detyrimeve ndaj furnitor\u00ebve.","og_url":"https:\/\/kt.gov.rs\/sq\/kreditet-per-mjetet-e-perhershme-te-fondit-per-zhvillimin-e-republikes-se-serbise-afati-31-12-2018\/","og_site_name":"Republika e S\u00ebrbis\u00eb Trupi Koordinues p\u00ebr komunat Bujanoc, Preshev\u00eb dhe Medvegj\u00eb","article_publisher":"https:\/\/www.facebook.com\/SluzbaKoordinacionogTelaVladeRepublikeSrbije","article_published_time":"2018-11-23T00:00:00+00:00","article_modified_time":"2024-07-30T19:07:35+00:00","og_image":[{"width":315,"height":230,"url":"https:\/\/kt.gov.rs\/wp-content\/uploads\/2024\/07\/1542970275_news_pic23112018_1-5.jpg","type":"image\/jpeg"}],"author":"ktmin","twitter_card":"summary_large_image","twitter_creator":"@kt_gov","twitter_site":"@kt_gov","twitter_misc":{"Written by":"ktmin","Est. reading time":"2 minutes"},"schema":{"@context":"https:\/\/schema.org","@graph":[{"@type":"Article","@id":"https:\/\/kt.gov.rs\/sq\/kreditet-per-mjetet-e-perhershme-te-fondit-per-zhvillimin-e-republikes-se-serbise-afati-31-12-2018\/#article","isPartOf":{"@id":"https:\/\/kt.gov.rs\/sq\/kreditet-per-mjetet-e-perhershme-te-fondit-per-zhvillimin-e-republikes-se-serbise-afati-31-12-2018\/"},"author":{"name":"ktmin","@id":"https:\/\/kt.gov.rs\/#\/schema\/person\/e426459ddb4173309103390602694571"},"headline":"KREDITET P\u00cbR MJETET E P\u00cbRHERSHME T\u00cb FONDIT P\u00cbR ZHVILLIMIN E REPUBLIK\u00cbS S\u00cb SERBIS\u00cb (AFATI: 31.12.2018)","datePublished":"2018-11-23T00:00:00+00:00","dateModified":"2024-07-30T19:07:35+00:00","mainEntityOfPage":{"@id":"https:\/\/kt.gov.rs\/sq\/kreditet-per-mjetet-e-perhershme-te-fondit-per-zhvillimin-e-republikes-se-serbise-afati-31-12-2018\/"},"wordCount":468,"publisher":{"@id":"https:\/\/kt.gov.rs\/#organization"},"image":{"@id":"https:\/\/kt.gov.rs\/sq\/kreditet-per-mjetet-e-perhershme-te-fondit-per-zhvillimin-e-republikes-se-serbise-afati-31-12-2018\/#primaryimage"},"thumbnailUrl":"https:\/\/kt.gov.rs\/wp-content\/uploads\/2024\/07\/1542970275_news_pic23112018_1-5.jpg","articleSection":["Lajme"],"inLanguage":"sq-AL"},{"@type":"WebPage","@id":"https:\/\/kt.gov.rs\/sq\/kreditet-per-mjetet-e-perhershme-te-fondit-per-zhvillimin-e-republikes-se-serbise-afati-31-12-2018\/","url":"https:\/\/kt.gov.rs\/sq\/kreditet-per-mjetet-e-perhershme-te-fondit-per-zhvillimin-e-republikes-se-serbise-afati-31-12-2018\/","name":"KREDITET P\u00cbR MJETET E P\u00cbRHERSHME T\u00cb FONDIT P\u00cbR ZHVILLIMIN E REPUBLIK\u00cbS S\u00cb SERBIS\u00cb (AFATI: 31.12.2018) - Republika e S\u00ebrbis\u00eb Trupi Koordinues p\u00ebr komunat Bujanoc, Preshev\u00eb dhe Medvegj\u00eb","isPartOf":{"@id":"https:\/\/kt.gov.rs\/#website"},"primaryImageOfPage":{"@id":"https:\/\/kt.gov.rs\/sq\/kreditet-per-mjetet-e-perhershme-te-fondit-per-zhvillimin-e-republikes-se-serbise-afati-31-12-2018\/#primaryimage"},"image":{"@id":"https:\/\/kt.gov.rs\/sq\/kreditet-per-mjetet-e-perhershme-te-fondit-per-zhvillimin-e-republikes-se-serbise-afati-31-12-2018\/#primaryimage"},"thumbnailUrl":"https:\/\/kt.gov.rs\/wp-content\/uploads\/2024\/07\/1542970275_news_pic23112018_1-5.jpg","datePublished":"2018-11-23T00:00:00+00:00","dateModified":"2024-07-30T19:07:35+00:00","breadcrumb":{"@id":"https:\/\/kt.gov.rs\/sq\/kreditet-per-mjetet-e-perhershme-te-fondit-per-zhvillimin-e-republikes-se-serbise-afati-31-12-2018\/#breadcrumb"},"inLanguage":"sq-AL","potentialAction":[{"@type":"ReadAction","target":["https:\/\/kt.gov.rs\/sq\/kreditet-per-mjetet-e-perhershme-te-fondit-per-zhvillimin-e-republikes-se-serbise-afati-31-12-2018\/"]}]},{"@type":"ImageObject","inLanguage":"sq-AL","@id":"https:\/\/kt.gov.rs\/sq\/kreditet-per-mjetet-e-perhershme-te-fondit-per-zhvillimin-e-republikes-se-serbise-afati-31-12-2018\/#primaryimage","url":"https:\/\/kt.gov.rs\/wp-content\/uploads\/2024\/07\/1542970275_news_pic23112018_1-5.jpg","contentUrl":"https:\/\/kt.gov.rs\/wp-content\/uploads\/2024\/07\/1542970275_news_pic23112018_1-5.jpg","width":315,"height":230},{"@type":"BreadcrumbList","@id":"https:\/\/kt.gov.rs\/sq\/kreditet-per-mjetet-e-perhershme-te-fondit-per-zhvillimin-e-republikes-se-serbise-afati-31-12-2018\/#breadcrumb","itemListElement":[{"@type":"ListItem","position":1,"name":"\u041f\u043e\u0447\u0435\u0442\u043d\u0430","item":"https:\/\/kt.gov.rs\/sq\/"},{"@type":"ListItem","position":2,"name":"KREDITET P\u00cbR MJETET E P\u00cbRHERSHME T\u00cb FONDIT P\u00cbR ZHVILLIMIN E REPUBLIK\u00cbS S\u00cb SERBIS\u00cb (AFATI: 31.12.2018)"}]},{"@type":"WebSite","@id":"https:\/\/kt.gov.rs\/#website","url":"https:\/\/kt.gov.rs\/","name":"\u041a\u043e\u043e\u0440\u0434\u0438\u043d\u0430\u0446\u0438\u043e\u043d\u043e \u0442\u0435\u043b\u043e \u0412\u043b\u0430\u0434\u0435 \u0420\u0435\u043f\u0443\u0431\u043b\u0438\u043a\u0435 \u0421\u0440\u0431\u0438\u0458\u0435 \u0437\u0430 \u043e\u043f\u0448\u0442\u0438\u043d\u0435 \u041f\u0440\u0435\u0448\u0435\u0432\u043e, \u0411\u0443\u0458\u0430\u043d\u043e\u0432\u0430\u0446 \u0438 \u041c\u0435\u0434\u0432\u0435\u0452a","description":"","publisher":{"@id":"https:\/\/kt.gov.rs\/#organization"},"alternateName":"\u041a\u043e\u043e\u0440\u0434\u0438\u043d\u0430\u0446\u0438\u043e\u043d\u043e \u0442\u0435\u043b\u043e","potentialAction":[{"@type":"SearchAction","target":{"@type":"EntryPoint","urlTemplate":"https:\/\/kt.gov.rs\/?s={search_term_string}"},"query-input":{"@type":"PropertyValueSpecification","valueRequired":true,"valueName":"search_term_string"}}],"inLanguage":"sq-AL"},{"@type":"Organization","@id":"https:\/\/kt.gov.rs\/#organization","name":"\u041a\u043e\u043e\u0440\u0434\u0438\u043d\u0430\u0446\u0438\u043e\u043d\u043e \u0442\u0435\u043b\u043e \u0412\u043b\u0430\u0434\u0435 \u0420\u0435\u043f\u0443\u0431\u043b\u0438\u043a\u0435 \u0421\u0440\u0431\u0438\u0458\u0435 \u0437\u0430 \u043e\u043f\u0448\u0442\u0438\u043d\u0435 \u041f\u0440\u0435\u0448\u0435\u0432\u043e, \u0411\u0443\u0458\u0430\u043d\u043e\u0432\u0430\u0446 \u0438 \u041c\u0435\u0434\u0432\u0435\u0452a","alternateName":"\u041a\u043e\u043e\u0440\u0434\u0438\u043d\u0430\u0446\u0438\u043e\u043d\u043e \u0442\u0435\u043b\u043e","url":"https:\/\/kt.gov.rs\/","logo":{"@type":"ImageObject","inLanguage":"sq-AL","@id":"https:\/\/kt.gov.rs\/#\/schema\/logo\/image\/","url":"https:\/\/kt.gov.rs\/wp-content\/uploads\/2024\/12\/koord2.jpg","contentUrl":"https:\/\/kt.gov.rs\/wp-content\/uploads\/2024\/12\/koord2.jpg","width":640,"height":480,"caption":"\u041a\u043e\u043e\u0440\u0434\u0438\u043d\u0430\u0446\u0438\u043e\u043d\u043e \u0442\u0435\u043b\u043e \u0412\u043b\u0430\u0434\u0435 \u0420\u0435\u043f\u0443\u0431\u043b\u0438\u043a\u0435 \u0421\u0440\u0431\u0438\u0458\u0435 \u0437\u0430 \u043e\u043f\u0448\u0442\u0438\u043d\u0435 \u041f\u0440\u0435\u0448\u0435\u0432\u043e, \u0411\u0443\u0458\u0430\u043d\u043e\u0432\u0430\u0446 \u0438 \u041c\u0435\u0434\u0432\u0435\u0452a"},"image":{"@id":"https:\/\/kt.gov.rs\/#\/schema\/logo\/image\/"},"sameAs":["https:\/\/www.facebook.com\/SluzbaKoordinacionogTelaVladeRepublikeSrbije","https:\/\/x.com\/kt_gov","https:\/\/www.youtube.com\/@koordinacionotelo"]},{"@type":"Person","@id":"https:\/\/kt.gov.rs\/#\/schema\/person\/e426459ddb4173309103390602694571","name":"ktmin","image":{"@type":"ImageObject","inLanguage":"sq-AL","@id":"https:\/\/secure.gravatar.com\/avatar\/3985c961109853010c3fbc7ba30365bfba5db3dd6c525831d9c595c7525a615a?s=96&d=mm&r=g","url":"https:\/\/secure.gravatar.com\/avatar\/3985c961109853010c3fbc7ba30365bfba5db3dd6c525831d9c595c7525a615a?s=96&d=mm&r=g","contentUrl":"https:\/\/secure.gravatar.com\/avatar\/3985c961109853010c3fbc7ba30365bfba5db3dd6c525831d9c595c7525a615a?s=96&d=mm&r=g","caption":"ktmin"},"sameAs":["https:\/\/kt.gov.rs"],"url":"https:\/\/kt.gov.rs\/sq\/author\/ktmin\/"}]}},"_links":{"self":[{"href":"https:\/\/kt.gov.rs\/sq\/wp-json\/wp\/v2\/posts\/119538","targetHints":{"allow":["GET"]}}],"collection":[{"href":"https:\/\/kt.gov.rs\/sq\/wp-json\/wp\/v2\/posts"}],"about":[{"href":"https:\/\/kt.gov.rs\/sq\/wp-json\/wp\/v2\/types\/post"}],"author":[{"embeddable":true,"href":"https:\/\/kt.gov.rs\/sq\/wp-json\/wp\/v2\/users\/1"}],"replies":[{"embeddable":true,"href":"https:\/\/kt.gov.rs\/sq\/wp-json\/wp\/v2\/comments?post=119538"}],"version-history":[{"count":1,"href":"https:\/\/kt.gov.rs\/sq\/wp-json\/wp\/v2\/posts\/119538\/revisions"}],"predecessor-version":[{"id":119542,"href":"https:\/\/kt.gov.rs\/sq\/wp-json\/wp\/v2\/posts\/119538\/revisions\/119542"}],"wp:featuredmedia":[{"embeddable":true,"href":"https:\/\/kt.gov.rs\/sq\/wp-json\/wp\/v2\/media\/119543"}],"wp:attachment":[{"href":"https:\/\/kt.gov.rs\/sq\/wp-json\/wp\/v2\/media?parent=119538"}],"wp:term":[{"taxonomy":"category","embeddable":true,"href":"https:\/\/kt.gov.rs\/sq\/wp-json\/wp\/v2\/categories?post=119538"},{"taxonomy":"post_tag","embeddable":true,"href":"https:\/\/kt.gov.rs\/sq\/wp-json\/wp\/v2\/tags?post=119538"}],"curies":[{"name":"wp","href":"https:\/\/api.w.org\/{rel}","templated":true}]}}